{"id":325562,"date":"2025-10-14T14:42:42","date_gmt":"2025-10-14T19:42:42","guid":{"rendered":"https:\/\/www.fiscalia.gov.co\/colombia\/?p=325562"},"modified":"2025-10-14T14:45:38","modified_gmt":"2025-10-14T19:45:38","slug":"en-valle-del-cauca-fiscalia-judicializa-a-tres-hombres-presuntamente-implicados-en-violencia-domestica","status":"publish","type":"post","link":"https:\/\/www.fiscalia.gov.co\/colombia\/noticias\/en-valle-del-cauca-fiscalia-judicializa-a-tres-hombres-presuntamente-implicados-en-violencia-domestica\/","title":{"rendered":"En Valle del Cauca Fiscal\u00eda judicializa a tres hombres, presuntamente implicados en violencia dom\u00e9stica"},"content":{"rendered":"<p>La Fiscal\u00eda General de la Naci\u00f3n judicializ\u00f3 a tres hombres quienes, en hechos independientes, habr\u00edan incurrido en el delito de violencia intrafamiliar agravada, ocurridos en los municipios de Yotoco, Ginebra y Restrepo (Valle del Cauca).<\/p>\n<p>En dos casos las v\u00edctimas son las madres de los se\u00f1alados agresores, y en el tercero la expareja sentimental del procesado. La Fiscal\u00eda evidenci\u00f3 que los tres hombres, al parecer, incurrieron en maltratos f\u00edsicos, verbales y psicol\u00f3gicos. Los fiscales corrieron los escritos de acusaci\u00f3n contra los imputados.<\/p>\n<ul>\n<li>En Yotoco fue judicializado Darwin Fernando Jim\u00e9nez Hoyos, se\u00f1alado de golpear a su excompa\u00f1era sentimental. Los hechos ocurrieron el pasado 29 de septiembre en una vivienda del barrio Centenario de esa municipalidad. La Polic\u00eda Nacional fue la encargada de capturar en flagrancia al ahora procesado.<\/li>\n<\/ul>\n<figure id=\"attachment_325564\" aria-describedby=\"caption-attachment-325564\" style=\"width: 228px\" class=\"wp-caption alignnone\"><img loading=\"lazy\" decoding=\"async\" class=\"size-medium wp-image-325564\" src=\"https:\/\/www.fiscalia.gov.co\/colombia\/wp-content\/uploads\/Darwin-Fernando-Jimenez-Hoyos.-Violencia-intrafamiliar-agravada.-Yotoco-Valle-228x300.jpg\" alt=\"En la fotograf\u00eda aparece de pie, con los brazos atr\u00e1s y la cabeza inclinada abajo Darwin Fernando Jim\u00e9nez Hoyos. Viste con gorra de color rojo, camisa de cuello y magas cortas, de color rojo y bermuda con estampado de azules oscuro y claro y franjas blancas; as\u00ed como zapatillas blancas con negro. A los extremos de \u00e9l hay uniformados de la Polic\u00eda Nacional. Detr\u00e1s de ellos hay un pend\u00f3n institucional de la Polic\u00eda.\" width=\"228\" height=\"300\" srcset=\"https:\/\/www.fiscalia.gov.co\/colombia\/wp-content\/uploads\/Darwin-Fernando-Jimenez-Hoyos.-Violencia-intrafamiliar-agravada.-Yotoco-Valle-228x300.jpg 228w, https:\/\/www.fiscalia.gov.co\/colombia\/wp-content\/uploads\/Darwin-Fernando-Jimenez-Hoyos.-Violencia-intrafamiliar-agravada.-Yotoco-Valle-320x420.jpg 320w, https:\/\/www.fiscalia.gov.co\/colombia\/wp-content\/uploads\/Darwin-Fernando-Jimenez-Hoyos.-Violencia-intrafamiliar-agravada.-Yotoco-Valle.jpg 548w\" sizes=\"auto, (max-width: 228px) 100vw, 228px\" \/><figcaption id=\"caption-attachment-325564\" class=\"wp-caption-text\">Darwin Fernando Jim\u00e9nez Hoyos, se\u00f1alado de maltrata a su ex compa\u00f1era sentimental en Yotoco (Valle del Cauca).<\/figcaption><\/figure>\n<ul>\n<li>En Ginebra Diego Fernando Torres \u00c1lvarez, de 22 a\u00f1os, fue procesado por su aparente responsabilidad en maltrato f\u00edsico, verbal y psicol\u00f3gico, adem\u00e1s de amenazar a su progenitora y padrastro. Los hechos ocurrieron en marzo y septiembre pasados, en el corregimiento de Costa Rica. Servidores del Cuerpo T\u00e9cnico de Investigaci\u00f3n (CTI) con apoyo de la Polic\u00eda Nacional capturaron al se\u00f1alado agresor, el pasado 4 de octubre.<\/li>\n<\/ul>\n<figure id=\"attachment_325565\" aria-describedby=\"caption-attachment-325565\" style=\"width: 285px\" class=\"wp-caption alignnone\"><img loading=\"lazy\" decoding=\"async\" class=\"size-medium wp-image-325565\" src=\"https:\/\/www.fiscalia.gov.co\/colombia\/wp-content\/uploads\/Diego-Fernando-Torres-Alvarez.-Violencia-intrafamiliar.-Ginebra-Valle-285x300.jpg\" alt=\"En la fotograf\u00eda aparece de pie y con los brazos atr\u00e1s Diego Fernando Torres \u00c1lvarez. Viste con camisa de cuello y mangas cortas, de color rosado; jean gris desgastado y zapatillas blancas con gris. Al extremo derecho de \u00e9l hay un servidor del CTI de la Fiscal\u00eda y al extremo izquierdo una uniformada de la Polic\u00eda Nacional. Detr\u00e1s de ellos hay un pend\u00f3n institucional de la Fiscal\u00eda.\" width=\"285\" height=\"300\" srcset=\"https:\/\/www.fiscalia.gov.co\/colombia\/wp-content\/uploads\/Diego-Fernando-Torres-Alvarez.-Violencia-intrafamiliar.-Ginebra-Valle-285x300.jpg 285w, https:\/\/www.fiscalia.gov.co\/colombia\/wp-content\/uploads\/Diego-Fernando-Torres-Alvarez.-Violencia-intrafamiliar.-Ginebra-Valle-400x420.jpg 400w, https:\/\/www.fiscalia.gov.co\/colombia\/wp-content\/uploads\/Diego-Fernando-Torres-Alvarez.-Violencia-intrafamiliar.-Ginebra-Valle.jpg 685w\" sizes=\"auto, (max-width: 285px) 100vw, 285px\" \/><figcaption id=\"caption-attachment-325565\" class=\"wp-caption-text\">Diego Fernando Torres \u00c1lvarez, al parecer, maltrataba a su progenitora y padrastro, en Ginebra (Valle del Cauca).<\/figcaption><\/figure>\n<ul>\n<li>En Restrepo V\u00edctor Alfonso Villa Bedoya fue capturado como posible responsable de agredir f\u00edsica, verbal y psicol\u00f3gicamente a su mam\u00e1, quien pertenece a la tercera edad. Seg\u00fan la investigaci\u00f3n el hombre habr\u00eda utilizado elementos contundentes para golpear a la mujer. La captura del investigado se dio en flagrancia, por parte de la Polic\u00eda Nacional.<\/li>\n<\/ul>\n<figure id=\"attachment_325566\" aria-describedby=\"caption-attachment-325566\" style=\"width: 300px\" class=\"wp-caption alignnone\"><img loading=\"lazy\" decoding=\"async\" class=\"size-medium wp-image-325566\" src=\"https:\/\/www.fiscalia.gov.co\/colombia\/wp-content\/uploads\/Victor-Alfonso-Villa-Bedoya.-Violencia-intrafamiliar-agravada.-Restrepo-Valle-300x216.jpg\" alt=\"En la fotograf\u00eda aparece de pie y con los brazos atr\u00e1s V\u00edctor Alfonso Villa Bedoya. Usa tatuaje en la parte superior del t\u00f3rax. Viste con camiseta de mangas cortas, color negro y con estampado de colores a la altura del pecho; pantal\u00f3n beaje estampado. En sus extremos hay uniformados de la Polic\u00eda Nacional. Delante de ellos hay una superficie y sobre ella hay un letrero que dice: \u2018Violencia intrafamiliar Art. 229\u2019. Detr\u00e1s de ellos hay un pend\u00f3n de la Polic\u00eda Nacional, estaci\u00f3n de Calima \u2013 Dari\u00e9n.\" width=\"300\" height=\"216\" srcset=\"https:\/\/www.fiscalia.gov.co\/colombia\/wp-content\/uploads\/Victor-Alfonso-Villa-Bedoya.-Violencia-intrafamiliar-agravada.-Restrepo-Valle-300x216.jpg 300w, https:\/\/www.fiscalia.gov.co\/colombia\/wp-content\/uploads\/Victor-Alfonso-Villa-Bedoya.-Violencia-intrafamiliar-agravada.-Restrepo-Valle-768x552.jpg 768w, https:\/\/www.fiscalia.gov.co\/colombia\/wp-content\/uploads\/Victor-Alfonso-Villa-Bedoya.-Violencia-intrafamiliar-agravada.-Restrepo-Valle-585x420.jpg 585w, https:\/\/www.fiscalia.gov.co\/colombia\/wp-content\/uploads\/Victor-Alfonso-Villa-Bedoya.-Violencia-intrafamiliar-agravada.-Restrepo-Valle-696x500.jpg 696w, https:\/\/www.fiscalia.gov.co\/colombia\/wp-content\/uploads\/Victor-Alfonso-Villa-Bedoya.-Violencia-intrafamiliar-agravada.-Restrepo-Valle.jpg 1002w\" sizes=\"auto, (max-width: 300px) 100vw, 300px\" \/><figcaption id=\"caption-attachment-325566\" class=\"wp-caption-text\">V\u00edctor Alfonso Villa Bedoya, es se\u00f1alado de maltratar a su progenitora, una mujer de avanzada edad, en Restrepo (Valle del Cauca).<\/figcaption><\/figure>\n<p>&nbsp;<\/p>\n<div>\n<p>Ninguno de los investigados acept\u00f3 los cargos en su contra. Las medidas de aseguramiento impuestas deber\u00e1n ser cumplidas en centros carcelarios.<\/p>\n<p>MAP\/DSVC\/MAGA<\/p>\n<\/div>\n<p>&nbsp;<\/p>\n<p>&nbsp;<\/p>\n<p>&nbsp;<\/p>\n<p>&nbsp;<\/p>\n<div>\n<p><em>La informaci\u00f3n contenida en este bolet\u00edn de\u00a0prensa corresponde a la narraci\u00f3n de\u00a0los hechos noticiosos objetivos, suministrados por los funcionarios encargados de\u00a0adelantar las investigaciones penales al interior de\u00a0la Fiscal\u00eda General de\u00a0la Naci\u00f3n. Para el momento de\u00a0la divulgaci\u00f3n de\u00a0este comunicado, la situaci\u00f3n jur\u00eddica de\u00a0la(s) persona(s) relacionada(s) se encuentra pendiente de\u00a0resolver por la autoridad judicial competente, siempre bajo los preceptos de\u00a0la presunci\u00f3n de\u00a0inocencia, consagrados en el art\u00edculo 29 de\u00a0la Constituci\u00f3n Pol\u00edtica y el art\u00edculo 7\u00ba de\u00a0la Ley\u00a0906 de\u00a02004.<\/em><\/p>\n<\/div>\n<div><\/div>\n<div><\/div>\n<div><\/div>\n<div><\/div>\n<div><\/div>\n\n<div class=\"twitter-share\"><a href=\"https:\/\/twitter.com\/intent\/tweet?via=fiscaliacol\" class=\"twitter-share-button\">Tweet<\/a><\/div>\n","protected":false},"excerpt":{"rendered":"<p>La Fiscal\u00eda General de la Naci\u00f3n judicializ\u00f3 a tres hombres quienes, en hechos independientes, habr\u00edan incurrido en el delito de violencia intrafamiliar agravada, ocurridos en los municipios de Yotoco, Ginebra y Restrepo (Valle del Cauca). En dos casos las v\u00edctimas son las madres de los se\u00f1alados agresores, y en el tercero la expareja sentimental del [&hellip;]<\/p>\n","protected":false},"author":181,"featured_media":0,"comment_status":"closed","ping_status":"open","sticky":false,"template":"","format":"standard","meta":{"_price":"","_stock":"","_tribe_ticket_header":"","_tribe_default_ticket_provider":"","_tribe_ticket_capacity":"0","_ticket_start_date":"","_ticket_end_date":"","_tribe_ticket_show_description":"","_tribe_ticket_show_not_going":false,"_tribe_ticket_use_global_stock":"","_tribe_ticket_global_stock_level":"","_global_stock_mode":"","_global_stock_cap":"","_tribe_rsvp_for_event":"","_tribe_ticket_going_count":"","_tribe_ticket_not_going_count":"","_tribe_tickets_list":"[]","_tribe_ticket_has_attendee_info_fields":false,"tdm_status":"","tdm_grid_status":"","footnotes":""},"categories":[1,24099],"tags":[37491,37492,4614,24187,24481,1047],"class_list":{"0":"post-325562","1":"post","2":"type-post","3":"status-publish","4":"format-standard","6":"category-noticias","7":"category-seguridad-territorial","8":"tag-fiscal-camargo","9":"tag-fiscal-luz-adriana-camargo","10":"tag-fiscalia-2","11":"tag-fiscalia-colombia","12":"tag-fiscalia-de-colombia","13":"tag-fiscalia-general-de-la-nacion"},"yoast_head":"<!-- This site is optimized with the Yoast SEO plugin v24.3 - https:\/\/yoast.com\/wordpress\/plugins\/seo\/ -->\n<title>Fiscal\u00eda General de la Naci\u00f3n<\/title>\n<meta name=\"description\" content=\"P\u00e1gina oficial de la Fiscal\u00eda General de la Naci\u00f3n \u2013 Colombia. Garantizamos el acceso efectivo a la justicia, la verdad y la reparaci\u00f3n de las v\u00edctimas de los delitos.\" \/>\n<meta name=\"robots\" content=\"noindex, follow\" \/>\n<meta property=\"og:locale\" content=\"es_ES\" \/>\n<meta property=\"og:type\" content=\"article\" \/>\n<meta property=\"og:title\" content=\"Fiscal\u00eda General de la Naci\u00f3n\" \/>\n<meta property=\"og:description\" content=\"P\u00e1gina oficial de la Fiscal\u00eda General de la Naci\u00f3n \u2013 Colombia. Garantizamos el acceso efectivo a la justicia, la verdad y la reparaci\u00f3n de las v\u00edctimas de los delitos.\" \/>\n<meta property=\"og:url\" content=\"https:\/\/www.fiscalia.gov.co\/colombia\/noticias\/en-valle-del-cauca-fiscalia-judicializa-a-tres-hombres-presuntamente-implicados-en-violencia-domestica\/\" \/>\n<meta property=\"og:site_name\" content=\"Fiscal\u00eda General de la Naci\u00f3n\" \/>\n<meta property=\"article:publisher\" content=\"https:\/\/www.facebook.com\/FiscaliaCol\" \/>\n<meta property=\"article:published_time\" content=\"2025-10-14T19:42:42+00:00\" \/>\n<meta property=\"article:modified_time\" content=\"2025-10-14T19:45:38+00:00\" \/>\n<meta property=\"og:image\" content=\"https:\/\/www.fiscalia.gov.co\/colombia\/wp-content\/uploads\/Darwin-Fernando-Jimenez-Hoyos.-Violencia-intrafamiliar-agravada.-Yotoco-Valle.jpg\" \/>\n\t<meta property=\"og:image:width\" content=\"548\" \/>\n\t<meta property=\"og:image:height\" content=\"720\" \/>\n\t<meta property=\"og:image:type\" content=\"image\/jpeg\" \/>\n<meta name=\"author\" content=\"Johanna Islenny Prieto Pe\u00f1a\" \/>\n<meta name=\"twitter:card\" content=\"summary_large_image\" \/>\n<meta name=\"twitter:creator\" content=\"@FiscaliaCol\" \/>\n<meta name=\"twitter:site\" content=\"@FiscaliaCol\" \/>\n<meta name=\"twitter:label1\" content=\"Escrito por\" \/>\n\t<meta name=\"twitter:data1\" content=\"Johanna Islenny Prieto Pe\u00f1a\" \/>\n\t<meta name=\"twitter:label2\" content=\"Tiempo de lectura\" \/>\n\t<meta name=\"twitter:data2\" content=\"3 minutos\" \/>\n<script type=\"application\/ld+json\" class=\"yoast-schema-graph\">{\"@context\":\"https:\/\/schema.org\",\"@graph\":[{\"@type\":\"Article\",\"@id\":\"https:\/\/www.fiscalia.gov.co\/colombia\/noticias\/en-valle-del-cauca-fiscalia-judicializa-a-tres-hombres-presuntamente-implicados-en-violencia-domestica\/#article\",\"isPartOf\":{\"@id\":\"https:\/\/www.fiscalia.gov.co\/colombia\/noticias\/en-valle-del-cauca-fiscalia-judicializa-a-tres-hombres-presuntamente-implicados-en-violencia-domestica\/\"},\"author\":{\"name\":\"Johanna Islenny Prieto Pe\u00f1a\",\"@id\":\"https:\/\/www.fiscalia.gov.co\/colombia\/#\/schema\/person\/ba9eca435947489fb25117a0cd75bf3e\"},\"headline\":\"En Valle del Cauca Fiscal\u00eda judicializa a tres hombres, presuntamente implicados en violencia dom\u00e9stica\",\"datePublished\":\"2025-10-14T19:42:42+00:00\",\"dateModified\":\"2025-10-14T19:45:38+00:00\",\"mainEntityOfPage\":{\"@id\":\"https:\/\/www.fiscalia.gov.co\/colombia\/noticias\/en-valle-del-cauca-fiscalia-judicializa-a-tres-hombres-presuntamente-implicados-en-violencia-domestica\/\"},\"wordCount\":500,\"publisher\":{\"@id\":\"https:\/\/www.fiscalia.gov.co\/colombia\/#organization\"},\"image\":{\"@id\":\"https:\/\/www.fiscalia.gov.co\/colombia\/noticias\/en-valle-del-cauca-fiscalia-judicializa-a-tres-hombres-presuntamente-implicados-en-violencia-domestica\/#primaryimage\"},\"thumbnailUrl\":\"https:\/\/www.fiscalia.gov.co\/colombia\/wp-content\/uploads\/Darwin-Fernando-Jimenez-Hoyos.-Violencia-intrafamiliar-agravada.-Yotoco-Valle-228x300.jpg\",\"keywords\":[\"fiscal Camargo\",\"Fiscal Luz Adriana Camargo\",\"Fiscal\u00eda\",\"Fiscal\u00eda Colombia\",\"Fiscal\u00eda de Colombia\",\"Fiscal\u00eda General de la Naci\u00f3n\"],\"articleSection\":[\"Noticias\",\"Seguridad territorial\"],\"inLanguage\":\"es-CO\"},{\"@type\":\"WebPage\",\"@id\":\"https:\/\/www.fiscalia.gov.co\/colombia\/noticias\/en-valle-del-cauca-fiscalia-judicializa-a-tres-hombres-presuntamente-implicados-en-violencia-domestica\/\",\"url\":\"https:\/\/www.fiscalia.gov.co\/colombia\/noticias\/en-valle-del-cauca-fiscalia-judicializa-a-tres-hombres-presuntamente-implicados-en-violencia-domestica\/\",\"name\":\"Fiscal\u00eda General de la Naci\u00f3n\",\"isPartOf\":{\"@id\":\"https:\/\/www.fiscalia.gov.co\/colombia\/#website\"},\"primaryImageOfPage\":{\"@id\":\"https:\/\/www.fiscalia.gov.co\/colombia\/noticias\/en-valle-del-cauca-fiscalia-judicializa-a-tres-hombres-presuntamente-implicados-en-violencia-domestica\/#primaryimage\"},\"image\":{\"@id\":\"https:\/\/www.fiscalia.gov.co\/colombia\/noticias\/en-valle-del-cauca-fiscalia-judicializa-a-tres-hombres-presuntamente-implicados-en-violencia-domestica\/#primaryimage\"},\"thumbnailUrl\":\"https:\/\/www.fiscalia.gov.co\/colombia\/wp-content\/uploads\/Darwin-Fernando-Jimenez-Hoyos.-Violencia-intrafamiliar-agravada.-Yotoco-Valle-228x300.jpg\",\"datePublished\":\"2025-10-14T19:42:42+00:00\",\"dateModified\":\"2025-10-14T19:45:38+00:00\",\"description\":\"P\u00e1gina oficial de la Fiscal\u00eda General de la Naci\u00f3n \u2013 Colombia. Garantizamos el acceso efectivo a la justicia, la verdad y la reparaci\u00f3n de las v\u00edctimas de los delitos.\",\"breadcrumb\":{\"@id\":\"https:\/\/www.fiscalia.gov.co\/colombia\/noticias\/en-valle-del-cauca-fiscalia-judicializa-a-tres-hombres-presuntamente-implicados-en-violencia-domestica\/#breadcrumb\"},\"inLanguage\":\"es-CO\",\"potentialAction\":[{\"@type\":\"ReadAction\",\"target\":[\"https:\/\/www.fiscalia.gov.co\/colombia\/noticias\/en-valle-del-cauca-fiscalia-judicializa-a-tres-hombres-presuntamente-implicados-en-violencia-domestica\/\"]}]},{\"@type\":\"ImageObject\",\"inLanguage\":\"es-CO\",\"@id\":\"https:\/\/www.fiscalia.gov.co\/colombia\/noticias\/en-valle-del-cauca-fiscalia-judicializa-a-tres-hombres-presuntamente-implicados-en-violencia-domestica\/#primaryimage\",\"url\":\"https:\/\/www.fiscalia.gov.co\/colombia\/wp-content\/uploads\/Darwin-Fernando-Jimenez-Hoyos.-Violencia-intrafamiliar-agravada.-Yotoco-Valle.jpg\",\"contentUrl\":\"https:\/\/www.fiscalia.gov.co\/colombia\/wp-content\/uploads\/Darwin-Fernando-Jimenez-Hoyos.-Violencia-intrafamiliar-agravada.-Yotoco-Valle.jpg\",\"width\":548,\"height\":720,\"caption\":\"Darwin Fernando Jim\u00e9nez Hoyos, se\u00f1alado de maltrata a su ex compa\u00f1era sentimental en Yotoco (Valle del Cauca).\"},{\"@type\":\"BreadcrumbList\",\"@id\":\"https:\/\/www.fiscalia.gov.co\/colombia\/noticias\/en-valle-del-cauca-fiscalia-judicializa-a-tres-hombres-presuntamente-implicados-en-violencia-domestica\/#breadcrumb\",\"itemListElement\":[{\"@type\":\"ListItem\",\"position\":1,\"name\":\"Home\",\"item\":\"https:\/\/www.fiscalia.gov.co\/colombia\/\"},{\"@type\":\"ListItem\",\"position\":2,\"name\":\"En Valle del Cauca Fiscal\u00eda judicializa a tres hombres, presuntamente implicados en violencia dom\u00e9stica\"}]},{\"@type\":\"WebSite\",\"@id\":\"https:\/\/www.fiscalia.gov.co\/colombia\/#website\",\"url\":\"https:\/\/www.fiscalia.gov.co\/colombia\/\",\"name\":\"Fiscal\u00eda General de la Naci\u00f3n\",\"description\":\"P\u00e1gina oficial de la Fiscal\u00eda General de la Naci\u00f3n \u2013 Colombia. Garantizamos el acceso efectivo a la justicia, la verdad y la reparaci\u00f3n de las v\u00edctimas de los delitos.\",\"publisher\":{\"@id\":\"https:\/\/www.fiscalia.gov.co\/colombia\/#organization\"},\"potentialAction\":[{\"@type\":\"SearchAction\",\"target\":{\"@type\":\"EntryPoint\",\"urlTemplate\":\"https:\/\/www.fiscalia.gov.co\/colombia\/?s={search_term_string}\"},\"query-input\":{\"@type\":\"PropertyValueSpecification\",\"valueRequired\":true,\"valueName\":\"search_term_string\"}}],\"inLanguage\":\"es-CO\"},{\"@type\":\"Organization\",\"@id\":\"https:\/\/www.fiscalia.gov.co\/colombia\/#organization\",\"name\":\"Fiscal\u00eda General de la Naci\u00f3n\",\"url\":\"https:\/\/www.fiscalia.gov.co\/colombia\/\",\"logo\":{\"@type\":\"ImageObject\",\"inLanguage\":\"es-CO\",\"@id\":\"https:\/\/www.fiscalia.gov.co\/colombia\/#\/schema\/logo\/image\/\",\"url\":\"https:\/\/www.fiscalia.gov.co\/colombia\/wp-content\/uploads\/LogoHorizontal_1.jpg\",\"contentUrl\":\"https:\/\/www.fiscalia.gov.co\/colombia\/wp-content\/uploads\/LogoHorizontal_1.jpg\",\"width\":300,\"height\":90,\"caption\":\"Fiscal\u00eda General de la Naci\u00f3n\"},\"image\":{\"@id\":\"https:\/\/www.fiscalia.gov.co\/colombia\/#\/schema\/logo\/image\/\"},\"sameAs\":[\"https:\/\/www.facebook.com\/FiscaliaCol\",\"https:\/\/x.com\/FiscaliaCol\",\"https:\/\/www.instagram.com\/fiscaliacol\",\"https:\/\/www.linkedin.com\/company\/fiscalia-general-de-la-naci-n\/\",\"https:\/\/youtube.com\/@fiscaliageneraldelanacion-4668?si=6nN79nyQICPU5iTh\"]},{\"@type\":\"Person\",\"@id\":\"https:\/\/www.fiscalia.gov.co\/colombia\/#\/schema\/person\/ba9eca435947489fb25117a0cd75bf3e\",\"name\":\"Johanna Islenny Prieto Pe\u00f1a\",\"image\":{\"@type\":\"ImageObject\",\"inLanguage\":\"es-CO\",\"@id\":\"https:\/\/www.fiscalia.gov.co\/colombia\/#\/schema\/person\/image\/\",\"url\":\"https:\/\/secure.gravatar.com\/avatar\/111433fc2acb037ffb768f6a3ca47864?s=96&d=mm&r=g\",\"contentUrl\":\"https:\/\/secure.gravatar.com\/avatar\/111433fc2acb037ffb768f6a3ca47864?s=96&d=mm&r=g\",\"caption\":\"Johanna Islenny Prieto Pe\u00f1a\"},\"url\":\"https:\/\/www.fiscalia.gov.co\/colombia\/author\/jprietop\/\"}]}<\/script>\n<!-- \/ Yoast SEO plugin. -->","yoast_head_json":{"title":"Fiscal\u00eda General de la Naci\u00f3n","description":"P\u00e1gina oficial de la Fiscal\u00eda General de la Naci\u00f3n \u2013 Colombia. Garantizamos el acceso efectivo a la justicia, la verdad y la reparaci\u00f3n de las v\u00edctimas de los delitos.","robots":{"index":"noindex","follow":"follow"},"og_locale":"es_ES","og_type":"article","og_title":"Fiscal\u00eda General de la Naci\u00f3n","og_description":"P\u00e1gina oficial de la Fiscal\u00eda General de la Naci\u00f3n \u2013 Colombia. Garantizamos el acceso efectivo a la justicia, la verdad y la reparaci\u00f3n de las v\u00edctimas de los delitos.","og_url":"https:\/\/www.fiscalia.gov.co\/colombia\/noticias\/en-valle-del-cauca-fiscalia-judicializa-a-tres-hombres-presuntamente-implicados-en-violencia-domestica\/","og_site_name":"Fiscal\u00eda General de la Naci\u00f3n","article_publisher":"https:\/\/www.facebook.com\/FiscaliaCol","article_published_time":"2025-10-14T19:42:42+00:00","article_modified_time":"2025-10-14T19:45:38+00:00","og_image":[{"width":548,"height":720,"url":"https:\/\/www.fiscalia.gov.co\/colombia\/wp-content\/uploads\/Darwin-Fernando-Jimenez-Hoyos.-Violencia-intrafamiliar-agravada.-Yotoco-Valle.jpg","type":"image\/jpeg"}],"author":"Johanna Islenny Prieto Pe\u00f1a","twitter_card":"summary_large_image","twitter_creator":"@FiscaliaCol","twitter_site":"@FiscaliaCol","twitter_misc":{"Escrito por":"Johanna Islenny Prieto Pe\u00f1a","Tiempo de lectura":"3 minutos"},"schema":{"@context":"https:\/\/schema.org","@graph":[{"@type":"Article","@id":"https:\/\/www.fiscalia.gov.co\/colombia\/noticias\/en-valle-del-cauca-fiscalia-judicializa-a-tres-hombres-presuntamente-implicados-en-violencia-domestica\/#article","isPartOf":{"@id":"https:\/\/www.fiscalia.gov.co\/colombia\/noticias\/en-valle-del-cauca-fiscalia-judicializa-a-tres-hombres-presuntamente-implicados-en-violencia-domestica\/"},"author":{"name":"Johanna Islenny Prieto Pe\u00f1a","@id":"https:\/\/www.fiscalia.gov.co\/colombia\/#\/schema\/person\/ba9eca435947489fb25117a0cd75bf3e"},"headline":"En Valle del Cauca Fiscal\u00eda judicializa a tres hombres, presuntamente implicados en violencia dom\u00e9stica","datePublished":"2025-10-14T19:42:42+00:00","dateModified":"2025-10-14T19:45:38+00:00","mainEntityOfPage":{"@id":"https:\/\/www.fiscalia.gov.co\/colombia\/noticias\/en-valle-del-cauca-fiscalia-judicializa-a-tres-hombres-presuntamente-implicados-en-violencia-domestica\/"},"wordCount":500,"publisher":{"@id":"https:\/\/www.fiscalia.gov.co\/colombia\/#organization"},"image":{"@id":"https:\/\/www.fiscalia.gov.co\/colombia\/noticias\/en-valle-del-cauca-fiscalia-judicializa-a-tres-hombres-presuntamente-implicados-en-violencia-domestica\/#primaryimage"},"thumbnailUrl":"https:\/\/www.fiscalia.gov.co\/colombia\/wp-content\/uploads\/Darwin-Fernando-Jimenez-Hoyos.-Violencia-intrafamiliar-agravada.-Yotoco-Valle-228x300.jpg","keywords":["fiscal Camargo","Fiscal Luz Adriana Camargo","Fiscal\u00eda","Fiscal\u00eda Colombia","Fiscal\u00eda de Colombia","Fiscal\u00eda General de la Naci\u00f3n"],"articleSection":["Noticias","Seguridad territorial"],"inLanguage":"es-CO"},{"@type":"WebPage","@id":"https:\/\/www.fiscalia.gov.co\/colombia\/noticias\/en-valle-del-cauca-fiscalia-judicializa-a-tres-hombres-presuntamente-implicados-en-violencia-domestica\/","url":"https:\/\/www.fiscalia.gov.co\/colombia\/noticias\/en-valle-del-cauca-fiscalia-judicializa-a-tres-hombres-presuntamente-implicados-en-violencia-domestica\/","name":"Fiscal\u00eda General de la Naci\u00f3n","isPartOf":{"@id":"https:\/\/www.fiscalia.gov.co\/colombia\/#website"},"primaryImageOfPage":{"@id":"https:\/\/www.fiscalia.gov.co\/colombia\/noticias\/en-valle-del-cauca-fiscalia-judicializa-a-tres-hombres-presuntamente-implicados-en-violencia-domestica\/#primaryimage"},"image":{"@id":"https:\/\/www.fiscalia.gov.co\/colombia\/noticias\/en-valle-del-cauca-fiscalia-judicializa-a-tres-hombres-presuntamente-implicados-en-violencia-domestica\/#primaryimage"},"thumbnailUrl":"https:\/\/www.fiscalia.gov.co\/colombia\/wp-content\/uploads\/Darwin-Fernando-Jimenez-Hoyos.-Violencia-intrafamiliar-agravada.-Yotoco-Valle-228x300.jpg","datePublished":"2025-10-14T19:42:42+00:00","dateModified":"2025-10-14T19:45:38+00:00","description":"P\u00e1gina oficial de la Fiscal\u00eda General de la Naci\u00f3n \u2013 Colombia. Garantizamos el acceso efectivo a la justicia, la verdad y la reparaci\u00f3n de las v\u00edctimas de los delitos.","breadcrumb":{"@id":"https:\/\/www.fiscalia.gov.co\/colombia\/noticias\/en-valle-del-cauca-fiscalia-judicializa-a-tres-hombres-presuntamente-implicados-en-violencia-domestica\/#breadcrumb"},"inLanguage":"es-CO","potentialAction":[{"@type":"ReadAction","target":["https:\/\/www.fiscalia.gov.co\/colombia\/noticias\/en-valle-del-cauca-fiscalia-judicializa-a-tres-hombres-presuntamente-implicados-en-violencia-domestica\/"]}]},{"@type":"ImageObject","inLanguage":"es-CO","@id":"https:\/\/www.fiscalia.gov.co\/colombia\/noticias\/en-valle-del-cauca-fiscalia-judicializa-a-tres-hombres-presuntamente-implicados-en-violencia-domestica\/#primaryimage","url":"https:\/\/www.fiscalia.gov.co\/colombia\/wp-content\/uploads\/Darwin-Fernando-Jimenez-Hoyos.-Violencia-intrafamiliar-agravada.-Yotoco-Valle.jpg","contentUrl":"https:\/\/www.fiscalia.gov.co\/colombia\/wp-content\/uploads\/Darwin-Fernando-Jimenez-Hoyos.-Violencia-intrafamiliar-agravada.-Yotoco-Valle.jpg","width":548,"height":720,"caption":"Darwin Fernando Jim\u00e9nez Hoyos, se\u00f1alado de maltrata a su ex compa\u00f1era sentimental en Yotoco (Valle del Cauca)."},{"@type":"BreadcrumbList","@id":"https:\/\/www.fiscalia.gov.co\/colombia\/noticias\/en-valle-del-cauca-fiscalia-judicializa-a-tres-hombres-presuntamente-implicados-en-violencia-domestica\/#breadcrumb","itemListElement":[{"@type":"ListItem","position":1,"name":"Home","item":"https:\/\/www.fiscalia.gov.co\/colombia\/"},{"@type":"ListItem","position":2,"name":"En Valle del Cauca Fiscal\u00eda judicializa a tres hombres, presuntamente implicados en violencia dom\u00e9stica"}]},{"@type":"WebSite","@id":"https:\/\/www.fiscalia.gov.co\/colombia\/#website","url":"https:\/\/www.fiscalia.gov.co\/colombia\/","name":"Fiscal\u00eda General de la Naci\u00f3n","description":"P\u00e1gina oficial de la Fiscal\u00eda General de la Naci\u00f3n \u2013 Colombia. Garantizamos el acceso efectivo a la justicia, la verdad y la reparaci\u00f3n de las v\u00edctimas de los delitos.","publisher":{"@id":"https:\/\/www.fiscalia.gov.co\/colombia\/#organization"},"potentialAction":[{"@type":"SearchAction","target":{"@type":"EntryPoint","urlTemplate":"https:\/\/www.fiscalia.gov.co\/colombia\/?s={search_term_string}"},"query-input":{"@type":"PropertyValueSpecification","valueRequired":true,"valueName":"search_term_string"}}],"inLanguage":"es-CO"},{"@type":"Organization","@id":"https:\/\/www.fiscalia.gov.co\/colombia\/#organization","name":"Fiscal\u00eda General de la Naci\u00f3n","url":"https:\/\/www.fiscalia.gov.co\/colombia\/","logo":{"@type":"ImageObject","inLanguage":"es-CO","@id":"https:\/\/www.fiscalia.gov.co\/colombia\/#\/schema\/logo\/image\/","url":"https:\/\/www.fiscalia.gov.co\/colombia\/wp-content\/uploads\/LogoHorizontal_1.jpg","contentUrl":"https:\/\/www.fiscalia.gov.co\/colombia\/wp-content\/uploads\/LogoHorizontal_1.jpg","width":300,"height":90,"caption":"Fiscal\u00eda General de la Naci\u00f3n"},"image":{"@id":"https:\/\/www.fiscalia.gov.co\/colombia\/#\/schema\/logo\/image\/"},"sameAs":["https:\/\/www.facebook.com\/FiscaliaCol","https:\/\/x.com\/FiscaliaCol","https:\/\/www.instagram.com\/fiscaliacol","https:\/\/www.linkedin.com\/company\/fiscalia-general-de-la-naci-n\/","https:\/\/youtube.com\/@fiscaliageneraldelanacion-4668?si=6nN79nyQICPU5iTh"]},{"@type":"Person","@id":"https:\/\/www.fiscalia.gov.co\/colombia\/#\/schema\/person\/ba9eca435947489fb25117a0cd75bf3e","name":"Johanna Islenny Prieto Pe\u00f1a","image":{"@type":"ImageObject","inLanguage":"es-CO","@id":"https:\/\/www.fiscalia.gov.co\/colombia\/#\/schema\/person\/image\/","url":"https:\/\/secure.gravatar.com\/avatar\/111433fc2acb037ffb768f6a3ca47864?s=96&d=mm&r=g","contentUrl":"https:\/\/secure.gravatar.com\/avatar\/111433fc2acb037ffb768f6a3ca47864?s=96&d=mm&r=g","caption":"Johanna Islenny Prieto Pe\u00f1a"},"url":"https:\/\/www.fiscalia.gov.co\/colombia\/author\/jprietop\/"}]}},"_links":{"self":[{"href":"https:\/\/www.fiscalia.gov.co\/colombia\/wp-json\/wp\/v2\/posts\/325562","targetHints":{"allow":["GET"]}}],"collection":[{"href":"https:\/\/www.fiscalia.gov.co\/colombia\/wp-json\/wp\/v2\/posts"}],"about":[{"href":"https:\/\/www.fiscalia.gov.co\/colombia\/wp-json\/wp\/v2\/types\/post"}],"author":[{"embeddable":true,"href":"https:\/\/www.fiscalia.gov.co\/colombia\/wp-json\/wp\/v2\/users\/181"}],"replies":[{"embeddable":true,"href":"https:\/\/www.fiscalia.gov.co\/colombia\/wp-json\/wp\/v2\/comments?post=325562"}],"version-history":[{"count":4,"href":"https:\/\/www.fiscalia.gov.co\/colombia\/wp-json\/wp\/v2\/posts\/325562\/revisions"}],"predecessor-version":[{"id":325570,"href":"https:\/\/www.fiscalia.gov.co\/colombia\/wp-json\/wp\/v2\/posts\/325562\/revisions\/325570"}],"wp:attachment":[{"href":"https:\/\/www.fiscalia.gov.co\/colombia\/wp-json\/wp\/v2\/media?parent=325562"}],"wp:term":[{"taxonomy":"category","embeddable":true,"href":"https:\/\/www.fiscalia.gov.co\/colombia\/wp-json\/wp\/v2\/categories?post=325562"},{"taxonomy":"post_tag","embeddable":true,"href":"https:\/\/www.fiscalia.gov.co\/colombia\/wp-json\/wp\/v2\/tags?post=325562"}],"curies":[{"name":"wp","href":"https:\/\/api.w.org\/{rel}","templated":true}]}}