{"id":325487,"date":"2025-10-14T09:51:35","date_gmt":"2025-10-14T14:51:35","guid":{"rendered":"https:\/\/www.fiscalia.gov.co\/colombia\/?p=325487"},"modified":"2025-10-14T10:23:15","modified_gmt":"2025-10-14T15:23:15","slug":"imputado-exgobernador-de-santander-mauricio-aguilar-por-presuntas-irregularidades-en-proceso-de-eleccion-en-la-corporacion-autonoma-regional-para-la-defensa-de-la-meseta-de-bucaramanga-cdmb","status":"publish","type":"post","link":"https:\/\/www.fiscalia.gov.co\/colombia\/noticias\/imputado-exgobernador-de-santander-mauricio-aguilar-por-presuntas-irregularidades-en-proceso-de-eleccion-en-la-corporacion-autonoma-regional-para-la-defensa-de-la-meseta-de-bucaramanga-cdmb\/","title":{"rendered":"Imputado exgobernador de Santander Mauricio Aguilar por presuntas irregularidades en proceso de elecci\u00f3n en la Corporaci\u00f3n Aut\u00f3noma Regional para la Defensa de la Meseta de Bucaramanga (CDMB)"},"content":{"rendered":"<blockquote>\n<h4><strong><i>El exmandatario presuntamente desatendi\u00f3 varias recusaciones contra los participantes en la elecci\u00f3n del Consejo Directivo de la CDMB y sigui\u00f3 adelante con el proceso en contrav\u00eda de los par\u00e1metros de ley.<\/i>\u00a0<\/strong><\/h4>\n<\/blockquote>\n<p><span data-contrast=\"auto\">La Fiscal\u00eda General de la Naci\u00f3n imput\u00f3 ante el Tribunal Superior de Bogot\u00e1 al exgobernador de Santander, <strong>Nerthink Mauricio Aguilar Hurtado, como posible responsable del delito de prevaricato por acci\u00f3n.<\/strong><\/span><strong>\u00a0<\/strong><\/p>\n<p><span data-contrast=\"auto\">Los hechos investigados ocurrieron el 24 de febrero de 2023. Durante la elecci\u00f3n del Consejo Directivo de la Corporaci\u00f3n Aut\u00f3noma Regional para la Defensa de la Meseta de Bucaramanga (CDMB)<strong>, el entonces mandatario no habr\u00eda atendido varias recusaciones presentadas en su contra<\/strong> y otros participantes para que se apartaran de la votaci\u00f3n por un posible conflicto de intereses.<\/span><span data-ccp-props=\"{&quot;134233117&quot;:true,&quot;134233118&quot;:false,&quot;335551550&quot;:6,&quot;335551620&quot;:6,&quot;335559685&quot;:-426,&quot;335559739&quot;:240}\">\u00a0<\/span><\/p>\n<p><span data-contrast=\"auto\"><strong>Los elementos materiales probatorios indican que presuntamente dio continuidad al proceso y permiti\u00f3 que cuatro alcaldes del \u00e1rea metropolitana de Bucaramanga<\/strong> fueran escogidos para conformar el Consejo Directivo de la CDMB. Posteriormente, dicha elecci\u00f3n fue anulada por el Tribunal Administrativo de Santander, decisi\u00f3n que fue confirmada en segunda instancia por el Consejo de Estado.<\/span><span data-ccp-props=\"{&quot;134233117&quot;:true,&quot;134233118&quot;:false,&quot;335551550&quot;:6,&quot;335551620&quot;:6,&quot;335559685&quot;:-426,&quot;335559739&quot;:240}\">\u00a0<\/span><\/p>\n<p><span data-contrast=\"auto\">Para la fiscal delegada ante la Corte Suprema de Justicia que dirige la investigaci\u00f3n, el exgobernador <\/span><strong>Aguilar Hurtado <\/strong><span data-contrast=\"auto\"><strong>profiri\u00f3 una determinaci\u00f3n contraria a la ley al omitir el tr\u00e1mite legalmente establecido para la recusaciones,<\/strong> situaci\u00f3n que permiti\u00f3 a funcionarios cuestionados participar en las votaciones y conllev\u00f3 a viciar el proceso.<\/span><span data-ccp-props=\"{&quot;134233117&quot;:true,&quot;134233118&quot;:false,&quot;335551550&quot;:6,&quot;335551620&quot;:6,&quot;335559685&quot;:-426,&quot;335559739&quot;:240}\">\u00a0<\/span><\/p>\n<p><span data-contrast=\"auto\">Esta informaci\u00f3n se p\u00fablica por razones de inter\u00e9s general.\u00a0\u00a0\u00a0<\/span><span data-ccp-props=\"{&quot;134233117&quot;:true,&quot;134233118&quot;:false,&quot;335551550&quot;:6,&quot;335551620&quot;:6,&quot;335559685&quot;:-426,&quot;335559739&quot;:240}\">\u00a0<\/span><\/p>\n<p><span data-contrast=\"auto\">JMSV\/JARG\/MOR\/ZJLC\/UFDCSJ.<\/span><span data-ccp-props=\"{&quot;134233117&quot;:true,&quot;134233118&quot;:false,&quot;335551550&quot;:6,&quot;335551620&quot;:6,&quot;335559685&quot;:-426,&quot;335559739&quot;:240}\">\u00a0<\/span><\/p>\n<p>&nbsp;<\/p>\n<p>&nbsp;<\/p>\n<p>&nbsp;<\/p>\n<p>&nbsp;<\/p>\n<p>&nbsp;<\/p>\n<p>&nbsp;<\/p>\n<p>&nbsp;<\/p>\n<p><em>La informaci\u00f3n contenida en este bolet\u00edn de prensa corresponde a la narraci\u00f3n de los hechos noticiosos objetivos, suministrados por los funcionarios encargados de adelantar las investigaciones penales al interior de la Fiscal\u00eda General de la Naci\u00f3n. Para el momento de la divulgaci\u00f3n de este comunicado, la situaci\u00f3n jur\u00eddica de la(s) persona(s) relacionada(s) se encuentra pendiente de resolver por la autoridad judicial competente, siempre bajo los preceptos de la presunci\u00f3n de inocencia, consagrados en el art\u00edculo 29 de la Constituci\u00f3n Pol\u00edtica y el art\u00edculo 7\u00ba de la Ley 906 de 2004.<\/em><\/p>\n\n<div class=\"twitter-share\"><a href=\"https:\/\/twitter.com\/intent\/tweet?via=fiscaliacol\" class=\"twitter-share-button\">Tweet<\/a><\/div>\n","protected":false},"excerpt":{"rendered":"<p>El exmandatario presuntamente desatendi\u00f3 varias recusaciones contra los participantes en la elecci\u00f3n del Consejo Directivo de la CDMB y sigui\u00f3 adelante con el proceso en contrav\u00eda de los par\u00e1metros de ley.\u00a0 La Fiscal\u00eda General de la Naci\u00f3n imput\u00f3 ante el Tribunal Superior de Bogot\u00e1 al exgobernador de Santander, Nerthink Mauricio Aguilar Hurtado, como posible responsable [&hellip;]<\/p>\n","protected":false},"author":181,"featured_media":0,"comment_status":"closed","ping_status":"open","sticky":false,"template":"","format":"standard","meta":{"_price":"","_stock":"","_tribe_ticket_header":"","_tribe_default_ticket_provider":"","_tribe_ticket_capacity":"0","_ticket_start_date":"","_ticket_end_date":"","_tribe_ticket_show_description":"","_tribe_ticket_show_not_going":false,"_tribe_ticket_use_global_stock":"","_tribe_ticket_global_stock_level":"","_global_stock_mode":"","_global_stock_cap":"","_tribe_rsvp_for_event":"","_tribe_ticket_going_count":"","_tribe_ticket_not_going_count":"","_tribe_tickets_list":"[]","_tribe_ticket_has_attendee_info_fields":false,"tdm_status":"","tdm_grid_status":"","footnotes":""},"categories":[1],"tags":[78,37492,4614],"class_list":{"0":"post-325487","1":"post","2":"type-post","3":"status-publish","4":"format-standard","6":"category-noticias","7":"tag-fiscal-general-de-la-nacion","8":"tag-fiscal-luz-adriana-camargo","9":"tag-fiscalia-2"},"yoast_head":"<!-- This site is optimized with the Yoast SEO plugin v24.3 - https:\/\/yoast.com\/wordpress\/plugins\/seo\/ -->\n<title>Fiscal\u00eda General de la Naci\u00f3n<\/title>\n<meta name=\"description\" content=\"P\u00e1gina oficial de la Fiscal\u00eda General de la Naci\u00f3n \u2013 Colombia. Garantizamos el acceso efectivo a la justicia, la verdad y la reparaci\u00f3n de las v\u00edctimas de los delitos.\" \/>\n<meta name=\"robots\" content=\"noindex, follow\" \/>\n<meta property=\"og:locale\" content=\"es_ES\" \/>\n<meta property=\"og:type\" content=\"article\" \/>\n<meta property=\"og:title\" content=\"Fiscal\u00eda General de la Naci\u00f3n\" \/>\n<meta property=\"og:description\" content=\"P\u00e1gina oficial de la Fiscal\u00eda General de la Naci\u00f3n \u2013 Colombia. Garantizamos el acceso efectivo a la justicia, la verdad y la reparaci\u00f3n de las v\u00edctimas de los delitos.\" \/>\n<meta property=\"og:url\" content=\"https:\/\/www.fiscalia.gov.co\/colombia\/noticias\/imputado-exgobernador-de-santander-mauricio-aguilar-por-presuntas-irregularidades-en-proceso-de-eleccion-en-la-corporacion-autonoma-regional-para-la-defensa-de-la-meseta-de-bucaramanga-cdmb\/\" \/>\n<meta property=\"og:site_name\" content=\"Fiscal\u00eda General de la Naci\u00f3n\" \/>\n<meta property=\"article:publisher\" content=\"https:\/\/www.facebook.com\/FiscaliaCol\" \/>\n<meta property=\"article:published_time\" content=\"2025-10-14T14:51:35+00:00\" \/>\n<meta property=\"article:modified_time\" content=\"2025-10-14T15:23:15+00:00\" \/>\n<meta name=\"author\" content=\"Johanna Islenny Prieto Pe\u00f1a\" \/>\n<meta name=\"twitter:card\" content=\"summary_large_image\" \/>\n<meta name=\"twitter:creator\" content=\"@FiscaliaCol\" \/>\n<meta name=\"twitter:site\" content=\"@FiscaliaCol\" \/>\n<meta name=\"twitter:label1\" content=\"Escrito por\" \/>\n\t<meta name=\"twitter:data1\" content=\"Johanna Islenny Prieto Pe\u00f1a\" \/>\n\t<meta name=\"twitter:label2\" content=\"Tiempo de lectura\" \/>\n\t<meta name=\"twitter:data2\" content=\"2 minutos\" \/>\n<script type=\"application\/ld+json\" class=\"yoast-schema-graph\">{\"@context\":\"https:\/\/schema.org\",\"@graph\":[{\"@type\":\"Article\",\"@id\":\"https:\/\/www.fiscalia.gov.co\/colombia\/noticias\/imputado-exgobernador-de-santander-mauricio-aguilar-por-presuntas-irregularidades-en-proceso-de-eleccion-en-la-corporacion-autonoma-regional-para-la-defensa-de-la-meseta-de-bucaramanga-cdmb\/#article\",\"isPartOf\":{\"@id\":\"https:\/\/www.fiscalia.gov.co\/colombia\/noticias\/imputado-exgobernador-de-santander-mauricio-aguilar-por-presuntas-irregularidades-en-proceso-de-eleccion-en-la-corporacion-autonoma-regional-para-la-defensa-de-la-meseta-de-bucaramanga-cdmb\/\"},\"author\":{\"name\":\"Johanna Islenny Prieto Pe\u00f1a\",\"@id\":\"https:\/\/www.fiscalia.gov.co\/colombia\/#\/schema\/person\/ba9eca435947489fb25117a0cd75bf3e\"},\"headline\":\"Imputado exgobernador de Santander Mauricio Aguilar por presuntas irregularidades en proceso de elecci\u00f3n en la Corporaci\u00f3n Aut\u00f3noma Regional para la Defensa de la Meseta de Bucaramanga (CDMB)\",\"datePublished\":\"2025-10-14T14:51:35+00:00\",\"dateModified\":\"2025-10-14T15:23:15+00:00\",\"mainEntityOfPage\":{\"@id\":\"https:\/\/www.fiscalia.gov.co\/colombia\/noticias\/imputado-exgobernador-de-santander-mauricio-aguilar-por-presuntas-irregularidades-en-proceso-de-eleccion-en-la-corporacion-autonoma-regional-para-la-defensa-de-la-meseta-de-bucaramanga-cdmb\/\"},\"wordCount\":394,\"publisher\":{\"@id\":\"https:\/\/www.fiscalia.gov.co\/colombia\/#organization\"},\"keywords\":[\"Fiscal General de la Naci\u00f3n\",\"Fiscal Luz Adriana Camargo\",\"Fiscal\u00eda\"],\"articleSection\":[\"Noticias\"],\"inLanguage\":\"es-CO\"},{\"@type\":\"WebPage\",\"@id\":\"https:\/\/www.fiscalia.gov.co\/colombia\/noticias\/imputado-exgobernador-de-santander-mauricio-aguilar-por-presuntas-irregularidades-en-proceso-de-eleccion-en-la-corporacion-autonoma-regional-para-la-defensa-de-la-meseta-de-bucaramanga-cdmb\/\",\"url\":\"https:\/\/www.fiscalia.gov.co\/colombia\/noticias\/imputado-exgobernador-de-santander-mauricio-aguilar-por-presuntas-irregularidades-en-proceso-de-eleccion-en-la-corporacion-autonoma-regional-para-la-defensa-de-la-meseta-de-bucaramanga-cdmb\/\",\"name\":\"Fiscal\u00eda General de la Naci\u00f3n\",\"isPartOf\":{\"@id\":\"https:\/\/www.fiscalia.gov.co\/colombia\/#website\"},\"datePublished\":\"2025-10-14T14:51:35+00:00\",\"dateModified\":\"2025-10-14T15:23:15+00:00\",\"description\":\"P\u00e1gina oficial de la Fiscal\u00eda General de la Naci\u00f3n \u2013 Colombia. Garantizamos el acceso efectivo a la justicia, la verdad y la reparaci\u00f3n de las v\u00edctimas de los delitos.\",\"breadcrumb\":{\"@id\":\"https:\/\/www.fiscalia.gov.co\/colombia\/noticias\/imputado-exgobernador-de-santander-mauricio-aguilar-por-presuntas-irregularidades-en-proceso-de-eleccion-en-la-corporacion-autonoma-regional-para-la-defensa-de-la-meseta-de-bucaramanga-cdmb\/#breadcrumb\"},\"inLanguage\":\"es-CO\",\"potentialAction\":[{\"@type\":\"ReadAction\",\"target\":[\"https:\/\/www.fiscalia.gov.co\/colombia\/noticias\/imputado-exgobernador-de-santander-mauricio-aguilar-por-presuntas-irregularidades-en-proceso-de-eleccion-en-la-corporacion-autonoma-regional-para-la-defensa-de-la-meseta-de-bucaramanga-cdmb\/\"]}]},{\"@type\":\"BreadcrumbList\",\"@id\":\"https:\/\/www.fiscalia.gov.co\/colombia\/noticias\/imputado-exgobernador-de-santander-mauricio-aguilar-por-presuntas-irregularidades-en-proceso-de-eleccion-en-la-corporacion-autonoma-regional-para-la-defensa-de-la-meseta-de-bucaramanga-cdmb\/#breadcrumb\",\"itemListElement\":[{\"@type\":\"ListItem\",\"position\":1,\"name\":\"Home\",\"item\":\"https:\/\/www.fiscalia.gov.co\/colombia\/\"},{\"@type\":\"ListItem\",\"position\":2,\"name\":\"Imputado exgobernador de Santander Mauricio Aguilar por presuntas irregularidades en proceso de elecci\u00f3n en la Corporaci\u00f3n Aut\u00f3noma Regional para la Defensa de la Meseta de Bucaramanga (CDMB)\"}]},{\"@type\":\"WebSite\",\"@id\":\"https:\/\/www.fiscalia.gov.co\/colombia\/#website\",\"url\":\"https:\/\/www.fiscalia.gov.co\/colombia\/\",\"name\":\"Fiscal\u00eda General de la Naci\u00f3n\",\"description\":\"P\u00e1gina oficial de la Fiscal\u00eda General de la Naci\u00f3n \u2013 Colombia. Garantizamos el acceso efectivo a la justicia, la verdad y la reparaci\u00f3n de las v\u00edctimas de los delitos.\",\"publisher\":{\"@id\":\"https:\/\/www.fiscalia.gov.co\/colombia\/#organization\"},\"potentialAction\":[{\"@type\":\"SearchAction\",\"target\":{\"@type\":\"EntryPoint\",\"urlTemplate\":\"https:\/\/www.fiscalia.gov.co\/colombia\/?s={search_term_string}\"},\"query-input\":{\"@type\":\"PropertyValueSpecification\",\"valueRequired\":true,\"valueName\":\"search_term_string\"}}],\"inLanguage\":\"es-CO\"},{\"@type\":\"Organization\",\"@id\":\"https:\/\/www.fiscalia.gov.co\/colombia\/#organization\",\"name\":\"Fiscal\u00eda General de la Naci\u00f3n\",\"url\":\"https:\/\/www.fiscalia.gov.co\/colombia\/\",\"logo\":{\"@type\":\"ImageObject\",\"inLanguage\":\"es-CO\",\"@id\":\"https:\/\/www.fiscalia.gov.co\/colombia\/#\/schema\/logo\/image\/\",\"url\":\"https:\/\/www.fiscalia.gov.co\/colombia\/wp-content\/uploads\/LogoHorizontal_1.jpg\",\"contentUrl\":\"https:\/\/www.fiscalia.gov.co\/colombia\/wp-content\/uploads\/LogoHorizontal_1.jpg\",\"width\":300,\"height\":90,\"caption\":\"Fiscal\u00eda General de la Naci\u00f3n\"},\"image\":{\"@id\":\"https:\/\/www.fiscalia.gov.co\/colombia\/#\/schema\/logo\/image\/\"},\"sameAs\":[\"https:\/\/www.facebook.com\/FiscaliaCol\",\"https:\/\/x.com\/FiscaliaCol\",\"https:\/\/www.instagram.com\/fiscaliacol\",\"https:\/\/www.linkedin.com\/company\/fiscalia-general-de-la-naci-n\/\",\"https:\/\/youtube.com\/@fiscaliageneraldelanacion-4668?si=6nN79nyQICPU5iTh\"]},{\"@type\":\"Person\",\"@id\":\"https:\/\/www.fiscalia.gov.co\/colombia\/#\/schema\/person\/ba9eca435947489fb25117a0cd75bf3e\",\"name\":\"Johanna Islenny Prieto Pe\u00f1a\",\"image\":{\"@type\":\"ImageObject\",\"inLanguage\":\"es-CO\",\"@id\":\"https:\/\/www.fiscalia.gov.co\/colombia\/#\/schema\/person\/image\/\",\"url\":\"https:\/\/secure.gravatar.com\/avatar\/111433fc2acb037ffb768f6a3ca47864?s=96&d=mm&r=g\",\"contentUrl\":\"https:\/\/secure.gravatar.com\/avatar\/111433fc2acb037ffb768f6a3ca47864?s=96&d=mm&r=g\",\"caption\":\"Johanna Islenny Prieto Pe\u00f1a\"},\"url\":\"https:\/\/www.fiscalia.gov.co\/colombia\/author\/jprietop\/\"}]}<\/script>\n<!-- \/ Yoast SEO plugin. -->","yoast_head_json":{"title":"Fiscal\u00eda General de la Naci\u00f3n","description":"P\u00e1gina oficial de la Fiscal\u00eda General de la Naci\u00f3n \u2013 Colombia. Garantizamos el acceso efectivo a la justicia, la verdad y la reparaci\u00f3n de las v\u00edctimas de los delitos.","robots":{"index":"noindex","follow":"follow"},"og_locale":"es_ES","og_type":"article","og_title":"Fiscal\u00eda General de la Naci\u00f3n","og_description":"P\u00e1gina oficial de la Fiscal\u00eda General de la Naci\u00f3n \u2013 Colombia. Garantizamos el acceso efectivo a la justicia, la verdad y la reparaci\u00f3n de las v\u00edctimas de los delitos.","og_url":"https:\/\/www.fiscalia.gov.co\/colombia\/noticias\/imputado-exgobernador-de-santander-mauricio-aguilar-por-presuntas-irregularidades-en-proceso-de-eleccion-en-la-corporacion-autonoma-regional-para-la-defensa-de-la-meseta-de-bucaramanga-cdmb\/","og_site_name":"Fiscal\u00eda General de la Naci\u00f3n","article_publisher":"https:\/\/www.facebook.com\/FiscaliaCol","article_published_time":"2025-10-14T14:51:35+00:00","article_modified_time":"2025-10-14T15:23:15+00:00","author":"Johanna Islenny Prieto Pe\u00f1a","twitter_card":"summary_large_image","twitter_creator":"@FiscaliaCol","twitter_site":"@FiscaliaCol","twitter_misc":{"Escrito por":"Johanna Islenny Prieto Pe\u00f1a","Tiempo de lectura":"2 minutos"},"schema":{"@context":"https:\/\/schema.org","@graph":[{"@type":"Article","@id":"https:\/\/www.fiscalia.gov.co\/colombia\/noticias\/imputado-exgobernador-de-santander-mauricio-aguilar-por-presuntas-irregularidades-en-proceso-de-eleccion-en-la-corporacion-autonoma-regional-para-la-defensa-de-la-meseta-de-bucaramanga-cdmb\/#article","isPartOf":{"@id":"https:\/\/www.fiscalia.gov.co\/colombia\/noticias\/imputado-exgobernador-de-santander-mauricio-aguilar-por-presuntas-irregularidades-en-proceso-de-eleccion-en-la-corporacion-autonoma-regional-para-la-defensa-de-la-meseta-de-bucaramanga-cdmb\/"},"author":{"name":"Johanna Islenny Prieto Pe\u00f1a","@id":"https:\/\/www.fiscalia.gov.co\/colombia\/#\/schema\/person\/ba9eca435947489fb25117a0cd75bf3e"},"headline":"Imputado exgobernador de Santander Mauricio Aguilar por presuntas irregularidades en proceso de elecci\u00f3n en la Corporaci\u00f3n Aut\u00f3noma Regional para la Defensa de la Meseta de Bucaramanga (CDMB)","datePublished":"2025-10-14T14:51:35+00:00","dateModified":"2025-10-14T15:23:15+00:00","mainEntityOfPage":{"@id":"https:\/\/www.fiscalia.gov.co\/colombia\/noticias\/imputado-exgobernador-de-santander-mauricio-aguilar-por-presuntas-irregularidades-en-proceso-de-eleccion-en-la-corporacion-autonoma-regional-para-la-defensa-de-la-meseta-de-bucaramanga-cdmb\/"},"wordCount":394,"publisher":{"@id":"https:\/\/www.fiscalia.gov.co\/colombia\/#organization"},"keywords":["Fiscal General de la Naci\u00f3n","Fiscal Luz Adriana Camargo","Fiscal\u00eda"],"articleSection":["Noticias"],"inLanguage":"es-CO"},{"@type":"WebPage","@id":"https:\/\/www.fiscalia.gov.co\/colombia\/noticias\/imputado-exgobernador-de-santander-mauricio-aguilar-por-presuntas-irregularidades-en-proceso-de-eleccion-en-la-corporacion-autonoma-regional-para-la-defensa-de-la-meseta-de-bucaramanga-cdmb\/","url":"https:\/\/www.fiscalia.gov.co\/colombia\/noticias\/imputado-exgobernador-de-santander-mauricio-aguilar-por-presuntas-irregularidades-en-proceso-de-eleccion-en-la-corporacion-autonoma-regional-para-la-defensa-de-la-meseta-de-bucaramanga-cdmb\/","name":"Fiscal\u00eda General de la Naci\u00f3n","isPartOf":{"@id":"https:\/\/www.fiscalia.gov.co\/colombia\/#website"},"datePublished":"2025-10-14T14:51:35+00:00","dateModified":"2025-10-14T15:23:15+00:00","description":"P\u00e1gina oficial de la Fiscal\u00eda General de la Naci\u00f3n \u2013 Colombia. Garantizamos el acceso efectivo a la justicia, la verdad y la reparaci\u00f3n de las v\u00edctimas de los delitos.","breadcrumb":{"@id":"https:\/\/www.fiscalia.gov.co\/colombia\/noticias\/imputado-exgobernador-de-santander-mauricio-aguilar-por-presuntas-irregularidades-en-proceso-de-eleccion-en-la-corporacion-autonoma-regional-para-la-defensa-de-la-meseta-de-bucaramanga-cdmb\/#breadcrumb"},"inLanguage":"es-CO","potentialAction":[{"@type":"ReadAction","target":["https:\/\/www.fiscalia.gov.co\/colombia\/noticias\/imputado-exgobernador-de-santander-mauricio-aguilar-por-presuntas-irregularidades-en-proceso-de-eleccion-en-la-corporacion-autonoma-regional-para-la-defensa-de-la-meseta-de-bucaramanga-cdmb\/"]}]},{"@type":"BreadcrumbList","@id":"https:\/\/www.fiscalia.gov.co\/colombia\/noticias\/imputado-exgobernador-de-santander-mauricio-aguilar-por-presuntas-irregularidades-en-proceso-de-eleccion-en-la-corporacion-autonoma-regional-para-la-defensa-de-la-meseta-de-bucaramanga-cdmb\/#breadcrumb","itemListElement":[{"@type":"ListItem","position":1,"name":"Home","item":"https:\/\/www.fiscalia.gov.co\/colombia\/"},{"@type":"ListItem","position":2,"name":"Imputado exgobernador de Santander Mauricio Aguilar por presuntas irregularidades en proceso de elecci\u00f3n en la Corporaci\u00f3n Aut\u00f3noma Regional para la Defensa de la Meseta de Bucaramanga (CDMB)"}]},{"@type":"WebSite","@id":"https:\/\/www.fiscalia.gov.co\/colombia\/#website","url":"https:\/\/www.fiscalia.gov.co\/colombia\/","name":"Fiscal\u00eda General de la Naci\u00f3n","description":"P\u00e1gina oficial de la Fiscal\u00eda General de la Naci\u00f3n \u2013 Colombia. Garantizamos el acceso efectivo a la justicia, la verdad y la reparaci\u00f3n de las v\u00edctimas de los delitos.","publisher":{"@id":"https:\/\/www.fiscalia.gov.co\/colombia\/#organization"},"potentialAction":[{"@type":"SearchAction","target":{"@type":"EntryPoint","urlTemplate":"https:\/\/www.fiscalia.gov.co\/colombia\/?s={search_term_string}"},"query-input":{"@type":"PropertyValueSpecification","valueRequired":true,"valueName":"search_term_string"}}],"inLanguage":"es-CO"},{"@type":"Organization","@id":"https:\/\/www.fiscalia.gov.co\/colombia\/#organization","name":"Fiscal\u00eda General de la Naci\u00f3n","url":"https:\/\/www.fiscalia.gov.co\/colombia\/","logo":{"@type":"ImageObject","inLanguage":"es-CO","@id":"https:\/\/www.fiscalia.gov.co\/colombia\/#\/schema\/logo\/image\/","url":"https:\/\/www.fiscalia.gov.co\/colombia\/wp-content\/uploads\/LogoHorizontal_1.jpg","contentUrl":"https:\/\/www.fiscalia.gov.co\/colombia\/wp-content\/uploads\/LogoHorizontal_1.jpg","width":300,"height":90,"caption":"Fiscal\u00eda General de la Naci\u00f3n"},"image":{"@id":"https:\/\/www.fiscalia.gov.co\/colombia\/#\/schema\/logo\/image\/"},"sameAs":["https:\/\/www.facebook.com\/FiscaliaCol","https:\/\/x.com\/FiscaliaCol","https:\/\/www.instagram.com\/fiscaliacol","https:\/\/www.linkedin.com\/company\/fiscalia-general-de-la-naci-n\/","https:\/\/youtube.com\/@fiscaliageneraldelanacion-4668?si=6nN79nyQICPU5iTh"]},{"@type":"Person","@id":"https:\/\/www.fiscalia.gov.co\/colombia\/#\/schema\/person\/ba9eca435947489fb25117a0cd75bf3e","name":"Johanna Islenny Prieto Pe\u00f1a","image":{"@type":"ImageObject","inLanguage":"es-CO","@id":"https:\/\/www.fiscalia.gov.co\/colombia\/#\/schema\/person\/image\/","url":"https:\/\/secure.gravatar.com\/avatar\/111433fc2acb037ffb768f6a3ca47864?s=96&d=mm&r=g","contentUrl":"https:\/\/secure.gravatar.com\/avatar\/111433fc2acb037ffb768f6a3ca47864?s=96&d=mm&r=g","caption":"Johanna Islenny Prieto Pe\u00f1a"},"url":"https:\/\/www.fiscalia.gov.co\/colombia\/author\/jprietop\/"}]}},"_links":{"self":[{"href":"https:\/\/www.fiscalia.gov.co\/colombia\/wp-json\/wp\/v2\/posts\/325487","targetHints":{"allow":["GET"]}}],"collection":[{"href":"https:\/\/www.fiscalia.gov.co\/colombia\/wp-json\/wp\/v2\/posts"}],"about":[{"href":"https:\/\/www.fiscalia.gov.co\/colombia\/wp-json\/wp\/v2\/types\/post"}],"author":[{"embeddable":true,"href":"https:\/\/www.fiscalia.gov.co\/colombia\/wp-json\/wp\/v2\/users\/181"}],"replies":[{"embeddable":true,"href":"https:\/\/www.fiscalia.gov.co\/colombia\/wp-json\/wp\/v2\/comments?post=325487"}],"version-history":[{"count":3,"href":"https:\/\/www.fiscalia.gov.co\/colombia\/wp-json\/wp\/v2\/posts\/325487\/revisions"}],"predecessor-version":[{"id":325505,"href":"https:\/\/www.fiscalia.gov.co\/colombia\/wp-json\/wp\/v2\/posts\/325487\/revisions\/325505"}],"wp:attachment":[{"href":"https:\/\/www.fiscalia.gov.co\/colombia\/wp-json\/wp\/v2\/media?parent=325487"}],"wp:term":[{"taxonomy":"category","embeddable":true,"href":"https:\/\/www.fiscalia.gov.co\/colombia\/wp-json\/wp\/v2\/categories?post=325487"},{"taxonomy":"post_tag","embeddable":true,"href":"https:\/\/www.fiscalia.gov.co\/colombia\/wp-json\/wp\/v2\/tags?post=325487"}],"curies":[{"name":"wp","href":"https:\/\/api.w.org\/{rel}","templated":true}]}}