{"id":325441,"date":"2025-10-10T16:45:37","date_gmt":"2025-10-10T21:45:37","guid":{"rendered":"https:\/\/www.fiscalia.gov.co\/colombia\/?p=325441"},"modified":"2025-10-10T16:45:37","modified_gmt":"2025-10-10T21:45:37","slug":"cinco-hombres-que-estarian-involucrados-en-el-hurto-a-fincas-en-sabana-de-torres-santander-fueron-asegurados","status":"publish","type":"post","link":"https:\/\/www.fiscalia.gov.co\/colombia\/noticias\/cinco-hombres-que-estarian-involucrados-en-el-hurto-a-fincas-en-sabana-de-torres-santander-fueron-asegurados\/","title":{"rendered":"Cinco hombres que estar\u00edan involucrados en el hurto a fincas en Sabana de Torres (Santander) fueron asegurados"},"content":{"rendered":"<p class=\"x_elementToProof\" data-ogsc=\"rgb(0, 0, 0)\">Como Jes\u00fas David Sandoval Manjarres, Yamith Enrique Sandoval Manjarres, Yuli\u00e1n Andr\u00e9s Peinado Mu\u00f1oz, Eliefer Machuca y Ricardo Esteban Fuentes Carvajal fueron identificados los presuntos responsables de los<strong> asaltos a varias fincas en Sabana de Torres (Santander),<\/strong> entre junio de 2023 y febrero de 2025.<\/p>\n<figure id=\"attachment_325442\" aria-describedby=\"caption-attachment-325442\" style=\"width: 696px\" class=\"wp-caption aligncenter\"><img loading=\"lazy\" decoding=\"async\" class=\"size-large wp-image-325442\" src=\"https:\/\/www.fiscalia.gov.co\/colombia\/wp-content\/uploads\/Sabana-De-Torres-1024x576.jpeg\" alt=\"Los cinco capturados aparecen en la fotograf\u00eda junto a dos uniformados de la Sijin de la Polic\u00eda y dos soldados del Gaula Militar. En la parte posterior est\u00e1n una motocicleta, herramientas industriales, agr\u00edcolas, y una mesa con tel\u00e9fonos celulares\" width=\"696\" height=\"392\" srcset=\"https:\/\/www.fiscalia.gov.co\/colombia\/wp-content\/uploads\/Sabana-De-Torres-1024x576.jpeg 1024w, https:\/\/www.fiscalia.gov.co\/colombia\/wp-content\/uploads\/Sabana-De-Torres-300x169.jpeg 300w, https:\/\/www.fiscalia.gov.co\/colombia\/wp-content\/uploads\/Sabana-De-Torres-768x432.jpeg 768w, https:\/\/www.fiscalia.gov.co\/colombia\/wp-content\/uploads\/Sabana-De-Torres-747x420.jpeg 747w, https:\/\/www.fiscalia.gov.co\/colombia\/wp-content\/uploads\/Sabana-De-Torres-696x392.jpeg 696w, https:\/\/www.fiscalia.gov.co\/colombia\/wp-content\/uploads\/Sabana-De-Torres-1068x601.jpeg 1068w, https:\/\/www.fiscalia.gov.co\/colombia\/wp-content\/uploads\/Sabana-De-Torres.jpeg 1280w\" sizes=\"auto, (max-width: 696px) 100vw, 696px\" \/><figcaption id=\"caption-attachment-325442\" class=\"wp-caption-text\">Los cinco hombres fueron cobijados con medida de aseguramiento en centro carcelario<\/figcaption><\/figure>\n<p class=\"x_elementToProof\" data-ogsc=\"rgb(0, 0, 0)\">En ese sentido, un fiscal seccional les imput\u00f3 el <strong>delito de hurto calificado y agravado.<\/strong> Los procesados no aceptaron cargos y por disposici\u00f3n de un juez de control de garant\u00edas deber\u00e1n cumplir medida de aseguramiento en centro carcelario.<\/p>\n<p class=\"x_elementToProof\" data-ogsc=\"rgb(0, 0, 0)\">De acuerdo con la investigaci\u00f3n, tres fincas y una granja av\u00edcola fueron los sitios que habr\u00edan sido asaltados por los imputados,<strong> quienes vest\u00edan uniformes de color negro, y capuchas que ocultaban sus rostros.<\/strong><\/p>\n<p class=\"x_elementToProof\" data-ogsc=\"rgb(0, 0, 0)\">En los eventos se habr\u00edan apoderado de motocicletas, celulares, dinero en efectivo, ropa, taladros, m\u00e1quinas de pintura, armas de fuego de guardas de seguridad, bater\u00edas, motoguada\u00f1as, pulidoras, entre otras herramientas.<\/p>\n<p class=\"x_elementToProof\" data-ogsc=\"rgb(0, 0, 0)\">Durante los asaltos a las fincas, <strong>los capturados intimidaban a los habitantes y trabajadores<\/strong>, los encerraban por horas en habitaciones, saqueaban las cocinas y se apoderaban de enseres.<\/p>\n<p class=\"x_elementToProof\" data-ogsc=\"rgb(0, 0, 0)\">Durante el proceso, las v\u00edctimas reconocieron a los cinco presuntos asaltantes, quienes dejaron ver sus rostros, cuando <strong>se despojaban de las capuchas para comer en las cocinas<\/strong> de los inmuebles asaltados.<\/p>\n<p data-ogsc=\"rgb(0, 0, 0)\">\n<p data-ogsc=\"rgb(0, 0, 0)\">\n<p data-ogsc=\"rgb(0, 0, 0)\">\n<p data-ogsc=\"rgb(0, 0, 0)\">\n<p data-ogsc=\"rgb(0, 0, 0)\">\n<p class=\"x_elementToProof\" data-ogsc=\"rgb(0, 0, 0)\">JGPV\/EPO\/DSS\/AMCJ\/<\/p>\n<p data-ogsc=\"rgb(0, 0, 0)\">\n<p data-ogsc=\"rgb(0, 0, 0)\">\n<p data-ogsc=\"rgb(0, 0, 0)\">\n<p data-ogsc=\"rgb(0, 0, 0)\">\n<div class=\"td-post-content tagdiv-type\">\n<p><em>La informaci\u00f3n contenida en este bolet\u00edn de prensa corresponde a la narraci\u00f3n de los hechos noticiosos objetivos, suministrados por los funcionarios encargados de adelantar las investigaciones penales al interior de la Fiscal\u00eda General de la Naci\u00f3n. Para el momento de la divulgaci\u00f3n de este comunicado, la situaci\u00f3n jur\u00eddica de la(s) persona(s) relacionada(s) se encuentra pendiente de resolver por la autoridad judicial competente, siempre bajo los preceptos de la presunci\u00f3n de inocencia, consagrados en el art\u00edculo 29 de la Constituci\u00f3n Pol\u00edtica y el art\u00edculo 7\u00ba de la Ley 906 de 2004.<\/em><\/p>\n<\/div>\n<footer>\n<div class=\"td-post-source-tags\"><\/div>\n<div class=\"td-post-sharing-bottom\"><\/div>\n<\/footer>\n\n<div class=\"twitter-share\"><a href=\"https:\/\/twitter.com\/intent\/tweet?via=fiscaliacol\" class=\"twitter-share-button\">Tweet<\/a><\/div>\n","protected":false},"excerpt":{"rendered":"<p>Como Jes\u00fas David Sandoval Manjarres, Yamith Enrique Sandoval Manjarres, Yuli\u00e1n Andr\u00e9s Peinado Mu\u00f1oz, Eliefer Machuca y Ricardo Esteban Fuentes Carvajal fueron identificados los presuntos responsables de los asaltos a varias fincas en Sabana de Torres (Santander), entre junio de 2023 y febrero de 2025. En ese sentido, un fiscal seccional les imput\u00f3 el delito de [&hellip;]<\/p>\n","protected":false},"author":177,"featured_media":0,"comment_status":"closed","ping_status":"open","sticky":false,"template":"","format":"standard","meta":{"tdm_status":"","tdm_grid_status":"","footnotes":""},"categories":[1,322,303],"tags":[1539,13734,37492,1047,23960,2408,35711],"class_list":{"0":"post-325441","1":"post","2":"type-post","3":"status-publish","4":"format-standard","6":"category-noticias","7":"category-seccional-bucaramanga","8":"category-seccionales","9":"tag-asaltantes","10":"tag-fincas","11":"tag-fiscal-luz-adriana-camargo","12":"tag-fiscalia-general-de-la-nacion","13":"tag-hurto","14":"tag-hurto-calificado","15":"tag-sabana-de-torres-santander"},"yoast_head":"<!-- This site is optimized with the Yoast SEO plugin v24.3 - https:\/\/yoast.com\/wordpress\/plugins\/seo\/ -->\n<title>Fiscal\u00eda General de la Naci\u00f3n<\/title>\n<meta name=\"description\" content=\"P\u00e1gina oficial de la Fiscal\u00eda General de la Naci\u00f3n \u2013 Colombia. Garantizamos el acceso efectivo a la justicia, la verdad y la reparaci\u00f3n de las v\u00edctimas de los delitos.\" \/>\n<meta name=\"robots\" content=\"noindex, follow\" \/>\n<meta property=\"og:locale\" content=\"es_ES\" \/>\n<meta property=\"og:type\" content=\"article\" \/>\n<meta property=\"og:title\" content=\"Fiscal\u00eda General de la Naci\u00f3n\" \/>\n<meta property=\"og:description\" content=\"P\u00e1gina oficial de la Fiscal\u00eda General de la Naci\u00f3n \u2013 Colombia. Garantizamos el acceso efectivo a la justicia, la verdad y la reparaci\u00f3n de las v\u00edctimas de los delitos.\" \/>\n<meta property=\"og:url\" content=\"https:\/\/www.fiscalia.gov.co\/colombia\/noticias\/cinco-hombres-que-estarian-involucrados-en-el-hurto-a-fincas-en-sabana-de-torres-santander-fueron-asegurados\/\" \/>\n<meta property=\"og:site_name\" content=\"Fiscal\u00eda General de la Naci\u00f3n\" \/>\n<meta property=\"article:publisher\" content=\"https:\/\/www.facebook.com\/FiscaliaCol\" \/>\n<meta property=\"article:published_time\" content=\"2025-10-10T21:45:37+00:00\" \/>\n<meta property=\"og:image\" content=\"https:\/\/www.fiscalia.gov.co\/colombia\/wp-content\/uploads\/Sabana-De-Torres.jpeg\" \/>\n\t<meta property=\"og:image:width\" content=\"1280\" \/>\n\t<meta property=\"og:image:height\" content=\"720\" \/>\n\t<meta property=\"og:image:type\" content=\"image\/jpeg\" \/>\n<meta name=\"author\" content=\"Jordan Leandro Oviedo Anzola\" \/>\n<meta name=\"twitter:card\" content=\"summary_large_image\" \/>\n<meta name=\"twitter:creator\" content=\"@FiscaliaCol\" \/>\n<meta name=\"twitter:site\" content=\"@FiscaliaCol\" \/>\n<meta name=\"twitter:label1\" content=\"Escrito por\" \/>\n\t<meta name=\"twitter:data1\" content=\"Jordan Leandro Oviedo Anzola\" \/>\n\t<meta name=\"twitter:label2\" content=\"Tiempo de lectura\" \/>\n\t<meta name=\"twitter:data2\" content=\"2 minutos\" \/>\n<script type=\"application\/ld+json\" class=\"yoast-schema-graph\">{\"@context\":\"https:\/\/schema.org\",\"@graph\":[{\"@type\":\"Article\",\"@id\":\"https:\/\/www.fiscalia.gov.co\/colombia\/noticias\/cinco-hombres-que-estarian-involucrados-en-el-hurto-a-fincas-en-sabana-de-torres-santander-fueron-asegurados\/#article\",\"isPartOf\":{\"@id\":\"https:\/\/www.fiscalia.gov.co\/colombia\/noticias\/cinco-hombres-que-estarian-involucrados-en-el-hurto-a-fincas-en-sabana-de-torres-santander-fueron-asegurados\/\"},\"author\":{\"name\":\"Jordan Leandro Oviedo Anzola\",\"@id\":\"https:\/\/www.fiscalia.gov.co\/colombia\/#\/schema\/person\/bf84402cf293a5393e9c70b111020b24\"},\"headline\":\"Cinco hombres que estar\u00edan involucrados en el hurto a fincas en Sabana de Torres (Santander) fueron asegurados\",\"datePublished\":\"2025-10-10T21:45:37+00:00\",\"dateModified\":\"2025-10-10T21:45:37+00:00\",\"mainEntityOfPage\":{\"@id\":\"https:\/\/www.fiscalia.gov.co\/colombia\/noticias\/cinco-hombres-que-estarian-involucrados-en-el-hurto-a-fincas-en-sabana-de-torres-santander-fueron-asegurados\/\"},\"wordCount\":361,\"publisher\":{\"@id\":\"https:\/\/www.fiscalia.gov.co\/colombia\/#organization\"},\"image\":{\"@id\":\"https:\/\/www.fiscalia.gov.co\/colombia\/noticias\/cinco-hombres-que-estarian-involucrados-en-el-hurto-a-fincas-en-sabana-de-torres-santander-fueron-asegurados\/#primaryimage\"},\"thumbnailUrl\":\"https:\/\/www.fiscalia.gov.co\/colombia\/wp-content\/uploads\/Sabana-De-Torres-1024x576.jpeg\",\"keywords\":[\"Asaltantes\",\"Fincas\",\"Fiscal Luz Adriana Camargo\",\"Fiscal\u00eda General de la Naci\u00f3n\",\"Hurto\",\"Hurto calificado\",\"Sabana de Torres (Santander)\"],\"articleSection\":[\"Noticias\",\"Seccional Bucaramanga\",\"Seccionales\"],\"inLanguage\":\"es-CO\"},{\"@type\":\"WebPage\",\"@id\":\"https:\/\/www.fiscalia.gov.co\/colombia\/noticias\/cinco-hombres-que-estarian-involucrados-en-el-hurto-a-fincas-en-sabana-de-torres-santander-fueron-asegurados\/\",\"url\":\"https:\/\/www.fiscalia.gov.co\/colombia\/noticias\/cinco-hombres-que-estarian-involucrados-en-el-hurto-a-fincas-en-sabana-de-torres-santander-fueron-asegurados\/\",\"name\":\"Fiscal\u00eda General de la Naci\u00f3n\",\"isPartOf\":{\"@id\":\"https:\/\/www.fiscalia.gov.co\/colombia\/#website\"},\"primaryImageOfPage\":{\"@id\":\"https:\/\/www.fiscalia.gov.co\/colombia\/noticias\/cinco-hombres-que-estarian-involucrados-en-el-hurto-a-fincas-en-sabana-de-torres-santander-fueron-asegurados\/#primaryimage\"},\"image\":{\"@id\":\"https:\/\/www.fiscalia.gov.co\/colombia\/noticias\/cinco-hombres-que-estarian-involucrados-en-el-hurto-a-fincas-en-sabana-de-torres-santander-fueron-asegurados\/#primaryimage\"},\"thumbnailUrl\":\"https:\/\/www.fiscalia.gov.co\/colombia\/wp-content\/uploads\/Sabana-De-Torres-1024x576.jpeg\",\"datePublished\":\"2025-10-10T21:45:37+00:00\",\"dateModified\":\"2025-10-10T21:45:37+00:00\",\"description\":\"P\u00e1gina oficial de la Fiscal\u00eda General de la Naci\u00f3n \u2013 Colombia. Garantizamos el acceso efectivo a la justicia, la verdad y la reparaci\u00f3n de las v\u00edctimas de los delitos.\",\"breadcrumb\":{\"@id\":\"https:\/\/www.fiscalia.gov.co\/colombia\/noticias\/cinco-hombres-que-estarian-involucrados-en-el-hurto-a-fincas-en-sabana-de-torres-santander-fueron-asegurados\/#breadcrumb\"},\"inLanguage\":\"es-CO\",\"potentialAction\":[{\"@type\":\"ReadAction\",\"target\":[\"https:\/\/www.fiscalia.gov.co\/colombia\/noticias\/cinco-hombres-que-estarian-involucrados-en-el-hurto-a-fincas-en-sabana-de-torres-santander-fueron-asegurados\/\"]}]},{\"@type\":\"ImageObject\",\"inLanguage\":\"es-CO\",\"@id\":\"https:\/\/www.fiscalia.gov.co\/colombia\/noticias\/cinco-hombres-que-estarian-involucrados-en-el-hurto-a-fincas-en-sabana-de-torres-santander-fueron-asegurados\/#primaryimage\",\"url\":\"https:\/\/www.fiscalia.gov.co\/colombia\/wp-content\/uploads\/Sabana-De-Torres.jpeg\",\"contentUrl\":\"https:\/\/www.fiscalia.gov.co\/colombia\/wp-content\/uploads\/Sabana-De-Torres.jpeg\",\"width\":1280,\"height\":720,\"caption\":\"Los cinco hombres fueron cobijados con medida de aseguramiento en centro carcelario\"},{\"@type\":\"BreadcrumbList\",\"@id\":\"https:\/\/www.fiscalia.gov.co\/colombia\/noticias\/cinco-hombres-que-estarian-involucrados-en-el-hurto-a-fincas-en-sabana-de-torres-santander-fueron-asegurados\/#breadcrumb\",\"itemListElement\":[{\"@type\":\"ListItem\",\"position\":1,\"name\":\"Home\",\"item\":\"https:\/\/www.fiscalia.gov.co\/colombia\/\"},{\"@type\":\"ListItem\",\"position\":2,\"name\":\"Cinco hombres que estar\u00edan involucrados en el hurto a fincas en Sabana de Torres (Santander) fueron asegurados\"}]},{\"@type\":\"WebSite\",\"@id\":\"https:\/\/www.fiscalia.gov.co\/colombia\/#website\",\"url\":\"https:\/\/www.fiscalia.gov.co\/colombia\/\",\"name\":\"Fiscal\u00eda General de la Naci\u00f3n\",\"description\":\"P\u00e1gina oficial de la Fiscal\u00eda General de la Naci\u00f3n \u2013 Colombia. Garantizamos el acceso efectivo a la justicia, la verdad y la reparaci\u00f3n de las v\u00edctimas de los delitos.\",\"publisher\":{\"@id\":\"https:\/\/www.fiscalia.gov.co\/colombia\/#organization\"},\"potentialAction\":[{\"@type\":\"SearchAction\",\"target\":{\"@type\":\"EntryPoint\",\"urlTemplate\":\"https:\/\/www.fiscalia.gov.co\/colombia\/?s={search_term_string}\"},\"query-input\":{\"@type\":\"PropertyValueSpecification\",\"valueRequired\":true,\"valueName\":\"search_term_string\"}}],\"inLanguage\":\"es-CO\"},{\"@type\":\"Organization\",\"@id\":\"https:\/\/www.fiscalia.gov.co\/colombia\/#organization\",\"name\":\"Fiscal\u00eda General de la Naci\u00f3n\",\"url\":\"https:\/\/www.fiscalia.gov.co\/colombia\/\",\"logo\":{\"@type\":\"ImageObject\",\"inLanguage\":\"es-CO\",\"@id\":\"https:\/\/www.fiscalia.gov.co\/colombia\/#\/schema\/logo\/image\/\",\"url\":\"https:\/\/www.fiscalia.gov.co\/colombia\/wp-content\/uploads\/LogoHorizontal_1.jpg\",\"contentUrl\":\"https:\/\/www.fiscalia.gov.co\/colombia\/wp-content\/uploads\/LogoHorizontal_1.jpg\",\"width\":300,\"height\":90,\"caption\":\"Fiscal\u00eda General de la Naci\u00f3n\"},\"image\":{\"@id\":\"https:\/\/www.fiscalia.gov.co\/colombia\/#\/schema\/logo\/image\/\"},\"sameAs\":[\"https:\/\/www.facebook.com\/FiscaliaCol\",\"https:\/\/x.com\/FiscaliaCol\",\"https:\/\/www.instagram.com\/fiscaliacol\",\"https:\/\/www.linkedin.com\/company\/fiscalia-general-de-la-naci-n\/\",\"https:\/\/youtube.com\/@fiscaliageneraldelanacion-4668?si=6nN79nyQICPU5iTh\"]},{\"@type\":\"Person\",\"@id\":\"https:\/\/www.fiscalia.gov.co\/colombia\/#\/schema\/person\/bf84402cf293a5393e9c70b111020b24\",\"name\":\"Jordan Leandro Oviedo Anzola\",\"image\":{\"@type\":\"ImageObject\",\"inLanguage\":\"es-CO\",\"@id\":\"https:\/\/www.fiscalia.gov.co\/colombia\/#\/schema\/person\/image\/\",\"url\":\"https:\/\/secure.gravatar.com\/avatar\/dabba4346fa9b9207d96adafa8f92721?s=96&d=mm&r=g\",\"contentUrl\":\"https:\/\/secure.gravatar.com\/avatar\/dabba4346fa9b9207d96adafa8f92721?s=96&d=mm&r=g\",\"caption\":\"Jordan Leandro Oviedo Anzola\"},\"url\":\"https:\/\/www.fiscalia.gov.co\/colombia\/author\/joviedo\/\"}]}<\/script>\n<!-- \/ Yoast SEO plugin. -->","yoast_head_json":{"title":"Fiscal\u00eda General de la Naci\u00f3n","description":"P\u00e1gina oficial de la Fiscal\u00eda General de la Naci\u00f3n \u2013 Colombia. Garantizamos el acceso efectivo a la justicia, la verdad y la reparaci\u00f3n de las v\u00edctimas de los delitos.","robots":{"index":"noindex","follow":"follow"},"og_locale":"es_ES","og_type":"article","og_title":"Fiscal\u00eda General de la Naci\u00f3n","og_description":"P\u00e1gina oficial de la Fiscal\u00eda General de la Naci\u00f3n \u2013 Colombia. Garantizamos el acceso efectivo a la justicia, la verdad y la reparaci\u00f3n de las v\u00edctimas de los delitos.","og_url":"https:\/\/www.fiscalia.gov.co\/colombia\/noticias\/cinco-hombres-que-estarian-involucrados-en-el-hurto-a-fincas-en-sabana-de-torres-santander-fueron-asegurados\/","og_site_name":"Fiscal\u00eda General de la Naci\u00f3n","article_publisher":"https:\/\/www.facebook.com\/FiscaliaCol","article_published_time":"2025-10-10T21:45:37+00:00","og_image":[{"width":1280,"height":720,"url":"https:\/\/www.fiscalia.gov.co\/colombia\/wp-content\/uploads\/Sabana-De-Torres.jpeg","type":"image\/jpeg"}],"author":"Jordan Leandro Oviedo Anzola","twitter_card":"summary_large_image","twitter_creator":"@FiscaliaCol","twitter_site":"@FiscaliaCol","twitter_misc":{"Escrito por":"Jordan Leandro Oviedo Anzola","Tiempo de lectura":"2 minutos"},"schema":{"@context":"https:\/\/schema.org","@graph":[{"@type":"Article","@id":"https:\/\/www.fiscalia.gov.co\/colombia\/noticias\/cinco-hombres-que-estarian-involucrados-en-el-hurto-a-fincas-en-sabana-de-torres-santander-fueron-asegurados\/#article","isPartOf":{"@id":"https:\/\/www.fiscalia.gov.co\/colombia\/noticias\/cinco-hombres-que-estarian-involucrados-en-el-hurto-a-fincas-en-sabana-de-torres-santander-fueron-asegurados\/"},"author":{"name":"Jordan Leandro Oviedo Anzola","@id":"https:\/\/www.fiscalia.gov.co\/colombia\/#\/schema\/person\/bf84402cf293a5393e9c70b111020b24"},"headline":"Cinco hombres que estar\u00edan involucrados en el hurto a fincas en Sabana de Torres (Santander) fueron asegurados","datePublished":"2025-10-10T21:45:37+00:00","dateModified":"2025-10-10T21:45:37+00:00","mainEntityOfPage":{"@id":"https:\/\/www.fiscalia.gov.co\/colombia\/noticias\/cinco-hombres-que-estarian-involucrados-en-el-hurto-a-fincas-en-sabana-de-torres-santander-fueron-asegurados\/"},"wordCount":361,"publisher":{"@id":"https:\/\/www.fiscalia.gov.co\/colombia\/#organization"},"image":{"@id":"https:\/\/www.fiscalia.gov.co\/colombia\/noticias\/cinco-hombres-que-estarian-involucrados-en-el-hurto-a-fincas-en-sabana-de-torres-santander-fueron-asegurados\/#primaryimage"},"thumbnailUrl":"https:\/\/www.fiscalia.gov.co\/colombia\/wp-content\/uploads\/Sabana-De-Torres-1024x576.jpeg","keywords":["Asaltantes","Fincas","Fiscal Luz Adriana Camargo","Fiscal\u00eda General de la Naci\u00f3n","Hurto","Hurto calificado","Sabana de Torres (Santander)"],"articleSection":["Noticias","Seccional Bucaramanga","Seccionales"],"inLanguage":"es-CO"},{"@type":"WebPage","@id":"https:\/\/www.fiscalia.gov.co\/colombia\/noticias\/cinco-hombres-que-estarian-involucrados-en-el-hurto-a-fincas-en-sabana-de-torres-santander-fueron-asegurados\/","url":"https:\/\/www.fiscalia.gov.co\/colombia\/noticias\/cinco-hombres-que-estarian-involucrados-en-el-hurto-a-fincas-en-sabana-de-torres-santander-fueron-asegurados\/","name":"Fiscal\u00eda General de la Naci\u00f3n","isPartOf":{"@id":"https:\/\/www.fiscalia.gov.co\/colombia\/#website"},"primaryImageOfPage":{"@id":"https:\/\/www.fiscalia.gov.co\/colombia\/noticias\/cinco-hombres-que-estarian-involucrados-en-el-hurto-a-fincas-en-sabana-de-torres-santander-fueron-asegurados\/#primaryimage"},"image":{"@id":"https:\/\/www.fiscalia.gov.co\/colombia\/noticias\/cinco-hombres-que-estarian-involucrados-en-el-hurto-a-fincas-en-sabana-de-torres-santander-fueron-asegurados\/#primaryimage"},"thumbnailUrl":"https:\/\/www.fiscalia.gov.co\/colombia\/wp-content\/uploads\/Sabana-De-Torres-1024x576.jpeg","datePublished":"2025-10-10T21:45:37+00:00","dateModified":"2025-10-10T21:45:37+00:00","description":"P\u00e1gina oficial de la Fiscal\u00eda General de la Naci\u00f3n \u2013 Colombia. Garantizamos el acceso efectivo a la justicia, la verdad y la reparaci\u00f3n de las v\u00edctimas de los delitos.","breadcrumb":{"@id":"https:\/\/www.fiscalia.gov.co\/colombia\/noticias\/cinco-hombres-que-estarian-involucrados-en-el-hurto-a-fincas-en-sabana-de-torres-santander-fueron-asegurados\/#breadcrumb"},"inLanguage":"es-CO","potentialAction":[{"@type":"ReadAction","target":["https:\/\/www.fiscalia.gov.co\/colombia\/noticias\/cinco-hombres-que-estarian-involucrados-en-el-hurto-a-fincas-en-sabana-de-torres-santander-fueron-asegurados\/"]}]},{"@type":"ImageObject","inLanguage":"es-CO","@id":"https:\/\/www.fiscalia.gov.co\/colombia\/noticias\/cinco-hombres-que-estarian-involucrados-en-el-hurto-a-fincas-en-sabana-de-torres-santander-fueron-asegurados\/#primaryimage","url":"https:\/\/www.fiscalia.gov.co\/colombia\/wp-content\/uploads\/Sabana-De-Torres.jpeg","contentUrl":"https:\/\/www.fiscalia.gov.co\/colombia\/wp-content\/uploads\/Sabana-De-Torres.jpeg","width":1280,"height":720,"caption":"Los cinco hombres fueron cobijados con medida de aseguramiento en centro carcelario"},{"@type":"BreadcrumbList","@id":"https:\/\/www.fiscalia.gov.co\/colombia\/noticias\/cinco-hombres-que-estarian-involucrados-en-el-hurto-a-fincas-en-sabana-de-torres-santander-fueron-asegurados\/#breadcrumb","itemListElement":[{"@type":"ListItem","position":1,"name":"Home","item":"https:\/\/www.fiscalia.gov.co\/colombia\/"},{"@type":"ListItem","position":2,"name":"Cinco hombres que estar\u00edan involucrados en el hurto a fincas en Sabana de Torres (Santander) fueron asegurados"}]},{"@type":"WebSite","@id":"https:\/\/www.fiscalia.gov.co\/colombia\/#website","url":"https:\/\/www.fiscalia.gov.co\/colombia\/","name":"Fiscal\u00eda General de la Naci\u00f3n","description":"P\u00e1gina oficial de la Fiscal\u00eda General de la Naci\u00f3n \u2013 Colombia. Garantizamos el acceso efectivo a la justicia, la verdad y la reparaci\u00f3n de las v\u00edctimas de los delitos.","publisher":{"@id":"https:\/\/www.fiscalia.gov.co\/colombia\/#organization"},"potentialAction":[{"@type":"SearchAction","target":{"@type":"EntryPoint","urlTemplate":"https:\/\/www.fiscalia.gov.co\/colombia\/?s={search_term_string}"},"query-input":{"@type":"PropertyValueSpecification","valueRequired":true,"valueName":"search_term_string"}}],"inLanguage":"es-CO"},{"@type":"Organization","@id":"https:\/\/www.fiscalia.gov.co\/colombia\/#organization","name":"Fiscal\u00eda General de la Naci\u00f3n","url":"https:\/\/www.fiscalia.gov.co\/colombia\/","logo":{"@type":"ImageObject","inLanguage":"es-CO","@id":"https:\/\/www.fiscalia.gov.co\/colombia\/#\/schema\/logo\/image\/","url":"https:\/\/www.fiscalia.gov.co\/colombia\/wp-content\/uploads\/LogoHorizontal_1.jpg","contentUrl":"https:\/\/www.fiscalia.gov.co\/colombia\/wp-content\/uploads\/LogoHorizontal_1.jpg","width":300,"height":90,"caption":"Fiscal\u00eda General de la Naci\u00f3n"},"image":{"@id":"https:\/\/www.fiscalia.gov.co\/colombia\/#\/schema\/logo\/image\/"},"sameAs":["https:\/\/www.facebook.com\/FiscaliaCol","https:\/\/x.com\/FiscaliaCol","https:\/\/www.instagram.com\/fiscaliacol","https:\/\/www.linkedin.com\/company\/fiscalia-general-de-la-naci-n\/","https:\/\/youtube.com\/@fiscaliageneraldelanacion-4668?si=6nN79nyQICPU5iTh"]},{"@type":"Person","@id":"https:\/\/www.fiscalia.gov.co\/colombia\/#\/schema\/person\/bf84402cf293a5393e9c70b111020b24","name":"Jordan Leandro Oviedo Anzola","image":{"@type":"ImageObject","inLanguage":"es-CO","@id":"https:\/\/www.fiscalia.gov.co\/colombia\/#\/schema\/person\/image\/","url":"https:\/\/secure.gravatar.com\/avatar\/dabba4346fa9b9207d96adafa8f92721?s=96&d=mm&r=g","contentUrl":"https:\/\/secure.gravatar.com\/avatar\/dabba4346fa9b9207d96adafa8f92721?s=96&d=mm&r=g","caption":"Jordan Leandro Oviedo Anzola"},"url":"https:\/\/www.fiscalia.gov.co\/colombia\/author\/joviedo\/"}]}},"_links":{"self":[{"href":"https:\/\/www.fiscalia.gov.co\/colombia\/wp-json\/wp\/v2\/posts\/325441","targetHints":{"allow":["GET"]}}],"collection":[{"href":"https:\/\/www.fiscalia.gov.co\/colombia\/wp-json\/wp\/v2\/posts"}],"about":[{"href":"https:\/\/www.fiscalia.gov.co\/colombia\/wp-json\/wp\/v2\/types\/post"}],"author":[{"embeddable":true,"href":"https:\/\/www.fiscalia.gov.co\/colombia\/wp-json\/wp\/v2\/users\/177"}],"replies":[{"embeddable":true,"href":"https:\/\/www.fiscalia.gov.co\/colombia\/wp-json\/wp\/v2\/comments?post=325441"}],"version-history":[{"count":1,"href":"https:\/\/www.fiscalia.gov.co\/colombia\/wp-json\/wp\/v2\/posts\/325441\/revisions"}],"predecessor-version":[{"id":325443,"href":"https:\/\/www.fiscalia.gov.co\/colombia\/wp-json\/wp\/v2\/posts\/325441\/revisions\/325443"}],"wp:attachment":[{"href":"https:\/\/www.fiscalia.gov.co\/colombia\/wp-json\/wp\/v2\/media?parent=325441"}],"wp:term":[{"taxonomy":"category","embeddable":true,"href":"https:\/\/www.fiscalia.gov.co\/colombia\/wp-json\/wp\/v2\/categories?post=325441"},{"taxonomy":"post_tag","embeddable":true,"href":"https:\/\/www.fiscalia.gov.co\/colombia\/wp-json\/wp\/v2\/tags?post=325441"}],"curies":[{"name":"wp","href":"https:\/\/api.w.org\/{rel}","templated":true}]}}