{"id":325174,"date":"2025-10-06T11:27:03","date_gmt":"2025-10-06T16:27:03","guid":{"rendered":"https:\/\/www.fiscalia.gov.co\/colombia\/?p=325174"},"modified":"2025-10-06T11:27:03","modified_gmt":"2025-10-06T16:27:03","slug":"en-armenia-fueron-enviados-a-la-carcel-dos-hombres-senalados-de-atentar-contra-la-vida-de-un-ciudadano-en-medio-de-un-hurto","status":"publish","type":"post","link":"https:\/\/www.fiscalia.gov.co\/colombia\/noticias\/en-armenia-fueron-enviados-a-la-carcel-dos-hombres-senalados-de-atentar-contra-la-vida-de-un-ciudadano-en-medio-de-un-hurto\/","title":{"rendered":"En Armenia fueron enviados a la c\u00e1rcel dos hombres se\u00f1alados de atentar contra la vida de un ciudadano en medio de un hurto"},"content":{"rendered":"<p>Por solicitud de la Fiscal\u00eda General de la Naci\u00f3n, un juez de control de garant\u00edas impuso medidas de aseguramiento en centro carcelario contra Jherson Andr\u00e9s Arcila y Jhon Mario Robledo,<strong> se\u00f1alados de atentar contra un hombre durante un hurto en Armenia (Quind\u00edo).<\/strong><\/p>\n<figure id=\"attachment_325175\" aria-describedby=\"caption-attachment-325175\" style=\"width: 696px\" class=\"wp-caption aligncenter\"><img loading=\"lazy\" decoding=\"async\" class=\"size-large wp-image-325175\" src=\"https:\/\/www.fiscalia.gov.co\/colombia\/wp-content\/uploads\/Registro-fotografico-tentativa-de-homicidio-hurto-agravado-1024x576.jpg\" alt=\"En la fotograf\u00eda se encuentran cuatro personas dos de ellas los procesados, quienes se encuentran acompa\u00f1ados de dos uniformados de la Polic\u00eda Nacional.\u00a0\" width=\"696\" height=\"392\" srcset=\"https:\/\/www.fiscalia.gov.co\/colombia\/wp-content\/uploads\/Registro-fotografico-tentativa-de-homicidio-hurto-agravado-1024x576.jpg 1024w, https:\/\/www.fiscalia.gov.co\/colombia\/wp-content\/uploads\/Registro-fotografico-tentativa-de-homicidio-hurto-agravado-300x169.jpg 300w, https:\/\/www.fiscalia.gov.co\/colombia\/wp-content\/uploads\/Registro-fotografico-tentativa-de-homicidio-hurto-agravado-768x432.jpg 768w, https:\/\/www.fiscalia.gov.co\/colombia\/wp-content\/uploads\/Registro-fotografico-tentativa-de-homicidio-hurto-agravado-1536x864.jpg 1536w, https:\/\/www.fiscalia.gov.co\/colombia\/wp-content\/uploads\/Registro-fotografico-tentativa-de-homicidio-hurto-agravado-747x420.jpg 747w, https:\/\/www.fiscalia.gov.co\/colombia\/wp-content\/uploads\/Registro-fotografico-tentativa-de-homicidio-hurto-agravado-696x392.jpg 696w, https:\/\/www.fiscalia.gov.co\/colombia\/wp-content\/uploads\/Registro-fotografico-tentativa-de-homicidio-hurto-agravado-1068x601.jpg 1068w, https:\/\/www.fiscalia.gov.co\/colombia\/wp-content\/uploads\/Registro-fotografico-tentativa-de-homicidio-hurto-agravado.jpg 1600w\" sizes=\"auto, (max-width: 696px) 100vw, 696px\" \/><figcaption id=\"caption-attachment-325175\" class=\"wp-caption-text\">Los hombres habr\u00edan herido a un ciudadano para apoderarse de sus elementos de valor.<\/figcaption><\/figure>\n<p>Un fiscal de la Seccional Quind\u00edo les formul\u00f3 imputaci\u00f3n por los <strong>delitos de homicidio en grado de tentativa y hurto calificado y agravado<\/strong>. Los procesados no aceptaron los cargos.<\/p>\n<p>De acuerdo con la investigaci\u00f3n, los hechos ocurrieron el pasado 14 de junio, en el sector del centro administrativo municipal de Armenia, zona por donde caminaba la v\u00edctima en compa\u00f1\u00eda de su novia, y fueron abordados por los hoy procesados, <strong>quienes los pusieron en estado de indefensi\u00f3n.<\/strong><\/p>\n<p>Al parecer, le propinaron al hombre una herida con arma cortopunzante en el pecho, se apoderaron de dinero en efectivo y un celular.<\/p>\n<p>La v\u00edctima fue trasladada a un centro asistencial, donde lograron salvar su vida.<\/p>\n<p>&nbsp;<\/p>\n<p>&nbsp;<\/p>\n<p>&nbsp;<\/p>\n<p>&nbsp;<\/p>\n<p>&nbsp;<\/p>\n<p>NFRC\/LMFO\/AMCJ\/OALD\/DSQ<\/p>\n<p>&nbsp;<\/p>\n<p>&nbsp;<\/p>\n<p>&nbsp;<\/p>\n<p>&nbsp;<\/p>\n<div class=\"td-post-content tagdiv-type\">\n<p class=\"p1\"><em><span class=\"s3\">La informaci\u00f3n contenida en este bolet\u00edn de prensa corresponde a la narraci\u00f3n de los hechos noticiosos objetivos, suministrados por los funcionarios encargados de adelantar las investigaciones penales al interior de la Fiscal\u00eda General de la Naci\u00f3n. Para el momento de la divulgaci\u00f3n de este comunicado, la situaci\u00f3n jur\u00eddica de la(s) persona(s) relacionada(s) se encuentra pendiente de resolver por la autoridad judicial competente, siempre bajo los preceptos de la presunci\u00f3n de inocencia, consagrados en el art\u00edculo 29 de la Constituci\u00f3n Pol\u00edtica y el art\u00edculo 7\u00ba de la Ley 906 de 2004.<\/span><\/em><\/p>\n<footer><\/footer>\n<\/div>\n<footer>\n<div class=\"td-post-source-tags\"><\/div>\n<div class=\"td-post-sharing-bottom\"><\/div>\n<\/footer>\n\n<div class=\"twitter-share\"><a href=\"https:\/\/twitter.com\/intent\/tweet?via=fiscaliacol\" class=\"twitter-share-button\">Tweet<\/a><\/div>\n","protected":false},"excerpt":{"rendered":"<p>Por solicitud de la Fiscal\u00eda General de la Naci\u00f3n, un juez de control de garant\u00edas impuso medidas de aseguramiento en centro carcelario contra Jherson Andr\u00e9s Arcila y Jhon Mario Robledo, se\u00f1alados de atentar contra un hombre durante un hurto en Armenia (Quind\u00edo). Un fiscal de la Seccional Quind\u00edo les formul\u00f3 imputaci\u00f3n por los delitos de [&hellip;]<\/p>\n","protected":false},"author":177,"featured_media":0,"comment_status":"closed","ping_status":"open","sticky":false,"template":"","format":"standard","meta":{"tdm_status":"","tdm_grid_status":"","footnotes":""},"categories":[1,319,303],"tags":[23825,28368,41807,37492,1047,23960,479],"class_list":{"0":"post-325174","1":"post","2":"type-post","3":"status-publish","4":"format-standard","6":"category-noticias","7":"category-seccional-armenia","8":"category-seccionales","9":"tag-armenia","10":"tag-armenia-quindio","11":"tag-atentar-contra-la-vida","12":"tag-fiscal-luz-adriana-camargo","13":"tag-fiscalia-general-de-la-nacion","14":"tag-hurto","15":"tag-tentativa-de-homicidio"},"yoast_head":"<!-- This site is optimized with the Yoast SEO plugin v24.3 - https:\/\/yoast.com\/wordpress\/plugins\/seo\/ -->\n<title>Fiscal\u00eda General de la Naci\u00f3n<\/title>\n<meta name=\"description\" content=\"P\u00e1gina oficial de la Fiscal\u00eda General de la Naci\u00f3n \u2013 Colombia. Garantizamos el acceso efectivo a la justicia, la verdad y la reparaci\u00f3n de las v\u00edctimas de los delitos.\" \/>\n<meta name=\"robots\" content=\"noindex, follow\" \/>\n<meta property=\"og:locale\" content=\"es_ES\" \/>\n<meta property=\"og:type\" content=\"article\" \/>\n<meta property=\"og:title\" content=\"Fiscal\u00eda General de la Naci\u00f3n\" \/>\n<meta property=\"og:description\" content=\"P\u00e1gina oficial de la Fiscal\u00eda General de la Naci\u00f3n \u2013 Colombia. Garantizamos el acceso efectivo a la justicia, la verdad y la reparaci\u00f3n de las v\u00edctimas de los delitos.\" \/>\n<meta property=\"og:url\" content=\"https:\/\/www.fiscalia.gov.co\/colombia\/noticias\/en-armenia-fueron-enviados-a-la-carcel-dos-hombres-senalados-de-atentar-contra-la-vida-de-un-ciudadano-en-medio-de-un-hurto\/\" \/>\n<meta property=\"og:site_name\" content=\"Fiscal\u00eda General de la Naci\u00f3n\" \/>\n<meta property=\"article:publisher\" content=\"https:\/\/www.facebook.com\/FiscaliaCol\" \/>\n<meta property=\"article:published_time\" content=\"2025-10-06T16:27:03+00:00\" \/>\n<meta property=\"og:image\" content=\"https:\/\/www.fiscalia.gov.co\/colombia\/wp-content\/uploads\/Registro-fotografico-tentativa-de-homicidio-hurto-agravado.jpg\" \/>\n\t<meta property=\"og:image:width\" content=\"1600\" \/>\n\t<meta property=\"og:image:height\" content=\"900\" \/>\n\t<meta property=\"og:image:type\" content=\"image\/jpeg\" \/>\n<meta name=\"author\" content=\"Jordan Leandro Oviedo Anzola\" \/>\n<meta name=\"twitter:card\" content=\"summary_large_image\" \/>\n<meta name=\"twitter:creator\" content=\"@FiscaliaCol\" \/>\n<meta name=\"twitter:site\" content=\"@FiscaliaCol\" \/>\n<meta name=\"twitter:label1\" content=\"Escrito por\" \/>\n\t<meta name=\"twitter:data1\" content=\"Jordan Leandro Oviedo Anzola\" \/>\n\t<meta name=\"twitter:label2\" content=\"Tiempo de lectura\" \/>\n\t<meta name=\"twitter:data2\" content=\"2 minutos\" \/>\n<script type=\"application\/ld+json\" class=\"yoast-schema-graph\">{\"@context\":\"https:\/\/schema.org\",\"@graph\":[{\"@type\":\"Article\",\"@id\":\"https:\/\/www.fiscalia.gov.co\/colombia\/noticias\/en-armenia-fueron-enviados-a-la-carcel-dos-hombres-senalados-de-atentar-contra-la-vida-de-un-ciudadano-en-medio-de-un-hurto\/#article\",\"isPartOf\":{\"@id\":\"https:\/\/www.fiscalia.gov.co\/colombia\/noticias\/en-armenia-fueron-enviados-a-la-carcel-dos-hombres-senalados-de-atentar-contra-la-vida-de-un-ciudadano-en-medio-de-un-hurto\/\"},\"author\":{\"name\":\"Jordan Leandro Oviedo Anzola\",\"@id\":\"https:\/\/www.fiscalia.gov.co\/colombia\/#\/schema\/person\/bf84402cf293a5393e9c70b111020b24\"},\"headline\":\"En Armenia fueron enviados a la c\u00e1rcel dos hombres se\u00f1alados de atentar contra la vida de un ciudadano en medio de un hurto\",\"datePublished\":\"2025-10-06T16:27:03+00:00\",\"dateModified\":\"2025-10-06T16:27:03+00:00\",\"mainEntityOfPage\":{\"@id\":\"https:\/\/www.fiscalia.gov.co\/colombia\/noticias\/en-armenia-fueron-enviados-a-la-carcel-dos-hombres-senalados-de-atentar-contra-la-vida-de-un-ciudadano-en-medio-de-un-hurto\/\"},\"wordCount\":329,\"publisher\":{\"@id\":\"https:\/\/www.fiscalia.gov.co\/colombia\/#organization\"},\"image\":{\"@id\":\"https:\/\/www.fiscalia.gov.co\/colombia\/noticias\/en-armenia-fueron-enviados-a-la-carcel-dos-hombres-senalados-de-atentar-contra-la-vida-de-un-ciudadano-en-medio-de-un-hurto\/#primaryimage\"},\"thumbnailUrl\":\"https:\/\/www.fiscalia.gov.co\/colombia\/wp-content\/uploads\/Registro-fotografico-tentativa-de-homicidio-hurto-agravado-1024x576.jpg\",\"keywords\":[\"Armenia\",\"Armenia (Quind\u00edo)\",\"atentar contra la vida\",\"Fiscal Luz Adriana Camargo\",\"Fiscal\u00eda General de la Naci\u00f3n\",\"Hurto\",\"Tentativa de homicidio\"],\"articleSection\":[\"Noticias\",\"Seccional Armenia\",\"Seccionales\"],\"inLanguage\":\"es-CO\"},{\"@type\":\"WebPage\",\"@id\":\"https:\/\/www.fiscalia.gov.co\/colombia\/noticias\/en-armenia-fueron-enviados-a-la-carcel-dos-hombres-senalados-de-atentar-contra-la-vida-de-un-ciudadano-en-medio-de-un-hurto\/\",\"url\":\"https:\/\/www.fiscalia.gov.co\/colombia\/noticias\/en-armenia-fueron-enviados-a-la-carcel-dos-hombres-senalados-de-atentar-contra-la-vida-de-un-ciudadano-en-medio-de-un-hurto\/\",\"name\":\"Fiscal\u00eda General de la Naci\u00f3n\",\"isPartOf\":{\"@id\":\"https:\/\/www.fiscalia.gov.co\/colombia\/#website\"},\"primaryImageOfPage\":{\"@id\":\"https:\/\/www.fiscalia.gov.co\/colombia\/noticias\/en-armenia-fueron-enviados-a-la-carcel-dos-hombres-senalados-de-atentar-contra-la-vida-de-un-ciudadano-en-medio-de-un-hurto\/#primaryimage\"},\"image\":{\"@id\":\"https:\/\/www.fiscalia.gov.co\/colombia\/noticias\/en-armenia-fueron-enviados-a-la-carcel-dos-hombres-senalados-de-atentar-contra-la-vida-de-un-ciudadano-en-medio-de-un-hurto\/#primaryimage\"},\"thumbnailUrl\":\"https:\/\/www.fiscalia.gov.co\/colombia\/wp-content\/uploads\/Registro-fotografico-tentativa-de-homicidio-hurto-agravado-1024x576.jpg\",\"datePublished\":\"2025-10-06T16:27:03+00:00\",\"dateModified\":\"2025-10-06T16:27:03+00:00\",\"description\":\"P\u00e1gina oficial de la Fiscal\u00eda General de la Naci\u00f3n \u2013 Colombia. Garantizamos el acceso efectivo a la justicia, la verdad y la reparaci\u00f3n de las v\u00edctimas de los delitos.\",\"breadcrumb\":{\"@id\":\"https:\/\/www.fiscalia.gov.co\/colombia\/noticias\/en-armenia-fueron-enviados-a-la-carcel-dos-hombres-senalados-de-atentar-contra-la-vida-de-un-ciudadano-en-medio-de-un-hurto\/#breadcrumb\"},\"inLanguage\":\"es-CO\",\"potentialAction\":[{\"@type\":\"ReadAction\",\"target\":[\"https:\/\/www.fiscalia.gov.co\/colombia\/noticias\/en-armenia-fueron-enviados-a-la-carcel-dos-hombres-senalados-de-atentar-contra-la-vida-de-un-ciudadano-en-medio-de-un-hurto\/\"]}]},{\"@type\":\"ImageObject\",\"inLanguage\":\"es-CO\",\"@id\":\"https:\/\/www.fiscalia.gov.co\/colombia\/noticias\/en-armenia-fueron-enviados-a-la-carcel-dos-hombres-senalados-de-atentar-contra-la-vida-de-un-ciudadano-en-medio-de-un-hurto\/#primaryimage\",\"url\":\"https:\/\/www.fiscalia.gov.co\/colombia\/wp-content\/uploads\/Registro-fotografico-tentativa-de-homicidio-hurto-agravado.jpg\",\"contentUrl\":\"https:\/\/www.fiscalia.gov.co\/colombia\/wp-content\/uploads\/Registro-fotografico-tentativa-de-homicidio-hurto-agravado.jpg\",\"width\":1600,\"height\":900,\"caption\":\"Los hombres habr\u00edan herido a un ciudadano para apoderarse de sus elementos de valor.\"},{\"@type\":\"BreadcrumbList\",\"@id\":\"https:\/\/www.fiscalia.gov.co\/colombia\/noticias\/en-armenia-fueron-enviados-a-la-carcel-dos-hombres-senalados-de-atentar-contra-la-vida-de-un-ciudadano-en-medio-de-un-hurto\/#breadcrumb\",\"itemListElement\":[{\"@type\":\"ListItem\",\"position\":1,\"name\":\"Home\",\"item\":\"https:\/\/www.fiscalia.gov.co\/colombia\/\"},{\"@type\":\"ListItem\",\"position\":2,\"name\":\"En Armenia fueron enviados a la c\u00e1rcel dos hombres se\u00f1alados de atentar contra la vida de un ciudadano en medio de un hurto\"}]},{\"@type\":\"WebSite\",\"@id\":\"https:\/\/www.fiscalia.gov.co\/colombia\/#website\",\"url\":\"https:\/\/www.fiscalia.gov.co\/colombia\/\",\"name\":\"Fiscal\u00eda General de la Naci\u00f3n\",\"description\":\"P\u00e1gina oficial de la Fiscal\u00eda General de la Naci\u00f3n \u2013 Colombia. Garantizamos el acceso efectivo a la justicia, la verdad y la reparaci\u00f3n de las v\u00edctimas de los delitos.\",\"publisher\":{\"@id\":\"https:\/\/www.fiscalia.gov.co\/colombia\/#organization\"},\"potentialAction\":[{\"@type\":\"SearchAction\",\"target\":{\"@type\":\"EntryPoint\",\"urlTemplate\":\"https:\/\/www.fiscalia.gov.co\/colombia\/?s={search_term_string}\"},\"query-input\":{\"@type\":\"PropertyValueSpecification\",\"valueRequired\":true,\"valueName\":\"search_term_string\"}}],\"inLanguage\":\"es-CO\"},{\"@type\":\"Organization\",\"@id\":\"https:\/\/www.fiscalia.gov.co\/colombia\/#organization\",\"name\":\"Fiscal\u00eda General de la Naci\u00f3n\",\"url\":\"https:\/\/www.fiscalia.gov.co\/colombia\/\",\"logo\":{\"@type\":\"ImageObject\",\"inLanguage\":\"es-CO\",\"@id\":\"https:\/\/www.fiscalia.gov.co\/colombia\/#\/schema\/logo\/image\/\",\"url\":\"https:\/\/www.fiscalia.gov.co\/colombia\/wp-content\/uploads\/LogoHorizontal_1.jpg\",\"contentUrl\":\"https:\/\/www.fiscalia.gov.co\/colombia\/wp-content\/uploads\/LogoHorizontal_1.jpg\",\"width\":300,\"height\":90,\"caption\":\"Fiscal\u00eda General de la Naci\u00f3n\"},\"image\":{\"@id\":\"https:\/\/www.fiscalia.gov.co\/colombia\/#\/schema\/logo\/image\/\"},\"sameAs\":[\"https:\/\/www.facebook.com\/FiscaliaCol\",\"https:\/\/x.com\/FiscaliaCol\",\"https:\/\/www.instagram.com\/fiscaliacol\",\"https:\/\/www.linkedin.com\/company\/fiscalia-general-de-la-naci-n\/\",\"https:\/\/youtube.com\/@fiscaliageneraldelanacion-4668?si=6nN79nyQICPU5iTh\"]},{\"@type\":\"Person\",\"@id\":\"https:\/\/www.fiscalia.gov.co\/colombia\/#\/schema\/person\/bf84402cf293a5393e9c70b111020b24\",\"name\":\"Jordan Leandro Oviedo Anzola\",\"image\":{\"@type\":\"ImageObject\",\"inLanguage\":\"es-CO\",\"@id\":\"https:\/\/www.fiscalia.gov.co\/colombia\/#\/schema\/person\/image\/\",\"url\":\"https:\/\/secure.gravatar.com\/avatar\/dabba4346fa9b9207d96adafa8f92721?s=96&d=mm&r=g\",\"contentUrl\":\"https:\/\/secure.gravatar.com\/avatar\/dabba4346fa9b9207d96adafa8f92721?s=96&d=mm&r=g\",\"caption\":\"Jordan Leandro Oviedo Anzola\"},\"url\":\"https:\/\/www.fiscalia.gov.co\/colombia\/author\/joviedo\/\"}]}<\/script>\n<!-- \/ Yoast SEO plugin. -->","yoast_head_json":{"title":"Fiscal\u00eda General de la Naci\u00f3n","description":"P\u00e1gina oficial de la Fiscal\u00eda General de la Naci\u00f3n \u2013 Colombia. Garantizamos el acceso efectivo a la justicia, la verdad y la reparaci\u00f3n de las v\u00edctimas de los delitos.","robots":{"index":"noindex","follow":"follow"},"og_locale":"es_ES","og_type":"article","og_title":"Fiscal\u00eda General de la Naci\u00f3n","og_description":"P\u00e1gina oficial de la Fiscal\u00eda General de la Naci\u00f3n \u2013 Colombia. Garantizamos el acceso efectivo a la justicia, la verdad y la reparaci\u00f3n de las v\u00edctimas de los delitos.","og_url":"https:\/\/www.fiscalia.gov.co\/colombia\/noticias\/en-armenia-fueron-enviados-a-la-carcel-dos-hombres-senalados-de-atentar-contra-la-vida-de-un-ciudadano-en-medio-de-un-hurto\/","og_site_name":"Fiscal\u00eda General de la Naci\u00f3n","article_publisher":"https:\/\/www.facebook.com\/FiscaliaCol","article_published_time":"2025-10-06T16:27:03+00:00","og_image":[{"width":1600,"height":900,"url":"https:\/\/www.fiscalia.gov.co\/colombia\/wp-content\/uploads\/Registro-fotografico-tentativa-de-homicidio-hurto-agravado.jpg","type":"image\/jpeg"}],"author":"Jordan Leandro Oviedo Anzola","twitter_card":"summary_large_image","twitter_creator":"@FiscaliaCol","twitter_site":"@FiscaliaCol","twitter_misc":{"Escrito por":"Jordan Leandro Oviedo Anzola","Tiempo de lectura":"2 minutos"},"schema":{"@context":"https:\/\/schema.org","@graph":[{"@type":"Article","@id":"https:\/\/www.fiscalia.gov.co\/colombia\/noticias\/en-armenia-fueron-enviados-a-la-carcel-dos-hombres-senalados-de-atentar-contra-la-vida-de-un-ciudadano-en-medio-de-un-hurto\/#article","isPartOf":{"@id":"https:\/\/www.fiscalia.gov.co\/colombia\/noticias\/en-armenia-fueron-enviados-a-la-carcel-dos-hombres-senalados-de-atentar-contra-la-vida-de-un-ciudadano-en-medio-de-un-hurto\/"},"author":{"name":"Jordan Leandro Oviedo Anzola","@id":"https:\/\/www.fiscalia.gov.co\/colombia\/#\/schema\/person\/bf84402cf293a5393e9c70b111020b24"},"headline":"En Armenia fueron enviados a la c\u00e1rcel dos hombres se\u00f1alados de atentar contra la vida de un ciudadano en medio de un hurto","datePublished":"2025-10-06T16:27:03+00:00","dateModified":"2025-10-06T16:27:03+00:00","mainEntityOfPage":{"@id":"https:\/\/www.fiscalia.gov.co\/colombia\/noticias\/en-armenia-fueron-enviados-a-la-carcel-dos-hombres-senalados-de-atentar-contra-la-vida-de-un-ciudadano-en-medio-de-un-hurto\/"},"wordCount":329,"publisher":{"@id":"https:\/\/www.fiscalia.gov.co\/colombia\/#organization"},"image":{"@id":"https:\/\/www.fiscalia.gov.co\/colombia\/noticias\/en-armenia-fueron-enviados-a-la-carcel-dos-hombres-senalados-de-atentar-contra-la-vida-de-un-ciudadano-en-medio-de-un-hurto\/#primaryimage"},"thumbnailUrl":"https:\/\/www.fiscalia.gov.co\/colombia\/wp-content\/uploads\/Registro-fotografico-tentativa-de-homicidio-hurto-agravado-1024x576.jpg","keywords":["Armenia","Armenia (Quind\u00edo)","atentar contra la vida","Fiscal Luz Adriana Camargo","Fiscal\u00eda General de la Naci\u00f3n","Hurto","Tentativa de homicidio"],"articleSection":["Noticias","Seccional Armenia","Seccionales"],"inLanguage":"es-CO"},{"@type":"WebPage","@id":"https:\/\/www.fiscalia.gov.co\/colombia\/noticias\/en-armenia-fueron-enviados-a-la-carcel-dos-hombres-senalados-de-atentar-contra-la-vida-de-un-ciudadano-en-medio-de-un-hurto\/","url":"https:\/\/www.fiscalia.gov.co\/colombia\/noticias\/en-armenia-fueron-enviados-a-la-carcel-dos-hombres-senalados-de-atentar-contra-la-vida-de-un-ciudadano-en-medio-de-un-hurto\/","name":"Fiscal\u00eda General de la Naci\u00f3n","isPartOf":{"@id":"https:\/\/www.fiscalia.gov.co\/colombia\/#website"},"primaryImageOfPage":{"@id":"https:\/\/www.fiscalia.gov.co\/colombia\/noticias\/en-armenia-fueron-enviados-a-la-carcel-dos-hombres-senalados-de-atentar-contra-la-vida-de-un-ciudadano-en-medio-de-un-hurto\/#primaryimage"},"image":{"@id":"https:\/\/www.fiscalia.gov.co\/colombia\/noticias\/en-armenia-fueron-enviados-a-la-carcel-dos-hombres-senalados-de-atentar-contra-la-vida-de-un-ciudadano-en-medio-de-un-hurto\/#primaryimage"},"thumbnailUrl":"https:\/\/www.fiscalia.gov.co\/colombia\/wp-content\/uploads\/Registro-fotografico-tentativa-de-homicidio-hurto-agravado-1024x576.jpg","datePublished":"2025-10-06T16:27:03+00:00","dateModified":"2025-10-06T16:27:03+00:00","description":"P\u00e1gina oficial de la Fiscal\u00eda General de la Naci\u00f3n \u2013 Colombia. Garantizamos el acceso efectivo a la justicia, la verdad y la reparaci\u00f3n de las v\u00edctimas de los delitos.","breadcrumb":{"@id":"https:\/\/www.fiscalia.gov.co\/colombia\/noticias\/en-armenia-fueron-enviados-a-la-carcel-dos-hombres-senalados-de-atentar-contra-la-vida-de-un-ciudadano-en-medio-de-un-hurto\/#breadcrumb"},"inLanguage":"es-CO","potentialAction":[{"@type":"ReadAction","target":["https:\/\/www.fiscalia.gov.co\/colombia\/noticias\/en-armenia-fueron-enviados-a-la-carcel-dos-hombres-senalados-de-atentar-contra-la-vida-de-un-ciudadano-en-medio-de-un-hurto\/"]}]},{"@type":"ImageObject","inLanguage":"es-CO","@id":"https:\/\/www.fiscalia.gov.co\/colombia\/noticias\/en-armenia-fueron-enviados-a-la-carcel-dos-hombres-senalados-de-atentar-contra-la-vida-de-un-ciudadano-en-medio-de-un-hurto\/#primaryimage","url":"https:\/\/www.fiscalia.gov.co\/colombia\/wp-content\/uploads\/Registro-fotografico-tentativa-de-homicidio-hurto-agravado.jpg","contentUrl":"https:\/\/www.fiscalia.gov.co\/colombia\/wp-content\/uploads\/Registro-fotografico-tentativa-de-homicidio-hurto-agravado.jpg","width":1600,"height":900,"caption":"Los hombres habr\u00edan herido a un ciudadano para apoderarse de sus elementos de valor."},{"@type":"BreadcrumbList","@id":"https:\/\/www.fiscalia.gov.co\/colombia\/noticias\/en-armenia-fueron-enviados-a-la-carcel-dos-hombres-senalados-de-atentar-contra-la-vida-de-un-ciudadano-en-medio-de-un-hurto\/#breadcrumb","itemListElement":[{"@type":"ListItem","position":1,"name":"Home","item":"https:\/\/www.fiscalia.gov.co\/colombia\/"},{"@type":"ListItem","position":2,"name":"En Armenia fueron enviados a la c\u00e1rcel dos hombres se\u00f1alados de atentar contra la vida de un ciudadano en medio de un hurto"}]},{"@type":"WebSite","@id":"https:\/\/www.fiscalia.gov.co\/colombia\/#website","url":"https:\/\/www.fiscalia.gov.co\/colombia\/","name":"Fiscal\u00eda General de la Naci\u00f3n","description":"P\u00e1gina oficial de la Fiscal\u00eda General de la Naci\u00f3n \u2013 Colombia. Garantizamos el acceso efectivo a la justicia, la verdad y la reparaci\u00f3n de las v\u00edctimas de los delitos.","publisher":{"@id":"https:\/\/www.fiscalia.gov.co\/colombia\/#organization"},"potentialAction":[{"@type":"SearchAction","target":{"@type":"EntryPoint","urlTemplate":"https:\/\/www.fiscalia.gov.co\/colombia\/?s={search_term_string}"},"query-input":{"@type":"PropertyValueSpecification","valueRequired":true,"valueName":"search_term_string"}}],"inLanguage":"es-CO"},{"@type":"Organization","@id":"https:\/\/www.fiscalia.gov.co\/colombia\/#organization","name":"Fiscal\u00eda General de la Naci\u00f3n","url":"https:\/\/www.fiscalia.gov.co\/colombia\/","logo":{"@type":"ImageObject","inLanguage":"es-CO","@id":"https:\/\/www.fiscalia.gov.co\/colombia\/#\/schema\/logo\/image\/","url":"https:\/\/www.fiscalia.gov.co\/colombia\/wp-content\/uploads\/LogoHorizontal_1.jpg","contentUrl":"https:\/\/www.fiscalia.gov.co\/colombia\/wp-content\/uploads\/LogoHorizontal_1.jpg","width":300,"height":90,"caption":"Fiscal\u00eda General de la Naci\u00f3n"},"image":{"@id":"https:\/\/www.fiscalia.gov.co\/colombia\/#\/schema\/logo\/image\/"},"sameAs":["https:\/\/www.facebook.com\/FiscaliaCol","https:\/\/x.com\/FiscaliaCol","https:\/\/www.instagram.com\/fiscaliacol","https:\/\/www.linkedin.com\/company\/fiscalia-general-de-la-naci-n\/","https:\/\/youtube.com\/@fiscaliageneraldelanacion-4668?si=6nN79nyQICPU5iTh"]},{"@type":"Person","@id":"https:\/\/www.fiscalia.gov.co\/colombia\/#\/schema\/person\/bf84402cf293a5393e9c70b111020b24","name":"Jordan Leandro Oviedo Anzola","image":{"@type":"ImageObject","inLanguage":"es-CO","@id":"https:\/\/www.fiscalia.gov.co\/colombia\/#\/schema\/person\/image\/","url":"https:\/\/secure.gravatar.com\/avatar\/dabba4346fa9b9207d96adafa8f92721?s=96&d=mm&r=g","contentUrl":"https:\/\/secure.gravatar.com\/avatar\/dabba4346fa9b9207d96adafa8f92721?s=96&d=mm&r=g","caption":"Jordan Leandro Oviedo Anzola"},"url":"https:\/\/www.fiscalia.gov.co\/colombia\/author\/joviedo\/"}]}},"_links":{"self":[{"href":"https:\/\/www.fiscalia.gov.co\/colombia\/wp-json\/wp\/v2\/posts\/325174","targetHints":{"allow":["GET"]}}],"collection":[{"href":"https:\/\/www.fiscalia.gov.co\/colombia\/wp-json\/wp\/v2\/posts"}],"about":[{"href":"https:\/\/www.fiscalia.gov.co\/colombia\/wp-json\/wp\/v2\/types\/post"}],"author":[{"embeddable":true,"href":"https:\/\/www.fiscalia.gov.co\/colombia\/wp-json\/wp\/v2\/users\/177"}],"replies":[{"embeddable":true,"href":"https:\/\/www.fiscalia.gov.co\/colombia\/wp-json\/wp\/v2\/comments?post=325174"}],"version-history":[{"count":1,"href":"https:\/\/www.fiscalia.gov.co\/colombia\/wp-json\/wp\/v2\/posts\/325174\/revisions"}],"predecessor-version":[{"id":325176,"href":"https:\/\/www.fiscalia.gov.co\/colombia\/wp-json\/wp\/v2\/posts\/325174\/revisions\/325176"}],"wp:attachment":[{"href":"https:\/\/www.fiscalia.gov.co\/colombia\/wp-json\/wp\/v2\/media?parent=325174"}],"wp:term":[{"taxonomy":"category","embeddable":true,"href":"https:\/\/www.fiscalia.gov.co\/colombia\/wp-json\/wp\/v2\/categories?post=325174"},{"taxonomy":"post_tag","embeddable":true,"href":"https:\/\/www.fiscalia.gov.co\/colombia\/wp-json\/wp\/v2\/tags?post=325174"}],"curies":[{"name":"wp","href":"https:\/\/api.w.org\/{rel}","templated":true}]}}