{"id":325149,"date":"2025-10-06T08:37:42","date_gmt":"2025-10-06T13:37:42","guid":{"rendered":"https:\/\/www.fiscalia.gov.co\/colombia\/?p=325149"},"modified":"2026-03-26T09:57:56","modified_gmt":"2026-03-26T14:57:56","slug":"condenada-mujer-senalada-de-captar-jovenes-para-una-red-de-trata-de-personas-que-explotaba-sexualmente-a-mujeres-en-bari-italia","status":"publish","type":"post","link":"https:\/\/www.fiscalia.gov.co\/colombia\/derechos-humanos\/condenada-mujer-senalada-de-captar-jovenes-para-una-red-de-trata-de-personas-que-explotaba-sexualmente-a-mujeres-en-bari-italia\/","title":{"rendered":"Condenada mujer se\u00f1alada de captar j\u00f3venes para una red de trata de personas que explotaba sexualmente a mujeres en Bari (Italia)"},"content":{"rendered":"<h4><strong><em>Martha Cecilia \u00c1lvarez Silva fue sentenciada a 13 a\u00f1os de prisi\u00f3n y al pago de 800 salarios m\u00ednimos legales mensuales vigentes.<\/em> <\/strong><\/h4>\n<p>Una mujer de 26 a\u00f1os, madre de dos hijos, quien afrontaba una dif\u00edcil situaci\u00f3n econ\u00f3mica, fue contactada en Pereira (Risaralda) por Martha Cecilia \u00c1lvarez Silva y <strong>convencida de aceptar una supuesta oferta laboral en un almac\u00e9n de ropa en Bari (Italia). <\/strong><\/p>\n<p>El ofrecimiento iba acompa\u00f1ado de ayuda para realizar los tr\u00e1mites de pasaporte y permisos consulares, <strong>adquirir tiquetes a\u00e9reos por 10 millones de pesos<\/strong>, y recibir vestido, alojamiento y alimentaci\u00f3n en territorito europeo.<\/p>\n<p>En septiembre de 2016, la mujer viaj\u00f3 a Italia. All\u00ed, \u00c1lvarez Silva la recibi\u00f3, le quit\u00f3 el pasaporte, la traslad\u00f3 a Bari, <strong>la ubic\u00f3 en un hotel y le indic\u00f3 que deb\u00eda ejercer actividades de tipo sexual para cubrir los gastos del viaje<\/strong> y otros asuntos relacionados con su estad\u00eda en el exterior.<\/p>\n<p>La v\u00edctima estuvo a disposici\u00f3n de un grupo de personas que la someti\u00f3 a maltratos f\u00edsicos y psicol\u00f3gicos, la aliment\u00f3 con pan, agua y, en algunas ocasiones, at\u00fan; limit\u00f3 sus comunicaciones v\u00eda celular con los familiares, y la mantuvo en constante amenaza. <strong>Producto de una agresi\u00f3n e intento de homicidio<\/strong>, fue trasladada en grave estado de salud a un centro asistencial, donde se recuper\u00f3 de las heridas y denunci\u00f3 la situaci\u00f3n que enfrentaba. Esto le permiti\u00f3 <strong>regresar a Colombia en noviembre de 2016. <\/strong><\/p>\n<p>En atenci\u00f3n a las pruebas aportadas en juico oral por un fiscal de la Direcci\u00f3n Especializada contra las <strong>Violaciones a los Derechos Humanos<\/strong>, un juez penal de conocimiento de Pereira conden\u00f3 a Martha Cecilia \u00c1lvarez Silva a <strong>13 a\u00f1os de prisi\u00f3n por el delito de trata de personas.<\/strong> Adicionalmente, impuso una multa equivalente a 800 salarios m\u00ednimos legales mensuales vigentes y una inhabilidad para el ejercicio de derechos y funciones p\u00fablicas por 156 meses.<\/p>\n<p>La sentencia conocida es de primera instancia y en su contra proceden los recursos de ley.<\/p>\n<p>&nbsp;<\/p>\n<p>&nbsp;<\/p>\n<p>&nbsp;<\/p>\n<p>&nbsp;<\/p>\n<p>&nbsp;<\/p>\n<p>&nbsp;<\/p>\n<p>LAGP\/JARG\/HC\/DECVDH.<\/p>\n<p>&nbsp;<\/p>\n<p>&nbsp;<\/p>\n<p>&nbsp;<\/p>\n<p>&nbsp;<\/p>\n<p>&nbsp;<\/p>\n<p>&nbsp;<\/p>\n<p class=\"p1\"><em><span class=\"s3\">La informaci\u00f3n contenida en este bolet\u00edn de prensa corresponde a la narraci\u00f3n de los hechos noticiosos objetivos, suministrados por los funcionarios encargados de adelantar las investigaciones penales al interior de la Fiscal\u00eda General de la Naci\u00f3n. Para el momento de la divulgaci\u00f3n de este comunicado, la situaci\u00f3n jur\u00eddica de la(s) persona(s) relacionada(s) se encuentra pendiente de resolver por la autoridad judicial competente, siempre bajo los preceptos de la presunci\u00f3n de inocencia, consagrados en el art\u00edculo 29 de la Constituci\u00f3n Pol\u00edtica y el art\u00edculo 7\u00ba de la Ley 906 de 2004.<\/span><\/em><\/p>\n<footer>\n<p class=\"td-post-sharing-bottom\">\n<\/footer>\n\n<div class=\"twitter-share\"><a href=\"https:\/\/twitter.com\/intent\/tweet?via=fiscaliacol\" class=\"twitter-share-button\">Tweet<\/a><\/div>\n","protected":false},"excerpt":{"rendered":"<p>Martha Cecilia \u00c1lvarez Silva fue sentenciada a 13 a\u00f1os de prisi\u00f3n y al pago de 800 salarios m\u00ednimos legales mensuales vigentes. Una mujer de 26 a\u00f1os, madre de dos hijos, [&hellip;]<\/p>\n","protected":false},"author":177,"featured_media":0,"comment_status":"closed","ping_status":"open","sticky":false,"template":"","format":"standard","meta":{"tdm_status":"","tdm_grid_status":"","footnotes":""},"categories":[24176,24102,1],"tags":[43411,37492,1047,3237,35907,28170,213],"class_list":["post-325149","post","type-post","status-publish","format-standard","category-defensores","category-derechos-humanos","category-noticias","tag-bari","tag-fiscal-luz-adriana-camargo","tag-fiscalia-general-de-la-nacion","tag-intento-de-homicidio","tag-italia","tag-maltrato-fisico-y-psicologico","tag-trata-de-personas"],"yoast_head":"<!-- This site is optimized with the Yoast SEO plugin v24.3 - https:\/\/yoast.com\/wordpress\/plugins\/seo\/ -->\n<title>Fiscal\u00eda General de la Naci\u00f3n<\/title>\n<meta name=\"description\" content=\"P\u00e1gina oficial de la Fiscal\u00eda General de la Naci\u00f3n \u2013 Colombia. Garantizamos el acceso efectivo a la justicia, la verdad y la reparaci\u00f3n de las v\u00edctimas de los delitos.\" \/>\n<meta name=\"robots\" content=\"noindex, follow\" \/>\n<meta property=\"og:locale\" content=\"es_ES\" \/>\n<meta property=\"og:type\" content=\"article\" \/>\n<meta property=\"og:title\" content=\"Fiscal\u00eda General de la Naci\u00f3n\" \/>\n<meta property=\"og:description\" content=\"P\u00e1gina oficial de la Fiscal\u00eda General de la Naci\u00f3n \u2013 Colombia. Garantizamos el acceso efectivo a la justicia, la verdad y la reparaci\u00f3n de las v\u00edctimas de los delitos.\" \/>\n<meta property=\"og:url\" content=\"https:\/\/www.fiscalia.gov.co\/colombia\/derechos-humanos\/condenada-mujer-senalada-de-captar-jovenes-para-una-red-de-trata-de-personas-que-explotaba-sexualmente-a-mujeres-en-bari-italia\/\" \/>\n<meta property=\"og:site_name\" content=\"Fiscal\u00eda General de la Naci\u00f3n\" \/>\n<meta property=\"article:publisher\" content=\"https:\/\/www.facebook.com\/FiscaliaCol\" \/>\n<meta property=\"article:published_time\" content=\"2025-10-06T13:37:42+00:00\" \/>\n<meta property=\"article:modified_time\" content=\"2026-03-26T14:57:56+00:00\" \/>\n<meta name=\"author\" content=\"Jordan Leandro Oviedo Anzola\" \/>\n<meta name=\"twitter:card\" content=\"summary_large_image\" \/>\n<meta name=\"twitter:creator\" content=\"@FiscaliaCol\" \/>\n<meta name=\"twitter:site\" content=\"@FiscaliaCol\" \/>\n<meta name=\"twitter:label1\" content=\"Escrito por\" \/>\n\t<meta name=\"twitter:data1\" content=\"Jordan Leandro Oviedo Anzola\" \/>\n\t<meta name=\"twitter:label2\" content=\"Tiempo de lectura\" \/>\n\t<meta name=\"twitter:data2\" content=\"2 minutos\" \/>\n<script type=\"application\/ld+json\" class=\"yoast-schema-graph\">{\"@context\":\"https:\/\/schema.org\",\"@graph\":[{\"@type\":\"Article\",\"@id\":\"https:\/\/www.fiscalia.gov.co\/colombia\/derechos-humanos\/condenada-mujer-senalada-de-captar-jovenes-para-una-red-de-trata-de-personas-que-explotaba-sexualmente-a-mujeres-en-bari-italia\/#article\",\"isPartOf\":{\"@id\":\"https:\/\/www.fiscalia.gov.co\/colombia\/derechos-humanos\/condenada-mujer-senalada-de-captar-jovenes-para-una-red-de-trata-de-personas-que-explotaba-sexualmente-a-mujeres-en-bari-italia\/\"},\"author\":{\"name\":\"Jordan Leandro Oviedo Anzola\",\"@id\":\"https:\/\/www.fiscalia.gov.co\/colombia\/#\/schema\/person\/bf84402cf293a5393e9c70b111020b24\"},\"headline\":\"Condenada mujer se\u00f1alada de captar j\u00f3venes para una red de trata de personas que explotaba sexualmente a mujeres en Bari (Italia)\",\"datePublished\":\"2025-10-06T13:37:42+00:00\",\"dateModified\":\"2026-03-26T14:57:56+00:00\",\"mainEntityOfPage\":{\"@id\":\"https:\/\/www.fiscalia.gov.co\/colombia\/derechos-humanos\/condenada-mujer-senalada-de-captar-jovenes-para-una-red-de-trata-de-personas-que-explotaba-sexualmente-a-mujeres-en-bari-italia\/\"},\"wordCount\":480,\"publisher\":{\"@id\":\"https:\/\/www.fiscalia.gov.co\/colombia\/#organization\"},\"keywords\":[\"}bari\",\"Fiscal Luz Adriana Camargo\",\"Fiscal\u00eda General de la Naci\u00f3n\",\"Intento de homicidio\",\"italia\",\"maltrato f\u00edsico y psicol\u00f3gico\",\"Trata de personas\"],\"articleSection\":[\"Defensores\",\"Derechos Humanos\",\"Noticias\"],\"inLanguage\":\"es-CO\"},{\"@type\":\"WebPage\",\"@id\":\"https:\/\/www.fiscalia.gov.co\/colombia\/derechos-humanos\/condenada-mujer-senalada-de-captar-jovenes-para-una-red-de-trata-de-personas-que-explotaba-sexualmente-a-mujeres-en-bari-italia\/\",\"url\":\"https:\/\/www.fiscalia.gov.co\/colombia\/derechos-humanos\/condenada-mujer-senalada-de-captar-jovenes-para-una-red-de-trata-de-personas-que-explotaba-sexualmente-a-mujeres-en-bari-italia\/\",\"name\":\"Fiscal\u00eda General de la Naci\u00f3n\",\"isPartOf\":{\"@id\":\"https:\/\/www.fiscalia.gov.co\/colombia\/#website\"},\"datePublished\":\"2025-10-06T13:37:42+00:00\",\"dateModified\":\"2026-03-26T14:57:56+00:00\",\"description\":\"P\u00e1gina oficial de la Fiscal\u00eda General de la Naci\u00f3n \u2013 Colombia. Garantizamos el acceso efectivo a la justicia, la verdad y la reparaci\u00f3n de las v\u00edctimas de los delitos.\",\"breadcrumb\":{\"@id\":\"https:\/\/www.fiscalia.gov.co\/colombia\/derechos-humanos\/condenada-mujer-senalada-de-captar-jovenes-para-una-red-de-trata-de-personas-que-explotaba-sexualmente-a-mujeres-en-bari-italia\/#breadcrumb\"},\"inLanguage\":\"es-CO\",\"potentialAction\":[{\"@type\":\"ReadAction\",\"target\":[\"https:\/\/www.fiscalia.gov.co\/colombia\/derechos-humanos\/condenada-mujer-senalada-de-captar-jovenes-para-una-red-de-trata-de-personas-que-explotaba-sexualmente-a-mujeres-en-bari-italia\/\"]}]},{\"@type\":\"BreadcrumbList\",\"@id\":\"https:\/\/www.fiscalia.gov.co\/colombia\/derechos-humanos\/condenada-mujer-senalada-de-captar-jovenes-para-una-red-de-trata-de-personas-que-explotaba-sexualmente-a-mujeres-en-bari-italia\/#breadcrumb\",\"itemListElement\":[{\"@type\":\"ListItem\",\"position\":1,\"name\":\"Home\",\"item\":\"https:\/\/www.fiscalia.gov.co\/colombia\/\"},{\"@type\":\"ListItem\",\"position\":2,\"name\":\"Condenada mujer se\u00f1alada de captar j\u00f3venes para una red de trata de personas que explotaba sexualmente a mujeres en Bari (Italia)\"}]},{\"@type\":\"WebSite\",\"@id\":\"https:\/\/www.fiscalia.gov.co\/colombia\/#website\",\"url\":\"https:\/\/www.fiscalia.gov.co\/colombia\/\",\"name\":\"Fiscal\u00eda General de la Naci\u00f3n\",\"description\":\"P\u00e1gina oficial de la Fiscal\u00eda General de la Naci\u00f3n \u2013 Colombia. Garantizamos el acceso efectivo a la justicia, la verdad y la reparaci\u00f3n de las v\u00edctimas de los delitos.\",\"publisher\":{\"@id\":\"https:\/\/www.fiscalia.gov.co\/colombia\/#organization\"},\"potentialAction\":[{\"@type\":\"SearchAction\",\"target\":{\"@type\":\"EntryPoint\",\"urlTemplate\":\"https:\/\/www.fiscalia.gov.co\/colombia\/?s={search_term_string}\"},\"query-input\":{\"@type\":\"PropertyValueSpecification\",\"valueRequired\":true,\"valueName\":\"search_term_string\"}}],\"inLanguage\":\"es-CO\"},{\"@type\":\"Organization\",\"@id\":\"https:\/\/www.fiscalia.gov.co\/colombia\/#organization\",\"name\":\"Fiscal\u00eda General de la Naci\u00f3n\",\"url\":\"https:\/\/www.fiscalia.gov.co\/colombia\/\",\"logo\":{\"@type\":\"ImageObject\",\"inLanguage\":\"es-CO\",\"@id\":\"https:\/\/www.fiscalia.gov.co\/colombia\/#\/schema\/logo\/image\/\",\"url\":\"https:\/\/www.fiscalia.gov.co\/colombia\/wp-content\/uploads\/LogoHorizontal_1.jpg\",\"contentUrl\":\"https:\/\/www.fiscalia.gov.co\/colombia\/wp-content\/uploads\/LogoHorizontal_1.jpg\",\"width\":300,\"height\":90,\"caption\":\"Fiscal\u00eda General de la Naci\u00f3n\"},\"image\":{\"@id\":\"https:\/\/www.fiscalia.gov.co\/colombia\/#\/schema\/logo\/image\/\"},\"sameAs\":[\"https:\/\/www.facebook.com\/FiscaliaCol\",\"https:\/\/x.com\/FiscaliaCol\",\"https:\/\/www.instagram.com\/fiscaliacol\",\"https:\/\/www.linkedin.com\/company\/fiscalia-general-de-la-naci-n\/\",\"https:\/\/youtube.com\/@fiscaliageneraldelanacion-4668?si=6nN79nyQICPU5iTh\"]},{\"@type\":\"Person\",\"@id\":\"https:\/\/www.fiscalia.gov.co\/colombia\/#\/schema\/person\/bf84402cf293a5393e9c70b111020b24\",\"name\":\"Jordan Leandro Oviedo Anzola\",\"image\":{\"@type\":\"ImageObject\",\"inLanguage\":\"es-CO\",\"@id\":\"https:\/\/www.fiscalia.gov.co\/colombia\/#\/schema\/person\/image\/\",\"url\":\"https:\/\/secure.gravatar.com\/avatar\/dabba4346fa9b9207d96adafa8f92721?s=96&d=mm&r=g\",\"contentUrl\":\"https:\/\/secure.gravatar.com\/avatar\/dabba4346fa9b9207d96adafa8f92721?s=96&d=mm&r=g\",\"caption\":\"Jordan Leandro Oviedo Anzola\"},\"url\":\"https:\/\/www.fiscalia.gov.co\/colombia\/author\/joviedo\/\"}]}<\/script>\n<!-- \/ Yoast SEO plugin. -->","yoast_head_json":{"title":"Fiscal\u00eda General de la Naci\u00f3n","description":"P\u00e1gina oficial de la Fiscal\u00eda General de la Naci\u00f3n \u2013 Colombia. Garantizamos el acceso efectivo a la justicia, la verdad y la reparaci\u00f3n de las v\u00edctimas de los delitos.","robots":{"index":"noindex","follow":"follow"},"og_locale":"es_ES","og_type":"article","og_title":"Fiscal\u00eda General de la Naci\u00f3n","og_description":"P\u00e1gina oficial de la Fiscal\u00eda General de la Naci\u00f3n \u2013 Colombia. Garantizamos el acceso efectivo a la justicia, la verdad y la reparaci\u00f3n de las v\u00edctimas de los delitos.","og_url":"https:\/\/www.fiscalia.gov.co\/colombia\/derechos-humanos\/condenada-mujer-senalada-de-captar-jovenes-para-una-red-de-trata-de-personas-que-explotaba-sexualmente-a-mujeres-en-bari-italia\/","og_site_name":"Fiscal\u00eda General de la Naci\u00f3n","article_publisher":"https:\/\/www.facebook.com\/FiscaliaCol","article_published_time":"2025-10-06T13:37:42+00:00","article_modified_time":"2026-03-26T14:57:56+00:00","author":"Jordan Leandro Oviedo Anzola","twitter_card":"summary_large_image","twitter_creator":"@FiscaliaCol","twitter_site":"@FiscaliaCol","twitter_misc":{"Escrito por":"Jordan Leandro Oviedo Anzola","Tiempo de lectura":"2 minutos"},"schema":{"@context":"https:\/\/schema.org","@graph":[{"@type":"Article","@id":"https:\/\/www.fiscalia.gov.co\/colombia\/derechos-humanos\/condenada-mujer-senalada-de-captar-jovenes-para-una-red-de-trata-de-personas-que-explotaba-sexualmente-a-mujeres-en-bari-italia\/#article","isPartOf":{"@id":"https:\/\/www.fiscalia.gov.co\/colombia\/derechos-humanos\/condenada-mujer-senalada-de-captar-jovenes-para-una-red-de-trata-de-personas-que-explotaba-sexualmente-a-mujeres-en-bari-italia\/"},"author":{"name":"Jordan Leandro Oviedo Anzola","@id":"https:\/\/www.fiscalia.gov.co\/colombia\/#\/schema\/person\/bf84402cf293a5393e9c70b111020b24"},"headline":"Condenada mujer se\u00f1alada de captar j\u00f3venes para una red de trata de personas que explotaba sexualmente a mujeres en Bari (Italia)","datePublished":"2025-10-06T13:37:42+00:00","dateModified":"2026-03-26T14:57:56+00:00","mainEntityOfPage":{"@id":"https:\/\/www.fiscalia.gov.co\/colombia\/derechos-humanos\/condenada-mujer-senalada-de-captar-jovenes-para-una-red-de-trata-de-personas-que-explotaba-sexualmente-a-mujeres-en-bari-italia\/"},"wordCount":480,"publisher":{"@id":"https:\/\/www.fiscalia.gov.co\/colombia\/#organization"},"keywords":["}bari","Fiscal Luz Adriana Camargo","Fiscal\u00eda General de la Naci\u00f3n","Intento de homicidio","italia","maltrato f\u00edsico y psicol\u00f3gico","Trata de personas"],"articleSection":["Defensores","Derechos Humanos","Noticias"],"inLanguage":"es-CO"},{"@type":"WebPage","@id":"https:\/\/www.fiscalia.gov.co\/colombia\/derechos-humanos\/condenada-mujer-senalada-de-captar-jovenes-para-una-red-de-trata-de-personas-que-explotaba-sexualmente-a-mujeres-en-bari-italia\/","url":"https:\/\/www.fiscalia.gov.co\/colombia\/derechos-humanos\/condenada-mujer-senalada-de-captar-jovenes-para-una-red-de-trata-de-personas-que-explotaba-sexualmente-a-mujeres-en-bari-italia\/","name":"Fiscal\u00eda General de la Naci\u00f3n","isPartOf":{"@id":"https:\/\/www.fiscalia.gov.co\/colombia\/#website"},"datePublished":"2025-10-06T13:37:42+00:00","dateModified":"2026-03-26T14:57:56+00:00","description":"P\u00e1gina oficial de la Fiscal\u00eda General de la Naci\u00f3n \u2013 Colombia. Garantizamos el acceso efectivo a la justicia, la verdad y la reparaci\u00f3n de las v\u00edctimas de los delitos.","breadcrumb":{"@id":"https:\/\/www.fiscalia.gov.co\/colombia\/derechos-humanos\/condenada-mujer-senalada-de-captar-jovenes-para-una-red-de-trata-de-personas-que-explotaba-sexualmente-a-mujeres-en-bari-italia\/#breadcrumb"},"inLanguage":"es-CO","potentialAction":[{"@type":"ReadAction","target":["https:\/\/www.fiscalia.gov.co\/colombia\/derechos-humanos\/condenada-mujer-senalada-de-captar-jovenes-para-una-red-de-trata-de-personas-que-explotaba-sexualmente-a-mujeres-en-bari-italia\/"]}]},{"@type":"BreadcrumbList","@id":"https:\/\/www.fiscalia.gov.co\/colombia\/derechos-humanos\/condenada-mujer-senalada-de-captar-jovenes-para-una-red-de-trata-de-personas-que-explotaba-sexualmente-a-mujeres-en-bari-italia\/#breadcrumb","itemListElement":[{"@type":"ListItem","position":1,"name":"Home","item":"https:\/\/www.fiscalia.gov.co\/colombia\/"},{"@type":"ListItem","position":2,"name":"Condenada mujer se\u00f1alada de captar j\u00f3venes para una red de trata de personas que explotaba sexualmente a mujeres en Bari (Italia)"}]},{"@type":"WebSite","@id":"https:\/\/www.fiscalia.gov.co\/colombia\/#website","url":"https:\/\/www.fiscalia.gov.co\/colombia\/","name":"Fiscal\u00eda General de la Naci\u00f3n","description":"P\u00e1gina oficial de la Fiscal\u00eda General de la Naci\u00f3n \u2013 Colombia. Garantizamos el acceso efectivo a la justicia, la verdad y la reparaci\u00f3n de las v\u00edctimas de los delitos.","publisher":{"@id":"https:\/\/www.fiscalia.gov.co\/colombia\/#organization"},"potentialAction":[{"@type":"SearchAction","target":{"@type":"EntryPoint","urlTemplate":"https:\/\/www.fiscalia.gov.co\/colombia\/?s={search_term_string}"},"query-input":{"@type":"PropertyValueSpecification","valueRequired":true,"valueName":"search_term_string"}}],"inLanguage":"es-CO"},{"@type":"Organization","@id":"https:\/\/www.fiscalia.gov.co\/colombia\/#organization","name":"Fiscal\u00eda General de la Naci\u00f3n","url":"https:\/\/www.fiscalia.gov.co\/colombia\/","logo":{"@type":"ImageObject","inLanguage":"es-CO","@id":"https:\/\/www.fiscalia.gov.co\/colombia\/#\/schema\/logo\/image\/","url":"https:\/\/www.fiscalia.gov.co\/colombia\/wp-content\/uploads\/LogoHorizontal_1.jpg","contentUrl":"https:\/\/www.fiscalia.gov.co\/colombia\/wp-content\/uploads\/LogoHorizontal_1.jpg","width":300,"height":90,"caption":"Fiscal\u00eda General de la Naci\u00f3n"},"image":{"@id":"https:\/\/www.fiscalia.gov.co\/colombia\/#\/schema\/logo\/image\/"},"sameAs":["https:\/\/www.facebook.com\/FiscaliaCol","https:\/\/x.com\/FiscaliaCol","https:\/\/www.instagram.com\/fiscaliacol","https:\/\/www.linkedin.com\/company\/fiscalia-general-de-la-naci-n\/","https:\/\/youtube.com\/@fiscaliageneraldelanacion-4668?si=6nN79nyQICPU5iTh"]},{"@type":"Person","@id":"https:\/\/www.fiscalia.gov.co\/colombia\/#\/schema\/person\/bf84402cf293a5393e9c70b111020b24","name":"Jordan Leandro Oviedo Anzola","image":{"@type":"ImageObject","inLanguage":"es-CO","@id":"https:\/\/www.fiscalia.gov.co\/colombia\/#\/schema\/person\/image\/","url":"https:\/\/secure.gravatar.com\/avatar\/dabba4346fa9b9207d96adafa8f92721?s=96&d=mm&r=g","contentUrl":"https:\/\/secure.gravatar.com\/avatar\/dabba4346fa9b9207d96adafa8f92721?s=96&d=mm&r=g","caption":"Jordan Leandro Oviedo Anzola"},"url":"https:\/\/www.fiscalia.gov.co\/colombia\/author\/joviedo\/"}]}},"_links":{"self":[{"href":"https:\/\/www.fiscalia.gov.co\/colombia\/wp-json\/wp\/v2\/posts\/325149","targetHints":{"allow":["GET"]}}],"collection":[{"href":"https:\/\/www.fiscalia.gov.co\/colombia\/wp-json\/wp\/v2\/posts"}],"about":[{"href":"https:\/\/www.fiscalia.gov.co\/colombia\/wp-json\/wp\/v2\/types\/post"}],"author":[{"embeddable":true,"href":"https:\/\/www.fiscalia.gov.co\/colombia\/wp-json\/wp\/v2\/users\/177"}],"replies":[{"embeddable":true,"href":"https:\/\/www.fiscalia.gov.co\/colombia\/wp-json\/wp\/v2\/comments?post=325149"}],"version-history":[{"count":2,"href":"https:\/\/www.fiscalia.gov.co\/colombia\/wp-json\/wp\/v2\/posts\/325149\/revisions"}],"predecessor-version":[{"id":360615,"href":"https:\/\/www.fiscalia.gov.co\/colombia\/wp-json\/wp\/v2\/posts\/325149\/revisions\/360615"}],"wp:attachment":[{"href":"https:\/\/www.fiscalia.gov.co\/colombia\/wp-json\/wp\/v2\/media?parent=325149"}],"wp:term":[{"taxonomy":"category","embeddable":true,"href":"https:\/\/www.fiscalia.gov.co\/colombia\/wp-json\/wp\/v2\/categories?post=325149"},{"taxonomy":"post_tag","embeddable":true,"href":"https:\/\/www.fiscalia.gov.co\/colombia\/wp-json\/wp\/v2\/tags?post=325149"}],"curies":[{"name":"wp","href":"https:\/\/api.w.org\/{rel}","templated":true}]}}