{"id":325102,"date":"2025-10-04T07:23:46","date_gmt":"2025-10-04T12:23:46","guid":{"rendered":"https:\/\/www.fiscalia.gov.co\/colombia\/?p=325102"},"modified":"2025-10-04T07:23:46","modified_gmt":"2025-10-04T12:23:46","slug":"fiscalia-radica-escrito-de-acusacion-contra-uno-de-los-presuntos-implicados-en-el-magnicidio-del-senador-y-precandidato-presidencial-miguel-uribe-turbay","status":"publish","type":"post","link":"https:\/\/www.fiscalia.gov.co\/colombia\/noticias\/fiscalia-radica-escrito-de-acusacion-contra-uno-de-los-presuntos-implicados-en-el-magnicidio-del-senador-y-precandidato-presidencial-miguel-uribe-turbay\/","title":{"rendered":"Fiscal\u00eda radica escrito de acusaci\u00f3n contra uno de los presuntos implicados en el magnicidio del senador y precandidato presidencial Miguel Uribe Turbay"},"content":{"rendered":"<blockquote>\n<h4><em>Se trata de Carlos Eduardo Mora Gonz\u00e1lez, quien habr\u00eda participado en la identificaci\u00f3n del sitio donde se cometi\u00f3 el homicidio y puesto a disposici\u00f3n del plan criminal un veh\u00edculo utilizado para trasladar a otros involucrados y entregar el arma de fuego al menor de edad que dispar\u00f3 contra la v\u00edctima.<\/em><\/h4>\n<\/blockquote>\n<p>La <strong>Fiscal\u00eda General de la Naci\u00f3n<\/strong> radic\u00f3 escrito de acusaci\u00f3n contra Carlos Eduardo Mora Gonz\u00e1lez, uno de los presuntos implicados en el magnicidio del <strong>senador y precandidato presidencial Miguel Uribe Turbay<\/strong>, ocurrido el pasado 7 de junio en el <strong>barrio Modelia, en el occidente de Bogot\u00e1.<\/strong><\/p>\n<p>Los <strong>elementos materiales probatorios<\/strong> dan cuenta de que ser\u00eda responsable de los delitos de <strong>homicidio agravado, y fabricaci\u00f3n, tr\u00e1fico, porte o tenencia de armas de fuego, accesorios, partes o municiones agravado.<\/strong><\/p>\n<p>Mora Gonz\u00e1lez estar\u00eda vinculado a la planeaci\u00f3n log\u00edstica del ataque. Se le atribuye haber conducido y puesto a disposici\u00f3n un veh\u00edculo utilizado previamente para reconocer el lugar en el que se perpetr\u00f3 el<strong> crimen<\/strong>, trasladar a otros involucrados en el <strong>atentado <\/strong>y entregar el arma de fuego al adolescente que dispar\u00f3 contra la <strong>v\u00edctima.<\/strong><\/p>\n<p>Por esta posible participaci\u00f3n en el plan criminal le habr\u00edan ofrecido una contribuci\u00f3n de <strong>cinco millones de pesos.<\/strong><\/p>\n<p>La audiencia de formulaci\u00f3n de acusaci\u00f3n se realizar\u00e1 en la fecha que fije el <strong>juez penal de conocimiento<\/strong> al que le corresponda por reparto el caso.<\/p>\n<p>Esta informaci\u00f3n se publica por razones de inter\u00e9s general.<\/p>\n<p>MRC\/JARG\/DJR\/DST\/<\/p>\n<p>&nbsp;<\/p>\n<p><em>La informaci\u00f3n contenida en este bolet\u00edn de prensa corresponde a la narraci\u00f3n de los hechos noticiosos objetivos, suministrados por los funcionarios encargados de adelantar las investigaciones penales al interior de la Fiscal\u00eda General de la Naci\u00f3n. Para el momento de la divulgaci\u00f3n de este comunicado, la situaci\u00f3n jur\u00eddica de la(s) persona(s) relacionada(s) se encuentra pendiente de resolver por la autoridad judicial competente, siempre bajo los preceptos de la presunci\u00f3n de inocencia, consagrados en el art\u00edculo 29 de la Constituci\u00f3n Pol\u00edtica y el art\u00edculo 7\u00ba de la Ley 906 de 2004.<\/em><\/p>\n<p>&nbsp;<\/p>\n\n<div class=\"twitter-share\"><a href=\"https:\/\/twitter.com\/intent\/tweet?via=fiscaliacol\" class=\"twitter-share-button\">Tweet<\/a><\/div>\n","protected":false},"excerpt":{"rendered":"<p>Se trata de Carlos Eduardo Mora Gonz\u00e1lez, quien habr\u00eda participado en la identificaci\u00f3n del sitio donde se cometi\u00f3 el homicidio y puesto a disposici\u00f3n del plan criminal un veh\u00edculo utilizado [&hellip;]<\/p>\n","protected":false},"author":182,"featured_media":0,"comment_status":"closed","ping_status":"open","sticky":false,"template":"","format":"standard","meta":{"tdm_status":"","tdm_grid_status":"","footnotes":""},"categories":[1],"tags":[43376,12163,1152,39260,42003,28983,43377,810,17988,1047,686,39154,4669,41761,36716,43372,43371,43378,43373,933,41972,43374,6016,689,43375,25112],"class_list":["post-325102","post","type-post","status-publish","format-standard","category-noticias","tag-adolescente-implicado","tag-arma-de-fuego","tag-atentado","tag-audiencia-de-formulacion-de-acusacion","tag-carlos-eduardo-mora-gonzalez","tag-cinco-millones-de-pesos","tag-contribucion-economica","tag-escrito-de-acusacion","tag-fabricacion-de-armas-de-fuego","tag-fiscalia-general-de-la-nacion","tag-homicidio-agravado","tag-juez-penal-de-conocimiento","tag-magnicidio","tag-miguel-uribe-turbay","tag-modelia","tag-municiones-agravado","tag-occidente-de-bogota","tag-plan-criminal","tag-planeacion-logistica","tag-porte-ilegal-de-armas","tag-precandidato-presidencial","tag-reconocimiento-del-lugar","tag-senador","tag-trafico-de-armas","tag-traslado-de-involucrados","tag-vehiculo"],"yoast_head":"<!-- This site is optimized with the Yoast SEO plugin v24.3 - https:\/\/yoast.com\/wordpress\/plugins\/seo\/ -->\n<title>Fiscal\u00eda General de la Naci\u00f3n<\/title>\n<meta name=\"description\" content=\"P\u00e1gina oficial de la Fiscal\u00eda General de la Naci\u00f3n \u2013 Colombia. Garantizamos el acceso efectivo a la justicia, la verdad y la reparaci\u00f3n de las v\u00edctimas de los delitos.\" \/>\n<meta name=\"robots\" content=\"noindex, follow\" \/>\n<meta property=\"og:locale\" content=\"es_ES\" \/>\n<meta property=\"og:type\" content=\"article\" \/>\n<meta property=\"og:title\" content=\"Fiscal\u00eda General de la Naci\u00f3n\" \/>\n<meta property=\"og:description\" content=\"P\u00e1gina oficial de la Fiscal\u00eda General de la Naci\u00f3n \u2013 Colombia. Garantizamos el acceso efectivo a la justicia, la verdad y la reparaci\u00f3n de las v\u00edctimas de los delitos.\" \/>\n<meta property=\"og:url\" content=\"https:\/\/www.fiscalia.gov.co\/colombia\/noticias\/fiscalia-radica-escrito-de-acusacion-contra-uno-de-los-presuntos-implicados-en-el-magnicidio-del-senador-y-precandidato-presidencial-miguel-uribe-turbay\/\" \/>\n<meta property=\"og:site_name\" content=\"Fiscal\u00eda General de la Naci\u00f3n\" \/>\n<meta property=\"article:publisher\" content=\"https:\/\/www.facebook.com\/FiscaliaCol\" \/>\n<meta property=\"article:published_time\" content=\"2025-10-04T12:23:46+00:00\" \/>\n<meta name=\"author\" content=\"Paula Andrea Castillo Lenis\" \/>\n<meta name=\"twitter:card\" content=\"summary_large_image\" \/>\n<meta name=\"twitter:creator\" content=\"@FiscaliaCol\" \/>\n<meta name=\"twitter:site\" content=\"@FiscaliaCol\" \/>\n<meta name=\"twitter:label1\" content=\"Escrito por\" \/>\n\t<meta name=\"twitter:data1\" content=\"Paula Andrea Castillo Lenis\" \/>\n\t<meta name=\"twitter:label2\" content=\"Tiempo de lectura\" \/>\n\t<meta name=\"twitter:data2\" content=\"2 minutos\" \/>\n<script type=\"application\/ld+json\" class=\"yoast-schema-graph\">{\"@context\":\"https:\/\/schema.org\",\"@graph\":[{\"@type\":\"Article\",\"@id\":\"https:\/\/www.fiscalia.gov.co\/colombia\/noticias\/fiscalia-radica-escrito-de-acusacion-contra-uno-de-los-presuntos-implicados-en-el-magnicidio-del-senador-y-precandidato-presidencial-miguel-uribe-turbay\/#article\",\"isPartOf\":{\"@id\":\"https:\/\/www.fiscalia.gov.co\/colombia\/noticias\/fiscalia-radica-escrito-de-acusacion-contra-uno-de-los-presuntos-implicados-en-el-magnicidio-del-senador-y-precandidato-presidencial-miguel-uribe-turbay\/\"},\"author\":{\"name\":\"Paula Andrea Castillo Lenis\",\"@id\":\"https:\/\/www.fiscalia.gov.co\/colombia\/#\/schema\/person\/66c172905e0492f1de6bbe5f93c4668f\"},\"headline\":\"Fiscal\u00eda radica escrito de acusaci\u00f3n contra uno de los presuntos implicados en el magnicidio del senador y precandidato presidencial Miguel Uribe Turbay\",\"datePublished\":\"2025-10-04T12:23:46+00:00\",\"dateModified\":\"2025-10-04T12:23:46+00:00\",\"mainEntityOfPage\":{\"@id\":\"https:\/\/www.fiscalia.gov.co\/colombia\/noticias\/fiscalia-radica-escrito-de-acusacion-contra-uno-de-los-presuntos-implicados-en-el-magnicidio-del-senador-y-precandidato-presidencial-miguel-uribe-turbay\/\"},\"wordCount\":392,\"publisher\":{\"@id\":\"https:\/\/www.fiscalia.gov.co\/colombia\/#organization\"},\"keywords\":[\"adolescente implicado\",\"Arma de fuego\",\"Atentado\",\"audiencia de formulaci\u00f3n de acusaci\u00f3n\",\"Carlos Eduardo Mora Gonz\u00e1lez\",\"Cinco millones de pesos\",\"contribuci\u00f3n econ\u00f3mica\",\"Escrito de acusaci\u00f3n\",\"fabricaci\u00f3n de armas de fuego\",\"Fiscal\u00eda General de la Naci\u00f3n\",\"Homicidio agravado\",\"juez penal de conocimiento\",\"Magnicidio\",\"miguel uribe turbay\",\"Modelia\",\"municiones agravado\",\"occidente de Bogot\u00e1\",\"plan criminal\",\"planeaci\u00f3n log\u00edstica\",\"Porte ilegal de armas\",\"precandidato presidencial\",\"reconocimiento del lugar\",\"Senador\",\"Tr\u00e1fico de armas\",\"traslado de involucrados\",\"veh\u00edculo.\"],\"articleSection\":[\"Noticias\"],\"inLanguage\":\"es-CO\"},{\"@type\":\"WebPage\",\"@id\":\"https:\/\/www.fiscalia.gov.co\/colombia\/noticias\/fiscalia-radica-escrito-de-acusacion-contra-uno-de-los-presuntos-implicados-en-el-magnicidio-del-senador-y-precandidato-presidencial-miguel-uribe-turbay\/\",\"url\":\"https:\/\/www.fiscalia.gov.co\/colombia\/noticias\/fiscalia-radica-escrito-de-acusacion-contra-uno-de-los-presuntos-implicados-en-el-magnicidio-del-senador-y-precandidato-presidencial-miguel-uribe-turbay\/\",\"name\":\"Fiscal\u00eda General de la Naci\u00f3n\",\"isPartOf\":{\"@id\":\"https:\/\/www.fiscalia.gov.co\/colombia\/#website\"},\"datePublished\":\"2025-10-04T12:23:46+00:00\",\"dateModified\":\"2025-10-04T12:23:46+00:00\",\"description\":\"P\u00e1gina oficial de la Fiscal\u00eda General de la Naci\u00f3n \u2013 Colombia. Garantizamos el acceso efectivo a la justicia, la verdad y la reparaci\u00f3n de las v\u00edctimas de los delitos.\",\"breadcrumb\":{\"@id\":\"https:\/\/www.fiscalia.gov.co\/colombia\/noticias\/fiscalia-radica-escrito-de-acusacion-contra-uno-de-los-presuntos-implicados-en-el-magnicidio-del-senador-y-precandidato-presidencial-miguel-uribe-turbay\/#breadcrumb\"},\"inLanguage\":\"es-CO\",\"potentialAction\":[{\"@type\":\"ReadAction\",\"target\":[\"https:\/\/www.fiscalia.gov.co\/colombia\/noticias\/fiscalia-radica-escrito-de-acusacion-contra-uno-de-los-presuntos-implicados-en-el-magnicidio-del-senador-y-precandidato-presidencial-miguel-uribe-turbay\/\"]}]},{\"@type\":\"BreadcrumbList\",\"@id\":\"https:\/\/www.fiscalia.gov.co\/colombia\/noticias\/fiscalia-radica-escrito-de-acusacion-contra-uno-de-los-presuntos-implicados-en-el-magnicidio-del-senador-y-precandidato-presidencial-miguel-uribe-turbay\/#breadcrumb\",\"itemListElement\":[{\"@type\":\"ListItem\",\"position\":1,\"name\":\"Home\",\"item\":\"https:\/\/www.fiscalia.gov.co\/colombia\/\"},{\"@type\":\"ListItem\",\"position\":2,\"name\":\"Fiscal\u00eda radica escrito de acusaci\u00f3n contra uno de los presuntos implicados en el magnicidio del senador y precandidato presidencial Miguel Uribe Turbay\"}]},{\"@type\":\"WebSite\",\"@id\":\"https:\/\/www.fiscalia.gov.co\/colombia\/#website\",\"url\":\"https:\/\/www.fiscalia.gov.co\/colombia\/\",\"name\":\"Fiscal\u00eda General de la Naci\u00f3n\",\"description\":\"P\u00e1gina oficial de la Fiscal\u00eda General de la Naci\u00f3n \u2013 Colombia. Garantizamos el acceso efectivo a la justicia, la verdad y la reparaci\u00f3n de las v\u00edctimas de los delitos.\",\"publisher\":{\"@id\":\"https:\/\/www.fiscalia.gov.co\/colombia\/#organization\"},\"potentialAction\":[{\"@type\":\"SearchAction\",\"target\":{\"@type\":\"EntryPoint\",\"urlTemplate\":\"https:\/\/www.fiscalia.gov.co\/colombia\/?s={search_term_string}\"},\"query-input\":{\"@type\":\"PropertyValueSpecification\",\"valueRequired\":true,\"valueName\":\"search_term_string\"}}],\"inLanguage\":\"es-CO\"},{\"@type\":\"Organization\",\"@id\":\"https:\/\/www.fiscalia.gov.co\/colombia\/#organization\",\"name\":\"Fiscal\u00eda General de la Naci\u00f3n\",\"url\":\"https:\/\/www.fiscalia.gov.co\/colombia\/\",\"logo\":{\"@type\":\"ImageObject\",\"inLanguage\":\"es-CO\",\"@id\":\"https:\/\/www.fiscalia.gov.co\/colombia\/#\/schema\/logo\/image\/\",\"url\":\"https:\/\/www.fiscalia.gov.co\/colombia\/wp-content\/uploads\/LogoHorizontal_1.jpg\",\"contentUrl\":\"https:\/\/www.fiscalia.gov.co\/colombia\/wp-content\/uploads\/LogoHorizontal_1.jpg\",\"width\":300,\"height\":90,\"caption\":\"Fiscal\u00eda General de la Naci\u00f3n\"},\"image\":{\"@id\":\"https:\/\/www.fiscalia.gov.co\/colombia\/#\/schema\/logo\/image\/\"},\"sameAs\":[\"https:\/\/www.facebook.com\/FiscaliaCol\",\"https:\/\/x.com\/FiscaliaCol\",\"https:\/\/www.instagram.com\/fiscaliacol\",\"https:\/\/www.linkedin.com\/company\/fiscalia-general-de-la-naci-n\/\",\"https:\/\/youtube.com\/@fiscaliageneraldelanacion-4668?si=6nN79nyQICPU5iTh\"]},{\"@type\":\"Person\",\"@id\":\"https:\/\/www.fiscalia.gov.co\/colombia\/#\/schema\/person\/66c172905e0492f1de6bbe5f93c4668f\",\"name\":\"Paula Andrea Castillo Lenis\",\"image\":{\"@type\":\"ImageObject\",\"inLanguage\":\"es-CO\",\"@id\":\"https:\/\/www.fiscalia.gov.co\/colombia\/#\/schema\/person\/image\/\",\"url\":\"https:\/\/secure.gravatar.com\/avatar\/cb060d9561f2947c4102d1825739f868?s=96&d=mm&r=g\",\"contentUrl\":\"https:\/\/secure.gravatar.com\/avatar\/cb060d9561f2947c4102d1825739f868?s=96&d=mm&r=g\",\"caption\":\"Paula Andrea Castillo Lenis\"},\"url\":\"https:\/\/www.fiscalia.gov.co\/colombia\/author\/paula-castillo\/\"}]}<\/script>\n<!-- \/ Yoast SEO plugin. -->","yoast_head_json":{"title":"Fiscal\u00eda General de la Naci\u00f3n","description":"P\u00e1gina oficial de la Fiscal\u00eda General de la Naci\u00f3n \u2013 Colombia. Garantizamos el acceso efectivo a la justicia, la verdad y la reparaci\u00f3n de las v\u00edctimas de los delitos.","robots":{"index":"noindex","follow":"follow"},"og_locale":"es_ES","og_type":"article","og_title":"Fiscal\u00eda General de la Naci\u00f3n","og_description":"P\u00e1gina oficial de la Fiscal\u00eda General de la Naci\u00f3n \u2013 Colombia. Garantizamos el acceso efectivo a la justicia, la verdad y la reparaci\u00f3n de las v\u00edctimas de los delitos.","og_url":"https:\/\/www.fiscalia.gov.co\/colombia\/noticias\/fiscalia-radica-escrito-de-acusacion-contra-uno-de-los-presuntos-implicados-en-el-magnicidio-del-senador-y-precandidato-presidencial-miguel-uribe-turbay\/","og_site_name":"Fiscal\u00eda General de la Naci\u00f3n","article_publisher":"https:\/\/www.facebook.com\/FiscaliaCol","article_published_time":"2025-10-04T12:23:46+00:00","author":"Paula Andrea Castillo Lenis","twitter_card":"summary_large_image","twitter_creator":"@FiscaliaCol","twitter_site":"@FiscaliaCol","twitter_misc":{"Escrito por":"Paula Andrea Castillo Lenis","Tiempo de lectura":"2 minutos"},"schema":{"@context":"https:\/\/schema.org","@graph":[{"@type":"Article","@id":"https:\/\/www.fiscalia.gov.co\/colombia\/noticias\/fiscalia-radica-escrito-de-acusacion-contra-uno-de-los-presuntos-implicados-en-el-magnicidio-del-senador-y-precandidato-presidencial-miguel-uribe-turbay\/#article","isPartOf":{"@id":"https:\/\/www.fiscalia.gov.co\/colombia\/noticias\/fiscalia-radica-escrito-de-acusacion-contra-uno-de-los-presuntos-implicados-en-el-magnicidio-del-senador-y-precandidato-presidencial-miguel-uribe-turbay\/"},"author":{"name":"Paula Andrea Castillo Lenis","@id":"https:\/\/www.fiscalia.gov.co\/colombia\/#\/schema\/person\/66c172905e0492f1de6bbe5f93c4668f"},"headline":"Fiscal\u00eda radica escrito de acusaci\u00f3n contra uno de los presuntos implicados en el magnicidio del senador y precandidato presidencial Miguel Uribe Turbay","datePublished":"2025-10-04T12:23:46+00:00","dateModified":"2025-10-04T12:23:46+00:00","mainEntityOfPage":{"@id":"https:\/\/www.fiscalia.gov.co\/colombia\/noticias\/fiscalia-radica-escrito-de-acusacion-contra-uno-de-los-presuntos-implicados-en-el-magnicidio-del-senador-y-precandidato-presidencial-miguel-uribe-turbay\/"},"wordCount":392,"publisher":{"@id":"https:\/\/www.fiscalia.gov.co\/colombia\/#organization"},"keywords":["adolescente implicado","Arma de fuego","Atentado","audiencia de formulaci\u00f3n de acusaci\u00f3n","Carlos Eduardo Mora Gonz\u00e1lez","Cinco millones de pesos","contribuci\u00f3n econ\u00f3mica","Escrito de acusaci\u00f3n","fabricaci\u00f3n de armas de fuego","Fiscal\u00eda General de la Naci\u00f3n","Homicidio agravado","juez penal de conocimiento","Magnicidio","miguel uribe turbay","Modelia","municiones agravado","occidente de Bogot\u00e1","plan criminal","planeaci\u00f3n log\u00edstica","Porte ilegal de armas","precandidato presidencial","reconocimiento del lugar","Senador","Tr\u00e1fico de armas","traslado de involucrados","veh\u00edculo."],"articleSection":["Noticias"],"inLanguage":"es-CO"},{"@type":"WebPage","@id":"https:\/\/www.fiscalia.gov.co\/colombia\/noticias\/fiscalia-radica-escrito-de-acusacion-contra-uno-de-los-presuntos-implicados-en-el-magnicidio-del-senador-y-precandidato-presidencial-miguel-uribe-turbay\/","url":"https:\/\/www.fiscalia.gov.co\/colombia\/noticias\/fiscalia-radica-escrito-de-acusacion-contra-uno-de-los-presuntos-implicados-en-el-magnicidio-del-senador-y-precandidato-presidencial-miguel-uribe-turbay\/","name":"Fiscal\u00eda General de la Naci\u00f3n","isPartOf":{"@id":"https:\/\/www.fiscalia.gov.co\/colombia\/#website"},"datePublished":"2025-10-04T12:23:46+00:00","dateModified":"2025-10-04T12:23:46+00:00","description":"P\u00e1gina oficial de la Fiscal\u00eda General de la Naci\u00f3n \u2013 Colombia. Garantizamos el acceso efectivo a la justicia, la verdad y la reparaci\u00f3n de las v\u00edctimas de los delitos.","breadcrumb":{"@id":"https:\/\/www.fiscalia.gov.co\/colombia\/noticias\/fiscalia-radica-escrito-de-acusacion-contra-uno-de-los-presuntos-implicados-en-el-magnicidio-del-senador-y-precandidato-presidencial-miguel-uribe-turbay\/#breadcrumb"},"inLanguage":"es-CO","potentialAction":[{"@type":"ReadAction","target":["https:\/\/www.fiscalia.gov.co\/colombia\/noticias\/fiscalia-radica-escrito-de-acusacion-contra-uno-de-los-presuntos-implicados-en-el-magnicidio-del-senador-y-precandidato-presidencial-miguel-uribe-turbay\/"]}]},{"@type":"BreadcrumbList","@id":"https:\/\/www.fiscalia.gov.co\/colombia\/noticias\/fiscalia-radica-escrito-de-acusacion-contra-uno-de-los-presuntos-implicados-en-el-magnicidio-del-senador-y-precandidato-presidencial-miguel-uribe-turbay\/#breadcrumb","itemListElement":[{"@type":"ListItem","position":1,"name":"Home","item":"https:\/\/www.fiscalia.gov.co\/colombia\/"},{"@type":"ListItem","position":2,"name":"Fiscal\u00eda radica escrito de acusaci\u00f3n contra uno de los presuntos implicados en el magnicidio del senador y precandidato presidencial Miguel Uribe Turbay"}]},{"@type":"WebSite","@id":"https:\/\/www.fiscalia.gov.co\/colombia\/#website","url":"https:\/\/www.fiscalia.gov.co\/colombia\/","name":"Fiscal\u00eda General de la Naci\u00f3n","description":"P\u00e1gina oficial de la Fiscal\u00eda General de la Naci\u00f3n \u2013 Colombia. Garantizamos el acceso efectivo a la justicia, la verdad y la reparaci\u00f3n de las v\u00edctimas de los delitos.","publisher":{"@id":"https:\/\/www.fiscalia.gov.co\/colombia\/#organization"},"potentialAction":[{"@type":"SearchAction","target":{"@type":"EntryPoint","urlTemplate":"https:\/\/www.fiscalia.gov.co\/colombia\/?s={search_term_string}"},"query-input":{"@type":"PropertyValueSpecification","valueRequired":true,"valueName":"search_term_string"}}],"inLanguage":"es-CO"},{"@type":"Organization","@id":"https:\/\/www.fiscalia.gov.co\/colombia\/#organization","name":"Fiscal\u00eda General de la Naci\u00f3n","url":"https:\/\/www.fiscalia.gov.co\/colombia\/","logo":{"@type":"ImageObject","inLanguage":"es-CO","@id":"https:\/\/www.fiscalia.gov.co\/colombia\/#\/schema\/logo\/image\/","url":"https:\/\/www.fiscalia.gov.co\/colombia\/wp-content\/uploads\/LogoHorizontal_1.jpg","contentUrl":"https:\/\/www.fiscalia.gov.co\/colombia\/wp-content\/uploads\/LogoHorizontal_1.jpg","width":300,"height":90,"caption":"Fiscal\u00eda General de la Naci\u00f3n"},"image":{"@id":"https:\/\/www.fiscalia.gov.co\/colombia\/#\/schema\/logo\/image\/"},"sameAs":["https:\/\/www.facebook.com\/FiscaliaCol","https:\/\/x.com\/FiscaliaCol","https:\/\/www.instagram.com\/fiscaliacol","https:\/\/www.linkedin.com\/company\/fiscalia-general-de-la-naci-n\/","https:\/\/youtube.com\/@fiscaliageneraldelanacion-4668?si=6nN79nyQICPU5iTh"]},{"@type":"Person","@id":"https:\/\/www.fiscalia.gov.co\/colombia\/#\/schema\/person\/66c172905e0492f1de6bbe5f93c4668f","name":"Paula Andrea Castillo Lenis","image":{"@type":"ImageObject","inLanguage":"es-CO","@id":"https:\/\/www.fiscalia.gov.co\/colombia\/#\/schema\/person\/image\/","url":"https:\/\/secure.gravatar.com\/avatar\/cb060d9561f2947c4102d1825739f868?s=96&d=mm&r=g","contentUrl":"https:\/\/secure.gravatar.com\/avatar\/cb060d9561f2947c4102d1825739f868?s=96&d=mm&r=g","caption":"Paula Andrea Castillo Lenis"},"url":"https:\/\/www.fiscalia.gov.co\/colombia\/author\/paula-castillo\/"}]}},"_links":{"self":[{"href":"https:\/\/www.fiscalia.gov.co\/colombia\/wp-json\/wp\/v2\/posts\/325102","targetHints":{"allow":["GET"]}}],"collection":[{"href":"https:\/\/www.fiscalia.gov.co\/colombia\/wp-json\/wp\/v2\/posts"}],"about":[{"href":"https:\/\/www.fiscalia.gov.co\/colombia\/wp-json\/wp\/v2\/types\/post"}],"author":[{"embeddable":true,"href":"https:\/\/www.fiscalia.gov.co\/colombia\/wp-json\/wp\/v2\/users\/182"}],"replies":[{"embeddable":true,"href":"https:\/\/www.fiscalia.gov.co\/colombia\/wp-json\/wp\/v2\/comments?post=325102"}],"version-history":[{"count":1,"href":"https:\/\/www.fiscalia.gov.co\/colombia\/wp-json\/wp\/v2\/posts\/325102\/revisions"}],"predecessor-version":[{"id":325103,"href":"https:\/\/www.fiscalia.gov.co\/colombia\/wp-json\/wp\/v2\/posts\/325102\/revisions\/325103"}],"wp:attachment":[{"href":"https:\/\/www.fiscalia.gov.co\/colombia\/wp-json\/wp\/v2\/media?parent=325102"}],"wp:term":[{"taxonomy":"category","embeddable":true,"href":"https:\/\/www.fiscalia.gov.co\/colombia\/wp-json\/wp\/v2\/categories?post=325102"},{"taxonomy":"post_tag","embeddable":true,"href":"https:\/\/www.fiscalia.gov.co\/colombia\/wp-json\/wp\/v2\/tags?post=325102"}],"curies":[{"name":"wp","href":"https:\/\/api.w.org\/{rel}","templated":true}]}}