{"id":325087,"date":"2025-10-03T16:47:34","date_gmt":"2025-10-03T21:47:34","guid":{"rendered":"https:\/\/www.fiscalia.gov.co\/colombia\/?p=325087"},"modified":"2025-10-03T16:47:34","modified_gmt":"2025-10-03T21:47:34","slug":"en-garzon-huila-fueron-enviadas-a-la-carcel-diez-personas-que-estarian-involucradas-en-el-trafico-local-de-estupefacientes","status":"publish","type":"post","link":"https:\/\/www.fiscalia.gov.co\/colombia\/noticias\/en-garzon-huila-fueron-enviadas-a-la-carcel-diez-personas-que-estarian-involucradas-en-el-trafico-local-de-estupefacientes\/","title":{"rendered":"En Garz\u00f3n (Huila) fueron enviadas a la c\u00e1rcel diez personas que estar\u00edan involucradas en el tr\u00e1fico local de estupefacientes"},"content":{"rendered":"<p>Por solicitud de la Fiscal\u00eda General de la Naci\u00f3n, un juez de control de garant\u00edas<strong> impuso medidas de aseguramiento en centro carcelario contra nueve hombres y una mujer,<\/strong> se\u00f1alados de dosificar y comercializar estupefacientes en varios sectores de Garz\u00f3n (Huila).<\/p>\n<p>Un fiscal de la Seccional Huila les imput\u00f3 los delitos, de acuerdo con su responsabilidad individual, de tr\u00e1fico, fabricaci\u00f3n o porte de estupefacientes y uso de menores de edad en la comisi\u00f3n de delitos. <strong>Los cargos fueron aceptados por todos los procesados.<\/strong><\/p>\n<figure id=\"attachment_325088\" aria-describedby=\"caption-attachment-325088\" style=\"width: 300px\" class=\"wp-caption alignnone\"><img loading=\"lazy\" decoding=\"async\" class=\"wp-image-325088 size-medium\" src=\"https:\/\/www.fiscalia.gov.co\/colombia\/wp-content\/uploads\/Capturados-de-Garzon-300x169.jpeg\" alt=\"En la foto aparecen algunos uniformados de la Polic\u00eda Nacional dentro de unos de los inmuebles allanados.\u00a0\" width=\"300\" height=\"169\" srcset=\"https:\/\/www.fiscalia.gov.co\/colombia\/wp-content\/uploads\/Capturados-de-Garzon-300x169.jpeg 300w, https:\/\/www.fiscalia.gov.co\/colombia\/wp-content\/uploads\/Capturados-de-Garzon-1024x576.jpeg 1024w, https:\/\/www.fiscalia.gov.co\/colombia\/wp-content\/uploads\/Capturados-de-Garzon-768x432.jpeg 768w, https:\/\/www.fiscalia.gov.co\/colombia\/wp-content\/uploads\/Capturados-de-Garzon-1536x864.jpeg 1536w, https:\/\/www.fiscalia.gov.co\/colombia\/wp-content\/uploads\/Capturados-de-Garzon-747x420.jpeg 747w, https:\/\/www.fiscalia.gov.co\/colombia\/wp-content\/uploads\/Capturados-de-Garzon-696x392.jpeg 696w, https:\/\/www.fiscalia.gov.co\/colombia\/wp-content\/uploads\/Capturados-de-Garzon-1068x601.jpeg 1068w, https:\/\/www.fiscalia.gov.co\/colombia\/wp-content\/uploads\/Capturados-de-Garzon.jpeg 1600w\" sizes=\"auto, (max-width: 300px) 100vw, 300px\" \/><figcaption id=\"caption-attachment-325088\" class=\"wp-caption-text\">En la foto aparecen de frente todos los capturados custodiados por dos uniformados de la Polic\u00eda Nacional. En la foto aparece detr\u00e1s un backing de la Polic\u00eda Nacional.<\/figcaption><\/figure>\n<p>Se trata de Argemiro Quinayas Jim\u00e9nez; Norbelys Ospina Trujillo, alias La Casilda; Julio Sebasti\u00e1n Cadena Ospina, alias Media Lengua; Rogelio Artunduaga; Dairo G\u00f3mez Collazos, alias El Culebrero; Geinoman Plazas Valderrama, alias Heinoman; Juan David Piedrahita Cobo; Jos\u00e9 Antonio Mart\u00ednez Madrigal; Rulber Artunduaga Manrique; y Ricardo Villegas Parra, alias Totto.<\/p>\n<p>Al parecer, estas personas, desde septiembre de 2024 se dedicaban de manera habitual y coordinada al expendio de marihuana, bazuco y coca\u00edna en peque\u00f1as cantidades en v\u00eda p\u00fablica de los barrios La Libertad y Julio Baham\u00f3n. <strong>Asimismo, utilizar\u00edan a menores de edad para la entrega de la sustancia a cambio de dinero<\/strong> o el suministro directo para consumo del estupefaciente.<\/p>\n<figure id=\"attachment_325089\" aria-describedby=\"caption-attachment-325089\" style=\"width: 300px\" class=\"wp-caption alignnone\"><img loading=\"lazy\" decoding=\"async\" class=\"size-medium wp-image-325089\" src=\"https:\/\/www.fiscalia.gov.co\/colombia\/wp-content\/uploads\/Allanamiento-caso-capturados-de-Garzon-300x169.jpeg\" alt=\"n la foto aparecen algunos uniformados de la Polic\u00eda Nacional dentro de unos de los inmuebles allanados.  \" width=\"300\" height=\"169\" srcset=\"https:\/\/www.fiscalia.gov.co\/colombia\/wp-content\/uploads\/Allanamiento-caso-capturados-de-Garzon-300x169.jpeg 300w, https:\/\/www.fiscalia.gov.co\/colombia\/wp-content\/uploads\/Allanamiento-caso-capturados-de-Garzon-1024x576.jpeg 1024w, https:\/\/www.fiscalia.gov.co\/colombia\/wp-content\/uploads\/Allanamiento-caso-capturados-de-Garzon-768x432.jpeg 768w, https:\/\/www.fiscalia.gov.co\/colombia\/wp-content\/uploads\/Allanamiento-caso-capturados-de-Garzon-1536x864.jpeg 1536w, https:\/\/www.fiscalia.gov.co\/colombia\/wp-content\/uploads\/Allanamiento-caso-capturados-de-Garzon-747x420.jpeg 747w, https:\/\/www.fiscalia.gov.co\/colombia\/wp-content\/uploads\/Allanamiento-caso-capturados-de-Garzon-696x392.jpeg 696w, https:\/\/www.fiscalia.gov.co\/colombia\/wp-content\/uploads\/Allanamiento-caso-capturados-de-Garzon-1068x601.jpeg 1068w, https:\/\/www.fiscalia.gov.co\/colombia\/wp-content\/uploads\/Allanamiento-caso-capturados-de-Garzon.jpeg 1600w\" sizes=\"auto, (max-width: 300px) 100vw, 300px\" \/><figcaption id=\"caption-attachment-325089\" class=\"wp-caption-text\">Durante el desarrollo de 12 diligencias de allanamiento y registro, realizadas por la Polic\u00eda Nacional, en inmuebles ubicados en los barrios Los Comuneros, Chapinero y Nazareth, se lograron las capturas de estas personas.<\/figcaption><\/figure>\n<p>De acuerdo con la investigaci\u00f3n, se evidenci\u00f3 que los hoy procesados, al parecer, adquir\u00edan las sustancias en Cauca, desde donde lo transportaban en motocicletas, veh\u00edculos particulares y de servicio p\u00fablico. <strong>Adem\u00e1s, escond\u00edan los estupefacientes en medio de ladrillos, piedras y cuartos secretos en inmuebles<\/strong>, para evitar el control de las autoridades.<\/p>\n<p>Durante el desarrollo de 12 diligencias de allanamiento y registro, realizadas por la Polic\u00eda Nacional, en inmuebles ubicados en los barrios Los Comuneros, Chapinero y Nazareth, se lograron las capturas de estas personas. <strong>Adem\u00e1s se incautaron celulares y varias dosis de estupefacientes.<\/strong><\/p>\n<p>WAGG\/LMFO\/AMCJ\/CAD\/JCFJ\/DSH<\/p>\n<p>&nbsp;<\/p>\n<p>&nbsp;<\/p>\n<p><i>La informaci\u00f3n contenida en este bolet\u00edn de prensa corresponde a la narraci\u00f3n de los hechos noticiosos objetivos, suministrados por los funcionarios encargados de adelantar las investigaciones penales al interior de la Fiscal\u00eda General de la Naci\u00f3n. Para el momento de la divulgaci\u00f3n de este comunicado, la situaci\u00f3n jur\u00eddica de la(s) persona(s) relacionada(s) se encuentra pendiente de resolver por la autoridad judicial competente, siempre bajo los preceptos de la presunci\u00f3n de inocencia, consagrados en el art\u00edculo 29 de la Constituci\u00f3n Pol\u00edtica y el art\u00edculo 7\u00ba de la Ley 906 de 2004.<\/i><\/p>\n<div><\/div>\n<div><\/div>\n<div><\/div>\n<div><\/div>\n<div><\/div>\n<div><\/div>\n<div><\/div>\n\n<div class=\"twitter-share\"><a href=\"https:\/\/twitter.com\/intent\/tweet?via=fiscaliacol\" class=\"twitter-share-button\">Tweet<\/a><\/div>\n","protected":false},"excerpt":{"rendered":"<p>Por solicitud de la Fiscal\u00eda General de la Naci\u00f3n, un juez de control de garant\u00edas impuso medidas de aseguramiento en centro carcelario contra nueve hombres y una mujer, se\u00f1alados de dosificar y comercializar estupefacientes en varios sectores de Garz\u00f3n (Huila). Un fiscal de la Seccional Huila les imput\u00f3 los delitos, de acuerdo con su responsabilidad [&hellip;]<\/p>\n","protected":false},"author":181,"featured_media":0,"comment_status":"closed","ping_status":"open","sticky":false,"template":"","format":"standard","meta":{"_price":"","_stock":"","_tribe_ticket_header":"","_tribe_default_ticket_provider":"","_tribe_ticket_capacity":"0","_ticket_start_date":"","_ticket_end_date":"","_tribe_ticket_show_description":"","_tribe_ticket_show_not_going":false,"_tribe_ticket_use_global_stock":"","_tribe_ticket_global_stock_level":"","_global_stock_mode":"","_global_stock_cap":"","_tribe_rsvp_for_event":"","_tribe_ticket_going_count":"","_tribe_ticket_not_going_count":"","_tribe_tickets_list":"[]","_tribe_ticket_has_attendee_info_fields":false,"tdm_status":"","tdm_grid_status":"","footnotes":""},"categories":[1,24099],"tags":[3148,5636,8010,19,26473,6080,43357,24437,4140,1047,23898,16,1264,1185,10872,24485,916,24233,24231],"class_list":{"0":"post-325087","1":"post","2":"type-post","3":"status-publish","4":"format-standard","6":"category-noticias","7":"category-seguridad-territorial","8":"tag-allanamiento","9":"tag-bazuco","10":"tag-capturados","11":"tag-cocaina","12":"tag-comercializar","13":"tag-delincuencia","14":"tag-dosificar","15":"tag-estupefaciente","16":"tag-fabricacion","17":"tag-fiscalia-general-de-la-nacion","18":"tag-garzon","19":"tag-huila","20":"tag-marihuana","21":"tag-medida-de-aseguramiento","22":"tag-porte","23":"tag-seccional-huila","24":"tag-trafico","25":"tag-uso-de-menores","26":"tag-venta"},"yoast_head":"<!-- This site is optimized with the Yoast SEO plugin v24.3 - https:\/\/yoast.com\/wordpress\/plugins\/seo\/ -->\n<title>Fiscal\u00eda General de la Naci\u00f3n<\/title>\n<meta name=\"description\" content=\"P\u00e1gina oficial de la Fiscal\u00eda General de la Naci\u00f3n \u2013 Colombia. Garantizamos el acceso efectivo a la justicia, la verdad y la reparaci\u00f3n de las v\u00edctimas de los delitos.\" \/>\n<meta name=\"robots\" content=\"noindex, follow\" \/>\n<meta property=\"og:locale\" content=\"es_ES\" \/>\n<meta property=\"og:type\" content=\"article\" \/>\n<meta property=\"og:title\" content=\"Fiscal\u00eda General de la Naci\u00f3n\" \/>\n<meta property=\"og:description\" content=\"P\u00e1gina oficial de la Fiscal\u00eda General de la Naci\u00f3n \u2013 Colombia. Garantizamos el acceso efectivo a la justicia, la verdad y la reparaci\u00f3n de las v\u00edctimas de los delitos.\" \/>\n<meta property=\"og:url\" content=\"https:\/\/www.fiscalia.gov.co\/colombia\/noticias\/en-garzon-huila-fueron-enviadas-a-la-carcel-diez-personas-que-estarian-involucradas-en-el-trafico-local-de-estupefacientes\/\" \/>\n<meta property=\"og:site_name\" content=\"Fiscal\u00eda General de la Naci\u00f3n\" \/>\n<meta property=\"article:publisher\" content=\"https:\/\/www.facebook.com\/FiscaliaCol\" \/>\n<meta property=\"article:published_time\" content=\"2025-10-03T21:47:34+00:00\" \/>\n<meta property=\"og:image\" content=\"https:\/\/www.fiscalia.gov.co\/colombia\/wp-content\/uploads\/Capturados-de-Garzon.jpeg\" \/>\n\t<meta property=\"og:image:width\" content=\"1600\" \/>\n\t<meta property=\"og:image:height\" content=\"900\" \/>\n\t<meta property=\"og:image:type\" content=\"image\/jpeg\" \/>\n<meta name=\"author\" content=\"Johanna Islenny Prieto Pe\u00f1a\" \/>\n<meta name=\"twitter:card\" content=\"summary_large_image\" \/>\n<meta name=\"twitter:creator\" content=\"@FiscaliaCol\" \/>\n<meta name=\"twitter:site\" content=\"@FiscaliaCol\" \/>\n<meta name=\"twitter:label1\" content=\"Escrito por\" \/>\n\t<meta name=\"twitter:data1\" content=\"Johanna Islenny Prieto Pe\u00f1a\" \/>\n\t<meta name=\"twitter:label2\" content=\"Tiempo de lectura\" \/>\n\t<meta name=\"twitter:data2\" content=\"3 minutos\" \/>\n<script type=\"application\/ld+json\" class=\"yoast-schema-graph\">{\"@context\":\"https:\/\/schema.org\",\"@graph\":[{\"@type\":\"Article\",\"@id\":\"https:\/\/www.fiscalia.gov.co\/colombia\/noticias\/en-garzon-huila-fueron-enviadas-a-la-carcel-diez-personas-que-estarian-involucradas-en-el-trafico-local-de-estupefacientes\/#article\",\"isPartOf\":{\"@id\":\"https:\/\/www.fiscalia.gov.co\/colombia\/noticias\/en-garzon-huila-fueron-enviadas-a-la-carcel-diez-personas-que-estarian-involucradas-en-el-trafico-local-de-estupefacientes\/\"},\"author\":{\"name\":\"Johanna Islenny Prieto Pe\u00f1a\",\"@id\":\"https:\/\/www.fiscalia.gov.co\/colombia\/#\/schema\/person\/ba9eca435947489fb25117a0cd75bf3e\"},\"headline\":\"En Garz\u00f3n (Huila) fueron enviadas a la c\u00e1rcel diez personas que estar\u00edan involucradas en el tr\u00e1fico local de estupefacientes\",\"datePublished\":\"2025-10-03T21:47:34+00:00\",\"dateModified\":\"2025-10-03T21:47:34+00:00\",\"mainEntityOfPage\":{\"@id\":\"https:\/\/www.fiscalia.gov.co\/colombia\/noticias\/en-garzon-huila-fueron-enviadas-a-la-carcel-diez-personas-que-estarian-involucradas-en-el-trafico-local-de-estupefacientes\/\"},\"wordCount\":519,\"publisher\":{\"@id\":\"https:\/\/www.fiscalia.gov.co\/colombia\/#organization\"},\"image\":{\"@id\":\"https:\/\/www.fiscalia.gov.co\/colombia\/noticias\/en-garzon-huila-fueron-enviadas-a-la-carcel-diez-personas-que-estarian-involucradas-en-el-trafico-local-de-estupefacientes\/#primaryimage\"},\"thumbnailUrl\":\"https:\/\/www.fiscalia.gov.co\/colombia\/wp-content\/uploads\/Capturados-de-Garzon-300x169.jpeg\",\"keywords\":[\"Allanamiento\",\"Bazuco\",\"Capturados\",\"Coca\u00edna\",\"comercializar\",\"Delincuencia\",\"dosificar\",\"estupefaciente\",\"Fabricaci\u00f3n\",\"Fiscal\u00eda General de la Naci\u00f3n\",\"Garz\u00f3n\",\"Huila\",\"Marihuana\",\"Medida de aseguramiento\",\"Porte\",\"Seccional Huila\",\"Tr\u00e1fico\",\"uso de menores\",\"Venta\"],\"articleSection\":[\"Noticias\",\"Seguridad territorial\"],\"inLanguage\":\"es-CO\"},{\"@type\":\"WebPage\",\"@id\":\"https:\/\/www.fiscalia.gov.co\/colombia\/noticias\/en-garzon-huila-fueron-enviadas-a-la-carcel-diez-personas-que-estarian-involucradas-en-el-trafico-local-de-estupefacientes\/\",\"url\":\"https:\/\/www.fiscalia.gov.co\/colombia\/noticias\/en-garzon-huila-fueron-enviadas-a-la-carcel-diez-personas-que-estarian-involucradas-en-el-trafico-local-de-estupefacientes\/\",\"name\":\"Fiscal\u00eda General de la Naci\u00f3n\",\"isPartOf\":{\"@id\":\"https:\/\/www.fiscalia.gov.co\/colombia\/#website\"},\"primaryImageOfPage\":{\"@id\":\"https:\/\/www.fiscalia.gov.co\/colombia\/noticias\/en-garzon-huila-fueron-enviadas-a-la-carcel-diez-personas-que-estarian-involucradas-en-el-trafico-local-de-estupefacientes\/#primaryimage\"},\"image\":{\"@id\":\"https:\/\/www.fiscalia.gov.co\/colombia\/noticias\/en-garzon-huila-fueron-enviadas-a-la-carcel-diez-personas-que-estarian-involucradas-en-el-trafico-local-de-estupefacientes\/#primaryimage\"},\"thumbnailUrl\":\"https:\/\/www.fiscalia.gov.co\/colombia\/wp-content\/uploads\/Capturados-de-Garzon-300x169.jpeg\",\"datePublished\":\"2025-10-03T21:47:34+00:00\",\"dateModified\":\"2025-10-03T21:47:34+00:00\",\"description\":\"P\u00e1gina oficial de la Fiscal\u00eda General de la Naci\u00f3n \u2013 Colombia. Garantizamos el acceso efectivo a la justicia, la verdad y la reparaci\u00f3n de las v\u00edctimas de los delitos.\",\"breadcrumb\":{\"@id\":\"https:\/\/www.fiscalia.gov.co\/colombia\/noticias\/en-garzon-huila-fueron-enviadas-a-la-carcel-diez-personas-que-estarian-involucradas-en-el-trafico-local-de-estupefacientes\/#breadcrumb\"},\"inLanguage\":\"es-CO\",\"potentialAction\":[{\"@type\":\"ReadAction\",\"target\":[\"https:\/\/www.fiscalia.gov.co\/colombia\/noticias\/en-garzon-huila-fueron-enviadas-a-la-carcel-diez-personas-que-estarian-involucradas-en-el-trafico-local-de-estupefacientes\/\"]}]},{\"@type\":\"ImageObject\",\"inLanguage\":\"es-CO\",\"@id\":\"https:\/\/www.fiscalia.gov.co\/colombia\/noticias\/en-garzon-huila-fueron-enviadas-a-la-carcel-diez-personas-que-estarian-involucradas-en-el-trafico-local-de-estupefacientes\/#primaryimage\",\"url\":\"https:\/\/www.fiscalia.gov.co\/colombia\/wp-content\/uploads\/Capturados-de-Garzon.jpeg\",\"contentUrl\":\"https:\/\/www.fiscalia.gov.co\/colombia\/wp-content\/uploads\/Capturados-de-Garzon.jpeg\",\"width\":1600,\"height\":900,\"caption\":\"Durante el desarrollo de 12 diligencias de allanamiento y registro, realizadas por la Polic\u00eda Nacional, en inmuebles ubicados en los barrios Los Comuneros, Chapinero y Nazareth, se lograron las capturas de estas personas.\"},{\"@type\":\"BreadcrumbList\",\"@id\":\"https:\/\/www.fiscalia.gov.co\/colombia\/noticias\/en-garzon-huila-fueron-enviadas-a-la-carcel-diez-personas-que-estarian-involucradas-en-el-trafico-local-de-estupefacientes\/#breadcrumb\",\"itemListElement\":[{\"@type\":\"ListItem\",\"position\":1,\"name\":\"Home\",\"item\":\"https:\/\/www.fiscalia.gov.co\/colombia\/\"},{\"@type\":\"ListItem\",\"position\":2,\"name\":\"En Garz\u00f3n (Huila) fueron enviadas a la c\u00e1rcel diez personas que estar\u00edan involucradas en el tr\u00e1fico local de estupefacientes\"}]},{\"@type\":\"WebSite\",\"@id\":\"https:\/\/www.fiscalia.gov.co\/colombia\/#website\",\"url\":\"https:\/\/www.fiscalia.gov.co\/colombia\/\",\"name\":\"Fiscal\u00eda General de la Naci\u00f3n\",\"description\":\"P\u00e1gina oficial de la Fiscal\u00eda General de la Naci\u00f3n \u2013 Colombia. Garantizamos el acceso efectivo a la justicia, la verdad y la reparaci\u00f3n de las v\u00edctimas de los delitos.\",\"publisher\":{\"@id\":\"https:\/\/www.fiscalia.gov.co\/colombia\/#organization\"},\"potentialAction\":[{\"@type\":\"SearchAction\",\"target\":{\"@type\":\"EntryPoint\",\"urlTemplate\":\"https:\/\/www.fiscalia.gov.co\/colombia\/?s={search_term_string}\"},\"query-input\":{\"@type\":\"PropertyValueSpecification\",\"valueRequired\":true,\"valueName\":\"search_term_string\"}}],\"inLanguage\":\"es-CO\"},{\"@type\":\"Organization\",\"@id\":\"https:\/\/www.fiscalia.gov.co\/colombia\/#organization\",\"name\":\"Fiscal\u00eda General de la Naci\u00f3n\",\"url\":\"https:\/\/www.fiscalia.gov.co\/colombia\/\",\"logo\":{\"@type\":\"ImageObject\",\"inLanguage\":\"es-CO\",\"@id\":\"https:\/\/www.fiscalia.gov.co\/colombia\/#\/schema\/logo\/image\/\",\"url\":\"https:\/\/www.fiscalia.gov.co\/colombia\/wp-content\/uploads\/LogoHorizontal_1.jpg\",\"contentUrl\":\"https:\/\/www.fiscalia.gov.co\/colombia\/wp-content\/uploads\/LogoHorizontal_1.jpg\",\"width\":300,\"height\":90,\"caption\":\"Fiscal\u00eda General de la Naci\u00f3n\"},\"image\":{\"@id\":\"https:\/\/www.fiscalia.gov.co\/colombia\/#\/schema\/logo\/image\/\"},\"sameAs\":[\"https:\/\/www.facebook.com\/FiscaliaCol\",\"https:\/\/x.com\/FiscaliaCol\",\"https:\/\/www.instagram.com\/fiscaliacol\",\"https:\/\/www.linkedin.com\/company\/fiscalia-general-de-la-naci-n\/\",\"https:\/\/youtube.com\/@fiscaliageneraldelanacion-4668?si=6nN79nyQICPU5iTh\"]},{\"@type\":\"Person\",\"@id\":\"https:\/\/www.fiscalia.gov.co\/colombia\/#\/schema\/person\/ba9eca435947489fb25117a0cd75bf3e\",\"name\":\"Johanna Islenny Prieto Pe\u00f1a\",\"image\":{\"@type\":\"ImageObject\",\"inLanguage\":\"es-CO\",\"@id\":\"https:\/\/www.fiscalia.gov.co\/colombia\/#\/schema\/person\/image\/\",\"url\":\"https:\/\/secure.gravatar.com\/avatar\/111433fc2acb037ffb768f6a3ca47864?s=96&d=mm&r=g\",\"contentUrl\":\"https:\/\/secure.gravatar.com\/avatar\/111433fc2acb037ffb768f6a3ca47864?s=96&d=mm&r=g\",\"caption\":\"Johanna Islenny Prieto Pe\u00f1a\"},\"url\":\"https:\/\/www.fiscalia.gov.co\/colombia\/author\/jprietop\/\"}]}<\/script>\n<!-- \/ Yoast SEO plugin. -->","yoast_head_json":{"title":"Fiscal\u00eda General de la Naci\u00f3n","description":"P\u00e1gina oficial de la Fiscal\u00eda General de la Naci\u00f3n \u2013 Colombia. Garantizamos el acceso efectivo a la justicia, la verdad y la reparaci\u00f3n de las v\u00edctimas de los delitos.","robots":{"index":"noindex","follow":"follow"},"og_locale":"es_ES","og_type":"article","og_title":"Fiscal\u00eda General de la Naci\u00f3n","og_description":"P\u00e1gina oficial de la Fiscal\u00eda General de la Naci\u00f3n \u2013 Colombia. Garantizamos el acceso efectivo a la justicia, la verdad y la reparaci\u00f3n de las v\u00edctimas de los delitos.","og_url":"https:\/\/www.fiscalia.gov.co\/colombia\/noticias\/en-garzon-huila-fueron-enviadas-a-la-carcel-diez-personas-que-estarian-involucradas-en-el-trafico-local-de-estupefacientes\/","og_site_name":"Fiscal\u00eda General de la Naci\u00f3n","article_publisher":"https:\/\/www.facebook.com\/FiscaliaCol","article_published_time":"2025-10-03T21:47:34+00:00","og_image":[{"width":1600,"height":900,"url":"https:\/\/www.fiscalia.gov.co\/colombia\/wp-content\/uploads\/Capturados-de-Garzon.jpeg","type":"image\/jpeg"}],"author":"Johanna Islenny Prieto Pe\u00f1a","twitter_card":"summary_large_image","twitter_creator":"@FiscaliaCol","twitter_site":"@FiscaliaCol","twitter_misc":{"Escrito por":"Johanna Islenny Prieto Pe\u00f1a","Tiempo de lectura":"3 minutos"},"schema":{"@context":"https:\/\/schema.org","@graph":[{"@type":"Article","@id":"https:\/\/www.fiscalia.gov.co\/colombia\/noticias\/en-garzon-huila-fueron-enviadas-a-la-carcel-diez-personas-que-estarian-involucradas-en-el-trafico-local-de-estupefacientes\/#article","isPartOf":{"@id":"https:\/\/www.fiscalia.gov.co\/colombia\/noticias\/en-garzon-huila-fueron-enviadas-a-la-carcel-diez-personas-que-estarian-involucradas-en-el-trafico-local-de-estupefacientes\/"},"author":{"name":"Johanna Islenny Prieto Pe\u00f1a","@id":"https:\/\/www.fiscalia.gov.co\/colombia\/#\/schema\/person\/ba9eca435947489fb25117a0cd75bf3e"},"headline":"En Garz\u00f3n (Huila) fueron enviadas a la c\u00e1rcel diez personas que estar\u00edan involucradas en el tr\u00e1fico local de estupefacientes","datePublished":"2025-10-03T21:47:34+00:00","dateModified":"2025-10-03T21:47:34+00:00","mainEntityOfPage":{"@id":"https:\/\/www.fiscalia.gov.co\/colombia\/noticias\/en-garzon-huila-fueron-enviadas-a-la-carcel-diez-personas-que-estarian-involucradas-en-el-trafico-local-de-estupefacientes\/"},"wordCount":519,"publisher":{"@id":"https:\/\/www.fiscalia.gov.co\/colombia\/#organization"},"image":{"@id":"https:\/\/www.fiscalia.gov.co\/colombia\/noticias\/en-garzon-huila-fueron-enviadas-a-la-carcel-diez-personas-que-estarian-involucradas-en-el-trafico-local-de-estupefacientes\/#primaryimage"},"thumbnailUrl":"https:\/\/www.fiscalia.gov.co\/colombia\/wp-content\/uploads\/Capturados-de-Garzon-300x169.jpeg","keywords":["Allanamiento","Bazuco","Capturados","Coca\u00edna","comercializar","Delincuencia","dosificar","estupefaciente","Fabricaci\u00f3n","Fiscal\u00eda General de la Naci\u00f3n","Garz\u00f3n","Huila","Marihuana","Medida de aseguramiento","Porte","Seccional Huila","Tr\u00e1fico","uso de menores","Venta"],"articleSection":["Noticias","Seguridad territorial"],"inLanguage":"es-CO"},{"@type":"WebPage","@id":"https:\/\/www.fiscalia.gov.co\/colombia\/noticias\/en-garzon-huila-fueron-enviadas-a-la-carcel-diez-personas-que-estarian-involucradas-en-el-trafico-local-de-estupefacientes\/","url":"https:\/\/www.fiscalia.gov.co\/colombia\/noticias\/en-garzon-huila-fueron-enviadas-a-la-carcel-diez-personas-que-estarian-involucradas-en-el-trafico-local-de-estupefacientes\/","name":"Fiscal\u00eda General de la Naci\u00f3n","isPartOf":{"@id":"https:\/\/www.fiscalia.gov.co\/colombia\/#website"},"primaryImageOfPage":{"@id":"https:\/\/www.fiscalia.gov.co\/colombia\/noticias\/en-garzon-huila-fueron-enviadas-a-la-carcel-diez-personas-que-estarian-involucradas-en-el-trafico-local-de-estupefacientes\/#primaryimage"},"image":{"@id":"https:\/\/www.fiscalia.gov.co\/colombia\/noticias\/en-garzon-huila-fueron-enviadas-a-la-carcel-diez-personas-que-estarian-involucradas-en-el-trafico-local-de-estupefacientes\/#primaryimage"},"thumbnailUrl":"https:\/\/www.fiscalia.gov.co\/colombia\/wp-content\/uploads\/Capturados-de-Garzon-300x169.jpeg","datePublished":"2025-10-03T21:47:34+00:00","dateModified":"2025-10-03T21:47:34+00:00","description":"P\u00e1gina oficial de la Fiscal\u00eda General de la Naci\u00f3n \u2013 Colombia. Garantizamos el acceso efectivo a la justicia, la verdad y la reparaci\u00f3n de las v\u00edctimas de los delitos.","breadcrumb":{"@id":"https:\/\/www.fiscalia.gov.co\/colombia\/noticias\/en-garzon-huila-fueron-enviadas-a-la-carcel-diez-personas-que-estarian-involucradas-en-el-trafico-local-de-estupefacientes\/#breadcrumb"},"inLanguage":"es-CO","potentialAction":[{"@type":"ReadAction","target":["https:\/\/www.fiscalia.gov.co\/colombia\/noticias\/en-garzon-huila-fueron-enviadas-a-la-carcel-diez-personas-que-estarian-involucradas-en-el-trafico-local-de-estupefacientes\/"]}]},{"@type":"ImageObject","inLanguage":"es-CO","@id":"https:\/\/www.fiscalia.gov.co\/colombia\/noticias\/en-garzon-huila-fueron-enviadas-a-la-carcel-diez-personas-que-estarian-involucradas-en-el-trafico-local-de-estupefacientes\/#primaryimage","url":"https:\/\/www.fiscalia.gov.co\/colombia\/wp-content\/uploads\/Capturados-de-Garzon.jpeg","contentUrl":"https:\/\/www.fiscalia.gov.co\/colombia\/wp-content\/uploads\/Capturados-de-Garzon.jpeg","width":1600,"height":900,"caption":"Durante el desarrollo de 12 diligencias de allanamiento y registro, realizadas por la Polic\u00eda Nacional, en inmuebles ubicados en los barrios Los Comuneros, Chapinero y Nazareth, se lograron las capturas de estas personas."},{"@type":"BreadcrumbList","@id":"https:\/\/www.fiscalia.gov.co\/colombia\/noticias\/en-garzon-huila-fueron-enviadas-a-la-carcel-diez-personas-que-estarian-involucradas-en-el-trafico-local-de-estupefacientes\/#breadcrumb","itemListElement":[{"@type":"ListItem","position":1,"name":"Home","item":"https:\/\/www.fiscalia.gov.co\/colombia\/"},{"@type":"ListItem","position":2,"name":"En Garz\u00f3n (Huila) fueron enviadas a la c\u00e1rcel diez personas que estar\u00edan involucradas en el tr\u00e1fico local de estupefacientes"}]},{"@type":"WebSite","@id":"https:\/\/www.fiscalia.gov.co\/colombia\/#website","url":"https:\/\/www.fiscalia.gov.co\/colombia\/","name":"Fiscal\u00eda General de la Naci\u00f3n","description":"P\u00e1gina oficial de la Fiscal\u00eda General de la Naci\u00f3n \u2013 Colombia. Garantizamos el acceso efectivo a la justicia, la verdad y la reparaci\u00f3n de las v\u00edctimas de los delitos.","publisher":{"@id":"https:\/\/www.fiscalia.gov.co\/colombia\/#organization"},"potentialAction":[{"@type":"SearchAction","target":{"@type":"EntryPoint","urlTemplate":"https:\/\/www.fiscalia.gov.co\/colombia\/?s={search_term_string}"},"query-input":{"@type":"PropertyValueSpecification","valueRequired":true,"valueName":"search_term_string"}}],"inLanguage":"es-CO"},{"@type":"Organization","@id":"https:\/\/www.fiscalia.gov.co\/colombia\/#organization","name":"Fiscal\u00eda General de la Naci\u00f3n","url":"https:\/\/www.fiscalia.gov.co\/colombia\/","logo":{"@type":"ImageObject","inLanguage":"es-CO","@id":"https:\/\/www.fiscalia.gov.co\/colombia\/#\/schema\/logo\/image\/","url":"https:\/\/www.fiscalia.gov.co\/colombia\/wp-content\/uploads\/LogoHorizontal_1.jpg","contentUrl":"https:\/\/www.fiscalia.gov.co\/colombia\/wp-content\/uploads\/LogoHorizontal_1.jpg","width":300,"height":90,"caption":"Fiscal\u00eda General de la Naci\u00f3n"},"image":{"@id":"https:\/\/www.fiscalia.gov.co\/colombia\/#\/schema\/logo\/image\/"},"sameAs":["https:\/\/www.facebook.com\/FiscaliaCol","https:\/\/x.com\/FiscaliaCol","https:\/\/www.instagram.com\/fiscaliacol","https:\/\/www.linkedin.com\/company\/fiscalia-general-de-la-naci-n\/","https:\/\/youtube.com\/@fiscaliageneraldelanacion-4668?si=6nN79nyQICPU5iTh"]},{"@type":"Person","@id":"https:\/\/www.fiscalia.gov.co\/colombia\/#\/schema\/person\/ba9eca435947489fb25117a0cd75bf3e","name":"Johanna Islenny Prieto Pe\u00f1a","image":{"@type":"ImageObject","inLanguage":"es-CO","@id":"https:\/\/www.fiscalia.gov.co\/colombia\/#\/schema\/person\/image\/","url":"https:\/\/secure.gravatar.com\/avatar\/111433fc2acb037ffb768f6a3ca47864?s=96&d=mm&r=g","contentUrl":"https:\/\/secure.gravatar.com\/avatar\/111433fc2acb037ffb768f6a3ca47864?s=96&d=mm&r=g","caption":"Johanna Islenny Prieto Pe\u00f1a"},"url":"https:\/\/www.fiscalia.gov.co\/colombia\/author\/jprietop\/"}]}},"_links":{"self":[{"href":"https:\/\/www.fiscalia.gov.co\/colombia\/wp-json\/wp\/v2\/posts\/325087","targetHints":{"allow":["GET"]}}],"collection":[{"href":"https:\/\/www.fiscalia.gov.co\/colombia\/wp-json\/wp\/v2\/posts"}],"about":[{"href":"https:\/\/www.fiscalia.gov.co\/colombia\/wp-json\/wp\/v2\/types\/post"}],"author":[{"embeddable":true,"href":"https:\/\/www.fiscalia.gov.co\/colombia\/wp-json\/wp\/v2\/users\/181"}],"replies":[{"embeddable":true,"href":"https:\/\/www.fiscalia.gov.co\/colombia\/wp-json\/wp\/v2\/comments?post=325087"}],"version-history":[{"count":1,"href":"https:\/\/www.fiscalia.gov.co\/colombia\/wp-json\/wp\/v2\/posts\/325087\/revisions"}],"predecessor-version":[{"id":325090,"href":"https:\/\/www.fiscalia.gov.co\/colombia\/wp-json\/wp\/v2\/posts\/325087\/revisions\/325090"}],"wp:attachment":[{"href":"https:\/\/www.fiscalia.gov.co\/colombia\/wp-json\/wp\/v2\/media?parent=325087"}],"wp:term":[{"taxonomy":"category","embeddable":true,"href":"https:\/\/www.fiscalia.gov.co\/colombia\/wp-json\/wp\/v2\/categories?post=325087"},{"taxonomy":"post_tag","embeddable":true,"href":"https:\/\/www.fiscalia.gov.co\/colombia\/wp-json\/wp\/v2\/tags?post=325087"}],"curies":[{"name":"wp","href":"https:\/\/api.w.org\/{rel}","templated":true}]}}