{"id":325076,"date":"2025-10-03T16:22:13","date_gmt":"2025-10-03T21:22:13","guid":{"rendered":"https:\/\/www.fiscalia.gov.co\/colombia\/?p=325076"},"modified":"2025-10-03T16:22:13","modified_gmt":"2025-10-03T21:22:13","slug":"en-cartagena-fueron-judicializados-cuatro-hombres-senalados-de-incurrir-en-hurtos-violentos","status":"publish","type":"post","link":"https:\/\/www.fiscalia.gov.co\/colombia\/noticias\/en-cartagena-fueron-judicializados-cuatro-hombres-senalados-de-incurrir-en-hurtos-violentos\/","title":{"rendered":"En Cartagena fueron judicializados cuatro hombres se\u00f1alados de incurrir en hurtos violentos \u00a0"},"content":{"rendered":"<p>Fiscales de la Seccional Bol\u00edvar judicializaron, en procesos independientes, a cuatro hombres presuntamente <strong>comprometidos en hurtos violentos en Cartagena.<\/strong><\/p>\n<p>Se trata de David Mu\u00f1oz Coronado y Yohan Andr\u00e9s Mart\u00ednez Cera quienes habr\u00edan participado en el <a href=\"https:\/\/www.fiscalia.gov.co\/colombia\/noticias\/judicializados-cinco-hombres-senalados-de-cometer-hurtos-bajo-la-modalidad-atraco-y-raponazo-en-huila\/\" target=\"_blank\" rel=\"noopener\">hurto<\/a> del que fue v\u00edctima una persona que<strong> el pasado 25 de septiembre retir\u00f3 10 millones de pesos de un cajero autom\u00e1tico ubicado en un centro comercial del barrio Pie de la Popa.<\/strong><\/p>\n<figure id=\"attachment_325078\" aria-describedby=\"caption-attachment-325078\" style=\"width: 300px\" class=\"wp-caption alignnone\"><img loading=\"lazy\" decoding=\"async\" class=\"size-medium wp-image-325078\" src=\"https:\/\/www.fiscalia.gov.co\/colombia\/wp-content\/uploads\/Foto-1-boletin-3-de-octubre-hurto-300x169.jpeg\" alt=\"En la fotograf\u00eda est\u00e1n dos hombres morenos, de pie, de frente, con las cabezas agachadas, los brazos esposados, cabellos negros crespos cortos, uno est\u00e1 vestido con una camiseta azul y el otro con camiseta amarilla. Se encuentran custodiados por dos uniformados de la Polic\u00eda Nacional.\" width=\"300\" height=\"169\" srcset=\"https:\/\/www.fiscalia.gov.co\/colombia\/wp-content\/uploads\/Foto-1-boletin-3-de-octubre-hurto-300x169.jpeg 300w, https:\/\/www.fiscalia.gov.co\/colombia\/wp-content\/uploads\/Foto-1-boletin-3-de-octubre-hurto-1024x576.jpeg 1024w, https:\/\/www.fiscalia.gov.co\/colombia\/wp-content\/uploads\/Foto-1-boletin-3-de-octubre-hurto-768x432.jpeg 768w, https:\/\/www.fiscalia.gov.co\/colombia\/wp-content\/uploads\/Foto-1-boletin-3-de-octubre-hurto-1536x864.jpeg 1536w, https:\/\/www.fiscalia.gov.co\/colombia\/wp-content\/uploads\/Foto-1-boletin-3-de-octubre-hurto-747x420.jpeg 747w, https:\/\/www.fiscalia.gov.co\/colombia\/wp-content\/uploads\/Foto-1-boletin-3-de-octubre-hurto-696x392.jpeg 696w, https:\/\/www.fiscalia.gov.co\/colombia\/wp-content\/uploads\/Foto-1-boletin-3-de-octubre-hurto-1068x601.jpeg 1068w, https:\/\/www.fiscalia.gov.co\/colombia\/wp-content\/uploads\/Foto-1-boletin-3-de-octubre-hurto.jpeg 1600w\" sizes=\"auto, (max-width: 300px) 100vw, 300px\" \/><figcaption id=\"caption-attachment-325078\" class=\"wp-caption-text\">David Mu\u00f1oz Coronado y Yohan Andr\u00e9s Mart\u00ednez Cera, judicializados.<\/figcaption><\/figure>\n<p>El delito ocurri\u00f3 al interior de un concesionario donde la v\u00edctima esperaba adquirir una motocicleta. <strong>Mu\u00f1oz Coronado, al parecer, ingres\u00f3 al establecimiento comercial y con un arma de fuego le exigi\u00f3 la entregara el dinero<\/strong>. La Polic\u00eda Nacional captur\u00f3 a los dos hombres poco despu\u00e9s de huir del sitio.<\/p>\n<p>En otra decisi\u00f3n fue privado de la libertad Jhon Bairon Mart\u00ednez Hern\u00e1ndez quien habr\u00eda intimidado a una mujer con un arma blanca, para robarle su celular. El delito fue cometido el 29 de septiembre anterior, en el barrio Las Gaviotas. <strong>Poco despu\u00e9s de cometer el crimen el hombre fue detenido por la Polic\u00eda Nacional.<\/strong><\/p>\n<figure id=\"attachment_325081\" aria-describedby=\"caption-attachment-325081\" style=\"width: 300px\" class=\"wp-caption alignnone\"><img loading=\"lazy\" decoding=\"async\" class=\"size-medium wp-image-325081\" src=\"https:\/\/www.fiscalia.gov.co\/colombia\/wp-content\/uploads\/Foto-2-boletin-3-de-octubre-hurto-1-300x169.jpeg\" alt=\"En la imagen est\u00e1 un hombre delgado de pie, de frente, moreno, de baja estatura, vestido con camiseta negra y bermuda blanca, acompa\u00f1ado por dos polic\u00edas.\u00a0\" width=\"300\" height=\"169\" srcset=\"https:\/\/www.fiscalia.gov.co\/colombia\/wp-content\/uploads\/Foto-2-boletin-3-de-octubre-hurto-1-300x169.jpeg 300w, https:\/\/www.fiscalia.gov.co\/colombia\/wp-content\/uploads\/Foto-2-boletin-3-de-octubre-hurto-1-1024x576.jpeg 1024w, https:\/\/www.fiscalia.gov.co\/colombia\/wp-content\/uploads\/Foto-2-boletin-3-de-octubre-hurto-1-768x432.jpeg 768w, https:\/\/www.fiscalia.gov.co\/colombia\/wp-content\/uploads\/Foto-2-boletin-3-de-octubre-hurto-1-1536x864.jpeg 1536w, https:\/\/www.fiscalia.gov.co\/colombia\/wp-content\/uploads\/Foto-2-boletin-3-de-octubre-hurto-1-747x420.jpeg 747w, https:\/\/www.fiscalia.gov.co\/colombia\/wp-content\/uploads\/Foto-2-boletin-3-de-octubre-hurto-1-696x392.jpeg 696w, https:\/\/www.fiscalia.gov.co\/colombia\/wp-content\/uploads\/Foto-2-boletin-3-de-octubre-hurto-1-1068x601.jpeg 1068w, https:\/\/www.fiscalia.gov.co\/colombia\/wp-content\/uploads\/Foto-2-boletin-3-de-octubre-hurto-1.jpeg 1600w\" sizes=\"auto, (max-width: 300px) 100vw, 300px\" \/><figcaption id=\"caption-attachment-325081\" class=\"wp-caption-text\">Dairo Arias Berr\u00edo procesado por hechos ocurridos en el barrio Olaya Herrera.<\/figcaption><\/figure>\n<p>Finalmente, Dairo Arias Berr\u00edo fue judicializado por su aparente participaci\u00f3n en un hurto ocurrido en una vivienda del barrio Olaya Herrera. Los hechos sucedieron el 19 de julio. En desarrollo del delito el ahora procesado agredi\u00f3 a una mujer que se encontraba en el lugar, a quien le <a href=\"https:\/\/www.fiscalia.gov.co\/colombia\/noticias\/asegurado-hombre-que-habria-hurtado-violentamente-a-una-mujer-en-el-centro-de-barranquilla\/\" target=\"_blank\" rel=\"noopener\">fueron hurtados<\/a> un celular, zapatos, v\u00edveres y dinero en efectivo. <strong>El se\u00f1alado responsable fue capturado el pasado 30 de septiembre en el sector de Ricaurte del barrio Olaya Herrera.<\/strong><\/p>\n<p>Ninguno de los procesados acept\u00f3 su responsabilidad en el delito de hurto calificado agravado. Tres de los investigados deber\u00e1n cumplir medidas de aseguramiento en centros carcelarios. Mart\u00ednez Cera, lo har\u00e1 en su domicilio.<\/p>\n<p>MEVA\/MAGA\/PA\/MT\/EGM\/DSB<\/p>\n<p>&nbsp;<\/p>\n<p>&nbsp;<\/p>\n<p>&nbsp;<\/p>\n<p>&nbsp;<\/p>\n<p><i>La informaci\u00f3n contenida en este bolet\u00edn de prensa corresponde a la narraci\u00f3n de los hechos noticiosos objetivos, suministrados por los funcionarios encargados de adelantar las investigaciones penales al interior de la Fiscal\u00eda General de la Naci\u00f3n. Para el momento de la divulgaci\u00f3n de este comunicado, la situaci\u00f3n jur\u00eddica de la(s) persona(s) relacionada(s) se encuentra pendiente de resolver por la autoridad judicial competente, siempre bajo los preceptos de la presunci\u00f3n de inocencia, consagrados en el art\u00edculo 29 de la Constituci\u00f3n Pol\u00edtica y el art\u00edculo 7\u00ba de la Ley 906 de 2004.<\/i><\/p>\n\n<div class=\"twitter-share\"><a href=\"https:\/\/twitter.com\/intent\/tweet?via=fiscaliacol\" class=\"twitter-share-button\">Tweet<\/a><\/div>\n","protected":false},"excerpt":{"rendered":"<p>Fiscales de la Seccional Bol\u00edvar judicializaron, en procesos independientes, a cuatro hombres presuntamente comprometidos en hurtos violentos en Cartagena. Se trata de David Mu\u00f1oz Coronado y Yohan Andr\u00e9s Mart\u00ednez Cera quienes habr\u00edan participado en el hurto del que fue v\u00edctima una persona que el pasado 25 de septiembre retir\u00f3 10 millones de pesos de un [&hellip;]<\/p>\n","protected":false},"author":181,"featured_media":0,"comment_status":"closed","ping_status":"open","sticky":false,"template":"","format":"standard","meta":{"_price":"","_stock":"","_tribe_ticket_header":"","_tribe_default_ticket_provider":"","_tribe_ticket_capacity":"0","_ticket_start_date":"","_ticket_end_date":"","_tribe_ticket_show_description":"","_tribe_ticket_show_not_going":false,"_tribe_ticket_use_global_stock":"","_tribe_ticket_global_stock_level":"","_global_stock_mode":"","_global_stock_cap":"","_tribe_rsvp_for_event":"","_tribe_ticket_going_count":"","_tribe_ticket_not_going_count":"","_tribe_tickets_list":"[]","_tribe_ticket_has_attendee_info_fields":false,"tdm_status":"","tdm_grid_status":"","footnotes":""},"categories":[1,24099],"tags":[4648,14550,23819,24187,1047,23960,25689,43356,35267,558,24914,21350,26165],"class_list":{"0":"post-325076","1":"post","2":"type-post","3":"status-publish","4":"format-standard","6":"category-noticias","7":"category-seguridad-territorial","8":"tag-atraco","9":"tag-carcel","10":"tag-cartagena","11":"tag-fiscalia-colombia","12":"tag-fiscalia-general-de-la-nacion","13":"tag-hurto","14":"tag-intimidacion","15":"tag-la-popa","16":"tag-olaya-herrera","17":"tag-policia-nacional","18":"tag-porte-de-arma","19":"tag-presos","20":"tag-procesados"},"yoast_head":"<!-- This site is optimized with the Yoast SEO plugin v24.3 - https:\/\/yoast.com\/wordpress\/plugins\/seo\/ -->\n<title>Fiscal\u00eda General de la Naci\u00f3n<\/title>\n<meta name=\"description\" content=\"P\u00e1gina oficial de la Fiscal\u00eda General de la Naci\u00f3n \u2013 Colombia. Garantizamos el acceso efectivo a la justicia, la verdad y la reparaci\u00f3n de las v\u00edctimas de los delitos.\" \/>\n<meta name=\"robots\" content=\"noindex, follow\" \/>\n<meta property=\"og:locale\" content=\"es_ES\" \/>\n<meta property=\"og:type\" content=\"article\" \/>\n<meta property=\"og:title\" content=\"Fiscal\u00eda General de la Naci\u00f3n\" \/>\n<meta property=\"og:description\" content=\"P\u00e1gina oficial de la Fiscal\u00eda General de la Naci\u00f3n \u2013 Colombia. Garantizamos el acceso efectivo a la justicia, la verdad y la reparaci\u00f3n de las v\u00edctimas de los delitos.\" \/>\n<meta property=\"og:url\" content=\"https:\/\/www.fiscalia.gov.co\/colombia\/noticias\/en-cartagena-fueron-judicializados-cuatro-hombres-senalados-de-incurrir-en-hurtos-violentos\/\" \/>\n<meta property=\"og:site_name\" content=\"Fiscal\u00eda General de la Naci\u00f3n\" \/>\n<meta property=\"article:publisher\" content=\"https:\/\/www.facebook.com\/FiscaliaCol\" \/>\n<meta property=\"article:published_time\" content=\"2025-10-03T21:22:13+00:00\" \/>\n<meta property=\"og:image\" content=\"https:\/\/www.fiscalia.gov.co\/colombia\/wp-content\/uploads\/Foto-1-boletin-3-de-octubre-hurto.jpeg\" \/>\n\t<meta property=\"og:image:width\" content=\"1600\" \/>\n\t<meta property=\"og:image:height\" content=\"900\" \/>\n\t<meta property=\"og:image:type\" content=\"image\/jpeg\" \/>\n<meta name=\"author\" content=\"Johanna Islenny Prieto Pe\u00f1a\" \/>\n<meta name=\"twitter:card\" content=\"summary_large_image\" \/>\n<meta name=\"twitter:creator\" content=\"@FiscaliaCol\" \/>\n<meta name=\"twitter:site\" content=\"@FiscaliaCol\" \/>\n<meta name=\"twitter:label1\" content=\"Escrito por\" \/>\n\t<meta name=\"twitter:data1\" content=\"Johanna Islenny Prieto Pe\u00f1a\" \/>\n\t<meta name=\"twitter:label2\" content=\"Tiempo de lectura\" \/>\n\t<meta name=\"twitter:data2\" content=\"3 minutos\" \/>\n<script type=\"application\/ld+json\" class=\"yoast-schema-graph\">{\"@context\":\"https:\/\/schema.org\",\"@graph\":[{\"@type\":\"Article\",\"@id\":\"https:\/\/www.fiscalia.gov.co\/colombia\/noticias\/en-cartagena-fueron-judicializados-cuatro-hombres-senalados-de-incurrir-en-hurtos-violentos\/#article\",\"isPartOf\":{\"@id\":\"https:\/\/www.fiscalia.gov.co\/colombia\/noticias\/en-cartagena-fueron-judicializados-cuatro-hombres-senalados-de-incurrir-en-hurtos-violentos\/\"},\"author\":{\"name\":\"Johanna Islenny Prieto Pe\u00f1a\",\"@id\":\"https:\/\/www.fiscalia.gov.co\/colombia\/#\/schema\/person\/ba9eca435947489fb25117a0cd75bf3e\"},\"headline\":\"En Cartagena fueron judicializados cuatro hombres se\u00f1alados de incurrir en hurtos violentos \u00a0\",\"datePublished\":\"2025-10-03T21:22:13+00:00\",\"dateModified\":\"2025-10-03T21:22:13+00:00\",\"mainEntityOfPage\":{\"@id\":\"https:\/\/www.fiscalia.gov.co\/colombia\/noticias\/en-cartagena-fueron-judicializados-cuatro-hombres-senalados-de-incurrir-en-hurtos-violentos\/\"},\"wordCount\":463,\"publisher\":{\"@id\":\"https:\/\/www.fiscalia.gov.co\/colombia\/#organization\"},\"image\":{\"@id\":\"https:\/\/www.fiscalia.gov.co\/colombia\/noticias\/en-cartagena-fueron-judicializados-cuatro-hombres-senalados-de-incurrir-en-hurtos-violentos\/#primaryimage\"},\"thumbnailUrl\":\"https:\/\/www.fiscalia.gov.co\/colombia\/wp-content\/uploads\/Foto-1-boletin-3-de-octubre-hurto-300x169.jpeg\",\"keywords\":[\"Atraco\",\"C\u00e1rcel\",\"Cartagena\",\"Fiscal\u00eda Colombia\",\"Fiscal\u00eda General de la Naci\u00f3n\",\"Hurto\",\"intimidaci\u00f3n.\",\"La Popa\",\"Olaya Herrera\",\"Polic\u00eda Nacional\",\"porte de arma\",\"Presos\",\"procesados\"],\"articleSection\":[\"Noticias\",\"Seguridad territorial\"],\"inLanguage\":\"es-CO\"},{\"@type\":\"WebPage\",\"@id\":\"https:\/\/www.fiscalia.gov.co\/colombia\/noticias\/en-cartagena-fueron-judicializados-cuatro-hombres-senalados-de-incurrir-en-hurtos-violentos\/\",\"url\":\"https:\/\/www.fiscalia.gov.co\/colombia\/noticias\/en-cartagena-fueron-judicializados-cuatro-hombres-senalados-de-incurrir-en-hurtos-violentos\/\",\"name\":\"Fiscal\u00eda General de la Naci\u00f3n\",\"isPartOf\":{\"@id\":\"https:\/\/www.fiscalia.gov.co\/colombia\/#website\"},\"primaryImageOfPage\":{\"@id\":\"https:\/\/www.fiscalia.gov.co\/colombia\/noticias\/en-cartagena-fueron-judicializados-cuatro-hombres-senalados-de-incurrir-en-hurtos-violentos\/#primaryimage\"},\"image\":{\"@id\":\"https:\/\/www.fiscalia.gov.co\/colombia\/noticias\/en-cartagena-fueron-judicializados-cuatro-hombres-senalados-de-incurrir-en-hurtos-violentos\/#primaryimage\"},\"thumbnailUrl\":\"https:\/\/www.fiscalia.gov.co\/colombia\/wp-content\/uploads\/Foto-1-boletin-3-de-octubre-hurto-300x169.jpeg\",\"datePublished\":\"2025-10-03T21:22:13+00:00\",\"dateModified\":\"2025-10-03T21:22:13+00:00\",\"description\":\"P\u00e1gina oficial de la Fiscal\u00eda General de la Naci\u00f3n \u2013 Colombia. Garantizamos el acceso efectivo a la justicia, la verdad y la reparaci\u00f3n de las v\u00edctimas de los delitos.\",\"breadcrumb\":{\"@id\":\"https:\/\/www.fiscalia.gov.co\/colombia\/noticias\/en-cartagena-fueron-judicializados-cuatro-hombres-senalados-de-incurrir-en-hurtos-violentos\/#breadcrumb\"},\"inLanguage\":\"es-CO\",\"potentialAction\":[{\"@type\":\"ReadAction\",\"target\":[\"https:\/\/www.fiscalia.gov.co\/colombia\/noticias\/en-cartagena-fueron-judicializados-cuatro-hombres-senalados-de-incurrir-en-hurtos-violentos\/\"]}]},{\"@type\":\"ImageObject\",\"inLanguage\":\"es-CO\",\"@id\":\"https:\/\/www.fiscalia.gov.co\/colombia\/noticias\/en-cartagena-fueron-judicializados-cuatro-hombres-senalados-de-incurrir-en-hurtos-violentos\/#primaryimage\",\"url\":\"https:\/\/www.fiscalia.gov.co\/colombia\/wp-content\/uploads\/Foto-1-boletin-3-de-octubre-hurto.jpeg\",\"contentUrl\":\"https:\/\/www.fiscalia.gov.co\/colombia\/wp-content\/uploads\/Foto-1-boletin-3-de-octubre-hurto.jpeg\",\"width\":1600,\"height\":900,\"caption\":\"David Mu\u00f1oz Coronado y Yohan Andr\u00e9s Mart\u00ednez Cera, judicializados.\"},{\"@type\":\"BreadcrumbList\",\"@id\":\"https:\/\/www.fiscalia.gov.co\/colombia\/noticias\/en-cartagena-fueron-judicializados-cuatro-hombres-senalados-de-incurrir-en-hurtos-violentos\/#breadcrumb\",\"itemListElement\":[{\"@type\":\"ListItem\",\"position\":1,\"name\":\"Home\",\"item\":\"https:\/\/www.fiscalia.gov.co\/colombia\/\"},{\"@type\":\"ListItem\",\"position\":2,\"name\":\"En Cartagena fueron judicializados cuatro hombres se\u00f1alados de incurrir en hurtos violentos \u00a0\"}]},{\"@type\":\"WebSite\",\"@id\":\"https:\/\/www.fiscalia.gov.co\/colombia\/#website\",\"url\":\"https:\/\/www.fiscalia.gov.co\/colombia\/\",\"name\":\"Fiscal\u00eda General de la Naci\u00f3n\",\"description\":\"P\u00e1gina oficial de la Fiscal\u00eda General de la Naci\u00f3n \u2013 Colombia. Garantizamos el acceso efectivo a la justicia, la verdad y la reparaci\u00f3n de las v\u00edctimas de los delitos.\",\"publisher\":{\"@id\":\"https:\/\/www.fiscalia.gov.co\/colombia\/#organization\"},\"potentialAction\":[{\"@type\":\"SearchAction\",\"target\":{\"@type\":\"EntryPoint\",\"urlTemplate\":\"https:\/\/www.fiscalia.gov.co\/colombia\/?s={search_term_string}\"},\"query-input\":{\"@type\":\"PropertyValueSpecification\",\"valueRequired\":true,\"valueName\":\"search_term_string\"}}],\"inLanguage\":\"es-CO\"},{\"@type\":\"Organization\",\"@id\":\"https:\/\/www.fiscalia.gov.co\/colombia\/#organization\",\"name\":\"Fiscal\u00eda General de la Naci\u00f3n\",\"url\":\"https:\/\/www.fiscalia.gov.co\/colombia\/\",\"logo\":{\"@type\":\"ImageObject\",\"inLanguage\":\"es-CO\",\"@id\":\"https:\/\/www.fiscalia.gov.co\/colombia\/#\/schema\/logo\/image\/\",\"url\":\"https:\/\/www.fiscalia.gov.co\/colombia\/wp-content\/uploads\/LogoHorizontal_1.jpg\",\"contentUrl\":\"https:\/\/www.fiscalia.gov.co\/colombia\/wp-content\/uploads\/LogoHorizontal_1.jpg\",\"width\":300,\"height\":90,\"caption\":\"Fiscal\u00eda General de la Naci\u00f3n\"},\"image\":{\"@id\":\"https:\/\/www.fiscalia.gov.co\/colombia\/#\/schema\/logo\/image\/\"},\"sameAs\":[\"https:\/\/www.facebook.com\/FiscaliaCol\",\"https:\/\/x.com\/FiscaliaCol\",\"https:\/\/www.instagram.com\/fiscaliacol\",\"https:\/\/www.linkedin.com\/company\/fiscalia-general-de-la-naci-n\/\",\"https:\/\/youtube.com\/@fiscaliageneraldelanacion-4668?si=6nN79nyQICPU5iTh\"]},{\"@type\":\"Person\",\"@id\":\"https:\/\/www.fiscalia.gov.co\/colombia\/#\/schema\/person\/ba9eca435947489fb25117a0cd75bf3e\",\"name\":\"Johanna Islenny Prieto Pe\u00f1a\",\"image\":{\"@type\":\"ImageObject\",\"inLanguage\":\"es-CO\",\"@id\":\"https:\/\/www.fiscalia.gov.co\/colombia\/#\/schema\/person\/image\/\",\"url\":\"https:\/\/secure.gravatar.com\/avatar\/111433fc2acb037ffb768f6a3ca47864?s=96&d=mm&r=g\",\"contentUrl\":\"https:\/\/secure.gravatar.com\/avatar\/111433fc2acb037ffb768f6a3ca47864?s=96&d=mm&r=g\",\"caption\":\"Johanna Islenny Prieto Pe\u00f1a\"},\"url\":\"https:\/\/www.fiscalia.gov.co\/colombia\/author\/jprietop\/\"}]}<\/script>\n<!-- \/ Yoast SEO plugin. -->","yoast_head_json":{"title":"Fiscal\u00eda General de la Naci\u00f3n","description":"P\u00e1gina oficial de la Fiscal\u00eda General de la Naci\u00f3n \u2013 Colombia. Garantizamos el acceso efectivo a la justicia, la verdad y la reparaci\u00f3n de las v\u00edctimas de los delitos.","robots":{"index":"noindex","follow":"follow"},"og_locale":"es_ES","og_type":"article","og_title":"Fiscal\u00eda General de la Naci\u00f3n","og_description":"P\u00e1gina oficial de la Fiscal\u00eda General de la Naci\u00f3n \u2013 Colombia. Garantizamos el acceso efectivo a la justicia, la verdad y la reparaci\u00f3n de las v\u00edctimas de los delitos.","og_url":"https:\/\/www.fiscalia.gov.co\/colombia\/noticias\/en-cartagena-fueron-judicializados-cuatro-hombres-senalados-de-incurrir-en-hurtos-violentos\/","og_site_name":"Fiscal\u00eda General de la Naci\u00f3n","article_publisher":"https:\/\/www.facebook.com\/FiscaliaCol","article_published_time":"2025-10-03T21:22:13+00:00","og_image":[{"width":1600,"height":900,"url":"https:\/\/www.fiscalia.gov.co\/colombia\/wp-content\/uploads\/Foto-1-boletin-3-de-octubre-hurto.jpeg","type":"image\/jpeg"}],"author":"Johanna Islenny Prieto Pe\u00f1a","twitter_card":"summary_large_image","twitter_creator":"@FiscaliaCol","twitter_site":"@FiscaliaCol","twitter_misc":{"Escrito por":"Johanna Islenny Prieto Pe\u00f1a","Tiempo de lectura":"3 minutos"},"schema":{"@context":"https:\/\/schema.org","@graph":[{"@type":"Article","@id":"https:\/\/www.fiscalia.gov.co\/colombia\/noticias\/en-cartagena-fueron-judicializados-cuatro-hombres-senalados-de-incurrir-en-hurtos-violentos\/#article","isPartOf":{"@id":"https:\/\/www.fiscalia.gov.co\/colombia\/noticias\/en-cartagena-fueron-judicializados-cuatro-hombres-senalados-de-incurrir-en-hurtos-violentos\/"},"author":{"name":"Johanna Islenny Prieto Pe\u00f1a","@id":"https:\/\/www.fiscalia.gov.co\/colombia\/#\/schema\/person\/ba9eca435947489fb25117a0cd75bf3e"},"headline":"En Cartagena fueron judicializados cuatro hombres se\u00f1alados de incurrir en hurtos violentos \u00a0","datePublished":"2025-10-03T21:22:13+00:00","dateModified":"2025-10-03T21:22:13+00:00","mainEntityOfPage":{"@id":"https:\/\/www.fiscalia.gov.co\/colombia\/noticias\/en-cartagena-fueron-judicializados-cuatro-hombres-senalados-de-incurrir-en-hurtos-violentos\/"},"wordCount":463,"publisher":{"@id":"https:\/\/www.fiscalia.gov.co\/colombia\/#organization"},"image":{"@id":"https:\/\/www.fiscalia.gov.co\/colombia\/noticias\/en-cartagena-fueron-judicializados-cuatro-hombres-senalados-de-incurrir-en-hurtos-violentos\/#primaryimage"},"thumbnailUrl":"https:\/\/www.fiscalia.gov.co\/colombia\/wp-content\/uploads\/Foto-1-boletin-3-de-octubre-hurto-300x169.jpeg","keywords":["Atraco","C\u00e1rcel","Cartagena","Fiscal\u00eda Colombia","Fiscal\u00eda General de la Naci\u00f3n","Hurto","intimidaci\u00f3n.","La Popa","Olaya Herrera","Polic\u00eda Nacional","porte de arma","Presos","procesados"],"articleSection":["Noticias","Seguridad territorial"],"inLanguage":"es-CO"},{"@type":"WebPage","@id":"https:\/\/www.fiscalia.gov.co\/colombia\/noticias\/en-cartagena-fueron-judicializados-cuatro-hombres-senalados-de-incurrir-en-hurtos-violentos\/","url":"https:\/\/www.fiscalia.gov.co\/colombia\/noticias\/en-cartagena-fueron-judicializados-cuatro-hombres-senalados-de-incurrir-en-hurtos-violentos\/","name":"Fiscal\u00eda General de la Naci\u00f3n","isPartOf":{"@id":"https:\/\/www.fiscalia.gov.co\/colombia\/#website"},"primaryImageOfPage":{"@id":"https:\/\/www.fiscalia.gov.co\/colombia\/noticias\/en-cartagena-fueron-judicializados-cuatro-hombres-senalados-de-incurrir-en-hurtos-violentos\/#primaryimage"},"image":{"@id":"https:\/\/www.fiscalia.gov.co\/colombia\/noticias\/en-cartagena-fueron-judicializados-cuatro-hombres-senalados-de-incurrir-en-hurtos-violentos\/#primaryimage"},"thumbnailUrl":"https:\/\/www.fiscalia.gov.co\/colombia\/wp-content\/uploads\/Foto-1-boletin-3-de-octubre-hurto-300x169.jpeg","datePublished":"2025-10-03T21:22:13+00:00","dateModified":"2025-10-03T21:22:13+00:00","description":"P\u00e1gina oficial de la Fiscal\u00eda General de la Naci\u00f3n \u2013 Colombia. Garantizamos el acceso efectivo a la justicia, la verdad y la reparaci\u00f3n de las v\u00edctimas de los delitos.","breadcrumb":{"@id":"https:\/\/www.fiscalia.gov.co\/colombia\/noticias\/en-cartagena-fueron-judicializados-cuatro-hombres-senalados-de-incurrir-en-hurtos-violentos\/#breadcrumb"},"inLanguage":"es-CO","potentialAction":[{"@type":"ReadAction","target":["https:\/\/www.fiscalia.gov.co\/colombia\/noticias\/en-cartagena-fueron-judicializados-cuatro-hombres-senalados-de-incurrir-en-hurtos-violentos\/"]}]},{"@type":"ImageObject","inLanguage":"es-CO","@id":"https:\/\/www.fiscalia.gov.co\/colombia\/noticias\/en-cartagena-fueron-judicializados-cuatro-hombres-senalados-de-incurrir-en-hurtos-violentos\/#primaryimage","url":"https:\/\/www.fiscalia.gov.co\/colombia\/wp-content\/uploads\/Foto-1-boletin-3-de-octubre-hurto.jpeg","contentUrl":"https:\/\/www.fiscalia.gov.co\/colombia\/wp-content\/uploads\/Foto-1-boletin-3-de-octubre-hurto.jpeg","width":1600,"height":900,"caption":"David Mu\u00f1oz Coronado y Yohan Andr\u00e9s Mart\u00ednez Cera, judicializados."},{"@type":"BreadcrumbList","@id":"https:\/\/www.fiscalia.gov.co\/colombia\/noticias\/en-cartagena-fueron-judicializados-cuatro-hombres-senalados-de-incurrir-en-hurtos-violentos\/#breadcrumb","itemListElement":[{"@type":"ListItem","position":1,"name":"Home","item":"https:\/\/www.fiscalia.gov.co\/colombia\/"},{"@type":"ListItem","position":2,"name":"En Cartagena fueron judicializados cuatro hombres se\u00f1alados de incurrir en hurtos violentos \u00a0"}]},{"@type":"WebSite","@id":"https:\/\/www.fiscalia.gov.co\/colombia\/#website","url":"https:\/\/www.fiscalia.gov.co\/colombia\/","name":"Fiscal\u00eda General de la Naci\u00f3n","description":"P\u00e1gina oficial de la Fiscal\u00eda General de la Naci\u00f3n \u2013 Colombia. Garantizamos el acceso efectivo a la justicia, la verdad y la reparaci\u00f3n de las v\u00edctimas de los delitos.","publisher":{"@id":"https:\/\/www.fiscalia.gov.co\/colombia\/#organization"},"potentialAction":[{"@type":"SearchAction","target":{"@type":"EntryPoint","urlTemplate":"https:\/\/www.fiscalia.gov.co\/colombia\/?s={search_term_string}"},"query-input":{"@type":"PropertyValueSpecification","valueRequired":true,"valueName":"search_term_string"}}],"inLanguage":"es-CO"},{"@type":"Organization","@id":"https:\/\/www.fiscalia.gov.co\/colombia\/#organization","name":"Fiscal\u00eda General de la Naci\u00f3n","url":"https:\/\/www.fiscalia.gov.co\/colombia\/","logo":{"@type":"ImageObject","inLanguage":"es-CO","@id":"https:\/\/www.fiscalia.gov.co\/colombia\/#\/schema\/logo\/image\/","url":"https:\/\/www.fiscalia.gov.co\/colombia\/wp-content\/uploads\/LogoHorizontal_1.jpg","contentUrl":"https:\/\/www.fiscalia.gov.co\/colombia\/wp-content\/uploads\/LogoHorizontal_1.jpg","width":300,"height":90,"caption":"Fiscal\u00eda General de la Naci\u00f3n"},"image":{"@id":"https:\/\/www.fiscalia.gov.co\/colombia\/#\/schema\/logo\/image\/"},"sameAs":["https:\/\/www.facebook.com\/FiscaliaCol","https:\/\/x.com\/FiscaliaCol","https:\/\/www.instagram.com\/fiscaliacol","https:\/\/www.linkedin.com\/company\/fiscalia-general-de-la-naci-n\/","https:\/\/youtube.com\/@fiscaliageneraldelanacion-4668?si=6nN79nyQICPU5iTh"]},{"@type":"Person","@id":"https:\/\/www.fiscalia.gov.co\/colombia\/#\/schema\/person\/ba9eca435947489fb25117a0cd75bf3e","name":"Johanna Islenny Prieto Pe\u00f1a","image":{"@type":"ImageObject","inLanguage":"es-CO","@id":"https:\/\/www.fiscalia.gov.co\/colombia\/#\/schema\/person\/image\/","url":"https:\/\/secure.gravatar.com\/avatar\/111433fc2acb037ffb768f6a3ca47864?s=96&d=mm&r=g","contentUrl":"https:\/\/secure.gravatar.com\/avatar\/111433fc2acb037ffb768f6a3ca47864?s=96&d=mm&r=g","caption":"Johanna Islenny Prieto Pe\u00f1a"},"url":"https:\/\/www.fiscalia.gov.co\/colombia\/author\/jprietop\/"}]}},"_links":{"self":[{"href":"https:\/\/www.fiscalia.gov.co\/colombia\/wp-json\/wp\/v2\/posts\/325076","targetHints":{"allow":["GET"]}}],"collection":[{"href":"https:\/\/www.fiscalia.gov.co\/colombia\/wp-json\/wp\/v2\/posts"}],"about":[{"href":"https:\/\/www.fiscalia.gov.co\/colombia\/wp-json\/wp\/v2\/types\/post"}],"author":[{"embeddable":true,"href":"https:\/\/www.fiscalia.gov.co\/colombia\/wp-json\/wp\/v2\/users\/181"}],"replies":[{"embeddable":true,"href":"https:\/\/www.fiscalia.gov.co\/colombia\/wp-json\/wp\/v2\/comments?post=325076"}],"version-history":[{"count":1,"href":"https:\/\/www.fiscalia.gov.co\/colombia\/wp-json\/wp\/v2\/posts\/325076\/revisions"}],"predecessor-version":[{"id":325083,"href":"https:\/\/www.fiscalia.gov.co\/colombia\/wp-json\/wp\/v2\/posts\/325076\/revisions\/325083"}],"wp:attachment":[{"href":"https:\/\/www.fiscalia.gov.co\/colombia\/wp-json\/wp\/v2\/media?parent=325076"}],"wp:term":[{"taxonomy":"category","embeddable":true,"href":"https:\/\/www.fiscalia.gov.co\/colombia\/wp-json\/wp\/v2\/categories?post=325076"},{"taxonomy":"post_tag","embeddable":true,"href":"https:\/\/www.fiscalia.gov.co\/colombia\/wp-json\/wp\/v2\/tags?post=325076"}],"curies":[{"name":"wp","href":"https:\/\/api.w.org\/{rel}","templated":true}]}}