{"id":325038,"date":"2025-10-03T11:39:26","date_gmt":"2025-10-03T16:39:26","guid":{"rendered":"https:\/\/www.fiscalia.gov.co\/colombia\/?p=325038"},"modified":"2025-10-03T11:57:41","modified_gmt":"2025-10-03T16:57:41","slug":"a-la-carcel-17-presuntos-integrantes-de-los-chacales-red-criminal-senalada-de-multiples-delitos-cometidos-en-cali","status":"publish","type":"post","link":"https:\/\/www.fiscalia.gov.co\/colombia\/noticias\/a-la-carcel-17-presuntos-integrantes-de-los-chacales-red-criminal-senalada-de-multiples-delitos-cometidos-en-cali\/","title":{"rendered":"A la c\u00e1rcel 17 presuntos integrantes de Los Chacales, red criminal se\u00f1alada de m\u00faltiples delitos cometidos en Cali"},"content":{"rendered":"<h4><strong><i>Los procesados estar\u00edan implicados en, al menos, 34 eventos delictivos cometidos en el centro de Cali y en varias comunas del oriente de esta ciudad.<\/i><\/strong><\/h4>\n<p><span lang=\"es\">La Fiscal\u00eda General de la Naci\u00f3n, a trav\u00e9s de la Seccional Cali, afect\u00f3 la estructura criminal Los Chacales, tambi\u00e9n conocida como Los Haitianos. El trabajo articulado entre el ente acusador y <strong>la Polic\u00eda Nacional posibilit\u00f3 la captura de 17 presuntos integrantes de esta red<\/strong> ilegal, se\u00f1alada de incurrir en extorsiones y secuestros.<\/span><\/p>\n<figure id=\"attachment_325039\" aria-describedby=\"caption-attachment-325039\" style=\"width: 300px\" class=\"wp-caption alignnone\"><img loading=\"lazy\" decoding=\"async\" class=\"size-medium wp-image-325039\" src=\"https:\/\/www.fiscalia.gov.co\/colombia\/wp-content\/uploads\/1.-Los-Chacales-o-Los-Haitianos.-Concierto-y-otros.-Cali-Valle-300x197.jpg\" alt=\"Las fotograf\u00edas est\u00e1n tomadas en diagonal de derecha a izquierda y viceversa. Se aprecian los presuntos implicados en hilera y esposados entre s\u00ed. Hay 4 mujeres y 13 hombres. A sus extremos hay uniformados de la Polic\u00eda Nacional. Detr\u00e1s de ellos hay un pend\u00f3n institucional de la Polic\u00eda.\" width=\"300\" height=\"197\" srcset=\"https:\/\/www.fiscalia.gov.co\/colombia\/wp-content\/uploads\/1.-Los-Chacales-o-Los-Haitianos.-Concierto-y-otros.-Cali-Valle-300x197.jpg 300w, https:\/\/www.fiscalia.gov.co\/colombia\/wp-content\/uploads\/1.-Los-Chacales-o-Los-Haitianos.-Concierto-y-otros.-Cali-Valle-1024x673.jpg 1024w, https:\/\/www.fiscalia.gov.co\/colombia\/wp-content\/uploads\/1.-Los-Chacales-o-Los-Haitianos.-Concierto-y-otros.-Cali-Valle-768x505.jpg 768w, https:\/\/www.fiscalia.gov.co\/colombia\/wp-content\/uploads\/1.-Los-Chacales-o-Los-Haitianos.-Concierto-y-otros.-Cali-Valle-639x420.jpg 639w, https:\/\/www.fiscalia.gov.co\/colombia\/wp-content\/uploads\/1.-Los-Chacales-o-Los-Haitianos.-Concierto-y-otros.-Cali-Valle-696x458.jpg 696w, https:\/\/www.fiscalia.gov.co\/colombia\/wp-content\/uploads\/1.-Los-Chacales-o-Los-Haitianos.-Concierto-y-otros.-Cali-Valle-1068x702.jpg 1068w, https:\/\/www.fiscalia.gov.co\/colombia\/wp-content\/uploads\/1.-Los-Chacales-o-Los-Haitianos.-Concierto-y-otros.-Cali-Valle-741x486.jpg 741w, https:\/\/www.fiscalia.gov.co\/colombia\/wp-content\/uploads\/1.-Los-Chacales-o-Los-Haitianos.-Concierto-y-otros.-Cali-Valle.jpg 1323w\" sizes=\"auto, (max-width: 300px) 100vw, 300px\" \/><figcaption id=\"caption-attachment-325039\" class=\"wp-caption-text\">Presuntos integrantes del grupo delincuencial Los Chacales o Los Haitianos son investigados como presuntos implicados en m\u00faltiples il\u00edcitos en el oriente y centro de Cali (Valle del Cauca).<\/figcaption><\/figure>\n<p><span lang=\"es\">Labores de polic\u00eda judicial evidenciaron c\u00f3mo el grupo delincuencial incurr\u00eda en acciones ilegales en el barrio Comuneros I, sector Brisas de Las Palmas; en las Comunas 14, 15, 21 y 3 de la capital vallecaucana.<strong> All\u00ed intimidaban a ciudadanos y comerciantes exigi\u00e9ndoles el pago de sumas que iban de 20.000 a 1 mill\u00f3n de pesos, para permitirles trabajar o residir en dichas zonas.<\/strong><\/span><\/p>\n<p><span lang=\"es\">Estas acciones habr\u00edan sido cometidas, al menos, desde junio de 2024. En caso de no cumplir con las exigencias econ\u00f3micas ilegales, las v\u00edctimas deb\u00edan afrontar atentados, hurtos constantes y hasta el desalojo de sus predios.<\/span><\/p>\n<figure id=\"attachment_325040\" aria-describedby=\"caption-attachment-325040\" style=\"width: 300px\" class=\"wp-caption alignnone\"><img loading=\"lazy\" decoding=\"async\" class=\"size-medium wp-image-325040\" src=\"https:\/\/www.fiscalia.gov.co\/colombia\/wp-content\/uploads\/2.-Los-Chacales-o-Los-Haitianos-300x206.jpg\" alt=\"Las fotograf\u00edas est\u00e1n tomadas en diagonal de derecha a izquierda y viceversa. Se aprecian los presuntos implicados en hilera y esposados entre s\u00ed. Hay 4 mujeres y 13 hombres. A sus extremos hay uniformados de la Polic\u00eda Nacional. Detr\u00e1s de ellos hay un pend\u00f3n institucional de la Polic\u00eda.\" width=\"300\" height=\"206\" srcset=\"https:\/\/www.fiscalia.gov.co\/colombia\/wp-content\/uploads\/2.-Los-Chacales-o-Los-Haitianos-300x206.jpg 300w, https:\/\/www.fiscalia.gov.co\/colombia\/wp-content\/uploads\/2.-Los-Chacales-o-Los-Haitianos-1024x703.jpg 1024w, https:\/\/www.fiscalia.gov.co\/colombia\/wp-content\/uploads\/2.-Los-Chacales-o-Los-Haitianos-768x527.jpg 768w, https:\/\/www.fiscalia.gov.co\/colombia\/wp-content\/uploads\/2.-Los-Chacales-o-Los-Haitianos-612x420.jpg 612w, https:\/\/www.fiscalia.gov.co\/colombia\/wp-content\/uploads\/2.-Los-Chacales-o-Los-Haitianos-218x150.jpg 218w, https:\/\/www.fiscalia.gov.co\/colombia\/wp-content\/uploads\/2.-Los-Chacales-o-Los-Haitianos-696x478.jpg 696w, https:\/\/www.fiscalia.gov.co\/colombia\/wp-content\/uploads\/2.-Los-Chacales-o-Los-Haitianos-1068x733.jpg 1068w, https:\/\/www.fiscalia.gov.co\/colombia\/wp-content\/uploads\/2.-Los-Chacales-o-Los-Haitianos-100x70.jpg 100w, https:\/\/www.fiscalia.gov.co\/colombia\/wp-content\/uploads\/2.-Los-Chacales-o-Los-Haitianos.jpg 1259w\" sizes=\"auto, (max-width: 300px) 100vw, 300px\" \/><figcaption id=\"caption-attachment-325040\" class=\"wp-caption-text\">Presuntos integrantes del grupo delincuencial Los Chacales o Los Haitianos son investigados como presuntos implicados en m\u00faltiples il\u00edcitos en el oriente y centro de Cali (Valle del Cauca).<\/figcaption><\/figure>\n<p><span lang=\"es\">En el marco de las investigaciones, la Fiscal\u00eda evidenci\u00f3 34 acciones delictivas en las que habr\u00edan participado los ahora procesados. <strong>En este contexto fueron ordenadas 25 diligencias de registro y allanamiento durante las cuales se materializaron las \u00f3rdenes de captura.<\/strong><\/span><\/p>\n<p><span lang=\"es\">Un fiscal especializado imput\u00f3 a los procesados, seg\u00fan su eventual responsabilidad individual, delitos como: concierto para delinquir, extorsi\u00f3n, hurto calificado y homicidio, todos agravados. Adem\u00e1s de fabricaci\u00f3n, tr\u00e1fico, porte o tenencia de armas de fuego accesorios partes o municiones; desplazamiento forzado; homicidio en grado de tentativa. Todos fueron asegurados en centro carcelario.<\/span><\/p>\n<p><span lang=\"es\">\u00a0<\/span><\/p>\n<p><span lang=\"es\">MAP\/DSC\/MAGA\/<\/span><\/p>\n<p>&nbsp;<\/p>\n<p>&nbsp;<\/p>\n<p>&nbsp;<\/p>\n<p>&nbsp;<\/p>\n<p>&nbsp;<\/p>\n<p><em>La informaci\u00f3n contenida en este bolet\u00edn de prensa corresponde a la narraci\u00f3n de los hechos noticiosos objetivos, suministrados por los funcionarios encargados de adelantar las investigaciones penales al interior de la Fiscal\u00eda General de la Naci\u00f3n. Para el momento de la divulgaci\u00f3n de este comunicado, la situaci\u00f3n jur\u00eddica de la(s) persona(s) relacionada(s) se encuentra pendiente de resolver por la autoridad judicial competente, siempre bajo los preceptos de la presunci\u00f3n de inocencia, consagrados en el art\u00edculo 29 de la Constituci\u00f3n Pol\u00edtica y el art\u00edculo 7\u00ba de la Ley 906 de 2004.<\/em><\/p>\n\n<div class=\"twitter-share\"><a href=\"https:\/\/twitter.com\/intent\/tweet?via=fiscaliacol\" class=\"twitter-share-button\">Tweet<\/a><\/div>\n","protected":false},"excerpt":{"rendered":"<p>Los procesados estar\u00edan implicados en, al menos, 34 eventos delictivos cometidos en el centro de Cali y en varias comunas del oriente de esta ciudad. La Fiscal\u00eda General de la Naci\u00f3n, a trav\u00e9s de la Seccional Cali, afect\u00f3 la estructura criminal Los Chacales, tambi\u00e9n conocida como Los Haitianos. El trabajo articulado entre el ente acusador [&hellip;]<\/p>\n","protected":false},"author":181,"featured_media":0,"comment_status":"closed","ping_status":"open","sticky":false,"template":"","format":"standard","meta":{"_price":"","_stock":"","_tribe_ticket_header":"","_tribe_default_ticket_provider":"","_tribe_ticket_capacity":"0","_ticket_start_date":"","_ticket_end_date":"","_tribe_ticket_show_description":"","_tribe_ticket_show_not_going":false,"_tribe_ticket_use_global_stock":"","_tribe_ticket_global_stock_level":"","_global_stock_mode":"","_global_stock_cap":"","_tribe_rsvp_for_event":"","_tribe_ticket_going_count":"","_tribe_ticket_not_going_count":"","_tribe_tickets_list":"[]","_tribe_ticket_has_attendee_info_fields":false,"tdm_status":"","tdm_grid_status":"","footnotes":""},"categories":[1,24099],"tags":[],"class_list":{"0":"post-325038","1":"post","2":"type-post","3":"status-publish","4":"format-standard","6":"category-noticias","7":"category-seguridad-territorial"},"yoast_head":"<!-- This site is optimized with the Yoast SEO plugin v24.3 - https:\/\/yoast.com\/wordpress\/plugins\/seo\/ -->\n<title>Fiscal\u00eda General de la Naci\u00f3n<\/title>\n<meta name=\"description\" content=\"P\u00e1gina oficial de la Fiscal\u00eda General de la Naci\u00f3n \u2013 Colombia. Garantizamos el acceso efectivo a la justicia, la verdad y la reparaci\u00f3n de las v\u00edctimas de los delitos.\" \/>\n<meta name=\"robots\" content=\"noindex, follow\" \/>\n<meta property=\"og:locale\" content=\"es_ES\" \/>\n<meta property=\"og:type\" content=\"article\" \/>\n<meta property=\"og:title\" content=\"Fiscal\u00eda General de la Naci\u00f3n\" \/>\n<meta property=\"og:description\" content=\"P\u00e1gina oficial de la Fiscal\u00eda General de la Naci\u00f3n \u2013 Colombia. Garantizamos el acceso efectivo a la justicia, la verdad y la reparaci\u00f3n de las v\u00edctimas de los delitos.\" \/>\n<meta property=\"og:url\" content=\"https:\/\/www.fiscalia.gov.co\/colombia\/noticias\/a-la-carcel-17-presuntos-integrantes-de-los-chacales-red-criminal-senalada-de-multiples-delitos-cometidos-en-cali\/\" \/>\n<meta property=\"og:site_name\" content=\"Fiscal\u00eda General de la Naci\u00f3n\" \/>\n<meta property=\"article:publisher\" content=\"https:\/\/www.facebook.com\/FiscaliaCol\" \/>\n<meta property=\"article:published_time\" content=\"2025-10-03T16:39:26+00:00\" \/>\n<meta property=\"article:modified_time\" content=\"2025-10-03T16:57:41+00:00\" \/>\n<meta property=\"og:image\" content=\"https:\/\/www.fiscalia.gov.co\/colombia\/wp-content\/uploads\/1.-Los-Chacales-o-Los-Haitianos.-Concierto-y-otros.-Cali-Valle.jpg\" \/>\n\t<meta property=\"og:image:width\" content=\"1323\" \/>\n\t<meta property=\"og:image:height\" content=\"870\" \/>\n\t<meta property=\"og:image:type\" content=\"image\/jpeg\" \/>\n<meta name=\"author\" content=\"Johanna Islenny Prieto Pe\u00f1a\" \/>\n<meta name=\"twitter:card\" content=\"summary_large_image\" \/>\n<meta name=\"twitter:creator\" content=\"@FiscaliaCol\" \/>\n<meta name=\"twitter:site\" content=\"@FiscaliaCol\" \/>\n<meta name=\"twitter:label1\" content=\"Escrito por\" \/>\n\t<meta name=\"twitter:data1\" content=\"Johanna Islenny Prieto Pe\u00f1a\" \/>\n\t<meta name=\"twitter:label2\" content=\"Tiempo de lectura\" \/>\n\t<meta name=\"twitter:data2\" content=\"3 minutos\" \/>\n<script type=\"application\/ld+json\" class=\"yoast-schema-graph\">{\"@context\":\"https:\/\/schema.org\",\"@graph\":[{\"@type\":\"Article\",\"@id\":\"https:\/\/www.fiscalia.gov.co\/colombia\/noticias\/a-la-carcel-17-presuntos-integrantes-de-los-chacales-red-criminal-senalada-de-multiples-delitos-cometidos-en-cali\/#article\",\"isPartOf\":{\"@id\":\"https:\/\/www.fiscalia.gov.co\/colombia\/noticias\/a-la-carcel-17-presuntos-integrantes-de-los-chacales-red-criminal-senalada-de-multiples-delitos-cometidos-en-cali\/\"},\"author\":{\"name\":\"Johanna Islenny Prieto Pe\u00f1a\",\"@id\":\"https:\/\/www.fiscalia.gov.co\/colombia\/#\/schema\/person\/ba9eca435947489fb25117a0cd75bf3e\"},\"headline\":\"A la c\u00e1rcel 17 presuntos integrantes de Los Chacales, red criminal se\u00f1alada de m\u00faltiples delitos cometidos en Cali\",\"datePublished\":\"2025-10-03T16:39:26+00:00\",\"dateModified\":\"2025-10-03T16:57:41+00:00\",\"mainEntityOfPage\":{\"@id\":\"https:\/\/www.fiscalia.gov.co\/colombia\/noticias\/a-la-carcel-17-presuntos-integrantes-de-los-chacales-red-criminal-senalada-de-multiples-delitos-cometidos-en-cali\/\"},\"wordCount\":483,\"publisher\":{\"@id\":\"https:\/\/www.fiscalia.gov.co\/colombia\/#organization\"},\"image\":{\"@id\":\"https:\/\/www.fiscalia.gov.co\/colombia\/noticias\/a-la-carcel-17-presuntos-integrantes-de-los-chacales-red-criminal-senalada-de-multiples-delitos-cometidos-en-cali\/#primaryimage\"},\"thumbnailUrl\":\"https:\/\/www.fiscalia.gov.co\/colombia\/wp-content\/uploads\/1.-Los-Chacales-o-Los-Haitianos.-Concierto-y-otros.-Cali-Valle-300x197.jpg\",\"articleSection\":[\"Noticias\",\"Seguridad territorial\"],\"inLanguage\":\"es-CO\"},{\"@type\":\"WebPage\",\"@id\":\"https:\/\/www.fiscalia.gov.co\/colombia\/noticias\/a-la-carcel-17-presuntos-integrantes-de-los-chacales-red-criminal-senalada-de-multiples-delitos-cometidos-en-cali\/\",\"url\":\"https:\/\/www.fiscalia.gov.co\/colombia\/noticias\/a-la-carcel-17-presuntos-integrantes-de-los-chacales-red-criminal-senalada-de-multiples-delitos-cometidos-en-cali\/\",\"name\":\"Fiscal\u00eda General de la Naci\u00f3n\",\"isPartOf\":{\"@id\":\"https:\/\/www.fiscalia.gov.co\/colombia\/#website\"},\"primaryImageOfPage\":{\"@id\":\"https:\/\/www.fiscalia.gov.co\/colombia\/noticias\/a-la-carcel-17-presuntos-integrantes-de-los-chacales-red-criminal-senalada-de-multiples-delitos-cometidos-en-cali\/#primaryimage\"},\"image\":{\"@id\":\"https:\/\/www.fiscalia.gov.co\/colombia\/noticias\/a-la-carcel-17-presuntos-integrantes-de-los-chacales-red-criminal-senalada-de-multiples-delitos-cometidos-en-cali\/#primaryimage\"},\"thumbnailUrl\":\"https:\/\/www.fiscalia.gov.co\/colombia\/wp-content\/uploads\/1.-Los-Chacales-o-Los-Haitianos.-Concierto-y-otros.-Cali-Valle-300x197.jpg\",\"datePublished\":\"2025-10-03T16:39:26+00:00\",\"dateModified\":\"2025-10-03T16:57:41+00:00\",\"description\":\"P\u00e1gina oficial de la Fiscal\u00eda General de la Naci\u00f3n \u2013 Colombia. Garantizamos el acceso efectivo a la justicia, la verdad y la reparaci\u00f3n de las v\u00edctimas de los delitos.\",\"breadcrumb\":{\"@id\":\"https:\/\/www.fiscalia.gov.co\/colombia\/noticias\/a-la-carcel-17-presuntos-integrantes-de-los-chacales-red-criminal-senalada-de-multiples-delitos-cometidos-en-cali\/#breadcrumb\"},\"inLanguage\":\"es-CO\",\"potentialAction\":[{\"@type\":\"ReadAction\",\"target\":[\"https:\/\/www.fiscalia.gov.co\/colombia\/noticias\/a-la-carcel-17-presuntos-integrantes-de-los-chacales-red-criminal-senalada-de-multiples-delitos-cometidos-en-cali\/\"]}]},{\"@type\":\"ImageObject\",\"inLanguage\":\"es-CO\",\"@id\":\"https:\/\/www.fiscalia.gov.co\/colombia\/noticias\/a-la-carcel-17-presuntos-integrantes-de-los-chacales-red-criminal-senalada-de-multiples-delitos-cometidos-en-cali\/#primaryimage\",\"url\":\"https:\/\/www.fiscalia.gov.co\/colombia\/wp-content\/uploads\/1.-Los-Chacales-o-Los-Haitianos.-Concierto-y-otros.-Cali-Valle.jpg\",\"contentUrl\":\"https:\/\/www.fiscalia.gov.co\/colombia\/wp-content\/uploads\/1.-Los-Chacales-o-Los-Haitianos.-Concierto-y-otros.-Cali-Valle.jpg\",\"width\":1323,\"height\":870,\"caption\":\"Presuntos integrantes del grupo delincuencial Los Chacales o Los Haitianos son investigados como presuntos implicados en m\u00faltiples il\u00edcitos en el oriente y centro de Cali (Valle del Cauca).\"},{\"@type\":\"BreadcrumbList\",\"@id\":\"https:\/\/www.fiscalia.gov.co\/colombia\/noticias\/a-la-carcel-17-presuntos-integrantes-de-los-chacales-red-criminal-senalada-de-multiples-delitos-cometidos-en-cali\/#breadcrumb\",\"itemListElement\":[{\"@type\":\"ListItem\",\"position\":1,\"name\":\"Home\",\"item\":\"https:\/\/www.fiscalia.gov.co\/colombia\/\"},{\"@type\":\"ListItem\",\"position\":2,\"name\":\"A la c\u00e1rcel 17 presuntos integrantes de Los Chacales, red criminal se\u00f1alada de m\u00faltiples delitos cometidos en Cali\"}]},{\"@type\":\"WebSite\",\"@id\":\"https:\/\/www.fiscalia.gov.co\/colombia\/#website\",\"url\":\"https:\/\/www.fiscalia.gov.co\/colombia\/\",\"name\":\"Fiscal\u00eda General de la Naci\u00f3n\",\"description\":\"P\u00e1gina oficial de la Fiscal\u00eda General de la Naci\u00f3n \u2013 Colombia. Garantizamos el acceso efectivo a la justicia, la verdad y la reparaci\u00f3n de las v\u00edctimas de los delitos.\",\"publisher\":{\"@id\":\"https:\/\/www.fiscalia.gov.co\/colombia\/#organization\"},\"potentialAction\":[{\"@type\":\"SearchAction\",\"target\":{\"@type\":\"EntryPoint\",\"urlTemplate\":\"https:\/\/www.fiscalia.gov.co\/colombia\/?s={search_term_string}\"},\"query-input\":{\"@type\":\"PropertyValueSpecification\",\"valueRequired\":true,\"valueName\":\"search_term_string\"}}],\"inLanguage\":\"es-CO\"},{\"@type\":\"Organization\",\"@id\":\"https:\/\/www.fiscalia.gov.co\/colombia\/#organization\",\"name\":\"Fiscal\u00eda General de la Naci\u00f3n\",\"url\":\"https:\/\/www.fiscalia.gov.co\/colombia\/\",\"logo\":{\"@type\":\"ImageObject\",\"inLanguage\":\"es-CO\",\"@id\":\"https:\/\/www.fiscalia.gov.co\/colombia\/#\/schema\/logo\/image\/\",\"url\":\"https:\/\/www.fiscalia.gov.co\/colombia\/wp-content\/uploads\/LogoHorizontal_1.jpg\",\"contentUrl\":\"https:\/\/www.fiscalia.gov.co\/colombia\/wp-content\/uploads\/LogoHorizontal_1.jpg\",\"width\":300,\"height\":90,\"caption\":\"Fiscal\u00eda General de la Naci\u00f3n\"},\"image\":{\"@id\":\"https:\/\/www.fiscalia.gov.co\/colombia\/#\/schema\/logo\/image\/\"},\"sameAs\":[\"https:\/\/www.facebook.com\/FiscaliaCol\",\"https:\/\/x.com\/FiscaliaCol\",\"https:\/\/www.instagram.com\/fiscaliacol\",\"https:\/\/www.linkedin.com\/company\/fiscalia-general-de-la-naci-n\/\",\"https:\/\/youtube.com\/@fiscaliageneraldelanacion-4668?si=6nN79nyQICPU5iTh\"]},{\"@type\":\"Person\",\"@id\":\"https:\/\/www.fiscalia.gov.co\/colombia\/#\/schema\/person\/ba9eca435947489fb25117a0cd75bf3e\",\"name\":\"Johanna Islenny Prieto Pe\u00f1a\",\"image\":{\"@type\":\"ImageObject\",\"inLanguage\":\"es-CO\",\"@id\":\"https:\/\/www.fiscalia.gov.co\/colombia\/#\/schema\/person\/image\/\",\"url\":\"https:\/\/secure.gravatar.com\/avatar\/111433fc2acb037ffb768f6a3ca47864?s=96&d=mm&r=g\",\"contentUrl\":\"https:\/\/secure.gravatar.com\/avatar\/111433fc2acb037ffb768f6a3ca47864?s=96&d=mm&r=g\",\"caption\":\"Johanna Islenny Prieto Pe\u00f1a\"},\"url\":\"https:\/\/www.fiscalia.gov.co\/colombia\/author\/jprietop\/\"}]}<\/script>\n<!-- \/ Yoast SEO plugin. -->","yoast_head_json":{"title":"Fiscal\u00eda General de la Naci\u00f3n","description":"P\u00e1gina oficial de la Fiscal\u00eda General de la Naci\u00f3n \u2013 Colombia. Garantizamos el acceso efectivo a la justicia, la verdad y la reparaci\u00f3n de las v\u00edctimas de los delitos.","robots":{"index":"noindex","follow":"follow"},"og_locale":"es_ES","og_type":"article","og_title":"Fiscal\u00eda General de la Naci\u00f3n","og_description":"P\u00e1gina oficial de la Fiscal\u00eda General de la Naci\u00f3n \u2013 Colombia. Garantizamos el acceso efectivo a la justicia, la verdad y la reparaci\u00f3n de las v\u00edctimas de los delitos.","og_url":"https:\/\/www.fiscalia.gov.co\/colombia\/noticias\/a-la-carcel-17-presuntos-integrantes-de-los-chacales-red-criminal-senalada-de-multiples-delitos-cometidos-en-cali\/","og_site_name":"Fiscal\u00eda General de la Naci\u00f3n","article_publisher":"https:\/\/www.facebook.com\/FiscaliaCol","article_published_time":"2025-10-03T16:39:26+00:00","article_modified_time":"2025-10-03T16:57:41+00:00","og_image":[{"width":1323,"height":870,"url":"https:\/\/www.fiscalia.gov.co\/colombia\/wp-content\/uploads\/1.-Los-Chacales-o-Los-Haitianos.-Concierto-y-otros.-Cali-Valle.jpg","type":"image\/jpeg"}],"author":"Johanna Islenny Prieto Pe\u00f1a","twitter_card":"summary_large_image","twitter_creator":"@FiscaliaCol","twitter_site":"@FiscaliaCol","twitter_misc":{"Escrito por":"Johanna Islenny Prieto Pe\u00f1a","Tiempo de lectura":"3 minutos"},"schema":{"@context":"https:\/\/schema.org","@graph":[{"@type":"Article","@id":"https:\/\/www.fiscalia.gov.co\/colombia\/noticias\/a-la-carcel-17-presuntos-integrantes-de-los-chacales-red-criminal-senalada-de-multiples-delitos-cometidos-en-cali\/#article","isPartOf":{"@id":"https:\/\/www.fiscalia.gov.co\/colombia\/noticias\/a-la-carcel-17-presuntos-integrantes-de-los-chacales-red-criminal-senalada-de-multiples-delitos-cometidos-en-cali\/"},"author":{"name":"Johanna Islenny Prieto Pe\u00f1a","@id":"https:\/\/www.fiscalia.gov.co\/colombia\/#\/schema\/person\/ba9eca435947489fb25117a0cd75bf3e"},"headline":"A la c\u00e1rcel 17 presuntos integrantes de Los Chacales, red criminal se\u00f1alada de m\u00faltiples delitos cometidos en Cali","datePublished":"2025-10-03T16:39:26+00:00","dateModified":"2025-10-03T16:57:41+00:00","mainEntityOfPage":{"@id":"https:\/\/www.fiscalia.gov.co\/colombia\/noticias\/a-la-carcel-17-presuntos-integrantes-de-los-chacales-red-criminal-senalada-de-multiples-delitos-cometidos-en-cali\/"},"wordCount":483,"publisher":{"@id":"https:\/\/www.fiscalia.gov.co\/colombia\/#organization"},"image":{"@id":"https:\/\/www.fiscalia.gov.co\/colombia\/noticias\/a-la-carcel-17-presuntos-integrantes-de-los-chacales-red-criminal-senalada-de-multiples-delitos-cometidos-en-cali\/#primaryimage"},"thumbnailUrl":"https:\/\/www.fiscalia.gov.co\/colombia\/wp-content\/uploads\/1.-Los-Chacales-o-Los-Haitianos.-Concierto-y-otros.-Cali-Valle-300x197.jpg","articleSection":["Noticias","Seguridad territorial"],"inLanguage":"es-CO"},{"@type":"WebPage","@id":"https:\/\/www.fiscalia.gov.co\/colombia\/noticias\/a-la-carcel-17-presuntos-integrantes-de-los-chacales-red-criminal-senalada-de-multiples-delitos-cometidos-en-cali\/","url":"https:\/\/www.fiscalia.gov.co\/colombia\/noticias\/a-la-carcel-17-presuntos-integrantes-de-los-chacales-red-criminal-senalada-de-multiples-delitos-cometidos-en-cali\/","name":"Fiscal\u00eda General de la Naci\u00f3n","isPartOf":{"@id":"https:\/\/www.fiscalia.gov.co\/colombia\/#website"},"primaryImageOfPage":{"@id":"https:\/\/www.fiscalia.gov.co\/colombia\/noticias\/a-la-carcel-17-presuntos-integrantes-de-los-chacales-red-criminal-senalada-de-multiples-delitos-cometidos-en-cali\/#primaryimage"},"image":{"@id":"https:\/\/www.fiscalia.gov.co\/colombia\/noticias\/a-la-carcel-17-presuntos-integrantes-de-los-chacales-red-criminal-senalada-de-multiples-delitos-cometidos-en-cali\/#primaryimage"},"thumbnailUrl":"https:\/\/www.fiscalia.gov.co\/colombia\/wp-content\/uploads\/1.-Los-Chacales-o-Los-Haitianos.-Concierto-y-otros.-Cali-Valle-300x197.jpg","datePublished":"2025-10-03T16:39:26+00:00","dateModified":"2025-10-03T16:57:41+00:00","description":"P\u00e1gina oficial de la Fiscal\u00eda General de la Naci\u00f3n \u2013 Colombia. Garantizamos el acceso efectivo a la justicia, la verdad y la reparaci\u00f3n de las v\u00edctimas de los delitos.","breadcrumb":{"@id":"https:\/\/www.fiscalia.gov.co\/colombia\/noticias\/a-la-carcel-17-presuntos-integrantes-de-los-chacales-red-criminal-senalada-de-multiples-delitos-cometidos-en-cali\/#breadcrumb"},"inLanguage":"es-CO","potentialAction":[{"@type":"ReadAction","target":["https:\/\/www.fiscalia.gov.co\/colombia\/noticias\/a-la-carcel-17-presuntos-integrantes-de-los-chacales-red-criminal-senalada-de-multiples-delitos-cometidos-en-cali\/"]}]},{"@type":"ImageObject","inLanguage":"es-CO","@id":"https:\/\/www.fiscalia.gov.co\/colombia\/noticias\/a-la-carcel-17-presuntos-integrantes-de-los-chacales-red-criminal-senalada-de-multiples-delitos-cometidos-en-cali\/#primaryimage","url":"https:\/\/www.fiscalia.gov.co\/colombia\/wp-content\/uploads\/1.-Los-Chacales-o-Los-Haitianos.-Concierto-y-otros.-Cali-Valle.jpg","contentUrl":"https:\/\/www.fiscalia.gov.co\/colombia\/wp-content\/uploads\/1.-Los-Chacales-o-Los-Haitianos.-Concierto-y-otros.-Cali-Valle.jpg","width":1323,"height":870,"caption":"Presuntos integrantes del grupo delincuencial Los Chacales o Los Haitianos son investigados como presuntos implicados en m\u00faltiples il\u00edcitos en el oriente y centro de Cali (Valle del Cauca)."},{"@type":"BreadcrumbList","@id":"https:\/\/www.fiscalia.gov.co\/colombia\/noticias\/a-la-carcel-17-presuntos-integrantes-de-los-chacales-red-criminal-senalada-de-multiples-delitos-cometidos-en-cali\/#breadcrumb","itemListElement":[{"@type":"ListItem","position":1,"name":"Home","item":"https:\/\/www.fiscalia.gov.co\/colombia\/"},{"@type":"ListItem","position":2,"name":"A la c\u00e1rcel 17 presuntos integrantes de Los Chacales, red criminal se\u00f1alada de m\u00faltiples delitos cometidos en Cali"}]},{"@type":"WebSite","@id":"https:\/\/www.fiscalia.gov.co\/colombia\/#website","url":"https:\/\/www.fiscalia.gov.co\/colombia\/","name":"Fiscal\u00eda General de la Naci\u00f3n","description":"P\u00e1gina oficial de la Fiscal\u00eda General de la Naci\u00f3n \u2013 Colombia. Garantizamos el acceso efectivo a la justicia, la verdad y la reparaci\u00f3n de las v\u00edctimas de los delitos.","publisher":{"@id":"https:\/\/www.fiscalia.gov.co\/colombia\/#organization"},"potentialAction":[{"@type":"SearchAction","target":{"@type":"EntryPoint","urlTemplate":"https:\/\/www.fiscalia.gov.co\/colombia\/?s={search_term_string}"},"query-input":{"@type":"PropertyValueSpecification","valueRequired":true,"valueName":"search_term_string"}}],"inLanguage":"es-CO"},{"@type":"Organization","@id":"https:\/\/www.fiscalia.gov.co\/colombia\/#organization","name":"Fiscal\u00eda General de la Naci\u00f3n","url":"https:\/\/www.fiscalia.gov.co\/colombia\/","logo":{"@type":"ImageObject","inLanguage":"es-CO","@id":"https:\/\/www.fiscalia.gov.co\/colombia\/#\/schema\/logo\/image\/","url":"https:\/\/www.fiscalia.gov.co\/colombia\/wp-content\/uploads\/LogoHorizontal_1.jpg","contentUrl":"https:\/\/www.fiscalia.gov.co\/colombia\/wp-content\/uploads\/LogoHorizontal_1.jpg","width":300,"height":90,"caption":"Fiscal\u00eda General de la Naci\u00f3n"},"image":{"@id":"https:\/\/www.fiscalia.gov.co\/colombia\/#\/schema\/logo\/image\/"},"sameAs":["https:\/\/www.facebook.com\/FiscaliaCol","https:\/\/x.com\/FiscaliaCol","https:\/\/www.instagram.com\/fiscaliacol","https:\/\/www.linkedin.com\/company\/fiscalia-general-de-la-naci-n\/","https:\/\/youtube.com\/@fiscaliageneraldelanacion-4668?si=6nN79nyQICPU5iTh"]},{"@type":"Person","@id":"https:\/\/www.fiscalia.gov.co\/colombia\/#\/schema\/person\/ba9eca435947489fb25117a0cd75bf3e","name":"Johanna Islenny Prieto Pe\u00f1a","image":{"@type":"ImageObject","inLanguage":"es-CO","@id":"https:\/\/www.fiscalia.gov.co\/colombia\/#\/schema\/person\/image\/","url":"https:\/\/secure.gravatar.com\/avatar\/111433fc2acb037ffb768f6a3ca47864?s=96&d=mm&r=g","contentUrl":"https:\/\/secure.gravatar.com\/avatar\/111433fc2acb037ffb768f6a3ca47864?s=96&d=mm&r=g","caption":"Johanna Islenny Prieto Pe\u00f1a"},"url":"https:\/\/www.fiscalia.gov.co\/colombia\/author\/jprietop\/"}]}},"_links":{"self":[{"href":"https:\/\/www.fiscalia.gov.co\/colombia\/wp-json\/wp\/v2\/posts\/325038","targetHints":{"allow":["GET"]}}],"collection":[{"href":"https:\/\/www.fiscalia.gov.co\/colombia\/wp-json\/wp\/v2\/posts"}],"about":[{"href":"https:\/\/www.fiscalia.gov.co\/colombia\/wp-json\/wp\/v2\/types\/post"}],"author":[{"embeddable":true,"href":"https:\/\/www.fiscalia.gov.co\/colombia\/wp-json\/wp\/v2\/users\/181"}],"replies":[{"embeddable":true,"href":"https:\/\/www.fiscalia.gov.co\/colombia\/wp-json\/wp\/v2\/comments?post=325038"}],"version-history":[{"count":2,"href":"https:\/\/www.fiscalia.gov.co\/colombia\/wp-json\/wp\/v2\/posts\/325038\/revisions"}],"predecessor-version":[{"id":325042,"href":"https:\/\/www.fiscalia.gov.co\/colombia\/wp-json\/wp\/v2\/posts\/325038\/revisions\/325042"}],"wp:attachment":[{"href":"https:\/\/www.fiscalia.gov.co\/colombia\/wp-json\/wp\/v2\/media?parent=325038"}],"wp:term":[{"taxonomy":"category","embeddable":true,"href":"https:\/\/www.fiscalia.gov.co\/colombia\/wp-json\/wp\/v2\/categories?post=325038"},{"taxonomy":"post_tag","embeddable":true,"href":"https:\/\/www.fiscalia.gov.co\/colombia\/wp-json\/wp\/v2\/tags?post=325038"}],"curies":[{"name":"wp","href":"https:\/\/api.w.org\/{rel}","templated":true}]}}