{"id":324669,"date":"2025-09-27T10:03:17","date_gmt":"2025-09-27T15:03:17","guid":{"rendered":"https:\/\/www.fiscalia.gov.co\/colombia\/?p=324669"},"modified":"2025-09-27T10:03:17","modified_gmt":"2025-09-27T15:03:17","slug":"judicializado-presunto-cabecilla-del-clan-del-golfo-senalado-de-ejercer-control-sobre-el-comportamiento-y-las-actividades-de-los-pobladores-del-uraba-antioqueno","status":"publish","type":"post","link":"https:\/\/www.fiscalia.gov.co\/colombia\/crimen-organizado\/judicializado-presunto-cabecilla-del-clan-del-golfo-senalado-de-ejercer-control-sobre-el-comportamiento-y-las-actividades-de-los-pobladores-del-uraba-antioqueno\/","title":{"rendered":"Judicializado presunto cabecilla del \u2018Clan del Golfo\u2019 se\u00f1alado de ejercer control sobre el comportamiento y las actividades de los pobladores del Urab\u00e1 antioque\u00f1o"},"content":{"rendered":"<blockquote>\n<h4><strong><em>\u00d3scar Antonio Avil\u00e9s Sotelo ser\u00eda el responsable de imponer multas y sanciones a las personas que generaban conflictos de convivencia o desconoc\u00edan las directrices que impon\u00eda el grupo armado ilegal en la regi\u00f3n.<\/em><\/strong><\/h4>\n<\/blockquote>\n<p>Elementos materiales probatorios obtenidos por la Fiscal\u00eda General de la Naci\u00f3n dan cuenta de que <strong>\u00d3scar Antonio Avil\u00e9s Sotelo, alias Caballo, uno de los se\u00f1alados cabecillas<\/strong> de la subestructura Carlos V\u00e1squez del \u2018Clan del Golfo\u2019, ser\u00eda el responsable de ejercer control sobre el comportamiento y<strong> las actividades de los pobladores del Urab\u00e1 antioque\u00f1o.<\/strong><\/p>\n<p>En ese sentido, presuntamente citaba a las personas que generaban problemas de <strong>convivencia en la regi\u00f3n o incumpl\u00edan las directrices que impon\u00eda el grupo armado ilegal<\/strong>, y les impon\u00eda multas y sanciones que inclu\u00edan restricciones de movilidad o prohibiciones para desarrollar alg\u00fan trabajo u oficio. Esto en medio de amenazas de muerte.<\/p>\n<p>Adicionalmente, estar\u00eda involucrado en la realizaci\u00f3n de reuniones con las comunidades para informarlas<strong> sobre las acciones del \u2018Clan del Golfo\u2019 y las \u00f3rdenes que impart\u00edan los cabecillas para garantizar el pago de extorsiones y facilitar el tr\u00e1fico de estupefacientes.<\/strong><\/p>\n<p>Avil\u00e9s Sotelo fue capturado en una acci\u00f3n conjunta con la DIJIN de la Polic\u00eda Nacional en el corregimiento Caucheras, en Mutat\u00e1 (Antioquia). Un fiscal de la Direcci\u00f3n Especializada contra las Organizaciones <strong>Criminales lo present\u00f3 ante un juez de control de garant\u00edas y le imput\u00f3 el delito de concierto para delinquir agravado.<\/strong><\/p>\n<p>El procesado no acept\u00f3 el cargo y recibi\u00f3 medida de aseguramiento en centro carcelario.<\/p>\n<p>Esta informaci\u00f3n s\u00e9 p\u00fablica por razones de inter\u00e9s general.<\/p>\n<p>JMSV\/JARG\/OG\/DECOC\/<\/p>\n<p>&nbsp;<\/p>\n<p>&nbsp;<\/p>\n<p>&nbsp;<\/p>\n<p>&nbsp;<\/p>\n<p><i>La informaci\u00f3n contenida en este bolet\u00edn de prensa corresponde a la narraci\u00f3n de los hechos noticiosos objetivos, suministrados por los funcionarios encargados de adelantar las investigaciones penales al interior de la Fiscal\u00eda General de la Naci\u00f3n. Para el momento de la divulgaci\u00f3n de este comunicado, la situaci\u00f3n jur\u00eddica de la(s) persona(s) relacionada(s) se encuentra pendiente de resolver por la autoridad judicial competente, siempre bajo los preceptos de la presunci\u00f3n de inocencia, consagrados en el art\u00edculo 29 de la Constituci\u00f3n Pol\u00edtica y el art\u00edculo 7\u00ba de la Ley 906 de 2004.<\/i><\/p>\n\n<div class=\"twitter-share\"><a href=\"https:\/\/twitter.com\/intent\/tweet?via=fiscaliacol\" class=\"twitter-share-button\">Tweet<\/a><\/div>\n","protected":false},"excerpt":{"rendered":"<p>\u00d3scar Antonio Avil\u00e9s Sotelo ser\u00eda el responsable de imponer multas y sanciones a las personas que generaban conflictos de convivencia o desconoc\u00edan las directrices que impon\u00eda el grupo armado ilegal en la regi\u00f3n. Elementos materiales probatorios obtenidos por la Fiscal\u00eda General de la Naci\u00f3n dan cuenta de que \u00d3scar Antonio Avil\u00e9s Sotelo, alias Caballo, uno [&hellip;]<\/p>\n","protected":false},"author":181,"featured_media":0,"comment_status":"closed","ping_status":"open","sticky":false,"template":"","format":"standard","meta":{"_price":"","_stock":"","_tribe_ticket_header":"","_tribe_default_ticket_provider":"","_tribe_ticket_capacity":"0","_ticket_start_date":"","_ticket_end_date":"","_tribe_ticket_show_description":"","_tribe_ticket_show_not_going":false,"_tribe_ticket_use_global_stock":"","_tribe_ticket_global_stock_level":"","_global_stock_mode":"","_global_stock_cap":"","_tribe_rsvp_for_event":"","_tribe_ticket_going_count":"","_tribe_ticket_not_going_count":"","_tribe_tickets_list":"[]","_tribe_ticket_has_attendee_info_fields":false,"tdm_status":"","tdm_grid_status":"","footnotes":""},"categories":[24098,1],"tags":[14550,78,38811,24187,1047,409,37500,11101],"class_list":{"0":"post-324669","1":"post","2":"type-post","3":"status-publish","4":"format-standard","6":"category-crimen-organizado","7":"category-noticias","8":"tag-carcel","9":"tag-fiscal-general-de-la-nacion","10":"tag-fiscal-luz-adriana-camarago","11":"tag-fiscalia-colombia","12":"tag-fiscalia-general-de-la-nacion","13":"tag-homicidio","14":"tag-luz-adriana-camargo-garzon","15":"tag-seguridad-ciudadana"},"yoast_head":"<!-- This site is optimized with the Yoast SEO plugin v24.3 - https:\/\/yoast.com\/wordpress\/plugins\/seo\/ -->\n<title>Fiscal\u00eda General de la Naci\u00f3n<\/title>\n<meta name=\"description\" content=\"P\u00e1gina oficial de la Fiscal\u00eda General de la Naci\u00f3n \u2013 Colombia. Garantizamos el acceso efectivo a la justicia, la verdad y la reparaci\u00f3n de las v\u00edctimas de los delitos.\" \/>\n<meta name=\"robots\" content=\"noindex, follow\" \/>\n<meta property=\"og:locale\" content=\"es_ES\" \/>\n<meta property=\"og:type\" content=\"article\" \/>\n<meta property=\"og:title\" content=\"Fiscal\u00eda General de la Naci\u00f3n\" \/>\n<meta property=\"og:description\" content=\"P\u00e1gina oficial de la Fiscal\u00eda General de la Naci\u00f3n \u2013 Colombia. Garantizamos el acceso efectivo a la justicia, la verdad y la reparaci\u00f3n de las v\u00edctimas de los delitos.\" \/>\n<meta property=\"og:url\" content=\"https:\/\/www.fiscalia.gov.co\/colombia\/crimen-organizado\/judicializado-presunto-cabecilla-del-clan-del-golfo-senalado-de-ejercer-control-sobre-el-comportamiento-y-las-actividades-de-los-pobladores-del-uraba-antioqueno\/\" \/>\n<meta property=\"og:site_name\" content=\"Fiscal\u00eda General de la Naci\u00f3n\" \/>\n<meta property=\"article:publisher\" content=\"https:\/\/www.facebook.com\/FiscaliaCol\" \/>\n<meta property=\"article:published_time\" content=\"2025-09-27T15:03:17+00:00\" \/>\n<meta name=\"author\" content=\"Johanna Islenny Prieto Pe\u00f1a\" \/>\n<meta name=\"twitter:card\" content=\"summary_large_image\" \/>\n<meta name=\"twitter:creator\" content=\"@FiscaliaCol\" \/>\n<meta name=\"twitter:site\" content=\"@FiscaliaCol\" \/>\n<meta name=\"twitter:label1\" content=\"Escrito por\" \/>\n\t<meta name=\"twitter:data1\" content=\"Johanna Islenny Prieto Pe\u00f1a\" \/>\n\t<meta name=\"twitter:label2\" content=\"Tiempo de lectura\" \/>\n\t<meta name=\"twitter:data2\" content=\"2 minutos\" \/>\n<script type=\"application\/ld+json\" class=\"yoast-schema-graph\">{\"@context\":\"https:\/\/schema.org\",\"@graph\":[{\"@type\":\"Article\",\"@id\":\"https:\/\/www.fiscalia.gov.co\/colombia\/crimen-organizado\/judicializado-presunto-cabecilla-del-clan-del-golfo-senalado-de-ejercer-control-sobre-el-comportamiento-y-las-actividades-de-los-pobladores-del-uraba-antioqueno\/#article\",\"isPartOf\":{\"@id\":\"https:\/\/www.fiscalia.gov.co\/colombia\/crimen-organizado\/judicializado-presunto-cabecilla-del-clan-del-golfo-senalado-de-ejercer-control-sobre-el-comportamiento-y-las-actividades-de-los-pobladores-del-uraba-antioqueno\/\"},\"author\":{\"name\":\"Johanna Islenny Prieto Pe\u00f1a\",\"@id\":\"https:\/\/www.fiscalia.gov.co\/colombia\/#\/schema\/person\/ba9eca435947489fb25117a0cd75bf3e\"},\"headline\":\"Judicializado presunto cabecilla del \u2018Clan del Golfo\u2019 se\u00f1alado de ejercer control sobre el comportamiento y las actividades de los pobladores del Urab\u00e1 antioque\u00f1o\",\"datePublished\":\"2025-09-27T15:03:17+00:00\",\"dateModified\":\"2025-09-27T15:03:17+00:00\",\"mainEntityOfPage\":{\"@id\":\"https:\/\/www.fiscalia.gov.co\/colombia\/crimen-organizado\/judicializado-presunto-cabecilla-del-clan-del-golfo-senalado-de-ejercer-control-sobre-el-comportamiento-y-las-actividades-de-los-pobladores-del-uraba-antioqueno\/\"},\"wordCount\":416,\"publisher\":{\"@id\":\"https:\/\/www.fiscalia.gov.co\/colombia\/#organization\"},\"keywords\":[\"C\u00e1rcel\",\"Fiscal General de la Naci\u00f3n\",\"Fiscal Luz Adriana Camarago\",\"Fiscal\u00eda Colombia\",\"Fiscal\u00eda General de la Naci\u00f3n\",\"Homicidio\",\"Luz Adriana Camargo Garz\u00f3n\",\"Seguridad ciudadana\"],\"articleSection\":[\"Crimen organizado\",\"Noticias\"],\"inLanguage\":\"es-CO\"},{\"@type\":\"WebPage\",\"@id\":\"https:\/\/www.fiscalia.gov.co\/colombia\/crimen-organizado\/judicializado-presunto-cabecilla-del-clan-del-golfo-senalado-de-ejercer-control-sobre-el-comportamiento-y-las-actividades-de-los-pobladores-del-uraba-antioqueno\/\",\"url\":\"https:\/\/www.fiscalia.gov.co\/colombia\/crimen-organizado\/judicializado-presunto-cabecilla-del-clan-del-golfo-senalado-de-ejercer-control-sobre-el-comportamiento-y-las-actividades-de-los-pobladores-del-uraba-antioqueno\/\",\"name\":\"Fiscal\u00eda General de la Naci\u00f3n\",\"isPartOf\":{\"@id\":\"https:\/\/www.fiscalia.gov.co\/colombia\/#website\"},\"datePublished\":\"2025-09-27T15:03:17+00:00\",\"dateModified\":\"2025-09-27T15:03:17+00:00\",\"description\":\"P\u00e1gina oficial de la Fiscal\u00eda General de la Naci\u00f3n \u2013 Colombia. Garantizamos el acceso efectivo a la justicia, la verdad y la reparaci\u00f3n de las v\u00edctimas de los delitos.\",\"breadcrumb\":{\"@id\":\"https:\/\/www.fiscalia.gov.co\/colombia\/crimen-organizado\/judicializado-presunto-cabecilla-del-clan-del-golfo-senalado-de-ejercer-control-sobre-el-comportamiento-y-las-actividades-de-los-pobladores-del-uraba-antioqueno\/#breadcrumb\"},\"inLanguage\":\"es-CO\",\"potentialAction\":[{\"@type\":\"ReadAction\",\"target\":[\"https:\/\/www.fiscalia.gov.co\/colombia\/crimen-organizado\/judicializado-presunto-cabecilla-del-clan-del-golfo-senalado-de-ejercer-control-sobre-el-comportamiento-y-las-actividades-de-los-pobladores-del-uraba-antioqueno\/\"]}]},{\"@type\":\"BreadcrumbList\",\"@id\":\"https:\/\/www.fiscalia.gov.co\/colombia\/crimen-organizado\/judicializado-presunto-cabecilla-del-clan-del-golfo-senalado-de-ejercer-control-sobre-el-comportamiento-y-las-actividades-de-los-pobladores-del-uraba-antioqueno\/#breadcrumb\",\"itemListElement\":[{\"@type\":\"ListItem\",\"position\":1,\"name\":\"Home\",\"item\":\"https:\/\/www.fiscalia.gov.co\/colombia\/\"},{\"@type\":\"ListItem\",\"position\":2,\"name\":\"Judicializado presunto cabecilla del \u2018Clan del Golfo\u2019 se\u00f1alado de ejercer control sobre el comportamiento y las actividades de los pobladores del Urab\u00e1 antioque\u00f1o\"}]},{\"@type\":\"WebSite\",\"@id\":\"https:\/\/www.fiscalia.gov.co\/colombia\/#website\",\"url\":\"https:\/\/www.fiscalia.gov.co\/colombia\/\",\"name\":\"Fiscal\u00eda General de la Naci\u00f3n\",\"description\":\"P\u00e1gina oficial de la Fiscal\u00eda General de la Naci\u00f3n \u2013 Colombia. Garantizamos el acceso efectivo a la justicia, la verdad y la reparaci\u00f3n de las v\u00edctimas de los delitos.\",\"publisher\":{\"@id\":\"https:\/\/www.fiscalia.gov.co\/colombia\/#organization\"},\"potentialAction\":[{\"@type\":\"SearchAction\",\"target\":{\"@type\":\"EntryPoint\",\"urlTemplate\":\"https:\/\/www.fiscalia.gov.co\/colombia\/?s={search_term_string}\"},\"query-input\":{\"@type\":\"PropertyValueSpecification\",\"valueRequired\":true,\"valueName\":\"search_term_string\"}}],\"inLanguage\":\"es-CO\"},{\"@type\":\"Organization\",\"@id\":\"https:\/\/www.fiscalia.gov.co\/colombia\/#organization\",\"name\":\"Fiscal\u00eda General de la Naci\u00f3n\",\"url\":\"https:\/\/www.fiscalia.gov.co\/colombia\/\",\"logo\":{\"@type\":\"ImageObject\",\"inLanguage\":\"es-CO\",\"@id\":\"https:\/\/www.fiscalia.gov.co\/colombia\/#\/schema\/logo\/image\/\",\"url\":\"https:\/\/www.fiscalia.gov.co\/colombia\/wp-content\/uploads\/LogoHorizontal_1.jpg\",\"contentUrl\":\"https:\/\/www.fiscalia.gov.co\/colombia\/wp-content\/uploads\/LogoHorizontal_1.jpg\",\"width\":300,\"height\":90,\"caption\":\"Fiscal\u00eda General de la Naci\u00f3n\"},\"image\":{\"@id\":\"https:\/\/www.fiscalia.gov.co\/colombia\/#\/schema\/logo\/image\/\"},\"sameAs\":[\"https:\/\/www.facebook.com\/FiscaliaCol\",\"https:\/\/x.com\/FiscaliaCol\",\"https:\/\/www.instagram.com\/fiscaliacol\",\"https:\/\/www.linkedin.com\/company\/fiscalia-general-de-la-naci-n\/\",\"https:\/\/youtube.com\/@fiscaliageneraldelanacion-4668?si=6nN79nyQICPU5iTh\"]},{\"@type\":\"Person\",\"@id\":\"https:\/\/www.fiscalia.gov.co\/colombia\/#\/schema\/person\/ba9eca435947489fb25117a0cd75bf3e\",\"name\":\"Johanna Islenny Prieto Pe\u00f1a\",\"image\":{\"@type\":\"ImageObject\",\"inLanguage\":\"es-CO\",\"@id\":\"https:\/\/www.fiscalia.gov.co\/colombia\/#\/schema\/person\/image\/\",\"url\":\"https:\/\/secure.gravatar.com\/avatar\/111433fc2acb037ffb768f6a3ca47864?s=96&d=mm&r=g\",\"contentUrl\":\"https:\/\/secure.gravatar.com\/avatar\/111433fc2acb037ffb768f6a3ca47864?s=96&d=mm&r=g\",\"caption\":\"Johanna Islenny Prieto Pe\u00f1a\"},\"url\":\"https:\/\/www.fiscalia.gov.co\/colombia\/author\/jprietop\/\"}]}<\/script>\n<!-- \/ Yoast SEO plugin. -->","yoast_head_json":{"title":"Fiscal\u00eda General de la Naci\u00f3n","description":"P\u00e1gina oficial de la Fiscal\u00eda General de la Naci\u00f3n \u2013 Colombia. Garantizamos el acceso efectivo a la justicia, la verdad y la reparaci\u00f3n de las v\u00edctimas de los delitos.","robots":{"index":"noindex","follow":"follow"},"og_locale":"es_ES","og_type":"article","og_title":"Fiscal\u00eda General de la Naci\u00f3n","og_description":"P\u00e1gina oficial de la Fiscal\u00eda General de la Naci\u00f3n \u2013 Colombia. Garantizamos el acceso efectivo a la justicia, la verdad y la reparaci\u00f3n de las v\u00edctimas de los delitos.","og_url":"https:\/\/www.fiscalia.gov.co\/colombia\/crimen-organizado\/judicializado-presunto-cabecilla-del-clan-del-golfo-senalado-de-ejercer-control-sobre-el-comportamiento-y-las-actividades-de-los-pobladores-del-uraba-antioqueno\/","og_site_name":"Fiscal\u00eda General de la Naci\u00f3n","article_publisher":"https:\/\/www.facebook.com\/FiscaliaCol","article_published_time":"2025-09-27T15:03:17+00:00","author":"Johanna Islenny Prieto Pe\u00f1a","twitter_card":"summary_large_image","twitter_creator":"@FiscaliaCol","twitter_site":"@FiscaliaCol","twitter_misc":{"Escrito por":"Johanna Islenny Prieto Pe\u00f1a","Tiempo de lectura":"2 minutos"},"schema":{"@context":"https:\/\/schema.org","@graph":[{"@type":"Article","@id":"https:\/\/www.fiscalia.gov.co\/colombia\/crimen-organizado\/judicializado-presunto-cabecilla-del-clan-del-golfo-senalado-de-ejercer-control-sobre-el-comportamiento-y-las-actividades-de-los-pobladores-del-uraba-antioqueno\/#article","isPartOf":{"@id":"https:\/\/www.fiscalia.gov.co\/colombia\/crimen-organizado\/judicializado-presunto-cabecilla-del-clan-del-golfo-senalado-de-ejercer-control-sobre-el-comportamiento-y-las-actividades-de-los-pobladores-del-uraba-antioqueno\/"},"author":{"name":"Johanna Islenny Prieto Pe\u00f1a","@id":"https:\/\/www.fiscalia.gov.co\/colombia\/#\/schema\/person\/ba9eca435947489fb25117a0cd75bf3e"},"headline":"Judicializado presunto cabecilla del \u2018Clan del Golfo\u2019 se\u00f1alado de ejercer control sobre el comportamiento y las actividades de los pobladores del Urab\u00e1 antioque\u00f1o","datePublished":"2025-09-27T15:03:17+00:00","dateModified":"2025-09-27T15:03:17+00:00","mainEntityOfPage":{"@id":"https:\/\/www.fiscalia.gov.co\/colombia\/crimen-organizado\/judicializado-presunto-cabecilla-del-clan-del-golfo-senalado-de-ejercer-control-sobre-el-comportamiento-y-las-actividades-de-los-pobladores-del-uraba-antioqueno\/"},"wordCount":416,"publisher":{"@id":"https:\/\/www.fiscalia.gov.co\/colombia\/#organization"},"keywords":["C\u00e1rcel","Fiscal General de la Naci\u00f3n","Fiscal Luz Adriana Camarago","Fiscal\u00eda Colombia","Fiscal\u00eda General de la Naci\u00f3n","Homicidio","Luz Adriana Camargo Garz\u00f3n","Seguridad ciudadana"],"articleSection":["Crimen organizado","Noticias"],"inLanguage":"es-CO"},{"@type":"WebPage","@id":"https:\/\/www.fiscalia.gov.co\/colombia\/crimen-organizado\/judicializado-presunto-cabecilla-del-clan-del-golfo-senalado-de-ejercer-control-sobre-el-comportamiento-y-las-actividades-de-los-pobladores-del-uraba-antioqueno\/","url":"https:\/\/www.fiscalia.gov.co\/colombia\/crimen-organizado\/judicializado-presunto-cabecilla-del-clan-del-golfo-senalado-de-ejercer-control-sobre-el-comportamiento-y-las-actividades-de-los-pobladores-del-uraba-antioqueno\/","name":"Fiscal\u00eda General de la Naci\u00f3n","isPartOf":{"@id":"https:\/\/www.fiscalia.gov.co\/colombia\/#website"},"datePublished":"2025-09-27T15:03:17+00:00","dateModified":"2025-09-27T15:03:17+00:00","description":"P\u00e1gina oficial de la Fiscal\u00eda General de la Naci\u00f3n \u2013 Colombia. Garantizamos el acceso efectivo a la justicia, la verdad y la reparaci\u00f3n de las v\u00edctimas de los delitos.","breadcrumb":{"@id":"https:\/\/www.fiscalia.gov.co\/colombia\/crimen-organizado\/judicializado-presunto-cabecilla-del-clan-del-golfo-senalado-de-ejercer-control-sobre-el-comportamiento-y-las-actividades-de-los-pobladores-del-uraba-antioqueno\/#breadcrumb"},"inLanguage":"es-CO","potentialAction":[{"@type":"ReadAction","target":["https:\/\/www.fiscalia.gov.co\/colombia\/crimen-organizado\/judicializado-presunto-cabecilla-del-clan-del-golfo-senalado-de-ejercer-control-sobre-el-comportamiento-y-las-actividades-de-los-pobladores-del-uraba-antioqueno\/"]}]},{"@type":"BreadcrumbList","@id":"https:\/\/www.fiscalia.gov.co\/colombia\/crimen-organizado\/judicializado-presunto-cabecilla-del-clan-del-golfo-senalado-de-ejercer-control-sobre-el-comportamiento-y-las-actividades-de-los-pobladores-del-uraba-antioqueno\/#breadcrumb","itemListElement":[{"@type":"ListItem","position":1,"name":"Home","item":"https:\/\/www.fiscalia.gov.co\/colombia\/"},{"@type":"ListItem","position":2,"name":"Judicializado presunto cabecilla del \u2018Clan del Golfo\u2019 se\u00f1alado de ejercer control sobre el comportamiento y las actividades de los pobladores del Urab\u00e1 antioque\u00f1o"}]},{"@type":"WebSite","@id":"https:\/\/www.fiscalia.gov.co\/colombia\/#website","url":"https:\/\/www.fiscalia.gov.co\/colombia\/","name":"Fiscal\u00eda General de la Naci\u00f3n","description":"P\u00e1gina oficial de la Fiscal\u00eda General de la Naci\u00f3n \u2013 Colombia. Garantizamos el acceso efectivo a la justicia, la verdad y la reparaci\u00f3n de las v\u00edctimas de los delitos.","publisher":{"@id":"https:\/\/www.fiscalia.gov.co\/colombia\/#organization"},"potentialAction":[{"@type":"SearchAction","target":{"@type":"EntryPoint","urlTemplate":"https:\/\/www.fiscalia.gov.co\/colombia\/?s={search_term_string}"},"query-input":{"@type":"PropertyValueSpecification","valueRequired":true,"valueName":"search_term_string"}}],"inLanguage":"es-CO"},{"@type":"Organization","@id":"https:\/\/www.fiscalia.gov.co\/colombia\/#organization","name":"Fiscal\u00eda General de la Naci\u00f3n","url":"https:\/\/www.fiscalia.gov.co\/colombia\/","logo":{"@type":"ImageObject","inLanguage":"es-CO","@id":"https:\/\/www.fiscalia.gov.co\/colombia\/#\/schema\/logo\/image\/","url":"https:\/\/www.fiscalia.gov.co\/colombia\/wp-content\/uploads\/LogoHorizontal_1.jpg","contentUrl":"https:\/\/www.fiscalia.gov.co\/colombia\/wp-content\/uploads\/LogoHorizontal_1.jpg","width":300,"height":90,"caption":"Fiscal\u00eda General de la Naci\u00f3n"},"image":{"@id":"https:\/\/www.fiscalia.gov.co\/colombia\/#\/schema\/logo\/image\/"},"sameAs":["https:\/\/www.facebook.com\/FiscaliaCol","https:\/\/x.com\/FiscaliaCol","https:\/\/www.instagram.com\/fiscaliacol","https:\/\/www.linkedin.com\/company\/fiscalia-general-de-la-naci-n\/","https:\/\/youtube.com\/@fiscaliageneraldelanacion-4668?si=6nN79nyQICPU5iTh"]},{"@type":"Person","@id":"https:\/\/www.fiscalia.gov.co\/colombia\/#\/schema\/person\/ba9eca435947489fb25117a0cd75bf3e","name":"Johanna Islenny Prieto Pe\u00f1a","image":{"@type":"ImageObject","inLanguage":"es-CO","@id":"https:\/\/www.fiscalia.gov.co\/colombia\/#\/schema\/person\/image\/","url":"https:\/\/secure.gravatar.com\/avatar\/111433fc2acb037ffb768f6a3ca47864?s=96&d=mm&r=g","contentUrl":"https:\/\/secure.gravatar.com\/avatar\/111433fc2acb037ffb768f6a3ca47864?s=96&d=mm&r=g","caption":"Johanna Islenny Prieto Pe\u00f1a"},"url":"https:\/\/www.fiscalia.gov.co\/colombia\/author\/jprietop\/"}]}},"_links":{"self":[{"href":"https:\/\/www.fiscalia.gov.co\/colombia\/wp-json\/wp\/v2\/posts\/324669","targetHints":{"allow":["GET"]}}],"collection":[{"href":"https:\/\/www.fiscalia.gov.co\/colombia\/wp-json\/wp\/v2\/posts"}],"about":[{"href":"https:\/\/www.fiscalia.gov.co\/colombia\/wp-json\/wp\/v2\/types\/post"}],"author":[{"embeddable":true,"href":"https:\/\/www.fiscalia.gov.co\/colombia\/wp-json\/wp\/v2\/users\/181"}],"replies":[{"embeddable":true,"href":"https:\/\/www.fiscalia.gov.co\/colombia\/wp-json\/wp\/v2\/comments?post=324669"}],"version-history":[{"count":1,"href":"https:\/\/www.fiscalia.gov.co\/colombia\/wp-json\/wp\/v2\/posts\/324669\/revisions"}],"predecessor-version":[{"id":324670,"href":"https:\/\/www.fiscalia.gov.co\/colombia\/wp-json\/wp\/v2\/posts\/324669\/revisions\/324670"}],"wp:attachment":[{"href":"https:\/\/www.fiscalia.gov.co\/colombia\/wp-json\/wp\/v2\/media?parent=324669"}],"wp:term":[{"taxonomy":"category","embeddable":true,"href":"https:\/\/www.fiscalia.gov.co\/colombia\/wp-json\/wp\/v2\/categories?post=324669"},{"taxonomy":"post_tag","embeddable":true,"href":"https:\/\/www.fiscalia.gov.co\/colombia\/wp-json\/wp\/v2\/tags?post=324669"}],"curies":[{"name":"wp","href":"https:\/\/api.w.org\/{rel}","templated":true}]}}