{"id":324627,"date":"2025-09-26T15:58:23","date_gmt":"2025-09-26T20:58:23","guid":{"rendered":"https:\/\/www.fiscalia.gov.co\/colombia\/?p=324627"},"modified":"2025-09-26T15:58:23","modified_gmt":"2025-09-26T20:58:23","slug":"dos-hombres-presuntamente-implicados-en-un-secuestro-en-tulua-valle-del-cauca-fueron-asegurados-en-carcel","status":"publish","type":"post","link":"https:\/\/www.fiscalia.gov.co\/colombia\/noticias\/dos-hombres-presuntamente-implicados-en-un-secuestro-en-tulua-valle-del-cauca-fueron-asegurados-en-carcel\/","title":{"rendered":"Dos hombres presuntamente implicados en un secuestro en Tulu\u00e1 (Valle del Cauca) fueron asegurados en c\u00e1rcel"},"content":{"rendered":"<p><span lang=\"es\">Por petici\u00f3n de un fiscal de la Seccional Valle del Cauca, un juez con funci\u00f3n de control de <strong>garant\u00edas impuso medida de aseguramiento en centro carcelario<\/strong> a\u00a0<\/span>Juan Carlos Corrales Hincapi\u00e9 y Jhon Breyner Bernal Gonz\u00e1lez, quienes habr\u00edan participado en la retenci\u00f3n ilegal de un ciudadano en\u00a0<span lang=\"es\">Tulu\u00e1<\/span>.<\/p>\n<figure id=\"attachment_324634\" aria-describedby=\"caption-attachment-324634\" style=\"width: 300px\" class=\"wp-caption alignnone\"><img loading=\"lazy\" decoding=\"async\" class=\"size-medium wp-image-324634\" src=\"https:\/\/www.fiscalia.gov.co\/colombia\/wp-content\/uploads\/Juan-Carlos-Corrales-Hincapie-y-Jhon-Breyner-Bernal-Gonzalez.-Secuestro-extorsivo-agravado.-Tulua-Valle-300x226.jpg\" alt=\"En la fotograf\u00eda aparecen de pie, con los brazos adelante y esposados Juan Carlos Corrales Hincapi\u00e9 y Jhon Breyner Bernal Gonz\u00e1lez. Uno, viste con camiseta sin mangas, de color negro y estampado marr\u00f3n a la altura del pecho; bermuda de color verde oscuro y pantuflas verdes. El otro viste camisa y pantal\u00f3n camuflados y pantuflas verdes. Al extremo derecho hay un servidor del CTI de la Fiscal\u00eda y un uniformado del Ej\u00e9rcito. Al extremo derecho hay un uniformado de la Polic\u00eda Nacional y del Ej\u00e9rcito. Detr\u00e1s de ellos hay dos pendones institucionales de la Fiscal\u00eda y del Ej\u00e9rcito.\" width=\"300\" height=\"226\" srcset=\"https:\/\/www.fiscalia.gov.co\/colombia\/wp-content\/uploads\/Juan-Carlos-Corrales-Hincapie-y-Jhon-Breyner-Bernal-Gonzalez.-Secuestro-extorsivo-agravado.-Tulua-Valle-300x226.jpg 300w, https:\/\/www.fiscalia.gov.co\/colombia\/wp-content\/uploads\/Juan-Carlos-Corrales-Hincapie-y-Jhon-Breyner-Bernal-Gonzalez.-Secuestro-extorsivo-agravado.-Tulua-Valle-1024x772.jpg 1024w, https:\/\/www.fiscalia.gov.co\/colombia\/wp-content\/uploads\/Juan-Carlos-Corrales-Hincapie-y-Jhon-Breyner-Bernal-Gonzalez.-Secuestro-extorsivo-agravado.-Tulua-Valle-768x579.jpg 768w, https:\/\/www.fiscalia.gov.co\/colombia\/wp-content\/uploads\/Juan-Carlos-Corrales-Hincapie-y-Jhon-Breyner-Bernal-Gonzalez.-Secuestro-extorsivo-agravado.-Tulua-Valle-1536x1158.jpg 1536w, https:\/\/www.fiscalia.gov.co\/colombia\/wp-content\/uploads\/Juan-Carlos-Corrales-Hincapie-y-Jhon-Breyner-Bernal-Gonzalez.-Secuestro-extorsivo-agravado.-Tulua-Valle-557x420.jpg 557w, https:\/\/www.fiscalia.gov.co\/colombia\/wp-content\/uploads\/Juan-Carlos-Corrales-Hincapie-y-Jhon-Breyner-Bernal-Gonzalez.-Secuestro-extorsivo-agravado.-Tulua-Valle-80x60.jpg 80w, https:\/\/www.fiscalia.gov.co\/colombia\/wp-content\/uploads\/Juan-Carlos-Corrales-Hincapie-y-Jhon-Breyner-Bernal-Gonzalez.-Secuestro-extorsivo-agravado.-Tulua-Valle-696x525.jpg 696w, https:\/\/www.fiscalia.gov.co\/colombia\/wp-content\/uploads\/Juan-Carlos-Corrales-Hincapie-y-Jhon-Breyner-Bernal-Gonzalez.-Secuestro-extorsivo-agravado.-Tulua-Valle-1068x805.jpg 1068w, https:\/\/www.fiscalia.gov.co\/colombia\/wp-content\/uploads\/Juan-Carlos-Corrales-Hincapie-y-Jhon-Breyner-Bernal-Gonzalez.-Secuestro-extorsivo-agravado.-Tulua-Valle.jpg 1600w\" sizes=\"auto, (max-width: 300px) 100vw, 300px\" \/><figcaption id=\"caption-attachment-324634\" class=\"wp-caption-text\">Juan Carlos Corrales Hincapi\u00e9 y Jhon Breyner Bernal Gonz\u00e1lez habr\u00edan secuestrado a un ciudadano y exigido a sus familiares 6 millones de pesos por su liberaci\u00f3n, en Tulu\u00e1 (Valle del Cauca).<\/figcaption><\/figure>\n<p>Bernal Gonz\u00e1lez y Corrales Hincapi\u00e9 de 20 y 25 a\u00f1os, respectivamente, fueron imputados con el delito de secuestro extorsivo agravado. <strong>Al parecer, los procesados exig\u00edan a los familiares de la v\u00edctima el pago de seis millones de pesos por la liberaci\u00f3n del ciudadano<\/strong>.<\/p>\n<p>Labores de polic\u00eda judicial evidenciaron que el plagio ocurri\u00f3 el pasado 15 de julio en el barrio<strong> La Paz de Tulu\u00e1, y que las exigencias econ\u00f3micas ilegales<\/strong> eran realizadas a trav\u00e9s de llamadas, y en otras oportunidades de manera personal.<\/p>\n<p>Acciones coordinadas entre servidores del Cuerpo T\u00e9cnico de Investigaci\u00f3n (CTI) con apoyo del Gaula Militar y la Polic\u00eda Nacional permitieron la captura de los dos procesados, el pasado 25 de septiembre.<\/p>\n<p><strong>En desarrollo de las audiencias concentradas ninguno de los procesados acept\u00f3<\/strong> su responsabilidad en los hechos.<\/p>\n<p>&nbsp;<\/p>\n<p>MAP\/DSVC\/MAGA\/<\/p>\n<p>&nbsp;<\/p>\n<p>&nbsp;<\/p>\n<p>&nbsp;<\/p>\n<p>&nbsp;<\/p>\n<p>&nbsp;<\/p>\n<p><i>La informaci\u00f3n contenida en este bolet\u00edn de prensa corresponde a la narraci\u00f3n de los hechos noticiosos objetivos, suministrados por los funcionarios encargados de adelantar las investigaciones penales al interior de la Fiscal\u00eda General de la Naci\u00f3n. Para el momento de la divulgaci\u00f3n de este comunicado, la situaci\u00f3n jur\u00eddica de la(s) persona(s) relacionada(s) se encuentra pendiente de resolver por la autoridad judicial competente, siempre bajo los preceptos de la presunci\u00f3n de inocencia, consagrados en el art\u00edculo 29 de la Constituci\u00f3n Pol\u00edtica y el art\u00edculo 7\u00ba de la Ley 906 de 2004.<\/i><\/p>\n\n<div class=\"twitter-share\"><a href=\"https:\/\/twitter.com\/intent\/tweet?via=fiscaliacol\" class=\"twitter-share-button\">Tweet<\/a><\/div>\n","protected":false},"excerpt":{"rendered":"<p>Por petici\u00f3n de un fiscal de la Seccional Valle del Cauca, un juez con funci\u00f3n de control de garant\u00edas impuso medida de aseguramiento en centro carcelario a\u00a0Juan Carlos Corrales Hincapi\u00e9 y Jhon Breyner Bernal Gonz\u00e1lez, quienes habr\u00edan participado en la retenci\u00f3n ilegal de un ciudadano en\u00a0Tulu\u00e1. Bernal Gonz\u00e1lez y Corrales Hincapi\u00e9 de 20 y 25 [&hellip;]<\/p>\n","protected":false},"author":181,"featured_media":0,"comment_status":"closed","ping_status":"open","sticky":false,"template":"","format":"standard","meta":{"_price":"","_stock":"","_tribe_ticket_header":"","_tribe_default_ticket_provider":"","_tribe_ticket_capacity":"0","_ticket_start_date":"","_ticket_end_date":"","_tribe_ticket_show_description":"","_tribe_ticket_show_not_going":false,"_tribe_ticket_use_global_stock":"","_tribe_ticket_global_stock_level":"","_global_stock_mode":"","_global_stock_cap":"","_tribe_rsvp_for_event":"","_tribe_ticket_going_count":"","_tribe_ticket_not_going_count":"","_tribe_tickets_list":"[]","_tribe_ticket_has_attendee_info_fields":false,"tdm_status":"","tdm_grid_status":"","footnotes":""},"categories":[1,24099],"tags":[12184,37892,4614,37671],"class_list":{"0":"post-324627","1":"post","2":"type-post","3":"status-publish","4":"format-standard","6":"category-noticias","7":"category-seguridad-territorial","8":"tag-fiscal","9":"tag-fiscal-luz-adriana-camargo-garzon","10":"tag-fiscalia-2","11":"tag-noticias"},"yoast_head":"<!-- This site is optimized with the Yoast SEO plugin v24.3 - https:\/\/yoast.com\/wordpress\/plugins\/seo\/ -->\n<title>Fiscal\u00eda General de la Naci\u00f3n<\/title>\n<meta name=\"description\" content=\"P\u00e1gina oficial de la Fiscal\u00eda General de la Naci\u00f3n \u2013 Colombia. Garantizamos el acceso efectivo a la justicia, la verdad y la reparaci\u00f3n de las v\u00edctimas de los delitos.\" \/>\n<meta name=\"robots\" content=\"noindex, follow\" \/>\n<meta property=\"og:locale\" content=\"es_ES\" \/>\n<meta property=\"og:type\" content=\"article\" \/>\n<meta property=\"og:title\" content=\"Fiscal\u00eda General de la Naci\u00f3n\" \/>\n<meta property=\"og:description\" content=\"P\u00e1gina oficial de la Fiscal\u00eda General de la Naci\u00f3n \u2013 Colombia. Garantizamos el acceso efectivo a la justicia, la verdad y la reparaci\u00f3n de las v\u00edctimas de los delitos.\" \/>\n<meta property=\"og:url\" content=\"https:\/\/www.fiscalia.gov.co\/colombia\/noticias\/dos-hombres-presuntamente-implicados-en-un-secuestro-en-tulua-valle-del-cauca-fueron-asegurados-en-carcel\/\" \/>\n<meta property=\"og:site_name\" content=\"Fiscal\u00eda General de la Naci\u00f3n\" \/>\n<meta property=\"article:publisher\" content=\"https:\/\/www.facebook.com\/FiscaliaCol\" \/>\n<meta property=\"article:published_time\" content=\"2025-09-26T20:58:23+00:00\" \/>\n<meta property=\"og:image\" content=\"https:\/\/www.fiscalia.gov.co\/colombia\/wp-content\/uploads\/Juan-Carlos-Corrales-Hincapie-y-Jhon-Breyner-Bernal-Gonzalez.-Secuestro-extorsivo-agravado.-Tulua-Valle.jpg\" \/>\n\t<meta property=\"og:image:width\" content=\"1600\" \/>\n\t<meta property=\"og:image:height\" content=\"1206\" \/>\n\t<meta property=\"og:image:type\" content=\"image\/jpeg\" \/>\n<meta name=\"author\" content=\"Johanna Islenny Prieto Pe\u00f1a\" \/>\n<meta name=\"twitter:card\" content=\"summary_large_image\" \/>\n<meta name=\"twitter:creator\" content=\"@FiscaliaCol\" \/>\n<meta name=\"twitter:site\" content=\"@FiscaliaCol\" \/>\n<meta name=\"twitter:label1\" content=\"Escrito por\" \/>\n\t<meta name=\"twitter:data1\" content=\"Johanna Islenny Prieto Pe\u00f1a\" \/>\n\t<meta name=\"twitter:label2\" content=\"Tiempo de lectura\" \/>\n\t<meta name=\"twitter:data2\" content=\"2 minutos\" \/>\n<script type=\"application\/ld+json\" class=\"yoast-schema-graph\">{\"@context\":\"https:\/\/schema.org\",\"@graph\":[{\"@type\":\"Article\",\"@id\":\"https:\/\/www.fiscalia.gov.co\/colombia\/noticias\/dos-hombres-presuntamente-implicados-en-un-secuestro-en-tulua-valle-del-cauca-fueron-asegurados-en-carcel\/#article\",\"isPartOf\":{\"@id\":\"https:\/\/www.fiscalia.gov.co\/colombia\/noticias\/dos-hombres-presuntamente-implicados-en-un-secuestro-en-tulua-valle-del-cauca-fueron-asegurados-en-carcel\/\"},\"author\":{\"name\":\"Johanna Islenny Prieto Pe\u00f1a\",\"@id\":\"https:\/\/www.fiscalia.gov.co\/colombia\/#\/schema\/person\/ba9eca435947489fb25117a0cd75bf3e\"},\"headline\":\"Dos hombres presuntamente implicados en un secuestro en Tulu\u00e1 (Valle del Cauca) fueron asegurados en c\u00e1rcel\",\"datePublished\":\"2025-09-26T20:58:23+00:00\",\"dateModified\":\"2025-09-26T20:58:23+00:00\",\"mainEntityOfPage\":{\"@id\":\"https:\/\/www.fiscalia.gov.co\/colombia\/noticias\/dos-hombres-presuntamente-implicados-en-un-secuestro-en-tulua-valle-del-cauca-fueron-asegurados-en-carcel\/\"},\"wordCount\":359,\"publisher\":{\"@id\":\"https:\/\/www.fiscalia.gov.co\/colombia\/#organization\"},\"image\":{\"@id\":\"https:\/\/www.fiscalia.gov.co\/colombia\/noticias\/dos-hombres-presuntamente-implicados-en-un-secuestro-en-tulua-valle-del-cauca-fueron-asegurados-en-carcel\/#primaryimage\"},\"thumbnailUrl\":\"https:\/\/www.fiscalia.gov.co\/colombia\/wp-content\/uploads\/Juan-Carlos-Corrales-Hincapie-y-Jhon-Breyner-Bernal-Gonzalez.-Secuestro-extorsivo-agravado.-Tulua-Valle-300x226.jpg\",\"keywords\":[\"Fiscal\",\"Fiscal Luz Adriana Camargo Garz\u00f3n\",\"Fiscal\u00eda\",\"Noticias\"],\"articleSection\":[\"Noticias\",\"Seguridad territorial\"],\"inLanguage\":\"es-CO\"},{\"@type\":\"WebPage\",\"@id\":\"https:\/\/www.fiscalia.gov.co\/colombia\/noticias\/dos-hombres-presuntamente-implicados-en-un-secuestro-en-tulua-valle-del-cauca-fueron-asegurados-en-carcel\/\",\"url\":\"https:\/\/www.fiscalia.gov.co\/colombia\/noticias\/dos-hombres-presuntamente-implicados-en-un-secuestro-en-tulua-valle-del-cauca-fueron-asegurados-en-carcel\/\",\"name\":\"Fiscal\u00eda General de la Naci\u00f3n\",\"isPartOf\":{\"@id\":\"https:\/\/www.fiscalia.gov.co\/colombia\/#website\"},\"primaryImageOfPage\":{\"@id\":\"https:\/\/www.fiscalia.gov.co\/colombia\/noticias\/dos-hombres-presuntamente-implicados-en-un-secuestro-en-tulua-valle-del-cauca-fueron-asegurados-en-carcel\/#primaryimage\"},\"image\":{\"@id\":\"https:\/\/www.fiscalia.gov.co\/colombia\/noticias\/dos-hombres-presuntamente-implicados-en-un-secuestro-en-tulua-valle-del-cauca-fueron-asegurados-en-carcel\/#primaryimage\"},\"thumbnailUrl\":\"https:\/\/www.fiscalia.gov.co\/colombia\/wp-content\/uploads\/Juan-Carlos-Corrales-Hincapie-y-Jhon-Breyner-Bernal-Gonzalez.-Secuestro-extorsivo-agravado.-Tulua-Valle-300x226.jpg\",\"datePublished\":\"2025-09-26T20:58:23+00:00\",\"dateModified\":\"2025-09-26T20:58:23+00:00\",\"description\":\"P\u00e1gina oficial de la Fiscal\u00eda General de la Naci\u00f3n \u2013 Colombia. Garantizamos el acceso efectivo a la justicia, la verdad y la reparaci\u00f3n de las v\u00edctimas de los delitos.\",\"breadcrumb\":{\"@id\":\"https:\/\/www.fiscalia.gov.co\/colombia\/noticias\/dos-hombres-presuntamente-implicados-en-un-secuestro-en-tulua-valle-del-cauca-fueron-asegurados-en-carcel\/#breadcrumb\"},\"inLanguage\":\"es-CO\",\"potentialAction\":[{\"@type\":\"ReadAction\",\"target\":[\"https:\/\/www.fiscalia.gov.co\/colombia\/noticias\/dos-hombres-presuntamente-implicados-en-un-secuestro-en-tulua-valle-del-cauca-fueron-asegurados-en-carcel\/\"]}]},{\"@type\":\"ImageObject\",\"inLanguage\":\"es-CO\",\"@id\":\"https:\/\/www.fiscalia.gov.co\/colombia\/noticias\/dos-hombres-presuntamente-implicados-en-un-secuestro-en-tulua-valle-del-cauca-fueron-asegurados-en-carcel\/#primaryimage\",\"url\":\"https:\/\/www.fiscalia.gov.co\/colombia\/wp-content\/uploads\/Juan-Carlos-Corrales-Hincapie-y-Jhon-Breyner-Bernal-Gonzalez.-Secuestro-extorsivo-agravado.-Tulua-Valle.jpg\",\"contentUrl\":\"https:\/\/www.fiscalia.gov.co\/colombia\/wp-content\/uploads\/Juan-Carlos-Corrales-Hincapie-y-Jhon-Breyner-Bernal-Gonzalez.-Secuestro-extorsivo-agravado.-Tulua-Valle.jpg\",\"width\":1600,\"height\":1206,\"caption\":\"Juan Carlos Corrales Hincapi\u00e9 y Jhon Breyner Bernal Gonz\u00e1lez habr\u00edan secuestrado a un ciudadano y exigido a sus familiares 6 millones de pesos por su liberaci\u00f3n, en Tulu\u00e1 (Valle del Cauca).\"},{\"@type\":\"BreadcrumbList\",\"@id\":\"https:\/\/www.fiscalia.gov.co\/colombia\/noticias\/dos-hombres-presuntamente-implicados-en-un-secuestro-en-tulua-valle-del-cauca-fueron-asegurados-en-carcel\/#breadcrumb\",\"itemListElement\":[{\"@type\":\"ListItem\",\"position\":1,\"name\":\"Home\",\"item\":\"https:\/\/www.fiscalia.gov.co\/colombia\/\"},{\"@type\":\"ListItem\",\"position\":2,\"name\":\"Dos hombres presuntamente implicados en un secuestro en Tulu\u00e1 (Valle del Cauca) fueron asegurados en c\u00e1rcel\"}]},{\"@type\":\"WebSite\",\"@id\":\"https:\/\/www.fiscalia.gov.co\/colombia\/#website\",\"url\":\"https:\/\/www.fiscalia.gov.co\/colombia\/\",\"name\":\"Fiscal\u00eda General de la Naci\u00f3n\",\"description\":\"P\u00e1gina oficial de la Fiscal\u00eda General de la Naci\u00f3n \u2013 Colombia. Garantizamos el acceso efectivo a la justicia, la verdad y la reparaci\u00f3n de las v\u00edctimas de los delitos.\",\"publisher\":{\"@id\":\"https:\/\/www.fiscalia.gov.co\/colombia\/#organization\"},\"potentialAction\":[{\"@type\":\"SearchAction\",\"target\":{\"@type\":\"EntryPoint\",\"urlTemplate\":\"https:\/\/www.fiscalia.gov.co\/colombia\/?s={search_term_string}\"},\"query-input\":{\"@type\":\"PropertyValueSpecification\",\"valueRequired\":true,\"valueName\":\"search_term_string\"}}],\"inLanguage\":\"es-CO\"},{\"@type\":\"Organization\",\"@id\":\"https:\/\/www.fiscalia.gov.co\/colombia\/#organization\",\"name\":\"Fiscal\u00eda General de la Naci\u00f3n\",\"url\":\"https:\/\/www.fiscalia.gov.co\/colombia\/\",\"logo\":{\"@type\":\"ImageObject\",\"inLanguage\":\"es-CO\",\"@id\":\"https:\/\/www.fiscalia.gov.co\/colombia\/#\/schema\/logo\/image\/\",\"url\":\"https:\/\/www.fiscalia.gov.co\/colombia\/wp-content\/uploads\/LogoHorizontal_1.jpg\",\"contentUrl\":\"https:\/\/www.fiscalia.gov.co\/colombia\/wp-content\/uploads\/LogoHorizontal_1.jpg\",\"width\":300,\"height\":90,\"caption\":\"Fiscal\u00eda General de la Naci\u00f3n\"},\"image\":{\"@id\":\"https:\/\/www.fiscalia.gov.co\/colombia\/#\/schema\/logo\/image\/\"},\"sameAs\":[\"https:\/\/www.facebook.com\/FiscaliaCol\",\"https:\/\/x.com\/FiscaliaCol\",\"https:\/\/www.instagram.com\/fiscaliacol\",\"https:\/\/www.linkedin.com\/company\/fiscalia-general-de-la-naci-n\/\",\"https:\/\/youtube.com\/@fiscaliageneraldelanacion-4668?si=6nN79nyQICPU5iTh\"]},{\"@type\":\"Person\",\"@id\":\"https:\/\/www.fiscalia.gov.co\/colombia\/#\/schema\/person\/ba9eca435947489fb25117a0cd75bf3e\",\"name\":\"Johanna Islenny Prieto Pe\u00f1a\",\"image\":{\"@type\":\"ImageObject\",\"inLanguage\":\"es-CO\",\"@id\":\"https:\/\/www.fiscalia.gov.co\/colombia\/#\/schema\/person\/image\/\",\"url\":\"https:\/\/secure.gravatar.com\/avatar\/111433fc2acb037ffb768f6a3ca47864?s=96&d=mm&r=g\",\"contentUrl\":\"https:\/\/secure.gravatar.com\/avatar\/111433fc2acb037ffb768f6a3ca47864?s=96&d=mm&r=g\",\"caption\":\"Johanna Islenny Prieto Pe\u00f1a\"},\"url\":\"https:\/\/www.fiscalia.gov.co\/colombia\/author\/jprietop\/\"}]}<\/script>\n<!-- \/ Yoast SEO plugin. -->","yoast_head_json":{"title":"Fiscal\u00eda General de la Naci\u00f3n","description":"P\u00e1gina oficial de la Fiscal\u00eda General de la Naci\u00f3n \u2013 Colombia. Garantizamos el acceso efectivo a la justicia, la verdad y la reparaci\u00f3n de las v\u00edctimas de los delitos.","robots":{"index":"noindex","follow":"follow"},"og_locale":"es_ES","og_type":"article","og_title":"Fiscal\u00eda General de la Naci\u00f3n","og_description":"P\u00e1gina oficial de la Fiscal\u00eda General de la Naci\u00f3n \u2013 Colombia. Garantizamos el acceso efectivo a la justicia, la verdad y la reparaci\u00f3n de las v\u00edctimas de los delitos.","og_url":"https:\/\/www.fiscalia.gov.co\/colombia\/noticias\/dos-hombres-presuntamente-implicados-en-un-secuestro-en-tulua-valle-del-cauca-fueron-asegurados-en-carcel\/","og_site_name":"Fiscal\u00eda General de la Naci\u00f3n","article_publisher":"https:\/\/www.facebook.com\/FiscaliaCol","article_published_time":"2025-09-26T20:58:23+00:00","og_image":[{"width":1600,"height":1206,"url":"https:\/\/www.fiscalia.gov.co\/colombia\/wp-content\/uploads\/Juan-Carlos-Corrales-Hincapie-y-Jhon-Breyner-Bernal-Gonzalez.-Secuestro-extorsivo-agravado.-Tulua-Valle.jpg","type":"image\/jpeg"}],"author":"Johanna Islenny Prieto Pe\u00f1a","twitter_card":"summary_large_image","twitter_creator":"@FiscaliaCol","twitter_site":"@FiscaliaCol","twitter_misc":{"Escrito por":"Johanna Islenny Prieto Pe\u00f1a","Tiempo de lectura":"2 minutos"},"schema":{"@context":"https:\/\/schema.org","@graph":[{"@type":"Article","@id":"https:\/\/www.fiscalia.gov.co\/colombia\/noticias\/dos-hombres-presuntamente-implicados-en-un-secuestro-en-tulua-valle-del-cauca-fueron-asegurados-en-carcel\/#article","isPartOf":{"@id":"https:\/\/www.fiscalia.gov.co\/colombia\/noticias\/dos-hombres-presuntamente-implicados-en-un-secuestro-en-tulua-valle-del-cauca-fueron-asegurados-en-carcel\/"},"author":{"name":"Johanna Islenny Prieto Pe\u00f1a","@id":"https:\/\/www.fiscalia.gov.co\/colombia\/#\/schema\/person\/ba9eca435947489fb25117a0cd75bf3e"},"headline":"Dos hombres presuntamente implicados en un secuestro en Tulu\u00e1 (Valle del Cauca) fueron asegurados en c\u00e1rcel","datePublished":"2025-09-26T20:58:23+00:00","dateModified":"2025-09-26T20:58:23+00:00","mainEntityOfPage":{"@id":"https:\/\/www.fiscalia.gov.co\/colombia\/noticias\/dos-hombres-presuntamente-implicados-en-un-secuestro-en-tulua-valle-del-cauca-fueron-asegurados-en-carcel\/"},"wordCount":359,"publisher":{"@id":"https:\/\/www.fiscalia.gov.co\/colombia\/#organization"},"image":{"@id":"https:\/\/www.fiscalia.gov.co\/colombia\/noticias\/dos-hombres-presuntamente-implicados-en-un-secuestro-en-tulua-valle-del-cauca-fueron-asegurados-en-carcel\/#primaryimage"},"thumbnailUrl":"https:\/\/www.fiscalia.gov.co\/colombia\/wp-content\/uploads\/Juan-Carlos-Corrales-Hincapie-y-Jhon-Breyner-Bernal-Gonzalez.-Secuestro-extorsivo-agravado.-Tulua-Valle-300x226.jpg","keywords":["Fiscal","Fiscal Luz Adriana Camargo Garz\u00f3n","Fiscal\u00eda","Noticias"],"articleSection":["Noticias","Seguridad territorial"],"inLanguage":"es-CO"},{"@type":"WebPage","@id":"https:\/\/www.fiscalia.gov.co\/colombia\/noticias\/dos-hombres-presuntamente-implicados-en-un-secuestro-en-tulua-valle-del-cauca-fueron-asegurados-en-carcel\/","url":"https:\/\/www.fiscalia.gov.co\/colombia\/noticias\/dos-hombres-presuntamente-implicados-en-un-secuestro-en-tulua-valle-del-cauca-fueron-asegurados-en-carcel\/","name":"Fiscal\u00eda General de la Naci\u00f3n","isPartOf":{"@id":"https:\/\/www.fiscalia.gov.co\/colombia\/#website"},"primaryImageOfPage":{"@id":"https:\/\/www.fiscalia.gov.co\/colombia\/noticias\/dos-hombres-presuntamente-implicados-en-un-secuestro-en-tulua-valle-del-cauca-fueron-asegurados-en-carcel\/#primaryimage"},"image":{"@id":"https:\/\/www.fiscalia.gov.co\/colombia\/noticias\/dos-hombres-presuntamente-implicados-en-un-secuestro-en-tulua-valle-del-cauca-fueron-asegurados-en-carcel\/#primaryimage"},"thumbnailUrl":"https:\/\/www.fiscalia.gov.co\/colombia\/wp-content\/uploads\/Juan-Carlos-Corrales-Hincapie-y-Jhon-Breyner-Bernal-Gonzalez.-Secuestro-extorsivo-agravado.-Tulua-Valle-300x226.jpg","datePublished":"2025-09-26T20:58:23+00:00","dateModified":"2025-09-26T20:58:23+00:00","description":"P\u00e1gina oficial de la Fiscal\u00eda General de la Naci\u00f3n \u2013 Colombia. Garantizamos el acceso efectivo a la justicia, la verdad y la reparaci\u00f3n de las v\u00edctimas de los delitos.","breadcrumb":{"@id":"https:\/\/www.fiscalia.gov.co\/colombia\/noticias\/dos-hombres-presuntamente-implicados-en-un-secuestro-en-tulua-valle-del-cauca-fueron-asegurados-en-carcel\/#breadcrumb"},"inLanguage":"es-CO","potentialAction":[{"@type":"ReadAction","target":["https:\/\/www.fiscalia.gov.co\/colombia\/noticias\/dos-hombres-presuntamente-implicados-en-un-secuestro-en-tulua-valle-del-cauca-fueron-asegurados-en-carcel\/"]}]},{"@type":"ImageObject","inLanguage":"es-CO","@id":"https:\/\/www.fiscalia.gov.co\/colombia\/noticias\/dos-hombres-presuntamente-implicados-en-un-secuestro-en-tulua-valle-del-cauca-fueron-asegurados-en-carcel\/#primaryimage","url":"https:\/\/www.fiscalia.gov.co\/colombia\/wp-content\/uploads\/Juan-Carlos-Corrales-Hincapie-y-Jhon-Breyner-Bernal-Gonzalez.-Secuestro-extorsivo-agravado.-Tulua-Valle.jpg","contentUrl":"https:\/\/www.fiscalia.gov.co\/colombia\/wp-content\/uploads\/Juan-Carlos-Corrales-Hincapie-y-Jhon-Breyner-Bernal-Gonzalez.-Secuestro-extorsivo-agravado.-Tulua-Valle.jpg","width":1600,"height":1206,"caption":"Juan Carlos Corrales Hincapi\u00e9 y Jhon Breyner Bernal Gonz\u00e1lez habr\u00edan secuestrado a un ciudadano y exigido a sus familiares 6 millones de pesos por su liberaci\u00f3n, en Tulu\u00e1 (Valle del Cauca)."},{"@type":"BreadcrumbList","@id":"https:\/\/www.fiscalia.gov.co\/colombia\/noticias\/dos-hombres-presuntamente-implicados-en-un-secuestro-en-tulua-valle-del-cauca-fueron-asegurados-en-carcel\/#breadcrumb","itemListElement":[{"@type":"ListItem","position":1,"name":"Home","item":"https:\/\/www.fiscalia.gov.co\/colombia\/"},{"@type":"ListItem","position":2,"name":"Dos hombres presuntamente implicados en un secuestro en Tulu\u00e1 (Valle del Cauca) fueron asegurados en c\u00e1rcel"}]},{"@type":"WebSite","@id":"https:\/\/www.fiscalia.gov.co\/colombia\/#website","url":"https:\/\/www.fiscalia.gov.co\/colombia\/","name":"Fiscal\u00eda General de la Naci\u00f3n","description":"P\u00e1gina oficial de la Fiscal\u00eda General de la Naci\u00f3n \u2013 Colombia. Garantizamos el acceso efectivo a la justicia, la verdad y la reparaci\u00f3n de las v\u00edctimas de los delitos.","publisher":{"@id":"https:\/\/www.fiscalia.gov.co\/colombia\/#organization"},"potentialAction":[{"@type":"SearchAction","target":{"@type":"EntryPoint","urlTemplate":"https:\/\/www.fiscalia.gov.co\/colombia\/?s={search_term_string}"},"query-input":{"@type":"PropertyValueSpecification","valueRequired":true,"valueName":"search_term_string"}}],"inLanguage":"es-CO"},{"@type":"Organization","@id":"https:\/\/www.fiscalia.gov.co\/colombia\/#organization","name":"Fiscal\u00eda General de la Naci\u00f3n","url":"https:\/\/www.fiscalia.gov.co\/colombia\/","logo":{"@type":"ImageObject","inLanguage":"es-CO","@id":"https:\/\/www.fiscalia.gov.co\/colombia\/#\/schema\/logo\/image\/","url":"https:\/\/www.fiscalia.gov.co\/colombia\/wp-content\/uploads\/LogoHorizontal_1.jpg","contentUrl":"https:\/\/www.fiscalia.gov.co\/colombia\/wp-content\/uploads\/LogoHorizontal_1.jpg","width":300,"height":90,"caption":"Fiscal\u00eda General de la Naci\u00f3n"},"image":{"@id":"https:\/\/www.fiscalia.gov.co\/colombia\/#\/schema\/logo\/image\/"},"sameAs":["https:\/\/www.facebook.com\/FiscaliaCol","https:\/\/x.com\/FiscaliaCol","https:\/\/www.instagram.com\/fiscaliacol","https:\/\/www.linkedin.com\/company\/fiscalia-general-de-la-naci-n\/","https:\/\/youtube.com\/@fiscaliageneraldelanacion-4668?si=6nN79nyQICPU5iTh"]},{"@type":"Person","@id":"https:\/\/www.fiscalia.gov.co\/colombia\/#\/schema\/person\/ba9eca435947489fb25117a0cd75bf3e","name":"Johanna Islenny Prieto Pe\u00f1a","image":{"@type":"ImageObject","inLanguage":"es-CO","@id":"https:\/\/www.fiscalia.gov.co\/colombia\/#\/schema\/person\/image\/","url":"https:\/\/secure.gravatar.com\/avatar\/111433fc2acb037ffb768f6a3ca47864?s=96&d=mm&r=g","contentUrl":"https:\/\/secure.gravatar.com\/avatar\/111433fc2acb037ffb768f6a3ca47864?s=96&d=mm&r=g","caption":"Johanna Islenny Prieto Pe\u00f1a"},"url":"https:\/\/www.fiscalia.gov.co\/colombia\/author\/jprietop\/"}]}},"_links":{"self":[{"href":"https:\/\/www.fiscalia.gov.co\/colombia\/wp-json\/wp\/v2\/posts\/324627","targetHints":{"allow":["GET"]}}],"collection":[{"href":"https:\/\/www.fiscalia.gov.co\/colombia\/wp-json\/wp\/v2\/posts"}],"about":[{"href":"https:\/\/www.fiscalia.gov.co\/colombia\/wp-json\/wp\/v2\/types\/post"}],"author":[{"embeddable":true,"href":"https:\/\/www.fiscalia.gov.co\/colombia\/wp-json\/wp\/v2\/users\/181"}],"replies":[{"embeddable":true,"href":"https:\/\/www.fiscalia.gov.co\/colombia\/wp-json\/wp\/v2\/comments?post=324627"}],"version-history":[{"count":1,"href":"https:\/\/www.fiscalia.gov.co\/colombia\/wp-json\/wp\/v2\/posts\/324627\/revisions"}],"predecessor-version":[{"id":324635,"href":"https:\/\/www.fiscalia.gov.co\/colombia\/wp-json\/wp\/v2\/posts\/324627\/revisions\/324635"}],"wp:attachment":[{"href":"https:\/\/www.fiscalia.gov.co\/colombia\/wp-json\/wp\/v2\/media?parent=324627"}],"wp:term":[{"taxonomy":"category","embeddable":true,"href":"https:\/\/www.fiscalia.gov.co\/colombia\/wp-json\/wp\/v2\/categories?post=324627"},{"taxonomy":"post_tag","embeddable":true,"href":"https:\/\/www.fiscalia.gov.co\/colombia\/wp-json\/wp\/v2\/tags?post=324627"}],"curies":[{"name":"wp","href":"https:\/\/api.w.org\/{rel}","templated":true}]}}