{"id":324594,"date":"2025-09-25T18:14:27","date_gmt":"2025-09-25T23:14:27","guid":{"rendered":"https:\/\/www.fiscalia.gov.co\/colombia\/?p=324594"},"modified":"2025-09-25T18:14:51","modified_gmt":"2025-09-25T23:14:51","slug":"judicializados-alcalde-de-tunja-la-directora-de-contratacion-del-municipio-y-una-exfuncionaria-por-presuntas-irregularidades-en-la-celebracion-de-un-contrato-de-prestacion-de-servicios","status":"publish","type":"post","link":"https:\/\/www.fiscalia.gov.co\/colombia\/noticias\/judicializados-alcalde-de-tunja-la-directora-de-contratacion-del-municipio-y-una-exfuncionaria-por-presuntas-irregularidades-en-la-celebracion-de-un-contrato-de-prestacion-de-servicios\/","title":{"rendered":"Judicializados alcalde de Tunja, la directora de contrataci\u00f3n del municipio y una exfuncionaria por presuntas irregularidades en la celebraci\u00f3n de un contrato de prestaci\u00f3n de servicios"},"content":{"rendered":"<blockquote>\n<h4><strong><em>Los elementos materiales probatorios indican que el mandatario habr\u00eda amenazado al exgerente de Ecovivienda para que firmara un documento que lo exim\u00eda de las anomal\u00edas en la suscripci\u00f3n del contrato.<\/em><\/strong><\/h4>\n<\/blockquote>\n<p>La Fiscal\u00eda General de la Naci\u00f3n imput\u00f3 al alcalde de Tunja, Mikhail Krasnov; a la directora de Contrataci\u00f3n, Luz Mila Acevedo Gal\u00e1n; y a la exgestora Social, Sara Catalina Pedraza Canar\u00eda, por su presunta participaci\u00f3n en las irregularidades detectadas en la suscripci\u00f3n de un contrato de prestaci\u00f3n de servicios.<\/p>\n<p>Con esta actuaci\u00f3n fue vinculada laboralmente la persona que present\u00f3 una demanda de nulidad a la elecci\u00f3n del mandatario y persuadida para que desistiera de sus pretensiones.<\/p>\n<p>Inicialmente, se firm\u00f3 un contrato en febrero de 2024, por 19\u2019800.000 pesos, que no se ejecut\u00f3. Luego, fue suscrito un segundo contrato de prestaci\u00f3n de servicios, a trav\u00e9s de la empresa p\u00fablica Ecovivienda, por 54\u2019285.000 pesos. Los elementos materiales probatorios indican que los tr\u00e1mites contractuales comenzaron despu\u00e9s de haber sido instaurada la demanda de nulidad y culminaron con el retiro de la acci\u00f3n legal.<\/p>\n<p>En la investigaci\u00f3n se conoci\u00f3 que el mandatario presuntamente amenaz\u00f3 al entonces gerente de Ecovivienda para presionarlo a celebrar el contrato que se materializ\u00f3 y expedir un documento que supuestamente lo exim\u00eda de responsabilidad.<\/p>\n<p>Por todo lo anterior, el alcalde de Tunja fue imputado por los delitos de inter\u00e9s indebido en la celebraci\u00f3n de contratos y amenazas a testigo; mientras que a Sara Catalina Pedraza Canar\u00eda y a Luz Mila Acevedo Gal\u00e1n, les fueron formulados cargos por inter\u00e9s indebido en la celebraci\u00f3n de contratos, en calidad de c\u00f3mplice y coatura, respectivamente.<\/p>\n<p>Por solicitud de la Fiscal\u00eda, el juez de control de garant\u00edas que dirigi\u00f3 las audiencias impuso a los procesados medidas no privativas de la libertad.<\/p>\n<p>MARA\/AMCJ\/JARG\/ODD<\/p>\n<p>&nbsp;<\/p>\n<p>&nbsp;<\/p>\n<p>&nbsp;<\/p>\n<p><i>La informaci\u00f3n contenida en este bolet\u00edn de prensa corresponde a la narraci\u00f3n de los hechos noticiosos objetivos, suministrados por los funcionarios encargados de adelantar las investigaciones penales al interior de la Fiscal\u00eda General de la Naci\u00f3n. Para el momento de la divulgaci\u00f3n de este comunicado, la situaci\u00f3n jur\u00eddica de la(s) persona(s) relacionada(s) se encuentra pendiente de resolver por la autoridad judicial competente, siempre bajo los preceptos de la presunci\u00f3n de inocencia, consagrados en el art\u00edculo 29 de la Constituci\u00f3n Pol\u00edtica y el art\u00edculo 7\u00ba de la Ley 906 de 2004.<\/i><\/p>\n<p>&nbsp;<\/p>\n\n<div class=\"twitter-share\"><a href=\"https:\/\/twitter.com\/intent\/tweet?via=fiscaliacol\" class=\"twitter-share-button\">Tweet<\/a><\/div>\n","protected":false},"excerpt":{"rendered":"<p>Los elementos materiales probatorios indican que el mandatario habr\u00eda amenazado al exgerente de Ecovivienda para que firmara un documento que lo exim\u00eda de las anomal\u00edas en la suscripci\u00f3n del contrato. La Fiscal\u00eda General de la Naci\u00f3n imput\u00f3 al alcalde de Tunja, Mikhail Krasnov; a la directora de Contrataci\u00f3n, Luz Mila Acevedo Gal\u00e1n; y a la [&hellip;]<\/p>\n","protected":false},"author":181,"featured_media":0,"comment_status":"closed","ping_status":"open","sticky":false,"template":"","format":"standard","meta":{"_price":"","_stock":"","_tribe_ticket_header":"","_tribe_default_ticket_provider":"","_tribe_ticket_capacity":"0","_ticket_start_date":"","_ticket_end_date":"","_tribe_ticket_show_description":"","_tribe_ticket_show_not_going":false,"_tribe_ticket_use_global_stock":"","_tribe_ticket_global_stock_level":"","_global_stock_mode":"","_global_stock_cap":"","_tribe_rsvp_for_event":"","_tribe_ticket_going_count":"","_tribe_ticket_not_going_count":"","_tribe_tickets_list":"[]","_tribe_ticket_has_attendee_info_fields":false,"tdm_status":"","tdm_grid_status":"","footnotes":""},"categories":[1,341],"tags":[12184,78,39772,4614,37672],"class_list":{"0":"post-324594","1":"post","2":"type-post","3":"status-publish","4":"format-standard","6":"category-noticias","7":"category-seccional-tunja","8":"tag-fiscal","9":"tag-fiscal-general-de-la-nacion","10":"tag-fiscal-luz-adriana-cmargo","11":"tag-fiscalia-2","12":"tag-noticas"},"yoast_head":"<!-- This site is optimized with the Yoast SEO plugin v24.3 - https:\/\/yoast.com\/wordpress\/plugins\/seo\/ -->\n<title>Fiscal\u00eda General de la Naci\u00f3n<\/title>\n<meta name=\"description\" content=\"P\u00e1gina oficial de la Fiscal\u00eda General de la Naci\u00f3n \u2013 Colombia. Garantizamos el acceso efectivo a la justicia, la verdad y la reparaci\u00f3n de las v\u00edctimas de los delitos.\" \/>\n<meta name=\"robots\" content=\"noindex, follow\" \/>\n<meta property=\"og:locale\" content=\"es_ES\" \/>\n<meta property=\"og:type\" content=\"article\" \/>\n<meta property=\"og:title\" content=\"Fiscal\u00eda General de la Naci\u00f3n\" \/>\n<meta property=\"og:description\" content=\"P\u00e1gina oficial de la Fiscal\u00eda General de la Naci\u00f3n \u2013 Colombia. Garantizamos el acceso efectivo a la justicia, la verdad y la reparaci\u00f3n de las v\u00edctimas de los delitos.\" \/>\n<meta property=\"og:url\" content=\"https:\/\/www.fiscalia.gov.co\/colombia\/noticias\/judicializados-alcalde-de-tunja-la-directora-de-contratacion-del-municipio-y-una-exfuncionaria-por-presuntas-irregularidades-en-la-celebracion-de-un-contrato-de-prestacion-de-servicios\/\" \/>\n<meta property=\"og:site_name\" content=\"Fiscal\u00eda General de la Naci\u00f3n\" \/>\n<meta property=\"article:publisher\" content=\"https:\/\/www.facebook.com\/FiscaliaCol\" \/>\n<meta property=\"article:published_time\" content=\"2025-09-25T23:14:27+00:00\" \/>\n<meta property=\"article:modified_time\" content=\"2025-09-25T23:14:51+00:00\" \/>\n<meta name=\"author\" content=\"Johanna Islenny Prieto Pe\u00f1a\" \/>\n<meta name=\"twitter:card\" content=\"summary_large_image\" \/>\n<meta name=\"twitter:creator\" content=\"@FiscaliaCol\" \/>\n<meta name=\"twitter:site\" content=\"@FiscaliaCol\" \/>\n<meta name=\"twitter:label1\" content=\"Escrito por\" \/>\n\t<meta name=\"twitter:data1\" content=\"Johanna Islenny Prieto Pe\u00f1a\" \/>\n\t<meta name=\"twitter:label2\" content=\"Tiempo de lectura\" \/>\n\t<meta name=\"twitter:data2\" content=\"2 minutos\" \/>\n<script type=\"application\/ld+json\" class=\"yoast-schema-graph\">{\"@context\":\"https:\/\/schema.org\",\"@graph\":[{\"@type\":\"Article\",\"@id\":\"https:\/\/www.fiscalia.gov.co\/colombia\/noticias\/judicializados-alcalde-de-tunja-la-directora-de-contratacion-del-municipio-y-una-exfuncionaria-por-presuntas-irregularidades-en-la-celebracion-de-un-contrato-de-prestacion-de-servicios\/#article\",\"isPartOf\":{\"@id\":\"https:\/\/www.fiscalia.gov.co\/colombia\/noticias\/judicializados-alcalde-de-tunja-la-directora-de-contratacion-del-municipio-y-una-exfuncionaria-por-presuntas-irregularidades-en-la-celebracion-de-un-contrato-de-prestacion-de-servicios\/\"},\"author\":{\"name\":\"Johanna Islenny Prieto Pe\u00f1a\",\"@id\":\"https:\/\/www.fiscalia.gov.co\/colombia\/#\/schema\/person\/ba9eca435947489fb25117a0cd75bf3e\"},\"headline\":\"Judicializados alcalde de Tunja, la directora de contrataci\u00f3n del municipio y una exfuncionaria por presuntas irregularidades en la celebraci\u00f3n de un contrato de prestaci\u00f3n de servicios\",\"datePublished\":\"2025-09-25T23:14:27+00:00\",\"dateModified\":\"2025-09-25T23:14:51+00:00\",\"mainEntityOfPage\":{\"@id\":\"https:\/\/www.fiscalia.gov.co\/colombia\/noticias\/judicializados-alcalde-de-tunja-la-directora-de-contratacion-del-municipio-y-una-exfuncionaria-por-presuntas-irregularidades-en-la-celebracion-de-un-contrato-de-prestacion-de-servicios\/\"},\"wordCount\":453,\"publisher\":{\"@id\":\"https:\/\/www.fiscalia.gov.co\/colombia\/#organization\"},\"keywords\":[\"Fiscal\",\"Fiscal General de la Naci\u00f3n\",\"Fiscal Luz Adriana Cmargo\",\"Fiscal\u00eda\",\"noticas\"],\"articleSection\":[\"Noticias\",\"Seccional Tunja\"],\"inLanguage\":\"es-CO\"},{\"@type\":\"WebPage\",\"@id\":\"https:\/\/www.fiscalia.gov.co\/colombia\/noticias\/judicializados-alcalde-de-tunja-la-directora-de-contratacion-del-municipio-y-una-exfuncionaria-por-presuntas-irregularidades-en-la-celebracion-de-un-contrato-de-prestacion-de-servicios\/\",\"url\":\"https:\/\/www.fiscalia.gov.co\/colombia\/noticias\/judicializados-alcalde-de-tunja-la-directora-de-contratacion-del-municipio-y-una-exfuncionaria-por-presuntas-irregularidades-en-la-celebracion-de-un-contrato-de-prestacion-de-servicios\/\",\"name\":\"Fiscal\u00eda General de la Naci\u00f3n\",\"isPartOf\":{\"@id\":\"https:\/\/www.fiscalia.gov.co\/colombia\/#website\"},\"datePublished\":\"2025-09-25T23:14:27+00:00\",\"dateModified\":\"2025-09-25T23:14:51+00:00\",\"description\":\"P\u00e1gina oficial de la Fiscal\u00eda General de la Naci\u00f3n \u2013 Colombia. Garantizamos el acceso efectivo a la justicia, la verdad y la reparaci\u00f3n de las v\u00edctimas de los delitos.\",\"breadcrumb\":{\"@id\":\"https:\/\/www.fiscalia.gov.co\/colombia\/noticias\/judicializados-alcalde-de-tunja-la-directora-de-contratacion-del-municipio-y-una-exfuncionaria-por-presuntas-irregularidades-en-la-celebracion-de-un-contrato-de-prestacion-de-servicios\/#breadcrumb\"},\"inLanguage\":\"es-CO\",\"potentialAction\":[{\"@type\":\"ReadAction\",\"target\":[\"https:\/\/www.fiscalia.gov.co\/colombia\/noticias\/judicializados-alcalde-de-tunja-la-directora-de-contratacion-del-municipio-y-una-exfuncionaria-por-presuntas-irregularidades-en-la-celebracion-de-un-contrato-de-prestacion-de-servicios\/\"]}]},{\"@type\":\"BreadcrumbList\",\"@id\":\"https:\/\/www.fiscalia.gov.co\/colombia\/noticias\/judicializados-alcalde-de-tunja-la-directora-de-contratacion-del-municipio-y-una-exfuncionaria-por-presuntas-irregularidades-en-la-celebracion-de-un-contrato-de-prestacion-de-servicios\/#breadcrumb\",\"itemListElement\":[{\"@type\":\"ListItem\",\"position\":1,\"name\":\"Home\",\"item\":\"https:\/\/www.fiscalia.gov.co\/colombia\/\"},{\"@type\":\"ListItem\",\"position\":2,\"name\":\"Judicializados alcalde de Tunja, la directora de contrataci\u00f3n del municipio y una exfuncionaria por presuntas irregularidades en la celebraci\u00f3n de un contrato de prestaci\u00f3n de servicios\"}]},{\"@type\":\"WebSite\",\"@id\":\"https:\/\/www.fiscalia.gov.co\/colombia\/#website\",\"url\":\"https:\/\/www.fiscalia.gov.co\/colombia\/\",\"name\":\"Fiscal\u00eda General de la Naci\u00f3n\",\"description\":\"P\u00e1gina oficial de la Fiscal\u00eda General de la Naci\u00f3n \u2013 Colombia. Garantizamos el acceso efectivo a la justicia, la verdad y la reparaci\u00f3n de las v\u00edctimas de los delitos.\",\"publisher\":{\"@id\":\"https:\/\/www.fiscalia.gov.co\/colombia\/#organization\"},\"potentialAction\":[{\"@type\":\"SearchAction\",\"target\":{\"@type\":\"EntryPoint\",\"urlTemplate\":\"https:\/\/www.fiscalia.gov.co\/colombia\/?s={search_term_string}\"},\"query-input\":{\"@type\":\"PropertyValueSpecification\",\"valueRequired\":true,\"valueName\":\"search_term_string\"}}],\"inLanguage\":\"es-CO\"},{\"@type\":\"Organization\",\"@id\":\"https:\/\/www.fiscalia.gov.co\/colombia\/#organization\",\"name\":\"Fiscal\u00eda General de la Naci\u00f3n\",\"url\":\"https:\/\/www.fiscalia.gov.co\/colombia\/\",\"logo\":{\"@type\":\"ImageObject\",\"inLanguage\":\"es-CO\",\"@id\":\"https:\/\/www.fiscalia.gov.co\/colombia\/#\/schema\/logo\/image\/\",\"url\":\"https:\/\/www.fiscalia.gov.co\/colombia\/wp-content\/uploads\/LogoHorizontal_1.jpg\",\"contentUrl\":\"https:\/\/www.fiscalia.gov.co\/colombia\/wp-content\/uploads\/LogoHorizontal_1.jpg\",\"width\":300,\"height\":90,\"caption\":\"Fiscal\u00eda General de la Naci\u00f3n\"},\"image\":{\"@id\":\"https:\/\/www.fiscalia.gov.co\/colombia\/#\/schema\/logo\/image\/\"},\"sameAs\":[\"https:\/\/www.facebook.com\/FiscaliaCol\",\"https:\/\/x.com\/FiscaliaCol\",\"https:\/\/www.instagram.com\/fiscaliacol\",\"https:\/\/www.linkedin.com\/company\/fiscalia-general-de-la-naci-n\/\",\"https:\/\/youtube.com\/@fiscaliageneraldelanacion-4668?si=6nN79nyQICPU5iTh\"]},{\"@type\":\"Person\",\"@id\":\"https:\/\/www.fiscalia.gov.co\/colombia\/#\/schema\/person\/ba9eca435947489fb25117a0cd75bf3e\",\"name\":\"Johanna Islenny Prieto Pe\u00f1a\",\"image\":{\"@type\":\"ImageObject\",\"inLanguage\":\"es-CO\",\"@id\":\"https:\/\/www.fiscalia.gov.co\/colombia\/#\/schema\/person\/image\/\",\"url\":\"https:\/\/secure.gravatar.com\/avatar\/111433fc2acb037ffb768f6a3ca47864?s=96&d=mm&r=g\",\"contentUrl\":\"https:\/\/secure.gravatar.com\/avatar\/111433fc2acb037ffb768f6a3ca47864?s=96&d=mm&r=g\",\"caption\":\"Johanna Islenny Prieto Pe\u00f1a\"},\"url\":\"https:\/\/www.fiscalia.gov.co\/colombia\/author\/jprietop\/\"}]}<\/script>\n<!-- \/ Yoast SEO plugin. -->","yoast_head_json":{"title":"Fiscal\u00eda General de la Naci\u00f3n","description":"P\u00e1gina oficial de la Fiscal\u00eda General de la Naci\u00f3n \u2013 Colombia. Garantizamos el acceso efectivo a la justicia, la verdad y la reparaci\u00f3n de las v\u00edctimas de los delitos.","robots":{"index":"noindex","follow":"follow"},"og_locale":"es_ES","og_type":"article","og_title":"Fiscal\u00eda General de la Naci\u00f3n","og_description":"P\u00e1gina oficial de la Fiscal\u00eda General de la Naci\u00f3n \u2013 Colombia. Garantizamos el acceso efectivo a la justicia, la verdad y la reparaci\u00f3n de las v\u00edctimas de los delitos.","og_url":"https:\/\/www.fiscalia.gov.co\/colombia\/noticias\/judicializados-alcalde-de-tunja-la-directora-de-contratacion-del-municipio-y-una-exfuncionaria-por-presuntas-irregularidades-en-la-celebracion-de-un-contrato-de-prestacion-de-servicios\/","og_site_name":"Fiscal\u00eda General de la Naci\u00f3n","article_publisher":"https:\/\/www.facebook.com\/FiscaliaCol","article_published_time":"2025-09-25T23:14:27+00:00","article_modified_time":"2025-09-25T23:14:51+00:00","author":"Johanna Islenny Prieto Pe\u00f1a","twitter_card":"summary_large_image","twitter_creator":"@FiscaliaCol","twitter_site":"@FiscaliaCol","twitter_misc":{"Escrito por":"Johanna Islenny Prieto Pe\u00f1a","Tiempo de lectura":"2 minutos"},"schema":{"@context":"https:\/\/schema.org","@graph":[{"@type":"Article","@id":"https:\/\/www.fiscalia.gov.co\/colombia\/noticias\/judicializados-alcalde-de-tunja-la-directora-de-contratacion-del-municipio-y-una-exfuncionaria-por-presuntas-irregularidades-en-la-celebracion-de-un-contrato-de-prestacion-de-servicios\/#article","isPartOf":{"@id":"https:\/\/www.fiscalia.gov.co\/colombia\/noticias\/judicializados-alcalde-de-tunja-la-directora-de-contratacion-del-municipio-y-una-exfuncionaria-por-presuntas-irregularidades-en-la-celebracion-de-un-contrato-de-prestacion-de-servicios\/"},"author":{"name":"Johanna Islenny Prieto Pe\u00f1a","@id":"https:\/\/www.fiscalia.gov.co\/colombia\/#\/schema\/person\/ba9eca435947489fb25117a0cd75bf3e"},"headline":"Judicializados alcalde de Tunja, la directora de contrataci\u00f3n del municipio y una exfuncionaria por presuntas irregularidades en la celebraci\u00f3n de un contrato de prestaci\u00f3n de servicios","datePublished":"2025-09-25T23:14:27+00:00","dateModified":"2025-09-25T23:14:51+00:00","mainEntityOfPage":{"@id":"https:\/\/www.fiscalia.gov.co\/colombia\/noticias\/judicializados-alcalde-de-tunja-la-directora-de-contratacion-del-municipio-y-una-exfuncionaria-por-presuntas-irregularidades-en-la-celebracion-de-un-contrato-de-prestacion-de-servicios\/"},"wordCount":453,"publisher":{"@id":"https:\/\/www.fiscalia.gov.co\/colombia\/#organization"},"keywords":["Fiscal","Fiscal General de la Naci\u00f3n","Fiscal Luz Adriana Cmargo","Fiscal\u00eda","noticas"],"articleSection":["Noticias","Seccional Tunja"],"inLanguage":"es-CO"},{"@type":"WebPage","@id":"https:\/\/www.fiscalia.gov.co\/colombia\/noticias\/judicializados-alcalde-de-tunja-la-directora-de-contratacion-del-municipio-y-una-exfuncionaria-por-presuntas-irregularidades-en-la-celebracion-de-un-contrato-de-prestacion-de-servicios\/","url":"https:\/\/www.fiscalia.gov.co\/colombia\/noticias\/judicializados-alcalde-de-tunja-la-directora-de-contratacion-del-municipio-y-una-exfuncionaria-por-presuntas-irregularidades-en-la-celebracion-de-un-contrato-de-prestacion-de-servicios\/","name":"Fiscal\u00eda General de la Naci\u00f3n","isPartOf":{"@id":"https:\/\/www.fiscalia.gov.co\/colombia\/#website"},"datePublished":"2025-09-25T23:14:27+00:00","dateModified":"2025-09-25T23:14:51+00:00","description":"P\u00e1gina oficial de la Fiscal\u00eda General de la Naci\u00f3n \u2013 Colombia. Garantizamos el acceso efectivo a la justicia, la verdad y la reparaci\u00f3n de las v\u00edctimas de los delitos.","breadcrumb":{"@id":"https:\/\/www.fiscalia.gov.co\/colombia\/noticias\/judicializados-alcalde-de-tunja-la-directora-de-contratacion-del-municipio-y-una-exfuncionaria-por-presuntas-irregularidades-en-la-celebracion-de-un-contrato-de-prestacion-de-servicios\/#breadcrumb"},"inLanguage":"es-CO","potentialAction":[{"@type":"ReadAction","target":["https:\/\/www.fiscalia.gov.co\/colombia\/noticias\/judicializados-alcalde-de-tunja-la-directora-de-contratacion-del-municipio-y-una-exfuncionaria-por-presuntas-irregularidades-en-la-celebracion-de-un-contrato-de-prestacion-de-servicios\/"]}]},{"@type":"BreadcrumbList","@id":"https:\/\/www.fiscalia.gov.co\/colombia\/noticias\/judicializados-alcalde-de-tunja-la-directora-de-contratacion-del-municipio-y-una-exfuncionaria-por-presuntas-irregularidades-en-la-celebracion-de-un-contrato-de-prestacion-de-servicios\/#breadcrumb","itemListElement":[{"@type":"ListItem","position":1,"name":"Home","item":"https:\/\/www.fiscalia.gov.co\/colombia\/"},{"@type":"ListItem","position":2,"name":"Judicializados alcalde de Tunja, la directora de contrataci\u00f3n del municipio y una exfuncionaria por presuntas irregularidades en la celebraci\u00f3n de un contrato de prestaci\u00f3n de servicios"}]},{"@type":"WebSite","@id":"https:\/\/www.fiscalia.gov.co\/colombia\/#website","url":"https:\/\/www.fiscalia.gov.co\/colombia\/","name":"Fiscal\u00eda General de la Naci\u00f3n","description":"P\u00e1gina oficial de la Fiscal\u00eda General de la Naci\u00f3n \u2013 Colombia. Garantizamos el acceso efectivo a la justicia, la verdad y la reparaci\u00f3n de las v\u00edctimas de los delitos.","publisher":{"@id":"https:\/\/www.fiscalia.gov.co\/colombia\/#organization"},"potentialAction":[{"@type":"SearchAction","target":{"@type":"EntryPoint","urlTemplate":"https:\/\/www.fiscalia.gov.co\/colombia\/?s={search_term_string}"},"query-input":{"@type":"PropertyValueSpecification","valueRequired":true,"valueName":"search_term_string"}}],"inLanguage":"es-CO"},{"@type":"Organization","@id":"https:\/\/www.fiscalia.gov.co\/colombia\/#organization","name":"Fiscal\u00eda General de la Naci\u00f3n","url":"https:\/\/www.fiscalia.gov.co\/colombia\/","logo":{"@type":"ImageObject","inLanguage":"es-CO","@id":"https:\/\/www.fiscalia.gov.co\/colombia\/#\/schema\/logo\/image\/","url":"https:\/\/www.fiscalia.gov.co\/colombia\/wp-content\/uploads\/LogoHorizontal_1.jpg","contentUrl":"https:\/\/www.fiscalia.gov.co\/colombia\/wp-content\/uploads\/LogoHorizontal_1.jpg","width":300,"height":90,"caption":"Fiscal\u00eda General de la Naci\u00f3n"},"image":{"@id":"https:\/\/www.fiscalia.gov.co\/colombia\/#\/schema\/logo\/image\/"},"sameAs":["https:\/\/www.facebook.com\/FiscaliaCol","https:\/\/x.com\/FiscaliaCol","https:\/\/www.instagram.com\/fiscaliacol","https:\/\/www.linkedin.com\/company\/fiscalia-general-de-la-naci-n\/","https:\/\/youtube.com\/@fiscaliageneraldelanacion-4668?si=6nN79nyQICPU5iTh"]},{"@type":"Person","@id":"https:\/\/www.fiscalia.gov.co\/colombia\/#\/schema\/person\/ba9eca435947489fb25117a0cd75bf3e","name":"Johanna Islenny Prieto Pe\u00f1a","image":{"@type":"ImageObject","inLanguage":"es-CO","@id":"https:\/\/www.fiscalia.gov.co\/colombia\/#\/schema\/person\/image\/","url":"https:\/\/secure.gravatar.com\/avatar\/111433fc2acb037ffb768f6a3ca47864?s=96&d=mm&r=g","contentUrl":"https:\/\/secure.gravatar.com\/avatar\/111433fc2acb037ffb768f6a3ca47864?s=96&d=mm&r=g","caption":"Johanna Islenny Prieto Pe\u00f1a"},"url":"https:\/\/www.fiscalia.gov.co\/colombia\/author\/jprietop\/"}]}},"_links":{"self":[{"href":"https:\/\/www.fiscalia.gov.co\/colombia\/wp-json\/wp\/v2\/posts\/324594","targetHints":{"allow":["GET"]}}],"collection":[{"href":"https:\/\/www.fiscalia.gov.co\/colombia\/wp-json\/wp\/v2\/posts"}],"about":[{"href":"https:\/\/www.fiscalia.gov.co\/colombia\/wp-json\/wp\/v2\/types\/post"}],"author":[{"embeddable":true,"href":"https:\/\/www.fiscalia.gov.co\/colombia\/wp-json\/wp\/v2\/users\/181"}],"replies":[{"embeddable":true,"href":"https:\/\/www.fiscalia.gov.co\/colombia\/wp-json\/wp\/v2\/comments?post=324594"}],"version-history":[{"count":2,"href":"https:\/\/www.fiscalia.gov.co\/colombia\/wp-json\/wp\/v2\/posts\/324594\/revisions"}],"predecessor-version":[{"id":324596,"href":"https:\/\/www.fiscalia.gov.co\/colombia\/wp-json\/wp\/v2\/posts\/324594\/revisions\/324596"}],"wp:attachment":[{"href":"https:\/\/www.fiscalia.gov.co\/colombia\/wp-json\/wp\/v2\/media?parent=324594"}],"wp:term":[{"taxonomy":"category","embeddable":true,"href":"https:\/\/www.fiscalia.gov.co\/colombia\/wp-json\/wp\/v2\/categories?post=324594"},{"taxonomy":"post_tag","embeddable":true,"href":"https:\/\/www.fiscalia.gov.co\/colombia\/wp-json\/wp\/v2\/tags?post=324594"}],"curies":[{"name":"wp","href":"https:\/\/api.w.org\/{rel}","templated":true}]}}