{"id":324584,"date":"2025-09-25T16:50:02","date_gmt":"2025-09-25T21:50:02","guid":{"rendered":"https:\/\/www.fiscalia.gov.co\/colombia\/?p=324584"},"modified":"2025-09-25T16:50:02","modified_gmt":"2025-09-25T21:50:02","slug":"afectado-grupo-delincuencial-que-estaria-involucrado-en-diferentes-acciones-delictivas-en-la-comuna-5-de-medellin","status":"publish","type":"post","link":"https:\/\/www.fiscalia.gov.co\/colombia\/noticias\/afectado-grupo-delincuencial-que-estaria-involucrado-en-diferentes-acciones-delictivas-en-la-comuna-5-de-medellin\/","title":{"rendered":"Afectado grupo delincuencial que estar\u00eda involucrado en diferentes acciones delictivas en la comuna 5 de Medell\u00edn\u00a0"},"content":{"rendered":"<blockquote>\n<h4><strong><i>Tres de los procesados son se\u00f1alados de participar en el homicidio de un hombre de 28 a\u00f1os en el barrio Castilla<\/i><\/strong><\/h4>\n<\/blockquote>\n<p class=\"x_elementToProof\">Las actividades investigativas adelantadas por la Fiscal\u00eda General de la Naci\u00f3n permitieron la judicializaci\u00f3n de<strong> cinco presuntos integrantes de un grupo delincuencial denominado Los Machacos<\/strong> con injerencia en el noroccidente de Medell\u00edn.<\/p>\n<figure id=\"attachment_324588\" aria-describedby=\"caption-attachment-324588\" style=\"width: 300px\" class=\"wp-caption alignnone\"><img loading=\"lazy\" decoding=\"async\" class=\"wp-image-324588 size-medium\" src=\"https:\/\/www.fiscalia.gov.co\/colombia\/wp-content\/uploads\/Steven-Diaz-Mazo-alias-Pipe-Miguel-Angel-300x207.jpg\" alt=\"En la imagen est\u00e1n los 5 procesados con 2 servidores de la Polic\u00eda Nacional a los lados.\" width=\"300\" height=\"207\" srcset=\"https:\/\/www.fiscalia.gov.co\/colombia\/wp-content\/uploads\/Steven-Diaz-Mazo-alias-Pipe-Miguel-Angel-300x207.jpg 300w, https:\/\/www.fiscalia.gov.co\/colombia\/wp-content\/uploads\/Steven-Diaz-Mazo-alias-Pipe-Miguel-Angel-1024x706.jpg 1024w, https:\/\/www.fiscalia.gov.co\/colombia\/wp-content\/uploads\/Steven-Diaz-Mazo-alias-Pipe-Miguel-Angel-768x530.jpg 768w, https:\/\/www.fiscalia.gov.co\/colombia\/wp-content\/uploads\/Steven-Diaz-Mazo-alias-Pipe-Miguel-Angel-609x420.jpg 609w, https:\/\/www.fiscalia.gov.co\/colombia\/wp-content\/uploads\/Steven-Diaz-Mazo-alias-Pipe-Miguel-Angel-218x150.jpg 218w, https:\/\/www.fiscalia.gov.co\/colombia\/wp-content\/uploads\/Steven-Diaz-Mazo-alias-Pipe-Miguel-Angel-696x480.jpg 696w, https:\/\/www.fiscalia.gov.co\/colombia\/wp-content\/uploads\/Steven-Diaz-Mazo-alias-Pipe-Miguel-Angel-1068x737.jpg 1068w, https:\/\/www.fiscalia.gov.co\/colombia\/wp-content\/uploads\/Steven-Diaz-Mazo-alias-Pipe-Miguel-Angel-100x70.jpg 100w, https:\/\/www.fiscalia.gov.co\/colombia\/wp-content\/uploads\/Steven-Diaz-Mazo-alias-Pipe-Miguel-Angel.jpg 1305w\" sizes=\"auto, (max-width: 300px) 100vw, 300px\" \/><figcaption id=\"caption-attachment-324588\" class=\"wp-caption-text\">Presuntos integrantes de la organizaci\u00f3n criminal Los Machacos, que delinque en la Comuna 5 Castilla de Medell\u00edn<\/figcaption><\/figure>\n<p>Se trata del ciudadano venezolano Steven D\u00edaz Mazo, alias Pipe y los ciudadanos colombianos Miguel \u00c1ngel Ochoa Valencia, alias Chivas; Joseph Hamilton Loaiza Restrepo, alias Joseph; Jes\u00fas Daniel Acosta Fl\u00f3rez, alias Piola y\u00a0 Jonathan David Henao Durango, alias Mono.<\/p>\n<p>Un fiscal de la Seccional Medell\u00edn les imput\u00f3 los delitos de concierto para delinquir agravado y tr\u00e1fico,<strong> fabricaci\u00f3n o porte de estupefacientes.<\/strong> Alias Chivas, \u2018Joseph\u2019 y \u2018Piola\u2019, tambi\u00e9n fueron judicializados por\u00a0 homicidio agravado.<\/p>\n<p>Los procesados no aceptaron los cargos y por disposici\u00f3n de un juez con<strong> funciones de control de garant\u00edas deber\u00e1n cumplir medida de aseguramiento en centro carcelario.<\/strong><\/p>\n<p>El material de prueba da cuenta de que los procesados, como presuntos integrantes de este grupo delincuencial, <strong>\u00a0se concertaron para ejecutar acciones il\u00edcitas entre las que se encuentran homicidios selectivos, extorsiones y tr\u00e1fico de estupefacientes.<\/strong><\/p>\n<p>Durante la investigaci\u00f3n, la Fiscal\u00eda logr\u00f3 evidenciar que ser\u00edan los responsables del homicidio de un hombre de 28 a\u00f1os en hechos ocurridos el 31 de agosto de 2024, en una vivienda en el barrio Castilla, donde, al parecer, ingresaron varios hombres encapuchados y le propinaron 22 lesiones con arma cortopunzante que le causaron la muerte.<\/p>\n<p>Los\u00a0 hombres fueron capturados en diligencias de allanamiento y registro realizadas por la Polic\u00eda Nacional, en la cual se incautaron 148 gramos de marihuana.<\/p>\n<p>&nbsp;<\/p>\n<p><span data-olk-copy-source=\"MessageBody\">NAMT\/RFT\/DSM\/AMCJ\/<\/span><\/p>\n<p>&nbsp;<\/p>\n<p>&nbsp;<\/p>\n<h4><\/h4>\n<h4><\/h4>\n<p><i>La informaci\u00f3n contenida en este bolet\u00edn de prensa corresponde a la narraci\u00f3n de los hechos noticiosos objetivos, suministrados por los funcionarios encargados de adelantar las investigaciones penales al interior de la Fiscal\u00eda General de la Naci\u00f3n. Para el momento de la divulgaci\u00f3n de este comunicado, la situaci\u00f3n jur\u00eddica de la(s) persona(s) relacionada(s) se encuentra pendiente de resolver por la autoridad judicial competente, siempre bajo los preceptos de la presunci\u00f3n de inocencia, consagrados en el art\u00edculo 29 de la Constituci\u00f3n Pol\u00edtica y el art\u00edculo 7\u00ba de la Ley 906 de 2004.<\/i><\/p>\n<div><\/div>\n<div><\/div>\n<div><\/div>\n<div><\/div>\n<div><\/div>\n<div><\/div>\n\n<div class=\"twitter-share\"><a href=\"https:\/\/twitter.com\/intent\/tweet?via=fiscaliacol\" class=\"twitter-share-button\">Tweet<\/a><\/div>\n","protected":false},"excerpt":{"rendered":"<p>Tres de los procesados son se\u00f1alados de participar en el homicidio de un hombre de 28 a\u00f1os en el barrio Castilla Las actividades investigativas adelantadas por la Fiscal\u00eda General de la Naci\u00f3n permitieron la judicializaci\u00f3n de cinco presuntos integrantes de un grupo delincuencial denominado Los Machacos con injerencia en el noroccidente de Medell\u00edn. Se trata [&hellip;]<\/p>\n","protected":false},"author":181,"featured_media":0,"comment_status":"closed","ping_status":"open","sticky":false,"template":"","format":"standard","meta":{"tdm_status":"","tdm_grid_status":"","footnotes":""},"categories":[1,24099],"tags":[12184,37492,4614,1047],"class_list":{"0":"post-324584","1":"post","2":"type-post","3":"status-publish","4":"format-standard","6":"category-noticias","7":"category-seguridad-territorial","8":"tag-fiscal","9":"tag-fiscal-luz-adriana-camargo","10":"tag-fiscalia-2","11":"tag-fiscalia-general-de-la-nacion"},"yoast_head":"<!-- This site is optimized with the Yoast SEO plugin v24.3 - https:\/\/yoast.com\/wordpress\/plugins\/seo\/ -->\n<title>Fiscal\u00eda General de la Naci\u00f3n<\/title>\n<meta name=\"description\" content=\"P\u00e1gina oficial de la Fiscal\u00eda General de la Naci\u00f3n \u2013 Colombia. Garantizamos el acceso efectivo a la justicia, la verdad y la reparaci\u00f3n de las v\u00edctimas de los delitos.\" \/>\n<meta name=\"robots\" content=\"noindex, follow\" \/>\n<meta property=\"og:locale\" content=\"es_ES\" \/>\n<meta property=\"og:type\" content=\"article\" \/>\n<meta property=\"og:title\" content=\"Fiscal\u00eda General de la Naci\u00f3n\" \/>\n<meta property=\"og:description\" content=\"P\u00e1gina oficial de la Fiscal\u00eda General de la Naci\u00f3n \u2013 Colombia. Garantizamos el acceso efectivo a la justicia, la verdad y la reparaci\u00f3n de las v\u00edctimas de los delitos.\" \/>\n<meta property=\"og:url\" content=\"https:\/\/www.fiscalia.gov.co\/colombia\/noticias\/afectado-grupo-delincuencial-que-estaria-involucrado-en-diferentes-acciones-delictivas-en-la-comuna-5-de-medellin\/\" \/>\n<meta property=\"og:site_name\" content=\"Fiscal\u00eda General de la Naci\u00f3n\" \/>\n<meta property=\"article:publisher\" content=\"https:\/\/www.facebook.com\/FiscaliaCol\" \/>\n<meta property=\"article:published_time\" content=\"2025-09-25T21:50:02+00:00\" \/>\n<meta property=\"og:image\" content=\"https:\/\/www.fiscalia.gov.co\/colombia\/wp-content\/uploads\/Steven-Diaz-Mazo-alias-Pipe-Miguel-Angel.jpg\" \/>\n\t<meta property=\"og:image:width\" content=\"1305\" \/>\n\t<meta property=\"og:image:height\" content=\"900\" \/>\n\t<meta property=\"og:image:type\" content=\"image\/jpeg\" \/>\n<meta name=\"author\" content=\"Johanna Islenny Prieto Pe\u00f1a\" \/>\n<meta name=\"twitter:card\" content=\"summary_large_image\" \/>\n<meta name=\"twitter:creator\" content=\"@FiscaliaCol\" \/>\n<meta name=\"twitter:site\" content=\"@FiscaliaCol\" \/>\n<meta name=\"twitter:label1\" content=\"Escrito por\" \/>\n\t<meta name=\"twitter:data1\" content=\"Johanna Islenny Prieto Pe\u00f1a\" \/>\n\t<meta name=\"twitter:label2\" content=\"Tiempo de lectura\" \/>\n\t<meta name=\"twitter:data2\" content=\"2 minutos\" \/>\n<script type=\"application\/ld+json\" class=\"yoast-schema-graph\">{\"@context\":\"https:\/\/schema.org\",\"@graph\":[{\"@type\":\"Article\",\"@id\":\"https:\/\/www.fiscalia.gov.co\/colombia\/noticias\/afectado-grupo-delincuencial-que-estaria-involucrado-en-diferentes-acciones-delictivas-en-la-comuna-5-de-medellin\/#article\",\"isPartOf\":{\"@id\":\"https:\/\/www.fiscalia.gov.co\/colombia\/noticias\/afectado-grupo-delincuencial-que-estaria-involucrado-en-diferentes-acciones-delictivas-en-la-comuna-5-de-medellin\/\"},\"author\":{\"name\":\"Johanna Islenny Prieto Pe\u00f1a\",\"@id\":\"https:\/\/www.fiscalia.gov.co\/colombia\/#\/schema\/person\/ba9eca435947489fb25117a0cd75bf3e\"},\"headline\":\"Afectado grupo delincuencial que estar\u00eda involucrado en diferentes acciones delictivas en la comuna 5 de Medell\u00edn\u00a0\",\"datePublished\":\"2025-09-25T21:50:02+00:00\",\"dateModified\":\"2025-09-25T21:50:02+00:00\",\"mainEntityOfPage\":{\"@id\":\"https:\/\/www.fiscalia.gov.co\/colombia\/noticias\/afectado-grupo-delincuencial-que-estaria-involucrado-en-diferentes-acciones-delictivas-en-la-comuna-5-de-medellin\/\"},\"wordCount\":433,\"publisher\":{\"@id\":\"https:\/\/www.fiscalia.gov.co\/colombia\/#organization\"},\"image\":{\"@id\":\"https:\/\/www.fiscalia.gov.co\/colombia\/noticias\/afectado-grupo-delincuencial-que-estaria-involucrado-en-diferentes-acciones-delictivas-en-la-comuna-5-de-medellin\/#primaryimage\"},\"thumbnailUrl\":\"https:\/\/www.fiscalia.gov.co\/colombia\/wp-content\/uploads\/Steven-Diaz-Mazo-alias-Pipe-Miguel-Angel-300x207.jpg\",\"keywords\":[\"Fiscal\",\"Fiscal Luz Adriana Camargo\",\"Fiscal\u00eda\",\"Fiscal\u00eda General de la Naci\u00f3n\"],\"articleSection\":[\"Noticias\",\"Seguridad territorial\"],\"inLanguage\":\"es-CO\"},{\"@type\":\"WebPage\",\"@id\":\"https:\/\/www.fiscalia.gov.co\/colombia\/noticias\/afectado-grupo-delincuencial-que-estaria-involucrado-en-diferentes-acciones-delictivas-en-la-comuna-5-de-medellin\/\",\"url\":\"https:\/\/www.fiscalia.gov.co\/colombia\/noticias\/afectado-grupo-delincuencial-que-estaria-involucrado-en-diferentes-acciones-delictivas-en-la-comuna-5-de-medellin\/\",\"name\":\"Fiscal\u00eda General de la Naci\u00f3n\",\"isPartOf\":{\"@id\":\"https:\/\/www.fiscalia.gov.co\/colombia\/#website\"},\"primaryImageOfPage\":{\"@id\":\"https:\/\/www.fiscalia.gov.co\/colombia\/noticias\/afectado-grupo-delincuencial-que-estaria-involucrado-en-diferentes-acciones-delictivas-en-la-comuna-5-de-medellin\/#primaryimage\"},\"image\":{\"@id\":\"https:\/\/www.fiscalia.gov.co\/colombia\/noticias\/afectado-grupo-delincuencial-que-estaria-involucrado-en-diferentes-acciones-delictivas-en-la-comuna-5-de-medellin\/#primaryimage\"},\"thumbnailUrl\":\"https:\/\/www.fiscalia.gov.co\/colombia\/wp-content\/uploads\/Steven-Diaz-Mazo-alias-Pipe-Miguel-Angel-300x207.jpg\",\"datePublished\":\"2025-09-25T21:50:02+00:00\",\"dateModified\":\"2025-09-25T21:50:02+00:00\",\"description\":\"P\u00e1gina oficial de la Fiscal\u00eda General de la Naci\u00f3n \u2013 Colombia. Garantizamos el acceso efectivo a la justicia, la verdad y la reparaci\u00f3n de las v\u00edctimas de los delitos.\",\"breadcrumb\":{\"@id\":\"https:\/\/www.fiscalia.gov.co\/colombia\/noticias\/afectado-grupo-delincuencial-que-estaria-involucrado-en-diferentes-acciones-delictivas-en-la-comuna-5-de-medellin\/#breadcrumb\"},\"inLanguage\":\"es-CO\",\"potentialAction\":[{\"@type\":\"ReadAction\",\"target\":[\"https:\/\/www.fiscalia.gov.co\/colombia\/noticias\/afectado-grupo-delincuencial-que-estaria-involucrado-en-diferentes-acciones-delictivas-en-la-comuna-5-de-medellin\/\"]}]},{\"@type\":\"ImageObject\",\"inLanguage\":\"es-CO\",\"@id\":\"https:\/\/www.fiscalia.gov.co\/colombia\/noticias\/afectado-grupo-delincuencial-que-estaria-involucrado-en-diferentes-acciones-delictivas-en-la-comuna-5-de-medellin\/#primaryimage\",\"url\":\"https:\/\/www.fiscalia.gov.co\/colombia\/wp-content\/uploads\/Steven-Diaz-Mazo-alias-Pipe-Miguel-Angel.jpg\",\"contentUrl\":\"https:\/\/www.fiscalia.gov.co\/colombia\/wp-content\/uploads\/Steven-Diaz-Mazo-alias-Pipe-Miguel-Angel.jpg\",\"width\":1305,\"height\":900,\"caption\":\"La informaci\u00f3n contenida en este bolet\u00edn de prensa corresponde a la narraci\u00f3n de los hechos noticiosos objetivos, suministrados por los funcionarios encargados de adelantar las investigaciones penales al interior de la Fiscal\u00eda General de la Naci\u00f3n. Para el momento de la divulgaci\u00f3n de este comunicado, la situaci\u00f3n jur\u00eddica de la(s) persona(s) relacionada(s) se encuentra pendiente de resolver por la autoridad judicial competente, siempre bajo los preceptos de la presunci\u00f3n de inocencia, consagrados en el art\u00edculo 29 de la Constituci\u00f3n Pol\u00edtica y el art\u00edculo 7\u00ba de la Ley 906 de 2004.\"},{\"@type\":\"BreadcrumbList\",\"@id\":\"https:\/\/www.fiscalia.gov.co\/colombia\/noticias\/afectado-grupo-delincuencial-que-estaria-involucrado-en-diferentes-acciones-delictivas-en-la-comuna-5-de-medellin\/#breadcrumb\",\"itemListElement\":[{\"@type\":\"ListItem\",\"position\":1,\"name\":\"Home\",\"item\":\"https:\/\/www.fiscalia.gov.co\/colombia\/\"},{\"@type\":\"ListItem\",\"position\":2,\"name\":\"Afectado grupo delincuencial que estar\u00eda involucrado en diferentes acciones delictivas en la comuna 5 de Medell\u00edn\u00a0\"}]},{\"@type\":\"WebSite\",\"@id\":\"https:\/\/www.fiscalia.gov.co\/colombia\/#website\",\"url\":\"https:\/\/www.fiscalia.gov.co\/colombia\/\",\"name\":\"Fiscal\u00eda General de la Naci\u00f3n\",\"description\":\"P\u00e1gina oficial de la Fiscal\u00eda General de la Naci\u00f3n \u2013 Colombia. Garantizamos el acceso efectivo a la justicia, la verdad y la reparaci\u00f3n de las v\u00edctimas de los delitos.\",\"publisher\":{\"@id\":\"https:\/\/www.fiscalia.gov.co\/colombia\/#organization\"},\"potentialAction\":[{\"@type\":\"SearchAction\",\"target\":{\"@type\":\"EntryPoint\",\"urlTemplate\":\"https:\/\/www.fiscalia.gov.co\/colombia\/?s={search_term_string}\"},\"query-input\":{\"@type\":\"PropertyValueSpecification\",\"valueRequired\":true,\"valueName\":\"search_term_string\"}}],\"inLanguage\":\"es-CO\"},{\"@type\":\"Organization\",\"@id\":\"https:\/\/www.fiscalia.gov.co\/colombia\/#organization\",\"name\":\"Fiscal\u00eda General de la Naci\u00f3n\",\"url\":\"https:\/\/www.fiscalia.gov.co\/colombia\/\",\"logo\":{\"@type\":\"ImageObject\",\"inLanguage\":\"es-CO\",\"@id\":\"https:\/\/www.fiscalia.gov.co\/colombia\/#\/schema\/logo\/image\/\",\"url\":\"https:\/\/www.fiscalia.gov.co\/colombia\/wp-content\/uploads\/LogoHorizontal_1.jpg\",\"contentUrl\":\"https:\/\/www.fiscalia.gov.co\/colombia\/wp-content\/uploads\/LogoHorizontal_1.jpg\",\"width\":300,\"height\":90,\"caption\":\"Fiscal\u00eda General de la Naci\u00f3n\"},\"image\":{\"@id\":\"https:\/\/www.fiscalia.gov.co\/colombia\/#\/schema\/logo\/image\/\"},\"sameAs\":[\"https:\/\/www.facebook.com\/FiscaliaCol\",\"https:\/\/x.com\/FiscaliaCol\",\"https:\/\/www.instagram.com\/fiscaliacol\",\"https:\/\/www.linkedin.com\/company\/fiscalia-general-de-la-naci-n\/\",\"https:\/\/youtube.com\/@fiscaliageneraldelanacion-4668?si=6nN79nyQICPU5iTh\"]},{\"@type\":\"Person\",\"@id\":\"https:\/\/www.fiscalia.gov.co\/colombia\/#\/schema\/person\/ba9eca435947489fb25117a0cd75bf3e\",\"name\":\"Johanna Islenny Prieto Pe\u00f1a\",\"image\":{\"@type\":\"ImageObject\",\"inLanguage\":\"es-CO\",\"@id\":\"https:\/\/www.fiscalia.gov.co\/colombia\/#\/schema\/person\/image\/\",\"url\":\"https:\/\/secure.gravatar.com\/avatar\/111433fc2acb037ffb768f6a3ca47864?s=96&d=mm&r=g\",\"contentUrl\":\"https:\/\/secure.gravatar.com\/avatar\/111433fc2acb037ffb768f6a3ca47864?s=96&d=mm&r=g\",\"caption\":\"Johanna Islenny Prieto Pe\u00f1a\"},\"url\":\"https:\/\/www.fiscalia.gov.co\/colombia\/author\/jprietop\/\"}]}<\/script>\n<!-- \/ Yoast SEO plugin. -->","yoast_head_json":{"title":"Fiscal\u00eda General de la Naci\u00f3n","description":"P\u00e1gina oficial de la Fiscal\u00eda General de la Naci\u00f3n \u2013 Colombia. Garantizamos el acceso efectivo a la justicia, la verdad y la reparaci\u00f3n de las v\u00edctimas de los delitos.","robots":{"index":"noindex","follow":"follow"},"og_locale":"es_ES","og_type":"article","og_title":"Fiscal\u00eda General de la Naci\u00f3n","og_description":"P\u00e1gina oficial de la Fiscal\u00eda General de la Naci\u00f3n \u2013 Colombia. Garantizamos el acceso efectivo a la justicia, la verdad y la reparaci\u00f3n de las v\u00edctimas de los delitos.","og_url":"https:\/\/www.fiscalia.gov.co\/colombia\/noticias\/afectado-grupo-delincuencial-que-estaria-involucrado-en-diferentes-acciones-delictivas-en-la-comuna-5-de-medellin\/","og_site_name":"Fiscal\u00eda General de la Naci\u00f3n","article_publisher":"https:\/\/www.facebook.com\/FiscaliaCol","article_published_time":"2025-09-25T21:50:02+00:00","og_image":[{"width":1305,"height":900,"url":"https:\/\/www.fiscalia.gov.co\/colombia\/wp-content\/uploads\/Steven-Diaz-Mazo-alias-Pipe-Miguel-Angel.jpg","type":"image\/jpeg"}],"author":"Johanna Islenny Prieto Pe\u00f1a","twitter_card":"summary_large_image","twitter_creator":"@FiscaliaCol","twitter_site":"@FiscaliaCol","twitter_misc":{"Escrito por":"Johanna Islenny Prieto Pe\u00f1a","Tiempo de lectura":"2 minutos"},"schema":{"@context":"https:\/\/schema.org","@graph":[{"@type":"Article","@id":"https:\/\/www.fiscalia.gov.co\/colombia\/noticias\/afectado-grupo-delincuencial-que-estaria-involucrado-en-diferentes-acciones-delictivas-en-la-comuna-5-de-medellin\/#article","isPartOf":{"@id":"https:\/\/www.fiscalia.gov.co\/colombia\/noticias\/afectado-grupo-delincuencial-que-estaria-involucrado-en-diferentes-acciones-delictivas-en-la-comuna-5-de-medellin\/"},"author":{"name":"Johanna Islenny Prieto Pe\u00f1a","@id":"https:\/\/www.fiscalia.gov.co\/colombia\/#\/schema\/person\/ba9eca435947489fb25117a0cd75bf3e"},"headline":"Afectado grupo delincuencial que estar\u00eda involucrado en diferentes acciones delictivas en la comuna 5 de Medell\u00edn\u00a0","datePublished":"2025-09-25T21:50:02+00:00","dateModified":"2025-09-25T21:50:02+00:00","mainEntityOfPage":{"@id":"https:\/\/www.fiscalia.gov.co\/colombia\/noticias\/afectado-grupo-delincuencial-que-estaria-involucrado-en-diferentes-acciones-delictivas-en-la-comuna-5-de-medellin\/"},"wordCount":433,"publisher":{"@id":"https:\/\/www.fiscalia.gov.co\/colombia\/#organization"},"image":{"@id":"https:\/\/www.fiscalia.gov.co\/colombia\/noticias\/afectado-grupo-delincuencial-que-estaria-involucrado-en-diferentes-acciones-delictivas-en-la-comuna-5-de-medellin\/#primaryimage"},"thumbnailUrl":"https:\/\/www.fiscalia.gov.co\/colombia\/wp-content\/uploads\/Steven-Diaz-Mazo-alias-Pipe-Miguel-Angel-300x207.jpg","keywords":["Fiscal","Fiscal Luz Adriana Camargo","Fiscal\u00eda","Fiscal\u00eda General de la Naci\u00f3n"],"articleSection":["Noticias","Seguridad territorial"],"inLanguage":"es-CO"},{"@type":"WebPage","@id":"https:\/\/www.fiscalia.gov.co\/colombia\/noticias\/afectado-grupo-delincuencial-que-estaria-involucrado-en-diferentes-acciones-delictivas-en-la-comuna-5-de-medellin\/","url":"https:\/\/www.fiscalia.gov.co\/colombia\/noticias\/afectado-grupo-delincuencial-que-estaria-involucrado-en-diferentes-acciones-delictivas-en-la-comuna-5-de-medellin\/","name":"Fiscal\u00eda General de la Naci\u00f3n","isPartOf":{"@id":"https:\/\/www.fiscalia.gov.co\/colombia\/#website"},"primaryImageOfPage":{"@id":"https:\/\/www.fiscalia.gov.co\/colombia\/noticias\/afectado-grupo-delincuencial-que-estaria-involucrado-en-diferentes-acciones-delictivas-en-la-comuna-5-de-medellin\/#primaryimage"},"image":{"@id":"https:\/\/www.fiscalia.gov.co\/colombia\/noticias\/afectado-grupo-delincuencial-que-estaria-involucrado-en-diferentes-acciones-delictivas-en-la-comuna-5-de-medellin\/#primaryimage"},"thumbnailUrl":"https:\/\/www.fiscalia.gov.co\/colombia\/wp-content\/uploads\/Steven-Diaz-Mazo-alias-Pipe-Miguel-Angel-300x207.jpg","datePublished":"2025-09-25T21:50:02+00:00","dateModified":"2025-09-25T21:50:02+00:00","description":"P\u00e1gina oficial de la Fiscal\u00eda General de la Naci\u00f3n \u2013 Colombia. Garantizamos el acceso efectivo a la justicia, la verdad y la reparaci\u00f3n de las v\u00edctimas de los delitos.","breadcrumb":{"@id":"https:\/\/www.fiscalia.gov.co\/colombia\/noticias\/afectado-grupo-delincuencial-que-estaria-involucrado-en-diferentes-acciones-delictivas-en-la-comuna-5-de-medellin\/#breadcrumb"},"inLanguage":"es-CO","potentialAction":[{"@type":"ReadAction","target":["https:\/\/www.fiscalia.gov.co\/colombia\/noticias\/afectado-grupo-delincuencial-que-estaria-involucrado-en-diferentes-acciones-delictivas-en-la-comuna-5-de-medellin\/"]}]},{"@type":"ImageObject","inLanguage":"es-CO","@id":"https:\/\/www.fiscalia.gov.co\/colombia\/noticias\/afectado-grupo-delincuencial-que-estaria-involucrado-en-diferentes-acciones-delictivas-en-la-comuna-5-de-medellin\/#primaryimage","url":"https:\/\/www.fiscalia.gov.co\/colombia\/wp-content\/uploads\/Steven-Diaz-Mazo-alias-Pipe-Miguel-Angel.jpg","contentUrl":"https:\/\/www.fiscalia.gov.co\/colombia\/wp-content\/uploads\/Steven-Diaz-Mazo-alias-Pipe-Miguel-Angel.jpg","width":1305,"height":900,"caption":"La informaci\u00f3n contenida en este bolet\u00edn de prensa corresponde a la narraci\u00f3n de los hechos noticiosos objetivos, suministrados por los funcionarios encargados de adelantar las investigaciones penales al interior de la Fiscal\u00eda General de la Naci\u00f3n. Para el momento de la divulgaci\u00f3n de este comunicado, la situaci\u00f3n jur\u00eddica de la(s) persona(s) relacionada(s) se encuentra pendiente de resolver por la autoridad judicial competente, siempre bajo los preceptos de la presunci\u00f3n de inocencia, consagrados en el art\u00edculo 29 de la Constituci\u00f3n Pol\u00edtica y el art\u00edculo 7\u00ba de la Ley 906 de 2004."},{"@type":"BreadcrumbList","@id":"https:\/\/www.fiscalia.gov.co\/colombia\/noticias\/afectado-grupo-delincuencial-que-estaria-involucrado-en-diferentes-acciones-delictivas-en-la-comuna-5-de-medellin\/#breadcrumb","itemListElement":[{"@type":"ListItem","position":1,"name":"Home","item":"https:\/\/www.fiscalia.gov.co\/colombia\/"},{"@type":"ListItem","position":2,"name":"Afectado grupo delincuencial que estar\u00eda involucrado en diferentes acciones delictivas en la comuna 5 de Medell\u00edn\u00a0"}]},{"@type":"WebSite","@id":"https:\/\/www.fiscalia.gov.co\/colombia\/#website","url":"https:\/\/www.fiscalia.gov.co\/colombia\/","name":"Fiscal\u00eda General de la Naci\u00f3n","description":"P\u00e1gina oficial de la Fiscal\u00eda General de la Naci\u00f3n \u2013 Colombia. Garantizamos el acceso efectivo a la justicia, la verdad y la reparaci\u00f3n de las v\u00edctimas de los delitos.","publisher":{"@id":"https:\/\/www.fiscalia.gov.co\/colombia\/#organization"},"potentialAction":[{"@type":"SearchAction","target":{"@type":"EntryPoint","urlTemplate":"https:\/\/www.fiscalia.gov.co\/colombia\/?s={search_term_string}"},"query-input":{"@type":"PropertyValueSpecification","valueRequired":true,"valueName":"search_term_string"}}],"inLanguage":"es-CO"},{"@type":"Organization","@id":"https:\/\/www.fiscalia.gov.co\/colombia\/#organization","name":"Fiscal\u00eda General de la Naci\u00f3n","url":"https:\/\/www.fiscalia.gov.co\/colombia\/","logo":{"@type":"ImageObject","inLanguage":"es-CO","@id":"https:\/\/www.fiscalia.gov.co\/colombia\/#\/schema\/logo\/image\/","url":"https:\/\/www.fiscalia.gov.co\/colombia\/wp-content\/uploads\/LogoHorizontal_1.jpg","contentUrl":"https:\/\/www.fiscalia.gov.co\/colombia\/wp-content\/uploads\/LogoHorizontal_1.jpg","width":300,"height":90,"caption":"Fiscal\u00eda General de la Naci\u00f3n"},"image":{"@id":"https:\/\/www.fiscalia.gov.co\/colombia\/#\/schema\/logo\/image\/"},"sameAs":["https:\/\/www.facebook.com\/FiscaliaCol","https:\/\/x.com\/FiscaliaCol","https:\/\/www.instagram.com\/fiscaliacol","https:\/\/www.linkedin.com\/company\/fiscalia-general-de-la-naci-n\/","https:\/\/youtube.com\/@fiscaliageneraldelanacion-4668?si=6nN79nyQICPU5iTh"]},{"@type":"Person","@id":"https:\/\/www.fiscalia.gov.co\/colombia\/#\/schema\/person\/ba9eca435947489fb25117a0cd75bf3e","name":"Johanna Islenny Prieto Pe\u00f1a","image":{"@type":"ImageObject","inLanguage":"es-CO","@id":"https:\/\/www.fiscalia.gov.co\/colombia\/#\/schema\/person\/image\/","url":"https:\/\/secure.gravatar.com\/avatar\/111433fc2acb037ffb768f6a3ca47864?s=96&d=mm&r=g","contentUrl":"https:\/\/secure.gravatar.com\/avatar\/111433fc2acb037ffb768f6a3ca47864?s=96&d=mm&r=g","caption":"Johanna Islenny Prieto Pe\u00f1a"},"url":"https:\/\/www.fiscalia.gov.co\/colombia\/author\/jprietop\/"}]}},"_links":{"self":[{"href":"https:\/\/www.fiscalia.gov.co\/colombia\/wp-json\/wp\/v2\/posts\/324584","targetHints":{"allow":["GET"]}}],"collection":[{"href":"https:\/\/www.fiscalia.gov.co\/colombia\/wp-json\/wp\/v2\/posts"}],"about":[{"href":"https:\/\/www.fiscalia.gov.co\/colombia\/wp-json\/wp\/v2\/types\/post"}],"author":[{"embeddable":true,"href":"https:\/\/www.fiscalia.gov.co\/colombia\/wp-json\/wp\/v2\/users\/181"}],"replies":[{"embeddable":true,"href":"https:\/\/www.fiscalia.gov.co\/colombia\/wp-json\/wp\/v2\/comments?post=324584"}],"version-history":[{"count":1,"href":"https:\/\/www.fiscalia.gov.co\/colombia\/wp-json\/wp\/v2\/posts\/324584\/revisions"}],"predecessor-version":[{"id":324589,"href":"https:\/\/www.fiscalia.gov.co\/colombia\/wp-json\/wp\/v2\/posts\/324584\/revisions\/324589"}],"wp:attachment":[{"href":"https:\/\/www.fiscalia.gov.co\/colombia\/wp-json\/wp\/v2\/media?parent=324584"}],"wp:term":[{"taxonomy":"category","embeddable":true,"href":"https:\/\/www.fiscalia.gov.co\/colombia\/wp-json\/wp\/v2\/categories?post=324584"},{"taxonomy":"post_tag","embeddable":true,"href":"https:\/\/www.fiscalia.gov.co\/colombia\/wp-json\/wp\/v2\/tags?post=324584"}],"curies":[{"name":"wp","href":"https:\/\/api.w.org\/{rel}","templated":true}]}}