{"id":324559,"date":"2025-09-25T14:56:08","date_gmt":"2025-09-25T19:56:08","guid":{"rendered":"https:\/\/www.fiscalia.gov.co\/colombia\/?p=324559"},"modified":"2025-09-25T14:56:08","modified_gmt":"2025-09-25T19:56:08","slug":"asegurado-presunto-integrante-de-los-costenos-que-habria-participado-en-el-crimen-de-una-mujer-en-barranquilla-por-el-cobro-de-extorsiones","status":"publish","type":"post","link":"https:\/\/www.fiscalia.gov.co\/colombia\/noticias\/asegurado-presunto-integrante-de-los-costenos-que-habria-participado-en-el-crimen-de-una-mujer-en-barranquilla-por-el-cobro-de-extorsiones\/","title":{"rendered":"Asegurado presunto integrante de \u2018Los Coste\u00f1os\u2019 que habr\u00eda participado en el crimen de una mujer en Barranquilla por el cobro de extorsiones"},"content":{"rendered":"<p>Los elementos materiales probatorios aportados por la Fiscal\u00eda General de la Naci\u00f3n <strong>permitieron que un juez de control de garant\u00edas impusiera medida de aseguramiento en centro carcelario<\/strong> a Jeampier Santiago Su\u00e1rez, presunto integrante de la organizaci\u00f3n criminal Los Coste\u00f1os, quien estar\u00eda implicado en <a href=\"https:\/\/www.fiscalia.gov.co\/colombia\/noticias\/hombre-que-habria-participado-en-la-accion-sicarial-contra-un-uniformado-de-la-policia-nacional-en-barranquilla-fue-enviado-a-la-carcel\/\" target=\"_blank\" rel=\"noopener\">el asesinato de una mujer en Barranquilla<\/a> (Atl\u00e1ntico).<\/p>\n<figure id=\"attachment_324560\" aria-describedby=\"caption-attachment-324560\" style=\"width: 300px\" class=\"wp-caption alignnone\"><img loading=\"lazy\" decoding=\"async\" class=\"size-medium wp-image-324560\" src=\"https:\/\/www.fiscalia.gov.co\/colombia\/wp-content\/uploads\/Foto-boletin-25-de-septiembre-homicidio-extorsion-1-300x286.jpeg\" alt=\" En la foto est\u00e1 un hombre joven, delgado, moreno, de pie, con los brazos atr\u00e1s esposados, vestido con una camiseta beige, pantal\u00f3n negro y sandalias blancas. Se encuentra custodiado por dos uniformados de la Polic\u00eda Nacional.\u00a0\" width=\"300\" height=\"286\" srcset=\"https:\/\/www.fiscalia.gov.co\/colombia\/wp-content\/uploads\/Foto-boletin-25-de-septiembre-homicidio-extorsion-1-300x286.jpeg 300w, https:\/\/www.fiscalia.gov.co\/colombia\/wp-content\/uploads\/Foto-boletin-25-de-septiembre-homicidio-extorsion-1-1024x976.jpeg 1024w, https:\/\/www.fiscalia.gov.co\/colombia\/wp-content\/uploads\/Foto-boletin-25-de-septiembre-homicidio-extorsion-1-768x732.jpeg 768w, https:\/\/www.fiscalia.gov.co\/colombia\/wp-content\/uploads\/Foto-boletin-25-de-septiembre-homicidio-extorsion-1-441x420.jpeg 441w, https:\/\/www.fiscalia.gov.co\/colombia\/wp-content\/uploads\/Foto-boletin-25-de-septiembre-homicidio-extorsion-1-696x663.jpeg 696w, https:\/\/www.fiscalia.gov.co\/colombia\/wp-content\/uploads\/Foto-boletin-25-de-septiembre-homicidio-extorsion-1-1068x1018.jpeg 1068w, https:\/\/www.fiscalia.gov.co\/colombia\/wp-content\/uploads\/Foto-boletin-25-de-septiembre-homicidio-extorsion-1.jpeg 1534w\" sizes=\"auto, (max-width: 300px) 100vw, 300px\" \/><figcaption id=\"caption-attachment-324560\" class=\"wp-caption-text\">Al procesado la Fiscal\u00eda le imput\u00f3 los delitos de homicidio agravado, concierto para delinquir, tentativa de extorsi\u00f3n y fabricaci\u00f3n, tr\u00e1fico, porte o tenencia de armas de fuego, accesorios, partes o municiones.<\/figcaption><\/figure>\n<p>En ese sentido, una fiscal de la Seccional Atl\u00e1ntico le imput\u00f3 los delitos de homicidio agravado, <strong>concierto para delinquir, tentativa de extorsi\u00f3n y fabricaci\u00f3n,<\/strong> tr\u00e1fico, porte o tenencia de armas de fuego, accesorios, partes o municiones, los cuales no acept\u00f3.<\/p>\n<p>Los hechos materia de investigaci\u00f3n que presuntamente lo comprometen se registraron el pasado 10 de julio en un establecimiento de comercio del barrio La Paz.<strong> Hasta all\u00ed habr\u00eda llegado el procesado en compa\u00f1\u00eda de otra persona y, sin mediar palabra, ingres\u00f3 al local y le dispar\u00f3 en el rostro a la cajera.<\/strong> Posterior a ello, huy\u00f3 en la motocicleta que lo esperaba.<\/p>\n<p>La v\u00edctima de 27 a\u00f1os fue trasladada hasta un centro asistencial, pero falleci\u00f3 por la gravedad de las lesiones. <strong>Se cree que el crimen obedeci\u00f3 al no pago de unas exigencias econ\u00f3micas<\/strong> que el grupo delincuencial les exig\u00eda a los propietarios del local de tiempo atr\u00e1s.<\/p>\n<p>En cumplimiento de una orden judicial, la Polic\u00eda Nacional captur\u00f3 al se\u00f1alado agresor en Barranquilla.<\/p>\n<p>MEVA\/AMCJ\/CT\/WFOJ\/DSA<\/p>\n<p>&nbsp;<\/p>\n<p>&nbsp;<\/p>\n<p>&nbsp;<\/p>\n<p><i>La informaci\u00f3n contenida en este bolet\u00edn de prensa corresponde a la narraci\u00f3n de los hechos noticiosos objetivos, suministrados por los funcionarios encargados de adelantar las investigaciones penales al interior de la Fiscal\u00eda General de la Naci\u00f3n. Para el momento de la divulgaci\u00f3n de este comunicado, la situaci\u00f3n jur\u00eddica de la(s) persona(s) relacionada(s) se encuentra pendiente de resolver por la autoridad judicial competente, siempre bajo los preceptos de la presunci\u00f3n de inocencia, consagrados en el art\u00edculo 29 de la Constituci\u00f3n Pol\u00edtica y el art\u00edculo 7\u00ba de la Ley 906 de 2004.<\/i><\/p>\n<div><\/div>\n<div><\/div>\n\n<div class=\"twitter-share\"><a href=\"https:\/\/twitter.com\/intent\/tweet?via=fiscaliacol\" class=\"twitter-share-button\">Tweet<\/a><\/div>\n","protected":false},"excerpt":{"rendered":"<p>Los elementos materiales probatorios aportados por la Fiscal\u00eda General de la Naci\u00f3n permitieron que un juez de control de garant\u00edas impusiera medida de aseguramiento en centro carcelario a Jeampier Santiago Su\u00e1rez, presunto integrante de la organizaci\u00f3n criminal Los Coste\u00f1os, quien estar\u00eda implicado en el asesinato de una mujer en Barranquilla (Atl\u00e1ntico). En ese sentido, una [&hellip;]<\/p>\n","protected":false},"author":181,"featured_media":0,"comment_status":"closed","ping_status":"open","sticky":false,"template":"","format":"standard","meta":{"tdm_status":"","tdm_grid_status":"","footnotes":""},"categories":[1,24099],"tags":[12163,4688,23829,871,24187,1047,36784,34563,1090,2067,7329,558,17445],"class_list":{"0":"post-324559","1":"post","2":"type-post","3":"status-publish","4":"format-standard","6":"category-noticias","7":"category-seguridad-territorial","8":"tag-arma-de-fuego","9":"tag-asesinato","10":"tag-barranquilla","11":"tag-extorion","12":"tag-fiscalia-colombia","13":"tag-fiscalia-general-de-la-nacion","14":"tag-huyo","15":"tag-local-comercial","16":"tag-motocicleta","17":"tag-mujer","18":"tag-organizacion-criminal","19":"tag-policia-nacional","20":"tag-victima"},"yoast_head":"<!-- This site is optimized with the Yoast SEO plugin v24.3 - https:\/\/yoast.com\/wordpress\/plugins\/seo\/ -->\n<title>Fiscal\u00eda General de la Naci\u00f3n<\/title>\n<meta name=\"description\" content=\"P\u00e1gina oficial de la Fiscal\u00eda General de la Naci\u00f3n \u2013 Colombia. Garantizamos el acceso efectivo a la justicia, la verdad y la reparaci\u00f3n de las v\u00edctimas de los delitos.\" \/>\n<meta name=\"robots\" content=\"noindex, follow\" \/>\n<meta property=\"og:locale\" content=\"es_ES\" \/>\n<meta property=\"og:type\" content=\"article\" \/>\n<meta property=\"og:title\" content=\"Fiscal\u00eda General de la Naci\u00f3n\" \/>\n<meta property=\"og:description\" content=\"P\u00e1gina oficial de la Fiscal\u00eda General de la Naci\u00f3n \u2013 Colombia. Garantizamos el acceso efectivo a la justicia, la verdad y la reparaci\u00f3n de las v\u00edctimas de los delitos.\" \/>\n<meta property=\"og:url\" content=\"https:\/\/www.fiscalia.gov.co\/colombia\/noticias\/asegurado-presunto-integrante-de-los-costenos-que-habria-participado-en-el-crimen-de-una-mujer-en-barranquilla-por-el-cobro-de-extorsiones\/\" \/>\n<meta property=\"og:site_name\" content=\"Fiscal\u00eda General de la Naci\u00f3n\" \/>\n<meta property=\"article:publisher\" content=\"https:\/\/www.facebook.com\/FiscaliaCol\" \/>\n<meta property=\"article:published_time\" content=\"2025-09-25T19:56:08+00:00\" \/>\n<meta property=\"og:image\" content=\"https:\/\/www.fiscalia.gov.co\/colombia\/wp-content\/uploads\/Foto-boletin-25-de-septiembre-homicidio-extorsion-1.jpeg\" \/>\n\t<meta property=\"og:image:width\" content=\"1534\" \/>\n\t<meta property=\"og:image:height\" content=\"1462\" \/>\n\t<meta property=\"og:image:type\" content=\"image\/jpeg\" \/>\n<meta name=\"author\" content=\"Johanna Islenny Prieto Pe\u00f1a\" \/>\n<meta name=\"twitter:card\" content=\"summary_large_image\" \/>\n<meta name=\"twitter:creator\" content=\"@FiscaliaCol\" \/>\n<meta name=\"twitter:site\" content=\"@FiscaliaCol\" \/>\n<meta name=\"twitter:label1\" content=\"Escrito por\" \/>\n\t<meta name=\"twitter:data1\" content=\"Johanna Islenny Prieto Pe\u00f1a\" \/>\n\t<meta name=\"twitter:label2\" content=\"Tiempo de lectura\" \/>\n\t<meta name=\"twitter:data2\" content=\"2 minutos\" \/>\n<script type=\"application\/ld+json\" class=\"yoast-schema-graph\">{\"@context\":\"https:\/\/schema.org\",\"@graph\":[{\"@type\":\"Article\",\"@id\":\"https:\/\/www.fiscalia.gov.co\/colombia\/noticias\/asegurado-presunto-integrante-de-los-costenos-que-habria-participado-en-el-crimen-de-una-mujer-en-barranquilla-por-el-cobro-de-extorsiones\/#article\",\"isPartOf\":{\"@id\":\"https:\/\/www.fiscalia.gov.co\/colombia\/noticias\/asegurado-presunto-integrante-de-los-costenos-que-habria-participado-en-el-crimen-de-una-mujer-en-barranquilla-por-el-cobro-de-extorsiones\/\"},\"author\":{\"name\":\"Johanna Islenny Prieto Pe\u00f1a\",\"@id\":\"https:\/\/www.fiscalia.gov.co\/colombia\/#\/schema\/person\/ba9eca435947489fb25117a0cd75bf3e\"},\"headline\":\"Asegurado presunto integrante de \u2018Los Coste\u00f1os\u2019 que habr\u00eda participado en el crimen de una mujer en Barranquilla por el cobro de extorsiones\",\"datePublished\":\"2025-09-25T19:56:08+00:00\",\"dateModified\":\"2025-09-25T19:56:08+00:00\",\"mainEntityOfPage\":{\"@id\":\"https:\/\/www.fiscalia.gov.co\/colombia\/noticias\/asegurado-presunto-integrante-de-los-costenos-que-habria-participado-en-el-crimen-de-una-mujer-en-barranquilla-por-el-cobro-de-extorsiones\/\"},\"wordCount\":410,\"publisher\":{\"@id\":\"https:\/\/www.fiscalia.gov.co\/colombia\/#organization\"},\"image\":{\"@id\":\"https:\/\/www.fiscalia.gov.co\/colombia\/noticias\/asegurado-presunto-integrante-de-los-costenos-que-habria-participado-en-el-crimen-de-una-mujer-en-barranquilla-por-el-cobro-de-extorsiones\/#primaryimage\"},\"thumbnailUrl\":\"https:\/\/www.fiscalia.gov.co\/colombia\/wp-content\/uploads\/Foto-boletin-25-de-septiembre-homicidio-extorsion-1-300x286.jpeg\",\"keywords\":[\"Arma de fuego\",\"Asesinato\",\"Barranquilla\",\"Extorsi\u00f3n\",\"Fiscal\u00eda Colombia\",\"Fiscal\u00eda General de la Naci\u00f3n\",\"huy\u00f3\",\"local comercial\",\"Motocicleta\",\"Mujer\",\"Organizaci\u00f3n Criminal\",\"Polic\u00eda Nacional\",\"V\u00edctima\"],\"articleSection\":[\"Noticias\",\"Seguridad territorial\"],\"inLanguage\":\"es-CO\"},{\"@type\":\"WebPage\",\"@id\":\"https:\/\/www.fiscalia.gov.co\/colombia\/noticias\/asegurado-presunto-integrante-de-los-costenos-que-habria-participado-en-el-crimen-de-una-mujer-en-barranquilla-por-el-cobro-de-extorsiones\/\",\"url\":\"https:\/\/www.fiscalia.gov.co\/colombia\/noticias\/asegurado-presunto-integrante-de-los-costenos-que-habria-participado-en-el-crimen-de-una-mujer-en-barranquilla-por-el-cobro-de-extorsiones\/\",\"name\":\"Fiscal\u00eda General de la Naci\u00f3n\",\"isPartOf\":{\"@id\":\"https:\/\/www.fiscalia.gov.co\/colombia\/#website\"},\"primaryImageOfPage\":{\"@id\":\"https:\/\/www.fiscalia.gov.co\/colombia\/noticias\/asegurado-presunto-integrante-de-los-costenos-que-habria-participado-en-el-crimen-de-una-mujer-en-barranquilla-por-el-cobro-de-extorsiones\/#primaryimage\"},\"image\":{\"@id\":\"https:\/\/www.fiscalia.gov.co\/colombia\/noticias\/asegurado-presunto-integrante-de-los-costenos-que-habria-participado-en-el-crimen-de-una-mujer-en-barranquilla-por-el-cobro-de-extorsiones\/#primaryimage\"},\"thumbnailUrl\":\"https:\/\/www.fiscalia.gov.co\/colombia\/wp-content\/uploads\/Foto-boletin-25-de-septiembre-homicidio-extorsion-1-300x286.jpeg\",\"datePublished\":\"2025-09-25T19:56:08+00:00\",\"dateModified\":\"2025-09-25T19:56:08+00:00\",\"description\":\"P\u00e1gina oficial de la Fiscal\u00eda General de la Naci\u00f3n \u2013 Colombia. Garantizamos el acceso efectivo a la justicia, la verdad y la reparaci\u00f3n de las v\u00edctimas de los delitos.\",\"breadcrumb\":{\"@id\":\"https:\/\/www.fiscalia.gov.co\/colombia\/noticias\/asegurado-presunto-integrante-de-los-costenos-que-habria-participado-en-el-crimen-de-una-mujer-en-barranquilla-por-el-cobro-de-extorsiones\/#breadcrumb\"},\"inLanguage\":\"es-CO\",\"potentialAction\":[{\"@type\":\"ReadAction\",\"target\":[\"https:\/\/www.fiscalia.gov.co\/colombia\/noticias\/asegurado-presunto-integrante-de-los-costenos-que-habria-participado-en-el-crimen-de-una-mujer-en-barranquilla-por-el-cobro-de-extorsiones\/\"]}]},{\"@type\":\"ImageObject\",\"inLanguage\":\"es-CO\",\"@id\":\"https:\/\/www.fiscalia.gov.co\/colombia\/noticias\/asegurado-presunto-integrante-de-los-costenos-que-habria-participado-en-el-crimen-de-una-mujer-en-barranquilla-por-el-cobro-de-extorsiones\/#primaryimage\",\"url\":\"https:\/\/www.fiscalia.gov.co\/colombia\/wp-content\/uploads\/Foto-boletin-25-de-septiembre-homicidio-extorsion-1.jpeg\",\"contentUrl\":\"https:\/\/www.fiscalia.gov.co\/colombia\/wp-content\/uploads\/Foto-boletin-25-de-septiembre-homicidio-extorsion-1.jpeg\",\"width\":1534,\"height\":1462,\"caption\":\"Al procesado la Fiscal\u00eda le imput\u00f3 los delitos de homicidio agravado, concierto para delinquir, tentativa de extorsi\u00f3n y fabricaci\u00f3n, tr\u00e1fico, porte o tenencia de armas de fuego, accesorios, partes o municiones.\"},{\"@type\":\"BreadcrumbList\",\"@id\":\"https:\/\/www.fiscalia.gov.co\/colombia\/noticias\/asegurado-presunto-integrante-de-los-costenos-que-habria-participado-en-el-crimen-de-una-mujer-en-barranquilla-por-el-cobro-de-extorsiones\/#breadcrumb\",\"itemListElement\":[{\"@type\":\"ListItem\",\"position\":1,\"name\":\"Home\",\"item\":\"https:\/\/www.fiscalia.gov.co\/colombia\/\"},{\"@type\":\"ListItem\",\"position\":2,\"name\":\"Asegurado presunto integrante de \u2018Los Coste\u00f1os\u2019 que habr\u00eda participado en el crimen de una mujer en Barranquilla por el cobro de extorsiones\"}]},{\"@type\":\"WebSite\",\"@id\":\"https:\/\/www.fiscalia.gov.co\/colombia\/#website\",\"url\":\"https:\/\/www.fiscalia.gov.co\/colombia\/\",\"name\":\"Fiscal\u00eda General de la Naci\u00f3n\",\"description\":\"P\u00e1gina oficial de la Fiscal\u00eda General de la Naci\u00f3n \u2013 Colombia. Garantizamos el acceso efectivo a la justicia, la verdad y la reparaci\u00f3n de las v\u00edctimas de los delitos.\",\"publisher\":{\"@id\":\"https:\/\/www.fiscalia.gov.co\/colombia\/#organization\"},\"potentialAction\":[{\"@type\":\"SearchAction\",\"target\":{\"@type\":\"EntryPoint\",\"urlTemplate\":\"https:\/\/www.fiscalia.gov.co\/colombia\/?s={search_term_string}\"},\"query-input\":{\"@type\":\"PropertyValueSpecification\",\"valueRequired\":true,\"valueName\":\"search_term_string\"}}],\"inLanguage\":\"es-CO\"},{\"@type\":\"Organization\",\"@id\":\"https:\/\/www.fiscalia.gov.co\/colombia\/#organization\",\"name\":\"Fiscal\u00eda General de la Naci\u00f3n\",\"url\":\"https:\/\/www.fiscalia.gov.co\/colombia\/\",\"logo\":{\"@type\":\"ImageObject\",\"inLanguage\":\"es-CO\",\"@id\":\"https:\/\/www.fiscalia.gov.co\/colombia\/#\/schema\/logo\/image\/\",\"url\":\"https:\/\/www.fiscalia.gov.co\/colombia\/wp-content\/uploads\/LogoHorizontal_1.jpg\",\"contentUrl\":\"https:\/\/www.fiscalia.gov.co\/colombia\/wp-content\/uploads\/LogoHorizontal_1.jpg\",\"width\":300,\"height\":90,\"caption\":\"Fiscal\u00eda General de la Naci\u00f3n\"},\"image\":{\"@id\":\"https:\/\/www.fiscalia.gov.co\/colombia\/#\/schema\/logo\/image\/\"},\"sameAs\":[\"https:\/\/www.facebook.com\/FiscaliaCol\",\"https:\/\/x.com\/FiscaliaCol\",\"https:\/\/www.instagram.com\/fiscaliacol\",\"https:\/\/www.linkedin.com\/company\/fiscalia-general-de-la-naci-n\/\",\"https:\/\/youtube.com\/@fiscaliageneraldelanacion-4668?si=6nN79nyQICPU5iTh\"]},{\"@type\":\"Person\",\"@id\":\"https:\/\/www.fiscalia.gov.co\/colombia\/#\/schema\/person\/ba9eca435947489fb25117a0cd75bf3e\",\"name\":\"Johanna Islenny Prieto Pe\u00f1a\",\"image\":{\"@type\":\"ImageObject\",\"inLanguage\":\"es-CO\",\"@id\":\"https:\/\/www.fiscalia.gov.co\/colombia\/#\/schema\/person\/image\/\",\"url\":\"https:\/\/secure.gravatar.com\/avatar\/111433fc2acb037ffb768f6a3ca47864?s=96&d=mm&r=g\",\"contentUrl\":\"https:\/\/secure.gravatar.com\/avatar\/111433fc2acb037ffb768f6a3ca47864?s=96&d=mm&r=g\",\"caption\":\"Johanna Islenny Prieto Pe\u00f1a\"},\"url\":\"https:\/\/www.fiscalia.gov.co\/colombia\/author\/jprietop\/\"}]}<\/script>\n<!-- \/ Yoast SEO plugin. -->","yoast_head_json":{"title":"Fiscal\u00eda General de la Naci\u00f3n","description":"P\u00e1gina oficial de la Fiscal\u00eda General de la Naci\u00f3n \u2013 Colombia. Garantizamos el acceso efectivo a la justicia, la verdad y la reparaci\u00f3n de las v\u00edctimas de los delitos.","robots":{"index":"noindex","follow":"follow"},"og_locale":"es_ES","og_type":"article","og_title":"Fiscal\u00eda General de la Naci\u00f3n","og_description":"P\u00e1gina oficial de la Fiscal\u00eda General de la Naci\u00f3n \u2013 Colombia. Garantizamos el acceso efectivo a la justicia, la verdad y la reparaci\u00f3n de las v\u00edctimas de los delitos.","og_url":"https:\/\/www.fiscalia.gov.co\/colombia\/noticias\/asegurado-presunto-integrante-de-los-costenos-que-habria-participado-en-el-crimen-de-una-mujer-en-barranquilla-por-el-cobro-de-extorsiones\/","og_site_name":"Fiscal\u00eda General de la Naci\u00f3n","article_publisher":"https:\/\/www.facebook.com\/FiscaliaCol","article_published_time":"2025-09-25T19:56:08+00:00","og_image":[{"width":1534,"height":1462,"url":"https:\/\/www.fiscalia.gov.co\/colombia\/wp-content\/uploads\/Foto-boletin-25-de-septiembre-homicidio-extorsion-1.jpeg","type":"image\/jpeg"}],"author":"Johanna Islenny Prieto Pe\u00f1a","twitter_card":"summary_large_image","twitter_creator":"@FiscaliaCol","twitter_site":"@FiscaliaCol","twitter_misc":{"Escrito por":"Johanna Islenny Prieto Pe\u00f1a","Tiempo de lectura":"2 minutos"},"schema":{"@context":"https:\/\/schema.org","@graph":[{"@type":"Article","@id":"https:\/\/www.fiscalia.gov.co\/colombia\/noticias\/asegurado-presunto-integrante-de-los-costenos-que-habria-participado-en-el-crimen-de-una-mujer-en-barranquilla-por-el-cobro-de-extorsiones\/#article","isPartOf":{"@id":"https:\/\/www.fiscalia.gov.co\/colombia\/noticias\/asegurado-presunto-integrante-de-los-costenos-que-habria-participado-en-el-crimen-de-una-mujer-en-barranquilla-por-el-cobro-de-extorsiones\/"},"author":{"name":"Johanna Islenny Prieto Pe\u00f1a","@id":"https:\/\/www.fiscalia.gov.co\/colombia\/#\/schema\/person\/ba9eca435947489fb25117a0cd75bf3e"},"headline":"Asegurado presunto integrante de \u2018Los Coste\u00f1os\u2019 que habr\u00eda participado en el crimen de una mujer en Barranquilla por el cobro de extorsiones","datePublished":"2025-09-25T19:56:08+00:00","dateModified":"2025-09-25T19:56:08+00:00","mainEntityOfPage":{"@id":"https:\/\/www.fiscalia.gov.co\/colombia\/noticias\/asegurado-presunto-integrante-de-los-costenos-que-habria-participado-en-el-crimen-de-una-mujer-en-barranquilla-por-el-cobro-de-extorsiones\/"},"wordCount":410,"publisher":{"@id":"https:\/\/www.fiscalia.gov.co\/colombia\/#organization"},"image":{"@id":"https:\/\/www.fiscalia.gov.co\/colombia\/noticias\/asegurado-presunto-integrante-de-los-costenos-que-habria-participado-en-el-crimen-de-una-mujer-en-barranquilla-por-el-cobro-de-extorsiones\/#primaryimage"},"thumbnailUrl":"https:\/\/www.fiscalia.gov.co\/colombia\/wp-content\/uploads\/Foto-boletin-25-de-septiembre-homicidio-extorsion-1-300x286.jpeg","keywords":["Arma de fuego","Asesinato","Barranquilla","Extorsi\u00f3n","Fiscal\u00eda Colombia","Fiscal\u00eda General de la Naci\u00f3n","huy\u00f3","local comercial","Motocicleta","Mujer","Organizaci\u00f3n Criminal","Polic\u00eda Nacional","V\u00edctima"],"articleSection":["Noticias","Seguridad territorial"],"inLanguage":"es-CO"},{"@type":"WebPage","@id":"https:\/\/www.fiscalia.gov.co\/colombia\/noticias\/asegurado-presunto-integrante-de-los-costenos-que-habria-participado-en-el-crimen-de-una-mujer-en-barranquilla-por-el-cobro-de-extorsiones\/","url":"https:\/\/www.fiscalia.gov.co\/colombia\/noticias\/asegurado-presunto-integrante-de-los-costenos-que-habria-participado-en-el-crimen-de-una-mujer-en-barranquilla-por-el-cobro-de-extorsiones\/","name":"Fiscal\u00eda General de la Naci\u00f3n","isPartOf":{"@id":"https:\/\/www.fiscalia.gov.co\/colombia\/#website"},"primaryImageOfPage":{"@id":"https:\/\/www.fiscalia.gov.co\/colombia\/noticias\/asegurado-presunto-integrante-de-los-costenos-que-habria-participado-en-el-crimen-de-una-mujer-en-barranquilla-por-el-cobro-de-extorsiones\/#primaryimage"},"image":{"@id":"https:\/\/www.fiscalia.gov.co\/colombia\/noticias\/asegurado-presunto-integrante-de-los-costenos-que-habria-participado-en-el-crimen-de-una-mujer-en-barranquilla-por-el-cobro-de-extorsiones\/#primaryimage"},"thumbnailUrl":"https:\/\/www.fiscalia.gov.co\/colombia\/wp-content\/uploads\/Foto-boletin-25-de-septiembre-homicidio-extorsion-1-300x286.jpeg","datePublished":"2025-09-25T19:56:08+00:00","dateModified":"2025-09-25T19:56:08+00:00","description":"P\u00e1gina oficial de la Fiscal\u00eda General de la Naci\u00f3n \u2013 Colombia. Garantizamos el acceso efectivo a la justicia, la verdad y la reparaci\u00f3n de las v\u00edctimas de los delitos.","breadcrumb":{"@id":"https:\/\/www.fiscalia.gov.co\/colombia\/noticias\/asegurado-presunto-integrante-de-los-costenos-que-habria-participado-en-el-crimen-de-una-mujer-en-barranquilla-por-el-cobro-de-extorsiones\/#breadcrumb"},"inLanguage":"es-CO","potentialAction":[{"@type":"ReadAction","target":["https:\/\/www.fiscalia.gov.co\/colombia\/noticias\/asegurado-presunto-integrante-de-los-costenos-que-habria-participado-en-el-crimen-de-una-mujer-en-barranquilla-por-el-cobro-de-extorsiones\/"]}]},{"@type":"ImageObject","inLanguage":"es-CO","@id":"https:\/\/www.fiscalia.gov.co\/colombia\/noticias\/asegurado-presunto-integrante-de-los-costenos-que-habria-participado-en-el-crimen-de-una-mujer-en-barranquilla-por-el-cobro-de-extorsiones\/#primaryimage","url":"https:\/\/www.fiscalia.gov.co\/colombia\/wp-content\/uploads\/Foto-boletin-25-de-septiembre-homicidio-extorsion-1.jpeg","contentUrl":"https:\/\/www.fiscalia.gov.co\/colombia\/wp-content\/uploads\/Foto-boletin-25-de-septiembre-homicidio-extorsion-1.jpeg","width":1534,"height":1462,"caption":"Al procesado la Fiscal\u00eda le imput\u00f3 los delitos de homicidio agravado, concierto para delinquir, tentativa de extorsi\u00f3n y fabricaci\u00f3n, tr\u00e1fico, porte o tenencia de armas de fuego, accesorios, partes o municiones."},{"@type":"BreadcrumbList","@id":"https:\/\/www.fiscalia.gov.co\/colombia\/noticias\/asegurado-presunto-integrante-de-los-costenos-que-habria-participado-en-el-crimen-de-una-mujer-en-barranquilla-por-el-cobro-de-extorsiones\/#breadcrumb","itemListElement":[{"@type":"ListItem","position":1,"name":"Home","item":"https:\/\/www.fiscalia.gov.co\/colombia\/"},{"@type":"ListItem","position":2,"name":"Asegurado presunto integrante de \u2018Los Coste\u00f1os\u2019 que habr\u00eda participado en el crimen de una mujer en Barranquilla por el cobro de extorsiones"}]},{"@type":"WebSite","@id":"https:\/\/www.fiscalia.gov.co\/colombia\/#website","url":"https:\/\/www.fiscalia.gov.co\/colombia\/","name":"Fiscal\u00eda General de la Naci\u00f3n","description":"P\u00e1gina oficial de la Fiscal\u00eda General de la Naci\u00f3n \u2013 Colombia. Garantizamos el acceso efectivo a la justicia, la verdad y la reparaci\u00f3n de las v\u00edctimas de los delitos.","publisher":{"@id":"https:\/\/www.fiscalia.gov.co\/colombia\/#organization"},"potentialAction":[{"@type":"SearchAction","target":{"@type":"EntryPoint","urlTemplate":"https:\/\/www.fiscalia.gov.co\/colombia\/?s={search_term_string}"},"query-input":{"@type":"PropertyValueSpecification","valueRequired":true,"valueName":"search_term_string"}}],"inLanguage":"es-CO"},{"@type":"Organization","@id":"https:\/\/www.fiscalia.gov.co\/colombia\/#organization","name":"Fiscal\u00eda General de la Naci\u00f3n","url":"https:\/\/www.fiscalia.gov.co\/colombia\/","logo":{"@type":"ImageObject","inLanguage":"es-CO","@id":"https:\/\/www.fiscalia.gov.co\/colombia\/#\/schema\/logo\/image\/","url":"https:\/\/www.fiscalia.gov.co\/colombia\/wp-content\/uploads\/LogoHorizontal_1.jpg","contentUrl":"https:\/\/www.fiscalia.gov.co\/colombia\/wp-content\/uploads\/LogoHorizontal_1.jpg","width":300,"height":90,"caption":"Fiscal\u00eda General de la Naci\u00f3n"},"image":{"@id":"https:\/\/www.fiscalia.gov.co\/colombia\/#\/schema\/logo\/image\/"},"sameAs":["https:\/\/www.facebook.com\/FiscaliaCol","https:\/\/x.com\/FiscaliaCol","https:\/\/www.instagram.com\/fiscaliacol","https:\/\/www.linkedin.com\/company\/fiscalia-general-de-la-naci-n\/","https:\/\/youtube.com\/@fiscaliageneraldelanacion-4668?si=6nN79nyQICPU5iTh"]},{"@type":"Person","@id":"https:\/\/www.fiscalia.gov.co\/colombia\/#\/schema\/person\/ba9eca435947489fb25117a0cd75bf3e","name":"Johanna Islenny Prieto Pe\u00f1a","image":{"@type":"ImageObject","inLanguage":"es-CO","@id":"https:\/\/www.fiscalia.gov.co\/colombia\/#\/schema\/person\/image\/","url":"https:\/\/secure.gravatar.com\/avatar\/111433fc2acb037ffb768f6a3ca47864?s=96&d=mm&r=g","contentUrl":"https:\/\/secure.gravatar.com\/avatar\/111433fc2acb037ffb768f6a3ca47864?s=96&d=mm&r=g","caption":"Johanna Islenny Prieto Pe\u00f1a"},"url":"https:\/\/www.fiscalia.gov.co\/colombia\/author\/jprietop\/"}]}},"_links":{"self":[{"href":"https:\/\/www.fiscalia.gov.co\/colombia\/wp-json\/wp\/v2\/posts\/324559","targetHints":{"allow":["GET"]}}],"collection":[{"href":"https:\/\/www.fiscalia.gov.co\/colombia\/wp-json\/wp\/v2\/posts"}],"about":[{"href":"https:\/\/www.fiscalia.gov.co\/colombia\/wp-json\/wp\/v2\/types\/post"}],"author":[{"embeddable":true,"href":"https:\/\/www.fiscalia.gov.co\/colombia\/wp-json\/wp\/v2\/users\/181"}],"replies":[{"embeddable":true,"href":"https:\/\/www.fiscalia.gov.co\/colombia\/wp-json\/wp\/v2\/comments?post=324559"}],"version-history":[{"count":1,"href":"https:\/\/www.fiscalia.gov.co\/colombia\/wp-json\/wp\/v2\/posts\/324559\/revisions"}],"predecessor-version":[{"id":324561,"href":"https:\/\/www.fiscalia.gov.co\/colombia\/wp-json\/wp\/v2\/posts\/324559\/revisions\/324561"}],"wp:attachment":[{"href":"https:\/\/www.fiscalia.gov.co\/colombia\/wp-json\/wp\/v2\/media?parent=324559"}],"wp:term":[{"taxonomy":"category","embeddable":true,"href":"https:\/\/www.fiscalia.gov.co\/colombia\/wp-json\/wp\/v2\/categories?post=324559"},{"taxonomy":"post_tag","embeddable":true,"href":"https:\/\/www.fiscalia.gov.co\/colombia\/wp-json\/wp\/v2\/tags?post=324559"}],"curies":[{"name":"wp","href":"https:\/\/api.w.org\/{rel}","templated":true}]}}