{"id":324529,"date":"2025-09-25T12:32:04","date_gmt":"2025-09-25T17:32:04","guid":{"rendered":"https:\/\/www.fiscalia.gov.co\/colombia\/?p=324529"},"modified":"2025-09-25T12:33:47","modified_gmt":"2025-09-25T17:33:47","slug":"pedro-rodriguez-melo-sera-testigo-en-investigaciones-por-actos-de-corrupcion-en-la-ungrd-direccionamiento-de-contrato-de-licores-en-narino-y-proyecto-de-reconstruccion-de-mocoa","status":"publish","type":"post","link":"https:\/\/www.fiscalia.gov.co\/colombia\/noticias\/pedro-rodriguez-melo-sera-testigo-en-investigaciones-por-actos-de-corrupcion-en-la-ungrd-direccionamiento-de-contrato-de-licores-en-narino-y-proyecto-de-reconstruccion-de-mocoa\/","title":{"rendered":"Pedro Rodr\u00edguez Melo ser\u00e1 testigo en investigaciones por actos de corrupci\u00f3n en la UNGRD, direccionamiento de contrato de licores en Nari\u00f1o y proyecto de reconstrucci\u00f3n de Mocoa"},"content":{"rendered":"<blockquote>\n<h4>El exasesor jur\u00eddico, condenado por la apropiaci\u00f3n de recursos en la Unidad Nacional para la Gesti\u00f3n del Riesgo de Desastres (UNGRD), en virtud de un principio de oportunidad se compromete a entregar informaci\u00f3n y evidencias en contra de 13 personas involucrados en cinco radicados.<\/h4>\n<\/blockquote>\n<p><span data-contrast=\"auto\">Una juez penal de control garant\u00edas de Bogot\u00e1 imparti\u00f3 legalidad al principio de oportunidad suscrito entre la Fiscal\u00eda General de la Naci\u00f3n y el exasesor Jur\u00eddico de la Unidad Nacional para la Gesti\u00f3n del Riesgo de Desastres (UNGRD), Pedro Andr\u00e9s Rodr\u00edguez Melo, vinculado a dos investigaciones relacionadas con actos de corrupci\u00f3n en la contrataci\u00f3n de carrotanques, carros de bomberos y materiales para la atenci\u00f3n de emergencias en varios departamentos; y en el posible direccionamiento irregular de un contrato de comercializaci\u00f3n de licores en Nari\u00f1o.<\/span><span data-ccp-props=\"{&quot;201341983&quot;:0,&quot;335551550&quot;:6,&quot;335551620&quot;:6,&quot;335559685&quot;:142,&quot;335559739&quot;:240,&quot;335559740&quot;:240}\">\u00a0<\/span><\/p>\n<p><span data-contrast=\"auto\">Con esta decisi\u00f3n se suspende la acci\u00f3n penal en contra del procesado, por el t\u00e9rmino de un a\u00f1o, por los delitos de inter\u00e9s indebido en la celebraci\u00f3n de contratos, en concurso homog\u00e9neo y sucesivo; falsedad ideol\u00f3gica en documento p\u00fablico agravado por el uso, en concurso homog\u00e9neo y sucesivo; falsedad en documento privado; contrato sin cumplimiento de requisitos legales; y falsedad material en documento p\u00fablico.<\/span><span data-ccp-props=\"{&quot;201341983&quot;:0,&quot;335551550&quot;:6,&quot;335551620&quot;:6,&quot;335559685&quot;:142,&quot;335559739&quot;:240,&quot;335559740&quot;:240}\">\u00a0<\/span><\/p>\n<p><span data-contrast=\"auto\">Asimismo, Rodr\u00edguez Melo se compromete a servir como testigo de cargo contra 13 personas investigadas en cinco radicados distintos relacionados con tres eventos delictivos: la apropiaci\u00f3n de recursos y la contrataci\u00f3n irregular en la UNGRD; el proceso de regulaci\u00f3n del negocio de licores y su adjudicaci\u00f3n en la Gobernaci\u00f3n de Nari\u00f1o; y el proyecto de reconstrucci\u00f3n de Mocoa (Putumayo).<\/span><span data-ccp-props=\"{&quot;201341983&quot;:0,&quot;335551550&quot;:6,&quot;335551620&quot;:6,&quot;335559685&quot;:142,&quot;335559739&quot;:240,&quot;335559740&quot;:240}\">\u00a0<\/span><\/p>\n<p><span data-contrast=\"auto\">El pasado 8 de abril, el exfuncionario de la UNGRD fue condenado mediante preacuerdo a 4 a\u00f1os, 10 meses y 19 d\u00edas de prisi\u00f3n por los delitos <\/span><span data-contrast=\"none\">de concierto para delinquir y peculado por apropiaci\u00f3n agravado en favor propio y de terceros.\u202f<\/span><span data-ccp-props=\"{&quot;201341983&quot;:0,&quot;335551550&quot;:6,&quot;335551620&quot;:6,&quot;335559685&quot;:142,&quot;335559739&quot;:240,&quot;335559740&quot;:240}\">\u00a0<\/span><\/p>\n<p><span data-contrast=\"auto\">Esta informaci\u00f3n se publica por razones de inter\u00e9s general.\u00a0<\/span><span data-ccp-props=\"{&quot;201341983&quot;:0,&quot;335551550&quot;:6,&quot;335551620&quot;:6,&quot;335559685&quot;:142,&quot;335559739&quot;:0,&quot;335559740&quot;:240}\">\u00a0<\/span><\/p>\n<p><span data-contrast=\"auto\">LAGP\/JARG\/MCPG\/UFDCSJ.<\/span><span data-ccp-props=\"{&quot;201341983&quot;:0,&quot;335551550&quot;:3,&quot;335551620&quot;:3,&quot;335559685&quot;:142,&quot;335559739&quot;:240,&quot;335559740&quot;:240}\">\u00a0<\/span><\/p>\n<p>&nbsp;<\/p>\n<p>&nbsp;<\/p>\n<p>&nbsp;<\/p>\n<p><i>La informaci\u00f3n contenida en este bolet\u00edn de prensa corresponde a la narraci\u00f3n de los hechos noticiosos objetivos, suministrados por los funcionarios encargados de adelantar las investigaciones penales al interior de la Fiscal\u00eda General de la Naci\u00f3n. Para el momento de la divulgaci\u00f3n de este comunicado, la situaci\u00f3n jur\u00eddica de la(s) persona(s) relacionada(s) se encuentra pendiente de resolver por la autoridad judicial competente, siempre bajo los preceptos de la presunci\u00f3n de inocencia, consagrados en el art\u00edculo 29 de la Constituci\u00f3n Pol\u00edtica y el art\u00edculo 7\u00ba de la Ley 906 de 2004.<\/i><\/p>\n\n<div class=\"twitter-share\"><a href=\"https:\/\/twitter.com\/intent\/tweet?via=fiscaliacol\" class=\"twitter-share-button\">Tweet<\/a><\/div>\n","protected":false},"excerpt":{"rendered":"<p>El exasesor jur\u00eddico, condenado por la apropiaci\u00f3n de recursos en la Unidad Nacional para la Gesti\u00f3n del Riesgo de Desastres (UNGRD), en virtud de un principio de oportunidad se compromete [&hellip;]<\/p>\n","protected":false},"author":181,"featured_media":0,"comment_status":"closed","ping_status":"open","sticky":false,"template":"","format":"standard","meta":{"tdm_status":"","tdm_grid_status":"","footnotes":""},"categories":[24107,1],"tags":[12184,42971,4614,1047,23898],"class_list":["post-324529","post","type-post","status-publish","format-standard","category-lucha-contra-corrupcion","category-noticias","tag-fiscal","tag-fiscal-luz-adriana-camaargo","tag-fiscalia-2","tag-fiscalia-general-de-la-nacion","tag-garzon"],"yoast_head":"<!-- This site is optimized with the Yoast SEO plugin v24.3 - https:\/\/yoast.com\/wordpress\/plugins\/seo\/ -->\n<title>Fiscal\u00eda General de la Naci\u00f3n<\/title>\n<meta name=\"description\" content=\"P\u00e1gina oficial de la Fiscal\u00eda General de la Naci\u00f3n \u2013 Colombia. Garantizamos el acceso efectivo a la justicia, la verdad y la reparaci\u00f3n de las v\u00edctimas de los delitos.\" \/>\n<meta name=\"robots\" content=\"noindex, follow\" \/>\n<meta property=\"og:locale\" content=\"es_ES\" \/>\n<meta property=\"og:type\" content=\"article\" \/>\n<meta property=\"og:title\" content=\"Fiscal\u00eda General de la Naci\u00f3n\" \/>\n<meta property=\"og:description\" content=\"P\u00e1gina oficial de la Fiscal\u00eda General de la Naci\u00f3n \u2013 Colombia. Garantizamos el acceso efectivo a la justicia, la verdad y la reparaci\u00f3n de las v\u00edctimas de los delitos.\" \/>\n<meta property=\"og:url\" content=\"https:\/\/www.fiscalia.gov.co\/colombia\/noticias\/pedro-rodriguez-melo-sera-testigo-en-investigaciones-por-actos-de-corrupcion-en-la-ungrd-direccionamiento-de-contrato-de-licores-en-narino-y-proyecto-de-reconstruccion-de-mocoa\/\" \/>\n<meta property=\"og:site_name\" content=\"Fiscal\u00eda General de la Naci\u00f3n\" \/>\n<meta property=\"article:publisher\" content=\"https:\/\/www.facebook.com\/FiscaliaCol\" \/>\n<meta property=\"article:published_time\" content=\"2025-09-25T17:32:04+00:00\" \/>\n<meta property=\"article:modified_time\" content=\"2025-09-25T17:33:47+00:00\" \/>\n<meta name=\"author\" content=\"Johanna Islenny Prieto Pe\u00f1a\" \/>\n<meta name=\"twitter:card\" content=\"summary_large_image\" \/>\n<meta name=\"twitter:creator\" content=\"@FiscaliaCol\" \/>\n<meta name=\"twitter:site\" content=\"@FiscaliaCol\" \/>\n<meta name=\"twitter:label1\" content=\"Escrito por\" \/>\n\t<meta name=\"twitter:data1\" content=\"Johanna Islenny Prieto Pe\u00f1a\" \/>\n\t<meta name=\"twitter:label2\" content=\"Tiempo de lectura\" \/>\n\t<meta name=\"twitter:data2\" content=\"2 minutos\" \/>\n<script type=\"application\/ld+json\" class=\"yoast-schema-graph\">{\"@context\":\"https:\/\/schema.org\",\"@graph\":[{\"@type\":\"Article\",\"@id\":\"https:\/\/www.fiscalia.gov.co\/colombia\/noticias\/pedro-rodriguez-melo-sera-testigo-en-investigaciones-por-actos-de-corrupcion-en-la-ungrd-direccionamiento-de-contrato-de-licores-en-narino-y-proyecto-de-reconstruccion-de-mocoa\/#article\",\"isPartOf\":{\"@id\":\"https:\/\/www.fiscalia.gov.co\/colombia\/noticias\/pedro-rodriguez-melo-sera-testigo-en-investigaciones-por-actos-de-corrupcion-en-la-ungrd-direccionamiento-de-contrato-de-licores-en-narino-y-proyecto-de-reconstruccion-de-mocoa\/\"},\"author\":{\"name\":\"Johanna Islenny Prieto Pe\u00f1a\",\"@id\":\"https:\/\/www.fiscalia.gov.co\/colombia\/#\/schema\/person\/ba9eca435947489fb25117a0cd75bf3e\"},\"headline\":\"Pedro Rodr\u00edguez Melo ser\u00e1 testigo en investigaciones por actos de corrupci\u00f3n en la UNGRD, direccionamiento de contrato de licores en Nari\u00f1o y proyecto de reconstrucci\u00f3n de Mocoa\",\"datePublished\":\"2025-09-25T17:32:04+00:00\",\"dateModified\":\"2025-09-25T17:33:47+00:00\",\"mainEntityOfPage\":{\"@id\":\"https:\/\/www.fiscalia.gov.co\/colombia\/noticias\/pedro-rodriguez-melo-sera-testigo-en-investigaciones-por-actos-de-corrupcion-en-la-ungrd-direccionamiento-de-contrato-de-licores-en-narino-y-proyecto-de-reconstruccion-de-mocoa\/\"},\"wordCount\":477,\"publisher\":{\"@id\":\"https:\/\/www.fiscalia.gov.co\/colombia\/#organization\"},\"keywords\":[\"Fiscal\",\"Fiscal Luz Adriana Camaargo\",\"Fiscal\u00eda\",\"Fiscal\u00eda General de la Naci\u00f3n\",\"Garz\u00f3n\"],\"articleSection\":[\"Corrupci\u00f3n\",\"Noticias\"],\"inLanguage\":\"es-CO\"},{\"@type\":\"WebPage\",\"@id\":\"https:\/\/www.fiscalia.gov.co\/colombia\/noticias\/pedro-rodriguez-melo-sera-testigo-en-investigaciones-por-actos-de-corrupcion-en-la-ungrd-direccionamiento-de-contrato-de-licores-en-narino-y-proyecto-de-reconstruccion-de-mocoa\/\",\"url\":\"https:\/\/www.fiscalia.gov.co\/colombia\/noticias\/pedro-rodriguez-melo-sera-testigo-en-investigaciones-por-actos-de-corrupcion-en-la-ungrd-direccionamiento-de-contrato-de-licores-en-narino-y-proyecto-de-reconstruccion-de-mocoa\/\",\"name\":\"Fiscal\u00eda General de la Naci\u00f3n\",\"isPartOf\":{\"@id\":\"https:\/\/www.fiscalia.gov.co\/colombia\/#website\"},\"datePublished\":\"2025-09-25T17:32:04+00:00\",\"dateModified\":\"2025-09-25T17:33:47+00:00\",\"description\":\"P\u00e1gina oficial de la Fiscal\u00eda General de la Naci\u00f3n \u2013 Colombia. Garantizamos el acceso efectivo a la justicia, la verdad y la reparaci\u00f3n de las v\u00edctimas de los delitos.\",\"breadcrumb\":{\"@id\":\"https:\/\/www.fiscalia.gov.co\/colombia\/noticias\/pedro-rodriguez-melo-sera-testigo-en-investigaciones-por-actos-de-corrupcion-en-la-ungrd-direccionamiento-de-contrato-de-licores-en-narino-y-proyecto-de-reconstruccion-de-mocoa\/#breadcrumb\"},\"inLanguage\":\"es-CO\",\"potentialAction\":[{\"@type\":\"ReadAction\",\"target\":[\"https:\/\/www.fiscalia.gov.co\/colombia\/noticias\/pedro-rodriguez-melo-sera-testigo-en-investigaciones-por-actos-de-corrupcion-en-la-ungrd-direccionamiento-de-contrato-de-licores-en-narino-y-proyecto-de-reconstruccion-de-mocoa\/\"]}]},{\"@type\":\"BreadcrumbList\",\"@id\":\"https:\/\/www.fiscalia.gov.co\/colombia\/noticias\/pedro-rodriguez-melo-sera-testigo-en-investigaciones-por-actos-de-corrupcion-en-la-ungrd-direccionamiento-de-contrato-de-licores-en-narino-y-proyecto-de-reconstruccion-de-mocoa\/#breadcrumb\",\"itemListElement\":[{\"@type\":\"ListItem\",\"position\":1,\"name\":\"Home\",\"item\":\"https:\/\/www.fiscalia.gov.co\/colombia\/\"},{\"@type\":\"ListItem\",\"position\":2,\"name\":\"Pedro Rodr\u00edguez Melo ser\u00e1 testigo en investigaciones por actos de corrupci\u00f3n en la UNGRD, direccionamiento de contrato de licores en Nari\u00f1o y proyecto de reconstrucci\u00f3n de Mocoa\"}]},{\"@type\":\"WebSite\",\"@id\":\"https:\/\/www.fiscalia.gov.co\/colombia\/#website\",\"url\":\"https:\/\/www.fiscalia.gov.co\/colombia\/\",\"name\":\"Fiscal\u00eda General de la Naci\u00f3n\",\"description\":\"P\u00e1gina oficial de la Fiscal\u00eda General de la Naci\u00f3n \u2013 Colombia. Garantizamos el acceso efectivo a la justicia, la verdad y la reparaci\u00f3n de las v\u00edctimas de los delitos.\",\"publisher\":{\"@id\":\"https:\/\/www.fiscalia.gov.co\/colombia\/#organization\"},\"potentialAction\":[{\"@type\":\"SearchAction\",\"target\":{\"@type\":\"EntryPoint\",\"urlTemplate\":\"https:\/\/www.fiscalia.gov.co\/colombia\/?s={search_term_string}\"},\"query-input\":{\"@type\":\"PropertyValueSpecification\",\"valueRequired\":true,\"valueName\":\"search_term_string\"}}],\"inLanguage\":\"es-CO\"},{\"@type\":\"Organization\",\"@id\":\"https:\/\/www.fiscalia.gov.co\/colombia\/#organization\",\"name\":\"Fiscal\u00eda General de la Naci\u00f3n\",\"url\":\"https:\/\/www.fiscalia.gov.co\/colombia\/\",\"logo\":{\"@type\":\"ImageObject\",\"inLanguage\":\"es-CO\",\"@id\":\"https:\/\/www.fiscalia.gov.co\/colombia\/#\/schema\/logo\/image\/\",\"url\":\"https:\/\/www.fiscalia.gov.co\/colombia\/wp-content\/uploads\/LogoHorizontal_1.jpg\",\"contentUrl\":\"https:\/\/www.fiscalia.gov.co\/colombia\/wp-content\/uploads\/LogoHorizontal_1.jpg\",\"width\":300,\"height\":90,\"caption\":\"Fiscal\u00eda General de la Naci\u00f3n\"},\"image\":{\"@id\":\"https:\/\/www.fiscalia.gov.co\/colombia\/#\/schema\/logo\/image\/\"},\"sameAs\":[\"https:\/\/www.facebook.com\/FiscaliaCol\",\"https:\/\/x.com\/FiscaliaCol\",\"https:\/\/www.instagram.com\/fiscaliacol\",\"https:\/\/www.linkedin.com\/company\/fiscalia-general-de-la-naci-n\/\",\"https:\/\/youtube.com\/@fiscaliageneraldelanacion-4668?si=6nN79nyQICPU5iTh\"]},{\"@type\":\"Person\",\"@id\":\"https:\/\/www.fiscalia.gov.co\/colombia\/#\/schema\/person\/ba9eca435947489fb25117a0cd75bf3e\",\"name\":\"Johanna Islenny Prieto Pe\u00f1a\",\"image\":{\"@type\":\"ImageObject\",\"inLanguage\":\"es-CO\",\"@id\":\"https:\/\/www.fiscalia.gov.co\/colombia\/#\/schema\/person\/image\/\",\"url\":\"https:\/\/secure.gravatar.com\/avatar\/111433fc2acb037ffb768f6a3ca47864?s=96&d=mm&r=g\",\"contentUrl\":\"https:\/\/secure.gravatar.com\/avatar\/111433fc2acb037ffb768f6a3ca47864?s=96&d=mm&r=g\",\"caption\":\"Johanna Islenny Prieto Pe\u00f1a\"},\"url\":\"https:\/\/www.fiscalia.gov.co\/colombia\/author\/jprietop\/\"}]}<\/script>\n<!-- \/ Yoast SEO plugin. -->","yoast_head_json":{"title":"Fiscal\u00eda General de la Naci\u00f3n","description":"P\u00e1gina oficial de la Fiscal\u00eda General de la Naci\u00f3n \u2013 Colombia. Garantizamos el acceso efectivo a la justicia, la verdad y la reparaci\u00f3n de las v\u00edctimas de los delitos.","robots":{"index":"noindex","follow":"follow"},"og_locale":"es_ES","og_type":"article","og_title":"Fiscal\u00eda General de la Naci\u00f3n","og_description":"P\u00e1gina oficial de la Fiscal\u00eda General de la Naci\u00f3n \u2013 Colombia. Garantizamos el acceso efectivo a la justicia, la verdad y la reparaci\u00f3n de las v\u00edctimas de los delitos.","og_url":"https:\/\/www.fiscalia.gov.co\/colombia\/noticias\/pedro-rodriguez-melo-sera-testigo-en-investigaciones-por-actos-de-corrupcion-en-la-ungrd-direccionamiento-de-contrato-de-licores-en-narino-y-proyecto-de-reconstruccion-de-mocoa\/","og_site_name":"Fiscal\u00eda General de la Naci\u00f3n","article_publisher":"https:\/\/www.facebook.com\/FiscaliaCol","article_published_time":"2025-09-25T17:32:04+00:00","article_modified_time":"2025-09-25T17:33:47+00:00","author":"Johanna Islenny Prieto Pe\u00f1a","twitter_card":"summary_large_image","twitter_creator":"@FiscaliaCol","twitter_site":"@FiscaliaCol","twitter_misc":{"Escrito por":"Johanna Islenny Prieto Pe\u00f1a","Tiempo de lectura":"2 minutos"},"schema":{"@context":"https:\/\/schema.org","@graph":[{"@type":"Article","@id":"https:\/\/www.fiscalia.gov.co\/colombia\/noticias\/pedro-rodriguez-melo-sera-testigo-en-investigaciones-por-actos-de-corrupcion-en-la-ungrd-direccionamiento-de-contrato-de-licores-en-narino-y-proyecto-de-reconstruccion-de-mocoa\/#article","isPartOf":{"@id":"https:\/\/www.fiscalia.gov.co\/colombia\/noticias\/pedro-rodriguez-melo-sera-testigo-en-investigaciones-por-actos-de-corrupcion-en-la-ungrd-direccionamiento-de-contrato-de-licores-en-narino-y-proyecto-de-reconstruccion-de-mocoa\/"},"author":{"name":"Johanna Islenny Prieto Pe\u00f1a","@id":"https:\/\/www.fiscalia.gov.co\/colombia\/#\/schema\/person\/ba9eca435947489fb25117a0cd75bf3e"},"headline":"Pedro Rodr\u00edguez Melo ser\u00e1 testigo en investigaciones por actos de corrupci\u00f3n en la UNGRD, direccionamiento de contrato de licores en Nari\u00f1o y proyecto de reconstrucci\u00f3n de Mocoa","datePublished":"2025-09-25T17:32:04+00:00","dateModified":"2025-09-25T17:33:47+00:00","mainEntityOfPage":{"@id":"https:\/\/www.fiscalia.gov.co\/colombia\/noticias\/pedro-rodriguez-melo-sera-testigo-en-investigaciones-por-actos-de-corrupcion-en-la-ungrd-direccionamiento-de-contrato-de-licores-en-narino-y-proyecto-de-reconstruccion-de-mocoa\/"},"wordCount":477,"publisher":{"@id":"https:\/\/www.fiscalia.gov.co\/colombia\/#organization"},"keywords":["Fiscal","Fiscal Luz Adriana Camaargo","Fiscal\u00eda","Fiscal\u00eda General de la Naci\u00f3n","Garz\u00f3n"],"articleSection":["Corrupci\u00f3n","Noticias"],"inLanguage":"es-CO"},{"@type":"WebPage","@id":"https:\/\/www.fiscalia.gov.co\/colombia\/noticias\/pedro-rodriguez-melo-sera-testigo-en-investigaciones-por-actos-de-corrupcion-en-la-ungrd-direccionamiento-de-contrato-de-licores-en-narino-y-proyecto-de-reconstruccion-de-mocoa\/","url":"https:\/\/www.fiscalia.gov.co\/colombia\/noticias\/pedro-rodriguez-melo-sera-testigo-en-investigaciones-por-actos-de-corrupcion-en-la-ungrd-direccionamiento-de-contrato-de-licores-en-narino-y-proyecto-de-reconstruccion-de-mocoa\/","name":"Fiscal\u00eda General de la Naci\u00f3n","isPartOf":{"@id":"https:\/\/www.fiscalia.gov.co\/colombia\/#website"},"datePublished":"2025-09-25T17:32:04+00:00","dateModified":"2025-09-25T17:33:47+00:00","description":"P\u00e1gina oficial de la Fiscal\u00eda General de la Naci\u00f3n \u2013 Colombia. Garantizamos el acceso efectivo a la justicia, la verdad y la reparaci\u00f3n de las v\u00edctimas de los delitos.","breadcrumb":{"@id":"https:\/\/www.fiscalia.gov.co\/colombia\/noticias\/pedro-rodriguez-melo-sera-testigo-en-investigaciones-por-actos-de-corrupcion-en-la-ungrd-direccionamiento-de-contrato-de-licores-en-narino-y-proyecto-de-reconstruccion-de-mocoa\/#breadcrumb"},"inLanguage":"es-CO","potentialAction":[{"@type":"ReadAction","target":["https:\/\/www.fiscalia.gov.co\/colombia\/noticias\/pedro-rodriguez-melo-sera-testigo-en-investigaciones-por-actos-de-corrupcion-en-la-ungrd-direccionamiento-de-contrato-de-licores-en-narino-y-proyecto-de-reconstruccion-de-mocoa\/"]}]},{"@type":"BreadcrumbList","@id":"https:\/\/www.fiscalia.gov.co\/colombia\/noticias\/pedro-rodriguez-melo-sera-testigo-en-investigaciones-por-actos-de-corrupcion-en-la-ungrd-direccionamiento-de-contrato-de-licores-en-narino-y-proyecto-de-reconstruccion-de-mocoa\/#breadcrumb","itemListElement":[{"@type":"ListItem","position":1,"name":"Home","item":"https:\/\/www.fiscalia.gov.co\/colombia\/"},{"@type":"ListItem","position":2,"name":"Pedro Rodr\u00edguez Melo ser\u00e1 testigo en investigaciones por actos de corrupci\u00f3n en la UNGRD, direccionamiento de contrato de licores en Nari\u00f1o y proyecto de reconstrucci\u00f3n de Mocoa"}]},{"@type":"WebSite","@id":"https:\/\/www.fiscalia.gov.co\/colombia\/#website","url":"https:\/\/www.fiscalia.gov.co\/colombia\/","name":"Fiscal\u00eda General de la Naci\u00f3n","description":"P\u00e1gina oficial de la Fiscal\u00eda General de la Naci\u00f3n \u2013 Colombia. Garantizamos el acceso efectivo a la justicia, la verdad y la reparaci\u00f3n de las v\u00edctimas de los delitos.","publisher":{"@id":"https:\/\/www.fiscalia.gov.co\/colombia\/#organization"},"potentialAction":[{"@type":"SearchAction","target":{"@type":"EntryPoint","urlTemplate":"https:\/\/www.fiscalia.gov.co\/colombia\/?s={search_term_string}"},"query-input":{"@type":"PropertyValueSpecification","valueRequired":true,"valueName":"search_term_string"}}],"inLanguage":"es-CO"},{"@type":"Organization","@id":"https:\/\/www.fiscalia.gov.co\/colombia\/#organization","name":"Fiscal\u00eda General de la Naci\u00f3n","url":"https:\/\/www.fiscalia.gov.co\/colombia\/","logo":{"@type":"ImageObject","inLanguage":"es-CO","@id":"https:\/\/www.fiscalia.gov.co\/colombia\/#\/schema\/logo\/image\/","url":"https:\/\/www.fiscalia.gov.co\/colombia\/wp-content\/uploads\/LogoHorizontal_1.jpg","contentUrl":"https:\/\/www.fiscalia.gov.co\/colombia\/wp-content\/uploads\/LogoHorizontal_1.jpg","width":300,"height":90,"caption":"Fiscal\u00eda General de la Naci\u00f3n"},"image":{"@id":"https:\/\/www.fiscalia.gov.co\/colombia\/#\/schema\/logo\/image\/"},"sameAs":["https:\/\/www.facebook.com\/FiscaliaCol","https:\/\/x.com\/FiscaliaCol","https:\/\/www.instagram.com\/fiscaliacol","https:\/\/www.linkedin.com\/company\/fiscalia-general-de-la-naci-n\/","https:\/\/youtube.com\/@fiscaliageneraldelanacion-4668?si=6nN79nyQICPU5iTh"]},{"@type":"Person","@id":"https:\/\/www.fiscalia.gov.co\/colombia\/#\/schema\/person\/ba9eca435947489fb25117a0cd75bf3e","name":"Johanna Islenny Prieto Pe\u00f1a","image":{"@type":"ImageObject","inLanguage":"es-CO","@id":"https:\/\/www.fiscalia.gov.co\/colombia\/#\/schema\/person\/image\/","url":"https:\/\/secure.gravatar.com\/avatar\/111433fc2acb037ffb768f6a3ca47864?s=96&d=mm&r=g","contentUrl":"https:\/\/secure.gravatar.com\/avatar\/111433fc2acb037ffb768f6a3ca47864?s=96&d=mm&r=g","caption":"Johanna Islenny Prieto Pe\u00f1a"},"url":"https:\/\/www.fiscalia.gov.co\/colombia\/author\/jprietop\/"}]}},"_links":{"self":[{"href":"https:\/\/www.fiscalia.gov.co\/colombia\/wp-json\/wp\/v2\/posts\/324529","targetHints":{"allow":["GET"]}}],"collection":[{"href":"https:\/\/www.fiscalia.gov.co\/colombia\/wp-json\/wp\/v2\/posts"}],"about":[{"href":"https:\/\/www.fiscalia.gov.co\/colombia\/wp-json\/wp\/v2\/types\/post"}],"author":[{"embeddable":true,"href":"https:\/\/www.fiscalia.gov.co\/colombia\/wp-json\/wp\/v2\/users\/181"}],"replies":[{"embeddable":true,"href":"https:\/\/www.fiscalia.gov.co\/colombia\/wp-json\/wp\/v2\/comments?post=324529"}],"version-history":[{"count":3,"href":"https:\/\/www.fiscalia.gov.co\/colombia\/wp-json\/wp\/v2\/posts\/324529\/revisions"}],"predecessor-version":[{"id":324531,"href":"https:\/\/www.fiscalia.gov.co\/colombia\/wp-json\/wp\/v2\/posts\/324529\/revisions\/324531"}],"wp:attachment":[{"href":"https:\/\/www.fiscalia.gov.co\/colombia\/wp-json\/wp\/v2\/media?parent=324529"}],"wp:term":[{"taxonomy":"category","embeddable":true,"href":"https:\/\/www.fiscalia.gov.co\/colombia\/wp-json\/wp\/v2\/categories?post=324529"},{"taxonomy":"post_tag","embeddable":true,"href":"https:\/\/www.fiscalia.gov.co\/colombia\/wp-json\/wp\/v2\/tags?post=324529"}],"curies":[{"name":"wp","href":"https:\/\/api.w.org\/{rel}","templated":true}]}}