{"id":324515,"date":"2025-09-25T10:15:55","date_gmt":"2025-09-25T15:15:55","guid":{"rendered":"https:\/\/www.fiscalia.gov.co\/colombia\/?p=324515"},"modified":"2025-09-25T10:15:55","modified_gmt":"2025-09-25T15:15:55","slug":"condenado-a-28-anos-de-prision-responsable-de-agredir-sexualmente-a-la-hija-y-nietas-de-su-companera-permanente","status":"publish","type":"post","link":"https:\/\/www.fiscalia.gov.co\/colombia\/noticias\/condenado-a-28-anos-de-prision-responsable-de-agredir-sexualmente-a-la-hija-y-nietas-de-su-companera-permanente\/","title":{"rendered":"Condenado a 28 a\u00f1os de prisi\u00f3n responsable de agredir sexualmente a la hija y nietas de su compa\u00f1era permanente"},"content":{"rendered":"<blockquote>\n<h4><strong><i>Los hechos ocurrieron en los per\u00edodos comprendidos entre 2003 a 2018 y 2019 a 2023.<\/i><\/strong><\/h4>\n<\/blockquote>\n<p>Las pruebas presentadas por la Fiscal\u00eda General de la Naci\u00f3n permitieron que un juez de conocimiento <strong>condenara a la pena de 28 a\u00f1os de prisi\u00f3n a un hombre por los delitos de acto sexual violento; acceso carnal violento,<\/strong> y actos sexuales con menor de 14 a\u00f1os; todas las conductas agravadas, de los que fueron v\u00edctimas su hijastra y las dos hijas menores de edad de la misma.<\/p>\n<figure id=\"attachment_324516\" aria-describedby=\"caption-attachment-324516\" style=\"width: 214px\" class=\"wp-caption alignnone\"><img loading=\"lazy\" decoding=\"async\" class=\"size-medium wp-image-324516\" src=\"https:\/\/www.fiscalia.gov.co\/colombia\/wp-content\/uploads\/abusador-hijastra-y-nietas-214x300.jpeg\" alt=\"En la imagen se ve un hombre detenido bajo custodia de un investigador del CTI.\" width=\"214\" height=\"300\" srcset=\"https:\/\/www.fiscalia.gov.co\/colombia\/wp-content\/uploads\/abusador-hijastra-y-nietas-214x300.jpeg 214w, https:\/\/www.fiscalia.gov.co\/colombia\/wp-content\/uploads\/abusador-hijastra-y-nietas-730x1024.jpeg 730w, https:\/\/www.fiscalia.gov.co\/colombia\/wp-content\/uploads\/abusador-hijastra-y-nietas-768x1077.jpeg 768w, https:\/\/www.fiscalia.gov.co\/colombia\/wp-content\/uploads\/abusador-hijastra-y-nietas-299x420.jpeg 299w, https:\/\/www.fiscalia.gov.co\/colombia\/wp-content\/uploads\/abusador-hijastra-y-nietas-696x976.jpeg 696w, https:\/\/www.fiscalia.gov.co\/colombia\/wp-content\/uploads\/abusador-hijastra-y-nietas.jpeg 1048w\" sizes=\"auto, (max-width: 214px) 100vw, 214px\" \/><figcaption id=\"caption-attachment-324516\" class=\"wp-caption-text\">Fiscal\u00eda General de la Naci\u00f3n, abuso, violencia de g\u00e9nero, hijastra, padrastro, nietas, Florencia, Nari\u00f1o, Caquet\u00e1, condena, sentencia, c\u00e1rcel, El Cundy, CTI, menores de edad, abuso continuado.<\/figcaption><\/figure>\n<p>La Fiscal\u00eda demostr\u00f3 que este hombre de 55 a\u00f1os, empez\u00f3 a hacerle tocamientos en sus partes \u00edntimas a la hija de su pareja sentimental, <strong>cuando esta ten\u00eda 10 a\u00f1os, hechos ocurridos en 2003. Adem\u00e1s, en 2018 la accedi\u00f3 carnalmente.<\/strong><\/p>\n<p>As\u00ed mismo, las dos hijas, de 9 y 11 a\u00f1os, de la v\u00edctima, tambi\u00e9n fueron agredidas sexualmente por el padrastro de su madre,<strong> a quienes les realiz\u00f3 tocamientos de \u00edndole sexual. Estos abusos ocurrieron entre 2019 y 2023.<\/strong><\/p>\n<p>Estos hechos ocurrieron en Florencia (Caquet\u00e1) y Llorente (Nari\u00f1o).<\/p>\n<p>En la misma decisi\u00f3n, el juez le compuls\u00f3 copias a la madre y abuela de las v\u00edctimas, para <strong>verificar la posible omisi\u00f3n en la que habr\u00eda incurrido al conocer los hechos<\/strong> y no haberlos puesto en conocimiento de las autoridades.<\/p>\n<p>Esta decisi\u00f3n es de primera instancia y sobre ella proceden los recursos de ley.<\/p>\n<p>PAAM\/LMFO\/AMCJ\/LABB\/DSC<\/p>\n<p><i>La informaci\u00f3n contenida en este bolet\u00edn de prensa corresponde a la narraci\u00f3n de los hechos noticiosos objetivos, suministrados por los funcionarios encargados de adelantar las investigaciones penales al interior de la Fiscal\u00eda General de la Naci\u00f3n. Para el momento de la divulgaci\u00f3n de este comunicado, la situaci\u00f3n jur\u00eddica de la(s) persona(s) relacionada(s) se encuentra pendiente de resolver por la autoridad judicial competente, siempre bajo los preceptos de la presunci\u00f3n de inocencia, consagrados en el art\u00edculo 29 de la Constituci\u00f3n Pol\u00edtica y el art\u00edculo 7\u00ba de la Ley 906 de 2004.<\/i><\/p>\n<div><\/div>\n\n<div class=\"twitter-share\"><a href=\"https:\/\/twitter.com\/intent\/tweet?via=fiscaliacol\" class=\"twitter-share-button\">Tweet<\/a><\/div>\n","protected":false},"excerpt":{"rendered":"<p>Los hechos ocurrieron en los per\u00edodos comprendidos entre 2003 a 2018 y 2019 a 2023. Las pruebas presentadas por la Fiscal\u00eda General de la Naci\u00f3n permitieron que un juez de conocimiento condenara a la pena de 28 a\u00f1os de prisi\u00f3n a un hombre por los delitos de acto sexual violento; acceso carnal violento, y actos [&hellip;]<\/p>\n","protected":false},"author":181,"featured_media":0,"comment_status":"closed","ping_status":"open","sticky":false,"template":"","format":"standard","meta":{"tdm_status":"","tdm_grid_status":"","footnotes":""},"categories":[24174,1,24099],"tags":[696,26227,6489,14550,293,45,43011,1047,23822,693,1628,10666,26203,695,975,1176],"class_list":{"0":"post-324515","1":"post","2":"type-post","3":"status-publish","4":"format-standard","6":"category-hay-justicia","7":"category-noticias","8":"category-seguridad-territorial","9":"tag-abuso","10":"tag-abuso-continuado","11":"tag-caqueta","12":"tag-carcel","13":"tag-condena","14":"tag-cti","15":"tag-el-cundy","16":"tag-fiscalia-general-de-la-nacion","17":"tag-florencia","18":"tag-hijastra","19":"tag-menores-de-edad","20":"tag-narino","21":"tag-nietas","22":"tag-padrastro","23":"tag-sentencia","24":"tag-violencia-de-genero"},"yoast_head":"<!-- This site is optimized with the Yoast SEO plugin v24.3 - https:\/\/yoast.com\/wordpress\/plugins\/seo\/ -->\n<title>Fiscal\u00eda General de la Naci\u00f3n<\/title>\n<meta name=\"description\" content=\"P\u00e1gina oficial de la Fiscal\u00eda General de la Naci\u00f3n \u2013 Colombia. Garantizamos el acceso efectivo a la justicia, la verdad y la reparaci\u00f3n de las v\u00edctimas de los delitos.\" \/>\n<meta name=\"robots\" content=\"noindex, follow\" \/>\n<meta property=\"og:locale\" content=\"es_ES\" \/>\n<meta property=\"og:type\" content=\"article\" \/>\n<meta property=\"og:title\" content=\"Fiscal\u00eda General de la Naci\u00f3n\" \/>\n<meta property=\"og:description\" content=\"P\u00e1gina oficial de la Fiscal\u00eda General de la Naci\u00f3n \u2013 Colombia. Garantizamos el acceso efectivo a la justicia, la verdad y la reparaci\u00f3n de las v\u00edctimas de los delitos.\" \/>\n<meta property=\"og:url\" content=\"https:\/\/www.fiscalia.gov.co\/colombia\/noticias\/condenado-a-28-anos-de-prision-responsable-de-agredir-sexualmente-a-la-hija-y-nietas-de-su-companera-permanente\/\" \/>\n<meta property=\"og:site_name\" content=\"Fiscal\u00eda General de la Naci\u00f3n\" \/>\n<meta property=\"article:publisher\" content=\"https:\/\/www.facebook.com\/FiscaliaCol\" \/>\n<meta property=\"article:published_time\" content=\"2025-09-25T15:15:55+00:00\" \/>\n<meta property=\"og:image\" content=\"https:\/\/www.fiscalia.gov.co\/colombia\/wp-content\/uploads\/abusador-hijastra-y-nietas.jpeg\" \/>\n\t<meta property=\"og:image:width\" content=\"1048\" \/>\n\t<meta property=\"og:image:height\" content=\"1470\" \/>\n\t<meta property=\"og:image:type\" content=\"image\/jpeg\" \/>\n<meta name=\"author\" content=\"Johanna Islenny Prieto Pe\u00f1a\" \/>\n<meta name=\"twitter:card\" content=\"summary_large_image\" \/>\n<meta name=\"twitter:creator\" content=\"@FiscaliaCol\" \/>\n<meta name=\"twitter:site\" content=\"@FiscaliaCol\" \/>\n<meta name=\"twitter:label1\" content=\"Escrito por\" \/>\n\t<meta name=\"twitter:data1\" content=\"Johanna Islenny Prieto Pe\u00f1a\" \/>\n\t<meta name=\"twitter:label2\" content=\"Tiempo de lectura\" \/>\n\t<meta name=\"twitter:data2\" content=\"2 minutos\" \/>\n<script type=\"application\/ld+json\" class=\"yoast-schema-graph\">{\"@context\":\"https:\/\/schema.org\",\"@graph\":[{\"@type\":\"Article\",\"@id\":\"https:\/\/www.fiscalia.gov.co\/colombia\/noticias\/condenado-a-28-anos-de-prision-responsable-de-agredir-sexualmente-a-la-hija-y-nietas-de-su-companera-permanente\/#article\",\"isPartOf\":{\"@id\":\"https:\/\/www.fiscalia.gov.co\/colombia\/noticias\/condenado-a-28-anos-de-prision-responsable-de-agredir-sexualmente-a-la-hija-y-nietas-de-su-companera-permanente\/\"},\"author\":{\"name\":\"Johanna Islenny Prieto Pe\u00f1a\",\"@id\":\"https:\/\/www.fiscalia.gov.co\/colombia\/#\/schema\/person\/ba9eca435947489fb25117a0cd75bf3e\"},\"headline\":\"Condenado a 28 a\u00f1os de prisi\u00f3n responsable de agredir sexualmente a la hija y nietas de su compa\u00f1era permanente\",\"datePublished\":\"2025-09-25T15:15:55+00:00\",\"dateModified\":\"2025-09-25T15:15:55+00:00\",\"mainEntityOfPage\":{\"@id\":\"https:\/\/www.fiscalia.gov.co\/colombia\/noticias\/condenado-a-28-anos-de-prision-responsable-de-agredir-sexualmente-a-la-hija-y-nietas-de-su-companera-permanente\/\"},\"wordCount\":395,\"publisher\":{\"@id\":\"https:\/\/www.fiscalia.gov.co\/colombia\/#organization\"},\"image\":{\"@id\":\"https:\/\/www.fiscalia.gov.co\/colombia\/noticias\/condenado-a-28-anos-de-prision-responsable-de-agredir-sexualmente-a-la-hija-y-nietas-de-su-companera-permanente\/#primaryimage\"},\"thumbnailUrl\":\"https:\/\/www.fiscalia.gov.co\/colombia\/wp-content\/uploads\/abusador-hijastra-y-nietas-214x300.jpeg\",\"keywords\":[\"Abuso\",\"abuso continuado.\",\"Caquet\u00e1\",\"C\u00e1rcel\",\"Condena\",\"CTI\",\"El Cundy\",\"Fiscal\u00eda General de la Naci\u00f3n\",\"Florencia\",\"Hijastra\",\"Menores de edad\",\"Nari\u00f1o\",\"nietas\",\"Padrastro\",\"Sentencia\",\"Violencia de g\u00e9nero\"],\"articleSection\":[\"Hay Justicia\",\"Noticias\",\"Seguridad territorial\"],\"inLanguage\":\"es-CO\"},{\"@type\":\"WebPage\",\"@id\":\"https:\/\/www.fiscalia.gov.co\/colombia\/noticias\/condenado-a-28-anos-de-prision-responsable-de-agredir-sexualmente-a-la-hija-y-nietas-de-su-companera-permanente\/\",\"url\":\"https:\/\/www.fiscalia.gov.co\/colombia\/noticias\/condenado-a-28-anos-de-prision-responsable-de-agredir-sexualmente-a-la-hija-y-nietas-de-su-companera-permanente\/\",\"name\":\"Fiscal\u00eda General de la Naci\u00f3n\",\"isPartOf\":{\"@id\":\"https:\/\/www.fiscalia.gov.co\/colombia\/#website\"},\"primaryImageOfPage\":{\"@id\":\"https:\/\/www.fiscalia.gov.co\/colombia\/noticias\/condenado-a-28-anos-de-prision-responsable-de-agredir-sexualmente-a-la-hija-y-nietas-de-su-companera-permanente\/#primaryimage\"},\"image\":{\"@id\":\"https:\/\/www.fiscalia.gov.co\/colombia\/noticias\/condenado-a-28-anos-de-prision-responsable-de-agredir-sexualmente-a-la-hija-y-nietas-de-su-companera-permanente\/#primaryimage\"},\"thumbnailUrl\":\"https:\/\/www.fiscalia.gov.co\/colombia\/wp-content\/uploads\/abusador-hijastra-y-nietas-214x300.jpeg\",\"datePublished\":\"2025-09-25T15:15:55+00:00\",\"dateModified\":\"2025-09-25T15:15:55+00:00\",\"description\":\"P\u00e1gina oficial de la Fiscal\u00eda General de la Naci\u00f3n \u2013 Colombia. Garantizamos el acceso efectivo a la justicia, la verdad y la reparaci\u00f3n de las v\u00edctimas de los delitos.\",\"breadcrumb\":{\"@id\":\"https:\/\/www.fiscalia.gov.co\/colombia\/noticias\/condenado-a-28-anos-de-prision-responsable-de-agredir-sexualmente-a-la-hija-y-nietas-de-su-companera-permanente\/#breadcrumb\"},\"inLanguage\":\"es-CO\",\"potentialAction\":[{\"@type\":\"ReadAction\",\"target\":[\"https:\/\/www.fiscalia.gov.co\/colombia\/noticias\/condenado-a-28-anos-de-prision-responsable-de-agredir-sexualmente-a-la-hija-y-nietas-de-su-companera-permanente\/\"]}]},{\"@type\":\"ImageObject\",\"inLanguage\":\"es-CO\",\"@id\":\"https:\/\/www.fiscalia.gov.co\/colombia\/noticias\/condenado-a-28-anos-de-prision-responsable-de-agredir-sexualmente-a-la-hija-y-nietas-de-su-companera-permanente\/#primaryimage\",\"url\":\"https:\/\/www.fiscalia.gov.co\/colombia\/wp-content\/uploads\/abusador-hijastra-y-nietas.jpeg\",\"contentUrl\":\"https:\/\/www.fiscalia.gov.co\/colombia\/wp-content\/uploads\/abusador-hijastra-y-nietas.jpeg\",\"width\":1048,\"height\":1470,\"caption\":\"Fiscal\u00eda General de la Naci\u00f3n, abuso, violencia de g\u00e9nero, hijastra, padrastro, nietas, Florencia, Nari\u00f1o, Caquet\u00e1, condena, sentencia, c\u00e1rcel, El Cundy, CTI, menores de edad, abuso continuado.\"},{\"@type\":\"BreadcrumbList\",\"@id\":\"https:\/\/www.fiscalia.gov.co\/colombia\/noticias\/condenado-a-28-anos-de-prision-responsable-de-agredir-sexualmente-a-la-hija-y-nietas-de-su-companera-permanente\/#breadcrumb\",\"itemListElement\":[{\"@type\":\"ListItem\",\"position\":1,\"name\":\"Home\",\"item\":\"https:\/\/www.fiscalia.gov.co\/colombia\/\"},{\"@type\":\"ListItem\",\"position\":2,\"name\":\"Condenado a 28 a\u00f1os de prisi\u00f3n responsable de agredir sexualmente a la hija y nietas de su compa\u00f1era permanente\"}]},{\"@type\":\"WebSite\",\"@id\":\"https:\/\/www.fiscalia.gov.co\/colombia\/#website\",\"url\":\"https:\/\/www.fiscalia.gov.co\/colombia\/\",\"name\":\"Fiscal\u00eda General de la Naci\u00f3n\",\"description\":\"P\u00e1gina oficial de la Fiscal\u00eda General de la Naci\u00f3n \u2013 Colombia. Garantizamos el acceso efectivo a la justicia, la verdad y la reparaci\u00f3n de las v\u00edctimas de los delitos.\",\"publisher\":{\"@id\":\"https:\/\/www.fiscalia.gov.co\/colombia\/#organization\"},\"potentialAction\":[{\"@type\":\"SearchAction\",\"target\":{\"@type\":\"EntryPoint\",\"urlTemplate\":\"https:\/\/www.fiscalia.gov.co\/colombia\/?s={search_term_string}\"},\"query-input\":{\"@type\":\"PropertyValueSpecification\",\"valueRequired\":true,\"valueName\":\"search_term_string\"}}],\"inLanguage\":\"es-CO\"},{\"@type\":\"Organization\",\"@id\":\"https:\/\/www.fiscalia.gov.co\/colombia\/#organization\",\"name\":\"Fiscal\u00eda General de la Naci\u00f3n\",\"url\":\"https:\/\/www.fiscalia.gov.co\/colombia\/\",\"logo\":{\"@type\":\"ImageObject\",\"inLanguage\":\"es-CO\",\"@id\":\"https:\/\/www.fiscalia.gov.co\/colombia\/#\/schema\/logo\/image\/\",\"url\":\"https:\/\/www.fiscalia.gov.co\/colombia\/wp-content\/uploads\/LogoHorizontal_1.jpg\",\"contentUrl\":\"https:\/\/www.fiscalia.gov.co\/colombia\/wp-content\/uploads\/LogoHorizontal_1.jpg\",\"width\":300,\"height\":90,\"caption\":\"Fiscal\u00eda General de la Naci\u00f3n\"},\"image\":{\"@id\":\"https:\/\/www.fiscalia.gov.co\/colombia\/#\/schema\/logo\/image\/\"},\"sameAs\":[\"https:\/\/www.facebook.com\/FiscaliaCol\",\"https:\/\/x.com\/FiscaliaCol\",\"https:\/\/www.instagram.com\/fiscaliacol\",\"https:\/\/www.linkedin.com\/company\/fiscalia-general-de-la-naci-n\/\",\"https:\/\/youtube.com\/@fiscaliageneraldelanacion-4668?si=6nN79nyQICPU5iTh\"]},{\"@type\":\"Person\",\"@id\":\"https:\/\/www.fiscalia.gov.co\/colombia\/#\/schema\/person\/ba9eca435947489fb25117a0cd75bf3e\",\"name\":\"Johanna Islenny Prieto Pe\u00f1a\",\"image\":{\"@type\":\"ImageObject\",\"inLanguage\":\"es-CO\",\"@id\":\"https:\/\/www.fiscalia.gov.co\/colombia\/#\/schema\/person\/image\/\",\"url\":\"https:\/\/secure.gravatar.com\/avatar\/111433fc2acb037ffb768f6a3ca47864?s=96&d=mm&r=g\",\"contentUrl\":\"https:\/\/secure.gravatar.com\/avatar\/111433fc2acb037ffb768f6a3ca47864?s=96&d=mm&r=g\",\"caption\":\"Johanna Islenny Prieto Pe\u00f1a\"},\"url\":\"https:\/\/www.fiscalia.gov.co\/colombia\/author\/jprietop\/\"}]}<\/script>\n<!-- \/ Yoast SEO plugin. -->","yoast_head_json":{"title":"Fiscal\u00eda General de la Naci\u00f3n","description":"P\u00e1gina oficial de la Fiscal\u00eda General de la Naci\u00f3n \u2013 Colombia. Garantizamos el acceso efectivo a la justicia, la verdad y la reparaci\u00f3n de las v\u00edctimas de los delitos.","robots":{"index":"noindex","follow":"follow"},"og_locale":"es_ES","og_type":"article","og_title":"Fiscal\u00eda General de la Naci\u00f3n","og_description":"P\u00e1gina oficial de la Fiscal\u00eda General de la Naci\u00f3n \u2013 Colombia. Garantizamos el acceso efectivo a la justicia, la verdad y la reparaci\u00f3n de las v\u00edctimas de los delitos.","og_url":"https:\/\/www.fiscalia.gov.co\/colombia\/noticias\/condenado-a-28-anos-de-prision-responsable-de-agredir-sexualmente-a-la-hija-y-nietas-de-su-companera-permanente\/","og_site_name":"Fiscal\u00eda General de la Naci\u00f3n","article_publisher":"https:\/\/www.facebook.com\/FiscaliaCol","article_published_time":"2025-09-25T15:15:55+00:00","og_image":[{"width":1048,"height":1470,"url":"https:\/\/www.fiscalia.gov.co\/colombia\/wp-content\/uploads\/abusador-hijastra-y-nietas.jpeg","type":"image\/jpeg"}],"author":"Johanna Islenny Prieto Pe\u00f1a","twitter_card":"summary_large_image","twitter_creator":"@FiscaliaCol","twitter_site":"@FiscaliaCol","twitter_misc":{"Escrito por":"Johanna Islenny Prieto Pe\u00f1a","Tiempo de lectura":"2 minutos"},"schema":{"@context":"https:\/\/schema.org","@graph":[{"@type":"Article","@id":"https:\/\/www.fiscalia.gov.co\/colombia\/noticias\/condenado-a-28-anos-de-prision-responsable-de-agredir-sexualmente-a-la-hija-y-nietas-de-su-companera-permanente\/#article","isPartOf":{"@id":"https:\/\/www.fiscalia.gov.co\/colombia\/noticias\/condenado-a-28-anos-de-prision-responsable-de-agredir-sexualmente-a-la-hija-y-nietas-de-su-companera-permanente\/"},"author":{"name":"Johanna Islenny Prieto Pe\u00f1a","@id":"https:\/\/www.fiscalia.gov.co\/colombia\/#\/schema\/person\/ba9eca435947489fb25117a0cd75bf3e"},"headline":"Condenado a 28 a\u00f1os de prisi\u00f3n responsable de agredir sexualmente a la hija y nietas de su compa\u00f1era permanente","datePublished":"2025-09-25T15:15:55+00:00","dateModified":"2025-09-25T15:15:55+00:00","mainEntityOfPage":{"@id":"https:\/\/www.fiscalia.gov.co\/colombia\/noticias\/condenado-a-28-anos-de-prision-responsable-de-agredir-sexualmente-a-la-hija-y-nietas-de-su-companera-permanente\/"},"wordCount":395,"publisher":{"@id":"https:\/\/www.fiscalia.gov.co\/colombia\/#organization"},"image":{"@id":"https:\/\/www.fiscalia.gov.co\/colombia\/noticias\/condenado-a-28-anos-de-prision-responsable-de-agredir-sexualmente-a-la-hija-y-nietas-de-su-companera-permanente\/#primaryimage"},"thumbnailUrl":"https:\/\/www.fiscalia.gov.co\/colombia\/wp-content\/uploads\/abusador-hijastra-y-nietas-214x300.jpeg","keywords":["Abuso","abuso continuado.","Caquet\u00e1","C\u00e1rcel","Condena","CTI","El Cundy","Fiscal\u00eda General de la Naci\u00f3n","Florencia","Hijastra","Menores de edad","Nari\u00f1o","nietas","Padrastro","Sentencia","Violencia de g\u00e9nero"],"articleSection":["Hay Justicia","Noticias","Seguridad territorial"],"inLanguage":"es-CO"},{"@type":"WebPage","@id":"https:\/\/www.fiscalia.gov.co\/colombia\/noticias\/condenado-a-28-anos-de-prision-responsable-de-agredir-sexualmente-a-la-hija-y-nietas-de-su-companera-permanente\/","url":"https:\/\/www.fiscalia.gov.co\/colombia\/noticias\/condenado-a-28-anos-de-prision-responsable-de-agredir-sexualmente-a-la-hija-y-nietas-de-su-companera-permanente\/","name":"Fiscal\u00eda General de la Naci\u00f3n","isPartOf":{"@id":"https:\/\/www.fiscalia.gov.co\/colombia\/#website"},"primaryImageOfPage":{"@id":"https:\/\/www.fiscalia.gov.co\/colombia\/noticias\/condenado-a-28-anos-de-prision-responsable-de-agredir-sexualmente-a-la-hija-y-nietas-de-su-companera-permanente\/#primaryimage"},"image":{"@id":"https:\/\/www.fiscalia.gov.co\/colombia\/noticias\/condenado-a-28-anos-de-prision-responsable-de-agredir-sexualmente-a-la-hija-y-nietas-de-su-companera-permanente\/#primaryimage"},"thumbnailUrl":"https:\/\/www.fiscalia.gov.co\/colombia\/wp-content\/uploads\/abusador-hijastra-y-nietas-214x300.jpeg","datePublished":"2025-09-25T15:15:55+00:00","dateModified":"2025-09-25T15:15:55+00:00","description":"P\u00e1gina oficial de la Fiscal\u00eda General de la Naci\u00f3n \u2013 Colombia. Garantizamos el acceso efectivo a la justicia, la verdad y la reparaci\u00f3n de las v\u00edctimas de los delitos.","breadcrumb":{"@id":"https:\/\/www.fiscalia.gov.co\/colombia\/noticias\/condenado-a-28-anos-de-prision-responsable-de-agredir-sexualmente-a-la-hija-y-nietas-de-su-companera-permanente\/#breadcrumb"},"inLanguage":"es-CO","potentialAction":[{"@type":"ReadAction","target":["https:\/\/www.fiscalia.gov.co\/colombia\/noticias\/condenado-a-28-anos-de-prision-responsable-de-agredir-sexualmente-a-la-hija-y-nietas-de-su-companera-permanente\/"]}]},{"@type":"ImageObject","inLanguage":"es-CO","@id":"https:\/\/www.fiscalia.gov.co\/colombia\/noticias\/condenado-a-28-anos-de-prision-responsable-de-agredir-sexualmente-a-la-hija-y-nietas-de-su-companera-permanente\/#primaryimage","url":"https:\/\/www.fiscalia.gov.co\/colombia\/wp-content\/uploads\/abusador-hijastra-y-nietas.jpeg","contentUrl":"https:\/\/www.fiscalia.gov.co\/colombia\/wp-content\/uploads\/abusador-hijastra-y-nietas.jpeg","width":1048,"height":1470,"caption":"Fiscal\u00eda General de la Naci\u00f3n, abuso, violencia de g\u00e9nero, hijastra, padrastro, nietas, Florencia, Nari\u00f1o, Caquet\u00e1, condena, sentencia, c\u00e1rcel, El Cundy, CTI, menores de edad, abuso continuado."},{"@type":"BreadcrumbList","@id":"https:\/\/www.fiscalia.gov.co\/colombia\/noticias\/condenado-a-28-anos-de-prision-responsable-de-agredir-sexualmente-a-la-hija-y-nietas-de-su-companera-permanente\/#breadcrumb","itemListElement":[{"@type":"ListItem","position":1,"name":"Home","item":"https:\/\/www.fiscalia.gov.co\/colombia\/"},{"@type":"ListItem","position":2,"name":"Condenado a 28 a\u00f1os de prisi\u00f3n responsable de agredir sexualmente a la hija y nietas de su compa\u00f1era permanente"}]},{"@type":"WebSite","@id":"https:\/\/www.fiscalia.gov.co\/colombia\/#website","url":"https:\/\/www.fiscalia.gov.co\/colombia\/","name":"Fiscal\u00eda General de la Naci\u00f3n","description":"P\u00e1gina oficial de la Fiscal\u00eda General de la Naci\u00f3n \u2013 Colombia. Garantizamos el acceso efectivo a la justicia, la verdad y la reparaci\u00f3n de las v\u00edctimas de los delitos.","publisher":{"@id":"https:\/\/www.fiscalia.gov.co\/colombia\/#organization"},"potentialAction":[{"@type":"SearchAction","target":{"@type":"EntryPoint","urlTemplate":"https:\/\/www.fiscalia.gov.co\/colombia\/?s={search_term_string}"},"query-input":{"@type":"PropertyValueSpecification","valueRequired":true,"valueName":"search_term_string"}}],"inLanguage":"es-CO"},{"@type":"Organization","@id":"https:\/\/www.fiscalia.gov.co\/colombia\/#organization","name":"Fiscal\u00eda General de la Naci\u00f3n","url":"https:\/\/www.fiscalia.gov.co\/colombia\/","logo":{"@type":"ImageObject","inLanguage":"es-CO","@id":"https:\/\/www.fiscalia.gov.co\/colombia\/#\/schema\/logo\/image\/","url":"https:\/\/www.fiscalia.gov.co\/colombia\/wp-content\/uploads\/LogoHorizontal_1.jpg","contentUrl":"https:\/\/www.fiscalia.gov.co\/colombia\/wp-content\/uploads\/LogoHorizontal_1.jpg","width":300,"height":90,"caption":"Fiscal\u00eda General de la Naci\u00f3n"},"image":{"@id":"https:\/\/www.fiscalia.gov.co\/colombia\/#\/schema\/logo\/image\/"},"sameAs":["https:\/\/www.facebook.com\/FiscaliaCol","https:\/\/x.com\/FiscaliaCol","https:\/\/www.instagram.com\/fiscaliacol","https:\/\/www.linkedin.com\/company\/fiscalia-general-de-la-naci-n\/","https:\/\/youtube.com\/@fiscaliageneraldelanacion-4668?si=6nN79nyQICPU5iTh"]},{"@type":"Person","@id":"https:\/\/www.fiscalia.gov.co\/colombia\/#\/schema\/person\/ba9eca435947489fb25117a0cd75bf3e","name":"Johanna Islenny Prieto Pe\u00f1a","image":{"@type":"ImageObject","inLanguage":"es-CO","@id":"https:\/\/www.fiscalia.gov.co\/colombia\/#\/schema\/person\/image\/","url":"https:\/\/secure.gravatar.com\/avatar\/111433fc2acb037ffb768f6a3ca47864?s=96&d=mm&r=g","contentUrl":"https:\/\/secure.gravatar.com\/avatar\/111433fc2acb037ffb768f6a3ca47864?s=96&d=mm&r=g","caption":"Johanna Islenny Prieto Pe\u00f1a"},"url":"https:\/\/www.fiscalia.gov.co\/colombia\/author\/jprietop\/"}]}},"_links":{"self":[{"href":"https:\/\/www.fiscalia.gov.co\/colombia\/wp-json\/wp\/v2\/posts\/324515","targetHints":{"allow":["GET"]}}],"collection":[{"href":"https:\/\/www.fiscalia.gov.co\/colombia\/wp-json\/wp\/v2\/posts"}],"about":[{"href":"https:\/\/www.fiscalia.gov.co\/colombia\/wp-json\/wp\/v2\/types\/post"}],"author":[{"embeddable":true,"href":"https:\/\/www.fiscalia.gov.co\/colombia\/wp-json\/wp\/v2\/users\/181"}],"replies":[{"embeddable":true,"href":"https:\/\/www.fiscalia.gov.co\/colombia\/wp-json\/wp\/v2\/comments?post=324515"}],"version-history":[{"count":1,"href":"https:\/\/www.fiscalia.gov.co\/colombia\/wp-json\/wp\/v2\/posts\/324515\/revisions"}],"predecessor-version":[{"id":324517,"href":"https:\/\/www.fiscalia.gov.co\/colombia\/wp-json\/wp\/v2\/posts\/324515\/revisions\/324517"}],"wp:attachment":[{"href":"https:\/\/www.fiscalia.gov.co\/colombia\/wp-json\/wp\/v2\/media?parent=324515"}],"wp:term":[{"taxonomy":"category","embeddable":true,"href":"https:\/\/www.fiscalia.gov.co\/colombia\/wp-json\/wp\/v2\/categories?post=324515"},{"taxonomy":"post_tag","embeddable":true,"href":"https:\/\/www.fiscalia.gov.co\/colombia\/wp-json\/wp\/v2\/tags?post=324515"}],"curies":[{"name":"wp","href":"https:\/\/api.w.org\/{rel}","templated":true}]}}