{"id":324497,"date":"2025-09-24T16:34:43","date_gmt":"2025-09-24T21:34:43","guid":{"rendered":"https:\/\/www.fiscalia.gov.co\/colombia\/?p=324497"},"modified":"2025-09-25T15:07:19","modified_gmt":"2025-09-25T20:07:19","slug":"por-presuntas-irregularidades-en-el-manejo-de-recursos-de-las-cuentas-de-la-alcaldia-de-apartado-fueron-judicializados-el-exmandatario-municipal-y-siete-personas-mas","status":"publish","type":"post","link":"https:\/\/www.fiscalia.gov.co\/colombia\/noticias\/por-presuntas-irregularidades-en-el-manejo-de-recursos-de-las-cuentas-de-la-alcaldia-de-apartado-fueron-judicializados-el-exmandatario-municipal-y-siete-personas-mas\/","title":{"rendered":"Por presuntas irregularidades en el manejo de recursos de las cuentas de la alcald\u00eda de Apartad\u00f3 fueron judicializados el exmandatario municipal y siete personas m\u00e1s"},"content":{"rendered":"<h4><em><strong>Entre los procesados hay tres exfuncionarios, que cumpl\u00edan funciones relacionadas con el manejo de recursos del municipio.<\/strong><\/em><\/h4>\n<p>Transferencias irregulares desde las cuentas de la Alcald\u00eda de Apartad\u00f3 (Antioquia) a productos<strong> financieros de particulares, por algo m\u00e1s de 2.280 millones de pesos<\/strong>, fueron detectadas en las actividades investigativas orientadas por la Fiscal\u00eda General de la Naci\u00f3n.<\/p>\n<p>Los movimientos fraudulentos de dinero, 37 en total, se realizaron entre el 21 de mayo y el 24 de diciembre de 2024. <strong>Sobre estos no hay documentaci\u00f3n, soportes ni justificaci\u00f3n que permita entender la salida de los recursos del municipio<\/strong> a manos de terceros.<\/p>\n<p><strong>Los elementos materiales probatorios recopilados pusieron en evidencia a los posibles responsables de los actos de corrupci\u00f3n<\/strong>. Se trata del exalcalde de Apartad\u00f3, H\u00e9ctor Rangel Palacios Rodr\u00edguez; el exsecretario de Hacienda, Luis Arnobio Cuesta Borja; el exsubsecretario Contable y Financiero, Edison Alberto Mosquera Quinto; el extesorero del municipio, Cristian Mena Valencia; y los particulares Diego Andr\u00e9s Cardona Doria, Alexander Bola\u00f1os Garc\u00eda, Ruth Mary Torres Castillo y Diana Marcela Uribe Giraldo.<\/p>\n<p>Una fiscal de Administraci\u00f3n P\u00fablica de la Seccional Antioquia, de acuerdo con su posible participaci\u00f3n en <strong>los hechos investigados, les imput\u00f3 los delitos de peculado por apropiaci\u00f3n<\/strong> y asociaci\u00f3n para la comisi\u00f3n de un delito contra la administraci\u00f3n p\u00fablica. El extesorero acept\u00f3 los cargos.<\/p>\n<p>En el curso del proceso se conoci\u00f3 que los exfuncionarios recibieron alertas sobre las inconsistencias; sin embargo, las habr\u00edan omitido y permitido la aprobaci\u00f3n de las transferencias irregulares. <strong>Por su parte, los particulares son se\u00f1alados de recibir los dineros p\u00fablicos, a sabiendas de que no hab\u00eda un contrato u obligaci\u00f3n legal que los respaldara.<\/strong><\/p>\n<p>Con respecto a Cristian Mena Valencia, hay evidencias que lo involucra en 13 trasferencias m\u00e1s, despu\u00e9s enero de 2025, cuando Palacios Rodr\u00edguez dej\u00f3 el cargo como alcalde por una inhabilidad.<\/p>\n<p>Por disposici\u00f3n del juez de control de garant\u00edas, Mena Valencia deber\u00e1 cumplir medida de aseguramiento en establecimiento carcelario; mientras que el exmandatario, Cuesta Borja, Mosquera Quinto y <strong>Cardona Doria recibieron medida no privativa de la libertad con vigilancia de brazalete electr\u00f3nico,<\/strong> la prohibici\u00f3n de concurrir a las instalaciones de la Alcald\u00eda y de salir del pa\u00eds, entre otras restricciones.<\/p>\n<p>Los dem\u00e1s procesados continuar\u00e1n vinculados a la investigaci\u00f3n.<\/p>\n<p>Esta informaci\u00f3n se publica por razones de inter\u00e9s general.<\/p>\n<p>AMCJ\/JARG\/DABC\/DSA\/<\/p>\n<p>&nbsp;<\/p>\n<p>&nbsp;<\/p>\n<p>&nbsp;<\/p>\n<p><i>La informaci\u00f3n contenida en este bolet\u00edn de prensa corresponde a la narraci\u00f3n de los hechos noticiosos objetivos, suministrados por los funcionarios encargados de adelantar las investigaciones penales al interior de la Fiscal\u00eda General de la Naci\u00f3n. Para el momento de la divulgaci\u00f3n de este comunicado, la situaci\u00f3n jur\u00eddica de la(s) persona(s) relacionada(s) se encuentra pendiente de resolver por la autoridad judicial competente, siempre bajo los preceptos de la presunci\u00f3n de inocencia, consagrados en el art\u00edculo 29 de la Constituci\u00f3n Pol\u00edtica y el art\u00edculo 7\u00ba de la Ley 906 de 2004.<\/i><\/p>\n\n<div class=\"twitter-share\"><a href=\"https:\/\/twitter.com\/intent\/tweet?via=fiscaliacol\" class=\"twitter-share-button\">Tweet<\/a><\/div>\n","protected":false},"excerpt":{"rendered":"<p>Entre los procesados hay tres exfuncionarios, que cumpl\u00edan funciones relacionadas con el manejo de recursos del municipio. Transferencias irregulares desde las cuentas de la Alcald\u00eda de Apartad\u00f3 (Antioquia) a productos financieros de particulares, por algo m\u00e1s de 2.280 millones de pesos, fueron detectadas en las actividades investigativas orientadas por la Fiscal\u00eda General de la Naci\u00f3n. [&hellip;]<\/p>\n","protected":false},"author":181,"featured_media":0,"comment_status":"closed","ping_status":"open","sticky":false,"template":"","format":"standard","meta":{"tdm_status":"","tdm_grid_status":"","footnotes":""},"categories":[1,24099],"tags":[12184,37892,1047,37671],"class_list":{"0":"post-324497","1":"post","2":"type-post","3":"status-publish","4":"format-standard","6":"category-noticias","7":"category-seguridad-territorial","8":"tag-fiscal","9":"tag-fiscal-luz-adriana-camargo-garzon","10":"tag-fiscalia-general-de-la-nacion","11":"tag-noticias"},"yoast_head":"<!-- This site is optimized with the Yoast SEO plugin v24.3 - https:\/\/yoast.com\/wordpress\/plugins\/seo\/ -->\n<title>Fiscal\u00eda General de la Naci\u00f3n<\/title>\n<meta name=\"description\" content=\"P\u00e1gina oficial de la Fiscal\u00eda General de la Naci\u00f3n \u2013 Colombia. Garantizamos el acceso efectivo a la justicia, la verdad y la reparaci\u00f3n de las v\u00edctimas de los delitos.\" \/>\n<meta name=\"robots\" content=\"noindex, follow\" \/>\n<meta property=\"og:locale\" content=\"es_ES\" \/>\n<meta property=\"og:type\" content=\"article\" \/>\n<meta property=\"og:title\" content=\"Fiscal\u00eda General de la Naci\u00f3n\" \/>\n<meta property=\"og:description\" content=\"P\u00e1gina oficial de la Fiscal\u00eda General de la Naci\u00f3n \u2013 Colombia. Garantizamos el acceso efectivo a la justicia, la verdad y la reparaci\u00f3n de las v\u00edctimas de los delitos.\" \/>\n<meta property=\"og:url\" content=\"https:\/\/www.fiscalia.gov.co\/colombia\/noticias\/por-presuntas-irregularidades-en-el-manejo-de-recursos-de-las-cuentas-de-la-alcaldia-de-apartado-fueron-judicializados-el-exmandatario-municipal-y-siete-personas-mas\/\" \/>\n<meta property=\"og:site_name\" content=\"Fiscal\u00eda General de la Naci\u00f3n\" \/>\n<meta property=\"article:publisher\" content=\"https:\/\/www.facebook.com\/FiscaliaCol\" \/>\n<meta property=\"article:published_time\" content=\"2025-09-24T21:34:43+00:00\" \/>\n<meta property=\"article:modified_time\" content=\"2025-09-25T20:07:19+00:00\" \/>\n<meta name=\"author\" content=\"Johanna Islenny Prieto Pe\u00f1a\" \/>\n<meta name=\"twitter:card\" content=\"summary_large_image\" \/>\n<meta name=\"twitter:creator\" content=\"@FiscaliaCol\" \/>\n<meta name=\"twitter:site\" content=\"@FiscaliaCol\" \/>\n<meta name=\"twitter:label1\" content=\"Escrito por\" \/>\n\t<meta name=\"twitter:data1\" content=\"Johanna Islenny Prieto Pe\u00f1a\" \/>\n\t<meta name=\"twitter:label2\" content=\"Tiempo de lectura\" \/>\n\t<meta name=\"twitter:data2\" content=\"3 minutos\" \/>\n<script type=\"application\/ld+json\" class=\"yoast-schema-graph\">{\"@context\":\"https:\/\/schema.org\",\"@graph\":[{\"@type\":\"Article\",\"@id\":\"https:\/\/www.fiscalia.gov.co\/colombia\/noticias\/por-presuntas-irregularidades-en-el-manejo-de-recursos-de-las-cuentas-de-la-alcaldia-de-apartado-fueron-judicializados-el-exmandatario-municipal-y-siete-personas-mas\/#article\",\"isPartOf\":{\"@id\":\"https:\/\/www.fiscalia.gov.co\/colombia\/noticias\/por-presuntas-irregularidades-en-el-manejo-de-recursos-de-las-cuentas-de-la-alcaldia-de-apartado-fueron-judicializados-el-exmandatario-municipal-y-siete-personas-mas\/\"},\"author\":{\"name\":\"Johanna Islenny Prieto Pe\u00f1a\",\"@id\":\"https:\/\/www.fiscalia.gov.co\/colombia\/#\/schema\/person\/ba9eca435947489fb25117a0cd75bf3e\"},\"headline\":\"Por presuntas irregularidades en el manejo de recursos de las cuentas de la alcald\u00eda de Apartad\u00f3 fueron judicializados el exmandatario municipal y siete personas m\u00e1s\",\"datePublished\":\"2025-09-24T21:34:43+00:00\",\"dateModified\":\"2025-09-25T20:07:19+00:00\",\"mainEntityOfPage\":{\"@id\":\"https:\/\/www.fiscalia.gov.co\/colombia\/noticias\/por-presuntas-irregularidades-en-el-manejo-de-recursos-de-las-cuentas-de-la-alcaldia-de-apartado-fueron-judicializados-el-exmandatario-municipal-y-siete-personas-mas\/\"},\"wordCount\":543,\"publisher\":{\"@id\":\"https:\/\/www.fiscalia.gov.co\/colombia\/#organization\"},\"keywords\":[\"Fiscal\",\"Fiscal Luz Adriana Camargo Garz\u00f3n\",\"Fiscal\u00eda General de la Naci\u00f3n\",\"Noticias\"],\"articleSection\":[\"Noticias\",\"Seguridad territorial\"],\"inLanguage\":\"es-CO\"},{\"@type\":\"WebPage\",\"@id\":\"https:\/\/www.fiscalia.gov.co\/colombia\/noticias\/por-presuntas-irregularidades-en-el-manejo-de-recursos-de-las-cuentas-de-la-alcaldia-de-apartado-fueron-judicializados-el-exmandatario-municipal-y-siete-personas-mas\/\",\"url\":\"https:\/\/www.fiscalia.gov.co\/colombia\/noticias\/por-presuntas-irregularidades-en-el-manejo-de-recursos-de-las-cuentas-de-la-alcaldia-de-apartado-fueron-judicializados-el-exmandatario-municipal-y-siete-personas-mas\/\",\"name\":\"Fiscal\u00eda General de la Naci\u00f3n\",\"isPartOf\":{\"@id\":\"https:\/\/www.fiscalia.gov.co\/colombia\/#website\"},\"datePublished\":\"2025-09-24T21:34:43+00:00\",\"dateModified\":\"2025-09-25T20:07:19+00:00\",\"description\":\"P\u00e1gina oficial de la Fiscal\u00eda General de la Naci\u00f3n \u2013 Colombia. Garantizamos el acceso efectivo a la justicia, la verdad y la reparaci\u00f3n de las v\u00edctimas de los delitos.\",\"breadcrumb\":{\"@id\":\"https:\/\/www.fiscalia.gov.co\/colombia\/noticias\/por-presuntas-irregularidades-en-el-manejo-de-recursos-de-las-cuentas-de-la-alcaldia-de-apartado-fueron-judicializados-el-exmandatario-municipal-y-siete-personas-mas\/#breadcrumb\"},\"inLanguage\":\"es-CO\",\"potentialAction\":[{\"@type\":\"ReadAction\",\"target\":[\"https:\/\/www.fiscalia.gov.co\/colombia\/noticias\/por-presuntas-irregularidades-en-el-manejo-de-recursos-de-las-cuentas-de-la-alcaldia-de-apartado-fueron-judicializados-el-exmandatario-municipal-y-siete-personas-mas\/\"]}]},{\"@type\":\"BreadcrumbList\",\"@id\":\"https:\/\/www.fiscalia.gov.co\/colombia\/noticias\/por-presuntas-irregularidades-en-el-manejo-de-recursos-de-las-cuentas-de-la-alcaldia-de-apartado-fueron-judicializados-el-exmandatario-municipal-y-siete-personas-mas\/#breadcrumb\",\"itemListElement\":[{\"@type\":\"ListItem\",\"position\":1,\"name\":\"Home\",\"item\":\"https:\/\/www.fiscalia.gov.co\/colombia\/\"},{\"@type\":\"ListItem\",\"position\":2,\"name\":\"Por presuntas irregularidades en el manejo de recursos de las cuentas de la alcald\u00eda de Apartad\u00f3 fueron judicializados el exmandatario municipal y siete personas m\u00e1s\"}]},{\"@type\":\"WebSite\",\"@id\":\"https:\/\/www.fiscalia.gov.co\/colombia\/#website\",\"url\":\"https:\/\/www.fiscalia.gov.co\/colombia\/\",\"name\":\"Fiscal\u00eda General de la Naci\u00f3n\",\"description\":\"P\u00e1gina oficial de la Fiscal\u00eda General de la Naci\u00f3n \u2013 Colombia. Garantizamos el acceso efectivo a la justicia, la verdad y la reparaci\u00f3n de las v\u00edctimas de los delitos.\",\"publisher\":{\"@id\":\"https:\/\/www.fiscalia.gov.co\/colombia\/#organization\"},\"potentialAction\":[{\"@type\":\"SearchAction\",\"target\":{\"@type\":\"EntryPoint\",\"urlTemplate\":\"https:\/\/www.fiscalia.gov.co\/colombia\/?s={search_term_string}\"},\"query-input\":{\"@type\":\"PropertyValueSpecification\",\"valueRequired\":true,\"valueName\":\"search_term_string\"}}],\"inLanguage\":\"es-CO\"},{\"@type\":\"Organization\",\"@id\":\"https:\/\/www.fiscalia.gov.co\/colombia\/#organization\",\"name\":\"Fiscal\u00eda General de la Naci\u00f3n\",\"url\":\"https:\/\/www.fiscalia.gov.co\/colombia\/\",\"logo\":{\"@type\":\"ImageObject\",\"inLanguage\":\"es-CO\",\"@id\":\"https:\/\/www.fiscalia.gov.co\/colombia\/#\/schema\/logo\/image\/\",\"url\":\"https:\/\/www.fiscalia.gov.co\/colombia\/wp-content\/uploads\/LogoHorizontal_1.jpg\",\"contentUrl\":\"https:\/\/www.fiscalia.gov.co\/colombia\/wp-content\/uploads\/LogoHorizontal_1.jpg\",\"width\":300,\"height\":90,\"caption\":\"Fiscal\u00eda General de la Naci\u00f3n\"},\"image\":{\"@id\":\"https:\/\/www.fiscalia.gov.co\/colombia\/#\/schema\/logo\/image\/\"},\"sameAs\":[\"https:\/\/www.facebook.com\/FiscaliaCol\",\"https:\/\/x.com\/FiscaliaCol\",\"https:\/\/www.instagram.com\/fiscaliacol\",\"https:\/\/www.linkedin.com\/company\/fiscalia-general-de-la-naci-n\/\",\"https:\/\/youtube.com\/@fiscaliageneraldelanacion-4668?si=6nN79nyQICPU5iTh\"]},{\"@type\":\"Person\",\"@id\":\"https:\/\/www.fiscalia.gov.co\/colombia\/#\/schema\/person\/ba9eca435947489fb25117a0cd75bf3e\",\"name\":\"Johanna Islenny Prieto Pe\u00f1a\",\"image\":{\"@type\":\"ImageObject\",\"inLanguage\":\"es-CO\",\"@id\":\"https:\/\/www.fiscalia.gov.co\/colombia\/#\/schema\/person\/image\/\",\"url\":\"https:\/\/secure.gravatar.com\/avatar\/111433fc2acb037ffb768f6a3ca47864?s=96&d=mm&r=g\",\"contentUrl\":\"https:\/\/secure.gravatar.com\/avatar\/111433fc2acb037ffb768f6a3ca47864?s=96&d=mm&r=g\",\"caption\":\"Johanna Islenny Prieto Pe\u00f1a\"},\"url\":\"https:\/\/www.fiscalia.gov.co\/colombia\/author\/jprietop\/\"}]}<\/script>\n<!-- \/ Yoast SEO plugin. -->","yoast_head_json":{"title":"Fiscal\u00eda General de la Naci\u00f3n","description":"P\u00e1gina oficial de la Fiscal\u00eda General de la Naci\u00f3n \u2013 Colombia. Garantizamos el acceso efectivo a la justicia, la verdad y la reparaci\u00f3n de las v\u00edctimas de los delitos.","robots":{"index":"noindex","follow":"follow"},"og_locale":"es_ES","og_type":"article","og_title":"Fiscal\u00eda General de la Naci\u00f3n","og_description":"P\u00e1gina oficial de la Fiscal\u00eda General de la Naci\u00f3n \u2013 Colombia. Garantizamos el acceso efectivo a la justicia, la verdad y la reparaci\u00f3n de las v\u00edctimas de los delitos.","og_url":"https:\/\/www.fiscalia.gov.co\/colombia\/noticias\/por-presuntas-irregularidades-en-el-manejo-de-recursos-de-las-cuentas-de-la-alcaldia-de-apartado-fueron-judicializados-el-exmandatario-municipal-y-siete-personas-mas\/","og_site_name":"Fiscal\u00eda General de la Naci\u00f3n","article_publisher":"https:\/\/www.facebook.com\/FiscaliaCol","article_published_time":"2025-09-24T21:34:43+00:00","article_modified_time":"2025-09-25T20:07:19+00:00","author":"Johanna Islenny Prieto Pe\u00f1a","twitter_card":"summary_large_image","twitter_creator":"@FiscaliaCol","twitter_site":"@FiscaliaCol","twitter_misc":{"Escrito por":"Johanna Islenny Prieto Pe\u00f1a","Tiempo de lectura":"3 minutos"},"schema":{"@context":"https:\/\/schema.org","@graph":[{"@type":"Article","@id":"https:\/\/www.fiscalia.gov.co\/colombia\/noticias\/por-presuntas-irregularidades-en-el-manejo-de-recursos-de-las-cuentas-de-la-alcaldia-de-apartado-fueron-judicializados-el-exmandatario-municipal-y-siete-personas-mas\/#article","isPartOf":{"@id":"https:\/\/www.fiscalia.gov.co\/colombia\/noticias\/por-presuntas-irregularidades-en-el-manejo-de-recursos-de-las-cuentas-de-la-alcaldia-de-apartado-fueron-judicializados-el-exmandatario-municipal-y-siete-personas-mas\/"},"author":{"name":"Johanna Islenny Prieto Pe\u00f1a","@id":"https:\/\/www.fiscalia.gov.co\/colombia\/#\/schema\/person\/ba9eca435947489fb25117a0cd75bf3e"},"headline":"Por presuntas irregularidades en el manejo de recursos de las cuentas de la alcald\u00eda de Apartad\u00f3 fueron judicializados el exmandatario municipal y siete personas m\u00e1s","datePublished":"2025-09-24T21:34:43+00:00","dateModified":"2025-09-25T20:07:19+00:00","mainEntityOfPage":{"@id":"https:\/\/www.fiscalia.gov.co\/colombia\/noticias\/por-presuntas-irregularidades-en-el-manejo-de-recursos-de-las-cuentas-de-la-alcaldia-de-apartado-fueron-judicializados-el-exmandatario-municipal-y-siete-personas-mas\/"},"wordCount":543,"publisher":{"@id":"https:\/\/www.fiscalia.gov.co\/colombia\/#organization"},"keywords":["Fiscal","Fiscal Luz Adriana Camargo Garz\u00f3n","Fiscal\u00eda General de la Naci\u00f3n","Noticias"],"articleSection":["Noticias","Seguridad territorial"],"inLanguage":"es-CO"},{"@type":"WebPage","@id":"https:\/\/www.fiscalia.gov.co\/colombia\/noticias\/por-presuntas-irregularidades-en-el-manejo-de-recursos-de-las-cuentas-de-la-alcaldia-de-apartado-fueron-judicializados-el-exmandatario-municipal-y-siete-personas-mas\/","url":"https:\/\/www.fiscalia.gov.co\/colombia\/noticias\/por-presuntas-irregularidades-en-el-manejo-de-recursos-de-las-cuentas-de-la-alcaldia-de-apartado-fueron-judicializados-el-exmandatario-municipal-y-siete-personas-mas\/","name":"Fiscal\u00eda General de la Naci\u00f3n","isPartOf":{"@id":"https:\/\/www.fiscalia.gov.co\/colombia\/#website"},"datePublished":"2025-09-24T21:34:43+00:00","dateModified":"2025-09-25T20:07:19+00:00","description":"P\u00e1gina oficial de la Fiscal\u00eda General de la Naci\u00f3n \u2013 Colombia. Garantizamos el acceso efectivo a la justicia, la verdad y la reparaci\u00f3n de las v\u00edctimas de los delitos.","breadcrumb":{"@id":"https:\/\/www.fiscalia.gov.co\/colombia\/noticias\/por-presuntas-irregularidades-en-el-manejo-de-recursos-de-las-cuentas-de-la-alcaldia-de-apartado-fueron-judicializados-el-exmandatario-municipal-y-siete-personas-mas\/#breadcrumb"},"inLanguage":"es-CO","potentialAction":[{"@type":"ReadAction","target":["https:\/\/www.fiscalia.gov.co\/colombia\/noticias\/por-presuntas-irregularidades-en-el-manejo-de-recursos-de-las-cuentas-de-la-alcaldia-de-apartado-fueron-judicializados-el-exmandatario-municipal-y-siete-personas-mas\/"]}]},{"@type":"BreadcrumbList","@id":"https:\/\/www.fiscalia.gov.co\/colombia\/noticias\/por-presuntas-irregularidades-en-el-manejo-de-recursos-de-las-cuentas-de-la-alcaldia-de-apartado-fueron-judicializados-el-exmandatario-municipal-y-siete-personas-mas\/#breadcrumb","itemListElement":[{"@type":"ListItem","position":1,"name":"Home","item":"https:\/\/www.fiscalia.gov.co\/colombia\/"},{"@type":"ListItem","position":2,"name":"Por presuntas irregularidades en el manejo de recursos de las cuentas de la alcald\u00eda de Apartad\u00f3 fueron judicializados el exmandatario municipal y siete personas m\u00e1s"}]},{"@type":"WebSite","@id":"https:\/\/www.fiscalia.gov.co\/colombia\/#website","url":"https:\/\/www.fiscalia.gov.co\/colombia\/","name":"Fiscal\u00eda General de la Naci\u00f3n","description":"P\u00e1gina oficial de la Fiscal\u00eda General de la Naci\u00f3n \u2013 Colombia. Garantizamos el acceso efectivo a la justicia, la verdad y la reparaci\u00f3n de las v\u00edctimas de los delitos.","publisher":{"@id":"https:\/\/www.fiscalia.gov.co\/colombia\/#organization"},"potentialAction":[{"@type":"SearchAction","target":{"@type":"EntryPoint","urlTemplate":"https:\/\/www.fiscalia.gov.co\/colombia\/?s={search_term_string}"},"query-input":{"@type":"PropertyValueSpecification","valueRequired":true,"valueName":"search_term_string"}}],"inLanguage":"es-CO"},{"@type":"Organization","@id":"https:\/\/www.fiscalia.gov.co\/colombia\/#organization","name":"Fiscal\u00eda General de la Naci\u00f3n","url":"https:\/\/www.fiscalia.gov.co\/colombia\/","logo":{"@type":"ImageObject","inLanguage":"es-CO","@id":"https:\/\/www.fiscalia.gov.co\/colombia\/#\/schema\/logo\/image\/","url":"https:\/\/www.fiscalia.gov.co\/colombia\/wp-content\/uploads\/LogoHorizontal_1.jpg","contentUrl":"https:\/\/www.fiscalia.gov.co\/colombia\/wp-content\/uploads\/LogoHorizontal_1.jpg","width":300,"height":90,"caption":"Fiscal\u00eda General de la Naci\u00f3n"},"image":{"@id":"https:\/\/www.fiscalia.gov.co\/colombia\/#\/schema\/logo\/image\/"},"sameAs":["https:\/\/www.facebook.com\/FiscaliaCol","https:\/\/x.com\/FiscaliaCol","https:\/\/www.instagram.com\/fiscaliacol","https:\/\/www.linkedin.com\/company\/fiscalia-general-de-la-naci-n\/","https:\/\/youtube.com\/@fiscaliageneraldelanacion-4668?si=6nN79nyQICPU5iTh"]},{"@type":"Person","@id":"https:\/\/www.fiscalia.gov.co\/colombia\/#\/schema\/person\/ba9eca435947489fb25117a0cd75bf3e","name":"Johanna Islenny Prieto Pe\u00f1a","image":{"@type":"ImageObject","inLanguage":"es-CO","@id":"https:\/\/www.fiscalia.gov.co\/colombia\/#\/schema\/person\/image\/","url":"https:\/\/secure.gravatar.com\/avatar\/111433fc2acb037ffb768f6a3ca47864?s=96&d=mm&r=g","contentUrl":"https:\/\/secure.gravatar.com\/avatar\/111433fc2acb037ffb768f6a3ca47864?s=96&d=mm&r=g","caption":"Johanna Islenny Prieto Pe\u00f1a"},"url":"https:\/\/www.fiscalia.gov.co\/colombia\/author\/jprietop\/"}]}},"_links":{"self":[{"href":"https:\/\/www.fiscalia.gov.co\/colombia\/wp-json\/wp\/v2\/posts\/324497","targetHints":{"allow":["GET"]}}],"collection":[{"href":"https:\/\/www.fiscalia.gov.co\/colombia\/wp-json\/wp\/v2\/posts"}],"about":[{"href":"https:\/\/www.fiscalia.gov.co\/colombia\/wp-json\/wp\/v2\/types\/post"}],"author":[{"embeddable":true,"href":"https:\/\/www.fiscalia.gov.co\/colombia\/wp-json\/wp\/v2\/users\/181"}],"replies":[{"embeddable":true,"href":"https:\/\/www.fiscalia.gov.co\/colombia\/wp-json\/wp\/v2\/comments?post=324497"}],"version-history":[{"count":1,"href":"https:\/\/www.fiscalia.gov.co\/colombia\/wp-json\/wp\/v2\/posts\/324497\/revisions"}],"predecessor-version":[{"id":324498,"href":"https:\/\/www.fiscalia.gov.co\/colombia\/wp-json\/wp\/v2\/posts\/324497\/revisions\/324498"}],"wp:attachment":[{"href":"https:\/\/www.fiscalia.gov.co\/colombia\/wp-json\/wp\/v2\/media?parent=324497"}],"wp:term":[{"taxonomy":"category","embeddable":true,"href":"https:\/\/www.fiscalia.gov.co\/colombia\/wp-json\/wp\/v2\/categories?post=324497"},{"taxonomy":"post_tag","embeddable":true,"href":"https:\/\/www.fiscalia.gov.co\/colombia\/wp-json\/wp\/v2\/tags?post=324497"}],"curies":[{"name":"wp","href":"https:\/\/api.w.org\/{rel}","templated":true}]}}