{"id":324482,"date":"2025-09-24T15:50:18","date_gmt":"2025-09-24T20:50:18","guid":{"rendered":"https:\/\/www.fiscalia.gov.co\/colombia\/?p=324482"},"modified":"2025-09-25T15:13:26","modified_gmt":"2025-09-25T20:13:26","slug":"dos-hombres-senalados-de-agredir-sexualmente-a-una-menor-edad-de-7-anos-en-toledo-norte-de-santander-fueron-asegurados","status":"publish","type":"post","link":"https:\/\/www.fiscalia.gov.co\/colombia\/noticias\/dos-hombres-senalados-de-agredir-sexualmente-a-una-menor-edad-de-7-anos-en-toledo-norte-de-santander-fueron-asegurados\/","title":{"rendered":"Dos hombres se\u00f1alados de agredir sexualmente a una menor edad de 7 a\u00f1os en Toledo (Norte de Santander) fueron asegurados"},"content":{"rendered":"<p>La Fiscal\u00eda General de la Naci\u00f3n imput\u00f3 cargos por el delito de <b>acto sexual abusivo con menor de 14 a\u00f1os agravado a dos\u00a0<a id=\"OWA814d1022-884a-1d8f-0c71-2aa0a4847fad\" class=\"x_x_OWAAutoLink\" title=\"https:\/\/www.fiscalia.gov.co\/colombia\/noticias\/judicializado-profesor-que-habria-agredido-sexualmente-a-tres-estudiantes-en-labateca-norte-de-santander\/\" href=\"https:\/\/www.fiscalia.gov.co\/colombia\/noticias\/judicializado-profesor-que-habria-agredido-sexualmente-a-tres-estudiantes-en-labateca-norte-de-santander\/\" target=\"_blank\" rel=\"noopener noreferrer\" data-auth=\"NotApplicable\" data-linkindex=\"0\">hombres<\/a>, por hechos ocurridos en zona rural de Toledo (Norte de Santander).<\/b><\/p>\n<figure id=\"attachment_324483\" aria-describedby=\"caption-attachment-324483\" style=\"width: 300px\" class=\"wp-caption alignnone\"><img loading=\"lazy\" decoding=\"async\" class=\"size-medium wp-image-324483\" src=\"https:\/\/www.fiscalia.gov.co\/colombia\/wp-content\/uploads\/Marco-Antonio-Camargo-Basto-y-Diego-Alonso-Solano-Torres-judiciliazdos-por-su-presunta-responsabilidad-en-el-delito-de-actos-sexuales-con-menor-de-14-anos-300x264.jpg\" alt=\"Se visualiza a los capturados junto a uniformados de la Polic\u00eda Nacional. Frente a ellos una mesa con los tel\u00e9fonos incautados. Detr\u00e1s de ellos el banner que identifica a la Polic\u00eda Nacional\" width=\"300\" height=\"264\" srcset=\"https:\/\/www.fiscalia.gov.co\/colombia\/wp-content\/uploads\/Marco-Antonio-Camargo-Basto-y-Diego-Alonso-Solano-Torres-judiciliazdos-por-su-presunta-responsabilidad-en-el-delito-de-actos-sexuales-con-menor-de-14-anos-300x264.jpg 300w, https:\/\/www.fiscalia.gov.co\/colombia\/wp-content\/uploads\/Marco-Antonio-Camargo-Basto-y-Diego-Alonso-Solano-Torres-judiciliazdos-por-su-presunta-responsabilidad-en-el-delito-de-actos-sexuales-con-menor-de-14-anos.jpg 470w\" sizes=\"auto, (max-width: 300px) 100vw, 300px\" \/><figcaption id=\"caption-attachment-324483\" class=\"wp-caption-text\">Los dos hombres habr\u00edan abusado de una menor de 7 a\u00f1os, aprovechando su relaci\u00f3n familiar, fueron enviados a la c\u00e1rcel.<\/figcaption><\/figure>\n<p>De acuerdo con las investigaciones los procesados durante el <b>2024, al parecer, aprovechando su parentesco como t\u00edo y primo de la menor de edad de 7 a\u00f1os, le habr\u00edan realizado tocamientos de tipo sexual en la casa de la abuela cuando quedaba a cargo de la ni\u00f1a.\u00a0<\/b><\/p>\n<p>Los hombres de 25 y 23 a\u00f1os fueron capturados en\u00a0<b>cumplimiento de una orden judicial por servidores del Cuerpo T\u00e9cnico de Investigaci\u00f3n (CTI) y uniformados de la Polic\u00eda Nacional en v\u00eda p\u00fablica de esta localidad.<\/b><\/p>\n<p>Un juez penal municipal con funciones de control de\u00a0<a id=\"OWAab48d119-3098-65e9-54cf-1c36fc919a9a\" class=\"x_x_OWAAutoLink\" title=\"https:\/\/www.fiscalia.gov.co\/colombia\/noticias\/judicializan-a-dos-hombres-que-habrian-abusado-sexualmente-de-menores-de-edad-en-norte-de-santander\/\" href=\"https:\/\/www.fiscalia.gov.co\/colombia\/noticias\/judicializan-a-dos-hombres-que-habrian-abusado-sexualmente-de-menores-de-edad-en-norte-de-santander\/\" target=\"_blank\" rel=\"noopener noreferrer\" data-auth=\"NotApplicable\" data-linkindex=\"1\">garant\u00edas<\/a>\u00a0<b>les impuso medida de aseguramiento en establecimiento carcelario.<\/b><\/p>\n<p>MPHA\/AMCJ\/EXPA\/EDBC\/DSNS<\/p>\n<p>&nbsp;<\/p>\n<p>&nbsp;<\/p>\n<p>&nbsp;<\/p>\n<p>&nbsp;<\/p>\n<p><i>La informaci\u00f3n contenida en este bolet\u00edn de prensa corresponde a la narraci\u00f3n de los hechos noticiosos objetivos, suministrados por los funcionarios encargados de adelantar las investigaciones penales al interior de la Fiscal\u00eda General de la Naci\u00f3n. Para el momento de la divulgaci\u00f3n de este comunicado, la situaci\u00f3n jur\u00eddica de la(s) persona(s) relacionada(s) se encuentra pendiente de resolver por la autoridad judicial competente, siempre bajo los preceptos de la presunci\u00f3n de inocencia, consagrados en el art\u00edculo 29 de la Constituci\u00f3n Pol\u00edtica y el art\u00edculo 7\u00ba de la Ley 906 de 2004.<\/i><\/p>\n\n<div class=\"twitter-share\"><a href=\"https:\/\/twitter.com\/intent\/tweet?via=fiscaliacol\" class=\"twitter-share-button\">Tweet<\/a><\/div>\n","protected":false},"excerpt":{"rendered":"<p>La Fiscal\u00eda General de la Naci\u00f3n imput\u00f3 cargos por el delito de acto sexual abusivo con menor de 14 a\u00f1os agravado a dos\u00a0hombres, por hechos ocurridos en zona rural de Toledo (Norte de Santander). De acuerdo con las investigaciones los procesados durante el 2024, al parecer, aprovechando su parentesco como t\u00edo y primo de la [&hellip;]<\/p>\n","protected":false},"author":181,"featured_media":0,"comment_status":"closed","ping_status":"open","sticky":false,"template":"","format":"standard","meta":{"tdm_status":"","tdm_grid_status":"","footnotes":""},"categories":[1,24099],"tags":[14550,2369,12184,37892,4614,1047,17967,2464,37671,711],"class_list":{"0":"post-324482","1":"post","2":"type-post","3":"status-publish","4":"format-standard","6":"category-noticias","7":"category-seguridad-territorial","8":"tag-carcel","9":"tag-de4litos-sexuales","10":"tag-fiscal","11":"tag-fiscal-luz-adriana-camargo-garzon","12":"tag-fiscalia-2","13":"tag-fiscalia-general-de-la-nacion","14":"tag-investigacion","15":"tag-menores","16":"tag-noticias","17":"tag-proteccion"},"yoast_head":"<!-- This site is optimized with the Yoast SEO plugin v24.3 - https:\/\/yoast.com\/wordpress\/plugins\/seo\/ -->\n<title>Fiscal\u00eda General de la Naci\u00f3n<\/title>\n<meta name=\"description\" content=\"P\u00e1gina oficial de la Fiscal\u00eda General de la Naci\u00f3n \u2013 Colombia. Garantizamos el acceso efectivo a la justicia, la verdad y la reparaci\u00f3n de las v\u00edctimas de los delitos.\" \/>\n<meta name=\"robots\" content=\"noindex, follow\" \/>\n<meta property=\"og:locale\" content=\"es_ES\" \/>\n<meta property=\"og:type\" content=\"article\" \/>\n<meta property=\"og:title\" content=\"Fiscal\u00eda General de la Naci\u00f3n\" \/>\n<meta property=\"og:description\" content=\"P\u00e1gina oficial de la Fiscal\u00eda General de la Naci\u00f3n \u2013 Colombia. Garantizamos el acceso efectivo a la justicia, la verdad y la reparaci\u00f3n de las v\u00edctimas de los delitos.\" \/>\n<meta property=\"og:url\" content=\"https:\/\/www.fiscalia.gov.co\/colombia\/noticias\/dos-hombres-senalados-de-agredir-sexualmente-a-una-menor-edad-de-7-anos-en-toledo-norte-de-santander-fueron-asegurados\/\" \/>\n<meta property=\"og:site_name\" content=\"Fiscal\u00eda General de la Naci\u00f3n\" \/>\n<meta property=\"article:publisher\" content=\"https:\/\/www.facebook.com\/FiscaliaCol\" \/>\n<meta property=\"article:published_time\" content=\"2025-09-24T20:50:18+00:00\" \/>\n<meta property=\"article:modified_time\" content=\"2025-09-25T20:13:26+00:00\" \/>\n<meta property=\"og:image\" content=\"https:\/\/www.fiscalia.gov.co\/colombia\/wp-content\/uploads\/Marco-Antonio-Camargo-Basto-y-Diego-Alonso-Solano-Torres-judiciliazdos-por-su-presunta-responsabilidad-en-el-delito-de-actos-sexuales-con-menor-de-14-anos.jpg\" \/>\n\t<meta property=\"og:image:width\" content=\"470\" \/>\n\t<meta property=\"og:image:height\" content=\"414\" \/>\n\t<meta property=\"og:image:type\" content=\"image\/jpeg\" \/>\n<meta name=\"author\" content=\"Johanna Islenny Prieto Pe\u00f1a\" \/>\n<meta name=\"twitter:card\" content=\"summary_large_image\" \/>\n<meta name=\"twitter:creator\" content=\"@FiscaliaCol\" \/>\n<meta name=\"twitter:site\" content=\"@FiscaliaCol\" \/>\n<meta name=\"twitter:label1\" content=\"Escrito por\" \/>\n\t<meta name=\"twitter:data1\" content=\"Johanna Islenny Prieto Pe\u00f1a\" \/>\n\t<meta name=\"twitter:label2\" content=\"Tiempo de lectura\" \/>\n\t<meta name=\"twitter:data2\" content=\"2 minutos\" \/>\n<script type=\"application\/ld+json\" class=\"yoast-schema-graph\">{\"@context\":\"https:\/\/schema.org\",\"@graph\":[{\"@type\":\"Article\",\"@id\":\"https:\/\/www.fiscalia.gov.co\/colombia\/noticias\/dos-hombres-senalados-de-agredir-sexualmente-a-una-menor-edad-de-7-anos-en-toledo-norte-de-santander-fueron-asegurados\/#article\",\"isPartOf\":{\"@id\":\"https:\/\/www.fiscalia.gov.co\/colombia\/noticias\/dos-hombres-senalados-de-agredir-sexualmente-a-una-menor-edad-de-7-anos-en-toledo-norte-de-santander-fueron-asegurados\/\"},\"author\":{\"name\":\"Johanna Islenny Prieto Pe\u00f1a\",\"@id\":\"https:\/\/www.fiscalia.gov.co\/colombia\/#\/schema\/person\/ba9eca435947489fb25117a0cd75bf3e\"},\"headline\":\"Dos hombres se\u00f1alados de agredir sexualmente a una menor edad de 7 a\u00f1os en Toledo (Norte de Santander) fueron asegurados\",\"datePublished\":\"2025-09-24T20:50:18+00:00\",\"dateModified\":\"2025-09-25T20:13:26+00:00\",\"mainEntityOfPage\":{\"@id\":\"https:\/\/www.fiscalia.gov.co\/colombia\/noticias\/dos-hombres-senalados-de-agredir-sexualmente-a-una-menor-edad-de-7-anos-en-toledo-norte-de-santander-fueron-asegurados\/\"},\"wordCount\":306,\"publisher\":{\"@id\":\"https:\/\/www.fiscalia.gov.co\/colombia\/#organization\"},\"image\":{\"@id\":\"https:\/\/www.fiscalia.gov.co\/colombia\/noticias\/dos-hombres-senalados-de-agredir-sexualmente-a-una-menor-edad-de-7-anos-en-toledo-norte-de-santander-fueron-asegurados\/#primaryimage\"},\"thumbnailUrl\":\"https:\/\/www.fiscalia.gov.co\/colombia\/wp-content\/uploads\/Marco-Antonio-Camargo-Basto-y-Diego-Alonso-Solano-Torres-judiciliazdos-por-su-presunta-responsabilidad-en-el-delito-de-actos-sexuales-con-menor-de-14-anos-300x264.jpg\",\"keywords\":[\"C\u00e1rcel\",\"Delitos sexuales\",\"Fiscal\",\"Fiscal Luz Adriana Camargo Garz\u00f3n\",\"Fiscal\u00eda\",\"Fiscal\u00eda General de la Naci\u00f3n\",\"Investigaci\u00f3n\",\"Menores\",\"Noticias\",\"Protecci\u00f3n\"],\"articleSection\":[\"Noticias\",\"Seguridad territorial\"],\"inLanguage\":\"es-CO\"},{\"@type\":\"WebPage\",\"@id\":\"https:\/\/www.fiscalia.gov.co\/colombia\/noticias\/dos-hombres-senalados-de-agredir-sexualmente-a-una-menor-edad-de-7-anos-en-toledo-norte-de-santander-fueron-asegurados\/\",\"url\":\"https:\/\/www.fiscalia.gov.co\/colombia\/noticias\/dos-hombres-senalados-de-agredir-sexualmente-a-una-menor-edad-de-7-anos-en-toledo-norte-de-santander-fueron-asegurados\/\",\"name\":\"Fiscal\u00eda General de la Naci\u00f3n\",\"isPartOf\":{\"@id\":\"https:\/\/www.fiscalia.gov.co\/colombia\/#website\"},\"primaryImageOfPage\":{\"@id\":\"https:\/\/www.fiscalia.gov.co\/colombia\/noticias\/dos-hombres-senalados-de-agredir-sexualmente-a-una-menor-edad-de-7-anos-en-toledo-norte-de-santander-fueron-asegurados\/#primaryimage\"},\"image\":{\"@id\":\"https:\/\/www.fiscalia.gov.co\/colombia\/noticias\/dos-hombres-senalados-de-agredir-sexualmente-a-una-menor-edad-de-7-anos-en-toledo-norte-de-santander-fueron-asegurados\/#primaryimage\"},\"thumbnailUrl\":\"https:\/\/www.fiscalia.gov.co\/colombia\/wp-content\/uploads\/Marco-Antonio-Camargo-Basto-y-Diego-Alonso-Solano-Torres-judiciliazdos-por-su-presunta-responsabilidad-en-el-delito-de-actos-sexuales-con-menor-de-14-anos-300x264.jpg\",\"datePublished\":\"2025-09-24T20:50:18+00:00\",\"dateModified\":\"2025-09-25T20:13:26+00:00\",\"description\":\"P\u00e1gina oficial de la Fiscal\u00eda General de la Naci\u00f3n \u2013 Colombia. Garantizamos el acceso efectivo a la justicia, la verdad y la reparaci\u00f3n de las v\u00edctimas de los delitos.\",\"breadcrumb\":{\"@id\":\"https:\/\/www.fiscalia.gov.co\/colombia\/noticias\/dos-hombres-senalados-de-agredir-sexualmente-a-una-menor-edad-de-7-anos-en-toledo-norte-de-santander-fueron-asegurados\/#breadcrumb\"},\"inLanguage\":\"es-CO\",\"potentialAction\":[{\"@type\":\"ReadAction\",\"target\":[\"https:\/\/www.fiscalia.gov.co\/colombia\/noticias\/dos-hombres-senalados-de-agredir-sexualmente-a-una-menor-edad-de-7-anos-en-toledo-norte-de-santander-fueron-asegurados\/\"]}]},{\"@type\":\"ImageObject\",\"inLanguage\":\"es-CO\",\"@id\":\"https:\/\/www.fiscalia.gov.co\/colombia\/noticias\/dos-hombres-senalados-de-agredir-sexualmente-a-una-menor-edad-de-7-anos-en-toledo-norte-de-santander-fueron-asegurados\/#primaryimage\",\"url\":\"https:\/\/www.fiscalia.gov.co\/colombia\/wp-content\/uploads\/Marco-Antonio-Camargo-Basto-y-Diego-Alonso-Solano-Torres-judiciliazdos-por-su-presunta-responsabilidad-en-el-delito-de-actos-sexuales-con-menor-de-14-anos.jpg\",\"contentUrl\":\"https:\/\/www.fiscalia.gov.co\/colombia\/wp-content\/uploads\/Marco-Antonio-Camargo-Basto-y-Diego-Alonso-Solano-Torres-judiciliazdos-por-su-presunta-responsabilidad-en-el-delito-de-actos-sexuales-con-menor-de-14-anos.jpg\",\"width\":470,\"height\":414,\"caption\":\"Los dos hombres habr\u00edan abusado de una menor de 7 a\u00f1os, aprovechando su relaci\u00f3n familiar, fueron enviados a la c\u00e1rcel.\u00a0\"},{\"@type\":\"BreadcrumbList\",\"@id\":\"https:\/\/www.fiscalia.gov.co\/colombia\/noticias\/dos-hombres-senalados-de-agredir-sexualmente-a-una-menor-edad-de-7-anos-en-toledo-norte-de-santander-fueron-asegurados\/#breadcrumb\",\"itemListElement\":[{\"@type\":\"ListItem\",\"position\":1,\"name\":\"Home\",\"item\":\"https:\/\/www.fiscalia.gov.co\/colombia\/\"},{\"@type\":\"ListItem\",\"position\":2,\"name\":\"Dos hombres se\u00f1alados de agredir sexualmente a una menor edad de 7 a\u00f1os en Toledo (Norte de Santander) fueron asegurados\"}]},{\"@type\":\"WebSite\",\"@id\":\"https:\/\/www.fiscalia.gov.co\/colombia\/#website\",\"url\":\"https:\/\/www.fiscalia.gov.co\/colombia\/\",\"name\":\"Fiscal\u00eda General de la Naci\u00f3n\",\"description\":\"P\u00e1gina oficial de la Fiscal\u00eda General de la Naci\u00f3n \u2013 Colombia. Garantizamos el acceso efectivo a la justicia, la verdad y la reparaci\u00f3n de las v\u00edctimas de los delitos.\",\"publisher\":{\"@id\":\"https:\/\/www.fiscalia.gov.co\/colombia\/#organization\"},\"potentialAction\":[{\"@type\":\"SearchAction\",\"target\":{\"@type\":\"EntryPoint\",\"urlTemplate\":\"https:\/\/www.fiscalia.gov.co\/colombia\/?s={search_term_string}\"},\"query-input\":{\"@type\":\"PropertyValueSpecification\",\"valueRequired\":true,\"valueName\":\"search_term_string\"}}],\"inLanguage\":\"es-CO\"},{\"@type\":\"Organization\",\"@id\":\"https:\/\/www.fiscalia.gov.co\/colombia\/#organization\",\"name\":\"Fiscal\u00eda General de la Naci\u00f3n\",\"url\":\"https:\/\/www.fiscalia.gov.co\/colombia\/\",\"logo\":{\"@type\":\"ImageObject\",\"inLanguage\":\"es-CO\",\"@id\":\"https:\/\/www.fiscalia.gov.co\/colombia\/#\/schema\/logo\/image\/\",\"url\":\"https:\/\/www.fiscalia.gov.co\/colombia\/wp-content\/uploads\/LogoHorizontal_1.jpg\",\"contentUrl\":\"https:\/\/www.fiscalia.gov.co\/colombia\/wp-content\/uploads\/LogoHorizontal_1.jpg\",\"width\":300,\"height\":90,\"caption\":\"Fiscal\u00eda General de la Naci\u00f3n\"},\"image\":{\"@id\":\"https:\/\/www.fiscalia.gov.co\/colombia\/#\/schema\/logo\/image\/\"},\"sameAs\":[\"https:\/\/www.facebook.com\/FiscaliaCol\",\"https:\/\/x.com\/FiscaliaCol\",\"https:\/\/www.instagram.com\/fiscaliacol\",\"https:\/\/www.linkedin.com\/company\/fiscalia-general-de-la-naci-n\/\",\"https:\/\/youtube.com\/@fiscaliageneraldelanacion-4668?si=6nN79nyQICPU5iTh\"]},{\"@type\":\"Person\",\"@id\":\"https:\/\/www.fiscalia.gov.co\/colombia\/#\/schema\/person\/ba9eca435947489fb25117a0cd75bf3e\",\"name\":\"Johanna Islenny Prieto Pe\u00f1a\",\"image\":{\"@type\":\"ImageObject\",\"inLanguage\":\"es-CO\",\"@id\":\"https:\/\/www.fiscalia.gov.co\/colombia\/#\/schema\/person\/image\/\",\"url\":\"https:\/\/secure.gravatar.com\/avatar\/111433fc2acb037ffb768f6a3ca47864?s=96&d=mm&r=g\",\"contentUrl\":\"https:\/\/secure.gravatar.com\/avatar\/111433fc2acb037ffb768f6a3ca47864?s=96&d=mm&r=g\",\"caption\":\"Johanna Islenny Prieto Pe\u00f1a\"},\"url\":\"https:\/\/www.fiscalia.gov.co\/colombia\/author\/jprietop\/\"}]}<\/script>\n<!-- \/ Yoast SEO plugin. -->","yoast_head_json":{"title":"Fiscal\u00eda General de la Naci\u00f3n","description":"P\u00e1gina oficial de la Fiscal\u00eda General de la Naci\u00f3n \u2013 Colombia. Garantizamos el acceso efectivo a la justicia, la verdad y la reparaci\u00f3n de las v\u00edctimas de los delitos.","robots":{"index":"noindex","follow":"follow"},"og_locale":"es_ES","og_type":"article","og_title":"Fiscal\u00eda General de la Naci\u00f3n","og_description":"P\u00e1gina oficial de la Fiscal\u00eda General de la Naci\u00f3n \u2013 Colombia. Garantizamos el acceso efectivo a la justicia, la verdad y la reparaci\u00f3n de las v\u00edctimas de los delitos.","og_url":"https:\/\/www.fiscalia.gov.co\/colombia\/noticias\/dos-hombres-senalados-de-agredir-sexualmente-a-una-menor-edad-de-7-anos-en-toledo-norte-de-santander-fueron-asegurados\/","og_site_name":"Fiscal\u00eda General de la Naci\u00f3n","article_publisher":"https:\/\/www.facebook.com\/FiscaliaCol","article_published_time":"2025-09-24T20:50:18+00:00","article_modified_time":"2025-09-25T20:13:26+00:00","og_image":[{"width":470,"height":414,"url":"https:\/\/www.fiscalia.gov.co\/colombia\/wp-content\/uploads\/Marco-Antonio-Camargo-Basto-y-Diego-Alonso-Solano-Torres-judiciliazdos-por-su-presunta-responsabilidad-en-el-delito-de-actos-sexuales-con-menor-de-14-anos.jpg","type":"image\/jpeg"}],"author":"Johanna Islenny Prieto Pe\u00f1a","twitter_card":"summary_large_image","twitter_creator":"@FiscaliaCol","twitter_site":"@FiscaliaCol","twitter_misc":{"Escrito por":"Johanna Islenny Prieto Pe\u00f1a","Tiempo de lectura":"2 minutos"},"schema":{"@context":"https:\/\/schema.org","@graph":[{"@type":"Article","@id":"https:\/\/www.fiscalia.gov.co\/colombia\/noticias\/dos-hombres-senalados-de-agredir-sexualmente-a-una-menor-edad-de-7-anos-en-toledo-norte-de-santander-fueron-asegurados\/#article","isPartOf":{"@id":"https:\/\/www.fiscalia.gov.co\/colombia\/noticias\/dos-hombres-senalados-de-agredir-sexualmente-a-una-menor-edad-de-7-anos-en-toledo-norte-de-santander-fueron-asegurados\/"},"author":{"name":"Johanna Islenny Prieto Pe\u00f1a","@id":"https:\/\/www.fiscalia.gov.co\/colombia\/#\/schema\/person\/ba9eca435947489fb25117a0cd75bf3e"},"headline":"Dos hombres se\u00f1alados de agredir sexualmente a una menor edad de 7 a\u00f1os en Toledo (Norte de Santander) fueron asegurados","datePublished":"2025-09-24T20:50:18+00:00","dateModified":"2025-09-25T20:13:26+00:00","mainEntityOfPage":{"@id":"https:\/\/www.fiscalia.gov.co\/colombia\/noticias\/dos-hombres-senalados-de-agredir-sexualmente-a-una-menor-edad-de-7-anos-en-toledo-norte-de-santander-fueron-asegurados\/"},"wordCount":306,"publisher":{"@id":"https:\/\/www.fiscalia.gov.co\/colombia\/#organization"},"image":{"@id":"https:\/\/www.fiscalia.gov.co\/colombia\/noticias\/dos-hombres-senalados-de-agredir-sexualmente-a-una-menor-edad-de-7-anos-en-toledo-norte-de-santander-fueron-asegurados\/#primaryimage"},"thumbnailUrl":"https:\/\/www.fiscalia.gov.co\/colombia\/wp-content\/uploads\/Marco-Antonio-Camargo-Basto-y-Diego-Alonso-Solano-Torres-judiciliazdos-por-su-presunta-responsabilidad-en-el-delito-de-actos-sexuales-con-menor-de-14-anos-300x264.jpg","keywords":["C\u00e1rcel","Delitos sexuales","Fiscal","Fiscal Luz Adriana Camargo Garz\u00f3n","Fiscal\u00eda","Fiscal\u00eda General de la Naci\u00f3n","Investigaci\u00f3n","Menores","Noticias","Protecci\u00f3n"],"articleSection":["Noticias","Seguridad territorial"],"inLanguage":"es-CO"},{"@type":"WebPage","@id":"https:\/\/www.fiscalia.gov.co\/colombia\/noticias\/dos-hombres-senalados-de-agredir-sexualmente-a-una-menor-edad-de-7-anos-en-toledo-norte-de-santander-fueron-asegurados\/","url":"https:\/\/www.fiscalia.gov.co\/colombia\/noticias\/dos-hombres-senalados-de-agredir-sexualmente-a-una-menor-edad-de-7-anos-en-toledo-norte-de-santander-fueron-asegurados\/","name":"Fiscal\u00eda General de la Naci\u00f3n","isPartOf":{"@id":"https:\/\/www.fiscalia.gov.co\/colombia\/#website"},"primaryImageOfPage":{"@id":"https:\/\/www.fiscalia.gov.co\/colombia\/noticias\/dos-hombres-senalados-de-agredir-sexualmente-a-una-menor-edad-de-7-anos-en-toledo-norte-de-santander-fueron-asegurados\/#primaryimage"},"image":{"@id":"https:\/\/www.fiscalia.gov.co\/colombia\/noticias\/dos-hombres-senalados-de-agredir-sexualmente-a-una-menor-edad-de-7-anos-en-toledo-norte-de-santander-fueron-asegurados\/#primaryimage"},"thumbnailUrl":"https:\/\/www.fiscalia.gov.co\/colombia\/wp-content\/uploads\/Marco-Antonio-Camargo-Basto-y-Diego-Alonso-Solano-Torres-judiciliazdos-por-su-presunta-responsabilidad-en-el-delito-de-actos-sexuales-con-menor-de-14-anos-300x264.jpg","datePublished":"2025-09-24T20:50:18+00:00","dateModified":"2025-09-25T20:13:26+00:00","description":"P\u00e1gina oficial de la Fiscal\u00eda General de la Naci\u00f3n \u2013 Colombia. Garantizamos el acceso efectivo a la justicia, la verdad y la reparaci\u00f3n de las v\u00edctimas de los delitos.","breadcrumb":{"@id":"https:\/\/www.fiscalia.gov.co\/colombia\/noticias\/dos-hombres-senalados-de-agredir-sexualmente-a-una-menor-edad-de-7-anos-en-toledo-norte-de-santander-fueron-asegurados\/#breadcrumb"},"inLanguage":"es-CO","potentialAction":[{"@type":"ReadAction","target":["https:\/\/www.fiscalia.gov.co\/colombia\/noticias\/dos-hombres-senalados-de-agredir-sexualmente-a-una-menor-edad-de-7-anos-en-toledo-norte-de-santander-fueron-asegurados\/"]}]},{"@type":"ImageObject","inLanguage":"es-CO","@id":"https:\/\/www.fiscalia.gov.co\/colombia\/noticias\/dos-hombres-senalados-de-agredir-sexualmente-a-una-menor-edad-de-7-anos-en-toledo-norte-de-santander-fueron-asegurados\/#primaryimage","url":"https:\/\/www.fiscalia.gov.co\/colombia\/wp-content\/uploads\/Marco-Antonio-Camargo-Basto-y-Diego-Alonso-Solano-Torres-judiciliazdos-por-su-presunta-responsabilidad-en-el-delito-de-actos-sexuales-con-menor-de-14-anos.jpg","contentUrl":"https:\/\/www.fiscalia.gov.co\/colombia\/wp-content\/uploads\/Marco-Antonio-Camargo-Basto-y-Diego-Alonso-Solano-Torres-judiciliazdos-por-su-presunta-responsabilidad-en-el-delito-de-actos-sexuales-con-menor-de-14-anos.jpg","width":470,"height":414,"caption":"Los dos hombres habr\u00edan abusado de una menor de 7 a\u00f1os, aprovechando su relaci\u00f3n familiar, fueron enviados a la c\u00e1rcel.\u00a0"},{"@type":"BreadcrumbList","@id":"https:\/\/www.fiscalia.gov.co\/colombia\/noticias\/dos-hombres-senalados-de-agredir-sexualmente-a-una-menor-edad-de-7-anos-en-toledo-norte-de-santander-fueron-asegurados\/#breadcrumb","itemListElement":[{"@type":"ListItem","position":1,"name":"Home","item":"https:\/\/www.fiscalia.gov.co\/colombia\/"},{"@type":"ListItem","position":2,"name":"Dos hombres se\u00f1alados de agredir sexualmente a una menor edad de 7 a\u00f1os en Toledo (Norte de Santander) fueron asegurados"}]},{"@type":"WebSite","@id":"https:\/\/www.fiscalia.gov.co\/colombia\/#website","url":"https:\/\/www.fiscalia.gov.co\/colombia\/","name":"Fiscal\u00eda General de la Naci\u00f3n","description":"P\u00e1gina oficial de la Fiscal\u00eda General de la Naci\u00f3n \u2013 Colombia. Garantizamos el acceso efectivo a la justicia, la verdad y la reparaci\u00f3n de las v\u00edctimas de los delitos.","publisher":{"@id":"https:\/\/www.fiscalia.gov.co\/colombia\/#organization"},"potentialAction":[{"@type":"SearchAction","target":{"@type":"EntryPoint","urlTemplate":"https:\/\/www.fiscalia.gov.co\/colombia\/?s={search_term_string}"},"query-input":{"@type":"PropertyValueSpecification","valueRequired":true,"valueName":"search_term_string"}}],"inLanguage":"es-CO"},{"@type":"Organization","@id":"https:\/\/www.fiscalia.gov.co\/colombia\/#organization","name":"Fiscal\u00eda General de la Naci\u00f3n","url":"https:\/\/www.fiscalia.gov.co\/colombia\/","logo":{"@type":"ImageObject","inLanguage":"es-CO","@id":"https:\/\/www.fiscalia.gov.co\/colombia\/#\/schema\/logo\/image\/","url":"https:\/\/www.fiscalia.gov.co\/colombia\/wp-content\/uploads\/LogoHorizontal_1.jpg","contentUrl":"https:\/\/www.fiscalia.gov.co\/colombia\/wp-content\/uploads\/LogoHorizontal_1.jpg","width":300,"height":90,"caption":"Fiscal\u00eda General de la Naci\u00f3n"},"image":{"@id":"https:\/\/www.fiscalia.gov.co\/colombia\/#\/schema\/logo\/image\/"},"sameAs":["https:\/\/www.facebook.com\/FiscaliaCol","https:\/\/x.com\/FiscaliaCol","https:\/\/www.instagram.com\/fiscaliacol","https:\/\/www.linkedin.com\/company\/fiscalia-general-de-la-naci-n\/","https:\/\/youtube.com\/@fiscaliageneraldelanacion-4668?si=6nN79nyQICPU5iTh"]},{"@type":"Person","@id":"https:\/\/www.fiscalia.gov.co\/colombia\/#\/schema\/person\/ba9eca435947489fb25117a0cd75bf3e","name":"Johanna Islenny Prieto Pe\u00f1a","image":{"@type":"ImageObject","inLanguage":"es-CO","@id":"https:\/\/www.fiscalia.gov.co\/colombia\/#\/schema\/person\/image\/","url":"https:\/\/secure.gravatar.com\/avatar\/111433fc2acb037ffb768f6a3ca47864?s=96&d=mm&r=g","contentUrl":"https:\/\/secure.gravatar.com\/avatar\/111433fc2acb037ffb768f6a3ca47864?s=96&d=mm&r=g","caption":"Johanna Islenny Prieto Pe\u00f1a"},"url":"https:\/\/www.fiscalia.gov.co\/colombia\/author\/jprietop\/"}]}},"_links":{"self":[{"href":"https:\/\/www.fiscalia.gov.co\/colombia\/wp-json\/wp\/v2\/posts\/324482","targetHints":{"allow":["GET"]}}],"collection":[{"href":"https:\/\/www.fiscalia.gov.co\/colombia\/wp-json\/wp\/v2\/posts"}],"about":[{"href":"https:\/\/www.fiscalia.gov.co\/colombia\/wp-json\/wp\/v2\/types\/post"}],"author":[{"embeddable":true,"href":"https:\/\/www.fiscalia.gov.co\/colombia\/wp-json\/wp\/v2\/users\/181"}],"replies":[{"embeddable":true,"href":"https:\/\/www.fiscalia.gov.co\/colombia\/wp-json\/wp\/v2\/comments?post=324482"}],"version-history":[{"count":1,"href":"https:\/\/www.fiscalia.gov.co\/colombia\/wp-json\/wp\/v2\/posts\/324482\/revisions"}],"predecessor-version":[{"id":324484,"href":"https:\/\/www.fiscalia.gov.co\/colombia\/wp-json\/wp\/v2\/posts\/324482\/revisions\/324484"}],"wp:attachment":[{"href":"https:\/\/www.fiscalia.gov.co\/colombia\/wp-json\/wp\/v2\/media?parent=324482"}],"wp:term":[{"taxonomy":"category","embeddable":true,"href":"https:\/\/www.fiscalia.gov.co\/colombia\/wp-json\/wp\/v2\/categories?post=324482"},{"taxonomy":"post_tag","embeddable":true,"href":"https:\/\/www.fiscalia.gov.co\/colombia\/wp-json\/wp\/v2\/tags?post=324482"}],"curies":[{"name":"wp","href":"https:\/\/api.w.org\/{rel}","templated":true}]}}