{"id":324477,"date":"2025-09-24T15:00:35","date_gmt":"2025-09-24T20:00:35","guid":{"rendered":"https:\/\/www.fiscalia.gov.co\/colombia\/?p=324477"},"modified":"2025-09-25T15:14:21","modified_gmt":"2025-09-25T20:14:21","slug":"con-la-apertura-del-paf-en-san-jacinto-del-cauca-fiscalia-alcanza-12-puntos-de-atencion-en-bolivar","status":"publish","type":"post","link":"https:\/\/www.fiscalia.gov.co\/colombia\/noticias\/con-la-apertura-del-paf-en-san-jacinto-del-cauca-fiscalia-alcanza-12-puntos-de-atencion-en-bolivar\/","title":{"rendered":"Con la apertura del PAF en San Jacinto del Cauca, Fiscal\u00eda alcanza 12 puntos de atenci\u00f3n en Bol\u00edvar"},"content":{"rendered":"<p>La Fiscal\u00eda General de la Naci\u00f3n, interesada en fortalecer su presencia institucional en Bol\u00edvar, puso en funcionamiento un nuevo Punto de Atenci\u00f3n de Fiscal\u00eda (PAF) en el municipio de San Jacinto del Cauca.<\/p>\n<figure id=\"attachment_324478\" aria-describedby=\"caption-attachment-324478\" style=\"width: 300px\" class=\"wp-caption alignnone\"><img loading=\"lazy\" decoding=\"async\" class=\"size-medium wp-image-324478\" src=\"https:\/\/www.fiscalia.gov.co\/colombia\/wp-content\/uploads\/Foto-1-boletin-24-de-septiembre-PAF-300x275.jpeg\" alt=\" En las fotograf\u00edas est\u00e1n varias personas interactuando y cortando la cinta de apertura del Punto de Atenci\u00f3n de la Fiscal\u00eda. \" width=\"300\" height=\"275\" srcset=\"https:\/\/www.fiscalia.gov.co\/colombia\/wp-content\/uploads\/Foto-1-boletin-24-de-septiembre-PAF-300x275.jpeg 300w, https:\/\/www.fiscalia.gov.co\/colombia\/wp-content\/uploads\/Foto-1-boletin-24-de-septiembre-PAF-768x705.jpeg 768w, https:\/\/www.fiscalia.gov.co\/colombia\/wp-content\/uploads\/Foto-1-boletin-24-de-septiembre-PAF-457x420.jpeg 457w, https:\/\/www.fiscalia.gov.co\/colombia\/wp-content\/uploads\/Foto-1-boletin-24-de-septiembre-PAF-696x639.jpeg 696w, https:\/\/www.fiscalia.gov.co\/colombia\/wp-content\/uploads\/Foto-1-boletin-24-de-septiembre-PAF.jpeg 1004w\" sizes=\"auto, (max-width: 300px) 100vw, 300px\" \/><figcaption id=\"caption-attachment-324478\" class=\"wp-caption-text\">Momentos en que se realizaba la apertura oficial del Punto de Atenci\u00f3n de Fiscal\u00edas.<\/figcaption><\/figure>\n<p>En este espacio los ciudadanos podr\u00e1n recibir orientaci\u00f3n, consultar el estado de casos, adem\u00e1s de instaurar denuncias. De esta manera, el ente investigador garantiza el acceso a la justicia.<\/p>\n<p>Esta determinaci\u00f3n es el resultado de la articulaci\u00f3n entre la Seccional Bol\u00edvar y la administraci\u00f3n local, para optimizar los servicios que ofrece la entidad y el manejo adecuado en la ruta de atenci\u00f3n.<\/p>\n<figure id=\"attachment_324479\" aria-describedby=\"caption-attachment-324479\" style=\"width: 222px\" class=\"wp-caption alignnone\"><img loading=\"lazy\" decoding=\"async\" class=\"size-medium wp-image-324479\" src=\"https:\/\/www.fiscalia.gov.co\/colombia\/wp-content\/uploads\/Foto-2-boletin-24-de-septiembre-PAF-222x300.jpeg\" alt=\" En las fotograf\u00edas est\u00e1n varias personas interactuando y cortando la cinta de apertura del Punto de Atenci\u00f3n de la Fiscal\u00eda. \" width=\"222\" height=\"300\" srcset=\"https:\/\/www.fiscalia.gov.co\/colombia\/wp-content\/uploads\/Foto-2-boletin-24-de-septiembre-PAF-222x300.jpeg 222w, https:\/\/www.fiscalia.gov.co\/colombia\/wp-content\/uploads\/Foto-2-boletin-24-de-septiembre-PAF-311x420.jpeg 311w, https:\/\/www.fiscalia.gov.co\/colombia\/wp-content\/uploads\/Foto-2-boletin-24-de-septiembre-PAF.jpeg 683w\" sizes=\"auto, (max-width: 222px) 100vw, 222px\" \/><figcaption id=\"caption-attachment-324479\" class=\"wp-caption-text\">Momentos en que se realizaba la apertura oficial del Punto de Atenci\u00f3n de Fiscal\u00edas.<\/figcaption><\/figure>\n<p>Este PAF est\u00e1 ubicado en la Casa de la Cultura del dicho municipio. Su horario de atenci\u00f3n ser\u00e1 de lunes a viernes entre las 8:00 a.m. a 12:00 p.m. y 1:00 p.m. a 5:00 p.m.<\/p>\n<p>En el acto de apertura estuvieron presentes la secretaria municipal, el comandante y el inspector de polic\u00eda; adem\u00e1s de representantes de la Registradur\u00eda Nacional, de la Personer\u00eda Municipal, enlace de v\u00edctimas, comisar\u00eda de familia y la Defensor\u00eda del Pueblo del sur de Bol\u00edvar.<\/p>\n<figure id=\"attachment_324480\" aria-describedby=\"caption-attachment-324480\" style=\"width: 300px\" class=\"wp-caption alignnone\"><img loading=\"lazy\" decoding=\"async\" class=\"size-medium wp-image-324480\" src=\"https:\/\/www.fiscalia.gov.co\/colombia\/wp-content\/uploads\/Foto-3-boletin-24-de-septiembre-PAF-300x229.jpeg\" alt=\"En las fotograf\u00edas est\u00e1n varias personas interactuando y cortando la cinta de apertura del Punto de Atenci\u00f3n de la Fiscal\u00eda.\" width=\"300\" height=\"229\" srcset=\"https:\/\/www.fiscalia.gov.co\/colombia\/wp-content\/uploads\/Foto-3-boletin-24-de-septiembre-PAF-300x229.jpeg 300w, https:\/\/www.fiscalia.gov.co\/colombia\/wp-content\/uploads\/Foto-3-boletin-24-de-septiembre-PAF-1024x781.jpeg 1024w, https:\/\/www.fiscalia.gov.co\/colombia\/wp-content\/uploads\/Foto-3-boletin-24-de-septiembre-PAF-768x586.jpeg 768w, https:\/\/www.fiscalia.gov.co\/colombia\/wp-content\/uploads\/Foto-3-boletin-24-de-septiembre-PAF-551x420.jpeg 551w, https:\/\/www.fiscalia.gov.co\/colombia\/wp-content\/uploads\/Foto-3-boletin-24-de-septiembre-PAF-80x60.jpeg 80w, https:\/\/www.fiscalia.gov.co\/colombia\/wp-content\/uploads\/Foto-3-boletin-24-de-septiembre-PAF-696x531.jpeg 696w, https:\/\/www.fiscalia.gov.co\/colombia\/wp-content\/uploads\/Foto-3-boletin-24-de-septiembre-PAF-1068x815.jpeg 1068w, https:\/\/www.fiscalia.gov.co\/colombia\/wp-content\/uploads\/Foto-3-boletin-24-de-septiembre-PAF.jpeg 1210w\" sizes=\"auto, (max-width: 300px) 100vw, 300px\" \/><figcaption id=\"caption-attachment-324480\" class=\"wp-caption-text\">Momentos en que se realizaba la apertura oficial del Punto de Atenci\u00f3n de Fiscal\u00edas.<\/figcaption><\/figure>\n<p>La Fiscal\u00eda est\u00e1 comprometida con acercar la justicia a los ciudadanos, sobre todo en lugares de dif\u00edcil acceso.<\/p>\n<p>MEVA\/MAGA\/MLJ\/RJGD\/DS<\/p>\n<p>&nbsp;<\/p>\n<p>&nbsp;<\/p>\n<p>&nbsp;<\/p>\n<p>&nbsp;<\/p>\n\n<div class=\"twitter-share\"><a href=\"https:\/\/twitter.com\/intent\/tweet?via=fiscaliacol\" class=\"twitter-share-button\">Tweet<\/a><\/div>\n","protected":false},"excerpt":{"rendered":"<p>La Fiscal\u00eda General de la Naci\u00f3n, interesada en fortalecer su presencia institucional en Bol\u00edvar, puso en funcionamiento un nuevo Punto de Atenci\u00f3n de Fiscal\u00eda (PAF) en el municipio de San Jacinto del Cauca. En este espacio los ciudadanos podr\u00e1n recibir orientaci\u00f3n, consultar el estado de casos, adem\u00e1s de instaurar denuncias. De esta manera, el ente [&hellip;]<\/p>\n","protected":false},"author":181,"featured_media":0,"comment_status":"closed","ping_status":"open","sticky":false,"template":"","format":"standard","meta":{"tdm_status":"","tdm_grid_status":"","footnotes":""},"categories":[1],"tags":[],"class_list":{"0":"post-324477","1":"post","2":"type-post","3":"status-publish","4":"format-standard","6":"category-noticias"},"yoast_head":"<!-- This site is optimized with the Yoast SEO plugin v24.3 - https:\/\/yoast.com\/wordpress\/plugins\/seo\/ -->\n<title>Fiscal\u00eda General de la Naci\u00f3n<\/title>\n<meta name=\"description\" content=\"P\u00e1gina oficial de la Fiscal\u00eda General de la Naci\u00f3n \u2013 Colombia. Garantizamos el acceso efectivo a la justicia, la verdad y la reparaci\u00f3n de las v\u00edctimas de los delitos.\" \/>\n<meta name=\"robots\" content=\"noindex, follow\" \/>\n<meta property=\"og:locale\" content=\"es_ES\" \/>\n<meta property=\"og:type\" content=\"article\" \/>\n<meta property=\"og:title\" content=\"Fiscal\u00eda General de la Naci\u00f3n\" \/>\n<meta property=\"og:description\" content=\"P\u00e1gina oficial de la Fiscal\u00eda General de la Naci\u00f3n \u2013 Colombia. Garantizamos el acceso efectivo a la justicia, la verdad y la reparaci\u00f3n de las v\u00edctimas de los delitos.\" \/>\n<meta property=\"og:url\" content=\"https:\/\/www.fiscalia.gov.co\/colombia\/noticias\/con-la-apertura-del-paf-en-san-jacinto-del-cauca-fiscalia-alcanza-12-puntos-de-atencion-en-bolivar\/\" \/>\n<meta property=\"og:site_name\" content=\"Fiscal\u00eda General de la Naci\u00f3n\" \/>\n<meta property=\"article:publisher\" content=\"https:\/\/www.facebook.com\/FiscaliaCol\" \/>\n<meta property=\"article:published_time\" content=\"2025-09-24T20:00:35+00:00\" \/>\n<meta property=\"article:modified_time\" content=\"2025-09-25T20:14:21+00:00\" \/>\n<meta property=\"og:image\" content=\"https:\/\/www.fiscalia.gov.co\/colombia\/wp-content\/uploads\/Foto-1-boletin-24-de-septiembre-PAF.jpeg\" \/>\n\t<meta property=\"og:image:width\" content=\"1004\" \/>\n\t<meta property=\"og:image:height\" content=\"922\" \/>\n\t<meta property=\"og:image:type\" content=\"image\/jpeg\" \/>\n<meta name=\"author\" content=\"Johanna Islenny Prieto Pe\u00f1a\" \/>\n<meta name=\"twitter:card\" content=\"summary_large_image\" \/>\n<meta name=\"twitter:creator\" content=\"@FiscaliaCol\" \/>\n<meta name=\"twitter:site\" content=\"@FiscaliaCol\" \/>\n<meta name=\"twitter:label1\" content=\"Escrito por\" \/>\n\t<meta name=\"twitter:data1\" content=\"Johanna Islenny Prieto Pe\u00f1a\" \/>\n\t<meta name=\"twitter:label2\" content=\"Tiempo de lectura\" \/>\n\t<meta name=\"twitter:data2\" content=\"2 minutos\" \/>\n<script type=\"application\/ld+json\" class=\"yoast-schema-graph\">{\"@context\":\"https:\/\/schema.org\",\"@graph\":[{\"@type\":\"Article\",\"@id\":\"https:\/\/www.fiscalia.gov.co\/colombia\/noticias\/con-la-apertura-del-paf-en-san-jacinto-del-cauca-fiscalia-alcanza-12-puntos-de-atencion-en-bolivar\/#article\",\"isPartOf\":{\"@id\":\"https:\/\/www.fiscalia.gov.co\/colombia\/noticias\/con-la-apertura-del-paf-en-san-jacinto-del-cauca-fiscalia-alcanza-12-puntos-de-atencion-en-bolivar\/\"},\"author\":{\"name\":\"Johanna Islenny Prieto Pe\u00f1a\",\"@id\":\"https:\/\/www.fiscalia.gov.co\/colombia\/#\/schema\/person\/ba9eca435947489fb25117a0cd75bf3e\"},\"headline\":\"Con la apertura del PAF en San Jacinto del Cauca, Fiscal\u00eda alcanza 12 puntos de atenci\u00f3n en Bol\u00edvar\",\"datePublished\":\"2025-09-24T20:00:35+00:00\",\"dateModified\":\"2025-09-25T20:14:21+00:00\",\"mainEntityOfPage\":{\"@id\":\"https:\/\/www.fiscalia.gov.co\/colombia\/noticias\/con-la-apertura-del-paf-en-san-jacinto-del-cauca-fiscalia-alcanza-12-puntos-de-atencion-en-bolivar\/\"},\"wordCount\":313,\"publisher\":{\"@id\":\"https:\/\/www.fiscalia.gov.co\/colombia\/#organization\"},\"image\":{\"@id\":\"https:\/\/www.fiscalia.gov.co\/colombia\/noticias\/con-la-apertura-del-paf-en-san-jacinto-del-cauca-fiscalia-alcanza-12-puntos-de-atencion-en-bolivar\/#primaryimage\"},\"thumbnailUrl\":\"https:\/\/www.fiscalia.gov.co\/colombia\/wp-content\/uploads\/Foto-1-boletin-24-de-septiembre-PAF-300x275.jpeg\",\"articleSection\":[\"Noticias\"],\"inLanguage\":\"es-CO\"},{\"@type\":\"WebPage\",\"@id\":\"https:\/\/www.fiscalia.gov.co\/colombia\/noticias\/con-la-apertura-del-paf-en-san-jacinto-del-cauca-fiscalia-alcanza-12-puntos-de-atencion-en-bolivar\/\",\"url\":\"https:\/\/www.fiscalia.gov.co\/colombia\/noticias\/con-la-apertura-del-paf-en-san-jacinto-del-cauca-fiscalia-alcanza-12-puntos-de-atencion-en-bolivar\/\",\"name\":\"Fiscal\u00eda General de la Naci\u00f3n\",\"isPartOf\":{\"@id\":\"https:\/\/www.fiscalia.gov.co\/colombia\/#website\"},\"primaryImageOfPage\":{\"@id\":\"https:\/\/www.fiscalia.gov.co\/colombia\/noticias\/con-la-apertura-del-paf-en-san-jacinto-del-cauca-fiscalia-alcanza-12-puntos-de-atencion-en-bolivar\/#primaryimage\"},\"image\":{\"@id\":\"https:\/\/www.fiscalia.gov.co\/colombia\/noticias\/con-la-apertura-del-paf-en-san-jacinto-del-cauca-fiscalia-alcanza-12-puntos-de-atencion-en-bolivar\/#primaryimage\"},\"thumbnailUrl\":\"https:\/\/www.fiscalia.gov.co\/colombia\/wp-content\/uploads\/Foto-1-boletin-24-de-septiembre-PAF-300x275.jpeg\",\"datePublished\":\"2025-09-24T20:00:35+00:00\",\"dateModified\":\"2025-09-25T20:14:21+00:00\",\"description\":\"P\u00e1gina oficial de la Fiscal\u00eda General de la Naci\u00f3n \u2013 Colombia. Garantizamos el acceso efectivo a la justicia, la verdad y la reparaci\u00f3n de las v\u00edctimas de los delitos.\",\"breadcrumb\":{\"@id\":\"https:\/\/www.fiscalia.gov.co\/colombia\/noticias\/con-la-apertura-del-paf-en-san-jacinto-del-cauca-fiscalia-alcanza-12-puntos-de-atencion-en-bolivar\/#breadcrumb\"},\"inLanguage\":\"es-CO\",\"potentialAction\":[{\"@type\":\"ReadAction\",\"target\":[\"https:\/\/www.fiscalia.gov.co\/colombia\/noticias\/con-la-apertura-del-paf-en-san-jacinto-del-cauca-fiscalia-alcanza-12-puntos-de-atencion-en-bolivar\/\"]}]},{\"@type\":\"ImageObject\",\"inLanguage\":\"es-CO\",\"@id\":\"https:\/\/www.fiscalia.gov.co\/colombia\/noticias\/con-la-apertura-del-paf-en-san-jacinto-del-cauca-fiscalia-alcanza-12-puntos-de-atencion-en-bolivar\/#primaryimage\",\"url\":\"https:\/\/www.fiscalia.gov.co\/colombia\/wp-content\/uploads\/Foto-1-boletin-24-de-septiembre-PAF.jpeg\",\"contentUrl\":\"https:\/\/www.fiscalia.gov.co\/colombia\/wp-content\/uploads\/Foto-1-boletin-24-de-septiembre-PAF.jpeg\",\"width\":1004,\"height\":922,\"caption\":\"Momentos en que se realizaba la apertura oficial del Punto de Atenci\u00f3n de Fiscal\u00edas.\u00a0\"},{\"@type\":\"BreadcrumbList\",\"@id\":\"https:\/\/www.fiscalia.gov.co\/colombia\/noticias\/con-la-apertura-del-paf-en-san-jacinto-del-cauca-fiscalia-alcanza-12-puntos-de-atencion-en-bolivar\/#breadcrumb\",\"itemListElement\":[{\"@type\":\"ListItem\",\"position\":1,\"name\":\"Home\",\"item\":\"https:\/\/www.fiscalia.gov.co\/colombia\/\"},{\"@type\":\"ListItem\",\"position\":2,\"name\":\"Con la apertura del PAF en San Jacinto del Cauca, Fiscal\u00eda alcanza 12 puntos de atenci\u00f3n en Bol\u00edvar\"}]},{\"@type\":\"WebSite\",\"@id\":\"https:\/\/www.fiscalia.gov.co\/colombia\/#website\",\"url\":\"https:\/\/www.fiscalia.gov.co\/colombia\/\",\"name\":\"Fiscal\u00eda General de la Naci\u00f3n\",\"description\":\"P\u00e1gina oficial de la Fiscal\u00eda General de la Naci\u00f3n \u2013 Colombia. Garantizamos el acceso efectivo a la justicia, la verdad y la reparaci\u00f3n de las v\u00edctimas de los delitos.\",\"publisher\":{\"@id\":\"https:\/\/www.fiscalia.gov.co\/colombia\/#organization\"},\"potentialAction\":[{\"@type\":\"SearchAction\",\"target\":{\"@type\":\"EntryPoint\",\"urlTemplate\":\"https:\/\/www.fiscalia.gov.co\/colombia\/?s={search_term_string}\"},\"query-input\":{\"@type\":\"PropertyValueSpecification\",\"valueRequired\":true,\"valueName\":\"search_term_string\"}}],\"inLanguage\":\"es-CO\"},{\"@type\":\"Organization\",\"@id\":\"https:\/\/www.fiscalia.gov.co\/colombia\/#organization\",\"name\":\"Fiscal\u00eda General de la Naci\u00f3n\",\"url\":\"https:\/\/www.fiscalia.gov.co\/colombia\/\",\"logo\":{\"@type\":\"ImageObject\",\"inLanguage\":\"es-CO\",\"@id\":\"https:\/\/www.fiscalia.gov.co\/colombia\/#\/schema\/logo\/image\/\",\"url\":\"https:\/\/www.fiscalia.gov.co\/colombia\/wp-content\/uploads\/LogoHorizontal_1.jpg\",\"contentUrl\":\"https:\/\/www.fiscalia.gov.co\/colombia\/wp-content\/uploads\/LogoHorizontal_1.jpg\",\"width\":300,\"height\":90,\"caption\":\"Fiscal\u00eda General de la Naci\u00f3n\"},\"image\":{\"@id\":\"https:\/\/www.fiscalia.gov.co\/colombia\/#\/schema\/logo\/image\/\"},\"sameAs\":[\"https:\/\/www.facebook.com\/FiscaliaCol\",\"https:\/\/x.com\/FiscaliaCol\",\"https:\/\/www.instagram.com\/fiscaliacol\",\"https:\/\/www.linkedin.com\/company\/fiscalia-general-de-la-naci-n\/\",\"https:\/\/youtube.com\/@fiscaliageneraldelanacion-4668?si=6nN79nyQICPU5iTh\"]},{\"@type\":\"Person\",\"@id\":\"https:\/\/www.fiscalia.gov.co\/colombia\/#\/schema\/person\/ba9eca435947489fb25117a0cd75bf3e\",\"name\":\"Johanna Islenny Prieto Pe\u00f1a\",\"image\":{\"@type\":\"ImageObject\",\"inLanguage\":\"es-CO\",\"@id\":\"https:\/\/www.fiscalia.gov.co\/colombia\/#\/schema\/person\/image\/\",\"url\":\"https:\/\/secure.gravatar.com\/avatar\/111433fc2acb037ffb768f6a3ca47864?s=96&d=mm&r=g\",\"contentUrl\":\"https:\/\/secure.gravatar.com\/avatar\/111433fc2acb037ffb768f6a3ca47864?s=96&d=mm&r=g\",\"caption\":\"Johanna Islenny Prieto Pe\u00f1a\"},\"url\":\"https:\/\/www.fiscalia.gov.co\/colombia\/author\/jprietop\/\"}]}<\/script>\n<!-- \/ Yoast SEO plugin. -->","yoast_head_json":{"title":"Fiscal\u00eda General de la Naci\u00f3n","description":"P\u00e1gina oficial de la Fiscal\u00eda General de la Naci\u00f3n \u2013 Colombia. Garantizamos el acceso efectivo a la justicia, la verdad y la reparaci\u00f3n de las v\u00edctimas de los delitos.","robots":{"index":"noindex","follow":"follow"},"og_locale":"es_ES","og_type":"article","og_title":"Fiscal\u00eda General de la Naci\u00f3n","og_description":"P\u00e1gina oficial de la Fiscal\u00eda General de la Naci\u00f3n \u2013 Colombia. Garantizamos el acceso efectivo a la justicia, la verdad y la reparaci\u00f3n de las v\u00edctimas de los delitos.","og_url":"https:\/\/www.fiscalia.gov.co\/colombia\/noticias\/con-la-apertura-del-paf-en-san-jacinto-del-cauca-fiscalia-alcanza-12-puntos-de-atencion-en-bolivar\/","og_site_name":"Fiscal\u00eda General de la Naci\u00f3n","article_publisher":"https:\/\/www.facebook.com\/FiscaliaCol","article_published_time":"2025-09-24T20:00:35+00:00","article_modified_time":"2025-09-25T20:14:21+00:00","og_image":[{"width":1004,"height":922,"url":"https:\/\/www.fiscalia.gov.co\/colombia\/wp-content\/uploads\/Foto-1-boletin-24-de-septiembre-PAF.jpeg","type":"image\/jpeg"}],"author":"Johanna Islenny Prieto Pe\u00f1a","twitter_card":"summary_large_image","twitter_creator":"@FiscaliaCol","twitter_site":"@FiscaliaCol","twitter_misc":{"Escrito por":"Johanna Islenny Prieto Pe\u00f1a","Tiempo de lectura":"2 minutos"},"schema":{"@context":"https:\/\/schema.org","@graph":[{"@type":"Article","@id":"https:\/\/www.fiscalia.gov.co\/colombia\/noticias\/con-la-apertura-del-paf-en-san-jacinto-del-cauca-fiscalia-alcanza-12-puntos-de-atencion-en-bolivar\/#article","isPartOf":{"@id":"https:\/\/www.fiscalia.gov.co\/colombia\/noticias\/con-la-apertura-del-paf-en-san-jacinto-del-cauca-fiscalia-alcanza-12-puntos-de-atencion-en-bolivar\/"},"author":{"name":"Johanna Islenny Prieto Pe\u00f1a","@id":"https:\/\/www.fiscalia.gov.co\/colombia\/#\/schema\/person\/ba9eca435947489fb25117a0cd75bf3e"},"headline":"Con la apertura del PAF en San Jacinto del Cauca, Fiscal\u00eda alcanza 12 puntos de atenci\u00f3n en Bol\u00edvar","datePublished":"2025-09-24T20:00:35+00:00","dateModified":"2025-09-25T20:14:21+00:00","mainEntityOfPage":{"@id":"https:\/\/www.fiscalia.gov.co\/colombia\/noticias\/con-la-apertura-del-paf-en-san-jacinto-del-cauca-fiscalia-alcanza-12-puntos-de-atencion-en-bolivar\/"},"wordCount":313,"publisher":{"@id":"https:\/\/www.fiscalia.gov.co\/colombia\/#organization"},"image":{"@id":"https:\/\/www.fiscalia.gov.co\/colombia\/noticias\/con-la-apertura-del-paf-en-san-jacinto-del-cauca-fiscalia-alcanza-12-puntos-de-atencion-en-bolivar\/#primaryimage"},"thumbnailUrl":"https:\/\/www.fiscalia.gov.co\/colombia\/wp-content\/uploads\/Foto-1-boletin-24-de-septiembre-PAF-300x275.jpeg","articleSection":["Noticias"],"inLanguage":"es-CO"},{"@type":"WebPage","@id":"https:\/\/www.fiscalia.gov.co\/colombia\/noticias\/con-la-apertura-del-paf-en-san-jacinto-del-cauca-fiscalia-alcanza-12-puntos-de-atencion-en-bolivar\/","url":"https:\/\/www.fiscalia.gov.co\/colombia\/noticias\/con-la-apertura-del-paf-en-san-jacinto-del-cauca-fiscalia-alcanza-12-puntos-de-atencion-en-bolivar\/","name":"Fiscal\u00eda General de la Naci\u00f3n","isPartOf":{"@id":"https:\/\/www.fiscalia.gov.co\/colombia\/#website"},"primaryImageOfPage":{"@id":"https:\/\/www.fiscalia.gov.co\/colombia\/noticias\/con-la-apertura-del-paf-en-san-jacinto-del-cauca-fiscalia-alcanza-12-puntos-de-atencion-en-bolivar\/#primaryimage"},"image":{"@id":"https:\/\/www.fiscalia.gov.co\/colombia\/noticias\/con-la-apertura-del-paf-en-san-jacinto-del-cauca-fiscalia-alcanza-12-puntos-de-atencion-en-bolivar\/#primaryimage"},"thumbnailUrl":"https:\/\/www.fiscalia.gov.co\/colombia\/wp-content\/uploads\/Foto-1-boletin-24-de-septiembre-PAF-300x275.jpeg","datePublished":"2025-09-24T20:00:35+00:00","dateModified":"2025-09-25T20:14:21+00:00","description":"P\u00e1gina oficial de la Fiscal\u00eda General de la Naci\u00f3n \u2013 Colombia. Garantizamos el acceso efectivo a la justicia, la verdad y la reparaci\u00f3n de las v\u00edctimas de los delitos.","breadcrumb":{"@id":"https:\/\/www.fiscalia.gov.co\/colombia\/noticias\/con-la-apertura-del-paf-en-san-jacinto-del-cauca-fiscalia-alcanza-12-puntos-de-atencion-en-bolivar\/#breadcrumb"},"inLanguage":"es-CO","potentialAction":[{"@type":"ReadAction","target":["https:\/\/www.fiscalia.gov.co\/colombia\/noticias\/con-la-apertura-del-paf-en-san-jacinto-del-cauca-fiscalia-alcanza-12-puntos-de-atencion-en-bolivar\/"]}]},{"@type":"ImageObject","inLanguage":"es-CO","@id":"https:\/\/www.fiscalia.gov.co\/colombia\/noticias\/con-la-apertura-del-paf-en-san-jacinto-del-cauca-fiscalia-alcanza-12-puntos-de-atencion-en-bolivar\/#primaryimage","url":"https:\/\/www.fiscalia.gov.co\/colombia\/wp-content\/uploads\/Foto-1-boletin-24-de-septiembre-PAF.jpeg","contentUrl":"https:\/\/www.fiscalia.gov.co\/colombia\/wp-content\/uploads\/Foto-1-boletin-24-de-septiembre-PAF.jpeg","width":1004,"height":922,"caption":"Momentos en que se realizaba la apertura oficial del Punto de Atenci\u00f3n de Fiscal\u00edas.\u00a0"},{"@type":"BreadcrumbList","@id":"https:\/\/www.fiscalia.gov.co\/colombia\/noticias\/con-la-apertura-del-paf-en-san-jacinto-del-cauca-fiscalia-alcanza-12-puntos-de-atencion-en-bolivar\/#breadcrumb","itemListElement":[{"@type":"ListItem","position":1,"name":"Home","item":"https:\/\/www.fiscalia.gov.co\/colombia\/"},{"@type":"ListItem","position":2,"name":"Con la apertura del PAF en San Jacinto del Cauca, Fiscal\u00eda alcanza 12 puntos de atenci\u00f3n en Bol\u00edvar"}]},{"@type":"WebSite","@id":"https:\/\/www.fiscalia.gov.co\/colombia\/#website","url":"https:\/\/www.fiscalia.gov.co\/colombia\/","name":"Fiscal\u00eda General de la Naci\u00f3n","description":"P\u00e1gina oficial de la Fiscal\u00eda General de la Naci\u00f3n \u2013 Colombia. Garantizamos el acceso efectivo a la justicia, la verdad y la reparaci\u00f3n de las v\u00edctimas de los delitos.","publisher":{"@id":"https:\/\/www.fiscalia.gov.co\/colombia\/#organization"},"potentialAction":[{"@type":"SearchAction","target":{"@type":"EntryPoint","urlTemplate":"https:\/\/www.fiscalia.gov.co\/colombia\/?s={search_term_string}"},"query-input":{"@type":"PropertyValueSpecification","valueRequired":true,"valueName":"search_term_string"}}],"inLanguage":"es-CO"},{"@type":"Organization","@id":"https:\/\/www.fiscalia.gov.co\/colombia\/#organization","name":"Fiscal\u00eda General de la Naci\u00f3n","url":"https:\/\/www.fiscalia.gov.co\/colombia\/","logo":{"@type":"ImageObject","inLanguage":"es-CO","@id":"https:\/\/www.fiscalia.gov.co\/colombia\/#\/schema\/logo\/image\/","url":"https:\/\/www.fiscalia.gov.co\/colombia\/wp-content\/uploads\/LogoHorizontal_1.jpg","contentUrl":"https:\/\/www.fiscalia.gov.co\/colombia\/wp-content\/uploads\/LogoHorizontal_1.jpg","width":300,"height":90,"caption":"Fiscal\u00eda General de la Naci\u00f3n"},"image":{"@id":"https:\/\/www.fiscalia.gov.co\/colombia\/#\/schema\/logo\/image\/"},"sameAs":["https:\/\/www.facebook.com\/FiscaliaCol","https:\/\/x.com\/FiscaliaCol","https:\/\/www.instagram.com\/fiscaliacol","https:\/\/www.linkedin.com\/company\/fiscalia-general-de-la-naci-n\/","https:\/\/youtube.com\/@fiscaliageneraldelanacion-4668?si=6nN79nyQICPU5iTh"]},{"@type":"Person","@id":"https:\/\/www.fiscalia.gov.co\/colombia\/#\/schema\/person\/ba9eca435947489fb25117a0cd75bf3e","name":"Johanna Islenny Prieto Pe\u00f1a","image":{"@type":"ImageObject","inLanguage":"es-CO","@id":"https:\/\/www.fiscalia.gov.co\/colombia\/#\/schema\/person\/image\/","url":"https:\/\/secure.gravatar.com\/avatar\/111433fc2acb037ffb768f6a3ca47864?s=96&d=mm&r=g","contentUrl":"https:\/\/secure.gravatar.com\/avatar\/111433fc2acb037ffb768f6a3ca47864?s=96&d=mm&r=g","caption":"Johanna Islenny Prieto Pe\u00f1a"},"url":"https:\/\/www.fiscalia.gov.co\/colombia\/author\/jprietop\/"}]}},"_links":{"self":[{"href":"https:\/\/www.fiscalia.gov.co\/colombia\/wp-json\/wp\/v2\/posts\/324477","targetHints":{"allow":["GET"]}}],"collection":[{"href":"https:\/\/www.fiscalia.gov.co\/colombia\/wp-json\/wp\/v2\/posts"}],"about":[{"href":"https:\/\/www.fiscalia.gov.co\/colombia\/wp-json\/wp\/v2\/types\/post"}],"author":[{"embeddable":true,"href":"https:\/\/www.fiscalia.gov.co\/colombia\/wp-json\/wp\/v2\/users\/181"}],"replies":[{"embeddable":true,"href":"https:\/\/www.fiscalia.gov.co\/colombia\/wp-json\/wp\/v2\/comments?post=324477"}],"version-history":[{"count":2,"href":"https:\/\/www.fiscalia.gov.co\/colombia\/wp-json\/wp\/v2\/posts\/324477\/revisions"}],"predecessor-version":[{"id":324567,"href":"https:\/\/www.fiscalia.gov.co\/colombia\/wp-json\/wp\/v2\/posts\/324477\/revisions\/324567"}],"wp:attachment":[{"href":"https:\/\/www.fiscalia.gov.co\/colombia\/wp-json\/wp\/v2\/media?parent=324477"}],"wp:term":[{"taxonomy":"category","embeddable":true,"href":"https:\/\/www.fiscalia.gov.co\/colombia\/wp-json\/wp\/v2\/categories?post=324477"},{"taxonomy":"post_tag","embeddable":true,"href":"https:\/\/www.fiscalia.gov.co\/colombia\/wp-json\/wp\/v2\/tags?post=324477"}],"curies":[{"name":"wp","href":"https:\/\/api.w.org\/{rel}","templated":true}]}}