{"id":324464,"date":"2025-09-24T13:04:54","date_gmt":"2025-09-24T18:04:54","guid":{"rendered":"https:\/\/www.fiscalia.gov.co\/colombia\/?p=324464"},"modified":"2025-09-25T15:36:50","modified_gmt":"2025-09-25T20:36:50","slug":"descubierto-entramado-ilegal-de-infiltracion-y-obtencion-de-informacion-de-seguridad-nacional-del-que-harian-parte-militares-y-una-particular","status":"publish","type":"post","link":"https:\/\/www.fiscalia.gov.co\/colombia\/noticias\/descubierto-entramado-ilegal-de-infiltracion-y-obtencion-de-informacion-de-seguridad-nacional-del-que-harian-parte-militares-y-una-particular\/","title":{"rendered":"Descubierto entramado ilegal de infiltraci\u00f3n y obtenci\u00f3n de informaci\u00f3n de seguridad nacional del que har\u00edan parte militares y una particular"},"content":{"rendered":"<blockquote>\n<h4><strong><i>Fueron judicializados el mayor Pedronel Jim\u00e9nez C\u00e1rdenas, el sargento segundo Cristian Padilla Villanueva y Luisa Fernanda Salgado Fern\u00e1ndez.<\/i>\u00a0<\/strong><\/h4>\n<\/blockquote>\n<p><span data-contrast=\"auto\">Actividades investigativas orientadas por la Fiscal\u00eda General de la Naci\u00f3n, a trav\u00e9s de la <strong>Direcci\u00f3n Especializada contra las Organizaciones Criminales<\/strong>, permitieron detectar un entramado il\u00edcito que habr\u00eda infiltrado operaciones en contra de estructuras delincuenciales en Bogot\u00e1 y Cundinamarca, as\u00ed como esquemas de protecci\u00f3n; y obtenido informaci\u00f3n de seguridad nacional.<\/span><span data-ccp-props=\"{&quot;335551550&quot;:6,&quot;335551620&quot;:6,&quot;335557856&quot;:16777215,&quot;335559685&quot;:-426,&quot;335559739&quot;:240}\">\u00a0<\/span><\/p>\n<p><span data-contrast=\"auto\">Los presuntos involucrados en estas actividades ilegales fueron identificados como el mayor Pedronel Jim\u00e9nez C\u00e1rdenas, <strong>el sargento segundo Cristian Padilla Villanueva y Luisa Fernanda Salgado Fern\u00e1ndez.<\/strong><\/span><strong>\u00a0<\/strong><\/p>\n<p><span data-contrast=\"auto\">Estas personas fueron capturadas en diligencias realizadas de manera conjunta con el Ej\u00e9rcito Nacional y<strong> la Polic\u00eda Nacional en un inmueble de la localidad de Puente Aranda, en el Cant\u00f3n Norte y en el Distrito Militar N\u00b03 del Ej\u00e9rcito Nacional, en Bogot\u00e1.<\/strong> La Fiscal\u00eda las present\u00f3 ante un juez de control de garant\u00edas y les imput\u00f3, de acuerdo con su posible participaci\u00f3n en los hechos conocidos, los delitos de concierto para delinquir agravado,<strong> simulaci\u00f3n de investidura o cargo, revelaci\u00f3n de secreto y fraude procesal.\u00a0<\/strong><\/span><strong>\u00a0<\/strong><\/p>\n<p><span data-contrast=\"auto\">De acuerdo con la investigaci\u00f3n, entre marzo de 2024 y abril de 2025, el mayor Jim\u00e9nez, en su calidad de comandante de una unidad del Batall\u00f3n de Fuerzas Especiales Urbanas No. 5 (BAFUR 5), <strong>habr\u00eda permitido el ingreso de Salgado Fern\u00e1ndez a las instalaciones militares y la participaci\u00f3n en operaciones t\u00e1cticas y de inteligencia.\u00a0<\/strong><\/span><strong>\u00a0<\/strong><\/p>\n<p><span data-contrast=\"auto\">La mujer, haci\u00e9ndose pasar como capit\u00e1n, <strong>es se\u00f1alada de asumir funciones exclusivas de los oficiales, ingresar a reuniones interinstitucionales y acceder a informaci\u00f3n de car\u00e1cter reservado, secreto y ultrasecreto<\/strong> relacionada con indagaciones en curso, composici\u00f3n de los esquemas de seguridad de altos dignatarios y procedimientos judiciales contra estructuras criminales, entre estas el \u2018Tren de Aragua\u2019.<\/span><span data-ccp-props=\"{&quot;335551550&quot;:6,&quot;335551620&quot;:6,&quot;335557856&quot;:16777215,&quot;335559685&quot;:-426,&quot;335559739&quot;:240}\">\u00a0<\/span><\/p>\n<p><span data-contrast=\"auto\">En el caso del sargento segundo Padilla Villanueva, los elementos <strong>materiales probatorios indican que ser\u00eda el encargado de facilitar la entrada de la particular<\/strong> a las instalaciones militares, y permitirle interactuar con la tropa e involucrarse en actividades de inteligencia y entrenamiento t\u00e1ctico.\u00a0<\/span><span data-ccp-props=\"{&quot;335551550&quot;:6,&quot;335551620&quot;:6,&quot;335557856&quot;:16777215,&quot;335559685&quot;:-426,&quot;335559739&quot;:240}\">\u00a0<\/span><\/p>\n<p><span data-contrast=\"auto\">Tambi\u00e9n se le atribuye la entrega de detalles sobre los movimientos de la unidad y de la log\u00edstica <strong>para la utilizaci\u00f3n de equipos de comunicaciones y drones en las misiones, lo que permiti\u00f3 a la particular disponer de detalles de inter\u00e9s estrat\u00e9gico sin cumplir<\/strong> con los protocolos de seguridad ni contar con autorizaci\u00f3n.<\/span><span data-ccp-props=\"{&quot;335551550&quot;:6,&quot;335551620&quot;:6,&quot;335557856&quot;:16777215,&quot;335559685&quot;:-426,&quot;335559739&quot;:240}\">\u00a0<\/span><\/p>\n<p><span data-contrast=\"auto\">De esta manera,<strong> quedaron en manos de un civil documentos oficiales, im\u00e1genes a\u00e9reas, planes de allanamiento y productos de inteligencia. Con esta fuga de material, en algunas oportunidades,<\/strong> se solicitaron y ejecutaron diligencias judiciales, y se indujo en error a fiscales y jueces al hacerles creer que los reportes proven\u00edan de fuentes legales y verificadas.\u00a0<\/span><span data-ccp-props=\"{&quot;335551550&quot;:6,&quot;335551620&quot;:6,&quot;335557856&quot;:16777215,&quot;335559685&quot;:-426,&quot;335559739&quot;:240}\">\u00a0<\/span><\/p>\n<p><span data-contrast=\"auto\">Esta informaci\u00f3n s\u00e9 p\u00fablica por razones de inter\u00e9s general.\u00a0\u00a0\u00a0<\/span><span data-ccp-props=\"{&quot;335551550&quot;:6,&quot;335551620&quot;:6,&quot;335557856&quot;:16777215,&quot;335559685&quot;:-426,&quot;335559739&quot;:240}\">\u00a0<\/span><\/p>\n<p><span data-contrast=\"auto\">JMSV\/JARG\/NJM\/DECOC\/<\/span><span data-ccp-props=\"{&quot;335551550&quot;:6,&quot;335551620&quot;:6,&quot;335557856&quot;:16777215,&quot;335559685&quot;:-426,&quot;335559739&quot;:240}\">\u00a0<\/span><\/p>\n<p>&nbsp;<\/p>\n<p>&nbsp;<\/p>\n<p>&nbsp;<\/p>\n<p>&nbsp;<\/p>\n<p>&nbsp;<\/p>\n<p>&nbsp;<\/p>\n<p>&nbsp;<\/p>\n<p><em>La informaci\u00f3n contenida en este bolet\u00edn de prensa corresponde a la narraci\u00f3n de los hechos noticiosos objetivos, suministrados por los funcionarios encargados de adelantar las investigaciones penales al interior de la Fiscal\u00eda General de la Naci\u00f3n. Para el momento de la divulgaci\u00f3n de este comunicado, la situaci\u00f3n jur\u00eddica de la(s) persona(s) relacionada(s) se encuentra pendiente de resolver por la autoridad judicial competente, siempre bajo los preceptos de la presunci\u00f3n de inocencia, consagrados en el art\u00edculo 29 de la Constituci\u00f3n Pol\u00edtica y el art\u00edculo 7\u00ba de la Ley 906 de 2004.<\/em><\/p>\n\n<div class=\"twitter-share\"><a href=\"https:\/\/twitter.com\/intent\/tweet?via=fiscaliacol\" class=\"twitter-share-button\">Tweet<\/a><\/div>\n","protected":false},"excerpt":{"rendered":"<p>Fueron judicializados el mayor Pedronel Jim\u00e9nez C\u00e1rdenas, el sargento segundo Cristian Padilla Villanueva y Luisa Fernanda Salgado Fern\u00e1ndez.\u00a0 Actividades investigativas orientadas por la Fiscal\u00eda General de la Naci\u00f3n, a trav\u00e9s de la Direcci\u00f3n Especializada contra las Organizaciones Criminales, permitieron detectar un entramado il\u00edcito que habr\u00eda infiltrado operaciones en contra de estructuras delincuenciales en Bogot\u00e1 y [&hellip;]<\/p>\n","protected":false},"author":181,"featured_media":0,"comment_status":"closed","ping_status":"open","sticky":false,"template":"","format":"standard","meta":{"tdm_status":"","tdm_grid_status":"","footnotes":""},"categories":[24098,1],"tags":[7484,12184,37492,37892,1047],"class_list":{"0":"post-324464","1":"post","2":"type-post","3":"status-publish","4":"format-standard","6":"category-crimen-organizado","7":"category-noticias","8":"tag-crimen-organizado","9":"tag-fiscal","10":"tag-fiscal-luz-adriana-camargo","11":"tag-fiscal-luz-adriana-camargo-garzon","12":"tag-fiscalia-general-de-la-nacion"},"yoast_head":"<!-- This site is optimized with the Yoast SEO plugin v24.3 - https:\/\/yoast.com\/wordpress\/plugins\/seo\/ -->\n<title>Fiscal\u00eda General de la Naci\u00f3n<\/title>\n<meta name=\"description\" content=\"P\u00e1gina oficial de la Fiscal\u00eda General de la Naci\u00f3n \u2013 Colombia. Garantizamos el acceso efectivo a la justicia, la verdad y la reparaci\u00f3n de las v\u00edctimas de los delitos.\" \/>\n<meta name=\"robots\" content=\"noindex, follow\" \/>\n<meta property=\"og:locale\" content=\"es_ES\" \/>\n<meta property=\"og:type\" content=\"article\" \/>\n<meta property=\"og:title\" content=\"Fiscal\u00eda General de la Naci\u00f3n\" \/>\n<meta property=\"og:description\" content=\"P\u00e1gina oficial de la Fiscal\u00eda General de la Naci\u00f3n \u2013 Colombia. Garantizamos el acceso efectivo a la justicia, la verdad y la reparaci\u00f3n de las v\u00edctimas de los delitos.\" \/>\n<meta property=\"og:url\" content=\"https:\/\/www.fiscalia.gov.co\/colombia\/noticias\/descubierto-entramado-ilegal-de-infiltracion-y-obtencion-de-informacion-de-seguridad-nacional-del-que-harian-parte-militares-y-una-particular\/\" \/>\n<meta property=\"og:site_name\" content=\"Fiscal\u00eda General de la Naci\u00f3n\" \/>\n<meta property=\"article:publisher\" content=\"https:\/\/www.facebook.com\/FiscaliaCol\" \/>\n<meta property=\"article:published_time\" content=\"2025-09-24T18:04:54+00:00\" \/>\n<meta property=\"article:modified_time\" content=\"2025-09-25T20:36:50+00:00\" \/>\n<meta name=\"author\" content=\"Johanna Islenny Prieto Pe\u00f1a\" \/>\n<meta name=\"twitter:card\" content=\"summary_large_image\" \/>\n<meta name=\"twitter:creator\" content=\"@FiscaliaCol\" \/>\n<meta name=\"twitter:site\" content=\"@FiscaliaCol\" \/>\n<meta name=\"twitter:label1\" content=\"Escrito por\" \/>\n\t<meta name=\"twitter:data1\" content=\"Johanna Islenny Prieto Pe\u00f1a\" \/>\n\t<meta name=\"twitter:label2\" content=\"Tiempo de lectura\" \/>\n\t<meta name=\"twitter:data2\" content=\"3 minutos\" \/>\n<script type=\"application\/ld+json\" class=\"yoast-schema-graph\">{\"@context\":\"https:\/\/schema.org\",\"@graph\":[{\"@type\":\"Article\",\"@id\":\"https:\/\/www.fiscalia.gov.co\/colombia\/noticias\/descubierto-entramado-ilegal-de-infiltracion-y-obtencion-de-informacion-de-seguridad-nacional-del-que-harian-parte-militares-y-una-particular\/#article\",\"isPartOf\":{\"@id\":\"https:\/\/www.fiscalia.gov.co\/colombia\/noticias\/descubierto-entramado-ilegal-de-infiltracion-y-obtencion-de-informacion-de-seguridad-nacional-del-que-harian-parte-militares-y-una-particular\/\"},\"author\":{\"name\":\"Johanna Islenny Prieto Pe\u00f1a\",\"@id\":\"https:\/\/www.fiscalia.gov.co\/colombia\/#\/schema\/person\/ba9eca435947489fb25117a0cd75bf3e\"},\"headline\":\"Descubierto entramado ilegal de infiltraci\u00f3n y obtenci\u00f3n de informaci\u00f3n de seguridad nacional del que har\u00edan parte militares y una particular\",\"datePublished\":\"2025-09-24T18:04:54+00:00\",\"dateModified\":\"2025-09-25T20:36:50+00:00\",\"mainEntityOfPage\":{\"@id\":\"https:\/\/www.fiscalia.gov.co\/colombia\/noticias\/descubierto-entramado-ilegal-de-infiltracion-y-obtencion-de-informacion-de-seguridad-nacional-del-que-harian-parte-militares-y-una-particular\/\"},\"wordCount\":629,\"publisher\":{\"@id\":\"https:\/\/www.fiscalia.gov.co\/colombia\/#organization\"},\"keywords\":[\"Crimen organizado\",\"Fiscal\",\"Fiscal Luz Adriana Camargo\",\"Fiscal Luz Adriana Camargo Garz\u00f3n\",\"Fiscal\u00eda General de la Naci\u00f3n\"],\"articleSection\":[\"Crimen organizado\",\"Noticias\"],\"inLanguage\":\"es-CO\"},{\"@type\":\"WebPage\",\"@id\":\"https:\/\/www.fiscalia.gov.co\/colombia\/noticias\/descubierto-entramado-ilegal-de-infiltracion-y-obtencion-de-informacion-de-seguridad-nacional-del-que-harian-parte-militares-y-una-particular\/\",\"url\":\"https:\/\/www.fiscalia.gov.co\/colombia\/noticias\/descubierto-entramado-ilegal-de-infiltracion-y-obtencion-de-informacion-de-seguridad-nacional-del-que-harian-parte-militares-y-una-particular\/\",\"name\":\"Fiscal\u00eda General de la Naci\u00f3n\",\"isPartOf\":{\"@id\":\"https:\/\/www.fiscalia.gov.co\/colombia\/#website\"},\"datePublished\":\"2025-09-24T18:04:54+00:00\",\"dateModified\":\"2025-09-25T20:36:50+00:00\",\"description\":\"P\u00e1gina oficial de la Fiscal\u00eda General de la Naci\u00f3n \u2013 Colombia. Garantizamos el acceso efectivo a la justicia, la verdad y la reparaci\u00f3n de las v\u00edctimas de los delitos.\",\"breadcrumb\":{\"@id\":\"https:\/\/www.fiscalia.gov.co\/colombia\/noticias\/descubierto-entramado-ilegal-de-infiltracion-y-obtencion-de-informacion-de-seguridad-nacional-del-que-harian-parte-militares-y-una-particular\/#breadcrumb\"},\"inLanguage\":\"es-CO\",\"potentialAction\":[{\"@type\":\"ReadAction\",\"target\":[\"https:\/\/www.fiscalia.gov.co\/colombia\/noticias\/descubierto-entramado-ilegal-de-infiltracion-y-obtencion-de-informacion-de-seguridad-nacional-del-que-harian-parte-militares-y-una-particular\/\"]}]},{\"@type\":\"BreadcrumbList\",\"@id\":\"https:\/\/www.fiscalia.gov.co\/colombia\/noticias\/descubierto-entramado-ilegal-de-infiltracion-y-obtencion-de-informacion-de-seguridad-nacional-del-que-harian-parte-militares-y-una-particular\/#breadcrumb\",\"itemListElement\":[{\"@type\":\"ListItem\",\"position\":1,\"name\":\"Home\",\"item\":\"https:\/\/www.fiscalia.gov.co\/colombia\/\"},{\"@type\":\"ListItem\",\"position\":2,\"name\":\"Descubierto entramado ilegal de infiltraci\u00f3n y obtenci\u00f3n de informaci\u00f3n de seguridad nacional del que har\u00edan parte militares y una particular\"}]},{\"@type\":\"WebSite\",\"@id\":\"https:\/\/www.fiscalia.gov.co\/colombia\/#website\",\"url\":\"https:\/\/www.fiscalia.gov.co\/colombia\/\",\"name\":\"Fiscal\u00eda General de la Naci\u00f3n\",\"description\":\"P\u00e1gina oficial de la Fiscal\u00eda General de la Naci\u00f3n \u2013 Colombia. Garantizamos el acceso efectivo a la justicia, la verdad y la reparaci\u00f3n de las v\u00edctimas de los delitos.\",\"publisher\":{\"@id\":\"https:\/\/www.fiscalia.gov.co\/colombia\/#organization\"},\"potentialAction\":[{\"@type\":\"SearchAction\",\"target\":{\"@type\":\"EntryPoint\",\"urlTemplate\":\"https:\/\/www.fiscalia.gov.co\/colombia\/?s={search_term_string}\"},\"query-input\":{\"@type\":\"PropertyValueSpecification\",\"valueRequired\":true,\"valueName\":\"search_term_string\"}}],\"inLanguage\":\"es-CO\"},{\"@type\":\"Organization\",\"@id\":\"https:\/\/www.fiscalia.gov.co\/colombia\/#organization\",\"name\":\"Fiscal\u00eda General de la Naci\u00f3n\",\"url\":\"https:\/\/www.fiscalia.gov.co\/colombia\/\",\"logo\":{\"@type\":\"ImageObject\",\"inLanguage\":\"es-CO\",\"@id\":\"https:\/\/www.fiscalia.gov.co\/colombia\/#\/schema\/logo\/image\/\",\"url\":\"https:\/\/www.fiscalia.gov.co\/colombia\/wp-content\/uploads\/LogoHorizontal_1.jpg\",\"contentUrl\":\"https:\/\/www.fiscalia.gov.co\/colombia\/wp-content\/uploads\/LogoHorizontal_1.jpg\",\"width\":300,\"height\":90,\"caption\":\"Fiscal\u00eda General de la Naci\u00f3n\"},\"image\":{\"@id\":\"https:\/\/www.fiscalia.gov.co\/colombia\/#\/schema\/logo\/image\/\"},\"sameAs\":[\"https:\/\/www.facebook.com\/FiscaliaCol\",\"https:\/\/x.com\/FiscaliaCol\",\"https:\/\/www.instagram.com\/fiscaliacol\",\"https:\/\/www.linkedin.com\/company\/fiscalia-general-de-la-naci-n\/\",\"https:\/\/youtube.com\/@fiscaliageneraldelanacion-4668?si=6nN79nyQICPU5iTh\"]},{\"@type\":\"Person\",\"@id\":\"https:\/\/www.fiscalia.gov.co\/colombia\/#\/schema\/person\/ba9eca435947489fb25117a0cd75bf3e\",\"name\":\"Johanna Islenny Prieto Pe\u00f1a\",\"image\":{\"@type\":\"ImageObject\",\"inLanguage\":\"es-CO\",\"@id\":\"https:\/\/www.fiscalia.gov.co\/colombia\/#\/schema\/person\/image\/\",\"url\":\"https:\/\/secure.gravatar.com\/avatar\/111433fc2acb037ffb768f6a3ca47864?s=96&d=mm&r=g\",\"contentUrl\":\"https:\/\/secure.gravatar.com\/avatar\/111433fc2acb037ffb768f6a3ca47864?s=96&d=mm&r=g\",\"caption\":\"Johanna Islenny Prieto Pe\u00f1a\"},\"url\":\"https:\/\/www.fiscalia.gov.co\/colombia\/author\/jprietop\/\"}]}<\/script>\n<!-- \/ Yoast SEO plugin. -->","yoast_head_json":{"title":"Fiscal\u00eda General de la Naci\u00f3n","description":"P\u00e1gina oficial de la Fiscal\u00eda General de la Naci\u00f3n \u2013 Colombia. Garantizamos el acceso efectivo a la justicia, la verdad y la reparaci\u00f3n de las v\u00edctimas de los delitos.","robots":{"index":"noindex","follow":"follow"},"og_locale":"es_ES","og_type":"article","og_title":"Fiscal\u00eda General de la Naci\u00f3n","og_description":"P\u00e1gina oficial de la Fiscal\u00eda General de la Naci\u00f3n \u2013 Colombia. Garantizamos el acceso efectivo a la justicia, la verdad y la reparaci\u00f3n de las v\u00edctimas de los delitos.","og_url":"https:\/\/www.fiscalia.gov.co\/colombia\/noticias\/descubierto-entramado-ilegal-de-infiltracion-y-obtencion-de-informacion-de-seguridad-nacional-del-que-harian-parte-militares-y-una-particular\/","og_site_name":"Fiscal\u00eda General de la Naci\u00f3n","article_publisher":"https:\/\/www.facebook.com\/FiscaliaCol","article_published_time":"2025-09-24T18:04:54+00:00","article_modified_time":"2025-09-25T20:36:50+00:00","author":"Johanna Islenny Prieto Pe\u00f1a","twitter_card":"summary_large_image","twitter_creator":"@FiscaliaCol","twitter_site":"@FiscaliaCol","twitter_misc":{"Escrito por":"Johanna Islenny Prieto Pe\u00f1a","Tiempo de lectura":"3 minutos"},"schema":{"@context":"https:\/\/schema.org","@graph":[{"@type":"Article","@id":"https:\/\/www.fiscalia.gov.co\/colombia\/noticias\/descubierto-entramado-ilegal-de-infiltracion-y-obtencion-de-informacion-de-seguridad-nacional-del-que-harian-parte-militares-y-una-particular\/#article","isPartOf":{"@id":"https:\/\/www.fiscalia.gov.co\/colombia\/noticias\/descubierto-entramado-ilegal-de-infiltracion-y-obtencion-de-informacion-de-seguridad-nacional-del-que-harian-parte-militares-y-una-particular\/"},"author":{"name":"Johanna Islenny Prieto Pe\u00f1a","@id":"https:\/\/www.fiscalia.gov.co\/colombia\/#\/schema\/person\/ba9eca435947489fb25117a0cd75bf3e"},"headline":"Descubierto entramado ilegal de infiltraci\u00f3n y obtenci\u00f3n de informaci\u00f3n de seguridad nacional del que har\u00edan parte militares y una particular","datePublished":"2025-09-24T18:04:54+00:00","dateModified":"2025-09-25T20:36:50+00:00","mainEntityOfPage":{"@id":"https:\/\/www.fiscalia.gov.co\/colombia\/noticias\/descubierto-entramado-ilegal-de-infiltracion-y-obtencion-de-informacion-de-seguridad-nacional-del-que-harian-parte-militares-y-una-particular\/"},"wordCount":629,"publisher":{"@id":"https:\/\/www.fiscalia.gov.co\/colombia\/#organization"},"keywords":["Crimen organizado","Fiscal","Fiscal Luz Adriana Camargo","Fiscal Luz Adriana Camargo Garz\u00f3n","Fiscal\u00eda General de la Naci\u00f3n"],"articleSection":["Crimen organizado","Noticias"],"inLanguage":"es-CO"},{"@type":"WebPage","@id":"https:\/\/www.fiscalia.gov.co\/colombia\/noticias\/descubierto-entramado-ilegal-de-infiltracion-y-obtencion-de-informacion-de-seguridad-nacional-del-que-harian-parte-militares-y-una-particular\/","url":"https:\/\/www.fiscalia.gov.co\/colombia\/noticias\/descubierto-entramado-ilegal-de-infiltracion-y-obtencion-de-informacion-de-seguridad-nacional-del-que-harian-parte-militares-y-una-particular\/","name":"Fiscal\u00eda General de la Naci\u00f3n","isPartOf":{"@id":"https:\/\/www.fiscalia.gov.co\/colombia\/#website"},"datePublished":"2025-09-24T18:04:54+00:00","dateModified":"2025-09-25T20:36:50+00:00","description":"P\u00e1gina oficial de la Fiscal\u00eda General de la Naci\u00f3n \u2013 Colombia. Garantizamos el acceso efectivo a la justicia, la verdad y la reparaci\u00f3n de las v\u00edctimas de los delitos.","breadcrumb":{"@id":"https:\/\/www.fiscalia.gov.co\/colombia\/noticias\/descubierto-entramado-ilegal-de-infiltracion-y-obtencion-de-informacion-de-seguridad-nacional-del-que-harian-parte-militares-y-una-particular\/#breadcrumb"},"inLanguage":"es-CO","potentialAction":[{"@type":"ReadAction","target":["https:\/\/www.fiscalia.gov.co\/colombia\/noticias\/descubierto-entramado-ilegal-de-infiltracion-y-obtencion-de-informacion-de-seguridad-nacional-del-que-harian-parte-militares-y-una-particular\/"]}]},{"@type":"BreadcrumbList","@id":"https:\/\/www.fiscalia.gov.co\/colombia\/noticias\/descubierto-entramado-ilegal-de-infiltracion-y-obtencion-de-informacion-de-seguridad-nacional-del-que-harian-parte-militares-y-una-particular\/#breadcrumb","itemListElement":[{"@type":"ListItem","position":1,"name":"Home","item":"https:\/\/www.fiscalia.gov.co\/colombia\/"},{"@type":"ListItem","position":2,"name":"Descubierto entramado ilegal de infiltraci\u00f3n y obtenci\u00f3n de informaci\u00f3n de seguridad nacional del que har\u00edan parte militares y una particular"}]},{"@type":"WebSite","@id":"https:\/\/www.fiscalia.gov.co\/colombia\/#website","url":"https:\/\/www.fiscalia.gov.co\/colombia\/","name":"Fiscal\u00eda General de la Naci\u00f3n","description":"P\u00e1gina oficial de la Fiscal\u00eda General de la Naci\u00f3n \u2013 Colombia. Garantizamos el acceso efectivo a la justicia, la verdad y la reparaci\u00f3n de las v\u00edctimas de los delitos.","publisher":{"@id":"https:\/\/www.fiscalia.gov.co\/colombia\/#organization"},"potentialAction":[{"@type":"SearchAction","target":{"@type":"EntryPoint","urlTemplate":"https:\/\/www.fiscalia.gov.co\/colombia\/?s={search_term_string}"},"query-input":{"@type":"PropertyValueSpecification","valueRequired":true,"valueName":"search_term_string"}}],"inLanguage":"es-CO"},{"@type":"Organization","@id":"https:\/\/www.fiscalia.gov.co\/colombia\/#organization","name":"Fiscal\u00eda General de la Naci\u00f3n","url":"https:\/\/www.fiscalia.gov.co\/colombia\/","logo":{"@type":"ImageObject","inLanguage":"es-CO","@id":"https:\/\/www.fiscalia.gov.co\/colombia\/#\/schema\/logo\/image\/","url":"https:\/\/www.fiscalia.gov.co\/colombia\/wp-content\/uploads\/LogoHorizontal_1.jpg","contentUrl":"https:\/\/www.fiscalia.gov.co\/colombia\/wp-content\/uploads\/LogoHorizontal_1.jpg","width":300,"height":90,"caption":"Fiscal\u00eda General de la Naci\u00f3n"},"image":{"@id":"https:\/\/www.fiscalia.gov.co\/colombia\/#\/schema\/logo\/image\/"},"sameAs":["https:\/\/www.facebook.com\/FiscaliaCol","https:\/\/x.com\/FiscaliaCol","https:\/\/www.instagram.com\/fiscaliacol","https:\/\/www.linkedin.com\/company\/fiscalia-general-de-la-naci-n\/","https:\/\/youtube.com\/@fiscaliageneraldelanacion-4668?si=6nN79nyQICPU5iTh"]},{"@type":"Person","@id":"https:\/\/www.fiscalia.gov.co\/colombia\/#\/schema\/person\/ba9eca435947489fb25117a0cd75bf3e","name":"Johanna Islenny Prieto Pe\u00f1a","image":{"@type":"ImageObject","inLanguage":"es-CO","@id":"https:\/\/www.fiscalia.gov.co\/colombia\/#\/schema\/person\/image\/","url":"https:\/\/secure.gravatar.com\/avatar\/111433fc2acb037ffb768f6a3ca47864?s=96&d=mm&r=g","contentUrl":"https:\/\/secure.gravatar.com\/avatar\/111433fc2acb037ffb768f6a3ca47864?s=96&d=mm&r=g","caption":"Johanna Islenny Prieto Pe\u00f1a"},"url":"https:\/\/www.fiscalia.gov.co\/colombia\/author\/jprietop\/"}]}},"_links":{"self":[{"href":"https:\/\/www.fiscalia.gov.co\/colombia\/wp-json\/wp\/v2\/posts\/324464","targetHints":{"allow":["GET"]}}],"collection":[{"href":"https:\/\/www.fiscalia.gov.co\/colombia\/wp-json\/wp\/v2\/posts"}],"about":[{"href":"https:\/\/www.fiscalia.gov.co\/colombia\/wp-json\/wp\/v2\/types\/post"}],"author":[{"embeddable":true,"href":"https:\/\/www.fiscalia.gov.co\/colombia\/wp-json\/wp\/v2\/users\/181"}],"replies":[{"embeddable":true,"href":"https:\/\/www.fiscalia.gov.co\/colombia\/wp-json\/wp\/v2\/comments?post=324464"}],"version-history":[{"count":2,"href":"https:\/\/www.fiscalia.gov.co\/colombia\/wp-json\/wp\/v2\/posts\/324464\/revisions"}],"predecessor-version":[{"id":324467,"href":"https:\/\/www.fiscalia.gov.co\/colombia\/wp-json\/wp\/v2\/posts\/324464\/revisions\/324467"}],"wp:attachment":[{"href":"https:\/\/www.fiscalia.gov.co\/colombia\/wp-json\/wp\/v2\/media?parent=324464"}],"wp:term":[{"taxonomy":"category","embeddable":true,"href":"https:\/\/www.fiscalia.gov.co\/colombia\/wp-json\/wp\/v2\/categories?post=324464"},{"taxonomy":"post_tag","embeddable":true,"href":"https:\/\/www.fiscalia.gov.co\/colombia\/wp-json\/wp\/v2\/tags?post=324464"}],"curies":[{"name":"wp","href":"https:\/\/api.w.org\/{rel}","templated":true}]}}