{"id":324456,"date":"2025-09-24T11:09:01","date_gmt":"2025-09-24T16:09:01","guid":{"rendered":"https:\/\/www.fiscalia.gov.co\/colombia\/?p=324456"},"modified":"2025-09-24T11:09:38","modified_gmt":"2025-09-24T16:09:38","slug":"ocho-personas-fueron-enviadas-a-la-carcel-por-presunto-narcomenudeo-en-el-parque-monumento-manuela-beltran-de-bucaramanga","status":"publish","type":"post","link":"https:\/\/www.fiscalia.gov.co\/colombia\/noticias\/ocho-personas-fueron-enviadas-a-la-carcel-por-presunto-narcomenudeo-en-el-parque-monumento-manuela-beltran-de-bucaramanga\/","title":{"rendered":"Ocho personas fueron enviadas a la c\u00e1rcel por presunto narcomenudeo en el parque monumento Manuela Beltr\u00e1n de Bucaramanga"},"content":{"rendered":"<p data-olk-copy-source=\"MessageBody\">Por solicitud de la Fiscal\u00eda General de la Naci\u00f3n, <strong>un juez con funci\u00f3n de control de garant\u00edas dict\u00f3 medida de aseguramiento en centro carcelario contra ocho personas<\/strong> se\u00f1aladas de comercializar sustancias il\u00edcitas en el Parque Monumento Manuela Beltr\u00e1n de Bucaramanga\u00a0(Santander).<\/p>\n<figure id=\"attachment_324459\" aria-describedby=\"caption-attachment-324459\" style=\"width: 300px\" class=\"wp-caption alignnone\"><img loading=\"lazy\" decoding=\"async\" class=\"size-medium wp-image-324459\" src=\"https:\/\/www.fiscalia.gov.co\/colombia\/wp-content\/uploads\/PHOTO-2025-09-23-14-38-33-300x140.jpg\" alt=\"En la foto se observa a un grupo de hombres custodiados por las autoridades.En el centro hay ocho hombres con la cabeza agachada y las manos esposadas al frente, lo que sugiere que se trata de personas detenidas. A cada lado de ellos se ubican integrantes de la Polic\u00eda Nacional de Colombia, el CTI de la Fiscal\u00eda y militares, algunos vestidos con uniformes camuflados y portando armas, otros con chaquetas amarillas de alta visibilidad y uniformes oscuros. El fondo est\u00e1 compuesto por pendones institucionales de la Polic\u00eda Nacional y la Fiscal\u00eda General de la Naci\u00f3n, lo que indica que es una presentaci\u00f3n oficial de capturas. La escena corresponde a un procedimiento judicial en el que se exhibe a varios detenidos junto con la fuerza p\u00fablica.\" width=\"300\" height=\"140\" srcset=\"https:\/\/www.fiscalia.gov.co\/colombia\/wp-content\/uploads\/PHOTO-2025-09-23-14-38-33-300x140.jpg 300w, https:\/\/www.fiscalia.gov.co\/colombia\/wp-content\/uploads\/PHOTO-2025-09-23-14-38-33-1024x477.jpg 1024w, https:\/\/www.fiscalia.gov.co\/colombia\/wp-content\/uploads\/PHOTO-2025-09-23-14-38-33-768x358.jpg 768w, https:\/\/www.fiscalia.gov.co\/colombia\/wp-content\/uploads\/PHOTO-2025-09-23-14-38-33-1536x716.jpg 1536w, https:\/\/www.fiscalia.gov.co\/colombia\/wp-content\/uploads\/PHOTO-2025-09-23-14-38-33-901x420.jpg 901w, https:\/\/www.fiscalia.gov.co\/colombia\/wp-content\/uploads\/PHOTO-2025-09-23-14-38-33-696x325.jpg 696w, https:\/\/www.fiscalia.gov.co\/colombia\/wp-content\/uploads\/PHOTO-2025-09-23-14-38-33-1068x498.jpg 1068w, https:\/\/www.fiscalia.gov.co\/colombia\/wp-content\/uploads\/PHOTO-2025-09-23-14-38-33.jpg 1600w\" sizes=\"auto, (max-width: 300px) 100vw, 300px\" \/><figcaption id=\"caption-attachment-324459\" class=\"wp-caption-text\">Ocho personas se\u00f1aladas de comercializar sustancias il\u00edcitas en el Parque Monumento Manuela Beltr\u00e1n de Bucaramanga, fueron afectadas con medida de aseguramiento en centro carcelario.<\/figcaption><\/figure>\n<p data-olk-copy-source=\"MessageBody\">Labores de polic\u00eda judicial evidenciaron c\u00f3mo los procesados<strong> se habr\u00edan establecido en este lugar por la alta afluencia de ciudadanos nacionales y extranjeros.<\/strong> All\u00ed, al parecer, comercializaron sustancias il\u00edcitas entre los meses de marzo y junio del presente a\u00f1o.<\/p>\n<p>Acciones coordinadas entre la Fiscal\u00eda, la Polic\u00eda y Ej\u00e9rcito Nacional, permitieron la captura de Elvis Jes\u00fas Sajonero Mantilla, Giraldo Gamboa Henao, H\u00e9bert Eliab Torres Su\u00e1rez, Sergio Andr\u00e9s Ospina Barrera, Brian Schneider Ruiz Bravo, Camilo Andr\u00e9s Rivera Monoga, Didier Santiago Quiroga Arce y Juan Sebasti\u00e1n Villamizar Sandoval.<\/p>\n<p><strong>Todos fueron imputados como posibles responsables del delito de tr\u00e1fico<\/strong>, fabricaci\u00f3n o porte de estupefacientes, el cual no aceptaron.<\/p>\n<p>DRA\/MAGA\/YQ\/DSS<\/p>\n<p>&nbsp;<\/p>\n<p>&nbsp;<\/p>\n<p>&nbsp;<\/p>\n<p>&nbsp;<\/p>\n<p><em>La informaci\u00f3n contenida en este bolet\u00edn de prensa corresponde a la narraci\u00f3n de los hechos noticiosos objetivos, y las investigaciones penales al interior de la Fiscal\u00eda General de la Naci\u00f3n. Para el momento de la divulgaci\u00f3n de este comunicado, la situaci\u00f3n jur\u00eddica de la(s) persona(s) relacionada(s) se encuentra pendiente de resolver por la autoridad judicial competente, siempre bajo los preceptos de la presunci\u00f3n de inocencia, consagrados en el art\u00edculo 29 de la Constituci\u00f3n Pol\u00edtica y el art\u00edculo 7\u00ba de la Ley 906 de 2004.<\/em><\/p>\n\n<div class=\"twitter-share\"><a href=\"https:\/\/twitter.com\/intent\/tweet?via=fiscaliacol\" class=\"twitter-share-button\">Tweet<\/a><\/div>\n","protected":false},"excerpt":{"rendered":"<p>Por solicitud de la Fiscal\u00eda General de la Naci\u00f3n, un juez con funci\u00f3n de control de garant\u00edas dict\u00f3 medida de aseguramiento en centro carcelario contra ocho personas se\u00f1aladas de comercializar sustancias il\u00edcitas en el Parque Monumento Manuela Beltr\u00e1n de Bucaramanga\u00a0(Santander). Labores de polic\u00eda judicial evidenciaron c\u00f3mo los procesados se habr\u00edan establecido en este lugar por [&hellip;]<\/p>\n","protected":false},"author":181,"featured_media":0,"comment_status":"closed","ping_status":"open","sticky":false,"template":"","format":"standard","meta":{"_price":"","_stock":"","_tribe_ticket_header":"","_tribe_default_ticket_provider":"","_tribe_ticket_capacity":"0","_ticket_start_date":"","_ticket_end_date":"","_tribe_ticket_show_description":"","_tribe_ticket_show_not_going":false,"_tribe_ticket_use_global_stock":"","_tribe_ticket_global_stock_level":"","_global_stock_mode":"","_global_stock_cap":"","_tribe_rsvp_for_event":"","_tribe_ticket_going_count":"","_tribe_ticket_not_going_count":"","_tribe_tickets_list":"[]","_tribe_ticket_has_attendee_info_fields":false,"tdm_status":"","tdm_grid_status":"","footnotes":""},"categories":[1,24099],"tags":[4614,1561,155],"class_list":{"0":"post-324456","1":"post","2":"type-post","3":"status-publish","4":"format-standard","6":"category-noticias","7":"category-seguridad-territorial","8":"tag-fiscalia-2","9":"tag-santander","10":"tag-trafico-de-estupefacientes"},"yoast_head":"<!-- This site is optimized with the Yoast SEO plugin v24.3 - https:\/\/yoast.com\/wordpress\/plugins\/seo\/ -->\n<title>Fiscal\u00eda General de la Naci\u00f3n<\/title>\n<meta name=\"description\" content=\"P\u00e1gina oficial de la Fiscal\u00eda General de la Naci\u00f3n \u2013 Colombia. Garantizamos el acceso efectivo a la justicia, la verdad y la reparaci\u00f3n de las v\u00edctimas de los delitos.\" \/>\n<meta name=\"robots\" content=\"noindex, follow\" \/>\n<meta property=\"og:locale\" content=\"es_ES\" \/>\n<meta property=\"og:type\" content=\"article\" \/>\n<meta property=\"og:title\" content=\"Fiscal\u00eda General de la Naci\u00f3n\" \/>\n<meta property=\"og:description\" content=\"P\u00e1gina oficial de la Fiscal\u00eda General de la Naci\u00f3n \u2013 Colombia. Garantizamos el acceso efectivo a la justicia, la verdad y la reparaci\u00f3n de las v\u00edctimas de los delitos.\" \/>\n<meta property=\"og:url\" content=\"https:\/\/www.fiscalia.gov.co\/colombia\/noticias\/ocho-personas-fueron-enviadas-a-la-carcel-por-presunto-narcomenudeo-en-el-parque-monumento-manuela-beltran-de-bucaramanga\/\" \/>\n<meta property=\"og:site_name\" content=\"Fiscal\u00eda General de la Naci\u00f3n\" \/>\n<meta property=\"article:publisher\" content=\"https:\/\/www.facebook.com\/FiscaliaCol\" \/>\n<meta property=\"article:published_time\" content=\"2025-09-24T16:09:01+00:00\" \/>\n<meta property=\"article:modified_time\" content=\"2025-09-24T16:09:38+00:00\" \/>\n<meta property=\"og:image\" content=\"https:\/\/www.fiscalia.gov.co\/colombia\/wp-content\/uploads\/PHOTO-2025-09-23-14-38-33.jpg\" \/>\n\t<meta property=\"og:image:width\" content=\"1600\" \/>\n\t<meta property=\"og:image:height\" content=\"746\" \/>\n\t<meta property=\"og:image:type\" content=\"image\/jpeg\" \/>\n<meta name=\"author\" content=\"Johanna Islenny Prieto Pe\u00f1a\" \/>\n<meta name=\"twitter:card\" content=\"summary_large_image\" \/>\n<meta name=\"twitter:creator\" content=\"@FiscaliaCol\" \/>\n<meta name=\"twitter:site\" content=\"@FiscaliaCol\" \/>\n<meta name=\"twitter:label1\" content=\"Escrito por\" \/>\n\t<meta name=\"twitter:data1\" content=\"Johanna Islenny Prieto Pe\u00f1a\" \/>\n\t<meta name=\"twitter:label2\" content=\"Tiempo de lectura\" \/>\n\t<meta name=\"twitter:data2\" content=\"2 minutos\" \/>\n<script type=\"application\/ld+json\" class=\"yoast-schema-graph\">{\"@context\":\"https:\/\/schema.org\",\"@graph\":[{\"@type\":\"Article\",\"@id\":\"https:\/\/www.fiscalia.gov.co\/colombia\/noticias\/ocho-personas-fueron-enviadas-a-la-carcel-por-presunto-narcomenudeo-en-el-parque-monumento-manuela-beltran-de-bucaramanga\/#article\",\"isPartOf\":{\"@id\":\"https:\/\/www.fiscalia.gov.co\/colombia\/noticias\/ocho-personas-fueron-enviadas-a-la-carcel-por-presunto-narcomenudeo-en-el-parque-monumento-manuela-beltran-de-bucaramanga\/\"},\"author\":{\"name\":\"Johanna Islenny Prieto Pe\u00f1a\",\"@id\":\"https:\/\/www.fiscalia.gov.co\/colombia\/#\/schema\/person\/ba9eca435947489fb25117a0cd75bf3e\"},\"headline\":\"Ocho personas fueron enviadas a la c\u00e1rcel por presunto narcomenudeo en el parque monumento Manuela Beltr\u00e1n de Bucaramanga\",\"datePublished\":\"2025-09-24T16:09:01+00:00\",\"dateModified\":\"2025-09-24T16:09:38+00:00\",\"mainEntityOfPage\":{\"@id\":\"https:\/\/www.fiscalia.gov.co\/colombia\/noticias\/ocho-personas-fueron-enviadas-a-la-carcel-por-presunto-narcomenudeo-en-el-parque-monumento-manuela-beltran-de-bucaramanga\/\"},\"wordCount\":326,\"publisher\":{\"@id\":\"https:\/\/www.fiscalia.gov.co\/colombia\/#organization\"},\"image\":{\"@id\":\"https:\/\/www.fiscalia.gov.co\/colombia\/noticias\/ocho-personas-fueron-enviadas-a-la-carcel-por-presunto-narcomenudeo-en-el-parque-monumento-manuela-beltran-de-bucaramanga\/#primaryimage\"},\"thumbnailUrl\":\"https:\/\/www.fiscalia.gov.co\/colombia\/wp-content\/uploads\/PHOTO-2025-09-23-14-38-33-300x140.jpg\",\"keywords\":[\"Fiscal\u00eda\",\"Santander\",\"Tr\u00e1fico de estupefacientes\"],\"articleSection\":[\"Noticias\",\"Seguridad territorial\"],\"inLanguage\":\"es-CO\"},{\"@type\":\"WebPage\",\"@id\":\"https:\/\/www.fiscalia.gov.co\/colombia\/noticias\/ocho-personas-fueron-enviadas-a-la-carcel-por-presunto-narcomenudeo-en-el-parque-monumento-manuela-beltran-de-bucaramanga\/\",\"url\":\"https:\/\/www.fiscalia.gov.co\/colombia\/noticias\/ocho-personas-fueron-enviadas-a-la-carcel-por-presunto-narcomenudeo-en-el-parque-monumento-manuela-beltran-de-bucaramanga\/\",\"name\":\"Fiscal\u00eda General de la Naci\u00f3n\",\"isPartOf\":{\"@id\":\"https:\/\/www.fiscalia.gov.co\/colombia\/#website\"},\"primaryImageOfPage\":{\"@id\":\"https:\/\/www.fiscalia.gov.co\/colombia\/noticias\/ocho-personas-fueron-enviadas-a-la-carcel-por-presunto-narcomenudeo-en-el-parque-monumento-manuela-beltran-de-bucaramanga\/#primaryimage\"},\"image\":{\"@id\":\"https:\/\/www.fiscalia.gov.co\/colombia\/noticias\/ocho-personas-fueron-enviadas-a-la-carcel-por-presunto-narcomenudeo-en-el-parque-monumento-manuela-beltran-de-bucaramanga\/#primaryimage\"},\"thumbnailUrl\":\"https:\/\/www.fiscalia.gov.co\/colombia\/wp-content\/uploads\/PHOTO-2025-09-23-14-38-33-300x140.jpg\",\"datePublished\":\"2025-09-24T16:09:01+00:00\",\"dateModified\":\"2025-09-24T16:09:38+00:00\",\"description\":\"P\u00e1gina oficial de la Fiscal\u00eda General de la Naci\u00f3n \u2013 Colombia. Garantizamos el acceso efectivo a la justicia, la verdad y la reparaci\u00f3n de las v\u00edctimas de los delitos.\",\"breadcrumb\":{\"@id\":\"https:\/\/www.fiscalia.gov.co\/colombia\/noticias\/ocho-personas-fueron-enviadas-a-la-carcel-por-presunto-narcomenudeo-en-el-parque-monumento-manuela-beltran-de-bucaramanga\/#breadcrumb\"},\"inLanguage\":\"es-CO\",\"potentialAction\":[{\"@type\":\"ReadAction\",\"target\":[\"https:\/\/www.fiscalia.gov.co\/colombia\/noticias\/ocho-personas-fueron-enviadas-a-la-carcel-por-presunto-narcomenudeo-en-el-parque-monumento-manuela-beltran-de-bucaramanga\/\"]}]},{\"@type\":\"ImageObject\",\"inLanguage\":\"es-CO\",\"@id\":\"https:\/\/www.fiscalia.gov.co\/colombia\/noticias\/ocho-personas-fueron-enviadas-a-la-carcel-por-presunto-narcomenudeo-en-el-parque-monumento-manuela-beltran-de-bucaramanga\/#primaryimage\",\"url\":\"https:\/\/www.fiscalia.gov.co\/colombia\/wp-content\/uploads\/PHOTO-2025-09-23-14-38-33.jpg\",\"contentUrl\":\"https:\/\/www.fiscalia.gov.co\/colombia\/wp-content\/uploads\/PHOTO-2025-09-23-14-38-33.jpg\",\"width\":1600,\"height\":746,\"caption\":\"Ocho personas se\u00f1aladas de comercializar sustancias il\u00edcitas en el Parque Monumento Manuela Beltr\u00e1n de Bucaramanga, fueron afectadas con medida de aseguramiento en centro carcelario.\u00a0\"},{\"@type\":\"BreadcrumbList\",\"@id\":\"https:\/\/www.fiscalia.gov.co\/colombia\/noticias\/ocho-personas-fueron-enviadas-a-la-carcel-por-presunto-narcomenudeo-en-el-parque-monumento-manuela-beltran-de-bucaramanga\/#breadcrumb\",\"itemListElement\":[{\"@type\":\"ListItem\",\"position\":1,\"name\":\"Home\",\"item\":\"https:\/\/www.fiscalia.gov.co\/colombia\/\"},{\"@type\":\"ListItem\",\"position\":2,\"name\":\"Ocho personas fueron enviadas a la c\u00e1rcel por presunto narcomenudeo en el parque monumento Manuela Beltr\u00e1n de Bucaramanga\"}]},{\"@type\":\"WebSite\",\"@id\":\"https:\/\/www.fiscalia.gov.co\/colombia\/#website\",\"url\":\"https:\/\/www.fiscalia.gov.co\/colombia\/\",\"name\":\"Fiscal\u00eda General de la Naci\u00f3n\",\"description\":\"P\u00e1gina oficial de la Fiscal\u00eda General de la Naci\u00f3n \u2013 Colombia. Garantizamos el acceso efectivo a la justicia, la verdad y la reparaci\u00f3n de las v\u00edctimas de los delitos.\",\"publisher\":{\"@id\":\"https:\/\/www.fiscalia.gov.co\/colombia\/#organization\"},\"potentialAction\":[{\"@type\":\"SearchAction\",\"target\":{\"@type\":\"EntryPoint\",\"urlTemplate\":\"https:\/\/www.fiscalia.gov.co\/colombia\/?s={search_term_string}\"},\"query-input\":{\"@type\":\"PropertyValueSpecification\",\"valueRequired\":true,\"valueName\":\"search_term_string\"}}],\"inLanguage\":\"es-CO\"},{\"@type\":\"Organization\",\"@id\":\"https:\/\/www.fiscalia.gov.co\/colombia\/#organization\",\"name\":\"Fiscal\u00eda General de la Naci\u00f3n\",\"url\":\"https:\/\/www.fiscalia.gov.co\/colombia\/\",\"logo\":{\"@type\":\"ImageObject\",\"inLanguage\":\"es-CO\",\"@id\":\"https:\/\/www.fiscalia.gov.co\/colombia\/#\/schema\/logo\/image\/\",\"url\":\"https:\/\/www.fiscalia.gov.co\/colombia\/wp-content\/uploads\/LogoHorizontal_1.jpg\",\"contentUrl\":\"https:\/\/www.fiscalia.gov.co\/colombia\/wp-content\/uploads\/LogoHorizontal_1.jpg\",\"width\":300,\"height\":90,\"caption\":\"Fiscal\u00eda General de la Naci\u00f3n\"},\"image\":{\"@id\":\"https:\/\/www.fiscalia.gov.co\/colombia\/#\/schema\/logo\/image\/\"},\"sameAs\":[\"https:\/\/www.facebook.com\/FiscaliaCol\",\"https:\/\/x.com\/FiscaliaCol\",\"https:\/\/www.instagram.com\/fiscaliacol\",\"https:\/\/www.linkedin.com\/company\/fiscalia-general-de-la-naci-n\/\",\"https:\/\/youtube.com\/@fiscaliageneraldelanacion-4668?si=6nN79nyQICPU5iTh\"]},{\"@type\":\"Person\",\"@id\":\"https:\/\/www.fiscalia.gov.co\/colombia\/#\/schema\/person\/ba9eca435947489fb25117a0cd75bf3e\",\"name\":\"Johanna Islenny Prieto Pe\u00f1a\",\"image\":{\"@type\":\"ImageObject\",\"inLanguage\":\"es-CO\",\"@id\":\"https:\/\/www.fiscalia.gov.co\/colombia\/#\/schema\/person\/image\/\",\"url\":\"https:\/\/secure.gravatar.com\/avatar\/111433fc2acb037ffb768f6a3ca47864?s=96&d=mm&r=g\",\"contentUrl\":\"https:\/\/secure.gravatar.com\/avatar\/111433fc2acb037ffb768f6a3ca47864?s=96&d=mm&r=g\",\"caption\":\"Johanna Islenny Prieto Pe\u00f1a\"},\"url\":\"https:\/\/www.fiscalia.gov.co\/colombia\/author\/jprietop\/\"}]}<\/script>\n<!-- \/ Yoast SEO plugin. -->","yoast_head_json":{"title":"Fiscal\u00eda General de la Naci\u00f3n","description":"P\u00e1gina oficial de la Fiscal\u00eda General de la Naci\u00f3n \u2013 Colombia. Garantizamos el acceso efectivo a la justicia, la verdad y la reparaci\u00f3n de las v\u00edctimas de los delitos.","robots":{"index":"noindex","follow":"follow"},"og_locale":"es_ES","og_type":"article","og_title":"Fiscal\u00eda General de la Naci\u00f3n","og_description":"P\u00e1gina oficial de la Fiscal\u00eda General de la Naci\u00f3n \u2013 Colombia. Garantizamos el acceso efectivo a la justicia, la verdad y la reparaci\u00f3n de las v\u00edctimas de los delitos.","og_url":"https:\/\/www.fiscalia.gov.co\/colombia\/noticias\/ocho-personas-fueron-enviadas-a-la-carcel-por-presunto-narcomenudeo-en-el-parque-monumento-manuela-beltran-de-bucaramanga\/","og_site_name":"Fiscal\u00eda General de la Naci\u00f3n","article_publisher":"https:\/\/www.facebook.com\/FiscaliaCol","article_published_time":"2025-09-24T16:09:01+00:00","article_modified_time":"2025-09-24T16:09:38+00:00","og_image":[{"width":1600,"height":746,"url":"https:\/\/www.fiscalia.gov.co\/colombia\/wp-content\/uploads\/PHOTO-2025-09-23-14-38-33.jpg","type":"image\/jpeg"}],"author":"Johanna Islenny Prieto Pe\u00f1a","twitter_card":"summary_large_image","twitter_creator":"@FiscaliaCol","twitter_site":"@FiscaliaCol","twitter_misc":{"Escrito por":"Johanna Islenny Prieto Pe\u00f1a","Tiempo de lectura":"2 minutos"},"schema":{"@context":"https:\/\/schema.org","@graph":[{"@type":"Article","@id":"https:\/\/www.fiscalia.gov.co\/colombia\/noticias\/ocho-personas-fueron-enviadas-a-la-carcel-por-presunto-narcomenudeo-en-el-parque-monumento-manuela-beltran-de-bucaramanga\/#article","isPartOf":{"@id":"https:\/\/www.fiscalia.gov.co\/colombia\/noticias\/ocho-personas-fueron-enviadas-a-la-carcel-por-presunto-narcomenudeo-en-el-parque-monumento-manuela-beltran-de-bucaramanga\/"},"author":{"name":"Johanna Islenny Prieto Pe\u00f1a","@id":"https:\/\/www.fiscalia.gov.co\/colombia\/#\/schema\/person\/ba9eca435947489fb25117a0cd75bf3e"},"headline":"Ocho personas fueron enviadas a la c\u00e1rcel por presunto narcomenudeo en el parque monumento Manuela Beltr\u00e1n de Bucaramanga","datePublished":"2025-09-24T16:09:01+00:00","dateModified":"2025-09-24T16:09:38+00:00","mainEntityOfPage":{"@id":"https:\/\/www.fiscalia.gov.co\/colombia\/noticias\/ocho-personas-fueron-enviadas-a-la-carcel-por-presunto-narcomenudeo-en-el-parque-monumento-manuela-beltran-de-bucaramanga\/"},"wordCount":326,"publisher":{"@id":"https:\/\/www.fiscalia.gov.co\/colombia\/#organization"},"image":{"@id":"https:\/\/www.fiscalia.gov.co\/colombia\/noticias\/ocho-personas-fueron-enviadas-a-la-carcel-por-presunto-narcomenudeo-en-el-parque-monumento-manuela-beltran-de-bucaramanga\/#primaryimage"},"thumbnailUrl":"https:\/\/www.fiscalia.gov.co\/colombia\/wp-content\/uploads\/PHOTO-2025-09-23-14-38-33-300x140.jpg","keywords":["Fiscal\u00eda","Santander","Tr\u00e1fico de estupefacientes"],"articleSection":["Noticias","Seguridad territorial"],"inLanguage":"es-CO"},{"@type":"WebPage","@id":"https:\/\/www.fiscalia.gov.co\/colombia\/noticias\/ocho-personas-fueron-enviadas-a-la-carcel-por-presunto-narcomenudeo-en-el-parque-monumento-manuela-beltran-de-bucaramanga\/","url":"https:\/\/www.fiscalia.gov.co\/colombia\/noticias\/ocho-personas-fueron-enviadas-a-la-carcel-por-presunto-narcomenudeo-en-el-parque-monumento-manuela-beltran-de-bucaramanga\/","name":"Fiscal\u00eda General de la Naci\u00f3n","isPartOf":{"@id":"https:\/\/www.fiscalia.gov.co\/colombia\/#website"},"primaryImageOfPage":{"@id":"https:\/\/www.fiscalia.gov.co\/colombia\/noticias\/ocho-personas-fueron-enviadas-a-la-carcel-por-presunto-narcomenudeo-en-el-parque-monumento-manuela-beltran-de-bucaramanga\/#primaryimage"},"image":{"@id":"https:\/\/www.fiscalia.gov.co\/colombia\/noticias\/ocho-personas-fueron-enviadas-a-la-carcel-por-presunto-narcomenudeo-en-el-parque-monumento-manuela-beltran-de-bucaramanga\/#primaryimage"},"thumbnailUrl":"https:\/\/www.fiscalia.gov.co\/colombia\/wp-content\/uploads\/PHOTO-2025-09-23-14-38-33-300x140.jpg","datePublished":"2025-09-24T16:09:01+00:00","dateModified":"2025-09-24T16:09:38+00:00","description":"P\u00e1gina oficial de la Fiscal\u00eda General de la Naci\u00f3n \u2013 Colombia. Garantizamos el acceso efectivo a la justicia, la verdad y la reparaci\u00f3n de las v\u00edctimas de los delitos.","breadcrumb":{"@id":"https:\/\/www.fiscalia.gov.co\/colombia\/noticias\/ocho-personas-fueron-enviadas-a-la-carcel-por-presunto-narcomenudeo-en-el-parque-monumento-manuela-beltran-de-bucaramanga\/#breadcrumb"},"inLanguage":"es-CO","potentialAction":[{"@type":"ReadAction","target":["https:\/\/www.fiscalia.gov.co\/colombia\/noticias\/ocho-personas-fueron-enviadas-a-la-carcel-por-presunto-narcomenudeo-en-el-parque-monumento-manuela-beltran-de-bucaramanga\/"]}]},{"@type":"ImageObject","inLanguage":"es-CO","@id":"https:\/\/www.fiscalia.gov.co\/colombia\/noticias\/ocho-personas-fueron-enviadas-a-la-carcel-por-presunto-narcomenudeo-en-el-parque-monumento-manuela-beltran-de-bucaramanga\/#primaryimage","url":"https:\/\/www.fiscalia.gov.co\/colombia\/wp-content\/uploads\/PHOTO-2025-09-23-14-38-33.jpg","contentUrl":"https:\/\/www.fiscalia.gov.co\/colombia\/wp-content\/uploads\/PHOTO-2025-09-23-14-38-33.jpg","width":1600,"height":746,"caption":"Ocho personas se\u00f1aladas de comercializar sustancias il\u00edcitas en el Parque Monumento Manuela Beltr\u00e1n de Bucaramanga, fueron afectadas con medida de aseguramiento en centro carcelario.\u00a0"},{"@type":"BreadcrumbList","@id":"https:\/\/www.fiscalia.gov.co\/colombia\/noticias\/ocho-personas-fueron-enviadas-a-la-carcel-por-presunto-narcomenudeo-en-el-parque-monumento-manuela-beltran-de-bucaramanga\/#breadcrumb","itemListElement":[{"@type":"ListItem","position":1,"name":"Home","item":"https:\/\/www.fiscalia.gov.co\/colombia\/"},{"@type":"ListItem","position":2,"name":"Ocho personas fueron enviadas a la c\u00e1rcel por presunto narcomenudeo en el parque monumento Manuela Beltr\u00e1n de Bucaramanga"}]},{"@type":"WebSite","@id":"https:\/\/www.fiscalia.gov.co\/colombia\/#website","url":"https:\/\/www.fiscalia.gov.co\/colombia\/","name":"Fiscal\u00eda General de la Naci\u00f3n","description":"P\u00e1gina oficial de la Fiscal\u00eda General de la Naci\u00f3n \u2013 Colombia. Garantizamos el acceso efectivo a la justicia, la verdad y la reparaci\u00f3n de las v\u00edctimas de los delitos.","publisher":{"@id":"https:\/\/www.fiscalia.gov.co\/colombia\/#organization"},"potentialAction":[{"@type":"SearchAction","target":{"@type":"EntryPoint","urlTemplate":"https:\/\/www.fiscalia.gov.co\/colombia\/?s={search_term_string}"},"query-input":{"@type":"PropertyValueSpecification","valueRequired":true,"valueName":"search_term_string"}}],"inLanguage":"es-CO"},{"@type":"Organization","@id":"https:\/\/www.fiscalia.gov.co\/colombia\/#organization","name":"Fiscal\u00eda General de la Naci\u00f3n","url":"https:\/\/www.fiscalia.gov.co\/colombia\/","logo":{"@type":"ImageObject","inLanguage":"es-CO","@id":"https:\/\/www.fiscalia.gov.co\/colombia\/#\/schema\/logo\/image\/","url":"https:\/\/www.fiscalia.gov.co\/colombia\/wp-content\/uploads\/LogoHorizontal_1.jpg","contentUrl":"https:\/\/www.fiscalia.gov.co\/colombia\/wp-content\/uploads\/LogoHorizontal_1.jpg","width":300,"height":90,"caption":"Fiscal\u00eda General de la Naci\u00f3n"},"image":{"@id":"https:\/\/www.fiscalia.gov.co\/colombia\/#\/schema\/logo\/image\/"},"sameAs":["https:\/\/www.facebook.com\/FiscaliaCol","https:\/\/x.com\/FiscaliaCol","https:\/\/www.instagram.com\/fiscaliacol","https:\/\/www.linkedin.com\/company\/fiscalia-general-de-la-naci-n\/","https:\/\/youtube.com\/@fiscaliageneraldelanacion-4668?si=6nN79nyQICPU5iTh"]},{"@type":"Person","@id":"https:\/\/www.fiscalia.gov.co\/colombia\/#\/schema\/person\/ba9eca435947489fb25117a0cd75bf3e","name":"Johanna Islenny Prieto Pe\u00f1a","image":{"@type":"ImageObject","inLanguage":"es-CO","@id":"https:\/\/www.fiscalia.gov.co\/colombia\/#\/schema\/person\/image\/","url":"https:\/\/secure.gravatar.com\/avatar\/111433fc2acb037ffb768f6a3ca47864?s=96&d=mm&r=g","contentUrl":"https:\/\/secure.gravatar.com\/avatar\/111433fc2acb037ffb768f6a3ca47864?s=96&d=mm&r=g","caption":"Johanna Islenny Prieto Pe\u00f1a"},"url":"https:\/\/www.fiscalia.gov.co\/colombia\/author\/jprietop\/"}]}},"_links":{"self":[{"href":"https:\/\/www.fiscalia.gov.co\/colombia\/wp-json\/wp\/v2\/posts\/324456","targetHints":{"allow":["GET"]}}],"collection":[{"href":"https:\/\/www.fiscalia.gov.co\/colombia\/wp-json\/wp\/v2\/posts"}],"about":[{"href":"https:\/\/www.fiscalia.gov.co\/colombia\/wp-json\/wp\/v2\/types\/post"}],"author":[{"embeddable":true,"href":"https:\/\/www.fiscalia.gov.co\/colombia\/wp-json\/wp\/v2\/users\/181"}],"replies":[{"embeddable":true,"href":"https:\/\/www.fiscalia.gov.co\/colombia\/wp-json\/wp\/v2\/comments?post=324456"}],"version-history":[{"count":2,"href":"https:\/\/www.fiscalia.gov.co\/colombia\/wp-json\/wp\/v2\/posts\/324456\/revisions"}],"predecessor-version":[{"id":324461,"href":"https:\/\/www.fiscalia.gov.co\/colombia\/wp-json\/wp\/v2\/posts\/324456\/revisions\/324461"}],"wp:attachment":[{"href":"https:\/\/www.fiscalia.gov.co\/colombia\/wp-json\/wp\/v2\/media?parent=324456"}],"wp:term":[{"taxonomy":"category","embeddable":true,"href":"https:\/\/www.fiscalia.gov.co\/colombia\/wp-json\/wp\/v2\/categories?post=324456"},{"taxonomy":"post_tag","embeddable":true,"href":"https:\/\/www.fiscalia.gov.co\/colombia\/wp-json\/wp\/v2\/tags?post=324456"}],"curies":[{"name":"wp","href":"https:\/\/api.w.org\/{rel}","templated":true}]}}