{"id":324451,"date":"2025-09-24T10:51:16","date_gmt":"2025-09-24T15:51:16","guid":{"rendered":"https:\/\/www.fiscalia.gov.co\/colombia\/?p=324451"},"modified":"2025-09-24T10:51:16","modified_gmt":"2025-09-24T15:51:16","slug":"dos-hombres-fueron-judicializados-en-el-valle-del-cauca-por-presuntamente-transportar-cerca-de-133-kilos-de-marihuana","status":"publish","type":"post","link":"https:\/\/www.fiscalia.gov.co\/colombia\/noticias\/dos-hombres-fueron-judicializados-en-el-valle-del-cauca-por-presuntamente-transportar-cerca-de-133-kilos-de-marihuana\/","title":{"rendered":"Dos hombres fueron judicializados en el Valle del Cauca por presuntamente transportar cerca de 133 kilos de marihuana"},"content":{"rendered":"<p>Como presuntos responsables del delito de\u00a0tr\u00e1fico, fabricaci\u00f3n o porte de estupefacientes, <strong>la Fiscal\u00eda General de la Naci\u00f3n judicializ\u00f3 a dos hombres a quienes les habr\u00edan sido encontrados, en su poder,<\/strong> cerca de 133 kilos de marihuana.<\/p>\n<figure id=\"attachment_324452\" aria-describedby=\"caption-attachment-324452\" style=\"width: 282px\" class=\"wp-caption alignnone\"><img loading=\"lazy\" decoding=\"async\" class=\"size-medium wp-image-324452\" src=\"https:\/\/www.fiscalia.gov.co\/colombia\/wp-content\/uploads\/Walter-Parra-Sanchez-y-Elidier-Jaramillo-Villamil.-Estupefacientes.-Caicedonia-Valle-282x300.jpg\" alt=\"La Fotograf\u00eda es tomada de noche y en exteriores. Se aprecian de pie y con los brazos atr\u00e1s a Walther Parra S\u00e1nchez y Elidier Jaramillo Villamil. Uno viste con pantal\u00f3n y camisa de cuello y mangas cortas de tonos oscuros, as\u00ed como zapatillas blancas. El otro viste con camiseta de color beage y jean azul desgastado. A los extremos hay uniformados de la Polic\u00eda Nacional. Detr\u00e1s se aprecia parte de un cami\u00f3n y sobre uno de los costados del mismo hay un pend\u00f3n institucional de la Polic\u00eda.\" width=\"282\" height=\"300\" srcset=\"https:\/\/www.fiscalia.gov.co\/colombia\/wp-content\/uploads\/Walter-Parra-Sanchez-y-Elidier-Jaramillo-Villamil.-Estupefacientes.-Caicedonia-Valle-282x300.jpg 282w, https:\/\/www.fiscalia.gov.co\/colombia\/wp-content\/uploads\/Walter-Parra-Sanchez-y-Elidier-Jaramillo-Villamil.-Estupefacientes.-Caicedonia-Valle-963x1024.jpg 963w, https:\/\/www.fiscalia.gov.co\/colombia\/wp-content\/uploads\/Walter-Parra-Sanchez-y-Elidier-Jaramillo-Villamil.-Estupefacientes.-Caicedonia-Valle-768x816.jpg 768w, https:\/\/www.fiscalia.gov.co\/colombia\/wp-content\/uploads\/Walter-Parra-Sanchez-y-Elidier-Jaramillo-Villamil.-Estupefacientes.-Caicedonia-Valle-395x420.jpg 395w, https:\/\/www.fiscalia.gov.co\/colombia\/wp-content\/uploads\/Walter-Parra-Sanchez-y-Elidier-Jaramillo-Villamil.-Estupefacientes.-Caicedonia-Valle-696x740.jpg 696w, https:\/\/www.fiscalia.gov.co\/colombia\/wp-content\/uploads\/Walter-Parra-Sanchez-y-Elidier-Jaramillo-Villamil.-Estupefacientes.-Caicedonia-Valle-1068x1135.jpg 1068w, https:\/\/www.fiscalia.gov.co\/colombia\/wp-content\/uploads\/Walter-Parra-Sanchez-y-Elidier-Jaramillo-Villamil.-Estupefacientes.-Caicedonia-Valle.jpg 1362w\" sizes=\"auto, (max-width: 282px) 100vw, 282px\" \/><figcaption id=\"caption-attachment-324452\" class=\"wp-caption-text\">Walther Parra S\u00e1nchez y Elidier Jaramillo Villamil, al parecer, transportaban en un cami\u00f3n 132,66 kilos de marihuana en un doble fondo de la carrocer\u00eda del veh\u00edculo, en jurisdicci\u00f3n de Caicedonia (Valle del Cauca).<\/figcaption><\/figure>\n<p>Son ellos Walther Parra S\u00e1nchez y Elidier Jaramillo Villamil quienes fueron capturados el pasado 14 de septiembre por <strong>la Polic\u00eda Nacional cuando se movilizaban por la v\u00eda que de Sevilla conduce a Caicedonia (Valle del Cauca).<\/strong><\/p>\n<p>La investigaci\u00f3n determin\u00f3 que los presuntos implicados fueron requeridos para una inspecci\u00f3n de rutina a su cami\u00f3n.<strong> En el veh\u00edculo los uniformados detectaron un compartimento oculto bajo el piso,<\/strong> y en este, ocultos varios paquetes con la sustancia.<\/p>\n<p>Las autoridades incautaron el veh\u00edculo, el estupefaciente\u00a0y dos celulares. Por decisi\u00f3n judicial <strong>los dos hombres deber\u00e1n cumplir la medida de aseguramiento en centro carcelario.<\/strong><\/p>\n<p>&nbsp;<\/p>\n<p>MAP\/DSVC\/MAGA<\/p>\n<p>&nbsp;<\/p>\n<p>&nbsp;<\/p>\n<p>&nbsp;<\/p>\n<p><em>La informaci\u00f3n contenida en este bolet\u00edn de prensa corresponde a la narraci\u00f3n de los hechos noticiosos objetivos, y las investigaciones penales al interior de la Fiscal\u00eda General de la Naci\u00f3n. Para el momento de la divulgaci\u00f3n de este comunicado, la situaci\u00f3n jur\u00eddica de la(s) persona(s) relacionada(s) se encuentra pendiente de resolver por la autoridad judicial competente, siempre bajo los preceptos de la presunci\u00f3n de inocencia, consagrados en el art\u00edculo 29 de la Constituci\u00f3n Pol\u00edtica y el art\u00edculo 7\u00ba de la Ley 906 de 2004.<\/em><\/p>\n\n<div class=\"twitter-share\"><a href=\"https:\/\/twitter.com\/intent\/tweet?via=fiscaliacol\" class=\"twitter-share-button\">Tweet<\/a><\/div>\n","protected":false},"excerpt":{"rendered":"<p>Como presuntos responsables del delito de\u00a0tr\u00e1fico, fabricaci\u00f3n o porte de estupefacientes, la Fiscal\u00eda General de la Naci\u00f3n judicializ\u00f3 a dos hombres a quienes les habr\u00edan sido encontrados, en su poder, cerca de 133 kilos de marihuana. Son ellos Walther Parra S\u00e1nchez y Elidier Jaramillo Villamil quienes fueron capturados el pasado 14 de septiembre por la [&hellip;]<\/p>\n","protected":false},"author":181,"featured_media":0,"comment_status":"closed","ping_status":"open","sticky":false,"template":"","format":"standard","meta":{"tdm_status":"","tdm_grid_status":"","footnotes":""},"categories":[1,24099],"tags":[12184,37892,4614,1047,37671],"class_list":{"0":"post-324451","1":"post","2":"type-post","3":"status-publish","4":"format-standard","6":"category-noticias","7":"category-seguridad-territorial","8":"tag-fiscal","9":"tag-fiscal-luz-adriana-camargo-garzon","10":"tag-fiscalia-2","11":"tag-fiscalia-general-de-la-nacion","12":"tag-noticias"},"yoast_head":"<!-- This site is optimized with the Yoast SEO plugin v24.3 - https:\/\/yoast.com\/wordpress\/plugins\/seo\/ -->\n<title>Fiscal\u00eda General de la Naci\u00f3n<\/title>\n<meta name=\"description\" content=\"P\u00e1gina oficial de la Fiscal\u00eda General de la Naci\u00f3n \u2013 Colombia. Garantizamos el acceso efectivo a la justicia, la verdad y la reparaci\u00f3n de las v\u00edctimas de los delitos.\" \/>\n<meta name=\"robots\" content=\"noindex, follow\" \/>\n<meta property=\"og:locale\" content=\"es_ES\" \/>\n<meta property=\"og:type\" content=\"article\" \/>\n<meta property=\"og:title\" content=\"Fiscal\u00eda General de la Naci\u00f3n\" \/>\n<meta property=\"og:description\" content=\"P\u00e1gina oficial de la Fiscal\u00eda General de la Naci\u00f3n \u2013 Colombia. Garantizamos el acceso efectivo a la justicia, la verdad y la reparaci\u00f3n de las v\u00edctimas de los delitos.\" \/>\n<meta property=\"og:url\" content=\"https:\/\/www.fiscalia.gov.co\/colombia\/noticias\/dos-hombres-fueron-judicializados-en-el-valle-del-cauca-por-presuntamente-transportar-cerca-de-133-kilos-de-marihuana\/\" \/>\n<meta property=\"og:site_name\" content=\"Fiscal\u00eda General de la Naci\u00f3n\" \/>\n<meta property=\"article:publisher\" content=\"https:\/\/www.facebook.com\/FiscaliaCol\" \/>\n<meta property=\"article:published_time\" content=\"2025-09-24T15:51:16+00:00\" \/>\n<meta property=\"og:image\" content=\"https:\/\/www.fiscalia.gov.co\/colombia\/wp-content\/uploads\/Walter-Parra-Sanchez-y-Elidier-Jaramillo-Villamil.-Estupefacientes.-Caicedonia-Valle.jpg\" \/>\n\t<meta property=\"og:image:width\" content=\"1362\" \/>\n\t<meta property=\"og:image:height\" content=\"1448\" \/>\n\t<meta property=\"og:image:type\" content=\"image\/jpeg\" \/>\n<meta name=\"author\" content=\"Johanna Islenny Prieto Pe\u00f1a\" \/>\n<meta name=\"twitter:card\" content=\"summary_large_image\" \/>\n<meta name=\"twitter:creator\" content=\"@FiscaliaCol\" \/>\n<meta name=\"twitter:site\" content=\"@FiscaliaCol\" \/>\n<meta name=\"twitter:label1\" content=\"Escrito por\" \/>\n\t<meta name=\"twitter:data1\" content=\"Johanna Islenny Prieto Pe\u00f1a\" \/>\n\t<meta name=\"twitter:label2\" content=\"Tiempo de lectura\" \/>\n\t<meta name=\"twitter:data2\" content=\"2 minutos\" \/>\n<script type=\"application\/ld+json\" class=\"yoast-schema-graph\">{\"@context\":\"https:\/\/schema.org\",\"@graph\":[{\"@type\":\"Article\",\"@id\":\"https:\/\/www.fiscalia.gov.co\/colombia\/noticias\/dos-hombres-fueron-judicializados-en-el-valle-del-cauca-por-presuntamente-transportar-cerca-de-133-kilos-de-marihuana\/#article\",\"isPartOf\":{\"@id\":\"https:\/\/www.fiscalia.gov.co\/colombia\/noticias\/dos-hombres-fueron-judicializados-en-el-valle-del-cauca-por-presuntamente-transportar-cerca-de-133-kilos-de-marihuana\/\"},\"author\":{\"name\":\"Johanna Islenny Prieto Pe\u00f1a\",\"@id\":\"https:\/\/www.fiscalia.gov.co\/colombia\/#\/schema\/person\/ba9eca435947489fb25117a0cd75bf3e\"},\"headline\":\"Dos hombres fueron judicializados en el Valle del Cauca por presuntamente transportar cerca de 133 kilos de marihuana\",\"datePublished\":\"2025-09-24T15:51:16+00:00\",\"dateModified\":\"2025-09-24T15:51:16+00:00\",\"mainEntityOfPage\":{\"@id\":\"https:\/\/www.fiscalia.gov.co\/colombia\/noticias\/dos-hombres-fueron-judicializados-en-el-valle-del-cauca-por-presuntamente-transportar-cerca-de-133-kilos-de-marihuana\/\"},\"wordCount\":313,\"publisher\":{\"@id\":\"https:\/\/www.fiscalia.gov.co\/colombia\/#organization\"},\"image\":{\"@id\":\"https:\/\/www.fiscalia.gov.co\/colombia\/noticias\/dos-hombres-fueron-judicializados-en-el-valle-del-cauca-por-presuntamente-transportar-cerca-de-133-kilos-de-marihuana\/#primaryimage\"},\"thumbnailUrl\":\"https:\/\/www.fiscalia.gov.co\/colombia\/wp-content\/uploads\/Walter-Parra-Sanchez-y-Elidier-Jaramillo-Villamil.-Estupefacientes.-Caicedonia-Valle-282x300.jpg\",\"keywords\":[\"Fiscal\",\"Fiscal Luz Adriana Camargo Garz\u00f3n\",\"Fiscal\u00eda\",\"Fiscal\u00eda General de la Naci\u00f3n\",\"Noticias\"],\"articleSection\":[\"Noticias\",\"Seguridad territorial\"],\"inLanguage\":\"es-CO\"},{\"@type\":\"WebPage\",\"@id\":\"https:\/\/www.fiscalia.gov.co\/colombia\/noticias\/dos-hombres-fueron-judicializados-en-el-valle-del-cauca-por-presuntamente-transportar-cerca-de-133-kilos-de-marihuana\/\",\"url\":\"https:\/\/www.fiscalia.gov.co\/colombia\/noticias\/dos-hombres-fueron-judicializados-en-el-valle-del-cauca-por-presuntamente-transportar-cerca-de-133-kilos-de-marihuana\/\",\"name\":\"Fiscal\u00eda General de la Naci\u00f3n\",\"isPartOf\":{\"@id\":\"https:\/\/www.fiscalia.gov.co\/colombia\/#website\"},\"primaryImageOfPage\":{\"@id\":\"https:\/\/www.fiscalia.gov.co\/colombia\/noticias\/dos-hombres-fueron-judicializados-en-el-valle-del-cauca-por-presuntamente-transportar-cerca-de-133-kilos-de-marihuana\/#primaryimage\"},\"image\":{\"@id\":\"https:\/\/www.fiscalia.gov.co\/colombia\/noticias\/dos-hombres-fueron-judicializados-en-el-valle-del-cauca-por-presuntamente-transportar-cerca-de-133-kilos-de-marihuana\/#primaryimage\"},\"thumbnailUrl\":\"https:\/\/www.fiscalia.gov.co\/colombia\/wp-content\/uploads\/Walter-Parra-Sanchez-y-Elidier-Jaramillo-Villamil.-Estupefacientes.-Caicedonia-Valle-282x300.jpg\",\"datePublished\":\"2025-09-24T15:51:16+00:00\",\"dateModified\":\"2025-09-24T15:51:16+00:00\",\"description\":\"P\u00e1gina oficial de la Fiscal\u00eda General de la Naci\u00f3n \u2013 Colombia. Garantizamos el acceso efectivo a la justicia, la verdad y la reparaci\u00f3n de las v\u00edctimas de los delitos.\",\"breadcrumb\":{\"@id\":\"https:\/\/www.fiscalia.gov.co\/colombia\/noticias\/dos-hombres-fueron-judicializados-en-el-valle-del-cauca-por-presuntamente-transportar-cerca-de-133-kilos-de-marihuana\/#breadcrumb\"},\"inLanguage\":\"es-CO\",\"potentialAction\":[{\"@type\":\"ReadAction\",\"target\":[\"https:\/\/www.fiscalia.gov.co\/colombia\/noticias\/dos-hombres-fueron-judicializados-en-el-valle-del-cauca-por-presuntamente-transportar-cerca-de-133-kilos-de-marihuana\/\"]}]},{\"@type\":\"ImageObject\",\"inLanguage\":\"es-CO\",\"@id\":\"https:\/\/www.fiscalia.gov.co\/colombia\/noticias\/dos-hombres-fueron-judicializados-en-el-valle-del-cauca-por-presuntamente-transportar-cerca-de-133-kilos-de-marihuana\/#primaryimage\",\"url\":\"https:\/\/www.fiscalia.gov.co\/colombia\/wp-content\/uploads\/Walter-Parra-Sanchez-y-Elidier-Jaramillo-Villamil.-Estupefacientes.-Caicedonia-Valle.jpg\",\"contentUrl\":\"https:\/\/www.fiscalia.gov.co\/colombia\/wp-content\/uploads\/Walter-Parra-Sanchez-y-Elidier-Jaramillo-Villamil.-Estupefacientes.-Caicedonia-Valle.jpg\",\"width\":1362,\"height\":1448,\"caption\":\"Walther Parra S\u00e1nchez y Elidier Jaramillo Villamil, al parecer, transportaban en un cami\u00f3n 132,66 kilos de marihuana en un doble fondo de la carrocer\u00eda del veh\u00edculo, en jurisdicci\u00f3n de Caicedonia (Valle del Cauca).\"},{\"@type\":\"BreadcrumbList\",\"@id\":\"https:\/\/www.fiscalia.gov.co\/colombia\/noticias\/dos-hombres-fueron-judicializados-en-el-valle-del-cauca-por-presuntamente-transportar-cerca-de-133-kilos-de-marihuana\/#breadcrumb\",\"itemListElement\":[{\"@type\":\"ListItem\",\"position\":1,\"name\":\"Home\",\"item\":\"https:\/\/www.fiscalia.gov.co\/colombia\/\"},{\"@type\":\"ListItem\",\"position\":2,\"name\":\"Dos hombres fueron judicializados en el Valle del Cauca por presuntamente transportar cerca de 133 kilos de marihuana\"}]},{\"@type\":\"WebSite\",\"@id\":\"https:\/\/www.fiscalia.gov.co\/colombia\/#website\",\"url\":\"https:\/\/www.fiscalia.gov.co\/colombia\/\",\"name\":\"Fiscal\u00eda General de la Naci\u00f3n\",\"description\":\"P\u00e1gina oficial de la Fiscal\u00eda General de la Naci\u00f3n \u2013 Colombia. Garantizamos el acceso efectivo a la justicia, la verdad y la reparaci\u00f3n de las v\u00edctimas de los delitos.\",\"publisher\":{\"@id\":\"https:\/\/www.fiscalia.gov.co\/colombia\/#organization\"},\"potentialAction\":[{\"@type\":\"SearchAction\",\"target\":{\"@type\":\"EntryPoint\",\"urlTemplate\":\"https:\/\/www.fiscalia.gov.co\/colombia\/?s={search_term_string}\"},\"query-input\":{\"@type\":\"PropertyValueSpecification\",\"valueRequired\":true,\"valueName\":\"search_term_string\"}}],\"inLanguage\":\"es-CO\"},{\"@type\":\"Organization\",\"@id\":\"https:\/\/www.fiscalia.gov.co\/colombia\/#organization\",\"name\":\"Fiscal\u00eda General de la Naci\u00f3n\",\"url\":\"https:\/\/www.fiscalia.gov.co\/colombia\/\",\"logo\":{\"@type\":\"ImageObject\",\"inLanguage\":\"es-CO\",\"@id\":\"https:\/\/www.fiscalia.gov.co\/colombia\/#\/schema\/logo\/image\/\",\"url\":\"https:\/\/www.fiscalia.gov.co\/colombia\/wp-content\/uploads\/LogoHorizontal_1.jpg\",\"contentUrl\":\"https:\/\/www.fiscalia.gov.co\/colombia\/wp-content\/uploads\/LogoHorizontal_1.jpg\",\"width\":300,\"height\":90,\"caption\":\"Fiscal\u00eda General de la Naci\u00f3n\"},\"image\":{\"@id\":\"https:\/\/www.fiscalia.gov.co\/colombia\/#\/schema\/logo\/image\/\"},\"sameAs\":[\"https:\/\/www.facebook.com\/FiscaliaCol\",\"https:\/\/x.com\/FiscaliaCol\",\"https:\/\/www.instagram.com\/fiscaliacol\",\"https:\/\/www.linkedin.com\/company\/fiscalia-general-de-la-naci-n\/\",\"https:\/\/youtube.com\/@fiscaliageneraldelanacion-4668?si=6nN79nyQICPU5iTh\"]},{\"@type\":\"Person\",\"@id\":\"https:\/\/www.fiscalia.gov.co\/colombia\/#\/schema\/person\/ba9eca435947489fb25117a0cd75bf3e\",\"name\":\"Johanna Islenny Prieto Pe\u00f1a\",\"image\":{\"@type\":\"ImageObject\",\"inLanguage\":\"es-CO\",\"@id\":\"https:\/\/www.fiscalia.gov.co\/colombia\/#\/schema\/person\/image\/\",\"url\":\"https:\/\/secure.gravatar.com\/avatar\/111433fc2acb037ffb768f6a3ca47864?s=96&d=mm&r=g\",\"contentUrl\":\"https:\/\/secure.gravatar.com\/avatar\/111433fc2acb037ffb768f6a3ca47864?s=96&d=mm&r=g\",\"caption\":\"Johanna Islenny Prieto Pe\u00f1a\"},\"url\":\"https:\/\/www.fiscalia.gov.co\/colombia\/author\/jprietop\/\"}]}<\/script>\n<!-- \/ Yoast SEO plugin. -->","yoast_head_json":{"title":"Fiscal\u00eda General de la Naci\u00f3n","description":"P\u00e1gina oficial de la Fiscal\u00eda General de la Naci\u00f3n \u2013 Colombia. Garantizamos el acceso efectivo a la justicia, la verdad y la reparaci\u00f3n de las v\u00edctimas de los delitos.","robots":{"index":"noindex","follow":"follow"},"og_locale":"es_ES","og_type":"article","og_title":"Fiscal\u00eda General de la Naci\u00f3n","og_description":"P\u00e1gina oficial de la Fiscal\u00eda General de la Naci\u00f3n \u2013 Colombia. Garantizamos el acceso efectivo a la justicia, la verdad y la reparaci\u00f3n de las v\u00edctimas de los delitos.","og_url":"https:\/\/www.fiscalia.gov.co\/colombia\/noticias\/dos-hombres-fueron-judicializados-en-el-valle-del-cauca-por-presuntamente-transportar-cerca-de-133-kilos-de-marihuana\/","og_site_name":"Fiscal\u00eda General de la Naci\u00f3n","article_publisher":"https:\/\/www.facebook.com\/FiscaliaCol","article_published_time":"2025-09-24T15:51:16+00:00","og_image":[{"width":1362,"height":1448,"url":"https:\/\/www.fiscalia.gov.co\/colombia\/wp-content\/uploads\/Walter-Parra-Sanchez-y-Elidier-Jaramillo-Villamil.-Estupefacientes.-Caicedonia-Valle.jpg","type":"image\/jpeg"}],"author":"Johanna Islenny Prieto Pe\u00f1a","twitter_card":"summary_large_image","twitter_creator":"@FiscaliaCol","twitter_site":"@FiscaliaCol","twitter_misc":{"Escrito por":"Johanna Islenny Prieto Pe\u00f1a","Tiempo de lectura":"2 minutos"},"schema":{"@context":"https:\/\/schema.org","@graph":[{"@type":"Article","@id":"https:\/\/www.fiscalia.gov.co\/colombia\/noticias\/dos-hombres-fueron-judicializados-en-el-valle-del-cauca-por-presuntamente-transportar-cerca-de-133-kilos-de-marihuana\/#article","isPartOf":{"@id":"https:\/\/www.fiscalia.gov.co\/colombia\/noticias\/dos-hombres-fueron-judicializados-en-el-valle-del-cauca-por-presuntamente-transportar-cerca-de-133-kilos-de-marihuana\/"},"author":{"name":"Johanna Islenny Prieto Pe\u00f1a","@id":"https:\/\/www.fiscalia.gov.co\/colombia\/#\/schema\/person\/ba9eca435947489fb25117a0cd75bf3e"},"headline":"Dos hombres fueron judicializados en el Valle del Cauca por presuntamente transportar cerca de 133 kilos de marihuana","datePublished":"2025-09-24T15:51:16+00:00","dateModified":"2025-09-24T15:51:16+00:00","mainEntityOfPage":{"@id":"https:\/\/www.fiscalia.gov.co\/colombia\/noticias\/dos-hombres-fueron-judicializados-en-el-valle-del-cauca-por-presuntamente-transportar-cerca-de-133-kilos-de-marihuana\/"},"wordCount":313,"publisher":{"@id":"https:\/\/www.fiscalia.gov.co\/colombia\/#organization"},"image":{"@id":"https:\/\/www.fiscalia.gov.co\/colombia\/noticias\/dos-hombres-fueron-judicializados-en-el-valle-del-cauca-por-presuntamente-transportar-cerca-de-133-kilos-de-marihuana\/#primaryimage"},"thumbnailUrl":"https:\/\/www.fiscalia.gov.co\/colombia\/wp-content\/uploads\/Walter-Parra-Sanchez-y-Elidier-Jaramillo-Villamil.-Estupefacientes.-Caicedonia-Valle-282x300.jpg","keywords":["Fiscal","Fiscal Luz Adriana Camargo Garz\u00f3n","Fiscal\u00eda","Fiscal\u00eda General de la Naci\u00f3n","Noticias"],"articleSection":["Noticias","Seguridad territorial"],"inLanguage":"es-CO"},{"@type":"WebPage","@id":"https:\/\/www.fiscalia.gov.co\/colombia\/noticias\/dos-hombres-fueron-judicializados-en-el-valle-del-cauca-por-presuntamente-transportar-cerca-de-133-kilos-de-marihuana\/","url":"https:\/\/www.fiscalia.gov.co\/colombia\/noticias\/dos-hombres-fueron-judicializados-en-el-valle-del-cauca-por-presuntamente-transportar-cerca-de-133-kilos-de-marihuana\/","name":"Fiscal\u00eda General de la Naci\u00f3n","isPartOf":{"@id":"https:\/\/www.fiscalia.gov.co\/colombia\/#website"},"primaryImageOfPage":{"@id":"https:\/\/www.fiscalia.gov.co\/colombia\/noticias\/dos-hombres-fueron-judicializados-en-el-valle-del-cauca-por-presuntamente-transportar-cerca-de-133-kilos-de-marihuana\/#primaryimage"},"image":{"@id":"https:\/\/www.fiscalia.gov.co\/colombia\/noticias\/dos-hombres-fueron-judicializados-en-el-valle-del-cauca-por-presuntamente-transportar-cerca-de-133-kilos-de-marihuana\/#primaryimage"},"thumbnailUrl":"https:\/\/www.fiscalia.gov.co\/colombia\/wp-content\/uploads\/Walter-Parra-Sanchez-y-Elidier-Jaramillo-Villamil.-Estupefacientes.-Caicedonia-Valle-282x300.jpg","datePublished":"2025-09-24T15:51:16+00:00","dateModified":"2025-09-24T15:51:16+00:00","description":"P\u00e1gina oficial de la Fiscal\u00eda General de la Naci\u00f3n \u2013 Colombia. Garantizamos el acceso efectivo a la justicia, la verdad y la reparaci\u00f3n de las v\u00edctimas de los delitos.","breadcrumb":{"@id":"https:\/\/www.fiscalia.gov.co\/colombia\/noticias\/dos-hombres-fueron-judicializados-en-el-valle-del-cauca-por-presuntamente-transportar-cerca-de-133-kilos-de-marihuana\/#breadcrumb"},"inLanguage":"es-CO","potentialAction":[{"@type":"ReadAction","target":["https:\/\/www.fiscalia.gov.co\/colombia\/noticias\/dos-hombres-fueron-judicializados-en-el-valle-del-cauca-por-presuntamente-transportar-cerca-de-133-kilos-de-marihuana\/"]}]},{"@type":"ImageObject","inLanguage":"es-CO","@id":"https:\/\/www.fiscalia.gov.co\/colombia\/noticias\/dos-hombres-fueron-judicializados-en-el-valle-del-cauca-por-presuntamente-transportar-cerca-de-133-kilos-de-marihuana\/#primaryimage","url":"https:\/\/www.fiscalia.gov.co\/colombia\/wp-content\/uploads\/Walter-Parra-Sanchez-y-Elidier-Jaramillo-Villamil.-Estupefacientes.-Caicedonia-Valle.jpg","contentUrl":"https:\/\/www.fiscalia.gov.co\/colombia\/wp-content\/uploads\/Walter-Parra-Sanchez-y-Elidier-Jaramillo-Villamil.-Estupefacientes.-Caicedonia-Valle.jpg","width":1362,"height":1448,"caption":"Walther Parra S\u00e1nchez y Elidier Jaramillo Villamil, al parecer, transportaban en un cami\u00f3n 132,66 kilos de marihuana en un doble fondo de la carrocer\u00eda del veh\u00edculo, en jurisdicci\u00f3n de Caicedonia (Valle del Cauca)."},{"@type":"BreadcrumbList","@id":"https:\/\/www.fiscalia.gov.co\/colombia\/noticias\/dos-hombres-fueron-judicializados-en-el-valle-del-cauca-por-presuntamente-transportar-cerca-de-133-kilos-de-marihuana\/#breadcrumb","itemListElement":[{"@type":"ListItem","position":1,"name":"Home","item":"https:\/\/www.fiscalia.gov.co\/colombia\/"},{"@type":"ListItem","position":2,"name":"Dos hombres fueron judicializados en el Valle del Cauca por presuntamente transportar cerca de 133 kilos de marihuana"}]},{"@type":"WebSite","@id":"https:\/\/www.fiscalia.gov.co\/colombia\/#website","url":"https:\/\/www.fiscalia.gov.co\/colombia\/","name":"Fiscal\u00eda General de la Naci\u00f3n","description":"P\u00e1gina oficial de la Fiscal\u00eda General de la Naci\u00f3n \u2013 Colombia. Garantizamos el acceso efectivo a la justicia, la verdad y la reparaci\u00f3n de las v\u00edctimas de los delitos.","publisher":{"@id":"https:\/\/www.fiscalia.gov.co\/colombia\/#organization"},"potentialAction":[{"@type":"SearchAction","target":{"@type":"EntryPoint","urlTemplate":"https:\/\/www.fiscalia.gov.co\/colombia\/?s={search_term_string}"},"query-input":{"@type":"PropertyValueSpecification","valueRequired":true,"valueName":"search_term_string"}}],"inLanguage":"es-CO"},{"@type":"Organization","@id":"https:\/\/www.fiscalia.gov.co\/colombia\/#organization","name":"Fiscal\u00eda General de la Naci\u00f3n","url":"https:\/\/www.fiscalia.gov.co\/colombia\/","logo":{"@type":"ImageObject","inLanguage":"es-CO","@id":"https:\/\/www.fiscalia.gov.co\/colombia\/#\/schema\/logo\/image\/","url":"https:\/\/www.fiscalia.gov.co\/colombia\/wp-content\/uploads\/LogoHorizontal_1.jpg","contentUrl":"https:\/\/www.fiscalia.gov.co\/colombia\/wp-content\/uploads\/LogoHorizontal_1.jpg","width":300,"height":90,"caption":"Fiscal\u00eda General de la Naci\u00f3n"},"image":{"@id":"https:\/\/www.fiscalia.gov.co\/colombia\/#\/schema\/logo\/image\/"},"sameAs":["https:\/\/www.facebook.com\/FiscaliaCol","https:\/\/x.com\/FiscaliaCol","https:\/\/www.instagram.com\/fiscaliacol","https:\/\/www.linkedin.com\/company\/fiscalia-general-de-la-naci-n\/","https:\/\/youtube.com\/@fiscaliageneraldelanacion-4668?si=6nN79nyQICPU5iTh"]},{"@type":"Person","@id":"https:\/\/www.fiscalia.gov.co\/colombia\/#\/schema\/person\/ba9eca435947489fb25117a0cd75bf3e","name":"Johanna Islenny Prieto Pe\u00f1a","image":{"@type":"ImageObject","inLanguage":"es-CO","@id":"https:\/\/www.fiscalia.gov.co\/colombia\/#\/schema\/person\/image\/","url":"https:\/\/secure.gravatar.com\/avatar\/111433fc2acb037ffb768f6a3ca47864?s=96&d=mm&r=g","contentUrl":"https:\/\/secure.gravatar.com\/avatar\/111433fc2acb037ffb768f6a3ca47864?s=96&d=mm&r=g","caption":"Johanna Islenny Prieto Pe\u00f1a"},"url":"https:\/\/www.fiscalia.gov.co\/colombia\/author\/jprietop\/"}]}},"_links":{"self":[{"href":"https:\/\/www.fiscalia.gov.co\/colombia\/wp-json\/wp\/v2\/posts\/324451","targetHints":{"allow":["GET"]}}],"collection":[{"href":"https:\/\/www.fiscalia.gov.co\/colombia\/wp-json\/wp\/v2\/posts"}],"about":[{"href":"https:\/\/www.fiscalia.gov.co\/colombia\/wp-json\/wp\/v2\/types\/post"}],"author":[{"embeddable":true,"href":"https:\/\/www.fiscalia.gov.co\/colombia\/wp-json\/wp\/v2\/users\/181"}],"replies":[{"embeddable":true,"href":"https:\/\/www.fiscalia.gov.co\/colombia\/wp-json\/wp\/v2\/comments?post=324451"}],"version-history":[{"count":1,"href":"https:\/\/www.fiscalia.gov.co\/colombia\/wp-json\/wp\/v2\/posts\/324451\/revisions"}],"predecessor-version":[{"id":324453,"href":"https:\/\/www.fiscalia.gov.co\/colombia\/wp-json\/wp\/v2\/posts\/324451\/revisions\/324453"}],"wp:attachment":[{"href":"https:\/\/www.fiscalia.gov.co\/colombia\/wp-json\/wp\/v2\/media?parent=324451"}],"wp:term":[{"taxonomy":"category","embeddable":true,"href":"https:\/\/www.fiscalia.gov.co\/colombia\/wp-json\/wp\/v2\/categories?post=324451"},{"taxonomy":"post_tag","embeddable":true,"href":"https:\/\/www.fiscalia.gov.co\/colombia\/wp-json\/wp\/v2\/tags?post=324451"}],"curies":[{"name":"wp","href":"https:\/\/api.w.org\/{rel}","templated":true}]}}