{"id":324383,"date":"2025-09-23T14:22:28","date_gmt":"2025-09-23T19:22:28","guid":{"rendered":"https:\/\/www.fiscalia.gov.co\/colombia\/?p=324383"},"modified":"2025-09-23T14:22:55","modified_gmt":"2025-09-23T19:22:55","slug":"en-barranquilla-fueron-asegurados-presuntos-integrantes-de-grupo-delincuencial-senalados-de-hurtos-mediante-cambiazo-de-tarjetas","status":"publish","type":"post","link":"https:\/\/www.fiscalia.gov.co\/colombia\/noticias\/en-barranquilla-fueron-asegurados-presuntos-integrantes-de-grupo-delincuencial-senalados-de-hurtos-mediante-cambiazo-de-tarjetas\/","title":{"rendered":"En Barranquilla fueron asegurados presuntos integrantes de grupo delincuencial se\u00f1alados de hurtos mediante \u2018cambiazo\u2019 de tarjetas"},"content":{"rendered":"<p>La Fiscal\u00eda General de la Naci\u00f3n judicializ\u00f3 en Barranquilla (Atl\u00e1ntico) a cuatro presuntos integrantes del <strong>grupo delincuencial denominado Triple 8<\/strong>, que estar\u00edan involucrados en <a href=\"https:\/\/www.fiscalia.gov.co\/colombia\/noticias\/por-millonario-hurto-informatico-a-cuentas-de-la-gobernacion-de-putumayo-fueron-judicializados-seis-presuntos-responsables\/\" target=\"_blank\" rel=\"noopener\">hurtos inform\u00e1ticos<\/a>.<\/p>\n<p>Se trata de Carlos Eduardo Torres Gonz\u00e1lez, John Villalba M\u00e9ndez, Daniel Steven Pacheco y Carlos Santos Ib\u00e1\u00f1ez,<strong> a quienes una fiscal de la Estructura de Apoyo (EDA) les imput\u00f3 los delitos de concierto para delinquir, hurtos por medios inform\u00e1ticos<\/strong> y obstaculizaci\u00f3n ileg\u00edtima de sistemas inform\u00e1ticos. Ninguno acept\u00f3 los cargos.<\/p>\n<figure id=\"attachment_324384\" aria-describedby=\"caption-attachment-324384\" style=\"width: 300px\" class=\"wp-caption alignnone\"><img loading=\"lazy\" decoding=\"async\" class=\"size-medium wp-image-324384\" src=\"https:\/\/www.fiscalia.gov.co\/colombia\/wp-content\/uploads\/Foto-1-boletin-23-de-septiembre-Triple-8-300x277.jpeg\" alt=\"En las fotograf\u00edas aparecen los capturados de pie, de frente, con los brazos atr\u00e1s esposados custodiados por uniformados de la Polic\u00eda Nacional. Delante de ellos hay una mesa con tarjetas d\u00e9bitos, tarjetas de cr\u00e9dito, dineros y celulares. \" width=\"300\" height=\"277\" srcset=\"https:\/\/www.fiscalia.gov.co\/colombia\/wp-content\/uploads\/Foto-1-boletin-23-de-septiembre-Triple-8-300x277.jpeg 300w, https:\/\/www.fiscalia.gov.co\/colombia\/wp-content\/uploads\/Foto-1-boletin-23-de-septiembre-Triple-8-1024x945.jpeg 1024w, https:\/\/www.fiscalia.gov.co\/colombia\/wp-content\/uploads\/Foto-1-boletin-23-de-septiembre-Triple-8-768x709.jpeg 768w, https:\/\/www.fiscalia.gov.co\/colombia\/wp-content\/uploads\/Foto-1-boletin-23-de-septiembre-Triple-8-1536x1418.jpeg 1536w, https:\/\/www.fiscalia.gov.co\/colombia\/wp-content\/uploads\/Foto-1-boletin-23-de-septiembre-Triple-8-455x420.jpeg 455w, https:\/\/www.fiscalia.gov.co\/colombia\/wp-content\/uploads\/Foto-1-boletin-23-de-septiembre-Triple-8-696x643.jpeg 696w, https:\/\/www.fiscalia.gov.co\/colombia\/wp-content\/uploads\/Foto-1-boletin-23-de-septiembre-Triple-8-1068x986.jpeg 1068w, https:\/\/www.fiscalia.gov.co\/colombia\/wp-content\/uploads\/Foto-1-boletin-23-de-septiembre-Triple-8.jpeg 1590w\" sizes=\"auto, (max-width: 300px) 100vw, 300px\" \/><figcaption id=\"caption-attachment-324384\" class=\"wp-caption-text\">Los procesados fueron capturados en allanamientos realizados a los barrios Ciudadela y Gal\u00e1n de Barranquilla.<\/figcaption><\/figure>\n<p>Estas personas habr\u00edan enga\u00f1ado a varios ciudadanos cuando realizaban transacciones en cajeros autom\u00e1ticos. Se les atribuyen, al menos, 13 eventos delictivos en los que con el pretexto de ayudar a las v\u00edctimas les cambiaron <a href=\"https:\/\/www.fiscalia.gov.co\/colombia\/noticias\/la-fiscalia-judicializo-a-un-hombre-implicado-en-millonario-hurto-informatico-a-almacen-de-cadena-nacional\/\" target=\"_blank\" rel=\"noopener\">sus tarjetas d\u00e9bito<\/a> con las que posteriormente realizaron compras y transferencias.<\/p>\n<p>De esta manera<strong> se habr\u00edan apropiado irregularmente de aproximadamente 50 millones<\/strong> de pesos.<\/p>\n<figure id=\"attachment_324385\" aria-describedby=\"caption-attachment-324385\" style=\"width: 300px\" class=\"wp-caption alignnone\"><img loading=\"lazy\" decoding=\"async\" class=\"size-medium wp-image-324385\" src=\"https:\/\/www.fiscalia.gov.co\/colombia\/wp-content\/uploads\/Foto-2-boletin-23-de-septiembre-Triple-8-300x236.jpeg\" alt=\"Los procesados fueron capturados en allanamientos realizados a los barrios Ciudadela y Gal\u00e1n de Barranquilla. \" width=\"300\" height=\"236\" srcset=\"https:\/\/www.fiscalia.gov.co\/colombia\/wp-content\/uploads\/Foto-2-boletin-23-de-septiembre-Triple-8-300x236.jpeg 300w, https:\/\/www.fiscalia.gov.co\/colombia\/wp-content\/uploads\/Foto-2-boletin-23-de-septiembre-Triple-8-1024x805.jpeg 1024w, https:\/\/www.fiscalia.gov.co\/colombia\/wp-content\/uploads\/Foto-2-boletin-23-de-septiembre-Triple-8-768x604.jpeg 768w, https:\/\/www.fiscalia.gov.co\/colombia\/wp-content\/uploads\/Foto-2-boletin-23-de-septiembre-Triple-8-1536x1208.jpeg 1536w, https:\/\/www.fiscalia.gov.co\/colombia\/wp-content\/uploads\/Foto-2-boletin-23-de-septiembre-Triple-8-534x420.jpeg 534w, https:\/\/www.fiscalia.gov.co\/colombia\/wp-content\/uploads\/Foto-2-boletin-23-de-septiembre-Triple-8-696x547.jpeg 696w, https:\/\/www.fiscalia.gov.co\/colombia\/wp-content\/uploads\/Foto-2-boletin-23-de-septiembre-Triple-8-1068x840.jpeg 1068w, https:\/\/www.fiscalia.gov.co\/colombia\/wp-content\/uploads\/Foto-2-boletin-23-de-septiembre-Triple-8.jpeg 1600w\" sizes=\"auto, (max-width: 300px) 100vw, 300px\" \/><figcaption id=\"caption-attachment-324385\" class=\"wp-caption-text\">En las fotograf\u00edas aparecen los capturados de pie, de frente, con los brazos atr\u00e1s esposados custodiados por uniformados de la Polic\u00eda Nacional. Delante de ellos hay una mesa con tarjetas d\u00e9bitos, tarjetas de cr\u00e9dito, dineros y celulares.<\/figcaption><\/figure>\n<p>Los procesados fueron capturados durante diligencias de registro y allanamiento realizadas por la Polic\u00eda Nacional en los barrios Ciudadela y Gal\u00e1n en la capital atlanticense.<\/p>\n<p><strong>En los operativos judiciales les fueron incautadas 38 simcard, tres cuadernos con bases de datos de entidades bancarias y<\/strong> empresas de telefon\u00eda, tres celulares, 13 tarjetas d\u00e9bito y cr\u00e9dito, 51 c\u00e9dulas de ciudadan\u00eda y dinero en efectivo.<\/p>\n<p>Por disposici\u00f3n judicial, los cuatro investigados deber\u00e1n cumplir medida de aseguramiento en centro carcelario.<\/p>\n<p>MEVA\/AMCJ\/CLD\/WFOJ\/DSA<\/p>\n<p>&nbsp;<\/p>\n<p>&nbsp;<\/p>\n<p><i>La informaci\u00f3n contenida en este bolet\u00edn de prensa corresponde a la narraci\u00f3n de los hechos noticiosos objetivos, suministrados por los funcionarios encargados de adelantar las investigaciones penales al interior de la Fiscal\u00eda General de la Naci\u00f3n. Para el momento de la divulgaci\u00f3n de este comunicado, la situaci\u00f3n jur\u00eddica de la(s) persona(s) relacionada(s) se encuentra pendiente de resolver por la autoridad judicial competente, siempre bajo los preceptos de la presunci\u00f3n de inocencia, consagrados en el art\u00edculo 29 de la Constituci\u00f3n Pol\u00edtica y el art\u00edculo 7\u00ba de la Ley 906 de 2004.<\/i><\/p>\n<div><\/div>\n<div><\/div>\n<div aria-hidden=\"true\"><\/div>\n\n<div class=\"twitter-share\"><a href=\"https:\/\/twitter.com\/intent\/tweet?via=fiscaliacol\" class=\"twitter-share-button\">Tweet<\/a><\/div>\n","protected":false},"excerpt":{"rendered":"<p>La Fiscal\u00eda General de la Naci\u00f3n judicializ\u00f3 en Barranquilla (Atl\u00e1ntico) a cuatro presuntos integrantes del grupo delincuencial denominado Triple 8, que estar\u00edan involucrados en hurtos inform\u00e1ticos. Se trata de Carlos Eduardo Torres Gonz\u00e1lez, John Villalba M\u00e9ndez, Daniel Steven Pacheco y Carlos Santos Ib\u00e1\u00f1ez, a quienes una fiscal de la Estructura de Apoyo (EDA) les imput\u00f3 [&hellip;]<\/p>\n","protected":false},"author":181,"featured_media":0,"comment_status":"closed","ping_status":"open","sticky":false,"template":"","format":"standard","meta":{"tdm_status":"","tdm_grid_status":"","footnotes":""},"categories":[1,24099],"tags":[14040,14083,23829,25753,808,14550,24187,1047,7005,558,42511,43008],"class_list":{"0":"post-324383","1":"post","2":"type-post","3":"status-publish","4":"format-standard","6":"category-noticias","7":"category-seguridad-territorial","8":"tag-allanamientos","9":"tag-atlantico","10":"tag-barranquilla","11":"tag-cambiazo","12":"tag-capturas","13":"tag-carcel","14":"tag-fiscalia-colombia","15":"tag-fiscalia-general-de-la-nacion","16":"tag-hurto-informatico","17":"tag-policia-nacional","18":"tag-registros","19":"tag-tarjetas-debitos"},"yoast_head":"<!-- This site is optimized with the Yoast SEO plugin v24.3 - https:\/\/yoast.com\/wordpress\/plugins\/seo\/ -->\n<title>Fiscal\u00eda General de la Naci\u00f3n<\/title>\n<meta name=\"description\" content=\"P\u00e1gina oficial de la Fiscal\u00eda General de la Naci\u00f3n \u2013 Colombia. Garantizamos el acceso efectivo a la justicia, la verdad y la reparaci\u00f3n de las v\u00edctimas de los delitos.\" \/>\n<meta name=\"robots\" content=\"noindex, follow\" \/>\n<meta property=\"og:locale\" content=\"es_ES\" \/>\n<meta property=\"og:type\" content=\"article\" \/>\n<meta property=\"og:title\" content=\"Fiscal\u00eda General de la Naci\u00f3n\" \/>\n<meta property=\"og:description\" content=\"P\u00e1gina oficial de la Fiscal\u00eda General de la Naci\u00f3n \u2013 Colombia. Garantizamos el acceso efectivo a la justicia, la verdad y la reparaci\u00f3n de las v\u00edctimas de los delitos.\" \/>\n<meta property=\"og:url\" content=\"https:\/\/www.fiscalia.gov.co\/colombia\/noticias\/en-barranquilla-fueron-asegurados-presuntos-integrantes-de-grupo-delincuencial-senalados-de-hurtos-mediante-cambiazo-de-tarjetas\/\" \/>\n<meta property=\"og:site_name\" content=\"Fiscal\u00eda General de la Naci\u00f3n\" \/>\n<meta property=\"article:publisher\" content=\"https:\/\/www.facebook.com\/FiscaliaCol\" \/>\n<meta property=\"article:published_time\" content=\"2025-09-23T19:22:28+00:00\" \/>\n<meta property=\"article:modified_time\" content=\"2025-09-23T19:22:55+00:00\" \/>\n<meta property=\"og:image\" content=\"https:\/\/www.fiscalia.gov.co\/colombia\/wp-content\/uploads\/Foto-1-boletin-23-de-septiembre-Triple-8.jpeg\" \/>\n\t<meta property=\"og:image:width\" content=\"1590\" \/>\n\t<meta property=\"og:image:height\" content=\"1468\" \/>\n\t<meta property=\"og:image:type\" content=\"image\/jpeg\" \/>\n<meta name=\"author\" content=\"Johanna Islenny Prieto Pe\u00f1a\" \/>\n<meta name=\"twitter:card\" content=\"summary_large_image\" \/>\n<meta name=\"twitter:creator\" content=\"@FiscaliaCol\" \/>\n<meta name=\"twitter:site\" content=\"@FiscaliaCol\" \/>\n<meta name=\"twitter:label1\" content=\"Escrito por\" \/>\n\t<meta name=\"twitter:data1\" content=\"Johanna Islenny Prieto Pe\u00f1a\" \/>\n\t<meta name=\"twitter:label2\" content=\"Tiempo de lectura\" \/>\n\t<meta name=\"twitter:data2\" content=\"3 minutos\" \/>\n<script type=\"application\/ld+json\" class=\"yoast-schema-graph\">{\"@context\":\"https:\/\/schema.org\",\"@graph\":[{\"@type\":\"Article\",\"@id\":\"https:\/\/www.fiscalia.gov.co\/colombia\/noticias\/en-barranquilla-fueron-asegurados-presuntos-integrantes-de-grupo-delincuencial-senalados-de-hurtos-mediante-cambiazo-de-tarjetas\/#article\",\"isPartOf\":{\"@id\":\"https:\/\/www.fiscalia.gov.co\/colombia\/noticias\/en-barranquilla-fueron-asegurados-presuntos-integrantes-de-grupo-delincuencial-senalados-de-hurtos-mediante-cambiazo-de-tarjetas\/\"},\"author\":{\"name\":\"Johanna Islenny Prieto Pe\u00f1a\",\"@id\":\"https:\/\/www.fiscalia.gov.co\/colombia\/#\/schema\/person\/ba9eca435947489fb25117a0cd75bf3e\"},\"headline\":\"En Barranquilla fueron asegurados presuntos integrantes de grupo delincuencial se\u00f1alados de hurtos mediante \u2018cambiazo\u2019 de tarjetas\",\"datePublished\":\"2025-09-23T19:22:28+00:00\",\"dateModified\":\"2025-09-23T19:22:55+00:00\",\"mainEntityOfPage\":{\"@id\":\"https:\/\/www.fiscalia.gov.co\/colombia\/noticias\/en-barranquilla-fueron-asegurados-presuntos-integrantes-de-grupo-delincuencial-senalados-de-hurtos-mediante-cambiazo-de-tarjetas\/\"},\"wordCount\":428,\"publisher\":{\"@id\":\"https:\/\/www.fiscalia.gov.co\/colombia\/#organization\"},\"image\":{\"@id\":\"https:\/\/www.fiscalia.gov.co\/colombia\/noticias\/en-barranquilla-fueron-asegurados-presuntos-integrantes-de-grupo-delincuencial-senalados-de-hurtos-mediante-cambiazo-de-tarjetas\/#primaryimage\"},\"thumbnailUrl\":\"https:\/\/www.fiscalia.gov.co\/colombia\/wp-content\/uploads\/Foto-1-boletin-23-de-septiembre-Triple-8-300x277.jpeg\",\"keywords\":[\"Allanamientos\",\"Atl\u00e1ntico\",\"Barranquilla\",\"cambiazo\",\"Capturas\",\"C\u00e1rcel\",\"Fiscal\u00eda Colombia\",\"Fiscal\u00eda General de la Naci\u00f3n\",\"Hurto inform\u00e1tico\",\"Polic\u00eda Nacional\",\"registros\",\"tarjetas d\u00e9bitos\"],\"articleSection\":[\"Noticias\",\"Seguridad territorial\"],\"inLanguage\":\"es-CO\"},{\"@type\":\"WebPage\",\"@id\":\"https:\/\/www.fiscalia.gov.co\/colombia\/noticias\/en-barranquilla-fueron-asegurados-presuntos-integrantes-de-grupo-delincuencial-senalados-de-hurtos-mediante-cambiazo-de-tarjetas\/\",\"url\":\"https:\/\/www.fiscalia.gov.co\/colombia\/noticias\/en-barranquilla-fueron-asegurados-presuntos-integrantes-de-grupo-delincuencial-senalados-de-hurtos-mediante-cambiazo-de-tarjetas\/\",\"name\":\"Fiscal\u00eda General de la Naci\u00f3n\",\"isPartOf\":{\"@id\":\"https:\/\/www.fiscalia.gov.co\/colombia\/#website\"},\"primaryImageOfPage\":{\"@id\":\"https:\/\/www.fiscalia.gov.co\/colombia\/noticias\/en-barranquilla-fueron-asegurados-presuntos-integrantes-de-grupo-delincuencial-senalados-de-hurtos-mediante-cambiazo-de-tarjetas\/#primaryimage\"},\"image\":{\"@id\":\"https:\/\/www.fiscalia.gov.co\/colombia\/noticias\/en-barranquilla-fueron-asegurados-presuntos-integrantes-de-grupo-delincuencial-senalados-de-hurtos-mediante-cambiazo-de-tarjetas\/#primaryimage\"},\"thumbnailUrl\":\"https:\/\/www.fiscalia.gov.co\/colombia\/wp-content\/uploads\/Foto-1-boletin-23-de-septiembre-Triple-8-300x277.jpeg\",\"datePublished\":\"2025-09-23T19:22:28+00:00\",\"dateModified\":\"2025-09-23T19:22:55+00:00\",\"description\":\"P\u00e1gina oficial de la Fiscal\u00eda General de la Naci\u00f3n \u2013 Colombia. Garantizamos el acceso efectivo a la justicia, la verdad y la reparaci\u00f3n de las v\u00edctimas de los delitos.\",\"breadcrumb\":{\"@id\":\"https:\/\/www.fiscalia.gov.co\/colombia\/noticias\/en-barranquilla-fueron-asegurados-presuntos-integrantes-de-grupo-delincuencial-senalados-de-hurtos-mediante-cambiazo-de-tarjetas\/#breadcrumb\"},\"inLanguage\":\"es-CO\",\"potentialAction\":[{\"@type\":\"ReadAction\",\"target\":[\"https:\/\/www.fiscalia.gov.co\/colombia\/noticias\/en-barranquilla-fueron-asegurados-presuntos-integrantes-de-grupo-delincuencial-senalados-de-hurtos-mediante-cambiazo-de-tarjetas\/\"]}]},{\"@type\":\"ImageObject\",\"inLanguage\":\"es-CO\",\"@id\":\"https:\/\/www.fiscalia.gov.co\/colombia\/noticias\/en-barranquilla-fueron-asegurados-presuntos-integrantes-de-grupo-delincuencial-senalados-de-hurtos-mediante-cambiazo-de-tarjetas\/#primaryimage\",\"url\":\"https:\/\/www.fiscalia.gov.co\/colombia\/wp-content\/uploads\/Foto-1-boletin-23-de-septiembre-Triple-8.jpeg\",\"contentUrl\":\"https:\/\/www.fiscalia.gov.co\/colombia\/wp-content\/uploads\/Foto-1-boletin-23-de-septiembre-Triple-8.jpeg\",\"width\":1590,\"height\":1468,\"caption\":\"Los procesados fueron capturados en allanamientos realizados a los barrios Ciudadela y Gal\u00e1n de Barranquilla.\u00a0\"},{\"@type\":\"BreadcrumbList\",\"@id\":\"https:\/\/www.fiscalia.gov.co\/colombia\/noticias\/en-barranquilla-fueron-asegurados-presuntos-integrantes-de-grupo-delincuencial-senalados-de-hurtos-mediante-cambiazo-de-tarjetas\/#breadcrumb\",\"itemListElement\":[{\"@type\":\"ListItem\",\"position\":1,\"name\":\"Home\",\"item\":\"https:\/\/www.fiscalia.gov.co\/colombia\/\"},{\"@type\":\"ListItem\",\"position\":2,\"name\":\"En Barranquilla fueron asegurados presuntos integrantes de grupo delincuencial se\u00f1alados de hurtos mediante \u2018cambiazo\u2019 de tarjetas\"}]},{\"@type\":\"WebSite\",\"@id\":\"https:\/\/www.fiscalia.gov.co\/colombia\/#website\",\"url\":\"https:\/\/www.fiscalia.gov.co\/colombia\/\",\"name\":\"Fiscal\u00eda General de la Naci\u00f3n\",\"description\":\"P\u00e1gina oficial de la Fiscal\u00eda General de la Naci\u00f3n \u2013 Colombia. Garantizamos el acceso efectivo a la justicia, la verdad y la reparaci\u00f3n de las v\u00edctimas de los delitos.\",\"publisher\":{\"@id\":\"https:\/\/www.fiscalia.gov.co\/colombia\/#organization\"},\"potentialAction\":[{\"@type\":\"SearchAction\",\"target\":{\"@type\":\"EntryPoint\",\"urlTemplate\":\"https:\/\/www.fiscalia.gov.co\/colombia\/?s={search_term_string}\"},\"query-input\":{\"@type\":\"PropertyValueSpecification\",\"valueRequired\":true,\"valueName\":\"search_term_string\"}}],\"inLanguage\":\"es-CO\"},{\"@type\":\"Organization\",\"@id\":\"https:\/\/www.fiscalia.gov.co\/colombia\/#organization\",\"name\":\"Fiscal\u00eda General de la Naci\u00f3n\",\"url\":\"https:\/\/www.fiscalia.gov.co\/colombia\/\",\"logo\":{\"@type\":\"ImageObject\",\"inLanguage\":\"es-CO\",\"@id\":\"https:\/\/www.fiscalia.gov.co\/colombia\/#\/schema\/logo\/image\/\",\"url\":\"https:\/\/www.fiscalia.gov.co\/colombia\/wp-content\/uploads\/LogoHorizontal_1.jpg\",\"contentUrl\":\"https:\/\/www.fiscalia.gov.co\/colombia\/wp-content\/uploads\/LogoHorizontal_1.jpg\",\"width\":300,\"height\":90,\"caption\":\"Fiscal\u00eda General de la Naci\u00f3n\"},\"image\":{\"@id\":\"https:\/\/www.fiscalia.gov.co\/colombia\/#\/schema\/logo\/image\/\"},\"sameAs\":[\"https:\/\/www.facebook.com\/FiscaliaCol\",\"https:\/\/x.com\/FiscaliaCol\",\"https:\/\/www.instagram.com\/fiscaliacol\",\"https:\/\/www.linkedin.com\/company\/fiscalia-general-de-la-naci-n\/\",\"https:\/\/youtube.com\/@fiscaliageneraldelanacion-4668?si=6nN79nyQICPU5iTh\"]},{\"@type\":\"Person\",\"@id\":\"https:\/\/www.fiscalia.gov.co\/colombia\/#\/schema\/person\/ba9eca435947489fb25117a0cd75bf3e\",\"name\":\"Johanna Islenny Prieto Pe\u00f1a\",\"image\":{\"@type\":\"ImageObject\",\"inLanguage\":\"es-CO\",\"@id\":\"https:\/\/www.fiscalia.gov.co\/colombia\/#\/schema\/person\/image\/\",\"url\":\"https:\/\/secure.gravatar.com\/avatar\/111433fc2acb037ffb768f6a3ca47864?s=96&d=mm&r=g\",\"contentUrl\":\"https:\/\/secure.gravatar.com\/avatar\/111433fc2acb037ffb768f6a3ca47864?s=96&d=mm&r=g\",\"caption\":\"Johanna Islenny Prieto Pe\u00f1a\"},\"url\":\"https:\/\/www.fiscalia.gov.co\/colombia\/author\/jprietop\/\"}]}<\/script>\n<!-- \/ Yoast SEO plugin. -->","yoast_head_json":{"title":"Fiscal\u00eda General de la Naci\u00f3n","description":"P\u00e1gina oficial de la Fiscal\u00eda General de la Naci\u00f3n \u2013 Colombia. Garantizamos el acceso efectivo a la justicia, la verdad y la reparaci\u00f3n de las v\u00edctimas de los delitos.","robots":{"index":"noindex","follow":"follow"},"og_locale":"es_ES","og_type":"article","og_title":"Fiscal\u00eda General de la Naci\u00f3n","og_description":"P\u00e1gina oficial de la Fiscal\u00eda General de la Naci\u00f3n \u2013 Colombia. Garantizamos el acceso efectivo a la justicia, la verdad y la reparaci\u00f3n de las v\u00edctimas de los delitos.","og_url":"https:\/\/www.fiscalia.gov.co\/colombia\/noticias\/en-barranquilla-fueron-asegurados-presuntos-integrantes-de-grupo-delincuencial-senalados-de-hurtos-mediante-cambiazo-de-tarjetas\/","og_site_name":"Fiscal\u00eda General de la Naci\u00f3n","article_publisher":"https:\/\/www.facebook.com\/FiscaliaCol","article_published_time":"2025-09-23T19:22:28+00:00","article_modified_time":"2025-09-23T19:22:55+00:00","og_image":[{"width":1590,"height":1468,"url":"https:\/\/www.fiscalia.gov.co\/colombia\/wp-content\/uploads\/Foto-1-boletin-23-de-septiembre-Triple-8.jpeg","type":"image\/jpeg"}],"author":"Johanna Islenny Prieto Pe\u00f1a","twitter_card":"summary_large_image","twitter_creator":"@FiscaliaCol","twitter_site":"@FiscaliaCol","twitter_misc":{"Escrito por":"Johanna Islenny Prieto Pe\u00f1a","Tiempo de lectura":"3 minutos"},"schema":{"@context":"https:\/\/schema.org","@graph":[{"@type":"Article","@id":"https:\/\/www.fiscalia.gov.co\/colombia\/noticias\/en-barranquilla-fueron-asegurados-presuntos-integrantes-de-grupo-delincuencial-senalados-de-hurtos-mediante-cambiazo-de-tarjetas\/#article","isPartOf":{"@id":"https:\/\/www.fiscalia.gov.co\/colombia\/noticias\/en-barranquilla-fueron-asegurados-presuntos-integrantes-de-grupo-delincuencial-senalados-de-hurtos-mediante-cambiazo-de-tarjetas\/"},"author":{"name":"Johanna Islenny Prieto Pe\u00f1a","@id":"https:\/\/www.fiscalia.gov.co\/colombia\/#\/schema\/person\/ba9eca435947489fb25117a0cd75bf3e"},"headline":"En Barranquilla fueron asegurados presuntos integrantes de grupo delincuencial se\u00f1alados de hurtos mediante \u2018cambiazo\u2019 de tarjetas","datePublished":"2025-09-23T19:22:28+00:00","dateModified":"2025-09-23T19:22:55+00:00","mainEntityOfPage":{"@id":"https:\/\/www.fiscalia.gov.co\/colombia\/noticias\/en-barranquilla-fueron-asegurados-presuntos-integrantes-de-grupo-delincuencial-senalados-de-hurtos-mediante-cambiazo-de-tarjetas\/"},"wordCount":428,"publisher":{"@id":"https:\/\/www.fiscalia.gov.co\/colombia\/#organization"},"image":{"@id":"https:\/\/www.fiscalia.gov.co\/colombia\/noticias\/en-barranquilla-fueron-asegurados-presuntos-integrantes-de-grupo-delincuencial-senalados-de-hurtos-mediante-cambiazo-de-tarjetas\/#primaryimage"},"thumbnailUrl":"https:\/\/www.fiscalia.gov.co\/colombia\/wp-content\/uploads\/Foto-1-boletin-23-de-septiembre-Triple-8-300x277.jpeg","keywords":["Allanamientos","Atl\u00e1ntico","Barranquilla","cambiazo","Capturas","C\u00e1rcel","Fiscal\u00eda Colombia","Fiscal\u00eda General de la Naci\u00f3n","Hurto inform\u00e1tico","Polic\u00eda Nacional","registros","tarjetas d\u00e9bitos"],"articleSection":["Noticias","Seguridad territorial"],"inLanguage":"es-CO"},{"@type":"WebPage","@id":"https:\/\/www.fiscalia.gov.co\/colombia\/noticias\/en-barranquilla-fueron-asegurados-presuntos-integrantes-de-grupo-delincuencial-senalados-de-hurtos-mediante-cambiazo-de-tarjetas\/","url":"https:\/\/www.fiscalia.gov.co\/colombia\/noticias\/en-barranquilla-fueron-asegurados-presuntos-integrantes-de-grupo-delincuencial-senalados-de-hurtos-mediante-cambiazo-de-tarjetas\/","name":"Fiscal\u00eda General de la Naci\u00f3n","isPartOf":{"@id":"https:\/\/www.fiscalia.gov.co\/colombia\/#website"},"primaryImageOfPage":{"@id":"https:\/\/www.fiscalia.gov.co\/colombia\/noticias\/en-barranquilla-fueron-asegurados-presuntos-integrantes-de-grupo-delincuencial-senalados-de-hurtos-mediante-cambiazo-de-tarjetas\/#primaryimage"},"image":{"@id":"https:\/\/www.fiscalia.gov.co\/colombia\/noticias\/en-barranquilla-fueron-asegurados-presuntos-integrantes-de-grupo-delincuencial-senalados-de-hurtos-mediante-cambiazo-de-tarjetas\/#primaryimage"},"thumbnailUrl":"https:\/\/www.fiscalia.gov.co\/colombia\/wp-content\/uploads\/Foto-1-boletin-23-de-septiembre-Triple-8-300x277.jpeg","datePublished":"2025-09-23T19:22:28+00:00","dateModified":"2025-09-23T19:22:55+00:00","description":"P\u00e1gina oficial de la Fiscal\u00eda General de la Naci\u00f3n \u2013 Colombia. Garantizamos el acceso efectivo a la justicia, la verdad y la reparaci\u00f3n de las v\u00edctimas de los delitos.","breadcrumb":{"@id":"https:\/\/www.fiscalia.gov.co\/colombia\/noticias\/en-barranquilla-fueron-asegurados-presuntos-integrantes-de-grupo-delincuencial-senalados-de-hurtos-mediante-cambiazo-de-tarjetas\/#breadcrumb"},"inLanguage":"es-CO","potentialAction":[{"@type":"ReadAction","target":["https:\/\/www.fiscalia.gov.co\/colombia\/noticias\/en-barranquilla-fueron-asegurados-presuntos-integrantes-de-grupo-delincuencial-senalados-de-hurtos-mediante-cambiazo-de-tarjetas\/"]}]},{"@type":"ImageObject","inLanguage":"es-CO","@id":"https:\/\/www.fiscalia.gov.co\/colombia\/noticias\/en-barranquilla-fueron-asegurados-presuntos-integrantes-de-grupo-delincuencial-senalados-de-hurtos-mediante-cambiazo-de-tarjetas\/#primaryimage","url":"https:\/\/www.fiscalia.gov.co\/colombia\/wp-content\/uploads\/Foto-1-boletin-23-de-septiembre-Triple-8.jpeg","contentUrl":"https:\/\/www.fiscalia.gov.co\/colombia\/wp-content\/uploads\/Foto-1-boletin-23-de-septiembre-Triple-8.jpeg","width":1590,"height":1468,"caption":"Los procesados fueron capturados en allanamientos realizados a los barrios Ciudadela y Gal\u00e1n de Barranquilla.\u00a0"},{"@type":"BreadcrumbList","@id":"https:\/\/www.fiscalia.gov.co\/colombia\/noticias\/en-barranquilla-fueron-asegurados-presuntos-integrantes-de-grupo-delincuencial-senalados-de-hurtos-mediante-cambiazo-de-tarjetas\/#breadcrumb","itemListElement":[{"@type":"ListItem","position":1,"name":"Home","item":"https:\/\/www.fiscalia.gov.co\/colombia\/"},{"@type":"ListItem","position":2,"name":"En Barranquilla fueron asegurados presuntos integrantes de grupo delincuencial se\u00f1alados de hurtos mediante \u2018cambiazo\u2019 de tarjetas"}]},{"@type":"WebSite","@id":"https:\/\/www.fiscalia.gov.co\/colombia\/#website","url":"https:\/\/www.fiscalia.gov.co\/colombia\/","name":"Fiscal\u00eda General de la Naci\u00f3n","description":"P\u00e1gina oficial de la Fiscal\u00eda General de la Naci\u00f3n \u2013 Colombia. Garantizamos el acceso efectivo a la justicia, la verdad y la reparaci\u00f3n de las v\u00edctimas de los delitos.","publisher":{"@id":"https:\/\/www.fiscalia.gov.co\/colombia\/#organization"},"potentialAction":[{"@type":"SearchAction","target":{"@type":"EntryPoint","urlTemplate":"https:\/\/www.fiscalia.gov.co\/colombia\/?s={search_term_string}"},"query-input":{"@type":"PropertyValueSpecification","valueRequired":true,"valueName":"search_term_string"}}],"inLanguage":"es-CO"},{"@type":"Organization","@id":"https:\/\/www.fiscalia.gov.co\/colombia\/#organization","name":"Fiscal\u00eda General de la Naci\u00f3n","url":"https:\/\/www.fiscalia.gov.co\/colombia\/","logo":{"@type":"ImageObject","inLanguage":"es-CO","@id":"https:\/\/www.fiscalia.gov.co\/colombia\/#\/schema\/logo\/image\/","url":"https:\/\/www.fiscalia.gov.co\/colombia\/wp-content\/uploads\/LogoHorizontal_1.jpg","contentUrl":"https:\/\/www.fiscalia.gov.co\/colombia\/wp-content\/uploads\/LogoHorizontal_1.jpg","width":300,"height":90,"caption":"Fiscal\u00eda General de la Naci\u00f3n"},"image":{"@id":"https:\/\/www.fiscalia.gov.co\/colombia\/#\/schema\/logo\/image\/"},"sameAs":["https:\/\/www.facebook.com\/FiscaliaCol","https:\/\/x.com\/FiscaliaCol","https:\/\/www.instagram.com\/fiscaliacol","https:\/\/www.linkedin.com\/company\/fiscalia-general-de-la-naci-n\/","https:\/\/youtube.com\/@fiscaliageneraldelanacion-4668?si=6nN79nyQICPU5iTh"]},{"@type":"Person","@id":"https:\/\/www.fiscalia.gov.co\/colombia\/#\/schema\/person\/ba9eca435947489fb25117a0cd75bf3e","name":"Johanna Islenny Prieto Pe\u00f1a","image":{"@type":"ImageObject","inLanguage":"es-CO","@id":"https:\/\/www.fiscalia.gov.co\/colombia\/#\/schema\/person\/image\/","url":"https:\/\/secure.gravatar.com\/avatar\/111433fc2acb037ffb768f6a3ca47864?s=96&d=mm&r=g","contentUrl":"https:\/\/secure.gravatar.com\/avatar\/111433fc2acb037ffb768f6a3ca47864?s=96&d=mm&r=g","caption":"Johanna Islenny Prieto Pe\u00f1a"},"url":"https:\/\/www.fiscalia.gov.co\/colombia\/author\/jprietop\/"}]}},"_links":{"self":[{"href":"https:\/\/www.fiscalia.gov.co\/colombia\/wp-json\/wp\/v2\/posts\/324383","targetHints":{"allow":["GET"]}}],"collection":[{"href":"https:\/\/www.fiscalia.gov.co\/colombia\/wp-json\/wp\/v2\/posts"}],"about":[{"href":"https:\/\/www.fiscalia.gov.co\/colombia\/wp-json\/wp\/v2\/types\/post"}],"author":[{"embeddable":true,"href":"https:\/\/www.fiscalia.gov.co\/colombia\/wp-json\/wp\/v2\/users\/181"}],"replies":[{"embeddable":true,"href":"https:\/\/www.fiscalia.gov.co\/colombia\/wp-json\/wp\/v2\/comments?post=324383"}],"version-history":[{"count":2,"href":"https:\/\/www.fiscalia.gov.co\/colombia\/wp-json\/wp\/v2\/posts\/324383\/revisions"}],"predecessor-version":[{"id":324387,"href":"https:\/\/www.fiscalia.gov.co\/colombia\/wp-json\/wp\/v2\/posts\/324383\/revisions\/324387"}],"wp:attachment":[{"href":"https:\/\/www.fiscalia.gov.co\/colombia\/wp-json\/wp\/v2\/media?parent=324383"}],"wp:term":[{"taxonomy":"category","embeddable":true,"href":"https:\/\/www.fiscalia.gov.co\/colombia\/wp-json\/wp\/v2\/categories?post=324383"},{"taxonomy":"post_tag","embeddable":true,"href":"https:\/\/www.fiscalia.gov.co\/colombia\/wp-json\/wp\/v2\/tags?post=324383"}],"curies":[{"name":"wp","href":"https:\/\/api.w.org\/{rel}","templated":true}]}}