{"id":324344,"date":"2025-09-23T09:04:25","date_gmt":"2025-09-23T14:04:25","guid":{"rendered":"https:\/\/www.fiscalia.gov.co\/colombia\/?p=324344"},"modified":"2025-09-23T10:43:03","modified_gmt":"2025-09-23T15:43:03","slug":"afectado-el-grupo-delincuencial-galerias-dedicado-al-trafico-local-de-estupefacientes-en-genova-quindio","status":"publish","type":"post","link":"https:\/\/www.fiscalia.gov.co\/colombia\/noticias\/afectado-el-grupo-delincuencial-galerias-dedicado-al-trafico-local-de-estupefacientes-en-genova-quindio\/","title":{"rendered":"Afectado el grupo delincuencial Galer\u00edas dedicado al tr\u00e1fico local de estupefacientes en G\u00e9nova (Quind\u00edo)"},"content":{"rendered":"<p>La Fiscal\u00eda General de la Naci\u00f3n judicializ\u00f3 a 16 presuntos integrantes de un grupo delincuencial denominado Galer\u00edas, <strong>que estar\u00eda dedicado al comercio de sustancias il\u00edcitas en G\u00e9nova (Quind\u00edo).<\/strong><\/p>\n<p>Estas personas fueron imputadas de acuerdo con su responsabilidad individual, por los delitos de concierto para delinquir; tr\u00e1fico, fabricaci\u00f3n o porte de estupefacientes; fabricaci\u00f3n, tr\u00e1fico,<strong> porte o tenencia de armas de fuego, accesorios, partes o municiones<\/strong>; destinaci\u00f3n il\u00edcita de bienes muebles o inmuebles; y uso de menores de edad en la comisi\u00f3n de delitos agravado. 14 de los procesados aceptaron los cargos.<\/p>\n<figure id=\"attachment_324355\" aria-describedby=\"caption-attachment-324355\" style=\"width: 300px\" class=\"wp-caption alignnone\"><img loading=\"lazy\" decoding=\"async\" class=\"size-medium wp-image-324355\" src=\"https:\/\/www.fiscalia.gov.co\/colombia\/wp-content\/uploads\/Edwin-Daniel-Jaimes-Molina-judicializado-por-su-presunta-responsabilidad-en-los-delitos-de-acceso-carnal-violento-y-actos-sexuales-con-menor-de-14-anos-300x169.jpg\" alt=\"El hombre habr\u00eda abusado de tres de sus alumnas entre 2017 y 2022 en zona rural de Labateca, quien fue enviado a la c\u00e1rcel\u00a0\" width=\"300\" height=\"169\" srcset=\"https:\/\/www.fiscalia.gov.co\/colombia\/wp-content\/uploads\/Edwin-Daniel-Jaimes-Molina-judicializado-por-su-presunta-responsabilidad-en-los-delitos-de-acceso-carnal-violento-y-actos-sexuales-con-menor-de-14-anos-300x169.jpg 300w, https:\/\/www.fiscalia.gov.co\/colombia\/wp-content\/uploads\/Edwin-Daniel-Jaimes-Molina-judicializado-por-su-presunta-responsabilidad-en-los-delitos-de-acceso-carnal-violento-y-actos-sexuales-con-menor-de-14-anos.jpg 605w\" sizes=\"auto, (max-width: 300px) 100vw, 300px\" \/><figcaption id=\"caption-attachment-324355\" class=\"wp-caption-text\">Se visualiza al capturado junto a dos uniformados de la Polic\u00eda Nacional. Frente a ellos en una mesa los elementos incautados como celular y equipo de c\u00f3mputo. Detr\u00e1s de ellos el banner que identifica a la Polic\u00eda Nacional.<\/figcaption><\/figure>\n<p>De acuerdo con la investigaci\u00f3n, se evidenci\u00f3 que se dedicar\u00edan al tr\u00e1fico local de estupefacientes en zona rural y urbana del citado municipio. <strong>Estas personas, al parecer, comercializaban coca\u00edna y marihuana en las modalidades de menudeo y a domicilio.<\/strong> Adem\u00e1s, utilizar\u00edan a una adolescente para la comisi\u00f3n del il\u00edcito.<\/p>\n<p>Los presuntos integrantes de \u2018Galer\u00edas\u2019 cumpl\u00edan roles espec\u00edficos, como expendedores, campaneros<strong>, dosificadores, almacenadores, transportadores, coordinadores,<\/strong> entre otros.<\/p>\n<p>Durante el desarrollo de 16 diligencias de allanamiento y registro, realizadas por la Sijin de la Polic\u00eda Nacional, se hicieron efectivas las 16 \u00f3rdenes de captura, contra 13 hombres y 3 mujeres.<\/p>\n<p>Un juez de control de garant\u00edas impuso<strong> 15 medidas de aseguramiento en centro carcelario y cobij\u00f3 a una de las mujeres con detenci\u00f3n domiciliaria.<\/strong><\/p>\n<p>NFRC\/LMFO\/AMCJ\/OALD\/DSQ<\/p>\n<p>&nbsp;<\/p>\n<p>&nbsp;<\/p>\n<p>&nbsp;<\/p>\n<p>&nbsp;<\/p>\n<p>&nbsp;<\/p>\n<p><em>La informaci\u00f3n contenida en este bolet\u00edn de prensa corresponde a la narraci\u00f3n de los hechos noticiosos objetivos, suministrados por los funcionarios encargados de adelantar las investigaciones penales al interior de la Fiscal\u00eda General de la Naci\u00f3n. Para el momento de la divulgaci\u00f3n de este comunicado, la situaci\u00f3n jur\u00eddica de la(s) persona(s) relacionada(s) se encuentra pendiente de resolver por la autoridad judicial competente, siempre bajo los preceptos de la presunci\u00f3n de inocencia, consagrados en el art\u00edculo 29 de la Constituci\u00f3n Pol\u00edtica y el art\u00edculo 7\u00ba de la Ley 906 de 2004<\/em>.<\/p>\n\n<div class=\"twitter-share\"><a href=\"https:\/\/twitter.com\/intent\/tweet?via=fiscaliacol\" class=\"twitter-share-button\">Tweet<\/a><\/div>\n","protected":false},"excerpt":{"rendered":"<p>La Fiscal\u00eda General de la Naci\u00f3n judicializ\u00f3 a 16 presuntos integrantes de un grupo delincuencial denominado Galer\u00edas, que estar\u00eda dedicado al comercio de sustancias il\u00edcitas en G\u00e9nova (Quind\u00edo). Estas personas fueron imputadas de acuerdo con su responsabilidad individual, por los delitos de concierto para delinquir; tr\u00e1fico, fabricaci\u00f3n o porte de estupefacientes; fabricaci\u00f3n, tr\u00e1fico, porte o [&hellip;]<\/p>\n","protected":false},"author":181,"featured_media":0,"comment_status":"closed","ping_status":"open","sticky":false,"template":"","format":"standard","meta":{"tdm_status":"","tdm_grid_status":"","footnotes":""},"categories":[1,24099],"tags":[12184,37492,4614,1047],"class_list":{"0":"post-324344","1":"post","2":"type-post","3":"status-publish","4":"format-standard","6":"category-noticias","7":"category-seguridad-territorial","8":"tag-fiscal","9":"tag-fiscal-luz-adriana-camargo","10":"tag-fiscalia-2","11":"tag-fiscalia-general-de-la-nacion"},"yoast_head":"<!-- This site is optimized with the Yoast SEO plugin v24.3 - https:\/\/yoast.com\/wordpress\/plugins\/seo\/ -->\n<title>Fiscal\u00eda General de la Naci\u00f3n<\/title>\n<meta name=\"description\" content=\"P\u00e1gina oficial de la Fiscal\u00eda General de la Naci\u00f3n \u2013 Colombia. Garantizamos el acceso efectivo a la justicia, la verdad y la reparaci\u00f3n de las v\u00edctimas de los delitos.\" \/>\n<meta name=\"robots\" content=\"noindex, follow\" \/>\n<meta property=\"og:locale\" content=\"es_ES\" \/>\n<meta property=\"og:type\" content=\"article\" \/>\n<meta property=\"og:title\" content=\"Fiscal\u00eda General de la Naci\u00f3n\" \/>\n<meta property=\"og:description\" content=\"P\u00e1gina oficial de la Fiscal\u00eda General de la Naci\u00f3n \u2013 Colombia. Garantizamos el acceso efectivo a la justicia, la verdad y la reparaci\u00f3n de las v\u00edctimas de los delitos.\" \/>\n<meta property=\"og:url\" content=\"https:\/\/www.fiscalia.gov.co\/colombia\/noticias\/afectado-el-grupo-delincuencial-galerias-dedicado-al-trafico-local-de-estupefacientes-en-genova-quindio\/\" \/>\n<meta property=\"og:site_name\" content=\"Fiscal\u00eda General de la Naci\u00f3n\" \/>\n<meta property=\"article:publisher\" content=\"https:\/\/www.facebook.com\/FiscaliaCol\" \/>\n<meta property=\"article:published_time\" content=\"2025-09-23T14:04:25+00:00\" \/>\n<meta property=\"article:modified_time\" content=\"2025-09-23T15:43:03+00:00\" \/>\n<meta property=\"og:image\" content=\"https:\/\/www.fiscalia.gov.co\/colombia\/wp-content\/uploads\/Edwin-Daniel-Jaimes-Molina-judicializado-por-su-presunta-responsabilidad-en-los-delitos-de-acceso-carnal-violento-y-actos-sexuales-con-menor-de-14-anos.jpg\" \/>\n\t<meta property=\"og:image:width\" content=\"605\" \/>\n\t<meta property=\"og:image:height\" content=\"340\" \/>\n\t<meta property=\"og:image:type\" content=\"image\/jpeg\" \/>\n<meta name=\"author\" content=\"Johanna Islenny Prieto Pe\u00f1a\" \/>\n<meta name=\"twitter:card\" content=\"summary_large_image\" \/>\n<meta name=\"twitter:creator\" content=\"@FiscaliaCol\" \/>\n<meta name=\"twitter:site\" content=\"@FiscaliaCol\" \/>\n<meta name=\"twitter:label1\" content=\"Escrito por\" \/>\n\t<meta name=\"twitter:data1\" content=\"Johanna Islenny Prieto Pe\u00f1a\" \/>\n\t<meta name=\"twitter:label2\" content=\"Tiempo de lectura\" \/>\n\t<meta name=\"twitter:data2\" content=\"2 minutos\" \/>\n<script type=\"application\/ld+json\" class=\"yoast-schema-graph\">{\"@context\":\"https:\/\/schema.org\",\"@graph\":[{\"@type\":\"Article\",\"@id\":\"https:\/\/www.fiscalia.gov.co\/colombia\/noticias\/afectado-el-grupo-delincuencial-galerias-dedicado-al-trafico-local-de-estupefacientes-en-genova-quindio\/#article\",\"isPartOf\":{\"@id\":\"https:\/\/www.fiscalia.gov.co\/colombia\/noticias\/afectado-el-grupo-delincuencial-galerias-dedicado-al-trafico-local-de-estupefacientes-en-genova-quindio\/\"},\"author\":{\"name\":\"Johanna Islenny Prieto Pe\u00f1a\",\"@id\":\"https:\/\/www.fiscalia.gov.co\/colombia\/#\/schema\/person\/ba9eca435947489fb25117a0cd75bf3e\"},\"headline\":\"Afectado el grupo delincuencial Galer\u00edas dedicado al tr\u00e1fico local de estupefacientes en G\u00e9nova (Quind\u00edo)\",\"datePublished\":\"2025-09-23T14:04:25+00:00\",\"dateModified\":\"2025-09-23T15:43:03+00:00\",\"mainEntityOfPage\":{\"@id\":\"https:\/\/www.fiscalia.gov.co\/colombia\/noticias\/afectado-el-grupo-delincuencial-galerias-dedicado-al-trafico-local-de-estupefacientes-en-genova-quindio\/\"},\"wordCount\":412,\"publisher\":{\"@id\":\"https:\/\/www.fiscalia.gov.co\/colombia\/#organization\"},\"image\":{\"@id\":\"https:\/\/www.fiscalia.gov.co\/colombia\/noticias\/afectado-el-grupo-delincuencial-galerias-dedicado-al-trafico-local-de-estupefacientes-en-genova-quindio\/#primaryimage\"},\"thumbnailUrl\":\"https:\/\/www.fiscalia.gov.co\/colombia\/wp-content\/uploads\/Edwin-Daniel-Jaimes-Molina-judicializado-por-su-presunta-responsabilidad-en-los-delitos-de-acceso-carnal-violento-y-actos-sexuales-con-menor-de-14-anos-300x169.jpg\",\"keywords\":[\"Fiscal\",\"Fiscal Luz Adriana Camargo\",\"Fiscal\u00eda\",\"Fiscal\u00eda General de la Naci\u00f3n\"],\"articleSection\":[\"Noticias\",\"Seguridad territorial\"],\"inLanguage\":\"es-CO\"},{\"@type\":\"WebPage\",\"@id\":\"https:\/\/www.fiscalia.gov.co\/colombia\/noticias\/afectado-el-grupo-delincuencial-galerias-dedicado-al-trafico-local-de-estupefacientes-en-genova-quindio\/\",\"url\":\"https:\/\/www.fiscalia.gov.co\/colombia\/noticias\/afectado-el-grupo-delincuencial-galerias-dedicado-al-trafico-local-de-estupefacientes-en-genova-quindio\/\",\"name\":\"Fiscal\u00eda General de la Naci\u00f3n\",\"isPartOf\":{\"@id\":\"https:\/\/www.fiscalia.gov.co\/colombia\/#website\"},\"primaryImageOfPage\":{\"@id\":\"https:\/\/www.fiscalia.gov.co\/colombia\/noticias\/afectado-el-grupo-delincuencial-galerias-dedicado-al-trafico-local-de-estupefacientes-en-genova-quindio\/#primaryimage\"},\"image\":{\"@id\":\"https:\/\/www.fiscalia.gov.co\/colombia\/noticias\/afectado-el-grupo-delincuencial-galerias-dedicado-al-trafico-local-de-estupefacientes-en-genova-quindio\/#primaryimage\"},\"thumbnailUrl\":\"https:\/\/www.fiscalia.gov.co\/colombia\/wp-content\/uploads\/Edwin-Daniel-Jaimes-Molina-judicializado-por-su-presunta-responsabilidad-en-los-delitos-de-acceso-carnal-violento-y-actos-sexuales-con-menor-de-14-anos-300x169.jpg\",\"datePublished\":\"2025-09-23T14:04:25+00:00\",\"dateModified\":\"2025-09-23T15:43:03+00:00\",\"description\":\"P\u00e1gina oficial de la Fiscal\u00eda General de la Naci\u00f3n \u2013 Colombia. Garantizamos el acceso efectivo a la justicia, la verdad y la reparaci\u00f3n de las v\u00edctimas de los delitos.\",\"breadcrumb\":{\"@id\":\"https:\/\/www.fiscalia.gov.co\/colombia\/noticias\/afectado-el-grupo-delincuencial-galerias-dedicado-al-trafico-local-de-estupefacientes-en-genova-quindio\/#breadcrumb\"},\"inLanguage\":\"es-CO\",\"potentialAction\":[{\"@type\":\"ReadAction\",\"target\":[\"https:\/\/www.fiscalia.gov.co\/colombia\/noticias\/afectado-el-grupo-delincuencial-galerias-dedicado-al-trafico-local-de-estupefacientes-en-genova-quindio\/\"]}]},{\"@type\":\"ImageObject\",\"inLanguage\":\"es-CO\",\"@id\":\"https:\/\/www.fiscalia.gov.co\/colombia\/noticias\/afectado-el-grupo-delincuencial-galerias-dedicado-al-trafico-local-de-estupefacientes-en-genova-quindio\/#primaryimage\",\"url\":\"https:\/\/www.fiscalia.gov.co\/colombia\/wp-content\/uploads\/Edwin-Daniel-Jaimes-Molina-judicializado-por-su-presunta-responsabilidad-en-los-delitos-de-acceso-carnal-violento-y-actos-sexuales-con-menor-de-14-anos.jpg\",\"contentUrl\":\"https:\/\/www.fiscalia.gov.co\/colombia\/wp-content\/uploads\/Edwin-Daniel-Jaimes-Molina-judicializado-por-su-presunta-responsabilidad-en-los-delitos-de-acceso-carnal-violento-y-actos-sexuales-con-menor-de-14-anos.jpg\",\"width\":605,\"height\":340,\"caption\":\"Se visualiza al capturado junto a dos uniformados de la Polic\u00eda Nacional. Frente a ellos en una mesa los elementos incautados como celular y equipo de c\u00f3mputo. Detr\u00e1s de ellos el banner que identifica a la Polic\u00eda Nacional.\"},{\"@type\":\"BreadcrumbList\",\"@id\":\"https:\/\/www.fiscalia.gov.co\/colombia\/noticias\/afectado-el-grupo-delincuencial-galerias-dedicado-al-trafico-local-de-estupefacientes-en-genova-quindio\/#breadcrumb\",\"itemListElement\":[{\"@type\":\"ListItem\",\"position\":1,\"name\":\"Home\",\"item\":\"https:\/\/www.fiscalia.gov.co\/colombia\/\"},{\"@type\":\"ListItem\",\"position\":2,\"name\":\"Afectado el grupo delincuencial Galer\u00edas dedicado al tr\u00e1fico local de estupefacientes en G\u00e9nova (Quind\u00edo)\"}]},{\"@type\":\"WebSite\",\"@id\":\"https:\/\/www.fiscalia.gov.co\/colombia\/#website\",\"url\":\"https:\/\/www.fiscalia.gov.co\/colombia\/\",\"name\":\"Fiscal\u00eda General de la Naci\u00f3n\",\"description\":\"P\u00e1gina oficial de la Fiscal\u00eda General de la Naci\u00f3n \u2013 Colombia. Garantizamos el acceso efectivo a la justicia, la verdad y la reparaci\u00f3n de las v\u00edctimas de los delitos.\",\"publisher\":{\"@id\":\"https:\/\/www.fiscalia.gov.co\/colombia\/#organization\"},\"potentialAction\":[{\"@type\":\"SearchAction\",\"target\":{\"@type\":\"EntryPoint\",\"urlTemplate\":\"https:\/\/www.fiscalia.gov.co\/colombia\/?s={search_term_string}\"},\"query-input\":{\"@type\":\"PropertyValueSpecification\",\"valueRequired\":true,\"valueName\":\"search_term_string\"}}],\"inLanguage\":\"es-CO\"},{\"@type\":\"Organization\",\"@id\":\"https:\/\/www.fiscalia.gov.co\/colombia\/#organization\",\"name\":\"Fiscal\u00eda General de la Naci\u00f3n\",\"url\":\"https:\/\/www.fiscalia.gov.co\/colombia\/\",\"logo\":{\"@type\":\"ImageObject\",\"inLanguage\":\"es-CO\",\"@id\":\"https:\/\/www.fiscalia.gov.co\/colombia\/#\/schema\/logo\/image\/\",\"url\":\"https:\/\/www.fiscalia.gov.co\/colombia\/wp-content\/uploads\/LogoHorizontal_1.jpg\",\"contentUrl\":\"https:\/\/www.fiscalia.gov.co\/colombia\/wp-content\/uploads\/LogoHorizontal_1.jpg\",\"width\":300,\"height\":90,\"caption\":\"Fiscal\u00eda General de la Naci\u00f3n\"},\"image\":{\"@id\":\"https:\/\/www.fiscalia.gov.co\/colombia\/#\/schema\/logo\/image\/\"},\"sameAs\":[\"https:\/\/www.facebook.com\/FiscaliaCol\",\"https:\/\/x.com\/FiscaliaCol\",\"https:\/\/www.instagram.com\/fiscaliacol\",\"https:\/\/www.linkedin.com\/company\/fiscalia-general-de-la-naci-n\/\",\"https:\/\/youtube.com\/@fiscaliageneraldelanacion-4668?si=6nN79nyQICPU5iTh\"]},{\"@type\":\"Person\",\"@id\":\"https:\/\/www.fiscalia.gov.co\/colombia\/#\/schema\/person\/ba9eca435947489fb25117a0cd75bf3e\",\"name\":\"Johanna Islenny Prieto Pe\u00f1a\",\"image\":{\"@type\":\"ImageObject\",\"inLanguage\":\"es-CO\",\"@id\":\"https:\/\/www.fiscalia.gov.co\/colombia\/#\/schema\/person\/image\/\",\"url\":\"https:\/\/secure.gravatar.com\/avatar\/111433fc2acb037ffb768f6a3ca47864?s=96&d=mm&r=g\",\"contentUrl\":\"https:\/\/secure.gravatar.com\/avatar\/111433fc2acb037ffb768f6a3ca47864?s=96&d=mm&r=g\",\"caption\":\"Johanna Islenny Prieto Pe\u00f1a\"},\"url\":\"https:\/\/www.fiscalia.gov.co\/colombia\/author\/jprietop\/\"}]}<\/script>\n<!-- \/ Yoast SEO plugin. -->","yoast_head_json":{"title":"Fiscal\u00eda General de la Naci\u00f3n","description":"P\u00e1gina oficial de la Fiscal\u00eda General de la Naci\u00f3n \u2013 Colombia. Garantizamos el acceso efectivo a la justicia, la verdad y la reparaci\u00f3n de las v\u00edctimas de los delitos.","robots":{"index":"noindex","follow":"follow"},"og_locale":"es_ES","og_type":"article","og_title":"Fiscal\u00eda General de la Naci\u00f3n","og_description":"P\u00e1gina oficial de la Fiscal\u00eda General de la Naci\u00f3n \u2013 Colombia. Garantizamos el acceso efectivo a la justicia, la verdad y la reparaci\u00f3n de las v\u00edctimas de los delitos.","og_url":"https:\/\/www.fiscalia.gov.co\/colombia\/noticias\/afectado-el-grupo-delincuencial-galerias-dedicado-al-trafico-local-de-estupefacientes-en-genova-quindio\/","og_site_name":"Fiscal\u00eda General de la Naci\u00f3n","article_publisher":"https:\/\/www.facebook.com\/FiscaliaCol","article_published_time":"2025-09-23T14:04:25+00:00","article_modified_time":"2025-09-23T15:43:03+00:00","og_image":[{"width":605,"height":340,"url":"https:\/\/www.fiscalia.gov.co\/colombia\/wp-content\/uploads\/Edwin-Daniel-Jaimes-Molina-judicializado-por-su-presunta-responsabilidad-en-los-delitos-de-acceso-carnal-violento-y-actos-sexuales-con-menor-de-14-anos.jpg","type":"image\/jpeg"}],"author":"Johanna Islenny Prieto Pe\u00f1a","twitter_card":"summary_large_image","twitter_creator":"@FiscaliaCol","twitter_site":"@FiscaliaCol","twitter_misc":{"Escrito por":"Johanna Islenny Prieto Pe\u00f1a","Tiempo de lectura":"2 minutos"},"schema":{"@context":"https:\/\/schema.org","@graph":[{"@type":"Article","@id":"https:\/\/www.fiscalia.gov.co\/colombia\/noticias\/afectado-el-grupo-delincuencial-galerias-dedicado-al-trafico-local-de-estupefacientes-en-genova-quindio\/#article","isPartOf":{"@id":"https:\/\/www.fiscalia.gov.co\/colombia\/noticias\/afectado-el-grupo-delincuencial-galerias-dedicado-al-trafico-local-de-estupefacientes-en-genova-quindio\/"},"author":{"name":"Johanna Islenny Prieto Pe\u00f1a","@id":"https:\/\/www.fiscalia.gov.co\/colombia\/#\/schema\/person\/ba9eca435947489fb25117a0cd75bf3e"},"headline":"Afectado el grupo delincuencial Galer\u00edas dedicado al tr\u00e1fico local de estupefacientes en G\u00e9nova (Quind\u00edo)","datePublished":"2025-09-23T14:04:25+00:00","dateModified":"2025-09-23T15:43:03+00:00","mainEntityOfPage":{"@id":"https:\/\/www.fiscalia.gov.co\/colombia\/noticias\/afectado-el-grupo-delincuencial-galerias-dedicado-al-trafico-local-de-estupefacientes-en-genova-quindio\/"},"wordCount":412,"publisher":{"@id":"https:\/\/www.fiscalia.gov.co\/colombia\/#organization"},"image":{"@id":"https:\/\/www.fiscalia.gov.co\/colombia\/noticias\/afectado-el-grupo-delincuencial-galerias-dedicado-al-trafico-local-de-estupefacientes-en-genova-quindio\/#primaryimage"},"thumbnailUrl":"https:\/\/www.fiscalia.gov.co\/colombia\/wp-content\/uploads\/Edwin-Daniel-Jaimes-Molina-judicializado-por-su-presunta-responsabilidad-en-los-delitos-de-acceso-carnal-violento-y-actos-sexuales-con-menor-de-14-anos-300x169.jpg","keywords":["Fiscal","Fiscal Luz Adriana Camargo","Fiscal\u00eda","Fiscal\u00eda General de la Naci\u00f3n"],"articleSection":["Noticias","Seguridad territorial"],"inLanguage":"es-CO"},{"@type":"WebPage","@id":"https:\/\/www.fiscalia.gov.co\/colombia\/noticias\/afectado-el-grupo-delincuencial-galerias-dedicado-al-trafico-local-de-estupefacientes-en-genova-quindio\/","url":"https:\/\/www.fiscalia.gov.co\/colombia\/noticias\/afectado-el-grupo-delincuencial-galerias-dedicado-al-trafico-local-de-estupefacientes-en-genova-quindio\/","name":"Fiscal\u00eda General de la Naci\u00f3n","isPartOf":{"@id":"https:\/\/www.fiscalia.gov.co\/colombia\/#website"},"primaryImageOfPage":{"@id":"https:\/\/www.fiscalia.gov.co\/colombia\/noticias\/afectado-el-grupo-delincuencial-galerias-dedicado-al-trafico-local-de-estupefacientes-en-genova-quindio\/#primaryimage"},"image":{"@id":"https:\/\/www.fiscalia.gov.co\/colombia\/noticias\/afectado-el-grupo-delincuencial-galerias-dedicado-al-trafico-local-de-estupefacientes-en-genova-quindio\/#primaryimage"},"thumbnailUrl":"https:\/\/www.fiscalia.gov.co\/colombia\/wp-content\/uploads\/Edwin-Daniel-Jaimes-Molina-judicializado-por-su-presunta-responsabilidad-en-los-delitos-de-acceso-carnal-violento-y-actos-sexuales-con-menor-de-14-anos-300x169.jpg","datePublished":"2025-09-23T14:04:25+00:00","dateModified":"2025-09-23T15:43:03+00:00","description":"P\u00e1gina oficial de la Fiscal\u00eda General de la Naci\u00f3n \u2013 Colombia. Garantizamos el acceso efectivo a la justicia, la verdad y la reparaci\u00f3n de las v\u00edctimas de los delitos.","breadcrumb":{"@id":"https:\/\/www.fiscalia.gov.co\/colombia\/noticias\/afectado-el-grupo-delincuencial-galerias-dedicado-al-trafico-local-de-estupefacientes-en-genova-quindio\/#breadcrumb"},"inLanguage":"es-CO","potentialAction":[{"@type":"ReadAction","target":["https:\/\/www.fiscalia.gov.co\/colombia\/noticias\/afectado-el-grupo-delincuencial-galerias-dedicado-al-trafico-local-de-estupefacientes-en-genova-quindio\/"]}]},{"@type":"ImageObject","inLanguage":"es-CO","@id":"https:\/\/www.fiscalia.gov.co\/colombia\/noticias\/afectado-el-grupo-delincuencial-galerias-dedicado-al-trafico-local-de-estupefacientes-en-genova-quindio\/#primaryimage","url":"https:\/\/www.fiscalia.gov.co\/colombia\/wp-content\/uploads\/Edwin-Daniel-Jaimes-Molina-judicializado-por-su-presunta-responsabilidad-en-los-delitos-de-acceso-carnal-violento-y-actos-sexuales-con-menor-de-14-anos.jpg","contentUrl":"https:\/\/www.fiscalia.gov.co\/colombia\/wp-content\/uploads\/Edwin-Daniel-Jaimes-Molina-judicializado-por-su-presunta-responsabilidad-en-los-delitos-de-acceso-carnal-violento-y-actos-sexuales-con-menor-de-14-anos.jpg","width":605,"height":340,"caption":"Se visualiza al capturado junto a dos uniformados de la Polic\u00eda Nacional. Frente a ellos en una mesa los elementos incautados como celular y equipo de c\u00f3mputo. Detr\u00e1s de ellos el banner que identifica a la Polic\u00eda Nacional."},{"@type":"BreadcrumbList","@id":"https:\/\/www.fiscalia.gov.co\/colombia\/noticias\/afectado-el-grupo-delincuencial-galerias-dedicado-al-trafico-local-de-estupefacientes-en-genova-quindio\/#breadcrumb","itemListElement":[{"@type":"ListItem","position":1,"name":"Home","item":"https:\/\/www.fiscalia.gov.co\/colombia\/"},{"@type":"ListItem","position":2,"name":"Afectado el grupo delincuencial Galer\u00edas dedicado al tr\u00e1fico local de estupefacientes en G\u00e9nova (Quind\u00edo)"}]},{"@type":"WebSite","@id":"https:\/\/www.fiscalia.gov.co\/colombia\/#website","url":"https:\/\/www.fiscalia.gov.co\/colombia\/","name":"Fiscal\u00eda General de la Naci\u00f3n","description":"P\u00e1gina oficial de la Fiscal\u00eda General de la Naci\u00f3n \u2013 Colombia. Garantizamos el acceso efectivo a la justicia, la verdad y la reparaci\u00f3n de las v\u00edctimas de los delitos.","publisher":{"@id":"https:\/\/www.fiscalia.gov.co\/colombia\/#organization"},"potentialAction":[{"@type":"SearchAction","target":{"@type":"EntryPoint","urlTemplate":"https:\/\/www.fiscalia.gov.co\/colombia\/?s={search_term_string}"},"query-input":{"@type":"PropertyValueSpecification","valueRequired":true,"valueName":"search_term_string"}}],"inLanguage":"es-CO"},{"@type":"Organization","@id":"https:\/\/www.fiscalia.gov.co\/colombia\/#organization","name":"Fiscal\u00eda General de la Naci\u00f3n","url":"https:\/\/www.fiscalia.gov.co\/colombia\/","logo":{"@type":"ImageObject","inLanguage":"es-CO","@id":"https:\/\/www.fiscalia.gov.co\/colombia\/#\/schema\/logo\/image\/","url":"https:\/\/www.fiscalia.gov.co\/colombia\/wp-content\/uploads\/LogoHorizontal_1.jpg","contentUrl":"https:\/\/www.fiscalia.gov.co\/colombia\/wp-content\/uploads\/LogoHorizontal_1.jpg","width":300,"height":90,"caption":"Fiscal\u00eda General de la Naci\u00f3n"},"image":{"@id":"https:\/\/www.fiscalia.gov.co\/colombia\/#\/schema\/logo\/image\/"},"sameAs":["https:\/\/www.facebook.com\/FiscaliaCol","https:\/\/x.com\/FiscaliaCol","https:\/\/www.instagram.com\/fiscaliacol","https:\/\/www.linkedin.com\/company\/fiscalia-general-de-la-naci-n\/","https:\/\/youtube.com\/@fiscaliageneraldelanacion-4668?si=6nN79nyQICPU5iTh"]},{"@type":"Person","@id":"https:\/\/www.fiscalia.gov.co\/colombia\/#\/schema\/person\/ba9eca435947489fb25117a0cd75bf3e","name":"Johanna Islenny Prieto Pe\u00f1a","image":{"@type":"ImageObject","inLanguage":"es-CO","@id":"https:\/\/www.fiscalia.gov.co\/colombia\/#\/schema\/person\/image\/","url":"https:\/\/secure.gravatar.com\/avatar\/111433fc2acb037ffb768f6a3ca47864?s=96&d=mm&r=g","contentUrl":"https:\/\/secure.gravatar.com\/avatar\/111433fc2acb037ffb768f6a3ca47864?s=96&d=mm&r=g","caption":"Johanna Islenny Prieto Pe\u00f1a"},"url":"https:\/\/www.fiscalia.gov.co\/colombia\/author\/jprietop\/"}]}},"_links":{"self":[{"href":"https:\/\/www.fiscalia.gov.co\/colombia\/wp-json\/wp\/v2\/posts\/324344","targetHints":{"allow":["GET"]}}],"collection":[{"href":"https:\/\/www.fiscalia.gov.co\/colombia\/wp-json\/wp\/v2\/posts"}],"about":[{"href":"https:\/\/www.fiscalia.gov.co\/colombia\/wp-json\/wp\/v2\/types\/post"}],"author":[{"embeddable":true,"href":"https:\/\/www.fiscalia.gov.co\/colombia\/wp-json\/wp\/v2\/users\/181"}],"replies":[{"embeddable":true,"href":"https:\/\/www.fiscalia.gov.co\/colombia\/wp-json\/wp\/v2\/comments?post=324344"}],"version-history":[{"count":3,"href":"https:\/\/www.fiscalia.gov.co\/colombia\/wp-json\/wp\/v2\/posts\/324344\/revisions"}],"predecessor-version":[{"id":324356,"href":"https:\/\/www.fiscalia.gov.co\/colombia\/wp-json\/wp\/v2\/posts\/324344\/revisions\/324356"}],"wp:attachment":[{"href":"https:\/\/www.fiscalia.gov.co\/colombia\/wp-json\/wp\/v2\/media?parent=324344"}],"wp:term":[{"taxonomy":"category","embeddable":true,"href":"https:\/\/www.fiscalia.gov.co\/colombia\/wp-json\/wp\/v2\/categories?post=324344"},{"taxonomy":"post_tag","embeddable":true,"href":"https:\/\/www.fiscalia.gov.co\/colombia\/wp-json\/wp\/v2\/tags?post=324344"}],"curies":[{"name":"wp","href":"https:\/\/api.w.org\/{rel}","templated":true}]}}