{"id":324315,"date":"2025-09-22T17:06:56","date_gmt":"2025-09-22T22:06:56","guid":{"rendered":"https:\/\/www.fiscalia.gov.co\/colombia\/?p=324315"},"modified":"2025-09-22T17:06:56","modified_gmt":"2025-09-22T22:06:56","slug":"hombre-que-habria-herido-con-un-arma-de-fuego-a-una-mujer-en-medio-de-un-hurto-en-barranquilla-fue-enviado-a-la-carcel","status":"publish","type":"post","link":"https:\/\/www.fiscalia.gov.co\/colombia\/noticias\/hombre-que-habria-herido-con-un-arma-de-fuego-a-una-mujer-en-medio-de-un-hurto-en-barranquilla-fue-enviado-a-la-carcel\/","title":{"rendered":"Hombre que habr\u00eda herido con un arma de fuego a una mujer en medio de un hurto en Barranquilla fue enviado a la c\u00e1rcel"},"content":{"rendered":"<p class=\"x_elementToProof\">La Fiscal\u00eda General de la Naci\u00f3n judicializ\u00f3 a Francisco Alberto Ariza Paternina, alias Hito, por <strong>su presunta responsabilidad en atacar con un arma de fuego a una mujer en medio de un hurto,<\/strong> en hechos registrados el 12 de mayo de 2024, en Barranquilla (Atl\u00e1ntico).<\/p>\n<figure id=\"attachment_324317\" aria-describedby=\"caption-attachment-324317\" style=\"width: 300px\" class=\"wp-caption alignnone\"><img loading=\"lazy\" decoding=\"async\" class=\"size-medium wp-image-324317\" src=\"https:\/\/www.fiscalia.gov.co\/colombia\/wp-content\/uploads\/Foto-boletin-22-de-septiembre-homicidio-1-300x169.jpeg\" alt=\" En la fotograf\u00eda aparece un hombre blanco de pie, de frente, de contextura gruesa, con los brazos atr\u00e1s esposado, semi calvo, vestido con camiseta y pantal\u00f3n negro. Se encuentra custodiado por dos uniformados de la Polic\u00eda Nacional.\u00a0\" width=\"300\" height=\"169\" srcset=\"https:\/\/www.fiscalia.gov.co\/colombia\/wp-content\/uploads\/Foto-boletin-22-de-septiembre-homicidio-1-300x169.jpeg 300w, https:\/\/www.fiscalia.gov.co\/colombia\/wp-content\/uploads\/Foto-boletin-22-de-septiembre-homicidio-1-1024x576.jpeg 1024w, https:\/\/www.fiscalia.gov.co\/colombia\/wp-content\/uploads\/Foto-boletin-22-de-septiembre-homicidio-1-768x432.jpeg 768w, https:\/\/www.fiscalia.gov.co\/colombia\/wp-content\/uploads\/Foto-boletin-22-de-septiembre-homicidio-1-1536x864.jpeg 1536w, https:\/\/www.fiscalia.gov.co\/colombia\/wp-content\/uploads\/Foto-boletin-22-de-septiembre-homicidio-1-747x420.jpeg 747w, https:\/\/www.fiscalia.gov.co\/colombia\/wp-content\/uploads\/Foto-boletin-22-de-septiembre-homicidio-1-696x392.jpeg 696w, https:\/\/www.fiscalia.gov.co\/colombia\/wp-content\/uploads\/Foto-boletin-22-de-septiembre-homicidio-1-1068x601.jpeg 1068w, https:\/\/www.fiscalia.gov.co\/colombia\/wp-content\/uploads\/Foto-boletin-22-de-septiembre-homicidio-1.jpeg 1600w\" sizes=\"auto, (max-width: 300px) 100vw, 300px\" \/><figcaption id=\"caption-attachment-324317\" class=\"wp-caption-text\">El procesado fue capturado por orden judicial en el barrio Villate de Barranquilla.<\/figcaption><\/figure>\n<p class=\"x_elementToProof\">\n<p>Un fiscal de la Unidad de Vida le imput\u00f3 los delitos homicidio agravado en grado de tentativa; y fabricaci\u00f3n, tr\u00e1fico, porte o tenencia de armas de fuego, accesorios, partes o municiones.<strong> En el desarrollo de las audiencias concentradas, el hombre no acept\u00f3 los cargos<\/strong> y por disposici\u00f3n judicial cumplir\u00e1 medida de aseguramiento en un centro carcelario.<\/p>\n<p>Los hechos que lo involucran se registraron en una v\u00eda p\u00fablica del barrio Villate, por all\u00ed transitaba una mujer de 29 a\u00f1os, c<strong>uando el ahora procesado, al parecer, le hurt\u00f3 el celular.<\/strong><\/p>\n<p>Cuando la v\u00edctima se percata le exige a Ariza Paternina que le devuelva el m\u00f3vil y en ese momento habr\u00eda accionado un arma de fuego en su contra caus\u00e1ndole heridas. <strong>La ciudadan\u00eda traslad\u00f3 a la mujer hasta un centro asistencial donde se recuper\u00f3 de las lesiones.<\/strong><\/p>\n<p>El investigado de 36 a\u00f1os fue capturado en cumplimiento de una orden judicial por la Polic\u00eda Nacional en el sector de Villate.<\/p>\n<p>MEVA\/ AMCJ\/AN\/WFOJ\/DSA<\/p>\n<p>&nbsp;<\/p>\n<p>&nbsp;<\/p>\n<p>&nbsp;<\/p>\n<p class=\"x_elementToProof\">\n<p><i>La informaci\u00f3n contenida en este bolet\u00edn de prensa corresponde a la narraci\u00f3n de los hechos noticiosos objetivos, suministrados por los funcionarios encargados de adelantar las investigaciones penales al interior de la Fiscal\u00eda General de la Naci\u00f3n. Para el momento de la divulgaci\u00f3n de este comunicado, la situaci\u00f3n jur\u00eddica de la(s) persona(s) relacionada(s) se encuentra pendiente de resolver por la autoridad judicial competente, siempre bajo los preceptos de la presunci\u00f3n de inocencia, consagrados en el art\u00edculo 29 de la Constituci\u00f3n Pol\u00edtica y el art\u00edculo 7\u00ba de la Ley 906 de 2004.<\/i><\/p>\n<div><\/div>\n<div><\/div>\n<div aria-hidden=\"true\"><\/div>\n\n<div class=\"twitter-share\"><a href=\"https:\/\/twitter.com\/intent\/tweet?via=fiscaliacol\" class=\"twitter-share-button\">Tweet<\/a><\/div>\n","protected":false},"excerpt":{"rendered":"<p>La Fiscal\u00eda General de la Naci\u00f3n judicializ\u00f3 a Francisco Alberto Ariza Paternina, alias Hito, por su presunta responsabilidad en atacar con un arma de fuego a una mujer en medio de un hurto, en hechos registrados el 12 de mayo de 2024, en Barranquilla (Atl\u00e1ntico). Un fiscal de la Unidad de Vida le imput\u00f3 los [&hellip;]<\/p>\n","protected":false},"author":181,"featured_media":0,"comment_status":"closed","ping_status":"open","sticky":false,"template":"","format":"standard","meta":{"tdm_status":"","tdm_grid_status":"","footnotes":""},"categories":[1],"tags":[14083,23829,42995,24187,1047,32876,409,2067,558,24914,8859,17445],"class_list":{"0":"post-324315","1":"post","2":"type-post","3":"status-publish","4":"format-standard","6":"category-noticias","7":"tag-atlantico","8":"tag-barranquilla","9":"tag-captura-orden-judicial","10":"tag-fiscalia-colombia","11":"tag-fiscalia-general-de-la-nacion","12":"tag-herida","13":"tag-homicidio","14":"tag-mujer","15":"tag-policia-nacional","16":"tag-porte-de-arma","17":"tag-tentativa","18":"tag-victima"},"yoast_head":"<!-- This site is optimized with the Yoast SEO plugin v24.3 - https:\/\/yoast.com\/wordpress\/plugins\/seo\/ -->\n<title>Fiscal\u00eda General de la Naci\u00f3n<\/title>\n<meta name=\"description\" content=\"P\u00e1gina oficial de la Fiscal\u00eda General de la Naci\u00f3n \u2013 Colombia. Garantizamos el acceso efectivo a la justicia, la verdad y la reparaci\u00f3n de las v\u00edctimas de los delitos.\" \/>\n<meta name=\"robots\" content=\"noindex, follow\" \/>\n<meta property=\"og:locale\" content=\"es_ES\" \/>\n<meta property=\"og:type\" content=\"article\" \/>\n<meta property=\"og:title\" content=\"Fiscal\u00eda General de la Naci\u00f3n\" \/>\n<meta property=\"og:description\" content=\"P\u00e1gina oficial de la Fiscal\u00eda General de la Naci\u00f3n \u2013 Colombia. Garantizamos el acceso efectivo a la justicia, la verdad y la reparaci\u00f3n de las v\u00edctimas de los delitos.\" \/>\n<meta property=\"og:url\" content=\"https:\/\/www.fiscalia.gov.co\/colombia\/noticias\/hombre-que-habria-herido-con-un-arma-de-fuego-a-una-mujer-en-medio-de-un-hurto-en-barranquilla-fue-enviado-a-la-carcel\/\" \/>\n<meta property=\"og:site_name\" content=\"Fiscal\u00eda General de la Naci\u00f3n\" \/>\n<meta property=\"article:publisher\" content=\"https:\/\/www.facebook.com\/FiscaliaCol\" \/>\n<meta property=\"article:published_time\" content=\"2025-09-22T22:06:56+00:00\" \/>\n<meta property=\"og:image\" content=\"https:\/\/www.fiscalia.gov.co\/colombia\/wp-content\/uploads\/Foto-boletin-22-de-septiembre-homicidio-1.jpeg\" \/>\n\t<meta property=\"og:image:width\" content=\"1600\" \/>\n\t<meta property=\"og:image:height\" content=\"900\" \/>\n\t<meta property=\"og:image:type\" content=\"image\/jpeg\" \/>\n<meta name=\"author\" content=\"Johanna Islenny Prieto Pe\u00f1a\" \/>\n<meta name=\"twitter:card\" content=\"summary_large_image\" \/>\n<meta name=\"twitter:creator\" content=\"@FiscaliaCol\" \/>\n<meta name=\"twitter:site\" content=\"@FiscaliaCol\" \/>\n<meta name=\"twitter:label1\" content=\"Escrito por\" \/>\n\t<meta name=\"twitter:data1\" content=\"Johanna Islenny Prieto Pe\u00f1a\" \/>\n\t<meta name=\"twitter:label2\" content=\"Tiempo de lectura\" \/>\n\t<meta name=\"twitter:data2\" content=\"2 minutos\" \/>\n<script type=\"application\/ld+json\" class=\"yoast-schema-graph\">{\"@context\":\"https:\/\/schema.org\",\"@graph\":[{\"@type\":\"Article\",\"@id\":\"https:\/\/www.fiscalia.gov.co\/colombia\/noticias\/hombre-que-habria-herido-con-un-arma-de-fuego-a-una-mujer-en-medio-de-un-hurto-en-barranquilla-fue-enviado-a-la-carcel\/#article\",\"isPartOf\":{\"@id\":\"https:\/\/www.fiscalia.gov.co\/colombia\/noticias\/hombre-que-habria-herido-con-un-arma-de-fuego-a-una-mujer-en-medio-de-un-hurto-en-barranquilla-fue-enviado-a-la-carcel\/\"},\"author\":{\"name\":\"Johanna Islenny Prieto Pe\u00f1a\",\"@id\":\"https:\/\/www.fiscalia.gov.co\/colombia\/#\/schema\/person\/ba9eca435947489fb25117a0cd75bf3e\"},\"headline\":\"Hombre que habr\u00eda herido con un arma de fuego a una mujer en medio de un hurto en Barranquilla fue enviado a la c\u00e1rcel\",\"datePublished\":\"2025-09-22T22:06:56+00:00\",\"dateModified\":\"2025-09-22T22:06:56+00:00\",\"mainEntityOfPage\":{\"@id\":\"https:\/\/www.fiscalia.gov.co\/colombia\/noticias\/hombre-que-habria-herido-con-un-arma-de-fuego-a-una-mujer-en-medio-de-un-hurto-en-barranquilla-fue-enviado-a-la-carcel\/\"},\"wordCount\":369,\"publisher\":{\"@id\":\"https:\/\/www.fiscalia.gov.co\/colombia\/#organization\"},\"image\":{\"@id\":\"https:\/\/www.fiscalia.gov.co\/colombia\/noticias\/hombre-que-habria-herido-con-un-arma-de-fuego-a-una-mujer-en-medio-de-un-hurto-en-barranquilla-fue-enviado-a-la-carcel\/#primaryimage\"},\"thumbnailUrl\":\"https:\/\/www.fiscalia.gov.co\/colombia\/wp-content\/uploads\/Foto-boletin-22-de-septiembre-homicidio-1-300x169.jpeg\",\"keywords\":[\"Atl\u00e1ntico\",\"Barranquilla\",\"captura orden judicial.\",\"Fiscal\u00eda Colombia\",\"Fiscal\u00eda General de la Naci\u00f3n\",\"herida\",\"Homicidio\",\"Mujer\",\"Polic\u00eda Nacional\",\"porte de arma\",\"Tentativa\",\"V\u00edctima\"],\"articleSection\":[\"Noticias\"],\"inLanguage\":\"es-CO\"},{\"@type\":\"WebPage\",\"@id\":\"https:\/\/www.fiscalia.gov.co\/colombia\/noticias\/hombre-que-habria-herido-con-un-arma-de-fuego-a-una-mujer-en-medio-de-un-hurto-en-barranquilla-fue-enviado-a-la-carcel\/\",\"url\":\"https:\/\/www.fiscalia.gov.co\/colombia\/noticias\/hombre-que-habria-herido-con-un-arma-de-fuego-a-una-mujer-en-medio-de-un-hurto-en-barranquilla-fue-enviado-a-la-carcel\/\",\"name\":\"Fiscal\u00eda General de la Naci\u00f3n\",\"isPartOf\":{\"@id\":\"https:\/\/www.fiscalia.gov.co\/colombia\/#website\"},\"primaryImageOfPage\":{\"@id\":\"https:\/\/www.fiscalia.gov.co\/colombia\/noticias\/hombre-que-habria-herido-con-un-arma-de-fuego-a-una-mujer-en-medio-de-un-hurto-en-barranquilla-fue-enviado-a-la-carcel\/#primaryimage\"},\"image\":{\"@id\":\"https:\/\/www.fiscalia.gov.co\/colombia\/noticias\/hombre-que-habria-herido-con-un-arma-de-fuego-a-una-mujer-en-medio-de-un-hurto-en-barranquilla-fue-enviado-a-la-carcel\/#primaryimage\"},\"thumbnailUrl\":\"https:\/\/www.fiscalia.gov.co\/colombia\/wp-content\/uploads\/Foto-boletin-22-de-septiembre-homicidio-1-300x169.jpeg\",\"datePublished\":\"2025-09-22T22:06:56+00:00\",\"dateModified\":\"2025-09-22T22:06:56+00:00\",\"description\":\"P\u00e1gina oficial de la Fiscal\u00eda General de la Naci\u00f3n \u2013 Colombia. Garantizamos el acceso efectivo a la justicia, la verdad y la reparaci\u00f3n de las v\u00edctimas de los delitos.\",\"breadcrumb\":{\"@id\":\"https:\/\/www.fiscalia.gov.co\/colombia\/noticias\/hombre-que-habria-herido-con-un-arma-de-fuego-a-una-mujer-en-medio-de-un-hurto-en-barranquilla-fue-enviado-a-la-carcel\/#breadcrumb\"},\"inLanguage\":\"es-CO\",\"potentialAction\":[{\"@type\":\"ReadAction\",\"target\":[\"https:\/\/www.fiscalia.gov.co\/colombia\/noticias\/hombre-que-habria-herido-con-un-arma-de-fuego-a-una-mujer-en-medio-de-un-hurto-en-barranquilla-fue-enviado-a-la-carcel\/\"]}]},{\"@type\":\"ImageObject\",\"inLanguage\":\"es-CO\",\"@id\":\"https:\/\/www.fiscalia.gov.co\/colombia\/noticias\/hombre-que-habria-herido-con-un-arma-de-fuego-a-una-mujer-en-medio-de-un-hurto-en-barranquilla-fue-enviado-a-la-carcel\/#primaryimage\",\"url\":\"https:\/\/www.fiscalia.gov.co\/colombia\/wp-content\/uploads\/Foto-boletin-22-de-septiembre-homicidio-1.jpeg\",\"contentUrl\":\"https:\/\/www.fiscalia.gov.co\/colombia\/wp-content\/uploads\/Foto-boletin-22-de-septiembre-homicidio-1.jpeg\",\"width\":1600,\"height\":900,\"caption\":\"El procesado fue capturado por orden judicial en el barrio Villate de Barranquilla.\u00a0\"},{\"@type\":\"BreadcrumbList\",\"@id\":\"https:\/\/www.fiscalia.gov.co\/colombia\/noticias\/hombre-que-habria-herido-con-un-arma-de-fuego-a-una-mujer-en-medio-de-un-hurto-en-barranquilla-fue-enviado-a-la-carcel\/#breadcrumb\",\"itemListElement\":[{\"@type\":\"ListItem\",\"position\":1,\"name\":\"Home\",\"item\":\"https:\/\/www.fiscalia.gov.co\/colombia\/\"},{\"@type\":\"ListItem\",\"position\":2,\"name\":\"Hombre que habr\u00eda herido con un arma de fuego a una mujer en medio de un hurto en Barranquilla fue enviado a la c\u00e1rcel\"}]},{\"@type\":\"WebSite\",\"@id\":\"https:\/\/www.fiscalia.gov.co\/colombia\/#website\",\"url\":\"https:\/\/www.fiscalia.gov.co\/colombia\/\",\"name\":\"Fiscal\u00eda General de la Naci\u00f3n\",\"description\":\"P\u00e1gina oficial de la Fiscal\u00eda General de la Naci\u00f3n \u2013 Colombia. Garantizamos el acceso efectivo a la justicia, la verdad y la reparaci\u00f3n de las v\u00edctimas de los delitos.\",\"publisher\":{\"@id\":\"https:\/\/www.fiscalia.gov.co\/colombia\/#organization\"},\"potentialAction\":[{\"@type\":\"SearchAction\",\"target\":{\"@type\":\"EntryPoint\",\"urlTemplate\":\"https:\/\/www.fiscalia.gov.co\/colombia\/?s={search_term_string}\"},\"query-input\":{\"@type\":\"PropertyValueSpecification\",\"valueRequired\":true,\"valueName\":\"search_term_string\"}}],\"inLanguage\":\"es-CO\"},{\"@type\":\"Organization\",\"@id\":\"https:\/\/www.fiscalia.gov.co\/colombia\/#organization\",\"name\":\"Fiscal\u00eda General de la Naci\u00f3n\",\"url\":\"https:\/\/www.fiscalia.gov.co\/colombia\/\",\"logo\":{\"@type\":\"ImageObject\",\"inLanguage\":\"es-CO\",\"@id\":\"https:\/\/www.fiscalia.gov.co\/colombia\/#\/schema\/logo\/image\/\",\"url\":\"https:\/\/www.fiscalia.gov.co\/colombia\/wp-content\/uploads\/LogoHorizontal_1.jpg\",\"contentUrl\":\"https:\/\/www.fiscalia.gov.co\/colombia\/wp-content\/uploads\/LogoHorizontal_1.jpg\",\"width\":300,\"height\":90,\"caption\":\"Fiscal\u00eda General de la Naci\u00f3n\"},\"image\":{\"@id\":\"https:\/\/www.fiscalia.gov.co\/colombia\/#\/schema\/logo\/image\/\"},\"sameAs\":[\"https:\/\/www.facebook.com\/FiscaliaCol\",\"https:\/\/x.com\/FiscaliaCol\",\"https:\/\/www.instagram.com\/fiscaliacol\",\"https:\/\/www.linkedin.com\/company\/fiscalia-general-de-la-naci-n\/\",\"https:\/\/youtube.com\/@fiscaliageneraldelanacion-4668?si=6nN79nyQICPU5iTh\"]},{\"@type\":\"Person\",\"@id\":\"https:\/\/www.fiscalia.gov.co\/colombia\/#\/schema\/person\/ba9eca435947489fb25117a0cd75bf3e\",\"name\":\"Johanna Islenny Prieto Pe\u00f1a\",\"image\":{\"@type\":\"ImageObject\",\"inLanguage\":\"es-CO\",\"@id\":\"https:\/\/www.fiscalia.gov.co\/colombia\/#\/schema\/person\/image\/\",\"url\":\"https:\/\/secure.gravatar.com\/avatar\/111433fc2acb037ffb768f6a3ca47864?s=96&d=mm&r=g\",\"contentUrl\":\"https:\/\/secure.gravatar.com\/avatar\/111433fc2acb037ffb768f6a3ca47864?s=96&d=mm&r=g\",\"caption\":\"Johanna Islenny Prieto Pe\u00f1a\"},\"url\":\"https:\/\/www.fiscalia.gov.co\/colombia\/author\/jprietop\/\"}]}<\/script>\n<!-- \/ Yoast SEO plugin. -->","yoast_head_json":{"title":"Fiscal\u00eda General de la Naci\u00f3n","description":"P\u00e1gina oficial de la Fiscal\u00eda General de la Naci\u00f3n \u2013 Colombia. Garantizamos el acceso efectivo a la justicia, la verdad y la reparaci\u00f3n de las v\u00edctimas de los delitos.","robots":{"index":"noindex","follow":"follow"},"og_locale":"es_ES","og_type":"article","og_title":"Fiscal\u00eda General de la Naci\u00f3n","og_description":"P\u00e1gina oficial de la Fiscal\u00eda General de la Naci\u00f3n \u2013 Colombia. Garantizamos el acceso efectivo a la justicia, la verdad y la reparaci\u00f3n de las v\u00edctimas de los delitos.","og_url":"https:\/\/www.fiscalia.gov.co\/colombia\/noticias\/hombre-que-habria-herido-con-un-arma-de-fuego-a-una-mujer-en-medio-de-un-hurto-en-barranquilla-fue-enviado-a-la-carcel\/","og_site_name":"Fiscal\u00eda General de la Naci\u00f3n","article_publisher":"https:\/\/www.facebook.com\/FiscaliaCol","article_published_time":"2025-09-22T22:06:56+00:00","og_image":[{"width":1600,"height":900,"url":"https:\/\/www.fiscalia.gov.co\/colombia\/wp-content\/uploads\/Foto-boletin-22-de-septiembre-homicidio-1.jpeg","type":"image\/jpeg"}],"author":"Johanna Islenny Prieto Pe\u00f1a","twitter_card":"summary_large_image","twitter_creator":"@FiscaliaCol","twitter_site":"@FiscaliaCol","twitter_misc":{"Escrito por":"Johanna Islenny Prieto Pe\u00f1a","Tiempo de lectura":"2 minutos"},"schema":{"@context":"https:\/\/schema.org","@graph":[{"@type":"Article","@id":"https:\/\/www.fiscalia.gov.co\/colombia\/noticias\/hombre-que-habria-herido-con-un-arma-de-fuego-a-una-mujer-en-medio-de-un-hurto-en-barranquilla-fue-enviado-a-la-carcel\/#article","isPartOf":{"@id":"https:\/\/www.fiscalia.gov.co\/colombia\/noticias\/hombre-que-habria-herido-con-un-arma-de-fuego-a-una-mujer-en-medio-de-un-hurto-en-barranquilla-fue-enviado-a-la-carcel\/"},"author":{"name":"Johanna Islenny Prieto Pe\u00f1a","@id":"https:\/\/www.fiscalia.gov.co\/colombia\/#\/schema\/person\/ba9eca435947489fb25117a0cd75bf3e"},"headline":"Hombre que habr\u00eda herido con un arma de fuego a una mujer en medio de un hurto en Barranquilla fue enviado a la c\u00e1rcel","datePublished":"2025-09-22T22:06:56+00:00","dateModified":"2025-09-22T22:06:56+00:00","mainEntityOfPage":{"@id":"https:\/\/www.fiscalia.gov.co\/colombia\/noticias\/hombre-que-habria-herido-con-un-arma-de-fuego-a-una-mujer-en-medio-de-un-hurto-en-barranquilla-fue-enviado-a-la-carcel\/"},"wordCount":369,"publisher":{"@id":"https:\/\/www.fiscalia.gov.co\/colombia\/#organization"},"image":{"@id":"https:\/\/www.fiscalia.gov.co\/colombia\/noticias\/hombre-que-habria-herido-con-un-arma-de-fuego-a-una-mujer-en-medio-de-un-hurto-en-barranquilla-fue-enviado-a-la-carcel\/#primaryimage"},"thumbnailUrl":"https:\/\/www.fiscalia.gov.co\/colombia\/wp-content\/uploads\/Foto-boletin-22-de-septiembre-homicidio-1-300x169.jpeg","keywords":["Atl\u00e1ntico","Barranquilla","captura orden judicial.","Fiscal\u00eda Colombia","Fiscal\u00eda General de la Naci\u00f3n","herida","Homicidio","Mujer","Polic\u00eda Nacional","porte de arma","Tentativa","V\u00edctima"],"articleSection":["Noticias"],"inLanguage":"es-CO"},{"@type":"WebPage","@id":"https:\/\/www.fiscalia.gov.co\/colombia\/noticias\/hombre-que-habria-herido-con-un-arma-de-fuego-a-una-mujer-en-medio-de-un-hurto-en-barranquilla-fue-enviado-a-la-carcel\/","url":"https:\/\/www.fiscalia.gov.co\/colombia\/noticias\/hombre-que-habria-herido-con-un-arma-de-fuego-a-una-mujer-en-medio-de-un-hurto-en-barranquilla-fue-enviado-a-la-carcel\/","name":"Fiscal\u00eda General de la Naci\u00f3n","isPartOf":{"@id":"https:\/\/www.fiscalia.gov.co\/colombia\/#website"},"primaryImageOfPage":{"@id":"https:\/\/www.fiscalia.gov.co\/colombia\/noticias\/hombre-que-habria-herido-con-un-arma-de-fuego-a-una-mujer-en-medio-de-un-hurto-en-barranquilla-fue-enviado-a-la-carcel\/#primaryimage"},"image":{"@id":"https:\/\/www.fiscalia.gov.co\/colombia\/noticias\/hombre-que-habria-herido-con-un-arma-de-fuego-a-una-mujer-en-medio-de-un-hurto-en-barranquilla-fue-enviado-a-la-carcel\/#primaryimage"},"thumbnailUrl":"https:\/\/www.fiscalia.gov.co\/colombia\/wp-content\/uploads\/Foto-boletin-22-de-septiembre-homicidio-1-300x169.jpeg","datePublished":"2025-09-22T22:06:56+00:00","dateModified":"2025-09-22T22:06:56+00:00","description":"P\u00e1gina oficial de la Fiscal\u00eda General de la Naci\u00f3n \u2013 Colombia. Garantizamos el acceso efectivo a la justicia, la verdad y la reparaci\u00f3n de las v\u00edctimas de los delitos.","breadcrumb":{"@id":"https:\/\/www.fiscalia.gov.co\/colombia\/noticias\/hombre-que-habria-herido-con-un-arma-de-fuego-a-una-mujer-en-medio-de-un-hurto-en-barranquilla-fue-enviado-a-la-carcel\/#breadcrumb"},"inLanguage":"es-CO","potentialAction":[{"@type":"ReadAction","target":["https:\/\/www.fiscalia.gov.co\/colombia\/noticias\/hombre-que-habria-herido-con-un-arma-de-fuego-a-una-mujer-en-medio-de-un-hurto-en-barranquilla-fue-enviado-a-la-carcel\/"]}]},{"@type":"ImageObject","inLanguage":"es-CO","@id":"https:\/\/www.fiscalia.gov.co\/colombia\/noticias\/hombre-que-habria-herido-con-un-arma-de-fuego-a-una-mujer-en-medio-de-un-hurto-en-barranquilla-fue-enviado-a-la-carcel\/#primaryimage","url":"https:\/\/www.fiscalia.gov.co\/colombia\/wp-content\/uploads\/Foto-boletin-22-de-septiembre-homicidio-1.jpeg","contentUrl":"https:\/\/www.fiscalia.gov.co\/colombia\/wp-content\/uploads\/Foto-boletin-22-de-septiembre-homicidio-1.jpeg","width":1600,"height":900,"caption":"El procesado fue capturado por orden judicial en el barrio Villate de Barranquilla.\u00a0"},{"@type":"BreadcrumbList","@id":"https:\/\/www.fiscalia.gov.co\/colombia\/noticias\/hombre-que-habria-herido-con-un-arma-de-fuego-a-una-mujer-en-medio-de-un-hurto-en-barranquilla-fue-enviado-a-la-carcel\/#breadcrumb","itemListElement":[{"@type":"ListItem","position":1,"name":"Home","item":"https:\/\/www.fiscalia.gov.co\/colombia\/"},{"@type":"ListItem","position":2,"name":"Hombre que habr\u00eda herido con un arma de fuego a una mujer en medio de un hurto en Barranquilla fue enviado a la c\u00e1rcel"}]},{"@type":"WebSite","@id":"https:\/\/www.fiscalia.gov.co\/colombia\/#website","url":"https:\/\/www.fiscalia.gov.co\/colombia\/","name":"Fiscal\u00eda General de la Naci\u00f3n","description":"P\u00e1gina oficial de la Fiscal\u00eda General de la Naci\u00f3n \u2013 Colombia. Garantizamos el acceso efectivo a la justicia, la verdad y la reparaci\u00f3n de las v\u00edctimas de los delitos.","publisher":{"@id":"https:\/\/www.fiscalia.gov.co\/colombia\/#organization"},"potentialAction":[{"@type":"SearchAction","target":{"@type":"EntryPoint","urlTemplate":"https:\/\/www.fiscalia.gov.co\/colombia\/?s={search_term_string}"},"query-input":{"@type":"PropertyValueSpecification","valueRequired":true,"valueName":"search_term_string"}}],"inLanguage":"es-CO"},{"@type":"Organization","@id":"https:\/\/www.fiscalia.gov.co\/colombia\/#organization","name":"Fiscal\u00eda General de la Naci\u00f3n","url":"https:\/\/www.fiscalia.gov.co\/colombia\/","logo":{"@type":"ImageObject","inLanguage":"es-CO","@id":"https:\/\/www.fiscalia.gov.co\/colombia\/#\/schema\/logo\/image\/","url":"https:\/\/www.fiscalia.gov.co\/colombia\/wp-content\/uploads\/LogoHorizontal_1.jpg","contentUrl":"https:\/\/www.fiscalia.gov.co\/colombia\/wp-content\/uploads\/LogoHorizontal_1.jpg","width":300,"height":90,"caption":"Fiscal\u00eda General de la Naci\u00f3n"},"image":{"@id":"https:\/\/www.fiscalia.gov.co\/colombia\/#\/schema\/logo\/image\/"},"sameAs":["https:\/\/www.facebook.com\/FiscaliaCol","https:\/\/x.com\/FiscaliaCol","https:\/\/www.instagram.com\/fiscaliacol","https:\/\/www.linkedin.com\/company\/fiscalia-general-de-la-naci-n\/","https:\/\/youtube.com\/@fiscaliageneraldelanacion-4668?si=6nN79nyQICPU5iTh"]},{"@type":"Person","@id":"https:\/\/www.fiscalia.gov.co\/colombia\/#\/schema\/person\/ba9eca435947489fb25117a0cd75bf3e","name":"Johanna Islenny Prieto Pe\u00f1a","image":{"@type":"ImageObject","inLanguage":"es-CO","@id":"https:\/\/www.fiscalia.gov.co\/colombia\/#\/schema\/person\/image\/","url":"https:\/\/secure.gravatar.com\/avatar\/111433fc2acb037ffb768f6a3ca47864?s=96&d=mm&r=g","contentUrl":"https:\/\/secure.gravatar.com\/avatar\/111433fc2acb037ffb768f6a3ca47864?s=96&d=mm&r=g","caption":"Johanna Islenny Prieto Pe\u00f1a"},"url":"https:\/\/www.fiscalia.gov.co\/colombia\/author\/jprietop\/"}]}},"_links":{"self":[{"href":"https:\/\/www.fiscalia.gov.co\/colombia\/wp-json\/wp\/v2\/posts\/324315","targetHints":{"allow":["GET"]}}],"collection":[{"href":"https:\/\/www.fiscalia.gov.co\/colombia\/wp-json\/wp\/v2\/posts"}],"about":[{"href":"https:\/\/www.fiscalia.gov.co\/colombia\/wp-json\/wp\/v2\/types\/post"}],"author":[{"embeddable":true,"href":"https:\/\/www.fiscalia.gov.co\/colombia\/wp-json\/wp\/v2\/users\/181"}],"replies":[{"embeddable":true,"href":"https:\/\/www.fiscalia.gov.co\/colombia\/wp-json\/wp\/v2\/comments?post=324315"}],"version-history":[{"count":1,"href":"https:\/\/www.fiscalia.gov.co\/colombia\/wp-json\/wp\/v2\/posts\/324315\/revisions"}],"predecessor-version":[{"id":324318,"href":"https:\/\/www.fiscalia.gov.co\/colombia\/wp-json\/wp\/v2\/posts\/324315\/revisions\/324318"}],"wp:attachment":[{"href":"https:\/\/www.fiscalia.gov.co\/colombia\/wp-json\/wp\/v2\/media?parent=324315"}],"wp:term":[{"taxonomy":"category","embeddable":true,"href":"https:\/\/www.fiscalia.gov.co\/colombia\/wp-json\/wp\/v2\/categories?post=324315"},{"taxonomy":"post_tag","embeddable":true,"href":"https:\/\/www.fiscalia.gov.co\/colombia\/wp-json\/wp\/v2\/tags?post=324315"}],"curies":[{"name":"wp","href":"https:\/\/api.w.org\/{rel}","templated":true}]}}