{"id":324278,"date":"2025-09-22T14:50:01","date_gmt":"2025-09-22T19:50:01","guid":{"rendered":"https:\/\/www.fiscalia.gov.co\/colombia\/?p=324278"},"modified":"2025-09-22T14:50:01","modified_gmt":"2025-09-22T19:50:01","slug":"envian-a-la-carcel-a-tres-hombres-que-estarian-involucrados-en-hurtos-violentos-en-cartagena","status":"publish","type":"post","link":"https:\/\/www.fiscalia.gov.co\/colombia\/noticias\/envian-a-la-carcel-a-tres-hombres-que-estarian-involucrados-en-hurtos-violentos-en-cartagena\/","title":{"rendered":"Env\u00edan a la c\u00e1rcel a tres hombres que estar\u00edan involucrados en hurtos violentos en Cartagena"},"content":{"rendered":"<p>En hechos independientes, un fiscal de la Unidad de Reacci\u00f3n Inmediata (URI) de Cartagena (Bol\u00edvar)<a href=\"https:\/\/www.fiscalia.gov.co\/colombia\/noticias\/judicializados-presuntos-implicados-en-el-crimen-y-hurto-a-un-comerciante-en-ubate-cundinamarca\/\" target=\"_blank\" rel=\"noopener\"> judicializ\u00f3 a tres hombres<\/a> quienes habr\u00edan hurtado violentamente las pertenencias de varios ciudadanos.<\/p>\n<p>Se trata de Yonis Fl\u00f3rez Corpa, alias El Calvo; y D\u00e1maso Javier Maldonado de \u00c1vila <strong>quienes el pasado 15 de septiembre, en el barrio Boston, intimidaron con arma blanca a un hombre<\/strong> quien se encontraba en la terraza de su casa, en compa\u00f1\u00eda de un ni\u00f1o de dos a\u00f1os. Seg\u00fan se evidenci\u00f3 la intenci\u00f3n de los procesados ser\u00eda apoderarse del celular de la v\u00edctima.<\/p>\n<figure id=\"attachment_324279\" aria-describedby=\"caption-attachment-324279\" style=\"width: 300px\" class=\"wp-caption alignnone\"><img loading=\"lazy\" decoding=\"async\" class=\"size-medium wp-image-324279\" src=\"https:\/\/www.fiscalia.gov.co\/colombia\/wp-content\/uploads\/Foto-1-boletin-22-de-septiembre-hurto--300x169.jpeg\" alt=\"En la fotograf\u00eda est\u00e1n dos hombres morenos, j\u00f3venes, sentados en un escritorio de madera, con micr\u00f3fonos, en el interior de una sala asistiendo a las audiencias de control de garant\u00edas. \" width=\"300\" height=\"169\" srcset=\"https:\/\/www.fiscalia.gov.co\/colombia\/wp-content\/uploads\/Foto-1-boletin-22-de-septiembre-hurto--300x169.jpeg 300w, https:\/\/www.fiscalia.gov.co\/colombia\/wp-content\/uploads\/Foto-1-boletin-22-de-septiembre-hurto--1024x576.jpeg 1024w, https:\/\/www.fiscalia.gov.co\/colombia\/wp-content\/uploads\/Foto-1-boletin-22-de-septiembre-hurto--768x432.jpeg 768w, https:\/\/www.fiscalia.gov.co\/colombia\/wp-content\/uploads\/Foto-1-boletin-22-de-septiembre-hurto--747x420.jpeg 747w, https:\/\/www.fiscalia.gov.co\/colombia\/wp-content\/uploads\/Foto-1-boletin-22-de-septiembre-hurto--696x392.jpeg 696w, https:\/\/www.fiscalia.gov.co\/colombia\/wp-content\/uploads\/Foto-1-boletin-22-de-septiembre-hurto--1068x601.jpeg 1068w, https:\/\/www.fiscalia.gov.co\/colombia\/wp-content\/uploads\/Foto-1-boletin-22-de-septiembre-hurto-.jpeg 1280w\" sizes=\"auto, (max-width: 300px) 100vw, 300px\" \/><figcaption id=\"caption-attachment-324279\" class=\"wp-caption-text\">Yonis Fl\u00f3rez Corpa y D\u00e1maso Javier Maldonado de \u00c1vila, judicializados por la Fiscal\u00eda.<\/figcaption><\/figure>\n<p>Uniformados de la Polic\u00eda fueron alertados de lo sucedido y lograron capturar a los procesados cuando hu\u00edan en una motocicleta.<\/p>\n<p>Por otro hecho fue procesado Duv\u00e1n Alberto S\u00e1nchez Herrera, presunto responsable del atraco ocurrido<strong> el 7 de septiembre en un parque infantil del barrio Blas de Leso<\/strong>. All\u00ed se encontraba una pareja de esposos con su hija de tres a\u00f1os, cuando habr\u00edan sido sorprendidos por el ahora implicado quien con un arma de fuego<a href=\"https:\/\/www.fiscalia.gov.co\/colombia\/noticias\/en-huila-fueron-judicializados-cuatro-hombres-que-habrian-sido-sorprendidos-con-motocicletas-reportadas-como-hurtadas\/\" target=\"_blank\" rel=\"noopener\"> les exigi\u00f3 la entrega<\/a> de sus pertenencias.<\/p>\n<figure id=\"attachment_324281\" aria-describedby=\"caption-attachment-324281\" style=\"width: 295px\" class=\"wp-caption alignnone\"><img loading=\"lazy\" decoding=\"async\" class=\"size-medium wp-image-324281\" src=\"https:\/\/www.fiscalia.gov.co\/colombia\/wp-content\/uploads\/Foto-2-boletin-22-de-septiembre-hurto--295x300.jpeg\" alt=\"En la fotograf\u00eda est\u00e1n dos hombres morenos, j\u00f3venes, sentados en un escritorio de madera, con micr\u00f3fonos, en el interior de una sala asistiendo a las audiencias de control de garant\u00edas.\u00a0\" width=\"295\" height=\"300\" srcset=\"https:\/\/www.fiscalia.gov.co\/colombia\/wp-content\/uploads\/Foto-2-boletin-22-de-septiembre-hurto--295x300.jpeg 295w, https:\/\/www.fiscalia.gov.co\/colombia\/wp-content\/uploads\/Foto-2-boletin-22-de-septiembre-hurto--1007x1024.jpeg 1007w, https:\/\/www.fiscalia.gov.co\/colombia\/wp-content\/uploads\/Foto-2-boletin-22-de-septiembre-hurto--768x781.jpeg 768w, https:\/\/www.fiscalia.gov.co\/colombia\/wp-content\/uploads\/Foto-2-boletin-22-de-septiembre-hurto--413x420.jpeg 413w, https:\/\/www.fiscalia.gov.co\/colombia\/wp-content\/uploads\/Foto-2-boletin-22-de-septiembre-hurto--696x708.jpeg 696w, https:\/\/www.fiscalia.gov.co\/colombia\/wp-content\/uploads\/Foto-2-boletin-22-de-septiembre-hurto--1068x1086.jpeg 1068w, https:\/\/www.fiscalia.gov.co\/colombia\/wp-content\/uploads\/Foto-2-boletin-22-de-septiembre-hurto-.jpeg 1078w\" sizes=\"auto, (max-width: 295px) 100vw, 295px\" \/><figcaption id=\"caption-attachment-324281\" class=\"wp-caption-text\">Duv\u00e1n Alberto S\u00e1nchez Herrera, fue capturado por la Polic\u00eda Nacional en el barrio Blas de Leso.<\/figcaption><\/figure>\n<p>El supuesto atacante huy\u00f3 en una motocicleta. Tras la alerta del robo la polic\u00eda logr\u00f3 detener al ahora procesado.<strong> A S\u00e1nchez Herrera le encontraron en su poder una pistola y cinco cartuchos calibre 9 mm, el celular y las joyas que presuntamente hurt\u00f3. El valor de lo hurtado fue tasado en 10 millones de pesos.<\/strong><\/p>\n<p>Ninguno de los hombres acept\u00f3 los cargos de hurto calificado agravado y fabricaci\u00f3n, tr\u00e1fico, porte o tenencia de armas de fuego, accesorios, partes o municiones.<\/p>\n<p>Por decisi\u00f3n judicial, los tres investigados cumplir\u00e1n medidas de aseguramiento en centros carcelarios.<\/p>\n<p>MEVA\/MAGA\/FP\/RJGD\/DSB<\/p>\n<p>&nbsp;<\/p>\n<p>&nbsp;<\/p>\n<p>&nbsp;<\/p>\n<p>&nbsp;<\/p>\n<p>&nbsp;<\/p>\n<p><i>La informaci\u00f3n contenida en este bolet\u00edn de prensa corresponde a la narraci\u00f3n de los hechos noticiosos objetivos, suministrados por los funcionarios encargados de adelantar las investigaciones penales al interior de la Fiscal\u00eda General de la Naci\u00f3n. Para el momento de la divulgaci\u00f3n de este comunicado, la situaci\u00f3n jur\u00eddica de la(s) persona(s) relacionada(s) se encuentra pendiente de resolver por la autoridad judicial competente, siempre bajo los preceptos de la presunci\u00f3n de inocencia, consagrados en el art\u00edculo 29 de la Constituci\u00f3n Pol\u00edtica y el art\u00edculo 7\u00ba de la Ley 906 de 2004.<\/i><\/p>\n<div><\/div>\n<div><\/div>\n<div><\/div>\n<div aria-hidden=\"true\"><\/div>\n\n<div class=\"twitter-share\"><a href=\"https:\/\/twitter.com\/intent\/tweet?via=fiscaliacol\" class=\"twitter-share-button\">Tweet<\/a><\/div>\n","protected":false},"excerpt":{"rendered":"<p>En hechos independientes, un fiscal de la Unidad de Reacci\u00f3n Inmediata (URI) de Cartagena (Bol\u00edvar) judicializ\u00f3 a tres hombres quienes habr\u00edan hurtado violentamente las pertenencias de varios ciudadanos. Se trata de Yonis Fl\u00f3rez Corpa, alias El Calvo; y D\u00e1maso Javier Maldonado de \u00c1vila quienes el pasado 15 de septiembre, en el barrio Boston, intimidaron con [&hellip;]<\/p>\n","protected":false},"author":181,"featured_media":0,"comment_status":"closed","ping_status":"open","sticky":false,"template":"","format":"standard","meta":{"tdm_status":"","tdm_grid_status":"","footnotes":""},"categories":[1,24099],"tags":[12163,4648,808,14550,23819,24187,1047,35708,30083,23960,14579,1090,558],"class_list":{"0":"post-324278","1":"post","2":"type-post","3":"status-publish","4":"format-standard","6":"category-noticias","7":"category-seguridad-territorial","8":"tag-arma-de-fuego","9":"tag-atraco","10":"tag-capturas","11":"tag-carcel","12":"tag-cartagena","13":"tag-fiscalia-colombia","14":"tag-fiscalia-general-de-la-nacion","15":"tag-flagrancias","16":"tag-huida","17":"tag-hurto","18":"tag-mano-armada","19":"tag-motocicleta","20":"tag-policia-nacional"},"yoast_head":"<!-- This site is optimized with the Yoast SEO plugin v24.3 - https:\/\/yoast.com\/wordpress\/plugins\/seo\/ -->\n<title>Fiscal\u00eda General de la Naci\u00f3n<\/title>\n<meta name=\"description\" content=\"P\u00e1gina oficial de la Fiscal\u00eda General de la Naci\u00f3n \u2013 Colombia. Garantizamos el acceso efectivo a la justicia, la verdad y la reparaci\u00f3n de las v\u00edctimas de los delitos.\" \/>\n<meta name=\"robots\" content=\"noindex, follow\" \/>\n<meta property=\"og:locale\" content=\"es_ES\" \/>\n<meta property=\"og:type\" content=\"article\" \/>\n<meta property=\"og:title\" content=\"Fiscal\u00eda General de la Naci\u00f3n\" \/>\n<meta property=\"og:description\" content=\"P\u00e1gina oficial de la Fiscal\u00eda General de la Naci\u00f3n \u2013 Colombia. Garantizamos el acceso efectivo a la justicia, la verdad y la reparaci\u00f3n de las v\u00edctimas de los delitos.\" \/>\n<meta property=\"og:url\" content=\"https:\/\/www.fiscalia.gov.co\/colombia\/noticias\/envian-a-la-carcel-a-tres-hombres-que-estarian-involucrados-en-hurtos-violentos-en-cartagena\/\" \/>\n<meta property=\"og:site_name\" content=\"Fiscal\u00eda General de la Naci\u00f3n\" \/>\n<meta property=\"article:publisher\" content=\"https:\/\/www.facebook.com\/FiscaliaCol\" \/>\n<meta property=\"article:published_time\" content=\"2025-09-22T19:50:01+00:00\" \/>\n<meta property=\"og:image\" content=\"https:\/\/www.fiscalia.gov.co\/colombia\/wp-content\/uploads\/Foto-1-boletin-22-de-septiembre-hurto-.jpeg\" \/>\n\t<meta property=\"og:image:width\" content=\"1280\" \/>\n\t<meta property=\"og:image:height\" content=\"720\" \/>\n\t<meta property=\"og:image:type\" content=\"image\/jpeg\" \/>\n<meta name=\"author\" content=\"Johanna Islenny Prieto Pe\u00f1a\" \/>\n<meta name=\"twitter:card\" content=\"summary_large_image\" \/>\n<meta name=\"twitter:creator\" content=\"@FiscaliaCol\" \/>\n<meta name=\"twitter:site\" content=\"@FiscaliaCol\" \/>\n<meta name=\"twitter:label1\" content=\"Escrito por\" \/>\n\t<meta name=\"twitter:data1\" content=\"Johanna Islenny Prieto Pe\u00f1a\" \/>\n\t<meta name=\"twitter:label2\" content=\"Tiempo de lectura\" \/>\n\t<meta name=\"twitter:data2\" content=\"3 minutos\" \/>\n<script type=\"application\/ld+json\" class=\"yoast-schema-graph\">{\"@context\":\"https:\/\/schema.org\",\"@graph\":[{\"@type\":\"Article\",\"@id\":\"https:\/\/www.fiscalia.gov.co\/colombia\/noticias\/envian-a-la-carcel-a-tres-hombres-que-estarian-involucrados-en-hurtos-violentos-en-cartagena\/#article\",\"isPartOf\":{\"@id\":\"https:\/\/www.fiscalia.gov.co\/colombia\/noticias\/envian-a-la-carcel-a-tres-hombres-que-estarian-involucrados-en-hurtos-violentos-en-cartagena\/\"},\"author\":{\"name\":\"Johanna Islenny Prieto Pe\u00f1a\",\"@id\":\"https:\/\/www.fiscalia.gov.co\/colombia\/#\/schema\/person\/ba9eca435947489fb25117a0cd75bf3e\"},\"headline\":\"Env\u00edan a la c\u00e1rcel a tres hombres que estar\u00edan involucrados en hurtos violentos en Cartagena\",\"datePublished\":\"2025-09-22T19:50:01+00:00\",\"dateModified\":\"2025-09-22T19:50:01+00:00\",\"mainEntityOfPage\":{\"@id\":\"https:\/\/www.fiscalia.gov.co\/colombia\/noticias\/envian-a-la-carcel-a-tres-hombres-que-estarian-involucrados-en-hurtos-violentos-en-cartagena\/\"},\"wordCount\":465,\"publisher\":{\"@id\":\"https:\/\/www.fiscalia.gov.co\/colombia\/#organization\"},\"image\":{\"@id\":\"https:\/\/www.fiscalia.gov.co\/colombia\/noticias\/envian-a-la-carcel-a-tres-hombres-que-estarian-involucrados-en-hurtos-violentos-en-cartagena\/#primaryimage\"},\"thumbnailUrl\":\"https:\/\/www.fiscalia.gov.co\/colombia\/wp-content\/uploads\/Foto-1-boletin-22-de-septiembre-hurto--300x169.jpeg\",\"keywords\":[\"Arma de fuego\",\"Atraco\",\"Capturas\",\"C\u00e1rcel\",\"Cartagena\",\"Fiscal\u00eda Colombia\",\"Fiscal\u00eda General de la Naci\u00f3n\",\"flagrancias\",\"huida\",\"Hurto\",\"Mano armada\",\"Motocicleta\",\"Polic\u00eda Nacional\"],\"articleSection\":[\"Noticias\",\"Seguridad territorial\"],\"inLanguage\":\"es-CO\"},{\"@type\":\"WebPage\",\"@id\":\"https:\/\/www.fiscalia.gov.co\/colombia\/noticias\/envian-a-la-carcel-a-tres-hombres-que-estarian-involucrados-en-hurtos-violentos-en-cartagena\/\",\"url\":\"https:\/\/www.fiscalia.gov.co\/colombia\/noticias\/envian-a-la-carcel-a-tres-hombres-que-estarian-involucrados-en-hurtos-violentos-en-cartagena\/\",\"name\":\"Fiscal\u00eda General de la Naci\u00f3n\",\"isPartOf\":{\"@id\":\"https:\/\/www.fiscalia.gov.co\/colombia\/#website\"},\"primaryImageOfPage\":{\"@id\":\"https:\/\/www.fiscalia.gov.co\/colombia\/noticias\/envian-a-la-carcel-a-tres-hombres-que-estarian-involucrados-en-hurtos-violentos-en-cartagena\/#primaryimage\"},\"image\":{\"@id\":\"https:\/\/www.fiscalia.gov.co\/colombia\/noticias\/envian-a-la-carcel-a-tres-hombres-que-estarian-involucrados-en-hurtos-violentos-en-cartagena\/#primaryimage\"},\"thumbnailUrl\":\"https:\/\/www.fiscalia.gov.co\/colombia\/wp-content\/uploads\/Foto-1-boletin-22-de-septiembre-hurto--300x169.jpeg\",\"datePublished\":\"2025-09-22T19:50:01+00:00\",\"dateModified\":\"2025-09-22T19:50:01+00:00\",\"description\":\"P\u00e1gina oficial de la Fiscal\u00eda General de la Naci\u00f3n \u2013 Colombia. Garantizamos el acceso efectivo a la justicia, la verdad y la reparaci\u00f3n de las v\u00edctimas de los delitos.\",\"breadcrumb\":{\"@id\":\"https:\/\/www.fiscalia.gov.co\/colombia\/noticias\/envian-a-la-carcel-a-tres-hombres-que-estarian-involucrados-en-hurtos-violentos-en-cartagena\/#breadcrumb\"},\"inLanguage\":\"es-CO\",\"potentialAction\":[{\"@type\":\"ReadAction\",\"target\":[\"https:\/\/www.fiscalia.gov.co\/colombia\/noticias\/envian-a-la-carcel-a-tres-hombres-que-estarian-involucrados-en-hurtos-violentos-en-cartagena\/\"]}]},{\"@type\":\"ImageObject\",\"inLanguage\":\"es-CO\",\"@id\":\"https:\/\/www.fiscalia.gov.co\/colombia\/noticias\/envian-a-la-carcel-a-tres-hombres-que-estarian-involucrados-en-hurtos-violentos-en-cartagena\/#primaryimage\",\"url\":\"https:\/\/www.fiscalia.gov.co\/colombia\/wp-content\/uploads\/Foto-1-boletin-22-de-septiembre-hurto-.jpeg\",\"contentUrl\":\"https:\/\/www.fiscalia.gov.co\/colombia\/wp-content\/uploads\/Foto-1-boletin-22-de-septiembre-hurto-.jpeg\",\"width\":1280,\"height\":720,\"caption\":\"Yonis Fl\u00f3rez Corpa y D\u00e1maso Javier Maldonado de \u00c1vila, judicializados por la Fiscal\u00eda.\u00a0\"},{\"@type\":\"BreadcrumbList\",\"@id\":\"https:\/\/www.fiscalia.gov.co\/colombia\/noticias\/envian-a-la-carcel-a-tres-hombres-que-estarian-involucrados-en-hurtos-violentos-en-cartagena\/#breadcrumb\",\"itemListElement\":[{\"@type\":\"ListItem\",\"position\":1,\"name\":\"Home\",\"item\":\"https:\/\/www.fiscalia.gov.co\/colombia\/\"},{\"@type\":\"ListItem\",\"position\":2,\"name\":\"Env\u00edan a la c\u00e1rcel a tres hombres que estar\u00edan involucrados en hurtos violentos en Cartagena\"}]},{\"@type\":\"WebSite\",\"@id\":\"https:\/\/www.fiscalia.gov.co\/colombia\/#website\",\"url\":\"https:\/\/www.fiscalia.gov.co\/colombia\/\",\"name\":\"Fiscal\u00eda General de la Naci\u00f3n\",\"description\":\"P\u00e1gina oficial de la Fiscal\u00eda General de la Naci\u00f3n \u2013 Colombia. Garantizamos el acceso efectivo a la justicia, la verdad y la reparaci\u00f3n de las v\u00edctimas de los delitos.\",\"publisher\":{\"@id\":\"https:\/\/www.fiscalia.gov.co\/colombia\/#organization\"},\"potentialAction\":[{\"@type\":\"SearchAction\",\"target\":{\"@type\":\"EntryPoint\",\"urlTemplate\":\"https:\/\/www.fiscalia.gov.co\/colombia\/?s={search_term_string}\"},\"query-input\":{\"@type\":\"PropertyValueSpecification\",\"valueRequired\":true,\"valueName\":\"search_term_string\"}}],\"inLanguage\":\"es-CO\"},{\"@type\":\"Organization\",\"@id\":\"https:\/\/www.fiscalia.gov.co\/colombia\/#organization\",\"name\":\"Fiscal\u00eda General de la Naci\u00f3n\",\"url\":\"https:\/\/www.fiscalia.gov.co\/colombia\/\",\"logo\":{\"@type\":\"ImageObject\",\"inLanguage\":\"es-CO\",\"@id\":\"https:\/\/www.fiscalia.gov.co\/colombia\/#\/schema\/logo\/image\/\",\"url\":\"https:\/\/www.fiscalia.gov.co\/colombia\/wp-content\/uploads\/LogoHorizontal_1.jpg\",\"contentUrl\":\"https:\/\/www.fiscalia.gov.co\/colombia\/wp-content\/uploads\/LogoHorizontal_1.jpg\",\"width\":300,\"height\":90,\"caption\":\"Fiscal\u00eda General de la Naci\u00f3n\"},\"image\":{\"@id\":\"https:\/\/www.fiscalia.gov.co\/colombia\/#\/schema\/logo\/image\/\"},\"sameAs\":[\"https:\/\/www.facebook.com\/FiscaliaCol\",\"https:\/\/x.com\/FiscaliaCol\",\"https:\/\/www.instagram.com\/fiscaliacol\",\"https:\/\/www.linkedin.com\/company\/fiscalia-general-de-la-naci-n\/\",\"https:\/\/youtube.com\/@fiscaliageneraldelanacion-4668?si=6nN79nyQICPU5iTh\"]},{\"@type\":\"Person\",\"@id\":\"https:\/\/www.fiscalia.gov.co\/colombia\/#\/schema\/person\/ba9eca435947489fb25117a0cd75bf3e\",\"name\":\"Johanna Islenny Prieto Pe\u00f1a\",\"image\":{\"@type\":\"ImageObject\",\"inLanguage\":\"es-CO\",\"@id\":\"https:\/\/www.fiscalia.gov.co\/colombia\/#\/schema\/person\/image\/\",\"url\":\"https:\/\/secure.gravatar.com\/avatar\/111433fc2acb037ffb768f6a3ca47864?s=96&d=mm&r=g\",\"contentUrl\":\"https:\/\/secure.gravatar.com\/avatar\/111433fc2acb037ffb768f6a3ca47864?s=96&d=mm&r=g\",\"caption\":\"Johanna Islenny Prieto Pe\u00f1a\"},\"url\":\"https:\/\/www.fiscalia.gov.co\/colombia\/author\/jprietop\/\"}]}<\/script>\n<!-- \/ Yoast SEO plugin. -->","yoast_head_json":{"title":"Fiscal\u00eda General de la Naci\u00f3n","description":"P\u00e1gina oficial de la Fiscal\u00eda General de la Naci\u00f3n \u2013 Colombia. Garantizamos el acceso efectivo a la justicia, la verdad y la reparaci\u00f3n de las v\u00edctimas de los delitos.","robots":{"index":"noindex","follow":"follow"},"og_locale":"es_ES","og_type":"article","og_title":"Fiscal\u00eda General de la Naci\u00f3n","og_description":"P\u00e1gina oficial de la Fiscal\u00eda General de la Naci\u00f3n \u2013 Colombia. Garantizamos el acceso efectivo a la justicia, la verdad y la reparaci\u00f3n de las v\u00edctimas de los delitos.","og_url":"https:\/\/www.fiscalia.gov.co\/colombia\/noticias\/envian-a-la-carcel-a-tres-hombres-que-estarian-involucrados-en-hurtos-violentos-en-cartagena\/","og_site_name":"Fiscal\u00eda General de la Naci\u00f3n","article_publisher":"https:\/\/www.facebook.com\/FiscaliaCol","article_published_time":"2025-09-22T19:50:01+00:00","og_image":[{"width":1280,"height":720,"url":"https:\/\/www.fiscalia.gov.co\/colombia\/wp-content\/uploads\/Foto-1-boletin-22-de-septiembre-hurto-.jpeg","type":"image\/jpeg"}],"author":"Johanna Islenny Prieto Pe\u00f1a","twitter_card":"summary_large_image","twitter_creator":"@FiscaliaCol","twitter_site":"@FiscaliaCol","twitter_misc":{"Escrito por":"Johanna Islenny Prieto Pe\u00f1a","Tiempo de lectura":"3 minutos"},"schema":{"@context":"https:\/\/schema.org","@graph":[{"@type":"Article","@id":"https:\/\/www.fiscalia.gov.co\/colombia\/noticias\/envian-a-la-carcel-a-tres-hombres-que-estarian-involucrados-en-hurtos-violentos-en-cartagena\/#article","isPartOf":{"@id":"https:\/\/www.fiscalia.gov.co\/colombia\/noticias\/envian-a-la-carcel-a-tres-hombres-que-estarian-involucrados-en-hurtos-violentos-en-cartagena\/"},"author":{"name":"Johanna Islenny Prieto Pe\u00f1a","@id":"https:\/\/www.fiscalia.gov.co\/colombia\/#\/schema\/person\/ba9eca435947489fb25117a0cd75bf3e"},"headline":"Env\u00edan a la c\u00e1rcel a tres hombres que estar\u00edan involucrados en hurtos violentos en Cartagena","datePublished":"2025-09-22T19:50:01+00:00","dateModified":"2025-09-22T19:50:01+00:00","mainEntityOfPage":{"@id":"https:\/\/www.fiscalia.gov.co\/colombia\/noticias\/envian-a-la-carcel-a-tres-hombres-que-estarian-involucrados-en-hurtos-violentos-en-cartagena\/"},"wordCount":465,"publisher":{"@id":"https:\/\/www.fiscalia.gov.co\/colombia\/#organization"},"image":{"@id":"https:\/\/www.fiscalia.gov.co\/colombia\/noticias\/envian-a-la-carcel-a-tres-hombres-que-estarian-involucrados-en-hurtos-violentos-en-cartagena\/#primaryimage"},"thumbnailUrl":"https:\/\/www.fiscalia.gov.co\/colombia\/wp-content\/uploads\/Foto-1-boletin-22-de-septiembre-hurto--300x169.jpeg","keywords":["Arma de fuego","Atraco","Capturas","C\u00e1rcel","Cartagena","Fiscal\u00eda Colombia","Fiscal\u00eda General de la Naci\u00f3n","flagrancias","huida","Hurto","Mano armada","Motocicleta","Polic\u00eda Nacional"],"articleSection":["Noticias","Seguridad territorial"],"inLanguage":"es-CO"},{"@type":"WebPage","@id":"https:\/\/www.fiscalia.gov.co\/colombia\/noticias\/envian-a-la-carcel-a-tres-hombres-que-estarian-involucrados-en-hurtos-violentos-en-cartagena\/","url":"https:\/\/www.fiscalia.gov.co\/colombia\/noticias\/envian-a-la-carcel-a-tres-hombres-que-estarian-involucrados-en-hurtos-violentos-en-cartagena\/","name":"Fiscal\u00eda General de la Naci\u00f3n","isPartOf":{"@id":"https:\/\/www.fiscalia.gov.co\/colombia\/#website"},"primaryImageOfPage":{"@id":"https:\/\/www.fiscalia.gov.co\/colombia\/noticias\/envian-a-la-carcel-a-tres-hombres-que-estarian-involucrados-en-hurtos-violentos-en-cartagena\/#primaryimage"},"image":{"@id":"https:\/\/www.fiscalia.gov.co\/colombia\/noticias\/envian-a-la-carcel-a-tres-hombres-que-estarian-involucrados-en-hurtos-violentos-en-cartagena\/#primaryimage"},"thumbnailUrl":"https:\/\/www.fiscalia.gov.co\/colombia\/wp-content\/uploads\/Foto-1-boletin-22-de-septiembre-hurto--300x169.jpeg","datePublished":"2025-09-22T19:50:01+00:00","dateModified":"2025-09-22T19:50:01+00:00","description":"P\u00e1gina oficial de la Fiscal\u00eda General de la Naci\u00f3n \u2013 Colombia. Garantizamos el acceso efectivo a la justicia, la verdad y la reparaci\u00f3n de las v\u00edctimas de los delitos.","breadcrumb":{"@id":"https:\/\/www.fiscalia.gov.co\/colombia\/noticias\/envian-a-la-carcel-a-tres-hombres-que-estarian-involucrados-en-hurtos-violentos-en-cartagena\/#breadcrumb"},"inLanguage":"es-CO","potentialAction":[{"@type":"ReadAction","target":["https:\/\/www.fiscalia.gov.co\/colombia\/noticias\/envian-a-la-carcel-a-tres-hombres-que-estarian-involucrados-en-hurtos-violentos-en-cartagena\/"]}]},{"@type":"ImageObject","inLanguage":"es-CO","@id":"https:\/\/www.fiscalia.gov.co\/colombia\/noticias\/envian-a-la-carcel-a-tres-hombres-que-estarian-involucrados-en-hurtos-violentos-en-cartagena\/#primaryimage","url":"https:\/\/www.fiscalia.gov.co\/colombia\/wp-content\/uploads\/Foto-1-boletin-22-de-septiembre-hurto-.jpeg","contentUrl":"https:\/\/www.fiscalia.gov.co\/colombia\/wp-content\/uploads\/Foto-1-boletin-22-de-septiembre-hurto-.jpeg","width":1280,"height":720,"caption":"Yonis Fl\u00f3rez Corpa y D\u00e1maso Javier Maldonado de \u00c1vila, judicializados por la Fiscal\u00eda.\u00a0"},{"@type":"BreadcrumbList","@id":"https:\/\/www.fiscalia.gov.co\/colombia\/noticias\/envian-a-la-carcel-a-tres-hombres-que-estarian-involucrados-en-hurtos-violentos-en-cartagena\/#breadcrumb","itemListElement":[{"@type":"ListItem","position":1,"name":"Home","item":"https:\/\/www.fiscalia.gov.co\/colombia\/"},{"@type":"ListItem","position":2,"name":"Env\u00edan a la c\u00e1rcel a tres hombres que estar\u00edan involucrados en hurtos violentos en Cartagena"}]},{"@type":"WebSite","@id":"https:\/\/www.fiscalia.gov.co\/colombia\/#website","url":"https:\/\/www.fiscalia.gov.co\/colombia\/","name":"Fiscal\u00eda General de la Naci\u00f3n","description":"P\u00e1gina oficial de la Fiscal\u00eda General de la Naci\u00f3n \u2013 Colombia. Garantizamos el acceso efectivo a la justicia, la verdad y la reparaci\u00f3n de las v\u00edctimas de los delitos.","publisher":{"@id":"https:\/\/www.fiscalia.gov.co\/colombia\/#organization"},"potentialAction":[{"@type":"SearchAction","target":{"@type":"EntryPoint","urlTemplate":"https:\/\/www.fiscalia.gov.co\/colombia\/?s={search_term_string}"},"query-input":{"@type":"PropertyValueSpecification","valueRequired":true,"valueName":"search_term_string"}}],"inLanguage":"es-CO"},{"@type":"Organization","@id":"https:\/\/www.fiscalia.gov.co\/colombia\/#organization","name":"Fiscal\u00eda General de la Naci\u00f3n","url":"https:\/\/www.fiscalia.gov.co\/colombia\/","logo":{"@type":"ImageObject","inLanguage":"es-CO","@id":"https:\/\/www.fiscalia.gov.co\/colombia\/#\/schema\/logo\/image\/","url":"https:\/\/www.fiscalia.gov.co\/colombia\/wp-content\/uploads\/LogoHorizontal_1.jpg","contentUrl":"https:\/\/www.fiscalia.gov.co\/colombia\/wp-content\/uploads\/LogoHorizontal_1.jpg","width":300,"height":90,"caption":"Fiscal\u00eda General de la Naci\u00f3n"},"image":{"@id":"https:\/\/www.fiscalia.gov.co\/colombia\/#\/schema\/logo\/image\/"},"sameAs":["https:\/\/www.facebook.com\/FiscaliaCol","https:\/\/x.com\/FiscaliaCol","https:\/\/www.instagram.com\/fiscaliacol","https:\/\/www.linkedin.com\/company\/fiscalia-general-de-la-naci-n\/","https:\/\/youtube.com\/@fiscaliageneraldelanacion-4668?si=6nN79nyQICPU5iTh"]},{"@type":"Person","@id":"https:\/\/www.fiscalia.gov.co\/colombia\/#\/schema\/person\/ba9eca435947489fb25117a0cd75bf3e","name":"Johanna Islenny Prieto Pe\u00f1a","image":{"@type":"ImageObject","inLanguage":"es-CO","@id":"https:\/\/www.fiscalia.gov.co\/colombia\/#\/schema\/person\/image\/","url":"https:\/\/secure.gravatar.com\/avatar\/111433fc2acb037ffb768f6a3ca47864?s=96&d=mm&r=g","contentUrl":"https:\/\/secure.gravatar.com\/avatar\/111433fc2acb037ffb768f6a3ca47864?s=96&d=mm&r=g","caption":"Johanna Islenny Prieto Pe\u00f1a"},"url":"https:\/\/www.fiscalia.gov.co\/colombia\/author\/jprietop\/"}]}},"_links":{"self":[{"href":"https:\/\/www.fiscalia.gov.co\/colombia\/wp-json\/wp\/v2\/posts\/324278","targetHints":{"allow":["GET"]}}],"collection":[{"href":"https:\/\/www.fiscalia.gov.co\/colombia\/wp-json\/wp\/v2\/posts"}],"about":[{"href":"https:\/\/www.fiscalia.gov.co\/colombia\/wp-json\/wp\/v2\/types\/post"}],"author":[{"embeddable":true,"href":"https:\/\/www.fiscalia.gov.co\/colombia\/wp-json\/wp\/v2\/users\/181"}],"replies":[{"embeddable":true,"href":"https:\/\/www.fiscalia.gov.co\/colombia\/wp-json\/wp\/v2\/comments?post=324278"}],"version-history":[{"count":1,"href":"https:\/\/www.fiscalia.gov.co\/colombia\/wp-json\/wp\/v2\/posts\/324278\/revisions"}],"predecessor-version":[{"id":324283,"href":"https:\/\/www.fiscalia.gov.co\/colombia\/wp-json\/wp\/v2\/posts\/324278\/revisions\/324283"}],"wp:attachment":[{"href":"https:\/\/www.fiscalia.gov.co\/colombia\/wp-json\/wp\/v2\/media?parent=324278"}],"wp:term":[{"taxonomy":"category","embeddable":true,"href":"https:\/\/www.fiscalia.gov.co\/colombia\/wp-json\/wp\/v2\/categories?post=324278"},{"taxonomy":"post_tag","embeddable":true,"href":"https:\/\/www.fiscalia.gov.co\/colombia\/wp-json\/wp\/v2\/tags?post=324278"}],"curies":[{"name":"wp","href":"https:\/\/api.w.org\/{rel}","templated":true}]}}