{"id":324256,"date":"2025-09-22T10:30:10","date_gmt":"2025-09-22T15:30:10","guid":{"rendered":"https:\/\/www.fiscalia.gov.co\/colombia\/?p=324256"},"modified":"2025-09-22T10:30:10","modified_gmt":"2025-09-22T15:30:10","slug":"responsables-del-crimen-del-dueno-de-una-empresa-dedicada-a-la-fabricacion-de-arepas-y-su-mayordomo-fueron-condenados-a-mas-de-36-anos-de-prision","status":"publish","type":"post","link":"https:\/\/www.fiscalia.gov.co\/colombia\/noticias\/responsables-del-crimen-del-dueno-de-una-empresa-dedicada-a-la-fabricacion-de-arepas-y-su-mayordomo-fueron-condenados-a-mas-de-36-anos-de-prision\/","title":{"rendered":"Responsables del crimen del due\u00f1o de una empresa dedicada a la fabricaci\u00f3n de arepas y su mayordomo fueron condenados a m\u00e1s de 36 a\u00f1os de prisi\u00f3n\u00a0"},"content":{"rendered":"<blockquote>\n<h4><i><span data-contrast=\"none\">Los dos sentenciados participaron en la planeaci\u00f3n y ejecuci\u00f3n del homicidio ocurrido en Guaduas (Cundinamarca).<\/span><\/i><span data-ccp-props=\"{&quot;201341983&quot;:0,&quot;335551550&quot;:6,&quot;335551620&quot;:6,&quot;335559685&quot;:142,&quot;335559739&quot;:240,&quot;335559740&quot;:240}\">\u00a0<\/span><\/h4>\n<\/blockquote>\n<p><span data-contrast=\"none\">Johan Daniel Pinz\u00f3n D\u00edaz y Sergio Alejandro G\u00f3mez Quintero <\/span><span data-contrast=\"auto\">aceptaron mediante preacuerdo suscrito con la <strong>Fiscal\u00eda General de la Naci\u00f3n su responsabilidad en el crimen de<\/strong><\/span><span data-contrast=\"none\"><strong> Luis Alfonso Valencia,<\/strong> due\u00f1o de una empresa dedicada <\/span><span data-contrast=\"auto\">a la fabricaci\u00f3n y distribuci\u00f3n de arepas; y su mayordomo, <\/span><span data-contrast=\"none\">Dar\u00edo L\u00f3pez Herrera, perpetrado el 11 de noviembre de 2024, en una finca de Guaduas (Cundinamarca).<\/span><span data-ccp-props=\"{&quot;201341983&quot;:0,&quot;335551550&quot;:6,&quot;335551620&quot;:6,&quot;335559685&quot;:142,&quot;335559739&quot;:240,&quot;335559740&quot;:240}\">\u00a0<\/span><\/p>\n<figure id=\"attachment_324257\" aria-describedby=\"caption-attachment-324257\" style=\"width: 300px\" class=\"wp-caption alignnone\"><img loading=\"lazy\" decoding=\"async\" class=\"size-medium wp-image-324257\" src=\"https:\/\/www.fiscalia.gov.co\/colombia\/wp-content\/uploads\/WhatsApp-Image-2025-09-22-at-10.22.44-AM-300x169.jpeg\" alt=\"La imagen muestra a tres agentes de polic\u00eda vestidos con chaquetas reflectivas de color amarillo ne\u00f3n y gorras negras con la palabra \u201cPolic\u00eda\u201d. Est\u00e1n acompa\u00f1ando a un hombre vestido con camiseta blanca, quien parece estar bajo custodia. Uno de los polic\u00edas sostiene unos documentos y parece estar ley\u00e9ndolos o explic\u00e1ndolos al detenido.En la parte superior derecha de la imagen se observan dos logotipos institucionales: el de la Polic\u00eda Nacional de Colombia y el de la Fiscal\u00eda General de la Naci\u00f3n. Abajo, en letras peque\u00f1as, aparece un texto que dice: \u201cInsumo de comunicaci\u00f3n con fines period\u00edsticos\u201d.\" width=\"300\" height=\"169\" srcset=\"https:\/\/www.fiscalia.gov.co\/colombia\/wp-content\/uploads\/WhatsApp-Image-2025-09-22-at-10.22.44-AM-300x169.jpeg 300w, https:\/\/www.fiscalia.gov.co\/colombia\/wp-content\/uploads\/WhatsApp-Image-2025-09-22-at-10.22.44-AM-1024x576.jpeg 1024w, https:\/\/www.fiscalia.gov.co\/colombia\/wp-content\/uploads\/WhatsApp-Image-2025-09-22-at-10.22.44-AM-768x432.jpeg 768w, https:\/\/www.fiscalia.gov.co\/colombia\/wp-content\/uploads\/WhatsApp-Image-2025-09-22-at-10.22.44-AM-1536x864.jpeg 1536w, https:\/\/www.fiscalia.gov.co\/colombia\/wp-content\/uploads\/WhatsApp-Image-2025-09-22-at-10.22.44-AM-747x420.jpeg 747w, https:\/\/www.fiscalia.gov.co\/colombia\/wp-content\/uploads\/WhatsApp-Image-2025-09-22-at-10.22.44-AM-696x392.jpeg 696w, https:\/\/www.fiscalia.gov.co\/colombia\/wp-content\/uploads\/WhatsApp-Image-2025-09-22-at-10.22.44-AM-1068x601.jpeg 1068w, https:\/\/www.fiscalia.gov.co\/colombia\/wp-content\/uploads\/WhatsApp-Image-2025-09-22-at-10.22.44-AM.jpeg 1600w\" sizes=\"auto, (max-width: 300px) 100vw, 300px\" \/><figcaption id=\"caption-attachment-324257\" class=\"wp-caption-text\">Imagen del d\u00eda de la captura de Yohan Alexander Pinz\u00f3n, en febrero de 2025.<\/figcaption><\/figure>\n<p><span data-contrast=\"none\">Luego de avalar la negociaci\u00f3n judicial, un juez penal de conocimiento los conden\u00f3 por los delitos de homicidio y<strong> hurto calificado, ambas conductas agravadas; secuestro simple y fabricaci\u00f3n, tr\u00e1fico<\/strong> y porte de armas de fuego o municiones.<\/span><span data-ccp-props=\"{&quot;201341983&quot;:0,&quot;335551550&quot;:6,&quot;335551620&quot;:6,&quot;335559685&quot;:142,&quot;335559739&quot;:240,&quot;335559740&quot;:240}\">\u00a0<\/span><\/p>\n<p><span data-contrast=\"none\">En ese sentido, Pinz\u00f3n D\u00edaz deber\u00e1 cumplir una pena de 36 a\u00f1os de prisi\u00f3n; mientras que G\u00f3mez Quintero fue sentenciado a 36 a\u00f1os y 8 meses de prisi\u00f3n.\u00a0<\/span><span data-ccp-props=\"{&quot;201341983&quot;:0,&quot;335551550&quot;:6,&quot;335551620&quot;:6,&quot;335559685&quot;:142,&quot;335559739&quot;:240,&quot;335559740&quot;:240}\">\u00a0<\/span><\/p>\n<p><span data-contrast=\"none\">Las pruebas recopiladas por un fiscal de la Seccional Cundinamarca permitieron conocer que <strong>Pinz\u00f3n D\u00edaz, quien se desempe\u00f1aba como trabajador de la finca del empresario, suministr\u00f3 informaci\u00f3n sobre los objetos de valor que estaban en el inmueble<\/strong> para que un grupo delincuencial ejecutara el hurto.\u00a0<\/span><span data-ccp-props=\"{&quot;201341983&quot;:0,&quot;335551550&quot;:6,&quot;335551620&quot;:6,&quot;335559685&quot;:142,&quot;335559739&quot;:240,&quot;335559740&quot;:240}\">\u00a0<\/span><\/p>\n<p><span data-contrast=\"none\"><strong>Entre tanto, G\u00f3mez Quintero fue uno de los hombres armados que ingres\u00f3 al lugar de los hechos, amordaz\u00f3 a las v\u00edctimas<\/strong>, las puso en estado de indefensi\u00f3n y les dispar\u00f3 hasta causarles la muerte. Posteriormente, escap\u00f3 en un veh\u00edculo llev\u00e1ndose varios art\u00edculos.<\/span><span data-ccp-props=\"{&quot;201341983&quot;:0,&quot;335551550&quot;:6,&quot;335551620&quot;:6,&quot;335559685&quot;:142,&quot;335559739&quot;:240,&quot;335559740&quot;:240}\">\u00a0<\/span><\/p>\n<p><span data-contrast=\"none\">Estas dos personas fueron capturadas y judicializadas el pasado mes de febrero. Desde entonces permanecen privadas de la libertad en un establecimiento carcelario.<\/span><span data-ccp-props=\"{&quot;201341983&quot;:0,&quot;335551550&quot;:6,&quot;335551620&quot;:6,&quot;335559685&quot;:142,&quot;335559739&quot;:240,&quot;335559740&quot;:240}\">\u00a0<\/span><\/p>\n<p><span data-contrast=\"none\">ALGO\/AMCJ\/JARG\/JCMR\/FSC\/<\/span><span data-ccp-props=\"{&quot;201341983&quot;:0,&quot;335551550&quot;:6,&quot;335551620&quot;:6,&quot;335559685&quot;:141,&quot;335559739&quot;:240,&quot;335559740&quot;:240}\">\u00a0<\/span><\/p>\n<p>&nbsp;<\/p>\n<p>&nbsp;<\/p>\n<p>&nbsp;<\/p>\n<p>&nbsp;<\/p>\n<p>&nbsp;<\/p>\n<p><em>La informaci\u00f3n contenida en este bolet\u00edn de prensa corresponde a la narraci\u00f3n de los hechos noticiosos objetivos, suministrados por los funcionarios encargados de adelantar las investigaciones penales al interior de la Fiscal\u00eda General de la Naci\u00f3n. Para el momento de la divulgaci\u00f3n de este comunicado, la situaci\u00f3n jur\u00eddica de la(s) persona(s) relacionada(s) se encuentra pendiente de resolver por la autoridad judicial competente, siempre bajo los preceptos de la presunci\u00f3n de inocencia, consagrados en el art\u00edculo 29 de la Constituci\u00f3n Pol\u00edtica y el art\u00edculo 7\u00ba de la Ley 906 de 2004.<\/em><\/p>\n\n<div class=\"twitter-share\"><a href=\"https:\/\/twitter.com\/intent\/tweet?via=fiscaliacol\" class=\"twitter-share-button\">Tweet<\/a><\/div>\n","protected":false},"excerpt":{"rendered":"<p>Los dos sentenciados participaron en la planeaci\u00f3n y ejecuci\u00f3n del homicidio ocurrido en Guaduas (Cundinamarca).\u00a0 Johan Daniel Pinz\u00f3n D\u00edaz y Sergio Alejandro G\u00f3mez Quintero aceptaron mediante preacuerdo suscrito con la Fiscal\u00eda General de la Naci\u00f3n su responsabilidad en el crimen de Luis Alfonso Valencia, due\u00f1o de una empresa dedicada a la fabricaci\u00f3n y distribuci\u00f3n de [&hellip;]<\/p>\n","protected":false},"author":181,"featured_media":0,"comment_status":"closed","ping_status":"open","sticky":false,"template":"","format":"standard","meta":{"tdm_status":"","tdm_grid_status":"","footnotes":""},"categories":[1,24099],"tags":[12184,37492,4614,1047],"class_list":{"0":"post-324256","1":"post","2":"type-post","3":"status-publish","4":"format-standard","6":"category-noticias","7":"category-seguridad-territorial","8":"tag-fiscal","9":"tag-fiscal-luz-adriana-camargo","10":"tag-fiscalia-2","11":"tag-fiscalia-general-de-la-nacion"},"yoast_head":"<!-- This site is optimized with the Yoast SEO plugin v24.3 - https:\/\/yoast.com\/wordpress\/plugins\/seo\/ -->\n<title>Fiscal\u00eda General de la Naci\u00f3n<\/title>\n<meta name=\"description\" content=\"P\u00e1gina oficial de la Fiscal\u00eda General de la Naci\u00f3n \u2013 Colombia. Garantizamos el acceso efectivo a la justicia, la verdad y la reparaci\u00f3n de las v\u00edctimas de los delitos.\" \/>\n<meta name=\"robots\" content=\"noindex, follow\" \/>\n<meta property=\"og:locale\" content=\"es_ES\" \/>\n<meta property=\"og:type\" content=\"article\" \/>\n<meta property=\"og:title\" content=\"Fiscal\u00eda General de la Naci\u00f3n\" \/>\n<meta property=\"og:description\" content=\"P\u00e1gina oficial de la Fiscal\u00eda General de la Naci\u00f3n \u2013 Colombia. Garantizamos el acceso efectivo a la justicia, la verdad y la reparaci\u00f3n de las v\u00edctimas de los delitos.\" \/>\n<meta property=\"og:url\" content=\"https:\/\/www.fiscalia.gov.co\/colombia\/noticias\/responsables-del-crimen-del-dueno-de-una-empresa-dedicada-a-la-fabricacion-de-arepas-y-su-mayordomo-fueron-condenados-a-mas-de-36-anos-de-prision\/\" \/>\n<meta property=\"og:site_name\" content=\"Fiscal\u00eda General de la Naci\u00f3n\" \/>\n<meta property=\"article:publisher\" content=\"https:\/\/www.facebook.com\/FiscaliaCol\" \/>\n<meta property=\"article:published_time\" content=\"2025-09-22T15:30:10+00:00\" \/>\n<meta property=\"og:image\" content=\"https:\/\/www.fiscalia.gov.co\/colombia\/wp-content\/uploads\/WhatsApp-Image-2025-09-22-at-10.22.44-AM.jpeg\" \/>\n\t<meta property=\"og:image:width\" content=\"1600\" \/>\n\t<meta property=\"og:image:height\" content=\"900\" \/>\n\t<meta property=\"og:image:type\" content=\"image\/jpeg\" \/>\n<meta name=\"author\" content=\"Johanna Islenny Prieto Pe\u00f1a\" \/>\n<meta name=\"twitter:card\" content=\"summary_large_image\" \/>\n<meta name=\"twitter:creator\" content=\"@FiscaliaCol\" \/>\n<meta name=\"twitter:site\" content=\"@FiscaliaCol\" \/>\n<meta name=\"twitter:label1\" content=\"Escrito por\" \/>\n\t<meta name=\"twitter:data1\" content=\"Johanna Islenny Prieto Pe\u00f1a\" \/>\n\t<meta name=\"twitter:label2\" content=\"Tiempo de lectura\" \/>\n\t<meta name=\"twitter:data2\" content=\"2 minutos\" \/>\n<script type=\"application\/ld+json\" class=\"yoast-schema-graph\">{\"@context\":\"https:\/\/schema.org\",\"@graph\":[{\"@type\":\"Article\",\"@id\":\"https:\/\/www.fiscalia.gov.co\/colombia\/noticias\/responsables-del-crimen-del-dueno-de-una-empresa-dedicada-a-la-fabricacion-de-arepas-y-su-mayordomo-fueron-condenados-a-mas-de-36-anos-de-prision\/#article\",\"isPartOf\":{\"@id\":\"https:\/\/www.fiscalia.gov.co\/colombia\/noticias\/responsables-del-crimen-del-dueno-de-una-empresa-dedicada-a-la-fabricacion-de-arepas-y-su-mayordomo-fueron-condenados-a-mas-de-36-anos-de-prision\/\"},\"author\":{\"name\":\"Johanna Islenny Prieto Pe\u00f1a\",\"@id\":\"https:\/\/www.fiscalia.gov.co\/colombia\/#\/schema\/person\/ba9eca435947489fb25117a0cd75bf3e\"},\"headline\":\"Responsables del crimen del due\u00f1o de una empresa dedicada a la fabricaci\u00f3n de arepas y su mayordomo fueron condenados a m\u00e1s de 36 a\u00f1os de prisi\u00f3n\u00a0\",\"datePublished\":\"2025-09-22T15:30:10+00:00\",\"dateModified\":\"2025-09-22T15:30:10+00:00\",\"mainEntityOfPage\":{\"@id\":\"https:\/\/www.fiscalia.gov.co\/colombia\/noticias\/responsables-del-crimen-del-dueno-de-una-empresa-dedicada-a-la-fabricacion-de-arepas-y-su-mayordomo-fueron-condenados-a-mas-de-36-anos-de-prision\/\"},\"wordCount\":441,\"publisher\":{\"@id\":\"https:\/\/www.fiscalia.gov.co\/colombia\/#organization\"},\"image\":{\"@id\":\"https:\/\/www.fiscalia.gov.co\/colombia\/noticias\/responsables-del-crimen-del-dueno-de-una-empresa-dedicada-a-la-fabricacion-de-arepas-y-su-mayordomo-fueron-condenados-a-mas-de-36-anos-de-prision\/#primaryimage\"},\"thumbnailUrl\":\"https:\/\/www.fiscalia.gov.co\/colombia\/wp-content\/uploads\/WhatsApp-Image-2025-09-22-at-10.22.44-AM-300x169.jpeg\",\"keywords\":[\"Fiscal\",\"Fiscal Luz Adriana Camargo\",\"Fiscal\u00eda\",\"Fiscal\u00eda General de la Naci\u00f3n\"],\"articleSection\":[\"Noticias\",\"Seguridad territorial\"],\"inLanguage\":\"es-CO\"},{\"@type\":\"WebPage\",\"@id\":\"https:\/\/www.fiscalia.gov.co\/colombia\/noticias\/responsables-del-crimen-del-dueno-de-una-empresa-dedicada-a-la-fabricacion-de-arepas-y-su-mayordomo-fueron-condenados-a-mas-de-36-anos-de-prision\/\",\"url\":\"https:\/\/www.fiscalia.gov.co\/colombia\/noticias\/responsables-del-crimen-del-dueno-de-una-empresa-dedicada-a-la-fabricacion-de-arepas-y-su-mayordomo-fueron-condenados-a-mas-de-36-anos-de-prision\/\",\"name\":\"Fiscal\u00eda General de la Naci\u00f3n\",\"isPartOf\":{\"@id\":\"https:\/\/www.fiscalia.gov.co\/colombia\/#website\"},\"primaryImageOfPage\":{\"@id\":\"https:\/\/www.fiscalia.gov.co\/colombia\/noticias\/responsables-del-crimen-del-dueno-de-una-empresa-dedicada-a-la-fabricacion-de-arepas-y-su-mayordomo-fueron-condenados-a-mas-de-36-anos-de-prision\/#primaryimage\"},\"image\":{\"@id\":\"https:\/\/www.fiscalia.gov.co\/colombia\/noticias\/responsables-del-crimen-del-dueno-de-una-empresa-dedicada-a-la-fabricacion-de-arepas-y-su-mayordomo-fueron-condenados-a-mas-de-36-anos-de-prision\/#primaryimage\"},\"thumbnailUrl\":\"https:\/\/www.fiscalia.gov.co\/colombia\/wp-content\/uploads\/WhatsApp-Image-2025-09-22-at-10.22.44-AM-300x169.jpeg\",\"datePublished\":\"2025-09-22T15:30:10+00:00\",\"dateModified\":\"2025-09-22T15:30:10+00:00\",\"description\":\"P\u00e1gina oficial de la Fiscal\u00eda General de la Naci\u00f3n \u2013 Colombia. Garantizamos el acceso efectivo a la justicia, la verdad y la reparaci\u00f3n de las v\u00edctimas de los delitos.\",\"breadcrumb\":{\"@id\":\"https:\/\/www.fiscalia.gov.co\/colombia\/noticias\/responsables-del-crimen-del-dueno-de-una-empresa-dedicada-a-la-fabricacion-de-arepas-y-su-mayordomo-fueron-condenados-a-mas-de-36-anos-de-prision\/#breadcrumb\"},\"inLanguage\":\"es-CO\",\"potentialAction\":[{\"@type\":\"ReadAction\",\"target\":[\"https:\/\/www.fiscalia.gov.co\/colombia\/noticias\/responsables-del-crimen-del-dueno-de-una-empresa-dedicada-a-la-fabricacion-de-arepas-y-su-mayordomo-fueron-condenados-a-mas-de-36-anos-de-prision\/\"]}]},{\"@type\":\"ImageObject\",\"inLanguage\":\"es-CO\",\"@id\":\"https:\/\/www.fiscalia.gov.co\/colombia\/noticias\/responsables-del-crimen-del-dueno-de-una-empresa-dedicada-a-la-fabricacion-de-arepas-y-su-mayordomo-fueron-condenados-a-mas-de-36-anos-de-prision\/#primaryimage\",\"url\":\"https:\/\/www.fiscalia.gov.co\/colombia\/wp-content\/uploads\/WhatsApp-Image-2025-09-22-at-10.22.44-AM.jpeg\",\"contentUrl\":\"https:\/\/www.fiscalia.gov.co\/colombia\/wp-content\/uploads\/WhatsApp-Image-2025-09-22-at-10.22.44-AM.jpeg\",\"width\":1600,\"height\":900,\"caption\":\"Imagen del d\u00eda de la captura de Yohan Alexander Pinz\u00f3n, en febrero de 2025.\"},{\"@type\":\"BreadcrumbList\",\"@id\":\"https:\/\/www.fiscalia.gov.co\/colombia\/noticias\/responsables-del-crimen-del-dueno-de-una-empresa-dedicada-a-la-fabricacion-de-arepas-y-su-mayordomo-fueron-condenados-a-mas-de-36-anos-de-prision\/#breadcrumb\",\"itemListElement\":[{\"@type\":\"ListItem\",\"position\":1,\"name\":\"Home\",\"item\":\"https:\/\/www.fiscalia.gov.co\/colombia\/\"},{\"@type\":\"ListItem\",\"position\":2,\"name\":\"Responsables del crimen del due\u00f1o de una empresa dedicada a la fabricaci\u00f3n de arepas y su mayordomo fueron condenados a m\u00e1s de 36 a\u00f1os de prisi\u00f3n\u00a0\"}]},{\"@type\":\"WebSite\",\"@id\":\"https:\/\/www.fiscalia.gov.co\/colombia\/#website\",\"url\":\"https:\/\/www.fiscalia.gov.co\/colombia\/\",\"name\":\"Fiscal\u00eda General de la Naci\u00f3n\",\"description\":\"P\u00e1gina oficial de la Fiscal\u00eda General de la Naci\u00f3n \u2013 Colombia. Garantizamos el acceso efectivo a la justicia, la verdad y la reparaci\u00f3n de las v\u00edctimas de los delitos.\",\"publisher\":{\"@id\":\"https:\/\/www.fiscalia.gov.co\/colombia\/#organization\"},\"potentialAction\":[{\"@type\":\"SearchAction\",\"target\":{\"@type\":\"EntryPoint\",\"urlTemplate\":\"https:\/\/www.fiscalia.gov.co\/colombia\/?s={search_term_string}\"},\"query-input\":{\"@type\":\"PropertyValueSpecification\",\"valueRequired\":true,\"valueName\":\"search_term_string\"}}],\"inLanguage\":\"es-CO\"},{\"@type\":\"Organization\",\"@id\":\"https:\/\/www.fiscalia.gov.co\/colombia\/#organization\",\"name\":\"Fiscal\u00eda General de la Naci\u00f3n\",\"url\":\"https:\/\/www.fiscalia.gov.co\/colombia\/\",\"logo\":{\"@type\":\"ImageObject\",\"inLanguage\":\"es-CO\",\"@id\":\"https:\/\/www.fiscalia.gov.co\/colombia\/#\/schema\/logo\/image\/\",\"url\":\"https:\/\/www.fiscalia.gov.co\/colombia\/wp-content\/uploads\/LogoHorizontal_1.jpg\",\"contentUrl\":\"https:\/\/www.fiscalia.gov.co\/colombia\/wp-content\/uploads\/LogoHorizontal_1.jpg\",\"width\":300,\"height\":90,\"caption\":\"Fiscal\u00eda General de la Naci\u00f3n\"},\"image\":{\"@id\":\"https:\/\/www.fiscalia.gov.co\/colombia\/#\/schema\/logo\/image\/\"},\"sameAs\":[\"https:\/\/www.facebook.com\/FiscaliaCol\",\"https:\/\/x.com\/FiscaliaCol\",\"https:\/\/www.instagram.com\/fiscaliacol\",\"https:\/\/www.linkedin.com\/company\/fiscalia-general-de-la-naci-n\/\",\"https:\/\/youtube.com\/@fiscaliageneraldelanacion-4668?si=6nN79nyQICPU5iTh\"]},{\"@type\":\"Person\",\"@id\":\"https:\/\/www.fiscalia.gov.co\/colombia\/#\/schema\/person\/ba9eca435947489fb25117a0cd75bf3e\",\"name\":\"Johanna Islenny Prieto Pe\u00f1a\",\"image\":{\"@type\":\"ImageObject\",\"inLanguage\":\"es-CO\",\"@id\":\"https:\/\/www.fiscalia.gov.co\/colombia\/#\/schema\/person\/image\/\",\"url\":\"https:\/\/secure.gravatar.com\/avatar\/111433fc2acb037ffb768f6a3ca47864?s=96&d=mm&r=g\",\"contentUrl\":\"https:\/\/secure.gravatar.com\/avatar\/111433fc2acb037ffb768f6a3ca47864?s=96&d=mm&r=g\",\"caption\":\"Johanna Islenny Prieto Pe\u00f1a\"},\"url\":\"https:\/\/www.fiscalia.gov.co\/colombia\/author\/jprietop\/\"}]}<\/script>\n<!-- \/ Yoast SEO plugin. -->","yoast_head_json":{"title":"Fiscal\u00eda General de la Naci\u00f3n","description":"P\u00e1gina oficial de la Fiscal\u00eda General de la Naci\u00f3n \u2013 Colombia. Garantizamos el acceso efectivo a la justicia, la verdad y la reparaci\u00f3n de las v\u00edctimas de los delitos.","robots":{"index":"noindex","follow":"follow"},"og_locale":"es_ES","og_type":"article","og_title":"Fiscal\u00eda General de la Naci\u00f3n","og_description":"P\u00e1gina oficial de la Fiscal\u00eda General de la Naci\u00f3n \u2013 Colombia. Garantizamos el acceso efectivo a la justicia, la verdad y la reparaci\u00f3n de las v\u00edctimas de los delitos.","og_url":"https:\/\/www.fiscalia.gov.co\/colombia\/noticias\/responsables-del-crimen-del-dueno-de-una-empresa-dedicada-a-la-fabricacion-de-arepas-y-su-mayordomo-fueron-condenados-a-mas-de-36-anos-de-prision\/","og_site_name":"Fiscal\u00eda General de la Naci\u00f3n","article_publisher":"https:\/\/www.facebook.com\/FiscaliaCol","article_published_time":"2025-09-22T15:30:10+00:00","og_image":[{"width":1600,"height":900,"url":"https:\/\/www.fiscalia.gov.co\/colombia\/wp-content\/uploads\/WhatsApp-Image-2025-09-22-at-10.22.44-AM.jpeg","type":"image\/jpeg"}],"author":"Johanna Islenny Prieto Pe\u00f1a","twitter_card":"summary_large_image","twitter_creator":"@FiscaliaCol","twitter_site":"@FiscaliaCol","twitter_misc":{"Escrito por":"Johanna Islenny Prieto Pe\u00f1a","Tiempo de lectura":"2 minutos"},"schema":{"@context":"https:\/\/schema.org","@graph":[{"@type":"Article","@id":"https:\/\/www.fiscalia.gov.co\/colombia\/noticias\/responsables-del-crimen-del-dueno-de-una-empresa-dedicada-a-la-fabricacion-de-arepas-y-su-mayordomo-fueron-condenados-a-mas-de-36-anos-de-prision\/#article","isPartOf":{"@id":"https:\/\/www.fiscalia.gov.co\/colombia\/noticias\/responsables-del-crimen-del-dueno-de-una-empresa-dedicada-a-la-fabricacion-de-arepas-y-su-mayordomo-fueron-condenados-a-mas-de-36-anos-de-prision\/"},"author":{"name":"Johanna Islenny Prieto Pe\u00f1a","@id":"https:\/\/www.fiscalia.gov.co\/colombia\/#\/schema\/person\/ba9eca435947489fb25117a0cd75bf3e"},"headline":"Responsables del crimen del due\u00f1o de una empresa dedicada a la fabricaci\u00f3n de arepas y su mayordomo fueron condenados a m\u00e1s de 36 a\u00f1os de prisi\u00f3n\u00a0","datePublished":"2025-09-22T15:30:10+00:00","dateModified":"2025-09-22T15:30:10+00:00","mainEntityOfPage":{"@id":"https:\/\/www.fiscalia.gov.co\/colombia\/noticias\/responsables-del-crimen-del-dueno-de-una-empresa-dedicada-a-la-fabricacion-de-arepas-y-su-mayordomo-fueron-condenados-a-mas-de-36-anos-de-prision\/"},"wordCount":441,"publisher":{"@id":"https:\/\/www.fiscalia.gov.co\/colombia\/#organization"},"image":{"@id":"https:\/\/www.fiscalia.gov.co\/colombia\/noticias\/responsables-del-crimen-del-dueno-de-una-empresa-dedicada-a-la-fabricacion-de-arepas-y-su-mayordomo-fueron-condenados-a-mas-de-36-anos-de-prision\/#primaryimage"},"thumbnailUrl":"https:\/\/www.fiscalia.gov.co\/colombia\/wp-content\/uploads\/WhatsApp-Image-2025-09-22-at-10.22.44-AM-300x169.jpeg","keywords":["Fiscal","Fiscal Luz Adriana Camargo","Fiscal\u00eda","Fiscal\u00eda General de la Naci\u00f3n"],"articleSection":["Noticias","Seguridad territorial"],"inLanguage":"es-CO"},{"@type":"WebPage","@id":"https:\/\/www.fiscalia.gov.co\/colombia\/noticias\/responsables-del-crimen-del-dueno-de-una-empresa-dedicada-a-la-fabricacion-de-arepas-y-su-mayordomo-fueron-condenados-a-mas-de-36-anos-de-prision\/","url":"https:\/\/www.fiscalia.gov.co\/colombia\/noticias\/responsables-del-crimen-del-dueno-de-una-empresa-dedicada-a-la-fabricacion-de-arepas-y-su-mayordomo-fueron-condenados-a-mas-de-36-anos-de-prision\/","name":"Fiscal\u00eda General de la Naci\u00f3n","isPartOf":{"@id":"https:\/\/www.fiscalia.gov.co\/colombia\/#website"},"primaryImageOfPage":{"@id":"https:\/\/www.fiscalia.gov.co\/colombia\/noticias\/responsables-del-crimen-del-dueno-de-una-empresa-dedicada-a-la-fabricacion-de-arepas-y-su-mayordomo-fueron-condenados-a-mas-de-36-anos-de-prision\/#primaryimage"},"image":{"@id":"https:\/\/www.fiscalia.gov.co\/colombia\/noticias\/responsables-del-crimen-del-dueno-de-una-empresa-dedicada-a-la-fabricacion-de-arepas-y-su-mayordomo-fueron-condenados-a-mas-de-36-anos-de-prision\/#primaryimage"},"thumbnailUrl":"https:\/\/www.fiscalia.gov.co\/colombia\/wp-content\/uploads\/WhatsApp-Image-2025-09-22-at-10.22.44-AM-300x169.jpeg","datePublished":"2025-09-22T15:30:10+00:00","dateModified":"2025-09-22T15:30:10+00:00","description":"P\u00e1gina oficial de la Fiscal\u00eda General de la Naci\u00f3n \u2013 Colombia. Garantizamos el acceso efectivo a la justicia, la verdad y la reparaci\u00f3n de las v\u00edctimas de los delitos.","breadcrumb":{"@id":"https:\/\/www.fiscalia.gov.co\/colombia\/noticias\/responsables-del-crimen-del-dueno-de-una-empresa-dedicada-a-la-fabricacion-de-arepas-y-su-mayordomo-fueron-condenados-a-mas-de-36-anos-de-prision\/#breadcrumb"},"inLanguage":"es-CO","potentialAction":[{"@type":"ReadAction","target":["https:\/\/www.fiscalia.gov.co\/colombia\/noticias\/responsables-del-crimen-del-dueno-de-una-empresa-dedicada-a-la-fabricacion-de-arepas-y-su-mayordomo-fueron-condenados-a-mas-de-36-anos-de-prision\/"]}]},{"@type":"ImageObject","inLanguage":"es-CO","@id":"https:\/\/www.fiscalia.gov.co\/colombia\/noticias\/responsables-del-crimen-del-dueno-de-una-empresa-dedicada-a-la-fabricacion-de-arepas-y-su-mayordomo-fueron-condenados-a-mas-de-36-anos-de-prision\/#primaryimage","url":"https:\/\/www.fiscalia.gov.co\/colombia\/wp-content\/uploads\/WhatsApp-Image-2025-09-22-at-10.22.44-AM.jpeg","contentUrl":"https:\/\/www.fiscalia.gov.co\/colombia\/wp-content\/uploads\/WhatsApp-Image-2025-09-22-at-10.22.44-AM.jpeg","width":1600,"height":900,"caption":"Imagen del d\u00eda de la captura de Yohan Alexander Pinz\u00f3n, en febrero de 2025."},{"@type":"BreadcrumbList","@id":"https:\/\/www.fiscalia.gov.co\/colombia\/noticias\/responsables-del-crimen-del-dueno-de-una-empresa-dedicada-a-la-fabricacion-de-arepas-y-su-mayordomo-fueron-condenados-a-mas-de-36-anos-de-prision\/#breadcrumb","itemListElement":[{"@type":"ListItem","position":1,"name":"Home","item":"https:\/\/www.fiscalia.gov.co\/colombia\/"},{"@type":"ListItem","position":2,"name":"Responsables del crimen del due\u00f1o de una empresa dedicada a la fabricaci\u00f3n de arepas y su mayordomo fueron condenados a m\u00e1s de 36 a\u00f1os de prisi\u00f3n\u00a0"}]},{"@type":"WebSite","@id":"https:\/\/www.fiscalia.gov.co\/colombia\/#website","url":"https:\/\/www.fiscalia.gov.co\/colombia\/","name":"Fiscal\u00eda General de la Naci\u00f3n","description":"P\u00e1gina oficial de la Fiscal\u00eda General de la Naci\u00f3n \u2013 Colombia. Garantizamos el acceso efectivo a la justicia, la verdad y la reparaci\u00f3n de las v\u00edctimas de los delitos.","publisher":{"@id":"https:\/\/www.fiscalia.gov.co\/colombia\/#organization"},"potentialAction":[{"@type":"SearchAction","target":{"@type":"EntryPoint","urlTemplate":"https:\/\/www.fiscalia.gov.co\/colombia\/?s={search_term_string}"},"query-input":{"@type":"PropertyValueSpecification","valueRequired":true,"valueName":"search_term_string"}}],"inLanguage":"es-CO"},{"@type":"Organization","@id":"https:\/\/www.fiscalia.gov.co\/colombia\/#organization","name":"Fiscal\u00eda General de la Naci\u00f3n","url":"https:\/\/www.fiscalia.gov.co\/colombia\/","logo":{"@type":"ImageObject","inLanguage":"es-CO","@id":"https:\/\/www.fiscalia.gov.co\/colombia\/#\/schema\/logo\/image\/","url":"https:\/\/www.fiscalia.gov.co\/colombia\/wp-content\/uploads\/LogoHorizontal_1.jpg","contentUrl":"https:\/\/www.fiscalia.gov.co\/colombia\/wp-content\/uploads\/LogoHorizontal_1.jpg","width":300,"height":90,"caption":"Fiscal\u00eda General de la Naci\u00f3n"},"image":{"@id":"https:\/\/www.fiscalia.gov.co\/colombia\/#\/schema\/logo\/image\/"},"sameAs":["https:\/\/www.facebook.com\/FiscaliaCol","https:\/\/x.com\/FiscaliaCol","https:\/\/www.instagram.com\/fiscaliacol","https:\/\/www.linkedin.com\/company\/fiscalia-general-de-la-naci-n\/","https:\/\/youtube.com\/@fiscaliageneraldelanacion-4668?si=6nN79nyQICPU5iTh"]},{"@type":"Person","@id":"https:\/\/www.fiscalia.gov.co\/colombia\/#\/schema\/person\/ba9eca435947489fb25117a0cd75bf3e","name":"Johanna Islenny Prieto Pe\u00f1a","image":{"@type":"ImageObject","inLanguage":"es-CO","@id":"https:\/\/www.fiscalia.gov.co\/colombia\/#\/schema\/person\/image\/","url":"https:\/\/secure.gravatar.com\/avatar\/111433fc2acb037ffb768f6a3ca47864?s=96&d=mm&r=g","contentUrl":"https:\/\/secure.gravatar.com\/avatar\/111433fc2acb037ffb768f6a3ca47864?s=96&d=mm&r=g","caption":"Johanna Islenny Prieto Pe\u00f1a"},"url":"https:\/\/www.fiscalia.gov.co\/colombia\/author\/jprietop\/"}]}},"_links":{"self":[{"href":"https:\/\/www.fiscalia.gov.co\/colombia\/wp-json\/wp\/v2\/posts\/324256","targetHints":{"allow":["GET"]}}],"collection":[{"href":"https:\/\/www.fiscalia.gov.co\/colombia\/wp-json\/wp\/v2\/posts"}],"about":[{"href":"https:\/\/www.fiscalia.gov.co\/colombia\/wp-json\/wp\/v2\/types\/post"}],"author":[{"embeddable":true,"href":"https:\/\/www.fiscalia.gov.co\/colombia\/wp-json\/wp\/v2\/users\/181"}],"replies":[{"embeddable":true,"href":"https:\/\/www.fiscalia.gov.co\/colombia\/wp-json\/wp\/v2\/comments?post=324256"}],"version-history":[{"count":1,"href":"https:\/\/www.fiscalia.gov.co\/colombia\/wp-json\/wp\/v2\/posts\/324256\/revisions"}],"predecessor-version":[{"id":324258,"href":"https:\/\/www.fiscalia.gov.co\/colombia\/wp-json\/wp\/v2\/posts\/324256\/revisions\/324258"}],"wp:attachment":[{"href":"https:\/\/www.fiscalia.gov.co\/colombia\/wp-json\/wp\/v2\/media?parent=324256"}],"wp:term":[{"taxonomy":"category","embeddable":true,"href":"https:\/\/www.fiscalia.gov.co\/colombia\/wp-json\/wp\/v2\/categories?post=324256"},{"taxonomy":"post_tag","embeddable":true,"href":"https:\/\/www.fiscalia.gov.co\/colombia\/wp-json\/wp\/v2\/tags?post=324256"}],"curies":[{"name":"wp","href":"https:\/\/api.w.org\/{rel}","templated":true}]}}