{"id":323946,"date":"2025-09-16T16:03:24","date_gmt":"2025-09-16T21:03:24","guid":{"rendered":"https:\/\/www.fiscalia.gov.co\/colombia\/?p=323946"},"modified":"2025-09-16T16:03:45","modified_gmt":"2025-09-16T21:03:45","slug":"en-arauca-la-fiscalia-judicializo-a-presunto-integrante-del-eln-por-rebelion","status":"publish","type":"post","link":"https:\/\/www.fiscalia.gov.co\/colombia\/noticias\/en-arauca-la-fiscalia-judicializo-a-presunto-integrante-del-eln-por-rebelion\/","title":{"rendered":"En Arauca la Fiscal\u00eda judicializ\u00f3 a presunto integrante del ELN por rebeli\u00f3n"},"content":{"rendered":"<p data-ogsc=\"rgb(0, 0, 0)\" data-ogsb=\"rgb(255, 255, 255)\">La Fiscal\u00eda General de la Naci\u00f3n, judicializ\u00f3\u00a0<b data-ogsc=\"\">Jairo Antonio Ca\u00f1izares Hern\u00e1ndez, se\u00f1alado integrante del ELN, que habr\u00eda sido sorprendido en el momento que intentaba instalar propaganda alusiva a este grupo armado en Cravo Norte (Arauca).<\/b><\/p>\n<figure id=\"attachment_323950\" aria-describedby=\"caption-attachment-323950\" style=\"width: 605px\" class=\"wp-caption aligncenter\"><img loading=\"lazy\" decoding=\"async\" class=\"size-full wp-image-323950\" src=\"https:\/\/www.fiscalia.gov.co\/colombia\/wp-content\/uploads\/Jairo-Antonio-Canizares-Hernandez-presunto-integrante-del-ELN-judicializado-por-su-presunta-responsabilidad-en-el-delito-de-rebelion.jpg\" alt=\"Se visualiza al capturado junto a uniformados del Ej\u00e9rcito Nacional. Frente a ellos una mesa con los elementos incautados.\" width=\"605\" height=\"340\" srcset=\"https:\/\/www.fiscalia.gov.co\/colombia\/wp-content\/uploads\/Jairo-Antonio-Canizares-Hernandez-presunto-integrante-del-ELN-judicializado-por-su-presunta-responsabilidad-en-el-delito-de-rebelion.jpg 605w, https:\/\/www.fiscalia.gov.co\/colombia\/wp-content\/uploads\/Jairo-Antonio-Canizares-Hernandez-presunto-integrante-del-ELN-judicializado-por-su-presunta-responsabilidad-en-el-delito-de-rebelion-300x169.jpg 300w\" sizes=\"auto, (max-width: 605px) 100vw, 605px\" \/><figcaption id=\"caption-attachment-323950\" class=\"wp-caption-text\">Jairo Antonio Ca\u00f1izares Hern\u00e1ndez, fue judicializado por su presunta responsabilidad en el delito de rebeli\u00f3n y enviado a la c\u00e1rcel<\/figcaption><\/figure>\n<p class=\"x_elementToProof\" data-ogsc=\"rgb(0, 0, 0)\" data-ogsb=\"rgb(255, 255, 255)\">De acuerdo con la\u00a0<a id=\"OWAd5c7cd4d-4431-c104-ae55-8df843505f83\" class=\"x_x_x_OWAAutoLink\" title=\"https:\/\/www.fiscalia.gov.co\/colombia\/noticias\/judicializados-presuntos-integrantes-del-eln-que-estarian-involucrados-en-el-secuestro-y-posterior-homicidio-de-dos-comerciantes-en-arauca\/\" href=\"https:\/\/www.fiscalia.gov.co\/colombia\/noticias\/judicializados-presuntos-integrantes-del-eln-que-estarian-involucrados-en-el-secuestro-y-posterior-homicidio-de-dos-comerciantes-en-arauca\/\" target=\"_blank\" rel=\"noopener noreferrer\" data-linkindex=\"0\" data-auth=\"NotApplicable\" data-ogsc=\"\">investigaci\u00f3n<\/a>, los hechos ocurrieron este\u00a0<b data-ogsc=\"\">14 de septiembre en el sector conocido como el puente El Jorobado, en la v\u00eda que conduce de Cravo Norte a Puerto Rond\u00f3n. \u00a0<\/b><\/p>\n<p class=\"x_elementToProof\" data-ogsc=\"rgb(0, 0, 0)\" data-ogsb=\"rgb(255, 255, 255)\">Ca\u00f1izares Hern\u00e1ndez se desplazaba en motocicleta en compa\u00f1\u00eda\u00a0<b data-ogsc=\"\">de otro hombre, portando armas de fuego, una bandera y una pancarta con s\u00edmbolos del Frente Domingo La\u00edn S\u00e1enz, con injerencia delictiva en esta zona del pa\u00eds.<\/b><\/p>\n<p data-ogsc=\"rgb(0, 0, 0)\" data-ogsb=\"rgb(255, 255, 255)\">Durante el procedimiento de captura, el acompa\u00f1ante habr\u00eda accionado un arma contra\u00a0uniformados del Ej\u00e9rcito Nacional, lo que desencaden\u00f3 un intercambio de disparos en el que result\u00f3 herido y posteriormente falleci\u00f3.<\/p>\n<p data-ogsc=\"rgb(0, 0, 0)\" data-ogsb=\"rgb(255, 255, 255)\">En el lugar fueron incautadas dos\u00a0<b data-ogsc=\"\">pistolas calibre 9 mm, munici\u00f3n, dos celulares, una motocicleta, as\u00ed como la bandera y el pend\u00f3n alusivos al ELN.\u00a0<\/b><\/p>\n<p data-ogsc=\"rgb(0, 0, 0)\" data-ogsb=\"rgb(255, 255, 255)\">El procesado fue\u00a0<a id=\"OWAf96a0bf3-da22-0b33-3846-38a02db31dd2\" class=\"x_x_x_OWAAutoLink\" title=\"https:\/\/www.fiscalia.gov.co\/colombia\/noticias\/capturado-con-fines-de-extradicion-alias-tony-senalado-integrante-de-una-red-criminal-responsable-de-enviar-cocaina-a-estados-unidos-y-lavar-activos-para-el-eln\/\" href=\"https:\/\/www.fiscalia.gov.co\/colombia\/noticias\/capturado-con-fines-de-extradicion-alias-tony-senalado-integrante-de-una-red-criminal-responsable-de-enviar-cocaina-a-estados-unidos-y-lavar-activos-para-el-eln\/\" target=\"_blank\" rel=\"noopener noreferrer\" data-linkindex=\"1\" data-auth=\"NotApplicable\" data-ogsc=\"\">presentado<\/a>\u00a0ante un juez de control de garant\u00edas de C\u00facuta (Norte de Santander), quien legaliz\u00f3 la captura en flagrancia, aval\u00f3 las incautaciones y, tras la imputaci\u00f3n del delito de rebeli\u00f3n, cargo que fue aceptado, se le impuso medida de aseguramiento\u00a0<b data-ogsc=\"\">privativa de la libertad en centro carcelario.\u00a0<\/b><\/p>\n<p data-ogsc=\"rgb(0, 0, 0)\" data-ogsb=\"rgb(255, 255, 255)\">MPHA\/AMCJ\/JASN\/DSA<\/p>\n<p data-ogsc=\"rgb(0, 0, 0)\" data-ogsb=\"rgb(255, 255, 255)\"><i data-ogsc=\"\">La informaci\u00f3n contenida en este bolet\u00edn de prensa corresponde a la narraci\u00f3n de los hechos noticiosos objetivos, suministrados por los funcionarios encargados de adelantar las investigaciones penales al interior de\u00a0la Fiscal\u00eda General de la Naci\u00f3n. Para el momento de la divulgaci\u00f3n de este comunicado, la situaci\u00f3n jur\u00eddica de la(s) persona(s) relacionada(s) se encuentra pendiente de resolver por la autoridad judicial competente, siempre bajo los preceptos de la presunci\u00f3n de inocencia, consagrados en el art\u00edculo 29 de la Constituci\u00f3n Pol\u00edtica y el art\u00edculo 7\u00ba de la Ley\u00a0906 de 2004.\u00a0<\/i><\/p>\n\n<div class=\"twitter-share\"><a href=\"https:\/\/twitter.com\/intent\/tweet?via=fiscaliacol\" class=\"twitter-share-button\">Tweet<\/a><\/div>\n","protected":false},"excerpt":{"rendered":"<p>La Fiscal\u00eda General de la Naci\u00f3n, judicializ\u00f3\u00a0Jairo Antonio Ca\u00f1izares Hern\u00e1ndez, se\u00f1alado integrante del ELN, que habr\u00eda sido sorprendido en el momento que intentaba instalar propaganda alusiva a este grupo armado en Cravo Norte (Arauca). De acuerdo con la\u00a0investigaci\u00f3n, los hechos ocurrieron este\u00a014 de septiembre en el sector conocido como el puente El Jorobado, en la [&hellip;]<\/p>\n","protected":false},"author":177,"featured_media":0,"comment_status":"closed","ping_status":"open","sticky":false,"template":"","format":"standard","meta":{"_price":"","_stock":"","_tribe_ticket_header":"","_tribe_default_ticket_provider":"","_tribe_ticket_capacity":"0","_ticket_start_date":"","_ticket_end_date":"","_tribe_ticket_show_description":"","_tribe_ticket_show_not_going":false,"_tribe_ticket_use_global_stock":"","_tribe_ticket_global_stock_level":"","_global_stock_mode":"","_global_stock_cap":"","_tribe_rsvp_for_event":"","_tribe_ticket_going_count":"","_tribe_ticket_not_going_count":"","_tribe_tickets_list":"[]","_tribe_ticket_has_attendee_info_fields":false,"tdm_status":"","tdm_grid_status":"","footnotes":""},"categories":[1,12632,303],"tags":[31726,14550,762,37492,4614,1047,7169,29615,10084],"class_list":{"0":"post-323946","1":"post","2":"type-post","3":"status-publish","4":"format-standard","6":"category-noticias","7":"category-seccional-arauca","8":"category-seccionales","9":"tag-arauca-arauca","10":"tag-carcel","11":"tag-eln","12":"tag-fiscal-luz-adriana-camargo","13":"tag-fiscalia-2","14":"tag-fiscalia-general-de-la-nacion","15":"tag-flagrancia","16":"tag-impacto","17":"tag-seguridad"},"yoast_head":"<!-- This site is optimized with the Yoast SEO plugin v24.3 - https:\/\/yoast.com\/wordpress\/plugins\/seo\/ -->\n<title>Fiscal\u00eda General de la Naci\u00f3n<\/title>\n<meta name=\"description\" content=\"P\u00e1gina oficial de la Fiscal\u00eda General de la Naci\u00f3n \u2013 Colombia. Garantizamos el acceso efectivo a la justicia, la verdad y la reparaci\u00f3n de las v\u00edctimas de los delitos.\" \/>\n<meta name=\"robots\" content=\"noindex, follow\" \/>\n<meta property=\"og:locale\" content=\"es_ES\" \/>\n<meta property=\"og:type\" content=\"article\" \/>\n<meta property=\"og:title\" content=\"Fiscal\u00eda General de la Naci\u00f3n\" \/>\n<meta property=\"og:description\" content=\"P\u00e1gina oficial de la Fiscal\u00eda General de la Naci\u00f3n \u2013 Colombia. Garantizamos el acceso efectivo a la justicia, la verdad y la reparaci\u00f3n de las v\u00edctimas de los delitos.\" \/>\n<meta property=\"og:url\" content=\"https:\/\/www.fiscalia.gov.co\/colombia\/noticias\/en-arauca-la-fiscalia-judicializo-a-presunto-integrante-del-eln-por-rebelion\/\" \/>\n<meta property=\"og:site_name\" content=\"Fiscal\u00eda General de la Naci\u00f3n\" \/>\n<meta property=\"article:publisher\" content=\"https:\/\/www.facebook.com\/FiscaliaCol\" \/>\n<meta property=\"article:published_time\" content=\"2025-09-16T21:03:24+00:00\" \/>\n<meta property=\"article:modified_time\" content=\"2025-09-16T21:03:45+00:00\" \/>\n<meta property=\"og:image\" content=\"https:\/\/www.fiscalia.gov.co\/colombia\/wp-content\/uploads\/Jairo-Antonio-Canizares-Hernandez-presunto-integrante-del-ELN-judicializado-por-su-presunta-responsabilidad-en-el-delito-de-rebelion.jpg\" \/>\n\t<meta property=\"og:image:width\" content=\"605\" \/>\n\t<meta property=\"og:image:height\" content=\"340\" \/>\n\t<meta property=\"og:image:type\" content=\"image\/jpeg\" \/>\n<meta name=\"author\" content=\"Jordan Leandro Oviedo Anzola\" \/>\n<meta name=\"twitter:card\" content=\"summary_large_image\" \/>\n<meta name=\"twitter:creator\" content=\"@FiscaliaCol\" \/>\n<meta name=\"twitter:site\" content=\"@FiscaliaCol\" \/>\n<meta name=\"twitter:label1\" content=\"Escrito por\" \/>\n\t<meta name=\"twitter:data1\" content=\"Jordan Leandro Oviedo Anzola\" \/>\n\t<meta name=\"twitter:label2\" content=\"Tiempo de lectura\" \/>\n\t<meta name=\"twitter:data2\" content=\"2 minutos\" \/>\n<script type=\"application\/ld+json\" class=\"yoast-schema-graph\">{\"@context\":\"https:\/\/schema.org\",\"@graph\":[{\"@type\":\"Article\",\"@id\":\"https:\/\/www.fiscalia.gov.co\/colombia\/noticias\/en-arauca-la-fiscalia-judicializo-a-presunto-integrante-del-eln-por-rebelion\/#article\",\"isPartOf\":{\"@id\":\"https:\/\/www.fiscalia.gov.co\/colombia\/noticias\/en-arauca-la-fiscalia-judicializo-a-presunto-integrante-del-eln-por-rebelion\/\"},\"author\":{\"name\":\"Jordan Leandro Oviedo Anzola\",\"@id\":\"https:\/\/www.fiscalia.gov.co\/colombia\/#\/schema\/person\/bf84402cf293a5393e9c70b111020b24\"},\"headline\":\"En Arauca la Fiscal\u00eda judicializ\u00f3 a presunto integrante del ELN por rebeli\u00f3n\",\"datePublished\":\"2025-09-16T21:03:24+00:00\",\"dateModified\":\"2025-09-16T21:03:45+00:00\",\"mainEntityOfPage\":{\"@id\":\"https:\/\/www.fiscalia.gov.co\/colombia\/noticias\/en-arauca-la-fiscalia-judicializo-a-presunto-integrante-del-eln-por-rebelion\/\"},\"wordCount\":382,\"publisher\":{\"@id\":\"https:\/\/www.fiscalia.gov.co\/colombia\/#organization\"},\"image\":{\"@id\":\"https:\/\/www.fiscalia.gov.co\/colombia\/noticias\/en-arauca-la-fiscalia-judicializo-a-presunto-integrante-del-eln-por-rebelion\/#primaryimage\"},\"thumbnailUrl\":\"https:\/\/www.fiscalia.gov.co\/colombia\/wp-content\/uploads\/Jairo-Antonio-Canizares-Hernandez-presunto-integrante-del-ELN-judicializado-por-su-presunta-responsabilidad-en-el-delito-de-rebelion.jpg\",\"keywords\":[\"Arauca (Arauca)\",\"C\u00e1rcel\",\"Eln\",\"Fiscal Luz Adriana Camargo\",\"Fiscal\u00eda\",\"Fiscal\u00eda General de la Naci\u00f3n\",\"Flagrancia\",\"impacto\",\"Seguridad\"],\"articleSection\":[\"Noticias\",\"Seccional Arauca\",\"Seccionales\"],\"inLanguage\":\"es-CO\"},{\"@type\":\"WebPage\",\"@id\":\"https:\/\/www.fiscalia.gov.co\/colombia\/noticias\/en-arauca-la-fiscalia-judicializo-a-presunto-integrante-del-eln-por-rebelion\/\",\"url\":\"https:\/\/www.fiscalia.gov.co\/colombia\/noticias\/en-arauca-la-fiscalia-judicializo-a-presunto-integrante-del-eln-por-rebelion\/\",\"name\":\"Fiscal\u00eda General de la Naci\u00f3n\",\"isPartOf\":{\"@id\":\"https:\/\/www.fiscalia.gov.co\/colombia\/#website\"},\"primaryImageOfPage\":{\"@id\":\"https:\/\/www.fiscalia.gov.co\/colombia\/noticias\/en-arauca-la-fiscalia-judicializo-a-presunto-integrante-del-eln-por-rebelion\/#primaryimage\"},\"image\":{\"@id\":\"https:\/\/www.fiscalia.gov.co\/colombia\/noticias\/en-arauca-la-fiscalia-judicializo-a-presunto-integrante-del-eln-por-rebelion\/#primaryimage\"},\"thumbnailUrl\":\"https:\/\/www.fiscalia.gov.co\/colombia\/wp-content\/uploads\/Jairo-Antonio-Canizares-Hernandez-presunto-integrante-del-ELN-judicializado-por-su-presunta-responsabilidad-en-el-delito-de-rebelion.jpg\",\"datePublished\":\"2025-09-16T21:03:24+00:00\",\"dateModified\":\"2025-09-16T21:03:45+00:00\",\"description\":\"P\u00e1gina oficial de la Fiscal\u00eda General de la Naci\u00f3n \u2013 Colombia. Garantizamos el acceso efectivo a la justicia, la verdad y la reparaci\u00f3n de las v\u00edctimas de los delitos.\",\"breadcrumb\":{\"@id\":\"https:\/\/www.fiscalia.gov.co\/colombia\/noticias\/en-arauca-la-fiscalia-judicializo-a-presunto-integrante-del-eln-por-rebelion\/#breadcrumb\"},\"inLanguage\":\"es-CO\",\"potentialAction\":[{\"@type\":\"ReadAction\",\"target\":[\"https:\/\/www.fiscalia.gov.co\/colombia\/noticias\/en-arauca-la-fiscalia-judicializo-a-presunto-integrante-del-eln-por-rebelion\/\"]}]},{\"@type\":\"ImageObject\",\"inLanguage\":\"es-CO\",\"@id\":\"https:\/\/www.fiscalia.gov.co\/colombia\/noticias\/en-arauca-la-fiscalia-judicializo-a-presunto-integrante-del-eln-por-rebelion\/#primaryimage\",\"url\":\"https:\/\/www.fiscalia.gov.co\/colombia\/wp-content\/uploads\/Jairo-Antonio-Canizares-Hernandez-presunto-integrante-del-ELN-judicializado-por-su-presunta-responsabilidad-en-el-delito-de-rebelion.jpg\",\"contentUrl\":\"https:\/\/www.fiscalia.gov.co\/colombia\/wp-content\/uploads\/Jairo-Antonio-Canizares-Hernandez-presunto-integrante-del-ELN-judicializado-por-su-presunta-responsabilidad-en-el-delito-de-rebelion.jpg\",\"width\":605,\"height\":340,\"caption\":\"Jairo Antonio Ca\u00f1izares Hern\u00e1ndez, fue judicializado por su presunta responsabilidad en el delito de rebeli\u00f3n y enviado a la c\u00e1rcel\u00a0\"},{\"@type\":\"BreadcrumbList\",\"@id\":\"https:\/\/www.fiscalia.gov.co\/colombia\/noticias\/en-arauca-la-fiscalia-judicializo-a-presunto-integrante-del-eln-por-rebelion\/#breadcrumb\",\"itemListElement\":[{\"@type\":\"ListItem\",\"position\":1,\"name\":\"Home\",\"item\":\"https:\/\/www.fiscalia.gov.co\/colombia\/\"},{\"@type\":\"ListItem\",\"position\":2,\"name\":\"En Arauca la Fiscal\u00eda judicializ\u00f3 a presunto integrante del ELN por rebeli\u00f3n\"}]},{\"@type\":\"WebSite\",\"@id\":\"https:\/\/www.fiscalia.gov.co\/colombia\/#website\",\"url\":\"https:\/\/www.fiscalia.gov.co\/colombia\/\",\"name\":\"Fiscal\u00eda General de la Naci\u00f3n\",\"description\":\"P\u00e1gina oficial de la Fiscal\u00eda General de la Naci\u00f3n \u2013 Colombia. Garantizamos el acceso efectivo a la justicia, la verdad y la reparaci\u00f3n de las v\u00edctimas de los delitos.\",\"publisher\":{\"@id\":\"https:\/\/www.fiscalia.gov.co\/colombia\/#organization\"},\"potentialAction\":[{\"@type\":\"SearchAction\",\"target\":{\"@type\":\"EntryPoint\",\"urlTemplate\":\"https:\/\/www.fiscalia.gov.co\/colombia\/?s={search_term_string}\"},\"query-input\":{\"@type\":\"PropertyValueSpecification\",\"valueRequired\":true,\"valueName\":\"search_term_string\"}}],\"inLanguage\":\"es-CO\"},{\"@type\":\"Organization\",\"@id\":\"https:\/\/www.fiscalia.gov.co\/colombia\/#organization\",\"name\":\"Fiscal\u00eda General de la Naci\u00f3n\",\"url\":\"https:\/\/www.fiscalia.gov.co\/colombia\/\",\"logo\":{\"@type\":\"ImageObject\",\"inLanguage\":\"es-CO\",\"@id\":\"https:\/\/www.fiscalia.gov.co\/colombia\/#\/schema\/logo\/image\/\",\"url\":\"https:\/\/www.fiscalia.gov.co\/colombia\/wp-content\/uploads\/LogoHorizontal_1.jpg\",\"contentUrl\":\"https:\/\/www.fiscalia.gov.co\/colombia\/wp-content\/uploads\/LogoHorizontal_1.jpg\",\"width\":300,\"height\":90,\"caption\":\"Fiscal\u00eda General de la Naci\u00f3n\"},\"image\":{\"@id\":\"https:\/\/www.fiscalia.gov.co\/colombia\/#\/schema\/logo\/image\/\"},\"sameAs\":[\"https:\/\/www.facebook.com\/FiscaliaCol\",\"https:\/\/x.com\/FiscaliaCol\",\"https:\/\/www.instagram.com\/fiscaliacol\",\"https:\/\/www.linkedin.com\/company\/fiscalia-general-de-la-naci-n\/\",\"https:\/\/youtube.com\/@fiscaliageneraldelanacion-4668?si=6nN79nyQICPU5iTh\"]},{\"@type\":\"Person\",\"@id\":\"https:\/\/www.fiscalia.gov.co\/colombia\/#\/schema\/person\/bf84402cf293a5393e9c70b111020b24\",\"name\":\"Jordan Leandro Oviedo Anzola\",\"image\":{\"@type\":\"ImageObject\",\"inLanguage\":\"es-CO\",\"@id\":\"https:\/\/www.fiscalia.gov.co\/colombia\/#\/schema\/person\/image\/\",\"url\":\"https:\/\/secure.gravatar.com\/avatar\/dabba4346fa9b9207d96adafa8f92721?s=96&d=mm&r=g\",\"contentUrl\":\"https:\/\/secure.gravatar.com\/avatar\/dabba4346fa9b9207d96adafa8f92721?s=96&d=mm&r=g\",\"caption\":\"Jordan Leandro Oviedo Anzola\"},\"url\":\"https:\/\/www.fiscalia.gov.co\/colombia\/author\/joviedo\/\"}]}<\/script>\n<!-- \/ Yoast SEO plugin. -->","yoast_head_json":{"title":"Fiscal\u00eda General de la Naci\u00f3n","description":"P\u00e1gina oficial de la Fiscal\u00eda General de la Naci\u00f3n \u2013 Colombia. Garantizamos el acceso efectivo a la justicia, la verdad y la reparaci\u00f3n de las v\u00edctimas de los delitos.","robots":{"index":"noindex","follow":"follow"},"og_locale":"es_ES","og_type":"article","og_title":"Fiscal\u00eda General de la Naci\u00f3n","og_description":"P\u00e1gina oficial de la Fiscal\u00eda General de la Naci\u00f3n \u2013 Colombia. Garantizamos el acceso efectivo a la justicia, la verdad y la reparaci\u00f3n de las v\u00edctimas de los delitos.","og_url":"https:\/\/www.fiscalia.gov.co\/colombia\/noticias\/en-arauca-la-fiscalia-judicializo-a-presunto-integrante-del-eln-por-rebelion\/","og_site_name":"Fiscal\u00eda General de la Naci\u00f3n","article_publisher":"https:\/\/www.facebook.com\/FiscaliaCol","article_published_time":"2025-09-16T21:03:24+00:00","article_modified_time":"2025-09-16T21:03:45+00:00","og_image":[{"width":605,"height":340,"url":"https:\/\/www.fiscalia.gov.co\/colombia\/wp-content\/uploads\/Jairo-Antonio-Canizares-Hernandez-presunto-integrante-del-ELN-judicializado-por-su-presunta-responsabilidad-en-el-delito-de-rebelion.jpg","type":"image\/jpeg"}],"author":"Jordan Leandro Oviedo Anzola","twitter_card":"summary_large_image","twitter_creator":"@FiscaliaCol","twitter_site":"@FiscaliaCol","twitter_misc":{"Escrito por":"Jordan Leandro Oviedo Anzola","Tiempo de lectura":"2 minutos"},"schema":{"@context":"https:\/\/schema.org","@graph":[{"@type":"Article","@id":"https:\/\/www.fiscalia.gov.co\/colombia\/noticias\/en-arauca-la-fiscalia-judicializo-a-presunto-integrante-del-eln-por-rebelion\/#article","isPartOf":{"@id":"https:\/\/www.fiscalia.gov.co\/colombia\/noticias\/en-arauca-la-fiscalia-judicializo-a-presunto-integrante-del-eln-por-rebelion\/"},"author":{"name":"Jordan Leandro Oviedo Anzola","@id":"https:\/\/www.fiscalia.gov.co\/colombia\/#\/schema\/person\/bf84402cf293a5393e9c70b111020b24"},"headline":"En Arauca la Fiscal\u00eda judicializ\u00f3 a presunto integrante del ELN por rebeli\u00f3n","datePublished":"2025-09-16T21:03:24+00:00","dateModified":"2025-09-16T21:03:45+00:00","mainEntityOfPage":{"@id":"https:\/\/www.fiscalia.gov.co\/colombia\/noticias\/en-arauca-la-fiscalia-judicializo-a-presunto-integrante-del-eln-por-rebelion\/"},"wordCount":382,"publisher":{"@id":"https:\/\/www.fiscalia.gov.co\/colombia\/#organization"},"image":{"@id":"https:\/\/www.fiscalia.gov.co\/colombia\/noticias\/en-arauca-la-fiscalia-judicializo-a-presunto-integrante-del-eln-por-rebelion\/#primaryimage"},"thumbnailUrl":"https:\/\/www.fiscalia.gov.co\/colombia\/wp-content\/uploads\/Jairo-Antonio-Canizares-Hernandez-presunto-integrante-del-ELN-judicializado-por-su-presunta-responsabilidad-en-el-delito-de-rebelion.jpg","keywords":["Arauca (Arauca)","C\u00e1rcel","Eln","Fiscal Luz Adriana Camargo","Fiscal\u00eda","Fiscal\u00eda General de la Naci\u00f3n","Flagrancia","impacto","Seguridad"],"articleSection":["Noticias","Seccional Arauca","Seccionales"],"inLanguage":"es-CO"},{"@type":"WebPage","@id":"https:\/\/www.fiscalia.gov.co\/colombia\/noticias\/en-arauca-la-fiscalia-judicializo-a-presunto-integrante-del-eln-por-rebelion\/","url":"https:\/\/www.fiscalia.gov.co\/colombia\/noticias\/en-arauca-la-fiscalia-judicializo-a-presunto-integrante-del-eln-por-rebelion\/","name":"Fiscal\u00eda General de la Naci\u00f3n","isPartOf":{"@id":"https:\/\/www.fiscalia.gov.co\/colombia\/#website"},"primaryImageOfPage":{"@id":"https:\/\/www.fiscalia.gov.co\/colombia\/noticias\/en-arauca-la-fiscalia-judicializo-a-presunto-integrante-del-eln-por-rebelion\/#primaryimage"},"image":{"@id":"https:\/\/www.fiscalia.gov.co\/colombia\/noticias\/en-arauca-la-fiscalia-judicializo-a-presunto-integrante-del-eln-por-rebelion\/#primaryimage"},"thumbnailUrl":"https:\/\/www.fiscalia.gov.co\/colombia\/wp-content\/uploads\/Jairo-Antonio-Canizares-Hernandez-presunto-integrante-del-ELN-judicializado-por-su-presunta-responsabilidad-en-el-delito-de-rebelion.jpg","datePublished":"2025-09-16T21:03:24+00:00","dateModified":"2025-09-16T21:03:45+00:00","description":"P\u00e1gina oficial de la Fiscal\u00eda General de la Naci\u00f3n \u2013 Colombia. Garantizamos el acceso efectivo a la justicia, la verdad y la reparaci\u00f3n de las v\u00edctimas de los delitos.","breadcrumb":{"@id":"https:\/\/www.fiscalia.gov.co\/colombia\/noticias\/en-arauca-la-fiscalia-judicializo-a-presunto-integrante-del-eln-por-rebelion\/#breadcrumb"},"inLanguage":"es-CO","potentialAction":[{"@type":"ReadAction","target":["https:\/\/www.fiscalia.gov.co\/colombia\/noticias\/en-arauca-la-fiscalia-judicializo-a-presunto-integrante-del-eln-por-rebelion\/"]}]},{"@type":"ImageObject","inLanguage":"es-CO","@id":"https:\/\/www.fiscalia.gov.co\/colombia\/noticias\/en-arauca-la-fiscalia-judicializo-a-presunto-integrante-del-eln-por-rebelion\/#primaryimage","url":"https:\/\/www.fiscalia.gov.co\/colombia\/wp-content\/uploads\/Jairo-Antonio-Canizares-Hernandez-presunto-integrante-del-ELN-judicializado-por-su-presunta-responsabilidad-en-el-delito-de-rebelion.jpg","contentUrl":"https:\/\/www.fiscalia.gov.co\/colombia\/wp-content\/uploads\/Jairo-Antonio-Canizares-Hernandez-presunto-integrante-del-ELN-judicializado-por-su-presunta-responsabilidad-en-el-delito-de-rebelion.jpg","width":605,"height":340,"caption":"Jairo Antonio Ca\u00f1izares Hern\u00e1ndez, fue judicializado por su presunta responsabilidad en el delito de rebeli\u00f3n y enviado a la c\u00e1rcel\u00a0"},{"@type":"BreadcrumbList","@id":"https:\/\/www.fiscalia.gov.co\/colombia\/noticias\/en-arauca-la-fiscalia-judicializo-a-presunto-integrante-del-eln-por-rebelion\/#breadcrumb","itemListElement":[{"@type":"ListItem","position":1,"name":"Home","item":"https:\/\/www.fiscalia.gov.co\/colombia\/"},{"@type":"ListItem","position":2,"name":"En Arauca la Fiscal\u00eda judicializ\u00f3 a presunto integrante del ELN por rebeli\u00f3n"}]},{"@type":"WebSite","@id":"https:\/\/www.fiscalia.gov.co\/colombia\/#website","url":"https:\/\/www.fiscalia.gov.co\/colombia\/","name":"Fiscal\u00eda General de la Naci\u00f3n","description":"P\u00e1gina oficial de la Fiscal\u00eda General de la Naci\u00f3n \u2013 Colombia. Garantizamos el acceso efectivo a la justicia, la verdad y la reparaci\u00f3n de las v\u00edctimas de los delitos.","publisher":{"@id":"https:\/\/www.fiscalia.gov.co\/colombia\/#organization"},"potentialAction":[{"@type":"SearchAction","target":{"@type":"EntryPoint","urlTemplate":"https:\/\/www.fiscalia.gov.co\/colombia\/?s={search_term_string}"},"query-input":{"@type":"PropertyValueSpecification","valueRequired":true,"valueName":"search_term_string"}}],"inLanguage":"es-CO"},{"@type":"Organization","@id":"https:\/\/www.fiscalia.gov.co\/colombia\/#organization","name":"Fiscal\u00eda General de la Naci\u00f3n","url":"https:\/\/www.fiscalia.gov.co\/colombia\/","logo":{"@type":"ImageObject","inLanguage":"es-CO","@id":"https:\/\/www.fiscalia.gov.co\/colombia\/#\/schema\/logo\/image\/","url":"https:\/\/www.fiscalia.gov.co\/colombia\/wp-content\/uploads\/LogoHorizontal_1.jpg","contentUrl":"https:\/\/www.fiscalia.gov.co\/colombia\/wp-content\/uploads\/LogoHorizontal_1.jpg","width":300,"height":90,"caption":"Fiscal\u00eda General de la Naci\u00f3n"},"image":{"@id":"https:\/\/www.fiscalia.gov.co\/colombia\/#\/schema\/logo\/image\/"},"sameAs":["https:\/\/www.facebook.com\/FiscaliaCol","https:\/\/x.com\/FiscaliaCol","https:\/\/www.instagram.com\/fiscaliacol","https:\/\/www.linkedin.com\/company\/fiscalia-general-de-la-naci-n\/","https:\/\/youtube.com\/@fiscaliageneraldelanacion-4668?si=6nN79nyQICPU5iTh"]},{"@type":"Person","@id":"https:\/\/www.fiscalia.gov.co\/colombia\/#\/schema\/person\/bf84402cf293a5393e9c70b111020b24","name":"Jordan Leandro Oviedo Anzola","image":{"@type":"ImageObject","inLanguage":"es-CO","@id":"https:\/\/www.fiscalia.gov.co\/colombia\/#\/schema\/person\/image\/","url":"https:\/\/secure.gravatar.com\/avatar\/dabba4346fa9b9207d96adafa8f92721?s=96&d=mm&r=g","contentUrl":"https:\/\/secure.gravatar.com\/avatar\/dabba4346fa9b9207d96adafa8f92721?s=96&d=mm&r=g","caption":"Jordan Leandro Oviedo Anzola"},"url":"https:\/\/www.fiscalia.gov.co\/colombia\/author\/joviedo\/"}]}},"_links":{"self":[{"href":"https:\/\/www.fiscalia.gov.co\/colombia\/wp-json\/wp\/v2\/posts\/323946","targetHints":{"allow":["GET"]}}],"collection":[{"href":"https:\/\/www.fiscalia.gov.co\/colombia\/wp-json\/wp\/v2\/posts"}],"about":[{"href":"https:\/\/www.fiscalia.gov.co\/colombia\/wp-json\/wp\/v2\/types\/post"}],"author":[{"embeddable":true,"href":"https:\/\/www.fiscalia.gov.co\/colombia\/wp-json\/wp\/v2\/users\/177"}],"replies":[{"embeddable":true,"href":"https:\/\/www.fiscalia.gov.co\/colombia\/wp-json\/wp\/v2\/comments?post=323946"}],"version-history":[{"count":3,"href":"https:\/\/www.fiscalia.gov.co\/colombia\/wp-json\/wp\/v2\/posts\/323946\/revisions"}],"predecessor-version":[{"id":323952,"href":"https:\/\/www.fiscalia.gov.co\/colombia\/wp-json\/wp\/v2\/posts\/323946\/revisions\/323952"}],"wp:attachment":[{"href":"https:\/\/www.fiscalia.gov.co\/colombia\/wp-json\/wp\/v2\/media?parent=323946"}],"wp:term":[{"taxonomy":"category","embeddable":true,"href":"https:\/\/www.fiscalia.gov.co\/colombia\/wp-json\/wp\/v2\/categories?post=323946"},{"taxonomy":"post_tag","embeddable":true,"href":"https:\/\/www.fiscalia.gov.co\/colombia\/wp-json\/wp\/v2\/tags?post=323946"}],"curies":[{"name":"wp","href":"https:\/\/api.w.org\/{rel}","templated":true}]}}