{"id":323938,"date":"2025-09-16T15:55:56","date_gmt":"2025-09-16T20:55:56","guid":{"rendered":"https:\/\/www.fiscalia.gov.co\/colombia\/?p=323938"},"modified":"2025-09-16T15:55:56","modified_gmt":"2025-09-16T20:55:56","slug":"fueron-enviados-a-la-carcel-tres-hombres-que-estarian-involucrados-en-hurtos-en-neiva","status":"publish","type":"post","link":"https:\/\/www.fiscalia.gov.co\/colombia\/noticias\/fueron-enviados-a-la-carcel-tres-hombres-que-estarian-involucrados-en-hurtos-en-neiva\/","title":{"rendered":"Fueron enviados a la c\u00e1rcel tres hombres que estar\u00edan involucrados en hurtos en Neiva"},"content":{"rendered":"<p data-ogsc=\"black\">Los elementos materiales probatorios recopilados por la Fiscal\u00eda General de la Naci\u00f3n permitieron que jueces de control de garant\u00edas impusieran medidas de aseguramiento en establecimiento carcelario contra tres hombres,<strong> se\u00f1alados de cometer hurtos<\/strong>, bajo la modalidad de atraco, en hechos diferentes registrados en Neiva.<\/p>\n<p data-ogsc=\"black\">Se trata de Yeferson Camilo Trujillo Mej\u00eda, Juan Fernando Claros Camacho y Juli\u00e1n David Rodr\u00edguez \u00c1lvarez a quienes una fiscal de la Seccional Huila les imput\u00f3, seg\u00fan su responsabilidad individual,<strong> los delitos de hurto calificado y agravado; y fabricaci\u00f3n, tr\u00e1fico, porte o tenencia de armas de fuego,<\/strong> accesorios, partes o municiones. Los cargos no fueron aceptados por los procesados.<\/p>\n<figure id=\"attachment_323939\" aria-describedby=\"caption-attachment-323939\" style=\"width: 696px\" class=\"wp-caption aligncenter\"><img loading=\"lazy\" decoding=\"async\" class=\"size-large wp-image-323939\" src=\"https:\/\/www.fiscalia.gov.co\/colombia\/wp-content\/uploads\/Caso-hurto-Neiva-1-1-1024x576.jpeg\" alt=\"En la foto aparecen los capturados custodiados por dos uniformados de la Polic\u00eda Nacional.\u00a0 En la foto tambi\u00e9n aparece de fondo un backing de la Polic\u00eda Nacional y los elementos que les hab\u00edan hurtado a las v\u00edctimas.\" width=\"696\" height=\"392\" srcset=\"https:\/\/www.fiscalia.gov.co\/colombia\/wp-content\/uploads\/Caso-hurto-Neiva-1-1-1024x576.jpeg 1024w, https:\/\/www.fiscalia.gov.co\/colombia\/wp-content\/uploads\/Caso-hurto-Neiva-1-1-300x169.jpeg 300w, https:\/\/www.fiscalia.gov.co\/colombia\/wp-content\/uploads\/Caso-hurto-Neiva-1-1-768x432.jpeg 768w, https:\/\/www.fiscalia.gov.co\/colombia\/wp-content\/uploads\/Caso-hurto-Neiva-1-1-1536x864.jpeg 1536w, https:\/\/www.fiscalia.gov.co\/colombia\/wp-content\/uploads\/Caso-hurto-Neiva-1-1-747x420.jpeg 747w, https:\/\/www.fiscalia.gov.co\/colombia\/wp-content\/uploads\/Caso-hurto-Neiva-1-1-696x392.jpeg 696w, https:\/\/www.fiscalia.gov.co\/colombia\/wp-content\/uploads\/Caso-hurto-Neiva-1-1-1068x601.jpeg 1068w, https:\/\/www.fiscalia.gov.co\/colombia\/wp-content\/uploads\/Caso-hurto-Neiva-1-1.jpeg 1600w\" sizes=\"auto, (max-width: 696px) 100vw, 696px\" \/><figcaption id=\"caption-attachment-323939\" class=\"wp-caption-text\">Claros Camacho y Rodr\u00edguez \u00c1lvarez habr\u00edan abordado a sus v\u00edctimas en el barrio El Limonar, sur de Neiva.<\/figcaption><\/figure>\n<p data-ogsc=\"black\">En un primer suceso, ocurrido el pasado 1 de septiembre, Claros Camacho y <strong>Rodr\u00edguez \u00c1lvarez habr\u00edan abordado a sus v\u00edctimas en el barrio El Limonar, sur de Neiva<\/strong>. Al parecer, los procesados, quienes se movilizaban en motocicletas, amedrentaron a dos ciudadanos con arma de fuego y los despojaron de sus pertenencias como dinero en efectivo, un celular y joyas.<\/p>\n<p data-ogsc=\"black\">Por otra parte, el pasado 11 de septiembre, Trujillo Mej\u00eda, presuntamente, <strong>de manera violenta atac\u00f3 a un ciudadano en v\u00eda p\u00fablica del barrio Villa Carolina<\/strong> y bajo la modalidad atraco, le hurt\u00f3 la motocicleta de alto cilindraje.<\/p>\n<p data-ogsc=\"black\">La Fiscal\u00eda evidenci\u00f3 que dichos elementos hurtados estar\u00edan avaluados en m\u00e1s de 26 millones de pesos.<\/p>\n<p data-ogsc=\"black\">La Polic\u00eda Nacional captur\u00f3 en flagrancia a estos tres hombres.<\/p>\n<p aria-hidden=\"true\" data-ogsc=\"black\">\n<p aria-hidden=\"true\" data-ogsc=\"black\">\n<p aria-hidden=\"true\" data-ogsc=\"black\">\n<p aria-hidden=\"true\" data-ogsc=\"black\">\n<p data-ogsc=\"black\">WAGG\/LMFO\/AMCJ\/AMSM\/JCFJ\/DSH<\/p>\n<p data-ogsc=\"black\">\n<p data-ogsc=\"black\">\n<p data-ogsb=\"white\">\n<p data-ogsb=\"white\">\n<p data-ogsb=\"white\">\n<p><em>La informaci\u00f3n contenida en este bolet\u00edn de prensa corresponde a la narraci\u00f3n de los hechos noticiosos objetivos, suministrados por los funcionarios encargados de adelantar las investigaciones penales al interior de la Fiscal\u00eda General de la Naci\u00f3n. Para el momento de la divulgaci\u00f3n de este comunicado, la situaci\u00f3n jur\u00eddica de la(s) persona(s) relacionada(s) se encuentra pendiente de resolver por la autoridad judicial competente, siempre bajo los preceptos de la presunci\u00f3n de inocencia, consagrados en el art\u00edculo 29 de la Constituci\u00f3n Pol\u00edtica y el art\u00edculo 7\u00ba de la Ley 906 de 2004.<\/em><\/p>\n<p class=\"td-post-source-tags\">\n<p class=\"td-post-sharing-bottom\">\n\n<div class=\"twitter-share\"><a href=\"https:\/\/twitter.com\/intent\/tweet?via=fiscaliacol\" class=\"twitter-share-button\">Tweet<\/a><\/div>\n","protected":false},"excerpt":{"rendered":"<p>Los elementos materiales probatorios recopilados por la Fiscal\u00eda General de la Naci\u00f3n permitieron que jueces de control de garant\u00edas impusieran medidas de aseguramiento en establecimiento carcelario contra tres hombres, se\u00f1alados [&hellip;]<\/p>\n","protected":false},"author":177,"featured_media":0,"comment_status":"closed","ping_status":"open","sticky":false,"template":"","format":"standard","meta":{"tdm_status":"","tdm_grid_status":"","footnotes":""},"categories":[1,333,303],"tags":[8448,3119,4017,4648,31546,1047,16,23960,35357,23833,31720,698,30568,24485,916,23970],"class_list":["post-323938","post","type-post","status-publish","format-standard","category-noticias","category-seccional-neiva","category-seccionales","tag-agravado","tag-amenazas","tag-armas-de-fuego","tag-atraco","tag-calificado","tag-fiscalia-general-de-la-nacion","tag-huila","tag-hurto","tag-modalidades","tag-neiva","tag-neiva-huila","tag-porte-de-armas","tag-robos","tag-seccional-huila","tag-trafico","tag-victimas"],"yoast_head":"<!-- This site is optimized with the Yoast SEO plugin v24.3 - https:\/\/yoast.com\/wordpress\/plugins\/seo\/ -->\n<title>Fiscal\u00eda General de la Naci\u00f3n<\/title>\n<meta name=\"description\" content=\"P\u00e1gina oficial de la Fiscal\u00eda General de la Naci\u00f3n \u2013 Colombia. Garantizamos el acceso efectivo a la justicia, la verdad y la reparaci\u00f3n de las v\u00edctimas de los delitos.\" \/>\n<meta name=\"robots\" content=\"noindex, follow\" \/>\n<meta property=\"og:locale\" content=\"es_ES\" \/>\n<meta property=\"og:type\" content=\"article\" \/>\n<meta property=\"og:title\" content=\"Fiscal\u00eda General de la Naci\u00f3n\" \/>\n<meta property=\"og:description\" content=\"P\u00e1gina oficial de la Fiscal\u00eda General de la Naci\u00f3n \u2013 Colombia. Garantizamos el acceso efectivo a la justicia, la verdad y la reparaci\u00f3n de las v\u00edctimas de los delitos.\" \/>\n<meta property=\"og:url\" content=\"https:\/\/www.fiscalia.gov.co\/colombia\/noticias\/fueron-enviados-a-la-carcel-tres-hombres-que-estarian-involucrados-en-hurtos-en-neiva\/\" \/>\n<meta property=\"og:site_name\" content=\"Fiscal\u00eda General de la Naci\u00f3n\" \/>\n<meta property=\"article:publisher\" content=\"https:\/\/www.facebook.com\/FiscaliaCol\" \/>\n<meta property=\"article:published_time\" content=\"2025-09-16T20:55:56+00:00\" \/>\n<meta property=\"og:image\" content=\"https:\/\/www.fiscalia.gov.co\/colombia\/wp-content\/uploads\/Caso-hurto-Neiva-1-1.jpeg\" \/>\n\t<meta property=\"og:image:width\" content=\"1600\" \/>\n\t<meta property=\"og:image:height\" content=\"900\" \/>\n\t<meta property=\"og:image:type\" content=\"image\/jpeg\" \/>\n<meta name=\"author\" content=\"Jordan Leandro Oviedo Anzola\" \/>\n<meta name=\"twitter:card\" content=\"summary_large_image\" \/>\n<meta name=\"twitter:creator\" content=\"@FiscaliaCol\" \/>\n<meta name=\"twitter:site\" content=\"@FiscaliaCol\" \/>\n<meta name=\"twitter:label1\" content=\"Escrito por\" \/>\n\t<meta name=\"twitter:data1\" content=\"Jordan Leandro Oviedo Anzola\" \/>\n\t<meta name=\"twitter:label2\" content=\"Tiempo de lectura\" \/>\n\t<meta name=\"twitter:data2\" content=\"2 minutos\" \/>\n<script type=\"application\/ld+json\" class=\"yoast-schema-graph\">{\"@context\":\"https:\/\/schema.org\",\"@graph\":[{\"@type\":\"Article\",\"@id\":\"https:\/\/www.fiscalia.gov.co\/colombia\/noticias\/fueron-enviados-a-la-carcel-tres-hombres-que-estarian-involucrados-en-hurtos-en-neiva\/#article\",\"isPartOf\":{\"@id\":\"https:\/\/www.fiscalia.gov.co\/colombia\/noticias\/fueron-enviados-a-la-carcel-tres-hombres-que-estarian-involucrados-en-hurtos-en-neiva\/\"},\"author\":{\"name\":\"Jordan Leandro Oviedo Anzola\",\"@id\":\"https:\/\/www.fiscalia.gov.co\/colombia\/#\/schema\/person\/bf84402cf293a5393e9c70b111020b24\"},\"headline\":\"Fueron enviados a la c\u00e1rcel tres hombres que estar\u00edan involucrados en hurtos en Neiva\",\"datePublished\":\"2025-09-16T20:55:56+00:00\",\"dateModified\":\"2025-09-16T20:55:56+00:00\",\"mainEntityOfPage\":{\"@id\":\"https:\/\/www.fiscalia.gov.co\/colombia\/noticias\/fueron-enviados-a-la-carcel-tres-hombres-que-estarian-involucrados-en-hurtos-en-neiva\/\"},\"wordCount\":394,\"publisher\":{\"@id\":\"https:\/\/www.fiscalia.gov.co\/colombia\/#organization\"},\"image\":{\"@id\":\"https:\/\/www.fiscalia.gov.co\/colombia\/noticias\/fueron-enviados-a-la-carcel-tres-hombres-que-estarian-involucrados-en-hurtos-en-neiva\/#primaryimage\"},\"thumbnailUrl\":\"https:\/\/www.fiscalia.gov.co\/colombia\/wp-content\/uploads\/Caso-hurto-Neiva-1-1-1024x576.jpeg\",\"keywords\":[\"Agravado\",\"Amenazas\",\"Armas de fuego\",\"Atraco\",\"calificado\",\"Fiscal\u00eda General de la Naci\u00f3n\",\"Huila\",\"Hurto\",\"modalidades\",\"Neiva\",\"Neiva (Huila)\",\"Porte de armas\",\"robos\",\"Seccional Huila\",\"Tr\u00e1fico\",\"V\u00edctimas\"],\"articleSection\":[\"Noticias\",\"Seccional Neiva\",\"Seccionales\"],\"inLanguage\":\"es-CO\"},{\"@type\":\"WebPage\",\"@id\":\"https:\/\/www.fiscalia.gov.co\/colombia\/noticias\/fueron-enviados-a-la-carcel-tres-hombres-que-estarian-involucrados-en-hurtos-en-neiva\/\",\"url\":\"https:\/\/www.fiscalia.gov.co\/colombia\/noticias\/fueron-enviados-a-la-carcel-tres-hombres-que-estarian-involucrados-en-hurtos-en-neiva\/\",\"name\":\"Fiscal\u00eda General de la Naci\u00f3n\",\"isPartOf\":{\"@id\":\"https:\/\/www.fiscalia.gov.co\/colombia\/#website\"},\"primaryImageOfPage\":{\"@id\":\"https:\/\/www.fiscalia.gov.co\/colombia\/noticias\/fueron-enviados-a-la-carcel-tres-hombres-que-estarian-involucrados-en-hurtos-en-neiva\/#primaryimage\"},\"image\":{\"@id\":\"https:\/\/www.fiscalia.gov.co\/colombia\/noticias\/fueron-enviados-a-la-carcel-tres-hombres-que-estarian-involucrados-en-hurtos-en-neiva\/#primaryimage\"},\"thumbnailUrl\":\"https:\/\/www.fiscalia.gov.co\/colombia\/wp-content\/uploads\/Caso-hurto-Neiva-1-1-1024x576.jpeg\",\"datePublished\":\"2025-09-16T20:55:56+00:00\",\"dateModified\":\"2025-09-16T20:55:56+00:00\",\"description\":\"P\u00e1gina oficial de la Fiscal\u00eda General de la Naci\u00f3n \u2013 Colombia. Garantizamos el acceso efectivo a la justicia, la verdad y la reparaci\u00f3n de las v\u00edctimas de los delitos.\",\"breadcrumb\":{\"@id\":\"https:\/\/www.fiscalia.gov.co\/colombia\/noticias\/fueron-enviados-a-la-carcel-tres-hombres-que-estarian-involucrados-en-hurtos-en-neiva\/#breadcrumb\"},\"inLanguage\":\"es-CO\",\"potentialAction\":[{\"@type\":\"ReadAction\",\"target\":[\"https:\/\/www.fiscalia.gov.co\/colombia\/noticias\/fueron-enviados-a-la-carcel-tres-hombres-que-estarian-involucrados-en-hurtos-en-neiva\/\"]}]},{\"@type\":\"ImageObject\",\"inLanguage\":\"es-CO\",\"@id\":\"https:\/\/www.fiscalia.gov.co\/colombia\/noticias\/fueron-enviados-a-la-carcel-tres-hombres-que-estarian-involucrados-en-hurtos-en-neiva\/#primaryimage\",\"url\":\"https:\/\/www.fiscalia.gov.co\/colombia\/wp-content\/uploads\/Caso-hurto-Neiva-1-1.jpeg\",\"contentUrl\":\"https:\/\/www.fiscalia.gov.co\/colombia\/wp-content\/uploads\/Caso-hurto-Neiva-1-1.jpeg\",\"width\":1600,\"height\":900,\"caption\":\"Claros Camacho y Rodr\u00edguez \u00c1lvarez habr\u00edan abordado a sus v\u00edctimas en el barrio El Limonar, sur de Neiva.\"},{\"@type\":\"BreadcrumbList\",\"@id\":\"https:\/\/www.fiscalia.gov.co\/colombia\/noticias\/fueron-enviados-a-la-carcel-tres-hombres-que-estarian-involucrados-en-hurtos-en-neiva\/#breadcrumb\",\"itemListElement\":[{\"@type\":\"ListItem\",\"position\":1,\"name\":\"Home\",\"item\":\"https:\/\/www.fiscalia.gov.co\/colombia\/\"},{\"@type\":\"ListItem\",\"position\":2,\"name\":\"Fueron enviados a la c\u00e1rcel tres hombres que estar\u00edan involucrados en hurtos en Neiva\"}]},{\"@type\":\"WebSite\",\"@id\":\"https:\/\/www.fiscalia.gov.co\/colombia\/#website\",\"url\":\"https:\/\/www.fiscalia.gov.co\/colombia\/\",\"name\":\"Fiscal\u00eda General de la Naci\u00f3n\",\"description\":\"P\u00e1gina oficial de la Fiscal\u00eda General de la Naci\u00f3n \u2013 Colombia. Garantizamos el acceso efectivo a la justicia, la verdad y la reparaci\u00f3n de las v\u00edctimas de los delitos.\",\"publisher\":{\"@id\":\"https:\/\/www.fiscalia.gov.co\/colombia\/#organization\"},\"potentialAction\":[{\"@type\":\"SearchAction\",\"target\":{\"@type\":\"EntryPoint\",\"urlTemplate\":\"https:\/\/www.fiscalia.gov.co\/colombia\/?s={search_term_string}\"},\"query-input\":{\"@type\":\"PropertyValueSpecification\",\"valueRequired\":true,\"valueName\":\"search_term_string\"}}],\"inLanguage\":\"es-CO\"},{\"@type\":\"Organization\",\"@id\":\"https:\/\/www.fiscalia.gov.co\/colombia\/#organization\",\"name\":\"Fiscal\u00eda General de la Naci\u00f3n\",\"url\":\"https:\/\/www.fiscalia.gov.co\/colombia\/\",\"logo\":{\"@type\":\"ImageObject\",\"inLanguage\":\"es-CO\",\"@id\":\"https:\/\/www.fiscalia.gov.co\/colombia\/#\/schema\/logo\/image\/\",\"url\":\"https:\/\/www.fiscalia.gov.co\/colombia\/wp-content\/uploads\/LogoHorizontal_1.jpg\",\"contentUrl\":\"https:\/\/www.fiscalia.gov.co\/colombia\/wp-content\/uploads\/LogoHorizontal_1.jpg\",\"width\":300,\"height\":90,\"caption\":\"Fiscal\u00eda General de la Naci\u00f3n\"},\"image\":{\"@id\":\"https:\/\/www.fiscalia.gov.co\/colombia\/#\/schema\/logo\/image\/\"},\"sameAs\":[\"https:\/\/www.facebook.com\/FiscaliaCol\",\"https:\/\/x.com\/FiscaliaCol\",\"https:\/\/www.instagram.com\/fiscaliacol\",\"https:\/\/www.linkedin.com\/company\/fiscalia-general-de-la-naci-n\/\",\"https:\/\/youtube.com\/@fiscaliageneraldelanacion-4668?si=6nN79nyQICPU5iTh\"]},{\"@type\":\"Person\",\"@id\":\"https:\/\/www.fiscalia.gov.co\/colombia\/#\/schema\/person\/bf84402cf293a5393e9c70b111020b24\",\"name\":\"Jordan Leandro Oviedo Anzola\",\"image\":{\"@type\":\"ImageObject\",\"inLanguage\":\"es-CO\",\"@id\":\"https:\/\/www.fiscalia.gov.co\/colombia\/#\/schema\/person\/image\/\",\"url\":\"https:\/\/secure.gravatar.com\/avatar\/dabba4346fa9b9207d96adafa8f92721?s=96&d=mm&r=g\",\"contentUrl\":\"https:\/\/secure.gravatar.com\/avatar\/dabba4346fa9b9207d96adafa8f92721?s=96&d=mm&r=g\",\"caption\":\"Jordan Leandro Oviedo Anzola\"},\"url\":\"https:\/\/www.fiscalia.gov.co\/colombia\/author\/joviedo\/\"}]}<\/script>\n<!-- \/ Yoast SEO plugin. -->","yoast_head_json":{"title":"Fiscal\u00eda General de la Naci\u00f3n","description":"P\u00e1gina oficial de la Fiscal\u00eda General de la Naci\u00f3n \u2013 Colombia. Garantizamos el acceso efectivo a la justicia, la verdad y la reparaci\u00f3n de las v\u00edctimas de los delitos.","robots":{"index":"noindex","follow":"follow"},"og_locale":"es_ES","og_type":"article","og_title":"Fiscal\u00eda General de la Naci\u00f3n","og_description":"P\u00e1gina oficial de la Fiscal\u00eda General de la Naci\u00f3n \u2013 Colombia. Garantizamos el acceso efectivo a la justicia, la verdad y la reparaci\u00f3n de las v\u00edctimas de los delitos.","og_url":"https:\/\/www.fiscalia.gov.co\/colombia\/noticias\/fueron-enviados-a-la-carcel-tres-hombres-que-estarian-involucrados-en-hurtos-en-neiva\/","og_site_name":"Fiscal\u00eda General de la Naci\u00f3n","article_publisher":"https:\/\/www.facebook.com\/FiscaliaCol","article_published_time":"2025-09-16T20:55:56+00:00","og_image":[{"width":1600,"height":900,"url":"https:\/\/www.fiscalia.gov.co\/colombia\/wp-content\/uploads\/Caso-hurto-Neiva-1-1.jpeg","type":"image\/jpeg"}],"author":"Jordan Leandro Oviedo Anzola","twitter_card":"summary_large_image","twitter_creator":"@FiscaliaCol","twitter_site":"@FiscaliaCol","twitter_misc":{"Escrito por":"Jordan Leandro Oviedo Anzola","Tiempo de lectura":"2 minutos"},"schema":{"@context":"https:\/\/schema.org","@graph":[{"@type":"Article","@id":"https:\/\/www.fiscalia.gov.co\/colombia\/noticias\/fueron-enviados-a-la-carcel-tres-hombres-que-estarian-involucrados-en-hurtos-en-neiva\/#article","isPartOf":{"@id":"https:\/\/www.fiscalia.gov.co\/colombia\/noticias\/fueron-enviados-a-la-carcel-tres-hombres-que-estarian-involucrados-en-hurtos-en-neiva\/"},"author":{"name":"Jordan Leandro Oviedo Anzola","@id":"https:\/\/www.fiscalia.gov.co\/colombia\/#\/schema\/person\/bf84402cf293a5393e9c70b111020b24"},"headline":"Fueron enviados a la c\u00e1rcel tres hombres que estar\u00edan involucrados en hurtos en Neiva","datePublished":"2025-09-16T20:55:56+00:00","dateModified":"2025-09-16T20:55:56+00:00","mainEntityOfPage":{"@id":"https:\/\/www.fiscalia.gov.co\/colombia\/noticias\/fueron-enviados-a-la-carcel-tres-hombres-que-estarian-involucrados-en-hurtos-en-neiva\/"},"wordCount":394,"publisher":{"@id":"https:\/\/www.fiscalia.gov.co\/colombia\/#organization"},"image":{"@id":"https:\/\/www.fiscalia.gov.co\/colombia\/noticias\/fueron-enviados-a-la-carcel-tres-hombres-que-estarian-involucrados-en-hurtos-en-neiva\/#primaryimage"},"thumbnailUrl":"https:\/\/www.fiscalia.gov.co\/colombia\/wp-content\/uploads\/Caso-hurto-Neiva-1-1-1024x576.jpeg","keywords":["Agravado","Amenazas","Armas de fuego","Atraco","calificado","Fiscal\u00eda General de la Naci\u00f3n","Huila","Hurto","modalidades","Neiva","Neiva (Huila)","Porte de armas","robos","Seccional Huila","Tr\u00e1fico","V\u00edctimas"],"articleSection":["Noticias","Seccional Neiva","Seccionales"],"inLanguage":"es-CO"},{"@type":"WebPage","@id":"https:\/\/www.fiscalia.gov.co\/colombia\/noticias\/fueron-enviados-a-la-carcel-tres-hombres-que-estarian-involucrados-en-hurtos-en-neiva\/","url":"https:\/\/www.fiscalia.gov.co\/colombia\/noticias\/fueron-enviados-a-la-carcel-tres-hombres-que-estarian-involucrados-en-hurtos-en-neiva\/","name":"Fiscal\u00eda General de la Naci\u00f3n","isPartOf":{"@id":"https:\/\/www.fiscalia.gov.co\/colombia\/#website"},"primaryImageOfPage":{"@id":"https:\/\/www.fiscalia.gov.co\/colombia\/noticias\/fueron-enviados-a-la-carcel-tres-hombres-que-estarian-involucrados-en-hurtos-en-neiva\/#primaryimage"},"image":{"@id":"https:\/\/www.fiscalia.gov.co\/colombia\/noticias\/fueron-enviados-a-la-carcel-tres-hombres-que-estarian-involucrados-en-hurtos-en-neiva\/#primaryimage"},"thumbnailUrl":"https:\/\/www.fiscalia.gov.co\/colombia\/wp-content\/uploads\/Caso-hurto-Neiva-1-1-1024x576.jpeg","datePublished":"2025-09-16T20:55:56+00:00","dateModified":"2025-09-16T20:55:56+00:00","description":"P\u00e1gina oficial de la Fiscal\u00eda General de la Naci\u00f3n \u2013 Colombia. Garantizamos el acceso efectivo a la justicia, la verdad y la reparaci\u00f3n de las v\u00edctimas de los delitos.","breadcrumb":{"@id":"https:\/\/www.fiscalia.gov.co\/colombia\/noticias\/fueron-enviados-a-la-carcel-tres-hombres-que-estarian-involucrados-en-hurtos-en-neiva\/#breadcrumb"},"inLanguage":"es-CO","potentialAction":[{"@type":"ReadAction","target":["https:\/\/www.fiscalia.gov.co\/colombia\/noticias\/fueron-enviados-a-la-carcel-tres-hombres-que-estarian-involucrados-en-hurtos-en-neiva\/"]}]},{"@type":"ImageObject","inLanguage":"es-CO","@id":"https:\/\/www.fiscalia.gov.co\/colombia\/noticias\/fueron-enviados-a-la-carcel-tres-hombres-que-estarian-involucrados-en-hurtos-en-neiva\/#primaryimage","url":"https:\/\/www.fiscalia.gov.co\/colombia\/wp-content\/uploads\/Caso-hurto-Neiva-1-1.jpeg","contentUrl":"https:\/\/www.fiscalia.gov.co\/colombia\/wp-content\/uploads\/Caso-hurto-Neiva-1-1.jpeg","width":1600,"height":900,"caption":"Claros Camacho y Rodr\u00edguez \u00c1lvarez habr\u00edan abordado a sus v\u00edctimas en el barrio El Limonar, sur de Neiva."},{"@type":"BreadcrumbList","@id":"https:\/\/www.fiscalia.gov.co\/colombia\/noticias\/fueron-enviados-a-la-carcel-tres-hombres-que-estarian-involucrados-en-hurtos-en-neiva\/#breadcrumb","itemListElement":[{"@type":"ListItem","position":1,"name":"Home","item":"https:\/\/www.fiscalia.gov.co\/colombia\/"},{"@type":"ListItem","position":2,"name":"Fueron enviados a la c\u00e1rcel tres hombres que estar\u00edan involucrados en hurtos en Neiva"}]},{"@type":"WebSite","@id":"https:\/\/www.fiscalia.gov.co\/colombia\/#website","url":"https:\/\/www.fiscalia.gov.co\/colombia\/","name":"Fiscal\u00eda General de la Naci\u00f3n","description":"P\u00e1gina oficial de la Fiscal\u00eda General de la Naci\u00f3n \u2013 Colombia. Garantizamos el acceso efectivo a la justicia, la verdad y la reparaci\u00f3n de las v\u00edctimas de los delitos.","publisher":{"@id":"https:\/\/www.fiscalia.gov.co\/colombia\/#organization"},"potentialAction":[{"@type":"SearchAction","target":{"@type":"EntryPoint","urlTemplate":"https:\/\/www.fiscalia.gov.co\/colombia\/?s={search_term_string}"},"query-input":{"@type":"PropertyValueSpecification","valueRequired":true,"valueName":"search_term_string"}}],"inLanguage":"es-CO"},{"@type":"Organization","@id":"https:\/\/www.fiscalia.gov.co\/colombia\/#organization","name":"Fiscal\u00eda General de la Naci\u00f3n","url":"https:\/\/www.fiscalia.gov.co\/colombia\/","logo":{"@type":"ImageObject","inLanguage":"es-CO","@id":"https:\/\/www.fiscalia.gov.co\/colombia\/#\/schema\/logo\/image\/","url":"https:\/\/www.fiscalia.gov.co\/colombia\/wp-content\/uploads\/LogoHorizontal_1.jpg","contentUrl":"https:\/\/www.fiscalia.gov.co\/colombia\/wp-content\/uploads\/LogoHorizontal_1.jpg","width":300,"height":90,"caption":"Fiscal\u00eda General de la Naci\u00f3n"},"image":{"@id":"https:\/\/www.fiscalia.gov.co\/colombia\/#\/schema\/logo\/image\/"},"sameAs":["https:\/\/www.facebook.com\/FiscaliaCol","https:\/\/x.com\/FiscaliaCol","https:\/\/www.instagram.com\/fiscaliacol","https:\/\/www.linkedin.com\/company\/fiscalia-general-de-la-naci-n\/","https:\/\/youtube.com\/@fiscaliageneraldelanacion-4668?si=6nN79nyQICPU5iTh"]},{"@type":"Person","@id":"https:\/\/www.fiscalia.gov.co\/colombia\/#\/schema\/person\/bf84402cf293a5393e9c70b111020b24","name":"Jordan Leandro Oviedo Anzola","image":{"@type":"ImageObject","inLanguage":"es-CO","@id":"https:\/\/www.fiscalia.gov.co\/colombia\/#\/schema\/person\/image\/","url":"https:\/\/secure.gravatar.com\/avatar\/dabba4346fa9b9207d96adafa8f92721?s=96&d=mm&r=g","contentUrl":"https:\/\/secure.gravatar.com\/avatar\/dabba4346fa9b9207d96adafa8f92721?s=96&d=mm&r=g","caption":"Jordan Leandro Oviedo Anzola"},"url":"https:\/\/www.fiscalia.gov.co\/colombia\/author\/joviedo\/"}]}},"_links":{"self":[{"href":"https:\/\/www.fiscalia.gov.co\/colombia\/wp-json\/wp\/v2\/posts\/323938","targetHints":{"allow":["GET"]}}],"collection":[{"href":"https:\/\/www.fiscalia.gov.co\/colombia\/wp-json\/wp\/v2\/posts"}],"about":[{"href":"https:\/\/www.fiscalia.gov.co\/colombia\/wp-json\/wp\/v2\/types\/post"}],"author":[{"embeddable":true,"href":"https:\/\/www.fiscalia.gov.co\/colombia\/wp-json\/wp\/v2\/users\/177"}],"replies":[{"embeddable":true,"href":"https:\/\/www.fiscalia.gov.co\/colombia\/wp-json\/wp\/v2\/comments?post=323938"}],"version-history":[{"count":1,"href":"https:\/\/www.fiscalia.gov.co\/colombia\/wp-json\/wp\/v2\/posts\/323938\/revisions"}],"predecessor-version":[{"id":323940,"href":"https:\/\/www.fiscalia.gov.co\/colombia\/wp-json\/wp\/v2\/posts\/323938\/revisions\/323940"}],"wp:attachment":[{"href":"https:\/\/www.fiscalia.gov.co\/colombia\/wp-json\/wp\/v2\/media?parent=323938"}],"wp:term":[{"taxonomy":"category","embeddable":true,"href":"https:\/\/www.fiscalia.gov.co\/colombia\/wp-json\/wp\/v2\/categories?post=323938"},{"taxonomy":"post_tag","embeddable":true,"href":"https:\/\/www.fiscalia.gov.co\/colombia\/wp-json\/wp\/v2\/tags?post=323938"}],"curies":[{"name":"wp","href":"https:\/\/api.w.org\/{rel}","templated":true}]}}