{"id":323928,"date":"2025-09-16T15:32:12","date_gmt":"2025-09-16T20:32:12","guid":{"rendered":"https:\/\/www.fiscalia.gov.co\/colombia\/?p=323928"},"modified":"2025-09-16T15:32:12","modified_gmt":"2025-09-16T20:32:12","slug":"en-tulua-aseguran-a-un-hombre-que-habria-abusado-sexualmente-de-una-sobrina-menor-de-edad","status":"publish","type":"post","link":"https:\/\/www.fiscalia.gov.co\/colombia\/noticias\/en-tulua-aseguran-a-un-hombre-que-habria-abusado-sexualmente-de-una-sobrina-menor-de-edad\/","title":{"rendered":"En Tulu\u00e1 aseguran a un hombre que habr\u00eda abusado sexualmente de una sobrina menor de edad"},"content":{"rendered":"<p>Tulu\u00e1 (Valle del Cauca), la Fiscal\u00eda General de la Naci\u00f3n obtuvo medida de aseguramiento en centro carcelario para un\u00a0<span lang=\"es\">hombre de 45 a\u00f1os, presuntamente responsable de incurrir en los delitos de\u00a0<\/span>acceso carnal abusivo con menor de 14 a\u00f1os; <strong>actos sexuales con menor de 14 a\u00f1os agravado.<\/strong><\/p>\n<figure id=\"attachment_323929\" aria-describedby=\"caption-attachment-323929\" style=\"width: 696px\" class=\"wp-caption aligncenter\"><img loading=\"lazy\" decoding=\"async\" class=\"size-large wp-image-323929\" src=\"https:\/\/www.fiscalia.gov.co\/colombia\/wp-content\/uploads\/gebs.-Acceso-carnal-abusivo-y-actos-sexuales-con-menor-de-14-anos.-Tulua-Valle-1024x576.jpg\" alt=\"En la fotograf\u00eda aparece de pie el presunto implicado, con los brazos atr\u00e1s. Viste camisa blanca con estampado, pantal\u00f3n gris oscuro y zapatos de color caf\u00e9 claro. Al extremo izquierdo de \u00e9l hay una servidora del CTI de la Fiscal\u00eda. Detr\u00e1s de ellos hay un pend\u00f3n institucional de la Fiscal\u00eda.\" width=\"696\" height=\"392\" srcset=\"https:\/\/www.fiscalia.gov.co\/colombia\/wp-content\/uploads\/gebs.-Acceso-carnal-abusivo-y-actos-sexuales-con-menor-de-14-anos.-Tulua-Valle-1024x576.jpg 1024w, https:\/\/www.fiscalia.gov.co\/colombia\/wp-content\/uploads\/gebs.-Acceso-carnal-abusivo-y-actos-sexuales-con-menor-de-14-anos.-Tulua-Valle-300x169.jpg 300w, https:\/\/www.fiscalia.gov.co\/colombia\/wp-content\/uploads\/gebs.-Acceso-carnal-abusivo-y-actos-sexuales-con-menor-de-14-anos.-Tulua-Valle-768x432.jpg 768w, https:\/\/www.fiscalia.gov.co\/colombia\/wp-content\/uploads\/gebs.-Acceso-carnal-abusivo-y-actos-sexuales-con-menor-de-14-anos.-Tulua-Valle-1536x864.jpg 1536w, https:\/\/www.fiscalia.gov.co\/colombia\/wp-content\/uploads\/gebs.-Acceso-carnal-abusivo-y-actos-sexuales-con-menor-de-14-anos.-Tulua-Valle-747x420.jpg 747w, https:\/\/www.fiscalia.gov.co\/colombia\/wp-content\/uploads\/gebs.-Acceso-carnal-abusivo-y-actos-sexuales-con-menor-de-14-anos.-Tulua-Valle-696x392.jpg 696w, https:\/\/www.fiscalia.gov.co\/colombia\/wp-content\/uploads\/gebs.-Acceso-carnal-abusivo-y-actos-sexuales-con-menor-de-14-anos.-Tulua-Valle-1068x601.jpg 1068w, https:\/\/www.fiscalia.gov.co\/colombia\/wp-content\/uploads\/gebs.-Acceso-carnal-abusivo-y-actos-sexuales-con-menor-de-14-anos.-Tulua-Valle.jpg 1600w\" sizes=\"auto, (max-width: 696px) 100vw, 696px\" \/><figcaption id=\"caption-attachment-323929\" class=\"wp-caption-text\">Este hombre, es se\u00f1alado de haber abusado sexualmente de su sobrina, menor de edad, en Tulu\u00e1 (Valle del Cauca).<\/figcaption><\/figure>\n<p>Los hechos investigados ocurrieron en <strong>2018 para cuando la v\u00edctima, sobrina del hoy imputado, ten\u00eda 11.<\/strong> La investigaci\u00f3n evidenci\u00f3 que las agresiones contra la menor se prolongaron hasta el 2019.<\/p>\n<p>La Fiscal\u00eda pudo establecer que el procesado, al parecer, aprovech\u00f3 su cercan\u00eda con<strong> la menor de edad para someter a vej\u00e1menes sexuales a su sobrina<\/strong>, a quien tambi\u00e9n habr\u00eda obligado a observar videos con contenido para adultos.<\/p>\n<p>El pasado 8 de septiembre servidores del Cuerpo T\u00e9cnico de Investigaci\u00f3n (CTI) capturaron al presunto agresor en una v\u00eda p\u00fablica del barrio Victoria de Tulu\u00e1.<\/p>\n<p>Por orden judicial el imputado deber\u00e1 cumplir la medida de aseguramiento en centro carcelario.<\/p>\n<p>&nbsp;<\/p>\n<p>&nbsp;<\/p>\n<p>&nbsp;<\/p>\n<p>&nbsp;<\/p>\n<p>MAP\/DSVC\/MAGA\/<\/p>\n<p>&nbsp;<\/p>\n<p>&nbsp;<\/p>\n<p>&nbsp;<\/p>\n<p>&nbsp;<\/p>\n<p>&nbsp;<\/p>\n<div class=\"td-post-content tagdiv-type\">\n<p><em>La informaci\u00f3n contenida en este bolet\u00edn de prensa corresponde a la narraci\u00f3n de los hechos noticiosos objetivos, suministrados por los funcionarios encargados de adelantar las investigaciones penales al interior de la Fiscal\u00eda General de la Naci\u00f3n. Para el momento de la divulgaci\u00f3n de este comunicado, la situaci\u00f3n jur\u00eddica de la(s) persona(s) relacionada(s) se encuentra pendiente de resolver por la autoridad judicial competente, siempre bajo los preceptos de la presunci\u00f3n de inocencia, consagrados en el art\u00edculo 29 de la Constituci\u00f3n Pol\u00edtica y el art\u00edculo 7\u00ba de la Ley 906 de 2004.<\/em><\/p>\n<\/div>\n<footer>\n<div class=\"td-post-source-tags\"><\/div>\n<div class=\"td-post-sharing-bottom\"><\/div>\n<\/footer>\n\n<div class=\"twitter-share\"><a href=\"https:\/\/twitter.com\/intent\/tweet?via=fiscaliacol\" class=\"twitter-share-button\">Tweet<\/a><\/div>\n","protected":false},"excerpt":{"rendered":"<p>Tulu\u00e1 (Valle del Cauca), la Fiscal\u00eda General de la Naci\u00f3n obtuvo medida de aseguramiento en centro carcelario para un\u00a0hombre de 45 a\u00f1os, presuntamente responsable de incurrir en los delitos de\u00a0acceso [&hellip;]<\/p>\n","protected":false},"author":177,"featured_media":0,"comment_status":"closed","ping_status":"open","sticky":false,"template":"","format":"standard","meta":{"tdm_status":"","tdm_grid_status":"","footnotes":""},"categories":[1,324,303],"tags":[801,37492,1047,932,13605,24046],"class_list":["post-323928","post","type-post","status-publish","format-standard","category-noticias","category-seccional-cali","category-seccionales","tag-abuso-sexual","tag-fiscal-luz-adriana-camargo","tag-fiscalia-general-de-la-nacion","tag-mensor-de-edad","tag-sobrina","tag-tulua-valle-del-cauca"],"yoast_head":"<!-- This site is optimized with the Yoast SEO plugin v24.3 - https:\/\/yoast.com\/wordpress\/plugins\/seo\/ -->\n<title>Fiscal\u00eda General de la Naci\u00f3n<\/title>\n<meta name=\"description\" content=\"P\u00e1gina oficial de la Fiscal\u00eda General de la Naci\u00f3n \u2013 Colombia. Garantizamos el acceso efectivo a la justicia, la verdad y la reparaci\u00f3n de las v\u00edctimas de los delitos.\" \/>\n<meta name=\"robots\" content=\"noindex, follow\" \/>\n<meta property=\"og:locale\" content=\"es_ES\" \/>\n<meta property=\"og:type\" content=\"article\" \/>\n<meta property=\"og:title\" content=\"Fiscal\u00eda General de la Naci\u00f3n\" \/>\n<meta property=\"og:description\" content=\"P\u00e1gina oficial de la Fiscal\u00eda General de la Naci\u00f3n \u2013 Colombia. Garantizamos el acceso efectivo a la justicia, la verdad y la reparaci\u00f3n de las v\u00edctimas de los delitos.\" \/>\n<meta property=\"og:url\" content=\"https:\/\/www.fiscalia.gov.co\/colombia\/noticias\/en-tulua-aseguran-a-un-hombre-que-habria-abusado-sexualmente-de-una-sobrina-menor-de-edad\/\" \/>\n<meta property=\"og:site_name\" content=\"Fiscal\u00eda General de la Naci\u00f3n\" \/>\n<meta property=\"article:publisher\" content=\"https:\/\/www.facebook.com\/FiscaliaCol\" \/>\n<meta property=\"article:published_time\" content=\"2025-09-16T20:32:12+00:00\" \/>\n<meta property=\"og:image\" content=\"https:\/\/www.fiscalia.gov.co\/colombia\/wp-content\/uploads\/gebs.-Acceso-carnal-abusivo-y-actos-sexuales-con-menor-de-14-anos.-Tulua-Valle.jpg\" \/>\n\t<meta property=\"og:image:width\" content=\"1600\" \/>\n\t<meta property=\"og:image:height\" content=\"900\" \/>\n\t<meta property=\"og:image:type\" content=\"image\/jpeg\" \/>\n<meta name=\"author\" content=\"Jordan Leandro Oviedo Anzola\" \/>\n<meta name=\"twitter:card\" content=\"summary_large_image\" \/>\n<meta name=\"twitter:creator\" content=\"@FiscaliaCol\" \/>\n<meta name=\"twitter:site\" content=\"@FiscaliaCol\" \/>\n<meta name=\"twitter:label1\" content=\"Escrito por\" \/>\n\t<meta name=\"twitter:data1\" content=\"Jordan Leandro Oviedo Anzola\" \/>\n\t<meta name=\"twitter:label2\" content=\"Tiempo de lectura\" \/>\n\t<meta name=\"twitter:data2\" content=\"2 minutos\" \/>\n<script type=\"application\/ld+json\" class=\"yoast-schema-graph\">{\"@context\":\"https:\/\/schema.org\",\"@graph\":[{\"@type\":\"Article\",\"@id\":\"https:\/\/www.fiscalia.gov.co\/colombia\/noticias\/en-tulua-aseguran-a-un-hombre-que-habria-abusado-sexualmente-de-una-sobrina-menor-de-edad\/#article\",\"isPartOf\":{\"@id\":\"https:\/\/www.fiscalia.gov.co\/colombia\/noticias\/en-tulua-aseguran-a-un-hombre-que-habria-abusado-sexualmente-de-una-sobrina-menor-de-edad\/\"},\"author\":{\"name\":\"Jordan Leandro Oviedo Anzola\",\"@id\":\"https:\/\/www.fiscalia.gov.co\/colombia\/#\/schema\/person\/bf84402cf293a5393e9c70b111020b24\"},\"headline\":\"En Tulu\u00e1 aseguran a un hombre que habr\u00eda abusado sexualmente de una sobrina menor de edad\",\"datePublished\":\"2025-09-16T20:32:12+00:00\",\"dateModified\":\"2025-09-16T20:32:12+00:00\",\"mainEntityOfPage\":{\"@id\":\"https:\/\/www.fiscalia.gov.co\/colombia\/noticias\/en-tulua-aseguran-a-un-hombre-que-habria-abusado-sexualmente-de-una-sobrina-menor-de-edad\/\"},\"wordCount\":321,\"publisher\":{\"@id\":\"https:\/\/www.fiscalia.gov.co\/colombia\/#organization\"},\"image\":{\"@id\":\"https:\/\/www.fiscalia.gov.co\/colombia\/noticias\/en-tulua-aseguran-a-un-hombre-que-habria-abusado-sexualmente-de-una-sobrina-menor-de-edad\/#primaryimage\"},\"thumbnailUrl\":\"https:\/\/www.fiscalia.gov.co\/colombia\/wp-content\/uploads\/gebs.-Acceso-carnal-abusivo-y-actos-sexuales-con-menor-de-14-anos.-Tulua-Valle-1024x576.jpg\",\"keywords\":[\"Abuso sexual\",\"Fiscal Luz Adriana Camargo\",\"Fiscal\u00eda General de la Naci\u00f3n\",\"Menor de edad\",\"Sobrina\",\"Tulu\u00e1 (Valle del Cauca)\"],\"articleSection\":[\"Noticias\",\"Seccional Cali\",\"Seccionales\"],\"inLanguage\":\"es-CO\"},{\"@type\":\"WebPage\",\"@id\":\"https:\/\/www.fiscalia.gov.co\/colombia\/noticias\/en-tulua-aseguran-a-un-hombre-que-habria-abusado-sexualmente-de-una-sobrina-menor-de-edad\/\",\"url\":\"https:\/\/www.fiscalia.gov.co\/colombia\/noticias\/en-tulua-aseguran-a-un-hombre-que-habria-abusado-sexualmente-de-una-sobrina-menor-de-edad\/\",\"name\":\"Fiscal\u00eda General de la Naci\u00f3n\",\"isPartOf\":{\"@id\":\"https:\/\/www.fiscalia.gov.co\/colombia\/#website\"},\"primaryImageOfPage\":{\"@id\":\"https:\/\/www.fiscalia.gov.co\/colombia\/noticias\/en-tulua-aseguran-a-un-hombre-que-habria-abusado-sexualmente-de-una-sobrina-menor-de-edad\/#primaryimage\"},\"image\":{\"@id\":\"https:\/\/www.fiscalia.gov.co\/colombia\/noticias\/en-tulua-aseguran-a-un-hombre-que-habria-abusado-sexualmente-de-una-sobrina-menor-de-edad\/#primaryimage\"},\"thumbnailUrl\":\"https:\/\/www.fiscalia.gov.co\/colombia\/wp-content\/uploads\/gebs.-Acceso-carnal-abusivo-y-actos-sexuales-con-menor-de-14-anos.-Tulua-Valle-1024x576.jpg\",\"datePublished\":\"2025-09-16T20:32:12+00:00\",\"dateModified\":\"2025-09-16T20:32:12+00:00\",\"description\":\"P\u00e1gina oficial de la Fiscal\u00eda General de la Naci\u00f3n \u2013 Colombia. Garantizamos el acceso efectivo a la justicia, la verdad y la reparaci\u00f3n de las v\u00edctimas de los delitos.\",\"breadcrumb\":{\"@id\":\"https:\/\/www.fiscalia.gov.co\/colombia\/noticias\/en-tulua-aseguran-a-un-hombre-que-habria-abusado-sexualmente-de-una-sobrina-menor-de-edad\/#breadcrumb\"},\"inLanguage\":\"es-CO\",\"potentialAction\":[{\"@type\":\"ReadAction\",\"target\":[\"https:\/\/www.fiscalia.gov.co\/colombia\/noticias\/en-tulua-aseguran-a-un-hombre-que-habria-abusado-sexualmente-de-una-sobrina-menor-de-edad\/\"]}]},{\"@type\":\"ImageObject\",\"inLanguage\":\"es-CO\",\"@id\":\"https:\/\/www.fiscalia.gov.co\/colombia\/noticias\/en-tulua-aseguran-a-un-hombre-que-habria-abusado-sexualmente-de-una-sobrina-menor-de-edad\/#primaryimage\",\"url\":\"https:\/\/www.fiscalia.gov.co\/colombia\/wp-content\/uploads\/gebs.-Acceso-carnal-abusivo-y-actos-sexuales-con-menor-de-14-anos.-Tulua-Valle.jpg\",\"contentUrl\":\"https:\/\/www.fiscalia.gov.co\/colombia\/wp-content\/uploads\/gebs.-Acceso-carnal-abusivo-y-actos-sexuales-con-menor-de-14-anos.-Tulua-Valle.jpg\",\"width\":1600,\"height\":900,\"caption\":\"Este hombre, es se\u00f1alado de haber abusado sexualmente de su sobrina, menor de edad, en Tulu\u00e1 (Valle del Cauca).\"},{\"@type\":\"BreadcrumbList\",\"@id\":\"https:\/\/www.fiscalia.gov.co\/colombia\/noticias\/en-tulua-aseguran-a-un-hombre-que-habria-abusado-sexualmente-de-una-sobrina-menor-de-edad\/#breadcrumb\",\"itemListElement\":[{\"@type\":\"ListItem\",\"position\":1,\"name\":\"Home\",\"item\":\"https:\/\/www.fiscalia.gov.co\/colombia\/\"},{\"@type\":\"ListItem\",\"position\":2,\"name\":\"En Tulu\u00e1 aseguran a un hombre que habr\u00eda abusado sexualmente de una sobrina menor de edad\"}]},{\"@type\":\"WebSite\",\"@id\":\"https:\/\/www.fiscalia.gov.co\/colombia\/#website\",\"url\":\"https:\/\/www.fiscalia.gov.co\/colombia\/\",\"name\":\"Fiscal\u00eda General de la Naci\u00f3n\",\"description\":\"P\u00e1gina oficial de la Fiscal\u00eda General de la Naci\u00f3n \u2013 Colombia. Garantizamos el acceso efectivo a la justicia, la verdad y la reparaci\u00f3n de las v\u00edctimas de los delitos.\",\"publisher\":{\"@id\":\"https:\/\/www.fiscalia.gov.co\/colombia\/#organization\"},\"potentialAction\":[{\"@type\":\"SearchAction\",\"target\":{\"@type\":\"EntryPoint\",\"urlTemplate\":\"https:\/\/www.fiscalia.gov.co\/colombia\/?s={search_term_string}\"},\"query-input\":{\"@type\":\"PropertyValueSpecification\",\"valueRequired\":true,\"valueName\":\"search_term_string\"}}],\"inLanguage\":\"es-CO\"},{\"@type\":\"Organization\",\"@id\":\"https:\/\/www.fiscalia.gov.co\/colombia\/#organization\",\"name\":\"Fiscal\u00eda General de la Naci\u00f3n\",\"url\":\"https:\/\/www.fiscalia.gov.co\/colombia\/\",\"logo\":{\"@type\":\"ImageObject\",\"inLanguage\":\"es-CO\",\"@id\":\"https:\/\/www.fiscalia.gov.co\/colombia\/#\/schema\/logo\/image\/\",\"url\":\"https:\/\/www.fiscalia.gov.co\/colombia\/wp-content\/uploads\/LogoHorizontal_1.jpg\",\"contentUrl\":\"https:\/\/www.fiscalia.gov.co\/colombia\/wp-content\/uploads\/LogoHorizontal_1.jpg\",\"width\":300,\"height\":90,\"caption\":\"Fiscal\u00eda General de la Naci\u00f3n\"},\"image\":{\"@id\":\"https:\/\/www.fiscalia.gov.co\/colombia\/#\/schema\/logo\/image\/\"},\"sameAs\":[\"https:\/\/www.facebook.com\/FiscaliaCol\",\"https:\/\/x.com\/FiscaliaCol\",\"https:\/\/www.instagram.com\/fiscaliacol\",\"https:\/\/www.linkedin.com\/company\/fiscalia-general-de-la-naci-n\/\",\"https:\/\/youtube.com\/@fiscaliageneraldelanacion-4668?si=6nN79nyQICPU5iTh\"]},{\"@type\":\"Person\",\"@id\":\"https:\/\/www.fiscalia.gov.co\/colombia\/#\/schema\/person\/bf84402cf293a5393e9c70b111020b24\",\"name\":\"Jordan Leandro Oviedo Anzola\",\"image\":{\"@type\":\"ImageObject\",\"inLanguage\":\"es-CO\",\"@id\":\"https:\/\/www.fiscalia.gov.co\/colombia\/#\/schema\/person\/image\/\",\"url\":\"https:\/\/secure.gravatar.com\/avatar\/dabba4346fa9b9207d96adafa8f92721?s=96&d=mm&r=g\",\"contentUrl\":\"https:\/\/secure.gravatar.com\/avatar\/dabba4346fa9b9207d96adafa8f92721?s=96&d=mm&r=g\",\"caption\":\"Jordan Leandro Oviedo Anzola\"},\"url\":\"https:\/\/www.fiscalia.gov.co\/colombia\/author\/joviedo\/\"}]}<\/script>\n<!-- \/ Yoast SEO plugin. -->","yoast_head_json":{"title":"Fiscal\u00eda General de la Naci\u00f3n","description":"P\u00e1gina oficial de la Fiscal\u00eda General de la Naci\u00f3n \u2013 Colombia. Garantizamos el acceso efectivo a la justicia, la verdad y la reparaci\u00f3n de las v\u00edctimas de los delitos.","robots":{"index":"noindex","follow":"follow"},"og_locale":"es_ES","og_type":"article","og_title":"Fiscal\u00eda General de la Naci\u00f3n","og_description":"P\u00e1gina oficial de la Fiscal\u00eda General de la Naci\u00f3n \u2013 Colombia. Garantizamos el acceso efectivo a la justicia, la verdad y la reparaci\u00f3n de las v\u00edctimas de los delitos.","og_url":"https:\/\/www.fiscalia.gov.co\/colombia\/noticias\/en-tulua-aseguran-a-un-hombre-que-habria-abusado-sexualmente-de-una-sobrina-menor-de-edad\/","og_site_name":"Fiscal\u00eda General de la Naci\u00f3n","article_publisher":"https:\/\/www.facebook.com\/FiscaliaCol","article_published_time":"2025-09-16T20:32:12+00:00","og_image":[{"width":1600,"height":900,"url":"https:\/\/www.fiscalia.gov.co\/colombia\/wp-content\/uploads\/gebs.-Acceso-carnal-abusivo-y-actos-sexuales-con-menor-de-14-anos.-Tulua-Valle.jpg","type":"image\/jpeg"}],"author":"Jordan Leandro Oviedo Anzola","twitter_card":"summary_large_image","twitter_creator":"@FiscaliaCol","twitter_site":"@FiscaliaCol","twitter_misc":{"Escrito por":"Jordan Leandro Oviedo Anzola","Tiempo de lectura":"2 minutos"},"schema":{"@context":"https:\/\/schema.org","@graph":[{"@type":"Article","@id":"https:\/\/www.fiscalia.gov.co\/colombia\/noticias\/en-tulua-aseguran-a-un-hombre-que-habria-abusado-sexualmente-de-una-sobrina-menor-de-edad\/#article","isPartOf":{"@id":"https:\/\/www.fiscalia.gov.co\/colombia\/noticias\/en-tulua-aseguran-a-un-hombre-que-habria-abusado-sexualmente-de-una-sobrina-menor-de-edad\/"},"author":{"name":"Jordan Leandro Oviedo Anzola","@id":"https:\/\/www.fiscalia.gov.co\/colombia\/#\/schema\/person\/bf84402cf293a5393e9c70b111020b24"},"headline":"En Tulu\u00e1 aseguran a un hombre que habr\u00eda abusado sexualmente de una sobrina menor de edad","datePublished":"2025-09-16T20:32:12+00:00","dateModified":"2025-09-16T20:32:12+00:00","mainEntityOfPage":{"@id":"https:\/\/www.fiscalia.gov.co\/colombia\/noticias\/en-tulua-aseguran-a-un-hombre-que-habria-abusado-sexualmente-de-una-sobrina-menor-de-edad\/"},"wordCount":321,"publisher":{"@id":"https:\/\/www.fiscalia.gov.co\/colombia\/#organization"},"image":{"@id":"https:\/\/www.fiscalia.gov.co\/colombia\/noticias\/en-tulua-aseguran-a-un-hombre-que-habria-abusado-sexualmente-de-una-sobrina-menor-de-edad\/#primaryimage"},"thumbnailUrl":"https:\/\/www.fiscalia.gov.co\/colombia\/wp-content\/uploads\/gebs.-Acceso-carnal-abusivo-y-actos-sexuales-con-menor-de-14-anos.-Tulua-Valle-1024x576.jpg","keywords":["Abuso sexual","Fiscal Luz Adriana Camargo","Fiscal\u00eda General de la Naci\u00f3n","Menor de edad","Sobrina","Tulu\u00e1 (Valle del Cauca)"],"articleSection":["Noticias","Seccional Cali","Seccionales"],"inLanguage":"es-CO"},{"@type":"WebPage","@id":"https:\/\/www.fiscalia.gov.co\/colombia\/noticias\/en-tulua-aseguran-a-un-hombre-que-habria-abusado-sexualmente-de-una-sobrina-menor-de-edad\/","url":"https:\/\/www.fiscalia.gov.co\/colombia\/noticias\/en-tulua-aseguran-a-un-hombre-que-habria-abusado-sexualmente-de-una-sobrina-menor-de-edad\/","name":"Fiscal\u00eda General de la Naci\u00f3n","isPartOf":{"@id":"https:\/\/www.fiscalia.gov.co\/colombia\/#website"},"primaryImageOfPage":{"@id":"https:\/\/www.fiscalia.gov.co\/colombia\/noticias\/en-tulua-aseguran-a-un-hombre-que-habria-abusado-sexualmente-de-una-sobrina-menor-de-edad\/#primaryimage"},"image":{"@id":"https:\/\/www.fiscalia.gov.co\/colombia\/noticias\/en-tulua-aseguran-a-un-hombre-que-habria-abusado-sexualmente-de-una-sobrina-menor-de-edad\/#primaryimage"},"thumbnailUrl":"https:\/\/www.fiscalia.gov.co\/colombia\/wp-content\/uploads\/gebs.-Acceso-carnal-abusivo-y-actos-sexuales-con-menor-de-14-anos.-Tulua-Valle-1024x576.jpg","datePublished":"2025-09-16T20:32:12+00:00","dateModified":"2025-09-16T20:32:12+00:00","description":"P\u00e1gina oficial de la Fiscal\u00eda General de la Naci\u00f3n \u2013 Colombia. Garantizamos el acceso efectivo a la justicia, la verdad y la reparaci\u00f3n de las v\u00edctimas de los delitos.","breadcrumb":{"@id":"https:\/\/www.fiscalia.gov.co\/colombia\/noticias\/en-tulua-aseguran-a-un-hombre-que-habria-abusado-sexualmente-de-una-sobrina-menor-de-edad\/#breadcrumb"},"inLanguage":"es-CO","potentialAction":[{"@type":"ReadAction","target":["https:\/\/www.fiscalia.gov.co\/colombia\/noticias\/en-tulua-aseguran-a-un-hombre-que-habria-abusado-sexualmente-de-una-sobrina-menor-de-edad\/"]}]},{"@type":"ImageObject","inLanguage":"es-CO","@id":"https:\/\/www.fiscalia.gov.co\/colombia\/noticias\/en-tulua-aseguran-a-un-hombre-que-habria-abusado-sexualmente-de-una-sobrina-menor-de-edad\/#primaryimage","url":"https:\/\/www.fiscalia.gov.co\/colombia\/wp-content\/uploads\/gebs.-Acceso-carnal-abusivo-y-actos-sexuales-con-menor-de-14-anos.-Tulua-Valle.jpg","contentUrl":"https:\/\/www.fiscalia.gov.co\/colombia\/wp-content\/uploads\/gebs.-Acceso-carnal-abusivo-y-actos-sexuales-con-menor-de-14-anos.-Tulua-Valle.jpg","width":1600,"height":900,"caption":"Este hombre, es se\u00f1alado de haber abusado sexualmente de su sobrina, menor de edad, en Tulu\u00e1 (Valle del Cauca)."},{"@type":"BreadcrumbList","@id":"https:\/\/www.fiscalia.gov.co\/colombia\/noticias\/en-tulua-aseguran-a-un-hombre-que-habria-abusado-sexualmente-de-una-sobrina-menor-de-edad\/#breadcrumb","itemListElement":[{"@type":"ListItem","position":1,"name":"Home","item":"https:\/\/www.fiscalia.gov.co\/colombia\/"},{"@type":"ListItem","position":2,"name":"En Tulu\u00e1 aseguran a un hombre que habr\u00eda abusado sexualmente de una sobrina menor de edad"}]},{"@type":"WebSite","@id":"https:\/\/www.fiscalia.gov.co\/colombia\/#website","url":"https:\/\/www.fiscalia.gov.co\/colombia\/","name":"Fiscal\u00eda General de la Naci\u00f3n","description":"P\u00e1gina oficial de la Fiscal\u00eda General de la Naci\u00f3n \u2013 Colombia. Garantizamos el acceso efectivo a la justicia, la verdad y la reparaci\u00f3n de las v\u00edctimas de los delitos.","publisher":{"@id":"https:\/\/www.fiscalia.gov.co\/colombia\/#organization"},"potentialAction":[{"@type":"SearchAction","target":{"@type":"EntryPoint","urlTemplate":"https:\/\/www.fiscalia.gov.co\/colombia\/?s={search_term_string}"},"query-input":{"@type":"PropertyValueSpecification","valueRequired":true,"valueName":"search_term_string"}}],"inLanguage":"es-CO"},{"@type":"Organization","@id":"https:\/\/www.fiscalia.gov.co\/colombia\/#organization","name":"Fiscal\u00eda General de la Naci\u00f3n","url":"https:\/\/www.fiscalia.gov.co\/colombia\/","logo":{"@type":"ImageObject","inLanguage":"es-CO","@id":"https:\/\/www.fiscalia.gov.co\/colombia\/#\/schema\/logo\/image\/","url":"https:\/\/www.fiscalia.gov.co\/colombia\/wp-content\/uploads\/LogoHorizontal_1.jpg","contentUrl":"https:\/\/www.fiscalia.gov.co\/colombia\/wp-content\/uploads\/LogoHorizontal_1.jpg","width":300,"height":90,"caption":"Fiscal\u00eda General de la Naci\u00f3n"},"image":{"@id":"https:\/\/www.fiscalia.gov.co\/colombia\/#\/schema\/logo\/image\/"},"sameAs":["https:\/\/www.facebook.com\/FiscaliaCol","https:\/\/x.com\/FiscaliaCol","https:\/\/www.instagram.com\/fiscaliacol","https:\/\/www.linkedin.com\/company\/fiscalia-general-de-la-naci-n\/","https:\/\/youtube.com\/@fiscaliageneraldelanacion-4668?si=6nN79nyQICPU5iTh"]},{"@type":"Person","@id":"https:\/\/www.fiscalia.gov.co\/colombia\/#\/schema\/person\/bf84402cf293a5393e9c70b111020b24","name":"Jordan Leandro Oviedo Anzola","image":{"@type":"ImageObject","inLanguage":"es-CO","@id":"https:\/\/www.fiscalia.gov.co\/colombia\/#\/schema\/person\/image\/","url":"https:\/\/secure.gravatar.com\/avatar\/dabba4346fa9b9207d96adafa8f92721?s=96&d=mm&r=g","contentUrl":"https:\/\/secure.gravatar.com\/avatar\/dabba4346fa9b9207d96adafa8f92721?s=96&d=mm&r=g","caption":"Jordan Leandro Oviedo Anzola"},"url":"https:\/\/www.fiscalia.gov.co\/colombia\/author\/joviedo\/"}]}},"_links":{"self":[{"href":"https:\/\/www.fiscalia.gov.co\/colombia\/wp-json\/wp\/v2\/posts\/323928","targetHints":{"allow":["GET"]}}],"collection":[{"href":"https:\/\/www.fiscalia.gov.co\/colombia\/wp-json\/wp\/v2\/posts"}],"about":[{"href":"https:\/\/www.fiscalia.gov.co\/colombia\/wp-json\/wp\/v2\/types\/post"}],"author":[{"embeddable":true,"href":"https:\/\/www.fiscalia.gov.co\/colombia\/wp-json\/wp\/v2\/users\/177"}],"replies":[{"embeddable":true,"href":"https:\/\/www.fiscalia.gov.co\/colombia\/wp-json\/wp\/v2\/comments?post=323928"}],"version-history":[{"count":1,"href":"https:\/\/www.fiscalia.gov.co\/colombia\/wp-json\/wp\/v2\/posts\/323928\/revisions"}],"predecessor-version":[{"id":323930,"href":"https:\/\/www.fiscalia.gov.co\/colombia\/wp-json\/wp\/v2\/posts\/323928\/revisions\/323930"}],"wp:attachment":[{"href":"https:\/\/www.fiscalia.gov.co\/colombia\/wp-json\/wp\/v2\/media?parent=323928"}],"wp:term":[{"taxonomy":"category","embeddable":true,"href":"https:\/\/www.fiscalia.gov.co\/colombia\/wp-json\/wp\/v2\/categories?post=323928"},{"taxonomy":"post_tag","embeddable":true,"href":"https:\/\/www.fiscalia.gov.co\/colombia\/wp-json\/wp\/v2\/tags?post=323928"}],"curies":[{"name":"wp","href":"https:\/\/api.w.org\/{rel}","templated":true}]}}