{"id":323523,"date":"2025-09-10T11:21:09","date_gmt":"2025-09-10T16:21:09","guid":{"rendered":"https:\/\/www.fiscalia.gov.co\/colombia\/?p=323523"},"modified":"2025-09-10T16:49:43","modified_gmt":"2025-09-10T21:49:43","slug":"vinculados-exdirectores-de-la-dijin-y-del-inpec-entre-otros-exfuncionarios-por-los-hechos-de-violencia-contra-la-periodista-jineth-bedoya-lima","status":"publish","type":"post","link":"https:\/\/www.fiscalia.gov.co\/colombia\/noticias\/vinculados-exdirectores-de-la-dijin-y-del-inpec-entre-otros-exfuncionarios-por-los-hechos-de-violencia-contra-la-periodista-jineth-bedoya-lima\/","title":{"rendered":"Vinculados exdirectores de la Dijin y del Inpec, entre otros exfuncionarios, por los hechos de violencia contra la periodista Jineth Bedoya Lima"},"content":{"rendered":"<blockquote>\n<h4><em>Son se\u00f1alados de omitir sus deberes constitucionales y permitir el actuar delictivo de paramilitares privados de la libertad en la c\u00e1rcel La Modelo de Bogot\u00e1, donde concertaron las agresiones contra la comunicadora.<\/em><\/h4>\n<\/blockquote>\n<p>La <strong>Fiscal\u00eda General de la Naci\u00f3n<\/strong> orden\u00f3 vincular a la <strong>investigaci\u00f3n<\/strong> por los hechos violentos contra la <strong>periodista Jineth Bedoya Lima<\/strong>, ocurridos el 25 de mayo de 2000, al exdirector de la <strong>Dijin de la Polic\u00eda Nacional<\/strong>, general en retiro Jos\u00e9 Leonardo Gallego Castrill\u00f3n; al exdirector del <strong>Instituto Nacional Penitenciario y Carcelario (Inpec)<\/strong>, general en retiro Fabio Campos Silva; al exsubdirector del Inpec, Luis Bernardo Maldonado Bernate; al exasesor de la Direcci\u00f3n del<strong> Inpec<\/strong>, Jaime Gallo Zuleta; al exdirector de la c\u00e1rcel La Modelo de Bogot\u00e1, Reinaldo Fierro Rico; y un exintegrante del Frente Capital de las <strong>Autodefensas Unidas de Colombia (AUC)<\/strong>.<\/p>\n<p>Una fiscal del<strong> Grupo de Compulsa de Copias de la Direcci\u00f3n de Justicia Transicional<\/strong> estableci\u00f3 que los agentes del Estado, en ejercicio de sus cargos, habr\u00edan omitido sus funciones, permitido el ingreso a la<strong> c\u00e1rcel La Modelo de Bogot\u00e1<\/strong> de armas de fuego y elementos prohibidos por el Reglamento Penitenciario, y facilitado el actuar delictivo de paramilitares privados de la libertad.<\/p>\n<p>Los hechos denunciados dan cuenta de que Bedoya Lima fue v\u00edctima seguimientos, previamente planificados en distintas reuniones entre internos de<strong> La Modelo<\/strong>, y de fragmentos de violencia sistem\u00e1tica, sexismo y hostigamiento, de cara a su ejercicio period\u00edstico y por su condici\u00f3n de mujer. Esto ocurri\u00f3 con la posible mirada complaciente de integrantes de la fuerza p\u00fablica y otros agentes del <strong>Estado.<\/strong><\/p>\n<p>Por estos hechos, los cinco exfuncionarios y Basto Bernal ser\u00e1n vinculados por los delitos de concierto para delinquir agravado, secuestro extorsivo agravado, tortura y acceso carnal violento agravado. Este proceso avanza de acuerdo con los par\u00e1metros de la Ley 600 de 2000, sin perjuicio de la competencia de la <strong>Jurisdicci\u00f3n Especial para la paz (JEP).<\/strong><\/p>\n<p>Esta informaci\u00f3n se publica por razones de inter\u00e9s general.<\/p>\n<p>LKSC\/JARG\/DMSS\/JAD\/DJT.<\/p>\n<p>&nbsp;<\/p>\n<p><em>La informaci\u00f3n contenida en este bolet\u00edn de prensa corresponde a la narraci\u00f3n de los hechos noticiosos objetivos, suministrados por los funcionarios encargados de adelantar las investigaciones penales al interior de la Fiscal\u00eda General de la Naci\u00f3n. Para el momento de la divulgaci\u00f3n de este comunicado, la situaci\u00f3n jur\u00eddica de la(s) persona(s) relacionada(s) se encuentra pendiente de resolver por la autoridad judicial competente, siempre bajo los preceptos de la presunci\u00f3n de inocencia, consagrados en el art\u00edculo 29 de la Constituci\u00f3n Pol\u00edtica y el art\u00edculo 7\u00ba de la Ley 906 de 2004.<\/em><\/p>\n<p>&nbsp;<\/p>\n\n<div class=\"twitter-share\"><a href=\"https:\/\/twitter.com\/intent\/tweet?via=fiscaliacol\" class=\"twitter-share-button\">Tweet<\/a><\/div>\n","protected":false},"excerpt":{"rendered":"<p>Son se\u00f1alados de omitir sus deberes constitucionales y permitir el actuar delictivo de paramilitares privados de la libertad en la c\u00e1rcel La Modelo de Bogot\u00e1, donde concertaron las agresiones contra [&hellip;]<\/p>\n","protected":false},"author":182,"featured_media":0,"comment_status":"closed","ping_status":"open","sticky":false,"template":"","format":"standard","meta":{"tdm_status":"","tdm_grid_status":"","footnotes":""},"categories":[24101,1],"tags":[42702,11535,13173,4017,42717,7336,7396,42721,42714,42709,42711,42703,42705,42713,42707,42706,1047,10355,42715,41174,10360,42710,24488,42701,42704,19908,28999,42708,42716,42718,42712,13239,42719,42720,23976,29835],"class_list":["post-323523","post","type-post","status-publish","format-standard","category-justicia-transicional","category-noticias","tag-25-de-mayo-de-2000","tag-acceso-carnal-violento-agravado","tag-agentes-del-estado","tag-armas-de-fuego","tag-carcel-la-modelo-bogota","tag-concierto-para-delinquir-agravado","tag-direccion-de-justicia-transicional","tag-ejercicio-periodistico","tag-evangelista-basto-bernal","tag-exasesor-inpec","tag-exdirector-carcel-la-modelo","tag-exdirector-dijin","tag-exdirector-inpec","tag-exintegrante-auc","tag-exsubdirector-inpec","tag-fabio-campos-silva","tag-fiscalia-general-de-la-nacion","tag-fuerza-publica","tag-grupo-de-compulsa-de-copias","tag-hechos-violentos","tag-hostigamiento","tag-jaime-gallo-zuleta","tag-jep","tag-jineth-bedoya-lima","tag-jose-leonardo-gallego-castrillon","tag-jurisdiccion-especial-para-la-paz","tag-ley-600-de-2000","tag-luis-bernardo-maldonado-bernate","tag-omision-de-funciones","tag-paramilitares-privados-de-la-libertad","tag-reinaldo-fierro-rico","tag-secuestro-extorsivo-agravado","tag-seguimientos","tag-sexismo","tag-tortura","tag-violencia-sistematica"],"yoast_head":"<!-- This site is optimized with the Yoast SEO plugin v24.3 - https:\/\/yoast.com\/wordpress\/plugins\/seo\/ -->\n<title>Fiscal\u00eda General de la Naci\u00f3n<\/title>\n<meta name=\"description\" content=\"P\u00e1gina oficial de la Fiscal\u00eda General de la Naci\u00f3n \u2013 Colombia. Garantizamos el acceso efectivo a la justicia, la verdad y la reparaci\u00f3n de las v\u00edctimas de los delitos.\" \/>\n<meta name=\"robots\" content=\"noindex, follow\" \/>\n<meta property=\"og:locale\" content=\"es_ES\" \/>\n<meta property=\"og:type\" content=\"article\" \/>\n<meta property=\"og:title\" content=\"Fiscal\u00eda General de la Naci\u00f3n\" \/>\n<meta property=\"og:description\" content=\"P\u00e1gina oficial de la Fiscal\u00eda General de la Naci\u00f3n \u2013 Colombia. Garantizamos el acceso efectivo a la justicia, la verdad y la reparaci\u00f3n de las v\u00edctimas de los delitos.\" \/>\n<meta property=\"og:url\" content=\"https:\/\/www.fiscalia.gov.co\/colombia\/noticias\/vinculados-exdirectores-de-la-dijin-y-del-inpec-entre-otros-exfuncionarios-por-los-hechos-de-violencia-contra-la-periodista-jineth-bedoya-lima\/\" \/>\n<meta property=\"og:site_name\" content=\"Fiscal\u00eda General de la Naci\u00f3n\" \/>\n<meta property=\"article:publisher\" content=\"https:\/\/www.facebook.com\/FiscaliaCol\" \/>\n<meta property=\"article:published_time\" content=\"2025-09-10T16:21:09+00:00\" \/>\n<meta property=\"article:modified_time\" content=\"2025-09-10T21:49:43+00:00\" \/>\n<meta name=\"author\" content=\"Paula Andrea Castillo Lenis\" \/>\n<meta name=\"twitter:card\" content=\"summary_large_image\" \/>\n<meta name=\"twitter:creator\" content=\"@FiscaliaCol\" \/>\n<meta name=\"twitter:site\" content=\"@FiscaliaCol\" \/>\n<meta name=\"twitter:label1\" content=\"Escrito por\" \/>\n\t<meta name=\"twitter:data1\" content=\"Paula Andrea Castillo Lenis\" \/>\n\t<meta name=\"twitter:label2\" content=\"Tiempo de lectura\" \/>\n\t<meta name=\"twitter:data2\" content=\"2 minutos\" \/>\n<script type=\"application\/ld+json\" class=\"yoast-schema-graph\">{\"@context\":\"https:\/\/schema.org\",\"@graph\":[{\"@type\":\"Article\",\"@id\":\"https:\/\/www.fiscalia.gov.co\/colombia\/noticias\/vinculados-exdirectores-de-la-dijin-y-del-inpec-entre-otros-exfuncionarios-por-los-hechos-de-violencia-contra-la-periodista-jineth-bedoya-lima\/#article\",\"isPartOf\":{\"@id\":\"https:\/\/www.fiscalia.gov.co\/colombia\/noticias\/vinculados-exdirectores-de-la-dijin-y-del-inpec-entre-otros-exfuncionarios-por-los-hechos-de-violencia-contra-la-periodista-jineth-bedoya-lima\/\"},\"author\":{\"name\":\"Paula Andrea Castillo Lenis\",\"@id\":\"https:\/\/www.fiscalia.gov.co\/colombia\/#\/schema\/person\/66c172905e0492f1de6bbe5f93c4668f\"},\"headline\":\"Vinculados exdirectores de la Dijin y del Inpec, entre otros exfuncionarios, por los hechos de violencia contra la periodista Jineth Bedoya Lima\",\"datePublished\":\"2025-09-10T16:21:09+00:00\",\"dateModified\":\"2025-09-10T21:49:43+00:00\",\"mainEntityOfPage\":{\"@id\":\"https:\/\/www.fiscalia.gov.co\/colombia\/noticias\/vinculados-exdirectores-de-la-dijin-y-del-inpec-entre-otros-exfuncionarios-por-los-hechos-de-violencia-contra-la-periodista-jineth-bedoya-lima\/\"},\"wordCount\":469,\"publisher\":{\"@id\":\"https:\/\/www.fiscalia.gov.co\/colombia\/#organization\"},\"keywords\":[\"25 de mayo de 2000\",\"acceso carnal violento agravado\",\"Agentes del Estado\",\"Armas de fuego\",\"c\u00e1rcel La Modelo Bogot\u00e1\",\"Concierto para delinquir agravado\",\"Direcci\u00f3n de Justicia Transicional\",\"ejercicio period\u00edstico\",\"Evangelista Basto Bernal\",\"exasesor Inpec\",\"exdirector c\u00e1rcel La Modelo\",\"exdirector Dijin\",\"exdirector Inpec\",\"exintegrante AUC\",\"exsubdirector Inpec\",\"Fabio Campos Silva\",\"Fiscal\u00eda General de la Naci\u00f3n\",\"Fuerza P\u00fablica\",\"Grupo de Compulsa de Copias\",\"hechos violentos\",\"Hostigamiento\",\"Jaime Gallo Zuleta\",\"JEP\",\"Jineth Bedoya Lima\",\"Jos\u00e9 Leonardo Gallego Castrill\u00f3n\",\"Jurisdicci\u00f3n Especial para la Paz\",\"Ley 600 de 2000\",\"Luis Bernardo Maldonado Bernate\",\"omisi\u00f3n de funciones\",\"paramilitares privados de la libertad\",\"Reinaldo Fierro Rico\",\"secuestro extorsivo agravado\",\"seguimientos\",\"sexismo\",\"Tortura\",\"violencia sistem\u00e1tica\"],\"articleSection\":[\"Justicia Transicional\",\"Noticias\"],\"inLanguage\":\"es-CO\"},{\"@type\":\"WebPage\",\"@id\":\"https:\/\/www.fiscalia.gov.co\/colombia\/noticias\/vinculados-exdirectores-de-la-dijin-y-del-inpec-entre-otros-exfuncionarios-por-los-hechos-de-violencia-contra-la-periodista-jineth-bedoya-lima\/\",\"url\":\"https:\/\/www.fiscalia.gov.co\/colombia\/noticias\/vinculados-exdirectores-de-la-dijin-y-del-inpec-entre-otros-exfuncionarios-por-los-hechos-de-violencia-contra-la-periodista-jineth-bedoya-lima\/\",\"name\":\"Fiscal\u00eda General de la Naci\u00f3n\",\"isPartOf\":{\"@id\":\"https:\/\/www.fiscalia.gov.co\/colombia\/#website\"},\"datePublished\":\"2025-09-10T16:21:09+00:00\",\"dateModified\":\"2025-09-10T21:49:43+00:00\",\"description\":\"P\u00e1gina oficial de la Fiscal\u00eda General de la Naci\u00f3n \u2013 Colombia. Garantizamos el acceso efectivo a la justicia, la verdad y la reparaci\u00f3n de las v\u00edctimas de los delitos.\",\"breadcrumb\":{\"@id\":\"https:\/\/www.fiscalia.gov.co\/colombia\/noticias\/vinculados-exdirectores-de-la-dijin-y-del-inpec-entre-otros-exfuncionarios-por-los-hechos-de-violencia-contra-la-periodista-jineth-bedoya-lima\/#breadcrumb\"},\"inLanguage\":\"es-CO\",\"potentialAction\":[{\"@type\":\"ReadAction\",\"target\":[\"https:\/\/www.fiscalia.gov.co\/colombia\/noticias\/vinculados-exdirectores-de-la-dijin-y-del-inpec-entre-otros-exfuncionarios-por-los-hechos-de-violencia-contra-la-periodista-jineth-bedoya-lima\/\"]}]},{\"@type\":\"BreadcrumbList\",\"@id\":\"https:\/\/www.fiscalia.gov.co\/colombia\/noticias\/vinculados-exdirectores-de-la-dijin-y-del-inpec-entre-otros-exfuncionarios-por-los-hechos-de-violencia-contra-la-periodista-jineth-bedoya-lima\/#breadcrumb\",\"itemListElement\":[{\"@type\":\"ListItem\",\"position\":1,\"name\":\"Home\",\"item\":\"https:\/\/www.fiscalia.gov.co\/colombia\/\"},{\"@type\":\"ListItem\",\"position\":2,\"name\":\"Vinculados exdirectores de la Dijin y del Inpec, entre otros exfuncionarios, por los hechos de violencia contra la periodista Jineth Bedoya Lima\"}]},{\"@type\":\"WebSite\",\"@id\":\"https:\/\/www.fiscalia.gov.co\/colombia\/#website\",\"url\":\"https:\/\/www.fiscalia.gov.co\/colombia\/\",\"name\":\"Fiscal\u00eda General de la Naci\u00f3n\",\"description\":\"P\u00e1gina oficial de la Fiscal\u00eda General de la Naci\u00f3n \u2013 Colombia. Garantizamos el acceso efectivo a la justicia, la verdad y la reparaci\u00f3n de las v\u00edctimas de los delitos.\",\"publisher\":{\"@id\":\"https:\/\/www.fiscalia.gov.co\/colombia\/#organization\"},\"potentialAction\":[{\"@type\":\"SearchAction\",\"target\":{\"@type\":\"EntryPoint\",\"urlTemplate\":\"https:\/\/www.fiscalia.gov.co\/colombia\/?s={search_term_string}\"},\"query-input\":{\"@type\":\"PropertyValueSpecification\",\"valueRequired\":true,\"valueName\":\"search_term_string\"}}],\"inLanguage\":\"es-CO\"},{\"@type\":\"Organization\",\"@id\":\"https:\/\/www.fiscalia.gov.co\/colombia\/#organization\",\"name\":\"Fiscal\u00eda General de la Naci\u00f3n\",\"url\":\"https:\/\/www.fiscalia.gov.co\/colombia\/\",\"logo\":{\"@type\":\"ImageObject\",\"inLanguage\":\"es-CO\",\"@id\":\"https:\/\/www.fiscalia.gov.co\/colombia\/#\/schema\/logo\/image\/\",\"url\":\"https:\/\/www.fiscalia.gov.co\/colombia\/wp-content\/uploads\/LogoHorizontal_1.jpg\",\"contentUrl\":\"https:\/\/www.fiscalia.gov.co\/colombia\/wp-content\/uploads\/LogoHorizontal_1.jpg\",\"width\":300,\"height\":90,\"caption\":\"Fiscal\u00eda General de la Naci\u00f3n\"},\"image\":{\"@id\":\"https:\/\/www.fiscalia.gov.co\/colombia\/#\/schema\/logo\/image\/\"},\"sameAs\":[\"https:\/\/www.facebook.com\/FiscaliaCol\",\"https:\/\/x.com\/FiscaliaCol\",\"https:\/\/www.instagram.com\/fiscaliacol\",\"https:\/\/www.linkedin.com\/company\/fiscalia-general-de-la-naci-n\/\",\"https:\/\/youtube.com\/@fiscaliageneraldelanacion-4668?si=6nN79nyQICPU5iTh\"]},{\"@type\":\"Person\",\"@id\":\"https:\/\/www.fiscalia.gov.co\/colombia\/#\/schema\/person\/66c172905e0492f1de6bbe5f93c4668f\",\"name\":\"Paula Andrea Castillo Lenis\",\"image\":{\"@type\":\"ImageObject\",\"inLanguage\":\"es-CO\",\"@id\":\"https:\/\/www.fiscalia.gov.co\/colombia\/#\/schema\/person\/image\/\",\"url\":\"https:\/\/secure.gravatar.com\/avatar\/cb060d9561f2947c4102d1825739f868?s=96&d=mm&r=g\",\"contentUrl\":\"https:\/\/secure.gravatar.com\/avatar\/cb060d9561f2947c4102d1825739f868?s=96&d=mm&r=g\",\"caption\":\"Paula Andrea Castillo Lenis\"},\"url\":\"https:\/\/www.fiscalia.gov.co\/colombia\/author\/paula-castillo\/\"}]}<\/script>\n<!-- \/ Yoast SEO plugin. -->","yoast_head_json":{"title":"Fiscal\u00eda General de la Naci\u00f3n","description":"P\u00e1gina oficial de la Fiscal\u00eda General de la Naci\u00f3n \u2013 Colombia. Garantizamos el acceso efectivo a la justicia, la verdad y la reparaci\u00f3n de las v\u00edctimas de los delitos.","robots":{"index":"noindex","follow":"follow"},"og_locale":"es_ES","og_type":"article","og_title":"Fiscal\u00eda General de la Naci\u00f3n","og_description":"P\u00e1gina oficial de la Fiscal\u00eda General de la Naci\u00f3n \u2013 Colombia. Garantizamos el acceso efectivo a la justicia, la verdad y la reparaci\u00f3n de las v\u00edctimas de los delitos.","og_url":"https:\/\/www.fiscalia.gov.co\/colombia\/noticias\/vinculados-exdirectores-de-la-dijin-y-del-inpec-entre-otros-exfuncionarios-por-los-hechos-de-violencia-contra-la-periodista-jineth-bedoya-lima\/","og_site_name":"Fiscal\u00eda General de la Naci\u00f3n","article_publisher":"https:\/\/www.facebook.com\/FiscaliaCol","article_published_time":"2025-09-10T16:21:09+00:00","article_modified_time":"2025-09-10T21:49:43+00:00","author":"Paula Andrea Castillo Lenis","twitter_card":"summary_large_image","twitter_creator":"@FiscaliaCol","twitter_site":"@FiscaliaCol","twitter_misc":{"Escrito por":"Paula Andrea Castillo Lenis","Tiempo de lectura":"2 minutos"},"schema":{"@context":"https:\/\/schema.org","@graph":[{"@type":"Article","@id":"https:\/\/www.fiscalia.gov.co\/colombia\/noticias\/vinculados-exdirectores-de-la-dijin-y-del-inpec-entre-otros-exfuncionarios-por-los-hechos-de-violencia-contra-la-periodista-jineth-bedoya-lima\/#article","isPartOf":{"@id":"https:\/\/www.fiscalia.gov.co\/colombia\/noticias\/vinculados-exdirectores-de-la-dijin-y-del-inpec-entre-otros-exfuncionarios-por-los-hechos-de-violencia-contra-la-periodista-jineth-bedoya-lima\/"},"author":{"name":"Paula Andrea Castillo Lenis","@id":"https:\/\/www.fiscalia.gov.co\/colombia\/#\/schema\/person\/66c172905e0492f1de6bbe5f93c4668f"},"headline":"Vinculados exdirectores de la Dijin y del Inpec, entre otros exfuncionarios, por los hechos de violencia contra la periodista Jineth Bedoya Lima","datePublished":"2025-09-10T16:21:09+00:00","dateModified":"2025-09-10T21:49:43+00:00","mainEntityOfPage":{"@id":"https:\/\/www.fiscalia.gov.co\/colombia\/noticias\/vinculados-exdirectores-de-la-dijin-y-del-inpec-entre-otros-exfuncionarios-por-los-hechos-de-violencia-contra-la-periodista-jineth-bedoya-lima\/"},"wordCount":469,"publisher":{"@id":"https:\/\/www.fiscalia.gov.co\/colombia\/#organization"},"keywords":["25 de mayo de 2000","acceso carnal violento agravado","Agentes del Estado","Armas de fuego","c\u00e1rcel La Modelo Bogot\u00e1","Concierto para delinquir agravado","Direcci\u00f3n de Justicia Transicional","ejercicio period\u00edstico","Evangelista Basto Bernal","exasesor Inpec","exdirector c\u00e1rcel La Modelo","exdirector Dijin","exdirector Inpec","exintegrante AUC","exsubdirector Inpec","Fabio Campos Silva","Fiscal\u00eda General de la Naci\u00f3n","Fuerza P\u00fablica","Grupo de Compulsa de Copias","hechos violentos","Hostigamiento","Jaime Gallo Zuleta","JEP","Jineth Bedoya Lima","Jos\u00e9 Leonardo Gallego Castrill\u00f3n","Jurisdicci\u00f3n Especial para la Paz","Ley 600 de 2000","Luis Bernardo Maldonado Bernate","omisi\u00f3n de funciones","paramilitares privados de la libertad","Reinaldo Fierro Rico","secuestro extorsivo agravado","seguimientos","sexismo","Tortura","violencia sistem\u00e1tica"],"articleSection":["Justicia Transicional","Noticias"],"inLanguage":"es-CO"},{"@type":"WebPage","@id":"https:\/\/www.fiscalia.gov.co\/colombia\/noticias\/vinculados-exdirectores-de-la-dijin-y-del-inpec-entre-otros-exfuncionarios-por-los-hechos-de-violencia-contra-la-periodista-jineth-bedoya-lima\/","url":"https:\/\/www.fiscalia.gov.co\/colombia\/noticias\/vinculados-exdirectores-de-la-dijin-y-del-inpec-entre-otros-exfuncionarios-por-los-hechos-de-violencia-contra-la-periodista-jineth-bedoya-lima\/","name":"Fiscal\u00eda General de la Naci\u00f3n","isPartOf":{"@id":"https:\/\/www.fiscalia.gov.co\/colombia\/#website"},"datePublished":"2025-09-10T16:21:09+00:00","dateModified":"2025-09-10T21:49:43+00:00","description":"P\u00e1gina oficial de la Fiscal\u00eda General de la Naci\u00f3n \u2013 Colombia. Garantizamos el acceso efectivo a la justicia, la verdad y la reparaci\u00f3n de las v\u00edctimas de los delitos.","breadcrumb":{"@id":"https:\/\/www.fiscalia.gov.co\/colombia\/noticias\/vinculados-exdirectores-de-la-dijin-y-del-inpec-entre-otros-exfuncionarios-por-los-hechos-de-violencia-contra-la-periodista-jineth-bedoya-lima\/#breadcrumb"},"inLanguage":"es-CO","potentialAction":[{"@type":"ReadAction","target":["https:\/\/www.fiscalia.gov.co\/colombia\/noticias\/vinculados-exdirectores-de-la-dijin-y-del-inpec-entre-otros-exfuncionarios-por-los-hechos-de-violencia-contra-la-periodista-jineth-bedoya-lima\/"]}]},{"@type":"BreadcrumbList","@id":"https:\/\/www.fiscalia.gov.co\/colombia\/noticias\/vinculados-exdirectores-de-la-dijin-y-del-inpec-entre-otros-exfuncionarios-por-los-hechos-de-violencia-contra-la-periodista-jineth-bedoya-lima\/#breadcrumb","itemListElement":[{"@type":"ListItem","position":1,"name":"Home","item":"https:\/\/www.fiscalia.gov.co\/colombia\/"},{"@type":"ListItem","position":2,"name":"Vinculados exdirectores de la Dijin y del Inpec, entre otros exfuncionarios, por los hechos de violencia contra la periodista Jineth Bedoya Lima"}]},{"@type":"WebSite","@id":"https:\/\/www.fiscalia.gov.co\/colombia\/#website","url":"https:\/\/www.fiscalia.gov.co\/colombia\/","name":"Fiscal\u00eda General de la Naci\u00f3n","description":"P\u00e1gina oficial de la Fiscal\u00eda General de la Naci\u00f3n \u2013 Colombia. Garantizamos el acceso efectivo a la justicia, la verdad y la reparaci\u00f3n de las v\u00edctimas de los delitos.","publisher":{"@id":"https:\/\/www.fiscalia.gov.co\/colombia\/#organization"},"potentialAction":[{"@type":"SearchAction","target":{"@type":"EntryPoint","urlTemplate":"https:\/\/www.fiscalia.gov.co\/colombia\/?s={search_term_string}"},"query-input":{"@type":"PropertyValueSpecification","valueRequired":true,"valueName":"search_term_string"}}],"inLanguage":"es-CO"},{"@type":"Organization","@id":"https:\/\/www.fiscalia.gov.co\/colombia\/#organization","name":"Fiscal\u00eda General de la Naci\u00f3n","url":"https:\/\/www.fiscalia.gov.co\/colombia\/","logo":{"@type":"ImageObject","inLanguage":"es-CO","@id":"https:\/\/www.fiscalia.gov.co\/colombia\/#\/schema\/logo\/image\/","url":"https:\/\/www.fiscalia.gov.co\/colombia\/wp-content\/uploads\/LogoHorizontal_1.jpg","contentUrl":"https:\/\/www.fiscalia.gov.co\/colombia\/wp-content\/uploads\/LogoHorizontal_1.jpg","width":300,"height":90,"caption":"Fiscal\u00eda General de la Naci\u00f3n"},"image":{"@id":"https:\/\/www.fiscalia.gov.co\/colombia\/#\/schema\/logo\/image\/"},"sameAs":["https:\/\/www.facebook.com\/FiscaliaCol","https:\/\/x.com\/FiscaliaCol","https:\/\/www.instagram.com\/fiscaliacol","https:\/\/www.linkedin.com\/company\/fiscalia-general-de-la-naci-n\/","https:\/\/youtube.com\/@fiscaliageneraldelanacion-4668?si=6nN79nyQICPU5iTh"]},{"@type":"Person","@id":"https:\/\/www.fiscalia.gov.co\/colombia\/#\/schema\/person\/66c172905e0492f1de6bbe5f93c4668f","name":"Paula Andrea Castillo Lenis","image":{"@type":"ImageObject","inLanguage":"es-CO","@id":"https:\/\/www.fiscalia.gov.co\/colombia\/#\/schema\/person\/image\/","url":"https:\/\/secure.gravatar.com\/avatar\/cb060d9561f2947c4102d1825739f868?s=96&d=mm&r=g","contentUrl":"https:\/\/secure.gravatar.com\/avatar\/cb060d9561f2947c4102d1825739f868?s=96&d=mm&r=g","caption":"Paula Andrea Castillo Lenis"},"url":"https:\/\/www.fiscalia.gov.co\/colombia\/author\/paula-castillo\/"}]}},"_links":{"self":[{"href":"https:\/\/www.fiscalia.gov.co\/colombia\/wp-json\/wp\/v2\/posts\/323523","targetHints":{"allow":["GET"]}}],"collection":[{"href":"https:\/\/www.fiscalia.gov.co\/colombia\/wp-json\/wp\/v2\/posts"}],"about":[{"href":"https:\/\/www.fiscalia.gov.co\/colombia\/wp-json\/wp\/v2\/types\/post"}],"author":[{"embeddable":true,"href":"https:\/\/www.fiscalia.gov.co\/colombia\/wp-json\/wp\/v2\/users\/182"}],"replies":[{"embeddable":true,"href":"https:\/\/www.fiscalia.gov.co\/colombia\/wp-json\/wp\/v2\/comments?post=323523"}],"version-history":[{"count":2,"href":"https:\/\/www.fiscalia.gov.co\/colombia\/wp-json\/wp\/v2\/posts\/323523\/revisions"}],"predecessor-version":[{"id":323533,"href":"https:\/\/www.fiscalia.gov.co\/colombia\/wp-json\/wp\/v2\/posts\/323523\/revisions\/323533"}],"wp:attachment":[{"href":"https:\/\/www.fiscalia.gov.co\/colombia\/wp-json\/wp\/v2\/media?parent=323523"}],"wp:term":[{"taxonomy":"category","embeddable":true,"href":"https:\/\/www.fiscalia.gov.co\/colombia\/wp-json\/wp\/v2\/categories?post=323523"},{"taxonomy":"post_tag","embeddable":true,"href":"https:\/\/www.fiscalia.gov.co\/colombia\/wp-json\/wp\/v2\/tags?post=323523"}],"curies":[{"name":"wp","href":"https:\/\/api.w.org\/{rel}","templated":true}]}}