{"id":323490,"date":"2025-09-09T17:57:19","date_gmt":"2025-09-09T22:57:19","guid":{"rendered":"https:\/\/www.fiscalia.gov.co\/colombia\/?p=323490"},"modified":"2025-09-09T18:05:40","modified_gmt":"2025-09-09T23:05:40","slug":"en-evidencia-red-delictiva-senalada-de-explotar-sexualmente-a-menores-de-edad-en-parques-y-lugares-publicos-de-bucaramanga","status":"publish","type":"post","link":"https:\/\/www.fiscalia.gov.co\/colombia\/noticias\/en-evidencia-red-delictiva-senalada-de-explotar-sexualmente-a-menores-de-edad-en-parques-y-lugares-publicos-de-bucaramanga\/","title":{"rendered":"En evidencia red delictiva se\u00f1alada de explotar sexualmente a menores de edad en parques y lugares p\u00fablicos de Bucaramanga"},"content":{"rendered":"<blockquote>\n<h4 class=\"p1\"><span class=\"s1\">11 de los presuntos integrantes del grupo ilegal fueron judicializados y privados de la libertad. Entre las v\u00edctimas hay adolescentes trans cuya situaci\u00f3n de vulnerabilidad fue aprovechada para inducirlas a ejercer actividad sexual paga. <\/span><\/h4>\n<\/blockquote>\n<figure id=\"attachment_323494\" aria-describedby=\"caption-attachment-323494\" style=\"width: 300px\" class=\"wp-caption alignnone\"><img loading=\"lazy\" decoding=\"async\" class=\"size-medium wp-image-323494\" src=\"https:\/\/www.fiscalia.gov.co\/colombia\/wp-content\/uploads\/495c9131-af0e-4c49-a112-6cfdcbf4e881-300x169.jpeg\" alt=\"\" width=\"300\" height=\"169\" srcset=\"https:\/\/www.fiscalia.gov.co\/colombia\/wp-content\/uploads\/495c9131-af0e-4c49-a112-6cfdcbf4e881-300x169.jpeg 300w, https:\/\/www.fiscalia.gov.co\/colombia\/wp-content\/uploads\/495c9131-af0e-4c49-a112-6cfdcbf4e881-1024x576.jpeg 1024w, https:\/\/www.fiscalia.gov.co\/colombia\/wp-content\/uploads\/495c9131-af0e-4c49-a112-6cfdcbf4e881-768x432.jpeg 768w, https:\/\/www.fiscalia.gov.co\/colombia\/wp-content\/uploads\/495c9131-af0e-4c49-a112-6cfdcbf4e881-747x420.jpeg 747w, https:\/\/www.fiscalia.gov.co\/colombia\/wp-content\/uploads\/495c9131-af0e-4c49-a112-6cfdcbf4e881-696x392.jpeg 696w, https:\/\/www.fiscalia.gov.co\/colombia\/wp-content\/uploads\/495c9131-af0e-4c49-a112-6cfdcbf4e881-1068x601.jpeg 1068w, https:\/\/www.fiscalia.gov.co\/colombia\/wp-content\/uploads\/495c9131-af0e-4c49-a112-6cfdcbf4e881.jpeg 1280w\" sizes=\"auto, (max-width: 300px) 100vw, 300px\" \/><figcaption id=\"caption-attachment-323494\" class=\"wp-caption-text\">El CTI, con apoyo de la Polic\u00eda Nacional, desarticularon en Bucaramanga una red de trata de personas que explotaba sexualmente a ni\u00f1os, ni\u00f1as y adolescentes en hoteles, residencias y bares del centro de la ciudad. Once personas fueron capturadas y presentadas ante jueces de control de garant\u00edas.<\/figcaption><\/figure>\n<p class=\"p1\"><span class=\"s2\"><br \/>\nEn inmediaciones de los <strong>parques Centenario y Santander<\/strong>, en el centro de <strong>Bucaramanga<\/strong>, qued\u00f3 en evidencia un negocio il\u00edcito que crec\u00eda a costa de la integridad y la formaci\u00f3n f\u00edsica y sexual de <strong>ni\u00f1os, ni\u00f1as y adolescentes nacionales y extranjeros.<\/strong><\/span><\/p>\n<p class=\"p1\"><span class=\"s2\">Una red delictiva, con roles plenamente establecidos, <strong>contactaba a adolescentes en situaci\u00f3n de vulnerabilidad<\/strong>, les proporcionaban transporte y las induc\u00edan a ejercer actossexuales en residencias, hoteles y bares con disponibilidad permanente y a cambio de determinadas sumas que eran administradas por las se\u00f1aladas articuladoras principales.<\/span><\/p>\n<p class=\"p1\"><span class=\"s2\">Servidores del <strong>Cuerpo T\u00e9cnico de Investigaci\u00f3n (CTI)<\/strong>, con apoyo de la Polic\u00eda Nacional, capturaron en Bucaramanga (Santander) a 11 de los presuntos involucrados en la actividad ilegal. Se trata de las mujeres trans Diana Chinchilla y Bar\u00f3n Correa Mar\u00eda Jos\u00e9; los propietarios o administradores de hoteles o residencias, Roberto Su\u00e1rez Gelvez, Luz Stella Vega Jim\u00e9nez, Ana Luc\u00eda Parra Gelvez, Edwin Fernando S\u00e1nchez y Dennis Coromoto Farf\u00e1n Cede\u00f1o; el due\u00f1o de un bar, Jhon Edison Echavez Armesto; los taxistas H\u00e9ctor Corzo Garc\u00eda y Daniel Collazos C\u00e1rdenas; y Leonela Milagros Carre\u00f1o Palencia.<\/span><\/p>\n<p class=\"p1\"><span class=\"s2\">Fiscales de la <strong>Direcci\u00f3n Especializada contra las Violaciones a los Derechos Humanos<\/strong> presentaron a los detenidos ante jueces de control de garant\u00edas y les imputaron el delito de trata de personas agravada. Adicionalmente, a Collazos C\u00e1rdenas y Echavez Armesto les formularon cargos por tr\u00e1fico, fabricaci\u00f3n y porte de estupefacientes. <\/span><\/p>\n<p class=\"p1\"><span class=\"s2\">Los <strong>elementos materiales probatorios<\/strong> indican que Mar\u00eda Jos\u00e9 y Diana ser\u00edan las encargadas de exponer a las adolescentespara concertar los servicios sexuales. En otros casos, la ciudadana venezolana Carre\u00f1o Palencia presuntamente captaba a las v\u00edctimas y les proporcionaba c\u00e9dulas para ocultar sus identidades y hacerlas pasar como mayores de edad. <\/span><\/p>\n<p class=\"p1\"><span class=\"s2\">Los propietarios y administradores de residencias, hoteles y bares son se\u00f1alados de permitir que las adolescentes ingresaran a sus establecimientos y ejercieran las actividades sexuales, sin dejar registros en los libros de control de los hu\u00e9spedes. Entre tanto, los taxistas facilitaban los trasladados de las <strong>menores de edad.<\/strong><\/span><\/p>\n<p class=\"p1\"><span class=\"s2\">Las evidencias indican que Carre\u00f1o Palencia tambi\u00e9n habr\u00eda explotado sexualmente a algunas de sus familiares menores de edad.<\/span><\/p>\n<p class=\"p1\"><span class=\"s2\">Por disposici\u00f3n de los <strong>jueces de control de garant\u00edas<\/strong>, 10 de los procesados deber\u00e1n cumplir medida de aseguramiento en centro carcelario; mientras que Luz Stella Vega Jim\u00e9nez permanecer\u00e1 privada de la libertad en su lugar de residencia.<\/span><\/p>\n<p class=\"p1\"><span class=\"s2\">Esta informaci\u00f3n se publica por razones de inter\u00e9s general. <\/span><\/p>\n<p class=\"p1\"><span class=\"s2\">LAGP\/JARG\/GJG\/MM\/DECVDH<\/span><\/p>\n<p class=\"p1\"><span class=\"s2\">\u00a0<\/span><\/p>\n<p class=\"p3\"><em><span class=\"s1\">La informaci\u00f3n contenida en este bolet\u00edn de prensa corresponde a la narraci\u00f3n de los hechos noticiosos objetivos, suministrados por los funcionarios encargados de adelantar las investigaciones penales al interior de la Fiscal\u00eda General de la Naci\u00f3n. Para el momento de la divulgaci\u00f3n de este comunicado, la situaci\u00f3n jur\u00eddica de la(s) persona(s) relacionada(s) se encuentra pendiente de resolver por la autoridad judicial competente, siempre bajo los preceptos de la presunci\u00f3n de inocencia, consagrados en el art\u00edculo 29 de la Constituci\u00f3n Pol\u00edtica y el art\u00edculo 7\u00ba de la Ley 906 de 2004.<\/span><\/em><\/p>\n\n<div class=\"twitter-share\"><a href=\"https:\/\/twitter.com\/intent\/tweet?via=fiscaliacol\" class=\"twitter-share-button\">Tweet<\/a><\/div>\n","protected":false},"excerpt":{"rendered":"<p>11 de los presuntos integrantes del grupo ilegal fueron judicializados y privados de la libertad. Entre las v\u00edctimas hay adolescentes trans cuya situaci\u00f3n de vulnerabilidad fue aprovechada para inducirlas a [&hellip;]<\/p>\n","protected":false},"author":182,"featured_media":0,"comment_status":"closed","ping_status":"open","sticky":false,"template":"","format":"standard","meta":{"tdm_status":"","tdm_grid_status":"","footnotes":""},"categories":[1],"tags":[42668,42671,42672,42677,42674,45,36494,35142,25002,42676,1047,42670,24235,42673,42667,558,42666,42675,13509,15288,42669],"class_list":["post-323490","post","type-post","status-publish","format-standard","category-noticias","tag-abuso-de-ninos-ninas-y-adolescentes","tag-bares-clandestinos","tag-captacion-de-victimas","tag-capturas-en-bucaramanga","tag-cedulas-falsas","tag-cti","tag-direccion-especializada-contra-las-violaciones-a-los-derechos-humanos","tag-explotacion-sexual-comercial","tag-explotacion-sexual-de-menores","tag-explotacion-sexual-familiar","tag-fiscalia-general-de-la-nacion","tag-hoteles-y-residencias-bucaramanga","tag-medidas-de-aseguramiento","tag-ocultamiento-de-identidad","tag-parques-centenario-y-santander","tag-policia-nacional","tag-red-delictiva-bucaramanga","tag-taxistas-implicados","tag-trafico-fabricacion-y-porte-de-estupefacientes","tag-trata-de-personas-agravada","tag-vulnerabilidad-social"],"yoast_head":"<!-- This site is optimized with the Yoast SEO plugin v24.3 - https:\/\/yoast.com\/wordpress\/plugins\/seo\/ -->\n<title>Fiscal\u00eda General de la Naci\u00f3n<\/title>\n<meta name=\"description\" content=\"P\u00e1gina oficial de la Fiscal\u00eda General de la Naci\u00f3n \u2013 Colombia. Garantizamos el acceso efectivo a la justicia, la verdad y la reparaci\u00f3n de las v\u00edctimas de los delitos.\" \/>\n<meta name=\"robots\" content=\"noindex, follow\" \/>\n<meta property=\"og:locale\" content=\"es_ES\" \/>\n<meta property=\"og:type\" content=\"article\" \/>\n<meta property=\"og:title\" content=\"Fiscal\u00eda General de la Naci\u00f3n\" \/>\n<meta property=\"og:description\" content=\"P\u00e1gina oficial de la Fiscal\u00eda General de la Naci\u00f3n \u2013 Colombia. Garantizamos el acceso efectivo a la justicia, la verdad y la reparaci\u00f3n de las v\u00edctimas de los delitos.\" \/>\n<meta property=\"og:url\" content=\"https:\/\/www.fiscalia.gov.co\/colombia\/noticias\/en-evidencia-red-delictiva-senalada-de-explotar-sexualmente-a-menores-de-edad-en-parques-y-lugares-publicos-de-bucaramanga\/\" \/>\n<meta property=\"og:site_name\" content=\"Fiscal\u00eda General de la Naci\u00f3n\" \/>\n<meta property=\"article:publisher\" content=\"https:\/\/www.facebook.com\/FiscaliaCol\" \/>\n<meta property=\"article:published_time\" content=\"2025-09-09T22:57:19+00:00\" \/>\n<meta property=\"article:modified_time\" content=\"2025-09-09T23:05:40+00:00\" \/>\n<meta property=\"og:image\" content=\"https:\/\/www.fiscalia.gov.co\/colombia\/wp-content\/uploads\/495c9131-af0e-4c49-a112-6cfdcbf4e881.jpeg\" \/>\n\t<meta property=\"og:image:width\" content=\"1280\" \/>\n\t<meta property=\"og:image:height\" content=\"720\" \/>\n\t<meta property=\"og:image:type\" content=\"image\/jpeg\" \/>\n<meta name=\"author\" content=\"Paula Andrea Castillo Lenis\" \/>\n<meta name=\"twitter:card\" content=\"summary_large_image\" \/>\n<meta name=\"twitter:creator\" content=\"@FiscaliaCol\" \/>\n<meta name=\"twitter:site\" content=\"@FiscaliaCol\" \/>\n<meta name=\"twitter:label1\" content=\"Escrito por\" \/>\n\t<meta name=\"twitter:data1\" content=\"Paula Andrea Castillo Lenis\" \/>\n\t<meta name=\"twitter:label2\" content=\"Tiempo de lectura\" \/>\n\t<meta name=\"twitter:data2\" content=\"3 minutos\" \/>\n<script type=\"application\/ld+json\" class=\"yoast-schema-graph\">{\"@context\":\"https:\/\/schema.org\",\"@graph\":[{\"@type\":\"Article\",\"@id\":\"https:\/\/www.fiscalia.gov.co\/colombia\/noticias\/en-evidencia-red-delictiva-senalada-de-explotar-sexualmente-a-menores-de-edad-en-parques-y-lugares-publicos-de-bucaramanga\/#article\",\"isPartOf\":{\"@id\":\"https:\/\/www.fiscalia.gov.co\/colombia\/noticias\/en-evidencia-red-delictiva-senalada-de-explotar-sexualmente-a-menores-de-edad-en-parques-y-lugares-publicos-de-bucaramanga\/\"},\"author\":{\"name\":\"Paula Andrea Castillo Lenis\",\"@id\":\"https:\/\/www.fiscalia.gov.co\/colombia\/#\/schema\/person\/66c172905e0492f1de6bbe5f93c4668f\"},\"headline\":\"En evidencia red delictiva se\u00f1alada de explotar sexualmente a menores de edad en parques y lugares p\u00fablicos de Bucaramanga\",\"datePublished\":\"2025-09-09T22:57:19+00:00\",\"dateModified\":\"2025-09-09T23:05:40+00:00\",\"mainEntityOfPage\":{\"@id\":\"https:\/\/www.fiscalia.gov.co\/colombia\/noticias\/en-evidencia-red-delictiva-senalada-de-explotar-sexualmente-a-menores-de-edad-en-parques-y-lugares-publicos-de-bucaramanga\/\"},\"wordCount\":651,\"publisher\":{\"@id\":\"https:\/\/www.fiscalia.gov.co\/colombia\/#organization\"},\"image\":{\"@id\":\"https:\/\/www.fiscalia.gov.co\/colombia\/noticias\/en-evidencia-red-delictiva-senalada-de-explotar-sexualmente-a-menores-de-edad-en-parques-y-lugares-publicos-de-bucaramanga\/#primaryimage\"},\"thumbnailUrl\":\"https:\/\/www.fiscalia.gov.co\/colombia\/wp-content\/uploads\/495c9131-af0e-4c49-a112-6cfdcbf4e881-300x169.jpeg\",\"keywords\":[\"abuso de ni\u00f1os ni\u00f1as y adolescentes\",\"bares clandestinos\",\"captaci\u00f3n de v\u00edctimas\",\"capturas en Bucaramanga\",\"c\u00e9dulas falsas\",\"CTI\",\"Direcci\u00f3n Especializada contra las Violaciones a los Derechos Humanos\",\"explotaci\u00f3n sexual comercial\",\"explotaci\u00f3n sexual de menores\",\"explotaci\u00f3n sexual familiar\",\"Fiscal\u00eda General de la Naci\u00f3n\",\"hoteles y residencias Bucaramanga\",\"medidas de aseguramiento\",\"ocultamiento de identidad\",\"parques Centenario y Santander\",\"Polic\u00eda Nacional\",\"red delictiva Bucaramanga\",\"taxistas implicados\",\"tr\u00e1fico fabricaci\u00f3n y porte de estupefacientes\",\"trata de personas agravada\",\"vulnerabilidad social\"],\"articleSection\":[\"Noticias\"],\"inLanguage\":\"es-CO\"},{\"@type\":\"WebPage\",\"@id\":\"https:\/\/www.fiscalia.gov.co\/colombia\/noticias\/en-evidencia-red-delictiva-senalada-de-explotar-sexualmente-a-menores-de-edad-en-parques-y-lugares-publicos-de-bucaramanga\/\",\"url\":\"https:\/\/www.fiscalia.gov.co\/colombia\/noticias\/en-evidencia-red-delictiva-senalada-de-explotar-sexualmente-a-menores-de-edad-en-parques-y-lugares-publicos-de-bucaramanga\/\",\"name\":\"Fiscal\u00eda General de la Naci\u00f3n\",\"isPartOf\":{\"@id\":\"https:\/\/www.fiscalia.gov.co\/colombia\/#website\"},\"primaryImageOfPage\":{\"@id\":\"https:\/\/www.fiscalia.gov.co\/colombia\/noticias\/en-evidencia-red-delictiva-senalada-de-explotar-sexualmente-a-menores-de-edad-en-parques-y-lugares-publicos-de-bucaramanga\/#primaryimage\"},\"image\":{\"@id\":\"https:\/\/www.fiscalia.gov.co\/colombia\/noticias\/en-evidencia-red-delictiva-senalada-de-explotar-sexualmente-a-menores-de-edad-en-parques-y-lugares-publicos-de-bucaramanga\/#primaryimage\"},\"thumbnailUrl\":\"https:\/\/www.fiscalia.gov.co\/colombia\/wp-content\/uploads\/495c9131-af0e-4c49-a112-6cfdcbf4e881-300x169.jpeg\",\"datePublished\":\"2025-09-09T22:57:19+00:00\",\"dateModified\":\"2025-09-09T23:05:40+00:00\",\"description\":\"P\u00e1gina oficial de la Fiscal\u00eda General de la Naci\u00f3n \u2013 Colombia. Garantizamos el acceso efectivo a la justicia, la verdad y la reparaci\u00f3n de las v\u00edctimas de los delitos.\",\"breadcrumb\":{\"@id\":\"https:\/\/www.fiscalia.gov.co\/colombia\/noticias\/en-evidencia-red-delictiva-senalada-de-explotar-sexualmente-a-menores-de-edad-en-parques-y-lugares-publicos-de-bucaramanga\/#breadcrumb\"},\"inLanguage\":\"es-CO\",\"potentialAction\":[{\"@type\":\"ReadAction\",\"target\":[\"https:\/\/www.fiscalia.gov.co\/colombia\/noticias\/en-evidencia-red-delictiva-senalada-de-explotar-sexualmente-a-menores-de-edad-en-parques-y-lugares-publicos-de-bucaramanga\/\"]}]},{\"@type\":\"ImageObject\",\"inLanguage\":\"es-CO\",\"@id\":\"https:\/\/www.fiscalia.gov.co\/colombia\/noticias\/en-evidencia-red-delictiva-senalada-de-explotar-sexualmente-a-menores-de-edad-en-parques-y-lugares-publicos-de-bucaramanga\/#primaryimage\",\"url\":\"https:\/\/www.fiscalia.gov.co\/colombia\/wp-content\/uploads\/495c9131-af0e-4c49-a112-6cfdcbf4e881.jpeg\",\"contentUrl\":\"https:\/\/www.fiscalia.gov.co\/colombia\/wp-content\/uploads\/495c9131-af0e-4c49-a112-6cfdcbf4e881.jpeg\",\"width\":1280,\"height\":720,\"caption\":\"El CTI, con apoyo de la Polic\u00eda Nacional, desarticularon en Bucaramanga una red de trata de personas que explotaba sexualmente a ni\u00f1os, ni\u00f1as y adolescentes en hoteles, residencias y bares del centro de la ciudad. Once personas fueron capturadas y presentadas ante jueces de control de garant\u00edas.\"},{\"@type\":\"BreadcrumbList\",\"@id\":\"https:\/\/www.fiscalia.gov.co\/colombia\/noticias\/en-evidencia-red-delictiva-senalada-de-explotar-sexualmente-a-menores-de-edad-en-parques-y-lugares-publicos-de-bucaramanga\/#breadcrumb\",\"itemListElement\":[{\"@type\":\"ListItem\",\"position\":1,\"name\":\"Home\",\"item\":\"https:\/\/www.fiscalia.gov.co\/colombia\/\"},{\"@type\":\"ListItem\",\"position\":2,\"name\":\"En evidencia red delictiva se\u00f1alada de explotar sexualmente a menores de edad en parques y lugares p\u00fablicos de Bucaramanga\"}]},{\"@type\":\"WebSite\",\"@id\":\"https:\/\/www.fiscalia.gov.co\/colombia\/#website\",\"url\":\"https:\/\/www.fiscalia.gov.co\/colombia\/\",\"name\":\"Fiscal\u00eda General de la Naci\u00f3n\",\"description\":\"P\u00e1gina oficial de la Fiscal\u00eda General de la Naci\u00f3n \u2013 Colombia. Garantizamos el acceso efectivo a la justicia, la verdad y la reparaci\u00f3n de las v\u00edctimas de los delitos.\",\"publisher\":{\"@id\":\"https:\/\/www.fiscalia.gov.co\/colombia\/#organization\"},\"potentialAction\":[{\"@type\":\"SearchAction\",\"target\":{\"@type\":\"EntryPoint\",\"urlTemplate\":\"https:\/\/www.fiscalia.gov.co\/colombia\/?s={search_term_string}\"},\"query-input\":{\"@type\":\"PropertyValueSpecification\",\"valueRequired\":true,\"valueName\":\"search_term_string\"}}],\"inLanguage\":\"es-CO\"},{\"@type\":\"Organization\",\"@id\":\"https:\/\/www.fiscalia.gov.co\/colombia\/#organization\",\"name\":\"Fiscal\u00eda General de la Naci\u00f3n\",\"url\":\"https:\/\/www.fiscalia.gov.co\/colombia\/\",\"logo\":{\"@type\":\"ImageObject\",\"inLanguage\":\"es-CO\",\"@id\":\"https:\/\/www.fiscalia.gov.co\/colombia\/#\/schema\/logo\/image\/\",\"url\":\"https:\/\/www.fiscalia.gov.co\/colombia\/wp-content\/uploads\/LogoHorizontal_1.jpg\",\"contentUrl\":\"https:\/\/www.fiscalia.gov.co\/colombia\/wp-content\/uploads\/LogoHorizontal_1.jpg\",\"width\":300,\"height\":90,\"caption\":\"Fiscal\u00eda General de la Naci\u00f3n\"},\"image\":{\"@id\":\"https:\/\/www.fiscalia.gov.co\/colombia\/#\/schema\/logo\/image\/\"},\"sameAs\":[\"https:\/\/www.facebook.com\/FiscaliaCol\",\"https:\/\/x.com\/FiscaliaCol\",\"https:\/\/www.instagram.com\/fiscaliacol\",\"https:\/\/www.linkedin.com\/company\/fiscalia-general-de-la-naci-n\/\",\"https:\/\/youtube.com\/@fiscaliageneraldelanacion-4668?si=6nN79nyQICPU5iTh\"]},{\"@type\":\"Person\",\"@id\":\"https:\/\/www.fiscalia.gov.co\/colombia\/#\/schema\/person\/66c172905e0492f1de6bbe5f93c4668f\",\"name\":\"Paula Andrea Castillo Lenis\",\"image\":{\"@type\":\"ImageObject\",\"inLanguage\":\"es-CO\",\"@id\":\"https:\/\/www.fiscalia.gov.co\/colombia\/#\/schema\/person\/image\/\",\"url\":\"https:\/\/secure.gravatar.com\/avatar\/cb060d9561f2947c4102d1825739f868?s=96&d=mm&r=g\",\"contentUrl\":\"https:\/\/secure.gravatar.com\/avatar\/cb060d9561f2947c4102d1825739f868?s=96&d=mm&r=g\",\"caption\":\"Paula Andrea Castillo Lenis\"},\"url\":\"https:\/\/www.fiscalia.gov.co\/colombia\/author\/paula-castillo\/\"}]}<\/script>\n<!-- \/ Yoast SEO plugin. -->","yoast_head_json":{"title":"Fiscal\u00eda General de la Naci\u00f3n","description":"P\u00e1gina oficial de la Fiscal\u00eda General de la Naci\u00f3n \u2013 Colombia. Garantizamos el acceso efectivo a la justicia, la verdad y la reparaci\u00f3n de las v\u00edctimas de los delitos.","robots":{"index":"noindex","follow":"follow"},"og_locale":"es_ES","og_type":"article","og_title":"Fiscal\u00eda General de la Naci\u00f3n","og_description":"P\u00e1gina oficial de la Fiscal\u00eda General de la Naci\u00f3n \u2013 Colombia. Garantizamos el acceso efectivo a la justicia, la verdad y la reparaci\u00f3n de las v\u00edctimas de los delitos.","og_url":"https:\/\/www.fiscalia.gov.co\/colombia\/noticias\/en-evidencia-red-delictiva-senalada-de-explotar-sexualmente-a-menores-de-edad-en-parques-y-lugares-publicos-de-bucaramanga\/","og_site_name":"Fiscal\u00eda General de la Naci\u00f3n","article_publisher":"https:\/\/www.facebook.com\/FiscaliaCol","article_published_time":"2025-09-09T22:57:19+00:00","article_modified_time":"2025-09-09T23:05:40+00:00","og_image":[{"width":1280,"height":720,"url":"https:\/\/www.fiscalia.gov.co\/colombia\/wp-content\/uploads\/495c9131-af0e-4c49-a112-6cfdcbf4e881.jpeg","type":"image\/jpeg"}],"author":"Paula Andrea Castillo Lenis","twitter_card":"summary_large_image","twitter_creator":"@FiscaliaCol","twitter_site":"@FiscaliaCol","twitter_misc":{"Escrito por":"Paula Andrea Castillo Lenis","Tiempo de lectura":"3 minutos"},"schema":{"@context":"https:\/\/schema.org","@graph":[{"@type":"Article","@id":"https:\/\/www.fiscalia.gov.co\/colombia\/noticias\/en-evidencia-red-delictiva-senalada-de-explotar-sexualmente-a-menores-de-edad-en-parques-y-lugares-publicos-de-bucaramanga\/#article","isPartOf":{"@id":"https:\/\/www.fiscalia.gov.co\/colombia\/noticias\/en-evidencia-red-delictiva-senalada-de-explotar-sexualmente-a-menores-de-edad-en-parques-y-lugares-publicos-de-bucaramanga\/"},"author":{"name":"Paula Andrea Castillo Lenis","@id":"https:\/\/www.fiscalia.gov.co\/colombia\/#\/schema\/person\/66c172905e0492f1de6bbe5f93c4668f"},"headline":"En evidencia red delictiva se\u00f1alada de explotar sexualmente a menores de edad en parques y lugares p\u00fablicos de Bucaramanga","datePublished":"2025-09-09T22:57:19+00:00","dateModified":"2025-09-09T23:05:40+00:00","mainEntityOfPage":{"@id":"https:\/\/www.fiscalia.gov.co\/colombia\/noticias\/en-evidencia-red-delictiva-senalada-de-explotar-sexualmente-a-menores-de-edad-en-parques-y-lugares-publicos-de-bucaramanga\/"},"wordCount":651,"publisher":{"@id":"https:\/\/www.fiscalia.gov.co\/colombia\/#organization"},"image":{"@id":"https:\/\/www.fiscalia.gov.co\/colombia\/noticias\/en-evidencia-red-delictiva-senalada-de-explotar-sexualmente-a-menores-de-edad-en-parques-y-lugares-publicos-de-bucaramanga\/#primaryimage"},"thumbnailUrl":"https:\/\/www.fiscalia.gov.co\/colombia\/wp-content\/uploads\/495c9131-af0e-4c49-a112-6cfdcbf4e881-300x169.jpeg","keywords":["abuso de ni\u00f1os ni\u00f1as y adolescentes","bares clandestinos","captaci\u00f3n de v\u00edctimas","capturas en Bucaramanga","c\u00e9dulas falsas","CTI","Direcci\u00f3n Especializada contra las Violaciones a los Derechos Humanos","explotaci\u00f3n sexual comercial","explotaci\u00f3n sexual de menores","explotaci\u00f3n sexual familiar","Fiscal\u00eda General de la Naci\u00f3n","hoteles y residencias Bucaramanga","medidas de aseguramiento","ocultamiento de identidad","parques Centenario y Santander","Polic\u00eda Nacional","red delictiva Bucaramanga","taxistas implicados","tr\u00e1fico fabricaci\u00f3n y porte de estupefacientes","trata de personas agravada","vulnerabilidad social"],"articleSection":["Noticias"],"inLanguage":"es-CO"},{"@type":"WebPage","@id":"https:\/\/www.fiscalia.gov.co\/colombia\/noticias\/en-evidencia-red-delictiva-senalada-de-explotar-sexualmente-a-menores-de-edad-en-parques-y-lugares-publicos-de-bucaramanga\/","url":"https:\/\/www.fiscalia.gov.co\/colombia\/noticias\/en-evidencia-red-delictiva-senalada-de-explotar-sexualmente-a-menores-de-edad-en-parques-y-lugares-publicos-de-bucaramanga\/","name":"Fiscal\u00eda General de la Naci\u00f3n","isPartOf":{"@id":"https:\/\/www.fiscalia.gov.co\/colombia\/#website"},"primaryImageOfPage":{"@id":"https:\/\/www.fiscalia.gov.co\/colombia\/noticias\/en-evidencia-red-delictiva-senalada-de-explotar-sexualmente-a-menores-de-edad-en-parques-y-lugares-publicos-de-bucaramanga\/#primaryimage"},"image":{"@id":"https:\/\/www.fiscalia.gov.co\/colombia\/noticias\/en-evidencia-red-delictiva-senalada-de-explotar-sexualmente-a-menores-de-edad-en-parques-y-lugares-publicos-de-bucaramanga\/#primaryimage"},"thumbnailUrl":"https:\/\/www.fiscalia.gov.co\/colombia\/wp-content\/uploads\/495c9131-af0e-4c49-a112-6cfdcbf4e881-300x169.jpeg","datePublished":"2025-09-09T22:57:19+00:00","dateModified":"2025-09-09T23:05:40+00:00","description":"P\u00e1gina oficial de la Fiscal\u00eda General de la Naci\u00f3n \u2013 Colombia. Garantizamos el acceso efectivo a la justicia, la verdad y la reparaci\u00f3n de las v\u00edctimas de los delitos.","breadcrumb":{"@id":"https:\/\/www.fiscalia.gov.co\/colombia\/noticias\/en-evidencia-red-delictiva-senalada-de-explotar-sexualmente-a-menores-de-edad-en-parques-y-lugares-publicos-de-bucaramanga\/#breadcrumb"},"inLanguage":"es-CO","potentialAction":[{"@type":"ReadAction","target":["https:\/\/www.fiscalia.gov.co\/colombia\/noticias\/en-evidencia-red-delictiva-senalada-de-explotar-sexualmente-a-menores-de-edad-en-parques-y-lugares-publicos-de-bucaramanga\/"]}]},{"@type":"ImageObject","inLanguage":"es-CO","@id":"https:\/\/www.fiscalia.gov.co\/colombia\/noticias\/en-evidencia-red-delictiva-senalada-de-explotar-sexualmente-a-menores-de-edad-en-parques-y-lugares-publicos-de-bucaramanga\/#primaryimage","url":"https:\/\/www.fiscalia.gov.co\/colombia\/wp-content\/uploads\/495c9131-af0e-4c49-a112-6cfdcbf4e881.jpeg","contentUrl":"https:\/\/www.fiscalia.gov.co\/colombia\/wp-content\/uploads\/495c9131-af0e-4c49-a112-6cfdcbf4e881.jpeg","width":1280,"height":720,"caption":"El CTI, con apoyo de la Polic\u00eda Nacional, desarticularon en Bucaramanga una red de trata de personas que explotaba sexualmente a ni\u00f1os, ni\u00f1as y adolescentes en hoteles, residencias y bares del centro de la ciudad. Once personas fueron capturadas y presentadas ante jueces de control de garant\u00edas."},{"@type":"BreadcrumbList","@id":"https:\/\/www.fiscalia.gov.co\/colombia\/noticias\/en-evidencia-red-delictiva-senalada-de-explotar-sexualmente-a-menores-de-edad-en-parques-y-lugares-publicos-de-bucaramanga\/#breadcrumb","itemListElement":[{"@type":"ListItem","position":1,"name":"Home","item":"https:\/\/www.fiscalia.gov.co\/colombia\/"},{"@type":"ListItem","position":2,"name":"En evidencia red delictiva se\u00f1alada de explotar sexualmente a menores de edad en parques y lugares p\u00fablicos de Bucaramanga"}]},{"@type":"WebSite","@id":"https:\/\/www.fiscalia.gov.co\/colombia\/#website","url":"https:\/\/www.fiscalia.gov.co\/colombia\/","name":"Fiscal\u00eda General de la Naci\u00f3n","description":"P\u00e1gina oficial de la Fiscal\u00eda General de la Naci\u00f3n \u2013 Colombia. Garantizamos el acceso efectivo a la justicia, la verdad y la reparaci\u00f3n de las v\u00edctimas de los delitos.","publisher":{"@id":"https:\/\/www.fiscalia.gov.co\/colombia\/#organization"},"potentialAction":[{"@type":"SearchAction","target":{"@type":"EntryPoint","urlTemplate":"https:\/\/www.fiscalia.gov.co\/colombia\/?s={search_term_string}"},"query-input":{"@type":"PropertyValueSpecification","valueRequired":true,"valueName":"search_term_string"}}],"inLanguage":"es-CO"},{"@type":"Organization","@id":"https:\/\/www.fiscalia.gov.co\/colombia\/#organization","name":"Fiscal\u00eda General de la Naci\u00f3n","url":"https:\/\/www.fiscalia.gov.co\/colombia\/","logo":{"@type":"ImageObject","inLanguage":"es-CO","@id":"https:\/\/www.fiscalia.gov.co\/colombia\/#\/schema\/logo\/image\/","url":"https:\/\/www.fiscalia.gov.co\/colombia\/wp-content\/uploads\/LogoHorizontal_1.jpg","contentUrl":"https:\/\/www.fiscalia.gov.co\/colombia\/wp-content\/uploads\/LogoHorizontal_1.jpg","width":300,"height":90,"caption":"Fiscal\u00eda General de la Naci\u00f3n"},"image":{"@id":"https:\/\/www.fiscalia.gov.co\/colombia\/#\/schema\/logo\/image\/"},"sameAs":["https:\/\/www.facebook.com\/FiscaliaCol","https:\/\/x.com\/FiscaliaCol","https:\/\/www.instagram.com\/fiscaliacol","https:\/\/www.linkedin.com\/company\/fiscalia-general-de-la-naci-n\/","https:\/\/youtube.com\/@fiscaliageneraldelanacion-4668?si=6nN79nyQICPU5iTh"]},{"@type":"Person","@id":"https:\/\/www.fiscalia.gov.co\/colombia\/#\/schema\/person\/66c172905e0492f1de6bbe5f93c4668f","name":"Paula Andrea Castillo Lenis","image":{"@type":"ImageObject","inLanguage":"es-CO","@id":"https:\/\/www.fiscalia.gov.co\/colombia\/#\/schema\/person\/image\/","url":"https:\/\/secure.gravatar.com\/avatar\/cb060d9561f2947c4102d1825739f868?s=96&d=mm&r=g","contentUrl":"https:\/\/secure.gravatar.com\/avatar\/cb060d9561f2947c4102d1825739f868?s=96&d=mm&r=g","caption":"Paula Andrea Castillo Lenis"},"url":"https:\/\/www.fiscalia.gov.co\/colombia\/author\/paula-castillo\/"}]}},"_links":{"self":[{"href":"https:\/\/www.fiscalia.gov.co\/colombia\/wp-json\/wp\/v2\/posts\/323490","targetHints":{"allow":["GET"]}}],"collection":[{"href":"https:\/\/www.fiscalia.gov.co\/colombia\/wp-json\/wp\/v2\/posts"}],"about":[{"href":"https:\/\/www.fiscalia.gov.co\/colombia\/wp-json\/wp\/v2\/types\/post"}],"author":[{"embeddable":true,"href":"https:\/\/www.fiscalia.gov.co\/colombia\/wp-json\/wp\/v2\/users\/182"}],"replies":[{"embeddable":true,"href":"https:\/\/www.fiscalia.gov.co\/colombia\/wp-json\/wp\/v2\/comments?post=323490"}],"version-history":[{"count":8,"href":"https:\/\/www.fiscalia.gov.co\/colombia\/wp-json\/wp\/v2\/posts\/323490\/revisions"}],"predecessor-version":[{"id":323499,"href":"https:\/\/www.fiscalia.gov.co\/colombia\/wp-json\/wp\/v2\/posts\/323490\/revisions\/323499"}],"wp:attachment":[{"href":"https:\/\/www.fiscalia.gov.co\/colombia\/wp-json\/wp\/v2\/media?parent=323490"}],"wp:term":[{"taxonomy":"category","embeddable":true,"href":"https:\/\/www.fiscalia.gov.co\/colombia\/wp-json\/wp\/v2\/categories?post=323490"},{"taxonomy":"post_tag","embeddable":true,"href":"https:\/\/www.fiscalia.gov.co\/colombia\/wp-json\/wp\/v2\/tags?post=323490"}],"curies":[{"name":"wp","href":"https:\/\/api.w.org\/{rel}","templated":true}]}}