{"id":323408,"date":"2025-09-09T08:56:13","date_gmt":"2025-09-09T13:56:13","guid":{"rendered":"https:\/\/www.fiscalia.gov.co\/colombia\/?p=323408"},"modified":"2025-09-09T08:56:13","modified_gmt":"2025-09-09T13:56:13","slug":"descubierto-patrimonio-ilegal-de-cooperativas-utilizadas-para-dar-apariencia-de-legalidad-y-comercializar-el-oro-extraido-de-manera-ilegal","status":"publish","type":"post","link":"https:\/\/www.fiscalia.gov.co\/colombia\/noticias\/descubierto-patrimonio-ilegal-de-cooperativas-utilizadas-para-dar-apariencia-de-legalidad-y-comercializar-el-oro-extraido-de-manera-ilegal\/","title":{"rendered":"Descubierto patrimonio ilegal de cooperativas utilizadas para dar apariencia de legalidad y comercializar el oro extra\u00eddo de manera ilegal"},"content":{"rendered":"<blockquote>\n<h4><em>Fueron ocupados con fines de extinci\u00f3n de dominio bienes avaluados en m\u00e1s de 12.000 millones de pesos.<\/em><\/h4>\n<\/blockquote>\n<p>Nombres y registros de<strong> mineros artesanales<\/strong> eran utilizados fraudulentamente para soportar y hacer pasar como legal el oro extra\u00eddo il\u00edcitamente, y as\u00ed poderlo comercializar en diferentes establecimientos ubicados en <strong>municipios de Antioquia, Caldas, Choc\u00f3 y Bol\u00edvar.<\/strong><\/p>\n<p>Las maniobras para mantener oculto el origen del metal fueron realizadas a trav\u00e9s de dos cooperativas, las cuales se constituyeron con un patrimonio base de apenas 17 y 100 millones de pesos. Los <strong>an\u00e1lisis financieros<\/strong> indican que alcanzaron a reportar ingresos superiores a 5.834 millones y 3.274 millones, respetivamente, sin una justificaci\u00f3n contable que respaldara dicho incremento. Adem\u00e1s, compart\u00edan sedes, revisores fiscales y directivos, lo que confirm\u00f3 que conformaban un entramado delictivo para <strong>blanquear activos.<\/strong><\/p>\n<p>La Fiscal\u00eda General de la Naci\u00f3n, a trav\u00e9s de la <strong>Direcci\u00f3n Especializada de Extinci\u00f3n del Derecho de Dominio<\/strong>, puso en evidencia propiedades que habr\u00edan sido adquiridas para dinamizar la actividad ilegal. En ese sentido, las afect\u00f3 con medidas cautelares de embargo, secuestro y suspensi\u00f3n del poder dispositivo.<\/p>\n<p>Se trata de 35 bienes, entre establecimientos de comercio, veh\u00edculos y el material aur\u00edfero incautado, que superan en valor los 12.000 millones de pesos. Las diligencias se realizaron con apoyo de la Polic\u00eda Nacional en <strong>Medell\u00edn, Ca\u00f1asgordas, Remedios, Vegach\u00ed, Santa Fe de Antioquia (Antioquia), Marmato (Caldas), Tad\u00f3 (Choc\u00f3) y Barranco de Loba (Bol\u00edvar).<\/strong><\/p>\n<p>Esta informaci\u00f3n se publica por razones de inter\u00e9s general.<\/p>\n<p>FAGH\/JARG\/SC\/JIC\/ALTR\/DEED<\/p>\n<p><em>La informaci\u00f3n contenida en este bolet\u00edn de prensa corresponde a la narraci\u00f3n de los hechos noticiosos objetivos, suministrados por los funcionarios encargados de adelantar las investigaciones penales al interior de\u00a0la Fiscal\u00eda General de la Naci\u00f3n. Para el momento de la divulgaci\u00f3n de este comunicado, la situaci\u00f3n jur\u00eddica de la(s) persona(s) relacionada(s) se encuentra pendiente de resolver por la autoridad judicial competente, siempre bajo los preceptos de la presunci\u00f3n de inocencia, consagrados en el art\u00edculo 29 de la Constituci\u00f3n Pol\u00edtica y el art\u00edculo 7\u00ba de la Ley\u00a0906 de 2004.\u00a0<\/em><\/p>\n\n<div class=\"twitter-share\"><a href=\"https:\/\/twitter.com\/intent\/tweet?via=fiscaliacol\" class=\"twitter-share-button\">Tweet<\/a><\/div>\n","protected":false},"excerpt":{"rendered":"<p>Fueron ocupados con fines de extinci\u00f3n de dominio bienes avaluados en m\u00e1s de 12.000 millones de pesos. Nombres y registros de mineros artesanales eran utilizados fraudulentamente para soportar y hacer [&hellip;]<\/p>\n","protected":false},"author":182,"featured_media":0,"comment_status":"closed","ping_status":"open","sticky":false,"template":"","format":"standard","meta":{"tdm_status":"","tdm_grid_status":"","footnotes":""},"categories":[1],"tags":[42622,42618,10645,37681,42224,42617,9082,23946,42623,2110,42615,42616,26355,26356,42620,33523,1047,3232,42619,147,26299,42621,270,14117,42613,42614,558,23947,27233,23964,30871,42625,42624,2138],"class_list":["post-323408","post","type-post","status-publish","format-standard","category-noticias","tag-12-000-millones-de-pesos","tag-analisis-financieros","tag-antioquia","tag-barranco-de-loba","tag-bienes-incautados","tag-blanqueo-de-capitales","tag-bolivar","tag-caldas","tag-canasgordas","tag-choco","tag-comercializacion-ilegal-de-oro","tag-cooperativas-falsas","tag-direccion-especializada-de-extincion-del-derecho-de-dominio","tag-embargo","tag-entramado-delictivo","tag-establecimientos-de-comercio","tag-fiscalia-general-de-la-nacion","tag-fraude","tag-incremento-injustificado-de-ingresos","tag-lavado-de-activos","tag-marmato","tag-material-aurifero","tag-medellinc","tag-medidas-cautelares","tag-mineros-artesanales","tag-oro-ilicito","tag-policia-nacional","tag-remedios","tag-santa-fe-de-antioquia","tag-secuestro","tag-suspension-del-poder-dispositivo","tag-tado","tag-vegachi","tag-vehiculos"],"yoast_head":"<!-- This site is optimized with the Yoast SEO plugin v24.3 - https:\/\/yoast.com\/wordpress\/plugins\/seo\/ -->\n<title>Fiscal\u00eda General de la Naci\u00f3n<\/title>\n<meta name=\"description\" content=\"P\u00e1gina oficial de la Fiscal\u00eda General de la Naci\u00f3n \u2013 Colombia. Garantizamos el acceso efectivo a la justicia, la verdad y la reparaci\u00f3n de las v\u00edctimas de los delitos.\" \/>\n<meta name=\"robots\" content=\"noindex, follow\" \/>\n<meta property=\"og:locale\" content=\"es_ES\" \/>\n<meta property=\"og:type\" content=\"article\" \/>\n<meta property=\"og:title\" content=\"Fiscal\u00eda General de la Naci\u00f3n\" \/>\n<meta property=\"og:description\" content=\"P\u00e1gina oficial de la Fiscal\u00eda General de la Naci\u00f3n \u2013 Colombia. Garantizamos el acceso efectivo a la justicia, la verdad y la reparaci\u00f3n de las v\u00edctimas de los delitos.\" \/>\n<meta property=\"og:url\" content=\"https:\/\/www.fiscalia.gov.co\/colombia\/noticias\/descubierto-patrimonio-ilegal-de-cooperativas-utilizadas-para-dar-apariencia-de-legalidad-y-comercializar-el-oro-extraido-de-manera-ilegal\/\" \/>\n<meta property=\"og:site_name\" content=\"Fiscal\u00eda General de la Naci\u00f3n\" \/>\n<meta property=\"article:publisher\" content=\"https:\/\/www.facebook.com\/FiscaliaCol\" \/>\n<meta property=\"article:published_time\" content=\"2025-09-09T13:56:13+00:00\" \/>\n<meta name=\"author\" content=\"Paula Andrea Castillo Lenis\" \/>\n<meta name=\"twitter:card\" content=\"summary_large_image\" \/>\n<meta name=\"twitter:creator\" content=\"@FiscaliaCol\" \/>\n<meta name=\"twitter:site\" content=\"@FiscaliaCol\" \/>\n<meta name=\"twitter:label1\" content=\"Escrito por\" \/>\n\t<meta name=\"twitter:data1\" content=\"Paula Andrea Castillo Lenis\" \/>\n\t<meta name=\"twitter:label2\" content=\"Tiempo de lectura\" \/>\n\t<meta name=\"twitter:data2\" content=\"2 minutos\" \/>\n<script type=\"application\/ld+json\" class=\"yoast-schema-graph\">{\"@context\":\"https:\/\/schema.org\",\"@graph\":[{\"@type\":\"Article\",\"@id\":\"https:\/\/www.fiscalia.gov.co\/colombia\/noticias\/descubierto-patrimonio-ilegal-de-cooperativas-utilizadas-para-dar-apariencia-de-legalidad-y-comercializar-el-oro-extraido-de-manera-ilegal\/#article\",\"isPartOf\":{\"@id\":\"https:\/\/www.fiscalia.gov.co\/colombia\/noticias\/descubierto-patrimonio-ilegal-de-cooperativas-utilizadas-para-dar-apariencia-de-legalidad-y-comercializar-el-oro-extraido-de-manera-ilegal\/\"},\"author\":{\"name\":\"Paula Andrea Castillo Lenis\",\"@id\":\"https:\/\/www.fiscalia.gov.co\/colombia\/#\/schema\/person\/66c172905e0492f1de6bbe5f93c4668f\"},\"headline\":\"Descubierto patrimonio ilegal de cooperativas utilizadas para dar apariencia de legalidad y comercializar el oro extra\u00eddo de manera ilegal\",\"datePublished\":\"2025-09-09T13:56:13+00:00\",\"dateModified\":\"2025-09-09T13:56:13+00:00\",\"mainEntityOfPage\":{\"@id\":\"https:\/\/www.fiscalia.gov.co\/colombia\/noticias\/descubierto-patrimonio-ilegal-de-cooperativas-utilizadas-para-dar-apariencia-de-legalidad-y-comercializar-el-oro-extraido-de-manera-ilegal\/\"},\"wordCount\":383,\"publisher\":{\"@id\":\"https:\/\/www.fiscalia.gov.co\/colombia\/#organization\"},\"keywords\":[\"12.000 millones de pesos\",\"an\u00e1lisis financieros\",\"Antioquia\",\"Barranco de Loba\",\"bienes incautados\",\"blanqueo de capitales\",\"Bol\u00edvar\",\"Caldas\",\"Ca\u00f1asgordas\",\"Choc\u00f3\",\"comercializaci\u00f3n ilegal de oro\",\"cooperativas falsas\",\"Direcci\u00f3n Especializada de Extinci\u00f3n del Derecho de Dominio\",\"embargo\",\"entramado delictivo\",\"establecimientos de comercio\",\"Fiscal\u00eda General de la Naci\u00f3n\",\"Fraude\",\"incremento injustificado de ingresos\",\"Lavado de activos\",\"Marmato\",\"material aur\u00edfero\",\"Medell\u00edn\",\"Medidas cautelares\",\"mineros artesanales\",\"oro il\u00edcito\",\"Polic\u00eda Nacional\",\"Remedios\",\"santa f\u00e9 de Antioquia\",\"Secuestro\",\"suspensi\u00f3n del poder dispositivo\",\"Tad\u00f3\",\"Vegach\u00ed\",\"Veh\u00edculos\"],\"articleSection\":[\"Noticias\"],\"inLanguage\":\"es-CO\"},{\"@type\":\"WebPage\",\"@id\":\"https:\/\/www.fiscalia.gov.co\/colombia\/noticias\/descubierto-patrimonio-ilegal-de-cooperativas-utilizadas-para-dar-apariencia-de-legalidad-y-comercializar-el-oro-extraido-de-manera-ilegal\/\",\"url\":\"https:\/\/www.fiscalia.gov.co\/colombia\/noticias\/descubierto-patrimonio-ilegal-de-cooperativas-utilizadas-para-dar-apariencia-de-legalidad-y-comercializar-el-oro-extraido-de-manera-ilegal\/\",\"name\":\"Fiscal\u00eda General de la Naci\u00f3n\",\"isPartOf\":{\"@id\":\"https:\/\/www.fiscalia.gov.co\/colombia\/#website\"},\"datePublished\":\"2025-09-09T13:56:13+00:00\",\"dateModified\":\"2025-09-09T13:56:13+00:00\",\"description\":\"P\u00e1gina oficial de la Fiscal\u00eda General de la Naci\u00f3n \u2013 Colombia. Garantizamos el acceso efectivo a la justicia, la verdad y la reparaci\u00f3n de las v\u00edctimas de los delitos.\",\"breadcrumb\":{\"@id\":\"https:\/\/www.fiscalia.gov.co\/colombia\/noticias\/descubierto-patrimonio-ilegal-de-cooperativas-utilizadas-para-dar-apariencia-de-legalidad-y-comercializar-el-oro-extraido-de-manera-ilegal\/#breadcrumb\"},\"inLanguage\":\"es-CO\",\"potentialAction\":[{\"@type\":\"ReadAction\",\"target\":[\"https:\/\/www.fiscalia.gov.co\/colombia\/noticias\/descubierto-patrimonio-ilegal-de-cooperativas-utilizadas-para-dar-apariencia-de-legalidad-y-comercializar-el-oro-extraido-de-manera-ilegal\/\"]}]},{\"@type\":\"BreadcrumbList\",\"@id\":\"https:\/\/www.fiscalia.gov.co\/colombia\/noticias\/descubierto-patrimonio-ilegal-de-cooperativas-utilizadas-para-dar-apariencia-de-legalidad-y-comercializar-el-oro-extraido-de-manera-ilegal\/#breadcrumb\",\"itemListElement\":[{\"@type\":\"ListItem\",\"position\":1,\"name\":\"Home\",\"item\":\"https:\/\/www.fiscalia.gov.co\/colombia\/\"},{\"@type\":\"ListItem\",\"position\":2,\"name\":\"Descubierto patrimonio ilegal de cooperativas utilizadas para dar apariencia de legalidad y comercializar el oro extra\u00eddo de manera ilegal\"}]},{\"@type\":\"WebSite\",\"@id\":\"https:\/\/www.fiscalia.gov.co\/colombia\/#website\",\"url\":\"https:\/\/www.fiscalia.gov.co\/colombia\/\",\"name\":\"Fiscal\u00eda General de la Naci\u00f3n\",\"description\":\"P\u00e1gina oficial de la Fiscal\u00eda General de la Naci\u00f3n \u2013 Colombia. Garantizamos el acceso efectivo a la justicia, la verdad y la reparaci\u00f3n de las v\u00edctimas de los delitos.\",\"publisher\":{\"@id\":\"https:\/\/www.fiscalia.gov.co\/colombia\/#organization\"},\"potentialAction\":[{\"@type\":\"SearchAction\",\"target\":{\"@type\":\"EntryPoint\",\"urlTemplate\":\"https:\/\/www.fiscalia.gov.co\/colombia\/?s={search_term_string}\"},\"query-input\":{\"@type\":\"PropertyValueSpecification\",\"valueRequired\":true,\"valueName\":\"search_term_string\"}}],\"inLanguage\":\"es-CO\"},{\"@type\":\"Organization\",\"@id\":\"https:\/\/www.fiscalia.gov.co\/colombia\/#organization\",\"name\":\"Fiscal\u00eda General de la Naci\u00f3n\",\"url\":\"https:\/\/www.fiscalia.gov.co\/colombia\/\",\"logo\":{\"@type\":\"ImageObject\",\"inLanguage\":\"es-CO\",\"@id\":\"https:\/\/www.fiscalia.gov.co\/colombia\/#\/schema\/logo\/image\/\",\"url\":\"https:\/\/www.fiscalia.gov.co\/colombia\/wp-content\/uploads\/LogoHorizontal_1.jpg\",\"contentUrl\":\"https:\/\/www.fiscalia.gov.co\/colombia\/wp-content\/uploads\/LogoHorizontal_1.jpg\",\"width\":300,\"height\":90,\"caption\":\"Fiscal\u00eda General de la Naci\u00f3n\"},\"image\":{\"@id\":\"https:\/\/www.fiscalia.gov.co\/colombia\/#\/schema\/logo\/image\/\"},\"sameAs\":[\"https:\/\/www.facebook.com\/FiscaliaCol\",\"https:\/\/x.com\/FiscaliaCol\",\"https:\/\/www.instagram.com\/fiscaliacol\",\"https:\/\/www.linkedin.com\/company\/fiscalia-general-de-la-naci-n\/\",\"https:\/\/youtube.com\/@fiscaliageneraldelanacion-4668?si=6nN79nyQICPU5iTh\"]},{\"@type\":\"Person\",\"@id\":\"https:\/\/www.fiscalia.gov.co\/colombia\/#\/schema\/person\/66c172905e0492f1de6bbe5f93c4668f\",\"name\":\"Paula Andrea Castillo Lenis\",\"image\":{\"@type\":\"ImageObject\",\"inLanguage\":\"es-CO\",\"@id\":\"https:\/\/www.fiscalia.gov.co\/colombia\/#\/schema\/person\/image\/\",\"url\":\"https:\/\/secure.gravatar.com\/avatar\/cb060d9561f2947c4102d1825739f868?s=96&d=mm&r=g\",\"contentUrl\":\"https:\/\/secure.gravatar.com\/avatar\/cb060d9561f2947c4102d1825739f868?s=96&d=mm&r=g\",\"caption\":\"Paula Andrea Castillo Lenis\"},\"url\":\"https:\/\/www.fiscalia.gov.co\/colombia\/author\/paula-castillo\/\"}]}<\/script>\n<!-- \/ Yoast SEO plugin. -->","yoast_head_json":{"title":"Fiscal\u00eda General de la Naci\u00f3n","description":"P\u00e1gina oficial de la Fiscal\u00eda General de la Naci\u00f3n \u2013 Colombia. Garantizamos el acceso efectivo a la justicia, la verdad y la reparaci\u00f3n de las v\u00edctimas de los delitos.","robots":{"index":"noindex","follow":"follow"},"og_locale":"es_ES","og_type":"article","og_title":"Fiscal\u00eda General de la Naci\u00f3n","og_description":"P\u00e1gina oficial de la Fiscal\u00eda General de la Naci\u00f3n \u2013 Colombia. Garantizamos el acceso efectivo a la justicia, la verdad y la reparaci\u00f3n de las v\u00edctimas de los delitos.","og_url":"https:\/\/www.fiscalia.gov.co\/colombia\/noticias\/descubierto-patrimonio-ilegal-de-cooperativas-utilizadas-para-dar-apariencia-de-legalidad-y-comercializar-el-oro-extraido-de-manera-ilegal\/","og_site_name":"Fiscal\u00eda General de la Naci\u00f3n","article_publisher":"https:\/\/www.facebook.com\/FiscaliaCol","article_published_time":"2025-09-09T13:56:13+00:00","author":"Paula Andrea Castillo Lenis","twitter_card":"summary_large_image","twitter_creator":"@FiscaliaCol","twitter_site":"@FiscaliaCol","twitter_misc":{"Escrito por":"Paula Andrea Castillo Lenis","Tiempo de lectura":"2 minutos"},"schema":{"@context":"https:\/\/schema.org","@graph":[{"@type":"Article","@id":"https:\/\/www.fiscalia.gov.co\/colombia\/noticias\/descubierto-patrimonio-ilegal-de-cooperativas-utilizadas-para-dar-apariencia-de-legalidad-y-comercializar-el-oro-extraido-de-manera-ilegal\/#article","isPartOf":{"@id":"https:\/\/www.fiscalia.gov.co\/colombia\/noticias\/descubierto-patrimonio-ilegal-de-cooperativas-utilizadas-para-dar-apariencia-de-legalidad-y-comercializar-el-oro-extraido-de-manera-ilegal\/"},"author":{"name":"Paula Andrea Castillo Lenis","@id":"https:\/\/www.fiscalia.gov.co\/colombia\/#\/schema\/person\/66c172905e0492f1de6bbe5f93c4668f"},"headline":"Descubierto patrimonio ilegal de cooperativas utilizadas para dar apariencia de legalidad y comercializar el oro extra\u00eddo de manera ilegal","datePublished":"2025-09-09T13:56:13+00:00","dateModified":"2025-09-09T13:56:13+00:00","mainEntityOfPage":{"@id":"https:\/\/www.fiscalia.gov.co\/colombia\/noticias\/descubierto-patrimonio-ilegal-de-cooperativas-utilizadas-para-dar-apariencia-de-legalidad-y-comercializar-el-oro-extraido-de-manera-ilegal\/"},"wordCount":383,"publisher":{"@id":"https:\/\/www.fiscalia.gov.co\/colombia\/#organization"},"keywords":["12.000 millones de pesos","an\u00e1lisis financieros","Antioquia","Barranco de Loba","bienes incautados","blanqueo de capitales","Bol\u00edvar","Caldas","Ca\u00f1asgordas","Choc\u00f3","comercializaci\u00f3n ilegal de oro","cooperativas falsas","Direcci\u00f3n Especializada de Extinci\u00f3n del Derecho de Dominio","embargo","entramado delictivo","establecimientos de comercio","Fiscal\u00eda General de la Naci\u00f3n","Fraude","incremento injustificado de ingresos","Lavado de activos","Marmato","material aur\u00edfero","Medell\u00edn","Medidas cautelares","mineros artesanales","oro il\u00edcito","Polic\u00eda Nacional","Remedios","santa f\u00e9 de Antioquia","Secuestro","suspensi\u00f3n del poder dispositivo","Tad\u00f3","Vegach\u00ed","Veh\u00edculos"],"articleSection":["Noticias"],"inLanguage":"es-CO"},{"@type":"WebPage","@id":"https:\/\/www.fiscalia.gov.co\/colombia\/noticias\/descubierto-patrimonio-ilegal-de-cooperativas-utilizadas-para-dar-apariencia-de-legalidad-y-comercializar-el-oro-extraido-de-manera-ilegal\/","url":"https:\/\/www.fiscalia.gov.co\/colombia\/noticias\/descubierto-patrimonio-ilegal-de-cooperativas-utilizadas-para-dar-apariencia-de-legalidad-y-comercializar-el-oro-extraido-de-manera-ilegal\/","name":"Fiscal\u00eda General de la Naci\u00f3n","isPartOf":{"@id":"https:\/\/www.fiscalia.gov.co\/colombia\/#website"},"datePublished":"2025-09-09T13:56:13+00:00","dateModified":"2025-09-09T13:56:13+00:00","description":"P\u00e1gina oficial de la Fiscal\u00eda General de la Naci\u00f3n \u2013 Colombia. Garantizamos el acceso efectivo a la justicia, la verdad y la reparaci\u00f3n de las v\u00edctimas de los delitos.","breadcrumb":{"@id":"https:\/\/www.fiscalia.gov.co\/colombia\/noticias\/descubierto-patrimonio-ilegal-de-cooperativas-utilizadas-para-dar-apariencia-de-legalidad-y-comercializar-el-oro-extraido-de-manera-ilegal\/#breadcrumb"},"inLanguage":"es-CO","potentialAction":[{"@type":"ReadAction","target":["https:\/\/www.fiscalia.gov.co\/colombia\/noticias\/descubierto-patrimonio-ilegal-de-cooperativas-utilizadas-para-dar-apariencia-de-legalidad-y-comercializar-el-oro-extraido-de-manera-ilegal\/"]}]},{"@type":"BreadcrumbList","@id":"https:\/\/www.fiscalia.gov.co\/colombia\/noticias\/descubierto-patrimonio-ilegal-de-cooperativas-utilizadas-para-dar-apariencia-de-legalidad-y-comercializar-el-oro-extraido-de-manera-ilegal\/#breadcrumb","itemListElement":[{"@type":"ListItem","position":1,"name":"Home","item":"https:\/\/www.fiscalia.gov.co\/colombia\/"},{"@type":"ListItem","position":2,"name":"Descubierto patrimonio ilegal de cooperativas utilizadas para dar apariencia de legalidad y comercializar el oro extra\u00eddo de manera ilegal"}]},{"@type":"WebSite","@id":"https:\/\/www.fiscalia.gov.co\/colombia\/#website","url":"https:\/\/www.fiscalia.gov.co\/colombia\/","name":"Fiscal\u00eda General de la Naci\u00f3n","description":"P\u00e1gina oficial de la Fiscal\u00eda General de la Naci\u00f3n \u2013 Colombia. Garantizamos el acceso efectivo a la justicia, la verdad y la reparaci\u00f3n de las v\u00edctimas de los delitos.","publisher":{"@id":"https:\/\/www.fiscalia.gov.co\/colombia\/#organization"},"potentialAction":[{"@type":"SearchAction","target":{"@type":"EntryPoint","urlTemplate":"https:\/\/www.fiscalia.gov.co\/colombia\/?s={search_term_string}"},"query-input":{"@type":"PropertyValueSpecification","valueRequired":true,"valueName":"search_term_string"}}],"inLanguage":"es-CO"},{"@type":"Organization","@id":"https:\/\/www.fiscalia.gov.co\/colombia\/#organization","name":"Fiscal\u00eda General de la Naci\u00f3n","url":"https:\/\/www.fiscalia.gov.co\/colombia\/","logo":{"@type":"ImageObject","inLanguage":"es-CO","@id":"https:\/\/www.fiscalia.gov.co\/colombia\/#\/schema\/logo\/image\/","url":"https:\/\/www.fiscalia.gov.co\/colombia\/wp-content\/uploads\/LogoHorizontal_1.jpg","contentUrl":"https:\/\/www.fiscalia.gov.co\/colombia\/wp-content\/uploads\/LogoHorizontal_1.jpg","width":300,"height":90,"caption":"Fiscal\u00eda General de la Naci\u00f3n"},"image":{"@id":"https:\/\/www.fiscalia.gov.co\/colombia\/#\/schema\/logo\/image\/"},"sameAs":["https:\/\/www.facebook.com\/FiscaliaCol","https:\/\/x.com\/FiscaliaCol","https:\/\/www.instagram.com\/fiscaliacol","https:\/\/www.linkedin.com\/company\/fiscalia-general-de-la-naci-n\/","https:\/\/youtube.com\/@fiscaliageneraldelanacion-4668?si=6nN79nyQICPU5iTh"]},{"@type":"Person","@id":"https:\/\/www.fiscalia.gov.co\/colombia\/#\/schema\/person\/66c172905e0492f1de6bbe5f93c4668f","name":"Paula Andrea Castillo Lenis","image":{"@type":"ImageObject","inLanguage":"es-CO","@id":"https:\/\/www.fiscalia.gov.co\/colombia\/#\/schema\/person\/image\/","url":"https:\/\/secure.gravatar.com\/avatar\/cb060d9561f2947c4102d1825739f868?s=96&d=mm&r=g","contentUrl":"https:\/\/secure.gravatar.com\/avatar\/cb060d9561f2947c4102d1825739f868?s=96&d=mm&r=g","caption":"Paula Andrea Castillo Lenis"},"url":"https:\/\/www.fiscalia.gov.co\/colombia\/author\/paula-castillo\/"}]}},"_links":{"self":[{"href":"https:\/\/www.fiscalia.gov.co\/colombia\/wp-json\/wp\/v2\/posts\/323408","targetHints":{"allow":["GET"]}}],"collection":[{"href":"https:\/\/www.fiscalia.gov.co\/colombia\/wp-json\/wp\/v2\/posts"}],"about":[{"href":"https:\/\/www.fiscalia.gov.co\/colombia\/wp-json\/wp\/v2\/types\/post"}],"author":[{"embeddable":true,"href":"https:\/\/www.fiscalia.gov.co\/colombia\/wp-json\/wp\/v2\/users\/182"}],"replies":[{"embeddable":true,"href":"https:\/\/www.fiscalia.gov.co\/colombia\/wp-json\/wp\/v2\/comments?post=323408"}],"version-history":[{"count":1,"href":"https:\/\/www.fiscalia.gov.co\/colombia\/wp-json\/wp\/v2\/posts\/323408\/revisions"}],"predecessor-version":[{"id":323411,"href":"https:\/\/www.fiscalia.gov.co\/colombia\/wp-json\/wp\/v2\/posts\/323408\/revisions\/323411"}],"wp:attachment":[{"href":"https:\/\/www.fiscalia.gov.co\/colombia\/wp-json\/wp\/v2\/media?parent=323408"}],"wp:term":[{"taxonomy":"category","embeddable":true,"href":"https:\/\/www.fiscalia.gov.co\/colombia\/wp-json\/wp\/v2\/categories?post=323408"},{"taxonomy":"post_tag","embeddable":true,"href":"https:\/\/www.fiscalia.gov.co\/colombia\/wp-json\/wp\/v2\/tags?post=323408"}],"curies":[{"name":"wp","href":"https:\/\/api.w.org\/{rel}","templated":true}]}}