{"id":323321,"date":"2025-09-07T10:10:47","date_gmt":"2025-09-07T15:10:47","guid":{"rendered":"https:\/\/www.fiscalia.gov.co\/colombia\/?p=323321"},"modified":"2025-09-07T10:10:47","modified_gmt":"2025-09-07T15:10:47","slug":"agresores-de-perros-en-norte-de-santander-antioquia-y-tolima-condenados-por-maltrato-animal","status":"publish","type":"post","link":"https:\/\/www.fiscalia.gov.co\/colombia\/noticias\/agresores-de-perros-en-norte-de-santander-antioquia-y-tolima-condenados-por-maltrato-animal\/","title":{"rendered":"Agresores de perros en Norte de Santander, Antioquia y Tolima condenados por maltrato animal"},"content":{"rendered":"<blockquote>\n<h4 class=\"x_elementToProof\"><strong><i>Dos de los sentenciados les causaron la muerte a dos perros en hechos de intolerancia; mientras que en un tercer caso una canina perdi\u00f3 la visi\u00f3n.<\/i><\/strong><\/h4>\n<\/blockquote>\n<p>Fiscales de las seccionales Norte de Santander, Antioquia y Tolima, con el apoyo del Grupo para la Lucha Contra el Maltrato Animal (Gelma), presentaron ante jueces penales de conocimiento pruebas y argumentos que dan cuenta de la responsabilidad de tres personas en el delito de maltrato animal agravado.<\/p>\n<p><b><u>La muerte de \u2018Conner\u2019<\/u><\/b><\/p>\n<figure id=\"attachment_323323\" aria-describedby=\"caption-attachment-323323\" style=\"width: 300px\" class=\"wp-caption alignnone\"><img loading=\"lazy\" decoding=\"async\" class=\"size-medium wp-image-323323\" src=\"https:\/\/www.fiscalia.gov.co\/colombia\/wp-content\/uploads\/Foto-Conner-300x193.jpeg\" alt=\"En la imagen unas personas caminando por una v\u00eda del municipio de Icononzo (Tolima) al lado de un perro.\" width=\"300\" height=\"193\" srcset=\"https:\/\/www.fiscalia.gov.co\/colombia\/wp-content\/uploads\/Foto-Conner-300x193.jpeg 300w, https:\/\/www.fiscalia.gov.co\/colombia\/wp-content\/uploads\/Foto-Conner-1024x658.jpeg 1024w, https:\/\/www.fiscalia.gov.co\/colombia\/wp-content\/uploads\/Foto-Conner-768x493.jpeg 768w, https:\/\/www.fiscalia.gov.co\/colombia\/wp-content\/uploads\/Foto-Conner-654x420.jpeg 654w, https:\/\/www.fiscalia.gov.co\/colombia\/wp-content\/uploads\/Foto-Conner-696x447.jpeg 696w, https:\/\/www.fiscalia.gov.co\/colombia\/wp-content\/uploads\/Foto-Conner-1068x686.jpeg 1068w, https:\/\/www.fiscalia.gov.co\/colombia\/wp-content\/uploads\/Foto-Conner.jpeg 1121w\" sizes=\"auto, (max-width: 300px) 100vw, 300px\" \/><figcaption id=\"caption-attachment-323323\" class=\"wp-caption-text\">Conner\u00a0un canino que fue agredido con un arma de fuego por\u00a0 Euclides Vargas Arenas, en hechos sucedidos el 2 de febrero de 2023, en Iconozo (Tolima).<\/figcaption><\/figure>\n<p>Juan Gregorio Contreras Quiroga fue condenado a 25 meses de prisi\u00f3n por darle una patada a un perro de nombre \u2018Conner\u2019 y causarle la muerte el 18 de abril de 2021, en v\u00eda p\u00fablica de C\u00facuta (Norte de Santander). Videos de c\u00e1mara de seguridad evidenciaron que el hoy sentenciado se acerc\u00f3 al animal y sin raz\u00f3n alguna le dio una patada.<\/p>\n<p><b><u>El caso de \u2018Lassie\u2019<\/u><\/b><\/p>\n<figure id=\"attachment_323324\" aria-describedby=\"caption-attachment-323324\" style=\"width: 300px\" class=\"wp-caption alignnone\"><img loading=\"lazy\" decoding=\"async\" class=\"size-medium wp-image-323324\" src=\"https:\/\/www.fiscalia.gov.co\/colombia\/wp-content\/uploads\/Foto-Lassie-300x214.jpeg\" alt=\"En la imagen una canina criolla tirada en un pastal.\" width=\"300\" height=\"214\" srcset=\"https:\/\/www.fiscalia.gov.co\/colombia\/wp-content\/uploads\/Foto-Lassie-300x214.jpeg 300w, https:\/\/www.fiscalia.gov.co\/colombia\/wp-content\/uploads\/Foto-Lassie-768x547.jpeg 768w, https:\/\/www.fiscalia.gov.co\/colombia\/wp-content\/uploads\/Foto-Lassie-589x420.jpeg 589w, https:\/\/www.fiscalia.gov.co\/colombia\/wp-content\/uploads\/Foto-Lassie-696x496.jpeg 696w, https:\/\/www.fiscalia.gov.co\/colombia\/wp-content\/uploads\/Foto-Lassie-100x70.jpeg 100w, https:\/\/www.fiscalia.gov.co\/colombia\/wp-content\/uploads\/Foto-Lassie.jpeg 849w\" sizes=\"auto, (max-width: 300px) 100vw, 300px\" \/><figcaption id=\"caption-attachment-323324\" class=\"wp-caption-text\">En la foto Lassie una canina que fue agredida por Juan Gregorio Contreras Quiroga quien le lanz\u00f3 un puntapi\u00e9 que le caus\u00f3 la muerte.<\/figcaption><\/figure>\n<p>El 2 de febrero de 2023, en Iconozo (Tolima), Euclides Vargas Arenas atac\u00f3 con una escopeta a varios perros que agredieron a las gallinas que ten\u00eda en su vivienda. Una canina llamada \u2018Lassie\u2019 fue alcanzada por uno de los proyectiles y muri\u00f3. El agresor fue condenado a 18 meses de prisi\u00f3n.<\/p>\n<p><b><u>Lesion\u00f3 a \u2018Brownie\u2019<\/u><\/b><\/p>\n<figure id=\"attachment_323322\" aria-describedby=\"caption-attachment-323322\" style=\"width: 255px\" class=\"wp-caption alignnone\"><img loading=\"lazy\" decoding=\"async\" class=\"size-medium wp-image-323322\" src=\"https:\/\/www.fiscalia.gov.co\/colombia\/wp-content\/uploads\/Foto-Brownie-255x300.jpeg\" alt=\"En la imagen un hombre agrediendo a una canina en una cafeter\u00eda.\" width=\"255\" height=\"300\" srcset=\"https:\/\/www.fiscalia.gov.co\/colombia\/wp-content\/uploads\/Foto-Brownie-255x300.jpeg 255w, https:\/\/www.fiscalia.gov.co\/colombia\/wp-content\/uploads\/Foto-Brownie-357x420.jpeg 357w, https:\/\/www.fiscalia.gov.co\/colombia\/wp-content\/uploads\/Foto-Brownie.jpeg 612w\" sizes=\"auto, (max-width: 255px) 100vw, 255px\" \/><figcaption id=\"caption-attachment-323322\" class=\"wp-caption-text\">En la foto Brownie una canina a quien Juan David G\u00f3mez Botero, en Andes (Antioquia), golpe\u00f3 con un palo de escoba caus\u00e1ndole ceguera.<\/figcaption><\/figure>\n<p>En una cafeter\u00eda del barrio Hispania, en Andes (Antioquia), Juan David G\u00f3mez Botero golpe\u00f3 con un palo de escoba a una canina de nombre \u2018Brownie, caus\u00e1ndole lesiones en los ojos y p\u00e9rdida de visi\u00f3n. Por este hecho sucedido el 24 de agosto de 2024, el hombre fue sentenciado a 9 meses de prisi\u00f3n.<\/p>\n<p>LYBT\/JARG\/JMT\/GG<\/p>\n<p>&nbsp;<\/p>\n<p>&nbsp;<\/p>\n<p>&nbsp;<\/p>\n<p>&nbsp;<\/p>\n<p><em>La informaci\u00f3n contenida en este bolet\u00edn de prensa corresponde a la narraci\u00f3n de los hechos noticiosos objetivos, y las investigaciones penales al interior de la Fiscal\u00eda General de la Naci\u00f3n. Para el momento de la divulgaci\u00f3n de este comunicado, la situaci\u00f3n jur\u00eddica de la(s) persona(s) relacionada(s) se encuentra pendiente de resolver por la autoridad judicial competente, siempre bajo los preceptos de la presunci\u00f3n de inocencia, consagrados en el art\u00edculo 29 de la Constituci\u00f3n Pol\u00edtica y el art\u00edculo 7\u00ba de la Ley 906 de 2004.<\/em><\/p>\n\n<div class=\"twitter-share\"><a href=\"https:\/\/twitter.com\/intent\/tweet?via=fiscaliacol\" class=\"twitter-share-button\">Tweet<\/a><\/div>\n","protected":false},"excerpt":{"rendered":"<p>Dos de los sentenciados les causaron la muerte a dos perros en hechos de intolerancia; mientras que en un tercer caso una canina perdi\u00f3 la visi\u00f3n. Fiscales de las seccionales Norte de Santander, Antioquia y Tolima, con el apoyo del Grupo para la Lucha Contra el Maltrato Animal (Gelma), presentaron ante jueces penales de conocimiento [&hellip;]<\/p>\n","protected":false},"author":181,"featured_media":0,"comment_status":"closed","ping_status":"open","sticky":false,"template":"","format":"standard","meta":{"tdm_status":"","tdm_grid_status":"","footnotes":""},"categories":[1,24099],"tags":[],"class_list":{"0":"post-323321","1":"post","2":"type-post","3":"status-publish","4":"format-standard","6":"category-noticias","7":"category-seguridad-territorial"},"yoast_head":"<!-- This site is optimized with the Yoast SEO plugin v24.3 - https:\/\/yoast.com\/wordpress\/plugins\/seo\/ -->\n<title>Fiscal\u00eda General de la Naci\u00f3n<\/title>\n<meta name=\"description\" content=\"P\u00e1gina oficial de la Fiscal\u00eda General de la Naci\u00f3n \u2013 Colombia. Garantizamos el acceso efectivo a la justicia, la verdad y la reparaci\u00f3n de las v\u00edctimas de los delitos.\" \/>\n<meta name=\"robots\" content=\"noindex, follow\" \/>\n<meta property=\"og:locale\" content=\"es_ES\" \/>\n<meta property=\"og:type\" content=\"article\" \/>\n<meta property=\"og:title\" content=\"Fiscal\u00eda General de la Naci\u00f3n\" \/>\n<meta property=\"og:description\" content=\"P\u00e1gina oficial de la Fiscal\u00eda General de la Naci\u00f3n \u2013 Colombia. Garantizamos el acceso efectivo a la justicia, la verdad y la reparaci\u00f3n de las v\u00edctimas de los delitos.\" \/>\n<meta property=\"og:url\" content=\"https:\/\/www.fiscalia.gov.co\/colombia\/noticias\/agresores-de-perros-en-norte-de-santander-antioquia-y-tolima-condenados-por-maltrato-animal\/\" \/>\n<meta property=\"og:site_name\" content=\"Fiscal\u00eda General de la Naci\u00f3n\" \/>\n<meta property=\"article:publisher\" content=\"https:\/\/www.facebook.com\/FiscaliaCol\" \/>\n<meta property=\"article:published_time\" content=\"2025-09-07T15:10:47+00:00\" \/>\n<meta property=\"og:image\" content=\"https:\/\/www.fiscalia.gov.co\/colombia\/wp-content\/uploads\/Foto-Conner.jpeg\" \/>\n\t<meta property=\"og:image:width\" content=\"1121\" \/>\n\t<meta property=\"og:image:height\" content=\"720\" \/>\n\t<meta property=\"og:image:type\" content=\"image\/jpeg\" \/>\n<meta name=\"author\" content=\"Johanna Islenny Prieto Pe\u00f1a\" \/>\n<meta name=\"twitter:card\" content=\"summary_large_image\" \/>\n<meta name=\"twitter:creator\" content=\"@FiscaliaCol\" \/>\n<meta name=\"twitter:site\" content=\"@FiscaliaCol\" \/>\n<meta name=\"twitter:label1\" content=\"Escrito por\" \/>\n\t<meta name=\"twitter:data1\" content=\"Johanna Islenny Prieto Pe\u00f1a\" \/>\n\t<meta name=\"twitter:label2\" content=\"Tiempo de lectura\" \/>\n\t<meta name=\"twitter:data2\" content=\"3 minutos\" \/>\n<script type=\"application\/ld+json\" class=\"yoast-schema-graph\">{\"@context\":\"https:\/\/schema.org\",\"@graph\":[{\"@type\":\"Article\",\"@id\":\"https:\/\/www.fiscalia.gov.co\/colombia\/noticias\/agresores-de-perros-en-norte-de-santander-antioquia-y-tolima-condenados-por-maltrato-animal\/#article\",\"isPartOf\":{\"@id\":\"https:\/\/www.fiscalia.gov.co\/colombia\/noticias\/agresores-de-perros-en-norte-de-santander-antioquia-y-tolima-condenados-por-maltrato-animal\/\"},\"author\":{\"name\":\"Johanna Islenny Prieto Pe\u00f1a\",\"@id\":\"https:\/\/www.fiscalia.gov.co\/colombia\/#\/schema\/person\/ba9eca435947489fb25117a0cd75bf3e\"},\"headline\":\"Agresores de perros en Norte de Santander, Antioquia y Tolima condenados por maltrato animal\",\"datePublished\":\"2025-09-07T15:10:47+00:00\",\"dateModified\":\"2025-09-07T15:10:47+00:00\",\"mainEntityOfPage\":{\"@id\":\"https:\/\/www.fiscalia.gov.co\/colombia\/noticias\/agresores-de-perros-en-norte-de-santander-antioquia-y-tolima-condenados-por-maltrato-animal\/\"},\"wordCount\":469,\"publisher\":{\"@id\":\"https:\/\/www.fiscalia.gov.co\/colombia\/#organization\"},\"image\":{\"@id\":\"https:\/\/www.fiscalia.gov.co\/colombia\/noticias\/agresores-de-perros-en-norte-de-santander-antioquia-y-tolima-condenados-por-maltrato-animal\/#primaryimage\"},\"thumbnailUrl\":\"https:\/\/www.fiscalia.gov.co\/colombia\/wp-content\/uploads\/Foto-Conner-300x193.jpeg\",\"articleSection\":[\"Noticias\",\"Seguridad territorial\"],\"inLanguage\":\"es-CO\"},{\"@type\":\"WebPage\",\"@id\":\"https:\/\/www.fiscalia.gov.co\/colombia\/noticias\/agresores-de-perros-en-norte-de-santander-antioquia-y-tolima-condenados-por-maltrato-animal\/\",\"url\":\"https:\/\/www.fiscalia.gov.co\/colombia\/noticias\/agresores-de-perros-en-norte-de-santander-antioquia-y-tolima-condenados-por-maltrato-animal\/\",\"name\":\"Fiscal\u00eda General de la Naci\u00f3n\",\"isPartOf\":{\"@id\":\"https:\/\/www.fiscalia.gov.co\/colombia\/#website\"},\"primaryImageOfPage\":{\"@id\":\"https:\/\/www.fiscalia.gov.co\/colombia\/noticias\/agresores-de-perros-en-norte-de-santander-antioquia-y-tolima-condenados-por-maltrato-animal\/#primaryimage\"},\"image\":{\"@id\":\"https:\/\/www.fiscalia.gov.co\/colombia\/noticias\/agresores-de-perros-en-norte-de-santander-antioquia-y-tolima-condenados-por-maltrato-animal\/#primaryimage\"},\"thumbnailUrl\":\"https:\/\/www.fiscalia.gov.co\/colombia\/wp-content\/uploads\/Foto-Conner-300x193.jpeg\",\"datePublished\":\"2025-09-07T15:10:47+00:00\",\"dateModified\":\"2025-09-07T15:10:47+00:00\",\"description\":\"P\u00e1gina oficial de la Fiscal\u00eda General de la Naci\u00f3n \u2013 Colombia. Garantizamos el acceso efectivo a la justicia, la verdad y la reparaci\u00f3n de las v\u00edctimas de los delitos.\",\"breadcrumb\":{\"@id\":\"https:\/\/www.fiscalia.gov.co\/colombia\/noticias\/agresores-de-perros-en-norte-de-santander-antioquia-y-tolima-condenados-por-maltrato-animal\/#breadcrumb\"},\"inLanguage\":\"es-CO\",\"potentialAction\":[{\"@type\":\"ReadAction\",\"target\":[\"https:\/\/www.fiscalia.gov.co\/colombia\/noticias\/agresores-de-perros-en-norte-de-santander-antioquia-y-tolima-condenados-por-maltrato-animal\/\"]}]},{\"@type\":\"ImageObject\",\"inLanguage\":\"es-CO\",\"@id\":\"https:\/\/www.fiscalia.gov.co\/colombia\/noticias\/agresores-de-perros-en-norte-de-santander-antioquia-y-tolima-condenados-por-maltrato-animal\/#primaryimage\",\"url\":\"https:\/\/www.fiscalia.gov.co\/colombia\/wp-content\/uploads\/Foto-Conner.jpeg\",\"contentUrl\":\"https:\/\/www.fiscalia.gov.co\/colombia\/wp-content\/uploads\/Foto-Conner.jpeg\",\"width\":1121,\"height\":720,\"caption\":\"Conner\u00a0un canino que fue agredido con un arma de fuego por\u00a0 Euclides Vargas Arenas, en hechos sucedidos el 2 de febrero de 2023, en Iconozo (Tolima).\"},{\"@type\":\"BreadcrumbList\",\"@id\":\"https:\/\/www.fiscalia.gov.co\/colombia\/noticias\/agresores-de-perros-en-norte-de-santander-antioquia-y-tolima-condenados-por-maltrato-animal\/#breadcrumb\",\"itemListElement\":[{\"@type\":\"ListItem\",\"position\":1,\"name\":\"Home\",\"item\":\"https:\/\/www.fiscalia.gov.co\/colombia\/\"},{\"@type\":\"ListItem\",\"position\":2,\"name\":\"Agresores de perros en Norte de Santander, Antioquia y Tolima condenados por maltrato animal\"}]},{\"@type\":\"WebSite\",\"@id\":\"https:\/\/www.fiscalia.gov.co\/colombia\/#website\",\"url\":\"https:\/\/www.fiscalia.gov.co\/colombia\/\",\"name\":\"Fiscal\u00eda General de la Naci\u00f3n\",\"description\":\"P\u00e1gina oficial de la Fiscal\u00eda General de la Naci\u00f3n \u2013 Colombia. Garantizamos el acceso efectivo a la justicia, la verdad y la reparaci\u00f3n de las v\u00edctimas de los delitos.\",\"publisher\":{\"@id\":\"https:\/\/www.fiscalia.gov.co\/colombia\/#organization\"},\"potentialAction\":[{\"@type\":\"SearchAction\",\"target\":{\"@type\":\"EntryPoint\",\"urlTemplate\":\"https:\/\/www.fiscalia.gov.co\/colombia\/?s={search_term_string}\"},\"query-input\":{\"@type\":\"PropertyValueSpecification\",\"valueRequired\":true,\"valueName\":\"search_term_string\"}}],\"inLanguage\":\"es-CO\"},{\"@type\":\"Organization\",\"@id\":\"https:\/\/www.fiscalia.gov.co\/colombia\/#organization\",\"name\":\"Fiscal\u00eda General de la Naci\u00f3n\",\"url\":\"https:\/\/www.fiscalia.gov.co\/colombia\/\",\"logo\":{\"@type\":\"ImageObject\",\"inLanguage\":\"es-CO\",\"@id\":\"https:\/\/www.fiscalia.gov.co\/colombia\/#\/schema\/logo\/image\/\",\"url\":\"https:\/\/www.fiscalia.gov.co\/colombia\/wp-content\/uploads\/LogoHorizontal_1.jpg\",\"contentUrl\":\"https:\/\/www.fiscalia.gov.co\/colombia\/wp-content\/uploads\/LogoHorizontal_1.jpg\",\"width\":300,\"height\":90,\"caption\":\"Fiscal\u00eda General de la Naci\u00f3n\"},\"image\":{\"@id\":\"https:\/\/www.fiscalia.gov.co\/colombia\/#\/schema\/logo\/image\/\"},\"sameAs\":[\"https:\/\/www.facebook.com\/FiscaliaCol\",\"https:\/\/x.com\/FiscaliaCol\",\"https:\/\/www.instagram.com\/fiscaliacol\",\"https:\/\/www.linkedin.com\/company\/fiscalia-general-de-la-naci-n\/\",\"https:\/\/youtube.com\/@fiscaliageneraldelanacion-4668?si=6nN79nyQICPU5iTh\"]},{\"@type\":\"Person\",\"@id\":\"https:\/\/www.fiscalia.gov.co\/colombia\/#\/schema\/person\/ba9eca435947489fb25117a0cd75bf3e\",\"name\":\"Johanna Islenny Prieto Pe\u00f1a\",\"image\":{\"@type\":\"ImageObject\",\"inLanguage\":\"es-CO\",\"@id\":\"https:\/\/www.fiscalia.gov.co\/colombia\/#\/schema\/person\/image\/\",\"url\":\"https:\/\/secure.gravatar.com\/avatar\/111433fc2acb037ffb768f6a3ca47864?s=96&d=mm&r=g\",\"contentUrl\":\"https:\/\/secure.gravatar.com\/avatar\/111433fc2acb037ffb768f6a3ca47864?s=96&d=mm&r=g\",\"caption\":\"Johanna Islenny Prieto Pe\u00f1a\"},\"url\":\"https:\/\/www.fiscalia.gov.co\/colombia\/author\/jprietop\/\"}]}<\/script>\n<!-- \/ Yoast SEO plugin. -->","yoast_head_json":{"title":"Fiscal\u00eda General de la Naci\u00f3n","description":"P\u00e1gina oficial de la Fiscal\u00eda General de la Naci\u00f3n \u2013 Colombia. Garantizamos el acceso efectivo a la justicia, la verdad y la reparaci\u00f3n de las v\u00edctimas de los delitos.","robots":{"index":"noindex","follow":"follow"},"og_locale":"es_ES","og_type":"article","og_title":"Fiscal\u00eda General de la Naci\u00f3n","og_description":"P\u00e1gina oficial de la Fiscal\u00eda General de la Naci\u00f3n \u2013 Colombia. Garantizamos el acceso efectivo a la justicia, la verdad y la reparaci\u00f3n de las v\u00edctimas de los delitos.","og_url":"https:\/\/www.fiscalia.gov.co\/colombia\/noticias\/agresores-de-perros-en-norte-de-santander-antioquia-y-tolima-condenados-por-maltrato-animal\/","og_site_name":"Fiscal\u00eda General de la Naci\u00f3n","article_publisher":"https:\/\/www.facebook.com\/FiscaliaCol","article_published_time":"2025-09-07T15:10:47+00:00","og_image":[{"width":1121,"height":720,"url":"https:\/\/www.fiscalia.gov.co\/colombia\/wp-content\/uploads\/Foto-Conner.jpeg","type":"image\/jpeg"}],"author":"Johanna Islenny Prieto Pe\u00f1a","twitter_card":"summary_large_image","twitter_creator":"@FiscaliaCol","twitter_site":"@FiscaliaCol","twitter_misc":{"Escrito por":"Johanna Islenny Prieto Pe\u00f1a","Tiempo de lectura":"3 minutos"},"schema":{"@context":"https:\/\/schema.org","@graph":[{"@type":"Article","@id":"https:\/\/www.fiscalia.gov.co\/colombia\/noticias\/agresores-de-perros-en-norte-de-santander-antioquia-y-tolima-condenados-por-maltrato-animal\/#article","isPartOf":{"@id":"https:\/\/www.fiscalia.gov.co\/colombia\/noticias\/agresores-de-perros-en-norte-de-santander-antioquia-y-tolima-condenados-por-maltrato-animal\/"},"author":{"name":"Johanna Islenny Prieto Pe\u00f1a","@id":"https:\/\/www.fiscalia.gov.co\/colombia\/#\/schema\/person\/ba9eca435947489fb25117a0cd75bf3e"},"headline":"Agresores de perros en Norte de Santander, Antioquia y Tolima condenados por maltrato animal","datePublished":"2025-09-07T15:10:47+00:00","dateModified":"2025-09-07T15:10:47+00:00","mainEntityOfPage":{"@id":"https:\/\/www.fiscalia.gov.co\/colombia\/noticias\/agresores-de-perros-en-norte-de-santander-antioquia-y-tolima-condenados-por-maltrato-animal\/"},"wordCount":469,"publisher":{"@id":"https:\/\/www.fiscalia.gov.co\/colombia\/#organization"},"image":{"@id":"https:\/\/www.fiscalia.gov.co\/colombia\/noticias\/agresores-de-perros-en-norte-de-santander-antioquia-y-tolima-condenados-por-maltrato-animal\/#primaryimage"},"thumbnailUrl":"https:\/\/www.fiscalia.gov.co\/colombia\/wp-content\/uploads\/Foto-Conner-300x193.jpeg","articleSection":["Noticias","Seguridad territorial"],"inLanguage":"es-CO"},{"@type":"WebPage","@id":"https:\/\/www.fiscalia.gov.co\/colombia\/noticias\/agresores-de-perros-en-norte-de-santander-antioquia-y-tolima-condenados-por-maltrato-animal\/","url":"https:\/\/www.fiscalia.gov.co\/colombia\/noticias\/agresores-de-perros-en-norte-de-santander-antioquia-y-tolima-condenados-por-maltrato-animal\/","name":"Fiscal\u00eda General de la Naci\u00f3n","isPartOf":{"@id":"https:\/\/www.fiscalia.gov.co\/colombia\/#website"},"primaryImageOfPage":{"@id":"https:\/\/www.fiscalia.gov.co\/colombia\/noticias\/agresores-de-perros-en-norte-de-santander-antioquia-y-tolima-condenados-por-maltrato-animal\/#primaryimage"},"image":{"@id":"https:\/\/www.fiscalia.gov.co\/colombia\/noticias\/agresores-de-perros-en-norte-de-santander-antioquia-y-tolima-condenados-por-maltrato-animal\/#primaryimage"},"thumbnailUrl":"https:\/\/www.fiscalia.gov.co\/colombia\/wp-content\/uploads\/Foto-Conner-300x193.jpeg","datePublished":"2025-09-07T15:10:47+00:00","dateModified":"2025-09-07T15:10:47+00:00","description":"P\u00e1gina oficial de la Fiscal\u00eda General de la Naci\u00f3n \u2013 Colombia. Garantizamos el acceso efectivo a la justicia, la verdad y la reparaci\u00f3n de las v\u00edctimas de los delitos.","breadcrumb":{"@id":"https:\/\/www.fiscalia.gov.co\/colombia\/noticias\/agresores-de-perros-en-norte-de-santander-antioquia-y-tolima-condenados-por-maltrato-animal\/#breadcrumb"},"inLanguage":"es-CO","potentialAction":[{"@type":"ReadAction","target":["https:\/\/www.fiscalia.gov.co\/colombia\/noticias\/agresores-de-perros-en-norte-de-santander-antioquia-y-tolima-condenados-por-maltrato-animal\/"]}]},{"@type":"ImageObject","inLanguage":"es-CO","@id":"https:\/\/www.fiscalia.gov.co\/colombia\/noticias\/agresores-de-perros-en-norte-de-santander-antioquia-y-tolima-condenados-por-maltrato-animal\/#primaryimage","url":"https:\/\/www.fiscalia.gov.co\/colombia\/wp-content\/uploads\/Foto-Conner.jpeg","contentUrl":"https:\/\/www.fiscalia.gov.co\/colombia\/wp-content\/uploads\/Foto-Conner.jpeg","width":1121,"height":720,"caption":"Conner\u00a0un canino que fue agredido con un arma de fuego por\u00a0 Euclides Vargas Arenas, en hechos sucedidos el 2 de febrero de 2023, en Iconozo (Tolima)."},{"@type":"BreadcrumbList","@id":"https:\/\/www.fiscalia.gov.co\/colombia\/noticias\/agresores-de-perros-en-norte-de-santander-antioquia-y-tolima-condenados-por-maltrato-animal\/#breadcrumb","itemListElement":[{"@type":"ListItem","position":1,"name":"Home","item":"https:\/\/www.fiscalia.gov.co\/colombia\/"},{"@type":"ListItem","position":2,"name":"Agresores de perros en Norte de Santander, Antioquia y Tolima condenados por maltrato animal"}]},{"@type":"WebSite","@id":"https:\/\/www.fiscalia.gov.co\/colombia\/#website","url":"https:\/\/www.fiscalia.gov.co\/colombia\/","name":"Fiscal\u00eda General de la Naci\u00f3n","description":"P\u00e1gina oficial de la Fiscal\u00eda General de la Naci\u00f3n \u2013 Colombia. Garantizamos el acceso efectivo a la justicia, la verdad y la reparaci\u00f3n de las v\u00edctimas de los delitos.","publisher":{"@id":"https:\/\/www.fiscalia.gov.co\/colombia\/#organization"},"potentialAction":[{"@type":"SearchAction","target":{"@type":"EntryPoint","urlTemplate":"https:\/\/www.fiscalia.gov.co\/colombia\/?s={search_term_string}"},"query-input":{"@type":"PropertyValueSpecification","valueRequired":true,"valueName":"search_term_string"}}],"inLanguage":"es-CO"},{"@type":"Organization","@id":"https:\/\/www.fiscalia.gov.co\/colombia\/#organization","name":"Fiscal\u00eda General de la Naci\u00f3n","url":"https:\/\/www.fiscalia.gov.co\/colombia\/","logo":{"@type":"ImageObject","inLanguage":"es-CO","@id":"https:\/\/www.fiscalia.gov.co\/colombia\/#\/schema\/logo\/image\/","url":"https:\/\/www.fiscalia.gov.co\/colombia\/wp-content\/uploads\/LogoHorizontal_1.jpg","contentUrl":"https:\/\/www.fiscalia.gov.co\/colombia\/wp-content\/uploads\/LogoHorizontal_1.jpg","width":300,"height":90,"caption":"Fiscal\u00eda General de la Naci\u00f3n"},"image":{"@id":"https:\/\/www.fiscalia.gov.co\/colombia\/#\/schema\/logo\/image\/"},"sameAs":["https:\/\/www.facebook.com\/FiscaliaCol","https:\/\/x.com\/FiscaliaCol","https:\/\/www.instagram.com\/fiscaliacol","https:\/\/www.linkedin.com\/company\/fiscalia-general-de-la-naci-n\/","https:\/\/youtube.com\/@fiscaliageneraldelanacion-4668?si=6nN79nyQICPU5iTh"]},{"@type":"Person","@id":"https:\/\/www.fiscalia.gov.co\/colombia\/#\/schema\/person\/ba9eca435947489fb25117a0cd75bf3e","name":"Johanna Islenny Prieto Pe\u00f1a","image":{"@type":"ImageObject","inLanguage":"es-CO","@id":"https:\/\/www.fiscalia.gov.co\/colombia\/#\/schema\/person\/image\/","url":"https:\/\/secure.gravatar.com\/avatar\/111433fc2acb037ffb768f6a3ca47864?s=96&d=mm&r=g","contentUrl":"https:\/\/secure.gravatar.com\/avatar\/111433fc2acb037ffb768f6a3ca47864?s=96&d=mm&r=g","caption":"Johanna Islenny Prieto Pe\u00f1a"},"url":"https:\/\/www.fiscalia.gov.co\/colombia\/author\/jprietop\/"}]}},"_links":{"self":[{"href":"https:\/\/www.fiscalia.gov.co\/colombia\/wp-json\/wp\/v2\/posts\/323321","targetHints":{"allow":["GET"]}}],"collection":[{"href":"https:\/\/www.fiscalia.gov.co\/colombia\/wp-json\/wp\/v2\/posts"}],"about":[{"href":"https:\/\/www.fiscalia.gov.co\/colombia\/wp-json\/wp\/v2\/types\/post"}],"author":[{"embeddable":true,"href":"https:\/\/www.fiscalia.gov.co\/colombia\/wp-json\/wp\/v2\/users\/181"}],"replies":[{"embeddable":true,"href":"https:\/\/www.fiscalia.gov.co\/colombia\/wp-json\/wp\/v2\/comments?post=323321"}],"version-history":[{"count":1,"href":"https:\/\/www.fiscalia.gov.co\/colombia\/wp-json\/wp\/v2\/posts\/323321\/revisions"}],"predecessor-version":[{"id":323325,"href":"https:\/\/www.fiscalia.gov.co\/colombia\/wp-json\/wp\/v2\/posts\/323321\/revisions\/323325"}],"wp:attachment":[{"href":"https:\/\/www.fiscalia.gov.co\/colombia\/wp-json\/wp\/v2\/media?parent=323321"}],"wp:term":[{"taxonomy":"category","embeddable":true,"href":"https:\/\/www.fiscalia.gov.co\/colombia\/wp-json\/wp\/v2\/categories?post=323321"},{"taxonomy":"post_tag","embeddable":true,"href":"https:\/\/www.fiscalia.gov.co\/colombia\/wp-json\/wp\/v2\/tags?post=323321"}],"curies":[{"name":"wp","href":"https:\/\/api.w.org\/{rel}","templated":true}]}}