{"id":323246,"date":"2025-09-05T12:18:20","date_gmt":"2025-09-05T17:18:20","guid":{"rendered":"https:\/\/www.fiscalia.gov.co\/colombia\/?p=323246"},"modified":"2025-09-05T12:18:20","modified_gmt":"2025-09-05T17:18:20","slug":"en-cundinamarca-fue-enviado-a-carcel-un-hombre-a-quien-se-le-atribuye-el-abuso-sexual-de-una-menor-de-10-anos","status":"publish","type":"post","link":"https:\/\/www.fiscalia.gov.co\/colombia\/noticias\/en-cundinamarca-fue-enviado-a-carcel-un-hombre-a-quien-se-le-atribuye-el-abuso-sexual-de-una-menor-de-10-anos\/","title":{"rendered":"En Cundinamarca fue enviado a c\u00e1rcel un hombre a quien se le atribuye el abuso sexual de una menor de 10 a\u00f1os"},"content":{"rendered":"<p><span data-contrast=\"auto\">Por petici\u00f3n de la Fiscal\u00eda General de la Naci\u00f3n, un juez de control de garant\u00edas impuso medida de aseguramiento<strong> en centro carcelario a Kevin Eduardo Rivera Figueroa<\/strong>, presuntamente implicado en el abuso sexual de una ni\u00f1a de 10 a\u00f1os.<\/span><span data-ccp-props=\"{&quot;201341983&quot;:0,&quot;335551550&quot;:6,&quot;335551620&quot;:6,&quot;335559738&quot;:240,&quot;335559739&quot;:240,&quot;335559740&quot;:240}\">\u00a0<\/span><\/p>\n<figure id=\"attachment_323247\" aria-describedby=\"caption-attachment-323247\" style=\"width: 300px\" class=\"wp-caption alignnone\"><img loading=\"lazy\" decoding=\"async\" class=\"size-medium wp-image-323247\" src=\"https:\/\/www.fiscalia.gov.co\/colombia\/wp-content\/uploads\/WhatsApp-Image-2025-09-05-at-12.04.15-PM-300x234.jpeg\" alt=\"En la fotograf\u00eda aparecen tres personas de pie frente a un tel\u00f3n institucional de la Polic\u00eda Nacional de Colombia.En el centro est\u00e1 un hombre vestido con camiseta negra y pantal\u00f3n de mezclilla azul, con la cabeza inclinada hacia abajo y las manos hacia atr\u00e1s, en se\u00f1al de estar bajo custodia.\n\nA su lado derecho e izquierdo se encuentran dos uniformados de la Polic\u00eda Nacional, una mujer y un hombre, quienes lo sujetan de los brazos. Ambos visten uniforme azul oscuro con detalles en verde fosforescente y portan equipo de dotaci\u00f3n policial.\n\nEn el fondo se repite el escudo de la Rep\u00fablica de Colombia junto al texto \u201cPolic\u00eda Nacional de Colombia\u201d.\n\nEn la esquina superior derecha aparece el logotipo de la Fiscal\u00eda General de la Naci\u00f3n.\n\nEn la parte inferior derecha est\u00e1 la frase: \u201cInsumo de comunicaci\u00f3n con fines period\u00edsticos\u201d.\" width=\"300\" height=\"234\" srcset=\"https:\/\/www.fiscalia.gov.co\/colombia\/wp-content\/uploads\/WhatsApp-Image-2025-09-05-at-12.04.15-PM-300x234.jpeg 300w, https:\/\/www.fiscalia.gov.co\/colombia\/wp-content\/uploads\/WhatsApp-Image-2025-09-05-at-12.04.15-PM-768x598.jpeg 768w, https:\/\/www.fiscalia.gov.co\/colombia\/wp-content\/uploads\/WhatsApp-Image-2025-09-05-at-12.04.15-PM-539x420.jpeg 539w, https:\/\/www.fiscalia.gov.co\/colombia\/wp-content\/uploads\/WhatsApp-Image-2025-09-05-at-12.04.15-PM-696x542.jpeg 696w, https:\/\/www.fiscalia.gov.co\/colombia\/wp-content\/uploads\/WhatsApp-Image-2025-09-05-at-12.04.15-PM.jpeg 924w\" sizes=\"auto, (max-width: 300px) 100vw, 300px\" \/><figcaption id=\"caption-attachment-323247\" class=\"wp-caption-text\">Kevin Eduardo Rivera Figueroa, presuntamente implicado en el abuso sexual de una ni\u00f1a de 10 a\u00f1os.<\/figcaption><\/figure>\n<p><span data-contrast=\"auto\">Los hechos ocurrieron el pasado 20 de agosto en la poblaci\u00f3n de Tocaima (Cundinamarca). El hombre, al parecer,<strong> se habr\u00eda acercado en varias oportunidades al colegio donde estudiaba la v\u00edctima con el aparente prop\u00f3sito de ganarse su confianza.<\/strong><\/span><strong>\u00a0<\/strong><\/p>\n<p><span data-contrast=\"auto\">Labores de polic\u00eda judicial evidenciaron que el se\u00f1alado abusador habr\u00eda forzado a la menor para que lo acompa\u00f1ara a su domicilio donde la ni\u00f1a fue accedida carnalmente en tres ocasiones.<\/span><span data-ccp-props=\"{&quot;201341983&quot;:0,&quot;335551550&quot;:6,&quot;335551620&quot;:6,&quot;335559738&quot;:240,&quot;335559739&quot;:240,&quot;335559740&quot;:240}\">\u00a0<\/span><\/p>\n<p><span data-contrast=\"auto\">Producto de las<strong> agresiones a las que fue sometida, la v\u00edctima debi\u00f3 ser hospitalizada<\/strong> por m\u00e1s de dos semanas pues presentaba graves afectaciones f\u00edsicas.<\/span><span data-ccp-props=\"{&quot;201341983&quot;:0,&quot;335551550&quot;:6,&quot;335551620&quot;:6,&quot;335559738&quot;:240,&quot;335559739&quot;:240,&quot;335559740&quot;:240}\">\u00a0<\/span><\/p>\n<p><span data-contrast=\"auto\">Un fiscal de la Unidad Especial de Ni\u00f1os, Ni\u00f1as y Adolescentes (UENNA) de Cundinamarca, imput\u00f3 a Rivera como presunto responsable del delito de acceso carnal violento. El cargo no fue aceptado por el procesado, quien fue capturado por la Polic\u00eda Nacional el pasado 4 de septiembre en Tocaima.<\/span><span data-ccp-props=\"{&quot;201341983&quot;:0,&quot;335551550&quot;:6,&quot;335551620&quot;:6,&quot;335559738&quot;:240,&quot;335559739&quot;:240,&quot;335559740&quot;:240}\">\u00a0<\/span><\/p>\n<p><span data-contrast=\"auto\">JPP\/MAGA\/RG<\/span><span data-ccp-props=\"{&quot;201341983&quot;:0,&quot;335551550&quot;:6,&quot;335551620&quot;:6,&quot;335559739&quot;:240,&quot;335559740&quot;:240}\">\u00a0<\/span><\/p>\n<p>&nbsp;<\/p>\n<p>&nbsp;<\/p>\n<p>&nbsp;<\/p>\n<p>&nbsp;<\/p>\n<p><em>La informaci\u00f3n contenida en este bolet\u00edn de prensa corresponde a la narraci\u00f3n de los hechos noticiosos objetivos, suministrados por los funcionarios encargados de adelantar las investigaciones penales al interior de\u00a0la Fiscal\u00eda General de la Naci\u00f3n. Para el momento de la divulgaci\u00f3n de este comunicado, la situaci\u00f3n jur\u00eddica de la(s) persona(s) relacionada(s) se encuentra pendiente de resolver por la autoridad judicial competente, siempre bajo los preceptos de la presunci\u00f3n de inocencia, consagrados en el art\u00edculo 29 de la Constituci\u00f3n Pol\u00edtica y el art\u00edculo 7\u00ba de la Ley\u00a0906 de 2004.<\/em><\/p>\n\n<div class=\"twitter-share\"><a href=\"https:\/\/twitter.com\/intent\/tweet?via=fiscaliacol\" class=\"twitter-share-button\">Tweet<\/a><\/div>\n","protected":false},"excerpt":{"rendered":"<p>Por petici\u00f3n de la Fiscal\u00eda General de la Naci\u00f3n, un juez de control de garant\u00edas impuso medida de aseguramiento en centro carcelario a Kevin Eduardo Rivera Figueroa, presuntamente implicado en el abuso sexual de una ni\u00f1a de 10 a\u00f1os.\u00a0 Los hechos ocurrieron el pasado 20 de agosto en la poblaci\u00f3n de Tocaima (Cundinamarca). El hombre, [&hellip;]<\/p>\n","protected":false},"author":181,"featured_media":0,"comment_status":"closed","ping_status":"open","sticky":false,"template":"","format":"standard","meta":{"_price":"","_stock":"","_tribe_ticket_header":"","_tribe_default_ticket_provider":"","_tribe_ticket_capacity":"0","_ticket_start_date":"","_ticket_end_date":"","_tribe_ticket_show_description":"","_tribe_ticket_show_not_going":false,"_tribe_ticket_use_global_stock":"","_tribe_ticket_global_stock_level":"","_global_stock_mode":"","_global_stock_cap":"","_tribe_rsvp_for_event":"","_tribe_ticket_going_count":"","_tribe_ticket_not_going_count":"","_tribe_tickets_list":"[]","_tribe_ticket_has_attendee_info_fields":false,"tdm_status":"","tdm_grid_status":"","footnotes":""},"categories":[1,24099],"tags":[15648,12184,38811,4614,1047,40513],"class_list":{"0":"post-323246","1":"post","2":"type-post","3":"status-publish","4":"format-standard","6":"category-noticias","7":"category-seguridad-territorial","8":"tag-cundinamarca","9":"tag-fiscal","10":"tag-fiscal-luz-adriana-camarago","11":"tag-fiscalia-2","12":"tag-fiscalia-general-de-la-nacion","13":"tag-uenna"},"yoast_head":"<!-- This site is optimized with the Yoast SEO plugin v24.3 - https:\/\/yoast.com\/wordpress\/plugins\/seo\/ -->\n<title>Fiscal\u00eda General de la Naci\u00f3n<\/title>\n<meta name=\"description\" content=\"P\u00e1gina oficial de la Fiscal\u00eda General de la Naci\u00f3n \u2013 Colombia. Garantizamos el acceso efectivo a la justicia, la verdad y la reparaci\u00f3n de las v\u00edctimas de los delitos.\" \/>\n<meta name=\"robots\" content=\"noindex, follow\" \/>\n<meta property=\"og:locale\" content=\"es_ES\" \/>\n<meta property=\"og:type\" content=\"article\" \/>\n<meta property=\"og:title\" content=\"Fiscal\u00eda General de la Naci\u00f3n\" \/>\n<meta property=\"og:description\" content=\"P\u00e1gina oficial de la Fiscal\u00eda General de la Naci\u00f3n \u2013 Colombia. Garantizamos el acceso efectivo a la justicia, la verdad y la reparaci\u00f3n de las v\u00edctimas de los delitos.\" \/>\n<meta property=\"og:url\" content=\"https:\/\/www.fiscalia.gov.co\/colombia\/noticias\/en-cundinamarca-fue-enviado-a-carcel-un-hombre-a-quien-se-le-atribuye-el-abuso-sexual-de-una-menor-de-10-anos\/\" \/>\n<meta property=\"og:site_name\" content=\"Fiscal\u00eda General de la Naci\u00f3n\" \/>\n<meta property=\"article:publisher\" content=\"https:\/\/www.facebook.com\/FiscaliaCol\" \/>\n<meta property=\"article:published_time\" content=\"2025-09-05T17:18:20+00:00\" \/>\n<meta property=\"og:image\" content=\"https:\/\/www.fiscalia.gov.co\/colombia\/wp-content\/uploads\/WhatsApp-Image-2025-09-05-at-12.04.15-PM.jpeg\" \/>\n\t<meta property=\"og:image:width\" content=\"924\" \/>\n\t<meta property=\"og:image:height\" content=\"720\" \/>\n\t<meta property=\"og:image:type\" content=\"image\/jpeg\" \/>\n<meta name=\"author\" content=\"Johanna Islenny Prieto Pe\u00f1a\" \/>\n<meta name=\"twitter:card\" content=\"summary_large_image\" \/>\n<meta name=\"twitter:creator\" content=\"@FiscaliaCol\" \/>\n<meta name=\"twitter:site\" content=\"@FiscaliaCol\" \/>\n<meta name=\"twitter:label1\" content=\"Escrito por\" \/>\n\t<meta name=\"twitter:data1\" content=\"Johanna Islenny Prieto Pe\u00f1a\" \/>\n\t<meta name=\"twitter:label2\" content=\"Tiempo de lectura\" \/>\n\t<meta name=\"twitter:data2\" content=\"2 minutos\" \/>\n<script type=\"application\/ld+json\" class=\"yoast-schema-graph\">{\"@context\":\"https:\/\/schema.org\",\"@graph\":[{\"@type\":\"Article\",\"@id\":\"https:\/\/www.fiscalia.gov.co\/colombia\/noticias\/en-cundinamarca-fue-enviado-a-carcel-un-hombre-a-quien-se-le-atribuye-el-abuso-sexual-de-una-menor-de-10-anos\/#article\",\"isPartOf\":{\"@id\":\"https:\/\/www.fiscalia.gov.co\/colombia\/noticias\/en-cundinamarca-fue-enviado-a-carcel-un-hombre-a-quien-se-le-atribuye-el-abuso-sexual-de-una-menor-de-10-anos\/\"},\"author\":{\"name\":\"Johanna Islenny Prieto Pe\u00f1a\",\"@id\":\"https:\/\/www.fiscalia.gov.co\/colombia\/#\/schema\/person\/ba9eca435947489fb25117a0cd75bf3e\"},\"headline\":\"En Cundinamarca fue enviado a c\u00e1rcel un hombre a quien se le atribuye el abuso sexual de una menor de 10 a\u00f1os\",\"datePublished\":\"2025-09-05T17:18:20+00:00\",\"dateModified\":\"2025-09-05T17:18:20+00:00\",\"mainEntityOfPage\":{\"@id\":\"https:\/\/www.fiscalia.gov.co\/colombia\/noticias\/en-cundinamarca-fue-enviado-a-carcel-un-hombre-a-quien-se-le-atribuye-el-abuso-sexual-de-una-menor-de-10-anos\/\"},\"wordCount\":353,\"publisher\":{\"@id\":\"https:\/\/www.fiscalia.gov.co\/colombia\/#organization\"},\"image\":{\"@id\":\"https:\/\/www.fiscalia.gov.co\/colombia\/noticias\/en-cundinamarca-fue-enviado-a-carcel-un-hombre-a-quien-se-le-atribuye-el-abuso-sexual-de-una-menor-de-10-anos\/#primaryimage\"},\"thumbnailUrl\":\"https:\/\/www.fiscalia.gov.co\/colombia\/wp-content\/uploads\/WhatsApp-Image-2025-09-05-at-12.04.15-PM-300x234.jpeg\",\"keywords\":[\"Cundinamarca\",\"Fiscal\",\"Fiscal Luz Adriana Camarago\",\"Fiscal\u00eda\",\"Fiscal\u00eda General de la Naci\u00f3n\",\"UENNA.\"],\"articleSection\":[\"Noticias\",\"Seguridad territorial\"],\"inLanguage\":\"es-CO\"},{\"@type\":\"WebPage\",\"@id\":\"https:\/\/www.fiscalia.gov.co\/colombia\/noticias\/en-cundinamarca-fue-enviado-a-carcel-un-hombre-a-quien-se-le-atribuye-el-abuso-sexual-de-una-menor-de-10-anos\/\",\"url\":\"https:\/\/www.fiscalia.gov.co\/colombia\/noticias\/en-cundinamarca-fue-enviado-a-carcel-un-hombre-a-quien-se-le-atribuye-el-abuso-sexual-de-una-menor-de-10-anos\/\",\"name\":\"Fiscal\u00eda General de la Naci\u00f3n\",\"isPartOf\":{\"@id\":\"https:\/\/www.fiscalia.gov.co\/colombia\/#website\"},\"primaryImageOfPage\":{\"@id\":\"https:\/\/www.fiscalia.gov.co\/colombia\/noticias\/en-cundinamarca-fue-enviado-a-carcel-un-hombre-a-quien-se-le-atribuye-el-abuso-sexual-de-una-menor-de-10-anos\/#primaryimage\"},\"image\":{\"@id\":\"https:\/\/www.fiscalia.gov.co\/colombia\/noticias\/en-cundinamarca-fue-enviado-a-carcel-un-hombre-a-quien-se-le-atribuye-el-abuso-sexual-de-una-menor-de-10-anos\/#primaryimage\"},\"thumbnailUrl\":\"https:\/\/www.fiscalia.gov.co\/colombia\/wp-content\/uploads\/WhatsApp-Image-2025-09-05-at-12.04.15-PM-300x234.jpeg\",\"datePublished\":\"2025-09-05T17:18:20+00:00\",\"dateModified\":\"2025-09-05T17:18:20+00:00\",\"description\":\"P\u00e1gina oficial de la Fiscal\u00eda General de la Naci\u00f3n \u2013 Colombia. Garantizamos el acceso efectivo a la justicia, la verdad y la reparaci\u00f3n de las v\u00edctimas de los delitos.\",\"breadcrumb\":{\"@id\":\"https:\/\/www.fiscalia.gov.co\/colombia\/noticias\/en-cundinamarca-fue-enviado-a-carcel-un-hombre-a-quien-se-le-atribuye-el-abuso-sexual-de-una-menor-de-10-anos\/#breadcrumb\"},\"inLanguage\":\"es-CO\",\"potentialAction\":[{\"@type\":\"ReadAction\",\"target\":[\"https:\/\/www.fiscalia.gov.co\/colombia\/noticias\/en-cundinamarca-fue-enviado-a-carcel-un-hombre-a-quien-se-le-atribuye-el-abuso-sexual-de-una-menor-de-10-anos\/\"]}]},{\"@type\":\"ImageObject\",\"inLanguage\":\"es-CO\",\"@id\":\"https:\/\/www.fiscalia.gov.co\/colombia\/noticias\/en-cundinamarca-fue-enviado-a-carcel-un-hombre-a-quien-se-le-atribuye-el-abuso-sexual-de-una-menor-de-10-anos\/#primaryimage\",\"url\":\"https:\/\/www.fiscalia.gov.co\/colombia\/wp-content\/uploads\/WhatsApp-Image-2025-09-05-at-12.04.15-PM.jpeg\",\"contentUrl\":\"https:\/\/www.fiscalia.gov.co\/colombia\/wp-content\/uploads\/WhatsApp-Image-2025-09-05-at-12.04.15-PM.jpeg\",\"width\":924,\"height\":720,\"caption\":\"Kevin Eduardo Rivera Figueroa, presuntamente implicado en el abuso sexual de una ni\u00f1a de 10 a\u00f1os.\"},{\"@type\":\"BreadcrumbList\",\"@id\":\"https:\/\/www.fiscalia.gov.co\/colombia\/noticias\/en-cundinamarca-fue-enviado-a-carcel-un-hombre-a-quien-se-le-atribuye-el-abuso-sexual-de-una-menor-de-10-anos\/#breadcrumb\",\"itemListElement\":[{\"@type\":\"ListItem\",\"position\":1,\"name\":\"Home\",\"item\":\"https:\/\/www.fiscalia.gov.co\/colombia\/\"},{\"@type\":\"ListItem\",\"position\":2,\"name\":\"En Cundinamarca fue enviado a c\u00e1rcel un hombre a quien se le atribuye el abuso sexual de una menor de 10 a\u00f1os\"}]},{\"@type\":\"WebSite\",\"@id\":\"https:\/\/www.fiscalia.gov.co\/colombia\/#website\",\"url\":\"https:\/\/www.fiscalia.gov.co\/colombia\/\",\"name\":\"Fiscal\u00eda General de la Naci\u00f3n\",\"description\":\"P\u00e1gina oficial de la Fiscal\u00eda General de la Naci\u00f3n \u2013 Colombia. Garantizamos el acceso efectivo a la justicia, la verdad y la reparaci\u00f3n de las v\u00edctimas de los delitos.\",\"publisher\":{\"@id\":\"https:\/\/www.fiscalia.gov.co\/colombia\/#organization\"},\"potentialAction\":[{\"@type\":\"SearchAction\",\"target\":{\"@type\":\"EntryPoint\",\"urlTemplate\":\"https:\/\/www.fiscalia.gov.co\/colombia\/?s={search_term_string}\"},\"query-input\":{\"@type\":\"PropertyValueSpecification\",\"valueRequired\":true,\"valueName\":\"search_term_string\"}}],\"inLanguage\":\"es-CO\"},{\"@type\":\"Organization\",\"@id\":\"https:\/\/www.fiscalia.gov.co\/colombia\/#organization\",\"name\":\"Fiscal\u00eda General de la Naci\u00f3n\",\"url\":\"https:\/\/www.fiscalia.gov.co\/colombia\/\",\"logo\":{\"@type\":\"ImageObject\",\"inLanguage\":\"es-CO\",\"@id\":\"https:\/\/www.fiscalia.gov.co\/colombia\/#\/schema\/logo\/image\/\",\"url\":\"https:\/\/www.fiscalia.gov.co\/colombia\/wp-content\/uploads\/LogoHorizontal_1.jpg\",\"contentUrl\":\"https:\/\/www.fiscalia.gov.co\/colombia\/wp-content\/uploads\/LogoHorizontal_1.jpg\",\"width\":300,\"height\":90,\"caption\":\"Fiscal\u00eda General de la Naci\u00f3n\"},\"image\":{\"@id\":\"https:\/\/www.fiscalia.gov.co\/colombia\/#\/schema\/logo\/image\/\"},\"sameAs\":[\"https:\/\/www.facebook.com\/FiscaliaCol\",\"https:\/\/x.com\/FiscaliaCol\",\"https:\/\/www.instagram.com\/fiscaliacol\",\"https:\/\/www.linkedin.com\/company\/fiscalia-general-de-la-naci-n\/\",\"https:\/\/youtube.com\/@fiscaliageneraldelanacion-4668?si=6nN79nyQICPU5iTh\"]},{\"@type\":\"Person\",\"@id\":\"https:\/\/www.fiscalia.gov.co\/colombia\/#\/schema\/person\/ba9eca435947489fb25117a0cd75bf3e\",\"name\":\"Johanna Islenny Prieto Pe\u00f1a\",\"image\":{\"@type\":\"ImageObject\",\"inLanguage\":\"es-CO\",\"@id\":\"https:\/\/www.fiscalia.gov.co\/colombia\/#\/schema\/person\/image\/\",\"url\":\"https:\/\/secure.gravatar.com\/avatar\/111433fc2acb037ffb768f6a3ca47864?s=96&d=mm&r=g\",\"contentUrl\":\"https:\/\/secure.gravatar.com\/avatar\/111433fc2acb037ffb768f6a3ca47864?s=96&d=mm&r=g\",\"caption\":\"Johanna Islenny Prieto Pe\u00f1a\"},\"url\":\"https:\/\/www.fiscalia.gov.co\/colombia\/author\/jprietop\/\"}]}<\/script>\n<!-- \/ Yoast SEO plugin. -->","yoast_head_json":{"title":"Fiscal\u00eda General de la Naci\u00f3n","description":"P\u00e1gina oficial de la Fiscal\u00eda General de la Naci\u00f3n \u2013 Colombia. Garantizamos el acceso efectivo a la justicia, la verdad y la reparaci\u00f3n de las v\u00edctimas de los delitos.","robots":{"index":"noindex","follow":"follow"},"og_locale":"es_ES","og_type":"article","og_title":"Fiscal\u00eda General de la Naci\u00f3n","og_description":"P\u00e1gina oficial de la Fiscal\u00eda General de la Naci\u00f3n \u2013 Colombia. Garantizamos el acceso efectivo a la justicia, la verdad y la reparaci\u00f3n de las v\u00edctimas de los delitos.","og_url":"https:\/\/www.fiscalia.gov.co\/colombia\/noticias\/en-cundinamarca-fue-enviado-a-carcel-un-hombre-a-quien-se-le-atribuye-el-abuso-sexual-de-una-menor-de-10-anos\/","og_site_name":"Fiscal\u00eda General de la Naci\u00f3n","article_publisher":"https:\/\/www.facebook.com\/FiscaliaCol","article_published_time":"2025-09-05T17:18:20+00:00","og_image":[{"width":924,"height":720,"url":"https:\/\/www.fiscalia.gov.co\/colombia\/wp-content\/uploads\/WhatsApp-Image-2025-09-05-at-12.04.15-PM.jpeg","type":"image\/jpeg"}],"author":"Johanna Islenny Prieto Pe\u00f1a","twitter_card":"summary_large_image","twitter_creator":"@FiscaliaCol","twitter_site":"@FiscaliaCol","twitter_misc":{"Escrito por":"Johanna Islenny Prieto Pe\u00f1a","Tiempo de lectura":"2 minutos"},"schema":{"@context":"https:\/\/schema.org","@graph":[{"@type":"Article","@id":"https:\/\/www.fiscalia.gov.co\/colombia\/noticias\/en-cundinamarca-fue-enviado-a-carcel-un-hombre-a-quien-se-le-atribuye-el-abuso-sexual-de-una-menor-de-10-anos\/#article","isPartOf":{"@id":"https:\/\/www.fiscalia.gov.co\/colombia\/noticias\/en-cundinamarca-fue-enviado-a-carcel-un-hombre-a-quien-se-le-atribuye-el-abuso-sexual-de-una-menor-de-10-anos\/"},"author":{"name":"Johanna Islenny Prieto Pe\u00f1a","@id":"https:\/\/www.fiscalia.gov.co\/colombia\/#\/schema\/person\/ba9eca435947489fb25117a0cd75bf3e"},"headline":"En Cundinamarca fue enviado a c\u00e1rcel un hombre a quien se le atribuye el abuso sexual de una menor de 10 a\u00f1os","datePublished":"2025-09-05T17:18:20+00:00","dateModified":"2025-09-05T17:18:20+00:00","mainEntityOfPage":{"@id":"https:\/\/www.fiscalia.gov.co\/colombia\/noticias\/en-cundinamarca-fue-enviado-a-carcel-un-hombre-a-quien-se-le-atribuye-el-abuso-sexual-de-una-menor-de-10-anos\/"},"wordCount":353,"publisher":{"@id":"https:\/\/www.fiscalia.gov.co\/colombia\/#organization"},"image":{"@id":"https:\/\/www.fiscalia.gov.co\/colombia\/noticias\/en-cundinamarca-fue-enviado-a-carcel-un-hombre-a-quien-se-le-atribuye-el-abuso-sexual-de-una-menor-de-10-anos\/#primaryimage"},"thumbnailUrl":"https:\/\/www.fiscalia.gov.co\/colombia\/wp-content\/uploads\/WhatsApp-Image-2025-09-05-at-12.04.15-PM-300x234.jpeg","keywords":["Cundinamarca","Fiscal","Fiscal Luz Adriana Camarago","Fiscal\u00eda","Fiscal\u00eda General de la Naci\u00f3n","UENNA."],"articleSection":["Noticias","Seguridad territorial"],"inLanguage":"es-CO"},{"@type":"WebPage","@id":"https:\/\/www.fiscalia.gov.co\/colombia\/noticias\/en-cundinamarca-fue-enviado-a-carcel-un-hombre-a-quien-se-le-atribuye-el-abuso-sexual-de-una-menor-de-10-anos\/","url":"https:\/\/www.fiscalia.gov.co\/colombia\/noticias\/en-cundinamarca-fue-enviado-a-carcel-un-hombre-a-quien-se-le-atribuye-el-abuso-sexual-de-una-menor-de-10-anos\/","name":"Fiscal\u00eda General de la Naci\u00f3n","isPartOf":{"@id":"https:\/\/www.fiscalia.gov.co\/colombia\/#website"},"primaryImageOfPage":{"@id":"https:\/\/www.fiscalia.gov.co\/colombia\/noticias\/en-cundinamarca-fue-enviado-a-carcel-un-hombre-a-quien-se-le-atribuye-el-abuso-sexual-de-una-menor-de-10-anos\/#primaryimage"},"image":{"@id":"https:\/\/www.fiscalia.gov.co\/colombia\/noticias\/en-cundinamarca-fue-enviado-a-carcel-un-hombre-a-quien-se-le-atribuye-el-abuso-sexual-de-una-menor-de-10-anos\/#primaryimage"},"thumbnailUrl":"https:\/\/www.fiscalia.gov.co\/colombia\/wp-content\/uploads\/WhatsApp-Image-2025-09-05-at-12.04.15-PM-300x234.jpeg","datePublished":"2025-09-05T17:18:20+00:00","dateModified":"2025-09-05T17:18:20+00:00","description":"P\u00e1gina oficial de la Fiscal\u00eda General de la Naci\u00f3n \u2013 Colombia. Garantizamos el acceso efectivo a la justicia, la verdad y la reparaci\u00f3n de las v\u00edctimas de los delitos.","breadcrumb":{"@id":"https:\/\/www.fiscalia.gov.co\/colombia\/noticias\/en-cundinamarca-fue-enviado-a-carcel-un-hombre-a-quien-se-le-atribuye-el-abuso-sexual-de-una-menor-de-10-anos\/#breadcrumb"},"inLanguage":"es-CO","potentialAction":[{"@type":"ReadAction","target":["https:\/\/www.fiscalia.gov.co\/colombia\/noticias\/en-cundinamarca-fue-enviado-a-carcel-un-hombre-a-quien-se-le-atribuye-el-abuso-sexual-de-una-menor-de-10-anos\/"]}]},{"@type":"ImageObject","inLanguage":"es-CO","@id":"https:\/\/www.fiscalia.gov.co\/colombia\/noticias\/en-cundinamarca-fue-enviado-a-carcel-un-hombre-a-quien-se-le-atribuye-el-abuso-sexual-de-una-menor-de-10-anos\/#primaryimage","url":"https:\/\/www.fiscalia.gov.co\/colombia\/wp-content\/uploads\/WhatsApp-Image-2025-09-05-at-12.04.15-PM.jpeg","contentUrl":"https:\/\/www.fiscalia.gov.co\/colombia\/wp-content\/uploads\/WhatsApp-Image-2025-09-05-at-12.04.15-PM.jpeg","width":924,"height":720,"caption":"Kevin Eduardo Rivera Figueroa, presuntamente implicado en el abuso sexual de una ni\u00f1a de 10 a\u00f1os."},{"@type":"BreadcrumbList","@id":"https:\/\/www.fiscalia.gov.co\/colombia\/noticias\/en-cundinamarca-fue-enviado-a-carcel-un-hombre-a-quien-se-le-atribuye-el-abuso-sexual-de-una-menor-de-10-anos\/#breadcrumb","itemListElement":[{"@type":"ListItem","position":1,"name":"Home","item":"https:\/\/www.fiscalia.gov.co\/colombia\/"},{"@type":"ListItem","position":2,"name":"En Cundinamarca fue enviado a c\u00e1rcel un hombre a quien se le atribuye el abuso sexual de una menor de 10 a\u00f1os"}]},{"@type":"WebSite","@id":"https:\/\/www.fiscalia.gov.co\/colombia\/#website","url":"https:\/\/www.fiscalia.gov.co\/colombia\/","name":"Fiscal\u00eda General de la Naci\u00f3n","description":"P\u00e1gina oficial de la Fiscal\u00eda General de la Naci\u00f3n \u2013 Colombia. Garantizamos el acceso efectivo a la justicia, la verdad y la reparaci\u00f3n de las v\u00edctimas de los delitos.","publisher":{"@id":"https:\/\/www.fiscalia.gov.co\/colombia\/#organization"},"potentialAction":[{"@type":"SearchAction","target":{"@type":"EntryPoint","urlTemplate":"https:\/\/www.fiscalia.gov.co\/colombia\/?s={search_term_string}"},"query-input":{"@type":"PropertyValueSpecification","valueRequired":true,"valueName":"search_term_string"}}],"inLanguage":"es-CO"},{"@type":"Organization","@id":"https:\/\/www.fiscalia.gov.co\/colombia\/#organization","name":"Fiscal\u00eda General de la Naci\u00f3n","url":"https:\/\/www.fiscalia.gov.co\/colombia\/","logo":{"@type":"ImageObject","inLanguage":"es-CO","@id":"https:\/\/www.fiscalia.gov.co\/colombia\/#\/schema\/logo\/image\/","url":"https:\/\/www.fiscalia.gov.co\/colombia\/wp-content\/uploads\/LogoHorizontal_1.jpg","contentUrl":"https:\/\/www.fiscalia.gov.co\/colombia\/wp-content\/uploads\/LogoHorizontal_1.jpg","width":300,"height":90,"caption":"Fiscal\u00eda General de la Naci\u00f3n"},"image":{"@id":"https:\/\/www.fiscalia.gov.co\/colombia\/#\/schema\/logo\/image\/"},"sameAs":["https:\/\/www.facebook.com\/FiscaliaCol","https:\/\/x.com\/FiscaliaCol","https:\/\/www.instagram.com\/fiscaliacol","https:\/\/www.linkedin.com\/company\/fiscalia-general-de-la-naci-n\/","https:\/\/youtube.com\/@fiscaliageneraldelanacion-4668?si=6nN79nyQICPU5iTh"]},{"@type":"Person","@id":"https:\/\/www.fiscalia.gov.co\/colombia\/#\/schema\/person\/ba9eca435947489fb25117a0cd75bf3e","name":"Johanna Islenny Prieto Pe\u00f1a","image":{"@type":"ImageObject","inLanguage":"es-CO","@id":"https:\/\/www.fiscalia.gov.co\/colombia\/#\/schema\/person\/image\/","url":"https:\/\/secure.gravatar.com\/avatar\/111433fc2acb037ffb768f6a3ca47864?s=96&d=mm&r=g","contentUrl":"https:\/\/secure.gravatar.com\/avatar\/111433fc2acb037ffb768f6a3ca47864?s=96&d=mm&r=g","caption":"Johanna Islenny Prieto Pe\u00f1a"},"url":"https:\/\/www.fiscalia.gov.co\/colombia\/author\/jprietop\/"}]}},"_links":{"self":[{"href":"https:\/\/www.fiscalia.gov.co\/colombia\/wp-json\/wp\/v2\/posts\/323246","targetHints":{"allow":["GET"]}}],"collection":[{"href":"https:\/\/www.fiscalia.gov.co\/colombia\/wp-json\/wp\/v2\/posts"}],"about":[{"href":"https:\/\/www.fiscalia.gov.co\/colombia\/wp-json\/wp\/v2\/types\/post"}],"author":[{"embeddable":true,"href":"https:\/\/www.fiscalia.gov.co\/colombia\/wp-json\/wp\/v2\/users\/181"}],"replies":[{"embeddable":true,"href":"https:\/\/www.fiscalia.gov.co\/colombia\/wp-json\/wp\/v2\/comments?post=323246"}],"version-history":[{"count":1,"href":"https:\/\/www.fiscalia.gov.co\/colombia\/wp-json\/wp\/v2\/posts\/323246\/revisions"}],"predecessor-version":[{"id":323248,"href":"https:\/\/www.fiscalia.gov.co\/colombia\/wp-json\/wp\/v2\/posts\/323246\/revisions\/323248"}],"wp:attachment":[{"href":"https:\/\/www.fiscalia.gov.co\/colombia\/wp-json\/wp\/v2\/media?parent=323246"}],"wp:term":[{"taxonomy":"category","embeddable":true,"href":"https:\/\/www.fiscalia.gov.co\/colombia\/wp-json\/wp\/v2\/categories?post=323246"},{"taxonomy":"post_tag","embeddable":true,"href":"https:\/\/www.fiscalia.gov.co\/colombia\/wp-json\/wp\/v2\/tags?post=323246"}],"curies":[{"name":"wp","href":"https:\/\/api.w.org\/{rel}","templated":true}]}}