{"id":323232,"date":"2025-09-05T11:34:41","date_gmt":"2025-09-05T16:34:41","guid":{"rendered":"https:\/\/www.fiscalia.gov.co\/colombia\/?p=323232"},"modified":"2025-09-05T11:49:52","modified_gmt":"2025-09-05T16:49:52","slug":"lo-que-debes-hacer-si-eres-victima-de-un-delito-cibernetico","status":"publish","type":"post","link":"https:\/\/www.fiscalia.gov.co\/colombia\/ciberseguro\/lo-que-debes-hacer-si-eres-victima-de-un-delito-cibernetico\/","title":{"rendered":"Lo que debes hacer si eres v\u00edctima de un delito cibern\u00e9tico"},"content":{"rendered":"<p><span class=\"TextRun SCXW34720047 BCX0\" lang=\"ES-CO\" xml:lang=\"ES-CO\" data-contrast=\"auto\"><span class=\"NormalTextRun SCXW34720047 BCX0\">La <\/span><span class=\"NormalTextRun ContextualSpellingAndGrammarErrorV2Themed SCXW34720047 BCX0\">Fiscal\u00eda General<\/span><span class=\"NormalTextRun SCXW34720047 BCX0\"> de la Naci\u00f3n trabaja para enfrentar el <a href=\"https:\/\/www.instagram.com\/p\/DOMmnVNjhOi\/\" target=\"_blank\" rel=\"noopener\">cibercrimen<\/a> y judicializar a <\/span><span class=\"NormalTextRun SCXW34720047 BCX0\">los responsables de las diferentes conductas delictivas por medios inform\u00e1ticos<\/span><span class=\"NormalTextRun SCXW34720047 BCX0\">. <\/span><\/span><span class=\"TextRun SCXW34720047 BCX0\" lang=\"ES-CO\" xml:lang=\"ES-CO\" data-contrast=\"none\"><span class=\"NormalTextRun SCXW34720047 BCX0\">Tu denuncia<\/span> <\/span><span class=\"TextRun SCXW34720047 BCX0\" lang=\"ES-CO\" xml:lang=\"ES-CO\" data-contrast=\"auto\"><span class=\"NormalTextRun SCXW34720047 BCX0\">es fundamental para avanzar en las investigaciones y garantizar resultados. <\/span><span class=\"NormalTextRun SCXW34720047 BCX0\">Aqu\u00ed te contamos <\/span><span class=\"NormalTextRun SCXW34720047 BCX0\">c\u00f3mo <\/span><\/span><span class=\"TextRun SCXW34720047 BCX0\" lang=\"ES-CO\" xml:lang=\"ES-CO\" data-contrast=\"none\"><span class=\"NormalTextRun SCXW34720047 BCX0\">proteger<\/span><span class=\"NormalTextRun SCXW34720047 BCX0\">t<\/span><span class=\"NormalTextRun SCXW34720047 BCX0\">e <\/span><\/span><span class=\"TextRun SCXW34720047 BCX0\" lang=\"ES-CO\" xml:lang=\"ES-CO\" data-contrast=\"auto\"><span class=\"NormalTextRun SCXW34720047 BCX0\">y qu\u00e9 acciones fortalecen la lucha contra los delincuentes digitales.<\/span><\/span><span class=\"EOP SCXW34720047 BCX0\" data-ccp-props=\"{&quot;335551550&quot;:6,&quot;335551620&quot;:6}\">\u00a0<\/span><\/p>\n<p><iframe loading=\"lazy\" style=\"border: none; overflow: hidden;\" src=\"https:\/\/www.facebook.com\/plugins\/video.php?height=476&amp;href=https%3A%2F%2Fwww.facebook.com%2FFiscaliaCol%2Fvideos%2F1271659687569064%2F&amp;show_text=false&amp;width=267&amp;t=0\" width=\"267\" height=\"476\" frameborder=\"0\" scrolling=\"no\" allowfullscreen=\"allowfullscreen\"><\/iframe><\/p>\n<p>Si eres v\u00edctima de suplantaci\u00f3n de identidad, robo de informaci\u00f3n, fraude financiero o cualquier otra manifestaci\u00f3n de la ciberdelincuencia, esto es lo que debes hacer.<\/p>\n<p>Primero, cambia de inmediato tus contrase\u00f1as en correos electr\u00f3nicos, redes sociales y aplicaciones financieras. Usa claves seguras y diferentes.<\/p>\n<p>Segundo, comun\u00edcate con tu banco o entidad financiera. Solicita el bloqueo de tarjetas, cuentas o cr\u00e9ditos vinculados para frenar nuevas transacciones.<\/p>\n<p>Tercero, revisa tus dispositivos. Instala un antivirus actualizado y elimina archivos o aplicaciones sospechosas.<\/p>\n<p>Cuarto, guarda todas las evidencias posibles como correos, chats, capturas de pantalla o n\u00fameros telef\u00f3nicos usados en la estafa.<\/p>\n<p>Quinto, denuncia en la l\u00ednea 122 de la Fiscal\u00eda General de la Naci\u00f3n o a trav\u00e9s de Denuncia F\u00e1cil en www.fiscal\u00eda.gov.co<\/p>\n<p>Denunciar y actuar de inmediato nos permite investigar y judicializar a los responsables. Tu denuncia es clave para frenar el cibercrimen.<\/p>\n\n<div class=\"twitter-share\"><a href=\"https:\/\/twitter.com\/intent\/tweet?via=fiscaliacol\" class=\"twitter-share-button\">Tweet<\/a><\/div>\n","protected":false},"excerpt":{"rendered":"<p>La Fiscal\u00eda General de la Naci\u00f3n trabaja para enfrentar el cibercrimen y judicializar a los responsables de las diferentes conductas delictivas por medios inform\u00e1ticos. Tu denuncia es fundamental para avanzar en las investigaciones y garantizar resultados. Aqu\u00ed te contamos c\u00f3mo protegerte y qu\u00e9 acciones fortalecen la lucha contra los delincuentes digitales.\u00a0 Si eres v\u00edctima de [&hellip;]<\/p>\n","protected":false},"author":181,"featured_media":323236,"comment_status":"closed","ping_status":"open","sticky":false,"template":"","format":"video","meta":{"tdm_status":"","tdm_grid_status":"","footnotes":""},"categories":[38656],"tags":[38925,12184,37492,4614,1047],"class_list":{"0":"post-323232","1":"post","2":"type-post","3":"status-publish","4":"format-video","5":"has-post-thumbnail","7":"category-ciberseguro","8":"tag-ciberseguro","9":"tag-fiscal","10":"tag-fiscal-luz-adriana-camargo","11":"tag-fiscalia-2","12":"tag-fiscalia-general-de-la-nacion","13":"post_format-post-format-video"},"yoast_head":"<!-- This site is optimized with the Yoast SEO plugin v24.3 - https:\/\/yoast.com\/wordpress\/plugins\/seo\/ -->\n<title>Fiscal\u00eda General de la Naci\u00f3n<\/title>\n<meta name=\"description\" content=\"P\u00e1gina oficial de la Fiscal\u00eda General de la Naci\u00f3n \u2013 Colombia. Garantizamos el acceso efectivo a la justicia, la verdad y la reparaci\u00f3n de las v\u00edctimas de los delitos.\" \/>\n<meta name=\"robots\" content=\"noindex, follow\" \/>\n<meta property=\"og:locale\" content=\"es_ES\" \/>\n<meta property=\"og:type\" content=\"article\" \/>\n<meta property=\"og:title\" content=\"Fiscal\u00eda General de la Naci\u00f3n\" \/>\n<meta property=\"og:description\" content=\"P\u00e1gina oficial de la Fiscal\u00eda General de la Naci\u00f3n \u2013 Colombia. Garantizamos el acceso efectivo a la justicia, la verdad y la reparaci\u00f3n de las v\u00edctimas de los delitos.\" \/>\n<meta property=\"og:url\" content=\"https:\/\/www.fiscalia.gov.co\/colombia\/ciberseguro\/lo-que-debes-hacer-si-eres-victima-de-un-delito-cibernetico\/\" \/>\n<meta property=\"og:site_name\" content=\"Fiscal\u00eda General de la Naci\u00f3n\" \/>\n<meta property=\"article:publisher\" content=\"https:\/\/www.facebook.com\/FiscaliaCol\" \/>\n<meta property=\"article:published_time\" content=\"2025-09-05T16:34:41+00:00\" \/>\n<meta property=\"article:modified_time\" content=\"2025-09-05T16:49:52+00:00\" \/>\n<meta property=\"og:image\" content=\"https:\/\/www.fiscalia.gov.co\/colombia\/wp-content\/uploads\/WhatsApp-Image-2025-09-04-at-5.21.36-PM-1.jpeg\" \/>\n\t<meta property=\"og:image:width\" content=\"910\" \/>\n\t<meta property=\"og:image:height\" content=\"1600\" \/>\n\t<meta property=\"og:image:type\" content=\"image\/jpeg\" \/>\n<meta name=\"author\" content=\"Johanna Islenny Prieto Pe\u00f1a\" \/>\n<meta name=\"twitter:card\" content=\"summary_large_image\" \/>\n<meta name=\"twitter:creator\" content=\"@FiscaliaCol\" \/>\n<meta name=\"twitter:site\" content=\"@FiscaliaCol\" \/>\n<meta name=\"twitter:label1\" content=\"Escrito por\" \/>\n\t<meta name=\"twitter:data1\" content=\"Johanna Islenny Prieto Pe\u00f1a\" \/>\n\t<meta name=\"twitter:label2\" content=\"Tiempo de lectura\" \/>\n\t<meta name=\"twitter:data2\" content=\"2 minutos\" \/>\n<script type=\"application\/ld+json\" class=\"yoast-schema-graph\">{\"@context\":\"https:\/\/schema.org\",\"@graph\":[{\"@type\":\"Article\",\"@id\":\"https:\/\/www.fiscalia.gov.co\/colombia\/ciberseguro\/lo-que-debes-hacer-si-eres-victima-de-un-delito-cibernetico\/#article\",\"isPartOf\":{\"@id\":\"https:\/\/www.fiscalia.gov.co\/colombia\/ciberseguro\/lo-que-debes-hacer-si-eres-victima-de-un-delito-cibernetico\/\"},\"author\":{\"name\":\"Johanna Islenny Prieto Pe\u00f1a\",\"@id\":\"https:\/\/www.fiscalia.gov.co\/colombia\/#\/schema\/person\/ba9eca435947489fb25117a0cd75bf3e\"},\"headline\":\"Lo que debes hacer si eres v\u00edctima de un delito cibern\u00e9tico\",\"datePublished\":\"2025-09-05T16:34:41+00:00\",\"dateModified\":\"2025-09-05T16:49:52+00:00\",\"mainEntityOfPage\":{\"@id\":\"https:\/\/www.fiscalia.gov.co\/colombia\/ciberseguro\/lo-que-debes-hacer-si-eres-victima-de-un-delito-cibernetico\/\"},\"wordCount\":228,\"publisher\":{\"@id\":\"https:\/\/www.fiscalia.gov.co\/colombia\/#organization\"},\"image\":{\"@id\":\"https:\/\/www.fiscalia.gov.co\/colombia\/ciberseguro\/lo-que-debes-hacer-si-eres-victima-de-un-delito-cibernetico\/#primaryimage\"},\"thumbnailUrl\":\"https:\/\/www.fiscalia.gov.co\/colombia\/wp-content\/uploads\/WhatsApp-Image-2025-09-04-at-5.21.36-PM-1.jpeg\",\"keywords\":[\"Ciberseguro\",\"Fiscal\",\"Fiscal Luz Adriana Camargo\",\"Fiscal\u00eda\",\"Fiscal\u00eda General de la Naci\u00f3n\"],\"articleSection\":[\"ciberseguro\"],\"inLanguage\":\"es-CO\"},{\"@type\":\"WebPage\",\"@id\":\"https:\/\/www.fiscalia.gov.co\/colombia\/ciberseguro\/lo-que-debes-hacer-si-eres-victima-de-un-delito-cibernetico\/\",\"url\":\"https:\/\/www.fiscalia.gov.co\/colombia\/ciberseguro\/lo-que-debes-hacer-si-eres-victima-de-un-delito-cibernetico\/\",\"name\":\"Fiscal\u00eda General de la Naci\u00f3n\",\"isPartOf\":{\"@id\":\"https:\/\/www.fiscalia.gov.co\/colombia\/#website\"},\"primaryImageOfPage\":{\"@id\":\"https:\/\/www.fiscalia.gov.co\/colombia\/ciberseguro\/lo-que-debes-hacer-si-eres-victima-de-un-delito-cibernetico\/#primaryimage\"},\"image\":{\"@id\":\"https:\/\/www.fiscalia.gov.co\/colombia\/ciberseguro\/lo-que-debes-hacer-si-eres-victima-de-un-delito-cibernetico\/#primaryimage\"},\"thumbnailUrl\":\"https:\/\/www.fiscalia.gov.co\/colombia\/wp-content\/uploads\/WhatsApp-Image-2025-09-04-at-5.21.36-PM-1.jpeg\",\"datePublished\":\"2025-09-05T16:34:41+00:00\",\"dateModified\":\"2025-09-05T16:49:52+00:00\",\"description\":\"P\u00e1gina oficial de la Fiscal\u00eda General de la Naci\u00f3n \u2013 Colombia. Garantizamos el acceso efectivo a la justicia, la verdad y la reparaci\u00f3n de las v\u00edctimas de los delitos.\",\"breadcrumb\":{\"@id\":\"https:\/\/www.fiscalia.gov.co\/colombia\/ciberseguro\/lo-que-debes-hacer-si-eres-victima-de-un-delito-cibernetico\/#breadcrumb\"},\"inLanguage\":\"es-CO\",\"potentialAction\":[{\"@type\":\"ReadAction\",\"target\":[\"https:\/\/www.fiscalia.gov.co\/colombia\/ciberseguro\/lo-que-debes-hacer-si-eres-victima-de-un-delito-cibernetico\/\"]}]},{\"@type\":\"ImageObject\",\"inLanguage\":\"es-CO\",\"@id\":\"https:\/\/www.fiscalia.gov.co\/colombia\/ciberseguro\/lo-que-debes-hacer-si-eres-victima-de-un-delito-cibernetico\/#primaryimage\",\"url\":\"https:\/\/www.fiscalia.gov.co\/colombia\/wp-content\/uploads\/WhatsApp-Image-2025-09-04-at-5.21.36-PM-1.jpeg\",\"contentUrl\":\"https:\/\/www.fiscalia.gov.co\/colombia\/wp-content\/uploads\/WhatsApp-Image-2025-09-04-at-5.21.36-PM-1.jpeg\",\"width\":910,\"height\":1600,\"caption\":\"Lo que debes hacer si eres v\u00edctima de ciber delincuencia.\"},{\"@type\":\"BreadcrumbList\",\"@id\":\"https:\/\/www.fiscalia.gov.co\/colombia\/ciberseguro\/lo-que-debes-hacer-si-eres-victima-de-un-delito-cibernetico\/#breadcrumb\",\"itemListElement\":[{\"@type\":\"ListItem\",\"position\":1,\"name\":\"Home\",\"item\":\"https:\/\/www.fiscalia.gov.co\/colombia\/\"},{\"@type\":\"ListItem\",\"position\":2,\"name\":\"Lo que debes hacer si eres v\u00edctima de un delito cibern\u00e9tico\"}]},{\"@type\":\"WebSite\",\"@id\":\"https:\/\/www.fiscalia.gov.co\/colombia\/#website\",\"url\":\"https:\/\/www.fiscalia.gov.co\/colombia\/\",\"name\":\"Fiscal\u00eda General de la Naci\u00f3n\",\"description\":\"P\u00e1gina oficial de la Fiscal\u00eda General de la Naci\u00f3n \u2013 Colombia. Garantizamos el acceso efectivo a la justicia, la verdad y la reparaci\u00f3n de las v\u00edctimas de los delitos.\",\"publisher\":{\"@id\":\"https:\/\/www.fiscalia.gov.co\/colombia\/#organization\"},\"potentialAction\":[{\"@type\":\"SearchAction\",\"target\":{\"@type\":\"EntryPoint\",\"urlTemplate\":\"https:\/\/www.fiscalia.gov.co\/colombia\/?s={search_term_string}\"},\"query-input\":{\"@type\":\"PropertyValueSpecification\",\"valueRequired\":true,\"valueName\":\"search_term_string\"}}],\"inLanguage\":\"es-CO\"},{\"@type\":\"Organization\",\"@id\":\"https:\/\/www.fiscalia.gov.co\/colombia\/#organization\",\"name\":\"Fiscal\u00eda General de la Naci\u00f3n\",\"url\":\"https:\/\/www.fiscalia.gov.co\/colombia\/\",\"logo\":{\"@type\":\"ImageObject\",\"inLanguage\":\"es-CO\",\"@id\":\"https:\/\/www.fiscalia.gov.co\/colombia\/#\/schema\/logo\/image\/\",\"url\":\"https:\/\/www.fiscalia.gov.co\/colombia\/wp-content\/uploads\/LogoHorizontal_1.jpg\",\"contentUrl\":\"https:\/\/www.fiscalia.gov.co\/colombia\/wp-content\/uploads\/LogoHorizontal_1.jpg\",\"width\":300,\"height\":90,\"caption\":\"Fiscal\u00eda General de la Naci\u00f3n\"},\"image\":{\"@id\":\"https:\/\/www.fiscalia.gov.co\/colombia\/#\/schema\/logo\/image\/\"},\"sameAs\":[\"https:\/\/www.facebook.com\/FiscaliaCol\",\"https:\/\/x.com\/FiscaliaCol\",\"https:\/\/www.instagram.com\/fiscaliacol\",\"https:\/\/www.linkedin.com\/company\/fiscalia-general-de-la-naci-n\/\",\"https:\/\/youtube.com\/@fiscaliageneraldelanacion-4668?si=6nN79nyQICPU5iTh\"]},{\"@type\":\"Person\",\"@id\":\"https:\/\/www.fiscalia.gov.co\/colombia\/#\/schema\/person\/ba9eca435947489fb25117a0cd75bf3e\",\"name\":\"Johanna Islenny Prieto Pe\u00f1a\",\"image\":{\"@type\":\"ImageObject\",\"inLanguage\":\"es-CO\",\"@id\":\"https:\/\/www.fiscalia.gov.co\/colombia\/#\/schema\/person\/image\/\",\"url\":\"https:\/\/secure.gravatar.com\/avatar\/111433fc2acb037ffb768f6a3ca47864?s=96&d=mm&r=g\",\"contentUrl\":\"https:\/\/secure.gravatar.com\/avatar\/111433fc2acb037ffb768f6a3ca47864?s=96&d=mm&r=g\",\"caption\":\"Johanna Islenny Prieto Pe\u00f1a\"},\"url\":\"https:\/\/www.fiscalia.gov.co\/colombia\/author\/jprietop\/\"}]}<\/script>\n<!-- \/ Yoast SEO plugin. -->","yoast_head_json":{"title":"Fiscal\u00eda General de la Naci\u00f3n","description":"P\u00e1gina oficial de la Fiscal\u00eda General de la Naci\u00f3n \u2013 Colombia. Garantizamos el acceso efectivo a la justicia, la verdad y la reparaci\u00f3n de las v\u00edctimas de los delitos.","robots":{"index":"noindex","follow":"follow"},"og_locale":"es_ES","og_type":"article","og_title":"Fiscal\u00eda General de la Naci\u00f3n","og_description":"P\u00e1gina oficial de la Fiscal\u00eda General de la Naci\u00f3n \u2013 Colombia. Garantizamos el acceso efectivo a la justicia, la verdad y la reparaci\u00f3n de las v\u00edctimas de los delitos.","og_url":"https:\/\/www.fiscalia.gov.co\/colombia\/ciberseguro\/lo-que-debes-hacer-si-eres-victima-de-un-delito-cibernetico\/","og_site_name":"Fiscal\u00eda General de la Naci\u00f3n","article_publisher":"https:\/\/www.facebook.com\/FiscaliaCol","article_published_time":"2025-09-05T16:34:41+00:00","article_modified_time":"2025-09-05T16:49:52+00:00","og_image":[{"width":910,"height":1600,"url":"https:\/\/www.fiscalia.gov.co\/colombia\/wp-content\/uploads\/WhatsApp-Image-2025-09-04-at-5.21.36-PM-1.jpeg","type":"image\/jpeg"}],"author":"Johanna Islenny Prieto Pe\u00f1a","twitter_card":"summary_large_image","twitter_creator":"@FiscaliaCol","twitter_site":"@FiscaliaCol","twitter_misc":{"Escrito por":"Johanna Islenny Prieto Pe\u00f1a","Tiempo de lectura":"2 minutos"},"schema":{"@context":"https:\/\/schema.org","@graph":[{"@type":"Article","@id":"https:\/\/www.fiscalia.gov.co\/colombia\/ciberseguro\/lo-que-debes-hacer-si-eres-victima-de-un-delito-cibernetico\/#article","isPartOf":{"@id":"https:\/\/www.fiscalia.gov.co\/colombia\/ciberseguro\/lo-que-debes-hacer-si-eres-victima-de-un-delito-cibernetico\/"},"author":{"name":"Johanna Islenny Prieto Pe\u00f1a","@id":"https:\/\/www.fiscalia.gov.co\/colombia\/#\/schema\/person\/ba9eca435947489fb25117a0cd75bf3e"},"headline":"Lo que debes hacer si eres v\u00edctima de un delito cibern\u00e9tico","datePublished":"2025-09-05T16:34:41+00:00","dateModified":"2025-09-05T16:49:52+00:00","mainEntityOfPage":{"@id":"https:\/\/www.fiscalia.gov.co\/colombia\/ciberseguro\/lo-que-debes-hacer-si-eres-victima-de-un-delito-cibernetico\/"},"wordCount":228,"publisher":{"@id":"https:\/\/www.fiscalia.gov.co\/colombia\/#organization"},"image":{"@id":"https:\/\/www.fiscalia.gov.co\/colombia\/ciberseguro\/lo-que-debes-hacer-si-eres-victima-de-un-delito-cibernetico\/#primaryimage"},"thumbnailUrl":"https:\/\/www.fiscalia.gov.co\/colombia\/wp-content\/uploads\/WhatsApp-Image-2025-09-04-at-5.21.36-PM-1.jpeg","keywords":["Ciberseguro","Fiscal","Fiscal Luz Adriana Camargo","Fiscal\u00eda","Fiscal\u00eda General de la Naci\u00f3n"],"articleSection":["ciberseguro"],"inLanguage":"es-CO"},{"@type":"WebPage","@id":"https:\/\/www.fiscalia.gov.co\/colombia\/ciberseguro\/lo-que-debes-hacer-si-eres-victima-de-un-delito-cibernetico\/","url":"https:\/\/www.fiscalia.gov.co\/colombia\/ciberseguro\/lo-que-debes-hacer-si-eres-victima-de-un-delito-cibernetico\/","name":"Fiscal\u00eda General de la Naci\u00f3n","isPartOf":{"@id":"https:\/\/www.fiscalia.gov.co\/colombia\/#website"},"primaryImageOfPage":{"@id":"https:\/\/www.fiscalia.gov.co\/colombia\/ciberseguro\/lo-que-debes-hacer-si-eres-victima-de-un-delito-cibernetico\/#primaryimage"},"image":{"@id":"https:\/\/www.fiscalia.gov.co\/colombia\/ciberseguro\/lo-que-debes-hacer-si-eres-victima-de-un-delito-cibernetico\/#primaryimage"},"thumbnailUrl":"https:\/\/www.fiscalia.gov.co\/colombia\/wp-content\/uploads\/WhatsApp-Image-2025-09-04-at-5.21.36-PM-1.jpeg","datePublished":"2025-09-05T16:34:41+00:00","dateModified":"2025-09-05T16:49:52+00:00","description":"P\u00e1gina oficial de la Fiscal\u00eda General de la Naci\u00f3n \u2013 Colombia. Garantizamos el acceso efectivo a la justicia, la verdad y la reparaci\u00f3n de las v\u00edctimas de los delitos.","breadcrumb":{"@id":"https:\/\/www.fiscalia.gov.co\/colombia\/ciberseguro\/lo-que-debes-hacer-si-eres-victima-de-un-delito-cibernetico\/#breadcrumb"},"inLanguage":"es-CO","potentialAction":[{"@type":"ReadAction","target":["https:\/\/www.fiscalia.gov.co\/colombia\/ciberseguro\/lo-que-debes-hacer-si-eres-victima-de-un-delito-cibernetico\/"]}]},{"@type":"ImageObject","inLanguage":"es-CO","@id":"https:\/\/www.fiscalia.gov.co\/colombia\/ciberseguro\/lo-que-debes-hacer-si-eres-victima-de-un-delito-cibernetico\/#primaryimage","url":"https:\/\/www.fiscalia.gov.co\/colombia\/wp-content\/uploads\/WhatsApp-Image-2025-09-04-at-5.21.36-PM-1.jpeg","contentUrl":"https:\/\/www.fiscalia.gov.co\/colombia\/wp-content\/uploads\/WhatsApp-Image-2025-09-04-at-5.21.36-PM-1.jpeg","width":910,"height":1600,"caption":"Lo que debes hacer si eres v\u00edctima de ciber delincuencia."},{"@type":"BreadcrumbList","@id":"https:\/\/www.fiscalia.gov.co\/colombia\/ciberseguro\/lo-que-debes-hacer-si-eres-victima-de-un-delito-cibernetico\/#breadcrumb","itemListElement":[{"@type":"ListItem","position":1,"name":"Home","item":"https:\/\/www.fiscalia.gov.co\/colombia\/"},{"@type":"ListItem","position":2,"name":"Lo que debes hacer si eres v\u00edctima de un delito cibern\u00e9tico"}]},{"@type":"WebSite","@id":"https:\/\/www.fiscalia.gov.co\/colombia\/#website","url":"https:\/\/www.fiscalia.gov.co\/colombia\/","name":"Fiscal\u00eda General de la Naci\u00f3n","description":"P\u00e1gina oficial de la Fiscal\u00eda General de la Naci\u00f3n \u2013 Colombia. Garantizamos el acceso efectivo a la justicia, la verdad y la reparaci\u00f3n de las v\u00edctimas de los delitos.","publisher":{"@id":"https:\/\/www.fiscalia.gov.co\/colombia\/#organization"},"potentialAction":[{"@type":"SearchAction","target":{"@type":"EntryPoint","urlTemplate":"https:\/\/www.fiscalia.gov.co\/colombia\/?s={search_term_string}"},"query-input":{"@type":"PropertyValueSpecification","valueRequired":true,"valueName":"search_term_string"}}],"inLanguage":"es-CO"},{"@type":"Organization","@id":"https:\/\/www.fiscalia.gov.co\/colombia\/#organization","name":"Fiscal\u00eda General de la Naci\u00f3n","url":"https:\/\/www.fiscalia.gov.co\/colombia\/","logo":{"@type":"ImageObject","inLanguage":"es-CO","@id":"https:\/\/www.fiscalia.gov.co\/colombia\/#\/schema\/logo\/image\/","url":"https:\/\/www.fiscalia.gov.co\/colombia\/wp-content\/uploads\/LogoHorizontal_1.jpg","contentUrl":"https:\/\/www.fiscalia.gov.co\/colombia\/wp-content\/uploads\/LogoHorizontal_1.jpg","width":300,"height":90,"caption":"Fiscal\u00eda General de la Naci\u00f3n"},"image":{"@id":"https:\/\/www.fiscalia.gov.co\/colombia\/#\/schema\/logo\/image\/"},"sameAs":["https:\/\/www.facebook.com\/FiscaliaCol","https:\/\/x.com\/FiscaliaCol","https:\/\/www.instagram.com\/fiscaliacol","https:\/\/www.linkedin.com\/company\/fiscalia-general-de-la-naci-n\/","https:\/\/youtube.com\/@fiscaliageneraldelanacion-4668?si=6nN79nyQICPU5iTh"]},{"@type":"Person","@id":"https:\/\/www.fiscalia.gov.co\/colombia\/#\/schema\/person\/ba9eca435947489fb25117a0cd75bf3e","name":"Johanna Islenny Prieto Pe\u00f1a","image":{"@type":"ImageObject","inLanguage":"es-CO","@id":"https:\/\/www.fiscalia.gov.co\/colombia\/#\/schema\/person\/image\/","url":"https:\/\/secure.gravatar.com\/avatar\/111433fc2acb037ffb768f6a3ca47864?s=96&d=mm&r=g","contentUrl":"https:\/\/secure.gravatar.com\/avatar\/111433fc2acb037ffb768f6a3ca47864?s=96&d=mm&r=g","caption":"Johanna Islenny Prieto Pe\u00f1a"},"url":"https:\/\/www.fiscalia.gov.co\/colombia\/author\/jprietop\/"}]}},"_links":{"self":[{"href":"https:\/\/www.fiscalia.gov.co\/colombia\/wp-json\/wp\/v2\/posts\/323232","targetHints":{"allow":["GET"]}}],"collection":[{"href":"https:\/\/www.fiscalia.gov.co\/colombia\/wp-json\/wp\/v2\/posts"}],"about":[{"href":"https:\/\/www.fiscalia.gov.co\/colombia\/wp-json\/wp\/v2\/types\/post"}],"author":[{"embeddable":true,"href":"https:\/\/www.fiscalia.gov.co\/colombia\/wp-json\/wp\/v2\/users\/181"}],"replies":[{"embeddable":true,"href":"https:\/\/www.fiscalia.gov.co\/colombia\/wp-json\/wp\/v2\/comments?post=323232"}],"version-history":[{"count":3,"href":"https:\/\/www.fiscalia.gov.co\/colombia\/wp-json\/wp\/v2\/posts\/323232\/revisions"}],"predecessor-version":[{"id":323243,"href":"https:\/\/www.fiscalia.gov.co\/colombia\/wp-json\/wp\/v2\/posts\/323232\/revisions\/323243"}],"wp:featuredmedia":[{"embeddable":true,"href":"https:\/\/www.fiscalia.gov.co\/colombia\/wp-json\/wp\/v2\/media\/323236"}],"wp:attachment":[{"href":"https:\/\/www.fiscalia.gov.co\/colombia\/wp-json\/wp\/v2\/media?parent=323232"}],"wp:term":[{"taxonomy":"category","embeddable":true,"href":"https:\/\/www.fiscalia.gov.co\/colombia\/wp-json\/wp\/v2\/categories?post=323232"},{"taxonomy":"post_tag","embeddable":true,"href":"https:\/\/www.fiscalia.gov.co\/colombia\/wp-json\/wp\/v2\/tags?post=323232"}],"curies":[{"name":"wp","href":"https:\/\/api.w.org\/{rel}","templated":true}]}}