{"id":323151,"date":"2025-09-04T14:47:32","date_gmt":"2025-09-04T19:47:32","guid":{"rendered":"https:\/\/www.fiscalia.gov.co\/colombia\/?p=323151"},"modified":"2025-09-04T14:58:26","modified_gmt":"2025-09-04T19:58:26","slug":"los-casos-en-los-que-interviene-el-cti-cuando-alguien-fallece-en-casa","status":"publish","type":"post","link":"https:\/\/www.fiscalia.gov.co\/colombia\/fiscalia-mas-cerca\/los-casos-en-los-que-interviene-el-cti-cuando-alguien-fallece-en-casa\/","title":{"rendered":"Los casos en los que interviene el CTI cuando alguien fallece en casa"},"content":{"rendered":"<p>Cuando una persona fallece en casa, no siempre el <a href=\"https:\/\/www.instagram.com\/p\/DOKE6VvjVd4\/?img_index=1\" target=\"_blank\" rel=\"noopener\"><strong>CTI de la Fiscal\u00eda General de la Naci\u00f3n<\/strong><\/a> interviene. <strong>Su participaci\u00f3n depende de las circunstancias de la muerte<\/strong>. Solo act\u00faa en situaciones en las que exista duda, sospecha de violencia o condiciones que requieran verificaci\u00f3n. <strong>En los dem\u00e1s casos, el proceso se maneja con la certificaci\u00f3n m\u00e9dica correspondiente. Aqu\u00ed te contamos m\u00e1s detalles.<\/strong><\/p>\n\r\n                <style type=\"text\/css\">\r\n                    \r\n                    #tdi_1  .td-doubleSlider-2 .td-item1 {\r\n                        background: url(https:\/\/www.fiscalia.gov.co\/colombia\/wp-content\/uploads\/WhatsApp-Image-2025-09-03-at-5.39.56-PM-80x60.jpeg) 0 0 no-repeat;\r\n                    }\r\n                    #tdi_1  .td-doubleSlider-2 .td-item2 {\r\n                        background: url(https:\/\/www.fiscalia.gov.co\/colombia\/wp-content\/uploads\/WhatsApp-Image-2025-09-03-at-5.39.56-PM-1-80x60.jpeg) 0 0 no-repeat;\r\n                    }\r\n                    #tdi_1  .td-doubleSlider-2 .td-item3 {\r\n                        background: url(https:\/\/www.fiscalia.gov.co\/colombia\/wp-content\/uploads\/WhatsApp-Image-2025-09-03-at-5.39.57-PM-80x60.jpeg) 0 0 no-repeat;\r\n                    }\r\n                    #tdi_1  .td-doubleSlider-2 .td-item4 {\r\n                        background: url(https:\/\/www.fiscalia.gov.co\/colombia\/wp-content\/uploads\/WhatsApp-Image-2025-09-03-at-5.39.57-PM-1-80x60.jpeg) 0 0 no-repeat;\r\n                    }\r\n                    #tdi_1  .td-doubleSlider-2 .td-item5 {\r\n                        background: url(https:\/\/www.fiscalia.gov.co\/colombia\/wp-content\/uploads\/WhatsApp-Image-2025-09-03-at-5.39.57-PM-2-80x60.jpeg) 0 0 no-repeat;\r\n                    }\r\n                    #tdi_1  .td-doubleSlider-2 .td-item6 {\r\n                        background: url(https:\/\/www.fiscalia.gov.co\/colombia\/wp-content\/uploads\/WhatsApp-Image-2025-09-03-at-5.39.57-PM-3-80x60.jpeg) 0 0 no-repeat;\r\n                    }\r\n                <\/style>\r\n\r\n                <div id=\"tdi_1\" class=\"td-gallery td-slide-on-2-columns\">\r\n                    <div class=\"post_td_gallery\">\r\n                        <div class=\"td-gallery-slide-top\">\r\n                           <div class=\"td-gallery-title\"><\/div>\r\n\r\n                            <div class=\"td-gallery-controls-wrapper\">\r\n                                <div class=\"td-gallery-slide-count\"><span class=\"td-gallery-slide-item-focus\">1<\/span> de 6<\/div>\r\n                                <div class=\"td-gallery-slide-prev-next-but\">\r\n                                    <i class = \"td-icon-left doubleSliderPrevButton\"><\/i>\r\n                                    <i class = \"td-icon-right doubleSliderNextButton\"><\/i>\r\n                                <\/div>\r\n                            <\/div>\r\n                        <\/div>\r\n\r\n                        <div class = \"td-doubleSlider-1 \">\r\n                            <div class = \"td-slider\">\r\n                                \r\n                    <div class = \"td-slide-item td-item1\">\r\n                        <figure class=\"td-slide-galery-figure td-slide-popup-gallery\">\r\n                            <a class=\"slide-gallery-image-link\" href=\"https:\/\/www.fiscalia.gov.co\/colombia\/wp-content\/uploads\/WhatsApp-Image-2025-09-03-at-5.39.56-PM.jpeg\" title=\"CTI en casa  6\"  data-caption=\"Conoce los casos.\"  data-description=\"\">\r\n                                <img decoding=\"async\" src=\"https:\/\/www.fiscalia.gov.co\/colombia\/wp-content\/uploads\/WhatsApp-Image-2025-09-03-at-5.39.56-PM-336x420.jpeg\" srcset=\"https:\/\/www.fiscalia.gov.co\/colombia\/wp-content\/uploads\/WhatsApp-Image-2025-09-03-at-5.39.56-PM-336x420.jpeg 336w, https:\/\/www.fiscalia.gov.co\/colombia\/wp-content\/uploads\/WhatsApp-Image-2025-09-03-at-5.39.56-PM-240x300.jpeg 240w, https:\/\/www.fiscalia.gov.co\/colombia\/wp-content\/uploads\/WhatsApp-Image-2025-09-03-at-5.39.56-PM-819x1024.jpeg 819w, https:\/\/www.fiscalia.gov.co\/colombia\/wp-content\/uploads\/WhatsApp-Image-2025-09-03-at-5.39.56-PM-768x960.jpeg 768w, https:\/\/www.fiscalia.gov.co\/colombia\/wp-content\/uploads\/WhatsApp-Image-2025-09-03-at-5.39.56-PM-696x870.jpeg 696w, https:\/\/www.fiscalia.gov.co\/colombia\/wp-content\/uploads\/WhatsApp-Image-2025-09-03-at-5.39.56-PM-1068x1335.jpeg 1068w, https:\/\/www.fiscalia.gov.co\/colombia\/wp-content\/uploads\/WhatsApp-Image-2025-09-03-at-5.39.56-PM.jpeg 1080w\" sizes=\"(max-width: 336px) 100vw, 336px\" alt=\"La imagen es una pieza gr&aacute;fica institucional de la Fiscal&iacute;a General de la Naci&oacute;n de Colombia que introduce una campa&ntilde;a informativa sobre el papel del CTI (Cuerpo T&eacute;cnico de Investigaci&oacute;n) en casos de fallecimientos dentro de una vivienda. El texto principal, en blanco y negro, dice: &ldquo;Conozca en qu&eacute; casos interviene el CTI cuando alguien fallece en casa.&rdquo; En la parte superior izquierda aparece el logotipo de la Fiscal&iacute;a, y en la derecha un sello con el lema #Fiscal&iacute;aM&aacute;sCerca, acompa&ntilde;ado de una mano levantada en amarillo. En la parte inferior derecha se observa un marcador de evidencia amarillo con el n&uacute;mero 1. El fondo est&aacute; ilustrado como una sala hogare&ntilde;a con un sof&aacute;, una manta, una mesa auxiliar y un objeto ca&iacute;do en el suelo, lo que sugiere un espacio dom&eacute;stico.\">\r\n                            <\/a>\r\n                            <figcaption class = \"td-slide-caption td-gallery-slide-content\"><div class = \"td-gallery-slide-copywrite\">Conoce los casos.<\/div><\/figcaption>\r\n                        <\/figure>\r\n                    <\/div>\r\n                    <div class = \"td-slide-item td-item2\">\r\n                        <figure class=\"td-slide-galery-figure td-slide-popup-gallery\">\r\n                            <a class=\"slide-gallery-image-link\" href=\"https:\/\/www.fiscalia.gov.co\/colombia\/wp-content\/uploads\/WhatsApp-Image-2025-09-03-at-5.39.56-PM-1.jpeg\" title=\"CTI en casa 4\"  data-caption=\"El CTI solo interviene en muertes que requieren investigaci\u00f3n por su car\u00e1cter sospechoso, doloso, culposo o accidental.\"  data-description=\"\">\r\n                                <img decoding=\"async\" src=\"https:\/\/www.fiscalia.gov.co\/colombia\/wp-content\/uploads\/WhatsApp-Image-2025-09-03-at-5.39.56-PM-1-336x420.jpeg\" srcset=\"https:\/\/www.fiscalia.gov.co\/colombia\/wp-content\/uploads\/WhatsApp-Image-2025-09-03-at-5.39.56-PM-1-336x420.jpeg 336w, https:\/\/www.fiscalia.gov.co\/colombia\/wp-content\/uploads\/WhatsApp-Image-2025-09-03-at-5.39.56-PM-1-240x300.jpeg 240w, https:\/\/www.fiscalia.gov.co\/colombia\/wp-content\/uploads\/WhatsApp-Image-2025-09-03-at-5.39.56-PM-1-819x1024.jpeg 819w, https:\/\/www.fiscalia.gov.co\/colombia\/wp-content\/uploads\/WhatsApp-Image-2025-09-03-at-5.39.56-PM-1-768x960.jpeg 768w, https:\/\/www.fiscalia.gov.co\/colombia\/wp-content\/uploads\/WhatsApp-Image-2025-09-03-at-5.39.56-PM-1-696x870.jpeg 696w, https:\/\/www.fiscalia.gov.co\/colombia\/wp-content\/uploads\/WhatsApp-Image-2025-09-03-at-5.39.56-PM-1-1068x1335.jpeg 1068w, https:\/\/www.fiscalia.gov.co\/colombia\/wp-content\/uploads\/WhatsApp-Image-2025-09-03-at-5.39.56-PM-1.jpeg 1080w\" sizes=\"(max-width: 336px) 100vw, 336px\" alt=\"La imagen corresponde a un material informativo de la Fiscal&iacute;a General de la Naci&oacute;n de Colombia que explica el rol del Cuerpo T&eacute;cnico de Investigaci&oacute;n (CTI) en los procedimientos judiciales. El texto principal, resaltado en amarillo, dice: &ldquo;Los servidores del Cuerpo T&eacute;cnico de Investigaci&oacute;n (CTI) intervienen en las diligencias de inspecci&oacute;n t&eacute;cnica a cad&aacute;ver dolosas, culposas, accidentales y todas aquellas donde la causa de muerte sea sospechosa y se requiera una investigaci&oacute;n.&rdquo; En la parte superior aparece un &iacute;cono de check amarillo, que funciona como elemento gr&aacute;fico de validaci&oacute;n. En el fondo se observa la ilustraci&oacute;n de una sala con un sof&aacute; y algunos objetos en el suelo, sugiriendo un posible lugar de inspecci&oacute;n. En primer plano, en la esquina inferior derecha, hay una persona con traje blanco de bioseguridad agachada, aparentemente recolectando evidencia.\">\r\n                            <\/a>\r\n                            <figcaption class = \"td-slide-caption td-gallery-slide-content\"><div class = \"td-gallery-slide-copywrite\">El CTI solo interviene en muertes que requieren investigaci\u00f3n por su car\u00e1cter sospechoso, doloso, culposo o accidental.<\/div><\/figcaption>\r\n                        <\/figure>\r\n                    <\/div>\r\n                    <div class = \"td-slide-item td-item3\">\r\n                        <figure class=\"td-slide-galery-figure td-slide-popup-gallery\">\r\n                            <a class=\"slide-gallery-image-link\" href=\"https:\/\/www.fiscalia.gov.co\/colombia\/wp-content\/uploads\/WhatsApp-Image-2025-09-03-at-5.39.57-PM.jpeg\" title=\"CTI en casa 3.\"  data-caption=\"Este material busca explicar a la ciudadan\u00eda que no todos los fallecimientos requieren intervenci\u00f3n del CTI, sino que en casos m\u00e9dicos sin violencia, es el m\u00e9dico quien atiende y certifica.\"  data-description=\"\">\r\n                                <img decoding=\"async\" src=\"https:\/\/www.fiscalia.gov.co\/colombia\/wp-content\/uploads\/WhatsApp-Image-2025-09-03-at-5.39.57-PM-336x420.jpeg\" srcset=\"https:\/\/www.fiscalia.gov.co\/colombia\/wp-content\/uploads\/WhatsApp-Image-2025-09-03-at-5.39.57-PM-336x420.jpeg 336w, https:\/\/www.fiscalia.gov.co\/colombia\/wp-content\/uploads\/WhatsApp-Image-2025-09-03-at-5.39.57-PM-240x300.jpeg 240w, https:\/\/www.fiscalia.gov.co\/colombia\/wp-content\/uploads\/WhatsApp-Image-2025-09-03-at-5.39.57-PM-819x1024.jpeg 819w, https:\/\/www.fiscalia.gov.co\/colombia\/wp-content\/uploads\/WhatsApp-Image-2025-09-03-at-5.39.57-PM-768x960.jpeg 768w, https:\/\/www.fiscalia.gov.co\/colombia\/wp-content\/uploads\/WhatsApp-Image-2025-09-03-at-5.39.57-PM-696x870.jpeg 696w, https:\/\/www.fiscalia.gov.co\/colombia\/wp-content\/uploads\/WhatsApp-Image-2025-09-03-at-5.39.57-PM-1068x1335.jpeg 1068w, https:\/\/www.fiscalia.gov.co\/colombia\/wp-content\/uploads\/WhatsApp-Image-2025-09-03-at-5.39.57-PM.jpeg 1080w\" sizes=\"(max-width: 336px) 100vw, 336px\" alt=\"La imagen es una pieza informativa de la Fiscal&iacute;a General de la Naci&oacute;n de Colombia sobre c&oacute;mo se maneja un caso de fallecimiento cuando no hay se&ntilde;ales de violencia. El texto central indica: &ldquo;Si la persona fallecida padec&iacute;a de una enfermedad conocida y diagnosticada previamente, y no presenta signos de violencia, el caso es atendido por un m&eacute;dico.&rdquo; Algunas palabras est&aacute;n destacadas en amarillo para resaltar lo m&aacute;s importante: &ldquo;el caso es atendido por un m&eacute;dico.&rdquo; Visualmente, en la parte inferior se ven tres personas vestidas con trajes blancos de bioseguridad, mascarillas y guantes, trabajando en la escena: una toma evidencias, otra sostiene documentos en un portapapeles, y otra observa. En el fondo hay una ilustraci&oacute;n de plantas de interior, lo que sugiere que la escena se desarrolla en un espacio cerrado. Tambi&eacute;n aparece un &iacute;cono amarillo con un check dentro de un globo de di&aacute;logo, como s&iacute;mbolo de validaci&oacute;n.\">\r\n                            <\/a>\r\n                            <figcaption class = \"td-slide-caption td-gallery-slide-content\"><div class = \"td-gallery-slide-copywrite\">Este material busca explicar a la ciudadan\u00eda que no todos los fallecimientos requieren intervenci\u00f3n del CTI, sino que en casos m\u00e9dicos sin violencia, es el m\u00e9dico quien atiende y certifica.<\/div><\/figcaption>\r\n                        <\/figure>\r\n                    <\/div>\r\n                    <div class = \"td-slide-item td-item4\">\r\n                        <figure class=\"td-slide-galery-figure td-slide-popup-gallery\">\r\n                            <a class=\"slide-gallery-image-link\" href=\"https:\/\/www.fiscalia.gov.co\/colombia\/wp-content\/uploads\/WhatsApp-Image-2025-09-03-at-5.39.57-PM-1.jpeg\" title=\"CTI en casa 3\"  data-caption=\"Este material busca aclarar el rol del CTI y diferenciarlo del m\u00e9dico forense en la certificaci\u00f3n de la muerte. \"  data-description=\"\">\r\n                                <img decoding=\"async\" src=\"https:\/\/www.fiscalia.gov.co\/colombia\/wp-content\/uploads\/WhatsApp-Image-2025-09-03-at-5.39.57-PM-1-336x420.jpeg\" srcset=\"https:\/\/www.fiscalia.gov.co\/colombia\/wp-content\/uploads\/WhatsApp-Image-2025-09-03-at-5.39.57-PM-1-336x420.jpeg 336w, https:\/\/www.fiscalia.gov.co\/colombia\/wp-content\/uploads\/WhatsApp-Image-2025-09-03-at-5.39.57-PM-1-240x300.jpeg 240w, https:\/\/www.fiscalia.gov.co\/colombia\/wp-content\/uploads\/WhatsApp-Image-2025-09-03-at-5.39.57-PM-1-819x1024.jpeg 819w, https:\/\/www.fiscalia.gov.co\/colombia\/wp-content\/uploads\/WhatsApp-Image-2025-09-03-at-5.39.57-PM-1-768x960.jpeg 768w, https:\/\/www.fiscalia.gov.co\/colombia\/wp-content\/uploads\/WhatsApp-Image-2025-09-03-at-5.39.57-PM-1-696x870.jpeg 696w, https:\/\/www.fiscalia.gov.co\/colombia\/wp-content\/uploads\/WhatsApp-Image-2025-09-03-at-5.39.57-PM-1-1068x1335.jpeg 1068w, https:\/\/www.fiscalia.gov.co\/colombia\/wp-content\/uploads\/WhatsApp-Image-2025-09-03-at-5.39.57-PM-1.jpeg 1080w\" sizes=\"(max-width: 336px) 100vw, 336px\" alt=\"La imagen corresponde a una pieza informativa de la Fiscal&iacute;a General de la Naci&oacute;n de Colombia sobre el papel del CTI en un procedimiento. El texto principal, resaltado en amarillo, dice: &quot;El CTI acompa&ntilde;a el procedimiento, pero el m&eacute;dico es el encargado revisar el cuerpo y consultar con los familiares los antecedentes de salud.&quot; Luego, se explica que si no hay dudas, el m&eacute;dico certifica la defunci&oacute;n y la familia puede continuar con los tr&aacute;mites funerarios. Visualmente, en la parte inferior derecha aparece una mano enguantada sosteniendo una botella de pl&aacute;stico y usando un pincel para revelar huellas. En el suelo, al lado izquierdo, se observa un marcador de evidencia amarillo con el n&uacute;mero 2. El fondo es azul con un dise&ntilde;o sobrio que mantiene el enfoque en el texto y la acci&oacute;n del investigador.\">\r\n                            <\/a>\r\n                            <figcaption class = \"td-slide-caption td-gallery-slide-content\"><div class = \"td-gallery-slide-copywrite\">Este material busca aclarar el rol del CTI y diferenciarlo del m\u00e9dico forense en la certificaci\u00f3n de la muerte. <\/div><\/figcaption>\r\n                        <\/figure>\r\n                    <\/div>\r\n                    <div class = \"td-slide-item td-item5\">\r\n                        <figure class=\"td-slide-galery-figure td-slide-popup-gallery\">\r\n                            <a class=\"slide-gallery-image-link\" href=\"https:\/\/www.fiscalia.gov.co\/colombia\/wp-content\/uploads\/WhatsApp-Image-2025-09-03-at-5.39.57-PM-2.jpeg\" title=\"CTI cuando alguien fallece a casa. 2\"  data-caption=\"Cuando hay sospechas d que la muerte no fue natural, el CTI interviene.\"  data-description=\"\">\r\n                                <img decoding=\"async\" src=\"https:\/\/www.fiscalia.gov.co\/colombia\/wp-content\/uploads\/WhatsApp-Image-2025-09-03-at-5.39.57-PM-2-336x420.jpeg\" srcset=\"https:\/\/www.fiscalia.gov.co\/colombia\/wp-content\/uploads\/WhatsApp-Image-2025-09-03-at-5.39.57-PM-2-336x420.jpeg 336w, https:\/\/www.fiscalia.gov.co\/colombia\/wp-content\/uploads\/WhatsApp-Image-2025-09-03-at-5.39.57-PM-2-240x300.jpeg 240w, https:\/\/www.fiscalia.gov.co\/colombia\/wp-content\/uploads\/WhatsApp-Image-2025-09-03-at-5.39.57-PM-2-819x1024.jpeg 819w, https:\/\/www.fiscalia.gov.co\/colombia\/wp-content\/uploads\/WhatsApp-Image-2025-09-03-at-5.39.57-PM-2-768x960.jpeg 768w, https:\/\/www.fiscalia.gov.co\/colombia\/wp-content\/uploads\/WhatsApp-Image-2025-09-03-at-5.39.57-PM-2-696x870.jpeg 696w, https:\/\/www.fiscalia.gov.co\/colombia\/wp-content\/uploads\/WhatsApp-Image-2025-09-03-at-5.39.57-PM-2-1068x1335.jpeg 1068w, https:\/\/www.fiscalia.gov.co\/colombia\/wp-content\/uploads\/WhatsApp-Image-2025-09-03-at-5.39.57-PM-2.jpeg 1080w\" sizes=\"(max-width: 336px) 100vw, 336px\" alt=\"La imagen es un material informativo de la Fiscal&iacute;a General de la Naci&oacute;n de Colombia sobre el procedimiento en caso de una sospecha criminal. En el texto principal, con fondo resaltado en amarillo, se lee: &quot;Ante una sospecha, el CTI interviene. Al caso se le asigna noticia criminal y entra en investigaci&oacute;n.&quot; A continuaci&oacute;n, el texto explica que un laboratorio de criminal&iacute;stica realiza la inspecci&oacute;n t&eacute;cnica al cad&aacute;ver y luego el cuerpo es remitido al Instituto Nacional de Medicina Legal y Ciencias Forenses. Visualmente, se observa a la derecha una persona con traje blanco de protecci&oacute;n, guantes y mascarilla, usando una c&aacute;mara fotogr&aacute;fica. En la parte inferior hay cintas amarillas y negras de seguridad, que simulan una escena acordonada. El fondo es azul con un dise&ntilde;o limpio, dando protagonismo al mensaje escrito.\">\r\n                            <\/a>\r\n                            <figcaption class = \"td-slide-caption td-gallery-slide-content\"><div class = \"td-gallery-slide-copywrite\">Cuando hay sospechas d que la muerte no fue natural, el CTI interviene.<\/div><\/figcaption>\r\n                        <\/figure>\r\n                    <\/div>\r\n                    <div class = \"td-slide-item td-item6\">\r\n                        <figure class=\"td-slide-galery-figure td-slide-popup-gallery\">\r\n                            <a class=\"slide-gallery-image-link\" href=\"https:\/\/www.fiscalia.gov.co\/colombia\/wp-content\/uploads\/WhatsApp-Image-2025-09-03-at-5.39.57-PM-3.jpeg\" title=\"CTI cuando alguien fallece a casa.\"  data-caption=\"Una persona con el uniforme del CTI e\"  data-description=\"\">\r\n                                <img decoding=\"async\" src=\"https:\/\/www.fiscalia.gov.co\/colombia\/wp-content\/uploads\/WhatsApp-Image-2025-09-03-at-5.39.57-PM-3-336x420.jpeg\" srcset=\"https:\/\/www.fiscalia.gov.co\/colombia\/wp-content\/uploads\/WhatsApp-Image-2025-09-03-at-5.39.57-PM-3-336x420.jpeg 336w, https:\/\/www.fiscalia.gov.co\/colombia\/wp-content\/uploads\/WhatsApp-Image-2025-09-03-at-5.39.57-PM-3-240x300.jpeg 240w, https:\/\/www.fiscalia.gov.co\/colombia\/wp-content\/uploads\/WhatsApp-Image-2025-09-03-at-5.39.57-PM-3-819x1024.jpeg 819w, https:\/\/www.fiscalia.gov.co\/colombia\/wp-content\/uploads\/WhatsApp-Image-2025-09-03-at-5.39.57-PM-3-768x960.jpeg 768w, https:\/\/www.fiscalia.gov.co\/colombia\/wp-content\/uploads\/WhatsApp-Image-2025-09-03-at-5.39.57-PM-3-696x870.jpeg 696w, https:\/\/www.fiscalia.gov.co\/colombia\/wp-content\/uploads\/WhatsApp-Image-2025-09-03-at-5.39.57-PM-3-1068x1335.jpeg 1068w, https:\/\/www.fiscalia.gov.co\/colombia\/wp-content\/uploads\/WhatsApp-Image-2025-09-03-at-5.39.57-PM-3.jpeg 1080w\" sizes=\"(max-width: 336px) 100vw, 336px\" alt=\"La imagen muestra una pieza gr&aacute;fica institucional de la Fiscal&iacute;a General de la Naci&oacute;n de Colombia. A la izquierda se ve parcialmente a una persona vestida con un traje blanco de bioseguridad del CTI (Cuerpo T&eacute;cnico de Investigaci&oacute;n). En el centro est&aacute; el logotipo de la Fiscal&iacute;a, que incluye una figura en forma de rompecabezas. Debajo del logo aparece el texto: &ldquo;S&iacute;guenos en redes sociales&rdquo;. En la parte inferior derecha hay una marca de se&ntilde;alizaci&oacute;n forense con el n&uacute;mero 3, junto a huellas simuladas en el piso. El fondo es de color azul uniforme.\">\r\n                            <\/a>\r\n                            <figcaption class = \"td-slide-caption td-gallery-slide-content\"><div class = \"td-gallery-slide-copywrite\">Una persona con el uniforme del CTI e<\/div><\/figcaption>\r\n                        <\/figure>\r\n                    <\/div>\r\n                            <\/div>\r\n                        <\/div>\r\n\r\n                        <div class = \"td-doubleSlider-2\">\r\n                            <div class = \"td-slider\">\r\n                                \r\n                    <div class = \"td-button td-item1\">\r\n                        <div class = \"td-border\"><\/div>\r\n                    <\/div>\r\n                    <div class = \"td-button td-item2\">\r\n                        <div class = \"td-border\"><\/div>\r\n                    <\/div>\r\n                    <div class = \"td-button td-item3\">\r\n                        <div class = \"td-border\"><\/div>\r\n                    <\/div>\r\n                    <div class = \"td-button td-item4\">\r\n                        <div class = \"td-border\"><\/div>\r\n                    <\/div>\r\n                    <div class = \"td-button td-item5\">\r\n                        <div class = \"td-border\"><\/div>\r\n                    <\/div>\r\n                    <div class = \"td-button td-item6\">\r\n                        <div class = \"td-border\"><\/div>\r\n                    <\/div>\r\n                            <\/div>\r\n                        <\/div>\r\n\r\n                    <\/div>\r\n\r\n                <\/div>\r\n                \n<p>&nbsp;<\/p>\n<p data-start=\"458\" data-end=\"756\">El CTI act\u00faa \u00fanicamente en aquellos casos donde existan dudas, sospechas de violencia o condiciones que requieran verificaci\u00f3n. <strong>En situaciones diferentes, el proceso es asumido por un m\u00e9dico,<\/strong> quien realiza la certificaci\u00f3n correspondiente para que la familia contin\u00fae con los tr\u00e1mites funerarios.<\/p>\n<p data-start=\"799\" data-end=\"914\"><a href=\"https:\/\/www.facebook.com\/FiscaliaCol\/posts\/pfbid02XeUPKHQyHP55M9W41bpPb7shHHWSCVEHicPXfEAwm6EFxfYS2YJFHCeTLxZH2Aqsl\" target=\"_blank\" rel=\"noopener\">Los servidores del CTI<\/a> realizan diligencias de <strong data-start=\"846\" data-end=\"878\">inspecci\u00f3n t\u00e9cnica a cad\u00e1ver<\/strong> en las siguientes circunstancias:<\/p>\n<ul data-start=\"915\" data-end=\"1148\">\n<li data-start=\"915\" data-end=\"980\">\n<p data-start=\"917\" data-end=\"980\">Muertes <strong data-start=\"925\" data-end=\"936\">dolosas<\/strong> (cuando existe intenci\u00f3n de causar da\u00f1o).<\/p>\n<\/li>\n<li data-start=\"981\" data-end=\"1043\">\n<p data-start=\"983\" data-end=\"1043\">Fallecimientos por hechos <strong data-start=\"1009\" data-end=\"1021\">culposos<\/strong> o <strong data-start=\"1024\" data-end=\"1040\">accidentales<\/strong>.<\/p>\n<\/li>\n<li data-start=\"1044\" data-end=\"1148\">\n<p data-start=\"1046\" data-end=\"1148\">Cualquier situaci\u00f3n en la que la causa de muerte resulte <strong data-start=\"1103\" data-end=\"1117\">sospechosa<\/strong> y se requiera investigaci\u00f3n.<\/p>\n<\/li>\n<\/ul>\n<p data-start=\"1150\" data-end=\"1459\">En estos escenarios, se asigna una <strong data-start=\"1185\" data-end=\"1205\">noticia criminal<\/strong>, el caso entra en investigaci\u00f3n y se llevan a cabo procedimientos especializados de criminal\u00edstica. Posteriormente, el cuerpo es remitido al <strong data-start=\"1347\" data-end=\"1407\">Instituto Nacional de Medicina Legal y Ciencias Forenses<\/strong> para continuar con los an\u00e1lisis correspondientes.<\/p>\n\n<div class=\"twitter-share\"><a href=\"https:\/\/twitter.com\/intent\/tweet?via=fiscaliacol\" class=\"twitter-share-button\">Tweet<\/a><\/div>\n","protected":false},"excerpt":{"rendered":"<p>Cuando una persona fallece en casa, no siempre el CTI de la Fiscal\u00eda General de la Naci\u00f3n interviene. Su participaci\u00f3n depende de las circunstancias de la muerte. Solo act\u00faa en [&hellip;]<\/p>\n","protected":false},"author":181,"featured_media":323160,"comment_status":"closed","ping_status":"open","sticky":false,"template":"","format":"video","meta":{"tdm_status":"","tdm_grid_status":"","footnotes":""},"categories":[39217],"tags":[45,12184,37492,4614,1047],"class_list":["post-323151","post","type-post","status-publish","format-video","has-post-thumbnail","category-fiscalia-mas-cerca","tag-cti","tag-fiscal","tag-fiscal-luz-adriana-camargo","tag-fiscalia-2","tag-fiscalia-general-de-la-nacion","post_format-post-format-video"],"yoast_head":"<!-- This site is optimized with the Yoast SEO plugin v24.3 - https:\/\/yoast.com\/wordpress\/plugins\/seo\/ -->\n<title>Fiscal\u00eda General de la Naci\u00f3n<\/title>\n<meta name=\"description\" content=\"P\u00e1gina oficial de la Fiscal\u00eda General de la Naci\u00f3n \u2013 Colombia. Garantizamos el acceso efectivo a la justicia, la verdad y la reparaci\u00f3n de las v\u00edctimas de los delitos.\" \/>\n<meta name=\"robots\" content=\"noindex, follow\" \/>\n<meta property=\"og:locale\" content=\"es_ES\" \/>\n<meta property=\"og:type\" content=\"article\" \/>\n<meta property=\"og:title\" content=\"Fiscal\u00eda General de la Naci\u00f3n\" \/>\n<meta property=\"og:description\" content=\"P\u00e1gina oficial de la Fiscal\u00eda General de la Naci\u00f3n \u2013 Colombia. Garantizamos el acceso efectivo a la justicia, la verdad y la reparaci\u00f3n de las v\u00edctimas de los delitos.\" \/>\n<meta property=\"og:url\" content=\"https:\/\/www.fiscalia.gov.co\/colombia\/fiscalia-mas-cerca\/los-casos-en-los-que-interviene-el-cti-cuando-alguien-fallece-en-casa\/\" \/>\n<meta property=\"og:site_name\" content=\"Fiscal\u00eda General de la Naci\u00f3n\" \/>\n<meta property=\"article:publisher\" content=\"https:\/\/www.facebook.com\/FiscaliaCol\" \/>\n<meta property=\"article:published_time\" content=\"2025-09-04T19:47:32+00:00\" \/>\n<meta property=\"article:modified_time\" content=\"2025-09-04T19:58:26+00:00\" \/>\n<meta property=\"og:image\" content=\"https:\/\/www.fiscalia.gov.co\/colombia\/wp-content\/uploads\/WhatsApp-Image-2025-09-03-at-5.39.56-PM.jpeg\" \/>\n\t<meta property=\"og:image:width\" content=\"1080\" \/>\n\t<meta property=\"og:image:height\" content=\"1350\" \/>\n\t<meta property=\"og:image:type\" content=\"image\/jpeg\" \/>\n<meta name=\"author\" content=\"Johanna Islenny Prieto Pe\u00f1a\" \/>\n<meta name=\"twitter:card\" content=\"summary_large_image\" \/>\n<meta name=\"twitter:creator\" content=\"@FiscaliaCol\" \/>\n<meta name=\"twitter:site\" content=\"@FiscaliaCol\" \/>\n<meta name=\"twitter:label1\" content=\"Escrito por\" \/>\n\t<meta name=\"twitter:data1\" content=\"Johanna Islenny Prieto Pe\u00f1a\" \/>\n\t<meta name=\"twitter:label2\" content=\"Tiempo de lectura\" \/>\n\t<meta name=\"twitter:data2\" content=\"2 minutos\" \/>\n<script type=\"application\/ld+json\" class=\"yoast-schema-graph\">{\"@context\":\"https:\/\/schema.org\",\"@graph\":[{\"@type\":\"Article\",\"@id\":\"https:\/\/www.fiscalia.gov.co\/colombia\/fiscalia-mas-cerca\/los-casos-en-los-que-interviene-el-cti-cuando-alguien-fallece-en-casa\/#article\",\"isPartOf\":{\"@id\":\"https:\/\/www.fiscalia.gov.co\/colombia\/fiscalia-mas-cerca\/los-casos-en-los-que-interviene-el-cti-cuando-alguien-fallece-en-casa\/\"},\"author\":{\"name\":\"Johanna Islenny Prieto Pe\u00f1a\",\"@id\":\"https:\/\/www.fiscalia.gov.co\/colombia\/#\/schema\/person\/ba9eca435947489fb25117a0cd75bf3e\"},\"headline\":\"Los casos en los que interviene el CTI cuando alguien fallece en casa\",\"datePublished\":\"2025-09-04T19:47:32+00:00\",\"dateModified\":\"2025-09-04T19:58:26+00:00\",\"mainEntityOfPage\":{\"@id\":\"https:\/\/www.fiscalia.gov.co\/colombia\/fiscalia-mas-cerca\/los-casos-en-los-que-interviene-el-cti-cuando-alguien-fallece-en-casa\/\"},\"wordCount\":236,\"publisher\":{\"@id\":\"https:\/\/www.fiscalia.gov.co\/colombia\/#organization\"},\"image\":{\"@id\":\"https:\/\/www.fiscalia.gov.co\/colombia\/fiscalia-mas-cerca\/los-casos-en-los-que-interviene-el-cti-cuando-alguien-fallece-en-casa\/#primaryimage\"},\"thumbnailUrl\":\"https:\/\/www.fiscalia.gov.co\/colombia\/wp-content\/uploads\/WhatsApp-Image-2025-09-03-at-5.39.56-PM.jpeg\",\"keywords\":[\"CTI\",\"Fiscal\",\"Fiscal Luz Adriana Camargo\",\"Fiscal\u00eda\",\"Fiscal\u00eda General de la Naci\u00f3n\"],\"articleSection\":[\"Fiscal\u00eda m\u00e1s cerca\"],\"inLanguage\":\"es-CO\"},{\"@type\":\"WebPage\",\"@id\":\"https:\/\/www.fiscalia.gov.co\/colombia\/fiscalia-mas-cerca\/los-casos-en-los-que-interviene-el-cti-cuando-alguien-fallece-en-casa\/\",\"url\":\"https:\/\/www.fiscalia.gov.co\/colombia\/fiscalia-mas-cerca\/los-casos-en-los-que-interviene-el-cti-cuando-alguien-fallece-en-casa\/\",\"name\":\"Fiscal\u00eda General de la Naci\u00f3n\",\"isPartOf\":{\"@id\":\"https:\/\/www.fiscalia.gov.co\/colombia\/#website\"},\"primaryImageOfPage\":{\"@id\":\"https:\/\/www.fiscalia.gov.co\/colombia\/fiscalia-mas-cerca\/los-casos-en-los-que-interviene-el-cti-cuando-alguien-fallece-en-casa\/#primaryimage\"},\"image\":{\"@id\":\"https:\/\/www.fiscalia.gov.co\/colombia\/fiscalia-mas-cerca\/los-casos-en-los-que-interviene-el-cti-cuando-alguien-fallece-en-casa\/#primaryimage\"},\"thumbnailUrl\":\"https:\/\/www.fiscalia.gov.co\/colombia\/wp-content\/uploads\/WhatsApp-Image-2025-09-03-at-5.39.56-PM.jpeg\",\"datePublished\":\"2025-09-04T19:47:32+00:00\",\"dateModified\":\"2025-09-04T19:58:26+00:00\",\"description\":\"P\u00e1gina oficial de la Fiscal\u00eda General de la Naci\u00f3n \u2013 Colombia. Garantizamos el acceso efectivo a la justicia, la verdad y la reparaci\u00f3n de las v\u00edctimas de los delitos.\",\"breadcrumb\":{\"@id\":\"https:\/\/www.fiscalia.gov.co\/colombia\/fiscalia-mas-cerca\/los-casos-en-los-que-interviene-el-cti-cuando-alguien-fallece-en-casa\/#breadcrumb\"},\"inLanguage\":\"es-CO\",\"potentialAction\":[{\"@type\":\"ReadAction\",\"target\":[\"https:\/\/www.fiscalia.gov.co\/colombia\/fiscalia-mas-cerca\/los-casos-en-los-que-interviene-el-cti-cuando-alguien-fallece-en-casa\/\"]}]},{\"@type\":\"ImageObject\",\"inLanguage\":\"es-CO\",\"@id\":\"https:\/\/www.fiscalia.gov.co\/colombia\/fiscalia-mas-cerca\/los-casos-en-los-que-interviene-el-cti-cuando-alguien-fallece-en-casa\/#primaryimage\",\"url\":\"https:\/\/www.fiscalia.gov.co\/colombia\/wp-content\/uploads\/WhatsApp-Image-2025-09-03-at-5.39.56-PM.jpeg\",\"contentUrl\":\"https:\/\/www.fiscalia.gov.co\/colombia\/wp-content\/uploads\/WhatsApp-Image-2025-09-03-at-5.39.56-PM.jpeg\",\"width\":1080,\"height\":1350,\"caption\":\"Conoce los casos.\"},{\"@type\":\"BreadcrumbList\",\"@id\":\"https:\/\/www.fiscalia.gov.co\/colombia\/fiscalia-mas-cerca\/los-casos-en-los-que-interviene-el-cti-cuando-alguien-fallece-en-casa\/#breadcrumb\",\"itemListElement\":[{\"@type\":\"ListItem\",\"position\":1,\"name\":\"Home\",\"item\":\"https:\/\/www.fiscalia.gov.co\/colombia\/\"},{\"@type\":\"ListItem\",\"position\":2,\"name\":\"Los casos en los que interviene el CTI cuando alguien fallece en casa\"}]},{\"@type\":\"WebSite\",\"@id\":\"https:\/\/www.fiscalia.gov.co\/colombia\/#website\",\"url\":\"https:\/\/www.fiscalia.gov.co\/colombia\/\",\"name\":\"Fiscal\u00eda General de la Naci\u00f3n\",\"description\":\"P\u00e1gina oficial de la Fiscal\u00eda General de la Naci\u00f3n \u2013 Colombia. Garantizamos el acceso efectivo a la justicia, la verdad y la reparaci\u00f3n de las v\u00edctimas de los delitos.\",\"publisher\":{\"@id\":\"https:\/\/www.fiscalia.gov.co\/colombia\/#organization\"},\"potentialAction\":[{\"@type\":\"SearchAction\",\"target\":{\"@type\":\"EntryPoint\",\"urlTemplate\":\"https:\/\/www.fiscalia.gov.co\/colombia\/?s={search_term_string}\"},\"query-input\":{\"@type\":\"PropertyValueSpecification\",\"valueRequired\":true,\"valueName\":\"search_term_string\"}}],\"inLanguage\":\"es-CO\"},{\"@type\":\"Organization\",\"@id\":\"https:\/\/www.fiscalia.gov.co\/colombia\/#organization\",\"name\":\"Fiscal\u00eda General de la Naci\u00f3n\",\"url\":\"https:\/\/www.fiscalia.gov.co\/colombia\/\",\"logo\":{\"@type\":\"ImageObject\",\"inLanguage\":\"es-CO\",\"@id\":\"https:\/\/www.fiscalia.gov.co\/colombia\/#\/schema\/logo\/image\/\",\"url\":\"https:\/\/www.fiscalia.gov.co\/colombia\/wp-content\/uploads\/LogoHorizontal_1.jpg\",\"contentUrl\":\"https:\/\/www.fiscalia.gov.co\/colombia\/wp-content\/uploads\/LogoHorizontal_1.jpg\",\"width\":300,\"height\":90,\"caption\":\"Fiscal\u00eda General de la Naci\u00f3n\"},\"image\":{\"@id\":\"https:\/\/www.fiscalia.gov.co\/colombia\/#\/schema\/logo\/image\/\"},\"sameAs\":[\"https:\/\/www.facebook.com\/FiscaliaCol\",\"https:\/\/x.com\/FiscaliaCol\",\"https:\/\/www.instagram.com\/fiscaliacol\",\"https:\/\/www.linkedin.com\/company\/fiscalia-general-de-la-naci-n\/\",\"https:\/\/youtube.com\/@fiscaliageneraldelanacion-4668?si=6nN79nyQICPU5iTh\"]},{\"@type\":\"Person\",\"@id\":\"https:\/\/www.fiscalia.gov.co\/colombia\/#\/schema\/person\/ba9eca435947489fb25117a0cd75bf3e\",\"name\":\"Johanna Islenny Prieto Pe\u00f1a\",\"image\":{\"@type\":\"ImageObject\",\"inLanguage\":\"es-CO\",\"@id\":\"https:\/\/www.fiscalia.gov.co\/colombia\/#\/schema\/person\/image\/\",\"url\":\"https:\/\/secure.gravatar.com\/avatar\/111433fc2acb037ffb768f6a3ca47864?s=96&d=mm&r=g\",\"contentUrl\":\"https:\/\/secure.gravatar.com\/avatar\/111433fc2acb037ffb768f6a3ca47864?s=96&d=mm&r=g\",\"caption\":\"Johanna Islenny Prieto Pe\u00f1a\"},\"url\":\"https:\/\/www.fiscalia.gov.co\/colombia\/author\/jprietop\/\"}]}<\/script>\n<!-- \/ Yoast SEO plugin. -->","yoast_head_json":{"title":"Fiscal\u00eda General de la Naci\u00f3n","description":"P\u00e1gina oficial de la Fiscal\u00eda General de la Naci\u00f3n \u2013 Colombia. Garantizamos el acceso efectivo a la justicia, la verdad y la reparaci\u00f3n de las v\u00edctimas de los delitos.","robots":{"index":"noindex","follow":"follow"},"og_locale":"es_ES","og_type":"article","og_title":"Fiscal\u00eda General de la Naci\u00f3n","og_description":"P\u00e1gina oficial de la Fiscal\u00eda General de la Naci\u00f3n \u2013 Colombia. Garantizamos el acceso efectivo a la justicia, la verdad y la reparaci\u00f3n de las v\u00edctimas de los delitos.","og_url":"https:\/\/www.fiscalia.gov.co\/colombia\/fiscalia-mas-cerca\/los-casos-en-los-que-interviene-el-cti-cuando-alguien-fallece-en-casa\/","og_site_name":"Fiscal\u00eda General de la Naci\u00f3n","article_publisher":"https:\/\/www.facebook.com\/FiscaliaCol","article_published_time":"2025-09-04T19:47:32+00:00","article_modified_time":"2025-09-04T19:58:26+00:00","og_image":[{"width":1080,"height":1350,"url":"https:\/\/www.fiscalia.gov.co\/colombia\/wp-content\/uploads\/WhatsApp-Image-2025-09-03-at-5.39.56-PM.jpeg","type":"image\/jpeg"}],"author":"Johanna Islenny Prieto Pe\u00f1a","twitter_card":"summary_large_image","twitter_creator":"@FiscaliaCol","twitter_site":"@FiscaliaCol","twitter_misc":{"Escrito por":"Johanna Islenny Prieto Pe\u00f1a","Tiempo de lectura":"2 minutos"},"schema":{"@context":"https:\/\/schema.org","@graph":[{"@type":"Article","@id":"https:\/\/www.fiscalia.gov.co\/colombia\/fiscalia-mas-cerca\/los-casos-en-los-que-interviene-el-cti-cuando-alguien-fallece-en-casa\/#article","isPartOf":{"@id":"https:\/\/www.fiscalia.gov.co\/colombia\/fiscalia-mas-cerca\/los-casos-en-los-que-interviene-el-cti-cuando-alguien-fallece-en-casa\/"},"author":{"name":"Johanna Islenny Prieto Pe\u00f1a","@id":"https:\/\/www.fiscalia.gov.co\/colombia\/#\/schema\/person\/ba9eca435947489fb25117a0cd75bf3e"},"headline":"Los casos en los que interviene el CTI cuando alguien fallece en casa","datePublished":"2025-09-04T19:47:32+00:00","dateModified":"2025-09-04T19:58:26+00:00","mainEntityOfPage":{"@id":"https:\/\/www.fiscalia.gov.co\/colombia\/fiscalia-mas-cerca\/los-casos-en-los-que-interviene-el-cti-cuando-alguien-fallece-en-casa\/"},"wordCount":236,"publisher":{"@id":"https:\/\/www.fiscalia.gov.co\/colombia\/#organization"},"image":{"@id":"https:\/\/www.fiscalia.gov.co\/colombia\/fiscalia-mas-cerca\/los-casos-en-los-que-interviene-el-cti-cuando-alguien-fallece-en-casa\/#primaryimage"},"thumbnailUrl":"https:\/\/www.fiscalia.gov.co\/colombia\/wp-content\/uploads\/WhatsApp-Image-2025-09-03-at-5.39.56-PM.jpeg","keywords":["CTI","Fiscal","Fiscal Luz Adriana Camargo","Fiscal\u00eda","Fiscal\u00eda General de la Naci\u00f3n"],"articleSection":["Fiscal\u00eda m\u00e1s cerca"],"inLanguage":"es-CO"},{"@type":"WebPage","@id":"https:\/\/www.fiscalia.gov.co\/colombia\/fiscalia-mas-cerca\/los-casos-en-los-que-interviene-el-cti-cuando-alguien-fallece-en-casa\/","url":"https:\/\/www.fiscalia.gov.co\/colombia\/fiscalia-mas-cerca\/los-casos-en-los-que-interviene-el-cti-cuando-alguien-fallece-en-casa\/","name":"Fiscal\u00eda General de la Naci\u00f3n","isPartOf":{"@id":"https:\/\/www.fiscalia.gov.co\/colombia\/#website"},"primaryImageOfPage":{"@id":"https:\/\/www.fiscalia.gov.co\/colombia\/fiscalia-mas-cerca\/los-casos-en-los-que-interviene-el-cti-cuando-alguien-fallece-en-casa\/#primaryimage"},"image":{"@id":"https:\/\/www.fiscalia.gov.co\/colombia\/fiscalia-mas-cerca\/los-casos-en-los-que-interviene-el-cti-cuando-alguien-fallece-en-casa\/#primaryimage"},"thumbnailUrl":"https:\/\/www.fiscalia.gov.co\/colombia\/wp-content\/uploads\/WhatsApp-Image-2025-09-03-at-5.39.56-PM.jpeg","datePublished":"2025-09-04T19:47:32+00:00","dateModified":"2025-09-04T19:58:26+00:00","description":"P\u00e1gina oficial de la Fiscal\u00eda General de la Naci\u00f3n \u2013 Colombia. Garantizamos el acceso efectivo a la justicia, la verdad y la reparaci\u00f3n de las v\u00edctimas de los delitos.","breadcrumb":{"@id":"https:\/\/www.fiscalia.gov.co\/colombia\/fiscalia-mas-cerca\/los-casos-en-los-que-interviene-el-cti-cuando-alguien-fallece-en-casa\/#breadcrumb"},"inLanguage":"es-CO","potentialAction":[{"@type":"ReadAction","target":["https:\/\/www.fiscalia.gov.co\/colombia\/fiscalia-mas-cerca\/los-casos-en-los-que-interviene-el-cti-cuando-alguien-fallece-en-casa\/"]}]},{"@type":"ImageObject","inLanguage":"es-CO","@id":"https:\/\/www.fiscalia.gov.co\/colombia\/fiscalia-mas-cerca\/los-casos-en-los-que-interviene-el-cti-cuando-alguien-fallece-en-casa\/#primaryimage","url":"https:\/\/www.fiscalia.gov.co\/colombia\/wp-content\/uploads\/WhatsApp-Image-2025-09-03-at-5.39.56-PM.jpeg","contentUrl":"https:\/\/www.fiscalia.gov.co\/colombia\/wp-content\/uploads\/WhatsApp-Image-2025-09-03-at-5.39.56-PM.jpeg","width":1080,"height":1350,"caption":"Conoce los casos."},{"@type":"BreadcrumbList","@id":"https:\/\/www.fiscalia.gov.co\/colombia\/fiscalia-mas-cerca\/los-casos-en-los-que-interviene-el-cti-cuando-alguien-fallece-en-casa\/#breadcrumb","itemListElement":[{"@type":"ListItem","position":1,"name":"Home","item":"https:\/\/www.fiscalia.gov.co\/colombia\/"},{"@type":"ListItem","position":2,"name":"Los casos en los que interviene el CTI cuando alguien fallece en casa"}]},{"@type":"WebSite","@id":"https:\/\/www.fiscalia.gov.co\/colombia\/#website","url":"https:\/\/www.fiscalia.gov.co\/colombia\/","name":"Fiscal\u00eda General de la Naci\u00f3n","description":"P\u00e1gina oficial de la Fiscal\u00eda General de la Naci\u00f3n \u2013 Colombia. Garantizamos el acceso efectivo a la justicia, la verdad y la reparaci\u00f3n de las v\u00edctimas de los delitos.","publisher":{"@id":"https:\/\/www.fiscalia.gov.co\/colombia\/#organization"},"potentialAction":[{"@type":"SearchAction","target":{"@type":"EntryPoint","urlTemplate":"https:\/\/www.fiscalia.gov.co\/colombia\/?s={search_term_string}"},"query-input":{"@type":"PropertyValueSpecification","valueRequired":true,"valueName":"search_term_string"}}],"inLanguage":"es-CO"},{"@type":"Organization","@id":"https:\/\/www.fiscalia.gov.co\/colombia\/#organization","name":"Fiscal\u00eda General de la Naci\u00f3n","url":"https:\/\/www.fiscalia.gov.co\/colombia\/","logo":{"@type":"ImageObject","inLanguage":"es-CO","@id":"https:\/\/www.fiscalia.gov.co\/colombia\/#\/schema\/logo\/image\/","url":"https:\/\/www.fiscalia.gov.co\/colombia\/wp-content\/uploads\/LogoHorizontal_1.jpg","contentUrl":"https:\/\/www.fiscalia.gov.co\/colombia\/wp-content\/uploads\/LogoHorizontal_1.jpg","width":300,"height":90,"caption":"Fiscal\u00eda General de la Naci\u00f3n"},"image":{"@id":"https:\/\/www.fiscalia.gov.co\/colombia\/#\/schema\/logo\/image\/"},"sameAs":["https:\/\/www.facebook.com\/FiscaliaCol","https:\/\/x.com\/FiscaliaCol","https:\/\/www.instagram.com\/fiscaliacol","https:\/\/www.linkedin.com\/company\/fiscalia-general-de-la-naci-n\/","https:\/\/youtube.com\/@fiscaliageneraldelanacion-4668?si=6nN79nyQICPU5iTh"]},{"@type":"Person","@id":"https:\/\/www.fiscalia.gov.co\/colombia\/#\/schema\/person\/ba9eca435947489fb25117a0cd75bf3e","name":"Johanna Islenny Prieto Pe\u00f1a","image":{"@type":"ImageObject","inLanguage":"es-CO","@id":"https:\/\/www.fiscalia.gov.co\/colombia\/#\/schema\/person\/image\/","url":"https:\/\/secure.gravatar.com\/avatar\/111433fc2acb037ffb768f6a3ca47864?s=96&d=mm&r=g","contentUrl":"https:\/\/secure.gravatar.com\/avatar\/111433fc2acb037ffb768f6a3ca47864?s=96&d=mm&r=g","caption":"Johanna Islenny Prieto Pe\u00f1a"},"url":"https:\/\/www.fiscalia.gov.co\/colombia\/author\/jprietop\/"}]}},"_links":{"self":[{"href":"https:\/\/www.fiscalia.gov.co\/colombia\/wp-json\/wp\/v2\/posts\/323151","targetHints":{"allow":["GET"]}}],"collection":[{"href":"https:\/\/www.fiscalia.gov.co\/colombia\/wp-json\/wp\/v2\/posts"}],"about":[{"href":"https:\/\/www.fiscalia.gov.co\/colombia\/wp-json\/wp\/v2\/types\/post"}],"author":[{"embeddable":true,"href":"https:\/\/www.fiscalia.gov.co\/colombia\/wp-json\/wp\/v2\/users\/181"}],"replies":[{"embeddable":true,"href":"https:\/\/www.fiscalia.gov.co\/colombia\/wp-json\/wp\/v2\/comments?post=323151"}],"version-history":[{"count":3,"href":"https:\/\/www.fiscalia.gov.co\/colombia\/wp-json\/wp\/v2\/posts\/323151\/revisions"}],"predecessor-version":[{"id":323176,"href":"https:\/\/www.fiscalia.gov.co\/colombia\/wp-json\/wp\/v2\/posts\/323151\/revisions\/323176"}],"wp:featuredmedia":[{"embeddable":true,"href":"https:\/\/www.fiscalia.gov.co\/colombia\/wp-json\/wp\/v2\/media\/323160"}],"wp:attachment":[{"href":"https:\/\/www.fiscalia.gov.co\/colombia\/wp-json\/wp\/v2\/media?parent=323151"}],"wp:term":[{"taxonomy":"category","embeddable":true,"href":"https:\/\/www.fiscalia.gov.co\/colombia\/wp-json\/wp\/v2\/categories?post=323151"},{"taxonomy":"post_tag","embeddable":true,"href":"https:\/\/www.fiscalia.gov.co\/colombia\/wp-json\/wp\/v2\/tags?post=323151"}],"curies":[{"name":"wp","href":"https:\/\/api.w.org\/{rel}","templated":true}]}}