{"id":323008,"date":"2025-09-03T09:01:54","date_gmt":"2025-09-03T14:01:54","guid":{"rendered":"https:\/\/www.fiscalia.gov.co\/colombia\/?p=323008"},"modified":"2025-09-03T09:01:54","modified_gmt":"2025-09-03T14:01:54","slug":"a-la-carcel-presunto-integrante-de-grupo-delincuencial-dedicado-al-trafico-de-estupefacientes-en-villa-del-rosario-norte-de-santander","status":"publish","type":"post","link":"https:\/\/www.fiscalia.gov.co\/colombia\/noticias\/a-la-carcel-presunto-integrante-de-grupo-delincuencial-dedicado-al-trafico-de-estupefacientes-en-villa-del-rosario-norte-de-santander\/","title":{"rendered":"A la c\u00e1rcel presunto integrante de grupo delincuencial dedicado al tr\u00e1fico de estupefacientes en Villa del Rosario (Norte de Santander)"},"content":{"rendered":"<h4 style=\"text-align: center;\" data-ogsc=\"black\"><strong><i data-ogsc=\"\">Otros 7 presuntos integrantes de la organizaci\u00f3n fueron judicializados el pasado mes de agosto.<\/i><\/strong><\/h4>\n<figure id=\"attachment_323009\" aria-describedby=\"caption-attachment-323009\" style=\"width: 906px\" class=\"wp-caption aligncenter\"><img loading=\"lazy\" decoding=\"async\" class=\"size-full wp-image-323009\" src=\"https:\/\/www.fiscalia.gov.co\/colombia\/wp-content\/uploads\/image-1.jpg\" alt=\"en la fotografia se puede observar al capturado esposado con las manos en la espalda, en medio de dos funcionarios de la policia\" width=\"906\" height=\"510\" srcset=\"https:\/\/www.fiscalia.gov.co\/colombia\/wp-content\/uploads\/image-1.jpg 906w, https:\/\/www.fiscalia.gov.co\/colombia\/wp-content\/uploads\/image-1-300x169.jpg 300w, https:\/\/www.fiscalia.gov.co\/colombia\/wp-content\/uploads\/image-1-768x432.jpg 768w, https:\/\/www.fiscalia.gov.co\/colombia\/wp-content\/uploads\/image-1-746x420.jpg 746w, https:\/\/www.fiscalia.gov.co\/colombia\/wp-content\/uploads\/image-1-696x392.jpg 696w\" sizes=\"auto, (max-width: 906px) 100vw, 906px\" \/><figcaption id=\"caption-attachment-323009\" class=\"wp-caption-text\">Lucas Antonio G\u00f3mez Torres alias El Tuerto, fue judicializado como presunto responsable de concierto para delinquir agravado y fabricaci\u00f3n, tr\u00e1fico o porte de estupefacientes.<\/figcaption><\/figure>\n<p data-ogsc=\"black\">Por solicitud de un fiscal de la Seccional C\u00facuta,\u00a0un juez de control de garant\u00edas impuso\u00a0<a id=\"OWA29be3b13-3f6b-8584-a3d9-a2f4ffe79692\" title=\"https:\/\/www.fiscalia.gov.co\/colombia\/noticias\/judiacializados-presuntos-integrantes-de-un-grupo-delincuencial-dedicado-al-trafico-local-de-estupefacientes-en-cucuta-norte-de-santander\/\" href=\"https:\/\/www.fiscalia.gov.co\/colombia\/noticias\/judiacializados-presuntos-integrantes-de-un-grupo-delincuencial-dedicado-al-trafico-local-de-estupefacientes-en-cucuta-norte-de-santander\/\" target=\"_blank\" rel=\"noopener noreferrer\" data-auth=\"NotApplicable\" data-linkindex=\"0\" data-ogsc=\"\">medida<\/a>\u00a0de aseguramiento en centro de reclusi\u00f3n en contra de Lucas Antonio G\u00f3mez Torres, alias El Tuerto, como <strong>presunto responsable de concierto para delinquir agravado y tr\u00e1fico, fabricaci\u00f3n o porte de estupefacientes.\u00a0<\/strong><\/p>\n<p data-ogsc=\"black\">G\u00f3mez Torres, de 43 a\u00f1os, ser\u00eda integrante del grupo delincuencial conocido como El Combo de la Frontera, que estar\u00eda dedicado al\u00a0<b data-ogsc=\"\">tr\u00e1fico y distribuci\u00f3n de estupefacientes en el corregimiento La Parada de Villa del Rosario (Norte de Santander).<\/b><\/p>\n<p data-ogsc=\"black\">Luego de 10 meses de investigaciones y seguimientos, el procesado fue capturado mediante orden judicial por servidores de la\u00a0<b data-ogsc=\"\">Polic\u00eda Nacional el pasado 31 de agosto en Villa del Rosario. Durante las audiencias concentradas alias El Tuerto no se allan\u00f3 a los cargos imputados.<\/b><\/p>\n<p data-ogsc=\"black\">El pasado 26 de agosto fueron\u00a0<a id=\"OWA4b793e81-faef-5f69-ff0b-ecda9fc0728a\" title=\"https:\/\/www.fiscalia.gov.co\/colombia\/noticias\/impactan-grupo-delincuencial-que-estaria-dedicado-al-trafico-local-de-estupefacientes-en-villa-del-rosario-norte-de-santander\/\" href=\"https:\/\/www.fiscalia.gov.co\/colombia\/noticias\/impactan-grupo-delincuencial-que-estaria-dedicado-al-trafico-local-de-estupefacientes-en-villa-del-rosario-norte-de-santander\/\" target=\"_blank\" rel=\"noopener noreferrer\" data-auth=\"NotApplicable\" data-linkindex=\"1\" data-ogsc=\"\">judicializados<\/a>\u00a0otros siete integrantes de este grupo, quienes fueron afectados con detenci\u00f3n intramuros.<\/p>\n<p data-ogsc=\"black\">\n<p data-ogsc=\"black\">\n<p data-ogsc=\"black\">\n<p data-ogsc=\"black\">\n<p data-ogsc=\"black\">MPHA\/ LFML\/YJDR\/EDBC\/DSNS<\/p>\n<p aria-hidden=\"true\" data-ogsc=\"black\">\n<p aria-hidden=\"true\" data-ogsc=\"black\">\n<p aria-hidden=\"true\" data-ogsc=\"black\">\n<p aria-hidden=\"true\" data-ogsc=\"black\">\n<p data-ogsc=\"black\"><i data-ogsc=\"\">La informaci\u00f3n contenida en este bolet\u00edn de prensa corresponde a la narraci\u00f3n de los hechos noticiosos objetivos, suministrados por los funcionarios encargados de adelantar las investigaciones penales al interior de\u00a0la Fiscal\u00eda General de la Naci\u00f3n. Para el momento de la divulgaci\u00f3n de este comunicado, la situaci\u00f3n jur\u00eddica de la(s) persona(s) relacionada(s) se encuentra pendiente de resolver por la autoridad judicial competente, siempre bajo los preceptos de la presunci\u00f3n de inocencia, consagrados en el art\u00edculo 29 de la Constituci\u00f3n Pol\u00edtica y el art\u00edculo 7\u00ba de la Ley\u00a0906 de 2004.<\/i><\/p>\n<p data-ogsc=\"black\">\n\n<div class=\"twitter-share\"><a href=\"https:\/\/twitter.com\/intent\/tweet?via=fiscaliacol\" class=\"twitter-share-button\">Tweet<\/a><\/div>\n","protected":false},"excerpt":{"rendered":"<p>Otros 7 presuntos integrantes de la organizaci\u00f3n fueron judicializados el pasado mes de agosto. Por solicitud de un fiscal de la Seccional C\u00facuta,\u00a0un juez de control de garant\u00edas impuso\u00a0medida\u00a0de aseguramiento [&hellip;]<\/p>\n","protected":false},"author":177,"featured_media":0,"comment_status":"closed","ping_status":"open","sticky":false,"template":"","format":"standard","meta":{"tdm_status":"","tdm_grid_status":"","footnotes":""},"categories":[1,326,303],"tags":[14550,12799,50,29615,17967,42545,32145],"class_list":["post-323008","post","type-post","status-publish","format-standard","category-noticias","category-seccional-cucuta","category-seccionales","tag-carcel","tag-comercializacion","tag-estupefacientes","tag-impacto","tag-investigacion","tag-sectores-vulnerables","tag-villa-del-rosario-norte-de-santander"],"yoast_head":"<!-- This site is optimized with the Yoast SEO plugin v24.3 - https:\/\/yoast.com\/wordpress\/plugins\/seo\/ -->\n<title>Fiscal\u00eda General de la Naci\u00f3n<\/title>\n<meta name=\"description\" content=\"P\u00e1gina oficial de la Fiscal\u00eda General de la Naci\u00f3n \u2013 Colombia. Garantizamos el acceso efectivo a la justicia, la verdad y la reparaci\u00f3n de las v\u00edctimas de los delitos.\" \/>\n<meta name=\"robots\" content=\"noindex, follow\" \/>\n<meta property=\"og:locale\" content=\"es_ES\" \/>\n<meta property=\"og:type\" content=\"article\" \/>\n<meta property=\"og:title\" content=\"Fiscal\u00eda General de la Naci\u00f3n\" \/>\n<meta property=\"og:description\" content=\"P\u00e1gina oficial de la Fiscal\u00eda General de la Naci\u00f3n \u2013 Colombia. Garantizamos el acceso efectivo a la justicia, la verdad y la reparaci\u00f3n de las v\u00edctimas de los delitos.\" \/>\n<meta property=\"og:url\" content=\"https:\/\/www.fiscalia.gov.co\/colombia\/noticias\/a-la-carcel-presunto-integrante-de-grupo-delincuencial-dedicado-al-trafico-de-estupefacientes-en-villa-del-rosario-norte-de-santander\/\" \/>\n<meta property=\"og:site_name\" content=\"Fiscal\u00eda General de la Naci\u00f3n\" \/>\n<meta property=\"article:publisher\" content=\"https:\/\/www.facebook.com\/FiscaliaCol\" \/>\n<meta property=\"article:published_time\" content=\"2025-09-03T14:01:54+00:00\" \/>\n<meta property=\"og:image\" content=\"https:\/\/www.fiscalia.gov.co\/colombia\/wp-content\/uploads\/image-1.jpg\" \/>\n\t<meta property=\"og:image:width\" content=\"906\" \/>\n\t<meta property=\"og:image:height\" content=\"510\" \/>\n\t<meta property=\"og:image:type\" content=\"image\/jpeg\" \/>\n<meta name=\"author\" content=\"Jordan Leandro Oviedo Anzola\" \/>\n<meta name=\"twitter:card\" content=\"summary_large_image\" \/>\n<meta name=\"twitter:creator\" content=\"@FiscaliaCol\" \/>\n<meta name=\"twitter:site\" content=\"@FiscaliaCol\" \/>\n<meta name=\"twitter:label1\" content=\"Escrito por\" \/>\n\t<meta name=\"twitter:data1\" content=\"Jordan Leandro Oviedo Anzola\" \/>\n\t<meta name=\"twitter:label2\" content=\"Tiempo de lectura\" \/>\n\t<meta name=\"twitter:data2\" content=\"2 minutos\" \/>\n<script type=\"application\/ld+json\" class=\"yoast-schema-graph\">{\"@context\":\"https:\/\/schema.org\",\"@graph\":[{\"@type\":\"Article\",\"@id\":\"https:\/\/www.fiscalia.gov.co\/colombia\/noticias\/a-la-carcel-presunto-integrante-de-grupo-delincuencial-dedicado-al-trafico-de-estupefacientes-en-villa-del-rosario-norte-de-santander\/#article\",\"isPartOf\":{\"@id\":\"https:\/\/www.fiscalia.gov.co\/colombia\/noticias\/a-la-carcel-presunto-integrante-de-grupo-delincuencial-dedicado-al-trafico-de-estupefacientes-en-villa-del-rosario-norte-de-santander\/\"},\"author\":{\"name\":\"Jordan Leandro Oviedo Anzola\",\"@id\":\"https:\/\/www.fiscalia.gov.co\/colombia\/#\/schema\/person\/bf84402cf293a5393e9c70b111020b24\"},\"headline\":\"A la c\u00e1rcel presunto integrante de grupo delincuencial dedicado al tr\u00e1fico de estupefacientes en Villa del Rosario (Norte de Santander)\",\"datePublished\":\"2025-09-03T14:01:54+00:00\",\"dateModified\":\"2025-09-03T14:01:54+00:00\",\"mainEntityOfPage\":{\"@id\":\"https:\/\/www.fiscalia.gov.co\/colombia\/noticias\/a-la-carcel-presunto-integrante-de-grupo-delincuencial-dedicado-al-trafico-de-estupefacientes-en-villa-del-rosario-norte-de-santander\/\"},\"wordCount\":336,\"publisher\":{\"@id\":\"https:\/\/www.fiscalia.gov.co\/colombia\/#organization\"},\"image\":{\"@id\":\"https:\/\/www.fiscalia.gov.co\/colombia\/noticias\/a-la-carcel-presunto-integrante-de-grupo-delincuencial-dedicado-al-trafico-de-estupefacientes-en-villa-del-rosario-norte-de-santander\/#primaryimage\"},\"thumbnailUrl\":\"https:\/\/www.fiscalia.gov.co\/colombia\/wp-content\/uploads\/image-1.jpg\",\"keywords\":[\"C\u00e1rcel\",\"Comercializaci\u00f3n\",\"Estupefacientes\",\"impacto\",\"Investigaci\u00f3n\",\"sectores vulnerables\",\"Villa del Rosario (Norte de Santander)\"],\"articleSection\":[\"Noticias\",\"Seccional C\u00facuta\",\"Seccionales\"],\"inLanguage\":\"es-CO\"},{\"@type\":\"WebPage\",\"@id\":\"https:\/\/www.fiscalia.gov.co\/colombia\/noticias\/a-la-carcel-presunto-integrante-de-grupo-delincuencial-dedicado-al-trafico-de-estupefacientes-en-villa-del-rosario-norte-de-santander\/\",\"url\":\"https:\/\/www.fiscalia.gov.co\/colombia\/noticias\/a-la-carcel-presunto-integrante-de-grupo-delincuencial-dedicado-al-trafico-de-estupefacientes-en-villa-del-rosario-norte-de-santander\/\",\"name\":\"Fiscal\u00eda General de la Naci\u00f3n\",\"isPartOf\":{\"@id\":\"https:\/\/www.fiscalia.gov.co\/colombia\/#website\"},\"primaryImageOfPage\":{\"@id\":\"https:\/\/www.fiscalia.gov.co\/colombia\/noticias\/a-la-carcel-presunto-integrante-de-grupo-delincuencial-dedicado-al-trafico-de-estupefacientes-en-villa-del-rosario-norte-de-santander\/#primaryimage\"},\"image\":{\"@id\":\"https:\/\/www.fiscalia.gov.co\/colombia\/noticias\/a-la-carcel-presunto-integrante-de-grupo-delincuencial-dedicado-al-trafico-de-estupefacientes-en-villa-del-rosario-norte-de-santander\/#primaryimage\"},\"thumbnailUrl\":\"https:\/\/www.fiscalia.gov.co\/colombia\/wp-content\/uploads\/image-1.jpg\",\"datePublished\":\"2025-09-03T14:01:54+00:00\",\"dateModified\":\"2025-09-03T14:01:54+00:00\",\"description\":\"P\u00e1gina oficial de la Fiscal\u00eda General de la Naci\u00f3n \u2013 Colombia. Garantizamos el acceso efectivo a la justicia, la verdad y la reparaci\u00f3n de las v\u00edctimas de los delitos.\",\"breadcrumb\":{\"@id\":\"https:\/\/www.fiscalia.gov.co\/colombia\/noticias\/a-la-carcel-presunto-integrante-de-grupo-delincuencial-dedicado-al-trafico-de-estupefacientes-en-villa-del-rosario-norte-de-santander\/#breadcrumb\"},\"inLanguage\":\"es-CO\",\"potentialAction\":[{\"@type\":\"ReadAction\",\"target\":[\"https:\/\/www.fiscalia.gov.co\/colombia\/noticias\/a-la-carcel-presunto-integrante-de-grupo-delincuencial-dedicado-al-trafico-de-estupefacientes-en-villa-del-rosario-norte-de-santander\/\"]}]},{\"@type\":\"ImageObject\",\"inLanguage\":\"es-CO\",\"@id\":\"https:\/\/www.fiscalia.gov.co\/colombia\/noticias\/a-la-carcel-presunto-integrante-de-grupo-delincuencial-dedicado-al-trafico-de-estupefacientes-en-villa-del-rosario-norte-de-santander\/#primaryimage\",\"url\":\"https:\/\/www.fiscalia.gov.co\/colombia\/wp-content\/uploads\/image-1.jpg\",\"contentUrl\":\"https:\/\/www.fiscalia.gov.co\/colombia\/wp-content\/uploads\/image-1.jpg\",\"width\":906,\"height\":510,\"caption\":\"Lucas Antonio G\u00f3mez Torres alias El Tuerto, fue judicializado como presunto responsable de concierto para delinquir agravado y fabricaci\u00f3n, tr\u00e1fico o porte de estupefacientes.\"},{\"@type\":\"BreadcrumbList\",\"@id\":\"https:\/\/www.fiscalia.gov.co\/colombia\/noticias\/a-la-carcel-presunto-integrante-de-grupo-delincuencial-dedicado-al-trafico-de-estupefacientes-en-villa-del-rosario-norte-de-santander\/#breadcrumb\",\"itemListElement\":[{\"@type\":\"ListItem\",\"position\":1,\"name\":\"Home\",\"item\":\"https:\/\/www.fiscalia.gov.co\/colombia\/\"},{\"@type\":\"ListItem\",\"position\":2,\"name\":\"A la c\u00e1rcel presunto integrante de grupo delincuencial dedicado al tr\u00e1fico de estupefacientes en Villa del Rosario (Norte de Santander)\"}]},{\"@type\":\"WebSite\",\"@id\":\"https:\/\/www.fiscalia.gov.co\/colombia\/#website\",\"url\":\"https:\/\/www.fiscalia.gov.co\/colombia\/\",\"name\":\"Fiscal\u00eda General de la Naci\u00f3n\",\"description\":\"P\u00e1gina oficial de la Fiscal\u00eda General de la Naci\u00f3n \u2013 Colombia. Garantizamos el acceso efectivo a la justicia, la verdad y la reparaci\u00f3n de las v\u00edctimas de los delitos.\",\"publisher\":{\"@id\":\"https:\/\/www.fiscalia.gov.co\/colombia\/#organization\"},\"potentialAction\":[{\"@type\":\"SearchAction\",\"target\":{\"@type\":\"EntryPoint\",\"urlTemplate\":\"https:\/\/www.fiscalia.gov.co\/colombia\/?s={search_term_string}\"},\"query-input\":{\"@type\":\"PropertyValueSpecification\",\"valueRequired\":true,\"valueName\":\"search_term_string\"}}],\"inLanguage\":\"es-CO\"},{\"@type\":\"Organization\",\"@id\":\"https:\/\/www.fiscalia.gov.co\/colombia\/#organization\",\"name\":\"Fiscal\u00eda General de la Naci\u00f3n\",\"url\":\"https:\/\/www.fiscalia.gov.co\/colombia\/\",\"logo\":{\"@type\":\"ImageObject\",\"inLanguage\":\"es-CO\",\"@id\":\"https:\/\/www.fiscalia.gov.co\/colombia\/#\/schema\/logo\/image\/\",\"url\":\"https:\/\/www.fiscalia.gov.co\/colombia\/wp-content\/uploads\/LogoHorizontal_1.jpg\",\"contentUrl\":\"https:\/\/www.fiscalia.gov.co\/colombia\/wp-content\/uploads\/LogoHorizontal_1.jpg\",\"width\":300,\"height\":90,\"caption\":\"Fiscal\u00eda General de la Naci\u00f3n\"},\"image\":{\"@id\":\"https:\/\/www.fiscalia.gov.co\/colombia\/#\/schema\/logo\/image\/\"},\"sameAs\":[\"https:\/\/www.facebook.com\/FiscaliaCol\",\"https:\/\/x.com\/FiscaliaCol\",\"https:\/\/www.instagram.com\/fiscaliacol\",\"https:\/\/www.linkedin.com\/company\/fiscalia-general-de-la-naci-n\/\",\"https:\/\/youtube.com\/@fiscaliageneraldelanacion-4668?si=6nN79nyQICPU5iTh\"]},{\"@type\":\"Person\",\"@id\":\"https:\/\/www.fiscalia.gov.co\/colombia\/#\/schema\/person\/bf84402cf293a5393e9c70b111020b24\",\"name\":\"Jordan Leandro Oviedo Anzola\",\"image\":{\"@type\":\"ImageObject\",\"inLanguage\":\"es-CO\",\"@id\":\"https:\/\/www.fiscalia.gov.co\/colombia\/#\/schema\/person\/image\/\",\"url\":\"https:\/\/secure.gravatar.com\/avatar\/dabba4346fa9b9207d96adafa8f92721?s=96&d=mm&r=g\",\"contentUrl\":\"https:\/\/secure.gravatar.com\/avatar\/dabba4346fa9b9207d96adafa8f92721?s=96&d=mm&r=g\",\"caption\":\"Jordan Leandro Oviedo Anzola\"},\"url\":\"https:\/\/www.fiscalia.gov.co\/colombia\/author\/joviedo\/\"}]}<\/script>\n<!-- \/ Yoast SEO plugin. -->","yoast_head_json":{"title":"Fiscal\u00eda General de la Naci\u00f3n","description":"P\u00e1gina oficial de la Fiscal\u00eda General de la Naci\u00f3n \u2013 Colombia. Garantizamos el acceso efectivo a la justicia, la verdad y la reparaci\u00f3n de las v\u00edctimas de los delitos.","robots":{"index":"noindex","follow":"follow"},"og_locale":"es_ES","og_type":"article","og_title":"Fiscal\u00eda General de la Naci\u00f3n","og_description":"P\u00e1gina oficial de la Fiscal\u00eda General de la Naci\u00f3n \u2013 Colombia. Garantizamos el acceso efectivo a la justicia, la verdad y la reparaci\u00f3n de las v\u00edctimas de los delitos.","og_url":"https:\/\/www.fiscalia.gov.co\/colombia\/noticias\/a-la-carcel-presunto-integrante-de-grupo-delincuencial-dedicado-al-trafico-de-estupefacientes-en-villa-del-rosario-norte-de-santander\/","og_site_name":"Fiscal\u00eda General de la Naci\u00f3n","article_publisher":"https:\/\/www.facebook.com\/FiscaliaCol","article_published_time":"2025-09-03T14:01:54+00:00","og_image":[{"width":906,"height":510,"url":"https:\/\/www.fiscalia.gov.co\/colombia\/wp-content\/uploads\/image-1.jpg","type":"image\/jpeg"}],"author":"Jordan Leandro Oviedo Anzola","twitter_card":"summary_large_image","twitter_creator":"@FiscaliaCol","twitter_site":"@FiscaliaCol","twitter_misc":{"Escrito por":"Jordan Leandro Oviedo Anzola","Tiempo de lectura":"2 minutos"},"schema":{"@context":"https:\/\/schema.org","@graph":[{"@type":"Article","@id":"https:\/\/www.fiscalia.gov.co\/colombia\/noticias\/a-la-carcel-presunto-integrante-de-grupo-delincuencial-dedicado-al-trafico-de-estupefacientes-en-villa-del-rosario-norte-de-santander\/#article","isPartOf":{"@id":"https:\/\/www.fiscalia.gov.co\/colombia\/noticias\/a-la-carcel-presunto-integrante-de-grupo-delincuencial-dedicado-al-trafico-de-estupefacientes-en-villa-del-rosario-norte-de-santander\/"},"author":{"name":"Jordan Leandro Oviedo Anzola","@id":"https:\/\/www.fiscalia.gov.co\/colombia\/#\/schema\/person\/bf84402cf293a5393e9c70b111020b24"},"headline":"A la c\u00e1rcel presunto integrante de grupo delincuencial dedicado al tr\u00e1fico de estupefacientes en Villa del Rosario (Norte de Santander)","datePublished":"2025-09-03T14:01:54+00:00","dateModified":"2025-09-03T14:01:54+00:00","mainEntityOfPage":{"@id":"https:\/\/www.fiscalia.gov.co\/colombia\/noticias\/a-la-carcel-presunto-integrante-de-grupo-delincuencial-dedicado-al-trafico-de-estupefacientes-en-villa-del-rosario-norte-de-santander\/"},"wordCount":336,"publisher":{"@id":"https:\/\/www.fiscalia.gov.co\/colombia\/#organization"},"image":{"@id":"https:\/\/www.fiscalia.gov.co\/colombia\/noticias\/a-la-carcel-presunto-integrante-de-grupo-delincuencial-dedicado-al-trafico-de-estupefacientes-en-villa-del-rosario-norte-de-santander\/#primaryimage"},"thumbnailUrl":"https:\/\/www.fiscalia.gov.co\/colombia\/wp-content\/uploads\/image-1.jpg","keywords":["C\u00e1rcel","Comercializaci\u00f3n","Estupefacientes","impacto","Investigaci\u00f3n","sectores vulnerables","Villa del Rosario (Norte de Santander)"],"articleSection":["Noticias","Seccional C\u00facuta","Seccionales"],"inLanguage":"es-CO"},{"@type":"WebPage","@id":"https:\/\/www.fiscalia.gov.co\/colombia\/noticias\/a-la-carcel-presunto-integrante-de-grupo-delincuencial-dedicado-al-trafico-de-estupefacientes-en-villa-del-rosario-norte-de-santander\/","url":"https:\/\/www.fiscalia.gov.co\/colombia\/noticias\/a-la-carcel-presunto-integrante-de-grupo-delincuencial-dedicado-al-trafico-de-estupefacientes-en-villa-del-rosario-norte-de-santander\/","name":"Fiscal\u00eda General de la Naci\u00f3n","isPartOf":{"@id":"https:\/\/www.fiscalia.gov.co\/colombia\/#website"},"primaryImageOfPage":{"@id":"https:\/\/www.fiscalia.gov.co\/colombia\/noticias\/a-la-carcel-presunto-integrante-de-grupo-delincuencial-dedicado-al-trafico-de-estupefacientes-en-villa-del-rosario-norte-de-santander\/#primaryimage"},"image":{"@id":"https:\/\/www.fiscalia.gov.co\/colombia\/noticias\/a-la-carcel-presunto-integrante-de-grupo-delincuencial-dedicado-al-trafico-de-estupefacientes-en-villa-del-rosario-norte-de-santander\/#primaryimage"},"thumbnailUrl":"https:\/\/www.fiscalia.gov.co\/colombia\/wp-content\/uploads\/image-1.jpg","datePublished":"2025-09-03T14:01:54+00:00","dateModified":"2025-09-03T14:01:54+00:00","description":"P\u00e1gina oficial de la Fiscal\u00eda General de la Naci\u00f3n \u2013 Colombia. Garantizamos el acceso efectivo a la justicia, la verdad y la reparaci\u00f3n de las v\u00edctimas de los delitos.","breadcrumb":{"@id":"https:\/\/www.fiscalia.gov.co\/colombia\/noticias\/a-la-carcel-presunto-integrante-de-grupo-delincuencial-dedicado-al-trafico-de-estupefacientes-en-villa-del-rosario-norte-de-santander\/#breadcrumb"},"inLanguage":"es-CO","potentialAction":[{"@type":"ReadAction","target":["https:\/\/www.fiscalia.gov.co\/colombia\/noticias\/a-la-carcel-presunto-integrante-de-grupo-delincuencial-dedicado-al-trafico-de-estupefacientes-en-villa-del-rosario-norte-de-santander\/"]}]},{"@type":"ImageObject","inLanguage":"es-CO","@id":"https:\/\/www.fiscalia.gov.co\/colombia\/noticias\/a-la-carcel-presunto-integrante-de-grupo-delincuencial-dedicado-al-trafico-de-estupefacientes-en-villa-del-rosario-norte-de-santander\/#primaryimage","url":"https:\/\/www.fiscalia.gov.co\/colombia\/wp-content\/uploads\/image-1.jpg","contentUrl":"https:\/\/www.fiscalia.gov.co\/colombia\/wp-content\/uploads\/image-1.jpg","width":906,"height":510,"caption":"Lucas Antonio G\u00f3mez Torres alias El Tuerto, fue judicializado como presunto responsable de concierto para delinquir agravado y fabricaci\u00f3n, tr\u00e1fico o porte de estupefacientes."},{"@type":"BreadcrumbList","@id":"https:\/\/www.fiscalia.gov.co\/colombia\/noticias\/a-la-carcel-presunto-integrante-de-grupo-delincuencial-dedicado-al-trafico-de-estupefacientes-en-villa-del-rosario-norte-de-santander\/#breadcrumb","itemListElement":[{"@type":"ListItem","position":1,"name":"Home","item":"https:\/\/www.fiscalia.gov.co\/colombia\/"},{"@type":"ListItem","position":2,"name":"A la c\u00e1rcel presunto integrante de grupo delincuencial dedicado al tr\u00e1fico de estupefacientes en Villa del Rosario (Norte de Santander)"}]},{"@type":"WebSite","@id":"https:\/\/www.fiscalia.gov.co\/colombia\/#website","url":"https:\/\/www.fiscalia.gov.co\/colombia\/","name":"Fiscal\u00eda General de la Naci\u00f3n","description":"P\u00e1gina oficial de la Fiscal\u00eda General de la Naci\u00f3n \u2013 Colombia. Garantizamos el acceso efectivo a la justicia, la verdad y la reparaci\u00f3n de las v\u00edctimas de los delitos.","publisher":{"@id":"https:\/\/www.fiscalia.gov.co\/colombia\/#organization"},"potentialAction":[{"@type":"SearchAction","target":{"@type":"EntryPoint","urlTemplate":"https:\/\/www.fiscalia.gov.co\/colombia\/?s={search_term_string}"},"query-input":{"@type":"PropertyValueSpecification","valueRequired":true,"valueName":"search_term_string"}}],"inLanguage":"es-CO"},{"@type":"Organization","@id":"https:\/\/www.fiscalia.gov.co\/colombia\/#organization","name":"Fiscal\u00eda General de la Naci\u00f3n","url":"https:\/\/www.fiscalia.gov.co\/colombia\/","logo":{"@type":"ImageObject","inLanguage":"es-CO","@id":"https:\/\/www.fiscalia.gov.co\/colombia\/#\/schema\/logo\/image\/","url":"https:\/\/www.fiscalia.gov.co\/colombia\/wp-content\/uploads\/LogoHorizontal_1.jpg","contentUrl":"https:\/\/www.fiscalia.gov.co\/colombia\/wp-content\/uploads\/LogoHorizontal_1.jpg","width":300,"height":90,"caption":"Fiscal\u00eda General de la Naci\u00f3n"},"image":{"@id":"https:\/\/www.fiscalia.gov.co\/colombia\/#\/schema\/logo\/image\/"},"sameAs":["https:\/\/www.facebook.com\/FiscaliaCol","https:\/\/x.com\/FiscaliaCol","https:\/\/www.instagram.com\/fiscaliacol","https:\/\/www.linkedin.com\/company\/fiscalia-general-de-la-naci-n\/","https:\/\/youtube.com\/@fiscaliageneraldelanacion-4668?si=6nN79nyQICPU5iTh"]},{"@type":"Person","@id":"https:\/\/www.fiscalia.gov.co\/colombia\/#\/schema\/person\/bf84402cf293a5393e9c70b111020b24","name":"Jordan Leandro Oviedo Anzola","image":{"@type":"ImageObject","inLanguage":"es-CO","@id":"https:\/\/www.fiscalia.gov.co\/colombia\/#\/schema\/person\/image\/","url":"https:\/\/secure.gravatar.com\/avatar\/dabba4346fa9b9207d96adafa8f92721?s=96&d=mm&r=g","contentUrl":"https:\/\/secure.gravatar.com\/avatar\/dabba4346fa9b9207d96adafa8f92721?s=96&d=mm&r=g","caption":"Jordan Leandro Oviedo Anzola"},"url":"https:\/\/www.fiscalia.gov.co\/colombia\/author\/joviedo\/"}]}},"_links":{"self":[{"href":"https:\/\/www.fiscalia.gov.co\/colombia\/wp-json\/wp\/v2\/posts\/323008","targetHints":{"allow":["GET"]}}],"collection":[{"href":"https:\/\/www.fiscalia.gov.co\/colombia\/wp-json\/wp\/v2\/posts"}],"about":[{"href":"https:\/\/www.fiscalia.gov.co\/colombia\/wp-json\/wp\/v2\/types\/post"}],"author":[{"embeddable":true,"href":"https:\/\/www.fiscalia.gov.co\/colombia\/wp-json\/wp\/v2\/users\/177"}],"replies":[{"embeddable":true,"href":"https:\/\/www.fiscalia.gov.co\/colombia\/wp-json\/wp\/v2\/comments?post=323008"}],"version-history":[{"count":1,"href":"https:\/\/www.fiscalia.gov.co\/colombia\/wp-json\/wp\/v2\/posts\/323008\/revisions"}],"predecessor-version":[{"id":323010,"href":"https:\/\/www.fiscalia.gov.co\/colombia\/wp-json\/wp\/v2\/posts\/323008\/revisions\/323010"}],"wp:attachment":[{"href":"https:\/\/www.fiscalia.gov.co\/colombia\/wp-json\/wp\/v2\/media?parent=323008"}],"wp:term":[{"taxonomy":"category","embeddable":true,"href":"https:\/\/www.fiscalia.gov.co\/colombia\/wp-json\/wp\/v2\/categories?post=323008"},{"taxonomy":"post_tag","embeddable":true,"href":"https:\/\/www.fiscalia.gov.co\/colombia\/wp-json\/wp\/v2\/tags?post=323008"}],"curies":[{"name":"wp","href":"https:\/\/api.w.org\/{rel}","templated":true}]}}