{"id":322869,"date":"2025-09-01T15:40:17","date_gmt":"2025-09-01T20:40:17","guid":{"rendered":"https:\/\/www.fiscalia.gov.co\/colombia\/?p=322869"},"modified":"2025-09-01T15:40:17","modified_gmt":"2025-09-01T20:40:17","slug":"acusada-exconsejera-presidencial-para-las-regiones-sandra-ortiz-por-presuntamente-trasladar-dadivas-relacionadas-con-actos-de-corrupcion-en-la-ungrd","status":"publish","type":"post","link":"https:\/\/www.fiscalia.gov.co\/colombia\/noticias\/acusada-exconsejera-presidencial-para-las-regiones-sandra-ortiz-por-presuntamente-trasladar-dadivas-relacionadas-con-actos-de-corrupcion-en-la-ungrd\/","title":{"rendered":"Acusada exconsejera presidencial para las regiones, Sandra Ortiz, por presuntamente trasladar d\u00e1divas relacionadas con actos de corrupci\u00f3n en la UNGRD"},"content":{"rendered":"<h4 style=\"text-align: center;\"><strong><em>Es se\u00f1alada de mover en veh\u00edculos oficiales 3.000 millones de pesos, que habr\u00edan sido entregados al entonces presidente del Congreso de la Rep\u00fablica por el direccionamiento irregular de un contrato de carrotanques en la Unidad Nacional para la Gesti\u00f3n del Riesgo de Desastres (UNGRD).<\/em><\/strong><\/h4>\n<p>La Fiscal\u00eda General de la Naci\u00f3n acus\u00f3 formalmente a la exconsejera para las Regiones de la Presidencia de la Rep\u00fablica, Sandra Liliana Ortiz Nova, como presunta <strong>responsable de los delitos de lavado de activos y tr\u00e1fico de influencias de servidor p\u00fablico.<\/strong><\/p>\n<p>Ante una juez penal especializada de Bogot\u00e1, el equipo de fiscales delegados ante la Corte Suprema de Justicia a cargo de la macroinvestigaci\u00f3n por las irregularidades de contrataci\u00f3n en la Unidad Nacional para la Gesti\u00f3n del Riesgo de Desastres (UNGRD), explic\u00f3 que, el 12 de octubre de 2023, en un apartamento del centro de Bogot\u00e1, la exfuncionaria habr\u00eda recibido de los exdirectivos de la UNGRD, Olmedo de Jes\u00fas L\u00f3pez Mart\u00ednez y Sneyder Pinilla \u00c1lvarez, <strong>una maleta con 1.500 millones de pesos en efectivo<\/strong>, que posteriormente llev\u00f3 en un veh\u00edculo oficial al norte de la ciudad para entreg\u00e1rsela al expresidente del Congreso de la Rep\u00fablica, Iv\u00e1n Name V\u00e1squez.<\/p>\n<p>Al d\u00eda siguiente, en el mismo inmueble, Pinilla \u00c1lvarez presuntamente le volvi\u00f3 a entregar la maleta a <strong>la exfuncionaria con otros 1.500 millones de pesos<\/strong>, que tambi\u00e9n fueron movilizados hasta el punto indicado por el senador Name V\u00e1squez.<\/p>\n<p>Las pruebas indican que Ortiz Nova ten\u00eda pleno conocimiento de que el dinero que recibi\u00f3 proven\u00eda de recursos de la UNGRD, que iban a ser destinados para el pago de coimas por el direccionamiento de una orden de proveedur\u00eda que ten\u00eda por objeto <strong>la compra de 40 carrotanques para llevar agua potable a las comunidades de La Guajira.<\/strong><\/p>\n<p>La audiencia preparatoria de juicio comenzar\u00e1 el pr\u00f3ximo 19 noviembre.<\/p>\n<p>Esta informaci\u00f3n se publica por razones de inter\u00e9s general.<\/p>\n<p>&nbsp;<\/p>\n<p>&nbsp;<\/p>\n<p>&nbsp;<\/p>\n<p>&nbsp;<\/p>\n<p>&nbsp;<\/p>\n<p>LAGP\/JARG\/MCPG\/UFDCSJ.<\/p>\n<p>&nbsp;<\/p>\n<p>&nbsp;<\/p>\n<p>&nbsp;<\/p>\n<p>&nbsp;<\/p>\n<p>&nbsp;<\/p>\n<div class=\"td-post-content tagdiv-type\">\n<p><em>La informaci\u00f3n contenida en este bolet\u00edn de prensa corresponde a la narraci\u00f3n de los hechos noticiosos objetivos, suministrados por los funcionarios encargados de adelantar las investigaciones penales al interior de la Fiscal\u00eda General de la Naci\u00f3n. Para el momento de la divulgaci\u00f3n de este comunicado, la situaci\u00f3n jur\u00eddica de la(s) persona(s) relacionada(s) se encuentra pendiente de resolver por la autoridad judicial competente, siempre bajo los preceptos de la presunci\u00f3n de inocencia, consagrados en el art\u00edculo 29 de la Constituci\u00f3n Pol\u00edtica y el art\u00edculo 7\u00ba de la Ley 906 de 2004.<\/em><\/p>\n<\/div>\n<footer>\n<div class=\"td-post-source-tags\"><\/div>\n<div class=\"td-post-sharing-bottom\"><\/div>\n<\/footer>\n\n<div class=\"twitter-share\"><a href=\"https:\/\/twitter.com\/intent\/tweet?via=fiscaliacol\" class=\"twitter-share-button\">Tweet<\/a><\/div>\n","protected":false},"excerpt":{"rendered":"<p>Es se\u00f1alada de mover en veh\u00edculos oficiales 3.000 millones de pesos, que habr\u00edan sido entregados al entonces presidente del Congreso de la Rep\u00fablica por el direccionamiento irregular de un contrato [&hellip;]<\/p>\n","protected":false},"author":177,"featured_media":0,"comment_status":"closed","ping_status":"open","sticky":false,"template":"","format":"standard","meta":{"tdm_status":"","tdm_grid_status":"","footnotes":""},"categories":[1],"tags":[40257,427,37492,1047,12199,147,6672,38197],"class_list":["post-322869","post","type-post","status-publish","format-standard","category-noticias","tag-carrotanques","tag-corrupcion","tag-fiscal-luz-adriana-camargo","tag-fiscalia-general-de-la-nacion","tag-guajira","tag-lavado-de-activos","tag-trafico-de-influencias","tag-ungrd"],"yoast_head":"<!-- This site is optimized with the Yoast SEO plugin v24.3 - https:\/\/yoast.com\/wordpress\/plugins\/seo\/ -->\n<title>Fiscal\u00eda General de la Naci\u00f3n<\/title>\n<meta name=\"description\" content=\"P\u00e1gina oficial de la Fiscal\u00eda General de la Naci\u00f3n \u2013 Colombia. Garantizamos el acceso efectivo a la justicia, la verdad y la reparaci\u00f3n de las v\u00edctimas de los delitos.\" \/>\n<meta name=\"robots\" content=\"noindex, follow\" \/>\n<meta property=\"og:locale\" content=\"es_ES\" \/>\n<meta property=\"og:type\" content=\"article\" \/>\n<meta property=\"og:title\" content=\"Fiscal\u00eda General de la Naci\u00f3n\" \/>\n<meta property=\"og:description\" content=\"P\u00e1gina oficial de la Fiscal\u00eda General de la Naci\u00f3n \u2013 Colombia. Garantizamos el acceso efectivo a la justicia, la verdad y la reparaci\u00f3n de las v\u00edctimas de los delitos.\" \/>\n<meta property=\"og:url\" content=\"https:\/\/www.fiscalia.gov.co\/colombia\/noticias\/acusada-exconsejera-presidencial-para-las-regiones-sandra-ortiz-por-presuntamente-trasladar-dadivas-relacionadas-con-actos-de-corrupcion-en-la-ungrd\/\" \/>\n<meta property=\"og:site_name\" content=\"Fiscal\u00eda General de la Naci\u00f3n\" \/>\n<meta property=\"article:publisher\" content=\"https:\/\/www.facebook.com\/FiscaliaCol\" \/>\n<meta property=\"article:published_time\" content=\"2025-09-01T20:40:17+00:00\" \/>\n<meta name=\"author\" content=\"Jordan Leandro Oviedo Anzola\" \/>\n<meta name=\"twitter:card\" content=\"summary_large_image\" \/>\n<meta name=\"twitter:creator\" content=\"@FiscaliaCol\" \/>\n<meta name=\"twitter:site\" content=\"@FiscaliaCol\" \/>\n<meta name=\"twitter:label1\" content=\"Escrito por\" \/>\n\t<meta name=\"twitter:data1\" content=\"Jordan Leandro Oviedo Anzola\" \/>\n\t<meta name=\"twitter:label2\" content=\"Tiempo de lectura\" \/>\n\t<meta name=\"twitter:data2\" content=\"2 minutos\" \/>\n<script type=\"application\/ld+json\" class=\"yoast-schema-graph\">{\"@context\":\"https:\/\/schema.org\",\"@graph\":[{\"@type\":\"Article\",\"@id\":\"https:\/\/www.fiscalia.gov.co\/colombia\/noticias\/acusada-exconsejera-presidencial-para-las-regiones-sandra-ortiz-por-presuntamente-trasladar-dadivas-relacionadas-con-actos-de-corrupcion-en-la-ungrd\/#article\",\"isPartOf\":{\"@id\":\"https:\/\/www.fiscalia.gov.co\/colombia\/noticias\/acusada-exconsejera-presidencial-para-las-regiones-sandra-ortiz-por-presuntamente-trasladar-dadivas-relacionadas-con-actos-de-corrupcion-en-la-ungrd\/\"},\"author\":{\"name\":\"Jordan Leandro Oviedo Anzola\",\"@id\":\"https:\/\/www.fiscalia.gov.co\/colombia\/#\/schema\/person\/bf84402cf293a5393e9c70b111020b24\"},\"headline\":\"Acusada exconsejera presidencial para las regiones, Sandra Ortiz, por presuntamente trasladar d\u00e1divas relacionadas con actos de corrupci\u00f3n en la UNGRD\",\"datePublished\":\"2025-09-01T20:40:17+00:00\",\"dateModified\":\"2025-09-01T20:40:17+00:00\",\"mainEntityOfPage\":{\"@id\":\"https:\/\/www.fiscalia.gov.co\/colombia\/noticias\/acusada-exconsejera-presidencial-para-las-regiones-sandra-ortiz-por-presuntamente-trasladar-dadivas-relacionadas-con-actos-de-corrupcion-en-la-ungrd\/\"},\"wordCount\":470,\"publisher\":{\"@id\":\"https:\/\/www.fiscalia.gov.co\/colombia\/#organization\"},\"keywords\":[\"carrotanques\",\"Corrupci\u00f3n\",\"Fiscal Luz Adriana Camargo\",\"Fiscal\u00eda General de la Naci\u00f3n\",\"Guajira\",\"Lavado de activos\",\"Tr\u00e1fico de influencias\",\"UNGRD\"],\"articleSection\":[\"Noticias\"],\"inLanguage\":\"es-CO\"},{\"@type\":\"WebPage\",\"@id\":\"https:\/\/www.fiscalia.gov.co\/colombia\/noticias\/acusada-exconsejera-presidencial-para-las-regiones-sandra-ortiz-por-presuntamente-trasladar-dadivas-relacionadas-con-actos-de-corrupcion-en-la-ungrd\/\",\"url\":\"https:\/\/www.fiscalia.gov.co\/colombia\/noticias\/acusada-exconsejera-presidencial-para-las-regiones-sandra-ortiz-por-presuntamente-trasladar-dadivas-relacionadas-con-actos-de-corrupcion-en-la-ungrd\/\",\"name\":\"Fiscal\u00eda General de la Naci\u00f3n\",\"isPartOf\":{\"@id\":\"https:\/\/www.fiscalia.gov.co\/colombia\/#website\"},\"datePublished\":\"2025-09-01T20:40:17+00:00\",\"dateModified\":\"2025-09-01T20:40:17+00:00\",\"description\":\"P\u00e1gina oficial de la Fiscal\u00eda General de la Naci\u00f3n \u2013 Colombia. Garantizamos el acceso efectivo a la justicia, la verdad y la reparaci\u00f3n de las v\u00edctimas de los delitos.\",\"breadcrumb\":{\"@id\":\"https:\/\/www.fiscalia.gov.co\/colombia\/noticias\/acusada-exconsejera-presidencial-para-las-regiones-sandra-ortiz-por-presuntamente-trasladar-dadivas-relacionadas-con-actos-de-corrupcion-en-la-ungrd\/#breadcrumb\"},\"inLanguage\":\"es-CO\",\"potentialAction\":[{\"@type\":\"ReadAction\",\"target\":[\"https:\/\/www.fiscalia.gov.co\/colombia\/noticias\/acusada-exconsejera-presidencial-para-las-regiones-sandra-ortiz-por-presuntamente-trasladar-dadivas-relacionadas-con-actos-de-corrupcion-en-la-ungrd\/\"]}]},{\"@type\":\"BreadcrumbList\",\"@id\":\"https:\/\/www.fiscalia.gov.co\/colombia\/noticias\/acusada-exconsejera-presidencial-para-las-regiones-sandra-ortiz-por-presuntamente-trasladar-dadivas-relacionadas-con-actos-de-corrupcion-en-la-ungrd\/#breadcrumb\",\"itemListElement\":[{\"@type\":\"ListItem\",\"position\":1,\"name\":\"Home\",\"item\":\"https:\/\/www.fiscalia.gov.co\/colombia\/\"},{\"@type\":\"ListItem\",\"position\":2,\"name\":\"Acusada exconsejera presidencial para las regiones, Sandra Ortiz, por presuntamente trasladar d\u00e1divas relacionadas con actos de corrupci\u00f3n en la UNGRD\"}]},{\"@type\":\"WebSite\",\"@id\":\"https:\/\/www.fiscalia.gov.co\/colombia\/#website\",\"url\":\"https:\/\/www.fiscalia.gov.co\/colombia\/\",\"name\":\"Fiscal\u00eda General de la Naci\u00f3n\",\"description\":\"P\u00e1gina oficial de la Fiscal\u00eda General de la Naci\u00f3n \u2013 Colombia. Garantizamos el acceso efectivo a la justicia, la verdad y la reparaci\u00f3n de las v\u00edctimas de los delitos.\",\"publisher\":{\"@id\":\"https:\/\/www.fiscalia.gov.co\/colombia\/#organization\"},\"potentialAction\":[{\"@type\":\"SearchAction\",\"target\":{\"@type\":\"EntryPoint\",\"urlTemplate\":\"https:\/\/www.fiscalia.gov.co\/colombia\/?s={search_term_string}\"},\"query-input\":{\"@type\":\"PropertyValueSpecification\",\"valueRequired\":true,\"valueName\":\"search_term_string\"}}],\"inLanguage\":\"es-CO\"},{\"@type\":\"Organization\",\"@id\":\"https:\/\/www.fiscalia.gov.co\/colombia\/#organization\",\"name\":\"Fiscal\u00eda General de la Naci\u00f3n\",\"url\":\"https:\/\/www.fiscalia.gov.co\/colombia\/\",\"logo\":{\"@type\":\"ImageObject\",\"inLanguage\":\"es-CO\",\"@id\":\"https:\/\/www.fiscalia.gov.co\/colombia\/#\/schema\/logo\/image\/\",\"url\":\"https:\/\/www.fiscalia.gov.co\/colombia\/wp-content\/uploads\/LogoHorizontal_1.jpg\",\"contentUrl\":\"https:\/\/www.fiscalia.gov.co\/colombia\/wp-content\/uploads\/LogoHorizontal_1.jpg\",\"width\":300,\"height\":90,\"caption\":\"Fiscal\u00eda General de la Naci\u00f3n\"},\"image\":{\"@id\":\"https:\/\/www.fiscalia.gov.co\/colombia\/#\/schema\/logo\/image\/\"},\"sameAs\":[\"https:\/\/www.facebook.com\/FiscaliaCol\",\"https:\/\/x.com\/FiscaliaCol\",\"https:\/\/www.instagram.com\/fiscaliacol\",\"https:\/\/www.linkedin.com\/company\/fiscalia-general-de-la-naci-n\/\",\"https:\/\/youtube.com\/@fiscaliageneraldelanacion-4668?si=6nN79nyQICPU5iTh\"]},{\"@type\":\"Person\",\"@id\":\"https:\/\/www.fiscalia.gov.co\/colombia\/#\/schema\/person\/bf84402cf293a5393e9c70b111020b24\",\"name\":\"Jordan Leandro Oviedo Anzola\",\"image\":{\"@type\":\"ImageObject\",\"inLanguage\":\"es-CO\",\"@id\":\"https:\/\/www.fiscalia.gov.co\/colombia\/#\/schema\/person\/image\/\",\"url\":\"https:\/\/secure.gravatar.com\/avatar\/dabba4346fa9b9207d96adafa8f92721?s=96&d=mm&r=g\",\"contentUrl\":\"https:\/\/secure.gravatar.com\/avatar\/dabba4346fa9b9207d96adafa8f92721?s=96&d=mm&r=g\",\"caption\":\"Jordan Leandro Oviedo Anzola\"},\"url\":\"https:\/\/www.fiscalia.gov.co\/colombia\/author\/joviedo\/\"}]}<\/script>\n<!-- \/ Yoast SEO plugin. -->","yoast_head_json":{"title":"Fiscal\u00eda General de la Naci\u00f3n","description":"P\u00e1gina oficial de la Fiscal\u00eda General de la Naci\u00f3n \u2013 Colombia. Garantizamos el acceso efectivo a la justicia, la verdad y la reparaci\u00f3n de las v\u00edctimas de los delitos.","robots":{"index":"noindex","follow":"follow"},"og_locale":"es_ES","og_type":"article","og_title":"Fiscal\u00eda General de la Naci\u00f3n","og_description":"P\u00e1gina oficial de la Fiscal\u00eda General de la Naci\u00f3n \u2013 Colombia. Garantizamos el acceso efectivo a la justicia, la verdad y la reparaci\u00f3n de las v\u00edctimas de los delitos.","og_url":"https:\/\/www.fiscalia.gov.co\/colombia\/noticias\/acusada-exconsejera-presidencial-para-las-regiones-sandra-ortiz-por-presuntamente-trasladar-dadivas-relacionadas-con-actos-de-corrupcion-en-la-ungrd\/","og_site_name":"Fiscal\u00eda General de la Naci\u00f3n","article_publisher":"https:\/\/www.facebook.com\/FiscaliaCol","article_published_time":"2025-09-01T20:40:17+00:00","author":"Jordan Leandro Oviedo Anzola","twitter_card":"summary_large_image","twitter_creator":"@FiscaliaCol","twitter_site":"@FiscaliaCol","twitter_misc":{"Escrito por":"Jordan Leandro Oviedo Anzola","Tiempo de lectura":"2 minutos"},"schema":{"@context":"https:\/\/schema.org","@graph":[{"@type":"Article","@id":"https:\/\/www.fiscalia.gov.co\/colombia\/noticias\/acusada-exconsejera-presidencial-para-las-regiones-sandra-ortiz-por-presuntamente-trasladar-dadivas-relacionadas-con-actos-de-corrupcion-en-la-ungrd\/#article","isPartOf":{"@id":"https:\/\/www.fiscalia.gov.co\/colombia\/noticias\/acusada-exconsejera-presidencial-para-las-regiones-sandra-ortiz-por-presuntamente-trasladar-dadivas-relacionadas-con-actos-de-corrupcion-en-la-ungrd\/"},"author":{"name":"Jordan Leandro Oviedo Anzola","@id":"https:\/\/www.fiscalia.gov.co\/colombia\/#\/schema\/person\/bf84402cf293a5393e9c70b111020b24"},"headline":"Acusada exconsejera presidencial para las regiones, Sandra Ortiz, por presuntamente trasladar d\u00e1divas relacionadas con actos de corrupci\u00f3n en la UNGRD","datePublished":"2025-09-01T20:40:17+00:00","dateModified":"2025-09-01T20:40:17+00:00","mainEntityOfPage":{"@id":"https:\/\/www.fiscalia.gov.co\/colombia\/noticias\/acusada-exconsejera-presidencial-para-las-regiones-sandra-ortiz-por-presuntamente-trasladar-dadivas-relacionadas-con-actos-de-corrupcion-en-la-ungrd\/"},"wordCount":470,"publisher":{"@id":"https:\/\/www.fiscalia.gov.co\/colombia\/#organization"},"keywords":["carrotanques","Corrupci\u00f3n","Fiscal Luz Adriana Camargo","Fiscal\u00eda General de la Naci\u00f3n","Guajira","Lavado de activos","Tr\u00e1fico de influencias","UNGRD"],"articleSection":["Noticias"],"inLanguage":"es-CO"},{"@type":"WebPage","@id":"https:\/\/www.fiscalia.gov.co\/colombia\/noticias\/acusada-exconsejera-presidencial-para-las-regiones-sandra-ortiz-por-presuntamente-trasladar-dadivas-relacionadas-con-actos-de-corrupcion-en-la-ungrd\/","url":"https:\/\/www.fiscalia.gov.co\/colombia\/noticias\/acusada-exconsejera-presidencial-para-las-regiones-sandra-ortiz-por-presuntamente-trasladar-dadivas-relacionadas-con-actos-de-corrupcion-en-la-ungrd\/","name":"Fiscal\u00eda General de la Naci\u00f3n","isPartOf":{"@id":"https:\/\/www.fiscalia.gov.co\/colombia\/#website"},"datePublished":"2025-09-01T20:40:17+00:00","dateModified":"2025-09-01T20:40:17+00:00","description":"P\u00e1gina oficial de la Fiscal\u00eda General de la Naci\u00f3n \u2013 Colombia. Garantizamos el acceso efectivo a la justicia, la verdad y la reparaci\u00f3n de las v\u00edctimas de los delitos.","breadcrumb":{"@id":"https:\/\/www.fiscalia.gov.co\/colombia\/noticias\/acusada-exconsejera-presidencial-para-las-regiones-sandra-ortiz-por-presuntamente-trasladar-dadivas-relacionadas-con-actos-de-corrupcion-en-la-ungrd\/#breadcrumb"},"inLanguage":"es-CO","potentialAction":[{"@type":"ReadAction","target":["https:\/\/www.fiscalia.gov.co\/colombia\/noticias\/acusada-exconsejera-presidencial-para-las-regiones-sandra-ortiz-por-presuntamente-trasladar-dadivas-relacionadas-con-actos-de-corrupcion-en-la-ungrd\/"]}]},{"@type":"BreadcrumbList","@id":"https:\/\/www.fiscalia.gov.co\/colombia\/noticias\/acusada-exconsejera-presidencial-para-las-regiones-sandra-ortiz-por-presuntamente-trasladar-dadivas-relacionadas-con-actos-de-corrupcion-en-la-ungrd\/#breadcrumb","itemListElement":[{"@type":"ListItem","position":1,"name":"Home","item":"https:\/\/www.fiscalia.gov.co\/colombia\/"},{"@type":"ListItem","position":2,"name":"Acusada exconsejera presidencial para las regiones, Sandra Ortiz, por presuntamente trasladar d\u00e1divas relacionadas con actos de corrupci\u00f3n en la UNGRD"}]},{"@type":"WebSite","@id":"https:\/\/www.fiscalia.gov.co\/colombia\/#website","url":"https:\/\/www.fiscalia.gov.co\/colombia\/","name":"Fiscal\u00eda General de la Naci\u00f3n","description":"P\u00e1gina oficial de la Fiscal\u00eda General de la Naci\u00f3n \u2013 Colombia. Garantizamos el acceso efectivo a la justicia, la verdad y la reparaci\u00f3n de las v\u00edctimas de los delitos.","publisher":{"@id":"https:\/\/www.fiscalia.gov.co\/colombia\/#organization"},"potentialAction":[{"@type":"SearchAction","target":{"@type":"EntryPoint","urlTemplate":"https:\/\/www.fiscalia.gov.co\/colombia\/?s={search_term_string}"},"query-input":{"@type":"PropertyValueSpecification","valueRequired":true,"valueName":"search_term_string"}}],"inLanguage":"es-CO"},{"@type":"Organization","@id":"https:\/\/www.fiscalia.gov.co\/colombia\/#organization","name":"Fiscal\u00eda General de la Naci\u00f3n","url":"https:\/\/www.fiscalia.gov.co\/colombia\/","logo":{"@type":"ImageObject","inLanguage":"es-CO","@id":"https:\/\/www.fiscalia.gov.co\/colombia\/#\/schema\/logo\/image\/","url":"https:\/\/www.fiscalia.gov.co\/colombia\/wp-content\/uploads\/LogoHorizontal_1.jpg","contentUrl":"https:\/\/www.fiscalia.gov.co\/colombia\/wp-content\/uploads\/LogoHorizontal_1.jpg","width":300,"height":90,"caption":"Fiscal\u00eda General de la Naci\u00f3n"},"image":{"@id":"https:\/\/www.fiscalia.gov.co\/colombia\/#\/schema\/logo\/image\/"},"sameAs":["https:\/\/www.facebook.com\/FiscaliaCol","https:\/\/x.com\/FiscaliaCol","https:\/\/www.instagram.com\/fiscaliacol","https:\/\/www.linkedin.com\/company\/fiscalia-general-de-la-naci-n\/","https:\/\/youtube.com\/@fiscaliageneraldelanacion-4668?si=6nN79nyQICPU5iTh"]},{"@type":"Person","@id":"https:\/\/www.fiscalia.gov.co\/colombia\/#\/schema\/person\/bf84402cf293a5393e9c70b111020b24","name":"Jordan Leandro Oviedo Anzola","image":{"@type":"ImageObject","inLanguage":"es-CO","@id":"https:\/\/www.fiscalia.gov.co\/colombia\/#\/schema\/person\/image\/","url":"https:\/\/secure.gravatar.com\/avatar\/dabba4346fa9b9207d96adafa8f92721?s=96&d=mm&r=g","contentUrl":"https:\/\/secure.gravatar.com\/avatar\/dabba4346fa9b9207d96adafa8f92721?s=96&d=mm&r=g","caption":"Jordan Leandro Oviedo Anzola"},"url":"https:\/\/www.fiscalia.gov.co\/colombia\/author\/joviedo\/"}]}},"_links":{"self":[{"href":"https:\/\/www.fiscalia.gov.co\/colombia\/wp-json\/wp\/v2\/posts\/322869","targetHints":{"allow":["GET"]}}],"collection":[{"href":"https:\/\/www.fiscalia.gov.co\/colombia\/wp-json\/wp\/v2\/posts"}],"about":[{"href":"https:\/\/www.fiscalia.gov.co\/colombia\/wp-json\/wp\/v2\/types\/post"}],"author":[{"embeddable":true,"href":"https:\/\/www.fiscalia.gov.co\/colombia\/wp-json\/wp\/v2\/users\/177"}],"replies":[{"embeddable":true,"href":"https:\/\/www.fiscalia.gov.co\/colombia\/wp-json\/wp\/v2\/comments?post=322869"}],"version-history":[{"count":1,"href":"https:\/\/www.fiscalia.gov.co\/colombia\/wp-json\/wp\/v2\/posts\/322869\/revisions"}],"predecessor-version":[{"id":322885,"href":"https:\/\/www.fiscalia.gov.co\/colombia\/wp-json\/wp\/v2\/posts\/322869\/revisions\/322885"}],"wp:attachment":[{"href":"https:\/\/www.fiscalia.gov.co\/colombia\/wp-json\/wp\/v2\/media?parent=322869"}],"wp:term":[{"taxonomy":"category","embeddable":true,"href":"https:\/\/www.fiscalia.gov.co\/colombia\/wp-json\/wp\/v2\/categories?post=322869"},{"taxonomy":"post_tag","embeddable":true,"href":"https:\/\/www.fiscalia.gov.co\/colombia\/wp-json\/wp\/v2\/tags?post=322869"}],"curies":[{"name":"wp","href":"https:\/\/api.w.org\/{rel}","templated":true}]}}