{"id":322847,"date":"2025-09-01T14:08:48","date_gmt":"2025-09-01T19:08:48","guid":{"rendered":"https:\/\/www.fiscalia.gov.co\/colombia\/?p=322847"},"modified":"2025-09-01T14:17:40","modified_gmt":"2025-09-01T19:17:40","slug":"afectados-los-xtz-presuntos-responsables-del-hurto-de-motos-de-alto-cilindraje-en-caqueta","status":"publish","type":"post","link":"https:\/\/www.fiscalia.gov.co\/colombia\/noticias\/afectados-los-xtz-presuntos-responsables-del-hurto-de-motos-de-alto-cilindraje-en-caqueta\/","title":{"rendered":"Afectados los \u2018XTZ\u2019, presuntos responsables del hurto de motos de alto cilindraje en Caquet\u00e1"},"content":{"rendered":"<div>La Fiscal\u00eda judicializ\u00f3 a cinco presuntos integrantes del grupo delincuencial denominado los XTZ, quienes, al parecer, hurtaban motocicletas de alto cilindraje en Florencia, Albania, San Jos\u00e9 del Fragua, Bel\u00e9n de Los Andaqu\u00edes, Modelia y La Monta\u00f1ita (Caquet\u00e1).<\/div>\n<div><\/div>\n<div>\n<figure id=\"attachment_322850\" aria-describedby=\"caption-attachment-322850\" style=\"width: 300px\" class=\"wp-caption alignnone\"><img loading=\"lazy\" decoding=\"async\" class=\"size-medium wp-image-322850\" src=\"https:\/\/www.fiscalia.gov.co\/colombia\/wp-content\/uploads\/los-xtz-hurto-motos-300x208.jpeg\" alt=\" en la imagen se ven varias personas detenidas bajo custodia del CTI y la Polic\u00eda NAcional\" width=\"300\" height=\"208\" srcset=\"https:\/\/www.fiscalia.gov.co\/colombia\/wp-content\/uploads\/los-xtz-hurto-motos-300x208.jpeg 300w, https:\/\/www.fiscalia.gov.co\/colombia\/wp-content\/uploads\/los-xtz-hurto-motos-1024x710.jpeg 1024w, https:\/\/www.fiscalia.gov.co\/colombia\/wp-content\/uploads\/los-xtz-hurto-motos-768x533.jpeg 768w, https:\/\/www.fiscalia.gov.co\/colombia\/wp-content\/uploads\/los-xtz-hurto-motos-1536x1066.jpeg 1536w, https:\/\/www.fiscalia.gov.co\/colombia\/wp-content\/uploads\/los-xtz-hurto-motos-605x420.jpeg 605w, https:\/\/www.fiscalia.gov.co\/colombia\/wp-content\/uploads\/los-xtz-hurto-motos-218x150.jpeg 218w, https:\/\/www.fiscalia.gov.co\/colombia\/wp-content\/uploads\/los-xtz-hurto-motos-696x483.jpeg 696w, https:\/\/www.fiscalia.gov.co\/colombia\/wp-content\/uploads\/los-xtz-hurto-motos-1068x741.jpeg 1068w, https:\/\/www.fiscalia.gov.co\/colombia\/wp-content\/uploads\/los-xtz-hurto-motos-100x70.jpeg 100w, https:\/\/www.fiscalia.gov.co\/colombia\/wp-content\/uploads\/los-xtz-hurto-motos.jpeg 1600w\" sizes=\"auto, (max-width: 300px) 100vw, 300px\" \/><figcaption id=\"caption-attachment-322850\" class=\"wp-caption-text\">Los procesados fueron detenidos en cumplimiento a \u00f3rdenes judiciales que pesaban en su contraen Florencia y La Monta\u00f1ita (Caquet\u00e1), y Garz\u00f3n (Huila) por investigadores del CTI y la Polic\u00eda Nacional.<\/figcaption><\/figure>\n<\/div>\n<div><\/div>\n<p><strong>Un fiscal de la Seccional Caquet\u00e1 les imput\u00f3 los delitos de concierto para delinquir, hurto calificado y agravado y uso de menores<\/strong> para la comisi\u00f3n de delitos. Ninguno de los procesados acept\u00f3 los cargos.<\/p>\n<p>De acuerdo con la investigaci\u00f3n, los hechos ocurrieron entre noviembre de 2024 y junio de 2025, cuando se evidenci\u00f3 la existencia de un grupo, conformado por lo menos por 9 personas, que se desempe\u00f1aban con roles definidos y ten\u00edan vocaci\u00f3n de permanencia en el tiempo. Al parecer, se concertaron para cometer <a href=\"https:\/\/www.fiscalia.gov.co\/colombia\/noticias\/desarticulado-grupo-delincuencial-dedicado-al-hurto-de-motos-y-la-extorsion\/\" target=\"_blank\" rel=\"noopener\">hurtos de motocicletas<\/a> de alto cilindraje; las cuales, despu\u00e9s ser\u00edan comercializadas en Cartagena del Chair\u00e1 y la vereda La Uni\u00f3n Peneya de La Monta\u00f1ita (Caquet\u00e1).<\/p>\n<p>Los procesados est\u00e1n vinculados en 11 eventos delictivos, en los cuales la mayor\u00eda de v\u00edctimas fueron mujeres, algunas menores de edad, a quienes las despojaron de sus veh\u00edculos bajo la modalidad de halado. En uno de los casos, el hurto fue de manera violenta.<\/p>\n<p>Se trata de Mauricio Quintero L\u00f3pez, quien era el cabecilla del grupo; Andr\u00e9s Sierra Ram\u00edrez; Andr\u00e9s Felipe Ramos G\u00f3mez, y Jos\u00e9 Ricardo Oviedo Godoy, quienes ser\u00edan los ejecutores de los hurtos violentando los sistemas de seguridad e intimidando a la gente para despojarlos de sus bienes. A estos hombres les fue impuesta medida de aseguramiento en centro carcelario.<\/p>\n<p>Por su parte, a Yina Marcela Cabrera Osorio, <strong>le fue impuesta medida de aseguramiento de detenci\u00f3n domiciliaria, ella, al parecer, se desempe\u00f1aba como campanera, adem\u00e1s de guardar las motos en su residencia.<\/strong><\/p>\n<p>Servidores de Cuerpo T\u00e9cnico de Investigaci\u00f3n (CTI), con apoyo de la Polic\u00eda Nacional, realizaron las capturas durante el desarrollo de cinco diligencias de allanamiento y registro, realizadas en Florencia, La Monta\u00f1ita (Caquet\u00e1), y Garz\u00f3n (Huila).<\/p>\n<p aria-hidden=\"true\">\n<p>PAAM\/LMFO\/LABB\/DSC<\/p>\n<p>&nbsp;<\/p>\n<p>&nbsp;<\/p>\n<p>&nbsp;<\/p>\n<p>&nbsp;<\/p>\n<p>&nbsp;<\/p>\n<p><em>La informaci\u00f3n contenida en este bolet\u00edn de prensa corresponde a la narraci\u00f3n de los hechos noticiosos objetivos, suministrados por los funcionarios encargados de adelantar las investigaciones penales al interior de la Fiscal\u00eda General de la Naci\u00f3n. Para el momento de la divulgaci\u00f3n de este comunicado, la situaci\u00f3n jur\u00eddica de la(s) persona(s) relacionada(s) se encuentra pendiente de resolver por la autoridad judicial competente, siempre bajo los preceptos de la presunci\u00f3n de inocencia, consagrados en el art\u00edculo 29 de la Constituci\u00f3n Pol\u00edtica y el art\u00edculo 7\u00ba de la Ley 906 de 2004.<\/em><\/p>\n<p>&nbsp;<\/p>\n<div><\/div>\n<div><\/div>\n<div><\/div>\n<div><\/div>\n<div><\/div>\n\n<div class=\"twitter-share\"><a href=\"https:\/\/twitter.com\/intent\/tweet?via=fiscaliacol\" class=\"twitter-share-button\">Tweet<\/a><\/div>\n","protected":false},"excerpt":{"rendered":"<p>La Fiscal\u00eda judicializ\u00f3 a cinco presuntos integrantes del grupo delincuencial denominado los XTZ, quienes, al parecer, hurtaban motocicletas de alto cilindraje en Florencia, Albania, San Jos\u00e9 del Fragua, Bel\u00e9n de Los Andaqu\u00edes, Modelia y La Monta\u00f1ita (Caquet\u00e1). Un fiscal de la Seccional Caquet\u00e1 les imput\u00f3 los delitos de concierto para delinquir, hurto calificado y agravado [&hellip;]<\/p>\n","protected":false},"author":181,"featured_media":0,"comment_status":"closed","ping_status":"open","sticky":false,"template":"","format":"standard","meta":{"_price":"","_stock":"","_tribe_ticket_header":"","_tribe_default_ticket_provider":"","_tribe_ticket_capacity":"0","_ticket_start_date":"","_ticket_end_date":"","_tribe_ticket_show_description":"","_tribe_ticket_show_not_going":false,"_tribe_ticket_use_global_stock":"","_tribe_ticket_global_stock_level":"","_global_stock_mode":"","_global_stock_cap":"","_tribe_rsvp_for_event":"","_tribe_ticket_going_count":"","_tribe_ticket_not_going_count":"","_tribe_tickets_list":"[]","_tribe_ticket_has_attendee_info_fields":false,"tdm_status":"","tdm_grid_status":"","footnotes":""},"categories":[1,24099],"tags":[28021,42539,83,1047,23822,23960,7451,25288,42538,42537,24694,24379],"class_list":{"0":"post-322847","1":"post","2":"type-post","3":"status-publish","4":"format-standard","6":"category-noticias","7":"category-seguridad-territorial","8":"tag-albania","9":"tag-belen-de-los-andaquies-y-la-montanita","10":"tag-concierto-para-delinquir","11":"tag-fiscalia-general-de-la-nacion","12":"tag-florencia","13":"tag-hurto","14":"tag-hurto-calificado-y-agravado","15":"tag-la-montanita","16":"tag-la-union-peneya","17":"tag-motos-de-alto-cilindraje","18":"tag-san-jose-del-fragua","19":"tag-seccional-caqueta"},"yoast_head":"<!-- This site is optimized with the Yoast SEO plugin v24.3 - https:\/\/yoast.com\/wordpress\/plugins\/seo\/ -->\n<title>Fiscal\u00eda General de la Naci\u00f3n<\/title>\n<meta name=\"description\" content=\"P\u00e1gina oficial de la Fiscal\u00eda General de la Naci\u00f3n \u2013 Colombia. Garantizamos el acceso efectivo a la justicia, la verdad y la reparaci\u00f3n de las v\u00edctimas de los delitos.\" \/>\n<meta name=\"robots\" content=\"noindex, follow\" \/>\n<meta property=\"og:locale\" content=\"es_ES\" \/>\n<meta property=\"og:type\" content=\"article\" \/>\n<meta property=\"og:title\" content=\"Fiscal\u00eda General de la Naci\u00f3n\" \/>\n<meta property=\"og:description\" content=\"P\u00e1gina oficial de la Fiscal\u00eda General de la Naci\u00f3n \u2013 Colombia. Garantizamos el acceso efectivo a la justicia, la verdad y la reparaci\u00f3n de las v\u00edctimas de los delitos.\" \/>\n<meta property=\"og:url\" content=\"https:\/\/www.fiscalia.gov.co\/colombia\/noticias\/afectados-los-xtz-presuntos-responsables-del-hurto-de-motos-de-alto-cilindraje-en-caqueta\/\" \/>\n<meta property=\"og:site_name\" content=\"Fiscal\u00eda General de la Naci\u00f3n\" \/>\n<meta property=\"article:publisher\" content=\"https:\/\/www.facebook.com\/FiscaliaCol\" \/>\n<meta property=\"article:published_time\" content=\"2025-09-01T19:08:48+00:00\" \/>\n<meta property=\"article:modified_time\" content=\"2025-09-01T19:17:40+00:00\" \/>\n<meta property=\"og:image\" content=\"https:\/\/www.fiscalia.gov.co\/colombia\/wp-content\/uploads\/los-xtz-hurto-motos.jpeg\" \/>\n\t<meta property=\"og:image:width\" content=\"1600\" \/>\n\t<meta property=\"og:image:height\" content=\"1110\" \/>\n\t<meta property=\"og:image:type\" content=\"image\/jpeg\" \/>\n<meta name=\"author\" content=\"Johanna Islenny Prieto Pe\u00f1a\" \/>\n<meta name=\"twitter:card\" content=\"summary_large_image\" \/>\n<meta name=\"twitter:creator\" content=\"@FiscaliaCol\" \/>\n<meta name=\"twitter:site\" content=\"@FiscaliaCol\" \/>\n<meta name=\"twitter:label1\" content=\"Escrito por\" \/>\n\t<meta name=\"twitter:data1\" content=\"Johanna Islenny Prieto Pe\u00f1a\" \/>\n\t<meta name=\"twitter:label2\" content=\"Tiempo de lectura\" \/>\n\t<meta name=\"twitter:data2\" content=\"3 minutos\" \/>\n<script type=\"application\/ld+json\" class=\"yoast-schema-graph\">{\"@context\":\"https:\/\/schema.org\",\"@graph\":[{\"@type\":\"Article\",\"@id\":\"https:\/\/www.fiscalia.gov.co\/colombia\/noticias\/afectados-los-xtz-presuntos-responsables-del-hurto-de-motos-de-alto-cilindraje-en-caqueta\/#article\",\"isPartOf\":{\"@id\":\"https:\/\/www.fiscalia.gov.co\/colombia\/noticias\/afectados-los-xtz-presuntos-responsables-del-hurto-de-motos-de-alto-cilindraje-en-caqueta\/\"},\"author\":{\"name\":\"Johanna Islenny Prieto Pe\u00f1a\",\"@id\":\"https:\/\/www.fiscalia.gov.co\/colombia\/#\/schema\/person\/ba9eca435947489fb25117a0cd75bf3e\"},\"headline\":\"Afectados los \u2018XTZ\u2019, presuntos responsables del hurto de motos de alto cilindraje en Caquet\u00e1\",\"datePublished\":\"2025-09-01T19:08:48+00:00\",\"dateModified\":\"2025-09-01T19:17:40+00:00\",\"mainEntityOfPage\":{\"@id\":\"https:\/\/www.fiscalia.gov.co\/colombia\/noticias\/afectados-los-xtz-presuntos-responsables-del-hurto-de-motos-de-alto-cilindraje-en-caqueta\/\"},\"wordCount\":509,\"publisher\":{\"@id\":\"https:\/\/www.fiscalia.gov.co\/colombia\/#organization\"},\"image\":{\"@id\":\"https:\/\/www.fiscalia.gov.co\/colombia\/noticias\/afectados-los-xtz-presuntos-responsables-del-hurto-de-motos-de-alto-cilindraje-en-caqueta\/#primaryimage\"},\"thumbnailUrl\":\"https:\/\/www.fiscalia.gov.co\/colombia\/wp-content\/uploads\/los-xtz-hurto-motos-300x208.jpeg\",\"keywords\":[\"Albania\",\"Bel\u00e9n de Los Andaqu\u00edes y La Monta\u00f1ita\",\"Concierto para delinquir\",\"Fiscal\u00eda General de la Naci\u00f3n\",\"Florencia\",\"Hurto\",\"hurto calificado y agravado\",\"La Monta\u00f1ita\",\"La uni\u00f3n Peneya\",\"motos de alto cilindraje\",\"San Jos\u00e9 del Fragua\",\"Seccional Caquet\u00e1.\"],\"articleSection\":[\"Noticias\",\"Seguridad territorial\"],\"inLanguage\":\"es-CO\"},{\"@type\":\"WebPage\",\"@id\":\"https:\/\/www.fiscalia.gov.co\/colombia\/noticias\/afectados-los-xtz-presuntos-responsables-del-hurto-de-motos-de-alto-cilindraje-en-caqueta\/\",\"url\":\"https:\/\/www.fiscalia.gov.co\/colombia\/noticias\/afectados-los-xtz-presuntos-responsables-del-hurto-de-motos-de-alto-cilindraje-en-caqueta\/\",\"name\":\"Fiscal\u00eda General de la Naci\u00f3n\",\"isPartOf\":{\"@id\":\"https:\/\/www.fiscalia.gov.co\/colombia\/#website\"},\"primaryImageOfPage\":{\"@id\":\"https:\/\/www.fiscalia.gov.co\/colombia\/noticias\/afectados-los-xtz-presuntos-responsables-del-hurto-de-motos-de-alto-cilindraje-en-caqueta\/#primaryimage\"},\"image\":{\"@id\":\"https:\/\/www.fiscalia.gov.co\/colombia\/noticias\/afectados-los-xtz-presuntos-responsables-del-hurto-de-motos-de-alto-cilindraje-en-caqueta\/#primaryimage\"},\"thumbnailUrl\":\"https:\/\/www.fiscalia.gov.co\/colombia\/wp-content\/uploads\/los-xtz-hurto-motos-300x208.jpeg\",\"datePublished\":\"2025-09-01T19:08:48+00:00\",\"dateModified\":\"2025-09-01T19:17:40+00:00\",\"description\":\"P\u00e1gina oficial de la Fiscal\u00eda General de la Naci\u00f3n \u2013 Colombia. Garantizamos el acceso efectivo a la justicia, la verdad y la reparaci\u00f3n de las v\u00edctimas de los delitos.\",\"breadcrumb\":{\"@id\":\"https:\/\/www.fiscalia.gov.co\/colombia\/noticias\/afectados-los-xtz-presuntos-responsables-del-hurto-de-motos-de-alto-cilindraje-en-caqueta\/#breadcrumb\"},\"inLanguage\":\"es-CO\",\"potentialAction\":[{\"@type\":\"ReadAction\",\"target\":[\"https:\/\/www.fiscalia.gov.co\/colombia\/noticias\/afectados-los-xtz-presuntos-responsables-del-hurto-de-motos-de-alto-cilindraje-en-caqueta\/\"]}]},{\"@type\":\"ImageObject\",\"inLanguage\":\"es-CO\",\"@id\":\"https:\/\/www.fiscalia.gov.co\/colombia\/noticias\/afectados-los-xtz-presuntos-responsables-del-hurto-de-motos-de-alto-cilindraje-en-caqueta\/#primaryimage\",\"url\":\"https:\/\/www.fiscalia.gov.co\/colombia\/wp-content\/uploads\/los-xtz-hurto-motos.jpeg\",\"contentUrl\":\"https:\/\/www.fiscalia.gov.co\/colombia\/wp-content\/uploads\/los-xtz-hurto-motos.jpeg\",\"width\":1600,\"height\":1110,\"caption\":\"\u00a0Los procesados fueron detenidos en cumplimiento a \u00f3rdenes judiciales que pesaban en su contraen Florencia y La Monta\u00f1ita (Caquet\u00e1), y Garz\u00f3n (Huila) por investigadores del CTI y la Polic\u00eda Nacional.\"},{\"@type\":\"BreadcrumbList\",\"@id\":\"https:\/\/www.fiscalia.gov.co\/colombia\/noticias\/afectados-los-xtz-presuntos-responsables-del-hurto-de-motos-de-alto-cilindraje-en-caqueta\/#breadcrumb\",\"itemListElement\":[{\"@type\":\"ListItem\",\"position\":1,\"name\":\"Home\",\"item\":\"https:\/\/www.fiscalia.gov.co\/colombia\/\"},{\"@type\":\"ListItem\",\"position\":2,\"name\":\"Afectados los \u2018XTZ\u2019, presuntos responsables del hurto de motos de alto cilindraje en Caquet\u00e1\"}]},{\"@type\":\"WebSite\",\"@id\":\"https:\/\/www.fiscalia.gov.co\/colombia\/#website\",\"url\":\"https:\/\/www.fiscalia.gov.co\/colombia\/\",\"name\":\"Fiscal\u00eda General de la Naci\u00f3n\",\"description\":\"P\u00e1gina oficial de la Fiscal\u00eda General de la Naci\u00f3n \u2013 Colombia. Garantizamos el acceso efectivo a la justicia, la verdad y la reparaci\u00f3n de las v\u00edctimas de los delitos.\",\"publisher\":{\"@id\":\"https:\/\/www.fiscalia.gov.co\/colombia\/#organization\"},\"potentialAction\":[{\"@type\":\"SearchAction\",\"target\":{\"@type\":\"EntryPoint\",\"urlTemplate\":\"https:\/\/www.fiscalia.gov.co\/colombia\/?s={search_term_string}\"},\"query-input\":{\"@type\":\"PropertyValueSpecification\",\"valueRequired\":true,\"valueName\":\"search_term_string\"}}],\"inLanguage\":\"es-CO\"},{\"@type\":\"Organization\",\"@id\":\"https:\/\/www.fiscalia.gov.co\/colombia\/#organization\",\"name\":\"Fiscal\u00eda General de la Naci\u00f3n\",\"url\":\"https:\/\/www.fiscalia.gov.co\/colombia\/\",\"logo\":{\"@type\":\"ImageObject\",\"inLanguage\":\"es-CO\",\"@id\":\"https:\/\/www.fiscalia.gov.co\/colombia\/#\/schema\/logo\/image\/\",\"url\":\"https:\/\/www.fiscalia.gov.co\/colombia\/wp-content\/uploads\/LogoHorizontal_1.jpg\",\"contentUrl\":\"https:\/\/www.fiscalia.gov.co\/colombia\/wp-content\/uploads\/LogoHorizontal_1.jpg\",\"width\":300,\"height\":90,\"caption\":\"Fiscal\u00eda General de la Naci\u00f3n\"},\"image\":{\"@id\":\"https:\/\/www.fiscalia.gov.co\/colombia\/#\/schema\/logo\/image\/\"},\"sameAs\":[\"https:\/\/www.facebook.com\/FiscaliaCol\",\"https:\/\/x.com\/FiscaliaCol\",\"https:\/\/www.instagram.com\/fiscaliacol\",\"https:\/\/www.linkedin.com\/company\/fiscalia-general-de-la-naci-n\/\",\"https:\/\/youtube.com\/@fiscaliageneraldelanacion-4668?si=6nN79nyQICPU5iTh\"]},{\"@type\":\"Person\",\"@id\":\"https:\/\/www.fiscalia.gov.co\/colombia\/#\/schema\/person\/ba9eca435947489fb25117a0cd75bf3e\",\"name\":\"Johanna Islenny Prieto Pe\u00f1a\",\"image\":{\"@type\":\"ImageObject\",\"inLanguage\":\"es-CO\",\"@id\":\"https:\/\/www.fiscalia.gov.co\/colombia\/#\/schema\/person\/image\/\",\"url\":\"https:\/\/secure.gravatar.com\/avatar\/111433fc2acb037ffb768f6a3ca47864?s=96&d=mm&r=g\",\"contentUrl\":\"https:\/\/secure.gravatar.com\/avatar\/111433fc2acb037ffb768f6a3ca47864?s=96&d=mm&r=g\",\"caption\":\"Johanna Islenny Prieto Pe\u00f1a\"},\"url\":\"https:\/\/www.fiscalia.gov.co\/colombia\/author\/jprietop\/\"}]}<\/script>\n<!-- \/ Yoast SEO plugin. -->","yoast_head_json":{"title":"Fiscal\u00eda General de la Naci\u00f3n","description":"P\u00e1gina oficial de la Fiscal\u00eda General de la Naci\u00f3n \u2013 Colombia. Garantizamos el acceso efectivo a la justicia, la verdad y la reparaci\u00f3n de las v\u00edctimas de los delitos.","robots":{"index":"noindex","follow":"follow"},"og_locale":"es_ES","og_type":"article","og_title":"Fiscal\u00eda General de la Naci\u00f3n","og_description":"P\u00e1gina oficial de la Fiscal\u00eda General de la Naci\u00f3n \u2013 Colombia. Garantizamos el acceso efectivo a la justicia, la verdad y la reparaci\u00f3n de las v\u00edctimas de los delitos.","og_url":"https:\/\/www.fiscalia.gov.co\/colombia\/noticias\/afectados-los-xtz-presuntos-responsables-del-hurto-de-motos-de-alto-cilindraje-en-caqueta\/","og_site_name":"Fiscal\u00eda General de la Naci\u00f3n","article_publisher":"https:\/\/www.facebook.com\/FiscaliaCol","article_published_time":"2025-09-01T19:08:48+00:00","article_modified_time":"2025-09-01T19:17:40+00:00","og_image":[{"width":1600,"height":1110,"url":"https:\/\/www.fiscalia.gov.co\/colombia\/wp-content\/uploads\/los-xtz-hurto-motos.jpeg","type":"image\/jpeg"}],"author":"Johanna Islenny Prieto Pe\u00f1a","twitter_card":"summary_large_image","twitter_creator":"@FiscaliaCol","twitter_site":"@FiscaliaCol","twitter_misc":{"Escrito por":"Johanna Islenny Prieto Pe\u00f1a","Tiempo de lectura":"3 minutos"},"schema":{"@context":"https:\/\/schema.org","@graph":[{"@type":"Article","@id":"https:\/\/www.fiscalia.gov.co\/colombia\/noticias\/afectados-los-xtz-presuntos-responsables-del-hurto-de-motos-de-alto-cilindraje-en-caqueta\/#article","isPartOf":{"@id":"https:\/\/www.fiscalia.gov.co\/colombia\/noticias\/afectados-los-xtz-presuntos-responsables-del-hurto-de-motos-de-alto-cilindraje-en-caqueta\/"},"author":{"name":"Johanna Islenny Prieto Pe\u00f1a","@id":"https:\/\/www.fiscalia.gov.co\/colombia\/#\/schema\/person\/ba9eca435947489fb25117a0cd75bf3e"},"headline":"Afectados los \u2018XTZ\u2019, presuntos responsables del hurto de motos de alto cilindraje en Caquet\u00e1","datePublished":"2025-09-01T19:08:48+00:00","dateModified":"2025-09-01T19:17:40+00:00","mainEntityOfPage":{"@id":"https:\/\/www.fiscalia.gov.co\/colombia\/noticias\/afectados-los-xtz-presuntos-responsables-del-hurto-de-motos-de-alto-cilindraje-en-caqueta\/"},"wordCount":509,"publisher":{"@id":"https:\/\/www.fiscalia.gov.co\/colombia\/#organization"},"image":{"@id":"https:\/\/www.fiscalia.gov.co\/colombia\/noticias\/afectados-los-xtz-presuntos-responsables-del-hurto-de-motos-de-alto-cilindraje-en-caqueta\/#primaryimage"},"thumbnailUrl":"https:\/\/www.fiscalia.gov.co\/colombia\/wp-content\/uploads\/los-xtz-hurto-motos-300x208.jpeg","keywords":["Albania","Bel\u00e9n de Los Andaqu\u00edes y La Monta\u00f1ita","Concierto para delinquir","Fiscal\u00eda General de la Naci\u00f3n","Florencia","Hurto","hurto calificado y agravado","La Monta\u00f1ita","La uni\u00f3n Peneya","motos de alto cilindraje","San Jos\u00e9 del Fragua","Seccional Caquet\u00e1."],"articleSection":["Noticias","Seguridad territorial"],"inLanguage":"es-CO"},{"@type":"WebPage","@id":"https:\/\/www.fiscalia.gov.co\/colombia\/noticias\/afectados-los-xtz-presuntos-responsables-del-hurto-de-motos-de-alto-cilindraje-en-caqueta\/","url":"https:\/\/www.fiscalia.gov.co\/colombia\/noticias\/afectados-los-xtz-presuntos-responsables-del-hurto-de-motos-de-alto-cilindraje-en-caqueta\/","name":"Fiscal\u00eda General de la Naci\u00f3n","isPartOf":{"@id":"https:\/\/www.fiscalia.gov.co\/colombia\/#website"},"primaryImageOfPage":{"@id":"https:\/\/www.fiscalia.gov.co\/colombia\/noticias\/afectados-los-xtz-presuntos-responsables-del-hurto-de-motos-de-alto-cilindraje-en-caqueta\/#primaryimage"},"image":{"@id":"https:\/\/www.fiscalia.gov.co\/colombia\/noticias\/afectados-los-xtz-presuntos-responsables-del-hurto-de-motos-de-alto-cilindraje-en-caqueta\/#primaryimage"},"thumbnailUrl":"https:\/\/www.fiscalia.gov.co\/colombia\/wp-content\/uploads\/los-xtz-hurto-motos-300x208.jpeg","datePublished":"2025-09-01T19:08:48+00:00","dateModified":"2025-09-01T19:17:40+00:00","description":"P\u00e1gina oficial de la Fiscal\u00eda General de la Naci\u00f3n \u2013 Colombia. Garantizamos el acceso efectivo a la justicia, la verdad y la reparaci\u00f3n de las v\u00edctimas de los delitos.","breadcrumb":{"@id":"https:\/\/www.fiscalia.gov.co\/colombia\/noticias\/afectados-los-xtz-presuntos-responsables-del-hurto-de-motos-de-alto-cilindraje-en-caqueta\/#breadcrumb"},"inLanguage":"es-CO","potentialAction":[{"@type":"ReadAction","target":["https:\/\/www.fiscalia.gov.co\/colombia\/noticias\/afectados-los-xtz-presuntos-responsables-del-hurto-de-motos-de-alto-cilindraje-en-caqueta\/"]}]},{"@type":"ImageObject","inLanguage":"es-CO","@id":"https:\/\/www.fiscalia.gov.co\/colombia\/noticias\/afectados-los-xtz-presuntos-responsables-del-hurto-de-motos-de-alto-cilindraje-en-caqueta\/#primaryimage","url":"https:\/\/www.fiscalia.gov.co\/colombia\/wp-content\/uploads\/los-xtz-hurto-motos.jpeg","contentUrl":"https:\/\/www.fiscalia.gov.co\/colombia\/wp-content\/uploads\/los-xtz-hurto-motos.jpeg","width":1600,"height":1110,"caption":"\u00a0Los procesados fueron detenidos en cumplimiento a \u00f3rdenes judiciales que pesaban en su contraen Florencia y La Monta\u00f1ita (Caquet\u00e1), y Garz\u00f3n (Huila) por investigadores del CTI y la Polic\u00eda Nacional."},{"@type":"BreadcrumbList","@id":"https:\/\/www.fiscalia.gov.co\/colombia\/noticias\/afectados-los-xtz-presuntos-responsables-del-hurto-de-motos-de-alto-cilindraje-en-caqueta\/#breadcrumb","itemListElement":[{"@type":"ListItem","position":1,"name":"Home","item":"https:\/\/www.fiscalia.gov.co\/colombia\/"},{"@type":"ListItem","position":2,"name":"Afectados los \u2018XTZ\u2019, presuntos responsables del hurto de motos de alto cilindraje en Caquet\u00e1"}]},{"@type":"WebSite","@id":"https:\/\/www.fiscalia.gov.co\/colombia\/#website","url":"https:\/\/www.fiscalia.gov.co\/colombia\/","name":"Fiscal\u00eda General de la Naci\u00f3n","description":"P\u00e1gina oficial de la Fiscal\u00eda General de la Naci\u00f3n \u2013 Colombia. Garantizamos el acceso efectivo a la justicia, la verdad y la reparaci\u00f3n de las v\u00edctimas de los delitos.","publisher":{"@id":"https:\/\/www.fiscalia.gov.co\/colombia\/#organization"},"potentialAction":[{"@type":"SearchAction","target":{"@type":"EntryPoint","urlTemplate":"https:\/\/www.fiscalia.gov.co\/colombia\/?s={search_term_string}"},"query-input":{"@type":"PropertyValueSpecification","valueRequired":true,"valueName":"search_term_string"}}],"inLanguage":"es-CO"},{"@type":"Organization","@id":"https:\/\/www.fiscalia.gov.co\/colombia\/#organization","name":"Fiscal\u00eda General de la Naci\u00f3n","url":"https:\/\/www.fiscalia.gov.co\/colombia\/","logo":{"@type":"ImageObject","inLanguage":"es-CO","@id":"https:\/\/www.fiscalia.gov.co\/colombia\/#\/schema\/logo\/image\/","url":"https:\/\/www.fiscalia.gov.co\/colombia\/wp-content\/uploads\/LogoHorizontal_1.jpg","contentUrl":"https:\/\/www.fiscalia.gov.co\/colombia\/wp-content\/uploads\/LogoHorizontal_1.jpg","width":300,"height":90,"caption":"Fiscal\u00eda General de la Naci\u00f3n"},"image":{"@id":"https:\/\/www.fiscalia.gov.co\/colombia\/#\/schema\/logo\/image\/"},"sameAs":["https:\/\/www.facebook.com\/FiscaliaCol","https:\/\/x.com\/FiscaliaCol","https:\/\/www.instagram.com\/fiscaliacol","https:\/\/www.linkedin.com\/company\/fiscalia-general-de-la-naci-n\/","https:\/\/youtube.com\/@fiscaliageneraldelanacion-4668?si=6nN79nyQICPU5iTh"]},{"@type":"Person","@id":"https:\/\/www.fiscalia.gov.co\/colombia\/#\/schema\/person\/ba9eca435947489fb25117a0cd75bf3e","name":"Johanna Islenny Prieto Pe\u00f1a","image":{"@type":"ImageObject","inLanguage":"es-CO","@id":"https:\/\/www.fiscalia.gov.co\/colombia\/#\/schema\/person\/image\/","url":"https:\/\/secure.gravatar.com\/avatar\/111433fc2acb037ffb768f6a3ca47864?s=96&d=mm&r=g","contentUrl":"https:\/\/secure.gravatar.com\/avatar\/111433fc2acb037ffb768f6a3ca47864?s=96&d=mm&r=g","caption":"Johanna Islenny Prieto Pe\u00f1a"},"url":"https:\/\/www.fiscalia.gov.co\/colombia\/author\/jprietop\/"}]}},"_links":{"self":[{"href":"https:\/\/www.fiscalia.gov.co\/colombia\/wp-json\/wp\/v2\/posts\/322847","targetHints":{"allow":["GET"]}}],"collection":[{"href":"https:\/\/www.fiscalia.gov.co\/colombia\/wp-json\/wp\/v2\/posts"}],"about":[{"href":"https:\/\/www.fiscalia.gov.co\/colombia\/wp-json\/wp\/v2\/types\/post"}],"author":[{"embeddable":true,"href":"https:\/\/www.fiscalia.gov.co\/colombia\/wp-json\/wp\/v2\/users\/181"}],"replies":[{"embeddable":true,"href":"https:\/\/www.fiscalia.gov.co\/colombia\/wp-json\/wp\/v2\/comments?post=322847"}],"version-history":[{"count":2,"href":"https:\/\/www.fiscalia.gov.co\/colombia\/wp-json\/wp\/v2\/posts\/322847\/revisions"}],"predecessor-version":[{"id":322858,"href":"https:\/\/www.fiscalia.gov.co\/colombia\/wp-json\/wp\/v2\/posts\/322847\/revisions\/322858"}],"wp:attachment":[{"href":"https:\/\/www.fiscalia.gov.co\/colombia\/wp-json\/wp\/v2\/media?parent=322847"}],"wp:term":[{"taxonomy":"category","embeddable":true,"href":"https:\/\/www.fiscalia.gov.co\/colombia\/wp-json\/wp\/v2\/categories?post=322847"},{"taxonomy":"post_tag","embeddable":true,"href":"https:\/\/www.fiscalia.gov.co\/colombia\/wp-json\/wp\/v2\/tags?post=322847"}],"curies":[{"name":"wp","href":"https:\/\/api.w.org\/{rel}","templated":true}]}}