{"id":322804,"date":"2025-08-30T07:15:30","date_gmt":"2025-08-30T12:15:30","guid":{"rendered":"https:\/\/www.fiscalia.gov.co\/colombia\/?p=322804"},"modified":"2025-08-30T07:17:01","modified_gmt":"2025-08-30T12:17:01","slug":"exdirector-de-la-ungrd-olmedo-de-jesus-lopez-sera-testigo-en-la-macroinvestigacion-por-defraudacion-de-la-entidad","status":"publish","type":"post","link":"https:\/\/www.fiscalia.gov.co\/colombia\/noticias\/exdirector-de-la-ungrd-olmedo-de-jesus-lopez-sera-testigo-en-la-macroinvestigacion-por-defraudacion-de-la-entidad\/","title":{"rendered":"Exdirector de la UNGRD, Olmedo de Jes\u00fas L\u00f3pez, ser\u00e1 testigo en la macroinvestigaci\u00f3n por defraudaci\u00f3n de la entidad"},"content":{"rendered":"<h4 style=\"text-align: center;\"><strong><em>Esta colaboraci\u00f3n se dar\u00e1 en virtud del principio de oportunidad suscrito con la Fiscal\u00eda General de la Naci\u00f3n.<\/em><\/strong><\/h4>\n<p>Con los compromisos de servir de testigo de cargo contra otros involucrados en la defraudaci\u00f3n a la Unidad Nacional para la Gesti\u00f3n del Riesgo de Desastres (UNGRD) y <strong>expresar p\u00fablicamente su arrepentimiento y garant\u00eda de no repetici\u00f3n en conductas delictivas<\/strong>, un juez penal de control de garant\u00edas de Bogot\u00e1 imparti\u00f3 legalidad al principio de oportunidad suscrito por la Fiscal\u00eda General de la Naci\u00f3n con el exdirector de la UNGRD, Olmedo de Jes\u00fas L\u00f3pez Mart\u00ednez.<\/p>\n<p>Ante su decisi\u00f3n de colaborar con la macroinvestigaci\u00f3n que sigue por el entramado de corrupci\u00f3n en la UNGRD, se suspende parcialmente la acci\u00f3n penal contra L\u00f3pez Mart\u00ednez por los <strong>delitos de inter\u00e9s indebido en la celebraci\u00f3n de contratos, falsedad en documento privado y falsedad ideol\u00f3gica en documento p\u00fablico agravado por el uso,<\/strong> durante el t\u00e9rmino de un a\u00f1o con posibilidad de pr\u00f3rroga.<\/p>\n<p>En el curso del proceso se conoci\u00f3 que el exdirector de la UNGRD, en ejercicio de su cargo y como ordenador del gasto en la entidad, <strong>direccion\u00f3 contratos de mitigaci\u00f3n y atenci\u00f3n en emergencias en varios departamentos,<\/strong> entre marzo del 2023 y febrero de 2024, con el prop\u00f3sito de beneficiar a contratistas espec\u00edficos, congresistas y otros funcionarios.<\/p>\n<p>Por estos hechos, Olmedo de Jes\u00fas L\u00f3pez Mart\u00ednez acept\u00f3 mediante preacuerdo su responsabilidad en los <strong>delitos de concierto para delinquir agravado y peculado por apropiaci\u00f3n.<\/strong><\/p>\n<p>Esta informaci\u00f3n se publica por razones de inter\u00e9s general.<\/p>\n<p>&nbsp;<\/p>\n<p>&nbsp;<\/p>\n<p>&nbsp;<\/p>\n<p>&nbsp;<\/p>\n<p>&nbsp;<\/p>\n<p>LAGP\/JARG\/MCP\/UFDCSJ\/<\/p>\n<p>&nbsp;<\/p>\n<p>&nbsp;<\/p>\n<p>&nbsp;<\/p>\n<p><em>La informaci\u00f3n contenida en este bolet\u00edn de prensa corresponde a la narraci\u00f3n de los hechos noticiosos objetivos, suministrados por los funcionarios encargados de adelantar las investigaciones penales al interior de la Fiscal\u00eda General de la Naci\u00f3n. Para el momento de la divulgaci\u00f3n de este comunicado, la situaci\u00f3n jur\u00eddica de la(s) persona(s) relacionada(s) se encuentra pendiente de resolver por la autoridad judicial competente, siempre bajo los preceptos de la presunci\u00f3n de inocencia, consagrados en el art\u00edculo 29 de la Constituci\u00f3n Pol\u00edtica y el art\u00edculo 7\u00ba de la Ley 906 de 2004.<\/em><\/p>\n\n<div class=\"twitter-share\"><a href=\"https:\/\/twitter.com\/intent\/tweet?via=fiscaliacol\" class=\"twitter-share-button\">Tweet<\/a><\/div>\n","protected":false},"excerpt":{"rendered":"<p>Esta colaboraci\u00f3n se dar\u00e1 en virtud del principio de oportunidad suscrito con la Fiscal\u00eda General de la Naci\u00f3n. Con los compromisos de servir de testigo de cargo contra otros involucrados [&hellip;]<\/p>\n","protected":false},"author":177,"featured_media":0,"comment_status":"closed","ping_status":"open","sticky":false,"template":"","format":"standard","meta":{"tdm_status":"","tdm_grid_status":"","footnotes":""},"categories":[1],"tags":[427,33997,42529,1047,38302,38197],"class_list":["post-322804","post","type-post","status-publish","format-standard","category-noticias","tag-corrupcion","tag-direccionamiento-de-contratos","tag-fiscal-luz-adriana-carmago","tag-fiscalia-general-de-la-nacion","tag-olmedo-lopez","tag-ungrd"],"yoast_head":"<!-- This site is optimized with the Yoast SEO plugin v24.3 - https:\/\/yoast.com\/wordpress\/plugins\/seo\/ -->\n<title>Fiscal\u00eda General de la Naci\u00f3n<\/title>\n<meta name=\"description\" content=\"P\u00e1gina oficial de la Fiscal\u00eda General de la Naci\u00f3n \u2013 Colombia. Garantizamos el acceso efectivo a la justicia, la verdad y la reparaci\u00f3n de las v\u00edctimas de los delitos.\" \/>\n<meta name=\"robots\" content=\"noindex, follow\" \/>\n<meta property=\"og:locale\" content=\"es_ES\" \/>\n<meta property=\"og:type\" content=\"article\" \/>\n<meta property=\"og:title\" content=\"Fiscal\u00eda General de la Naci\u00f3n\" \/>\n<meta property=\"og:description\" content=\"P\u00e1gina oficial de la Fiscal\u00eda General de la Naci\u00f3n \u2013 Colombia. Garantizamos el acceso efectivo a la justicia, la verdad y la reparaci\u00f3n de las v\u00edctimas de los delitos.\" \/>\n<meta property=\"og:url\" content=\"https:\/\/www.fiscalia.gov.co\/colombia\/noticias\/exdirector-de-la-ungrd-olmedo-de-jesus-lopez-sera-testigo-en-la-macroinvestigacion-por-defraudacion-de-la-entidad\/\" \/>\n<meta property=\"og:site_name\" content=\"Fiscal\u00eda General de la Naci\u00f3n\" \/>\n<meta property=\"article:publisher\" content=\"https:\/\/www.facebook.com\/FiscaliaCol\" \/>\n<meta property=\"article:published_time\" content=\"2025-08-30T12:15:30+00:00\" \/>\n<meta property=\"article:modified_time\" content=\"2025-08-30T12:17:01+00:00\" \/>\n<meta name=\"author\" content=\"Jordan Leandro Oviedo Anzola\" \/>\n<meta name=\"twitter:card\" content=\"summary_large_image\" \/>\n<meta name=\"twitter:creator\" content=\"@FiscaliaCol\" \/>\n<meta name=\"twitter:site\" content=\"@FiscaliaCol\" \/>\n<meta name=\"twitter:label1\" content=\"Escrito por\" \/>\n\t<meta name=\"twitter:data1\" content=\"Jordan Leandro Oviedo Anzola\" \/>\n\t<meta name=\"twitter:label2\" content=\"Tiempo de lectura\" \/>\n\t<meta name=\"twitter:data2\" content=\"2 minutos\" \/>\n<script type=\"application\/ld+json\" class=\"yoast-schema-graph\">{\"@context\":\"https:\/\/schema.org\",\"@graph\":[{\"@type\":\"Article\",\"@id\":\"https:\/\/www.fiscalia.gov.co\/colombia\/noticias\/exdirector-de-la-ungrd-olmedo-de-jesus-lopez-sera-testigo-en-la-macroinvestigacion-por-defraudacion-de-la-entidad\/#article\",\"isPartOf\":{\"@id\":\"https:\/\/www.fiscalia.gov.co\/colombia\/noticias\/exdirector-de-la-ungrd-olmedo-de-jesus-lopez-sera-testigo-en-la-macroinvestigacion-por-defraudacion-de-la-entidad\/\"},\"author\":{\"name\":\"Jordan Leandro Oviedo Anzola\",\"@id\":\"https:\/\/www.fiscalia.gov.co\/colombia\/#\/schema\/person\/bf84402cf293a5393e9c70b111020b24\"},\"headline\":\"Exdirector de la UNGRD, Olmedo de Jes\u00fas L\u00f3pez, ser\u00e1 testigo en la macroinvestigaci\u00f3n por defraudaci\u00f3n de la entidad\",\"datePublished\":\"2025-08-30T12:15:30+00:00\",\"dateModified\":\"2025-08-30T12:17:01+00:00\",\"mainEntityOfPage\":{\"@id\":\"https:\/\/www.fiscalia.gov.co\/colombia\/noticias\/exdirector-de-la-ungrd-olmedo-de-jesus-lopez-sera-testigo-en-la-macroinvestigacion-por-defraudacion-de-la-entidad\/\"},\"wordCount\":416,\"publisher\":{\"@id\":\"https:\/\/www.fiscalia.gov.co\/colombia\/#organization\"},\"keywords\":[\"Corrupci\u00f3n\",\"direccionamiento de contratos\",\"fiscal luz adriana carmago\",\"Fiscal\u00eda General de la Naci\u00f3n\",\"Olmedo L\u00f3pez\",\"UNGRD\"],\"articleSection\":[\"Noticias\"],\"inLanguage\":\"es-CO\"},{\"@type\":\"WebPage\",\"@id\":\"https:\/\/www.fiscalia.gov.co\/colombia\/noticias\/exdirector-de-la-ungrd-olmedo-de-jesus-lopez-sera-testigo-en-la-macroinvestigacion-por-defraudacion-de-la-entidad\/\",\"url\":\"https:\/\/www.fiscalia.gov.co\/colombia\/noticias\/exdirector-de-la-ungrd-olmedo-de-jesus-lopez-sera-testigo-en-la-macroinvestigacion-por-defraudacion-de-la-entidad\/\",\"name\":\"Fiscal\u00eda General de la Naci\u00f3n\",\"isPartOf\":{\"@id\":\"https:\/\/www.fiscalia.gov.co\/colombia\/#website\"},\"datePublished\":\"2025-08-30T12:15:30+00:00\",\"dateModified\":\"2025-08-30T12:17:01+00:00\",\"description\":\"P\u00e1gina oficial de la Fiscal\u00eda General de la Naci\u00f3n \u2013 Colombia. Garantizamos el acceso efectivo a la justicia, la verdad y la reparaci\u00f3n de las v\u00edctimas de los delitos.\",\"breadcrumb\":{\"@id\":\"https:\/\/www.fiscalia.gov.co\/colombia\/noticias\/exdirector-de-la-ungrd-olmedo-de-jesus-lopez-sera-testigo-en-la-macroinvestigacion-por-defraudacion-de-la-entidad\/#breadcrumb\"},\"inLanguage\":\"es-CO\",\"potentialAction\":[{\"@type\":\"ReadAction\",\"target\":[\"https:\/\/www.fiscalia.gov.co\/colombia\/noticias\/exdirector-de-la-ungrd-olmedo-de-jesus-lopez-sera-testigo-en-la-macroinvestigacion-por-defraudacion-de-la-entidad\/\"]}]},{\"@type\":\"BreadcrumbList\",\"@id\":\"https:\/\/www.fiscalia.gov.co\/colombia\/noticias\/exdirector-de-la-ungrd-olmedo-de-jesus-lopez-sera-testigo-en-la-macroinvestigacion-por-defraudacion-de-la-entidad\/#breadcrumb\",\"itemListElement\":[{\"@type\":\"ListItem\",\"position\":1,\"name\":\"Home\",\"item\":\"https:\/\/www.fiscalia.gov.co\/colombia\/\"},{\"@type\":\"ListItem\",\"position\":2,\"name\":\"Exdirector de la UNGRD, Olmedo de Jes\u00fas L\u00f3pez, ser\u00e1 testigo en la macroinvestigaci\u00f3n por defraudaci\u00f3n de la entidad\"}]},{\"@type\":\"WebSite\",\"@id\":\"https:\/\/www.fiscalia.gov.co\/colombia\/#website\",\"url\":\"https:\/\/www.fiscalia.gov.co\/colombia\/\",\"name\":\"Fiscal\u00eda General de la Naci\u00f3n\",\"description\":\"P\u00e1gina oficial de la Fiscal\u00eda General de la Naci\u00f3n \u2013 Colombia. Garantizamos el acceso efectivo a la justicia, la verdad y la reparaci\u00f3n de las v\u00edctimas de los delitos.\",\"publisher\":{\"@id\":\"https:\/\/www.fiscalia.gov.co\/colombia\/#organization\"},\"potentialAction\":[{\"@type\":\"SearchAction\",\"target\":{\"@type\":\"EntryPoint\",\"urlTemplate\":\"https:\/\/www.fiscalia.gov.co\/colombia\/?s={search_term_string}\"},\"query-input\":{\"@type\":\"PropertyValueSpecification\",\"valueRequired\":true,\"valueName\":\"search_term_string\"}}],\"inLanguage\":\"es-CO\"},{\"@type\":\"Organization\",\"@id\":\"https:\/\/www.fiscalia.gov.co\/colombia\/#organization\",\"name\":\"Fiscal\u00eda General de la Naci\u00f3n\",\"url\":\"https:\/\/www.fiscalia.gov.co\/colombia\/\",\"logo\":{\"@type\":\"ImageObject\",\"inLanguage\":\"es-CO\",\"@id\":\"https:\/\/www.fiscalia.gov.co\/colombia\/#\/schema\/logo\/image\/\",\"url\":\"https:\/\/www.fiscalia.gov.co\/colombia\/wp-content\/uploads\/LogoHorizontal_1.jpg\",\"contentUrl\":\"https:\/\/www.fiscalia.gov.co\/colombia\/wp-content\/uploads\/LogoHorizontal_1.jpg\",\"width\":300,\"height\":90,\"caption\":\"Fiscal\u00eda General de la Naci\u00f3n\"},\"image\":{\"@id\":\"https:\/\/www.fiscalia.gov.co\/colombia\/#\/schema\/logo\/image\/\"},\"sameAs\":[\"https:\/\/www.facebook.com\/FiscaliaCol\",\"https:\/\/x.com\/FiscaliaCol\",\"https:\/\/www.instagram.com\/fiscaliacol\",\"https:\/\/www.linkedin.com\/company\/fiscalia-general-de-la-naci-n\/\",\"https:\/\/youtube.com\/@fiscaliageneraldelanacion-4668?si=6nN79nyQICPU5iTh\"]},{\"@type\":\"Person\",\"@id\":\"https:\/\/www.fiscalia.gov.co\/colombia\/#\/schema\/person\/bf84402cf293a5393e9c70b111020b24\",\"name\":\"Jordan Leandro Oviedo Anzola\",\"image\":{\"@type\":\"ImageObject\",\"inLanguage\":\"es-CO\",\"@id\":\"https:\/\/www.fiscalia.gov.co\/colombia\/#\/schema\/person\/image\/\",\"url\":\"https:\/\/secure.gravatar.com\/avatar\/dabba4346fa9b9207d96adafa8f92721?s=96&d=mm&r=g\",\"contentUrl\":\"https:\/\/secure.gravatar.com\/avatar\/dabba4346fa9b9207d96adafa8f92721?s=96&d=mm&r=g\",\"caption\":\"Jordan Leandro Oviedo Anzola\"},\"url\":\"https:\/\/www.fiscalia.gov.co\/colombia\/author\/joviedo\/\"}]}<\/script>\n<!-- \/ Yoast SEO plugin. -->","yoast_head_json":{"title":"Fiscal\u00eda General de la Naci\u00f3n","description":"P\u00e1gina oficial de la Fiscal\u00eda General de la Naci\u00f3n \u2013 Colombia. Garantizamos el acceso efectivo a la justicia, la verdad y la reparaci\u00f3n de las v\u00edctimas de los delitos.","robots":{"index":"noindex","follow":"follow"},"og_locale":"es_ES","og_type":"article","og_title":"Fiscal\u00eda General de la Naci\u00f3n","og_description":"P\u00e1gina oficial de la Fiscal\u00eda General de la Naci\u00f3n \u2013 Colombia. Garantizamos el acceso efectivo a la justicia, la verdad y la reparaci\u00f3n de las v\u00edctimas de los delitos.","og_url":"https:\/\/www.fiscalia.gov.co\/colombia\/noticias\/exdirector-de-la-ungrd-olmedo-de-jesus-lopez-sera-testigo-en-la-macroinvestigacion-por-defraudacion-de-la-entidad\/","og_site_name":"Fiscal\u00eda General de la Naci\u00f3n","article_publisher":"https:\/\/www.facebook.com\/FiscaliaCol","article_published_time":"2025-08-30T12:15:30+00:00","article_modified_time":"2025-08-30T12:17:01+00:00","author":"Jordan Leandro Oviedo Anzola","twitter_card":"summary_large_image","twitter_creator":"@FiscaliaCol","twitter_site":"@FiscaliaCol","twitter_misc":{"Escrito por":"Jordan Leandro Oviedo Anzola","Tiempo de lectura":"2 minutos"},"schema":{"@context":"https:\/\/schema.org","@graph":[{"@type":"Article","@id":"https:\/\/www.fiscalia.gov.co\/colombia\/noticias\/exdirector-de-la-ungrd-olmedo-de-jesus-lopez-sera-testigo-en-la-macroinvestigacion-por-defraudacion-de-la-entidad\/#article","isPartOf":{"@id":"https:\/\/www.fiscalia.gov.co\/colombia\/noticias\/exdirector-de-la-ungrd-olmedo-de-jesus-lopez-sera-testigo-en-la-macroinvestigacion-por-defraudacion-de-la-entidad\/"},"author":{"name":"Jordan Leandro Oviedo Anzola","@id":"https:\/\/www.fiscalia.gov.co\/colombia\/#\/schema\/person\/bf84402cf293a5393e9c70b111020b24"},"headline":"Exdirector de la UNGRD, Olmedo de Jes\u00fas L\u00f3pez, ser\u00e1 testigo en la macroinvestigaci\u00f3n por defraudaci\u00f3n de la entidad","datePublished":"2025-08-30T12:15:30+00:00","dateModified":"2025-08-30T12:17:01+00:00","mainEntityOfPage":{"@id":"https:\/\/www.fiscalia.gov.co\/colombia\/noticias\/exdirector-de-la-ungrd-olmedo-de-jesus-lopez-sera-testigo-en-la-macroinvestigacion-por-defraudacion-de-la-entidad\/"},"wordCount":416,"publisher":{"@id":"https:\/\/www.fiscalia.gov.co\/colombia\/#organization"},"keywords":["Corrupci\u00f3n","direccionamiento de contratos","fiscal luz adriana carmago","Fiscal\u00eda General de la Naci\u00f3n","Olmedo L\u00f3pez","UNGRD"],"articleSection":["Noticias"],"inLanguage":"es-CO"},{"@type":"WebPage","@id":"https:\/\/www.fiscalia.gov.co\/colombia\/noticias\/exdirector-de-la-ungrd-olmedo-de-jesus-lopez-sera-testigo-en-la-macroinvestigacion-por-defraudacion-de-la-entidad\/","url":"https:\/\/www.fiscalia.gov.co\/colombia\/noticias\/exdirector-de-la-ungrd-olmedo-de-jesus-lopez-sera-testigo-en-la-macroinvestigacion-por-defraudacion-de-la-entidad\/","name":"Fiscal\u00eda General de la Naci\u00f3n","isPartOf":{"@id":"https:\/\/www.fiscalia.gov.co\/colombia\/#website"},"datePublished":"2025-08-30T12:15:30+00:00","dateModified":"2025-08-30T12:17:01+00:00","description":"P\u00e1gina oficial de la Fiscal\u00eda General de la Naci\u00f3n \u2013 Colombia. Garantizamos el acceso efectivo a la justicia, la verdad y la reparaci\u00f3n de las v\u00edctimas de los delitos.","breadcrumb":{"@id":"https:\/\/www.fiscalia.gov.co\/colombia\/noticias\/exdirector-de-la-ungrd-olmedo-de-jesus-lopez-sera-testigo-en-la-macroinvestigacion-por-defraudacion-de-la-entidad\/#breadcrumb"},"inLanguage":"es-CO","potentialAction":[{"@type":"ReadAction","target":["https:\/\/www.fiscalia.gov.co\/colombia\/noticias\/exdirector-de-la-ungrd-olmedo-de-jesus-lopez-sera-testigo-en-la-macroinvestigacion-por-defraudacion-de-la-entidad\/"]}]},{"@type":"BreadcrumbList","@id":"https:\/\/www.fiscalia.gov.co\/colombia\/noticias\/exdirector-de-la-ungrd-olmedo-de-jesus-lopez-sera-testigo-en-la-macroinvestigacion-por-defraudacion-de-la-entidad\/#breadcrumb","itemListElement":[{"@type":"ListItem","position":1,"name":"Home","item":"https:\/\/www.fiscalia.gov.co\/colombia\/"},{"@type":"ListItem","position":2,"name":"Exdirector de la UNGRD, Olmedo de Jes\u00fas L\u00f3pez, ser\u00e1 testigo en la macroinvestigaci\u00f3n por defraudaci\u00f3n de la entidad"}]},{"@type":"WebSite","@id":"https:\/\/www.fiscalia.gov.co\/colombia\/#website","url":"https:\/\/www.fiscalia.gov.co\/colombia\/","name":"Fiscal\u00eda General de la Naci\u00f3n","description":"P\u00e1gina oficial de la Fiscal\u00eda General de la Naci\u00f3n \u2013 Colombia. Garantizamos el acceso efectivo a la justicia, la verdad y la reparaci\u00f3n de las v\u00edctimas de los delitos.","publisher":{"@id":"https:\/\/www.fiscalia.gov.co\/colombia\/#organization"},"potentialAction":[{"@type":"SearchAction","target":{"@type":"EntryPoint","urlTemplate":"https:\/\/www.fiscalia.gov.co\/colombia\/?s={search_term_string}"},"query-input":{"@type":"PropertyValueSpecification","valueRequired":true,"valueName":"search_term_string"}}],"inLanguage":"es-CO"},{"@type":"Organization","@id":"https:\/\/www.fiscalia.gov.co\/colombia\/#organization","name":"Fiscal\u00eda General de la Naci\u00f3n","url":"https:\/\/www.fiscalia.gov.co\/colombia\/","logo":{"@type":"ImageObject","inLanguage":"es-CO","@id":"https:\/\/www.fiscalia.gov.co\/colombia\/#\/schema\/logo\/image\/","url":"https:\/\/www.fiscalia.gov.co\/colombia\/wp-content\/uploads\/LogoHorizontal_1.jpg","contentUrl":"https:\/\/www.fiscalia.gov.co\/colombia\/wp-content\/uploads\/LogoHorizontal_1.jpg","width":300,"height":90,"caption":"Fiscal\u00eda General de la Naci\u00f3n"},"image":{"@id":"https:\/\/www.fiscalia.gov.co\/colombia\/#\/schema\/logo\/image\/"},"sameAs":["https:\/\/www.facebook.com\/FiscaliaCol","https:\/\/x.com\/FiscaliaCol","https:\/\/www.instagram.com\/fiscaliacol","https:\/\/www.linkedin.com\/company\/fiscalia-general-de-la-naci-n\/","https:\/\/youtube.com\/@fiscaliageneraldelanacion-4668?si=6nN79nyQICPU5iTh"]},{"@type":"Person","@id":"https:\/\/www.fiscalia.gov.co\/colombia\/#\/schema\/person\/bf84402cf293a5393e9c70b111020b24","name":"Jordan Leandro Oviedo Anzola","image":{"@type":"ImageObject","inLanguage":"es-CO","@id":"https:\/\/www.fiscalia.gov.co\/colombia\/#\/schema\/person\/image\/","url":"https:\/\/secure.gravatar.com\/avatar\/dabba4346fa9b9207d96adafa8f92721?s=96&d=mm&r=g","contentUrl":"https:\/\/secure.gravatar.com\/avatar\/dabba4346fa9b9207d96adafa8f92721?s=96&d=mm&r=g","caption":"Jordan Leandro Oviedo Anzola"},"url":"https:\/\/www.fiscalia.gov.co\/colombia\/author\/joviedo\/"}]}},"_links":{"self":[{"href":"https:\/\/www.fiscalia.gov.co\/colombia\/wp-json\/wp\/v2\/posts\/322804","targetHints":{"allow":["GET"]}}],"collection":[{"href":"https:\/\/www.fiscalia.gov.co\/colombia\/wp-json\/wp\/v2\/posts"}],"about":[{"href":"https:\/\/www.fiscalia.gov.co\/colombia\/wp-json\/wp\/v2\/types\/post"}],"author":[{"embeddable":true,"href":"https:\/\/www.fiscalia.gov.co\/colombia\/wp-json\/wp\/v2\/users\/177"}],"replies":[{"embeddable":true,"href":"https:\/\/www.fiscalia.gov.co\/colombia\/wp-json\/wp\/v2\/comments?post=322804"}],"version-history":[{"count":1,"href":"https:\/\/www.fiscalia.gov.co\/colombia\/wp-json\/wp\/v2\/posts\/322804\/revisions"}],"predecessor-version":[{"id":322805,"href":"https:\/\/www.fiscalia.gov.co\/colombia\/wp-json\/wp\/v2\/posts\/322804\/revisions\/322805"}],"wp:attachment":[{"href":"https:\/\/www.fiscalia.gov.co\/colombia\/wp-json\/wp\/v2\/media?parent=322804"}],"wp:term":[{"taxonomy":"category","embeddable":true,"href":"https:\/\/www.fiscalia.gov.co\/colombia\/wp-json\/wp\/v2\/categories?post=322804"},{"taxonomy":"post_tag","embeddable":true,"href":"https:\/\/www.fiscalia.gov.co\/colombia\/wp-json\/wp\/v2\/tags?post=322804"}],"curies":[{"name":"wp","href":"https:\/\/api.w.org\/{rel}","templated":true}]}}