{"id":322644,"date":"2025-08-28T10:32:21","date_gmt":"2025-08-28T15:32:21","guid":{"rendered":"https:\/\/www.fiscalia.gov.co\/colombia\/?p=322644"},"modified":"2025-08-28T10:32:21","modified_gmt":"2025-08-28T15:32:21","slug":"enviado-a-la-carcel-hombre-que-habia-salido-libre-por-vencimiento-de-terminos-presunto-responsable-de-asesinar-a-una-mujer-en-huila","status":"publish","type":"post","link":"https:\/\/www.fiscalia.gov.co\/colombia\/noticias\/enviado-a-la-carcel-hombre-que-habia-salido-libre-por-vencimiento-de-terminos-presunto-responsable-de-asesinar-a-una-mujer-en-huila\/","title":{"rendered":"Enviado a la c\u00e1rcel hombre que hab\u00eda salido libre por vencimiento de t\u00e9rminos, presunto responsable de asesinar a una mujer en Huila"},"content":{"rendered":"<h4 style=\"text-align: center;\" data-ogsc=\"black\"><strong><i data-ogsc=\"\">La Fiscal\u00eda logr\u00f3 comprobar ante un juez con funci\u00f3n de control de garant\u00edas, que el enjuiciado por el delito de feminicidio agravado, hostigaba a la familia de la v\u00edctima, lo que lo llev\u00f3 a acoger la petici\u00f3n de la delegada fiscal, y dict\u00f3 nuevamente medida de aseguramiento intramuros en su contra, mientras se define su situaci\u00f3n jur\u00eddica.<\/i><\/strong><\/h4>\n<figure id=\"attachment_322645\" aria-describedby=\"caption-attachment-322645\" style=\"width: 696px\" class=\"wp-caption aligncenter\"><img loading=\"lazy\" decoding=\"async\" class=\"size-large wp-image-322645\" src=\"https:\/\/www.fiscalia.gov.co\/colombia\/wp-content\/uploads\/alias-chuky-recaptura-feminicidio-huila-1024x1015.jpeg\" alt=\"En la imagen se ve un hombre detenido bajo custodia de un investigador del CTI y un uniformado de la Polic\u00eda Nacional.\" width=\"696\" height=\"690\" srcset=\"https:\/\/www.fiscalia.gov.co\/colombia\/wp-content\/uploads\/alias-chuky-recaptura-feminicidio-huila-1024x1015.jpeg 1024w, https:\/\/www.fiscalia.gov.co\/colombia\/wp-content\/uploads\/alias-chuky-recaptura-feminicidio-huila-300x297.jpeg 300w, https:\/\/www.fiscalia.gov.co\/colombia\/wp-content\/uploads\/alias-chuky-recaptura-feminicidio-huila-150x150.jpeg 150w, https:\/\/www.fiscalia.gov.co\/colombia\/wp-content\/uploads\/alias-chuky-recaptura-feminicidio-huila-768x761.jpeg 768w, https:\/\/www.fiscalia.gov.co\/colombia\/wp-content\/uploads\/alias-chuky-recaptura-feminicidio-huila-424x420.jpeg 424w, https:\/\/www.fiscalia.gov.co\/colombia\/wp-content\/uploads\/alias-chuky-recaptura-feminicidio-huila-696x690.jpeg 696w, https:\/\/www.fiscalia.gov.co\/colombia\/wp-content\/uploads\/alias-chuky-recaptura-feminicidio-huila-1068x1058.jpeg 1068w, https:\/\/www.fiscalia.gov.co\/colombia\/wp-content\/uploads\/alias-chuky-recaptura-feminicidio-huila.jpeg 1122w\" sizes=\"auto, (max-width: 696px) 100vw, 696px\" \/><figcaption id=\"caption-attachment-322645\" class=\"wp-caption-text\">El hombre fue detenido en Neiva, en Cumplimiento a la orden judicial para cumplir medida de aseguramiento intramuros.<\/figcaption><\/figure>\n<p data-ogsc=\"black\">Por solicitud de la Fiscal\u00eda, un juez de control de garant\u00edas de Pitalito (Huila) impuso medida de aseguramiento en centro carcelario contra Germ\u00e1n Francisco Rivera Suesc\u00fan, alias Chuky, que se encuentra en etapa de juicio por ser el presunto responsable del <strong>homicidio de una mujer<\/strong> en 2023.<\/p>\n<p data-ogsc=\"black\">Un fiscal de la Seccional Huila solicit\u00f3 orden de captura contra Rivera Suesc\u00fan, quien hab\u00eda quedado en libertad por vencimiento de t\u00e9rminos. Se evidenci\u00f3 que este hombre, al parecer, <strong>estaba hostigando a la familia de la v\u00edctima<\/strong>.<\/p>\n<p data-ogsc=\"black\">Los hechos ocurrieron el 12 de noviembre de 2023, en zona rural de Acevedo (Huila), donde \u2018Chuky\u2019, al parecer, <strong>asesin\u00f3 con armas cortopunzante y cortocontundente<\/strong> a la esposa del propietario de una finca, en la cual trabajaba y hab\u00eda sido despedido.<\/p>\n<p data-ogsc=\"black\">Servidores del Cuerpo T\u00e9cnico de investigaci\u00f3n, en coordinaci\u00f3n con la Polic\u00eda Nacional, hicieron efectiva la orden de captura en contra de este hombre, para que contin\u00fae el juicio privado de la libertad.<\/p>\n<p aria-hidden=\"true\" data-ogsc=\"black\">\n<p aria-hidden=\"true\" data-ogsc=\"black\">\n<p aria-hidden=\"true\" data-ogsc=\"black\">\n<p aria-hidden=\"true\" data-ogsc=\"black\">\n<p aria-hidden=\"true\" data-ogsc=\"black\">\n<p data-ogsc=\"black\">PAAM\/LMFO\/JCFJ\/DSH<\/p>\n<p data-ogsc=\"black\">\n<p data-ogsc=\"black\">\n<p data-ogsc=\"black\">\n<p data-ogsc=\"black\">\n<div class=\"td-post-content tagdiv-type\">\n<div class=\"td-post-content tagdiv-type\">\n<p><em>La informaci\u00f3n contenida en este bolet\u00edn de prensa corresponde a la narraci\u00f3n de los hechos noticiosos objetivos, suministrados por los funcionarios encargados de adelantar las investigaciones penales al interior de la Fiscal\u00eda General de la Naci\u00f3n. Para el momento de la divulgaci\u00f3n de este comunicado, la situaci\u00f3n jur\u00eddica de la(s) persona(s) relacionada(s) se encuentra pendiente de resolver por la autoridad judicial competente, siempre bajo los preceptos de la presunci\u00f3n de inocencia, consagrados en el art\u00edculo 29 de la Constituci\u00f3n Pol\u00edtica y el art\u00edculo 7\u00ba de la Ley 906 de 2004.<\/em><\/p>\n<\/div>\n<footer>\n<div class=\"td-post-sharing-bottom\"><\/div>\n<\/footer>\n<\/div>\n\n<div class=\"twitter-share\"><a href=\"https:\/\/twitter.com\/intent\/tweet?via=fiscaliacol\" class=\"twitter-share-button\">Tweet<\/a><\/div>\n","protected":false},"excerpt":{"rendered":"<p>La Fiscal\u00eda logr\u00f3 comprobar ante un juez con funci\u00f3n de control de garant\u00edas, que el enjuiciado por el delito de feminicidio agravado, hostigaba a la familia de la v\u00edctima, lo [&hellip;]<\/p>\n","protected":false},"author":177,"featured_media":0,"comment_status":"closed","ping_status":"open","sticky":false,"template":"","format":"standard","meta":{"tdm_status":"","tdm_grid_status":"","footnotes":""},"categories":[1,333,303],"tags":[28883,31993,3119,924,45,14221,13442,4614,1047,16,2313,5864,9546,2723,23972,17445],"class_list":["post-322644","post","type-post","status-publish","format-standard","category-noticias","category-seccional-neiva","category-seccionales","tag-acevedo","tag-acevedo-huila","tag-amenazas","tag-captura","tag-cti","tag-familia","tag-feminicidio","tag-fiscalia-2","tag-fiscalia-general-de-la-nacion","tag-huila","tag-juicio","tag-juzgado","tag-medida-de-aseguramiento-intramuros","tag-pitalito","tag-policia","tag-victima"],"yoast_head":"<!-- This site is optimized with the Yoast SEO plugin v24.3 - https:\/\/yoast.com\/wordpress\/plugins\/seo\/ -->\n<title>Fiscal\u00eda General de la Naci\u00f3n<\/title>\n<meta name=\"description\" content=\"P\u00e1gina oficial de la Fiscal\u00eda General de la Naci\u00f3n \u2013 Colombia. Garantizamos el acceso efectivo a la justicia, la verdad y la reparaci\u00f3n de las v\u00edctimas de los delitos.\" \/>\n<meta name=\"robots\" content=\"noindex, follow\" \/>\n<meta property=\"og:locale\" content=\"es_ES\" \/>\n<meta property=\"og:type\" content=\"article\" \/>\n<meta property=\"og:title\" content=\"Fiscal\u00eda General de la Naci\u00f3n\" \/>\n<meta property=\"og:description\" content=\"P\u00e1gina oficial de la Fiscal\u00eda General de la Naci\u00f3n \u2013 Colombia. Garantizamos el acceso efectivo a la justicia, la verdad y la reparaci\u00f3n de las v\u00edctimas de los delitos.\" \/>\n<meta property=\"og:url\" content=\"https:\/\/www.fiscalia.gov.co\/colombia\/noticias\/enviado-a-la-carcel-hombre-que-habia-salido-libre-por-vencimiento-de-terminos-presunto-responsable-de-asesinar-a-una-mujer-en-huila\/\" \/>\n<meta property=\"og:site_name\" content=\"Fiscal\u00eda General de la Naci\u00f3n\" \/>\n<meta property=\"article:publisher\" content=\"https:\/\/www.facebook.com\/FiscaliaCol\" \/>\n<meta property=\"article:published_time\" content=\"2025-08-28T15:32:21+00:00\" \/>\n<meta property=\"og:image\" content=\"https:\/\/www.fiscalia.gov.co\/colombia\/wp-content\/uploads\/alias-chuky-recaptura-feminicidio-huila.jpeg\" \/>\n\t<meta property=\"og:image:width\" content=\"1122\" \/>\n\t<meta property=\"og:image:height\" content=\"1112\" \/>\n\t<meta property=\"og:image:type\" content=\"image\/jpeg\" \/>\n<meta name=\"author\" content=\"Jordan Leandro Oviedo Anzola\" \/>\n<meta name=\"twitter:card\" content=\"summary_large_image\" \/>\n<meta name=\"twitter:creator\" content=\"@FiscaliaCol\" \/>\n<meta name=\"twitter:site\" content=\"@FiscaliaCol\" \/>\n<meta name=\"twitter:label1\" content=\"Escrito por\" \/>\n\t<meta name=\"twitter:data1\" content=\"Jordan Leandro Oviedo Anzola\" \/>\n\t<meta name=\"twitter:label2\" content=\"Tiempo de lectura\" \/>\n\t<meta name=\"twitter:data2\" content=\"2 minutos\" \/>\n<script type=\"application\/ld+json\" class=\"yoast-schema-graph\">{\"@context\":\"https:\/\/schema.org\",\"@graph\":[{\"@type\":\"Article\",\"@id\":\"https:\/\/www.fiscalia.gov.co\/colombia\/noticias\/enviado-a-la-carcel-hombre-que-habia-salido-libre-por-vencimiento-de-terminos-presunto-responsable-de-asesinar-a-una-mujer-en-huila\/#article\",\"isPartOf\":{\"@id\":\"https:\/\/www.fiscalia.gov.co\/colombia\/noticias\/enviado-a-la-carcel-hombre-que-habia-salido-libre-por-vencimiento-de-terminos-presunto-responsable-de-asesinar-a-una-mujer-en-huila\/\"},\"author\":{\"name\":\"Jordan Leandro Oviedo Anzola\",\"@id\":\"https:\/\/www.fiscalia.gov.co\/colombia\/#\/schema\/person\/bf84402cf293a5393e9c70b111020b24\"},\"headline\":\"Enviado a la c\u00e1rcel hombre que hab\u00eda salido libre por vencimiento de t\u00e9rminos, presunto responsable de asesinar a una mujer en Huila\",\"datePublished\":\"2025-08-28T15:32:21+00:00\",\"dateModified\":\"2025-08-28T15:32:21+00:00\",\"mainEntityOfPage\":{\"@id\":\"https:\/\/www.fiscalia.gov.co\/colombia\/noticias\/enviado-a-la-carcel-hombre-que-habia-salido-libre-por-vencimiento-de-terminos-presunto-responsable-de-asesinar-a-una-mujer-en-huila\/\"},\"wordCount\":388,\"publisher\":{\"@id\":\"https:\/\/www.fiscalia.gov.co\/colombia\/#organization\"},\"image\":{\"@id\":\"https:\/\/www.fiscalia.gov.co\/colombia\/noticias\/enviado-a-la-carcel-hombre-que-habia-salido-libre-por-vencimiento-de-terminos-presunto-responsable-de-asesinar-a-una-mujer-en-huila\/#primaryimage\"},\"thumbnailUrl\":\"https:\/\/www.fiscalia.gov.co\/colombia\/wp-content\/uploads\/alias-chuky-recaptura-feminicidio-huila-1024x1015.jpeg\",\"keywords\":[\"Acevedo\",\"Acevedo (Huila)\",\"Amenazas\",\"Captura\",\"CTI\",\"Familia\",\"Feminicidio\",\"Fiscal\u00eda\",\"Fiscal\u00eda General de la Naci\u00f3n\",\"Huila\",\"Juicio\",\"Juzgado\",\"medida de aseguramiento intramuros\",\"Pitalito\",\"Polic\u00eda\",\"V\u00edctima\"],\"articleSection\":[\"Noticias\",\"Seccional Neiva\",\"Seccionales\"],\"inLanguage\":\"es-CO\"},{\"@type\":\"WebPage\",\"@id\":\"https:\/\/www.fiscalia.gov.co\/colombia\/noticias\/enviado-a-la-carcel-hombre-que-habia-salido-libre-por-vencimiento-de-terminos-presunto-responsable-de-asesinar-a-una-mujer-en-huila\/\",\"url\":\"https:\/\/www.fiscalia.gov.co\/colombia\/noticias\/enviado-a-la-carcel-hombre-que-habia-salido-libre-por-vencimiento-de-terminos-presunto-responsable-de-asesinar-a-una-mujer-en-huila\/\",\"name\":\"Fiscal\u00eda General de la Naci\u00f3n\",\"isPartOf\":{\"@id\":\"https:\/\/www.fiscalia.gov.co\/colombia\/#website\"},\"primaryImageOfPage\":{\"@id\":\"https:\/\/www.fiscalia.gov.co\/colombia\/noticias\/enviado-a-la-carcel-hombre-que-habia-salido-libre-por-vencimiento-de-terminos-presunto-responsable-de-asesinar-a-una-mujer-en-huila\/#primaryimage\"},\"image\":{\"@id\":\"https:\/\/www.fiscalia.gov.co\/colombia\/noticias\/enviado-a-la-carcel-hombre-que-habia-salido-libre-por-vencimiento-de-terminos-presunto-responsable-de-asesinar-a-una-mujer-en-huila\/#primaryimage\"},\"thumbnailUrl\":\"https:\/\/www.fiscalia.gov.co\/colombia\/wp-content\/uploads\/alias-chuky-recaptura-feminicidio-huila-1024x1015.jpeg\",\"datePublished\":\"2025-08-28T15:32:21+00:00\",\"dateModified\":\"2025-08-28T15:32:21+00:00\",\"description\":\"P\u00e1gina oficial de la Fiscal\u00eda General de la Naci\u00f3n \u2013 Colombia. Garantizamos el acceso efectivo a la justicia, la verdad y la reparaci\u00f3n de las v\u00edctimas de los delitos.\",\"breadcrumb\":{\"@id\":\"https:\/\/www.fiscalia.gov.co\/colombia\/noticias\/enviado-a-la-carcel-hombre-que-habia-salido-libre-por-vencimiento-de-terminos-presunto-responsable-de-asesinar-a-una-mujer-en-huila\/#breadcrumb\"},\"inLanguage\":\"es-CO\",\"potentialAction\":[{\"@type\":\"ReadAction\",\"target\":[\"https:\/\/www.fiscalia.gov.co\/colombia\/noticias\/enviado-a-la-carcel-hombre-que-habia-salido-libre-por-vencimiento-de-terminos-presunto-responsable-de-asesinar-a-una-mujer-en-huila\/\"]}]},{\"@type\":\"ImageObject\",\"inLanguage\":\"es-CO\",\"@id\":\"https:\/\/www.fiscalia.gov.co\/colombia\/noticias\/enviado-a-la-carcel-hombre-que-habia-salido-libre-por-vencimiento-de-terminos-presunto-responsable-de-asesinar-a-una-mujer-en-huila\/#primaryimage\",\"url\":\"https:\/\/www.fiscalia.gov.co\/colombia\/wp-content\/uploads\/alias-chuky-recaptura-feminicidio-huila.jpeg\",\"contentUrl\":\"https:\/\/www.fiscalia.gov.co\/colombia\/wp-content\/uploads\/alias-chuky-recaptura-feminicidio-huila.jpeg\",\"width\":1122,\"height\":1112,\"caption\":\"El hombre fue detenido en Neiva, en Cumplimiento a la orden judicial para cumplir medida de aseguramiento intramuros.\"},{\"@type\":\"BreadcrumbList\",\"@id\":\"https:\/\/www.fiscalia.gov.co\/colombia\/noticias\/enviado-a-la-carcel-hombre-que-habia-salido-libre-por-vencimiento-de-terminos-presunto-responsable-de-asesinar-a-una-mujer-en-huila\/#breadcrumb\",\"itemListElement\":[{\"@type\":\"ListItem\",\"position\":1,\"name\":\"Home\",\"item\":\"https:\/\/www.fiscalia.gov.co\/colombia\/\"},{\"@type\":\"ListItem\",\"position\":2,\"name\":\"Enviado a la c\u00e1rcel hombre que hab\u00eda salido libre por vencimiento de t\u00e9rminos, presunto responsable de asesinar a una mujer en Huila\"}]},{\"@type\":\"WebSite\",\"@id\":\"https:\/\/www.fiscalia.gov.co\/colombia\/#website\",\"url\":\"https:\/\/www.fiscalia.gov.co\/colombia\/\",\"name\":\"Fiscal\u00eda General de la Naci\u00f3n\",\"description\":\"P\u00e1gina oficial de la Fiscal\u00eda General de la Naci\u00f3n \u2013 Colombia. Garantizamos el acceso efectivo a la justicia, la verdad y la reparaci\u00f3n de las v\u00edctimas de los delitos.\",\"publisher\":{\"@id\":\"https:\/\/www.fiscalia.gov.co\/colombia\/#organization\"},\"potentialAction\":[{\"@type\":\"SearchAction\",\"target\":{\"@type\":\"EntryPoint\",\"urlTemplate\":\"https:\/\/www.fiscalia.gov.co\/colombia\/?s={search_term_string}\"},\"query-input\":{\"@type\":\"PropertyValueSpecification\",\"valueRequired\":true,\"valueName\":\"search_term_string\"}}],\"inLanguage\":\"es-CO\"},{\"@type\":\"Organization\",\"@id\":\"https:\/\/www.fiscalia.gov.co\/colombia\/#organization\",\"name\":\"Fiscal\u00eda General de la Naci\u00f3n\",\"url\":\"https:\/\/www.fiscalia.gov.co\/colombia\/\",\"logo\":{\"@type\":\"ImageObject\",\"inLanguage\":\"es-CO\",\"@id\":\"https:\/\/www.fiscalia.gov.co\/colombia\/#\/schema\/logo\/image\/\",\"url\":\"https:\/\/www.fiscalia.gov.co\/colombia\/wp-content\/uploads\/LogoHorizontal_1.jpg\",\"contentUrl\":\"https:\/\/www.fiscalia.gov.co\/colombia\/wp-content\/uploads\/LogoHorizontal_1.jpg\",\"width\":300,\"height\":90,\"caption\":\"Fiscal\u00eda General de la Naci\u00f3n\"},\"image\":{\"@id\":\"https:\/\/www.fiscalia.gov.co\/colombia\/#\/schema\/logo\/image\/\"},\"sameAs\":[\"https:\/\/www.facebook.com\/FiscaliaCol\",\"https:\/\/x.com\/FiscaliaCol\",\"https:\/\/www.instagram.com\/fiscaliacol\",\"https:\/\/www.linkedin.com\/company\/fiscalia-general-de-la-naci-n\/\",\"https:\/\/youtube.com\/@fiscaliageneraldelanacion-4668?si=6nN79nyQICPU5iTh\"]},{\"@type\":\"Person\",\"@id\":\"https:\/\/www.fiscalia.gov.co\/colombia\/#\/schema\/person\/bf84402cf293a5393e9c70b111020b24\",\"name\":\"Jordan Leandro Oviedo Anzola\",\"image\":{\"@type\":\"ImageObject\",\"inLanguage\":\"es-CO\",\"@id\":\"https:\/\/www.fiscalia.gov.co\/colombia\/#\/schema\/person\/image\/\",\"url\":\"https:\/\/secure.gravatar.com\/avatar\/dabba4346fa9b9207d96adafa8f92721?s=96&d=mm&r=g\",\"contentUrl\":\"https:\/\/secure.gravatar.com\/avatar\/dabba4346fa9b9207d96adafa8f92721?s=96&d=mm&r=g\",\"caption\":\"Jordan Leandro Oviedo Anzola\"},\"url\":\"https:\/\/www.fiscalia.gov.co\/colombia\/author\/joviedo\/\"}]}<\/script>\n<!-- \/ Yoast SEO plugin. -->","yoast_head_json":{"title":"Fiscal\u00eda General de la Naci\u00f3n","description":"P\u00e1gina oficial de la Fiscal\u00eda General de la Naci\u00f3n \u2013 Colombia. Garantizamos el acceso efectivo a la justicia, la verdad y la reparaci\u00f3n de las v\u00edctimas de los delitos.","robots":{"index":"noindex","follow":"follow"},"og_locale":"es_ES","og_type":"article","og_title":"Fiscal\u00eda General de la Naci\u00f3n","og_description":"P\u00e1gina oficial de la Fiscal\u00eda General de la Naci\u00f3n \u2013 Colombia. Garantizamos el acceso efectivo a la justicia, la verdad y la reparaci\u00f3n de las v\u00edctimas de los delitos.","og_url":"https:\/\/www.fiscalia.gov.co\/colombia\/noticias\/enviado-a-la-carcel-hombre-que-habia-salido-libre-por-vencimiento-de-terminos-presunto-responsable-de-asesinar-a-una-mujer-en-huila\/","og_site_name":"Fiscal\u00eda General de la Naci\u00f3n","article_publisher":"https:\/\/www.facebook.com\/FiscaliaCol","article_published_time":"2025-08-28T15:32:21+00:00","og_image":[{"width":1122,"height":1112,"url":"https:\/\/www.fiscalia.gov.co\/colombia\/wp-content\/uploads\/alias-chuky-recaptura-feminicidio-huila.jpeg","type":"image\/jpeg"}],"author":"Jordan Leandro Oviedo Anzola","twitter_card":"summary_large_image","twitter_creator":"@FiscaliaCol","twitter_site":"@FiscaliaCol","twitter_misc":{"Escrito por":"Jordan Leandro Oviedo Anzola","Tiempo de lectura":"2 minutos"},"schema":{"@context":"https:\/\/schema.org","@graph":[{"@type":"Article","@id":"https:\/\/www.fiscalia.gov.co\/colombia\/noticias\/enviado-a-la-carcel-hombre-que-habia-salido-libre-por-vencimiento-de-terminos-presunto-responsable-de-asesinar-a-una-mujer-en-huila\/#article","isPartOf":{"@id":"https:\/\/www.fiscalia.gov.co\/colombia\/noticias\/enviado-a-la-carcel-hombre-que-habia-salido-libre-por-vencimiento-de-terminos-presunto-responsable-de-asesinar-a-una-mujer-en-huila\/"},"author":{"name":"Jordan Leandro Oviedo Anzola","@id":"https:\/\/www.fiscalia.gov.co\/colombia\/#\/schema\/person\/bf84402cf293a5393e9c70b111020b24"},"headline":"Enviado a la c\u00e1rcel hombre que hab\u00eda salido libre por vencimiento de t\u00e9rminos, presunto responsable de asesinar a una mujer en Huila","datePublished":"2025-08-28T15:32:21+00:00","dateModified":"2025-08-28T15:32:21+00:00","mainEntityOfPage":{"@id":"https:\/\/www.fiscalia.gov.co\/colombia\/noticias\/enviado-a-la-carcel-hombre-que-habia-salido-libre-por-vencimiento-de-terminos-presunto-responsable-de-asesinar-a-una-mujer-en-huila\/"},"wordCount":388,"publisher":{"@id":"https:\/\/www.fiscalia.gov.co\/colombia\/#organization"},"image":{"@id":"https:\/\/www.fiscalia.gov.co\/colombia\/noticias\/enviado-a-la-carcel-hombre-que-habia-salido-libre-por-vencimiento-de-terminos-presunto-responsable-de-asesinar-a-una-mujer-en-huila\/#primaryimage"},"thumbnailUrl":"https:\/\/www.fiscalia.gov.co\/colombia\/wp-content\/uploads\/alias-chuky-recaptura-feminicidio-huila-1024x1015.jpeg","keywords":["Acevedo","Acevedo (Huila)","Amenazas","Captura","CTI","Familia","Feminicidio","Fiscal\u00eda","Fiscal\u00eda General de la Naci\u00f3n","Huila","Juicio","Juzgado","medida de aseguramiento intramuros","Pitalito","Polic\u00eda","V\u00edctima"],"articleSection":["Noticias","Seccional Neiva","Seccionales"],"inLanguage":"es-CO"},{"@type":"WebPage","@id":"https:\/\/www.fiscalia.gov.co\/colombia\/noticias\/enviado-a-la-carcel-hombre-que-habia-salido-libre-por-vencimiento-de-terminos-presunto-responsable-de-asesinar-a-una-mujer-en-huila\/","url":"https:\/\/www.fiscalia.gov.co\/colombia\/noticias\/enviado-a-la-carcel-hombre-que-habia-salido-libre-por-vencimiento-de-terminos-presunto-responsable-de-asesinar-a-una-mujer-en-huila\/","name":"Fiscal\u00eda General de la Naci\u00f3n","isPartOf":{"@id":"https:\/\/www.fiscalia.gov.co\/colombia\/#website"},"primaryImageOfPage":{"@id":"https:\/\/www.fiscalia.gov.co\/colombia\/noticias\/enviado-a-la-carcel-hombre-que-habia-salido-libre-por-vencimiento-de-terminos-presunto-responsable-de-asesinar-a-una-mujer-en-huila\/#primaryimage"},"image":{"@id":"https:\/\/www.fiscalia.gov.co\/colombia\/noticias\/enviado-a-la-carcel-hombre-que-habia-salido-libre-por-vencimiento-de-terminos-presunto-responsable-de-asesinar-a-una-mujer-en-huila\/#primaryimage"},"thumbnailUrl":"https:\/\/www.fiscalia.gov.co\/colombia\/wp-content\/uploads\/alias-chuky-recaptura-feminicidio-huila-1024x1015.jpeg","datePublished":"2025-08-28T15:32:21+00:00","dateModified":"2025-08-28T15:32:21+00:00","description":"P\u00e1gina oficial de la Fiscal\u00eda General de la Naci\u00f3n \u2013 Colombia. Garantizamos el acceso efectivo a la justicia, la verdad y la reparaci\u00f3n de las v\u00edctimas de los delitos.","breadcrumb":{"@id":"https:\/\/www.fiscalia.gov.co\/colombia\/noticias\/enviado-a-la-carcel-hombre-que-habia-salido-libre-por-vencimiento-de-terminos-presunto-responsable-de-asesinar-a-una-mujer-en-huila\/#breadcrumb"},"inLanguage":"es-CO","potentialAction":[{"@type":"ReadAction","target":["https:\/\/www.fiscalia.gov.co\/colombia\/noticias\/enviado-a-la-carcel-hombre-que-habia-salido-libre-por-vencimiento-de-terminos-presunto-responsable-de-asesinar-a-una-mujer-en-huila\/"]}]},{"@type":"ImageObject","inLanguage":"es-CO","@id":"https:\/\/www.fiscalia.gov.co\/colombia\/noticias\/enviado-a-la-carcel-hombre-que-habia-salido-libre-por-vencimiento-de-terminos-presunto-responsable-de-asesinar-a-una-mujer-en-huila\/#primaryimage","url":"https:\/\/www.fiscalia.gov.co\/colombia\/wp-content\/uploads\/alias-chuky-recaptura-feminicidio-huila.jpeg","contentUrl":"https:\/\/www.fiscalia.gov.co\/colombia\/wp-content\/uploads\/alias-chuky-recaptura-feminicidio-huila.jpeg","width":1122,"height":1112,"caption":"El hombre fue detenido en Neiva, en Cumplimiento a la orden judicial para cumplir medida de aseguramiento intramuros."},{"@type":"BreadcrumbList","@id":"https:\/\/www.fiscalia.gov.co\/colombia\/noticias\/enviado-a-la-carcel-hombre-que-habia-salido-libre-por-vencimiento-de-terminos-presunto-responsable-de-asesinar-a-una-mujer-en-huila\/#breadcrumb","itemListElement":[{"@type":"ListItem","position":1,"name":"Home","item":"https:\/\/www.fiscalia.gov.co\/colombia\/"},{"@type":"ListItem","position":2,"name":"Enviado a la c\u00e1rcel hombre que hab\u00eda salido libre por vencimiento de t\u00e9rminos, presunto responsable de asesinar a una mujer en Huila"}]},{"@type":"WebSite","@id":"https:\/\/www.fiscalia.gov.co\/colombia\/#website","url":"https:\/\/www.fiscalia.gov.co\/colombia\/","name":"Fiscal\u00eda General de la Naci\u00f3n","description":"P\u00e1gina oficial de la Fiscal\u00eda General de la Naci\u00f3n \u2013 Colombia. Garantizamos el acceso efectivo a la justicia, la verdad y la reparaci\u00f3n de las v\u00edctimas de los delitos.","publisher":{"@id":"https:\/\/www.fiscalia.gov.co\/colombia\/#organization"},"potentialAction":[{"@type":"SearchAction","target":{"@type":"EntryPoint","urlTemplate":"https:\/\/www.fiscalia.gov.co\/colombia\/?s={search_term_string}"},"query-input":{"@type":"PropertyValueSpecification","valueRequired":true,"valueName":"search_term_string"}}],"inLanguage":"es-CO"},{"@type":"Organization","@id":"https:\/\/www.fiscalia.gov.co\/colombia\/#organization","name":"Fiscal\u00eda General de la Naci\u00f3n","url":"https:\/\/www.fiscalia.gov.co\/colombia\/","logo":{"@type":"ImageObject","inLanguage":"es-CO","@id":"https:\/\/www.fiscalia.gov.co\/colombia\/#\/schema\/logo\/image\/","url":"https:\/\/www.fiscalia.gov.co\/colombia\/wp-content\/uploads\/LogoHorizontal_1.jpg","contentUrl":"https:\/\/www.fiscalia.gov.co\/colombia\/wp-content\/uploads\/LogoHorizontal_1.jpg","width":300,"height":90,"caption":"Fiscal\u00eda General de la Naci\u00f3n"},"image":{"@id":"https:\/\/www.fiscalia.gov.co\/colombia\/#\/schema\/logo\/image\/"},"sameAs":["https:\/\/www.facebook.com\/FiscaliaCol","https:\/\/x.com\/FiscaliaCol","https:\/\/www.instagram.com\/fiscaliacol","https:\/\/www.linkedin.com\/company\/fiscalia-general-de-la-naci-n\/","https:\/\/youtube.com\/@fiscaliageneraldelanacion-4668?si=6nN79nyQICPU5iTh"]},{"@type":"Person","@id":"https:\/\/www.fiscalia.gov.co\/colombia\/#\/schema\/person\/bf84402cf293a5393e9c70b111020b24","name":"Jordan Leandro Oviedo Anzola","image":{"@type":"ImageObject","inLanguage":"es-CO","@id":"https:\/\/www.fiscalia.gov.co\/colombia\/#\/schema\/person\/image\/","url":"https:\/\/secure.gravatar.com\/avatar\/dabba4346fa9b9207d96adafa8f92721?s=96&d=mm&r=g","contentUrl":"https:\/\/secure.gravatar.com\/avatar\/dabba4346fa9b9207d96adafa8f92721?s=96&d=mm&r=g","caption":"Jordan Leandro Oviedo Anzola"},"url":"https:\/\/www.fiscalia.gov.co\/colombia\/author\/joviedo\/"}]}},"_links":{"self":[{"href":"https:\/\/www.fiscalia.gov.co\/colombia\/wp-json\/wp\/v2\/posts\/322644","targetHints":{"allow":["GET"]}}],"collection":[{"href":"https:\/\/www.fiscalia.gov.co\/colombia\/wp-json\/wp\/v2\/posts"}],"about":[{"href":"https:\/\/www.fiscalia.gov.co\/colombia\/wp-json\/wp\/v2\/types\/post"}],"author":[{"embeddable":true,"href":"https:\/\/www.fiscalia.gov.co\/colombia\/wp-json\/wp\/v2\/users\/177"}],"replies":[{"embeddable":true,"href":"https:\/\/www.fiscalia.gov.co\/colombia\/wp-json\/wp\/v2\/comments?post=322644"}],"version-history":[{"count":1,"href":"https:\/\/www.fiscalia.gov.co\/colombia\/wp-json\/wp\/v2\/posts\/322644\/revisions"}],"predecessor-version":[{"id":322646,"href":"https:\/\/www.fiscalia.gov.co\/colombia\/wp-json\/wp\/v2\/posts\/322644\/revisions\/322646"}],"wp:attachment":[{"href":"https:\/\/www.fiscalia.gov.co\/colombia\/wp-json\/wp\/v2\/media?parent=322644"}],"wp:term":[{"taxonomy":"category","embeddable":true,"href":"https:\/\/www.fiscalia.gov.co\/colombia\/wp-json\/wp\/v2\/categories?post=322644"},{"taxonomy":"post_tag","embeddable":true,"href":"https:\/\/www.fiscalia.gov.co\/colombia\/wp-json\/wp\/v2\/tags?post=322644"}],"curies":[{"name":"wp","href":"https:\/\/api.w.org\/{rel}","templated":true}]}}