{"id":322556,"date":"2025-08-27T14:17:20","date_gmt":"2025-08-27T19:17:20","guid":{"rendered":"https:\/\/www.fiscalia.gov.co\/colombia\/?p=322556"},"modified":"2025-08-27T14:17:20","modified_gmt":"2025-08-27T19:17:20","slug":"en-cartagena-fueron-privadas-de-la-libertad-dos-personas-que-estarian-involucradas-en-millonarios-hurtos","status":"publish","type":"post","link":"https:\/\/www.fiscalia.gov.co\/colombia\/noticias\/en-cartagena-fueron-privadas-de-la-libertad-dos-personas-que-estarian-involucradas-en-millonarios-hurtos\/","title":{"rendered":"En Cartagena fueron privadas de la libertad dos personas que estar\u00edan involucradas en millonarios hurtos"},"content":{"rendered":"<p data-ogsc=\"black\">Una fiscal de la Seccional Bol\u00edvar judicializ\u00f3 a un hombre y a una mujer quienes, en hechos independientes, habr\u00edan incurrido en <strong>hurtos a ciudadanos en Cartagena.<\/strong><\/p>\n<p data-ogsc=\"black\">Una de las procesadas es Rosa Mar\u00eda L\u00f3pez Rodr\u00edguez quien, al parecer, hurt\u00f3 m\u00e1s de 12 millones de pesos a una vecina suya del barrio El Poz\u00f3n. Los hechos ocurrieron el 10 de diciembre de 2023 cuando la ahora procesada <strong>habr\u00eda aprovechado que la casa de la v\u00edctima estaba sola, para ingresar y sustraer el dinero.<\/strong><\/p>\n<p data-ogsc=\"black\">La investigaci\u00f3n determin\u00f3 que una vez cometido el delito<strong> la mujer adquiri\u00f3 material de construcci\u00f3n para reformar su vivienda, al igual que electrodom\u00e9sticos y ropa<\/strong>. La captura se materializ\u00f3 el pasado 15 de agosto, en cumplimiento de una orden judicial.<\/p>\n<figure id=\"attachment_322557\" aria-describedby=\"caption-attachment-322557\" style=\"width: 696px\" class=\"wp-caption aligncenter\"><img loading=\"lazy\" decoding=\"async\" class=\"size-large wp-image-322557\" src=\"https:\/\/www.fiscalia.gov.co\/colombia\/wp-content\/uploads\/Foto-3-boletin-27-de-agosto-hurto-1-1024x933.jpeg\" alt=\"En la imagen est\u00e1 un hombre moreno, de pie, de frente con la cabeza agachada, brazos atr\u00e1s esposados, de baja estatura, vestido con camiseta roja y bermuda negra. Se encuentra acompa\u00f1ado por dos polic\u00edas.\u00a0\" width=\"696\" height=\"634\" srcset=\"https:\/\/www.fiscalia.gov.co\/colombia\/wp-content\/uploads\/Foto-3-boletin-27-de-agosto-hurto-1-1024x933.jpeg 1024w, https:\/\/www.fiscalia.gov.co\/colombia\/wp-content\/uploads\/Foto-3-boletin-27-de-agosto-hurto-1-300x273.jpeg 300w, https:\/\/www.fiscalia.gov.co\/colombia\/wp-content\/uploads\/Foto-3-boletin-27-de-agosto-hurto-1-768x699.jpeg 768w, https:\/\/www.fiscalia.gov.co\/colombia\/wp-content\/uploads\/Foto-3-boletin-27-de-agosto-hurto-1-461x420.jpeg 461w, https:\/\/www.fiscalia.gov.co\/colombia\/wp-content\/uploads\/Foto-3-boletin-27-de-agosto-hurto-1-696x634.jpeg 696w, https:\/\/www.fiscalia.gov.co\/colombia\/wp-content\/uploads\/Foto-3-boletin-27-de-agosto-hurto-1-1068x973.jpeg 1068w, https:\/\/www.fiscalia.gov.co\/colombia\/wp-content\/uploads\/Foto-3-boletin-27-de-agosto-hurto-1.jpeg 1210w\" sizes=\"auto, (max-width: 696px) 100vw, 696px\" \/><figcaption id=\"caption-attachment-322557\" class=\"wp-caption-text\">Luis Fernando Valdelamar Cassiani cumplir\u00e1 medida en centro carcelario.<\/figcaption><\/figure>\n<p data-ogsc=\"black\">Por otros hechos, registrados el 27 de octubre de 2024 en el barrio San Pedro, fue asegurado Luis Fernando Valdelamar Cassiani, de 27 a\u00f1os. Al parecer, el hombre us\u00f3 un arma de fuego para intimidar a una mujer a quien le hurt\u00f3 un celular de alta gama, una cadena y tres anillos de oro, <strong>avaluados en aproximadamente 40 millones de pesos.<\/strong> Una vez cometido el crimen el investigado huy\u00f3 del lugar en una motocicleta. \u00a0El procesado fue capturado en el sector de Zaragocilla, el pasado 19 de agosto.<\/p>\n<figure id=\"attachment_322558\" aria-describedby=\"caption-attachment-322558\" style=\"width: 696px\" class=\"wp-caption aligncenter\"><img loading=\"lazy\" decoding=\"async\" class=\"wp-image-322558 size-large\" src=\"https:\/\/www.fiscalia.gov.co\/colombia\/wp-content\/uploads\/Foto-1-boletin-27-de-agosto-hurto-1-1024x688.jpeg\" alt=\"En la foto est\u00e1 el medio cuerpo de una mujer morena, de cabellos negros crespos recogido, boca, nariz y ojos grandes, se encuentra vestida con una camiseta roja y est\u00e1 sentada en el interior de una oficina asistiendo virtualmente a la audiencia en la que se le proces\u00f3.\u00a0\" width=\"696\" height=\"468\" srcset=\"https:\/\/www.fiscalia.gov.co\/colombia\/wp-content\/uploads\/Foto-1-boletin-27-de-agosto-hurto-1-1024x688.jpeg 1024w, https:\/\/www.fiscalia.gov.co\/colombia\/wp-content\/uploads\/Foto-1-boletin-27-de-agosto-hurto-1-300x202.jpeg 300w, https:\/\/www.fiscalia.gov.co\/colombia\/wp-content\/uploads\/Foto-1-boletin-27-de-agosto-hurto-1-768x516.jpeg 768w, https:\/\/www.fiscalia.gov.co\/colombia\/wp-content\/uploads\/Foto-1-boletin-27-de-agosto-hurto-1-1536x1032.jpeg 1536w, https:\/\/www.fiscalia.gov.co\/colombia\/wp-content\/uploads\/Foto-1-boletin-27-de-agosto-hurto-1-625x420.jpeg 625w, https:\/\/www.fiscalia.gov.co\/colombia\/wp-content\/uploads\/Foto-1-boletin-27-de-agosto-hurto-1-696x468.jpeg 696w, https:\/\/www.fiscalia.gov.co\/colombia\/wp-content\/uploads\/Foto-1-boletin-27-de-agosto-hurto-1-1068x718.jpeg 1068w, https:\/\/www.fiscalia.gov.co\/colombia\/wp-content\/uploads\/Foto-1-boletin-27-de-agosto-hurto-1.jpeg 1600w\" sizes=\"auto, (max-width: 696px) 100vw, 696px\" \/><figcaption id=\"caption-attachment-322558\" class=\"wp-caption-text\">A Rosa Mar\u00eda L\u00f3pez Rodr\u00edguez, la Fiscal\u00eda le imput\u00f3 el delito de hurto calificado agravado.\u00a0<\/figcaption><\/figure>\n<p>Ninguno de los procesados acept\u00f3 su responsabilidad en cuanto a los delitos de hurto calificado agravado que les imput\u00f3 la Fiscal\u00eda. Las dos personas fueron afectadas con medidas de aseguramiento carcelarias.<\/p>\n<p>&nbsp;<\/p>\n<p>&nbsp;<\/p>\n<p>&nbsp;<\/p>\n<p>&nbsp;<\/p>\n<p>&nbsp;<\/p>\n<p>MEVA\/MAGA\/MT\/EGM\/DSB<\/p>\n<p>&nbsp;<\/p>\n<p>&nbsp;<\/p>\n<p>&nbsp;<\/p>\n<p>&nbsp;<\/p>\n<p>&nbsp;<\/p>\n<p><em>La informaci\u00f3n contenida en este bolet\u00edn de prensa corresponde a la narraci\u00f3n de los hechos noticiosos objetivos, suministrados por los funcionarios encargados de adelantar las investigaciones penales al interior de la Fiscal\u00eda General de la Naci\u00f3n. Para el momento de la divulgaci\u00f3n de este comunicado, la situaci\u00f3n jur\u00eddica de la(s) persona(s) relacionada(s) se encuentra pendiente de resolver por la autoridad judicial competente, siempre bajo los preceptos de la presunci\u00f3n de inocencia, consagrados en el art\u00edculo 29 de la Constituci\u00f3n Pol\u00edtica y el art\u00edculo 7\u00ba de la Ley 906 de 2004.<\/em><\/p>\n\n<div class=\"twitter-share\"><a href=\"https:\/\/twitter.com\/intent\/tweet?via=fiscaliacol\" class=\"twitter-share-button\">Tweet<\/a><\/div>\n","protected":false},"excerpt":{"rendered":"<p>Una fiscal de la Seccional Bol\u00edvar judicializ\u00f3 a un hombre y a una mujer quienes, en hechos independientes, habr\u00edan incurrido en hurtos a ciudadanos en Cartagena. Una de las procesadas es Rosa Mar\u00eda L\u00f3pez Rodr\u00edguez quien, al parecer, hurt\u00f3 m\u00e1s de 12 millones de pesos a una vecina suya del barrio El Poz\u00f3n. Los hechos [&hellip;]<\/p>\n","protected":false},"author":177,"featured_media":0,"comment_status":"closed","ping_status":"open","sticky":false,"template":"","format":"standard","meta":{"_price":"","_stock":"","_tribe_ticket_header":"","_tribe_default_ticket_provider":"","_tribe_ticket_capacity":"0","_ticket_start_date":"","_ticket_end_date":"","_tribe_ticket_show_description":"","_tribe_ticket_show_not_going":false,"_tribe_ticket_use_global_stock":"","_tribe_ticket_global_stock_level":"","_global_stock_mode":"","_global_stock_cap":"","_tribe_rsvp_for_event":"","_tribe_ticket_going_count":"","_tribe_ticket_not_going_count":"","_tribe_tickets_list":"[]","_tribe_ticket_has_attendee_info_fields":false,"tdm_status":"","tdm_grid_status":"","footnotes":""},"categories":[1,325,303],"tags":[12163,4648,32973,14550,23819,23998,24187,1047,23960,25689,2067,558,38422,14033,17445],"class_list":{"0":"post-322556","1":"post","2":"type-post","3":"status-publish","4":"format-standard","6":"category-noticias","7":"category-seccional-cartagena","8":"category-seccionales","9":"tag-arma-de-fuego","10":"tag-atraco","11":"tag-cadena-de-oro","12":"tag-carcel","13":"tag-cartagena","14":"tag-cartagena-bolivar","15":"tag-fiscalia-colombia","16":"tag-fiscalia-general-de-la-nacion","17":"tag-hurto","18":"tag-intimidacion","19":"tag-mujer","20":"tag-policia-nacional","21":"tag-procesada","22":"tag-vecina","23":"tag-victima"},"yoast_head":"<!-- This site is optimized with the Yoast SEO plugin v24.3 - https:\/\/yoast.com\/wordpress\/plugins\/seo\/ -->\n<title>Fiscal\u00eda General de la Naci\u00f3n<\/title>\n<meta name=\"description\" content=\"P\u00e1gina oficial de la Fiscal\u00eda General de la Naci\u00f3n \u2013 Colombia. Garantizamos el acceso efectivo a la justicia, la verdad y la reparaci\u00f3n de las v\u00edctimas de los delitos.\" \/>\n<meta name=\"robots\" content=\"noindex, follow\" \/>\n<meta property=\"og:locale\" content=\"es_ES\" \/>\n<meta property=\"og:type\" content=\"article\" \/>\n<meta property=\"og:title\" content=\"Fiscal\u00eda General de la Naci\u00f3n\" \/>\n<meta property=\"og:description\" content=\"P\u00e1gina oficial de la Fiscal\u00eda General de la Naci\u00f3n \u2013 Colombia. Garantizamos el acceso efectivo a la justicia, la verdad y la reparaci\u00f3n de las v\u00edctimas de los delitos.\" \/>\n<meta property=\"og:url\" content=\"https:\/\/www.fiscalia.gov.co\/colombia\/noticias\/en-cartagena-fueron-privadas-de-la-libertad-dos-personas-que-estarian-involucradas-en-millonarios-hurtos\/\" \/>\n<meta property=\"og:site_name\" content=\"Fiscal\u00eda General de la Naci\u00f3n\" \/>\n<meta property=\"article:publisher\" content=\"https:\/\/www.facebook.com\/FiscaliaCol\" \/>\n<meta property=\"article:published_time\" content=\"2025-08-27T19:17:20+00:00\" \/>\n<meta property=\"og:image\" content=\"https:\/\/www.fiscalia.gov.co\/colombia\/wp-content\/uploads\/Foto-3-boletin-27-de-agosto-hurto-1.jpeg\" \/>\n\t<meta property=\"og:image:width\" content=\"1210\" \/>\n\t<meta property=\"og:image:height\" content=\"1102\" \/>\n\t<meta property=\"og:image:type\" content=\"image\/jpeg\" \/>\n<meta name=\"author\" content=\"Jordan Leandro Oviedo Anzola\" \/>\n<meta name=\"twitter:card\" content=\"summary_large_image\" \/>\n<meta name=\"twitter:creator\" content=\"@FiscaliaCol\" \/>\n<meta name=\"twitter:site\" content=\"@FiscaliaCol\" \/>\n<meta name=\"twitter:label1\" content=\"Escrito por\" \/>\n\t<meta name=\"twitter:data1\" content=\"Jordan Leandro Oviedo Anzola\" \/>\n\t<meta name=\"twitter:label2\" content=\"Tiempo de lectura\" \/>\n\t<meta name=\"twitter:data2\" content=\"3 minutos\" \/>\n<script type=\"application\/ld+json\" class=\"yoast-schema-graph\">{\"@context\":\"https:\/\/schema.org\",\"@graph\":[{\"@type\":\"Article\",\"@id\":\"https:\/\/www.fiscalia.gov.co\/colombia\/noticias\/en-cartagena-fueron-privadas-de-la-libertad-dos-personas-que-estarian-involucradas-en-millonarios-hurtos\/#article\",\"isPartOf\":{\"@id\":\"https:\/\/www.fiscalia.gov.co\/colombia\/noticias\/en-cartagena-fueron-privadas-de-la-libertad-dos-personas-que-estarian-involucradas-en-millonarios-hurtos\/\"},\"author\":{\"name\":\"Jordan Leandro Oviedo Anzola\",\"@id\":\"https:\/\/www.fiscalia.gov.co\/colombia\/#\/schema\/person\/bf84402cf293a5393e9c70b111020b24\"},\"headline\":\"En Cartagena fueron privadas de la libertad dos personas que estar\u00edan involucradas en millonarios hurtos\",\"datePublished\":\"2025-08-27T19:17:20+00:00\",\"dateModified\":\"2025-08-27T19:17:20+00:00\",\"mainEntityOfPage\":{\"@id\":\"https:\/\/www.fiscalia.gov.co\/colombia\/noticias\/en-cartagena-fueron-privadas-de-la-libertad-dos-personas-que-estarian-involucradas-en-millonarios-hurtos\/\"},\"wordCount\":421,\"publisher\":{\"@id\":\"https:\/\/www.fiscalia.gov.co\/colombia\/#organization\"},\"image\":{\"@id\":\"https:\/\/www.fiscalia.gov.co\/colombia\/noticias\/en-cartagena-fueron-privadas-de-la-libertad-dos-personas-que-estarian-involucradas-en-millonarios-hurtos\/#primaryimage\"},\"thumbnailUrl\":\"https:\/\/www.fiscalia.gov.co\/colombia\/wp-content\/uploads\/Foto-3-boletin-27-de-agosto-hurto-1-1024x933.jpeg\",\"keywords\":[\"Arma de fuego\",\"Atraco\",\"cadena de oro\",\"C\u00e1rcel\",\"Cartagena\",\"Cartagena (Bol\u00edvar)\",\"Fiscal\u00eda Colombia\",\"Fiscal\u00eda General de la Naci\u00f3n\",\"Hurto\",\"intimidaci\u00f3n.\",\"Mujer\",\"Polic\u00eda Nacional\",\"procesada.\",\"Vecina\",\"V\u00edctima\"],\"articleSection\":[\"Noticias\",\"Seccional Cartagena\",\"Seccionales\"],\"inLanguage\":\"es-CO\"},{\"@type\":\"WebPage\",\"@id\":\"https:\/\/www.fiscalia.gov.co\/colombia\/noticias\/en-cartagena-fueron-privadas-de-la-libertad-dos-personas-que-estarian-involucradas-en-millonarios-hurtos\/\",\"url\":\"https:\/\/www.fiscalia.gov.co\/colombia\/noticias\/en-cartagena-fueron-privadas-de-la-libertad-dos-personas-que-estarian-involucradas-en-millonarios-hurtos\/\",\"name\":\"Fiscal\u00eda General de la Naci\u00f3n\",\"isPartOf\":{\"@id\":\"https:\/\/www.fiscalia.gov.co\/colombia\/#website\"},\"primaryImageOfPage\":{\"@id\":\"https:\/\/www.fiscalia.gov.co\/colombia\/noticias\/en-cartagena-fueron-privadas-de-la-libertad-dos-personas-que-estarian-involucradas-en-millonarios-hurtos\/#primaryimage\"},\"image\":{\"@id\":\"https:\/\/www.fiscalia.gov.co\/colombia\/noticias\/en-cartagena-fueron-privadas-de-la-libertad-dos-personas-que-estarian-involucradas-en-millonarios-hurtos\/#primaryimage\"},\"thumbnailUrl\":\"https:\/\/www.fiscalia.gov.co\/colombia\/wp-content\/uploads\/Foto-3-boletin-27-de-agosto-hurto-1-1024x933.jpeg\",\"datePublished\":\"2025-08-27T19:17:20+00:00\",\"dateModified\":\"2025-08-27T19:17:20+00:00\",\"description\":\"P\u00e1gina oficial de la Fiscal\u00eda General de la Naci\u00f3n \u2013 Colombia. Garantizamos el acceso efectivo a la justicia, la verdad y la reparaci\u00f3n de las v\u00edctimas de los delitos.\",\"breadcrumb\":{\"@id\":\"https:\/\/www.fiscalia.gov.co\/colombia\/noticias\/en-cartagena-fueron-privadas-de-la-libertad-dos-personas-que-estarian-involucradas-en-millonarios-hurtos\/#breadcrumb\"},\"inLanguage\":\"es-CO\",\"potentialAction\":[{\"@type\":\"ReadAction\",\"target\":[\"https:\/\/www.fiscalia.gov.co\/colombia\/noticias\/en-cartagena-fueron-privadas-de-la-libertad-dos-personas-que-estarian-involucradas-en-millonarios-hurtos\/\"]}]},{\"@type\":\"ImageObject\",\"inLanguage\":\"es-CO\",\"@id\":\"https:\/\/www.fiscalia.gov.co\/colombia\/noticias\/en-cartagena-fueron-privadas-de-la-libertad-dos-personas-que-estarian-involucradas-en-millonarios-hurtos\/#primaryimage\",\"url\":\"https:\/\/www.fiscalia.gov.co\/colombia\/wp-content\/uploads\/Foto-3-boletin-27-de-agosto-hurto-1.jpeg\",\"contentUrl\":\"https:\/\/www.fiscalia.gov.co\/colombia\/wp-content\/uploads\/Foto-3-boletin-27-de-agosto-hurto-1.jpeg\",\"width\":1210,\"height\":1102,\"caption\":\"Luis Fernando Valdelamar Cassiani cumplir\u00e1 medida en centro carcelario.\u00a0\"},{\"@type\":\"BreadcrumbList\",\"@id\":\"https:\/\/www.fiscalia.gov.co\/colombia\/noticias\/en-cartagena-fueron-privadas-de-la-libertad-dos-personas-que-estarian-involucradas-en-millonarios-hurtos\/#breadcrumb\",\"itemListElement\":[{\"@type\":\"ListItem\",\"position\":1,\"name\":\"Home\",\"item\":\"https:\/\/www.fiscalia.gov.co\/colombia\/\"},{\"@type\":\"ListItem\",\"position\":2,\"name\":\"En Cartagena fueron privadas de la libertad dos personas que estar\u00edan involucradas en millonarios hurtos\"}]},{\"@type\":\"WebSite\",\"@id\":\"https:\/\/www.fiscalia.gov.co\/colombia\/#website\",\"url\":\"https:\/\/www.fiscalia.gov.co\/colombia\/\",\"name\":\"Fiscal\u00eda General de la Naci\u00f3n\",\"description\":\"P\u00e1gina oficial de la Fiscal\u00eda General de la Naci\u00f3n \u2013 Colombia. Garantizamos el acceso efectivo a la justicia, la verdad y la reparaci\u00f3n de las v\u00edctimas de los delitos.\",\"publisher\":{\"@id\":\"https:\/\/www.fiscalia.gov.co\/colombia\/#organization\"},\"potentialAction\":[{\"@type\":\"SearchAction\",\"target\":{\"@type\":\"EntryPoint\",\"urlTemplate\":\"https:\/\/www.fiscalia.gov.co\/colombia\/?s={search_term_string}\"},\"query-input\":{\"@type\":\"PropertyValueSpecification\",\"valueRequired\":true,\"valueName\":\"search_term_string\"}}],\"inLanguage\":\"es-CO\"},{\"@type\":\"Organization\",\"@id\":\"https:\/\/www.fiscalia.gov.co\/colombia\/#organization\",\"name\":\"Fiscal\u00eda General de la Naci\u00f3n\",\"url\":\"https:\/\/www.fiscalia.gov.co\/colombia\/\",\"logo\":{\"@type\":\"ImageObject\",\"inLanguage\":\"es-CO\",\"@id\":\"https:\/\/www.fiscalia.gov.co\/colombia\/#\/schema\/logo\/image\/\",\"url\":\"https:\/\/www.fiscalia.gov.co\/colombia\/wp-content\/uploads\/LogoHorizontal_1.jpg\",\"contentUrl\":\"https:\/\/www.fiscalia.gov.co\/colombia\/wp-content\/uploads\/LogoHorizontal_1.jpg\",\"width\":300,\"height\":90,\"caption\":\"Fiscal\u00eda General de la Naci\u00f3n\"},\"image\":{\"@id\":\"https:\/\/www.fiscalia.gov.co\/colombia\/#\/schema\/logo\/image\/\"},\"sameAs\":[\"https:\/\/www.facebook.com\/FiscaliaCol\",\"https:\/\/x.com\/FiscaliaCol\",\"https:\/\/www.instagram.com\/fiscaliacol\",\"https:\/\/www.linkedin.com\/company\/fiscalia-general-de-la-naci-n\/\",\"https:\/\/youtube.com\/@fiscaliageneraldelanacion-4668?si=6nN79nyQICPU5iTh\"]},{\"@type\":\"Person\",\"@id\":\"https:\/\/www.fiscalia.gov.co\/colombia\/#\/schema\/person\/bf84402cf293a5393e9c70b111020b24\",\"name\":\"Jordan Leandro Oviedo Anzola\",\"image\":{\"@type\":\"ImageObject\",\"inLanguage\":\"es-CO\",\"@id\":\"https:\/\/www.fiscalia.gov.co\/colombia\/#\/schema\/person\/image\/\",\"url\":\"https:\/\/secure.gravatar.com\/avatar\/dabba4346fa9b9207d96adafa8f92721?s=96&d=mm&r=g\",\"contentUrl\":\"https:\/\/secure.gravatar.com\/avatar\/dabba4346fa9b9207d96adafa8f92721?s=96&d=mm&r=g\",\"caption\":\"Jordan Leandro Oviedo Anzola\"},\"url\":\"https:\/\/www.fiscalia.gov.co\/colombia\/author\/joviedo\/\"}]}<\/script>\n<!-- \/ Yoast SEO plugin. -->","yoast_head_json":{"title":"Fiscal\u00eda General de la Naci\u00f3n","description":"P\u00e1gina oficial de la Fiscal\u00eda General de la Naci\u00f3n \u2013 Colombia. Garantizamos el acceso efectivo a la justicia, la verdad y la reparaci\u00f3n de las v\u00edctimas de los delitos.","robots":{"index":"noindex","follow":"follow"},"og_locale":"es_ES","og_type":"article","og_title":"Fiscal\u00eda General de la Naci\u00f3n","og_description":"P\u00e1gina oficial de la Fiscal\u00eda General de la Naci\u00f3n \u2013 Colombia. Garantizamos el acceso efectivo a la justicia, la verdad y la reparaci\u00f3n de las v\u00edctimas de los delitos.","og_url":"https:\/\/www.fiscalia.gov.co\/colombia\/noticias\/en-cartagena-fueron-privadas-de-la-libertad-dos-personas-que-estarian-involucradas-en-millonarios-hurtos\/","og_site_name":"Fiscal\u00eda General de la Naci\u00f3n","article_publisher":"https:\/\/www.facebook.com\/FiscaliaCol","article_published_time":"2025-08-27T19:17:20+00:00","og_image":[{"width":1210,"height":1102,"url":"https:\/\/www.fiscalia.gov.co\/colombia\/wp-content\/uploads\/Foto-3-boletin-27-de-agosto-hurto-1.jpeg","type":"image\/jpeg"}],"author":"Jordan Leandro Oviedo Anzola","twitter_card":"summary_large_image","twitter_creator":"@FiscaliaCol","twitter_site":"@FiscaliaCol","twitter_misc":{"Escrito por":"Jordan Leandro Oviedo Anzola","Tiempo de lectura":"3 minutos"},"schema":{"@context":"https:\/\/schema.org","@graph":[{"@type":"Article","@id":"https:\/\/www.fiscalia.gov.co\/colombia\/noticias\/en-cartagena-fueron-privadas-de-la-libertad-dos-personas-que-estarian-involucradas-en-millonarios-hurtos\/#article","isPartOf":{"@id":"https:\/\/www.fiscalia.gov.co\/colombia\/noticias\/en-cartagena-fueron-privadas-de-la-libertad-dos-personas-que-estarian-involucradas-en-millonarios-hurtos\/"},"author":{"name":"Jordan Leandro Oviedo Anzola","@id":"https:\/\/www.fiscalia.gov.co\/colombia\/#\/schema\/person\/bf84402cf293a5393e9c70b111020b24"},"headline":"En Cartagena fueron privadas de la libertad dos personas que estar\u00edan involucradas en millonarios hurtos","datePublished":"2025-08-27T19:17:20+00:00","dateModified":"2025-08-27T19:17:20+00:00","mainEntityOfPage":{"@id":"https:\/\/www.fiscalia.gov.co\/colombia\/noticias\/en-cartagena-fueron-privadas-de-la-libertad-dos-personas-que-estarian-involucradas-en-millonarios-hurtos\/"},"wordCount":421,"publisher":{"@id":"https:\/\/www.fiscalia.gov.co\/colombia\/#organization"},"image":{"@id":"https:\/\/www.fiscalia.gov.co\/colombia\/noticias\/en-cartagena-fueron-privadas-de-la-libertad-dos-personas-que-estarian-involucradas-en-millonarios-hurtos\/#primaryimage"},"thumbnailUrl":"https:\/\/www.fiscalia.gov.co\/colombia\/wp-content\/uploads\/Foto-3-boletin-27-de-agosto-hurto-1-1024x933.jpeg","keywords":["Arma de fuego","Atraco","cadena de oro","C\u00e1rcel","Cartagena","Cartagena (Bol\u00edvar)","Fiscal\u00eda Colombia","Fiscal\u00eda General de la Naci\u00f3n","Hurto","intimidaci\u00f3n.","Mujer","Polic\u00eda Nacional","procesada.","Vecina","V\u00edctima"],"articleSection":["Noticias","Seccional Cartagena","Seccionales"],"inLanguage":"es-CO"},{"@type":"WebPage","@id":"https:\/\/www.fiscalia.gov.co\/colombia\/noticias\/en-cartagena-fueron-privadas-de-la-libertad-dos-personas-que-estarian-involucradas-en-millonarios-hurtos\/","url":"https:\/\/www.fiscalia.gov.co\/colombia\/noticias\/en-cartagena-fueron-privadas-de-la-libertad-dos-personas-que-estarian-involucradas-en-millonarios-hurtos\/","name":"Fiscal\u00eda General de la Naci\u00f3n","isPartOf":{"@id":"https:\/\/www.fiscalia.gov.co\/colombia\/#website"},"primaryImageOfPage":{"@id":"https:\/\/www.fiscalia.gov.co\/colombia\/noticias\/en-cartagena-fueron-privadas-de-la-libertad-dos-personas-que-estarian-involucradas-en-millonarios-hurtos\/#primaryimage"},"image":{"@id":"https:\/\/www.fiscalia.gov.co\/colombia\/noticias\/en-cartagena-fueron-privadas-de-la-libertad-dos-personas-que-estarian-involucradas-en-millonarios-hurtos\/#primaryimage"},"thumbnailUrl":"https:\/\/www.fiscalia.gov.co\/colombia\/wp-content\/uploads\/Foto-3-boletin-27-de-agosto-hurto-1-1024x933.jpeg","datePublished":"2025-08-27T19:17:20+00:00","dateModified":"2025-08-27T19:17:20+00:00","description":"P\u00e1gina oficial de la Fiscal\u00eda General de la Naci\u00f3n \u2013 Colombia. Garantizamos el acceso efectivo a la justicia, la verdad y la reparaci\u00f3n de las v\u00edctimas de los delitos.","breadcrumb":{"@id":"https:\/\/www.fiscalia.gov.co\/colombia\/noticias\/en-cartagena-fueron-privadas-de-la-libertad-dos-personas-que-estarian-involucradas-en-millonarios-hurtos\/#breadcrumb"},"inLanguage":"es-CO","potentialAction":[{"@type":"ReadAction","target":["https:\/\/www.fiscalia.gov.co\/colombia\/noticias\/en-cartagena-fueron-privadas-de-la-libertad-dos-personas-que-estarian-involucradas-en-millonarios-hurtos\/"]}]},{"@type":"ImageObject","inLanguage":"es-CO","@id":"https:\/\/www.fiscalia.gov.co\/colombia\/noticias\/en-cartagena-fueron-privadas-de-la-libertad-dos-personas-que-estarian-involucradas-en-millonarios-hurtos\/#primaryimage","url":"https:\/\/www.fiscalia.gov.co\/colombia\/wp-content\/uploads\/Foto-3-boletin-27-de-agosto-hurto-1.jpeg","contentUrl":"https:\/\/www.fiscalia.gov.co\/colombia\/wp-content\/uploads\/Foto-3-boletin-27-de-agosto-hurto-1.jpeg","width":1210,"height":1102,"caption":"Luis Fernando Valdelamar Cassiani cumplir\u00e1 medida en centro carcelario.\u00a0"},{"@type":"BreadcrumbList","@id":"https:\/\/www.fiscalia.gov.co\/colombia\/noticias\/en-cartagena-fueron-privadas-de-la-libertad-dos-personas-que-estarian-involucradas-en-millonarios-hurtos\/#breadcrumb","itemListElement":[{"@type":"ListItem","position":1,"name":"Home","item":"https:\/\/www.fiscalia.gov.co\/colombia\/"},{"@type":"ListItem","position":2,"name":"En Cartagena fueron privadas de la libertad dos personas que estar\u00edan involucradas en millonarios hurtos"}]},{"@type":"WebSite","@id":"https:\/\/www.fiscalia.gov.co\/colombia\/#website","url":"https:\/\/www.fiscalia.gov.co\/colombia\/","name":"Fiscal\u00eda General de la Naci\u00f3n","description":"P\u00e1gina oficial de la Fiscal\u00eda General de la Naci\u00f3n \u2013 Colombia. Garantizamos el acceso efectivo a la justicia, la verdad y la reparaci\u00f3n de las v\u00edctimas de los delitos.","publisher":{"@id":"https:\/\/www.fiscalia.gov.co\/colombia\/#organization"},"potentialAction":[{"@type":"SearchAction","target":{"@type":"EntryPoint","urlTemplate":"https:\/\/www.fiscalia.gov.co\/colombia\/?s={search_term_string}"},"query-input":{"@type":"PropertyValueSpecification","valueRequired":true,"valueName":"search_term_string"}}],"inLanguage":"es-CO"},{"@type":"Organization","@id":"https:\/\/www.fiscalia.gov.co\/colombia\/#organization","name":"Fiscal\u00eda General de la Naci\u00f3n","url":"https:\/\/www.fiscalia.gov.co\/colombia\/","logo":{"@type":"ImageObject","inLanguage":"es-CO","@id":"https:\/\/www.fiscalia.gov.co\/colombia\/#\/schema\/logo\/image\/","url":"https:\/\/www.fiscalia.gov.co\/colombia\/wp-content\/uploads\/LogoHorizontal_1.jpg","contentUrl":"https:\/\/www.fiscalia.gov.co\/colombia\/wp-content\/uploads\/LogoHorizontal_1.jpg","width":300,"height":90,"caption":"Fiscal\u00eda General de la Naci\u00f3n"},"image":{"@id":"https:\/\/www.fiscalia.gov.co\/colombia\/#\/schema\/logo\/image\/"},"sameAs":["https:\/\/www.facebook.com\/FiscaliaCol","https:\/\/x.com\/FiscaliaCol","https:\/\/www.instagram.com\/fiscaliacol","https:\/\/www.linkedin.com\/company\/fiscalia-general-de-la-naci-n\/","https:\/\/youtube.com\/@fiscaliageneraldelanacion-4668?si=6nN79nyQICPU5iTh"]},{"@type":"Person","@id":"https:\/\/www.fiscalia.gov.co\/colombia\/#\/schema\/person\/bf84402cf293a5393e9c70b111020b24","name":"Jordan Leandro Oviedo Anzola","image":{"@type":"ImageObject","inLanguage":"es-CO","@id":"https:\/\/www.fiscalia.gov.co\/colombia\/#\/schema\/person\/image\/","url":"https:\/\/secure.gravatar.com\/avatar\/dabba4346fa9b9207d96adafa8f92721?s=96&d=mm&r=g","contentUrl":"https:\/\/secure.gravatar.com\/avatar\/dabba4346fa9b9207d96adafa8f92721?s=96&d=mm&r=g","caption":"Jordan Leandro Oviedo Anzola"},"url":"https:\/\/www.fiscalia.gov.co\/colombia\/author\/joviedo\/"}]}},"_links":{"self":[{"href":"https:\/\/www.fiscalia.gov.co\/colombia\/wp-json\/wp\/v2\/posts\/322556","targetHints":{"allow":["GET"]}}],"collection":[{"href":"https:\/\/www.fiscalia.gov.co\/colombia\/wp-json\/wp\/v2\/posts"}],"about":[{"href":"https:\/\/www.fiscalia.gov.co\/colombia\/wp-json\/wp\/v2\/types\/post"}],"author":[{"embeddable":true,"href":"https:\/\/www.fiscalia.gov.co\/colombia\/wp-json\/wp\/v2\/users\/177"}],"replies":[{"embeddable":true,"href":"https:\/\/www.fiscalia.gov.co\/colombia\/wp-json\/wp\/v2\/comments?post=322556"}],"version-history":[{"count":1,"href":"https:\/\/www.fiscalia.gov.co\/colombia\/wp-json\/wp\/v2\/posts\/322556\/revisions"}],"predecessor-version":[{"id":322559,"href":"https:\/\/www.fiscalia.gov.co\/colombia\/wp-json\/wp\/v2\/posts\/322556\/revisions\/322559"}],"wp:attachment":[{"href":"https:\/\/www.fiscalia.gov.co\/colombia\/wp-json\/wp\/v2\/media?parent=322556"}],"wp:term":[{"taxonomy":"category","embeddable":true,"href":"https:\/\/www.fiscalia.gov.co\/colombia\/wp-json\/wp\/v2\/categories?post=322556"},{"taxonomy":"post_tag","embeddable":true,"href":"https:\/\/www.fiscalia.gov.co\/colombia\/wp-json\/wp\/v2\/tags?post=322556"}],"curies":[{"name":"wp","href":"https:\/\/api.w.org\/{rel}","templated":true}]}}