{"id":322522,"date":"2025-08-27T10:44:11","date_gmt":"2025-08-27T15:44:11","guid":{"rendered":"https:\/\/www.fiscalia.gov.co\/colombia\/?p=322522"},"modified":"2025-08-27T10:44:11","modified_gmt":"2025-08-27T15:44:11","slug":"en-caqueta-fue-enviado-a-la-carcel-un-hombre-que-asesino-a-su-companera-permanente-mientras-dormia","status":"publish","type":"post","link":"https:\/\/www.fiscalia.gov.co\/colombia\/noticias\/en-caqueta-fue-enviado-a-la-carcel-un-hombre-que-asesino-a-su-companera-permanente-mientras-dormia\/","title":{"rendered":"En Caquet\u00e1 fue enviado a la c\u00e1rcel un hombre que asesin\u00f3 a su compa\u00f1era permanente mientras dorm\u00eda"},"content":{"rendered":"<p data-ogsc=\"black\">Por solicitud de la Fiscal\u00eda, un juez de control de garant\u00edas impuso medida de aseguramiento en centro carcelario contra un hombre, de 51 a\u00f1os, <strong>se\u00f1alado de asesinar a su compa\u00f1era permanente en San Vicente del Cagu\u00e1n (Caquet\u00e1).<\/strong><\/p>\n<figure id=\"attachment_322531\" aria-describedby=\"caption-attachment-322531\" style=\"width: 696px\" class=\"wp-caption aligncenter\"><img loading=\"lazy\" decoding=\"async\" class=\"size-large wp-image-322531\" src=\"https:\/\/www.fiscalia.gov.co\/colombia\/wp-content\/uploads\/feminicidio-san-vicente-del-caguan-1024x576.jpeg\" alt=\"en la imagen se ve una persona detenida bajo custodia de un investigador del CTI, Polic\u00eda y Ej\u00e9rcito. Detr\u00e1s, un backing institucional.\" width=\"696\" height=\"392\" srcset=\"https:\/\/www.fiscalia.gov.co\/colombia\/wp-content\/uploads\/feminicidio-san-vicente-del-caguan-1024x576.jpeg 1024w, https:\/\/www.fiscalia.gov.co\/colombia\/wp-content\/uploads\/feminicidio-san-vicente-del-caguan-300x169.jpeg 300w, https:\/\/www.fiscalia.gov.co\/colombia\/wp-content\/uploads\/feminicidio-san-vicente-del-caguan-768x432.jpeg 768w, https:\/\/www.fiscalia.gov.co\/colombia\/wp-content\/uploads\/feminicidio-san-vicente-del-caguan-1536x864.jpeg 1536w, https:\/\/www.fiscalia.gov.co\/colombia\/wp-content\/uploads\/feminicidio-san-vicente-del-caguan-747x420.jpeg 747w, https:\/\/www.fiscalia.gov.co\/colombia\/wp-content\/uploads\/feminicidio-san-vicente-del-caguan-696x392.jpeg 696w, https:\/\/www.fiscalia.gov.co\/colombia\/wp-content\/uploads\/feminicidio-san-vicente-del-caguan-1068x601.jpeg 1068w, https:\/\/www.fiscalia.gov.co\/colombia\/wp-content\/uploads\/feminicidio-san-vicente-del-caguan.jpeg 1600w\" sizes=\"auto, (max-width: 696px) 100vw, 696px\" \/><figcaption id=\"caption-attachment-322531\" class=\"wp-caption-text\">El hombre de 51 a\u00f1os fue enviado a la c\u00e1rcel como medida de aseguramiento preventiva mientras avanza el proceso investigativo.<\/figcaption><\/figure>\n<p data-ogsc=\"black\">Un fiscal de la Seccional Caquet\u00e1 le imput\u00f3 el <strong>delito de feminicidio agravado<\/strong>. El procesado no acept\u00f3 el cargo.<\/p>\n<p data-ogsc=\"black\">Los hechos ocurrieron el pasado 22 de agosto en el barrio Centro del municipio mencionado, en la vivienda donde resid\u00eda la pareja. La v\u00edctima estaba acompa\u00f1ada por unos familiares; este hombre, <strong>al parecer, aprovech\u00f3 que todos se fueron a descansar e ingres\u00f3 a la habitaci\u00f3n donde descansaba su pareja<\/strong>, a quien atac\u00f3 con arma cortopunzante.<\/p>\n<p data-ogsc=\"black\">El presunto atacante huy\u00f3 por la ventana, despu\u00e9s de ser descubierto por un familiar. Se evidenci\u00f3 que la mujer estaba sometida a un<strong> ciclo de violencia f\u00edsica, psicol\u00f3gica y verbal.<\/strong> Dicha situaci\u00f3n empeor\u00f3 cuando ella decidi\u00f3 terminar la relaci\u00f3n de 33 a\u00f1os.<\/p>\n<div class=\"td-post-content tagdiv-type\">\n<div class=\"td-post-content tagdiv-type\">\n<div class=\"td-post-content tagdiv-type\">\n<p>Servidores del Cuerpo T\u00e9cnico de Investigaci\u00f3n, con apoyo de la Polic\u00eda Nacional, materializaron la orden de captura contra el procesado, <strong>en el barrio Hern\u00e1ndez de San Vicente del Cagu\u00e1n, frente a la estaci\u00f3n de Polic\u00eda.<\/strong><\/p>\n<p>&nbsp;<\/p>\n<p>&nbsp;<\/p>\n<p>&nbsp;<\/p>\n<p>&nbsp;<\/p>\n<p>&nbsp;<\/p>\n<p>PAAM\/LMFO\/LABB\/DSC<\/p>\n<p>&nbsp;<\/p>\n<p>&nbsp;<\/p>\n<p>&nbsp;<\/p>\n<p>&nbsp;<\/p>\n<p>&nbsp;<\/p>\n<p>&nbsp;<\/p>\n<p><em>La informaci\u00f3n contenida en este bolet\u00edn de prensa corresponde a la narraci\u00f3n de los hechos noticiosos objetivos, suministrados por los funcionarios encargados de adelantar las investigaciones penales al interior de la Fiscal\u00eda General de la Naci\u00f3n. Para el momento de la divulgaci\u00f3n de este comunicado, la situaci\u00f3n jur\u00eddica de la(s) persona(s) relacionada(s) se encuentra pendiente de resolver por la autoridad judicial competente, siempre bajo los preceptos de la presunci\u00f3n de inocencia, consagrados en el art\u00edculo 29 de la Constituci\u00f3n Pol\u00edtica y el art\u00edculo 7\u00ba de la Ley 906 de 2004.<\/em><\/p>\n<\/div>\n<\/div>\n<footer>\n<div class=\"td-post-sharing-bottom\"><\/div>\n<\/footer>\n<\/div>\n<footer>\n<div class=\"td-post-source-tags\"><\/div>\n<div class=\"td-post-sharing-bottom\"><\/div>\n<\/footer>\n\n<div class=\"twitter-share\"><a href=\"https:\/\/twitter.com\/intent\/tweet?via=fiscaliacol\" class=\"twitter-share-button\">Tweet<\/a><\/div>\n","protected":false},"excerpt":{"rendered":"<p>Por solicitud de la Fiscal\u00eda, un juez de control de garant\u00edas impuso medida de aseguramiento en centro carcelario contra un hombre, de 51 a\u00f1os, se\u00f1alado de asesinar a su compa\u00f1era permanente en San Vicente del Cagu\u00e1n (Caquet\u00e1). Un fiscal de la Seccional Caquet\u00e1 le imput\u00f3 el delito de feminicidio agravado. El procesado no acept\u00f3 el [&hellip;]<\/p>\n","protected":false},"author":177,"featured_media":0,"comment_status":"closed","ping_status":"open","sticky":false,"template":"","format":"standard","meta":{"_price":"","_stock":"","_tribe_ticket_header":"","_tribe_default_ticket_provider":"","_tribe_ticket_capacity":"0","_ticket_start_date":"","_ticket_end_date":"","_tribe_ticket_show_description":"","_tribe_ticket_show_not_going":false,"_tribe_ticket_use_global_stock":"","_tribe_ticket_global_stock_level":"","_global_stock_mode":"","_global_stock_cap":"","_tribe_rsvp_for_event":"","_tribe_ticket_going_count":"","_tribe_ticket_not_going_count":"","_tribe_tickets_list":"[]","_tribe_ticket_has_attendee_info_fields":false,"tdm_status":"","tdm_grid_status":"","footnotes":""},"categories":[1,24134,303],"tags":[24257,4688,412,924,30125,15419,45,14729,1047,409,24277,2067,14766,23972,13090,32255,24379,1176],"class_list":{"0":"post-322522","1":"post","2":"type-post","3":"status-publish","4":"format-standard","6":"category-noticias","7":"category-seccional-yopal","8":"category-seccionales","9":"tag-arma-cortopunzante","10":"tag-asesinato","11":"tag-aaaque","12":"tag-captura","13":"tag-companera","14":"tag-companero-sentimental","15":"tag-cti","16":"tag-feminicidio-agravado","17":"tag-fiscalia-general-de-la-nacion","18":"tag-homicidio","19":"tag-medida","20":"tag-mujer","21":"tag-pareja","22":"tag-policia","23":"tag-san-vicente-del-caguan","24":"tag-san-vicente-del-caguan-caqueta","25":"tag-seccional-caqueta","26":"tag-violencia-de-genero"},"yoast_head":"<!-- This site is optimized with the Yoast SEO plugin v24.3 - https:\/\/yoast.com\/wordpress\/plugins\/seo\/ -->\n<title>Fiscal\u00eda General de la Naci\u00f3n<\/title>\n<meta name=\"description\" content=\"P\u00e1gina oficial de la Fiscal\u00eda General de la Naci\u00f3n \u2013 Colombia. Garantizamos el acceso efectivo a la justicia, la verdad y la reparaci\u00f3n de las v\u00edctimas de los delitos.\" \/>\n<meta name=\"robots\" content=\"noindex, follow\" \/>\n<meta property=\"og:locale\" content=\"es_ES\" \/>\n<meta property=\"og:type\" content=\"article\" \/>\n<meta property=\"og:title\" content=\"Fiscal\u00eda General de la Naci\u00f3n\" \/>\n<meta property=\"og:description\" content=\"P\u00e1gina oficial de la Fiscal\u00eda General de la Naci\u00f3n \u2013 Colombia. Garantizamos el acceso efectivo a la justicia, la verdad y la reparaci\u00f3n de las v\u00edctimas de los delitos.\" \/>\n<meta property=\"og:url\" content=\"https:\/\/www.fiscalia.gov.co\/colombia\/noticias\/en-caqueta-fue-enviado-a-la-carcel-un-hombre-que-asesino-a-su-companera-permanente-mientras-dormia\/\" \/>\n<meta property=\"og:site_name\" content=\"Fiscal\u00eda General de la Naci\u00f3n\" \/>\n<meta property=\"article:publisher\" content=\"https:\/\/www.facebook.com\/FiscaliaCol\" \/>\n<meta property=\"article:published_time\" content=\"2025-08-27T15:44:11+00:00\" \/>\n<meta property=\"og:image\" content=\"https:\/\/www.fiscalia.gov.co\/colombia\/wp-content\/uploads\/feminicidio-san-vicente-del-caguan.jpeg\" \/>\n\t<meta property=\"og:image:width\" content=\"1600\" \/>\n\t<meta property=\"og:image:height\" content=\"900\" \/>\n\t<meta property=\"og:image:type\" content=\"image\/jpeg\" \/>\n<meta name=\"author\" content=\"Jordan Leandro Oviedo Anzola\" \/>\n<meta name=\"twitter:card\" content=\"summary_large_image\" \/>\n<meta name=\"twitter:creator\" content=\"@FiscaliaCol\" \/>\n<meta name=\"twitter:site\" content=\"@FiscaliaCol\" \/>\n<meta name=\"twitter:label1\" content=\"Escrito por\" \/>\n\t<meta name=\"twitter:data1\" content=\"Jordan Leandro Oviedo Anzola\" \/>\n\t<meta name=\"twitter:label2\" content=\"Tiempo de lectura\" \/>\n\t<meta name=\"twitter:data2\" content=\"2 minutos\" \/>\n<script type=\"application\/ld+json\" class=\"yoast-schema-graph\">{\"@context\":\"https:\/\/schema.org\",\"@graph\":[{\"@type\":\"Article\",\"@id\":\"https:\/\/www.fiscalia.gov.co\/colombia\/noticias\/en-caqueta-fue-enviado-a-la-carcel-un-hombre-que-asesino-a-su-companera-permanente-mientras-dormia\/#article\",\"isPartOf\":{\"@id\":\"https:\/\/www.fiscalia.gov.co\/colombia\/noticias\/en-caqueta-fue-enviado-a-la-carcel-un-hombre-que-asesino-a-su-companera-permanente-mientras-dormia\/\"},\"author\":{\"name\":\"Jordan Leandro Oviedo Anzola\",\"@id\":\"https:\/\/www.fiscalia.gov.co\/colombia\/#\/schema\/person\/bf84402cf293a5393e9c70b111020b24\"},\"headline\":\"En Caquet\u00e1 fue enviado a la c\u00e1rcel un hombre que asesin\u00f3 a su compa\u00f1era permanente mientras dorm\u00eda\",\"datePublished\":\"2025-08-27T15:44:11+00:00\",\"dateModified\":\"2025-08-27T15:44:11+00:00\",\"mainEntityOfPage\":{\"@id\":\"https:\/\/www.fiscalia.gov.co\/colombia\/noticias\/en-caqueta-fue-enviado-a-la-carcel-un-hombre-que-asesino-a-su-companera-permanente-mientras-dormia\/\"},\"wordCount\":373,\"publisher\":{\"@id\":\"https:\/\/www.fiscalia.gov.co\/colombia\/#organization\"},\"image\":{\"@id\":\"https:\/\/www.fiscalia.gov.co\/colombia\/noticias\/en-caqueta-fue-enviado-a-la-carcel-un-hombre-que-asesino-a-su-companera-permanente-mientras-dormia\/#primaryimage\"},\"thumbnailUrl\":\"https:\/\/www.fiscalia.gov.co\/colombia\/wp-content\/uploads\/feminicidio-san-vicente-del-caguan-1024x576.jpeg\",\"keywords\":[\"arma cortopunzante\",\"Asesinato\",\"Ataque\",\"Captura\",\"compa\u00f1era\",\"Compa\u00f1ero sentimental\",\"CTI\",\"Feminicidio agravado\",\"Fiscal\u00eda General de la Naci\u00f3n\",\"Homicidio\",\"medida\",\"Mujer\",\"Pareja\",\"Polic\u00eda\",\"San Vicente del Cagu\u00e1n\",\"San Vicente del Cagu\u00e1n (Caquet\u00e1)\",\"Seccional Caquet\u00e1.\",\"Violencia de g\u00e9nero\"],\"articleSection\":[\"Noticias\",\"Seccional Yopal\",\"Seccionales\"],\"inLanguage\":\"es-CO\"},{\"@type\":\"WebPage\",\"@id\":\"https:\/\/www.fiscalia.gov.co\/colombia\/noticias\/en-caqueta-fue-enviado-a-la-carcel-un-hombre-que-asesino-a-su-companera-permanente-mientras-dormia\/\",\"url\":\"https:\/\/www.fiscalia.gov.co\/colombia\/noticias\/en-caqueta-fue-enviado-a-la-carcel-un-hombre-que-asesino-a-su-companera-permanente-mientras-dormia\/\",\"name\":\"Fiscal\u00eda General de la Naci\u00f3n\",\"isPartOf\":{\"@id\":\"https:\/\/www.fiscalia.gov.co\/colombia\/#website\"},\"primaryImageOfPage\":{\"@id\":\"https:\/\/www.fiscalia.gov.co\/colombia\/noticias\/en-caqueta-fue-enviado-a-la-carcel-un-hombre-que-asesino-a-su-companera-permanente-mientras-dormia\/#primaryimage\"},\"image\":{\"@id\":\"https:\/\/www.fiscalia.gov.co\/colombia\/noticias\/en-caqueta-fue-enviado-a-la-carcel-un-hombre-que-asesino-a-su-companera-permanente-mientras-dormia\/#primaryimage\"},\"thumbnailUrl\":\"https:\/\/www.fiscalia.gov.co\/colombia\/wp-content\/uploads\/feminicidio-san-vicente-del-caguan-1024x576.jpeg\",\"datePublished\":\"2025-08-27T15:44:11+00:00\",\"dateModified\":\"2025-08-27T15:44:11+00:00\",\"description\":\"P\u00e1gina oficial de la Fiscal\u00eda General de la Naci\u00f3n \u2013 Colombia. Garantizamos el acceso efectivo a la justicia, la verdad y la reparaci\u00f3n de las v\u00edctimas de los delitos.\",\"breadcrumb\":{\"@id\":\"https:\/\/www.fiscalia.gov.co\/colombia\/noticias\/en-caqueta-fue-enviado-a-la-carcel-un-hombre-que-asesino-a-su-companera-permanente-mientras-dormia\/#breadcrumb\"},\"inLanguage\":\"es-CO\",\"potentialAction\":[{\"@type\":\"ReadAction\",\"target\":[\"https:\/\/www.fiscalia.gov.co\/colombia\/noticias\/en-caqueta-fue-enviado-a-la-carcel-un-hombre-que-asesino-a-su-companera-permanente-mientras-dormia\/\"]}]},{\"@type\":\"ImageObject\",\"inLanguage\":\"es-CO\",\"@id\":\"https:\/\/www.fiscalia.gov.co\/colombia\/noticias\/en-caqueta-fue-enviado-a-la-carcel-un-hombre-que-asesino-a-su-companera-permanente-mientras-dormia\/#primaryimage\",\"url\":\"https:\/\/www.fiscalia.gov.co\/colombia\/wp-content\/uploads\/feminicidio-san-vicente-del-caguan.jpeg\",\"contentUrl\":\"https:\/\/www.fiscalia.gov.co\/colombia\/wp-content\/uploads\/feminicidio-san-vicente-del-caguan.jpeg\",\"width\":1600,\"height\":900,\"caption\":\"El hombre de 51 a\u00f1os fue enviado a la c\u00e1rcel como medida de aseguramiento preventiva mientras avanza el proceso investigativo.\"},{\"@type\":\"BreadcrumbList\",\"@id\":\"https:\/\/www.fiscalia.gov.co\/colombia\/noticias\/en-caqueta-fue-enviado-a-la-carcel-un-hombre-que-asesino-a-su-companera-permanente-mientras-dormia\/#breadcrumb\",\"itemListElement\":[{\"@type\":\"ListItem\",\"position\":1,\"name\":\"Home\",\"item\":\"https:\/\/www.fiscalia.gov.co\/colombia\/\"},{\"@type\":\"ListItem\",\"position\":2,\"name\":\"En Caquet\u00e1 fue enviado a la c\u00e1rcel un hombre que asesin\u00f3 a su compa\u00f1era permanente mientras dorm\u00eda\"}]},{\"@type\":\"WebSite\",\"@id\":\"https:\/\/www.fiscalia.gov.co\/colombia\/#website\",\"url\":\"https:\/\/www.fiscalia.gov.co\/colombia\/\",\"name\":\"Fiscal\u00eda General de la Naci\u00f3n\",\"description\":\"P\u00e1gina oficial de la Fiscal\u00eda General de la Naci\u00f3n \u2013 Colombia. Garantizamos el acceso efectivo a la justicia, la verdad y la reparaci\u00f3n de las v\u00edctimas de los delitos.\",\"publisher\":{\"@id\":\"https:\/\/www.fiscalia.gov.co\/colombia\/#organization\"},\"potentialAction\":[{\"@type\":\"SearchAction\",\"target\":{\"@type\":\"EntryPoint\",\"urlTemplate\":\"https:\/\/www.fiscalia.gov.co\/colombia\/?s={search_term_string}\"},\"query-input\":{\"@type\":\"PropertyValueSpecification\",\"valueRequired\":true,\"valueName\":\"search_term_string\"}}],\"inLanguage\":\"es-CO\"},{\"@type\":\"Organization\",\"@id\":\"https:\/\/www.fiscalia.gov.co\/colombia\/#organization\",\"name\":\"Fiscal\u00eda General de la Naci\u00f3n\",\"url\":\"https:\/\/www.fiscalia.gov.co\/colombia\/\",\"logo\":{\"@type\":\"ImageObject\",\"inLanguage\":\"es-CO\",\"@id\":\"https:\/\/www.fiscalia.gov.co\/colombia\/#\/schema\/logo\/image\/\",\"url\":\"https:\/\/www.fiscalia.gov.co\/colombia\/wp-content\/uploads\/LogoHorizontal_1.jpg\",\"contentUrl\":\"https:\/\/www.fiscalia.gov.co\/colombia\/wp-content\/uploads\/LogoHorizontal_1.jpg\",\"width\":300,\"height\":90,\"caption\":\"Fiscal\u00eda General de la Naci\u00f3n\"},\"image\":{\"@id\":\"https:\/\/www.fiscalia.gov.co\/colombia\/#\/schema\/logo\/image\/\"},\"sameAs\":[\"https:\/\/www.facebook.com\/FiscaliaCol\",\"https:\/\/x.com\/FiscaliaCol\",\"https:\/\/www.instagram.com\/fiscaliacol\",\"https:\/\/www.linkedin.com\/company\/fiscalia-general-de-la-naci-n\/\",\"https:\/\/youtube.com\/@fiscaliageneraldelanacion-4668?si=6nN79nyQICPU5iTh\"]},{\"@type\":\"Person\",\"@id\":\"https:\/\/www.fiscalia.gov.co\/colombia\/#\/schema\/person\/bf84402cf293a5393e9c70b111020b24\",\"name\":\"Jordan Leandro Oviedo Anzola\",\"image\":{\"@type\":\"ImageObject\",\"inLanguage\":\"es-CO\",\"@id\":\"https:\/\/www.fiscalia.gov.co\/colombia\/#\/schema\/person\/image\/\",\"url\":\"https:\/\/secure.gravatar.com\/avatar\/dabba4346fa9b9207d96adafa8f92721?s=96&d=mm&r=g\",\"contentUrl\":\"https:\/\/secure.gravatar.com\/avatar\/dabba4346fa9b9207d96adafa8f92721?s=96&d=mm&r=g\",\"caption\":\"Jordan Leandro Oviedo Anzola\"},\"url\":\"https:\/\/www.fiscalia.gov.co\/colombia\/author\/joviedo\/\"}]}<\/script>\n<!-- \/ Yoast SEO plugin. -->","yoast_head_json":{"title":"Fiscal\u00eda General de la Naci\u00f3n","description":"P\u00e1gina oficial de la Fiscal\u00eda General de la Naci\u00f3n \u2013 Colombia. Garantizamos el acceso efectivo a la justicia, la verdad y la reparaci\u00f3n de las v\u00edctimas de los delitos.","robots":{"index":"noindex","follow":"follow"},"og_locale":"es_ES","og_type":"article","og_title":"Fiscal\u00eda General de la Naci\u00f3n","og_description":"P\u00e1gina oficial de la Fiscal\u00eda General de la Naci\u00f3n \u2013 Colombia. Garantizamos el acceso efectivo a la justicia, la verdad y la reparaci\u00f3n de las v\u00edctimas de los delitos.","og_url":"https:\/\/www.fiscalia.gov.co\/colombia\/noticias\/en-caqueta-fue-enviado-a-la-carcel-un-hombre-que-asesino-a-su-companera-permanente-mientras-dormia\/","og_site_name":"Fiscal\u00eda General de la Naci\u00f3n","article_publisher":"https:\/\/www.facebook.com\/FiscaliaCol","article_published_time":"2025-08-27T15:44:11+00:00","og_image":[{"width":1600,"height":900,"url":"https:\/\/www.fiscalia.gov.co\/colombia\/wp-content\/uploads\/feminicidio-san-vicente-del-caguan.jpeg","type":"image\/jpeg"}],"author":"Jordan Leandro Oviedo Anzola","twitter_card":"summary_large_image","twitter_creator":"@FiscaliaCol","twitter_site":"@FiscaliaCol","twitter_misc":{"Escrito por":"Jordan Leandro Oviedo Anzola","Tiempo de lectura":"2 minutos"},"schema":{"@context":"https:\/\/schema.org","@graph":[{"@type":"Article","@id":"https:\/\/www.fiscalia.gov.co\/colombia\/noticias\/en-caqueta-fue-enviado-a-la-carcel-un-hombre-que-asesino-a-su-companera-permanente-mientras-dormia\/#article","isPartOf":{"@id":"https:\/\/www.fiscalia.gov.co\/colombia\/noticias\/en-caqueta-fue-enviado-a-la-carcel-un-hombre-que-asesino-a-su-companera-permanente-mientras-dormia\/"},"author":{"name":"Jordan Leandro Oviedo Anzola","@id":"https:\/\/www.fiscalia.gov.co\/colombia\/#\/schema\/person\/bf84402cf293a5393e9c70b111020b24"},"headline":"En Caquet\u00e1 fue enviado a la c\u00e1rcel un hombre que asesin\u00f3 a su compa\u00f1era permanente mientras dorm\u00eda","datePublished":"2025-08-27T15:44:11+00:00","dateModified":"2025-08-27T15:44:11+00:00","mainEntityOfPage":{"@id":"https:\/\/www.fiscalia.gov.co\/colombia\/noticias\/en-caqueta-fue-enviado-a-la-carcel-un-hombre-que-asesino-a-su-companera-permanente-mientras-dormia\/"},"wordCount":373,"publisher":{"@id":"https:\/\/www.fiscalia.gov.co\/colombia\/#organization"},"image":{"@id":"https:\/\/www.fiscalia.gov.co\/colombia\/noticias\/en-caqueta-fue-enviado-a-la-carcel-un-hombre-que-asesino-a-su-companera-permanente-mientras-dormia\/#primaryimage"},"thumbnailUrl":"https:\/\/www.fiscalia.gov.co\/colombia\/wp-content\/uploads\/feminicidio-san-vicente-del-caguan-1024x576.jpeg","keywords":["arma cortopunzante","Asesinato","Ataque","Captura","compa\u00f1era","Compa\u00f1ero sentimental","CTI","Feminicidio agravado","Fiscal\u00eda General de la Naci\u00f3n","Homicidio","medida","Mujer","Pareja","Polic\u00eda","San Vicente del Cagu\u00e1n","San Vicente del Cagu\u00e1n (Caquet\u00e1)","Seccional Caquet\u00e1.","Violencia de g\u00e9nero"],"articleSection":["Noticias","Seccional Yopal","Seccionales"],"inLanguage":"es-CO"},{"@type":"WebPage","@id":"https:\/\/www.fiscalia.gov.co\/colombia\/noticias\/en-caqueta-fue-enviado-a-la-carcel-un-hombre-que-asesino-a-su-companera-permanente-mientras-dormia\/","url":"https:\/\/www.fiscalia.gov.co\/colombia\/noticias\/en-caqueta-fue-enviado-a-la-carcel-un-hombre-que-asesino-a-su-companera-permanente-mientras-dormia\/","name":"Fiscal\u00eda General de la Naci\u00f3n","isPartOf":{"@id":"https:\/\/www.fiscalia.gov.co\/colombia\/#website"},"primaryImageOfPage":{"@id":"https:\/\/www.fiscalia.gov.co\/colombia\/noticias\/en-caqueta-fue-enviado-a-la-carcel-un-hombre-que-asesino-a-su-companera-permanente-mientras-dormia\/#primaryimage"},"image":{"@id":"https:\/\/www.fiscalia.gov.co\/colombia\/noticias\/en-caqueta-fue-enviado-a-la-carcel-un-hombre-que-asesino-a-su-companera-permanente-mientras-dormia\/#primaryimage"},"thumbnailUrl":"https:\/\/www.fiscalia.gov.co\/colombia\/wp-content\/uploads\/feminicidio-san-vicente-del-caguan-1024x576.jpeg","datePublished":"2025-08-27T15:44:11+00:00","dateModified":"2025-08-27T15:44:11+00:00","description":"P\u00e1gina oficial de la Fiscal\u00eda General de la Naci\u00f3n \u2013 Colombia. Garantizamos el acceso efectivo a la justicia, la verdad y la reparaci\u00f3n de las v\u00edctimas de los delitos.","breadcrumb":{"@id":"https:\/\/www.fiscalia.gov.co\/colombia\/noticias\/en-caqueta-fue-enviado-a-la-carcel-un-hombre-que-asesino-a-su-companera-permanente-mientras-dormia\/#breadcrumb"},"inLanguage":"es-CO","potentialAction":[{"@type":"ReadAction","target":["https:\/\/www.fiscalia.gov.co\/colombia\/noticias\/en-caqueta-fue-enviado-a-la-carcel-un-hombre-que-asesino-a-su-companera-permanente-mientras-dormia\/"]}]},{"@type":"ImageObject","inLanguage":"es-CO","@id":"https:\/\/www.fiscalia.gov.co\/colombia\/noticias\/en-caqueta-fue-enviado-a-la-carcel-un-hombre-que-asesino-a-su-companera-permanente-mientras-dormia\/#primaryimage","url":"https:\/\/www.fiscalia.gov.co\/colombia\/wp-content\/uploads\/feminicidio-san-vicente-del-caguan.jpeg","contentUrl":"https:\/\/www.fiscalia.gov.co\/colombia\/wp-content\/uploads\/feminicidio-san-vicente-del-caguan.jpeg","width":1600,"height":900,"caption":"El hombre de 51 a\u00f1os fue enviado a la c\u00e1rcel como medida de aseguramiento preventiva mientras avanza el proceso investigativo."},{"@type":"BreadcrumbList","@id":"https:\/\/www.fiscalia.gov.co\/colombia\/noticias\/en-caqueta-fue-enviado-a-la-carcel-un-hombre-que-asesino-a-su-companera-permanente-mientras-dormia\/#breadcrumb","itemListElement":[{"@type":"ListItem","position":1,"name":"Home","item":"https:\/\/www.fiscalia.gov.co\/colombia\/"},{"@type":"ListItem","position":2,"name":"En Caquet\u00e1 fue enviado a la c\u00e1rcel un hombre que asesin\u00f3 a su compa\u00f1era permanente mientras dorm\u00eda"}]},{"@type":"WebSite","@id":"https:\/\/www.fiscalia.gov.co\/colombia\/#website","url":"https:\/\/www.fiscalia.gov.co\/colombia\/","name":"Fiscal\u00eda General de la Naci\u00f3n","description":"P\u00e1gina oficial de la Fiscal\u00eda General de la Naci\u00f3n \u2013 Colombia. Garantizamos el acceso efectivo a la justicia, la verdad y la reparaci\u00f3n de las v\u00edctimas de los delitos.","publisher":{"@id":"https:\/\/www.fiscalia.gov.co\/colombia\/#organization"},"potentialAction":[{"@type":"SearchAction","target":{"@type":"EntryPoint","urlTemplate":"https:\/\/www.fiscalia.gov.co\/colombia\/?s={search_term_string}"},"query-input":{"@type":"PropertyValueSpecification","valueRequired":true,"valueName":"search_term_string"}}],"inLanguage":"es-CO"},{"@type":"Organization","@id":"https:\/\/www.fiscalia.gov.co\/colombia\/#organization","name":"Fiscal\u00eda General de la Naci\u00f3n","url":"https:\/\/www.fiscalia.gov.co\/colombia\/","logo":{"@type":"ImageObject","inLanguage":"es-CO","@id":"https:\/\/www.fiscalia.gov.co\/colombia\/#\/schema\/logo\/image\/","url":"https:\/\/www.fiscalia.gov.co\/colombia\/wp-content\/uploads\/LogoHorizontal_1.jpg","contentUrl":"https:\/\/www.fiscalia.gov.co\/colombia\/wp-content\/uploads\/LogoHorizontal_1.jpg","width":300,"height":90,"caption":"Fiscal\u00eda General de la Naci\u00f3n"},"image":{"@id":"https:\/\/www.fiscalia.gov.co\/colombia\/#\/schema\/logo\/image\/"},"sameAs":["https:\/\/www.facebook.com\/FiscaliaCol","https:\/\/x.com\/FiscaliaCol","https:\/\/www.instagram.com\/fiscaliacol","https:\/\/www.linkedin.com\/company\/fiscalia-general-de-la-naci-n\/","https:\/\/youtube.com\/@fiscaliageneraldelanacion-4668?si=6nN79nyQICPU5iTh"]},{"@type":"Person","@id":"https:\/\/www.fiscalia.gov.co\/colombia\/#\/schema\/person\/bf84402cf293a5393e9c70b111020b24","name":"Jordan Leandro Oviedo Anzola","image":{"@type":"ImageObject","inLanguage":"es-CO","@id":"https:\/\/www.fiscalia.gov.co\/colombia\/#\/schema\/person\/image\/","url":"https:\/\/secure.gravatar.com\/avatar\/dabba4346fa9b9207d96adafa8f92721?s=96&d=mm&r=g","contentUrl":"https:\/\/secure.gravatar.com\/avatar\/dabba4346fa9b9207d96adafa8f92721?s=96&d=mm&r=g","caption":"Jordan Leandro Oviedo Anzola"},"url":"https:\/\/www.fiscalia.gov.co\/colombia\/author\/joviedo\/"}]}},"_links":{"self":[{"href":"https:\/\/www.fiscalia.gov.co\/colombia\/wp-json\/wp\/v2\/posts\/322522","targetHints":{"allow":["GET"]}}],"collection":[{"href":"https:\/\/www.fiscalia.gov.co\/colombia\/wp-json\/wp\/v2\/posts"}],"about":[{"href":"https:\/\/www.fiscalia.gov.co\/colombia\/wp-json\/wp\/v2\/types\/post"}],"author":[{"embeddable":true,"href":"https:\/\/www.fiscalia.gov.co\/colombia\/wp-json\/wp\/v2\/users\/177"}],"replies":[{"embeddable":true,"href":"https:\/\/www.fiscalia.gov.co\/colombia\/wp-json\/wp\/v2\/comments?post=322522"}],"version-history":[{"count":1,"href":"https:\/\/www.fiscalia.gov.co\/colombia\/wp-json\/wp\/v2\/posts\/322522\/revisions"}],"predecessor-version":[{"id":322532,"href":"https:\/\/www.fiscalia.gov.co\/colombia\/wp-json\/wp\/v2\/posts\/322522\/revisions\/322532"}],"wp:attachment":[{"href":"https:\/\/www.fiscalia.gov.co\/colombia\/wp-json\/wp\/v2\/media?parent=322522"}],"wp:term":[{"taxonomy":"category","embeddable":true,"href":"https:\/\/www.fiscalia.gov.co\/colombia\/wp-json\/wp\/v2\/categories?post=322522"},{"taxonomy":"post_tag","embeddable":true,"href":"https:\/\/www.fiscalia.gov.co\/colombia\/wp-json\/wp\/v2\/tags?post=322522"}],"curies":[{"name":"wp","href":"https:\/\/api.w.org\/{rel}","templated":true}]}}