{"id":322419,"date":"2025-08-26T09:46:29","date_gmt":"2025-08-26T14:46:29","guid":{"rendered":"https:\/\/www.fiscalia.gov.co\/colombia\/?p=322419"},"modified":"2025-08-26T09:46:29","modified_gmt":"2025-08-26T14:46:29","slug":"en-bolivar-fue-judicializado-un-hombre-presuntamente-implicado-en-el-abuso-sexual-de-una-menor-de-tres-anos-nieta-de-su-pareja-sentimental","status":"publish","type":"post","link":"https:\/\/www.fiscalia.gov.co\/colombia\/noticias\/en-bolivar-fue-judicializado-un-hombre-presuntamente-implicado-en-el-abuso-sexual-de-una-menor-de-tres-anos-nieta-de-su-pareja-sentimental\/","title":{"rendered":"En Bol\u00edvar fue judicializado un hombre presuntamente implicado en el abuso sexual de una menor de tres a\u00f1os, nieta de su pareja sentimental"},"content":{"rendered":"<h4 style=\"text-align: center;\" data-ogsc=\"black\"><strong><i data-ogsc=\"\">El procesado tambi\u00e9n est\u00e1 siendo investigado por porte ilegal de armas, pues en su poder habr\u00edan sido halladas ocho armas de fuego artesanales.<\/i><\/strong><\/h4>\n<figure id=\"attachment_322420\" aria-describedby=\"caption-attachment-322420\" style=\"width: 696px\" class=\"wp-caption aligncenter\"><img loading=\"lazy\" decoding=\"async\" class=\"size-large wp-image-322420\" src=\"https:\/\/www.fiscalia.gov.co\/colombia\/wp-content\/uploads\/Foto-boletin-26-de-agosto-delito-sexual-y-porte-de-armas--1024x572.jpeg\" alt=\"En la fotograf\u00eda est\u00e1 un hombre de pie, de frente, con los brazos atr\u00e1s esposados, con la cabeza agachada, el rostro difuminado, es de baja estatura y est\u00e1 vestido con una camiseta blanca con rayas azules, naranjas y beige. Se encuentra custodiado por dos uniformados de la Polic\u00eda Nacional.\u00a0\" width=\"696\" height=\"389\" srcset=\"https:\/\/www.fiscalia.gov.co\/colombia\/wp-content\/uploads\/Foto-boletin-26-de-agosto-delito-sexual-y-porte-de-armas--1024x572.jpeg 1024w, https:\/\/www.fiscalia.gov.co\/colombia\/wp-content\/uploads\/Foto-boletin-26-de-agosto-delito-sexual-y-porte-de-armas--300x168.jpeg 300w, https:\/\/www.fiscalia.gov.co\/colombia\/wp-content\/uploads\/Foto-boletin-26-de-agosto-delito-sexual-y-porte-de-armas--768x429.jpeg 768w, https:\/\/www.fiscalia.gov.co\/colombia\/wp-content\/uploads\/Foto-boletin-26-de-agosto-delito-sexual-y-porte-de-armas--752x420.jpeg 752w, https:\/\/www.fiscalia.gov.co\/colombia\/wp-content\/uploads\/Foto-boletin-26-de-agosto-delito-sexual-y-porte-de-armas--696x389.jpeg 696w, https:\/\/www.fiscalia.gov.co\/colombia\/wp-content\/uploads\/Foto-boletin-26-de-agosto-delito-sexual-y-porte-de-armas--1068x597.jpeg 1068w, https:\/\/www.fiscalia.gov.co\/colombia\/wp-content\/uploads\/Foto-boletin-26-de-agosto-delito-sexual-y-porte-de-armas-.jpeg 1280w\" sizes=\"auto, (max-width: 696px) 100vw, 696px\" \/><figcaption id=\"caption-attachment-322420\" class=\"wp-caption-text\">El procesado fue judicializado por la Fiscal\u00eda por investigaciones distintas.<\/figcaption><\/figure>\n<p data-ogsc=\"black\">La Fiscal\u00eda General de la Naci\u00f3n, a trav\u00e9s de la Seccional Bol\u00edvar, judicializ\u00f3 a un hombre de 52 a\u00f1os, presuntamente involucrado en los <strong>delitos de abuso sexual de una menor de edad y tr\u00e1fico de armas.<\/strong><\/p>\n<p data-ogsc=\"black\">Frente al primer cargo, la Fiscal\u00eda evidenci\u00f3 que los hechos ocurrieron el pasado 10 de agosto en el barrio 7 de Mayo del corregimiento de Malagana, <strong>jurisdicci\u00f3n del municipio de Mahates donde el procesado, al parecer, abus\u00f3 de una ni\u00f1a de 3 a\u00f1os<\/strong>, nieta de su compa\u00f1era sentimental.<\/p>\n<p data-ogsc=\"black\">Al parecer, el hombre aprovechaba los momentos en que la menor era dejada a su cuidado para someterla a vej\u00e1menes sexuales.<strong> La comunidad se percat\u00f3 de lo sucedido y alert\u00f3 a las autoridades.<\/strong> Ante su inminente captura el ahora procesado huy\u00f3 del lugar.<\/p>\n<p data-ogsc=\"black\">Cinco d\u00edas despu\u00e9s el presunto agresor sexual fue detenido cuando intent\u00f3 evadir un puesto de control de la Polic\u00eda Nacional,<strong> instalado en el corregimiento de Rocha, jurisdicci\u00f3n del municipio de Arjona.<\/strong> Al ser interceptado por las autoridades en su poder habr\u00edan sido encontradas ocho armas calibre 9 mm de fuego artesanales, aptas para disparar.<\/p>\n<p data-ogsc=\"black\">La Fiscal\u00eda imput\u00f3 al investigado los<strong> delitos de acceso carnal abusivo con menor de 14 a\u00f1os<\/strong> y fabricaci\u00f3n, tr\u00e1fico, porte o tenencia de armas de fuego, accesorios, partes o municiones, cargos que no fueron aceptados.<\/p>\n<p data-ogsc=\"black\">\n<p data-ogsc=\"black\">\n<p data-ogsc=\"black\">\n<p data-ogsc=\"black\">\n<p data-ogsc=\"black\">MEVA\/MAGA\/GC\/JCV\/EGM\/DSB<\/p>\n<p data-ogsc=\"black\">\n<p data-ogsc=\"black\">\n<p data-ogsc=\"black\">\n<p data-ogsc=\"black\">\n<p data-ogsc=\"black\"><i data-ogsc=\"\">La informaci\u00f3n contenida en este bolet\u00edn de prensa corresponde a la narraci\u00f3n de los hechos noticiosos objetivos, suministrados por los funcionarios encargados de adelantar las investigaciones penales al interior de la Fiscal\u00eda General de la Naci\u00f3n. Para el momento de la divulgaci\u00f3n de este comunicado, la situaci\u00f3n jur\u00eddica de la(s) persona(s) relacionada(s) se encuentra pendiente de resolver por la autoridad judicial competente, siempre bajo los preceptos de la presunci\u00f3n de inocencia, consagrados en el art\u00edculo 29 de la Constituci\u00f3n Pol\u00edtica y el art\u00edculo 7\u00ba de la Ley 906 de 2004.<\/i><\/p>\n\n<div class=\"twitter-share\"><a href=\"https:\/\/twitter.com\/intent\/tweet?via=fiscaliacol\" class=\"twitter-share-button\">Tweet<\/a><\/div>\n","protected":false},"excerpt":{"rendered":"<p>El procesado tambi\u00e9n est\u00e1 siendo investigado por porte ilegal de armas, pues en su poder habr\u00edan sido halladas ocho armas de fuego artesanales. La Fiscal\u00eda General de la Naci\u00f3n, a [&hellip;]<\/p>\n","protected":false},"author":177,"featured_media":0,"comment_status":"closed","ping_status":"open","sticky":false,"template":"","format":"standard","meta":{"tdm_status":"","tdm_grid_status":"","footnotes":""},"categories":[1,325,303],"tags":[23966,9082,924,14550,23998,7815,26656,24187,1047,35464,864,26674,558,42503,17445],"class_list":["post-322419","post","type-post","status-publish","format-standard","category-noticias","category-seccional-cartagena","category-seccionales","tag-acceso-carnal-violento","tag-bolivar","tag-captura","tag-carcel","tag-cartagena-bolivar","tag-companera-sentimental","tag-en-flagrancia","tag-fiscalia-colombia","tag-fiscalia-general-de-la-nacion","tag-mahates","tag-menor","tag-nieta","tag-policia-nacional","tag-porte-de-arma-de-fuegos","tag-victima"],"yoast_head":"<!-- This site is optimized with the Yoast SEO plugin v24.3 - https:\/\/yoast.com\/wordpress\/plugins\/seo\/ -->\n<title>Fiscal\u00eda General de la Naci\u00f3n<\/title>\n<meta name=\"description\" content=\"P\u00e1gina oficial de la Fiscal\u00eda General de la Naci\u00f3n \u2013 Colombia. Garantizamos el acceso efectivo a la justicia, la verdad y la reparaci\u00f3n de las v\u00edctimas de los delitos.\" \/>\n<meta name=\"robots\" content=\"noindex, follow\" \/>\n<meta property=\"og:locale\" content=\"es_ES\" \/>\n<meta property=\"og:type\" content=\"article\" \/>\n<meta property=\"og:title\" content=\"Fiscal\u00eda General de la Naci\u00f3n\" \/>\n<meta property=\"og:description\" content=\"P\u00e1gina oficial de la Fiscal\u00eda General de la Naci\u00f3n \u2013 Colombia. Garantizamos el acceso efectivo a la justicia, la verdad y la reparaci\u00f3n de las v\u00edctimas de los delitos.\" \/>\n<meta property=\"og:url\" content=\"https:\/\/www.fiscalia.gov.co\/colombia\/noticias\/en-bolivar-fue-judicializado-un-hombre-presuntamente-implicado-en-el-abuso-sexual-de-una-menor-de-tres-anos-nieta-de-su-pareja-sentimental\/\" \/>\n<meta property=\"og:site_name\" content=\"Fiscal\u00eda General de la Naci\u00f3n\" \/>\n<meta property=\"article:publisher\" content=\"https:\/\/www.facebook.com\/FiscaliaCol\" \/>\n<meta property=\"article:published_time\" content=\"2025-08-26T14:46:29+00:00\" \/>\n<meta property=\"og:image\" content=\"https:\/\/www.fiscalia.gov.co\/colombia\/wp-content\/uploads\/Foto-boletin-26-de-agosto-delito-sexual-y-porte-de-armas-.jpeg\" \/>\n\t<meta property=\"og:image:width\" content=\"1280\" \/>\n\t<meta property=\"og:image:height\" content=\"715\" \/>\n\t<meta property=\"og:image:type\" content=\"image\/jpeg\" \/>\n<meta name=\"author\" content=\"Jordan Leandro Oviedo Anzola\" \/>\n<meta name=\"twitter:card\" content=\"summary_large_image\" \/>\n<meta name=\"twitter:creator\" content=\"@FiscaliaCol\" \/>\n<meta name=\"twitter:site\" content=\"@FiscaliaCol\" \/>\n<meta name=\"twitter:label1\" content=\"Escrito por\" \/>\n\t<meta name=\"twitter:data1\" content=\"Jordan Leandro Oviedo Anzola\" \/>\n\t<meta name=\"twitter:label2\" content=\"Tiempo de lectura\" \/>\n\t<meta name=\"twitter:data2\" content=\"2 minutos\" \/>\n<script type=\"application\/ld+json\" class=\"yoast-schema-graph\">{\"@context\":\"https:\/\/schema.org\",\"@graph\":[{\"@type\":\"Article\",\"@id\":\"https:\/\/www.fiscalia.gov.co\/colombia\/noticias\/en-bolivar-fue-judicializado-un-hombre-presuntamente-implicado-en-el-abuso-sexual-de-una-menor-de-tres-anos-nieta-de-su-pareja-sentimental\/#article\",\"isPartOf\":{\"@id\":\"https:\/\/www.fiscalia.gov.co\/colombia\/noticias\/en-bolivar-fue-judicializado-un-hombre-presuntamente-implicado-en-el-abuso-sexual-de-una-menor-de-tres-anos-nieta-de-su-pareja-sentimental\/\"},\"author\":{\"name\":\"Jordan Leandro Oviedo Anzola\",\"@id\":\"https:\/\/www.fiscalia.gov.co\/colombia\/#\/schema\/person\/bf84402cf293a5393e9c70b111020b24\"},\"headline\":\"En Bol\u00edvar fue judicializado un hombre presuntamente implicado en el abuso sexual de una menor de tres a\u00f1os, nieta de su pareja sentimental\",\"datePublished\":\"2025-08-26T14:46:29+00:00\",\"dateModified\":\"2025-08-26T14:46:29+00:00\",\"mainEntityOfPage\":{\"@id\":\"https:\/\/www.fiscalia.gov.co\/colombia\/noticias\/en-bolivar-fue-judicializado-un-hombre-presuntamente-implicado-en-el-abuso-sexual-de-una-menor-de-tres-anos-nieta-de-su-pareja-sentimental\/\"},\"wordCount\":407,\"publisher\":{\"@id\":\"https:\/\/www.fiscalia.gov.co\/colombia\/#organization\"},\"image\":{\"@id\":\"https:\/\/www.fiscalia.gov.co\/colombia\/noticias\/en-bolivar-fue-judicializado-un-hombre-presuntamente-implicado-en-el-abuso-sexual-de-una-menor-de-tres-anos-nieta-de-su-pareja-sentimental\/#primaryimage\"},\"thumbnailUrl\":\"https:\/\/www.fiscalia.gov.co\/colombia\/wp-content\/uploads\/Foto-boletin-26-de-agosto-delito-sexual-y-porte-de-armas--1024x572.jpeg\",\"keywords\":[\"Acceso carnal violento\",\"Bol\u00edvar\",\"Captura\",\"C\u00e1rcel\",\"Cartagena (Bol\u00edvar)\",\"Compa\u00f1era sentimental\",\"en flagrancia\",\"Fiscal\u00eda Colombia\",\"Fiscal\u00eda General de la Naci\u00f3n\",\"Mahates\",\"Menor\",\"nieta\",\"Polic\u00eda Nacional\",\"porte de arma de fuegos\",\"V\u00edctima\"],\"articleSection\":[\"Noticias\",\"Seccional Cartagena\",\"Seccionales\"],\"inLanguage\":\"es-CO\"},{\"@type\":\"WebPage\",\"@id\":\"https:\/\/www.fiscalia.gov.co\/colombia\/noticias\/en-bolivar-fue-judicializado-un-hombre-presuntamente-implicado-en-el-abuso-sexual-de-una-menor-de-tres-anos-nieta-de-su-pareja-sentimental\/\",\"url\":\"https:\/\/www.fiscalia.gov.co\/colombia\/noticias\/en-bolivar-fue-judicializado-un-hombre-presuntamente-implicado-en-el-abuso-sexual-de-una-menor-de-tres-anos-nieta-de-su-pareja-sentimental\/\",\"name\":\"Fiscal\u00eda General de la Naci\u00f3n\",\"isPartOf\":{\"@id\":\"https:\/\/www.fiscalia.gov.co\/colombia\/#website\"},\"primaryImageOfPage\":{\"@id\":\"https:\/\/www.fiscalia.gov.co\/colombia\/noticias\/en-bolivar-fue-judicializado-un-hombre-presuntamente-implicado-en-el-abuso-sexual-de-una-menor-de-tres-anos-nieta-de-su-pareja-sentimental\/#primaryimage\"},\"image\":{\"@id\":\"https:\/\/www.fiscalia.gov.co\/colombia\/noticias\/en-bolivar-fue-judicializado-un-hombre-presuntamente-implicado-en-el-abuso-sexual-de-una-menor-de-tres-anos-nieta-de-su-pareja-sentimental\/#primaryimage\"},\"thumbnailUrl\":\"https:\/\/www.fiscalia.gov.co\/colombia\/wp-content\/uploads\/Foto-boletin-26-de-agosto-delito-sexual-y-porte-de-armas--1024x572.jpeg\",\"datePublished\":\"2025-08-26T14:46:29+00:00\",\"dateModified\":\"2025-08-26T14:46:29+00:00\",\"description\":\"P\u00e1gina oficial de la Fiscal\u00eda General de la Naci\u00f3n \u2013 Colombia. Garantizamos el acceso efectivo a la justicia, la verdad y la reparaci\u00f3n de las v\u00edctimas de los delitos.\",\"breadcrumb\":{\"@id\":\"https:\/\/www.fiscalia.gov.co\/colombia\/noticias\/en-bolivar-fue-judicializado-un-hombre-presuntamente-implicado-en-el-abuso-sexual-de-una-menor-de-tres-anos-nieta-de-su-pareja-sentimental\/#breadcrumb\"},\"inLanguage\":\"es-CO\",\"potentialAction\":[{\"@type\":\"ReadAction\",\"target\":[\"https:\/\/www.fiscalia.gov.co\/colombia\/noticias\/en-bolivar-fue-judicializado-un-hombre-presuntamente-implicado-en-el-abuso-sexual-de-una-menor-de-tres-anos-nieta-de-su-pareja-sentimental\/\"]}]},{\"@type\":\"ImageObject\",\"inLanguage\":\"es-CO\",\"@id\":\"https:\/\/www.fiscalia.gov.co\/colombia\/noticias\/en-bolivar-fue-judicializado-un-hombre-presuntamente-implicado-en-el-abuso-sexual-de-una-menor-de-tres-anos-nieta-de-su-pareja-sentimental\/#primaryimage\",\"url\":\"https:\/\/www.fiscalia.gov.co\/colombia\/wp-content\/uploads\/Foto-boletin-26-de-agosto-delito-sexual-y-porte-de-armas-.jpeg\",\"contentUrl\":\"https:\/\/www.fiscalia.gov.co\/colombia\/wp-content\/uploads\/Foto-boletin-26-de-agosto-delito-sexual-y-porte-de-armas-.jpeg\",\"width\":1280,\"height\":715,\"caption\":\"El procesado fue judicializado por la Fiscal\u00eda por investigaciones distintas.\u00a0\"},{\"@type\":\"BreadcrumbList\",\"@id\":\"https:\/\/www.fiscalia.gov.co\/colombia\/noticias\/en-bolivar-fue-judicializado-un-hombre-presuntamente-implicado-en-el-abuso-sexual-de-una-menor-de-tres-anos-nieta-de-su-pareja-sentimental\/#breadcrumb\",\"itemListElement\":[{\"@type\":\"ListItem\",\"position\":1,\"name\":\"Home\",\"item\":\"https:\/\/www.fiscalia.gov.co\/colombia\/\"},{\"@type\":\"ListItem\",\"position\":2,\"name\":\"En Bol\u00edvar fue judicializado un hombre presuntamente implicado en el abuso sexual de una menor de tres a\u00f1os, nieta de su pareja sentimental\"}]},{\"@type\":\"WebSite\",\"@id\":\"https:\/\/www.fiscalia.gov.co\/colombia\/#website\",\"url\":\"https:\/\/www.fiscalia.gov.co\/colombia\/\",\"name\":\"Fiscal\u00eda General de la Naci\u00f3n\",\"description\":\"P\u00e1gina oficial de la Fiscal\u00eda General de la Naci\u00f3n \u2013 Colombia. Garantizamos el acceso efectivo a la justicia, la verdad y la reparaci\u00f3n de las v\u00edctimas de los delitos.\",\"publisher\":{\"@id\":\"https:\/\/www.fiscalia.gov.co\/colombia\/#organization\"},\"potentialAction\":[{\"@type\":\"SearchAction\",\"target\":{\"@type\":\"EntryPoint\",\"urlTemplate\":\"https:\/\/www.fiscalia.gov.co\/colombia\/?s={search_term_string}\"},\"query-input\":{\"@type\":\"PropertyValueSpecification\",\"valueRequired\":true,\"valueName\":\"search_term_string\"}}],\"inLanguage\":\"es-CO\"},{\"@type\":\"Organization\",\"@id\":\"https:\/\/www.fiscalia.gov.co\/colombia\/#organization\",\"name\":\"Fiscal\u00eda General de la Naci\u00f3n\",\"url\":\"https:\/\/www.fiscalia.gov.co\/colombia\/\",\"logo\":{\"@type\":\"ImageObject\",\"inLanguage\":\"es-CO\",\"@id\":\"https:\/\/www.fiscalia.gov.co\/colombia\/#\/schema\/logo\/image\/\",\"url\":\"https:\/\/www.fiscalia.gov.co\/colombia\/wp-content\/uploads\/LogoHorizontal_1.jpg\",\"contentUrl\":\"https:\/\/www.fiscalia.gov.co\/colombia\/wp-content\/uploads\/LogoHorizontal_1.jpg\",\"width\":300,\"height\":90,\"caption\":\"Fiscal\u00eda General de la Naci\u00f3n\"},\"image\":{\"@id\":\"https:\/\/www.fiscalia.gov.co\/colombia\/#\/schema\/logo\/image\/\"},\"sameAs\":[\"https:\/\/www.facebook.com\/FiscaliaCol\",\"https:\/\/x.com\/FiscaliaCol\",\"https:\/\/www.instagram.com\/fiscaliacol\",\"https:\/\/www.linkedin.com\/company\/fiscalia-general-de-la-naci-n\/\",\"https:\/\/youtube.com\/@fiscaliageneraldelanacion-4668?si=6nN79nyQICPU5iTh\"]},{\"@type\":\"Person\",\"@id\":\"https:\/\/www.fiscalia.gov.co\/colombia\/#\/schema\/person\/bf84402cf293a5393e9c70b111020b24\",\"name\":\"Jordan Leandro Oviedo Anzola\",\"image\":{\"@type\":\"ImageObject\",\"inLanguage\":\"es-CO\",\"@id\":\"https:\/\/www.fiscalia.gov.co\/colombia\/#\/schema\/person\/image\/\",\"url\":\"https:\/\/secure.gravatar.com\/avatar\/dabba4346fa9b9207d96adafa8f92721?s=96&d=mm&r=g\",\"contentUrl\":\"https:\/\/secure.gravatar.com\/avatar\/dabba4346fa9b9207d96adafa8f92721?s=96&d=mm&r=g\",\"caption\":\"Jordan Leandro Oviedo Anzola\"},\"url\":\"https:\/\/www.fiscalia.gov.co\/colombia\/author\/joviedo\/\"}]}<\/script>\n<!-- \/ Yoast SEO plugin. -->","yoast_head_json":{"title":"Fiscal\u00eda General de la Naci\u00f3n","description":"P\u00e1gina oficial de la Fiscal\u00eda General de la Naci\u00f3n \u2013 Colombia. Garantizamos el acceso efectivo a la justicia, la verdad y la reparaci\u00f3n de las v\u00edctimas de los delitos.","robots":{"index":"noindex","follow":"follow"},"og_locale":"es_ES","og_type":"article","og_title":"Fiscal\u00eda General de la Naci\u00f3n","og_description":"P\u00e1gina oficial de la Fiscal\u00eda General de la Naci\u00f3n \u2013 Colombia. Garantizamos el acceso efectivo a la justicia, la verdad y la reparaci\u00f3n de las v\u00edctimas de los delitos.","og_url":"https:\/\/www.fiscalia.gov.co\/colombia\/noticias\/en-bolivar-fue-judicializado-un-hombre-presuntamente-implicado-en-el-abuso-sexual-de-una-menor-de-tres-anos-nieta-de-su-pareja-sentimental\/","og_site_name":"Fiscal\u00eda General de la Naci\u00f3n","article_publisher":"https:\/\/www.facebook.com\/FiscaliaCol","article_published_time":"2025-08-26T14:46:29+00:00","og_image":[{"width":1280,"height":715,"url":"https:\/\/www.fiscalia.gov.co\/colombia\/wp-content\/uploads\/Foto-boletin-26-de-agosto-delito-sexual-y-porte-de-armas-.jpeg","type":"image\/jpeg"}],"author":"Jordan Leandro Oviedo Anzola","twitter_card":"summary_large_image","twitter_creator":"@FiscaliaCol","twitter_site":"@FiscaliaCol","twitter_misc":{"Escrito por":"Jordan Leandro Oviedo Anzola","Tiempo de lectura":"2 minutos"},"schema":{"@context":"https:\/\/schema.org","@graph":[{"@type":"Article","@id":"https:\/\/www.fiscalia.gov.co\/colombia\/noticias\/en-bolivar-fue-judicializado-un-hombre-presuntamente-implicado-en-el-abuso-sexual-de-una-menor-de-tres-anos-nieta-de-su-pareja-sentimental\/#article","isPartOf":{"@id":"https:\/\/www.fiscalia.gov.co\/colombia\/noticias\/en-bolivar-fue-judicializado-un-hombre-presuntamente-implicado-en-el-abuso-sexual-de-una-menor-de-tres-anos-nieta-de-su-pareja-sentimental\/"},"author":{"name":"Jordan Leandro Oviedo Anzola","@id":"https:\/\/www.fiscalia.gov.co\/colombia\/#\/schema\/person\/bf84402cf293a5393e9c70b111020b24"},"headline":"En Bol\u00edvar fue judicializado un hombre presuntamente implicado en el abuso sexual de una menor de tres a\u00f1os, nieta de su pareja sentimental","datePublished":"2025-08-26T14:46:29+00:00","dateModified":"2025-08-26T14:46:29+00:00","mainEntityOfPage":{"@id":"https:\/\/www.fiscalia.gov.co\/colombia\/noticias\/en-bolivar-fue-judicializado-un-hombre-presuntamente-implicado-en-el-abuso-sexual-de-una-menor-de-tres-anos-nieta-de-su-pareja-sentimental\/"},"wordCount":407,"publisher":{"@id":"https:\/\/www.fiscalia.gov.co\/colombia\/#organization"},"image":{"@id":"https:\/\/www.fiscalia.gov.co\/colombia\/noticias\/en-bolivar-fue-judicializado-un-hombre-presuntamente-implicado-en-el-abuso-sexual-de-una-menor-de-tres-anos-nieta-de-su-pareja-sentimental\/#primaryimage"},"thumbnailUrl":"https:\/\/www.fiscalia.gov.co\/colombia\/wp-content\/uploads\/Foto-boletin-26-de-agosto-delito-sexual-y-porte-de-armas--1024x572.jpeg","keywords":["Acceso carnal violento","Bol\u00edvar","Captura","C\u00e1rcel","Cartagena (Bol\u00edvar)","Compa\u00f1era sentimental","en flagrancia","Fiscal\u00eda Colombia","Fiscal\u00eda General de la Naci\u00f3n","Mahates","Menor","nieta","Polic\u00eda Nacional","porte de arma de fuegos","V\u00edctima"],"articleSection":["Noticias","Seccional Cartagena","Seccionales"],"inLanguage":"es-CO"},{"@type":"WebPage","@id":"https:\/\/www.fiscalia.gov.co\/colombia\/noticias\/en-bolivar-fue-judicializado-un-hombre-presuntamente-implicado-en-el-abuso-sexual-de-una-menor-de-tres-anos-nieta-de-su-pareja-sentimental\/","url":"https:\/\/www.fiscalia.gov.co\/colombia\/noticias\/en-bolivar-fue-judicializado-un-hombre-presuntamente-implicado-en-el-abuso-sexual-de-una-menor-de-tres-anos-nieta-de-su-pareja-sentimental\/","name":"Fiscal\u00eda General de la Naci\u00f3n","isPartOf":{"@id":"https:\/\/www.fiscalia.gov.co\/colombia\/#website"},"primaryImageOfPage":{"@id":"https:\/\/www.fiscalia.gov.co\/colombia\/noticias\/en-bolivar-fue-judicializado-un-hombre-presuntamente-implicado-en-el-abuso-sexual-de-una-menor-de-tres-anos-nieta-de-su-pareja-sentimental\/#primaryimage"},"image":{"@id":"https:\/\/www.fiscalia.gov.co\/colombia\/noticias\/en-bolivar-fue-judicializado-un-hombre-presuntamente-implicado-en-el-abuso-sexual-de-una-menor-de-tres-anos-nieta-de-su-pareja-sentimental\/#primaryimage"},"thumbnailUrl":"https:\/\/www.fiscalia.gov.co\/colombia\/wp-content\/uploads\/Foto-boletin-26-de-agosto-delito-sexual-y-porte-de-armas--1024x572.jpeg","datePublished":"2025-08-26T14:46:29+00:00","dateModified":"2025-08-26T14:46:29+00:00","description":"P\u00e1gina oficial de la Fiscal\u00eda General de la Naci\u00f3n \u2013 Colombia. Garantizamos el acceso efectivo a la justicia, la verdad y la reparaci\u00f3n de las v\u00edctimas de los delitos.","breadcrumb":{"@id":"https:\/\/www.fiscalia.gov.co\/colombia\/noticias\/en-bolivar-fue-judicializado-un-hombre-presuntamente-implicado-en-el-abuso-sexual-de-una-menor-de-tres-anos-nieta-de-su-pareja-sentimental\/#breadcrumb"},"inLanguage":"es-CO","potentialAction":[{"@type":"ReadAction","target":["https:\/\/www.fiscalia.gov.co\/colombia\/noticias\/en-bolivar-fue-judicializado-un-hombre-presuntamente-implicado-en-el-abuso-sexual-de-una-menor-de-tres-anos-nieta-de-su-pareja-sentimental\/"]}]},{"@type":"ImageObject","inLanguage":"es-CO","@id":"https:\/\/www.fiscalia.gov.co\/colombia\/noticias\/en-bolivar-fue-judicializado-un-hombre-presuntamente-implicado-en-el-abuso-sexual-de-una-menor-de-tres-anos-nieta-de-su-pareja-sentimental\/#primaryimage","url":"https:\/\/www.fiscalia.gov.co\/colombia\/wp-content\/uploads\/Foto-boletin-26-de-agosto-delito-sexual-y-porte-de-armas-.jpeg","contentUrl":"https:\/\/www.fiscalia.gov.co\/colombia\/wp-content\/uploads\/Foto-boletin-26-de-agosto-delito-sexual-y-porte-de-armas-.jpeg","width":1280,"height":715,"caption":"El procesado fue judicializado por la Fiscal\u00eda por investigaciones distintas.\u00a0"},{"@type":"BreadcrumbList","@id":"https:\/\/www.fiscalia.gov.co\/colombia\/noticias\/en-bolivar-fue-judicializado-un-hombre-presuntamente-implicado-en-el-abuso-sexual-de-una-menor-de-tres-anos-nieta-de-su-pareja-sentimental\/#breadcrumb","itemListElement":[{"@type":"ListItem","position":1,"name":"Home","item":"https:\/\/www.fiscalia.gov.co\/colombia\/"},{"@type":"ListItem","position":2,"name":"En Bol\u00edvar fue judicializado un hombre presuntamente implicado en el abuso sexual de una menor de tres a\u00f1os, nieta de su pareja sentimental"}]},{"@type":"WebSite","@id":"https:\/\/www.fiscalia.gov.co\/colombia\/#website","url":"https:\/\/www.fiscalia.gov.co\/colombia\/","name":"Fiscal\u00eda General de la Naci\u00f3n","description":"P\u00e1gina oficial de la Fiscal\u00eda General de la Naci\u00f3n \u2013 Colombia. Garantizamos el acceso efectivo a la justicia, la verdad y la reparaci\u00f3n de las v\u00edctimas de los delitos.","publisher":{"@id":"https:\/\/www.fiscalia.gov.co\/colombia\/#organization"},"potentialAction":[{"@type":"SearchAction","target":{"@type":"EntryPoint","urlTemplate":"https:\/\/www.fiscalia.gov.co\/colombia\/?s={search_term_string}"},"query-input":{"@type":"PropertyValueSpecification","valueRequired":true,"valueName":"search_term_string"}}],"inLanguage":"es-CO"},{"@type":"Organization","@id":"https:\/\/www.fiscalia.gov.co\/colombia\/#organization","name":"Fiscal\u00eda General de la Naci\u00f3n","url":"https:\/\/www.fiscalia.gov.co\/colombia\/","logo":{"@type":"ImageObject","inLanguage":"es-CO","@id":"https:\/\/www.fiscalia.gov.co\/colombia\/#\/schema\/logo\/image\/","url":"https:\/\/www.fiscalia.gov.co\/colombia\/wp-content\/uploads\/LogoHorizontal_1.jpg","contentUrl":"https:\/\/www.fiscalia.gov.co\/colombia\/wp-content\/uploads\/LogoHorizontal_1.jpg","width":300,"height":90,"caption":"Fiscal\u00eda General de la Naci\u00f3n"},"image":{"@id":"https:\/\/www.fiscalia.gov.co\/colombia\/#\/schema\/logo\/image\/"},"sameAs":["https:\/\/www.facebook.com\/FiscaliaCol","https:\/\/x.com\/FiscaliaCol","https:\/\/www.instagram.com\/fiscaliacol","https:\/\/www.linkedin.com\/company\/fiscalia-general-de-la-naci-n\/","https:\/\/youtube.com\/@fiscaliageneraldelanacion-4668?si=6nN79nyQICPU5iTh"]},{"@type":"Person","@id":"https:\/\/www.fiscalia.gov.co\/colombia\/#\/schema\/person\/bf84402cf293a5393e9c70b111020b24","name":"Jordan Leandro Oviedo Anzola","image":{"@type":"ImageObject","inLanguage":"es-CO","@id":"https:\/\/www.fiscalia.gov.co\/colombia\/#\/schema\/person\/image\/","url":"https:\/\/secure.gravatar.com\/avatar\/dabba4346fa9b9207d96adafa8f92721?s=96&d=mm&r=g","contentUrl":"https:\/\/secure.gravatar.com\/avatar\/dabba4346fa9b9207d96adafa8f92721?s=96&d=mm&r=g","caption":"Jordan Leandro Oviedo Anzola"},"url":"https:\/\/www.fiscalia.gov.co\/colombia\/author\/joviedo\/"}]}},"_links":{"self":[{"href":"https:\/\/www.fiscalia.gov.co\/colombia\/wp-json\/wp\/v2\/posts\/322419","targetHints":{"allow":["GET"]}}],"collection":[{"href":"https:\/\/www.fiscalia.gov.co\/colombia\/wp-json\/wp\/v2\/posts"}],"about":[{"href":"https:\/\/www.fiscalia.gov.co\/colombia\/wp-json\/wp\/v2\/types\/post"}],"author":[{"embeddable":true,"href":"https:\/\/www.fiscalia.gov.co\/colombia\/wp-json\/wp\/v2\/users\/177"}],"replies":[{"embeddable":true,"href":"https:\/\/www.fiscalia.gov.co\/colombia\/wp-json\/wp\/v2\/comments?post=322419"}],"version-history":[{"count":1,"href":"https:\/\/www.fiscalia.gov.co\/colombia\/wp-json\/wp\/v2\/posts\/322419\/revisions"}],"predecessor-version":[{"id":322421,"href":"https:\/\/www.fiscalia.gov.co\/colombia\/wp-json\/wp\/v2\/posts\/322419\/revisions\/322421"}],"wp:attachment":[{"href":"https:\/\/www.fiscalia.gov.co\/colombia\/wp-json\/wp\/v2\/media?parent=322419"}],"wp:term":[{"taxonomy":"category","embeddable":true,"href":"https:\/\/www.fiscalia.gov.co\/colombia\/wp-json\/wp\/v2\/categories?post=322419"},{"taxonomy":"post_tag","embeddable":true,"href":"https:\/\/www.fiscalia.gov.co\/colombia\/wp-json\/wp\/v2\/tags?post=322419"}],"curies":[{"name":"wp","href":"https:\/\/api.w.org\/{rel}","templated":true}]}}