{"id":321835,"date":"2025-08-19T13:48:57","date_gmt":"2025-08-19T18:48:57","guid":{"rendered":"https:\/\/www.fiscalia.gov.co\/colombia\/?p=321835"},"modified":"2025-08-19T13:50:38","modified_gmt":"2025-08-19T18:50:38","slug":"denunciar-un-delito-en-la-noche-si-es-posible","status":"publish","type":"post","link":"https:\/\/www.fiscalia.gov.co\/colombia\/fiscalia-mas-cerca\/denunciar-un-delito-en-la-noche-si-es-posible\/","title":{"rendered":"Denunciar un delito en la noche s\u00ed es posible"},"content":{"rendered":"<p>La Fiscal\u00eda tiene canales y puntos de atenci\u00f3n que funcionan las 24 horas, todos los d\u00edas. Conoce los <a href=\"https:\/\/www.instagram.com\/p\/DNTb8eAtxbp\/?igsh=MXhxMTN5ZnJta2R4OQ%3D%3D\" target=\"_blank\" rel=\"noopener\">canales de atenci\u00f3n<\/a> disponibles para reportar en las noches, delitos de los que seas v\u00edctima o tengas conocimiento.<\/p>\n<p><span style=\"font-weight: 400;\">La Fiscal\u00eda tiene canales y puntos de atenci\u00f3n que funcionan las 24 horas, todos los d\u00edas. Conoce los canales de atenci\u00f3n disponibles para reportar en las noches, delitos de los que seas v\u00edctima o tengas conocimiento.<\/span><\/p>\n\r\n                <style type=\"text\/css\">\r\n                    \r\n                    #tdi_1  .td-doubleSlider-2 .td-item1 {\r\n                        background: url(https:\/\/www.fiscalia.gov.co\/colombia\/wp-content\/uploads\/WhatsApp-Image-2025-08-13-at-12.06.28-PM-80x60.jpeg) 0 0 no-repeat;\r\n                    }\r\n                    #tdi_1  .td-doubleSlider-2 .td-item2 {\r\n                        background: url(https:\/\/www.fiscalia.gov.co\/colombia\/wp-content\/uploads\/WhatsApp-Image-2025-08-13-at-12.06.28-PM-1-80x60.jpeg) 0 0 no-repeat;\r\n                    }\r\n                    #tdi_1  .td-doubleSlider-2 .td-item3 {\r\n                        background: url(https:\/\/www.fiscalia.gov.co\/colombia\/wp-content\/uploads\/WhatsApp-Image-2025-08-13-at-12.06.28-PM-2-80x60.jpeg) 0 0 no-repeat;\r\n                    }\r\n                    #tdi_1  .td-doubleSlider-2 .td-item4 {\r\n                        background: url(https:\/\/www.fiscalia.gov.co\/colombia\/wp-content\/uploads\/WhatsApp-Image-2025-08-13-at-12.06.28-PM-3-80x60.jpeg) 0 0 no-repeat;\r\n                    }\r\n                    #tdi_1  .td-doubleSlider-2 .td-item5 {\r\n                        background: url(https:\/\/www.fiscalia.gov.co\/colombia\/wp-content\/uploads\/WhatsApp-Image-2025-08-13-at-12.06.28-PM-4-80x60.jpeg) 0 0 no-repeat;\r\n                    }\r\n                    #tdi_1  .td-doubleSlider-2 .td-item6 {\r\n                        background: url(https:\/\/www.fiscalia.gov.co\/colombia\/wp-content\/uploads\/WhatsApp-Image-2025-08-13-at-12.06.28-PM-5-80x60.jpeg) 0 0 no-repeat;\r\n                    }\r\n                    #tdi_1  .td-doubleSlider-2 .td-item7 {\r\n                        background: url(https:\/\/www.fiscalia.gov.co\/colombia\/wp-content\/uploads\/WhatsApp-Image-2025-08-13-at-12.06.29-PM-80x60.jpeg) 0 0 no-repeat;\r\n                    }\r\n                <\/style>\r\n\r\n                <div id=\"tdi_1\" class=\"td-gallery td-slide-on-2-columns\">\r\n                    <div class=\"post_td_gallery\">\r\n                        <div class=\"td-gallery-slide-top\">\r\n                           <div class=\"td-gallery-title\"><\/div>\r\n\r\n                            <div class=\"td-gallery-controls-wrapper\">\r\n                                <div class=\"td-gallery-slide-count\"><span class=\"td-gallery-slide-item-focus\">1<\/span> de 7<\/div>\r\n                                <div class=\"td-gallery-slide-prev-next-but\">\r\n                                    <i class = \"td-icon-left doubleSliderPrevButton\"><\/i>\r\n                                    <i class = \"td-icon-right doubleSliderNextButton\"><\/i>\r\n                                <\/div>\r\n                            <\/div>\r\n                        <\/div>\r\n\r\n                        <div class = \"td-doubleSlider-1 \">\r\n                            <div class = \"td-slider\">\r\n                                \r\n                    <div class = \"td-slide-item td-item1\">\r\n                        <figure class=\"td-slide-galery-figure td-slide-popup-gallery\">\r\n                            <a class=\"slide-gallery-image-link\" href=\"https:\/\/www.fiscalia.gov.co\/colombia\/wp-content\/uploads\/WhatsApp-Image-2025-08-13-at-12.06.28-PM.jpeg\" title=\"Denuncia en la noche 7\"  data-caption=\"S\u00ed puedes denunciar un delito en la noche.\"  data-description=\"\">\r\n                                <img decoding=\"async\" src=\"https:\/\/www.fiscalia.gov.co\/colombia\/wp-content\/uploads\/WhatsApp-Image-2025-08-13-at-12.06.28-PM-336x420.jpeg\" srcset=\"https:\/\/www.fiscalia.gov.co\/colombia\/wp-content\/uploads\/WhatsApp-Image-2025-08-13-at-12.06.28-PM-336x420.jpeg 336w, https:\/\/www.fiscalia.gov.co\/colombia\/wp-content\/uploads\/WhatsApp-Image-2025-08-13-at-12.06.28-PM-240x300.jpeg 240w, https:\/\/www.fiscalia.gov.co\/colombia\/wp-content\/uploads\/WhatsApp-Image-2025-08-13-at-12.06.28-PM-819x1024.jpeg 819w, https:\/\/www.fiscalia.gov.co\/colombia\/wp-content\/uploads\/WhatsApp-Image-2025-08-13-at-12.06.28-PM-768x960.jpeg 768w, https:\/\/www.fiscalia.gov.co\/colombia\/wp-content\/uploads\/WhatsApp-Image-2025-08-13-at-12.06.28-PM-696x870.jpeg 696w, https:\/\/www.fiscalia.gov.co\/colombia\/wp-content\/uploads\/WhatsApp-Image-2025-08-13-at-12.06.28-PM-1068x1335.jpeg 1068w, https:\/\/www.fiscalia.gov.co\/colombia\/wp-content\/uploads\/WhatsApp-Image-2025-08-13-at-12.06.28-PM.jpeg 1080w\" sizes=\"(max-width: 336px) 100vw, 336px\" alt=\"Esta imagen refuerza el mensaje de la Fiscal&iacute;a General de la Naci&oacute;n de Colombia sobre la posibilidad de denunciar delitos en cualquier momento, incluso en la noche. Aqu&iacute; est&aacute; el contenido esencial del aviso: \ud83d\udfe1 Denunciar un delito en la noche s&iacute; es posible \ud83d\udd52 Canales y puntos de atenci&oacute;n disponibles las 24 horas \ud83d\udc65 Campa&ntilde;a: #Fiscal&iacute;aM&aacute;sCerca La imagen muestra una ciudad de noche, con edificios iluminados, lo cual enfatiza que los servicios est&aacute;n activos incluso fuera del horario laboral habitual.\">\r\n                            <\/a>\r\n                            <figcaption class = \"td-slide-caption td-gallery-slide-content\"><div class = \"td-gallery-slide-copywrite\">S\u00ed puedes denunciar un delito en la noche.<\/div><\/figcaption>\r\n                        <\/figure>\r\n                    <\/div>\r\n                    <div class = \"td-slide-item td-item2\">\r\n                        <figure class=\"td-slide-galery-figure td-slide-popup-gallery\">\r\n                            <a class=\"slide-gallery-image-link\" href=\"https:\/\/www.fiscalia.gov.co\/colombia\/wp-content\/uploads\/WhatsApp-Image-2025-08-13-at-12.06.28-PM-1.jpeg\" title=\"Atenci\u00f3n en la noche 6\"  data-caption=\"Denuncia en l\u00ednea en cualquier momento.\"  data-description=\"\">\r\n                                <img decoding=\"async\" src=\"https:\/\/www.fiscalia.gov.co\/colombia\/wp-content\/uploads\/WhatsApp-Image-2025-08-13-at-12.06.28-PM-1-336x420.jpeg\" srcset=\"https:\/\/www.fiscalia.gov.co\/colombia\/wp-content\/uploads\/WhatsApp-Image-2025-08-13-at-12.06.28-PM-1-336x420.jpeg 336w, https:\/\/www.fiscalia.gov.co\/colombia\/wp-content\/uploads\/WhatsApp-Image-2025-08-13-at-12.06.28-PM-1-240x300.jpeg 240w, https:\/\/www.fiscalia.gov.co\/colombia\/wp-content\/uploads\/WhatsApp-Image-2025-08-13-at-12.06.28-PM-1-819x1024.jpeg 819w, https:\/\/www.fiscalia.gov.co\/colombia\/wp-content\/uploads\/WhatsApp-Image-2025-08-13-at-12.06.28-PM-1-768x960.jpeg 768w, https:\/\/www.fiscalia.gov.co\/colombia\/wp-content\/uploads\/WhatsApp-Image-2025-08-13-at-12.06.28-PM-1-696x870.jpeg 696w, https:\/\/www.fiscalia.gov.co\/colombia\/wp-content\/uploads\/WhatsApp-Image-2025-08-13-at-12.06.28-PM-1-1068x1335.jpeg 1068w, https:\/\/www.fiscalia.gov.co\/colombia\/wp-content\/uploads\/WhatsApp-Image-2025-08-13-at-12.06.28-PM-1.jpeg 1080w\" sizes=\"(max-width: 336px) 100vw, 336px\" alt=\"La imagen de fondo azul tiene un texto que dice Denuncia en l&iacute;nea, en cualquier momento Ingresa a la p&aacute;gina de la Fiscal&iacute;a: \ud83d\udd17 www.fiscalia.gov.co Haz clic en: \ud83d\uddb1\ufe0f DENUNCIA F&Aacute;CIL y reporta el hecho de forma segura. La imagen tambi&eacute;n incluye una ilustraci&oacute;n de un ladr&oacute;n huyendo con una bolsa de dinero, y una casa aparentemente siendo vigilada o en riesgo, reforzando el mensaje sobre seguridad ciudadana.\">\r\n                            <\/a>\r\n                            <figcaption class = \"td-slide-caption td-gallery-slide-content\"><div class = \"td-gallery-slide-copywrite\">Denuncia en l\u00ednea en cualquier momento.<\/div><\/figcaption>\r\n                        <\/figure>\r\n                    <\/div>\r\n                    <div class = \"td-slide-item td-item3\">\r\n                        <figure class=\"td-slide-galery-figure td-slide-popup-gallery\">\r\n                            <a class=\"slide-gallery-image-link\" href=\"https:\/\/www.fiscalia.gov.co\/colombia\/wp-content\/uploads\/WhatsApp-Image-2025-08-13-at-12.06.28-PM-2.jpeg\" title=\"Servicios en la noche 5\"  data-caption=\"Atenci\u00f3n presencial todos los d\u00edas. \"  data-description=\"\">\r\n                                <img decoding=\"async\" src=\"https:\/\/www.fiscalia.gov.co\/colombia\/wp-content\/uploads\/WhatsApp-Image-2025-08-13-at-12.06.28-PM-2-336x420.jpeg\" srcset=\"https:\/\/www.fiscalia.gov.co\/colombia\/wp-content\/uploads\/WhatsApp-Image-2025-08-13-at-12.06.28-PM-2-336x420.jpeg 336w, https:\/\/www.fiscalia.gov.co\/colombia\/wp-content\/uploads\/WhatsApp-Image-2025-08-13-at-12.06.28-PM-2-240x300.jpeg 240w, https:\/\/www.fiscalia.gov.co\/colombia\/wp-content\/uploads\/WhatsApp-Image-2025-08-13-at-12.06.28-PM-2-819x1024.jpeg 819w, https:\/\/www.fiscalia.gov.co\/colombia\/wp-content\/uploads\/WhatsApp-Image-2025-08-13-at-12.06.28-PM-2-768x960.jpeg 768w, https:\/\/www.fiscalia.gov.co\/colombia\/wp-content\/uploads\/WhatsApp-Image-2025-08-13-at-12.06.28-PM-2-696x870.jpeg 696w, https:\/\/www.fiscalia.gov.co\/colombia\/wp-content\/uploads\/WhatsApp-Image-2025-08-13-at-12.06.28-PM-2-1068x1335.jpeg 1068w, https:\/\/www.fiscalia.gov.co\/colombia\/wp-content\/uploads\/WhatsApp-Image-2025-08-13-at-12.06.28-PM-2.jpeg 1080w\" sizes=\"(max-width: 336px) 100vw, 336px\" alt=\"La imagen es un cartel informativo con fondo nocturno y una ilustraci&oacute;n urbana. Informa que las Unidades de Flagrancia (antes URI) brindan atenci&oacute;n presencial las 24 horas, todos los d&iacute;as. Un servidor p&uacute;blico orientar&aacute; y activar&aacute; el servicio necesario seg&uacute;n el caso.\">\r\n                            <\/a>\r\n                            <figcaption class = \"td-slide-caption td-gallery-slide-content\"><div class = \"td-gallery-slide-copywrite\">Atenci\u00f3n presencial todos los d\u00edas. <\/div><\/figcaption>\r\n                        <\/figure>\r\n                    <\/div>\r\n                    <div class = \"td-slide-item td-item4\">\r\n                        <figure class=\"td-slide-galery-figure td-slide-popup-gallery\">\r\n                            <a class=\"slide-gallery-image-link\" href=\"https:\/\/www.fiscalia.gov.co\/colombia\/wp-content\/uploads\/WhatsApp-Image-2025-08-13-at-12.06.28-PM-3.jpeg\" title=\"Denuncia en la noche 4\"  data-caption=\"La Fiscal\u00eda ofrece l\u00edneas de atenci\u00f3n disponibles las 24 horas,\"  data-description=\"\">\r\n                                <img decoding=\"async\" src=\"https:\/\/www.fiscalia.gov.co\/colombia\/wp-content\/uploads\/WhatsApp-Image-2025-08-13-at-12.06.28-PM-3-336x420.jpeg\" srcset=\"https:\/\/www.fiscalia.gov.co\/colombia\/wp-content\/uploads\/WhatsApp-Image-2025-08-13-at-12.06.28-PM-3-336x420.jpeg 336w, https:\/\/www.fiscalia.gov.co\/colombia\/wp-content\/uploads\/WhatsApp-Image-2025-08-13-at-12.06.28-PM-3-240x300.jpeg 240w, https:\/\/www.fiscalia.gov.co\/colombia\/wp-content\/uploads\/WhatsApp-Image-2025-08-13-at-12.06.28-PM-3-819x1024.jpeg 819w, https:\/\/www.fiscalia.gov.co\/colombia\/wp-content\/uploads\/WhatsApp-Image-2025-08-13-at-12.06.28-PM-3-768x960.jpeg 768w, https:\/\/www.fiscalia.gov.co\/colombia\/wp-content\/uploads\/WhatsApp-Image-2025-08-13-at-12.06.28-PM-3-696x870.jpeg 696w, https:\/\/www.fiscalia.gov.co\/colombia\/wp-content\/uploads\/WhatsApp-Image-2025-08-13-at-12.06.28-PM-3-1068x1335.jpeg 1068w, https:\/\/www.fiscalia.gov.co\/colombia\/wp-content\/uploads\/WhatsApp-Image-2025-08-13-at-12.06.28-PM-3.jpeg 1080w\" sizes=\"(max-width: 336px) 100vw, 336px\" alt=\"La imagen tiene un fondo nocturno con cielo estrellado y, en la parte inferior, una ilustraci&oacute;n de un vecindario con casas iluminadas. En el centro se presenta la informaci&oacute;n de contacto bajo el t&iacute;tulo: &ldquo;Canal telef&oacute;nico&rdquo; &ldquo;L&iacute;neas de atenci&oacute;n 24\/7&rdquo; Con &iacute;conos que representan un celular y un tel&eacute;fono fijo, se detallan los n&uacute;meros gratuitos: \ud83d\udcf1 Desde celular: 122 (gratuita) \u260e\ufe0f Desde tel&eacute;fono fijo: 01 8000 919 748 (gratuita)\">\r\n                            <\/a>\r\n                            <figcaption class = \"td-slide-caption td-gallery-slide-content\"><div class = \"td-gallery-slide-copywrite\">La Fiscal\u00eda ofrece l\u00edneas de atenci\u00f3n disponibles las 24 horas,<\/div><\/figcaption>\r\n                        <\/figure>\r\n                    <\/div>\r\n                    <div class = \"td-slide-item td-item5\">\r\n                        <figure class=\"td-slide-galery-figure td-slide-popup-gallery\">\r\n                            <a class=\"slide-gallery-image-link\" href=\"https:\/\/www.fiscalia.gov.co\/colombia\/wp-content\/uploads\/WhatsApp-Image-2025-08-13-at-12.06.28-PM-4.jpeg\" title=\"Denuncia en la noche 3\"  data-caption=\"Casos que requieren atenci\u00f3n inmediata\"  data-description=\"\">\r\n                                <img decoding=\"async\" src=\"https:\/\/www.fiscalia.gov.co\/colombia\/wp-content\/uploads\/WhatsApp-Image-2025-08-13-at-12.06.28-PM-4-336x420.jpeg\" srcset=\"https:\/\/www.fiscalia.gov.co\/colombia\/wp-content\/uploads\/WhatsApp-Image-2025-08-13-at-12.06.28-PM-4-336x420.jpeg 336w, https:\/\/www.fiscalia.gov.co\/colombia\/wp-content\/uploads\/WhatsApp-Image-2025-08-13-at-12.06.28-PM-4-240x300.jpeg 240w, https:\/\/www.fiscalia.gov.co\/colombia\/wp-content\/uploads\/WhatsApp-Image-2025-08-13-at-12.06.28-PM-4-819x1024.jpeg 819w, https:\/\/www.fiscalia.gov.co\/colombia\/wp-content\/uploads\/WhatsApp-Image-2025-08-13-at-12.06.28-PM-4-768x960.jpeg 768w, https:\/\/www.fiscalia.gov.co\/colombia\/wp-content\/uploads\/WhatsApp-Image-2025-08-13-at-12.06.28-PM-4-696x870.jpeg 696w, https:\/\/www.fiscalia.gov.co\/colombia\/wp-content\/uploads\/WhatsApp-Image-2025-08-13-at-12.06.28-PM-4-1068x1335.jpeg 1068w, https:\/\/www.fiscalia.gov.co\/colombia\/wp-content\/uploads\/WhatsApp-Image-2025-08-13-at-12.06.28-PM-4.jpeg 1080w\" sizes=\"(max-width: 336px) 100vw, 336px\" alt=\"La imagen tiene un fondo azul oscuro con estrellas, que representa la noche. En la parte superior aparece el t&iacute;tulo en letras amarillas y blancas: &ldquo;Casos que requieren atenci&oacute;n inmediata&rdquo; Debajo se explica: &ldquo;En las Unidades de Flagrancia puedes denunciar hechos como:&rdquo; Y se enumeran con &iacute;conos de verificaci&oacute;n amarillos: Delitos sexuales. Violencia intrafamiliar. Violencia de g&eacute;nero. Casos en los que la v&iacute;ctima sea menor de edad. Otros casos ocurridos en situaci&oacute;n de flagrancia. En la parte inferior derecha se observa la ilustraci&oacute;n de una persona con sudadera y capucha caminando de noche, cerca de una parada de bus iluminada, lo que refuerza la idea de riesgo y necesidad de atenci&oacute;n inmediata.\">\r\n                            <\/a>\r\n                            <figcaption class = \"td-slide-caption td-gallery-slide-content\"><div class = \"td-gallery-slide-copywrite\">Casos que requieren atenci\u00f3n inmediata<\/div><\/figcaption>\r\n                        <\/figure>\r\n                    <\/div>\r\n                    <div class = \"td-slide-item td-item6\">\r\n                        <figure class=\"td-slide-galery-figure td-slide-popup-gallery\">\r\n                            <a class=\"slide-gallery-image-link\" href=\"https:\/\/www.fiscalia.gov.co\/colombia\/wp-content\/uploads\/WhatsApp-Image-2025-08-13-at-12.06.28-PM-5.jpeg\" title=\"Denunciar en la noche 2\"  data-caption=\"Denuncia sin demoras\nAct\u00faa de inmediato\"  data-description=\"\">\r\n                                <img decoding=\"async\" src=\"https:\/\/www.fiscalia.gov.co\/colombia\/wp-content\/uploads\/WhatsApp-Image-2025-08-13-at-12.06.28-PM-5-336x420.jpeg\" srcset=\"https:\/\/www.fiscalia.gov.co\/colombia\/wp-content\/uploads\/WhatsApp-Image-2025-08-13-at-12.06.28-PM-5-336x420.jpeg 336w, https:\/\/www.fiscalia.gov.co\/colombia\/wp-content\/uploads\/WhatsApp-Image-2025-08-13-at-12.06.28-PM-5-240x300.jpeg 240w, https:\/\/www.fiscalia.gov.co\/colombia\/wp-content\/uploads\/WhatsApp-Image-2025-08-13-at-12.06.28-PM-5-819x1024.jpeg 819w, https:\/\/www.fiscalia.gov.co\/colombia\/wp-content\/uploads\/WhatsApp-Image-2025-08-13-at-12.06.28-PM-5-768x960.jpeg 768w, https:\/\/www.fiscalia.gov.co\/colombia\/wp-content\/uploads\/WhatsApp-Image-2025-08-13-at-12.06.28-PM-5-696x870.jpeg 696w, https:\/\/www.fiscalia.gov.co\/colombia\/wp-content\/uploads\/WhatsApp-Image-2025-08-13-at-12.06.28-PM-5-1068x1335.jpeg 1068w, https:\/\/www.fiscalia.gov.co\/colombia\/wp-content\/uploads\/WhatsApp-Image-2025-08-13-at-12.06.28-PM-5.jpeg 1080w\" sizes=\"(max-width: 336px) 100vw, 336px\" alt=\"La imagen tiene un fondo azul oscuro con estrellas, que simula la noche. En la parte superior aparece el mensaje en letras amarillas y blancas: &ldquo;Denuncia sin demoras Act&uacute;a de inmediato&rdquo; Debajo, junto a un &iacute;cono triangular de advertencia en color amarillo, se lee: &ldquo;Si fuiste v&iacute;ctima o tienes conocimiento de un delito presenta la denuncia por cualquiera de los canales disponibles.&rdquo; M&aacute;s abajo, enmarcado en un recuadro amarillo, est&aacute; el texto: &ldquo;Tu reporte puede salvar vidas y prevenir nuevos delitos.&rdquo; En la parte inferior se observa la ilustraci&oacute;n de una mujer caminando cerca de una parada de bus iluminada.\">\r\n                            <\/a>\r\n                            <figcaption class = \"td-slide-caption td-gallery-slide-content\"><div class = \"td-gallery-slide-copywrite\">Denuncia sin demoras\nAct\u00faa de inmediato<\/div><\/figcaption>\r\n                        <\/figure>\r\n                    <\/div>\r\n                    <div class = \"td-slide-item td-item7\">\r\n                        <figure class=\"td-slide-galery-figure td-slide-popup-gallery\">\r\n                            <a class=\"slide-gallery-image-link\" href=\"https:\/\/www.fiscalia.gov.co\/colombia\/wp-content\/uploads\/WhatsApp-Image-2025-08-13-at-12.06.29-PM.jpeg\" title=\"Denuncia en la noches 1.\"  data-caption=\"Denunciar en las noches es posible\"  data-description=\"\">\r\n                                <img decoding=\"async\" src=\"https:\/\/www.fiscalia.gov.co\/colombia\/wp-content\/uploads\/WhatsApp-Image-2025-08-13-at-12.06.29-PM-336x420.jpeg\" srcset=\"https:\/\/www.fiscalia.gov.co\/colombia\/wp-content\/uploads\/WhatsApp-Image-2025-08-13-at-12.06.29-PM-336x420.jpeg 336w, https:\/\/www.fiscalia.gov.co\/colombia\/wp-content\/uploads\/WhatsApp-Image-2025-08-13-at-12.06.29-PM-240x300.jpeg 240w, https:\/\/www.fiscalia.gov.co\/colombia\/wp-content\/uploads\/WhatsApp-Image-2025-08-13-at-12.06.29-PM-819x1024.jpeg 819w, https:\/\/www.fiscalia.gov.co\/colombia\/wp-content\/uploads\/WhatsApp-Image-2025-08-13-at-12.06.29-PM-768x960.jpeg 768w, https:\/\/www.fiscalia.gov.co\/colombia\/wp-content\/uploads\/WhatsApp-Image-2025-08-13-at-12.06.29-PM-696x870.jpeg 696w, https:\/\/www.fiscalia.gov.co\/colombia\/wp-content\/uploads\/WhatsApp-Image-2025-08-13-at-12.06.29-PM-1068x1335.jpeg 1068w, https:\/\/www.fiscalia.gov.co\/colombia\/wp-content\/uploads\/WhatsApp-Image-2025-08-13-at-12.06.29-PM.jpeg 1080w\" sizes=\"(max-width: 336px) 100vw, 336px\" alt=\"La imagen tiene un fondo azul oscuro que simula un cielo nocturno con varias estrellas. En la parte inferior se observan postes de luz encendidos y una silueta de calle iluminada. En el centro aparece el logotipo de la Fiscal&iacute;a General de la Naci&oacute;n (pieza de rompecabezas blanca en un recuadro), acompa&ntilde;ado del texto: &ldquo;S&iacute;guenos en redes sociales&rdquo; A la derecha del logo se ve un &iacute;cono en forma de coraz&oacute;n amarillo brillante, que resalta como un punto de luz en el dise&ntilde;o.\">\r\n                            <\/a>\r\n                            <figcaption class = \"td-slide-caption td-gallery-slide-content\"><div class = \"td-gallery-slide-copywrite\">Denunciar en las noches es posible<\/div><\/figcaption>\r\n                        <\/figure>\r\n                    <\/div>\r\n                            <\/div>\r\n                        <\/div>\r\n\r\n                        <div class = \"td-doubleSlider-2\">\r\n                            <div class = \"td-slider\">\r\n                                \r\n                    <div class = \"td-button td-item1\">\r\n                        <div class = \"td-border\"><\/div>\r\n                    <\/div>\r\n                    <div class = \"td-button td-item2\">\r\n                        <div class = \"td-border\"><\/div>\r\n                    <\/div>\r\n                    <div class = \"td-button td-item3\">\r\n                        <div class = \"td-border\"><\/div>\r\n                    <\/div>\r\n                    <div class = \"td-button td-item4\">\r\n                        <div class = \"td-border\"><\/div>\r\n                    <\/div>\r\n                    <div class = \"td-button td-item5\">\r\n                        <div class = \"td-border\"><\/div>\r\n                    <\/div>\r\n                    <div class = \"td-button td-item6\">\r\n                        <div class = \"td-border\"><\/div>\r\n                    <\/div>\r\n                    <div class = \"td-button td-item7\">\r\n                        <div class = \"td-border\"><\/div>\r\n                    <\/div>\r\n                            <\/div>\r\n                        <\/div>\r\n\r\n                    <\/div>\r\n\r\n                <\/div>\r\n                \n<p><b>Denuncia en l\u00ednea, en cualquier momento<\/b><span style=\"font-weight: 400;\"><br \/>\n<\/span><span style=\"font-weight: 400;\">Ingresa a la p\u00e1gina de la Fiscal\u00eda <\/span><a href=\"https:\/\/www.fiscalia.gov.co\/colombia\/\"><span style=\"font-weight: 400;\">www.fiscalia.gov.co<\/span><span style=\"font-weight: 400;\"><br \/>\n<\/span><\/a><span style=\"font-weight: 400;\">Haz clic en <\/span><b>Denuncia F\u00e1cil<\/b><span style=\"font-weight: 400;\"> y reporta el hecho de forma segura.<\/span><\/p>\n<p><b>Canal telef\u00f3nico<\/b><span style=\"font-weight: 400;\"><br \/>\n<\/span><b>L\u00edneas de atenci\u00f3n 24\/7<\/b><span style=\"font-weight: 400;\"><br \/>\n<\/span><span style=\"font-weight: 400;\">Desde celular: <\/span><b>122<\/b><span style=\"font-weight: 400;\"> (gratuita)<\/span><span style=\"font-weight: 400;\"><br \/>\n<\/span><span style=\"font-weight: 400;\">Desde tel\u00e9fono fijo: <\/span><b>01 8000 919 748<\/b><span style=\"font-weight: 400;\"> (gratuita)<\/span><\/p>\n<p><b>Atenci\u00f3n presencial<\/b><span style=\"font-weight: 400;\"><br \/>\n<\/span><b>Unidades de Flagrancia (antes URI)<\/b><span style=\"font-weight: 400;\"><br \/>\n<\/span><span style=\"font-weight: 400;\">Abiertas las 24 horas, todos los d\u00edas.<\/span><span style=\"font-weight: 400;\"><br \/>\n<\/span><span style=\"font-weight: 400;\"><a href=\"https:\/\/www.facebook.com\/FiscaliaCol\/posts\/pfbid027uKn1hmouwXwTHBDGbhrQKWLNHNowpGyugh9VfG3hBo1aZhDoS3FW1xrvYudK3mwl\" target=\"_blank\" rel=\"noopener\">Un servidor p\u00fablico te orientar\u00e1 y activar\u00e1 el servicio<\/a> correspondiente seg\u00fan tu caso.<\/span><\/p>\n<p><b>Casos que requieren atenci\u00f3n inmediata<\/b><\/p>\n<p><span style=\"font-weight: 400;\">En las Unidades de Flagrancia puedes denunciar hechos como:<\/span><\/p>\n<ul>\n<li style=\"font-weight: 400;\" aria-level=\"1\"><span style=\"font-weight: 400;\">Delitos sexuales<\/span><\/li>\n<li style=\"font-weight: 400;\" aria-level=\"1\"><span style=\"font-weight: 400;\">Violencia intrafamiliar<\/span><\/li>\n<li style=\"font-weight: 400;\" aria-level=\"1\"><span style=\"font-weight: 400;\">Violencia de g\u00e9nero<\/span><\/li>\n<li style=\"font-weight: 400;\" aria-level=\"1\"><span style=\"font-weight: 400;\">Casos en los que la v\u00edctima sea menor de edad<\/span><\/li>\n<li style=\"font-weight: 400;\" aria-level=\"1\"><span style=\"font-weight: 400;\">Otros casos ocurridos en situaci\u00f3n de Flagrancia<\/span><\/li>\n<\/ul>\n<p><b>Denuncia sin demoras<\/b><span style=\"font-weight: 400;\"><br \/>\n<\/span><b>Act\u00faa de inmediato<\/b><\/p>\n<p>&nbsp;<\/p>\n<p><span style=\"font-weight: 400;\">Si fuiste v\u00edctima o tienes conocimiento de un delito presenta la denuncia por cualquiera de los canales disponibles.<\/span><\/p>\n<p><span style=\"font-weight: 400;\"><br \/>\n<\/span><span style=\"font-weight: 400;\">Tu reporte puede salvar vidas y prevenir nuevos delitos.<\/span><\/p>\n\n<div class=\"twitter-share\"><a href=\"https:\/\/twitter.com\/intent\/tweet?via=fiscaliacol\" class=\"twitter-share-button\">Tweet<\/a><\/div>\n","protected":false},"excerpt":{"rendered":"<p>La Fiscal\u00eda tiene canales y puntos de atenci\u00f3n que funcionan las 24 horas, todos los d\u00edas. Conoce los canales de atenci\u00f3n disponibles para reportar en las noches, delitos de los que seas v\u00edctima o tengas conocimiento. La Fiscal\u00eda tiene canales y puntos de atenci\u00f3n que funcionan las 24 horas, todos los d\u00edas. Conoce los canales [&hellip;]<\/p>\n","protected":false},"author":181,"featured_media":321843,"comment_status":"closed","ping_status":"open","sticky":false,"template":"","format":"video","meta":{"_price":"","_stock":"","_tribe_ticket_header":"","_tribe_default_ticket_provider":"","_tribe_ticket_capacity":"0","_ticket_start_date":"","_ticket_end_date":"","_tribe_ticket_show_description":"","_tribe_ticket_show_not_going":false,"_tribe_ticket_use_global_stock":"","_tribe_ticket_global_stock_level":"","_global_stock_mode":"","_global_stock_cap":"","_tribe_rsvp_for_event":"","_tribe_ticket_going_count":"","_tribe_ticket_not_going_count":"","_tribe_tickets_list":"[]","_tribe_ticket_has_attendee_info_fields":false,"tdm_status":"","tdm_grid_status":"","footnotes":""},"categories":[39217],"tags":[42287,12184,4614,1047,39388],"class_list":{"0":"post-321835","1":"post","2":"type-post","3":"status-publish","4":"format-video","5":"has-post-thumbnail","7":"category-fiscalia-mas-cerca","8":"tag-denunciar-en-la-noche","9":"tag-fiscal","10":"tag-fiscalia-2","11":"tag-fiscalia-general-de-la-nacion","12":"tag-fiscalia-mas-cerca","13":"post_format-post-format-video"},"yoast_head":"<!-- This site is optimized with the Yoast SEO plugin v24.3 - https:\/\/yoast.com\/wordpress\/plugins\/seo\/ -->\n<title>Fiscal\u00eda General de la Naci\u00f3n<\/title>\n<meta name=\"description\" content=\"P\u00e1gina oficial de la Fiscal\u00eda General de la Naci\u00f3n \u2013 Colombia. Garantizamos el acceso efectivo a la justicia, la verdad y la reparaci\u00f3n de las v\u00edctimas de los delitos.\" \/>\n<meta name=\"robots\" content=\"noindex, follow\" \/>\n<meta property=\"og:locale\" content=\"es_ES\" \/>\n<meta property=\"og:type\" content=\"article\" \/>\n<meta property=\"og:title\" content=\"Fiscal\u00eda General de la Naci\u00f3n\" \/>\n<meta property=\"og:description\" content=\"P\u00e1gina oficial de la Fiscal\u00eda General de la Naci\u00f3n \u2013 Colombia. Garantizamos el acceso efectivo a la justicia, la verdad y la reparaci\u00f3n de las v\u00edctimas de los delitos.\" \/>\n<meta property=\"og:url\" content=\"https:\/\/www.fiscalia.gov.co\/colombia\/fiscalia-mas-cerca\/denunciar-un-delito-en-la-noche-si-es-posible\/\" \/>\n<meta property=\"og:site_name\" content=\"Fiscal\u00eda General de la Naci\u00f3n\" \/>\n<meta property=\"article:publisher\" content=\"https:\/\/www.facebook.com\/FiscaliaCol\" \/>\n<meta property=\"article:published_time\" content=\"2025-08-19T18:48:57+00:00\" \/>\n<meta property=\"article:modified_time\" content=\"2025-08-19T18:50:38+00:00\" \/>\n<meta property=\"og:image\" content=\"https:\/\/www.fiscalia.gov.co\/colombia\/wp-content\/uploads\/WhatsApp-Image-2025-08-13-at-12.06.28-PM.jpeg\" \/>\n\t<meta property=\"og:image:width\" content=\"1080\" \/>\n\t<meta property=\"og:image:height\" content=\"1350\" \/>\n\t<meta property=\"og:image:type\" content=\"image\/jpeg\" \/>\n<meta name=\"author\" content=\"Johanna Islenny Prieto Pe\u00f1a\" \/>\n<meta name=\"twitter:card\" content=\"summary_large_image\" \/>\n<meta name=\"twitter:creator\" content=\"@FiscaliaCol\" \/>\n<meta name=\"twitter:site\" content=\"@FiscaliaCol\" \/>\n<meta name=\"twitter:label1\" content=\"Escrito por\" \/>\n\t<meta name=\"twitter:data1\" content=\"Johanna Islenny Prieto Pe\u00f1a\" \/>\n\t<meta name=\"twitter:label2\" content=\"Tiempo de lectura\" \/>\n\t<meta name=\"twitter:data2\" content=\"2 minutos\" \/>\n<script type=\"application\/ld+json\" class=\"yoast-schema-graph\">{\"@context\":\"https:\/\/schema.org\",\"@graph\":[{\"@type\":\"Article\",\"@id\":\"https:\/\/www.fiscalia.gov.co\/colombia\/fiscalia-mas-cerca\/denunciar-un-delito-en-la-noche-si-es-posible\/#article\",\"isPartOf\":{\"@id\":\"https:\/\/www.fiscalia.gov.co\/colombia\/fiscalia-mas-cerca\/denunciar-un-delito-en-la-noche-si-es-posible\/\"},\"author\":{\"name\":\"Johanna Islenny Prieto Pe\u00f1a\",\"@id\":\"https:\/\/www.fiscalia.gov.co\/colombia\/#\/schema\/person\/ba9eca435947489fb25117a0cd75bf3e\"},\"headline\":\"Denunciar un delito en la noche s\u00ed es posible\",\"datePublished\":\"2025-08-19T18:48:57+00:00\",\"dateModified\":\"2025-08-19T18:50:38+00:00\",\"mainEntityOfPage\":{\"@id\":\"https:\/\/www.fiscalia.gov.co\/colombia\/fiscalia-mas-cerca\/denunciar-un-delito-en-la-noche-si-es-posible\/\"},\"wordCount\":253,\"publisher\":{\"@id\":\"https:\/\/www.fiscalia.gov.co\/colombia\/#organization\"},\"image\":{\"@id\":\"https:\/\/www.fiscalia.gov.co\/colombia\/fiscalia-mas-cerca\/denunciar-un-delito-en-la-noche-si-es-posible\/#primaryimage\"},\"thumbnailUrl\":\"https:\/\/www.fiscalia.gov.co\/colombia\/wp-content\/uploads\/WhatsApp-Image-2025-08-13-at-12.06.28-PM.jpeg\",\"keywords\":[\"Denunciar en la noche\",\"Fiscal\",\"Fiscal\u00eda\",\"Fiscal\u00eda General de la Naci\u00f3n\",\"fiscalia mas cerca\"],\"articleSection\":[\"Fiscal\u00eda m\u00e1s cerca\"],\"inLanguage\":\"es-CO\"},{\"@type\":\"WebPage\",\"@id\":\"https:\/\/www.fiscalia.gov.co\/colombia\/fiscalia-mas-cerca\/denunciar-un-delito-en-la-noche-si-es-posible\/\",\"url\":\"https:\/\/www.fiscalia.gov.co\/colombia\/fiscalia-mas-cerca\/denunciar-un-delito-en-la-noche-si-es-posible\/\",\"name\":\"Fiscal\u00eda General de la Naci\u00f3n\",\"isPartOf\":{\"@id\":\"https:\/\/www.fiscalia.gov.co\/colombia\/#website\"},\"primaryImageOfPage\":{\"@id\":\"https:\/\/www.fiscalia.gov.co\/colombia\/fiscalia-mas-cerca\/denunciar-un-delito-en-la-noche-si-es-posible\/#primaryimage\"},\"image\":{\"@id\":\"https:\/\/www.fiscalia.gov.co\/colombia\/fiscalia-mas-cerca\/denunciar-un-delito-en-la-noche-si-es-posible\/#primaryimage\"},\"thumbnailUrl\":\"https:\/\/www.fiscalia.gov.co\/colombia\/wp-content\/uploads\/WhatsApp-Image-2025-08-13-at-12.06.28-PM.jpeg\",\"datePublished\":\"2025-08-19T18:48:57+00:00\",\"dateModified\":\"2025-08-19T18:50:38+00:00\",\"description\":\"P\u00e1gina oficial de la Fiscal\u00eda General de la Naci\u00f3n \u2013 Colombia. Garantizamos el acceso efectivo a la justicia, la verdad y la reparaci\u00f3n de las v\u00edctimas de los delitos.\",\"breadcrumb\":{\"@id\":\"https:\/\/www.fiscalia.gov.co\/colombia\/fiscalia-mas-cerca\/denunciar-un-delito-en-la-noche-si-es-posible\/#breadcrumb\"},\"inLanguage\":\"es-CO\",\"potentialAction\":[{\"@type\":\"ReadAction\",\"target\":[\"https:\/\/www.fiscalia.gov.co\/colombia\/fiscalia-mas-cerca\/denunciar-un-delito-en-la-noche-si-es-posible\/\"]}]},{\"@type\":\"ImageObject\",\"inLanguage\":\"es-CO\",\"@id\":\"https:\/\/www.fiscalia.gov.co\/colombia\/fiscalia-mas-cerca\/denunciar-un-delito-en-la-noche-si-es-posible\/#primaryimage\",\"url\":\"https:\/\/www.fiscalia.gov.co\/colombia\/wp-content\/uploads\/WhatsApp-Image-2025-08-13-at-12.06.28-PM.jpeg\",\"contentUrl\":\"https:\/\/www.fiscalia.gov.co\/colombia\/wp-content\/uploads\/WhatsApp-Image-2025-08-13-at-12.06.28-PM.jpeg\",\"width\":1080,\"height\":1350,\"caption\":\"S\u00ed puedes denunciar un delito en la noche.\"},{\"@type\":\"BreadcrumbList\",\"@id\":\"https:\/\/www.fiscalia.gov.co\/colombia\/fiscalia-mas-cerca\/denunciar-un-delito-en-la-noche-si-es-posible\/#breadcrumb\",\"itemListElement\":[{\"@type\":\"ListItem\",\"position\":1,\"name\":\"Home\",\"item\":\"https:\/\/www.fiscalia.gov.co\/colombia\/\"},{\"@type\":\"ListItem\",\"position\":2,\"name\":\"Denunciar un delito en la noche s\u00ed es posible\"}]},{\"@type\":\"WebSite\",\"@id\":\"https:\/\/www.fiscalia.gov.co\/colombia\/#website\",\"url\":\"https:\/\/www.fiscalia.gov.co\/colombia\/\",\"name\":\"Fiscal\u00eda General de la Naci\u00f3n\",\"description\":\"P\u00e1gina oficial de la Fiscal\u00eda General de la Naci\u00f3n \u2013 Colombia. Garantizamos el acceso efectivo a la justicia, la verdad y la reparaci\u00f3n de las v\u00edctimas de los delitos.\",\"publisher\":{\"@id\":\"https:\/\/www.fiscalia.gov.co\/colombia\/#organization\"},\"potentialAction\":[{\"@type\":\"SearchAction\",\"target\":{\"@type\":\"EntryPoint\",\"urlTemplate\":\"https:\/\/www.fiscalia.gov.co\/colombia\/?s={search_term_string}\"},\"query-input\":{\"@type\":\"PropertyValueSpecification\",\"valueRequired\":true,\"valueName\":\"search_term_string\"}}],\"inLanguage\":\"es-CO\"},{\"@type\":\"Organization\",\"@id\":\"https:\/\/www.fiscalia.gov.co\/colombia\/#organization\",\"name\":\"Fiscal\u00eda General de la Naci\u00f3n\",\"url\":\"https:\/\/www.fiscalia.gov.co\/colombia\/\",\"logo\":{\"@type\":\"ImageObject\",\"inLanguage\":\"es-CO\",\"@id\":\"https:\/\/www.fiscalia.gov.co\/colombia\/#\/schema\/logo\/image\/\",\"url\":\"https:\/\/www.fiscalia.gov.co\/colombia\/wp-content\/uploads\/LogoHorizontal_1.jpg\",\"contentUrl\":\"https:\/\/www.fiscalia.gov.co\/colombia\/wp-content\/uploads\/LogoHorizontal_1.jpg\",\"width\":300,\"height\":90,\"caption\":\"Fiscal\u00eda General de la Naci\u00f3n\"},\"image\":{\"@id\":\"https:\/\/www.fiscalia.gov.co\/colombia\/#\/schema\/logo\/image\/\"},\"sameAs\":[\"https:\/\/www.facebook.com\/FiscaliaCol\",\"https:\/\/x.com\/FiscaliaCol\",\"https:\/\/www.instagram.com\/fiscaliacol\",\"https:\/\/www.linkedin.com\/company\/fiscalia-general-de-la-naci-n\/\",\"https:\/\/youtube.com\/@fiscaliageneraldelanacion-4668?si=6nN79nyQICPU5iTh\"]},{\"@type\":\"Person\",\"@id\":\"https:\/\/www.fiscalia.gov.co\/colombia\/#\/schema\/person\/ba9eca435947489fb25117a0cd75bf3e\",\"name\":\"Johanna Islenny Prieto Pe\u00f1a\",\"image\":{\"@type\":\"ImageObject\",\"inLanguage\":\"es-CO\",\"@id\":\"https:\/\/www.fiscalia.gov.co\/colombia\/#\/schema\/person\/image\/\",\"url\":\"https:\/\/secure.gravatar.com\/avatar\/111433fc2acb037ffb768f6a3ca47864?s=96&d=mm&r=g\",\"contentUrl\":\"https:\/\/secure.gravatar.com\/avatar\/111433fc2acb037ffb768f6a3ca47864?s=96&d=mm&r=g\",\"caption\":\"Johanna Islenny Prieto Pe\u00f1a\"},\"url\":\"https:\/\/www.fiscalia.gov.co\/colombia\/author\/jprietop\/\"}]}<\/script>\n<!-- \/ Yoast SEO plugin. -->","yoast_head_json":{"title":"Fiscal\u00eda General de la Naci\u00f3n","description":"P\u00e1gina oficial de la Fiscal\u00eda General de la Naci\u00f3n \u2013 Colombia. Garantizamos el acceso efectivo a la justicia, la verdad y la reparaci\u00f3n de las v\u00edctimas de los delitos.","robots":{"index":"noindex","follow":"follow"},"og_locale":"es_ES","og_type":"article","og_title":"Fiscal\u00eda General de la Naci\u00f3n","og_description":"P\u00e1gina oficial de la Fiscal\u00eda General de la Naci\u00f3n \u2013 Colombia. Garantizamos el acceso efectivo a la justicia, la verdad y la reparaci\u00f3n de las v\u00edctimas de los delitos.","og_url":"https:\/\/www.fiscalia.gov.co\/colombia\/fiscalia-mas-cerca\/denunciar-un-delito-en-la-noche-si-es-posible\/","og_site_name":"Fiscal\u00eda General de la Naci\u00f3n","article_publisher":"https:\/\/www.facebook.com\/FiscaliaCol","article_published_time":"2025-08-19T18:48:57+00:00","article_modified_time":"2025-08-19T18:50:38+00:00","og_image":[{"width":1080,"height":1350,"url":"https:\/\/www.fiscalia.gov.co\/colombia\/wp-content\/uploads\/WhatsApp-Image-2025-08-13-at-12.06.28-PM.jpeg","type":"image\/jpeg"}],"author":"Johanna Islenny Prieto Pe\u00f1a","twitter_card":"summary_large_image","twitter_creator":"@FiscaliaCol","twitter_site":"@FiscaliaCol","twitter_misc":{"Escrito por":"Johanna Islenny Prieto Pe\u00f1a","Tiempo de lectura":"2 minutos"},"schema":{"@context":"https:\/\/schema.org","@graph":[{"@type":"Article","@id":"https:\/\/www.fiscalia.gov.co\/colombia\/fiscalia-mas-cerca\/denunciar-un-delito-en-la-noche-si-es-posible\/#article","isPartOf":{"@id":"https:\/\/www.fiscalia.gov.co\/colombia\/fiscalia-mas-cerca\/denunciar-un-delito-en-la-noche-si-es-posible\/"},"author":{"name":"Johanna Islenny Prieto Pe\u00f1a","@id":"https:\/\/www.fiscalia.gov.co\/colombia\/#\/schema\/person\/ba9eca435947489fb25117a0cd75bf3e"},"headline":"Denunciar un delito en la noche s\u00ed es posible","datePublished":"2025-08-19T18:48:57+00:00","dateModified":"2025-08-19T18:50:38+00:00","mainEntityOfPage":{"@id":"https:\/\/www.fiscalia.gov.co\/colombia\/fiscalia-mas-cerca\/denunciar-un-delito-en-la-noche-si-es-posible\/"},"wordCount":253,"publisher":{"@id":"https:\/\/www.fiscalia.gov.co\/colombia\/#organization"},"image":{"@id":"https:\/\/www.fiscalia.gov.co\/colombia\/fiscalia-mas-cerca\/denunciar-un-delito-en-la-noche-si-es-posible\/#primaryimage"},"thumbnailUrl":"https:\/\/www.fiscalia.gov.co\/colombia\/wp-content\/uploads\/WhatsApp-Image-2025-08-13-at-12.06.28-PM.jpeg","keywords":["Denunciar en la noche","Fiscal","Fiscal\u00eda","Fiscal\u00eda General de la Naci\u00f3n","fiscalia mas cerca"],"articleSection":["Fiscal\u00eda m\u00e1s cerca"],"inLanguage":"es-CO"},{"@type":"WebPage","@id":"https:\/\/www.fiscalia.gov.co\/colombia\/fiscalia-mas-cerca\/denunciar-un-delito-en-la-noche-si-es-posible\/","url":"https:\/\/www.fiscalia.gov.co\/colombia\/fiscalia-mas-cerca\/denunciar-un-delito-en-la-noche-si-es-posible\/","name":"Fiscal\u00eda General de la Naci\u00f3n","isPartOf":{"@id":"https:\/\/www.fiscalia.gov.co\/colombia\/#website"},"primaryImageOfPage":{"@id":"https:\/\/www.fiscalia.gov.co\/colombia\/fiscalia-mas-cerca\/denunciar-un-delito-en-la-noche-si-es-posible\/#primaryimage"},"image":{"@id":"https:\/\/www.fiscalia.gov.co\/colombia\/fiscalia-mas-cerca\/denunciar-un-delito-en-la-noche-si-es-posible\/#primaryimage"},"thumbnailUrl":"https:\/\/www.fiscalia.gov.co\/colombia\/wp-content\/uploads\/WhatsApp-Image-2025-08-13-at-12.06.28-PM.jpeg","datePublished":"2025-08-19T18:48:57+00:00","dateModified":"2025-08-19T18:50:38+00:00","description":"P\u00e1gina oficial de la Fiscal\u00eda General de la Naci\u00f3n \u2013 Colombia. Garantizamos el acceso efectivo a la justicia, la verdad y la reparaci\u00f3n de las v\u00edctimas de los delitos.","breadcrumb":{"@id":"https:\/\/www.fiscalia.gov.co\/colombia\/fiscalia-mas-cerca\/denunciar-un-delito-en-la-noche-si-es-posible\/#breadcrumb"},"inLanguage":"es-CO","potentialAction":[{"@type":"ReadAction","target":["https:\/\/www.fiscalia.gov.co\/colombia\/fiscalia-mas-cerca\/denunciar-un-delito-en-la-noche-si-es-posible\/"]}]},{"@type":"ImageObject","inLanguage":"es-CO","@id":"https:\/\/www.fiscalia.gov.co\/colombia\/fiscalia-mas-cerca\/denunciar-un-delito-en-la-noche-si-es-posible\/#primaryimage","url":"https:\/\/www.fiscalia.gov.co\/colombia\/wp-content\/uploads\/WhatsApp-Image-2025-08-13-at-12.06.28-PM.jpeg","contentUrl":"https:\/\/www.fiscalia.gov.co\/colombia\/wp-content\/uploads\/WhatsApp-Image-2025-08-13-at-12.06.28-PM.jpeg","width":1080,"height":1350,"caption":"S\u00ed puedes denunciar un delito en la noche."},{"@type":"BreadcrumbList","@id":"https:\/\/www.fiscalia.gov.co\/colombia\/fiscalia-mas-cerca\/denunciar-un-delito-en-la-noche-si-es-posible\/#breadcrumb","itemListElement":[{"@type":"ListItem","position":1,"name":"Home","item":"https:\/\/www.fiscalia.gov.co\/colombia\/"},{"@type":"ListItem","position":2,"name":"Denunciar un delito en la noche s\u00ed es posible"}]},{"@type":"WebSite","@id":"https:\/\/www.fiscalia.gov.co\/colombia\/#website","url":"https:\/\/www.fiscalia.gov.co\/colombia\/","name":"Fiscal\u00eda General de la Naci\u00f3n","description":"P\u00e1gina oficial de la Fiscal\u00eda General de la Naci\u00f3n \u2013 Colombia. Garantizamos el acceso efectivo a la justicia, la verdad y la reparaci\u00f3n de las v\u00edctimas de los delitos.","publisher":{"@id":"https:\/\/www.fiscalia.gov.co\/colombia\/#organization"},"potentialAction":[{"@type":"SearchAction","target":{"@type":"EntryPoint","urlTemplate":"https:\/\/www.fiscalia.gov.co\/colombia\/?s={search_term_string}"},"query-input":{"@type":"PropertyValueSpecification","valueRequired":true,"valueName":"search_term_string"}}],"inLanguage":"es-CO"},{"@type":"Organization","@id":"https:\/\/www.fiscalia.gov.co\/colombia\/#organization","name":"Fiscal\u00eda General de la Naci\u00f3n","url":"https:\/\/www.fiscalia.gov.co\/colombia\/","logo":{"@type":"ImageObject","inLanguage":"es-CO","@id":"https:\/\/www.fiscalia.gov.co\/colombia\/#\/schema\/logo\/image\/","url":"https:\/\/www.fiscalia.gov.co\/colombia\/wp-content\/uploads\/LogoHorizontal_1.jpg","contentUrl":"https:\/\/www.fiscalia.gov.co\/colombia\/wp-content\/uploads\/LogoHorizontal_1.jpg","width":300,"height":90,"caption":"Fiscal\u00eda General de la Naci\u00f3n"},"image":{"@id":"https:\/\/www.fiscalia.gov.co\/colombia\/#\/schema\/logo\/image\/"},"sameAs":["https:\/\/www.facebook.com\/FiscaliaCol","https:\/\/x.com\/FiscaliaCol","https:\/\/www.instagram.com\/fiscaliacol","https:\/\/www.linkedin.com\/company\/fiscalia-general-de-la-naci-n\/","https:\/\/youtube.com\/@fiscaliageneraldelanacion-4668?si=6nN79nyQICPU5iTh"]},{"@type":"Person","@id":"https:\/\/www.fiscalia.gov.co\/colombia\/#\/schema\/person\/ba9eca435947489fb25117a0cd75bf3e","name":"Johanna Islenny Prieto Pe\u00f1a","image":{"@type":"ImageObject","inLanguage":"es-CO","@id":"https:\/\/www.fiscalia.gov.co\/colombia\/#\/schema\/person\/image\/","url":"https:\/\/secure.gravatar.com\/avatar\/111433fc2acb037ffb768f6a3ca47864?s=96&d=mm&r=g","contentUrl":"https:\/\/secure.gravatar.com\/avatar\/111433fc2acb037ffb768f6a3ca47864?s=96&d=mm&r=g","caption":"Johanna Islenny Prieto Pe\u00f1a"},"url":"https:\/\/www.fiscalia.gov.co\/colombia\/author\/jprietop\/"}]}},"_links":{"self":[{"href":"https:\/\/www.fiscalia.gov.co\/colombia\/wp-json\/wp\/v2\/posts\/321835","targetHints":{"allow":["GET"]}}],"collection":[{"href":"https:\/\/www.fiscalia.gov.co\/colombia\/wp-json\/wp\/v2\/posts"}],"about":[{"href":"https:\/\/www.fiscalia.gov.co\/colombia\/wp-json\/wp\/v2\/types\/post"}],"author":[{"embeddable":true,"href":"https:\/\/www.fiscalia.gov.co\/colombia\/wp-json\/wp\/v2\/users\/181"}],"replies":[{"embeddable":true,"href":"https:\/\/www.fiscalia.gov.co\/colombia\/wp-json\/wp\/v2\/comments?post=321835"}],"version-history":[{"count":3,"href":"https:\/\/www.fiscalia.gov.co\/colombia\/wp-json\/wp\/v2\/posts\/321835\/revisions"}],"predecessor-version":[{"id":321856,"href":"https:\/\/www.fiscalia.gov.co\/colombia\/wp-json\/wp\/v2\/posts\/321835\/revisions\/321856"}],"wp:featuredmedia":[{"embeddable":true,"href":"https:\/\/www.fiscalia.gov.co\/colombia\/wp-json\/wp\/v2\/media\/321843"}],"wp:attachment":[{"href":"https:\/\/www.fiscalia.gov.co\/colombia\/wp-json\/wp\/v2\/media?parent=321835"}],"wp:term":[{"taxonomy":"category","embeddable":true,"href":"https:\/\/www.fiscalia.gov.co\/colombia\/wp-json\/wp\/v2\/categories?post=321835"},{"taxonomy":"post_tag","embeddable":true,"href":"https:\/\/www.fiscalia.gov.co\/colombia\/wp-json\/wp\/v2\/tags?post=321835"}],"curies":[{"name":"wp","href":"https:\/\/api.w.org\/{rel}","templated":true}]}}