{"id":321634,"date":"2025-08-14T16:26:08","date_gmt":"2025-08-14T21:26:08","guid":{"rendered":"https:\/\/www.fiscalia.gov.co\/colombia\/?p=321634"},"modified":"2025-08-14T16:27:20","modified_gmt":"2025-08-14T21:27:20","slug":"conectar-una-usb-desconocida-podria-ser-tu-peor-error","status":"publish","type":"post","link":"https:\/\/www.fiscalia.gov.co\/colombia\/ciberseguro\/conectar-una-usb-desconocida-podria-ser-tu-peor-error\/","title":{"rendered":"Conectar una USB desconocida podr\u00eda ser tu peor error"},"content":{"rendered":"<p><iframe loading=\"lazy\" style=\"border: none; overflow: hidden;\" src=\"https:\/\/www.facebook.com\/plugins\/video.php?height=476&amp;href=https%3A%2F%2Fwww.facebook.com%2FFiscaliaCol%2Fvideos%2F3154568338045794%2F&amp;show_text=false&amp;width=267&amp;t=0\" width=\"267\" height=\"476\" frameborder=\"0\" scrolling=\"no\" allowfullscreen=\"allowfullscreen\"><\/iframe><\/p>\n<p><a href=\"https:\/\/www.instagram.com\/p\/DNWZJDthHIf\/\" target=\"_blank\" rel=\"noopener\">El <em>baiting<\/em><\/a> es una trampa real. Ciberdelincuentes utilizan dispositivos USB aparentemente inofensivos para que los conectes en tus equipos y as\u00ed infectarlos. <strong>Conoce c\u00f3mo funciona y c\u00f3mo protegerte.<\/strong><\/p>\n<p>No recibas de desconocidos USB, CD\u2019s o DVD\u2019s, ni recojas dispositivos de almacenamiento que parecen abandonados. Te cuidado, podr\u00edas ser v\u00edctima de un <strong>ataque cibern\u00e9tico conocido como <em>baiting<\/em> o \u201ccebo\u201d.<\/strong><\/p>\n<p>Los ciberdelincuentes explotan tu curiosidad para robar tus datos personales o informaci\u00f3n sensible de tu trabajo.<\/p>\n<p>El \u201ccebo\u201d puede ser un dispositivo abandonado o una oferta tentadora, <strong>como un software gratuito, contenido exclusivo o una promoci\u00f3n especial.<\/strong> Lo m\u00e1s peligroso es que no necesitas instalar nada, ni acceder a un enlace o descargar una aplicaci\u00f3n.<\/p>\n<p>Basta con conectar la USB o el CD para que, en cuesti\u00f3n de segundos, se instale un <em>malware<\/em> capaz de apoderarse de tus contrase\u00f1as, acceder a tus cuentas, <strong>copiar archivos confidenciales e incluso utilizar tu equipo para propagar el ataque a otros dispositivos.<\/strong><\/p>\n<p>Presta atenci\u00f3n, estos ataques pueden presentarse a trav\u00e9s de mensajer\u00eda, en la calle, en eventos o incluso en tu lugar de trabajo.<\/p>\n<p>Para estar protegido sigue algunas <strong>recomendaciones:<\/strong><\/p>\n<ul>\n<li>No conectes dispositivos de origen desconocido en tu computador.<\/li>\n<li>Mant\u00e9n tu antivirus y sistema operativo actualizados.<\/li>\n<li>Configura tu equipo para no ejecutar autom\u00e1ticamente dispositivos externos.<\/li>\n<li>Realiza copias de seguridad peri\u00f3dicas.<\/li>\n<\/ul>\n\n<div class=\"twitter-share\"><a href=\"https:\/\/twitter.com\/intent\/tweet?via=fiscaliacol\" class=\"twitter-share-button\">Tweet<\/a><\/div>\n","protected":false},"excerpt":{"rendered":"<p>El baiting es una trampa real. Ciberdelincuentes utilizan dispositivos USB aparentemente inofensivos para que los conectes en tus equipos y as\u00ed infectarlos. Conoce c\u00f3mo funciona y c\u00f3mo protegerte. No recibas de desconocidos USB, CD\u2019s o DVD\u2019s, ni recojas dispositivos de almacenamiento que parecen abandonados. Te cuidado, podr\u00edas ser v\u00edctima de un ataque cibern\u00e9tico conocido como [&hellip;]<\/p>\n","protected":false},"author":177,"featured_media":321635,"comment_status":"closed","ping_status":"open","sticky":false,"template":"","format":"video","meta":{"tdm_status":"","tdm_grid_status":"","footnotes":""},"categories":[38656],"tags":[42248,38928,38925,42250,37492,1047,38944,42249],"class_list":{"0":"post-321634","1":"post","2":"type-post","3":"status-publish","4":"format-video","5":"has-post-thumbnail","7":"category-ciberseguro","8":"tag-baiting","9":"tag-ciberdelincuentes","10":"tag-ciberseguro","11":"tag-dispositivos-electronicos","12":"tag-fiscal-luz-adriana-camargo","13":"tag-fiscalia-general-de-la-nacion","14":"tag-robo-de-datos","15":"tag-usb","16":"post_format-post-format-video"},"yoast_head":"<!-- This site is optimized with the Yoast SEO plugin v24.3 - https:\/\/yoast.com\/wordpress\/plugins\/seo\/ -->\n<title>Fiscal\u00eda General de la Naci\u00f3n<\/title>\n<meta name=\"description\" content=\"P\u00e1gina oficial de la Fiscal\u00eda General de la Naci\u00f3n \u2013 Colombia. Garantizamos el acceso efectivo a la justicia, la verdad y la reparaci\u00f3n de las v\u00edctimas de los delitos.\" \/>\n<meta name=\"robots\" content=\"noindex, follow\" \/>\n<meta property=\"og:locale\" content=\"es_ES\" \/>\n<meta property=\"og:type\" content=\"article\" \/>\n<meta property=\"og:title\" content=\"Fiscal\u00eda General de la Naci\u00f3n\" \/>\n<meta property=\"og:description\" content=\"P\u00e1gina oficial de la Fiscal\u00eda General de la Naci\u00f3n \u2013 Colombia. Garantizamos el acceso efectivo a la justicia, la verdad y la reparaci\u00f3n de las v\u00edctimas de los delitos.\" \/>\n<meta property=\"og:url\" content=\"https:\/\/www.fiscalia.gov.co\/colombia\/ciberseguro\/conectar-una-usb-desconocida-podria-ser-tu-peor-error\/\" \/>\n<meta property=\"og:site_name\" content=\"Fiscal\u00eda General de la Naci\u00f3n\" \/>\n<meta property=\"article:publisher\" content=\"https:\/\/www.facebook.com\/FiscaliaCol\" \/>\n<meta property=\"article:published_time\" content=\"2025-08-14T21:26:08+00:00\" \/>\n<meta property=\"article:modified_time\" content=\"2025-08-14T21:27:20+00:00\" \/>\n<meta property=\"og:image\" content=\"https:\/\/www.fiscalia.gov.co\/colombia\/wp-content\/uploads\/WhatsApp-Image-2025-08-14-at-10.42.40-AM-1.jpeg\" \/>\n\t<meta property=\"og:image:width\" content=\"900\" \/>\n\t<meta property=\"og:image:height\" content=\"1600\" \/>\n\t<meta property=\"og:image:type\" content=\"image\/jpeg\" \/>\n<meta name=\"author\" content=\"Jordan Leandro Oviedo Anzola\" \/>\n<meta name=\"twitter:card\" content=\"summary_large_image\" \/>\n<meta name=\"twitter:creator\" content=\"@FiscaliaCol\" \/>\n<meta name=\"twitter:site\" content=\"@FiscaliaCol\" \/>\n<meta name=\"twitter:label1\" content=\"Escrito por\" \/>\n\t<meta name=\"twitter:data1\" content=\"Jordan Leandro Oviedo Anzola\" \/>\n\t<meta name=\"twitter:label2\" content=\"Tiempo de lectura\" \/>\n\t<meta name=\"twitter:data2\" content=\"2 minutos\" \/>\n<script type=\"application\/ld+json\" class=\"yoast-schema-graph\">{\"@context\":\"https:\/\/schema.org\",\"@graph\":[{\"@type\":\"Article\",\"@id\":\"https:\/\/www.fiscalia.gov.co\/colombia\/ciberseguro\/conectar-una-usb-desconocida-podria-ser-tu-peor-error\/#article\",\"isPartOf\":{\"@id\":\"https:\/\/www.fiscalia.gov.co\/colombia\/ciberseguro\/conectar-una-usb-desconocida-podria-ser-tu-peor-error\/\"},\"author\":{\"name\":\"Jordan Leandro Oviedo Anzola\",\"@id\":\"https:\/\/www.fiscalia.gov.co\/colombia\/#\/schema\/person\/bf84402cf293a5393e9c70b111020b24\"},\"headline\":\"Conectar una USB desconocida podr\u00eda ser tu peor error\",\"datePublished\":\"2025-08-14T21:26:08+00:00\",\"dateModified\":\"2025-08-14T21:27:20+00:00\",\"mainEntityOfPage\":{\"@id\":\"https:\/\/www.fiscalia.gov.co\/colombia\/ciberseguro\/conectar-una-usb-desconocida-podria-ser-tu-peor-error\/\"},\"wordCount\":243,\"publisher\":{\"@id\":\"https:\/\/www.fiscalia.gov.co\/colombia\/#organization\"},\"image\":{\"@id\":\"https:\/\/www.fiscalia.gov.co\/colombia\/ciberseguro\/conectar-una-usb-desconocida-podria-ser-tu-peor-error\/#primaryimage\"},\"thumbnailUrl\":\"https:\/\/www.fiscalia.gov.co\/colombia\/wp-content\/uploads\/WhatsApp-Image-2025-08-14-at-10.42.40-AM-1.jpeg\",\"keywords\":[\"baiting\",\"Ciberdelincuentes\",\"Ciberseguro\",\"dispositivos electronicos\",\"Fiscal Luz Adriana Camargo\",\"Fiscal\u00eda General de la Naci\u00f3n\",\"robo de datos\",\"USB\"],\"articleSection\":[\"ciberseguro\"],\"inLanguage\":\"es-CO\"},{\"@type\":\"WebPage\",\"@id\":\"https:\/\/www.fiscalia.gov.co\/colombia\/ciberseguro\/conectar-una-usb-desconocida-podria-ser-tu-peor-error\/\",\"url\":\"https:\/\/www.fiscalia.gov.co\/colombia\/ciberseguro\/conectar-una-usb-desconocida-podria-ser-tu-peor-error\/\",\"name\":\"Fiscal\u00eda General de la Naci\u00f3n\",\"isPartOf\":{\"@id\":\"https:\/\/www.fiscalia.gov.co\/colombia\/#website\"},\"primaryImageOfPage\":{\"@id\":\"https:\/\/www.fiscalia.gov.co\/colombia\/ciberseguro\/conectar-una-usb-desconocida-podria-ser-tu-peor-error\/#primaryimage\"},\"image\":{\"@id\":\"https:\/\/www.fiscalia.gov.co\/colombia\/ciberseguro\/conectar-una-usb-desconocida-podria-ser-tu-peor-error\/#primaryimage\"},\"thumbnailUrl\":\"https:\/\/www.fiscalia.gov.co\/colombia\/wp-content\/uploads\/WhatsApp-Image-2025-08-14-at-10.42.40-AM-1.jpeg\",\"datePublished\":\"2025-08-14T21:26:08+00:00\",\"dateModified\":\"2025-08-14T21:27:20+00:00\",\"description\":\"P\u00e1gina oficial de la Fiscal\u00eda General de la Naci\u00f3n \u2013 Colombia. Garantizamos el acceso efectivo a la justicia, la verdad y la reparaci\u00f3n de las v\u00edctimas de los delitos.\",\"breadcrumb\":{\"@id\":\"https:\/\/www.fiscalia.gov.co\/colombia\/ciberseguro\/conectar-una-usb-desconocida-podria-ser-tu-peor-error\/#breadcrumb\"},\"inLanguage\":\"es-CO\",\"potentialAction\":[{\"@type\":\"ReadAction\",\"target\":[\"https:\/\/www.fiscalia.gov.co\/colombia\/ciberseguro\/conectar-una-usb-desconocida-podria-ser-tu-peor-error\/\"]}]},{\"@type\":\"ImageObject\",\"inLanguage\":\"es-CO\",\"@id\":\"https:\/\/www.fiscalia.gov.co\/colombia\/ciberseguro\/conectar-una-usb-desconocida-podria-ser-tu-peor-error\/#primaryimage\",\"url\":\"https:\/\/www.fiscalia.gov.co\/colombia\/wp-content\/uploads\/WhatsApp-Image-2025-08-14-at-10.42.40-AM-1.jpeg\",\"contentUrl\":\"https:\/\/www.fiscalia.gov.co\/colombia\/wp-content\/uploads\/WhatsApp-Image-2025-08-14-at-10.42.40-AM-1.jpeg\",\"width\":900,\"height\":1600,\"caption\":\"La imagen es un cartel digital de advertencia sobre ciberseguridad. En el centro aparece una memoria USB en primer plano, con fragmentos y part\u00edculas que parecen estar explotando o desintegr\u00e1ndose a su alrededor, transmitiendo la idea de peligro o da\u00f1o. En la parte superior izquierda est\u00e1 el logotipo de la Fiscal\u00eda General de la Naci\u00f3n de Colombia, y en la parte superior derecha un \u00edcono con un candado y el texto #CIBERSEGURO. El mensaje principal est\u00e1 en el centro, con un estilo tipogr\u00e1fico que mezcla letras blancas y cian: \\\"Conectar una USB desconocida podr\u00eda ser tu peor error.\\\" El fondo es oscuro, con detalles de luces y part\u00edculas coloridas, dando un aspecto tecnol\u00f3gico y serio, reforzando el mensaje de prevenci\u00f3n frente a dispositivos desconocidos que pueden poner en riesgo la seguridad inform\u00e1tica.\"},{\"@type\":\"BreadcrumbList\",\"@id\":\"https:\/\/www.fiscalia.gov.co\/colombia\/ciberseguro\/conectar-una-usb-desconocida-podria-ser-tu-peor-error\/#breadcrumb\",\"itemListElement\":[{\"@type\":\"ListItem\",\"position\":1,\"name\":\"Home\",\"item\":\"https:\/\/www.fiscalia.gov.co\/colombia\/\"},{\"@type\":\"ListItem\",\"position\":2,\"name\":\"Conectar una USB desconocida podr\u00eda ser tu peor error\"}]},{\"@type\":\"WebSite\",\"@id\":\"https:\/\/www.fiscalia.gov.co\/colombia\/#website\",\"url\":\"https:\/\/www.fiscalia.gov.co\/colombia\/\",\"name\":\"Fiscal\u00eda General de la Naci\u00f3n\",\"description\":\"P\u00e1gina oficial de la Fiscal\u00eda General de la Naci\u00f3n \u2013 Colombia. Garantizamos el acceso efectivo a la justicia, la verdad y la reparaci\u00f3n de las v\u00edctimas de los delitos.\",\"publisher\":{\"@id\":\"https:\/\/www.fiscalia.gov.co\/colombia\/#organization\"},\"potentialAction\":[{\"@type\":\"SearchAction\",\"target\":{\"@type\":\"EntryPoint\",\"urlTemplate\":\"https:\/\/www.fiscalia.gov.co\/colombia\/?s={search_term_string}\"},\"query-input\":{\"@type\":\"PropertyValueSpecification\",\"valueRequired\":true,\"valueName\":\"search_term_string\"}}],\"inLanguage\":\"es-CO\"},{\"@type\":\"Organization\",\"@id\":\"https:\/\/www.fiscalia.gov.co\/colombia\/#organization\",\"name\":\"Fiscal\u00eda General de la Naci\u00f3n\",\"url\":\"https:\/\/www.fiscalia.gov.co\/colombia\/\",\"logo\":{\"@type\":\"ImageObject\",\"inLanguage\":\"es-CO\",\"@id\":\"https:\/\/www.fiscalia.gov.co\/colombia\/#\/schema\/logo\/image\/\",\"url\":\"https:\/\/www.fiscalia.gov.co\/colombia\/wp-content\/uploads\/LogoHorizontal_1.jpg\",\"contentUrl\":\"https:\/\/www.fiscalia.gov.co\/colombia\/wp-content\/uploads\/LogoHorizontal_1.jpg\",\"width\":300,\"height\":90,\"caption\":\"Fiscal\u00eda General de la Naci\u00f3n\"},\"image\":{\"@id\":\"https:\/\/www.fiscalia.gov.co\/colombia\/#\/schema\/logo\/image\/\"},\"sameAs\":[\"https:\/\/www.facebook.com\/FiscaliaCol\",\"https:\/\/x.com\/FiscaliaCol\",\"https:\/\/www.instagram.com\/fiscaliacol\",\"https:\/\/www.linkedin.com\/company\/fiscalia-general-de-la-naci-n\/\",\"https:\/\/youtube.com\/@fiscaliageneraldelanacion-4668?si=6nN79nyQICPU5iTh\"]},{\"@type\":\"Person\",\"@id\":\"https:\/\/www.fiscalia.gov.co\/colombia\/#\/schema\/person\/bf84402cf293a5393e9c70b111020b24\",\"name\":\"Jordan Leandro Oviedo Anzola\",\"image\":{\"@type\":\"ImageObject\",\"inLanguage\":\"es-CO\",\"@id\":\"https:\/\/www.fiscalia.gov.co\/colombia\/#\/schema\/person\/image\/\",\"url\":\"https:\/\/secure.gravatar.com\/avatar\/dabba4346fa9b9207d96adafa8f92721?s=96&d=mm&r=g\",\"contentUrl\":\"https:\/\/secure.gravatar.com\/avatar\/dabba4346fa9b9207d96adafa8f92721?s=96&d=mm&r=g\",\"caption\":\"Jordan Leandro Oviedo Anzola\"},\"url\":\"https:\/\/www.fiscalia.gov.co\/colombia\/author\/joviedo\/\"}]}<\/script>\n<!-- \/ Yoast SEO plugin. -->","yoast_head_json":{"title":"Fiscal\u00eda General de la Naci\u00f3n","description":"P\u00e1gina oficial de la Fiscal\u00eda General de la Naci\u00f3n \u2013 Colombia. Garantizamos el acceso efectivo a la justicia, la verdad y la reparaci\u00f3n de las v\u00edctimas de los delitos.","robots":{"index":"noindex","follow":"follow"},"og_locale":"es_ES","og_type":"article","og_title":"Fiscal\u00eda General de la Naci\u00f3n","og_description":"P\u00e1gina oficial de la Fiscal\u00eda General de la Naci\u00f3n \u2013 Colombia. Garantizamos el acceso efectivo a la justicia, la verdad y la reparaci\u00f3n de las v\u00edctimas de los delitos.","og_url":"https:\/\/www.fiscalia.gov.co\/colombia\/ciberseguro\/conectar-una-usb-desconocida-podria-ser-tu-peor-error\/","og_site_name":"Fiscal\u00eda General de la Naci\u00f3n","article_publisher":"https:\/\/www.facebook.com\/FiscaliaCol","article_published_time":"2025-08-14T21:26:08+00:00","article_modified_time":"2025-08-14T21:27:20+00:00","og_image":[{"width":900,"height":1600,"url":"https:\/\/www.fiscalia.gov.co\/colombia\/wp-content\/uploads\/WhatsApp-Image-2025-08-14-at-10.42.40-AM-1.jpeg","type":"image\/jpeg"}],"author":"Jordan Leandro Oviedo Anzola","twitter_card":"summary_large_image","twitter_creator":"@FiscaliaCol","twitter_site":"@FiscaliaCol","twitter_misc":{"Escrito por":"Jordan Leandro Oviedo Anzola","Tiempo de lectura":"2 minutos"},"schema":{"@context":"https:\/\/schema.org","@graph":[{"@type":"Article","@id":"https:\/\/www.fiscalia.gov.co\/colombia\/ciberseguro\/conectar-una-usb-desconocida-podria-ser-tu-peor-error\/#article","isPartOf":{"@id":"https:\/\/www.fiscalia.gov.co\/colombia\/ciberseguro\/conectar-una-usb-desconocida-podria-ser-tu-peor-error\/"},"author":{"name":"Jordan Leandro Oviedo Anzola","@id":"https:\/\/www.fiscalia.gov.co\/colombia\/#\/schema\/person\/bf84402cf293a5393e9c70b111020b24"},"headline":"Conectar una USB desconocida podr\u00eda ser tu peor error","datePublished":"2025-08-14T21:26:08+00:00","dateModified":"2025-08-14T21:27:20+00:00","mainEntityOfPage":{"@id":"https:\/\/www.fiscalia.gov.co\/colombia\/ciberseguro\/conectar-una-usb-desconocida-podria-ser-tu-peor-error\/"},"wordCount":243,"publisher":{"@id":"https:\/\/www.fiscalia.gov.co\/colombia\/#organization"},"image":{"@id":"https:\/\/www.fiscalia.gov.co\/colombia\/ciberseguro\/conectar-una-usb-desconocida-podria-ser-tu-peor-error\/#primaryimage"},"thumbnailUrl":"https:\/\/www.fiscalia.gov.co\/colombia\/wp-content\/uploads\/WhatsApp-Image-2025-08-14-at-10.42.40-AM-1.jpeg","keywords":["baiting","Ciberdelincuentes","Ciberseguro","dispositivos electronicos","Fiscal Luz Adriana Camargo","Fiscal\u00eda General de la Naci\u00f3n","robo de datos","USB"],"articleSection":["ciberseguro"],"inLanguage":"es-CO"},{"@type":"WebPage","@id":"https:\/\/www.fiscalia.gov.co\/colombia\/ciberseguro\/conectar-una-usb-desconocida-podria-ser-tu-peor-error\/","url":"https:\/\/www.fiscalia.gov.co\/colombia\/ciberseguro\/conectar-una-usb-desconocida-podria-ser-tu-peor-error\/","name":"Fiscal\u00eda General de la Naci\u00f3n","isPartOf":{"@id":"https:\/\/www.fiscalia.gov.co\/colombia\/#website"},"primaryImageOfPage":{"@id":"https:\/\/www.fiscalia.gov.co\/colombia\/ciberseguro\/conectar-una-usb-desconocida-podria-ser-tu-peor-error\/#primaryimage"},"image":{"@id":"https:\/\/www.fiscalia.gov.co\/colombia\/ciberseguro\/conectar-una-usb-desconocida-podria-ser-tu-peor-error\/#primaryimage"},"thumbnailUrl":"https:\/\/www.fiscalia.gov.co\/colombia\/wp-content\/uploads\/WhatsApp-Image-2025-08-14-at-10.42.40-AM-1.jpeg","datePublished":"2025-08-14T21:26:08+00:00","dateModified":"2025-08-14T21:27:20+00:00","description":"P\u00e1gina oficial de la Fiscal\u00eda General de la Naci\u00f3n \u2013 Colombia. Garantizamos el acceso efectivo a la justicia, la verdad y la reparaci\u00f3n de las v\u00edctimas de los delitos.","breadcrumb":{"@id":"https:\/\/www.fiscalia.gov.co\/colombia\/ciberseguro\/conectar-una-usb-desconocida-podria-ser-tu-peor-error\/#breadcrumb"},"inLanguage":"es-CO","potentialAction":[{"@type":"ReadAction","target":["https:\/\/www.fiscalia.gov.co\/colombia\/ciberseguro\/conectar-una-usb-desconocida-podria-ser-tu-peor-error\/"]}]},{"@type":"ImageObject","inLanguage":"es-CO","@id":"https:\/\/www.fiscalia.gov.co\/colombia\/ciberseguro\/conectar-una-usb-desconocida-podria-ser-tu-peor-error\/#primaryimage","url":"https:\/\/www.fiscalia.gov.co\/colombia\/wp-content\/uploads\/WhatsApp-Image-2025-08-14-at-10.42.40-AM-1.jpeg","contentUrl":"https:\/\/www.fiscalia.gov.co\/colombia\/wp-content\/uploads\/WhatsApp-Image-2025-08-14-at-10.42.40-AM-1.jpeg","width":900,"height":1600,"caption":"La imagen es un cartel digital de advertencia sobre ciberseguridad. En el centro aparece una memoria USB en primer plano, con fragmentos y part\u00edculas que parecen estar explotando o desintegr\u00e1ndose a su alrededor, transmitiendo la idea de peligro o da\u00f1o. En la parte superior izquierda est\u00e1 el logotipo de la Fiscal\u00eda General de la Naci\u00f3n de Colombia, y en la parte superior derecha un \u00edcono con un candado y el texto #CIBERSEGURO. El mensaje principal est\u00e1 en el centro, con un estilo tipogr\u00e1fico que mezcla letras blancas y cian: \"Conectar una USB desconocida podr\u00eda ser tu peor error.\" El fondo es oscuro, con detalles de luces y part\u00edculas coloridas, dando un aspecto tecnol\u00f3gico y serio, reforzando el mensaje de prevenci\u00f3n frente a dispositivos desconocidos que pueden poner en riesgo la seguridad inform\u00e1tica."},{"@type":"BreadcrumbList","@id":"https:\/\/www.fiscalia.gov.co\/colombia\/ciberseguro\/conectar-una-usb-desconocida-podria-ser-tu-peor-error\/#breadcrumb","itemListElement":[{"@type":"ListItem","position":1,"name":"Home","item":"https:\/\/www.fiscalia.gov.co\/colombia\/"},{"@type":"ListItem","position":2,"name":"Conectar una USB desconocida podr\u00eda ser tu peor error"}]},{"@type":"WebSite","@id":"https:\/\/www.fiscalia.gov.co\/colombia\/#website","url":"https:\/\/www.fiscalia.gov.co\/colombia\/","name":"Fiscal\u00eda General de la Naci\u00f3n","description":"P\u00e1gina oficial de la Fiscal\u00eda General de la Naci\u00f3n \u2013 Colombia. Garantizamos el acceso efectivo a la justicia, la verdad y la reparaci\u00f3n de las v\u00edctimas de los delitos.","publisher":{"@id":"https:\/\/www.fiscalia.gov.co\/colombia\/#organization"},"potentialAction":[{"@type":"SearchAction","target":{"@type":"EntryPoint","urlTemplate":"https:\/\/www.fiscalia.gov.co\/colombia\/?s={search_term_string}"},"query-input":{"@type":"PropertyValueSpecification","valueRequired":true,"valueName":"search_term_string"}}],"inLanguage":"es-CO"},{"@type":"Organization","@id":"https:\/\/www.fiscalia.gov.co\/colombia\/#organization","name":"Fiscal\u00eda General de la Naci\u00f3n","url":"https:\/\/www.fiscalia.gov.co\/colombia\/","logo":{"@type":"ImageObject","inLanguage":"es-CO","@id":"https:\/\/www.fiscalia.gov.co\/colombia\/#\/schema\/logo\/image\/","url":"https:\/\/www.fiscalia.gov.co\/colombia\/wp-content\/uploads\/LogoHorizontal_1.jpg","contentUrl":"https:\/\/www.fiscalia.gov.co\/colombia\/wp-content\/uploads\/LogoHorizontal_1.jpg","width":300,"height":90,"caption":"Fiscal\u00eda General de la Naci\u00f3n"},"image":{"@id":"https:\/\/www.fiscalia.gov.co\/colombia\/#\/schema\/logo\/image\/"},"sameAs":["https:\/\/www.facebook.com\/FiscaliaCol","https:\/\/x.com\/FiscaliaCol","https:\/\/www.instagram.com\/fiscaliacol","https:\/\/www.linkedin.com\/company\/fiscalia-general-de-la-naci-n\/","https:\/\/youtube.com\/@fiscaliageneraldelanacion-4668?si=6nN79nyQICPU5iTh"]},{"@type":"Person","@id":"https:\/\/www.fiscalia.gov.co\/colombia\/#\/schema\/person\/bf84402cf293a5393e9c70b111020b24","name":"Jordan Leandro Oviedo Anzola","image":{"@type":"ImageObject","inLanguage":"es-CO","@id":"https:\/\/www.fiscalia.gov.co\/colombia\/#\/schema\/person\/image\/","url":"https:\/\/secure.gravatar.com\/avatar\/dabba4346fa9b9207d96adafa8f92721?s=96&d=mm&r=g","contentUrl":"https:\/\/secure.gravatar.com\/avatar\/dabba4346fa9b9207d96adafa8f92721?s=96&d=mm&r=g","caption":"Jordan Leandro Oviedo Anzola"},"url":"https:\/\/www.fiscalia.gov.co\/colombia\/author\/joviedo\/"}]}},"_links":{"self":[{"href":"https:\/\/www.fiscalia.gov.co\/colombia\/wp-json\/wp\/v2\/posts\/321634","targetHints":{"allow":["GET"]}}],"collection":[{"href":"https:\/\/www.fiscalia.gov.co\/colombia\/wp-json\/wp\/v2\/posts"}],"about":[{"href":"https:\/\/www.fiscalia.gov.co\/colombia\/wp-json\/wp\/v2\/types\/post"}],"author":[{"embeddable":true,"href":"https:\/\/www.fiscalia.gov.co\/colombia\/wp-json\/wp\/v2\/users\/177"}],"replies":[{"embeddable":true,"href":"https:\/\/www.fiscalia.gov.co\/colombia\/wp-json\/wp\/v2\/comments?post=321634"}],"version-history":[{"count":2,"href":"https:\/\/www.fiscalia.gov.co\/colombia\/wp-json\/wp\/v2\/posts\/321634\/revisions"}],"predecessor-version":[{"id":321637,"href":"https:\/\/www.fiscalia.gov.co\/colombia\/wp-json\/wp\/v2\/posts\/321634\/revisions\/321637"}],"wp:featuredmedia":[{"embeddable":true,"href":"https:\/\/www.fiscalia.gov.co\/colombia\/wp-json\/wp\/v2\/media\/321635"}],"wp:attachment":[{"href":"https:\/\/www.fiscalia.gov.co\/colombia\/wp-json\/wp\/v2\/media?parent=321634"}],"wp:term":[{"taxonomy":"category","embeddable":true,"href":"https:\/\/www.fiscalia.gov.co\/colombia\/wp-json\/wp\/v2\/categories?post=321634"},{"taxonomy":"post_tag","embeddable":true,"href":"https:\/\/www.fiscalia.gov.co\/colombia\/wp-json\/wp\/v2\/tags?post=321634"}],"curies":[{"name":"wp","href":"https:\/\/api.w.org\/{rel}","templated":true}]}}