{"id":321497,"date":"2025-08-13T14:16:43","date_gmt":"2025-08-13T19:16:43","guid":{"rendered":"https:\/\/www.fiscalia.gov.co\/colombia\/?p=321497"},"modified":"2025-08-13T14:16:43","modified_gmt":"2025-08-13T19:16:43","slug":"judicializadas-personas-provenientes-de-ecuador-que-estarian-involucradas-en-actividades-delincuenciales-en-el-pais","status":"publish","type":"post","link":"https:\/\/www.fiscalia.gov.co\/colombia\/noticias\/judicializadas-personas-provenientes-de-ecuador-que-estarian-involucradas-en-actividades-delincuenciales-en-el-pais\/","title":{"rendered":"Judicializadas personas provenientes de Ecuador que estar\u00edan involucradas en actividades delincuenciales en el pa\u00eds"},"content":{"rendered":"<h4 style=\"text-align: center;\"><strong><i>Uno de los procesados fue capturado para cumplir sentencia condenatoria de 11 a\u00f1os y 3 meses de prisi\u00f3n por narcomenudeo.<\/i><\/strong><\/h4>\n<p>La Fiscal\u00eda General de la Naci\u00f3n judicializ\u00f3 a dos colombianos, <strong>provenientes de Ecuador que estar\u00edan involucrados en diferentes actividades il\u00edcitas en el pa\u00eds.<\/strong> Los hombres fueron capturados en el aeropuerto de Ipiales (Nari\u00f1o).<\/p>\n<p>El Cuerpo T\u00e9cnico de Investigaci\u00f3n (CTI) de la Fiscal\u00eda, <strong>en articulaci\u00f3n con Migraci\u00f3n Ecuador, Migraci\u00f3n Colombia y la Polic\u00eda Nacional,<\/strong> materializaron las \u00f3rdenes de captura de Darwin Harvey Tenganan Ram\u00edrez y H\u00e9ctor El\u00ed Henao Corrales.<\/p>\n<ul>\n<li>En el caso de H\u00e9ctor El\u00ed Henao Corrales, un juez de control de garant\u00edas aval\u00f3 el procedimiento de captura. Este hombre era requerido para cumplir sentencia condenatoria de 11 a\u00f1os y 3 meses de prisi\u00f3n por el <strong>delito de tr\u00e1fico, fabricaci\u00f3n\u00a0 o porte de estupefacientes.<\/strong><\/li>\n<\/ul>\n<figure id=\"attachment_321503\" aria-describedby=\"caption-attachment-321503\" style=\"width: 402px\" class=\"wp-caption aligncenter\"><img loading=\"lazy\" decoding=\"async\" class=\" wp-image-321503\" src=\"https:\/\/www.fiscalia.gov.co\/colombia\/wp-content\/uploads\/Hector-Eli-Henao-Corrales.-Condena.-Estupefacientes.-Ipiales-Narino.jpg\" alt=\"En la fotograf\u00eda aparece de pie y con un brazo atr\u00e1s H\u00e9ctor El\u00ed Henao Corrales. Viste camiseta de color blanco con estampado completo al lado izquierdo y en el derecho un estampado a la altura del pecho; Pantal\u00f3n negro y zapatillas de color verdoso con zuela blanca. Al extremo derecho de \u00e9l hay una servidora del CTI de la Fiscal\u00eda y al izquierdo una uniformada de la Polic\u00eda Nacional. Detr\u00e1s de ellos hay un pend\u00f3n institucional de la Fiscal\u00eda.\" width=\"402\" height=\"446\" srcset=\"https:\/\/www.fiscalia.gov.co\/colombia\/wp-content\/uploads\/Hector-Eli-Henao-Corrales.-Condena.-Estupefacientes.-Ipiales-Narino.jpg 665w, https:\/\/www.fiscalia.gov.co\/colombia\/wp-content\/uploads\/Hector-Eli-Henao-Corrales.-Condena.-Estupefacientes.-Ipiales-Narino-270x300.jpg 270w, https:\/\/www.fiscalia.gov.co\/colombia\/wp-content\/uploads\/Hector-Eli-Henao-Corrales.-Condena.-Estupefacientes.-Ipiales-Narino-378x420.jpg 378w\" sizes=\"auto, (max-width: 402px) 100vw, 402px\" \/><figcaption id=\"caption-attachment-321503\" class=\"wp-caption-text\">H\u00e9ctor El\u00ed Henao Corrales, fue capturado para cumplir sentencia condenatoria de m\u00e1s de 11 a\u00f1os de prisi\u00f3n por narcomenudeo en Popay\u00e1n (Cauca).<\/figcaption><\/figure>\n<p>El juzgador decidi\u00f3 que Henao Corrales debe pagar una<strong> multa de 1.334 salarios m\u00ednimos legales mensuales vigentes<\/strong> y no contar\u00e1 con ning\u00fan tipo de beneficio, por lo que deber\u00e1 cumplir la sentencia en centro penitenciario.<\/p>\n<ul>\n<li>Entre tanto, Darwin Harvey Tenganan Ram\u00edrez fue capturado y judicializado como presunto responsable de los <strong>delitos de concierto para delinquir y hurto calificado y agravado.<\/strong><\/li>\n<\/ul>\n<figure id=\"attachment_321504\" aria-describedby=\"caption-attachment-321504\" style=\"width: 404px\" class=\"wp-caption aligncenter\"><img loading=\"lazy\" decoding=\"async\" class=\" wp-image-321504\" src=\"https:\/\/www.fiscalia.gov.co\/colombia\/wp-content\/uploads\/Darwin-Harvey-Tengan-Ramirez.-Concierto-y-hurto-calificado-y-agravado.-Ipiales-Narino.jpg\" alt=\"En la fotograf\u00eda aparece de pie, con los brazos atr\u00e1s y la cabeza inclinada hacia abajo Darwin Harvey Tenganan Ram\u00edrez. Viste con una ruana de color negro con estampado blanco, pantal\u00f3n de color rojo y zapatillas blancas. Al extremo derecho de \u00e9l hay una servidora del CTI de la Fiscal\u00eda y al izquierdo un uniformado de la Polic\u00eda Nacional. Detr\u00e1s de ellos hay un pend\u00f3n institucional de la Fiscal\u00eda.\" width=\"404\" height=\"422\" srcset=\"https:\/\/www.fiscalia.gov.co\/colombia\/wp-content\/uploads\/Darwin-Harvey-Tengan-Ramirez.-Concierto-y-hurto-calificado-y-agravado.-Ipiales-Narino.jpg 821w, https:\/\/www.fiscalia.gov.co\/colombia\/wp-content\/uploads\/Darwin-Harvey-Tengan-Ramirez.-Concierto-y-hurto-calificado-y-agravado.-Ipiales-Narino-287x300.jpg 287w, https:\/\/www.fiscalia.gov.co\/colombia\/wp-content\/uploads\/Darwin-Harvey-Tengan-Ramirez.-Concierto-y-hurto-calificado-y-agravado.-Ipiales-Narino-768x802.jpg 768w, https:\/\/www.fiscalia.gov.co\/colombia\/wp-content\/uploads\/Darwin-Harvey-Tengan-Ramirez.-Concierto-y-hurto-calificado-y-agravado.-Ipiales-Narino-402x420.jpg 402w, https:\/\/www.fiscalia.gov.co\/colombia\/wp-content\/uploads\/Darwin-Harvey-Tengan-Ramirez.-Concierto-y-hurto-calificado-y-agravado.-Ipiales-Narino-696x727.jpg 696w\" sizes=\"auto, (max-width: 404px) 100vw, 404px\" \/><figcaption id=\"caption-attachment-321504\" class=\"wp-caption-text\">Darwin Harvey Tenganan Ram\u00edrez, formar\u00eda parte del grupo delincuencial Los Huesos, dedicado al hurto de automotores en Ipiales (Nari\u00f1o).<\/figcaption><\/figure>\n<p>La Fiscal\u00eda lo investiga como presunto integrante del grupo delincuencial denominado Los Huesos, <strong>dedicado al hurto de automotores en Ipiales.<\/strong> Un juez de control de garant\u00edas le impuso medida de aseguramiento en centro carcelario.<\/p>\n<p>&nbsp;<\/p>\n<p>&nbsp;<\/p>\n<p>&nbsp;<\/p>\n<p>&nbsp;<\/p>\n<p>&nbsp;<\/p>\n<p>MAP\/DSN\/AMCJ\/<\/p>\n<p><b>\u00a0<\/b><\/p>\n<p>&nbsp;<\/p>\n<p>&nbsp;<\/p>\n<p>&nbsp;<\/p>\n<p>&nbsp;<\/p>\n<div class=\"td-post-content tagdiv-type\">\n<p><em>La informaci\u00f3n contenida en este bolet\u00edn de prensa corresponde a la narraci\u00f3n de los hechos noticiosos objetivos, suministrados por los funcionarios encargados de adelantar las investigaciones penales al interior de la Fiscal\u00eda General de la Naci\u00f3n. Para el momento de la divulgaci\u00f3n de este comunicado, la situaci\u00f3n jur\u00eddica de la(s) persona(s) relacionada(s) se encuentra pendiente de resolver por la autoridad judicial competente, siempre bajo los preceptos de la presunci\u00f3n de inocencia, consagrados en el art\u00edculo 29 de la Constituci\u00f3n Pol\u00edtica y el art\u00edculo 7\u00ba de la Ley 906 de 2004.<\/em><\/p>\n<\/div>\n<footer>\n<div class=\"td-post-source-tags\"><\/div>\n<div class=\"td-post-sharing-bottom\"><\/div>\n<\/footer>\n\n<div class=\"twitter-share\"><a href=\"https:\/\/twitter.com\/intent\/tweet?via=fiscaliacol\" class=\"twitter-share-button\">Tweet<\/a><\/div>\n","protected":false},"excerpt":{"rendered":"<p>Uno de los procesados fue capturado para cumplir sentencia condenatoria de 11 a\u00f1os y 3 meses de prisi\u00f3n por narcomenudeo. La Fiscal\u00eda General de la Naci\u00f3n judicializ\u00f3 a dos colombianos, [&hellip;]<\/p>\n","protected":false},"author":177,"featured_media":0,"comment_status":"closed","ping_status":"open","sticky":false,"template":"","format":"standard","meta":{"tdm_status":"","tdm_grid_status":"","footnotes":""},"categories":[1,334,303],"tags":[83,1207,50,37492,1047,24004,14830,916],"class_list":["post-321497","post","type-post","status-publish","format-standard","category-noticias","category-seccional-pasto","category-seccionales","tag-concierto-para-delinquir","tag-ecuador","tag-estupefacientes","tag-fiscal-luz-adriana-camargo","tag-fiscalia-general-de-la-nacion","tag-ipiales-narino","tag-migracion","tag-trafico"],"yoast_head":"<!-- This site is optimized with the Yoast SEO plugin v24.3 - https:\/\/yoast.com\/wordpress\/plugins\/seo\/ -->\n<title>Fiscal\u00eda General de la Naci\u00f3n<\/title>\n<meta name=\"description\" content=\"P\u00e1gina oficial de la Fiscal\u00eda General de la Naci\u00f3n \u2013 Colombia. Garantizamos el acceso efectivo a la justicia, la verdad y la reparaci\u00f3n de las v\u00edctimas de los delitos.\" \/>\n<meta name=\"robots\" content=\"noindex, follow\" \/>\n<meta property=\"og:locale\" content=\"es_ES\" \/>\n<meta property=\"og:type\" content=\"article\" \/>\n<meta property=\"og:title\" content=\"Fiscal\u00eda General de la Naci\u00f3n\" \/>\n<meta property=\"og:description\" content=\"P\u00e1gina oficial de la Fiscal\u00eda General de la Naci\u00f3n \u2013 Colombia. Garantizamos el acceso efectivo a la justicia, la verdad y la reparaci\u00f3n de las v\u00edctimas de los delitos.\" \/>\n<meta property=\"og:url\" content=\"https:\/\/www.fiscalia.gov.co\/colombia\/noticias\/judicializadas-personas-provenientes-de-ecuador-que-estarian-involucradas-en-actividades-delincuenciales-en-el-pais\/\" \/>\n<meta property=\"og:site_name\" content=\"Fiscal\u00eda General de la Naci\u00f3n\" \/>\n<meta property=\"article:publisher\" content=\"https:\/\/www.facebook.com\/FiscaliaCol\" \/>\n<meta property=\"article:published_time\" content=\"2025-08-13T19:16:43+00:00\" \/>\n<meta property=\"og:image\" content=\"https:\/\/www.fiscalia.gov.co\/colombia\/wp-content\/uploads\/Hector-Eli-Henao-Corrales.-Condena.-Estupefacientes.-Ipiales-Narino.jpg\" \/>\n\t<meta property=\"og:image:width\" content=\"665\" \/>\n\t<meta property=\"og:image:height\" content=\"738\" \/>\n\t<meta property=\"og:image:type\" content=\"image\/jpeg\" \/>\n<meta name=\"author\" content=\"Jordan Leandro Oviedo Anzola\" \/>\n<meta name=\"twitter:card\" content=\"summary_large_image\" \/>\n<meta name=\"twitter:creator\" content=\"@FiscaliaCol\" \/>\n<meta name=\"twitter:site\" content=\"@FiscaliaCol\" \/>\n<meta name=\"twitter:label1\" content=\"Escrito por\" \/>\n\t<meta name=\"twitter:data1\" content=\"Jordan Leandro Oviedo Anzola\" \/>\n\t<meta name=\"twitter:label2\" content=\"Tiempo de lectura\" \/>\n\t<meta name=\"twitter:data2\" content=\"3 minutos\" \/>\n<script type=\"application\/ld+json\" class=\"yoast-schema-graph\">{\"@context\":\"https:\/\/schema.org\",\"@graph\":[{\"@type\":\"Article\",\"@id\":\"https:\/\/www.fiscalia.gov.co\/colombia\/noticias\/judicializadas-personas-provenientes-de-ecuador-que-estarian-involucradas-en-actividades-delincuenciales-en-el-pais\/#article\",\"isPartOf\":{\"@id\":\"https:\/\/www.fiscalia.gov.co\/colombia\/noticias\/judicializadas-personas-provenientes-de-ecuador-que-estarian-involucradas-en-actividades-delincuenciales-en-el-pais\/\"},\"author\":{\"name\":\"Jordan Leandro Oviedo Anzola\",\"@id\":\"https:\/\/www.fiscalia.gov.co\/colombia\/#\/schema\/person\/bf84402cf293a5393e9c70b111020b24\"},\"headline\":\"Judicializadas personas provenientes de Ecuador que estar\u00edan involucradas en actividades delincuenciales en el pa\u00eds\",\"datePublished\":\"2025-08-13T19:16:43+00:00\",\"dateModified\":\"2025-08-13T19:16:43+00:00\",\"mainEntityOfPage\":{\"@id\":\"https:\/\/www.fiscalia.gov.co\/colombia\/noticias\/judicializadas-personas-provenientes-de-ecuador-que-estarian-involucradas-en-actividades-delincuenciales-en-el-pais\/\"},\"wordCount\":442,\"publisher\":{\"@id\":\"https:\/\/www.fiscalia.gov.co\/colombia\/#organization\"},\"image\":{\"@id\":\"https:\/\/www.fiscalia.gov.co\/colombia\/noticias\/judicializadas-personas-provenientes-de-ecuador-que-estarian-involucradas-en-actividades-delincuenciales-en-el-pais\/#primaryimage\"},\"thumbnailUrl\":\"https:\/\/www.fiscalia.gov.co\/colombia\/wp-content\/uploads\/Hector-Eli-Henao-Corrales.-Condena.-Estupefacientes.-Ipiales-Narino.jpg\",\"keywords\":[\"Concierto para delinquir\",\"Ecuador\",\"Estupefacientes\",\"Fiscal Luz Adriana Camargo\",\"Fiscal\u00eda General de la Naci\u00f3n\",\"Ipiales (Nari\u00f1o)\",\"Migraci\u00f3n\",\"Tr\u00e1fico\"],\"articleSection\":[\"Noticias\",\"Seccional Pasto\",\"Seccionales\"],\"inLanguage\":\"es-CO\"},{\"@type\":\"WebPage\",\"@id\":\"https:\/\/www.fiscalia.gov.co\/colombia\/noticias\/judicializadas-personas-provenientes-de-ecuador-que-estarian-involucradas-en-actividades-delincuenciales-en-el-pais\/\",\"url\":\"https:\/\/www.fiscalia.gov.co\/colombia\/noticias\/judicializadas-personas-provenientes-de-ecuador-que-estarian-involucradas-en-actividades-delincuenciales-en-el-pais\/\",\"name\":\"Fiscal\u00eda General de la Naci\u00f3n\",\"isPartOf\":{\"@id\":\"https:\/\/www.fiscalia.gov.co\/colombia\/#website\"},\"primaryImageOfPage\":{\"@id\":\"https:\/\/www.fiscalia.gov.co\/colombia\/noticias\/judicializadas-personas-provenientes-de-ecuador-que-estarian-involucradas-en-actividades-delincuenciales-en-el-pais\/#primaryimage\"},\"image\":{\"@id\":\"https:\/\/www.fiscalia.gov.co\/colombia\/noticias\/judicializadas-personas-provenientes-de-ecuador-que-estarian-involucradas-en-actividades-delincuenciales-en-el-pais\/#primaryimage\"},\"thumbnailUrl\":\"https:\/\/www.fiscalia.gov.co\/colombia\/wp-content\/uploads\/Hector-Eli-Henao-Corrales.-Condena.-Estupefacientes.-Ipiales-Narino.jpg\",\"datePublished\":\"2025-08-13T19:16:43+00:00\",\"dateModified\":\"2025-08-13T19:16:43+00:00\",\"description\":\"P\u00e1gina oficial de la Fiscal\u00eda General de la Naci\u00f3n \u2013 Colombia. Garantizamos el acceso efectivo a la justicia, la verdad y la reparaci\u00f3n de las v\u00edctimas de los delitos.\",\"breadcrumb\":{\"@id\":\"https:\/\/www.fiscalia.gov.co\/colombia\/noticias\/judicializadas-personas-provenientes-de-ecuador-que-estarian-involucradas-en-actividades-delincuenciales-en-el-pais\/#breadcrumb\"},\"inLanguage\":\"es-CO\",\"potentialAction\":[{\"@type\":\"ReadAction\",\"target\":[\"https:\/\/www.fiscalia.gov.co\/colombia\/noticias\/judicializadas-personas-provenientes-de-ecuador-que-estarian-involucradas-en-actividades-delincuenciales-en-el-pais\/\"]}]},{\"@type\":\"ImageObject\",\"inLanguage\":\"es-CO\",\"@id\":\"https:\/\/www.fiscalia.gov.co\/colombia\/noticias\/judicializadas-personas-provenientes-de-ecuador-que-estarian-involucradas-en-actividades-delincuenciales-en-el-pais\/#primaryimage\",\"url\":\"https:\/\/www.fiscalia.gov.co\/colombia\/wp-content\/uploads\/Hector-Eli-Henao-Corrales.-Condena.-Estupefacientes.-Ipiales-Narino.jpg\",\"contentUrl\":\"https:\/\/www.fiscalia.gov.co\/colombia\/wp-content\/uploads\/Hector-Eli-Henao-Corrales.-Condena.-Estupefacientes.-Ipiales-Narino.jpg\",\"width\":665,\"height\":738,\"caption\":\"H\u00e9ctor El\u00ed Henao Corrales, fue capturado para cumplir sentencia condenatoria de m\u00e1s de 11 a\u00f1os de prisi\u00f3n por narcomenudeo en Popay\u00e1n (Cauca).\"},{\"@type\":\"BreadcrumbList\",\"@id\":\"https:\/\/www.fiscalia.gov.co\/colombia\/noticias\/judicializadas-personas-provenientes-de-ecuador-que-estarian-involucradas-en-actividades-delincuenciales-en-el-pais\/#breadcrumb\",\"itemListElement\":[{\"@type\":\"ListItem\",\"position\":1,\"name\":\"Home\",\"item\":\"https:\/\/www.fiscalia.gov.co\/colombia\/\"},{\"@type\":\"ListItem\",\"position\":2,\"name\":\"Judicializadas personas provenientes de Ecuador que estar\u00edan involucradas en actividades delincuenciales en el pa\u00eds\"}]},{\"@type\":\"WebSite\",\"@id\":\"https:\/\/www.fiscalia.gov.co\/colombia\/#website\",\"url\":\"https:\/\/www.fiscalia.gov.co\/colombia\/\",\"name\":\"Fiscal\u00eda General de la Naci\u00f3n\",\"description\":\"P\u00e1gina oficial de la Fiscal\u00eda General de la Naci\u00f3n \u2013 Colombia. Garantizamos el acceso efectivo a la justicia, la verdad y la reparaci\u00f3n de las v\u00edctimas de los delitos.\",\"publisher\":{\"@id\":\"https:\/\/www.fiscalia.gov.co\/colombia\/#organization\"},\"potentialAction\":[{\"@type\":\"SearchAction\",\"target\":{\"@type\":\"EntryPoint\",\"urlTemplate\":\"https:\/\/www.fiscalia.gov.co\/colombia\/?s={search_term_string}\"},\"query-input\":{\"@type\":\"PropertyValueSpecification\",\"valueRequired\":true,\"valueName\":\"search_term_string\"}}],\"inLanguage\":\"es-CO\"},{\"@type\":\"Organization\",\"@id\":\"https:\/\/www.fiscalia.gov.co\/colombia\/#organization\",\"name\":\"Fiscal\u00eda General de la Naci\u00f3n\",\"url\":\"https:\/\/www.fiscalia.gov.co\/colombia\/\",\"logo\":{\"@type\":\"ImageObject\",\"inLanguage\":\"es-CO\",\"@id\":\"https:\/\/www.fiscalia.gov.co\/colombia\/#\/schema\/logo\/image\/\",\"url\":\"https:\/\/www.fiscalia.gov.co\/colombia\/wp-content\/uploads\/LogoHorizontal_1.jpg\",\"contentUrl\":\"https:\/\/www.fiscalia.gov.co\/colombia\/wp-content\/uploads\/LogoHorizontal_1.jpg\",\"width\":300,\"height\":90,\"caption\":\"Fiscal\u00eda General de la Naci\u00f3n\"},\"image\":{\"@id\":\"https:\/\/www.fiscalia.gov.co\/colombia\/#\/schema\/logo\/image\/\"},\"sameAs\":[\"https:\/\/www.facebook.com\/FiscaliaCol\",\"https:\/\/x.com\/FiscaliaCol\",\"https:\/\/www.instagram.com\/fiscaliacol\",\"https:\/\/www.linkedin.com\/company\/fiscalia-general-de-la-naci-n\/\",\"https:\/\/youtube.com\/@fiscaliageneraldelanacion-4668?si=6nN79nyQICPU5iTh\"]},{\"@type\":\"Person\",\"@id\":\"https:\/\/www.fiscalia.gov.co\/colombia\/#\/schema\/person\/bf84402cf293a5393e9c70b111020b24\",\"name\":\"Jordan Leandro Oviedo Anzola\",\"image\":{\"@type\":\"ImageObject\",\"inLanguage\":\"es-CO\",\"@id\":\"https:\/\/www.fiscalia.gov.co\/colombia\/#\/schema\/person\/image\/\",\"url\":\"https:\/\/secure.gravatar.com\/avatar\/dabba4346fa9b9207d96adafa8f92721?s=96&d=mm&r=g\",\"contentUrl\":\"https:\/\/secure.gravatar.com\/avatar\/dabba4346fa9b9207d96adafa8f92721?s=96&d=mm&r=g\",\"caption\":\"Jordan Leandro Oviedo Anzola\"},\"url\":\"https:\/\/www.fiscalia.gov.co\/colombia\/author\/joviedo\/\"}]}<\/script>\n<!-- \/ Yoast SEO plugin. -->","yoast_head_json":{"title":"Fiscal\u00eda General de la Naci\u00f3n","description":"P\u00e1gina oficial de la Fiscal\u00eda General de la Naci\u00f3n \u2013 Colombia. Garantizamos el acceso efectivo a la justicia, la verdad y la reparaci\u00f3n de las v\u00edctimas de los delitos.","robots":{"index":"noindex","follow":"follow"},"og_locale":"es_ES","og_type":"article","og_title":"Fiscal\u00eda General de la Naci\u00f3n","og_description":"P\u00e1gina oficial de la Fiscal\u00eda General de la Naci\u00f3n \u2013 Colombia. Garantizamos el acceso efectivo a la justicia, la verdad y la reparaci\u00f3n de las v\u00edctimas de los delitos.","og_url":"https:\/\/www.fiscalia.gov.co\/colombia\/noticias\/judicializadas-personas-provenientes-de-ecuador-que-estarian-involucradas-en-actividades-delincuenciales-en-el-pais\/","og_site_name":"Fiscal\u00eda General de la Naci\u00f3n","article_publisher":"https:\/\/www.facebook.com\/FiscaliaCol","article_published_time":"2025-08-13T19:16:43+00:00","og_image":[{"width":665,"height":738,"url":"https:\/\/www.fiscalia.gov.co\/colombia\/wp-content\/uploads\/Hector-Eli-Henao-Corrales.-Condena.-Estupefacientes.-Ipiales-Narino.jpg","type":"image\/jpeg"}],"author":"Jordan Leandro Oviedo Anzola","twitter_card":"summary_large_image","twitter_creator":"@FiscaliaCol","twitter_site":"@FiscaliaCol","twitter_misc":{"Escrito por":"Jordan Leandro Oviedo Anzola","Tiempo de lectura":"3 minutos"},"schema":{"@context":"https:\/\/schema.org","@graph":[{"@type":"Article","@id":"https:\/\/www.fiscalia.gov.co\/colombia\/noticias\/judicializadas-personas-provenientes-de-ecuador-que-estarian-involucradas-en-actividades-delincuenciales-en-el-pais\/#article","isPartOf":{"@id":"https:\/\/www.fiscalia.gov.co\/colombia\/noticias\/judicializadas-personas-provenientes-de-ecuador-que-estarian-involucradas-en-actividades-delincuenciales-en-el-pais\/"},"author":{"name":"Jordan Leandro Oviedo Anzola","@id":"https:\/\/www.fiscalia.gov.co\/colombia\/#\/schema\/person\/bf84402cf293a5393e9c70b111020b24"},"headline":"Judicializadas personas provenientes de Ecuador que estar\u00edan involucradas en actividades delincuenciales en el pa\u00eds","datePublished":"2025-08-13T19:16:43+00:00","dateModified":"2025-08-13T19:16:43+00:00","mainEntityOfPage":{"@id":"https:\/\/www.fiscalia.gov.co\/colombia\/noticias\/judicializadas-personas-provenientes-de-ecuador-que-estarian-involucradas-en-actividades-delincuenciales-en-el-pais\/"},"wordCount":442,"publisher":{"@id":"https:\/\/www.fiscalia.gov.co\/colombia\/#organization"},"image":{"@id":"https:\/\/www.fiscalia.gov.co\/colombia\/noticias\/judicializadas-personas-provenientes-de-ecuador-que-estarian-involucradas-en-actividades-delincuenciales-en-el-pais\/#primaryimage"},"thumbnailUrl":"https:\/\/www.fiscalia.gov.co\/colombia\/wp-content\/uploads\/Hector-Eli-Henao-Corrales.-Condena.-Estupefacientes.-Ipiales-Narino.jpg","keywords":["Concierto para delinquir","Ecuador","Estupefacientes","Fiscal Luz Adriana Camargo","Fiscal\u00eda General de la Naci\u00f3n","Ipiales (Nari\u00f1o)","Migraci\u00f3n","Tr\u00e1fico"],"articleSection":["Noticias","Seccional Pasto","Seccionales"],"inLanguage":"es-CO"},{"@type":"WebPage","@id":"https:\/\/www.fiscalia.gov.co\/colombia\/noticias\/judicializadas-personas-provenientes-de-ecuador-que-estarian-involucradas-en-actividades-delincuenciales-en-el-pais\/","url":"https:\/\/www.fiscalia.gov.co\/colombia\/noticias\/judicializadas-personas-provenientes-de-ecuador-que-estarian-involucradas-en-actividades-delincuenciales-en-el-pais\/","name":"Fiscal\u00eda General de la Naci\u00f3n","isPartOf":{"@id":"https:\/\/www.fiscalia.gov.co\/colombia\/#website"},"primaryImageOfPage":{"@id":"https:\/\/www.fiscalia.gov.co\/colombia\/noticias\/judicializadas-personas-provenientes-de-ecuador-que-estarian-involucradas-en-actividades-delincuenciales-en-el-pais\/#primaryimage"},"image":{"@id":"https:\/\/www.fiscalia.gov.co\/colombia\/noticias\/judicializadas-personas-provenientes-de-ecuador-que-estarian-involucradas-en-actividades-delincuenciales-en-el-pais\/#primaryimage"},"thumbnailUrl":"https:\/\/www.fiscalia.gov.co\/colombia\/wp-content\/uploads\/Hector-Eli-Henao-Corrales.-Condena.-Estupefacientes.-Ipiales-Narino.jpg","datePublished":"2025-08-13T19:16:43+00:00","dateModified":"2025-08-13T19:16:43+00:00","description":"P\u00e1gina oficial de la Fiscal\u00eda General de la Naci\u00f3n \u2013 Colombia. Garantizamos el acceso efectivo a la justicia, la verdad y la reparaci\u00f3n de las v\u00edctimas de los delitos.","breadcrumb":{"@id":"https:\/\/www.fiscalia.gov.co\/colombia\/noticias\/judicializadas-personas-provenientes-de-ecuador-que-estarian-involucradas-en-actividades-delincuenciales-en-el-pais\/#breadcrumb"},"inLanguage":"es-CO","potentialAction":[{"@type":"ReadAction","target":["https:\/\/www.fiscalia.gov.co\/colombia\/noticias\/judicializadas-personas-provenientes-de-ecuador-que-estarian-involucradas-en-actividades-delincuenciales-en-el-pais\/"]}]},{"@type":"ImageObject","inLanguage":"es-CO","@id":"https:\/\/www.fiscalia.gov.co\/colombia\/noticias\/judicializadas-personas-provenientes-de-ecuador-que-estarian-involucradas-en-actividades-delincuenciales-en-el-pais\/#primaryimage","url":"https:\/\/www.fiscalia.gov.co\/colombia\/wp-content\/uploads\/Hector-Eli-Henao-Corrales.-Condena.-Estupefacientes.-Ipiales-Narino.jpg","contentUrl":"https:\/\/www.fiscalia.gov.co\/colombia\/wp-content\/uploads\/Hector-Eli-Henao-Corrales.-Condena.-Estupefacientes.-Ipiales-Narino.jpg","width":665,"height":738,"caption":"H\u00e9ctor El\u00ed Henao Corrales, fue capturado para cumplir sentencia condenatoria de m\u00e1s de 11 a\u00f1os de prisi\u00f3n por narcomenudeo en Popay\u00e1n (Cauca)."},{"@type":"BreadcrumbList","@id":"https:\/\/www.fiscalia.gov.co\/colombia\/noticias\/judicializadas-personas-provenientes-de-ecuador-que-estarian-involucradas-en-actividades-delincuenciales-en-el-pais\/#breadcrumb","itemListElement":[{"@type":"ListItem","position":1,"name":"Home","item":"https:\/\/www.fiscalia.gov.co\/colombia\/"},{"@type":"ListItem","position":2,"name":"Judicializadas personas provenientes de Ecuador que estar\u00edan involucradas en actividades delincuenciales en el pa\u00eds"}]},{"@type":"WebSite","@id":"https:\/\/www.fiscalia.gov.co\/colombia\/#website","url":"https:\/\/www.fiscalia.gov.co\/colombia\/","name":"Fiscal\u00eda General de la Naci\u00f3n","description":"P\u00e1gina oficial de la Fiscal\u00eda General de la Naci\u00f3n \u2013 Colombia. Garantizamos el acceso efectivo a la justicia, la verdad y la reparaci\u00f3n de las v\u00edctimas de los delitos.","publisher":{"@id":"https:\/\/www.fiscalia.gov.co\/colombia\/#organization"},"potentialAction":[{"@type":"SearchAction","target":{"@type":"EntryPoint","urlTemplate":"https:\/\/www.fiscalia.gov.co\/colombia\/?s={search_term_string}"},"query-input":{"@type":"PropertyValueSpecification","valueRequired":true,"valueName":"search_term_string"}}],"inLanguage":"es-CO"},{"@type":"Organization","@id":"https:\/\/www.fiscalia.gov.co\/colombia\/#organization","name":"Fiscal\u00eda General de la Naci\u00f3n","url":"https:\/\/www.fiscalia.gov.co\/colombia\/","logo":{"@type":"ImageObject","inLanguage":"es-CO","@id":"https:\/\/www.fiscalia.gov.co\/colombia\/#\/schema\/logo\/image\/","url":"https:\/\/www.fiscalia.gov.co\/colombia\/wp-content\/uploads\/LogoHorizontal_1.jpg","contentUrl":"https:\/\/www.fiscalia.gov.co\/colombia\/wp-content\/uploads\/LogoHorizontal_1.jpg","width":300,"height":90,"caption":"Fiscal\u00eda General de la Naci\u00f3n"},"image":{"@id":"https:\/\/www.fiscalia.gov.co\/colombia\/#\/schema\/logo\/image\/"},"sameAs":["https:\/\/www.facebook.com\/FiscaliaCol","https:\/\/x.com\/FiscaliaCol","https:\/\/www.instagram.com\/fiscaliacol","https:\/\/www.linkedin.com\/company\/fiscalia-general-de-la-naci-n\/","https:\/\/youtube.com\/@fiscaliageneraldelanacion-4668?si=6nN79nyQICPU5iTh"]},{"@type":"Person","@id":"https:\/\/www.fiscalia.gov.co\/colombia\/#\/schema\/person\/bf84402cf293a5393e9c70b111020b24","name":"Jordan Leandro Oviedo Anzola","image":{"@type":"ImageObject","inLanguage":"es-CO","@id":"https:\/\/www.fiscalia.gov.co\/colombia\/#\/schema\/person\/image\/","url":"https:\/\/secure.gravatar.com\/avatar\/dabba4346fa9b9207d96adafa8f92721?s=96&d=mm&r=g","contentUrl":"https:\/\/secure.gravatar.com\/avatar\/dabba4346fa9b9207d96adafa8f92721?s=96&d=mm&r=g","caption":"Jordan Leandro Oviedo Anzola"},"url":"https:\/\/www.fiscalia.gov.co\/colombia\/author\/joviedo\/"}]}},"_links":{"self":[{"href":"https:\/\/www.fiscalia.gov.co\/colombia\/wp-json\/wp\/v2\/posts\/321497","targetHints":{"allow":["GET"]}}],"collection":[{"href":"https:\/\/www.fiscalia.gov.co\/colombia\/wp-json\/wp\/v2\/posts"}],"about":[{"href":"https:\/\/www.fiscalia.gov.co\/colombia\/wp-json\/wp\/v2\/types\/post"}],"author":[{"embeddable":true,"href":"https:\/\/www.fiscalia.gov.co\/colombia\/wp-json\/wp\/v2\/users\/177"}],"replies":[{"embeddable":true,"href":"https:\/\/www.fiscalia.gov.co\/colombia\/wp-json\/wp\/v2\/comments?post=321497"}],"version-history":[{"count":2,"href":"https:\/\/www.fiscalia.gov.co\/colombia\/wp-json\/wp\/v2\/posts\/321497\/revisions"}],"predecessor-version":[{"id":321506,"href":"https:\/\/www.fiscalia.gov.co\/colombia\/wp-json\/wp\/v2\/posts\/321497\/revisions\/321506"}],"wp:attachment":[{"href":"https:\/\/www.fiscalia.gov.co\/colombia\/wp-json\/wp\/v2\/media?parent=321497"}],"wp:term":[{"taxonomy":"category","embeddable":true,"href":"https:\/\/www.fiscalia.gov.co\/colombia\/wp-json\/wp\/v2\/categories?post=321497"},{"taxonomy":"post_tag","embeddable":true,"href":"https:\/\/www.fiscalia.gov.co\/colombia\/wp-json\/wp\/v2\/tags?post=321497"}],"curies":[{"name":"wp","href":"https:\/\/api.w.org\/{rel}","templated":true}]}}