{"id":321494,"date":"2025-08-13T11:33:48","date_gmt":"2025-08-13T16:33:48","guid":{"rendered":"https:\/\/www.fiscalia.gov.co\/colombia\/?p=321494"},"modified":"2025-08-13T11:33:48","modified_gmt":"2025-08-13T16:33:48","slug":"asegurado-presunto-responsable-de-hurtar-en-varias-oportunidades-un-almacen-de-cadena-del-valle-de-aburra","status":"publish","type":"post","link":"https:\/\/www.fiscalia.gov.co\/colombia\/noticias\/asegurado-presunto-responsable-de-hurtar-en-varias-oportunidades-un-almacen-de-cadena-del-valle-de-aburra\/","title":{"rendered":"Asegurado presunto responsable de hurtar en varias oportunidades un almac\u00e9n de cadena del Valle de Aburr\u00e1"},"content":{"rendered":"<p class=\"x_elementToProof\" data-ogsc=\"rgb(0, 0, 0)\">Por solicitud de la Fiscal\u00eda General de la Naci\u00f3n un juez de control de garant\u00edas le impuso medida de aseguramiento en centro carcelario a Juan Camilo\u00a0 Gonz\u00e1lez Molina, de 25 a\u00f1os, como presunto responsable de<strong> hurtar en 10 oportunidades a un supermercado de cadena, ubicado en el \u00c1rea Metropolitana del Valle de Aburr\u00e1.<\/strong><\/p>\n<figure id=\"attachment_321495\" aria-describedby=\"caption-attachment-321495\" style=\"width: 696px\" class=\"wp-caption aligncenter\"><img loading=\"lazy\" decoding=\"async\" class=\"size-large wp-image-321495\" src=\"https:\/\/www.fiscalia.gov.co\/colombia\/wp-content\/uploads\/Juan-Camilo-Gonzalez-Molina-1024x768.jpg\" alt=\"En la imagen est\u00e1 el investigado en medio de dos uniformados de la Polic\u00eda Nacional\" width=\"696\" height=\"522\" srcset=\"https:\/\/www.fiscalia.gov.co\/colombia\/wp-content\/uploads\/Juan-Camilo-Gonzalez-Molina-1024x768.jpg 1024w, https:\/\/www.fiscalia.gov.co\/colombia\/wp-content\/uploads\/Juan-Camilo-Gonzalez-Molina-300x225.jpg 300w, https:\/\/www.fiscalia.gov.co\/colombia\/wp-content\/uploads\/Juan-Camilo-Gonzalez-Molina-768x576.jpg 768w, https:\/\/www.fiscalia.gov.co\/colombia\/wp-content\/uploads\/Juan-Camilo-Gonzalez-Molina-560x420.jpg 560w, https:\/\/www.fiscalia.gov.co\/colombia\/wp-content\/uploads\/Juan-Camilo-Gonzalez-Molina-80x60.jpg 80w, https:\/\/www.fiscalia.gov.co\/colombia\/wp-content\/uploads\/Juan-Camilo-Gonzalez-Molina-696x522.jpg 696w, https:\/\/www.fiscalia.gov.co\/colombia\/wp-content\/uploads\/Juan-Camilo-Gonzalez-Molina-1068x801.jpg 1068w, https:\/\/www.fiscalia.gov.co\/colombia\/wp-content\/uploads\/Juan-Camilo-Gonzalez-Molina-265x198.jpg 265w, https:\/\/www.fiscalia.gov.co\/colombia\/wp-content\/uploads\/Juan-Camilo-Gonzalez-Molina.jpg 1280w\" sizes=\"auto, (max-width: 696px) 100vw, 696px\" \/><figcaption id=\"caption-attachment-321495\" class=\"wp-caption-text\">Presunto responsable de hurtar en 10 tiendas de un almac\u00e9n de cadena del Valle de Aburr\u00e1<\/figcaption><\/figure>\n<p data-ogsc=\"rgb(0, 0, 0)\">Seg\u00fan la investigaci\u00f3n adelantada por un fiscal de la Estructura de Apoyo (EDA), los hechos ocurrieron entre el 12 de junio de 2024 y el 2 de agosto de este a\u00f1o, en varios locales de un almac\u00e9n de cadena, ubicados en diferentes sectores de Medell\u00edn y Bello (Antioquia). En estos eventos, el procesado se <strong>habr\u00eda apoderado de una cuant\u00eda superior a los 12.800.000 pesos.<\/strong><\/p>\n<p data-ogsc=\"rgb(0, 0, 0)\">Se evidenci\u00f3 que el presunto asaltante ingresaba a los establecimientos comerciales y simulaba comprar alg\u00fan producto, luego, al parecer, al momento de pagar amenazaba con arma de fuego a los empleados y sustra\u00eda el dinero de la caja registradora.<\/p>\n<p data-ogsc=\"rgb(0, 0, 0)\">El procesado no acept\u00f3 los cargos imputados por el delito de hurto calificado.<\/p>\n<p aria-hidden=\"true\" data-ogsc=\"rgb(0, 0, 0)\">\n<p aria-hidden=\"true\" data-ogsc=\"rgb(0, 0, 0)\">\n<p aria-hidden=\"true\" data-ogsc=\"rgb(0, 0, 0)\">\n<p aria-hidden=\"true\" data-ogsc=\"rgb(0, 0, 0)\">\n<p data-ogsc=\"rgb(0, 0, 0)\">NAMT\/ORO\/DSM\/AMCJ\/<\/p>\n<p data-ogsc=\"rgb(0, 0, 0)\">\n<p data-ogsc=\"rgb(0, 0, 0)\">\n<p data-ogsc=\"rgb(0, 0, 0)\">\n<p data-ogsc=\"rgb(0, 0, 0)\">\n<div class=\"td-post-content tagdiv-type\">\n<p><em>La informaci\u00f3n contenida en este bolet\u00edn de prensa corresponde a la narraci\u00f3n de los hechos noticiosos objetivos, suministrados por los funcionarios encargados de adelantar las investigaciones penales al interior de la Fiscal\u00eda General de la Naci\u00f3n. Para el momento de la divulgaci\u00f3n de este comunicado, la situaci\u00f3n jur\u00eddica de la(s) persona(s) relacionada(s) se encuentra pendiente de resolver por la autoridad judicial competente, siempre bajo los preceptos de la presunci\u00f3n de inocencia, consagrados en el art\u00edculo 29 de la Constituci\u00f3n Pol\u00edtica y el art\u00edculo 7\u00ba de la Ley 906 de 2004.<\/em><\/p>\n<\/div>\n<footer>\n<div class=\"td-post-source-tags\"><\/div>\n<div class=\"td-post-sharing-bottom\"><\/div>\n<\/footer>\n\n<div class=\"twitter-share\"><a href=\"https:\/\/twitter.com\/intent\/tweet?via=fiscaliacol\" class=\"twitter-share-button\">Tweet<\/a><\/div>\n","protected":false},"excerpt":{"rendered":"<p>Por solicitud de la Fiscal\u00eda General de la Naci\u00f3n un juez de control de garant\u00edas le impuso medida de aseguramiento en centro carcelario a Juan Camilo\u00a0 Gonz\u00e1lez Molina, de 25 [&hellip;]<\/p>\n","protected":false},"author":177,"featured_media":0,"comment_status":"closed","ping_status":"open","sticky":false,"template":"","format":"standard","meta":{"tdm_status":"","tdm_grid_status":"","footnotes":""},"categories":[1,331,303],"tags":[27010,37492,1047,23960,23985],"class_list":["post-321494","post","type-post","status-publish","format-standard","category-noticias","category-seccional-medellin","category-seccionales","tag-comercio","tag-fiscal-luz-adriana-camargo","tag-fiscalia-general-de-la-nacion","tag-hurto","tag-medellin-antioquia"],"yoast_head":"<!-- This site is optimized with the Yoast SEO plugin v24.3 - https:\/\/yoast.com\/wordpress\/plugins\/seo\/ -->\n<title>Fiscal\u00eda General de la Naci\u00f3n<\/title>\n<meta name=\"description\" content=\"P\u00e1gina oficial de la Fiscal\u00eda General de la Naci\u00f3n \u2013 Colombia. Garantizamos el acceso efectivo a la justicia, la verdad y la reparaci\u00f3n de las v\u00edctimas de los delitos.\" \/>\n<meta name=\"robots\" content=\"noindex, follow\" \/>\n<meta property=\"og:locale\" content=\"es_ES\" \/>\n<meta property=\"og:type\" content=\"article\" \/>\n<meta property=\"og:title\" content=\"Fiscal\u00eda General de la Naci\u00f3n\" \/>\n<meta property=\"og:description\" content=\"P\u00e1gina oficial de la Fiscal\u00eda General de la Naci\u00f3n \u2013 Colombia. Garantizamos el acceso efectivo a la justicia, la verdad y la reparaci\u00f3n de las v\u00edctimas de los delitos.\" \/>\n<meta property=\"og:url\" content=\"https:\/\/www.fiscalia.gov.co\/colombia\/noticias\/asegurado-presunto-responsable-de-hurtar-en-varias-oportunidades-un-almacen-de-cadena-del-valle-de-aburra\/\" \/>\n<meta property=\"og:site_name\" content=\"Fiscal\u00eda General de la Naci\u00f3n\" \/>\n<meta property=\"article:publisher\" content=\"https:\/\/www.facebook.com\/FiscaliaCol\" \/>\n<meta property=\"article:published_time\" content=\"2025-08-13T16:33:48+00:00\" \/>\n<meta property=\"og:image\" content=\"https:\/\/www.fiscalia.gov.co\/colombia\/wp-content\/uploads\/Juan-Camilo-Gonzalez-Molina.jpg\" \/>\n\t<meta property=\"og:image:width\" content=\"1280\" \/>\n\t<meta property=\"og:image:height\" content=\"960\" \/>\n\t<meta property=\"og:image:type\" content=\"image\/jpeg\" \/>\n<meta name=\"author\" content=\"Jordan Leandro Oviedo Anzola\" \/>\n<meta name=\"twitter:card\" content=\"summary_large_image\" \/>\n<meta name=\"twitter:creator\" content=\"@FiscaliaCol\" \/>\n<meta name=\"twitter:site\" content=\"@FiscaliaCol\" \/>\n<meta name=\"twitter:label1\" content=\"Escrito por\" \/>\n\t<meta name=\"twitter:data1\" content=\"Jordan Leandro Oviedo Anzola\" \/>\n\t<meta name=\"twitter:label2\" content=\"Tiempo de lectura\" \/>\n\t<meta name=\"twitter:data2\" content=\"2 minutos\" \/>\n<script type=\"application\/ld+json\" class=\"yoast-schema-graph\">{\"@context\":\"https:\/\/schema.org\",\"@graph\":[{\"@type\":\"Article\",\"@id\":\"https:\/\/www.fiscalia.gov.co\/colombia\/noticias\/asegurado-presunto-responsable-de-hurtar-en-varias-oportunidades-un-almacen-de-cadena-del-valle-de-aburra\/#article\",\"isPartOf\":{\"@id\":\"https:\/\/www.fiscalia.gov.co\/colombia\/noticias\/asegurado-presunto-responsable-de-hurtar-en-varias-oportunidades-un-almacen-de-cadena-del-valle-de-aburra\/\"},\"author\":{\"name\":\"Jordan Leandro Oviedo Anzola\",\"@id\":\"https:\/\/www.fiscalia.gov.co\/colombia\/#\/schema\/person\/bf84402cf293a5393e9c70b111020b24\"},\"headline\":\"Asegurado presunto responsable de hurtar en varias oportunidades un almac\u00e9n de cadena del Valle de Aburr\u00e1\",\"datePublished\":\"2025-08-13T16:33:48+00:00\",\"dateModified\":\"2025-08-13T16:33:48+00:00\",\"mainEntityOfPage\":{\"@id\":\"https:\/\/www.fiscalia.gov.co\/colombia\/noticias\/asegurado-presunto-responsable-de-hurtar-en-varias-oportunidades-un-almacen-de-cadena-del-valle-de-aburra\/\"},\"wordCount\":323,\"publisher\":{\"@id\":\"https:\/\/www.fiscalia.gov.co\/colombia\/#organization\"},\"image\":{\"@id\":\"https:\/\/www.fiscalia.gov.co\/colombia\/noticias\/asegurado-presunto-responsable-de-hurtar-en-varias-oportunidades-un-almacen-de-cadena-del-valle-de-aburra\/#primaryimage\"},\"thumbnailUrl\":\"https:\/\/www.fiscalia.gov.co\/colombia\/wp-content\/uploads\/Juan-Camilo-Gonzalez-Molina-1024x768.jpg\",\"keywords\":[\"comercio\",\"Fiscal Luz Adriana Camargo\",\"Fiscal\u00eda General de la Naci\u00f3n\",\"Hurto\",\"Medell\u00edn (Antioquia)\"],\"articleSection\":[\"Noticias\",\"Seccional Medell\u00edn\",\"Seccionales\"],\"inLanguage\":\"es-CO\"},{\"@type\":\"WebPage\",\"@id\":\"https:\/\/www.fiscalia.gov.co\/colombia\/noticias\/asegurado-presunto-responsable-de-hurtar-en-varias-oportunidades-un-almacen-de-cadena-del-valle-de-aburra\/\",\"url\":\"https:\/\/www.fiscalia.gov.co\/colombia\/noticias\/asegurado-presunto-responsable-de-hurtar-en-varias-oportunidades-un-almacen-de-cadena-del-valle-de-aburra\/\",\"name\":\"Fiscal\u00eda General de la Naci\u00f3n\",\"isPartOf\":{\"@id\":\"https:\/\/www.fiscalia.gov.co\/colombia\/#website\"},\"primaryImageOfPage\":{\"@id\":\"https:\/\/www.fiscalia.gov.co\/colombia\/noticias\/asegurado-presunto-responsable-de-hurtar-en-varias-oportunidades-un-almacen-de-cadena-del-valle-de-aburra\/#primaryimage\"},\"image\":{\"@id\":\"https:\/\/www.fiscalia.gov.co\/colombia\/noticias\/asegurado-presunto-responsable-de-hurtar-en-varias-oportunidades-un-almacen-de-cadena-del-valle-de-aburra\/#primaryimage\"},\"thumbnailUrl\":\"https:\/\/www.fiscalia.gov.co\/colombia\/wp-content\/uploads\/Juan-Camilo-Gonzalez-Molina-1024x768.jpg\",\"datePublished\":\"2025-08-13T16:33:48+00:00\",\"dateModified\":\"2025-08-13T16:33:48+00:00\",\"description\":\"P\u00e1gina oficial de la Fiscal\u00eda General de la Naci\u00f3n \u2013 Colombia. Garantizamos el acceso efectivo a la justicia, la verdad y la reparaci\u00f3n de las v\u00edctimas de los delitos.\",\"breadcrumb\":{\"@id\":\"https:\/\/www.fiscalia.gov.co\/colombia\/noticias\/asegurado-presunto-responsable-de-hurtar-en-varias-oportunidades-un-almacen-de-cadena-del-valle-de-aburra\/#breadcrumb\"},\"inLanguage\":\"es-CO\",\"potentialAction\":[{\"@type\":\"ReadAction\",\"target\":[\"https:\/\/www.fiscalia.gov.co\/colombia\/noticias\/asegurado-presunto-responsable-de-hurtar-en-varias-oportunidades-un-almacen-de-cadena-del-valle-de-aburra\/\"]}]},{\"@type\":\"ImageObject\",\"inLanguage\":\"es-CO\",\"@id\":\"https:\/\/www.fiscalia.gov.co\/colombia\/noticias\/asegurado-presunto-responsable-de-hurtar-en-varias-oportunidades-un-almacen-de-cadena-del-valle-de-aburra\/#primaryimage\",\"url\":\"https:\/\/www.fiscalia.gov.co\/colombia\/wp-content\/uploads\/Juan-Camilo-Gonzalez-Molina.jpg\",\"contentUrl\":\"https:\/\/www.fiscalia.gov.co\/colombia\/wp-content\/uploads\/Juan-Camilo-Gonzalez-Molina.jpg\",\"width\":1280,\"height\":960,\"caption\":\"Presunto responsable de hurtar en 10 tiendas de un almac\u00e9n de cadena del Valle de Aburr\u00e1\"},{\"@type\":\"BreadcrumbList\",\"@id\":\"https:\/\/www.fiscalia.gov.co\/colombia\/noticias\/asegurado-presunto-responsable-de-hurtar-en-varias-oportunidades-un-almacen-de-cadena-del-valle-de-aburra\/#breadcrumb\",\"itemListElement\":[{\"@type\":\"ListItem\",\"position\":1,\"name\":\"Home\",\"item\":\"https:\/\/www.fiscalia.gov.co\/colombia\/\"},{\"@type\":\"ListItem\",\"position\":2,\"name\":\"Asegurado presunto responsable de hurtar en varias oportunidades un almac\u00e9n de cadena del Valle de Aburr\u00e1\"}]},{\"@type\":\"WebSite\",\"@id\":\"https:\/\/www.fiscalia.gov.co\/colombia\/#website\",\"url\":\"https:\/\/www.fiscalia.gov.co\/colombia\/\",\"name\":\"Fiscal\u00eda General de la Naci\u00f3n\",\"description\":\"P\u00e1gina oficial de la Fiscal\u00eda General de la Naci\u00f3n \u2013 Colombia. Garantizamos el acceso efectivo a la justicia, la verdad y la reparaci\u00f3n de las v\u00edctimas de los delitos.\",\"publisher\":{\"@id\":\"https:\/\/www.fiscalia.gov.co\/colombia\/#organization\"},\"potentialAction\":[{\"@type\":\"SearchAction\",\"target\":{\"@type\":\"EntryPoint\",\"urlTemplate\":\"https:\/\/www.fiscalia.gov.co\/colombia\/?s={search_term_string}\"},\"query-input\":{\"@type\":\"PropertyValueSpecification\",\"valueRequired\":true,\"valueName\":\"search_term_string\"}}],\"inLanguage\":\"es-CO\"},{\"@type\":\"Organization\",\"@id\":\"https:\/\/www.fiscalia.gov.co\/colombia\/#organization\",\"name\":\"Fiscal\u00eda General de la Naci\u00f3n\",\"url\":\"https:\/\/www.fiscalia.gov.co\/colombia\/\",\"logo\":{\"@type\":\"ImageObject\",\"inLanguage\":\"es-CO\",\"@id\":\"https:\/\/www.fiscalia.gov.co\/colombia\/#\/schema\/logo\/image\/\",\"url\":\"https:\/\/www.fiscalia.gov.co\/colombia\/wp-content\/uploads\/LogoHorizontal_1.jpg\",\"contentUrl\":\"https:\/\/www.fiscalia.gov.co\/colombia\/wp-content\/uploads\/LogoHorizontal_1.jpg\",\"width\":300,\"height\":90,\"caption\":\"Fiscal\u00eda General de la Naci\u00f3n\"},\"image\":{\"@id\":\"https:\/\/www.fiscalia.gov.co\/colombia\/#\/schema\/logo\/image\/\"},\"sameAs\":[\"https:\/\/www.facebook.com\/FiscaliaCol\",\"https:\/\/x.com\/FiscaliaCol\",\"https:\/\/www.instagram.com\/fiscaliacol\",\"https:\/\/www.linkedin.com\/company\/fiscalia-general-de-la-naci-n\/\",\"https:\/\/youtube.com\/@fiscaliageneraldelanacion-4668?si=6nN79nyQICPU5iTh\"]},{\"@type\":\"Person\",\"@id\":\"https:\/\/www.fiscalia.gov.co\/colombia\/#\/schema\/person\/bf84402cf293a5393e9c70b111020b24\",\"name\":\"Jordan Leandro Oviedo Anzola\",\"image\":{\"@type\":\"ImageObject\",\"inLanguage\":\"es-CO\",\"@id\":\"https:\/\/www.fiscalia.gov.co\/colombia\/#\/schema\/person\/image\/\",\"url\":\"https:\/\/secure.gravatar.com\/avatar\/dabba4346fa9b9207d96adafa8f92721?s=96&d=mm&r=g\",\"contentUrl\":\"https:\/\/secure.gravatar.com\/avatar\/dabba4346fa9b9207d96adafa8f92721?s=96&d=mm&r=g\",\"caption\":\"Jordan Leandro Oviedo Anzola\"},\"url\":\"https:\/\/www.fiscalia.gov.co\/colombia\/author\/joviedo\/\"}]}<\/script>\n<!-- \/ Yoast SEO plugin. -->","yoast_head_json":{"title":"Fiscal\u00eda General de la Naci\u00f3n","description":"P\u00e1gina oficial de la Fiscal\u00eda General de la Naci\u00f3n \u2013 Colombia. Garantizamos el acceso efectivo a la justicia, la verdad y la reparaci\u00f3n de las v\u00edctimas de los delitos.","robots":{"index":"noindex","follow":"follow"},"og_locale":"es_ES","og_type":"article","og_title":"Fiscal\u00eda General de la Naci\u00f3n","og_description":"P\u00e1gina oficial de la Fiscal\u00eda General de la Naci\u00f3n \u2013 Colombia. Garantizamos el acceso efectivo a la justicia, la verdad y la reparaci\u00f3n de las v\u00edctimas de los delitos.","og_url":"https:\/\/www.fiscalia.gov.co\/colombia\/noticias\/asegurado-presunto-responsable-de-hurtar-en-varias-oportunidades-un-almacen-de-cadena-del-valle-de-aburra\/","og_site_name":"Fiscal\u00eda General de la Naci\u00f3n","article_publisher":"https:\/\/www.facebook.com\/FiscaliaCol","article_published_time":"2025-08-13T16:33:48+00:00","og_image":[{"width":1280,"height":960,"url":"https:\/\/www.fiscalia.gov.co\/colombia\/wp-content\/uploads\/Juan-Camilo-Gonzalez-Molina.jpg","type":"image\/jpeg"}],"author":"Jordan Leandro Oviedo Anzola","twitter_card":"summary_large_image","twitter_creator":"@FiscaliaCol","twitter_site":"@FiscaliaCol","twitter_misc":{"Escrito por":"Jordan Leandro Oviedo Anzola","Tiempo de lectura":"2 minutos"},"schema":{"@context":"https:\/\/schema.org","@graph":[{"@type":"Article","@id":"https:\/\/www.fiscalia.gov.co\/colombia\/noticias\/asegurado-presunto-responsable-de-hurtar-en-varias-oportunidades-un-almacen-de-cadena-del-valle-de-aburra\/#article","isPartOf":{"@id":"https:\/\/www.fiscalia.gov.co\/colombia\/noticias\/asegurado-presunto-responsable-de-hurtar-en-varias-oportunidades-un-almacen-de-cadena-del-valle-de-aburra\/"},"author":{"name":"Jordan Leandro Oviedo Anzola","@id":"https:\/\/www.fiscalia.gov.co\/colombia\/#\/schema\/person\/bf84402cf293a5393e9c70b111020b24"},"headline":"Asegurado presunto responsable de hurtar en varias oportunidades un almac\u00e9n de cadena del Valle de Aburr\u00e1","datePublished":"2025-08-13T16:33:48+00:00","dateModified":"2025-08-13T16:33:48+00:00","mainEntityOfPage":{"@id":"https:\/\/www.fiscalia.gov.co\/colombia\/noticias\/asegurado-presunto-responsable-de-hurtar-en-varias-oportunidades-un-almacen-de-cadena-del-valle-de-aburra\/"},"wordCount":323,"publisher":{"@id":"https:\/\/www.fiscalia.gov.co\/colombia\/#organization"},"image":{"@id":"https:\/\/www.fiscalia.gov.co\/colombia\/noticias\/asegurado-presunto-responsable-de-hurtar-en-varias-oportunidades-un-almacen-de-cadena-del-valle-de-aburra\/#primaryimage"},"thumbnailUrl":"https:\/\/www.fiscalia.gov.co\/colombia\/wp-content\/uploads\/Juan-Camilo-Gonzalez-Molina-1024x768.jpg","keywords":["comercio","Fiscal Luz Adriana Camargo","Fiscal\u00eda General de la Naci\u00f3n","Hurto","Medell\u00edn (Antioquia)"],"articleSection":["Noticias","Seccional Medell\u00edn","Seccionales"],"inLanguage":"es-CO"},{"@type":"WebPage","@id":"https:\/\/www.fiscalia.gov.co\/colombia\/noticias\/asegurado-presunto-responsable-de-hurtar-en-varias-oportunidades-un-almacen-de-cadena-del-valle-de-aburra\/","url":"https:\/\/www.fiscalia.gov.co\/colombia\/noticias\/asegurado-presunto-responsable-de-hurtar-en-varias-oportunidades-un-almacen-de-cadena-del-valle-de-aburra\/","name":"Fiscal\u00eda General de la Naci\u00f3n","isPartOf":{"@id":"https:\/\/www.fiscalia.gov.co\/colombia\/#website"},"primaryImageOfPage":{"@id":"https:\/\/www.fiscalia.gov.co\/colombia\/noticias\/asegurado-presunto-responsable-de-hurtar-en-varias-oportunidades-un-almacen-de-cadena-del-valle-de-aburra\/#primaryimage"},"image":{"@id":"https:\/\/www.fiscalia.gov.co\/colombia\/noticias\/asegurado-presunto-responsable-de-hurtar-en-varias-oportunidades-un-almacen-de-cadena-del-valle-de-aburra\/#primaryimage"},"thumbnailUrl":"https:\/\/www.fiscalia.gov.co\/colombia\/wp-content\/uploads\/Juan-Camilo-Gonzalez-Molina-1024x768.jpg","datePublished":"2025-08-13T16:33:48+00:00","dateModified":"2025-08-13T16:33:48+00:00","description":"P\u00e1gina oficial de la Fiscal\u00eda General de la Naci\u00f3n \u2013 Colombia. Garantizamos el acceso efectivo a la justicia, la verdad y la reparaci\u00f3n de las v\u00edctimas de los delitos.","breadcrumb":{"@id":"https:\/\/www.fiscalia.gov.co\/colombia\/noticias\/asegurado-presunto-responsable-de-hurtar-en-varias-oportunidades-un-almacen-de-cadena-del-valle-de-aburra\/#breadcrumb"},"inLanguage":"es-CO","potentialAction":[{"@type":"ReadAction","target":["https:\/\/www.fiscalia.gov.co\/colombia\/noticias\/asegurado-presunto-responsable-de-hurtar-en-varias-oportunidades-un-almacen-de-cadena-del-valle-de-aburra\/"]}]},{"@type":"ImageObject","inLanguage":"es-CO","@id":"https:\/\/www.fiscalia.gov.co\/colombia\/noticias\/asegurado-presunto-responsable-de-hurtar-en-varias-oportunidades-un-almacen-de-cadena-del-valle-de-aburra\/#primaryimage","url":"https:\/\/www.fiscalia.gov.co\/colombia\/wp-content\/uploads\/Juan-Camilo-Gonzalez-Molina.jpg","contentUrl":"https:\/\/www.fiscalia.gov.co\/colombia\/wp-content\/uploads\/Juan-Camilo-Gonzalez-Molina.jpg","width":1280,"height":960,"caption":"Presunto responsable de hurtar en 10 tiendas de un almac\u00e9n de cadena del Valle de Aburr\u00e1"},{"@type":"BreadcrumbList","@id":"https:\/\/www.fiscalia.gov.co\/colombia\/noticias\/asegurado-presunto-responsable-de-hurtar-en-varias-oportunidades-un-almacen-de-cadena-del-valle-de-aburra\/#breadcrumb","itemListElement":[{"@type":"ListItem","position":1,"name":"Home","item":"https:\/\/www.fiscalia.gov.co\/colombia\/"},{"@type":"ListItem","position":2,"name":"Asegurado presunto responsable de hurtar en varias oportunidades un almac\u00e9n de cadena del Valle de Aburr\u00e1"}]},{"@type":"WebSite","@id":"https:\/\/www.fiscalia.gov.co\/colombia\/#website","url":"https:\/\/www.fiscalia.gov.co\/colombia\/","name":"Fiscal\u00eda General de la Naci\u00f3n","description":"P\u00e1gina oficial de la Fiscal\u00eda General de la Naci\u00f3n \u2013 Colombia. Garantizamos el acceso efectivo a la justicia, la verdad y la reparaci\u00f3n de las v\u00edctimas de los delitos.","publisher":{"@id":"https:\/\/www.fiscalia.gov.co\/colombia\/#organization"},"potentialAction":[{"@type":"SearchAction","target":{"@type":"EntryPoint","urlTemplate":"https:\/\/www.fiscalia.gov.co\/colombia\/?s={search_term_string}"},"query-input":{"@type":"PropertyValueSpecification","valueRequired":true,"valueName":"search_term_string"}}],"inLanguage":"es-CO"},{"@type":"Organization","@id":"https:\/\/www.fiscalia.gov.co\/colombia\/#organization","name":"Fiscal\u00eda General de la Naci\u00f3n","url":"https:\/\/www.fiscalia.gov.co\/colombia\/","logo":{"@type":"ImageObject","inLanguage":"es-CO","@id":"https:\/\/www.fiscalia.gov.co\/colombia\/#\/schema\/logo\/image\/","url":"https:\/\/www.fiscalia.gov.co\/colombia\/wp-content\/uploads\/LogoHorizontal_1.jpg","contentUrl":"https:\/\/www.fiscalia.gov.co\/colombia\/wp-content\/uploads\/LogoHorizontal_1.jpg","width":300,"height":90,"caption":"Fiscal\u00eda General de la Naci\u00f3n"},"image":{"@id":"https:\/\/www.fiscalia.gov.co\/colombia\/#\/schema\/logo\/image\/"},"sameAs":["https:\/\/www.facebook.com\/FiscaliaCol","https:\/\/x.com\/FiscaliaCol","https:\/\/www.instagram.com\/fiscaliacol","https:\/\/www.linkedin.com\/company\/fiscalia-general-de-la-naci-n\/","https:\/\/youtube.com\/@fiscaliageneraldelanacion-4668?si=6nN79nyQICPU5iTh"]},{"@type":"Person","@id":"https:\/\/www.fiscalia.gov.co\/colombia\/#\/schema\/person\/bf84402cf293a5393e9c70b111020b24","name":"Jordan Leandro Oviedo Anzola","image":{"@type":"ImageObject","inLanguage":"es-CO","@id":"https:\/\/www.fiscalia.gov.co\/colombia\/#\/schema\/person\/image\/","url":"https:\/\/secure.gravatar.com\/avatar\/dabba4346fa9b9207d96adafa8f92721?s=96&d=mm&r=g","contentUrl":"https:\/\/secure.gravatar.com\/avatar\/dabba4346fa9b9207d96adafa8f92721?s=96&d=mm&r=g","caption":"Jordan Leandro Oviedo Anzola"},"url":"https:\/\/www.fiscalia.gov.co\/colombia\/author\/joviedo\/"}]}},"_links":{"self":[{"href":"https:\/\/www.fiscalia.gov.co\/colombia\/wp-json\/wp\/v2\/posts\/321494","targetHints":{"allow":["GET"]}}],"collection":[{"href":"https:\/\/www.fiscalia.gov.co\/colombia\/wp-json\/wp\/v2\/posts"}],"about":[{"href":"https:\/\/www.fiscalia.gov.co\/colombia\/wp-json\/wp\/v2\/types\/post"}],"author":[{"embeddable":true,"href":"https:\/\/www.fiscalia.gov.co\/colombia\/wp-json\/wp\/v2\/users\/177"}],"replies":[{"embeddable":true,"href":"https:\/\/www.fiscalia.gov.co\/colombia\/wp-json\/wp\/v2\/comments?post=321494"}],"version-history":[{"count":1,"href":"https:\/\/www.fiscalia.gov.co\/colombia\/wp-json\/wp\/v2\/posts\/321494\/revisions"}],"predecessor-version":[{"id":321496,"href":"https:\/\/www.fiscalia.gov.co\/colombia\/wp-json\/wp\/v2\/posts\/321494\/revisions\/321496"}],"wp:attachment":[{"href":"https:\/\/www.fiscalia.gov.co\/colombia\/wp-json\/wp\/v2\/media?parent=321494"}],"wp:term":[{"taxonomy":"category","embeddable":true,"href":"https:\/\/www.fiscalia.gov.co\/colombia\/wp-json\/wp\/v2\/categories?post=321494"},{"taxonomy":"post_tag","embeddable":true,"href":"https:\/\/www.fiscalia.gov.co\/colombia\/wp-json\/wp\/v2\/tags?post=321494"}],"curies":[{"name":"wp","href":"https:\/\/api.w.org\/{rel}","templated":true}]}}