{"id":321421,"date":"2025-08-12T16:13:21","date_gmt":"2025-08-12T21:13:21","guid":{"rendered":"https:\/\/www.fiscalia.gov.co\/colombia\/?p=321421"},"modified":"2025-08-12T16:13:21","modified_gmt":"2025-08-12T21:13:21","slug":"en-valledupar-cesar-la-fiscalia-abre-la-primera-sala-de-mediacion-policial","status":"publish","type":"post","link":"https:\/\/www.fiscalia.gov.co\/colombia\/noticias\/en-valledupar-cesar-la-fiscalia-abre-la-primera-sala-de-mediacion-policial\/","title":{"rendered":"En Valledupar (Cesar), la Fiscal\u00eda abre la primera Sala de Mediaci\u00f3n Policial"},"content":{"rendered":"<p>El trabajo articulado entre la Fiscal\u00eda General de la Naci\u00f3n, la Polic\u00eda Nacional y la Alcald\u00eda de Valledupar, permiti\u00f3 la puesta en funcionamiento de <strong>la primera Sala de Mediaci\u00f3n Policial en la ciudad.\u00a0<\/strong><\/p>\n<figure id=\"attachment_321422\" aria-describedby=\"caption-attachment-321422\" style=\"width: 696px\" class=\"wp-caption aligncenter\"><img loading=\"lazy\" decoding=\"async\" class=\"size-large wp-image-321422\" src=\"https:\/\/www.fiscalia.gov.co\/colombia\/wp-content\/uploads\/La-Sala-de-Mediacion-Policial-esta-ubicada-enm-la-sede-de-la-Unidad-de-Reaccion-Inmediata-URI-de-Valledupar-Cesar-1024x545.jpg\" alt=\"En la fotografia se pueden observar 6 funcionarios de la Fiscal\u00eda y tres agentes de policia, de pie en frente de pendones institucionales, inugurando  la primera Sala de Mediaci\u00f3n Policial en la ciudad.\u00a0\" width=\"696\" height=\"370\" srcset=\"https:\/\/www.fiscalia.gov.co\/colombia\/wp-content\/uploads\/La-Sala-de-Mediacion-Policial-esta-ubicada-enm-la-sede-de-la-Unidad-de-Reaccion-Inmediata-URI-de-Valledupar-Cesar-1024x545.jpg 1024w, https:\/\/www.fiscalia.gov.co\/colombia\/wp-content\/uploads\/La-Sala-de-Mediacion-Policial-esta-ubicada-enm-la-sede-de-la-Unidad-de-Reaccion-Inmediata-URI-de-Valledupar-Cesar-300x160.jpg 300w, https:\/\/www.fiscalia.gov.co\/colombia\/wp-content\/uploads\/La-Sala-de-Mediacion-Policial-esta-ubicada-enm-la-sede-de-la-Unidad-de-Reaccion-Inmediata-URI-de-Valledupar-Cesar-768x409.jpg 768w, https:\/\/www.fiscalia.gov.co\/colombia\/wp-content\/uploads\/La-Sala-de-Mediacion-Policial-esta-ubicada-enm-la-sede-de-la-Unidad-de-Reaccion-Inmediata-URI-de-Valledupar-Cesar-789x420.jpg 789w, https:\/\/www.fiscalia.gov.co\/colombia\/wp-content\/uploads\/La-Sala-de-Mediacion-Policial-esta-ubicada-enm-la-sede-de-la-Unidad-de-Reaccion-Inmediata-URI-de-Valledupar-Cesar-696x370.jpg 696w, https:\/\/www.fiscalia.gov.co\/colombia\/wp-content\/uploads\/La-Sala-de-Mediacion-Policial-esta-ubicada-enm-la-sede-de-la-Unidad-de-Reaccion-Inmediata-URI-de-Valledupar-Cesar-1068x568.jpg 1068w, https:\/\/www.fiscalia.gov.co\/colombia\/wp-content\/uploads\/La-Sala-de-Mediacion-Policial-esta-ubicada-enm-la-sede-de-la-Unidad-de-Reaccion-Inmediata-URI-de-Valledupar-Cesar.jpg 1280w\" sizes=\"auto, (max-width: 696px) 100vw, 696px\" \/><figcaption id=\"caption-attachment-321422\" class=\"wp-caption-text\">La Sala de Mediaci\u00f3n Policial est\u00e1 ubicada en la sede de la Unidad de Reacci\u00f3n Inmediata (URI) de Valledupar (Cesar).<\/figcaption><\/figure>\n<p>Este espacio tiene como objetivo ofrecer a los ciudadanos un escenario para gestionar de <strong>manera pac\u00edfica los conflictos que afecten la convivencia ciudadana.<\/strong><\/p>\n<p>Con la creaci\u00f3n de esta sala se busca evitar la congesti\u00f3n de los procesos judiciales y adem\u00e1s <strong>crear conciencia frente a la efectividad del di\u00e1logo y la concertaci\u00f3n.<\/strong><\/p>\n<p>La sala est\u00e1 ubicada en la Unidad de Reacci\u00f3n Inmediata (URI) de Valledupar y su apertura permite<strong> el mejoramiento al acceso a mecanismos alternativos para la soluci\u00f3n de conflictos ciudadanos,<\/strong> incidentes en espacios p\u00fablicos, lesiones personales, da\u00f1o en bien ajeno, abuso de confianza, entre otros.<\/p>\n<p>Mediante la implementaci\u00f3n de acuerdos voluntarios, que contar\u00e1n con la orientaci\u00f3n de un mediador policial, los habitantes de la ciudad podr\u00e1n resolver sus conflictos.<\/p>\n<div class=\"td-post-content tagdiv-type\">\n<p>Los horarios de servicio son de lunes a viernes de 8:00 a.m. a 12:00 p.m. y de 2:00 p.m. a 6:00 p.m.; y los fines de semana de 7:30 a.m. a 1:00 p.m. y de 2:00 p.m. a 7:00 p.m.<\/p>\n<p>&nbsp;<\/p>\n<p>&nbsp;<\/p>\n<p>&nbsp;<\/p>\n<p>&nbsp;<\/p>\n<p>&nbsp;<\/p>\n<p>EDH\/LMFO\/AMCJ\/RCV\/DSC<\/p>\n<p>&nbsp;<\/p>\n<p>&nbsp;<\/p>\n<p>&nbsp;<\/p>\n<p>&nbsp;<\/p>\n<p>&nbsp;<\/p>\n<p><em>La informaci\u00f3n contenida en este bolet\u00edn de prensa corresponde a la narraci\u00f3n de los hechos noticiosos objetivos, suministrados por los funcionarios encargados de adelantar las investigaciones penales al interior de la Fiscal\u00eda General de la Naci\u00f3n. Para el momento de la divulgaci\u00f3n de este comunicado, la situaci\u00f3n jur\u00eddica de la(s) persona(s) relacionada(s) se encuentra pendiente de resolver por la autoridad judicial competente, siempre bajo los preceptos de la presunci\u00f3n de inocencia, consagrados en el art\u00edculo 29 de la Constituci\u00f3n Pol\u00edtica y el art\u00edculo 7\u00ba de la Ley 906 de 2004.<\/em><\/p>\n<\/div>\n<footer>\n<div class=\"td-post-source-tags\"><\/div>\n<div class=\"td-post-sharing-bottom\"><\/div>\n<\/footer>\n\n<div class=\"twitter-share\"><a href=\"https:\/\/twitter.com\/intent\/tweet?via=fiscaliacol\" class=\"twitter-share-button\">Tweet<\/a><\/div>\n","protected":false},"excerpt":{"rendered":"<p>El trabajo articulado entre la Fiscal\u00eda General de la Naci\u00f3n, la Polic\u00eda Nacional y la Alcald\u00eda de Valledupar, permiti\u00f3 la puesta en funcionamiento de la primera Sala de Mediaci\u00f3n Policial [&hellip;]<\/p>\n","protected":false},"author":177,"featured_media":0,"comment_status":"closed","ping_status":"open","sticky":false,"template":"","format":"standard","meta":{"tdm_status":"","tdm_grid_status":"","footnotes":""},"categories":[1,342,303],"tags":[2666,42238,34523,37492,1047,23972,42237,39392,24965],"class_list":["post-321421","post","type-post","status-publish","format-standard","category-noticias","category-seccional-valledupar","category-seccionales","tag-alcaldia","tag-concertacion","tag-dialogo","tag-fiscal-luz-adriana-camargo","tag-fiscalia-general-de-la-nacion","tag-policia","tag-sala-de-mediacion-policial","tag-solucion-de-conflictos","tag-valledupar-cesar"],"yoast_head":"<!-- This site is optimized with the Yoast SEO plugin v24.3 - https:\/\/yoast.com\/wordpress\/plugins\/seo\/ -->\n<title>Fiscal\u00eda General de la Naci\u00f3n<\/title>\n<meta name=\"description\" content=\"P\u00e1gina oficial de la Fiscal\u00eda General de la Naci\u00f3n \u2013 Colombia. Garantizamos el acceso efectivo a la justicia, la verdad y la reparaci\u00f3n de las v\u00edctimas de los delitos.\" \/>\n<meta name=\"robots\" content=\"noindex, follow\" \/>\n<meta property=\"og:locale\" content=\"es_ES\" \/>\n<meta property=\"og:type\" content=\"article\" \/>\n<meta property=\"og:title\" content=\"Fiscal\u00eda General de la Naci\u00f3n\" \/>\n<meta property=\"og:description\" content=\"P\u00e1gina oficial de la Fiscal\u00eda General de la Naci\u00f3n \u2013 Colombia. Garantizamos el acceso efectivo a la justicia, la verdad y la reparaci\u00f3n de las v\u00edctimas de los delitos.\" \/>\n<meta property=\"og:url\" content=\"https:\/\/www.fiscalia.gov.co\/colombia\/noticias\/en-valledupar-cesar-la-fiscalia-abre-la-primera-sala-de-mediacion-policial\/\" \/>\n<meta property=\"og:site_name\" content=\"Fiscal\u00eda General de la Naci\u00f3n\" \/>\n<meta property=\"article:publisher\" content=\"https:\/\/www.facebook.com\/FiscaliaCol\" \/>\n<meta property=\"article:published_time\" content=\"2025-08-12T21:13:21+00:00\" \/>\n<meta property=\"og:image\" content=\"https:\/\/www.fiscalia.gov.co\/colombia\/wp-content\/uploads\/La-Sala-de-Mediacion-Policial-esta-ubicada-enm-la-sede-de-la-Unidad-de-Reaccion-Inmediata-URI-de-Valledupar-Cesar.jpg\" \/>\n\t<meta property=\"og:image:width\" content=\"1280\" \/>\n\t<meta property=\"og:image:height\" content=\"681\" \/>\n\t<meta property=\"og:image:type\" content=\"image\/jpeg\" \/>\n<meta name=\"author\" content=\"Jordan Leandro Oviedo Anzola\" \/>\n<meta name=\"twitter:card\" content=\"summary_large_image\" \/>\n<meta name=\"twitter:creator\" content=\"@FiscaliaCol\" \/>\n<meta name=\"twitter:site\" content=\"@FiscaliaCol\" \/>\n<meta name=\"twitter:label1\" content=\"Escrito por\" \/>\n\t<meta name=\"twitter:data1\" content=\"Jordan Leandro Oviedo Anzola\" \/>\n\t<meta name=\"twitter:label2\" content=\"Tiempo de lectura\" \/>\n\t<meta name=\"twitter:data2\" content=\"2 minutos\" \/>\n<script type=\"application\/ld+json\" class=\"yoast-schema-graph\">{\"@context\":\"https:\/\/schema.org\",\"@graph\":[{\"@type\":\"Article\",\"@id\":\"https:\/\/www.fiscalia.gov.co\/colombia\/noticias\/en-valledupar-cesar-la-fiscalia-abre-la-primera-sala-de-mediacion-policial\/#article\",\"isPartOf\":{\"@id\":\"https:\/\/www.fiscalia.gov.co\/colombia\/noticias\/en-valledupar-cesar-la-fiscalia-abre-la-primera-sala-de-mediacion-policial\/\"},\"author\":{\"name\":\"Jordan Leandro Oviedo Anzola\",\"@id\":\"https:\/\/www.fiscalia.gov.co\/colombia\/#\/schema\/person\/bf84402cf293a5393e9c70b111020b24\"},\"headline\":\"En Valledupar (Cesar), la Fiscal\u00eda abre la primera Sala de Mediaci\u00f3n Policial\",\"datePublished\":\"2025-08-12T21:13:21+00:00\",\"dateModified\":\"2025-08-12T21:13:21+00:00\",\"mainEntityOfPage\":{\"@id\":\"https:\/\/www.fiscalia.gov.co\/colombia\/noticias\/en-valledupar-cesar-la-fiscalia-abre-la-primera-sala-de-mediacion-policial\/\"},\"wordCount\":372,\"publisher\":{\"@id\":\"https:\/\/www.fiscalia.gov.co\/colombia\/#organization\"},\"image\":{\"@id\":\"https:\/\/www.fiscalia.gov.co\/colombia\/noticias\/en-valledupar-cesar-la-fiscalia-abre-la-primera-sala-de-mediacion-policial\/#primaryimage\"},\"thumbnailUrl\":\"https:\/\/www.fiscalia.gov.co\/colombia\/wp-content\/uploads\/La-Sala-de-Mediacion-Policial-esta-ubicada-enm-la-sede-de-la-Unidad-de-Reaccion-Inmediata-URI-de-Valledupar-Cesar-1024x545.jpg\",\"keywords\":[\"Alcald\u00eda\",\"concertaci\u00f3n\",\"dialogo\",\"Fiscal Luz Adriana Camargo\",\"Fiscal\u00eda General de la Naci\u00f3n\",\"Polic\u00eda\",\"sala de mediaci\u00f3n policial\",\"soluci\u00f3n de conflictos\",\"Valledupar (Cesar)\"],\"articleSection\":[\"Noticias\",\"Seccional Valledupar\",\"Seccionales\"],\"inLanguage\":\"es-CO\"},{\"@type\":\"WebPage\",\"@id\":\"https:\/\/www.fiscalia.gov.co\/colombia\/noticias\/en-valledupar-cesar-la-fiscalia-abre-la-primera-sala-de-mediacion-policial\/\",\"url\":\"https:\/\/www.fiscalia.gov.co\/colombia\/noticias\/en-valledupar-cesar-la-fiscalia-abre-la-primera-sala-de-mediacion-policial\/\",\"name\":\"Fiscal\u00eda General de la Naci\u00f3n\",\"isPartOf\":{\"@id\":\"https:\/\/www.fiscalia.gov.co\/colombia\/#website\"},\"primaryImageOfPage\":{\"@id\":\"https:\/\/www.fiscalia.gov.co\/colombia\/noticias\/en-valledupar-cesar-la-fiscalia-abre-la-primera-sala-de-mediacion-policial\/#primaryimage\"},\"image\":{\"@id\":\"https:\/\/www.fiscalia.gov.co\/colombia\/noticias\/en-valledupar-cesar-la-fiscalia-abre-la-primera-sala-de-mediacion-policial\/#primaryimage\"},\"thumbnailUrl\":\"https:\/\/www.fiscalia.gov.co\/colombia\/wp-content\/uploads\/La-Sala-de-Mediacion-Policial-esta-ubicada-enm-la-sede-de-la-Unidad-de-Reaccion-Inmediata-URI-de-Valledupar-Cesar-1024x545.jpg\",\"datePublished\":\"2025-08-12T21:13:21+00:00\",\"dateModified\":\"2025-08-12T21:13:21+00:00\",\"description\":\"P\u00e1gina oficial de la Fiscal\u00eda General de la Naci\u00f3n \u2013 Colombia. Garantizamos el acceso efectivo a la justicia, la verdad y la reparaci\u00f3n de las v\u00edctimas de los delitos.\",\"breadcrumb\":{\"@id\":\"https:\/\/www.fiscalia.gov.co\/colombia\/noticias\/en-valledupar-cesar-la-fiscalia-abre-la-primera-sala-de-mediacion-policial\/#breadcrumb\"},\"inLanguage\":\"es-CO\",\"potentialAction\":[{\"@type\":\"ReadAction\",\"target\":[\"https:\/\/www.fiscalia.gov.co\/colombia\/noticias\/en-valledupar-cesar-la-fiscalia-abre-la-primera-sala-de-mediacion-policial\/\"]}]},{\"@type\":\"ImageObject\",\"inLanguage\":\"es-CO\",\"@id\":\"https:\/\/www.fiscalia.gov.co\/colombia\/noticias\/en-valledupar-cesar-la-fiscalia-abre-la-primera-sala-de-mediacion-policial\/#primaryimage\",\"url\":\"https:\/\/www.fiscalia.gov.co\/colombia\/wp-content\/uploads\/La-Sala-de-Mediacion-Policial-esta-ubicada-enm-la-sede-de-la-Unidad-de-Reaccion-Inmediata-URI-de-Valledupar-Cesar.jpg\",\"contentUrl\":\"https:\/\/www.fiscalia.gov.co\/colombia\/wp-content\/uploads\/La-Sala-de-Mediacion-Policial-esta-ubicada-enm-la-sede-de-la-Unidad-de-Reaccion-Inmediata-URI-de-Valledupar-Cesar.jpg\",\"width\":1280,\"height\":681,\"caption\":\"La Sala de Mediaci\u00f3n Policial est\u00e1 ubicada en la sede de la Unidad de Reacci\u00f3n Inmediata (URI) de Valledupar (Cesar).\u00a0\u00a0\"},{\"@type\":\"BreadcrumbList\",\"@id\":\"https:\/\/www.fiscalia.gov.co\/colombia\/noticias\/en-valledupar-cesar-la-fiscalia-abre-la-primera-sala-de-mediacion-policial\/#breadcrumb\",\"itemListElement\":[{\"@type\":\"ListItem\",\"position\":1,\"name\":\"Home\",\"item\":\"https:\/\/www.fiscalia.gov.co\/colombia\/\"},{\"@type\":\"ListItem\",\"position\":2,\"name\":\"En Valledupar (Cesar), la Fiscal\u00eda abre la primera Sala de Mediaci\u00f3n Policial\"}]},{\"@type\":\"WebSite\",\"@id\":\"https:\/\/www.fiscalia.gov.co\/colombia\/#website\",\"url\":\"https:\/\/www.fiscalia.gov.co\/colombia\/\",\"name\":\"Fiscal\u00eda General de la Naci\u00f3n\",\"description\":\"P\u00e1gina oficial de la Fiscal\u00eda General de la Naci\u00f3n \u2013 Colombia. Garantizamos el acceso efectivo a la justicia, la verdad y la reparaci\u00f3n de las v\u00edctimas de los delitos.\",\"publisher\":{\"@id\":\"https:\/\/www.fiscalia.gov.co\/colombia\/#organization\"},\"potentialAction\":[{\"@type\":\"SearchAction\",\"target\":{\"@type\":\"EntryPoint\",\"urlTemplate\":\"https:\/\/www.fiscalia.gov.co\/colombia\/?s={search_term_string}\"},\"query-input\":{\"@type\":\"PropertyValueSpecification\",\"valueRequired\":true,\"valueName\":\"search_term_string\"}}],\"inLanguage\":\"es-CO\"},{\"@type\":\"Organization\",\"@id\":\"https:\/\/www.fiscalia.gov.co\/colombia\/#organization\",\"name\":\"Fiscal\u00eda General de la Naci\u00f3n\",\"url\":\"https:\/\/www.fiscalia.gov.co\/colombia\/\",\"logo\":{\"@type\":\"ImageObject\",\"inLanguage\":\"es-CO\",\"@id\":\"https:\/\/www.fiscalia.gov.co\/colombia\/#\/schema\/logo\/image\/\",\"url\":\"https:\/\/www.fiscalia.gov.co\/colombia\/wp-content\/uploads\/LogoHorizontal_1.jpg\",\"contentUrl\":\"https:\/\/www.fiscalia.gov.co\/colombia\/wp-content\/uploads\/LogoHorizontal_1.jpg\",\"width\":300,\"height\":90,\"caption\":\"Fiscal\u00eda General de la Naci\u00f3n\"},\"image\":{\"@id\":\"https:\/\/www.fiscalia.gov.co\/colombia\/#\/schema\/logo\/image\/\"},\"sameAs\":[\"https:\/\/www.facebook.com\/FiscaliaCol\",\"https:\/\/x.com\/FiscaliaCol\",\"https:\/\/www.instagram.com\/fiscaliacol\",\"https:\/\/www.linkedin.com\/company\/fiscalia-general-de-la-naci-n\/\",\"https:\/\/youtube.com\/@fiscaliageneraldelanacion-4668?si=6nN79nyQICPU5iTh\"]},{\"@type\":\"Person\",\"@id\":\"https:\/\/www.fiscalia.gov.co\/colombia\/#\/schema\/person\/bf84402cf293a5393e9c70b111020b24\",\"name\":\"Jordan Leandro Oviedo Anzola\",\"image\":{\"@type\":\"ImageObject\",\"inLanguage\":\"es-CO\",\"@id\":\"https:\/\/www.fiscalia.gov.co\/colombia\/#\/schema\/person\/image\/\",\"url\":\"https:\/\/secure.gravatar.com\/avatar\/dabba4346fa9b9207d96adafa8f92721?s=96&d=mm&r=g\",\"contentUrl\":\"https:\/\/secure.gravatar.com\/avatar\/dabba4346fa9b9207d96adafa8f92721?s=96&d=mm&r=g\",\"caption\":\"Jordan Leandro Oviedo Anzola\"},\"url\":\"https:\/\/www.fiscalia.gov.co\/colombia\/author\/joviedo\/\"}]}<\/script>\n<!-- \/ Yoast SEO plugin. -->","yoast_head_json":{"title":"Fiscal\u00eda General de la Naci\u00f3n","description":"P\u00e1gina oficial de la Fiscal\u00eda General de la Naci\u00f3n \u2013 Colombia. Garantizamos el acceso efectivo a la justicia, la verdad y la reparaci\u00f3n de las v\u00edctimas de los delitos.","robots":{"index":"noindex","follow":"follow"},"og_locale":"es_ES","og_type":"article","og_title":"Fiscal\u00eda General de la Naci\u00f3n","og_description":"P\u00e1gina oficial de la Fiscal\u00eda General de la Naci\u00f3n \u2013 Colombia. Garantizamos el acceso efectivo a la justicia, la verdad y la reparaci\u00f3n de las v\u00edctimas de los delitos.","og_url":"https:\/\/www.fiscalia.gov.co\/colombia\/noticias\/en-valledupar-cesar-la-fiscalia-abre-la-primera-sala-de-mediacion-policial\/","og_site_name":"Fiscal\u00eda General de la Naci\u00f3n","article_publisher":"https:\/\/www.facebook.com\/FiscaliaCol","article_published_time":"2025-08-12T21:13:21+00:00","og_image":[{"width":1280,"height":681,"url":"https:\/\/www.fiscalia.gov.co\/colombia\/wp-content\/uploads\/La-Sala-de-Mediacion-Policial-esta-ubicada-enm-la-sede-de-la-Unidad-de-Reaccion-Inmediata-URI-de-Valledupar-Cesar.jpg","type":"image\/jpeg"}],"author":"Jordan Leandro Oviedo Anzola","twitter_card":"summary_large_image","twitter_creator":"@FiscaliaCol","twitter_site":"@FiscaliaCol","twitter_misc":{"Escrito por":"Jordan Leandro Oviedo Anzola","Tiempo de lectura":"2 minutos"},"schema":{"@context":"https:\/\/schema.org","@graph":[{"@type":"Article","@id":"https:\/\/www.fiscalia.gov.co\/colombia\/noticias\/en-valledupar-cesar-la-fiscalia-abre-la-primera-sala-de-mediacion-policial\/#article","isPartOf":{"@id":"https:\/\/www.fiscalia.gov.co\/colombia\/noticias\/en-valledupar-cesar-la-fiscalia-abre-la-primera-sala-de-mediacion-policial\/"},"author":{"name":"Jordan Leandro Oviedo Anzola","@id":"https:\/\/www.fiscalia.gov.co\/colombia\/#\/schema\/person\/bf84402cf293a5393e9c70b111020b24"},"headline":"En Valledupar (Cesar), la Fiscal\u00eda abre la primera Sala de Mediaci\u00f3n Policial","datePublished":"2025-08-12T21:13:21+00:00","dateModified":"2025-08-12T21:13:21+00:00","mainEntityOfPage":{"@id":"https:\/\/www.fiscalia.gov.co\/colombia\/noticias\/en-valledupar-cesar-la-fiscalia-abre-la-primera-sala-de-mediacion-policial\/"},"wordCount":372,"publisher":{"@id":"https:\/\/www.fiscalia.gov.co\/colombia\/#organization"},"image":{"@id":"https:\/\/www.fiscalia.gov.co\/colombia\/noticias\/en-valledupar-cesar-la-fiscalia-abre-la-primera-sala-de-mediacion-policial\/#primaryimage"},"thumbnailUrl":"https:\/\/www.fiscalia.gov.co\/colombia\/wp-content\/uploads\/La-Sala-de-Mediacion-Policial-esta-ubicada-enm-la-sede-de-la-Unidad-de-Reaccion-Inmediata-URI-de-Valledupar-Cesar-1024x545.jpg","keywords":["Alcald\u00eda","concertaci\u00f3n","dialogo","Fiscal Luz Adriana Camargo","Fiscal\u00eda General de la Naci\u00f3n","Polic\u00eda","sala de mediaci\u00f3n policial","soluci\u00f3n de conflictos","Valledupar (Cesar)"],"articleSection":["Noticias","Seccional Valledupar","Seccionales"],"inLanguage":"es-CO"},{"@type":"WebPage","@id":"https:\/\/www.fiscalia.gov.co\/colombia\/noticias\/en-valledupar-cesar-la-fiscalia-abre-la-primera-sala-de-mediacion-policial\/","url":"https:\/\/www.fiscalia.gov.co\/colombia\/noticias\/en-valledupar-cesar-la-fiscalia-abre-la-primera-sala-de-mediacion-policial\/","name":"Fiscal\u00eda General de la Naci\u00f3n","isPartOf":{"@id":"https:\/\/www.fiscalia.gov.co\/colombia\/#website"},"primaryImageOfPage":{"@id":"https:\/\/www.fiscalia.gov.co\/colombia\/noticias\/en-valledupar-cesar-la-fiscalia-abre-la-primera-sala-de-mediacion-policial\/#primaryimage"},"image":{"@id":"https:\/\/www.fiscalia.gov.co\/colombia\/noticias\/en-valledupar-cesar-la-fiscalia-abre-la-primera-sala-de-mediacion-policial\/#primaryimage"},"thumbnailUrl":"https:\/\/www.fiscalia.gov.co\/colombia\/wp-content\/uploads\/La-Sala-de-Mediacion-Policial-esta-ubicada-enm-la-sede-de-la-Unidad-de-Reaccion-Inmediata-URI-de-Valledupar-Cesar-1024x545.jpg","datePublished":"2025-08-12T21:13:21+00:00","dateModified":"2025-08-12T21:13:21+00:00","description":"P\u00e1gina oficial de la Fiscal\u00eda General de la Naci\u00f3n \u2013 Colombia. Garantizamos el acceso efectivo a la justicia, la verdad y la reparaci\u00f3n de las v\u00edctimas de los delitos.","breadcrumb":{"@id":"https:\/\/www.fiscalia.gov.co\/colombia\/noticias\/en-valledupar-cesar-la-fiscalia-abre-la-primera-sala-de-mediacion-policial\/#breadcrumb"},"inLanguage":"es-CO","potentialAction":[{"@type":"ReadAction","target":["https:\/\/www.fiscalia.gov.co\/colombia\/noticias\/en-valledupar-cesar-la-fiscalia-abre-la-primera-sala-de-mediacion-policial\/"]}]},{"@type":"ImageObject","inLanguage":"es-CO","@id":"https:\/\/www.fiscalia.gov.co\/colombia\/noticias\/en-valledupar-cesar-la-fiscalia-abre-la-primera-sala-de-mediacion-policial\/#primaryimage","url":"https:\/\/www.fiscalia.gov.co\/colombia\/wp-content\/uploads\/La-Sala-de-Mediacion-Policial-esta-ubicada-enm-la-sede-de-la-Unidad-de-Reaccion-Inmediata-URI-de-Valledupar-Cesar.jpg","contentUrl":"https:\/\/www.fiscalia.gov.co\/colombia\/wp-content\/uploads\/La-Sala-de-Mediacion-Policial-esta-ubicada-enm-la-sede-de-la-Unidad-de-Reaccion-Inmediata-URI-de-Valledupar-Cesar.jpg","width":1280,"height":681,"caption":"La Sala de Mediaci\u00f3n Policial est\u00e1 ubicada en la sede de la Unidad de Reacci\u00f3n Inmediata (URI) de Valledupar (Cesar).\u00a0\u00a0"},{"@type":"BreadcrumbList","@id":"https:\/\/www.fiscalia.gov.co\/colombia\/noticias\/en-valledupar-cesar-la-fiscalia-abre-la-primera-sala-de-mediacion-policial\/#breadcrumb","itemListElement":[{"@type":"ListItem","position":1,"name":"Home","item":"https:\/\/www.fiscalia.gov.co\/colombia\/"},{"@type":"ListItem","position":2,"name":"En Valledupar (Cesar), la Fiscal\u00eda abre la primera Sala de Mediaci\u00f3n Policial"}]},{"@type":"WebSite","@id":"https:\/\/www.fiscalia.gov.co\/colombia\/#website","url":"https:\/\/www.fiscalia.gov.co\/colombia\/","name":"Fiscal\u00eda General de la Naci\u00f3n","description":"P\u00e1gina oficial de la Fiscal\u00eda General de la Naci\u00f3n \u2013 Colombia. Garantizamos el acceso efectivo a la justicia, la verdad y la reparaci\u00f3n de las v\u00edctimas de los delitos.","publisher":{"@id":"https:\/\/www.fiscalia.gov.co\/colombia\/#organization"},"potentialAction":[{"@type":"SearchAction","target":{"@type":"EntryPoint","urlTemplate":"https:\/\/www.fiscalia.gov.co\/colombia\/?s={search_term_string}"},"query-input":{"@type":"PropertyValueSpecification","valueRequired":true,"valueName":"search_term_string"}}],"inLanguage":"es-CO"},{"@type":"Organization","@id":"https:\/\/www.fiscalia.gov.co\/colombia\/#organization","name":"Fiscal\u00eda General de la Naci\u00f3n","url":"https:\/\/www.fiscalia.gov.co\/colombia\/","logo":{"@type":"ImageObject","inLanguage":"es-CO","@id":"https:\/\/www.fiscalia.gov.co\/colombia\/#\/schema\/logo\/image\/","url":"https:\/\/www.fiscalia.gov.co\/colombia\/wp-content\/uploads\/LogoHorizontal_1.jpg","contentUrl":"https:\/\/www.fiscalia.gov.co\/colombia\/wp-content\/uploads\/LogoHorizontal_1.jpg","width":300,"height":90,"caption":"Fiscal\u00eda General de la Naci\u00f3n"},"image":{"@id":"https:\/\/www.fiscalia.gov.co\/colombia\/#\/schema\/logo\/image\/"},"sameAs":["https:\/\/www.facebook.com\/FiscaliaCol","https:\/\/x.com\/FiscaliaCol","https:\/\/www.instagram.com\/fiscaliacol","https:\/\/www.linkedin.com\/company\/fiscalia-general-de-la-naci-n\/","https:\/\/youtube.com\/@fiscaliageneraldelanacion-4668?si=6nN79nyQICPU5iTh"]},{"@type":"Person","@id":"https:\/\/www.fiscalia.gov.co\/colombia\/#\/schema\/person\/bf84402cf293a5393e9c70b111020b24","name":"Jordan Leandro Oviedo Anzola","image":{"@type":"ImageObject","inLanguage":"es-CO","@id":"https:\/\/www.fiscalia.gov.co\/colombia\/#\/schema\/person\/image\/","url":"https:\/\/secure.gravatar.com\/avatar\/dabba4346fa9b9207d96adafa8f92721?s=96&d=mm&r=g","contentUrl":"https:\/\/secure.gravatar.com\/avatar\/dabba4346fa9b9207d96adafa8f92721?s=96&d=mm&r=g","caption":"Jordan Leandro Oviedo Anzola"},"url":"https:\/\/www.fiscalia.gov.co\/colombia\/author\/joviedo\/"}]}},"_links":{"self":[{"href":"https:\/\/www.fiscalia.gov.co\/colombia\/wp-json\/wp\/v2\/posts\/321421","targetHints":{"allow":["GET"]}}],"collection":[{"href":"https:\/\/www.fiscalia.gov.co\/colombia\/wp-json\/wp\/v2\/posts"}],"about":[{"href":"https:\/\/www.fiscalia.gov.co\/colombia\/wp-json\/wp\/v2\/types\/post"}],"author":[{"embeddable":true,"href":"https:\/\/www.fiscalia.gov.co\/colombia\/wp-json\/wp\/v2\/users\/177"}],"replies":[{"embeddable":true,"href":"https:\/\/www.fiscalia.gov.co\/colombia\/wp-json\/wp\/v2\/comments?post=321421"}],"version-history":[{"count":2,"href":"https:\/\/www.fiscalia.gov.co\/colombia\/wp-json\/wp\/v2\/posts\/321421\/revisions"}],"predecessor-version":[{"id":321424,"href":"https:\/\/www.fiscalia.gov.co\/colombia\/wp-json\/wp\/v2\/posts\/321421\/revisions\/321424"}],"wp:attachment":[{"href":"https:\/\/www.fiscalia.gov.co\/colombia\/wp-json\/wp\/v2\/media?parent=321421"}],"wp:term":[{"taxonomy":"category","embeddable":true,"href":"https:\/\/www.fiscalia.gov.co\/colombia\/wp-json\/wp\/v2\/categories?post=321421"},{"taxonomy":"post_tag","embeddable":true,"href":"https:\/\/www.fiscalia.gov.co\/colombia\/wp-json\/wp\/v2\/tags?post=321421"}],"curies":[{"name":"wp","href":"https:\/\/api.w.org\/{rel}","templated":true}]}}